{"id":46334,"date":"2023-08-26T11:37:00","date_gmt":"2023-08-26T16:37:00","guid":{"rendered":"https:\/\/www.uartes.edu.ec\/sitio\/?p=46334"},"modified":"2024-07-04T11:20:48","modified_gmt":"2024-07-04T16:20:48","slug":"estudiantes-uartes-y-de-la-espol-en-universidad-casa-grande-por-programa-de-movilidad-estudiantil","status":"publish","type":"post","link":"https:\/\/www.uartes.edu.ec\/sitio\/fr\/blog\/2023\/08\/26\/estudiantes-uartes-y-de-la-espol-en-universidad-casa-grande-por-programa-de-movilidad-estudiantil\/","title":{"rendered":"La UArtes y ESPOL participan en el Programa de Movilidad Estudiantil de UCG; alumnos recibieron la bienvenida"},"content":{"rendered":"<p>Estudiantes de la UArtes y de la Escuela Superior Polit\u00e9cnica del Litoral (ESPOL) se encontraron este viernes 25 de agosto en la Universidad Casa Grande como parte del Programa de Movilidad Estudiantil para el inicio del nuevo semestre, que comienza el lunes 28 de agosto y extender\u00e1 hasta el s\u00e1bado 10 de diciembre. La iniciativa est\u00e1 orientada a brindarles a nuestros alumnos y a los polit\u00e9cnicos la oportunidad de sumergirse en la vida acad\u00e9mica de la UCG mientras homologan una materia de su plan de estudios.<\/p>\n\n\n\n<p>Fuimos estudiantes de varias carreras de la UArtes quienes acudimos a la UCG para ser part\u00edcipes de esta propuesta con la que se busca enriquecer el tejido educativo y promover el intercambio acad\u00e9mico y cultural entre las instituciones de educaci\u00f3n superior del pa\u00eds. Fomentando, adem\u00e1s, un ambiente de colaboraci\u00f3n y apoyo mutuo para el fortalecimiento de los lazos de amistad y compa\u00f1erismo entre las comunidades estudiantiles.<\/p>\n\n\n\n<p>A la UCG nos acompa\u00f1aron Mar\u00eda Jos\u00e9 Bustos, secretaria acad\u00e9mica de la UArtes, y Michael Paredes. Durante el traslado pudimos interactuar y en el di\u00e1logo se mencion\u00f3 que era la primera participaci\u00f3n de los alumnos de la Escuela de Artes Visuales en este Programa de Movilidad Estudiantil. Antes no tomaron parte porque, debido a su malla curricular, no hab\u00eda c\u00f3mo homologar materias.<\/p>\n\n\n<div class=\"wp-block-image\">\n<figure class=\"aligncenter size-large\"><img fetchpriority=\"high\" decoding=\"async\" width=\"644\" height=\"429\" src=\"https:\/\/www.uartes.edu.ec\/sitio\/wp-content\/uploads\/2023\/08\/UARTES-CASA-GRANDE-02-644x429.jpg\" alt=\"\" class=\"wp-image-46336\" srcset=\"https:\/\/www.uartes.edu.ec\/sitio\/wp-content\/uploads\/2023\/08\/UARTES-CASA-GRANDE-02-644x429.jpg 644w, https:\/\/www.uartes.edu.ec\/sitio\/wp-content\/uploads\/2023\/08\/UARTES-CASA-GRANDE-02-768x511.jpg 768w, https:\/\/www.uartes.edu.ec\/sitio\/wp-content\/uploads\/2023\/08\/UARTES-CASA-GRANDE-02.jpg 2000w, https:\/\/www.uartes.edu.ec\/sitio\/wp-content\/uploads\/2023\/08\/UARTES-CASA-GRANDE-02-600x399.jpg 600w, https:\/\/www.uartes.edu.ec\/sitio\/wp-content\/uploads\/2023\/08\/UARTES-CASA-GRANDE-02-272x182.jpg 272w\" sizes=\"(max-width: 644px) 100vw, 644px\" \/><\/figure>\n<\/div>\n\n\n<p>Ya en el auditorio de la instituci\u00f3n anfitriona, se nos brind\u00f3 una retrospectiva sobre los 30 a\u00f1os de trayectoria educativa de la Universidad Casa Grande, cuyo rector, el PhD. Ernesto Noboa, presidi\u00f3 el acto y en su intervenci\u00f3n manifest\u00f3 satisfacci\u00f3n por la integraci\u00f3n de los estudiantes en la comunidad casagrandina y, a prop\u00f3sito del pr\u00f3ximo proceso electoral, indic\u00f3 que la participaci\u00f3n de los j\u00f3venes representa el 54% del patr\u00f3n electoral, por ende, la importancia de acudir a las urnas por el futuro del pa\u00eds.<\/p>\n\n\n\n<p>Tambi\u00e9n se mencion\u00f3 que, en su concepci\u00f3n, el Programa de Movilidad Estudiantil reafirma el compromiso de las IES participantes con la educaci\u00f3n de calidad, as\u00ed como con la colaboraci\u00f3n interinstitucional. La filosof\u00eda distintiva de la UCG, representada en sus lemas \u00abFormamos para Incomodar\u00bb y \u00abAprender Haciendo\u00bb, ha ejercido un fuerte impacto en la nueva comunidad de estudiantes, se agreg\u00f3. Estos principios promueven la integraci\u00f3n, inclusividad y conciencia ecol\u00f3gica, fomentando un sentido de compa\u00f1erismo y aprendizaje mutuo entre los alumnos, inspir\u00e1ndolos a desafiarse a s\u00ed mismos y explorar nuevas formas de aprendizaje.<\/p>\n\n\n\n<p>Kierten Jungbluth, estudiante de la Escuela de Literatura UArtes, comparti\u00f3 sus impresiones sobre la experiencia: \u00abMe gust\u00f3 la buena disposici\u00f3n de las personas en la UCG, la paciencia con la que nos explicaron todo y c\u00f3mo nos hicieron sentir bienvenidos desde el primer momento. Fue, en general, una experiencia amena y tranquila para m\u00ed. Me anima poder estar en un ambiente distinto y conocer gente nueva, estar expuesta a cosas que no conozco tanto a nivel acad\u00e9mico como social. Esto, a fin de cuentas, va a enriquecer mi experiencia como estudiante y persona\u00bb.<\/p>\n\n\n\n<p>Texto: Eleinn Ewmanothva Rivera Sol\u00eds, estudiante de la carrera de Literatura.<br>Fotos: Secretar\u00eda Acad\u00e9mica UArtes.<\/p>","protected":false},"excerpt":{"rendered":"<p>Como parte del Programa de Movilidad Estudiantil, alumnos de varias de nuestras carreras se encontraron este viernes 25 de agosto con los de la Escuela Superior Polit\u00e9cnica del Litoral (ESPOL) en la Universidad Casa Grande, para participar en esta iniciativa orientada a enriquecer el tejido educativo y promover el intercambio acad\u00e9mico y cultural entre las instituciones de educaci\u00f3n superior del pa\u00eds.<\/p>","protected":false},"author":10,"featured_media":46335,"comment_status":"open","ping_status":"open","sticky":false,"template":"","format":"standard","meta":{"_acf_changed":false,"_uag_custom_page_level_css":"","_monsterinsights_skip_tracking":false,"_monsterinsights_sitenote_active":false,"_monsterinsights_sitenote_note":"","_monsterinsights_sitenote_category":0,"cybocfi_hide_featured_image":"","footnotes":""},"categories":[80,159,150,157,147,76,77,175],"tags":[1039],"infouartes":[],"class_list":["post-46334","post","type-post","status-publish","format-standard","has-post-thumbnail","hentry","category-academico","category-artes-escenicas","category-artes-sonoras","category-artes-visuales","category-cine","category-estudiantes","category-gestion","category-literatura","tag-movilidad-academica"],"acf":[],"yoast_head":"<!-- This site is optimized with the Yoast SEO plugin v27.4 - https:\/\/yoast.com\/product\/yoast-seo-wordpress\/ -->\n<title>Universidad de las Artes - La UArtes y ESPOL participan en el Programa de Movilidad Estudiantil de UCG; alumnos recibieron la bienvenida<\/title>\n<meta name=\"description\" content=\"Universidad de las Artes - La UArtes y ESPOL participan en el Programa de Movilidad Estudiantil de UCG; alumnos recibieron la bienvenida\" \/>\n<meta name=\"robots\" content=\"index, follow, max-snippet:-1, max-image-preview:large, max-video-preview:-1\" \/>\n<link rel=\"canonical\" href=\"https:\/\/www.uartes.edu.ec\/sitio\/fr\/blog\/2023\/08\/26\/estudiantes-uartes-y-de-la-espol-en-universidad-casa-grande-por-programa-de-movilidad-estudiantil\/\" \/>\n<meta property=\"og:locale\" content=\"fr_FR\" \/>\n<meta property=\"og:type\" content=\"article\" \/>\n<meta property=\"og:title\" content=\"Universidad de las Artes - La UArtes y ESPOL participan en el Programa de Movilidad Estudiantil de UCG; alumnos recibieron la bienvenida\" \/>\n<meta property=\"og:description\" content=\"Universidad de las Artes - La UArtes y ESPOL participan en el Programa de Movilidad Estudiantil de UCG; alumnos recibieron la bienvenida\" \/>\n<meta property=\"og:url\" content=\"https:\/\/www.uartes.edu.ec\/sitio\/fr\/blog\/2023\/08\/26\/estudiantes-uartes-y-de-la-espol-en-universidad-casa-grande-por-programa-de-movilidad-estudiantil\/\" \/>\n<meta property=\"og:site_name\" content=\"Universidad de las Artes\" \/>\n<meta property=\"article:publisher\" content=\"https:\/\/www.facebook.com\/uartesec\" \/>\n<meta property=\"article:published_time\" content=\"2023-08-26T16:37:00+00:00\" \/>\n<meta property=\"article:modified_time\" content=\"2024-07-04T16:20:48+00:00\" \/>\n<meta property=\"og:image\" content=\"https:\/\/www.uartes.edu.ec\/sitio\/wp-content\/uploads\/2023\/08\/UARTES-CASA-GRANDE-01.jpg\" \/>\n\t<meta property=\"og:image:width\" content=\"2000\" \/>\n\t<meta property=\"og:image:height\" content=\"1333\" \/>\n\t<meta property=\"og:image:type\" content=\"image\/jpeg\" \/>\n<meta name=\"author\" content=\"ccortez\" \/>\n<meta name=\"twitter:card\" content=\"summary_large_image\" \/>\n<meta name=\"twitter:creator\" content=\"@uartesec\" \/>\n<meta name=\"twitter:site\" content=\"@uartesec\" \/>\n<meta name=\"twitter:label1\" content=\"\u00c9crit par\" \/>\n\t<meta name=\"twitter:data1\" content=\"ccortez\" \/>\n\t<meta name=\"twitter:label2\" content=\"Dur\u00e9e de lecture estim\u00e9e\" \/>\n\t<meta name=\"twitter:data2\" content=\"3 minutes\" \/>\n<script type=\"application\/ld+json\" class=\"yoast-schema-graph\">{\"@context\":\"https:\\\/\\\/schema.org\",\"@graph\":[{\"@type\":\"Article\",\"@id\":\"https:\\\/\\\/www.uartes.edu.ec\\\/sitio\\\/fr\\\/blog\\\/2023\\\/08\\\/26\\\/estudiantes-uartes-y-de-la-espol-en-universidad-casa-grande-por-programa-de-movilidad-estudiantil\\\/#article\",\"isPartOf\":{\"@id\":\"https:\\\/\\\/www.uartes.edu.ec\\\/sitio\\\/fr\\\/blog\\\/2023\\\/08\\\/26\\\/estudiantes-uartes-y-de-la-espol-en-universidad-casa-grande-por-programa-de-movilidad-estudiantil\\\/\"},\"author\":{\"name\":\"ccortez\",\"@id\":\"https:\\\/\\\/www.uartes.edu.ec\\\/sitio\\\/fr\\\/#\\\/schema\\\/person\\\/efa1b8275797664fd7f13a79ccc0b1f4\"},\"headline\":\"La UArtes y ESPOL participan en el Programa de Movilidad Estudiantil de UCG; alumnos recibieron la bienvenida\",\"datePublished\":\"2023-08-26T16:37:00+00:00\",\"dateModified\":\"2024-07-04T16:20:48+00:00\",\"mainEntityOfPage\":{\"@id\":\"https:\\\/\\\/www.uartes.edu.ec\\\/sitio\\\/fr\\\/blog\\\/2023\\\/08\\\/26\\\/estudiantes-uartes-y-de-la-espol-en-universidad-casa-grande-por-programa-de-movilidad-estudiantil\\\/\"},\"wordCount\":553,\"commentCount\":0,\"publisher\":{\"@id\":\"https:\\\/\\\/www.uartes.edu.ec\\\/sitio\\\/fr\\\/#organization\"},\"image\":{\"@id\":\"https:\\\/\\\/www.uartes.edu.ec\\\/sitio\\\/fr\\\/blog\\\/2023\\\/08\\\/26\\\/estudiantes-uartes-y-de-la-espol-en-universidad-casa-grande-por-programa-de-movilidad-estudiantil\\\/#primaryimage\"},\"thumbnailUrl\":\"https:\\\/\\\/www.uartes.edu.ec\\\/sitio\\\/wp-content\\\/uploads\\\/2023\\\/08\\\/UARTES-CASA-GRANDE-01.jpg\",\"keywords\":[\"movilidad acad\u00e9mica\"],\"articleSection\":[\"Acad\u00e9mico\",\"Artes Esc\u00e9nicas\",\"Artes Sonoras\",\"Artes Visuales\",\"Cine\",\"Estudiantes\",\"Gesti\u00f3n\",\"Literatura\"],\"inLanguage\":\"fr-FR\",\"potentialAction\":[{\"@type\":\"CommentAction\",\"name\":\"Comment\",\"target\":[\"https:\\\/\\\/www.uartes.edu.ec\\\/sitio\\\/fr\\\/blog\\\/2023\\\/08\\\/26\\\/estudiantes-uartes-y-de-la-espol-en-universidad-casa-grande-por-programa-de-movilidad-estudiantil\\\/#respond\"]}]},{\"@type\":[\"WebPage\",\"ItemPage\"],\"@id\":\"https:\\\/\\\/www.uartes.edu.ec\\\/sitio\\\/fr\\\/blog\\\/2023\\\/08\\\/26\\\/estudiantes-uartes-y-de-la-espol-en-universidad-casa-grande-por-programa-de-movilidad-estudiantil\\\/\",\"url\":\"https:\\\/\\\/www.uartes.edu.ec\\\/sitio\\\/fr\\\/blog\\\/2023\\\/08\\\/26\\\/estudiantes-uartes-y-de-la-espol-en-universidad-casa-grande-por-programa-de-movilidad-estudiantil\\\/\",\"name\":\"Universidad de las Artes - La UArtes y ESPOL participan en el Programa de Movilidad Estudiantil de UCG; alumnos recibieron la bienvenida\",\"isPartOf\":{\"@id\":\"https:\\\/\\\/www.uartes.edu.ec\\\/sitio\\\/fr\\\/#website\"},\"primaryImageOfPage\":{\"@id\":\"https:\\\/\\\/www.uartes.edu.ec\\\/sitio\\\/fr\\\/blog\\\/2023\\\/08\\\/26\\\/estudiantes-uartes-y-de-la-espol-en-universidad-casa-grande-por-programa-de-movilidad-estudiantil\\\/#primaryimage\"},\"image\":{\"@id\":\"https:\\\/\\\/www.uartes.edu.ec\\\/sitio\\\/fr\\\/blog\\\/2023\\\/08\\\/26\\\/estudiantes-uartes-y-de-la-espol-en-universidad-casa-grande-por-programa-de-movilidad-estudiantil\\\/#primaryimage\"},\"thumbnailUrl\":\"https:\\\/\\\/www.uartes.edu.ec\\\/sitio\\\/wp-content\\\/uploads\\\/2023\\\/08\\\/UARTES-CASA-GRANDE-01.jpg\",\"datePublished\":\"2023-08-26T16:37:00+00:00\",\"dateModified\":\"2024-07-04T16:20:48+00:00\",\"description\":\"Universidad de las Artes - La UArtes y ESPOL participan en el Programa de Movilidad Estudiantil de UCG; alumnos recibieron la bienvenida\",\"breadcrumb\":{\"@id\":\"https:\\\/\\\/www.uartes.edu.ec\\\/sitio\\\/fr\\\/blog\\\/2023\\\/08\\\/26\\\/estudiantes-uartes-y-de-la-espol-en-universidad-casa-grande-por-programa-de-movilidad-estudiantil\\\/#breadcrumb\"},\"inLanguage\":\"fr-FR\",\"potentialAction\":[{\"@type\":\"ReadAction\",\"target\":[\"https:\\\/\\\/www.uartes.edu.ec\\\/sitio\\\/fr\\\/blog\\\/2023\\\/08\\\/26\\\/estudiantes-uartes-y-de-la-espol-en-universidad-casa-grande-por-programa-de-movilidad-estudiantil\\\/\"]}]},{\"@type\":\"ImageObject\",\"inLanguage\":\"fr-FR\",\"@id\":\"https:\\\/\\\/www.uartes.edu.ec\\\/sitio\\\/fr\\\/blog\\\/2023\\\/08\\\/26\\\/estudiantes-uartes-y-de-la-espol-en-universidad-casa-grande-por-programa-de-movilidad-estudiantil\\\/#primaryimage\",\"url\":\"https:\\\/\\\/www.uartes.edu.ec\\\/sitio\\\/wp-content\\\/uploads\\\/2023\\\/08\\\/UARTES-CASA-GRANDE-01.jpg\",\"contentUrl\":\"https:\\\/\\\/www.uartes.edu.ec\\\/sitio\\\/wp-content\\\/uploads\\\/2023\\\/08\\\/UARTES-CASA-GRANDE-01.jpg\",\"width\":2000,\"height\":1333},{\"@type\":\"BreadcrumbList\",\"@id\":\"https:\\\/\\\/www.uartes.edu.ec\\\/sitio\\\/fr\\\/blog\\\/2023\\\/08\\\/26\\\/estudiantes-uartes-y-de-la-espol-en-universidad-casa-grande-por-programa-de-movilidad-estudiantil\\\/#breadcrumb\",\"itemListElement\":[{\"@type\":\"ListItem\",\"position\":1,\"name\":\"Inicio\",\"item\":\"https:\\\/\\\/www.uartes.edu.ec\\\/sitio\\\/\"},{\"@type\":\"ListItem\",\"position\":2,\"name\":\"La UArtes y ESPOL participan en el Programa de Movilidad Estudiantil de UCG; alumnos recibieron la bienvenida\"}]},{\"@type\":\"WebSite\",\"@id\":\"https:\\\/\\\/www.uartes.edu.ec\\\/sitio\\\/fr\\\/#website\",\"url\":\"https:\\\/\\\/www.uartes.edu.ec\\\/sitio\\\/fr\\\/\",\"name\":\"Universidad de las Artes\",\"description\":\"Sitio oficial de la Universidad Nacional de las Artes del Ecuador\",\"publisher\":{\"@id\":\"https:\\\/\\\/www.uartes.edu.ec\\\/sitio\\\/fr\\\/#organization\"},\"potentialAction\":[{\"@type\":\"SearchAction\",\"target\":{\"@type\":\"EntryPoint\",\"urlTemplate\":\"https:\\\/\\\/www.uartes.edu.ec\\\/sitio\\\/fr\\\/?s={search_term_string}\"},\"query-input\":{\"@type\":\"PropertyValueSpecification\",\"valueRequired\":true,\"valueName\":\"search_term_string\"}}],\"inLanguage\":\"fr-FR\"},{\"@type\":\"Organization\",\"@id\":\"https:\\\/\\\/www.uartes.edu.ec\\\/sitio\\\/fr\\\/#organization\",\"name\":\"Universidad de las Artes\",\"url\":\"https:\\\/\\\/www.uartes.edu.ec\\\/sitio\\\/fr\\\/\",\"logo\":{\"@type\":\"ImageObject\",\"inLanguage\":\"fr-FR\",\"@id\":\"https:\\\/\\\/www.uartes.edu.ec\\\/sitio\\\/fr\\\/#\\\/schema\\\/logo\\\/image\\\/\",\"url\":\"https:\\\/\\\/www.uartes.edu.ec\\\/sitio\\\/wp-content\\\/uploads\\\/2022\\\/07\\\/logo-ua-horizontal.png\",\"contentUrl\":\"https:\\\/\\\/www.uartes.edu.ec\\\/sitio\\\/wp-content\\\/uploads\\\/2022\\\/07\\\/logo-ua-horizontal.png\",\"width\":800,\"height\":276,\"caption\":\"Universidad de las Artes\"},\"image\":{\"@id\":\"https:\\\/\\\/www.uartes.edu.ec\\\/sitio\\\/fr\\\/#\\\/schema\\\/logo\\\/image\\\/\"},\"sameAs\":[\"https:\\\/\\\/www.facebook.com\\\/uartesec\",\"https:\\\/\\\/x.com\\\/uartesec\",\"https:\\\/\\\/www.tiktok.com\\\/@uartesec\"]},{\"@type\":\"Person\",\"@id\":\"https:\\\/\\\/www.uartes.edu.ec\\\/sitio\\\/fr\\\/#\\\/schema\\\/person\\\/efa1b8275797664fd7f13a79ccc0b1f4\",\"name\":\"ccortez\",\"image\":{\"@type\":\"ImageObject\",\"inLanguage\":\"fr-FR\",\"@id\":\"https:\\\/\\\/secure.gravatar.com\\\/avatar\\\/b2a6f664a3ae8e074346ef91775736c5ec479e637ecced6842de9dc98b5da9cd?s=96&d=mm&r=g\",\"url\":\"https:\\\/\\\/secure.gravatar.com\\\/avatar\\\/b2a6f664a3ae8e074346ef91775736c5ec479e637ecced6842de9dc98b5da9cd?s=96&d=mm&r=g\",\"contentUrl\":\"https:\\\/\\\/secure.gravatar.com\\\/avatar\\\/b2a6f664a3ae8e074346ef91775736c5ec479e637ecced6842de9dc98b5da9cd?s=96&d=mm&r=g\",\"caption\":\"ccortez\"},\"url\":\"https:\\\/\\\/www.uartes.edu.ec\\\/sitio\\\/fr\\\/blog\\\/author\\\/ccortez\\\/\"}]}<\/script>\n<!-- \/ Yoast SEO plugin. -->","yoast_head_json":{"title":"Universidad de las Artes - La UArtes y ESPOL participan en el Programa de Movilidad Estudiantil de UCG; alumnos recibieron la bienvenida","description":"Universidad de las Artes - La UArtes y ESPOL participan en el Programa de Movilidad Estudiantil de UCG; alumnos recibieron la bienvenida","robots":{"index":"index","follow":"follow","max-snippet":"max-snippet:-1","max-image-preview":"max-image-preview:large","max-video-preview":"max-video-preview:-1"},"canonical":"https:\/\/www.uartes.edu.ec\/sitio\/fr\/blog\/2023\/08\/26\/estudiantes-uartes-y-de-la-espol-en-universidad-casa-grande-por-programa-de-movilidad-estudiantil\/","og_locale":"fr_FR","og_type":"article","og_title":"Universidad de las Artes - La UArtes y ESPOL participan en el Programa de Movilidad Estudiantil de UCG; alumnos recibieron la bienvenida","og_description":"Universidad de las Artes - La UArtes y ESPOL participan en el Programa de Movilidad Estudiantil de UCG; alumnos recibieron la bienvenida","og_url":"https:\/\/www.uartes.edu.ec\/sitio\/fr\/blog\/2023\/08\/26\/estudiantes-uartes-y-de-la-espol-en-universidad-casa-grande-por-programa-de-movilidad-estudiantil\/","og_site_name":"Universidad de las Artes","article_publisher":"https:\/\/www.facebook.com\/uartesec","article_published_time":"2023-08-26T16:37:00+00:00","article_modified_time":"2024-07-04T16:20:48+00:00","og_image":[{"width":2000,"height":1333,"url":"https:\/\/www.uartes.edu.ec\/sitio\/wp-content\/uploads\/2023\/08\/UARTES-CASA-GRANDE-01.jpg","type":"image\/jpeg"}],"author":"ccortez","twitter_card":"summary_large_image","twitter_creator":"@uartesec","twitter_site":"@uartesec","twitter_misc":{"\u00c9crit par":"ccortez","Dur\u00e9e de lecture estim\u00e9e":"3 minutes"},"schema":{"@context":"https:\/\/schema.org","@graph":[{"@type":"Article","@id":"https:\/\/www.uartes.edu.ec\/sitio\/fr\/blog\/2023\/08\/26\/estudiantes-uartes-y-de-la-espol-en-universidad-casa-grande-por-programa-de-movilidad-estudiantil\/#article","isPartOf":{"@id":"https:\/\/www.uartes.edu.ec\/sitio\/fr\/blog\/2023\/08\/26\/estudiantes-uartes-y-de-la-espol-en-universidad-casa-grande-por-programa-de-movilidad-estudiantil\/"},"author":{"name":"ccortez","@id":"https:\/\/www.uartes.edu.ec\/sitio\/fr\/#\/schema\/person\/efa1b8275797664fd7f13a79ccc0b1f4"},"headline":"La UArtes y ESPOL participan en el Programa de Movilidad Estudiantil de UCG; alumnos recibieron la bienvenida","datePublished":"2023-08-26T16:37:00+00:00","dateModified":"2024-07-04T16:20:48+00:00","mainEntityOfPage":{"@id":"https:\/\/www.uartes.edu.ec\/sitio\/fr\/blog\/2023\/08\/26\/estudiantes-uartes-y-de-la-espol-en-universidad-casa-grande-por-programa-de-movilidad-estudiantil\/"},"wordCount":553,"commentCount":0,"publisher":{"@id":"https:\/\/www.uartes.edu.ec\/sitio\/fr\/#organization"},"image":{"@id":"https:\/\/www.uartes.edu.ec\/sitio\/fr\/blog\/2023\/08\/26\/estudiantes-uartes-y-de-la-espol-en-universidad-casa-grande-por-programa-de-movilidad-estudiantil\/#primaryimage"},"thumbnailUrl":"https:\/\/www.uartes.edu.ec\/sitio\/wp-content\/uploads\/2023\/08\/UARTES-CASA-GRANDE-01.jpg","keywords":["movilidad acad\u00e9mica"],"articleSection":["Acad\u00e9mico","Artes Esc\u00e9nicas","Artes Sonoras","Artes Visuales","Cine","Estudiantes","Gesti\u00f3n","Literatura"],"inLanguage":"fr-FR","potentialAction":[{"@type":"CommentAction","name":"Comment","target":["https:\/\/www.uartes.edu.ec\/sitio\/fr\/blog\/2023\/08\/26\/estudiantes-uartes-y-de-la-espol-en-universidad-casa-grande-por-programa-de-movilidad-estudiantil\/#respond"]}]},{"@type":["WebPage","ItemPage"],"@id":"https:\/\/www.uartes.edu.ec\/sitio\/fr\/blog\/2023\/08\/26\/estudiantes-uartes-y-de-la-espol-en-universidad-casa-grande-por-programa-de-movilidad-estudiantil\/","url":"https:\/\/www.uartes.edu.ec\/sitio\/fr\/blog\/2023\/08\/26\/estudiantes-uartes-y-de-la-espol-en-universidad-casa-grande-por-programa-de-movilidad-estudiantil\/","name":"Universidad de las Artes - La UArtes y ESPOL participan en el Programa de Movilidad Estudiantil de UCG; alumnos recibieron la bienvenida","isPartOf":{"@id":"https:\/\/www.uartes.edu.ec\/sitio\/fr\/#website"},"primaryImageOfPage":{"@id":"https:\/\/www.uartes.edu.ec\/sitio\/fr\/blog\/2023\/08\/26\/estudiantes-uartes-y-de-la-espol-en-universidad-casa-grande-por-programa-de-movilidad-estudiantil\/#primaryimage"},"image":{"@id":"https:\/\/www.uartes.edu.ec\/sitio\/fr\/blog\/2023\/08\/26\/estudiantes-uartes-y-de-la-espol-en-universidad-casa-grande-por-programa-de-movilidad-estudiantil\/#primaryimage"},"thumbnailUrl":"https:\/\/www.uartes.edu.ec\/sitio\/wp-content\/uploads\/2023\/08\/UARTES-CASA-GRANDE-01.jpg","datePublished":"2023-08-26T16:37:00+00:00","dateModified":"2024-07-04T16:20:48+00:00","description":"Universidad de las Artes - La UArtes y ESPOL participan en el Programa de Movilidad Estudiantil de UCG; alumnos recibieron la bienvenida","breadcrumb":{"@id":"https:\/\/www.uartes.edu.ec\/sitio\/fr\/blog\/2023\/08\/26\/estudiantes-uartes-y-de-la-espol-en-universidad-casa-grande-por-programa-de-movilidad-estudiantil\/#breadcrumb"},"inLanguage":"fr-FR","potentialAction":[{"@type":"ReadAction","target":["https:\/\/www.uartes.edu.ec\/sitio\/fr\/blog\/2023\/08\/26\/estudiantes-uartes-y-de-la-espol-en-universidad-casa-grande-por-programa-de-movilidad-estudiantil\/"]}]},{"@type":"ImageObject","inLanguage":"fr-FR","@id":"https:\/\/www.uartes.edu.ec\/sitio\/fr\/blog\/2023\/08\/26\/estudiantes-uartes-y-de-la-espol-en-universidad-casa-grande-por-programa-de-movilidad-estudiantil\/#primaryimage","url":"https:\/\/www.uartes.edu.ec\/sitio\/wp-content\/uploads\/2023\/08\/UARTES-CASA-GRANDE-01.jpg","contentUrl":"https:\/\/www.uartes.edu.ec\/sitio\/wp-content\/uploads\/2023\/08\/UARTES-CASA-GRANDE-01.jpg","width":2000,"height":1333},{"@type":"BreadcrumbList","@id":"https:\/\/www.uartes.edu.ec\/sitio\/fr\/blog\/2023\/08\/26\/estudiantes-uartes-y-de-la-espol-en-universidad-casa-grande-por-programa-de-movilidad-estudiantil\/#breadcrumb","itemListElement":[{"@type":"ListItem","position":1,"name":"Inicio","item":"https:\/\/www.uartes.edu.ec\/sitio\/"},{"@type":"ListItem","position":2,"name":"La UArtes y ESPOL participan en el Programa de Movilidad Estudiantil de UCG; alumnos recibieron la bienvenida"}]},{"@type":"WebSite","@id":"https:\/\/www.uartes.edu.ec\/sitio\/fr\/#website","url":"https:\/\/www.uartes.edu.ec\/sitio\/fr\/","name":"Universidad de las Artes","description":"Sitio oficial de la Universidad Nacional de las Artes del Ecuador","publisher":{"@id":"https:\/\/www.uartes.edu.ec\/sitio\/fr\/#organization"},"potentialAction":[{"@type":"SearchAction","target":{"@type":"EntryPoint","urlTemplate":"https:\/\/www.uartes.edu.ec\/sitio\/fr\/?s={search_term_string}"},"query-input":{"@type":"PropertyValueSpecification","valueRequired":true,"valueName":"search_term_string"}}],"inLanguage":"fr-FR"},{"@type":"Organization","@id":"https:\/\/www.uartes.edu.ec\/sitio\/fr\/#organization","name":"Universidad de las Artes","url":"https:\/\/www.uartes.edu.ec\/sitio\/fr\/","logo":{"@type":"ImageObject","inLanguage":"fr-FR","@id":"https:\/\/www.uartes.edu.ec\/sitio\/fr\/#\/schema\/logo\/image\/","url":"https:\/\/www.uartes.edu.ec\/sitio\/wp-content\/uploads\/2022\/07\/logo-ua-horizontal.png","contentUrl":"https:\/\/www.uartes.edu.ec\/sitio\/wp-content\/uploads\/2022\/07\/logo-ua-horizontal.png","width":800,"height":276,"caption":"Universidad de las Artes"},"image":{"@id":"https:\/\/www.uartes.edu.ec\/sitio\/fr\/#\/schema\/logo\/image\/"},"sameAs":["https:\/\/www.facebook.com\/uartesec","https:\/\/x.com\/uartesec","https:\/\/www.tiktok.com\/@uartesec"]},{"@type":"Person","@id":"https:\/\/www.uartes.edu.ec\/sitio\/fr\/#\/schema\/person\/efa1b8275797664fd7f13a79ccc0b1f4","name":"ccortez","image":{"@type":"ImageObject","inLanguage":"fr-FR","@id":"https:\/\/secure.gravatar.com\/avatar\/b2a6f664a3ae8e074346ef91775736c5ec479e637ecced6842de9dc98b5da9cd?s=96&d=mm&r=g","url":"https:\/\/secure.gravatar.com\/avatar\/b2a6f664a3ae8e074346ef91775736c5ec479e637ecced6842de9dc98b5da9cd?s=96&d=mm&r=g","contentUrl":"https:\/\/secure.gravatar.com\/avatar\/b2a6f664a3ae8e074346ef91775736c5ec479e637ecced6842de9dc98b5da9cd?s=96&d=mm&r=g","caption":"ccortez"},"url":"https:\/\/www.uartes.edu.ec\/sitio\/fr\/blog\/author\/ccortez\/"}]}},"uagb_featured_image_src":{"full":["https:\/\/www.uartes.edu.ec\/sitio\/wp-content\/uploads\/2023\/08\/UARTES-CASA-GRANDE-01.jpg",2000,1333,false],"thumbnail":["https:\/\/www.uartes.edu.ec\/sitio\/wp-content\/uploads\/2023\/08\/UARTES-CASA-GRANDE-01-150x150.jpg",150,150,true],"medium":["https:\/\/www.uartes.edu.ec\/sitio\/wp-content\/uploads\/2023\/08\/UARTES-CASA-GRANDE-01-300x200.jpg",300,200,true],"medium_large":["https:\/\/www.uartes.edu.ec\/sitio\/wp-content\/uploads\/2023\/08\/UARTES-CASA-GRANDE-01-768x512.jpg",768,512,true],"large":["https:\/\/www.uartes.edu.ec\/sitio\/wp-content\/uploads\/2023\/08\/UARTES-CASA-GRANDE-01-644x429.jpg",644,429,true],"1536x1536":["https:\/\/www.uartes.edu.ec\/sitio\/wp-content\/uploads\/2023\/08\/UARTES-CASA-GRANDE-01-1536x1024.jpg",1536,1024,true],"2048x2048":["https:\/\/www.uartes.edu.ec\/sitio\/wp-content\/uploads\/2023\/08\/UARTES-CASA-GRANDE-01.jpg",2000,1333,false],"trp-custom-language-flag":["https:\/\/www.uartes.edu.ec\/sitio\/wp-content\/uploads\/2023\/08\/UARTES-CASA-GRANDE-01.jpg",18,12,false],"htmega_size_585x295":["https:\/\/www.uartes.edu.ec\/sitio\/wp-content\/uploads\/2023\/08\/UARTES-CASA-GRANDE-01-585x295.jpg",585,295,true],"htmega_size_1170x536":["https:\/\/www.uartes.edu.ec\/sitio\/wp-content\/uploads\/2023\/08\/UARTES-CASA-GRANDE-01-1170x536.jpg",1170,536,true],"htmega_size_396x360":["https:\/\/www.uartes.edu.ec\/sitio\/wp-content\/uploads\/2023\/08\/UARTES-CASA-GRANDE-01-396x360.jpg",396,360,true],"gb-block-post-grid-landscape":["https:\/\/www.uartes.edu.ec\/sitio\/wp-content\/uploads\/2023\/08\/UARTES-CASA-GRANDE-01-600x400.jpg",600,400,true],"gb-block-post-grid-square":["https:\/\/www.uartes.edu.ec\/sitio\/wp-content\/uploads\/2023\/08\/UARTES-CASA-GRANDE-01-600x600.jpg",600,600,true],"university-hub-thumb":["https:\/\/www.uartes.edu.ec\/sitio\/wp-content\/uploads\/2023\/08\/UARTES-CASA-GRANDE-01-400x267.jpg",400,267,true]},"uagb_author_info":{"display_name":"ccortez","author_link":"https:\/\/www.uartes.edu.ec\/sitio\/fr\/blog\/author\/ccortez\/"},"uagb_comment_info":0,"uagb_excerpt":"Como parte del Programa de Movilidad Estudiantil, alumnos de varias de nuestras carreras se encontraron este viernes 25 de agosto con los de la Escuela Superior Polit\u00e9cnica del Litoral (ESPOL) en la Universidad Casa Grande, para participar en esta iniciativa orientada a enriquecer el tejido educativo y promover el intercambio acad\u00e9mico y cultural entre las\u2026","featured_image_src":"https:\/\/www.uartes.edu.ec\/sitio\/wp-content\/uploads\/2023\/08\/UARTES-CASA-GRANDE-01-600x400.jpg","featured_image_src_square":"https:\/\/www.uartes.edu.ec\/sitio\/wp-content\/uploads\/2023\/08\/UARTES-CASA-GRANDE-01-600x600.jpg","author_info":{"display_name":"ccortez","author_link":"https:\/\/www.uartes.edu.ec\/sitio\/fr\/blog\/author\/ccortez\/"},"publishpress_future_workflow_manual_trigger":{"enabledWorkflows":[]},"distributor_meta":false,"distributor_terms":false,"distributor_media":false,"distributor_original_site_name":"Universidad de las Artes","distributor_original_site_url":"https:\/\/www.uartes.edu.ec\/sitio\/fr","push-errors":false,"_links":{"self":[{"href":"https:\/\/www.uartes.edu.ec\/sitio\/fr\/wp-json\/wp\/v2\/posts\/46334","targetHints":{"allow":["GET"]}}],"collection":[{"href":"https:\/\/www.uartes.edu.ec\/sitio\/fr\/wp-json\/wp\/v2\/posts"}],"about":[{"href":"https:\/\/www.uartes.edu.ec\/sitio\/fr\/wp-json\/wp\/v2\/types\/post"}],"author":[{"embeddable":true,"href":"https:\/\/www.uartes.edu.ec\/sitio\/fr\/wp-json\/wp\/v2\/users\/10"}],"replies":[{"embeddable":true,"href":"https:\/\/www.uartes.edu.ec\/sitio\/fr\/wp-json\/wp\/v2\/comments?post=46334"}],"version-history":[{"count":12,"href":"https:\/\/www.uartes.edu.ec\/sitio\/fr\/wp-json\/wp\/v2\/posts\/46334\/revisions"}],"predecessor-version":[{"id":56984,"href":"https:\/\/www.uartes.edu.ec\/sitio\/fr\/wp-json\/wp\/v2\/posts\/46334\/revisions\/56984"}],"wp:featuredmedia":[{"embeddable":true,"href":"https:\/\/www.uartes.edu.ec\/sitio\/fr\/wp-json\/wp\/v2\/media\/46335"}],"wp:attachment":[{"href":"https:\/\/www.uartes.edu.ec\/sitio\/fr\/wp-json\/wp\/v2\/media?parent=46334"}],"wp:term":[{"taxonomy":"category","embeddable":true,"href":"https:\/\/www.uartes.edu.ec\/sitio\/fr\/wp-json\/wp\/v2\/categories?post=46334"},{"taxonomy":"post_tag","embeddable":true,"href":"https:\/\/www.uartes.edu.ec\/sitio\/fr\/wp-json\/wp\/v2\/tags?post=46334"},{"taxonomy":"infouartes","embeddable":true,"href":"https:\/\/www.uartes.edu.ec\/sitio\/fr\/wp-json\/wp\/v2\/infouartes?post=46334"}],"curies":[{"name":"wp","href":"https:\/\/api.w.org\/{rel}","templated":true}]}}