{"id":46621,"date":"2023-09-07T14:17:00","date_gmt":"2023-09-07T19:17:00","guid":{"rendered":"https:\/\/www.uartes.edu.ec\/sitio\/?p=46621"},"modified":"2024-07-04T11:20:45","modified_gmt":"2024-07-04T16:20:45","slug":"artista-y-creador-mexicano-arcangel-constantini-en-recintolab-de-la-uartes-con-el-taller-amingifscope","status":"publish","type":"post","link":"https:\/\/www.uartes.edu.ec\/sitio\/fr\/blog\/2023\/09\/07\/artista-y-creador-mexicano-arcangel-constantini-en-recintolab-de-la-uartes-con-el-taller-amingifscope\/","title":{"rendered":"Artista y creador mexicano Arcangelo Constantini, en el RECINTOLab de la UArtes con el taller AminGifScope"},"content":{"rendered":"<p>Arcangelo Constantini es un inventor art\u00edstico y hacker tecnol\u00f3gico mexicano que, en una constante especulaci\u00f3n existencial, desarrolla hip\u00f3tesis experimentales sobre la realidad, utilizando una variedad de medios y procesos multifac\u00e9ticos y transdisciplinares.\u00a0<\/p>\n\n\n\n<p>Constantini llega a la Universidad de las Artes para dictar el taller AminGifScope de formaci\u00f3n para docentes, t\u00e9cnicos y creadores de nuestra comunidad, cuya l\u00ednea de trabajo es la relaci\u00f3n entre las artes y las tecnolog\u00edas. Se realizar\u00e1 los d\u00edas 11, 12 y 13 de septiembre, de 09:00 a 13:00 en RECINTOLab, ubicado en el cuarto piso del MZ14 Centro de Producci\u00f3n e Innovaci\u00f3n de la Universidad de las Artes.<\/p>\n\n\n\n<p>El tallerista mexicano es un ferviente lector de ciencia ficci\u00f3n y \u00e1vido so\u00f1ador, empez\u00f3 a correlacionar la estructura de la realidad con los medios digitales. Desde finales de los 80 ha estado explorando procesos tecnol\u00f3gicos digitales. Empez\u00f3 a desarrollar producci\u00f3n art\u00edstica en internet, fundando&nbsp;<a href=\"https:\/\/unosunosyunosceros.com\/\" target=\"_blank\" rel=\"noreferrer noopener\">https:\/\/unosunosyunosceros.com\/<\/a>, un repositorio sem\u00e1ntico con el cual empez\u00f3 a construir hip\u00f3tesis po\u00e9ticas est\u00e9ticas sobre la percepci\u00f3n del entorno on\u00edrico-concreto-digital.<\/p>\n\n\n<div class=\"wp-block-image\">\n<figure class=\"aligncenter size-large\"><img fetchpriority=\"high\" decoding=\"async\" width=\"644\" height=\"429\" src=\"https:\/\/www.uartes.edu.ec\/sitio\/wp-content\/uploads\/2023\/09\/01-ARCANGELO-CONSTANTINI-644x429.jpg\" alt=\"\" class=\"wp-image-46623\" srcset=\"https:\/\/www.uartes.edu.ec\/sitio\/wp-content\/uploads\/2023\/09\/01-ARCANGELO-CONSTANTINI-644x429.jpg 644w, https:\/\/www.uartes.edu.ec\/sitio\/wp-content\/uploads\/2023\/09\/01-ARCANGELO-CONSTANTINI-768x511.jpg 768w, https:\/\/www.uartes.edu.ec\/sitio\/wp-content\/uploads\/2023\/09\/01-ARCANGELO-CONSTANTINI.jpg 2000w, https:\/\/www.uartes.edu.ec\/sitio\/wp-content\/uploads\/2023\/09\/01-ARCANGELO-CONSTANTINI-600x399.jpg 600w, https:\/\/www.uartes.edu.ec\/sitio\/wp-content\/uploads\/2023\/09\/01-ARCANGELO-CONSTANTINI-272x182.jpg 272w\" sizes=\"(max-width: 644px) 100vw, 644px\" \/><\/figure>\n<\/div>\n\n\n<p>Es as\u00ed como funda bakteria.org, una investigaci\u00f3n neuroest\u00e9tica sobre dibujo y escritura autom\u00e1tica generativa, aludiendo al hologenoma y la microbiota del ecosistema humano. A su pr\u00e1ctica art\u00edstica y curatorial de los \u00faltimos 30 a\u00f1os podr\u00eda describirse dentro de la ontolog\u00eda orientada a los objetos, cuestionando los paradigmas de las metodolog\u00edas cient\u00edficas y m\u00edsticas.<\/p>\n\n\n\n<p>Le interesa la resignificaci\u00f3n de los objetos funcionales abandonados y obsoletos; hacke\u00e1ndolos pueden entablar di\u00e1logos filos\u00f3ficos, como la construcci\u00f3n de artefactos experimentales para analizar procesos gravitatorios y electromagn\u00e9ticos. El sonido es fundamental para sus activaciones, por su carga simb\u00f3lica y procesos generadores de sentido.<\/p>\n\n\n\n<p>Su observaci\u00f3n panpsiquista de la conciencia lo llev\u00f3 a explorar las anomal\u00edas del agua, una simple nano mol\u00e9cula que no logramos descifrar, pero que sus intenciones son fundamentales para la existencia biol\u00f3gica c\u00f3smica, anomal\u00edas que trascienden y unifican la existencia y nuestra percepci\u00f3n de esta.<\/p>\n\n\n<div class=\"wp-block-image\">\n<figure class=\"aligncenter size-large\"><img decoding=\"async\" width=\"644\" height=\"429\" src=\"https:\/\/www.uartes.edu.ec\/sitio\/wp-content\/uploads\/2023\/09\/02-ARCANGELO-CONSTANTINI-644x429.jpg\" alt=\"\" class=\"wp-image-46624\" srcset=\"https:\/\/www.uartes.edu.ec\/sitio\/wp-content\/uploads\/2023\/09\/02-ARCANGELO-CONSTANTINI-644x429.jpg 644w, https:\/\/www.uartes.edu.ec\/sitio\/wp-content\/uploads\/2023\/09\/02-ARCANGELO-CONSTANTINI-768x511.jpg 768w, https:\/\/www.uartes.edu.ec\/sitio\/wp-content\/uploads\/2023\/09\/02-ARCANGELO-CONSTANTINI.jpg 2000w, https:\/\/www.uartes.edu.ec\/sitio\/wp-content\/uploads\/2023\/09\/02-ARCANGELO-CONSTANTINI-600x399.jpg 600w, https:\/\/www.uartes.edu.ec\/sitio\/wp-content\/uploads\/2023\/09\/02-ARCANGELO-CONSTANTINI-272x182.jpg 272w\" sizes=\"(max-width: 644px) 100vw, 644px\" \/><\/figure>\n<\/div>\n\n\n<p>Le interesan las metodolog\u00edas dial\u00e9cticas y experimentales para el entendimiento y comprensi\u00f3n de la realidad.&nbsp;Su exploraci\u00f3n lo ha llevado a construir artefactos interactivos de computaci\u00f3n f\u00edsica y procesos electromagn\u00e9ticos para explorar metodolog\u00edas cient\u00edficas y m\u00edsticas; en su investigaci\u00f3n y experimentaci\u00f3n sobre las anomal\u00edas del agua, es constructor de artefactos sonoros para activaciones p\u00fablicas.<\/p>\n\n\n\n<p>Su obra ha sido expuesta en Laboratorio Arte Alameda, Museo de Arte Carrillo Gill, Museo de Arte Moderno, Ex Teresa Arte Actual, Museo Tamayo Arte Contempor\u00e1neo, Museo Universitario del Chopo, MUAC (Museo Universitario Arte Contempor\u00e1neo), entre otros.<\/p>\n\n\n\n<p>Fue curador de nuevos medios del Museo Tamayo Arte Contempor\u00e1neo y del Espacio Independiente 1\/4, as\u00ed como de la Bienal Transitio MX edici\u00f3n 2005 y 2009. Fue curador del evento inaugural de la Fonoteca Nacional y director de UN-CUARTO, espacio independiente para arte emergente transdisciplinar.<\/p>\n\n\n\n<p>Actualmente, Constantino dirige el festival FACTO y co-dirige con Marcela Armas el Ciclo Meditatio Sonus. Tambi\u00e9n obtuvo la prestigiosa Beca Rockefeller\/MacArthur.<\/p>\n\n\n\n<p>Texto y fotos: Departamento Transversal de Teor\u00edas Cr\u00edticas y Pr\u00e1cticas Experimentales en Artes.<\/p>","protected":false},"excerpt":{"rendered":"<p>En una constante especulaci\u00f3n existencial, el inventor art\u00edstico y hacker tecnol\u00f3gico mexicano Arcangelo Constantini desarrolla hip\u00f3tesis experimentales sobre la realidad, utilizando una variedad de medios y procesos multifac\u00e9ticos y transdisciplinares. Llega a RECINTOLab de la UArtes (en el MZ14) con el taller AminGifScope de formaci\u00f3n para docentes, t\u00e9cnicos y creadores de nuestra comunidad.<\/p>","protected":false},"author":10,"featured_media":46622,"comment_status":"open","ping_status":"open","sticky":false,"template":"","format":"standard","meta":{"_acf_changed":false,"_uag_custom_page_level_css":"","_monsterinsights_skip_tracking":false,"_monsterinsights_sitenote_active":false,"_monsterinsights_sitenote_note":"","_monsterinsights_sitenote_category":0,"cybocfi_hide_featured_image":"","footnotes":""},"categories":[80,75,174],"tags":[1044],"infouartes":[],"class_list":["post-46621","post","type-post","status-publish","format-standard","has-post-thumbnail","hentry","category-academico","category-docentes","category-transversal","tag-taller-de-formacion"],"acf":[],"yoast_head":"<!-- This site is optimized with the Yoast SEO plugin v27.4 - https:\/\/yoast.com\/product\/yoast-seo-wordpress\/ -->\n<title>Universidad de las Artes - Artista y creador mexicano Arcangelo Constantini, en el RECINTOLab de la UArtes con el taller AminGifScope<\/title>\n<meta name=\"description\" content=\"Universidad de las Artes - Artista y creador mexicano Arcangelo Constantini, en el RECINTOLab de la UArtes con el taller AminGifScope\" \/>\n<meta name=\"robots\" content=\"index, follow, max-snippet:-1, max-image-preview:large, max-video-preview:-1\" \/>\n<link rel=\"canonical\" href=\"https:\/\/www.uartes.edu.ec\/sitio\/fr\/blog\/2023\/09\/07\/artista-y-creador-mexicano-arcangel-constantini-en-recintolab-de-la-uartes-con-el-taller-amingifscope\/\" \/>\n<meta property=\"og:locale\" content=\"fr_FR\" \/>\n<meta property=\"og:type\" content=\"article\" \/>\n<meta property=\"og:title\" content=\"Universidad de las Artes - Artista y creador mexicano Arcangelo Constantini, en el RECINTOLab de la UArtes con el taller AminGifScope\" \/>\n<meta property=\"og:description\" content=\"Universidad de las Artes - Artista y creador mexicano Arcangelo Constantini, en el RECINTOLab de la UArtes con el taller AminGifScope\" \/>\n<meta property=\"og:url\" content=\"https:\/\/www.uartes.edu.ec\/sitio\/fr\/blog\/2023\/09\/07\/artista-y-creador-mexicano-arcangel-constantini-en-recintolab-de-la-uartes-con-el-taller-amingifscope\/\" \/>\n<meta property=\"og:site_name\" content=\"Universidad de las Artes\" \/>\n<meta property=\"article:publisher\" content=\"https:\/\/www.facebook.com\/uartesec\" \/>\n<meta property=\"article:published_time\" content=\"2023-09-07T19:17:00+00:00\" \/>\n<meta property=\"article:modified_time\" content=\"2024-07-04T16:20:45+00:00\" \/>\n<meta property=\"og:image\" content=\"https:\/\/www.uartes.edu.ec\/sitio\/wp-content\/uploads\/2023\/09\/03-ARCANGELO-CONSTANTINI.jpg\" \/>\n\t<meta property=\"og:image:width\" content=\"2000\" \/>\n\t<meta property=\"og:image:height\" content=\"1333\" \/>\n\t<meta property=\"og:image:type\" content=\"image\/jpeg\" \/>\n<meta name=\"author\" content=\"ccortez\" \/>\n<meta name=\"twitter:card\" content=\"summary_large_image\" \/>\n<meta name=\"twitter:creator\" content=\"@uartesec\" \/>\n<meta name=\"twitter:site\" content=\"@uartesec\" \/>\n<meta name=\"twitter:label1\" content=\"\u00c9crit par\" \/>\n\t<meta name=\"twitter:data1\" content=\"ccortez\" \/>\n\t<meta name=\"twitter:label2\" content=\"Dur\u00e9e de lecture estim\u00e9e\" \/>\n\t<meta name=\"twitter:data2\" content=\"3 minutes\" \/>\n<script type=\"application\/ld+json\" class=\"yoast-schema-graph\">{\"@context\":\"https:\\\/\\\/schema.org\",\"@graph\":[{\"@type\":\"Article\",\"@id\":\"https:\\\/\\\/www.uartes.edu.ec\\\/sitio\\\/fr\\\/blog\\\/2023\\\/09\\\/07\\\/artista-y-creador-mexicano-arcangel-constantini-en-recintolab-de-la-uartes-con-el-taller-amingifscope\\\/#article\",\"isPartOf\":{\"@id\":\"https:\\\/\\\/www.uartes.edu.ec\\\/sitio\\\/fr\\\/blog\\\/2023\\\/09\\\/07\\\/artista-y-creador-mexicano-arcangel-constantini-en-recintolab-de-la-uartes-con-el-taller-amingifscope\\\/\"},\"author\":{\"name\":\"ccortez\",\"@id\":\"https:\\\/\\\/www.uartes.edu.ec\\\/sitio\\\/fr\\\/#\\\/schema\\\/person\\\/efa1b8275797664fd7f13a79ccc0b1f4\"},\"headline\":\"Artista y creador mexicano Arcangelo Constantini, en el RECINTOLab de la UArtes con el taller AminGifScope\",\"datePublished\":\"2023-09-07T19:17:00+00:00\",\"dateModified\":\"2024-07-04T16:20:45+00:00\",\"mainEntityOfPage\":{\"@id\":\"https:\\\/\\\/www.uartes.edu.ec\\\/sitio\\\/fr\\\/blog\\\/2023\\\/09\\\/07\\\/artista-y-creador-mexicano-arcangel-constantini-en-recintolab-de-la-uartes-con-el-taller-amingifscope\\\/\"},\"wordCount\":560,\"commentCount\":0,\"publisher\":{\"@id\":\"https:\\\/\\\/www.uartes.edu.ec\\\/sitio\\\/fr\\\/#organization\"},\"image\":{\"@id\":\"https:\\\/\\\/www.uartes.edu.ec\\\/sitio\\\/fr\\\/blog\\\/2023\\\/09\\\/07\\\/artista-y-creador-mexicano-arcangel-constantini-en-recintolab-de-la-uartes-con-el-taller-amingifscope\\\/#primaryimage\"},\"thumbnailUrl\":\"https:\\\/\\\/www.uartes.edu.ec\\\/sitio\\\/wp-content\\\/uploads\\\/2023\\\/09\\\/03-ARCANGELO-CONSTANTINI.jpg\",\"keywords\":[\"taller de formaci\u00f3n\"],\"articleSection\":[\"Acad\u00e9mico\",\"Docentes\",\"Transversal\"],\"inLanguage\":\"fr-FR\",\"potentialAction\":[{\"@type\":\"CommentAction\",\"name\":\"Comment\",\"target\":[\"https:\\\/\\\/www.uartes.edu.ec\\\/sitio\\\/fr\\\/blog\\\/2023\\\/09\\\/07\\\/artista-y-creador-mexicano-arcangel-constantini-en-recintolab-de-la-uartes-con-el-taller-amingifscope\\\/#respond\"]}]},{\"@type\":[\"WebPage\",\"ItemPage\"],\"@id\":\"https:\\\/\\\/www.uartes.edu.ec\\\/sitio\\\/fr\\\/blog\\\/2023\\\/09\\\/07\\\/artista-y-creador-mexicano-arcangel-constantini-en-recintolab-de-la-uartes-con-el-taller-amingifscope\\\/\",\"url\":\"https:\\\/\\\/www.uartes.edu.ec\\\/sitio\\\/fr\\\/blog\\\/2023\\\/09\\\/07\\\/artista-y-creador-mexicano-arcangel-constantini-en-recintolab-de-la-uartes-con-el-taller-amingifscope\\\/\",\"name\":\"Universidad de las Artes - Artista y creador mexicano Arcangelo Constantini, en el RECINTOLab de la UArtes con el taller AminGifScope\",\"isPartOf\":{\"@id\":\"https:\\\/\\\/www.uartes.edu.ec\\\/sitio\\\/fr\\\/#website\"},\"primaryImageOfPage\":{\"@id\":\"https:\\\/\\\/www.uartes.edu.ec\\\/sitio\\\/fr\\\/blog\\\/2023\\\/09\\\/07\\\/artista-y-creador-mexicano-arcangel-constantini-en-recintolab-de-la-uartes-con-el-taller-amingifscope\\\/#primaryimage\"},\"image\":{\"@id\":\"https:\\\/\\\/www.uartes.edu.ec\\\/sitio\\\/fr\\\/blog\\\/2023\\\/09\\\/07\\\/artista-y-creador-mexicano-arcangel-constantini-en-recintolab-de-la-uartes-con-el-taller-amingifscope\\\/#primaryimage\"},\"thumbnailUrl\":\"https:\\\/\\\/www.uartes.edu.ec\\\/sitio\\\/wp-content\\\/uploads\\\/2023\\\/09\\\/03-ARCANGELO-CONSTANTINI.jpg\",\"datePublished\":\"2023-09-07T19:17:00+00:00\",\"dateModified\":\"2024-07-04T16:20:45+00:00\",\"description\":\"Universidad de las Artes - Artista y creador mexicano Arcangelo Constantini, en el RECINTOLab de la UArtes con el taller AminGifScope\",\"breadcrumb\":{\"@id\":\"https:\\\/\\\/www.uartes.edu.ec\\\/sitio\\\/fr\\\/blog\\\/2023\\\/09\\\/07\\\/artista-y-creador-mexicano-arcangel-constantini-en-recintolab-de-la-uartes-con-el-taller-amingifscope\\\/#breadcrumb\"},\"inLanguage\":\"fr-FR\",\"potentialAction\":[{\"@type\":\"ReadAction\",\"target\":[\"https:\\\/\\\/www.uartes.edu.ec\\\/sitio\\\/fr\\\/blog\\\/2023\\\/09\\\/07\\\/artista-y-creador-mexicano-arcangel-constantini-en-recintolab-de-la-uartes-con-el-taller-amingifscope\\\/\"]}]},{\"@type\":\"ImageObject\",\"inLanguage\":\"fr-FR\",\"@id\":\"https:\\\/\\\/www.uartes.edu.ec\\\/sitio\\\/fr\\\/blog\\\/2023\\\/09\\\/07\\\/artista-y-creador-mexicano-arcangel-constantini-en-recintolab-de-la-uartes-con-el-taller-amingifscope\\\/#primaryimage\",\"url\":\"https:\\\/\\\/www.uartes.edu.ec\\\/sitio\\\/wp-content\\\/uploads\\\/2023\\\/09\\\/03-ARCANGELO-CONSTANTINI.jpg\",\"contentUrl\":\"https:\\\/\\\/www.uartes.edu.ec\\\/sitio\\\/wp-content\\\/uploads\\\/2023\\\/09\\\/03-ARCANGELO-CONSTANTINI.jpg\",\"width\":2000,\"height\":1333},{\"@type\":\"BreadcrumbList\",\"@id\":\"https:\\\/\\\/www.uartes.edu.ec\\\/sitio\\\/fr\\\/blog\\\/2023\\\/09\\\/07\\\/artista-y-creador-mexicano-arcangel-constantini-en-recintolab-de-la-uartes-con-el-taller-amingifscope\\\/#breadcrumb\",\"itemListElement\":[{\"@type\":\"ListItem\",\"position\":1,\"name\":\"Inicio\",\"item\":\"https:\\\/\\\/www.uartes.edu.ec\\\/sitio\\\/\"},{\"@type\":\"ListItem\",\"position\":2,\"name\":\"Artista y creador mexicano Arcangelo Constantini, en el RECINTOLab de la UArtes con el taller AminGifScope\"}]},{\"@type\":\"WebSite\",\"@id\":\"https:\\\/\\\/www.uartes.edu.ec\\\/sitio\\\/fr\\\/#website\",\"url\":\"https:\\\/\\\/www.uartes.edu.ec\\\/sitio\\\/fr\\\/\",\"name\":\"Universidad de las Artes\",\"description\":\"Sitio oficial de la Universidad Nacional de las Artes del Ecuador\",\"publisher\":{\"@id\":\"https:\\\/\\\/www.uartes.edu.ec\\\/sitio\\\/fr\\\/#organization\"},\"potentialAction\":[{\"@type\":\"SearchAction\",\"target\":{\"@type\":\"EntryPoint\",\"urlTemplate\":\"https:\\\/\\\/www.uartes.edu.ec\\\/sitio\\\/fr\\\/?s={search_term_string}\"},\"query-input\":{\"@type\":\"PropertyValueSpecification\",\"valueRequired\":true,\"valueName\":\"search_term_string\"}}],\"inLanguage\":\"fr-FR\"},{\"@type\":\"Organization\",\"@id\":\"https:\\\/\\\/www.uartes.edu.ec\\\/sitio\\\/fr\\\/#organization\",\"name\":\"Universidad de las Artes\",\"url\":\"https:\\\/\\\/www.uartes.edu.ec\\\/sitio\\\/fr\\\/\",\"logo\":{\"@type\":\"ImageObject\",\"inLanguage\":\"fr-FR\",\"@id\":\"https:\\\/\\\/www.uartes.edu.ec\\\/sitio\\\/fr\\\/#\\\/schema\\\/logo\\\/image\\\/\",\"url\":\"https:\\\/\\\/www.uartes.edu.ec\\\/sitio\\\/wp-content\\\/uploads\\\/2022\\\/07\\\/logo-ua-horizontal.png\",\"contentUrl\":\"https:\\\/\\\/www.uartes.edu.ec\\\/sitio\\\/wp-content\\\/uploads\\\/2022\\\/07\\\/logo-ua-horizontal.png\",\"width\":800,\"height\":276,\"caption\":\"Universidad de las Artes\"},\"image\":{\"@id\":\"https:\\\/\\\/www.uartes.edu.ec\\\/sitio\\\/fr\\\/#\\\/schema\\\/logo\\\/image\\\/\"},\"sameAs\":[\"https:\\\/\\\/www.facebook.com\\\/uartesec\",\"https:\\\/\\\/x.com\\\/uartesec\",\"https:\\\/\\\/www.tiktok.com\\\/@uartesec\"]},{\"@type\":\"Person\",\"@id\":\"https:\\\/\\\/www.uartes.edu.ec\\\/sitio\\\/fr\\\/#\\\/schema\\\/person\\\/efa1b8275797664fd7f13a79ccc0b1f4\",\"name\":\"ccortez\",\"image\":{\"@type\":\"ImageObject\",\"inLanguage\":\"fr-FR\",\"@id\":\"https:\\\/\\\/secure.gravatar.com\\\/avatar\\\/b2a6f664a3ae8e074346ef91775736c5ec479e637ecced6842de9dc98b5da9cd?s=96&d=mm&r=g\",\"url\":\"https:\\\/\\\/secure.gravatar.com\\\/avatar\\\/b2a6f664a3ae8e074346ef91775736c5ec479e637ecced6842de9dc98b5da9cd?s=96&d=mm&r=g\",\"contentUrl\":\"https:\\\/\\\/secure.gravatar.com\\\/avatar\\\/b2a6f664a3ae8e074346ef91775736c5ec479e637ecced6842de9dc98b5da9cd?s=96&d=mm&r=g\",\"caption\":\"ccortez\"},\"url\":\"https:\\\/\\\/www.uartes.edu.ec\\\/sitio\\\/fr\\\/blog\\\/author\\\/ccortez\\\/\"}]}<\/script>\n<!-- \/ Yoast SEO plugin. -->","yoast_head_json":{"title":"Universidad de las Artes - Artista y creador mexicano Arcangelo Constantini, en el RECINTOLab de la UArtes con el taller AminGifScope","description":"Universidad de las Artes - Artista y creador mexicano Arcangelo Constantini, en el RECINTOLab de la UArtes con el taller AminGifScope","robots":{"index":"index","follow":"follow","max-snippet":"max-snippet:-1","max-image-preview":"max-image-preview:large","max-video-preview":"max-video-preview:-1"},"canonical":"https:\/\/www.uartes.edu.ec\/sitio\/fr\/blog\/2023\/09\/07\/artista-y-creador-mexicano-arcangel-constantini-en-recintolab-de-la-uartes-con-el-taller-amingifscope\/","og_locale":"fr_FR","og_type":"article","og_title":"Universidad de las Artes - Artista y creador mexicano Arcangelo Constantini, en el RECINTOLab de la UArtes con el taller AminGifScope","og_description":"Universidad de las Artes - Artista y creador mexicano Arcangelo Constantini, en el RECINTOLab de la UArtes con el taller AminGifScope","og_url":"https:\/\/www.uartes.edu.ec\/sitio\/fr\/blog\/2023\/09\/07\/artista-y-creador-mexicano-arcangel-constantini-en-recintolab-de-la-uartes-con-el-taller-amingifscope\/","og_site_name":"Universidad de las Artes","article_publisher":"https:\/\/www.facebook.com\/uartesec","article_published_time":"2023-09-07T19:17:00+00:00","article_modified_time":"2024-07-04T16:20:45+00:00","og_image":[{"width":2000,"height":1333,"url":"https:\/\/www.uartes.edu.ec\/sitio\/wp-content\/uploads\/2023\/09\/03-ARCANGELO-CONSTANTINI.jpg","type":"image\/jpeg"}],"author":"ccortez","twitter_card":"summary_large_image","twitter_creator":"@uartesec","twitter_site":"@uartesec","twitter_misc":{"\u00c9crit par":"ccortez","Dur\u00e9e de lecture estim\u00e9e":"3 minutes"},"schema":{"@context":"https:\/\/schema.org","@graph":[{"@type":"Article","@id":"https:\/\/www.uartes.edu.ec\/sitio\/fr\/blog\/2023\/09\/07\/artista-y-creador-mexicano-arcangel-constantini-en-recintolab-de-la-uartes-con-el-taller-amingifscope\/#article","isPartOf":{"@id":"https:\/\/www.uartes.edu.ec\/sitio\/fr\/blog\/2023\/09\/07\/artista-y-creador-mexicano-arcangel-constantini-en-recintolab-de-la-uartes-con-el-taller-amingifscope\/"},"author":{"name":"ccortez","@id":"https:\/\/www.uartes.edu.ec\/sitio\/fr\/#\/schema\/person\/efa1b8275797664fd7f13a79ccc0b1f4"},"headline":"Artista y creador mexicano Arcangelo Constantini, en el RECINTOLab de la UArtes con el taller AminGifScope","datePublished":"2023-09-07T19:17:00+00:00","dateModified":"2024-07-04T16:20:45+00:00","mainEntityOfPage":{"@id":"https:\/\/www.uartes.edu.ec\/sitio\/fr\/blog\/2023\/09\/07\/artista-y-creador-mexicano-arcangel-constantini-en-recintolab-de-la-uartes-con-el-taller-amingifscope\/"},"wordCount":560,"commentCount":0,"publisher":{"@id":"https:\/\/www.uartes.edu.ec\/sitio\/fr\/#organization"},"image":{"@id":"https:\/\/www.uartes.edu.ec\/sitio\/fr\/blog\/2023\/09\/07\/artista-y-creador-mexicano-arcangel-constantini-en-recintolab-de-la-uartes-con-el-taller-amingifscope\/#primaryimage"},"thumbnailUrl":"https:\/\/www.uartes.edu.ec\/sitio\/wp-content\/uploads\/2023\/09\/03-ARCANGELO-CONSTANTINI.jpg","keywords":["taller de formaci\u00f3n"],"articleSection":["Acad\u00e9mico","Docentes","Transversal"],"inLanguage":"fr-FR","potentialAction":[{"@type":"CommentAction","name":"Comment","target":["https:\/\/www.uartes.edu.ec\/sitio\/fr\/blog\/2023\/09\/07\/artista-y-creador-mexicano-arcangel-constantini-en-recintolab-de-la-uartes-con-el-taller-amingifscope\/#respond"]}]},{"@type":["WebPage","ItemPage"],"@id":"https:\/\/www.uartes.edu.ec\/sitio\/fr\/blog\/2023\/09\/07\/artista-y-creador-mexicano-arcangel-constantini-en-recintolab-de-la-uartes-con-el-taller-amingifscope\/","url":"https:\/\/www.uartes.edu.ec\/sitio\/fr\/blog\/2023\/09\/07\/artista-y-creador-mexicano-arcangel-constantini-en-recintolab-de-la-uartes-con-el-taller-amingifscope\/","name":"Universidad de las Artes - Artista y creador mexicano Arcangelo Constantini, en el RECINTOLab de la UArtes con el taller AminGifScope","isPartOf":{"@id":"https:\/\/www.uartes.edu.ec\/sitio\/fr\/#website"},"primaryImageOfPage":{"@id":"https:\/\/www.uartes.edu.ec\/sitio\/fr\/blog\/2023\/09\/07\/artista-y-creador-mexicano-arcangel-constantini-en-recintolab-de-la-uartes-con-el-taller-amingifscope\/#primaryimage"},"image":{"@id":"https:\/\/www.uartes.edu.ec\/sitio\/fr\/blog\/2023\/09\/07\/artista-y-creador-mexicano-arcangel-constantini-en-recintolab-de-la-uartes-con-el-taller-amingifscope\/#primaryimage"},"thumbnailUrl":"https:\/\/www.uartes.edu.ec\/sitio\/wp-content\/uploads\/2023\/09\/03-ARCANGELO-CONSTANTINI.jpg","datePublished":"2023-09-07T19:17:00+00:00","dateModified":"2024-07-04T16:20:45+00:00","description":"Universidad de las Artes - Artista y creador mexicano Arcangelo Constantini, en el RECINTOLab de la UArtes con el taller AminGifScope","breadcrumb":{"@id":"https:\/\/www.uartes.edu.ec\/sitio\/fr\/blog\/2023\/09\/07\/artista-y-creador-mexicano-arcangel-constantini-en-recintolab-de-la-uartes-con-el-taller-amingifscope\/#breadcrumb"},"inLanguage":"fr-FR","potentialAction":[{"@type":"ReadAction","target":["https:\/\/www.uartes.edu.ec\/sitio\/fr\/blog\/2023\/09\/07\/artista-y-creador-mexicano-arcangel-constantini-en-recintolab-de-la-uartes-con-el-taller-amingifscope\/"]}]},{"@type":"ImageObject","inLanguage":"fr-FR","@id":"https:\/\/www.uartes.edu.ec\/sitio\/fr\/blog\/2023\/09\/07\/artista-y-creador-mexicano-arcangel-constantini-en-recintolab-de-la-uartes-con-el-taller-amingifscope\/#primaryimage","url":"https:\/\/www.uartes.edu.ec\/sitio\/wp-content\/uploads\/2023\/09\/03-ARCANGELO-CONSTANTINI.jpg","contentUrl":"https:\/\/www.uartes.edu.ec\/sitio\/wp-content\/uploads\/2023\/09\/03-ARCANGELO-CONSTANTINI.jpg","width":2000,"height":1333},{"@type":"BreadcrumbList","@id":"https:\/\/www.uartes.edu.ec\/sitio\/fr\/blog\/2023\/09\/07\/artista-y-creador-mexicano-arcangel-constantini-en-recintolab-de-la-uartes-con-el-taller-amingifscope\/#breadcrumb","itemListElement":[{"@type":"ListItem","position":1,"name":"Inicio","item":"https:\/\/www.uartes.edu.ec\/sitio\/"},{"@type":"ListItem","position":2,"name":"Artista y creador mexicano Arcangelo Constantini, en el RECINTOLab de la UArtes con el taller AminGifScope"}]},{"@type":"WebSite","@id":"https:\/\/www.uartes.edu.ec\/sitio\/fr\/#website","url":"https:\/\/www.uartes.edu.ec\/sitio\/fr\/","name":"Universidad de las Artes","description":"Sitio oficial de la Universidad Nacional de las Artes del Ecuador","publisher":{"@id":"https:\/\/www.uartes.edu.ec\/sitio\/fr\/#organization"},"potentialAction":[{"@type":"SearchAction","target":{"@type":"EntryPoint","urlTemplate":"https:\/\/www.uartes.edu.ec\/sitio\/fr\/?s={search_term_string}"},"query-input":{"@type":"PropertyValueSpecification","valueRequired":true,"valueName":"search_term_string"}}],"inLanguage":"fr-FR"},{"@type":"Organization","@id":"https:\/\/www.uartes.edu.ec\/sitio\/fr\/#organization","name":"Universidad de las Artes","url":"https:\/\/www.uartes.edu.ec\/sitio\/fr\/","logo":{"@type":"ImageObject","inLanguage":"fr-FR","@id":"https:\/\/www.uartes.edu.ec\/sitio\/fr\/#\/schema\/logo\/image\/","url":"https:\/\/www.uartes.edu.ec\/sitio\/wp-content\/uploads\/2022\/07\/logo-ua-horizontal.png","contentUrl":"https:\/\/www.uartes.edu.ec\/sitio\/wp-content\/uploads\/2022\/07\/logo-ua-horizontal.png","width":800,"height":276,"caption":"Universidad de las Artes"},"image":{"@id":"https:\/\/www.uartes.edu.ec\/sitio\/fr\/#\/schema\/logo\/image\/"},"sameAs":["https:\/\/www.facebook.com\/uartesec","https:\/\/x.com\/uartesec","https:\/\/www.tiktok.com\/@uartesec"]},{"@type":"Person","@id":"https:\/\/www.uartes.edu.ec\/sitio\/fr\/#\/schema\/person\/efa1b8275797664fd7f13a79ccc0b1f4","name":"ccortez","image":{"@type":"ImageObject","inLanguage":"fr-FR","@id":"https:\/\/secure.gravatar.com\/avatar\/b2a6f664a3ae8e074346ef91775736c5ec479e637ecced6842de9dc98b5da9cd?s=96&d=mm&r=g","url":"https:\/\/secure.gravatar.com\/avatar\/b2a6f664a3ae8e074346ef91775736c5ec479e637ecced6842de9dc98b5da9cd?s=96&d=mm&r=g","contentUrl":"https:\/\/secure.gravatar.com\/avatar\/b2a6f664a3ae8e074346ef91775736c5ec479e637ecced6842de9dc98b5da9cd?s=96&d=mm&r=g","caption":"ccortez"},"url":"https:\/\/www.uartes.edu.ec\/sitio\/fr\/blog\/author\/ccortez\/"}]}},"uagb_featured_image_src":{"full":["https:\/\/www.uartes.edu.ec\/sitio\/wp-content\/uploads\/2023\/09\/03-ARCANGELO-CONSTANTINI.jpg",2000,1333,false],"thumbnail":["https:\/\/www.uartes.edu.ec\/sitio\/wp-content\/uploads\/2023\/09\/03-ARCANGELO-CONSTANTINI-150x150.jpg",150,150,true],"medium":["https:\/\/www.uartes.edu.ec\/sitio\/wp-content\/uploads\/2023\/09\/03-ARCANGELO-CONSTANTINI-300x200.jpg",300,200,true],"medium_large":["https:\/\/www.uartes.edu.ec\/sitio\/wp-content\/uploads\/2023\/09\/03-ARCANGELO-CONSTANTINI-768x512.jpg",768,512,true],"large":["https:\/\/www.uartes.edu.ec\/sitio\/wp-content\/uploads\/2023\/09\/03-ARCANGELO-CONSTANTINI-644x429.jpg",644,429,true],"1536x1536":["https:\/\/www.uartes.edu.ec\/sitio\/wp-content\/uploads\/2023\/09\/03-ARCANGELO-CONSTANTINI-1536x1024.jpg",1536,1024,true],"2048x2048":["https:\/\/www.uartes.edu.ec\/sitio\/wp-content\/uploads\/2023\/09\/03-ARCANGELO-CONSTANTINI.jpg",2000,1333,false],"trp-custom-language-flag":["https:\/\/www.uartes.edu.ec\/sitio\/wp-content\/uploads\/2023\/09\/03-ARCANGELO-CONSTANTINI.jpg",18,12,false],"htmega_size_585x295":["https:\/\/www.uartes.edu.ec\/sitio\/wp-content\/uploads\/2023\/09\/03-ARCANGELO-CONSTANTINI-585x295.jpg",585,295,true],"htmega_size_1170x536":["https:\/\/www.uartes.edu.ec\/sitio\/wp-content\/uploads\/2023\/09\/03-ARCANGELO-CONSTANTINI-1170x536.jpg",1170,536,true],"htmega_size_396x360":["https:\/\/www.uartes.edu.ec\/sitio\/wp-content\/uploads\/2023\/09\/03-ARCANGELO-CONSTANTINI-396x360.jpg",396,360,true],"gb-block-post-grid-landscape":["https:\/\/www.uartes.edu.ec\/sitio\/wp-content\/uploads\/2023\/09\/03-ARCANGELO-CONSTANTINI-600x400.jpg",600,400,true],"gb-block-post-grid-square":["https:\/\/www.uartes.edu.ec\/sitio\/wp-content\/uploads\/2023\/09\/03-ARCANGELO-CONSTANTINI-600x600.jpg",600,600,true],"university-hub-thumb":["https:\/\/www.uartes.edu.ec\/sitio\/wp-content\/uploads\/2023\/09\/03-ARCANGELO-CONSTANTINI-400x267.jpg",400,267,true]},"uagb_author_info":{"display_name":"ccortez","author_link":"https:\/\/www.uartes.edu.ec\/sitio\/fr\/blog\/author\/ccortez\/"},"uagb_comment_info":0,"uagb_excerpt":"En una constante especulaci\u00f3n existencial, el inventor art\u00edstico y hacker tecnol\u00f3gico mexicano Arcangelo Constantini desarrolla hip\u00f3tesis experimentales sobre la realidad, utilizando una variedad de medios y procesos multifac\u00e9ticos y transdisciplinares. Llega a RECINTOLab de la UArtes (en el MZ14) con el taller AminGifScope de formaci\u00f3n para docentes, t\u00e9cnicos y creadores de nuestra comunidad.","featured_image_src":"https:\/\/www.uartes.edu.ec\/sitio\/wp-content\/uploads\/2023\/09\/03-ARCANGELO-CONSTANTINI-600x400.jpg","featured_image_src_square":"https:\/\/www.uartes.edu.ec\/sitio\/wp-content\/uploads\/2023\/09\/03-ARCANGELO-CONSTANTINI-600x600.jpg","author_info":{"display_name":"ccortez","author_link":"https:\/\/www.uartes.edu.ec\/sitio\/fr\/blog\/author\/ccortez\/"},"publishpress_future_workflow_manual_trigger":{"enabledWorkflows":[]},"distributor_meta":false,"distributor_terms":false,"distributor_media":false,"distributor_original_site_name":"Universidad de las Artes","distributor_original_site_url":"https:\/\/www.uartes.edu.ec\/sitio\/fr","push-errors":false,"_links":{"self":[{"href":"https:\/\/www.uartes.edu.ec\/sitio\/fr\/wp-json\/wp\/v2\/posts\/46621","targetHints":{"allow":["GET"]}}],"collection":[{"href":"https:\/\/www.uartes.edu.ec\/sitio\/fr\/wp-json\/wp\/v2\/posts"}],"about":[{"href":"https:\/\/www.uartes.edu.ec\/sitio\/fr\/wp-json\/wp\/v2\/types\/post"}],"author":[{"embeddable":true,"href":"https:\/\/www.uartes.edu.ec\/sitio\/fr\/wp-json\/wp\/v2\/users\/10"}],"replies":[{"embeddable":true,"href":"https:\/\/www.uartes.edu.ec\/sitio\/fr\/wp-json\/wp\/v2\/comments?post=46621"}],"version-history":[{"count":9,"href":"https:\/\/www.uartes.edu.ec\/sitio\/fr\/wp-json\/wp\/v2\/posts\/46621\/revisions"}],"predecessor-version":[{"id":56976,"href":"https:\/\/www.uartes.edu.ec\/sitio\/fr\/wp-json\/wp\/v2\/posts\/46621\/revisions\/56976"}],"wp:featuredmedia":[{"embeddable":true,"href":"https:\/\/www.uartes.edu.ec\/sitio\/fr\/wp-json\/wp\/v2\/media\/46622"}],"wp:attachment":[{"href":"https:\/\/www.uartes.edu.ec\/sitio\/fr\/wp-json\/wp\/v2\/media?parent=46621"}],"wp:term":[{"taxonomy":"category","embeddable":true,"href":"https:\/\/www.uartes.edu.ec\/sitio\/fr\/wp-json\/wp\/v2\/categories?post=46621"},{"taxonomy":"post_tag","embeddable":true,"href":"https:\/\/www.uartes.edu.ec\/sitio\/fr\/wp-json\/wp\/v2\/tags?post=46621"},{"taxonomy":"infouartes","embeddable":true,"href":"https:\/\/www.uartes.edu.ec\/sitio\/fr\/wp-json\/wp\/v2\/infouartes?post=46621"}],"curies":[{"name":"wp","href":"https:\/\/api.w.org\/{rel}","templated":true}]}}