{"id":47682,"date":"2023-10-06T16:11:00","date_gmt":"2023-10-06T21:11:00","guid":{"rendered":"https:\/\/www.uartes.edu.ec\/sitio\/?p=47682"},"modified":"2024-07-04T11:20:38","modified_gmt":"2024-07-04T16:20:38","slug":"entre-tejidos-arte-y-pedagogia","status":"publish","type":"post","link":"https:\/\/www.uartes.edu.ec\/sitio\/fr\/blog\/2023\/10\/06\/entre-tejidos-arte-y-pedagogia\/","title":{"rendered":"Entre tejidos, arte y pedagog\u00eda"},"content":{"rendered":"<p>Con los artistas y docentes de la Universidad de las Artes Cristian Villavicencio y Gabriela Fabre como facilitadores y con ellos Manuel Rodr\u00edguez (PURAHOJA), quien dijo pertenecer al pueblo ind\u00edgena de los Chachis \u2013que habita al noroeste del Ecuador, en la provincia de Esmeraldas\u2013, se desarroll\u00f3 el taller \u201cFibras. Entretejidos de arte y pedagog\u00eda\u201d, en el marco del VII Encuentro Internacional de Investigaci\u00f3n en Artes.<\/p>\n\n\n\n<p>Tuvo lugar este jueves 5 de octubre en la Biblioteca de las Artes y complement\u00f3 la mesa de di\u00e1logo e inauguraci\u00f3n de la muestra hom\u00f3nina en la Galeria 4ta Pared, actividades cumplidas el martes 3. Rodr\u00edguez explic\u00f3 que de la paja toquilla y el chocolatillo salen las fibras para realizar los trajes de colores, adem\u00e1s de usar la crom\u00e1tica en otros objetos, como l\u00e1mparas. El artesano describi\u00f3 una obra realizada en Cuenca, para la cual insert\u00f3 fibras de diferentes pa\u00edses en figuras geom\u00e9tricas. Su figura preferida es el icosaedro, un poliedro de veinte caras al que denomin\u00f3 \u201cDuda\u201d.<\/p>\n\n\n\n<p>Agreg\u00f3 que procura que sus trabajos en los talleres se puedan observar no solo como un proceso de tejidos, sino que generen una imagen, una expresi\u00f3n de la naturaleza por medio de sus colores. Cada tejido es un color del Amazonas y el artista demuestra distintas maneras para transmitir su cultura al mundo como un poeta que sale a la luz sin ocultarse, un artesano lleno de dinamismo da movimiento a sus piezas.<\/p>\n\n\n<div class=\"wp-block-image\">\n<figure class=\"aligncenter size-large\"><img fetchpriority=\"high\" decoding=\"async\" width=\"644\" height=\"429\" src=\"https:\/\/www.uartes.edu.ec\/sitio\/wp-content\/uploads\/2023\/10\/02-TALLER-FIBRA-644x429.jpg\" alt=\"\" class=\"wp-image-47712\" srcset=\"https:\/\/www.uartes.edu.ec\/sitio\/wp-content\/uploads\/2023\/10\/02-TALLER-FIBRA-644x429.jpg 644w, https:\/\/www.uartes.edu.ec\/sitio\/wp-content\/uploads\/2023\/10\/02-TALLER-FIBRA-300x200.jpg 300w, https:\/\/www.uartes.edu.ec\/sitio\/wp-content\/uploads\/2023\/10\/02-TALLER-FIBRA-768x512.jpg 768w, https:\/\/www.uartes.edu.ec\/sitio\/wp-content\/uploads\/2023\/10\/02-TALLER-FIBRA-1536x1024.jpg 1536w, https:\/\/www.uartes.edu.ec\/sitio\/wp-content\/uploads\/2023\/10\/02-TALLER-FIBRA-600x400.jpg 600w, https:\/\/www.uartes.edu.ec\/sitio\/wp-content\/uploads\/2023\/10\/02-TALLER-FIBRA-400x267.jpg 400w, https:\/\/www.uartes.edu.ec\/sitio\/wp-content\/uploads\/2023\/10\/02-TALLER-FIBRA-272x182.jpg 272w, https:\/\/www.uartes.edu.ec\/sitio\/wp-content\/uploads\/2023\/10\/02-TALLER-FIBRA.jpg 2000w\" sizes=\"(max-width: 644px) 100vw, 644px\" \/><\/figure>\n<\/div>\n\n\n<p>Este tipo de trabajos son espacios pol\u00edticos, pensamientos reflejados en las t\u00e9cnicas, la aplicaci\u00f3n del dibujo; es la t\u00e9cnica que ayuda a replicar las im\u00e1genes y que estas sean generativas. Son reservas etnogr\u00e1ficas que no necesitan teor\u00edas, sino espacios, anotaron los panelistas.<\/p>\n\n\n\n<p>Tras una amplia descripci\u00f3n de las artesan\u00edas y sus conceptos, los artistas, el p\u00fablico y la comunidad universitaria se dirigieron a la Galer\u00eda 4ta Pared donde se encontraban expuestos varios de los trabajos, como la l\u00e1mpara a la que Manuel Rodr\u00edguez hizo referencia y que fue la m\u00e1s observada, pues conten\u00eda materiales naturales y una aplicaci\u00f3n de figuras geom\u00e9tricas y figuras circulares que conten\u00edan fibras de coco.<\/p>\n\n\n\n<p>Raquel Lema, otra de las expositoras, hizo un camino de mesa con un tejido de totora y figuras dimensionales con corte contempor\u00e1neo que permiten crear una imagen de que la obra flota en el aire. Francesca Sabbagh propuso una creaci\u00f3n trabajada con materiales de trenza en filigrana, paja de trigo y toquilla; su obra mostr\u00f3 elementos curvos como si fueran p\u00e9talos de una rosa.<\/p>\n\n\n<div class=\"wp-block-image\">\n<figure class=\"aligncenter size-large\"><img decoding=\"async\" width=\"644\" height=\"429\" src=\"https:\/\/www.uartes.edu.ec\/sitio\/wp-content\/uploads\/2023\/10\/04-TALLER-FIBRA-644x429.jpg\" alt=\"\" class=\"wp-image-47713\" srcset=\"https:\/\/www.uartes.edu.ec\/sitio\/wp-content\/uploads\/2023\/10\/04-TALLER-FIBRA-644x429.jpg 644w, https:\/\/www.uartes.edu.ec\/sitio\/wp-content\/uploads\/2023\/10\/04-TALLER-FIBRA-300x200.jpg 300w, https:\/\/www.uartes.edu.ec\/sitio\/wp-content\/uploads\/2023\/10\/04-TALLER-FIBRA-768x512.jpg 768w, https:\/\/www.uartes.edu.ec\/sitio\/wp-content\/uploads\/2023\/10\/04-TALLER-FIBRA-1536x1024.jpg 1536w, https:\/\/www.uartes.edu.ec\/sitio\/wp-content\/uploads\/2023\/10\/04-TALLER-FIBRA-600x400.jpg 600w, https:\/\/www.uartes.edu.ec\/sitio\/wp-content\/uploads\/2023\/10\/04-TALLER-FIBRA-400x267.jpg 400w, https:\/\/www.uartes.edu.ec\/sitio\/wp-content\/uploads\/2023\/10\/04-TALLER-FIBRA-272x182.jpg 272w, https:\/\/www.uartes.edu.ec\/sitio\/wp-content\/uploads\/2023\/10\/04-TALLER-FIBRA.jpg 2000w\" sizes=\"(max-width: 644px) 100vw, 644px\" \/><\/figure>\n<\/div>\n\n\n<p>Jorge Ar\u00e9valo, de la Escuela de Literatura, itinerario de Edici\u00f3n, tambi\u00e9n presente en el recorrido, indic\u00f3 que ha compartido su vida en tres regiones distintas del pa\u00eds (Guayaquil, Cuenca y Macas) y le sorprendi\u00f3 la fusi\u00f3n de modernidad y artesan\u00eda reflejada en \u201cFibras\u201d. \u201cEs diferente a lo que estoy acostumbrado a ver en artesan\u00edas. Lo relevante de estas obras es el uso de la t\u00e9cnica del pueblo Shuar, me llama la atenci\u00f3n eso porque tengo ra\u00edces de esa etnia, por mis abuelos\u201d.<\/p>\n\n\n\n<p>Ar\u00e9balo resalt\u00f3 la presentaci\u00f3n de \u201cFibras\u201d en Guayaquil, pues la gente va conociendo la cultura del Oriente. \u201cPara m\u00ed es un orgullo. As\u00ed las dem\u00e1s nacionalidades y regiones demuestran que tienen algo que aportar al arte (en este caso el tejido). Otros materiales textiles como sombreros, carteras y l\u00e1mparas est\u00e1n bien hechos. Hay t\u00e9cnicas que solo se utilizan en el Oriente y la Sierra, aqu\u00ed veo que se han fusionado\u201d.<\/p>\n\n\n\n<p>Erick Mar\u00edn, tambi\u00e9n estudiante de Literatura, itinerario Pedagog\u00eda de las Artes y Humanidades, consider\u00f3 interesante la exposici\u00f3n, pero le hubiera gustado, anot\u00f3, que la mesa de di\u00e1logo se tomara m\u00e1s tiempo en explicar las artesan\u00edas. \u201cEstoy consciente del tiempo y de la agenda de los expositores, pero hablaron mucho de pedagog\u00eda y los procesos de creaci\u00f3n no fueron tocados a profundidad\u201d.<\/p>\n\n\n\n<p>Cobertura: Michael Medina Chalco, estudiante de la Escuela de Literatura.<\/p>","protected":false},"excerpt":{"rendered":"<p>Con los artistas y docentes Cristian Villavicencio y Gabriela Fabre como facilitadores, y la participaci\u00f3n de Manuel Rodr\u00edguez, del pueblo ind\u00edgena de los Chachis, se desarroll\u00f3 el taller \u201cFibras. Entretejidos de arte y pedagog\u00eda\u201d. Tuvo lugar en la Biblioteca de las Artes, en el marco del VII Encuentro Internacional de Investigaci\u00f3n en Artes, organizado por ILIA. Los talleristas visitaron la muestra hom\u00f3nima que se inaugur\u00f3 el martes en la Galer\u00eda 4ta Pared tras la mesa de di\u00e1logo con Gabriela V\u00e1squez (CIDAP-Cuenca).<\/p>","protected":false},"author":10,"featured_media":47708,"comment_status":"open","ping_status":"open","sticky":false,"template":"","format":"standard","meta":{"_acf_changed":false,"_uag_custom_page_level_css":"","_monsterinsights_skip_tracking":false,"_monsterinsights_sitenote_active":false,"_monsterinsights_sitenote_note":"","_monsterinsights_sitenote_category":0,"cybocfi_hide_featured_image":"","footnotes":""},"categories":[80,82,75,76,77,284,83],"tags":[1056],"infouartes":[],"class_list":["post-47682","post","type-post","status-publish","format-standard","has-post-thumbnail","hentry","category-academico","category-artes","category-docentes","category-estudiantes","category-gestion","category-investigacion","category-sedes","tag-encuentro-ilia"],"acf":[],"yoast_head":"<!-- This site is optimized with the Yoast SEO plugin v27.4 - https:\/\/yoast.com\/product\/yoast-seo-wordpress\/ -->\n<title>Universidad de las Artes - Entre tejidos, arte y pedagog\u00eda<\/title>\n<meta name=\"description\" content=\"Universidad de las Artes - Entre tejidos, arte y pedagog\u00eda\" \/>\n<meta name=\"robots\" content=\"index, follow, max-snippet:-1, max-image-preview:large, max-video-preview:-1\" \/>\n<link rel=\"canonical\" href=\"https:\/\/www.uartes.edu.ec\/sitio\/fr\/blog\/2023\/10\/06\/entre-tejidos-arte-y-pedagogia\/\" \/>\n<meta property=\"og:locale\" content=\"fr_FR\" \/>\n<meta property=\"og:type\" content=\"article\" \/>\n<meta property=\"og:title\" content=\"Universidad de las Artes - Entre tejidos, arte y pedagog\u00eda\" \/>\n<meta property=\"og:description\" content=\"Universidad de las Artes - Entre tejidos, arte y pedagog\u00eda\" \/>\n<meta property=\"og:url\" content=\"https:\/\/www.uartes.edu.ec\/sitio\/fr\/blog\/2023\/10\/06\/entre-tejidos-arte-y-pedagogia\/\" \/>\n<meta property=\"og:site_name\" content=\"Universidad de las Artes\" \/>\n<meta property=\"article:publisher\" content=\"https:\/\/www.facebook.com\/uartesec\" \/>\n<meta property=\"article:published_time\" content=\"2023-10-06T21:11:00+00:00\" \/>\n<meta property=\"article:modified_time\" content=\"2024-07-04T16:20:38+00:00\" \/>\n<meta property=\"og:image\" content=\"https:\/\/www.uartes.edu.ec\/sitio\/wp-content\/uploads\/2023\/10\/01-TALLER-FIBRA.jpg\" \/>\n\t<meta property=\"og:image:width\" content=\"2000\" \/>\n\t<meta property=\"og:image:height\" content=\"1333\" \/>\n\t<meta property=\"og:image:type\" content=\"image\/jpeg\" \/>\n<meta name=\"author\" content=\"ccortez\" \/>\n<meta name=\"twitter:card\" content=\"summary_large_image\" \/>\n<meta name=\"twitter:creator\" content=\"@uartesec\" \/>\n<meta name=\"twitter:site\" content=\"@uartesec\" \/>\n<meta name=\"twitter:label1\" content=\"\u00c9crit par\" \/>\n\t<meta name=\"twitter:data1\" content=\"ccortez\" \/>\n\t<meta name=\"twitter:label2\" content=\"Dur\u00e9e de lecture estim\u00e9e\" \/>\n\t<meta name=\"twitter:data2\" content=\"4 minutes\" \/>\n<script type=\"application\/ld+json\" class=\"yoast-schema-graph\">{\"@context\":\"https:\\\/\\\/schema.org\",\"@graph\":[{\"@type\":\"Article\",\"@id\":\"https:\\\/\\\/www.uartes.edu.ec\\\/sitio\\\/fr\\\/blog\\\/2023\\\/10\\\/06\\\/entre-tejidos-arte-y-pedagogia\\\/#article\",\"isPartOf\":{\"@id\":\"https:\\\/\\\/www.uartes.edu.ec\\\/sitio\\\/fr\\\/blog\\\/2023\\\/10\\\/06\\\/entre-tejidos-arte-y-pedagogia\\\/\"},\"author\":{\"name\":\"ccortez\",\"@id\":\"https:\\\/\\\/www.uartes.edu.ec\\\/sitio\\\/fr\\\/#\\\/schema\\\/person\\\/efa1b8275797664fd7f13a79ccc0b1f4\"},\"headline\":\"Entre tejidos, arte y pedagog\u00eda\",\"datePublished\":\"2023-10-06T21:11:00+00:00\",\"dateModified\":\"2024-07-04T16:20:38+00:00\",\"mainEntityOfPage\":{\"@id\":\"https:\\\/\\\/www.uartes.edu.ec\\\/sitio\\\/fr\\\/blog\\\/2023\\\/10\\\/06\\\/entre-tejidos-arte-y-pedagogia\\\/\"},\"wordCount\":696,\"commentCount\":0,\"publisher\":{\"@id\":\"https:\\\/\\\/www.uartes.edu.ec\\\/sitio\\\/fr\\\/#organization\"},\"image\":{\"@id\":\"https:\\\/\\\/www.uartes.edu.ec\\\/sitio\\\/fr\\\/blog\\\/2023\\\/10\\\/06\\\/entre-tejidos-arte-y-pedagogia\\\/#primaryimage\"},\"thumbnailUrl\":\"https:\\\/\\\/www.uartes.edu.ec\\\/sitio\\\/wp-content\\\/uploads\\\/2023\\\/10\\\/01-TALLER-FIBRA.jpg\",\"keywords\":[\"encuentro ILIA\"],\"articleSection\":[\"Acad\u00e9mico\",\"Artes\",\"Docentes\",\"Estudiantes\",\"Gesti\u00f3n\",\"Investigaci\u00f3n\",\"Sedes\"],\"inLanguage\":\"fr-FR\",\"potentialAction\":[{\"@type\":\"CommentAction\",\"name\":\"Comment\",\"target\":[\"https:\\\/\\\/www.uartes.edu.ec\\\/sitio\\\/fr\\\/blog\\\/2023\\\/10\\\/06\\\/entre-tejidos-arte-y-pedagogia\\\/#respond\"]}]},{\"@type\":[\"WebPage\",\"ItemPage\"],\"@id\":\"https:\\\/\\\/www.uartes.edu.ec\\\/sitio\\\/fr\\\/blog\\\/2023\\\/10\\\/06\\\/entre-tejidos-arte-y-pedagogia\\\/\",\"url\":\"https:\\\/\\\/www.uartes.edu.ec\\\/sitio\\\/fr\\\/blog\\\/2023\\\/10\\\/06\\\/entre-tejidos-arte-y-pedagogia\\\/\",\"name\":\"Universidad de las Artes - Entre tejidos, arte y pedagog\u00eda\",\"isPartOf\":{\"@id\":\"https:\\\/\\\/www.uartes.edu.ec\\\/sitio\\\/fr\\\/#website\"},\"primaryImageOfPage\":{\"@id\":\"https:\\\/\\\/www.uartes.edu.ec\\\/sitio\\\/fr\\\/blog\\\/2023\\\/10\\\/06\\\/entre-tejidos-arte-y-pedagogia\\\/#primaryimage\"},\"image\":{\"@id\":\"https:\\\/\\\/www.uartes.edu.ec\\\/sitio\\\/fr\\\/blog\\\/2023\\\/10\\\/06\\\/entre-tejidos-arte-y-pedagogia\\\/#primaryimage\"},\"thumbnailUrl\":\"https:\\\/\\\/www.uartes.edu.ec\\\/sitio\\\/wp-content\\\/uploads\\\/2023\\\/10\\\/01-TALLER-FIBRA.jpg\",\"datePublished\":\"2023-10-06T21:11:00+00:00\",\"dateModified\":\"2024-07-04T16:20:38+00:00\",\"description\":\"Universidad de las Artes - Entre tejidos, arte y pedagog\u00eda\",\"breadcrumb\":{\"@id\":\"https:\\\/\\\/www.uartes.edu.ec\\\/sitio\\\/fr\\\/blog\\\/2023\\\/10\\\/06\\\/entre-tejidos-arte-y-pedagogia\\\/#breadcrumb\"},\"inLanguage\":\"fr-FR\",\"potentialAction\":[{\"@type\":\"ReadAction\",\"target\":[\"https:\\\/\\\/www.uartes.edu.ec\\\/sitio\\\/fr\\\/blog\\\/2023\\\/10\\\/06\\\/entre-tejidos-arte-y-pedagogia\\\/\"]}]},{\"@type\":\"ImageObject\",\"inLanguage\":\"fr-FR\",\"@id\":\"https:\\\/\\\/www.uartes.edu.ec\\\/sitio\\\/fr\\\/blog\\\/2023\\\/10\\\/06\\\/entre-tejidos-arte-y-pedagogia\\\/#primaryimage\",\"url\":\"https:\\\/\\\/www.uartes.edu.ec\\\/sitio\\\/wp-content\\\/uploads\\\/2023\\\/10\\\/01-TALLER-FIBRA.jpg\",\"contentUrl\":\"https:\\\/\\\/www.uartes.edu.ec\\\/sitio\\\/wp-content\\\/uploads\\\/2023\\\/10\\\/01-TALLER-FIBRA.jpg\",\"width\":2000,\"height\":1333},{\"@type\":\"BreadcrumbList\",\"@id\":\"https:\\\/\\\/www.uartes.edu.ec\\\/sitio\\\/fr\\\/blog\\\/2023\\\/10\\\/06\\\/entre-tejidos-arte-y-pedagogia\\\/#breadcrumb\",\"itemListElement\":[{\"@type\":\"ListItem\",\"position\":1,\"name\":\"Inicio\",\"item\":\"https:\\\/\\\/www.uartes.edu.ec\\\/sitio\\\/\"},{\"@type\":\"ListItem\",\"position\":2,\"name\":\"Entre tejidos, arte y pedagog\u00eda\"}]},{\"@type\":\"WebSite\",\"@id\":\"https:\\\/\\\/www.uartes.edu.ec\\\/sitio\\\/fr\\\/#website\",\"url\":\"https:\\\/\\\/www.uartes.edu.ec\\\/sitio\\\/fr\\\/\",\"name\":\"Universidad de las Artes\",\"description\":\"Sitio oficial de la Universidad Nacional de las Artes del Ecuador\",\"publisher\":{\"@id\":\"https:\\\/\\\/www.uartes.edu.ec\\\/sitio\\\/fr\\\/#organization\"},\"potentialAction\":[{\"@type\":\"SearchAction\",\"target\":{\"@type\":\"EntryPoint\",\"urlTemplate\":\"https:\\\/\\\/www.uartes.edu.ec\\\/sitio\\\/fr\\\/?s={search_term_string}\"},\"query-input\":{\"@type\":\"PropertyValueSpecification\",\"valueRequired\":true,\"valueName\":\"search_term_string\"}}],\"inLanguage\":\"fr-FR\"},{\"@type\":\"Organization\",\"@id\":\"https:\\\/\\\/www.uartes.edu.ec\\\/sitio\\\/fr\\\/#organization\",\"name\":\"Universidad de las Artes\",\"url\":\"https:\\\/\\\/www.uartes.edu.ec\\\/sitio\\\/fr\\\/\",\"logo\":{\"@type\":\"ImageObject\",\"inLanguage\":\"fr-FR\",\"@id\":\"https:\\\/\\\/www.uartes.edu.ec\\\/sitio\\\/fr\\\/#\\\/schema\\\/logo\\\/image\\\/\",\"url\":\"https:\\\/\\\/www.uartes.edu.ec\\\/sitio\\\/wp-content\\\/uploads\\\/2022\\\/07\\\/logo-ua-horizontal.png\",\"contentUrl\":\"https:\\\/\\\/www.uartes.edu.ec\\\/sitio\\\/wp-content\\\/uploads\\\/2022\\\/07\\\/logo-ua-horizontal.png\",\"width\":800,\"height\":276,\"caption\":\"Universidad de las Artes\"},\"image\":{\"@id\":\"https:\\\/\\\/www.uartes.edu.ec\\\/sitio\\\/fr\\\/#\\\/schema\\\/logo\\\/image\\\/\"},\"sameAs\":[\"https:\\\/\\\/www.facebook.com\\\/uartesec\",\"https:\\\/\\\/x.com\\\/uartesec\",\"https:\\\/\\\/www.tiktok.com\\\/@uartesec\"]},{\"@type\":\"Person\",\"@id\":\"https:\\\/\\\/www.uartes.edu.ec\\\/sitio\\\/fr\\\/#\\\/schema\\\/person\\\/efa1b8275797664fd7f13a79ccc0b1f4\",\"name\":\"ccortez\",\"image\":{\"@type\":\"ImageObject\",\"inLanguage\":\"fr-FR\",\"@id\":\"https:\\\/\\\/secure.gravatar.com\\\/avatar\\\/b2a6f664a3ae8e074346ef91775736c5ec479e637ecced6842de9dc98b5da9cd?s=96&d=mm&r=g\",\"url\":\"https:\\\/\\\/secure.gravatar.com\\\/avatar\\\/b2a6f664a3ae8e074346ef91775736c5ec479e637ecced6842de9dc98b5da9cd?s=96&d=mm&r=g\",\"contentUrl\":\"https:\\\/\\\/secure.gravatar.com\\\/avatar\\\/b2a6f664a3ae8e074346ef91775736c5ec479e637ecced6842de9dc98b5da9cd?s=96&d=mm&r=g\",\"caption\":\"ccortez\"},\"url\":\"https:\\\/\\\/www.uartes.edu.ec\\\/sitio\\\/fr\\\/blog\\\/author\\\/ccortez\\\/\"}]}<\/script>\n<!-- \/ Yoast SEO plugin. -->","yoast_head_json":{"title":"Universidad de las Artes - Entre tejidos, arte y pedagog\u00eda","description":"Universidad de las Artes - Entre tejidos, arte y pedagog\u00eda","robots":{"index":"index","follow":"follow","max-snippet":"max-snippet:-1","max-image-preview":"max-image-preview:large","max-video-preview":"max-video-preview:-1"},"canonical":"https:\/\/www.uartes.edu.ec\/sitio\/fr\/blog\/2023\/10\/06\/entre-tejidos-arte-y-pedagogia\/","og_locale":"fr_FR","og_type":"article","og_title":"Universidad de las Artes - Entre tejidos, arte y pedagog\u00eda","og_description":"Universidad de las Artes - Entre tejidos, arte y pedagog\u00eda","og_url":"https:\/\/www.uartes.edu.ec\/sitio\/fr\/blog\/2023\/10\/06\/entre-tejidos-arte-y-pedagogia\/","og_site_name":"Universidad de las Artes","article_publisher":"https:\/\/www.facebook.com\/uartesec","article_published_time":"2023-10-06T21:11:00+00:00","article_modified_time":"2024-07-04T16:20:38+00:00","og_image":[{"width":2000,"height":1333,"url":"https:\/\/www.uartes.edu.ec\/sitio\/wp-content\/uploads\/2023\/10\/01-TALLER-FIBRA.jpg","type":"image\/jpeg"}],"author":"ccortez","twitter_card":"summary_large_image","twitter_creator":"@uartesec","twitter_site":"@uartesec","twitter_misc":{"\u00c9crit par":"ccortez","Dur\u00e9e de lecture estim\u00e9e":"4 minutes"},"schema":{"@context":"https:\/\/schema.org","@graph":[{"@type":"Article","@id":"https:\/\/www.uartes.edu.ec\/sitio\/fr\/blog\/2023\/10\/06\/entre-tejidos-arte-y-pedagogia\/#article","isPartOf":{"@id":"https:\/\/www.uartes.edu.ec\/sitio\/fr\/blog\/2023\/10\/06\/entre-tejidos-arte-y-pedagogia\/"},"author":{"name":"ccortez","@id":"https:\/\/www.uartes.edu.ec\/sitio\/fr\/#\/schema\/person\/efa1b8275797664fd7f13a79ccc0b1f4"},"headline":"Entre tejidos, arte y pedagog\u00eda","datePublished":"2023-10-06T21:11:00+00:00","dateModified":"2024-07-04T16:20:38+00:00","mainEntityOfPage":{"@id":"https:\/\/www.uartes.edu.ec\/sitio\/fr\/blog\/2023\/10\/06\/entre-tejidos-arte-y-pedagogia\/"},"wordCount":696,"commentCount":0,"publisher":{"@id":"https:\/\/www.uartes.edu.ec\/sitio\/fr\/#organization"},"image":{"@id":"https:\/\/www.uartes.edu.ec\/sitio\/fr\/blog\/2023\/10\/06\/entre-tejidos-arte-y-pedagogia\/#primaryimage"},"thumbnailUrl":"https:\/\/www.uartes.edu.ec\/sitio\/wp-content\/uploads\/2023\/10\/01-TALLER-FIBRA.jpg","keywords":["encuentro ILIA"],"articleSection":["Acad\u00e9mico","Artes","Docentes","Estudiantes","Gesti\u00f3n","Investigaci\u00f3n","Sedes"],"inLanguage":"fr-FR","potentialAction":[{"@type":"CommentAction","name":"Comment","target":["https:\/\/www.uartes.edu.ec\/sitio\/fr\/blog\/2023\/10\/06\/entre-tejidos-arte-y-pedagogia\/#respond"]}]},{"@type":["WebPage","ItemPage"],"@id":"https:\/\/www.uartes.edu.ec\/sitio\/fr\/blog\/2023\/10\/06\/entre-tejidos-arte-y-pedagogia\/","url":"https:\/\/www.uartes.edu.ec\/sitio\/fr\/blog\/2023\/10\/06\/entre-tejidos-arte-y-pedagogia\/","name":"Universidad de las Artes - Entre tejidos, arte y pedagog\u00eda","isPartOf":{"@id":"https:\/\/www.uartes.edu.ec\/sitio\/fr\/#website"},"primaryImageOfPage":{"@id":"https:\/\/www.uartes.edu.ec\/sitio\/fr\/blog\/2023\/10\/06\/entre-tejidos-arte-y-pedagogia\/#primaryimage"},"image":{"@id":"https:\/\/www.uartes.edu.ec\/sitio\/fr\/blog\/2023\/10\/06\/entre-tejidos-arte-y-pedagogia\/#primaryimage"},"thumbnailUrl":"https:\/\/www.uartes.edu.ec\/sitio\/wp-content\/uploads\/2023\/10\/01-TALLER-FIBRA.jpg","datePublished":"2023-10-06T21:11:00+00:00","dateModified":"2024-07-04T16:20:38+00:00","description":"Universidad de las Artes - Entre tejidos, arte y pedagog\u00eda","breadcrumb":{"@id":"https:\/\/www.uartes.edu.ec\/sitio\/fr\/blog\/2023\/10\/06\/entre-tejidos-arte-y-pedagogia\/#breadcrumb"},"inLanguage":"fr-FR","potentialAction":[{"@type":"ReadAction","target":["https:\/\/www.uartes.edu.ec\/sitio\/fr\/blog\/2023\/10\/06\/entre-tejidos-arte-y-pedagogia\/"]}]},{"@type":"ImageObject","inLanguage":"fr-FR","@id":"https:\/\/www.uartes.edu.ec\/sitio\/fr\/blog\/2023\/10\/06\/entre-tejidos-arte-y-pedagogia\/#primaryimage","url":"https:\/\/www.uartes.edu.ec\/sitio\/wp-content\/uploads\/2023\/10\/01-TALLER-FIBRA.jpg","contentUrl":"https:\/\/www.uartes.edu.ec\/sitio\/wp-content\/uploads\/2023\/10\/01-TALLER-FIBRA.jpg","width":2000,"height":1333},{"@type":"BreadcrumbList","@id":"https:\/\/www.uartes.edu.ec\/sitio\/fr\/blog\/2023\/10\/06\/entre-tejidos-arte-y-pedagogia\/#breadcrumb","itemListElement":[{"@type":"ListItem","position":1,"name":"Inicio","item":"https:\/\/www.uartes.edu.ec\/sitio\/"},{"@type":"ListItem","position":2,"name":"Entre tejidos, arte y pedagog\u00eda"}]},{"@type":"WebSite","@id":"https:\/\/www.uartes.edu.ec\/sitio\/fr\/#website","url":"https:\/\/www.uartes.edu.ec\/sitio\/fr\/","name":"Universidad de las Artes","description":"Sitio oficial de la Universidad Nacional de las Artes del Ecuador","publisher":{"@id":"https:\/\/www.uartes.edu.ec\/sitio\/fr\/#organization"},"potentialAction":[{"@type":"SearchAction","target":{"@type":"EntryPoint","urlTemplate":"https:\/\/www.uartes.edu.ec\/sitio\/fr\/?s={search_term_string}"},"query-input":{"@type":"PropertyValueSpecification","valueRequired":true,"valueName":"search_term_string"}}],"inLanguage":"fr-FR"},{"@type":"Organization","@id":"https:\/\/www.uartes.edu.ec\/sitio\/fr\/#organization","name":"Universidad de las Artes","url":"https:\/\/www.uartes.edu.ec\/sitio\/fr\/","logo":{"@type":"ImageObject","inLanguage":"fr-FR","@id":"https:\/\/www.uartes.edu.ec\/sitio\/fr\/#\/schema\/logo\/image\/","url":"https:\/\/www.uartes.edu.ec\/sitio\/wp-content\/uploads\/2022\/07\/logo-ua-horizontal.png","contentUrl":"https:\/\/www.uartes.edu.ec\/sitio\/wp-content\/uploads\/2022\/07\/logo-ua-horizontal.png","width":800,"height":276,"caption":"Universidad de las Artes"},"image":{"@id":"https:\/\/www.uartes.edu.ec\/sitio\/fr\/#\/schema\/logo\/image\/"},"sameAs":["https:\/\/www.facebook.com\/uartesec","https:\/\/x.com\/uartesec","https:\/\/www.tiktok.com\/@uartesec"]},{"@type":"Person","@id":"https:\/\/www.uartes.edu.ec\/sitio\/fr\/#\/schema\/person\/efa1b8275797664fd7f13a79ccc0b1f4","name":"ccortez","image":{"@type":"ImageObject","inLanguage":"fr-FR","@id":"https:\/\/secure.gravatar.com\/avatar\/b2a6f664a3ae8e074346ef91775736c5ec479e637ecced6842de9dc98b5da9cd?s=96&d=mm&r=g","url":"https:\/\/secure.gravatar.com\/avatar\/b2a6f664a3ae8e074346ef91775736c5ec479e637ecced6842de9dc98b5da9cd?s=96&d=mm&r=g","contentUrl":"https:\/\/secure.gravatar.com\/avatar\/b2a6f664a3ae8e074346ef91775736c5ec479e637ecced6842de9dc98b5da9cd?s=96&d=mm&r=g","caption":"ccortez"},"url":"https:\/\/www.uartes.edu.ec\/sitio\/fr\/blog\/author\/ccortez\/"}]}},"uagb_featured_image_src":{"full":["https:\/\/www.uartes.edu.ec\/sitio\/wp-content\/uploads\/2023\/10\/01-TALLER-FIBRA.jpg",2000,1333,false],"thumbnail":["https:\/\/www.uartes.edu.ec\/sitio\/wp-content\/uploads\/2023\/10\/01-TALLER-FIBRA-150x150.jpg",150,150,true],"medium":["https:\/\/www.uartes.edu.ec\/sitio\/wp-content\/uploads\/2023\/10\/01-TALLER-FIBRA-300x200.jpg",300,200,true],"medium_large":["https:\/\/www.uartes.edu.ec\/sitio\/wp-content\/uploads\/2023\/10\/01-TALLER-FIBRA-768x512.jpg",768,512,true],"large":["https:\/\/www.uartes.edu.ec\/sitio\/wp-content\/uploads\/2023\/10\/01-TALLER-FIBRA-644x429.jpg",644,429,true],"1536x1536":["https:\/\/www.uartes.edu.ec\/sitio\/wp-content\/uploads\/2023\/10\/01-TALLER-FIBRA-1536x1024.jpg",1536,1024,true],"2048x2048":["https:\/\/www.uartes.edu.ec\/sitio\/wp-content\/uploads\/2023\/10\/01-TALLER-FIBRA.jpg",2000,1333,false],"trp-custom-language-flag":["https:\/\/www.uartes.edu.ec\/sitio\/wp-content\/uploads\/2023\/10\/01-TALLER-FIBRA.jpg",18,12,false],"htmega_size_585x295":["https:\/\/www.uartes.edu.ec\/sitio\/wp-content\/uploads\/2023\/10\/01-TALLER-FIBRA-585x295.jpg",585,295,true],"htmega_size_1170x536":["https:\/\/www.uartes.edu.ec\/sitio\/wp-content\/uploads\/2023\/10\/01-TALLER-FIBRA-1170x536.jpg",1170,536,true],"htmega_size_396x360":["https:\/\/www.uartes.edu.ec\/sitio\/wp-content\/uploads\/2023\/10\/01-TALLER-FIBRA-396x360.jpg",396,360,true],"gb-block-post-grid-landscape":["https:\/\/www.uartes.edu.ec\/sitio\/wp-content\/uploads\/2023\/10\/01-TALLER-FIBRA-600x400.jpg",600,400,true],"gb-block-post-grid-square":["https:\/\/www.uartes.edu.ec\/sitio\/wp-content\/uploads\/2023\/10\/01-TALLER-FIBRA-600x600.jpg",600,600,true],"university-hub-thumb":["https:\/\/www.uartes.edu.ec\/sitio\/wp-content\/uploads\/2023\/10\/01-TALLER-FIBRA-400x267.jpg",400,267,true]},"uagb_author_info":{"display_name":"ccortez","author_link":"https:\/\/www.uartes.edu.ec\/sitio\/fr\/blog\/author\/ccortez\/"},"uagb_comment_info":0,"uagb_excerpt":"Con los artistas y docentes Cristian Villavicencio y Gabriela Fabre como facilitadores, y la participaci\u00f3n de Manuel Rodr\u00edguez, del pueblo ind\u00edgena de los Chachis, se desarroll\u00f3 el taller \u201cFibras. Entretejidos de arte y pedagog\u00eda\u201d. Tuvo lugar en la Biblioteca de las Artes, en el marco del VII Encuentro Internacional de Investigaci\u00f3n en Artes, organizado por\u2026","featured_image_src":"https:\/\/www.uartes.edu.ec\/sitio\/wp-content\/uploads\/2023\/10\/01-TALLER-FIBRA-600x400.jpg","featured_image_src_square":"https:\/\/www.uartes.edu.ec\/sitio\/wp-content\/uploads\/2023\/10\/01-TALLER-FIBRA-600x600.jpg","author_info":{"display_name":"ccortez","author_link":"https:\/\/www.uartes.edu.ec\/sitio\/fr\/blog\/author\/ccortez\/"},"publishpress_future_workflow_manual_trigger":{"enabledWorkflows":[]},"distributor_meta":false,"distributor_terms":false,"distributor_media":false,"distributor_original_site_name":"Universidad de las Artes","distributor_original_site_url":"https:\/\/www.uartes.edu.ec\/sitio\/fr","push-errors":false,"_links":{"self":[{"href":"https:\/\/www.uartes.edu.ec\/sitio\/fr\/wp-json\/wp\/v2\/posts\/47682","targetHints":{"allow":["GET"]}}],"collection":[{"href":"https:\/\/www.uartes.edu.ec\/sitio\/fr\/wp-json\/wp\/v2\/posts"}],"about":[{"href":"https:\/\/www.uartes.edu.ec\/sitio\/fr\/wp-json\/wp\/v2\/types\/post"}],"author":[{"embeddable":true,"href":"https:\/\/www.uartes.edu.ec\/sitio\/fr\/wp-json\/wp\/v2\/users\/10"}],"replies":[{"embeddable":true,"href":"https:\/\/www.uartes.edu.ec\/sitio\/fr\/wp-json\/wp\/v2\/comments?post=47682"}],"version-history":[{"count":17,"href":"https:\/\/www.uartes.edu.ec\/sitio\/fr\/wp-json\/wp\/v2\/posts\/47682\/revisions"}],"predecessor-version":[{"id":56953,"href":"https:\/\/www.uartes.edu.ec\/sitio\/fr\/wp-json\/wp\/v2\/posts\/47682\/revisions\/56953"}],"wp:featuredmedia":[{"embeddable":true,"href":"https:\/\/www.uartes.edu.ec\/sitio\/fr\/wp-json\/wp\/v2\/media\/47708"}],"wp:attachment":[{"href":"https:\/\/www.uartes.edu.ec\/sitio\/fr\/wp-json\/wp\/v2\/media?parent=47682"}],"wp:term":[{"taxonomy":"category","embeddable":true,"href":"https:\/\/www.uartes.edu.ec\/sitio\/fr\/wp-json\/wp\/v2\/categories?post=47682"},{"taxonomy":"post_tag","embeddable":true,"href":"https:\/\/www.uartes.edu.ec\/sitio\/fr\/wp-json\/wp\/v2\/tags?post=47682"},{"taxonomy":"infouartes","embeddable":true,"href":"https:\/\/www.uartes.edu.ec\/sitio\/fr\/wp-json\/wp\/v2\/infouartes?post=47682"}],"curies":[{"name":"wp","href":"https:\/\/api.w.org\/{rel}","templated":true}]}}