{"id":47855,"date":"2023-10-08T15:20:00","date_gmt":"2023-10-08T20:20:00","guid":{"rendered":"https:\/\/www.uartes.edu.ec\/sitio\/?p=47855"},"modified":"2024-07-04T11:20:37","modified_gmt":"2024-07-04T16:20:37","slug":"visiones-comparadas-sobre-la-gestion-publica-de-la-cultura","status":"publish","type":"post","link":"https:\/\/www.uartes.edu.ec\/sitio\/fr\/blog\/2023\/10\/08\/visiones-comparadas-sobre-la-gestion-publica-de-la-cultura\/","title":{"rendered":"\u201cVisiones comparadas sobre la gesti\u00f3n p\u00fablica de la cultura\u201d, di\u00e1logo en ILIA"},"content":{"rendered":"<p>La mesa de di\u00e1logo \u201cVisiones comparadas sobre la gesti\u00f3n p\u00fablica de la cultura\u201d continu\u00f3 el jueves 5 de octubre con las actividades del VII Encuentro Internacional de Investigaci\u00f3n en Artes. Participaron como ponentes Larissa Marangoni, presidenta de la Empresa P\u00fablica de Turismo e Internacionalizaci\u00f3n de Guayaquil, y Valeria Coronel, secretaria de Cultura del Distrito Municipal de Quito; como moderador Pablo Cardoso, director del ILIA, dispositivo de la Universidad de las Artes organizador de la cita.<\/p>\n\n\n\n<p>Tras la bienvenida y los agradecimientos respectivos al p\u00fablico y a las ponentes, Cardoso pregunt\u00f3 a Marangoni acerca de la recepci\u00f3n de competencias que ahora tiene y cu\u00e1l era el balance de la situaci\u00f3n de lo recibido. Ella hizo referencia al duro proceso que fue, ya que a la cultura se la relaciona con el entretenimiento o con un evento equivalente al turismo. No hay una l\u00ednea muy marcada, dijo y diferenci\u00f3 las concepciones de cultura, patrimonio y museos.<\/p>\n\n\n\n<p>Indic\u00f3 que era una buena idea que la cultura y el turismo se unieran, dado que dentro del turismo a los artistas se les puede brindar espacios. Comparti\u00f3 que se est\u00e1 organizando lo mejor posible espacios como Samanes 1. \u201c(\u2026) La idea de cultura y turismo unificados resguarda los fondos para generar crear y ejecutar m\u00e1s proyectos para el desarrollo de Guayaquil\u201d, dijo.<\/p>\n\n\n\n<p>De la Secretar\u00eda de Cultura del Distrito Municipal de Quito y de c\u00f3mo la recibi\u00f3, Valeria Coronel se\u00f1al\u00f3 su complejidad por la constelaci\u00f3n de instituciones y espacios. Formados en distintas d\u00e9cadas y con distintos objetivos. Muchas veces contradictorios y con muchas ordenanzas dispersas que siguen vigentes. En respuesta a esta problem\u00e1tica, se plante\u00f3 una estrategia de intervenci\u00f3n de los espacios, lo cual permiti\u00f3 conocer los consumos culturales de la capital a trav\u00e9s de metodolog\u00edas art\u00edsticas. La alcald\u00eda, precis\u00f3, trabaja intersectorialmente para crear un diagn\u00f3stico con las administraciones zonales acerca del tipo de m\u00fasica y creaci\u00f3n cultural que interesa en los barrios.<\/p>\n\n\n<div class=\"wp-block-image\">\n<figure class=\"aligncenter size-large\"><img fetchpriority=\"high\" decoding=\"async\" width=\"644\" height=\"429\" src=\"https:\/\/www.uartes.edu.ec\/sitio\/wp-content\/uploads\/2023\/10\/03-Visiones-comparadas-sobre-la-gestion-publica-de-la-cultura-644x429.jpg\" alt=\"\" class=\"wp-image-47876\" srcset=\"https:\/\/www.uartes.edu.ec\/sitio\/wp-content\/uploads\/2023\/10\/03-Visiones-comparadas-sobre-la-gestion-publica-de-la-cultura-644x429.jpg 644w, https:\/\/www.uartes.edu.ec\/sitio\/wp-content\/uploads\/2023\/10\/03-Visiones-comparadas-sobre-la-gestion-publica-de-la-cultura-768x511.jpg 768w, https:\/\/www.uartes.edu.ec\/sitio\/wp-content\/uploads\/2023\/10\/03-Visiones-comparadas-sobre-la-gestion-publica-de-la-cultura.jpg 2000w, https:\/\/www.uartes.edu.ec\/sitio\/wp-content\/uploads\/2023\/10\/03-Visiones-comparadas-sobre-la-gestion-publica-de-la-cultura-600x399.jpg 600w, https:\/\/www.uartes.edu.ec\/sitio\/wp-content\/uploads\/2023\/10\/03-Visiones-comparadas-sobre-la-gestion-publica-de-la-cultura-272x182.jpg 272w\" sizes=\"(max-width: 644px) 100vw, 644px\" \/><\/figure>\n<\/div>\n\n\n<p>Con aquellos experimentos sociales se busca en un principio recuperar el espacio p\u00fablico, y abandonar la fragmentaci\u00f3n de la ciudad, sostuvo y revel\u00f3 que en su diagn\u00f3stico hall\u00f3 una concentraci\u00f3n de recursos y de legitimidad o de valor en el patrimonio en el fomento de las artes \u2015como en el Centro Hist\u00f3rico de Quito\u2015 y en el espacio p\u00fablico una exclusi\u00f3n.<\/p>\n\n\n\n<p>Cardoso comparti\u00f3 datos sobre los consumos art\u00edsticos de los ecuatorianos. Dijo que el 46% de los encuestados manifest\u00f3 que su principal fuente de asimilaci\u00f3n cultural son las fiestas populares y tradicionales y que solo el 6% asiste a los museos, por lo que la distribuci\u00f3n de recursos muchas veces est\u00e1 al rev\u00e9s.<\/p>\n\n\n\n<p>Tambi\u00e9n se indag\u00f3 en el tema de presupuestos y Marangoni revel\u00f3 que se basa en la tasa de pernoctaci\u00f3n. Cantidad fija por noche de alojamiento en cualquier piso de alquiler por estancia tur\u00edstica, generando autosustentaci\u00f3n como recurso humano en la tasa de turismo y de pernoctaci\u00f3n (\u2026). Cardoso pregunt\u00f3 a Coronel si en Quito exist\u00eda este sistema de informaci\u00f3n en el Municipio y la ponente explic\u00f3 que hay en su lugar un problema de archivo. El director del ILIA agreg\u00f3 que un diagn\u00f3stico arroj\u00f3 que 6 de cada 10 municipios no poseen ning\u00fan tipo de sistema de informaci\u00f3n y de registro que permita tomar decisiones.<\/p>\n\n\n\n<p>Durante el di\u00e1logo se habl\u00f3 de los fondos de fomento, como el IFCI o el ICCA, y Cardoso pregunt\u00f3 a Coronel al respecto. Ella destac\u00f3 la importancia de que la cultura obtenga apoyo p\u00fablico para razones espec\u00edficas de los derechos culturales, pero que deben existir condiciones \u00f3ptimas que ayuden a que se mantenga una econom\u00eda de la cultura. Desde su perspectiva y an\u00e1lisis, los fomentos no han sido estrat\u00e9gicos. Por ejemplo, el surgimiento del cine ecuatoriano, pero sin canales de difusi\u00f3n que fomenten la creaci\u00f3n y la circulaci\u00f3n de las producciones. Se busc\u00f3 la cooperaci\u00f3n de distintos actores de la producci\u00f3n cultural para cuestionar una tensi\u00f3n.<\/p>\n\n\n<div class=\"wp-block-image\">\n<figure class=\"aligncenter size-large\"><img decoding=\"async\" width=\"644\" height=\"429\" src=\"https:\/\/www.uartes.edu.ec\/sitio\/wp-content\/uploads\/2023\/10\/02-Visiones-comparadas-sobre-la-gestion-publica-de-la-cultura-644x429.jpg\" alt=\"\" class=\"wp-image-47877\" srcset=\"https:\/\/www.uartes.edu.ec\/sitio\/wp-content\/uploads\/2023\/10\/02-Visiones-comparadas-sobre-la-gestion-publica-de-la-cultura-644x429.jpg 644w, https:\/\/www.uartes.edu.ec\/sitio\/wp-content\/uploads\/2023\/10\/02-Visiones-comparadas-sobre-la-gestion-publica-de-la-cultura-300x200.jpg 300w, https:\/\/www.uartes.edu.ec\/sitio\/wp-content\/uploads\/2023\/10\/02-Visiones-comparadas-sobre-la-gestion-publica-de-la-cultura-768x512.jpg 768w, https:\/\/www.uartes.edu.ec\/sitio\/wp-content\/uploads\/2023\/10\/02-Visiones-comparadas-sobre-la-gestion-publica-de-la-cultura-1536x1024.jpg 1536w, https:\/\/www.uartes.edu.ec\/sitio\/wp-content\/uploads\/2023\/10\/02-Visiones-comparadas-sobre-la-gestion-publica-de-la-cultura-600x400.jpg 600w, https:\/\/www.uartes.edu.ec\/sitio\/wp-content\/uploads\/2023\/10\/02-Visiones-comparadas-sobre-la-gestion-publica-de-la-cultura-400x267.jpg 400w, https:\/\/www.uartes.edu.ec\/sitio\/wp-content\/uploads\/2023\/10\/02-Visiones-comparadas-sobre-la-gestion-publica-de-la-cultura-272x182.jpg 272w, https:\/\/www.uartes.edu.ec\/sitio\/wp-content\/uploads\/2023\/10\/02-Visiones-comparadas-sobre-la-gestion-publica-de-la-cultura.jpg 2000w\" sizes=\"(max-width: 644px) 100vw, 644px\" \/><\/figure>\n<\/div>\n\n\n<p>\u00bfLa econom\u00eda de la cultura es la econom\u00eda del turismo o es la econom\u00eda del conocimiento? Coronel anot\u00f3 que en la cadena global del turismo en las regiones andinas sol\u00edan tender \u2015al menos en Quito\u2015 a ser excluyentes. No generaban producci\u00f3n, sino una cadena global de comercio, estereotipando las identidades.<\/p>\n\n\n\n<p>En contextos de ciudades racistas, la estereotipaci\u00f3n de poblaciones para fines tur\u00edsticos ha detonado en desposesi\u00f3n, esperando que las parroquias rurales se mantengan en la tradici\u00f3n e ignorando sus conflictos contempor\u00e1neos. Para Coronel, se deb\u00eda fortalecer m\u00e1s el campo pol\u00edtico para fortalecer la econom\u00eda. Marangoni dijo que los artistas tienen oportunidad y control de sus proyectos. Como autoridad, expres\u00f3, ten\u00eda una visi\u00f3n clara junto con el alcalde de Guayaquil, Aquiles Alvarez, de las oportunidades necesarias para el desarrollo de los artistas, pero con un inter\u00e9s de impacto comunitario (\u2026). &nbsp;<\/p>\n\n\n\n<p>El turismo y la cultura son todo, recalc\u00f3 Marangoni y anot\u00f3 que no se pod\u00eda centrar en algo en espec\u00edfico en la gesti\u00f3n p\u00fablica. Era buscar sacar a Guayaquil adelante con sus espacios que han estado olvidados, que la ciudad ten\u00eda reservas que deben de ser accionados con un proceso educativo de las personas que habitan y que son parte de aquellos patrimonios.<\/p>\n\n\n\n<p>El tema de presupuesto en la Secretar\u00eda del Distrito Municipal de Quito volvi\u00f3 a la mesa de dialog\u00f3 y la funcionaria de la Secretar\u00eda de Cultura explic\u00f3 que el de cultura estaba dividido en dos partes. El 50% destinado a las fundaciones privadas \u2015creadas en el gobierno de Paco Moncayo\u2015. En ese momento eran el modelo para crear recursos propios, pero con limitaciones de programaci\u00f3n e incluso sin la l\u00f3gica de generar recursos visibles. El 51% que recib\u00edan estas fundaciones son p\u00fablicos. La otra mitad estaban dirigidos a la subsistencia del sistema. En s\u00ed, son cerca de 29 espacios culturales entre museos, teatros, parques urbanos, antiguas plazas, etc. que deben de poseer una gesti\u00f3n cultural y hay que sostenerlos con la mitad del presupuesto. Entonces, una cuarta parte de esos recursos son para la programaci\u00f3n de la Secretar\u00eda de Cultura para toda la ciudad de Quito.<\/p>\n\n\n\n<p>Tras abordar aspectos como las fiestas de Quito, que Coronel aclar\u00f3 son una contribuci\u00f3n de otras instituciones, y las de Guayaquil, que Marangoni inform\u00f3 el alcalde hizo una divisi\u00f3n y que en s\u00ed la Empresa P\u00fablica de Turismo e Internacionalizaci\u00f3n de Guayaquil no maneja ni promoci\u00f3n c\u00edvica ni eventos, Cardoso dio paso a que la audiencia formular\u00e1 preguntas, cuestionando sobre los m\u00e9todos de pago, preocupaciones sobre el desarrollo de los proyectos, la ausencia de las pol\u00edticas de la cultura y la convivencia con las comunidades en el \u00e1mbito cultural.<\/p>\n\n\n\n<p>Cobertura: Andrea Berm\u00fadez Ortiz, estudiante de la Escuela de Literatura.<\/p>","protected":false},"excerpt":{"rendered":"<p>La mesa de di\u00e1logo \u201cVisiones comparadas sobre la gesti\u00f3n p\u00fablica de la cultura\u201d continu\u00f3 el 5 de octubre con las actividades del VII Encuentro Internacional de Investigaci\u00f3n en Artes. Participaron como ponentes Larissa Marangoni, presidenta de la Empresa P\u00fablica de Turismo e Internacionalizaci\u00f3n de Guayaquil, y Valeria Coronel, secretaria de Cultura del Distrito Municipal de Quito; como moderador Pablo Cardoso, director del ILIA, organizador de la cita. <\/p>","protected":false},"author":10,"featured_media":47875,"comment_status":"open","ping_status":"open","sticky":false,"template":"","format":"standard","meta":{"_acf_changed":false,"_uag_custom_page_level_css":"","_monsterinsights_skip_tracking":false,"_monsterinsights_sitenote_active":false,"_monsterinsights_sitenote_note":"","_monsterinsights_sitenote_category":0,"cybocfi_hide_featured_image":"","footnotes":""},"categories":[80,490,75,76,284,83],"tags":[1056],"infouartes":[],"class_list":["post-47855","post","type-post","status-publish","format-standard","has-post-thumbnail","hentry","category-academico","category-alumni","category-docentes","category-estudiantes","category-investigacion","category-sedes","tag-encuentro-ilia"],"acf":[],"yoast_head":"<!-- This site is optimized with the Yoast SEO plugin v27.4 - https:\/\/yoast.com\/product\/yoast-seo-wordpress\/ -->\n<title>Universidad de las Artes - \u201cVisiones comparadas sobre la gesti\u00f3n p\u00fablica de la cultura\u201d, di\u00e1logo en ILIA<\/title>\n<meta name=\"description\" content=\"Universidad de las Artes - \u201cVisiones comparadas sobre la gesti\u00f3n p\u00fablica de la cultura\u201d, di\u00e1logo en ILIA\" \/>\n<meta name=\"robots\" content=\"index, follow, max-snippet:-1, max-image-preview:large, max-video-preview:-1\" \/>\n<link rel=\"canonical\" href=\"https:\/\/www.uartes.edu.ec\/sitio\/fr\/blog\/2023\/10\/08\/visiones-comparadas-sobre-la-gestion-publica-de-la-cultura\/\" \/>\n<meta property=\"og:locale\" content=\"fr_FR\" \/>\n<meta property=\"og:type\" content=\"article\" \/>\n<meta property=\"og:title\" content=\"Universidad de las Artes - \u201cVisiones comparadas sobre la gesti\u00f3n p\u00fablica de la cultura\u201d, di\u00e1logo en ILIA\" \/>\n<meta property=\"og:description\" content=\"Universidad de las Artes - \u201cVisiones comparadas sobre la gesti\u00f3n p\u00fablica de la cultura\u201d, di\u00e1logo en ILIA\" \/>\n<meta property=\"og:url\" content=\"https:\/\/www.uartes.edu.ec\/sitio\/fr\/blog\/2023\/10\/08\/visiones-comparadas-sobre-la-gestion-publica-de-la-cultura\/\" \/>\n<meta property=\"og:site_name\" content=\"Universidad de las Artes\" \/>\n<meta property=\"article:publisher\" content=\"https:\/\/www.facebook.com\/uartesec\" \/>\n<meta property=\"article:published_time\" content=\"2023-10-08T20:20:00+00:00\" \/>\n<meta property=\"article:modified_time\" content=\"2024-07-04T16:20:37+00:00\" \/>\n<meta property=\"og:image\" content=\"https:\/\/www.uartes.edu.ec\/sitio\/wp-content\/uploads\/2023\/10\/01-Visiones-comparadas-sobre-la-gestion-publica-de-la-cultura.jpg\" \/>\n\t<meta property=\"og:image:width\" content=\"2000\" \/>\n\t<meta property=\"og:image:height\" content=\"1333\" \/>\n\t<meta property=\"og:image:type\" content=\"image\/jpeg\" \/>\n<meta name=\"author\" content=\"ccortez\" \/>\n<meta name=\"twitter:card\" content=\"summary_large_image\" \/>\n<meta name=\"twitter:creator\" content=\"@uartesec\" \/>\n<meta name=\"twitter:site\" content=\"@uartesec\" \/>\n<meta name=\"twitter:label1\" content=\"\u00c9crit par\" \/>\n\t<meta name=\"twitter:data1\" content=\"ccortez\" \/>\n\t<meta name=\"twitter:label2\" content=\"Dur\u00e9e de lecture estim\u00e9e\" \/>\n\t<meta name=\"twitter:data2\" content=\"6 minutes\" \/>\n<script type=\"application\/ld+json\" class=\"yoast-schema-graph\">{\"@context\":\"https:\\\/\\\/schema.org\",\"@graph\":[{\"@type\":\"Article\",\"@id\":\"https:\\\/\\\/www.uartes.edu.ec\\\/sitio\\\/fr\\\/blog\\\/2023\\\/10\\\/08\\\/visiones-comparadas-sobre-la-gestion-publica-de-la-cultura\\\/#article\",\"isPartOf\":{\"@id\":\"https:\\\/\\\/www.uartes.edu.ec\\\/sitio\\\/fr\\\/blog\\\/2023\\\/10\\\/08\\\/visiones-comparadas-sobre-la-gestion-publica-de-la-cultura\\\/\"},\"author\":{\"name\":\"ccortez\",\"@id\":\"https:\\\/\\\/www.uartes.edu.ec\\\/sitio\\\/fr\\\/#\\\/schema\\\/person\\\/efa1b8275797664fd7f13a79ccc0b1f4\"},\"headline\":\"\u201cVisiones comparadas sobre la gesti\u00f3n p\u00fablica de la cultura\u201d, di\u00e1logo en ILIA\",\"datePublished\":\"2023-10-08T20:20:00+00:00\",\"dateModified\":\"2024-07-04T16:20:37+00:00\",\"mainEntityOfPage\":{\"@id\":\"https:\\\/\\\/www.uartes.edu.ec\\\/sitio\\\/fr\\\/blog\\\/2023\\\/10\\\/08\\\/visiones-comparadas-sobre-la-gestion-publica-de-la-cultura\\\/\"},\"wordCount\":1192,\"commentCount\":0,\"publisher\":{\"@id\":\"https:\\\/\\\/www.uartes.edu.ec\\\/sitio\\\/fr\\\/#organization\"},\"image\":{\"@id\":\"https:\\\/\\\/www.uartes.edu.ec\\\/sitio\\\/fr\\\/blog\\\/2023\\\/10\\\/08\\\/visiones-comparadas-sobre-la-gestion-publica-de-la-cultura\\\/#primaryimage\"},\"thumbnailUrl\":\"https:\\\/\\\/www.uartes.edu.ec\\\/sitio\\\/wp-content\\\/uploads\\\/2023\\\/10\\\/01-Visiones-comparadas-sobre-la-gestion-publica-de-la-cultura.jpg\",\"keywords\":[\"encuentro ILIA\"],\"articleSection\":[\"Acad\u00e9mico\",\"Alumni\",\"Docentes\",\"Estudiantes\",\"Investigaci\u00f3n\",\"Sedes\"],\"inLanguage\":\"fr-FR\",\"potentialAction\":[{\"@type\":\"CommentAction\",\"name\":\"Comment\",\"target\":[\"https:\\\/\\\/www.uartes.edu.ec\\\/sitio\\\/fr\\\/blog\\\/2023\\\/10\\\/08\\\/visiones-comparadas-sobre-la-gestion-publica-de-la-cultura\\\/#respond\"]}]},{\"@type\":[\"WebPage\",\"ItemPage\"],\"@id\":\"https:\\\/\\\/www.uartes.edu.ec\\\/sitio\\\/fr\\\/blog\\\/2023\\\/10\\\/08\\\/visiones-comparadas-sobre-la-gestion-publica-de-la-cultura\\\/\",\"url\":\"https:\\\/\\\/www.uartes.edu.ec\\\/sitio\\\/fr\\\/blog\\\/2023\\\/10\\\/08\\\/visiones-comparadas-sobre-la-gestion-publica-de-la-cultura\\\/\",\"name\":\"Universidad de las Artes - \u201cVisiones comparadas sobre la gesti\u00f3n p\u00fablica de la cultura\u201d, di\u00e1logo en ILIA\",\"isPartOf\":{\"@id\":\"https:\\\/\\\/www.uartes.edu.ec\\\/sitio\\\/fr\\\/#website\"},\"primaryImageOfPage\":{\"@id\":\"https:\\\/\\\/www.uartes.edu.ec\\\/sitio\\\/fr\\\/blog\\\/2023\\\/10\\\/08\\\/visiones-comparadas-sobre-la-gestion-publica-de-la-cultura\\\/#primaryimage\"},\"image\":{\"@id\":\"https:\\\/\\\/www.uartes.edu.ec\\\/sitio\\\/fr\\\/blog\\\/2023\\\/10\\\/08\\\/visiones-comparadas-sobre-la-gestion-publica-de-la-cultura\\\/#primaryimage\"},\"thumbnailUrl\":\"https:\\\/\\\/www.uartes.edu.ec\\\/sitio\\\/wp-content\\\/uploads\\\/2023\\\/10\\\/01-Visiones-comparadas-sobre-la-gestion-publica-de-la-cultura.jpg\",\"datePublished\":\"2023-10-08T20:20:00+00:00\",\"dateModified\":\"2024-07-04T16:20:37+00:00\",\"description\":\"Universidad de las Artes - \u201cVisiones comparadas sobre la gesti\u00f3n p\u00fablica de la cultura\u201d, di\u00e1logo en ILIA\",\"breadcrumb\":{\"@id\":\"https:\\\/\\\/www.uartes.edu.ec\\\/sitio\\\/fr\\\/blog\\\/2023\\\/10\\\/08\\\/visiones-comparadas-sobre-la-gestion-publica-de-la-cultura\\\/#breadcrumb\"},\"inLanguage\":\"fr-FR\",\"potentialAction\":[{\"@type\":\"ReadAction\",\"target\":[\"https:\\\/\\\/www.uartes.edu.ec\\\/sitio\\\/fr\\\/blog\\\/2023\\\/10\\\/08\\\/visiones-comparadas-sobre-la-gestion-publica-de-la-cultura\\\/\"]}]},{\"@type\":\"ImageObject\",\"inLanguage\":\"fr-FR\",\"@id\":\"https:\\\/\\\/www.uartes.edu.ec\\\/sitio\\\/fr\\\/blog\\\/2023\\\/10\\\/08\\\/visiones-comparadas-sobre-la-gestion-publica-de-la-cultura\\\/#primaryimage\",\"url\":\"https:\\\/\\\/www.uartes.edu.ec\\\/sitio\\\/wp-content\\\/uploads\\\/2023\\\/10\\\/01-Visiones-comparadas-sobre-la-gestion-publica-de-la-cultura.jpg\",\"contentUrl\":\"https:\\\/\\\/www.uartes.edu.ec\\\/sitio\\\/wp-content\\\/uploads\\\/2023\\\/10\\\/01-Visiones-comparadas-sobre-la-gestion-publica-de-la-cultura.jpg\",\"width\":2000,\"height\":1333},{\"@type\":\"BreadcrumbList\",\"@id\":\"https:\\\/\\\/www.uartes.edu.ec\\\/sitio\\\/fr\\\/blog\\\/2023\\\/10\\\/08\\\/visiones-comparadas-sobre-la-gestion-publica-de-la-cultura\\\/#breadcrumb\",\"itemListElement\":[{\"@type\":\"ListItem\",\"position\":1,\"name\":\"Inicio\",\"item\":\"https:\\\/\\\/www.uartes.edu.ec\\\/sitio\\\/\"},{\"@type\":\"ListItem\",\"position\":2,\"name\":\"\u201cVisiones comparadas sobre la gesti\u00f3n p\u00fablica de la cultura\u201d, di\u00e1logo en ILIA\"}]},{\"@type\":\"WebSite\",\"@id\":\"https:\\\/\\\/www.uartes.edu.ec\\\/sitio\\\/fr\\\/#website\",\"url\":\"https:\\\/\\\/www.uartes.edu.ec\\\/sitio\\\/fr\\\/\",\"name\":\"Universidad de las Artes\",\"description\":\"Sitio oficial de la Universidad Nacional de las Artes del Ecuador\",\"publisher\":{\"@id\":\"https:\\\/\\\/www.uartes.edu.ec\\\/sitio\\\/fr\\\/#organization\"},\"potentialAction\":[{\"@type\":\"SearchAction\",\"target\":{\"@type\":\"EntryPoint\",\"urlTemplate\":\"https:\\\/\\\/www.uartes.edu.ec\\\/sitio\\\/fr\\\/?s={search_term_string}\"},\"query-input\":{\"@type\":\"PropertyValueSpecification\",\"valueRequired\":true,\"valueName\":\"search_term_string\"}}],\"inLanguage\":\"fr-FR\"},{\"@type\":\"Organization\",\"@id\":\"https:\\\/\\\/www.uartes.edu.ec\\\/sitio\\\/fr\\\/#organization\",\"name\":\"Universidad de las Artes\",\"url\":\"https:\\\/\\\/www.uartes.edu.ec\\\/sitio\\\/fr\\\/\",\"logo\":{\"@type\":\"ImageObject\",\"inLanguage\":\"fr-FR\",\"@id\":\"https:\\\/\\\/www.uartes.edu.ec\\\/sitio\\\/fr\\\/#\\\/schema\\\/logo\\\/image\\\/\",\"url\":\"https:\\\/\\\/www.uartes.edu.ec\\\/sitio\\\/wp-content\\\/uploads\\\/2022\\\/07\\\/logo-ua-horizontal.png\",\"contentUrl\":\"https:\\\/\\\/www.uartes.edu.ec\\\/sitio\\\/wp-content\\\/uploads\\\/2022\\\/07\\\/logo-ua-horizontal.png\",\"width\":800,\"height\":276,\"caption\":\"Universidad de las Artes\"},\"image\":{\"@id\":\"https:\\\/\\\/www.uartes.edu.ec\\\/sitio\\\/fr\\\/#\\\/schema\\\/logo\\\/image\\\/\"},\"sameAs\":[\"https:\\\/\\\/www.facebook.com\\\/uartesec\",\"https:\\\/\\\/x.com\\\/uartesec\",\"https:\\\/\\\/www.tiktok.com\\\/@uartesec\"]},{\"@type\":\"Person\",\"@id\":\"https:\\\/\\\/www.uartes.edu.ec\\\/sitio\\\/fr\\\/#\\\/schema\\\/person\\\/efa1b8275797664fd7f13a79ccc0b1f4\",\"name\":\"ccortez\",\"image\":{\"@type\":\"ImageObject\",\"inLanguage\":\"fr-FR\",\"@id\":\"https:\\\/\\\/secure.gravatar.com\\\/avatar\\\/b2a6f664a3ae8e074346ef91775736c5ec479e637ecced6842de9dc98b5da9cd?s=96&d=mm&r=g\",\"url\":\"https:\\\/\\\/secure.gravatar.com\\\/avatar\\\/b2a6f664a3ae8e074346ef91775736c5ec479e637ecced6842de9dc98b5da9cd?s=96&d=mm&r=g\",\"contentUrl\":\"https:\\\/\\\/secure.gravatar.com\\\/avatar\\\/b2a6f664a3ae8e074346ef91775736c5ec479e637ecced6842de9dc98b5da9cd?s=96&d=mm&r=g\",\"caption\":\"ccortez\"},\"url\":\"https:\\\/\\\/www.uartes.edu.ec\\\/sitio\\\/fr\\\/blog\\\/author\\\/ccortez\\\/\"}]}<\/script>\n<!-- \/ Yoast SEO plugin. -->","yoast_head_json":{"title":"Universidad de las Artes - \u201cVisiones comparadas sobre la gesti\u00f3n p\u00fablica de la cultura\u201d, di\u00e1logo en ILIA","description":"Universidad de las Artes - \u201cVisiones comparadas sobre la gesti\u00f3n p\u00fablica de la cultura\u201d, di\u00e1logo en ILIA","robots":{"index":"index","follow":"follow","max-snippet":"max-snippet:-1","max-image-preview":"max-image-preview:large","max-video-preview":"max-video-preview:-1"},"canonical":"https:\/\/www.uartes.edu.ec\/sitio\/fr\/blog\/2023\/10\/08\/visiones-comparadas-sobre-la-gestion-publica-de-la-cultura\/","og_locale":"fr_FR","og_type":"article","og_title":"Universidad de las Artes - \u201cVisiones comparadas sobre la gesti\u00f3n p\u00fablica de la cultura\u201d, di\u00e1logo en ILIA","og_description":"Universidad de las Artes - \u201cVisiones comparadas sobre la gesti\u00f3n p\u00fablica de la cultura\u201d, di\u00e1logo en ILIA","og_url":"https:\/\/www.uartes.edu.ec\/sitio\/fr\/blog\/2023\/10\/08\/visiones-comparadas-sobre-la-gestion-publica-de-la-cultura\/","og_site_name":"Universidad de las Artes","article_publisher":"https:\/\/www.facebook.com\/uartesec","article_published_time":"2023-10-08T20:20:00+00:00","article_modified_time":"2024-07-04T16:20:37+00:00","og_image":[{"width":2000,"height":1333,"url":"https:\/\/www.uartes.edu.ec\/sitio\/wp-content\/uploads\/2023\/10\/01-Visiones-comparadas-sobre-la-gestion-publica-de-la-cultura.jpg","type":"image\/jpeg"}],"author":"ccortez","twitter_card":"summary_large_image","twitter_creator":"@uartesec","twitter_site":"@uartesec","twitter_misc":{"\u00c9crit par":"ccortez","Dur\u00e9e de lecture estim\u00e9e":"6 minutes"},"schema":{"@context":"https:\/\/schema.org","@graph":[{"@type":"Article","@id":"https:\/\/www.uartes.edu.ec\/sitio\/fr\/blog\/2023\/10\/08\/visiones-comparadas-sobre-la-gestion-publica-de-la-cultura\/#article","isPartOf":{"@id":"https:\/\/www.uartes.edu.ec\/sitio\/fr\/blog\/2023\/10\/08\/visiones-comparadas-sobre-la-gestion-publica-de-la-cultura\/"},"author":{"name":"ccortez","@id":"https:\/\/www.uartes.edu.ec\/sitio\/fr\/#\/schema\/person\/efa1b8275797664fd7f13a79ccc0b1f4"},"headline":"\u201cVisiones comparadas sobre la gesti\u00f3n p\u00fablica de la cultura\u201d, di\u00e1logo en ILIA","datePublished":"2023-10-08T20:20:00+00:00","dateModified":"2024-07-04T16:20:37+00:00","mainEntityOfPage":{"@id":"https:\/\/www.uartes.edu.ec\/sitio\/fr\/blog\/2023\/10\/08\/visiones-comparadas-sobre-la-gestion-publica-de-la-cultura\/"},"wordCount":1192,"commentCount":0,"publisher":{"@id":"https:\/\/www.uartes.edu.ec\/sitio\/fr\/#organization"},"image":{"@id":"https:\/\/www.uartes.edu.ec\/sitio\/fr\/blog\/2023\/10\/08\/visiones-comparadas-sobre-la-gestion-publica-de-la-cultura\/#primaryimage"},"thumbnailUrl":"https:\/\/www.uartes.edu.ec\/sitio\/wp-content\/uploads\/2023\/10\/01-Visiones-comparadas-sobre-la-gestion-publica-de-la-cultura.jpg","keywords":["encuentro ILIA"],"articleSection":["Acad\u00e9mico","Alumni","Docentes","Estudiantes","Investigaci\u00f3n","Sedes"],"inLanguage":"fr-FR","potentialAction":[{"@type":"CommentAction","name":"Comment","target":["https:\/\/www.uartes.edu.ec\/sitio\/fr\/blog\/2023\/10\/08\/visiones-comparadas-sobre-la-gestion-publica-de-la-cultura\/#respond"]}]},{"@type":["WebPage","ItemPage"],"@id":"https:\/\/www.uartes.edu.ec\/sitio\/fr\/blog\/2023\/10\/08\/visiones-comparadas-sobre-la-gestion-publica-de-la-cultura\/","url":"https:\/\/www.uartes.edu.ec\/sitio\/fr\/blog\/2023\/10\/08\/visiones-comparadas-sobre-la-gestion-publica-de-la-cultura\/","name":"Universidad de las Artes - \u201cVisiones comparadas sobre la gesti\u00f3n p\u00fablica de la cultura\u201d, di\u00e1logo en ILIA","isPartOf":{"@id":"https:\/\/www.uartes.edu.ec\/sitio\/fr\/#website"},"primaryImageOfPage":{"@id":"https:\/\/www.uartes.edu.ec\/sitio\/fr\/blog\/2023\/10\/08\/visiones-comparadas-sobre-la-gestion-publica-de-la-cultura\/#primaryimage"},"image":{"@id":"https:\/\/www.uartes.edu.ec\/sitio\/fr\/blog\/2023\/10\/08\/visiones-comparadas-sobre-la-gestion-publica-de-la-cultura\/#primaryimage"},"thumbnailUrl":"https:\/\/www.uartes.edu.ec\/sitio\/wp-content\/uploads\/2023\/10\/01-Visiones-comparadas-sobre-la-gestion-publica-de-la-cultura.jpg","datePublished":"2023-10-08T20:20:00+00:00","dateModified":"2024-07-04T16:20:37+00:00","description":"Universidad de las Artes - \u201cVisiones comparadas sobre la gesti\u00f3n p\u00fablica de la cultura\u201d, di\u00e1logo en ILIA","breadcrumb":{"@id":"https:\/\/www.uartes.edu.ec\/sitio\/fr\/blog\/2023\/10\/08\/visiones-comparadas-sobre-la-gestion-publica-de-la-cultura\/#breadcrumb"},"inLanguage":"fr-FR","potentialAction":[{"@type":"ReadAction","target":["https:\/\/www.uartes.edu.ec\/sitio\/fr\/blog\/2023\/10\/08\/visiones-comparadas-sobre-la-gestion-publica-de-la-cultura\/"]}]},{"@type":"ImageObject","inLanguage":"fr-FR","@id":"https:\/\/www.uartes.edu.ec\/sitio\/fr\/blog\/2023\/10\/08\/visiones-comparadas-sobre-la-gestion-publica-de-la-cultura\/#primaryimage","url":"https:\/\/www.uartes.edu.ec\/sitio\/wp-content\/uploads\/2023\/10\/01-Visiones-comparadas-sobre-la-gestion-publica-de-la-cultura.jpg","contentUrl":"https:\/\/www.uartes.edu.ec\/sitio\/wp-content\/uploads\/2023\/10\/01-Visiones-comparadas-sobre-la-gestion-publica-de-la-cultura.jpg","width":2000,"height":1333},{"@type":"BreadcrumbList","@id":"https:\/\/www.uartes.edu.ec\/sitio\/fr\/blog\/2023\/10\/08\/visiones-comparadas-sobre-la-gestion-publica-de-la-cultura\/#breadcrumb","itemListElement":[{"@type":"ListItem","position":1,"name":"Inicio","item":"https:\/\/www.uartes.edu.ec\/sitio\/"},{"@type":"ListItem","position":2,"name":"\u201cVisiones comparadas sobre la gesti\u00f3n p\u00fablica de la cultura\u201d, di\u00e1logo en ILIA"}]},{"@type":"WebSite","@id":"https:\/\/www.uartes.edu.ec\/sitio\/fr\/#website","url":"https:\/\/www.uartes.edu.ec\/sitio\/fr\/","name":"Universidad de las Artes","description":"Sitio oficial de la Universidad Nacional de las Artes del Ecuador","publisher":{"@id":"https:\/\/www.uartes.edu.ec\/sitio\/fr\/#organization"},"potentialAction":[{"@type":"SearchAction","target":{"@type":"EntryPoint","urlTemplate":"https:\/\/www.uartes.edu.ec\/sitio\/fr\/?s={search_term_string}"},"query-input":{"@type":"PropertyValueSpecification","valueRequired":true,"valueName":"search_term_string"}}],"inLanguage":"fr-FR"},{"@type":"Organization","@id":"https:\/\/www.uartes.edu.ec\/sitio\/fr\/#organization","name":"Universidad de las Artes","url":"https:\/\/www.uartes.edu.ec\/sitio\/fr\/","logo":{"@type":"ImageObject","inLanguage":"fr-FR","@id":"https:\/\/www.uartes.edu.ec\/sitio\/fr\/#\/schema\/logo\/image\/","url":"https:\/\/www.uartes.edu.ec\/sitio\/wp-content\/uploads\/2022\/07\/logo-ua-horizontal.png","contentUrl":"https:\/\/www.uartes.edu.ec\/sitio\/wp-content\/uploads\/2022\/07\/logo-ua-horizontal.png","width":800,"height":276,"caption":"Universidad de las Artes"},"image":{"@id":"https:\/\/www.uartes.edu.ec\/sitio\/fr\/#\/schema\/logo\/image\/"},"sameAs":["https:\/\/www.facebook.com\/uartesec","https:\/\/x.com\/uartesec","https:\/\/www.tiktok.com\/@uartesec"]},{"@type":"Person","@id":"https:\/\/www.uartes.edu.ec\/sitio\/fr\/#\/schema\/person\/efa1b8275797664fd7f13a79ccc0b1f4","name":"ccortez","image":{"@type":"ImageObject","inLanguage":"fr-FR","@id":"https:\/\/secure.gravatar.com\/avatar\/b2a6f664a3ae8e074346ef91775736c5ec479e637ecced6842de9dc98b5da9cd?s=96&d=mm&r=g","url":"https:\/\/secure.gravatar.com\/avatar\/b2a6f664a3ae8e074346ef91775736c5ec479e637ecced6842de9dc98b5da9cd?s=96&d=mm&r=g","contentUrl":"https:\/\/secure.gravatar.com\/avatar\/b2a6f664a3ae8e074346ef91775736c5ec479e637ecced6842de9dc98b5da9cd?s=96&d=mm&r=g","caption":"ccortez"},"url":"https:\/\/www.uartes.edu.ec\/sitio\/fr\/blog\/author\/ccortez\/"}]}},"uagb_featured_image_src":{"full":["https:\/\/www.uartes.edu.ec\/sitio\/wp-content\/uploads\/2023\/10\/01-Visiones-comparadas-sobre-la-gestion-publica-de-la-cultura.jpg",2000,1333,false],"thumbnail":["https:\/\/www.uartes.edu.ec\/sitio\/wp-content\/uploads\/2023\/10\/01-Visiones-comparadas-sobre-la-gestion-publica-de-la-cultura-150x150.jpg",150,150,true],"medium":["https:\/\/www.uartes.edu.ec\/sitio\/wp-content\/uploads\/2023\/10\/01-Visiones-comparadas-sobre-la-gestion-publica-de-la-cultura-300x200.jpg",300,200,true],"medium_large":["https:\/\/www.uartes.edu.ec\/sitio\/wp-content\/uploads\/2023\/10\/01-Visiones-comparadas-sobre-la-gestion-publica-de-la-cultura-768x512.jpg",768,512,true],"large":["https:\/\/www.uartes.edu.ec\/sitio\/wp-content\/uploads\/2023\/10\/01-Visiones-comparadas-sobre-la-gestion-publica-de-la-cultura-644x429.jpg",644,429,true],"1536x1536":["https:\/\/www.uartes.edu.ec\/sitio\/wp-content\/uploads\/2023\/10\/01-Visiones-comparadas-sobre-la-gestion-publica-de-la-cultura-1536x1024.jpg",1536,1024,true],"2048x2048":["https:\/\/www.uartes.edu.ec\/sitio\/wp-content\/uploads\/2023\/10\/01-Visiones-comparadas-sobre-la-gestion-publica-de-la-cultura.jpg",2000,1333,false],"trp-custom-language-flag":["https:\/\/www.uartes.edu.ec\/sitio\/wp-content\/uploads\/2023\/10\/01-Visiones-comparadas-sobre-la-gestion-publica-de-la-cultura.jpg",18,12,false],"htmega_size_585x295":["https:\/\/www.uartes.edu.ec\/sitio\/wp-content\/uploads\/2023\/10\/01-Visiones-comparadas-sobre-la-gestion-publica-de-la-cultura-585x295.jpg",585,295,true],"htmega_size_1170x536":["https:\/\/www.uartes.edu.ec\/sitio\/wp-content\/uploads\/2023\/10\/01-Visiones-comparadas-sobre-la-gestion-publica-de-la-cultura-1170x536.jpg",1170,536,true],"htmega_size_396x360":["https:\/\/www.uartes.edu.ec\/sitio\/wp-content\/uploads\/2023\/10\/01-Visiones-comparadas-sobre-la-gestion-publica-de-la-cultura-396x360.jpg",396,360,true],"gb-block-post-grid-landscape":["https:\/\/www.uartes.edu.ec\/sitio\/wp-content\/uploads\/2023\/10\/01-Visiones-comparadas-sobre-la-gestion-publica-de-la-cultura-600x400.jpg",600,400,true],"gb-block-post-grid-square":["https:\/\/www.uartes.edu.ec\/sitio\/wp-content\/uploads\/2023\/10\/01-Visiones-comparadas-sobre-la-gestion-publica-de-la-cultura-600x600.jpg",600,600,true],"university-hub-thumb":["https:\/\/www.uartes.edu.ec\/sitio\/wp-content\/uploads\/2023\/10\/01-Visiones-comparadas-sobre-la-gestion-publica-de-la-cultura-400x267.jpg",400,267,true]},"uagb_author_info":{"display_name":"ccortez","author_link":"https:\/\/www.uartes.edu.ec\/sitio\/fr\/blog\/author\/ccortez\/"},"uagb_comment_info":0,"uagb_excerpt":"La mesa de di\u00e1logo \u201cVisiones comparadas sobre la gesti\u00f3n p\u00fablica de la cultura\u201d continu\u00f3 el 5 de octubre con las actividades del VII Encuentro Internacional de Investigaci\u00f3n en Artes. Participaron como ponentes Larissa Marangoni, presidenta de la Empresa P\u00fablica de Turismo e Internacionalizaci\u00f3n de Guayaquil, y Valeria Coronel, secretaria de Cultura del Distrito Municipal de\u2026","featured_image_src":"https:\/\/www.uartes.edu.ec\/sitio\/wp-content\/uploads\/2023\/10\/01-Visiones-comparadas-sobre-la-gestion-publica-de-la-cultura-600x400.jpg","featured_image_src_square":"https:\/\/www.uartes.edu.ec\/sitio\/wp-content\/uploads\/2023\/10\/01-Visiones-comparadas-sobre-la-gestion-publica-de-la-cultura-600x600.jpg","author_info":{"display_name":"ccortez","author_link":"https:\/\/www.uartes.edu.ec\/sitio\/fr\/blog\/author\/ccortez\/"},"publishpress_future_workflow_manual_trigger":{"enabledWorkflows":[]},"distributor_meta":false,"distributor_terms":false,"distributor_media":false,"distributor_original_site_name":"Universidad de las Artes","distributor_original_site_url":"https:\/\/www.uartes.edu.ec\/sitio\/fr","push-errors":false,"_links":{"self":[{"href":"https:\/\/www.uartes.edu.ec\/sitio\/fr\/wp-json\/wp\/v2\/posts\/47855","targetHints":{"allow":["GET"]}}],"collection":[{"href":"https:\/\/www.uartes.edu.ec\/sitio\/fr\/wp-json\/wp\/v2\/posts"}],"about":[{"href":"https:\/\/www.uartes.edu.ec\/sitio\/fr\/wp-json\/wp\/v2\/types\/post"}],"author":[{"embeddable":true,"href":"https:\/\/www.uartes.edu.ec\/sitio\/fr\/wp-json\/wp\/v2\/users\/10"}],"replies":[{"embeddable":true,"href":"https:\/\/www.uartes.edu.ec\/sitio\/fr\/wp-json\/wp\/v2\/comments?post=47855"}],"version-history":[{"count":9,"href":"https:\/\/www.uartes.edu.ec\/sitio\/fr\/wp-json\/wp\/v2\/posts\/47855\/revisions"}],"predecessor-version":[{"id":49579,"href":"https:\/\/www.uartes.edu.ec\/sitio\/fr\/wp-json\/wp\/v2\/posts\/47855\/revisions\/49579"}],"wp:featuredmedia":[{"embeddable":true,"href":"https:\/\/www.uartes.edu.ec\/sitio\/fr\/wp-json\/wp\/v2\/media\/47875"}],"wp:attachment":[{"href":"https:\/\/www.uartes.edu.ec\/sitio\/fr\/wp-json\/wp\/v2\/media?parent=47855"}],"wp:term":[{"taxonomy":"category","embeddable":true,"href":"https:\/\/www.uartes.edu.ec\/sitio\/fr\/wp-json\/wp\/v2\/categories?post=47855"},{"taxonomy":"post_tag","embeddable":true,"href":"https:\/\/www.uartes.edu.ec\/sitio\/fr\/wp-json\/wp\/v2\/tags?post=47855"},{"taxonomy":"infouartes","embeddable":true,"href":"https:\/\/www.uartes.edu.ec\/sitio\/fr\/wp-json\/wp\/v2\/infouartes?post=47855"}],"curies":[{"name":"wp","href":"https:\/\/api.w.org\/{rel}","templated":true}]}}