{"id":47935,"date":"2023-10-27T15:59:02","date_gmt":"2023-10-27T20:59:02","guid":{"rendered":"https:\/\/www.uartes.edu.ec\/sitio\/?p=47935"},"modified":"2024-07-04T11:20:33","modified_gmt":"2024-07-04T16:20:33","slug":"uartes-participo-en-interculturarte-2023-ecuador-una-identidad-latina-que-nos-une","status":"publish","type":"post","link":"https:\/\/www.uartes.edu.ec\/sitio\/fr\/blog\/2023\/10\/27\/uartes-participo-en-interculturarte-2023-ecuador-una-identidad-latina-que-nos-une\/","title":{"rendered":"UArtes particip\u00f3 en Interculturarte 2023; su eje tem\u00e1tico fue \u201cEcuador: Una identidad latina que nos une\u201d"},"content":{"rendered":"<p>La Universidad de las Artes particip\u00f3 en la segunda edici\u00f3n del evento internacional Interculturarte, organizado por cuatro instituciones colombianas: Tecnol\u00f3gico de Artes D\u00e9bora Arango (Envigado), Instituto Departamental de Bellas Artes Instituci\u00f3n Universitaria del Valle (Cali), Instituci\u00f3n Universitaria de Bellas Artes y Ciencias de Bol\u00edvar \u2013 UNIBAC (Cartagena) y la Fundaci\u00f3n Universitaria de Bellas Artes de Medell\u00edn \u2013 FUBA (Medell\u00edn).<\/p>\n\n\n\n<p>Interculturarte tiene cada a\u00f1o a un pa\u00eds hispanohablante extranjero como invitado, por lo que para la edici\u00f3n 2023 se consider\u00f3 a Ecuador por los numerosos nexos que tiene Colombia, comenzando por la cultura y las tradiciones afro que mantienen en com\u00fan. En este sentido, el eje tem\u00e1tico del evento para la edici\u00f3n 2023 fue \u201cEcuador: Una identidad latina que nos une\u201d. Se desarroll\u00f3 en las instalaciones de la Instituci\u00f3n Universitaria de Bellas Artes y Ciencias de Bol\u00edvar \u2013 UNIBAC, en Cartagena, Colombia, los pasados 17 y 18 de octubre.<\/p>\n\n\n<div class=\"wp-block-image\">\n<figure class=\"aligncenter size-large\"><img fetchpriority=\"high\" decoding=\"async\" width=\"644\" height=\"429\" src=\"https:\/\/www.uartes.edu.ec\/sitio\/wp-content\/uploads\/2023\/10\/g1234-644x429.jpg\" alt=\"\" class=\"wp-image-47937\" srcset=\"https:\/\/www.uartes.edu.ec\/sitio\/wp-content\/uploads\/2023\/10\/g1234-644x429.jpg 644w, https:\/\/www.uartes.edu.ec\/sitio\/wp-content\/uploads\/2023\/10\/g1234-300x200.jpg 300w, https:\/\/www.uartes.edu.ec\/sitio\/wp-content\/uploads\/2023\/10\/g1234-768x512.jpg 768w, https:\/\/www.uartes.edu.ec\/sitio\/wp-content\/uploads\/2023\/10\/g1234-1536x1024.jpg 1536w, https:\/\/www.uartes.edu.ec\/sitio\/wp-content\/uploads\/2023\/10\/g1234-600x400.jpg 600w, https:\/\/www.uartes.edu.ec\/sitio\/wp-content\/uploads\/2023\/10\/g1234-400x267.jpg 400w, https:\/\/www.uartes.edu.ec\/sitio\/wp-content\/uploads\/2023\/10\/g1234-272x182.jpg 272w, https:\/\/www.uartes.edu.ec\/sitio\/wp-content\/uploads\/2023\/10\/g1234.jpg 2000w\" sizes=\"(max-width: 644px) 100vw, 644px\" \/><\/figure>\n<\/div>\n\n\n<p>Este evento internacional naci\u00f3 de la necesidad de potencializar la internacionalizaci\u00f3n en las comunidades acad\u00e9micas a trav\u00e9s de los departamentos de relaciones interinstitucionales y\/o internacionales de las IES participantes, as\u00ed como de brindar un espacio de intercambio acad\u00e9mico, cultural y art\u00edstico de un pa\u00eds hispanohablante como invitado, de acuerdo con los intereses y enfoques de cada comunidad universitaria. Se busca, en este sentido, fomentar espacios de intercambio acad\u00e9mico, cultural y art\u00edstico mediante el desarrollo de actividades de cooperaci\u00f3n que permitan visibilizar y potencializar las diferentes culturas extranjeras en las comunidades universitarias participantes.<\/p>\n\n\n\n<p>La cita cont\u00f3 con una agenda variada de actividades acad\u00e9micas y art\u00edsticas de instituciones ecuatorianas y colombianas. La UArtes particip\u00f3 con dos charlas. La primera la dict\u00f3 el vicerrector acad\u00e9mico, Bradley Hilgert, y se titul\u00f3 \u201cHacia un modelo pedag\u00f3gico intercultural: o c\u00f3mo entundar a la educaci\u00f3n superior\u201d. La segunda corri\u00f3 a cargo de Susan Togra D\u00edaz, directora de Relaciones Internacionales, y se denomi\u00f3 \u201cExperiencias de Relacionamiento Internacional de la Universidad de las Artes\u201d.<\/p>\n\n\n\n<p>Dentro de la agenda de Interculturarte se abri\u00f3 tambi\u00e9n un espacio en el que participaron los directores de los departamentos de relaciones internacionales de las cuatro instituciones colombianas organizadoras del evento y de la UArtes, quienes hicieron referencia a la misi\u00f3n que tienen estas unidades en las IES, sus roles, funciones y desaf\u00edos. Asimismo, durante este conversatorio se hizo un llamado a los y las estudiantes colombianos\/as a participar en movilidades acad\u00e9micas, tanto nacionales (Colombia-Colombia), como internacionales (Colombia-Ecuador).<\/p>\n\n\n<div class=\"wp-block-image\">\n<figure class=\"aligncenter size-large\"><img decoding=\"async\" width=\"644\" height=\"362\" src=\"https:\/\/www.uartes.edu.ec\/sitio\/wp-content\/uploads\/2023\/10\/susan101-644x362.jpg\" alt=\"\" class=\"wp-image-47939\" srcset=\"https:\/\/www.uartes.edu.ec\/sitio\/wp-content\/uploads\/2023\/10\/susan101-644x362.jpg 644w, https:\/\/www.uartes.edu.ec\/sitio\/wp-content\/uploads\/2023\/10\/susan101-768x432.jpg 768w, https:\/\/www.uartes.edu.ec\/sitio\/wp-content\/uploads\/2023\/10\/susan101.jpg 1600w, https:\/\/www.uartes.edu.ec\/sitio\/wp-content\/uploads\/2023\/10\/susan101-600x337.jpg 600w\" sizes=\"(max-width: 644px) 100vw, 644px\" \/><\/figure>\n<\/div>\n\n\n<p>Texto y fotos: Direcci\u00f3n de Relaciones Internacionales UArtes<\/p>","protected":false},"excerpt":{"rendered":"<p>La UArtes particip\u00f3 en  Interculturarte 2023, evento organizado por cuatro instituciones colombianas: Tecnol\u00f3gico de Artes D\u00e9bora Arango (Envigado), Instituto Departamental de Bellas Artes Instituci\u00f3n Universitaria del Valle (Cali), Instituci\u00f3n Universitaria de Bellas Artes y Ciencias de Bol\u00edvar \u2013 UNIBAC (Cartagena) y la Fundaci\u00f3n Universitaria de Bellas Artes de Medell\u00edn \u2013 FUBA (Medell\u00edn). <\/p>","protected":false},"author":10,"featured_media":47936,"comment_status":"open","ping_status":"open","sticky":false,"template":"","format":"standard","meta":{"_acf_changed":false,"_uag_custom_page_level_css":"","_monsterinsights_skip_tracking":false,"_monsterinsights_sitenote_active":false,"_monsterinsights_sitenote_note":"","_monsterinsights_sitenote_category":0,"cybocfi_hide_featured_image":"","footnotes":""},"categories":[80,438,75,77],"tags":[279],"infouartes":[],"class_list":["post-47935","post","type-post","status-publish","format-standard","has-post-thumbnail","hentry","category-academico","category-administrativos","category-docentes","category-gestion","tag-relaciones-internacionales"],"acf":[],"yoast_head":"<!-- This site is optimized with the Yoast SEO plugin v27.4 - https:\/\/yoast.com\/product\/yoast-seo-wordpress\/ -->\n<title>Universidad de las Artes - UArtes particip\u00f3 en Interculturarte 2023; su eje tem\u00e1tico fue \u201cEcuador: Una identidad latina que nos une\u201d<\/title>\n<meta name=\"description\" content=\"Universidad de las Artes - UArtes particip\u00f3 en Interculturarte 2023; su eje tem\u00e1tico fue \u201cEcuador: Una identidad latina que nos une\u201d\" \/>\n<meta name=\"robots\" content=\"index, follow, max-snippet:-1, max-image-preview:large, max-video-preview:-1\" \/>\n<link rel=\"canonical\" href=\"https:\/\/www.uartes.edu.ec\/sitio\/fr\/blog\/2023\/10\/27\/uartes-participo-en-interculturarte-2023-ecuador-una-identidad-latina-que-nos-une\/\" \/>\n<meta property=\"og:locale\" content=\"fr_FR\" \/>\n<meta property=\"og:type\" content=\"article\" \/>\n<meta property=\"og:title\" content=\"Universidad de las Artes - UArtes particip\u00f3 en Interculturarte 2023; su eje tem\u00e1tico fue \u201cEcuador: Una identidad latina que nos une\u201d\" \/>\n<meta property=\"og:description\" content=\"Universidad de las Artes - UArtes particip\u00f3 en Interculturarte 2023; su eje tem\u00e1tico fue \u201cEcuador: Una identidad latina que nos une\u201d\" \/>\n<meta property=\"og:url\" content=\"https:\/\/www.uartes.edu.ec\/sitio\/fr\/blog\/2023\/10\/27\/uartes-participo-en-interculturarte-2023-ecuador-una-identidad-latina-que-nos-une\/\" \/>\n<meta property=\"og:site_name\" content=\"Universidad de las Artes\" \/>\n<meta property=\"article:publisher\" content=\"https:\/\/www.facebook.com\/uartesec\" \/>\n<meta property=\"article:published_time\" content=\"2023-10-27T20:59:02+00:00\" \/>\n<meta property=\"article:modified_time\" content=\"2024-07-04T16:20:33+00:00\" \/>\n<meta property=\"og:image\" content=\"https:\/\/www.uartes.edu.ec\/sitio\/wp-content\/uploads\/2023\/10\/gggg.jpg\" \/>\n\t<meta property=\"og:image:width\" content=\"2000\" \/>\n\t<meta property=\"og:image:height\" content=\"1333\" \/>\n\t<meta property=\"og:image:type\" content=\"image\/jpeg\" \/>\n<meta name=\"author\" content=\"ccortez\" \/>\n<meta name=\"twitter:card\" content=\"summary_large_image\" \/>\n<meta name=\"twitter:creator\" content=\"@uartesec\" \/>\n<meta name=\"twitter:site\" content=\"@uartesec\" \/>\n<meta name=\"twitter:label1\" content=\"\u00c9crit par\" \/>\n\t<meta name=\"twitter:data1\" content=\"ccortez\" \/>\n\t<meta name=\"twitter:label2\" content=\"Dur\u00e9e de lecture estim\u00e9e\" \/>\n\t<meta name=\"twitter:data2\" content=\"3 minutes\" \/>\n<script type=\"application\/ld+json\" class=\"yoast-schema-graph\">{\"@context\":\"https:\\\/\\\/schema.org\",\"@graph\":[{\"@type\":\"Article\",\"@id\":\"https:\\\/\\\/www.uartes.edu.ec\\\/sitio\\\/fr\\\/blog\\\/2023\\\/10\\\/27\\\/uartes-participo-en-interculturarte-2023-ecuador-una-identidad-latina-que-nos-une\\\/#article\",\"isPartOf\":{\"@id\":\"https:\\\/\\\/www.uartes.edu.ec\\\/sitio\\\/fr\\\/blog\\\/2023\\\/10\\\/27\\\/uartes-participo-en-interculturarte-2023-ecuador-una-identidad-latina-que-nos-une\\\/\"},\"author\":{\"name\":\"ccortez\",\"@id\":\"https:\\\/\\\/www.uartes.edu.ec\\\/sitio\\\/fr\\\/#\\\/schema\\\/person\\\/efa1b8275797664fd7f13a79ccc0b1f4\"},\"headline\":\"UArtes particip\u00f3 en Interculturarte 2023; su eje tem\u00e1tico fue \u201cEcuador: Una identidad latina que nos une\u201d\",\"datePublished\":\"2023-10-27T20:59:02+00:00\",\"dateModified\":\"2024-07-04T16:20:33+00:00\",\"mainEntityOfPage\":{\"@id\":\"https:\\\/\\\/www.uartes.edu.ec\\\/sitio\\\/fr\\\/blog\\\/2023\\\/10\\\/27\\\/uartes-participo-en-interculturarte-2023-ecuador-una-identidad-latina-que-nos-une\\\/\"},\"wordCount\":448,\"commentCount\":0,\"publisher\":{\"@id\":\"https:\\\/\\\/www.uartes.edu.ec\\\/sitio\\\/fr\\\/#organization\"},\"image\":{\"@id\":\"https:\\\/\\\/www.uartes.edu.ec\\\/sitio\\\/fr\\\/blog\\\/2023\\\/10\\\/27\\\/uartes-participo-en-interculturarte-2023-ecuador-una-identidad-latina-que-nos-une\\\/#primaryimage\"},\"thumbnailUrl\":\"https:\\\/\\\/www.uartes.edu.ec\\\/sitio\\\/wp-content\\\/uploads\\\/2023\\\/10\\\/gggg.jpg\",\"keywords\":[\"relaciones internacionales\"],\"articleSection\":[\"Acad\u00e9mico\",\"Administrativos\",\"Docentes\",\"Gesti\u00f3n\"],\"inLanguage\":\"fr-FR\",\"potentialAction\":[{\"@type\":\"CommentAction\",\"name\":\"Comment\",\"target\":[\"https:\\\/\\\/www.uartes.edu.ec\\\/sitio\\\/fr\\\/blog\\\/2023\\\/10\\\/27\\\/uartes-participo-en-interculturarte-2023-ecuador-una-identidad-latina-que-nos-une\\\/#respond\"]}]},{\"@type\":[\"WebPage\",\"ItemPage\"],\"@id\":\"https:\\\/\\\/www.uartes.edu.ec\\\/sitio\\\/fr\\\/blog\\\/2023\\\/10\\\/27\\\/uartes-participo-en-interculturarte-2023-ecuador-una-identidad-latina-que-nos-une\\\/\",\"url\":\"https:\\\/\\\/www.uartes.edu.ec\\\/sitio\\\/fr\\\/blog\\\/2023\\\/10\\\/27\\\/uartes-participo-en-interculturarte-2023-ecuador-una-identidad-latina-que-nos-une\\\/\",\"name\":\"Universidad de las Artes - UArtes particip\u00f3 en Interculturarte 2023; su eje tem\u00e1tico fue \u201cEcuador: Una identidad latina que nos une\u201d\",\"isPartOf\":{\"@id\":\"https:\\\/\\\/www.uartes.edu.ec\\\/sitio\\\/fr\\\/#website\"},\"primaryImageOfPage\":{\"@id\":\"https:\\\/\\\/www.uartes.edu.ec\\\/sitio\\\/fr\\\/blog\\\/2023\\\/10\\\/27\\\/uartes-participo-en-interculturarte-2023-ecuador-una-identidad-latina-que-nos-une\\\/#primaryimage\"},\"image\":{\"@id\":\"https:\\\/\\\/www.uartes.edu.ec\\\/sitio\\\/fr\\\/blog\\\/2023\\\/10\\\/27\\\/uartes-participo-en-interculturarte-2023-ecuador-una-identidad-latina-que-nos-une\\\/#primaryimage\"},\"thumbnailUrl\":\"https:\\\/\\\/www.uartes.edu.ec\\\/sitio\\\/wp-content\\\/uploads\\\/2023\\\/10\\\/gggg.jpg\",\"datePublished\":\"2023-10-27T20:59:02+00:00\",\"dateModified\":\"2024-07-04T16:20:33+00:00\",\"description\":\"Universidad de las Artes - UArtes particip\u00f3 en Interculturarte 2023; su eje tem\u00e1tico fue \u201cEcuador: Una identidad latina que nos une\u201d\",\"breadcrumb\":{\"@id\":\"https:\\\/\\\/www.uartes.edu.ec\\\/sitio\\\/fr\\\/blog\\\/2023\\\/10\\\/27\\\/uartes-participo-en-interculturarte-2023-ecuador-una-identidad-latina-que-nos-une\\\/#breadcrumb\"},\"inLanguage\":\"fr-FR\",\"potentialAction\":[{\"@type\":\"ReadAction\",\"target\":[\"https:\\\/\\\/www.uartes.edu.ec\\\/sitio\\\/fr\\\/blog\\\/2023\\\/10\\\/27\\\/uartes-participo-en-interculturarte-2023-ecuador-una-identidad-latina-que-nos-une\\\/\"]}]},{\"@type\":\"ImageObject\",\"inLanguage\":\"fr-FR\",\"@id\":\"https:\\\/\\\/www.uartes.edu.ec\\\/sitio\\\/fr\\\/blog\\\/2023\\\/10\\\/27\\\/uartes-participo-en-interculturarte-2023-ecuador-una-identidad-latina-que-nos-une\\\/#primaryimage\",\"url\":\"https:\\\/\\\/www.uartes.edu.ec\\\/sitio\\\/wp-content\\\/uploads\\\/2023\\\/10\\\/gggg.jpg\",\"contentUrl\":\"https:\\\/\\\/www.uartes.edu.ec\\\/sitio\\\/wp-content\\\/uploads\\\/2023\\\/10\\\/gggg.jpg\",\"width\":2000,\"height\":1333},{\"@type\":\"BreadcrumbList\",\"@id\":\"https:\\\/\\\/www.uartes.edu.ec\\\/sitio\\\/fr\\\/blog\\\/2023\\\/10\\\/27\\\/uartes-participo-en-interculturarte-2023-ecuador-una-identidad-latina-que-nos-une\\\/#breadcrumb\",\"itemListElement\":[{\"@type\":\"ListItem\",\"position\":1,\"name\":\"Inicio\",\"item\":\"https:\\\/\\\/www.uartes.edu.ec\\\/sitio\\\/\"},{\"@type\":\"ListItem\",\"position\":2,\"name\":\"UArtes particip\u00f3 en Interculturarte 2023; su eje tem\u00e1tico fue \u201cEcuador: Una identidad latina que nos une\u201d\"}]},{\"@type\":\"WebSite\",\"@id\":\"https:\\\/\\\/www.uartes.edu.ec\\\/sitio\\\/fr\\\/#website\",\"url\":\"https:\\\/\\\/www.uartes.edu.ec\\\/sitio\\\/fr\\\/\",\"name\":\"Universidad de las Artes\",\"description\":\"Sitio oficial de la Universidad Nacional de las Artes del Ecuador\",\"publisher\":{\"@id\":\"https:\\\/\\\/www.uartes.edu.ec\\\/sitio\\\/fr\\\/#organization\"},\"potentialAction\":[{\"@type\":\"SearchAction\",\"target\":{\"@type\":\"EntryPoint\",\"urlTemplate\":\"https:\\\/\\\/www.uartes.edu.ec\\\/sitio\\\/fr\\\/?s={search_term_string}\"},\"query-input\":{\"@type\":\"PropertyValueSpecification\",\"valueRequired\":true,\"valueName\":\"search_term_string\"}}],\"inLanguage\":\"fr-FR\"},{\"@type\":\"Organization\",\"@id\":\"https:\\\/\\\/www.uartes.edu.ec\\\/sitio\\\/fr\\\/#organization\",\"name\":\"Universidad de las Artes\",\"url\":\"https:\\\/\\\/www.uartes.edu.ec\\\/sitio\\\/fr\\\/\",\"logo\":{\"@type\":\"ImageObject\",\"inLanguage\":\"fr-FR\",\"@id\":\"https:\\\/\\\/www.uartes.edu.ec\\\/sitio\\\/fr\\\/#\\\/schema\\\/logo\\\/image\\\/\",\"url\":\"https:\\\/\\\/www.uartes.edu.ec\\\/sitio\\\/wp-content\\\/uploads\\\/2022\\\/07\\\/logo-ua-horizontal.png\",\"contentUrl\":\"https:\\\/\\\/www.uartes.edu.ec\\\/sitio\\\/wp-content\\\/uploads\\\/2022\\\/07\\\/logo-ua-horizontal.png\",\"width\":800,\"height\":276,\"caption\":\"Universidad de las Artes\"},\"image\":{\"@id\":\"https:\\\/\\\/www.uartes.edu.ec\\\/sitio\\\/fr\\\/#\\\/schema\\\/logo\\\/image\\\/\"},\"sameAs\":[\"https:\\\/\\\/www.facebook.com\\\/uartesec\",\"https:\\\/\\\/x.com\\\/uartesec\",\"https:\\\/\\\/www.tiktok.com\\\/@uartesec\"]},{\"@type\":\"Person\",\"@id\":\"https:\\\/\\\/www.uartes.edu.ec\\\/sitio\\\/fr\\\/#\\\/schema\\\/person\\\/efa1b8275797664fd7f13a79ccc0b1f4\",\"name\":\"ccortez\",\"image\":{\"@type\":\"ImageObject\",\"inLanguage\":\"fr-FR\",\"@id\":\"https:\\\/\\\/secure.gravatar.com\\\/avatar\\\/b2a6f664a3ae8e074346ef91775736c5ec479e637ecced6842de9dc98b5da9cd?s=96&d=mm&r=g\",\"url\":\"https:\\\/\\\/secure.gravatar.com\\\/avatar\\\/b2a6f664a3ae8e074346ef91775736c5ec479e637ecced6842de9dc98b5da9cd?s=96&d=mm&r=g\",\"contentUrl\":\"https:\\\/\\\/secure.gravatar.com\\\/avatar\\\/b2a6f664a3ae8e074346ef91775736c5ec479e637ecced6842de9dc98b5da9cd?s=96&d=mm&r=g\",\"caption\":\"ccortez\"},\"url\":\"https:\\\/\\\/www.uartes.edu.ec\\\/sitio\\\/fr\\\/blog\\\/author\\\/ccortez\\\/\"}]}<\/script>\n<!-- \/ Yoast SEO plugin. -->","yoast_head_json":{"title":"Universidad de las Artes - UArtes particip\u00f3 en Interculturarte 2023; su eje tem\u00e1tico fue \u201cEcuador: Una identidad latina que nos une\u201d","description":"Universidad de las Artes - UArtes particip\u00f3 en Interculturarte 2023; su eje tem\u00e1tico fue \u201cEcuador: Una identidad latina que nos une\u201d","robots":{"index":"index","follow":"follow","max-snippet":"max-snippet:-1","max-image-preview":"max-image-preview:large","max-video-preview":"max-video-preview:-1"},"canonical":"https:\/\/www.uartes.edu.ec\/sitio\/fr\/blog\/2023\/10\/27\/uartes-participo-en-interculturarte-2023-ecuador-una-identidad-latina-que-nos-une\/","og_locale":"fr_FR","og_type":"article","og_title":"Universidad de las Artes - UArtes particip\u00f3 en Interculturarte 2023; su eje tem\u00e1tico fue \u201cEcuador: Una identidad latina que nos une\u201d","og_description":"Universidad de las Artes - UArtes particip\u00f3 en Interculturarte 2023; su eje tem\u00e1tico fue \u201cEcuador: Una identidad latina que nos une\u201d","og_url":"https:\/\/www.uartes.edu.ec\/sitio\/fr\/blog\/2023\/10\/27\/uartes-participo-en-interculturarte-2023-ecuador-una-identidad-latina-que-nos-une\/","og_site_name":"Universidad de las Artes","article_publisher":"https:\/\/www.facebook.com\/uartesec","article_published_time":"2023-10-27T20:59:02+00:00","article_modified_time":"2024-07-04T16:20:33+00:00","og_image":[{"width":2000,"height":1333,"url":"https:\/\/www.uartes.edu.ec\/sitio\/wp-content\/uploads\/2023\/10\/gggg.jpg","type":"image\/jpeg"}],"author":"ccortez","twitter_card":"summary_large_image","twitter_creator":"@uartesec","twitter_site":"@uartesec","twitter_misc":{"\u00c9crit par":"ccortez","Dur\u00e9e de lecture estim\u00e9e":"3 minutes"},"schema":{"@context":"https:\/\/schema.org","@graph":[{"@type":"Article","@id":"https:\/\/www.uartes.edu.ec\/sitio\/fr\/blog\/2023\/10\/27\/uartes-participo-en-interculturarte-2023-ecuador-una-identidad-latina-que-nos-une\/#article","isPartOf":{"@id":"https:\/\/www.uartes.edu.ec\/sitio\/fr\/blog\/2023\/10\/27\/uartes-participo-en-interculturarte-2023-ecuador-una-identidad-latina-que-nos-une\/"},"author":{"name":"ccortez","@id":"https:\/\/www.uartes.edu.ec\/sitio\/fr\/#\/schema\/person\/efa1b8275797664fd7f13a79ccc0b1f4"},"headline":"UArtes particip\u00f3 en Interculturarte 2023; su eje tem\u00e1tico fue \u201cEcuador: Una identidad latina que nos une\u201d","datePublished":"2023-10-27T20:59:02+00:00","dateModified":"2024-07-04T16:20:33+00:00","mainEntityOfPage":{"@id":"https:\/\/www.uartes.edu.ec\/sitio\/fr\/blog\/2023\/10\/27\/uartes-participo-en-interculturarte-2023-ecuador-una-identidad-latina-que-nos-une\/"},"wordCount":448,"commentCount":0,"publisher":{"@id":"https:\/\/www.uartes.edu.ec\/sitio\/fr\/#organization"},"image":{"@id":"https:\/\/www.uartes.edu.ec\/sitio\/fr\/blog\/2023\/10\/27\/uartes-participo-en-interculturarte-2023-ecuador-una-identidad-latina-que-nos-une\/#primaryimage"},"thumbnailUrl":"https:\/\/www.uartes.edu.ec\/sitio\/wp-content\/uploads\/2023\/10\/gggg.jpg","keywords":["relaciones internacionales"],"articleSection":["Acad\u00e9mico","Administrativos","Docentes","Gesti\u00f3n"],"inLanguage":"fr-FR","potentialAction":[{"@type":"CommentAction","name":"Comment","target":["https:\/\/www.uartes.edu.ec\/sitio\/fr\/blog\/2023\/10\/27\/uartes-participo-en-interculturarte-2023-ecuador-una-identidad-latina-que-nos-une\/#respond"]}]},{"@type":["WebPage","ItemPage"],"@id":"https:\/\/www.uartes.edu.ec\/sitio\/fr\/blog\/2023\/10\/27\/uartes-participo-en-interculturarte-2023-ecuador-una-identidad-latina-que-nos-une\/","url":"https:\/\/www.uartes.edu.ec\/sitio\/fr\/blog\/2023\/10\/27\/uartes-participo-en-interculturarte-2023-ecuador-una-identidad-latina-que-nos-une\/","name":"Universidad de las Artes - UArtes particip\u00f3 en Interculturarte 2023; su eje tem\u00e1tico fue \u201cEcuador: Una identidad latina que nos une\u201d","isPartOf":{"@id":"https:\/\/www.uartes.edu.ec\/sitio\/fr\/#website"},"primaryImageOfPage":{"@id":"https:\/\/www.uartes.edu.ec\/sitio\/fr\/blog\/2023\/10\/27\/uartes-participo-en-interculturarte-2023-ecuador-una-identidad-latina-que-nos-une\/#primaryimage"},"image":{"@id":"https:\/\/www.uartes.edu.ec\/sitio\/fr\/blog\/2023\/10\/27\/uartes-participo-en-interculturarte-2023-ecuador-una-identidad-latina-que-nos-une\/#primaryimage"},"thumbnailUrl":"https:\/\/www.uartes.edu.ec\/sitio\/wp-content\/uploads\/2023\/10\/gggg.jpg","datePublished":"2023-10-27T20:59:02+00:00","dateModified":"2024-07-04T16:20:33+00:00","description":"Universidad de las Artes - UArtes particip\u00f3 en Interculturarte 2023; su eje tem\u00e1tico fue \u201cEcuador: Una identidad latina que nos une\u201d","breadcrumb":{"@id":"https:\/\/www.uartes.edu.ec\/sitio\/fr\/blog\/2023\/10\/27\/uartes-participo-en-interculturarte-2023-ecuador-una-identidad-latina-que-nos-une\/#breadcrumb"},"inLanguage":"fr-FR","potentialAction":[{"@type":"ReadAction","target":["https:\/\/www.uartes.edu.ec\/sitio\/fr\/blog\/2023\/10\/27\/uartes-participo-en-interculturarte-2023-ecuador-una-identidad-latina-que-nos-une\/"]}]},{"@type":"ImageObject","inLanguage":"fr-FR","@id":"https:\/\/www.uartes.edu.ec\/sitio\/fr\/blog\/2023\/10\/27\/uartes-participo-en-interculturarte-2023-ecuador-una-identidad-latina-que-nos-une\/#primaryimage","url":"https:\/\/www.uartes.edu.ec\/sitio\/wp-content\/uploads\/2023\/10\/gggg.jpg","contentUrl":"https:\/\/www.uartes.edu.ec\/sitio\/wp-content\/uploads\/2023\/10\/gggg.jpg","width":2000,"height":1333},{"@type":"BreadcrumbList","@id":"https:\/\/www.uartes.edu.ec\/sitio\/fr\/blog\/2023\/10\/27\/uartes-participo-en-interculturarte-2023-ecuador-una-identidad-latina-que-nos-une\/#breadcrumb","itemListElement":[{"@type":"ListItem","position":1,"name":"Inicio","item":"https:\/\/www.uartes.edu.ec\/sitio\/"},{"@type":"ListItem","position":2,"name":"UArtes particip\u00f3 en Interculturarte 2023; su eje tem\u00e1tico fue \u201cEcuador: Una identidad latina que nos une\u201d"}]},{"@type":"WebSite","@id":"https:\/\/www.uartes.edu.ec\/sitio\/fr\/#website","url":"https:\/\/www.uartes.edu.ec\/sitio\/fr\/","name":"Universidad de las Artes","description":"Sitio oficial de la Universidad Nacional de las Artes del Ecuador","publisher":{"@id":"https:\/\/www.uartes.edu.ec\/sitio\/fr\/#organization"},"potentialAction":[{"@type":"SearchAction","target":{"@type":"EntryPoint","urlTemplate":"https:\/\/www.uartes.edu.ec\/sitio\/fr\/?s={search_term_string}"},"query-input":{"@type":"PropertyValueSpecification","valueRequired":true,"valueName":"search_term_string"}}],"inLanguage":"fr-FR"},{"@type":"Organization","@id":"https:\/\/www.uartes.edu.ec\/sitio\/fr\/#organization","name":"Universidad de las Artes","url":"https:\/\/www.uartes.edu.ec\/sitio\/fr\/","logo":{"@type":"ImageObject","inLanguage":"fr-FR","@id":"https:\/\/www.uartes.edu.ec\/sitio\/fr\/#\/schema\/logo\/image\/","url":"https:\/\/www.uartes.edu.ec\/sitio\/wp-content\/uploads\/2022\/07\/logo-ua-horizontal.png","contentUrl":"https:\/\/www.uartes.edu.ec\/sitio\/wp-content\/uploads\/2022\/07\/logo-ua-horizontal.png","width":800,"height":276,"caption":"Universidad de las Artes"},"image":{"@id":"https:\/\/www.uartes.edu.ec\/sitio\/fr\/#\/schema\/logo\/image\/"},"sameAs":["https:\/\/www.facebook.com\/uartesec","https:\/\/x.com\/uartesec","https:\/\/www.tiktok.com\/@uartesec"]},{"@type":"Person","@id":"https:\/\/www.uartes.edu.ec\/sitio\/fr\/#\/schema\/person\/efa1b8275797664fd7f13a79ccc0b1f4","name":"ccortez","image":{"@type":"ImageObject","inLanguage":"fr-FR","@id":"https:\/\/secure.gravatar.com\/avatar\/b2a6f664a3ae8e074346ef91775736c5ec479e637ecced6842de9dc98b5da9cd?s=96&d=mm&r=g","url":"https:\/\/secure.gravatar.com\/avatar\/b2a6f664a3ae8e074346ef91775736c5ec479e637ecced6842de9dc98b5da9cd?s=96&d=mm&r=g","contentUrl":"https:\/\/secure.gravatar.com\/avatar\/b2a6f664a3ae8e074346ef91775736c5ec479e637ecced6842de9dc98b5da9cd?s=96&d=mm&r=g","caption":"ccortez"},"url":"https:\/\/www.uartes.edu.ec\/sitio\/fr\/blog\/author\/ccortez\/"}]}},"uagb_featured_image_src":{"full":["https:\/\/www.uartes.edu.ec\/sitio\/wp-content\/uploads\/2023\/10\/gggg.jpg",2000,1333,false],"thumbnail":["https:\/\/www.uartes.edu.ec\/sitio\/wp-content\/uploads\/2023\/10\/gggg-150x150.jpg",150,150,true],"medium":["https:\/\/www.uartes.edu.ec\/sitio\/wp-content\/uploads\/2023\/10\/gggg-300x200.jpg",300,200,true],"medium_large":["https:\/\/www.uartes.edu.ec\/sitio\/wp-content\/uploads\/2023\/10\/gggg-768x512.jpg",768,512,true],"large":["https:\/\/www.uartes.edu.ec\/sitio\/wp-content\/uploads\/2023\/10\/gggg-644x429.jpg",644,429,true],"1536x1536":["https:\/\/www.uartes.edu.ec\/sitio\/wp-content\/uploads\/2023\/10\/gggg-1536x1024.jpg",1536,1024,true],"2048x2048":["https:\/\/www.uartes.edu.ec\/sitio\/wp-content\/uploads\/2023\/10\/gggg.jpg",2000,1333,false],"trp-custom-language-flag":["https:\/\/www.uartes.edu.ec\/sitio\/wp-content\/uploads\/2023\/10\/gggg.jpg",18,12,false],"htmega_size_585x295":["https:\/\/www.uartes.edu.ec\/sitio\/wp-content\/uploads\/2023\/10\/gggg-585x295.jpg",585,295,true],"htmega_size_1170x536":["https:\/\/www.uartes.edu.ec\/sitio\/wp-content\/uploads\/2023\/10\/gggg-1170x536.jpg",1170,536,true],"htmega_size_396x360":["https:\/\/www.uartes.edu.ec\/sitio\/wp-content\/uploads\/2023\/10\/gggg-396x360.jpg",396,360,true],"gb-block-post-grid-landscape":["https:\/\/www.uartes.edu.ec\/sitio\/wp-content\/uploads\/2023\/10\/gggg-600x400.jpg",600,400,true],"gb-block-post-grid-square":["https:\/\/www.uartes.edu.ec\/sitio\/wp-content\/uploads\/2023\/10\/gggg-600x600.jpg",600,600,true],"university-hub-thumb":["https:\/\/www.uartes.edu.ec\/sitio\/wp-content\/uploads\/2023\/10\/gggg-400x267.jpg",400,267,true],"mailpoet_newsletter_max":["https:\/\/www.uartes.edu.ec\/sitio\/wp-content\/uploads\/2023\/10\/gggg.jpg",1320,880,false]},"uagb_author_info":{"display_name":"ccortez","author_link":"https:\/\/www.uartes.edu.ec\/sitio\/fr\/blog\/author\/ccortez\/"},"uagb_comment_info":0,"uagb_excerpt":"La UArtes particip\u00f3 en Interculturarte 2023, evento organizado por cuatro instituciones colombianas: Tecnol\u00f3gico de Artes D\u00e9bora Arango (Envigado), Instituto Departamental de Bellas Artes Instituci\u00f3n Universitaria del Valle (Cali), Instituci\u00f3n Universitaria de Bellas Artes y Ciencias de Bol\u00edvar \u2013 UNIBAC (Cartagena) y la Fundaci\u00f3n Universitaria de Bellas Artes de Medell\u00edn \u2013 FUBA (Medell\u00edn).","featured_image_src":"https:\/\/www.uartes.edu.ec\/sitio\/wp-content\/uploads\/2023\/10\/gggg-600x400.jpg","featured_image_src_square":"https:\/\/www.uartes.edu.ec\/sitio\/wp-content\/uploads\/2023\/10\/gggg-600x600.jpg","author_info":{"display_name":"ccortez","author_link":"https:\/\/www.uartes.edu.ec\/sitio\/fr\/blog\/author\/ccortez\/"},"publishpress_future_workflow_manual_trigger":{"enabledWorkflows":[]},"distributor_meta":false,"distributor_terms":false,"distributor_media":false,"distributor_original_site_name":"Universidad de las Artes","distributor_original_site_url":"https:\/\/www.uartes.edu.ec\/sitio\/fr","push-errors":false,"_links":{"self":[{"href":"https:\/\/www.uartes.edu.ec\/sitio\/fr\/wp-json\/wp\/v2\/posts\/47935","targetHints":{"allow":["GET"]}}],"collection":[{"href":"https:\/\/www.uartes.edu.ec\/sitio\/fr\/wp-json\/wp\/v2\/posts"}],"about":[{"href":"https:\/\/www.uartes.edu.ec\/sitio\/fr\/wp-json\/wp\/v2\/types\/post"}],"author":[{"embeddable":true,"href":"https:\/\/www.uartes.edu.ec\/sitio\/fr\/wp-json\/wp\/v2\/users\/10"}],"replies":[{"embeddable":true,"href":"https:\/\/www.uartes.edu.ec\/sitio\/fr\/wp-json\/wp\/v2\/comments?post=47935"}],"version-history":[{"count":5,"href":"https:\/\/www.uartes.edu.ec\/sitio\/fr\/wp-json\/wp\/v2\/posts\/47935\/revisions"}],"predecessor-version":[{"id":56940,"href":"https:\/\/www.uartes.edu.ec\/sitio\/fr\/wp-json\/wp\/v2\/posts\/47935\/revisions\/56940"}],"wp:featuredmedia":[{"embeddable":true,"href":"https:\/\/www.uartes.edu.ec\/sitio\/fr\/wp-json\/wp\/v2\/media\/47936"}],"wp:attachment":[{"href":"https:\/\/www.uartes.edu.ec\/sitio\/fr\/wp-json\/wp\/v2\/media?parent=47935"}],"wp:term":[{"taxonomy":"category","embeddable":true,"href":"https:\/\/www.uartes.edu.ec\/sitio\/fr\/wp-json\/wp\/v2\/categories?post=47935"},{"taxonomy":"post_tag","embeddable":true,"href":"https:\/\/www.uartes.edu.ec\/sitio\/fr\/wp-json\/wp\/v2\/tags?post=47935"},{"taxonomy":"infouartes","embeddable":true,"href":"https:\/\/www.uartes.edu.ec\/sitio\/fr\/wp-json\/wp\/v2\/infouartes?post=47935"}],"curies":[{"name":"wp","href":"https:\/\/api.w.org\/{rel}","templated":true}]}}