{"id":47994,"date":"2023-10-26T05:54:00","date_gmt":"2023-10-26T10:54:00","guid":{"rendered":"https:\/\/www.uartes.edu.ec\/sitio\/?p=47994"},"modified":"2024-07-04T11:20:34","modified_gmt":"2024-07-04T16:20:34","slug":"el-poder-en-mi-constitucion-en-la-muestra-de-artes-escenicas-movimiento-continuo-de-bogota","status":"publish","type":"post","link":"https:\/\/www.uartes.edu.ec\/sitio\/fr\/blog\/2023\/10\/26\/el-poder-en-mi-constitucion-en-la-muestra-de-artes-escenicas-movimiento-continuo-de-bogota\/","title":{"rendered":"\u201cEl Poder en Mi Constituci\u00f3n\u201d, de Carolina Pepper, en muestra esc\u00e9nica Movimiento Continuo de Bogot\u00e1"},"content":{"rendered":"<p>Con la obra \u201cEl Poder en Mi Constituci\u00f3n\u201d postularon a la convocatoria de la XIV Muestra Internacional de Artes Esc\u00e9nicas Movimiento Continuo de Bogot\u00e1, Colombia, y al ser aceptados, la pieza se convirti\u00f3 en la representaci\u00f3n ecuatoriana de entre 156 propuestas inscritas. Entre las compa\u00f1\u00edas participantes constaron algunas pertenecientes al pa\u00eds anfitri\u00f3n y de Chile, M\u00e9xico, Venezuela, Francia, Espa\u00f1a y Ghana.<\/p>\n\n\n\n<p>La docente y core\u00f3grafa Carolina Pepper repasa as\u00ed c\u00f3mo \u201cEl Poder en Mi Constituci\u00f3n\u201d, considerada seg\u00fan el proceso de 2022 realizado en la UArtes como Obra Relevante, tom\u00f3 parte en la cita internacional que tuvo lugar del 29 de septiembre al 8 de octubre pasados en el pa\u00eds vecino, program\u00e1ndose su presentaci\u00f3n en tres funciones en distintos espacios de Bogot\u00e1: Universidad Pedag\u00f3gica Nacional, Teatro Tercer Acto y Colegio Jorge Soto.<\/p>\n\n\n\n<p>Junto con Pepper viajaron Darla Alarc\u00f3n, Jennifer Asencio y Efr\u00e9n Roque, graduados y estudiante UArtes de la carrera de Danza. Al respecto la core\u00f3grafa detalla que una vez incluida la pieza en la programaci\u00f3n de la edici\u00f3n d\u00e9cimo cuarta de la muestra postularon tambi\u00e9n, y ganaron, dentro del Hito 5 de Movilidad Internacional del IFCI, los pasajes para ella y los tres bailarines.<\/p>\n\n\n<div class=\"wp-block-image\">\n<figure class=\"aligncenter size-large\"><img fetchpriority=\"high\" decoding=\"async\" width=\"644\" height=\"429\" src=\"https:\/\/www.uartes.edu.ec\/sitio\/wp-content\/uploads\/2023\/11\/01-EL-PODER-EN-MI-CONSTITUCION-644x429.jpg\" alt=\"\" class=\"wp-image-48048\" srcset=\"https:\/\/www.uartes.edu.ec\/sitio\/wp-content\/uploads\/2023\/11\/01-EL-PODER-EN-MI-CONSTITUCION-644x429.jpg 644w, https:\/\/www.uartes.edu.ec\/sitio\/wp-content\/uploads\/2023\/11\/01-EL-PODER-EN-MI-CONSTITUCION-768x511.jpg 768w, https:\/\/www.uartes.edu.ec\/sitio\/wp-content\/uploads\/2023\/11\/01-EL-PODER-EN-MI-CONSTITUCION.jpg 2000w, https:\/\/www.uartes.edu.ec\/sitio\/wp-content\/uploads\/2023\/11\/01-EL-PODER-EN-MI-CONSTITUCION-600x399.jpg 600w, https:\/\/www.uartes.edu.ec\/sitio\/wp-content\/uploads\/2023\/11\/01-EL-PODER-EN-MI-CONSTITUCION-272x182.jpg 272w\" sizes=\"(max-width: 644px) 100vw, 644px\" \/><\/figure>\n<\/div>\n\n<div class=\"wp-block-image\">\n<figure class=\"aligncenter size-large\"><img decoding=\"async\" width=\"644\" height=\"429\" src=\"https:\/\/www.uartes.edu.ec\/sitio\/wp-content\/uploads\/2023\/11\/03-EL-PODER-EN-MI-CONSTITUCION-644x429.jpg\" alt=\"\" class=\"wp-image-48050\" srcset=\"https:\/\/www.uartes.edu.ec\/sitio\/wp-content\/uploads\/2023\/11\/03-EL-PODER-EN-MI-CONSTITUCION-644x429.jpg 644w, https:\/\/www.uartes.edu.ec\/sitio\/wp-content\/uploads\/2023\/11\/03-EL-PODER-EN-MI-CONSTITUCION-768x511.jpg 768w, https:\/\/www.uartes.edu.ec\/sitio\/wp-content\/uploads\/2023\/11\/03-EL-PODER-EN-MI-CONSTITUCION.jpg 2000w, https:\/\/www.uartes.edu.ec\/sitio\/wp-content\/uploads\/2023\/11\/03-EL-PODER-EN-MI-CONSTITUCION-600x399.jpg 600w, https:\/\/www.uartes.edu.ec\/sitio\/wp-content\/uploads\/2023\/11\/03-EL-PODER-EN-MI-CONSTITUCION-272x182.jpg 272w\" sizes=\"(max-width: 644px) 100vw, 644px\" \/><\/figure>\n<\/div>\n\n\n<p>Agrega que, respecto a la obra, de entre los comentarios recibidos tanto del p\u00fablico como de los colegas de otras compa\u00f1\u00edas se dio un favorable reconocimiento a la musicalizaci\u00f3n, la dramaturgia, as\u00ed como al talento y la versatilidad de los int\u00e9rpretes.<\/p>\n\n\n\n<p>Existi\u00f3, adem\u00e1s, una acotaci\u00f3n reiterada sobre la vigencia del tema: el poder y sus protagonistas. \u201cSurgi\u00f3 de hecho la interrogante de si al estar Colombia atravesando (entonces) un periodo de elecciones a alcald\u00edas y otros representantes, y verse envueltos en la cotidianidad de las ofertas de campa\u00f1a, la obra habr\u00eda sido pensada en funci\u00f3n de la contingencia electoral colombiana.&nbsp; Ante lo cual solo nos qued\u00f3 responder que toda Latinoam\u00e9rica goza de los mismos personajes en tiempos de campa\u00f1a y no hubo intenci\u00f3n directa, s\u00f3lo coincidencias\u201d, indica Pepper.<\/p>\n\n\n\n<p>La core\u00f3grafa se\u00f1ala tambi\u00e9n que la participaci\u00f3n en un encuentro como la muestra colombiana, que tiene marcado \u00e9nfasis de llevar las artes esc\u00e9nicas (circo, teatro, mimo, danza teatro, contempor\u00e1nea, folclor) a las poblaciones con los p\u00fablicos m\u00e1s diversos, y en espacios que van desde calles, c\u00e1rceles o escuelas populares, hasta teatros y bares GLBTI, \u201cya desde aqu\u00ed las contribuciones al tejido que nos hace parte de un grupo humano de creadores comprometidos con su medio, son manifiestas, son mutuas y son mucho m\u00e1s concretas que cualquier ficci\u00f3n construida por un \u00fanico placer est\u00e9tico.&nbsp; Le debemos much\u00edsimo a los lazos creados durante esos d\u00edas de compartir y so\u00f1ar juntos, y le debemos mucho a la conciencia y adaptaci\u00f3n al trabajo de los j\u00f3venes artistas que se forman en nuestros salones\u201d.&nbsp;<\/p>\n\n\n<div class=\"wp-block-image\">\n<figure class=\"aligncenter size-large\"><img decoding=\"async\" width=\"644\" height=\"429\" src=\"https:\/\/www.uartes.edu.ec\/sitio\/wp-content\/uploads\/2023\/11\/04-EL-PODER-EN-MI-CONSTITUCION-644x429.jpg\" alt=\"\" class=\"wp-image-48049\" srcset=\"https:\/\/www.uartes.edu.ec\/sitio\/wp-content\/uploads\/2023\/11\/04-EL-PODER-EN-MI-CONSTITUCION-644x429.jpg 644w, https:\/\/www.uartes.edu.ec\/sitio\/wp-content\/uploads\/2023\/11\/04-EL-PODER-EN-MI-CONSTITUCION-768x511.jpg 768w, https:\/\/www.uartes.edu.ec\/sitio\/wp-content\/uploads\/2023\/11\/04-EL-PODER-EN-MI-CONSTITUCION.jpg 2000w, https:\/\/www.uartes.edu.ec\/sitio\/wp-content\/uploads\/2023\/11\/04-EL-PODER-EN-MI-CONSTITUCION-600x399.jpg 600w, https:\/\/www.uartes.edu.ec\/sitio\/wp-content\/uploads\/2023\/11\/04-EL-PODER-EN-MI-CONSTITUCION-272x182.jpg 272w\" sizes=\"(max-width: 644px) 100vw, 644px\" \/><\/figure>\n<\/div>\n\n\n<h3 class=\"wp-block-heading\">El antecedente de la obra<\/h3>\n\n\n\n<p>Carolina Pepper es docente de la UArtes desde 2015 y ha participado en varios proyectos de investigaci\u00f3n, tanto como co-investigadora como directora. Su compromiso con la educaci\u00f3n art\u00edstica y la exploraci\u00f3n continua la han llevado a realizar contribuciones notables a la comunidad acad\u00e9mica y art\u00edstica. Uno de sus proyectos m\u00e1s destacados es \u201cEl Poder en Mi Constituci\u00f3n\u201d, que se origin\u00f3 como parte de la l\u00ednea de investigaci\u00f3n del proyecto \u201cAl Mando: Representaciones del Poder\u201d, financiado por la universidad. Inicialmente, se present\u00f3 en formato de videodanza en 2020 y, posteriormente, se expandi\u00f3 a un performance en las vitrinas de MZ14 Centro de Producci\u00f3n e Innovaci\u00f3n, en la calle Panam\u00e1. Finalmente, la obra se adapt\u00f3 para intervenciones en espacios no convencionales y en la calle, en colaboraci\u00f3n con un grupo de estudiantes.<\/p>\n\n\n\n<p>Pepper ha llevado la obra a diversos lugares a nivel internacional. As\u00ed, \u201cEl Poder en Mi Constituci\u00f3n\u201d se ha presentado en plataformas y espacios acad\u00e9micos, desde el Museo Por Venir hasta el Festival Manta por la Danza. Particip\u00f3 tambi\u00e9n en el VIII Congreso Virtual Tendencias 2021 de la Universidad de Palermo en Argentina y el 1er Congreso en Pedagog\u00eda de las Artes y Humanidades de la UNAE, entre otros.<\/p>\n\n\n\n<p>En la web: <a href=\"https:\/\/caropepper.wixsite.com\/carolina-pepper\">https:\/\/caropepper.wixsite.com\/carolina-pepper<\/a><br><a href=\"https:\/\/caropepper.wixsite.com\/carolina-pepper\/el-poder-en-mi-constituci%C3%B3n\">https:\/\/caropepper.wixsite.com\/carolina-pepper\/el-poder-en-mi-constituci%C3%B3n<\/a><\/p>","protected":false},"excerpt":{"rendered":"<p>La musicalizaci\u00f3n, la dramaturgia, el talento y la versatilidad de los int\u00e9rpretes de \u201cEl Poder en Mi Constituci\u00f3n\u201d fueron resaltados por el p\u00fablico y los colegas de compa\u00f1\u00edas de danza que vieron la obra en la XIV Muestra Internacional de Artes Esc\u00e9nicas Movimiento Continuo de Bogot\u00e1. Carolina Pepper da detalles de su propuesta, en la que intervinieron Darla Alarc\u00f3n, Jennifer Asencio y Efr\u00e9n Roque.<\/p>","protected":false},"author":10,"featured_media":48045,"comment_status":"open","ping_status":"open","sticky":false,"template":"","format":"standard","meta":{"_acf_changed":false,"_uag_custom_page_level_css":"","_monsterinsights_skip_tracking":false,"_monsterinsights_sitenote_active":false,"_monsterinsights_sitenote_note":"","_monsterinsights_sitenote_category":0,"cybocfi_hide_featured_image":"","footnotes":""},"categories":[80,490,82,159,75,76],"tags":[643],"infouartes":[],"class_list":["post-47994","post","type-post","status-publish","format-standard","has-post-thumbnail","hentry","category-academico","category-alumni","category-artes","category-artes-escenicas","category-docentes","category-estudiantes","tag-encuentro-internacional"],"acf":[],"yoast_head":"<!-- This site is optimized with the Yoast SEO plugin v27.4 - https:\/\/yoast.com\/product\/yoast-seo-wordpress\/ -->\n<title>Universidad de las Artes - \u201cEl Poder en Mi Constituci\u00f3n\u201d, de Carolina Pepper, en muestra esc\u00e9nica Movimiento Continuo de Bogot\u00e1<\/title>\n<meta name=\"description\" content=\"Universidad de las Artes - \u201cEl Poder en Mi Constituci\u00f3n\u201d, de Carolina Pepper, en muestra esc\u00e9nica Movimiento Continuo de Bogot\u00e1\" \/>\n<meta name=\"robots\" content=\"index, follow, max-snippet:-1, max-image-preview:large, max-video-preview:-1\" \/>\n<link rel=\"canonical\" href=\"https:\/\/www.uartes.edu.ec\/sitio\/fr\/blog\/2023\/10\/26\/el-poder-en-mi-constitucion-en-la-muestra-de-artes-escenicas-movimiento-continuo-de-bogota\/\" \/>\n<meta property=\"og:locale\" content=\"fr_FR\" \/>\n<meta property=\"og:type\" content=\"article\" \/>\n<meta property=\"og:title\" content=\"Universidad de las Artes - \u201cEl Poder en Mi Constituci\u00f3n\u201d, de Carolina Pepper, en muestra esc\u00e9nica Movimiento Continuo de Bogot\u00e1\" \/>\n<meta property=\"og:description\" content=\"Universidad de las Artes - \u201cEl Poder en Mi Constituci\u00f3n\u201d, de Carolina Pepper, en muestra esc\u00e9nica Movimiento Continuo de Bogot\u00e1\" \/>\n<meta property=\"og:url\" content=\"https:\/\/www.uartes.edu.ec\/sitio\/fr\/blog\/2023\/10\/26\/el-poder-en-mi-constitucion-en-la-muestra-de-artes-escenicas-movimiento-continuo-de-bogota\/\" \/>\n<meta property=\"og:site_name\" content=\"Universidad de las Artes\" \/>\n<meta property=\"article:publisher\" content=\"https:\/\/www.facebook.com\/uartesec\" \/>\n<meta property=\"article:published_time\" content=\"2023-10-26T10:54:00+00:00\" \/>\n<meta property=\"article:modified_time\" content=\"2024-07-04T16:20:34+00:00\" \/>\n<meta property=\"og:image\" content=\"https:\/\/www.uartes.edu.ec\/sitio\/wp-content\/uploads\/2023\/10\/02-EL-PODER-EN-MI-CONSTITUCION.jpg\" \/>\n\t<meta property=\"og:image:width\" content=\"2000\" \/>\n\t<meta property=\"og:image:height\" content=\"1333\" \/>\n\t<meta property=\"og:image:type\" content=\"image\/jpeg\" \/>\n<meta name=\"author\" content=\"ccortez\" \/>\n<meta name=\"twitter:card\" content=\"summary_large_image\" \/>\n<meta name=\"twitter:creator\" content=\"@uartesec\" \/>\n<meta name=\"twitter:site\" content=\"@uartesec\" \/>\n<meta name=\"twitter:label1\" content=\"\u00c9crit par\" \/>\n\t<meta name=\"twitter:data1\" content=\"ccortez\" \/>\n\t<meta name=\"twitter:label2\" content=\"Dur\u00e9e de lecture estim\u00e9e\" \/>\n\t<meta name=\"twitter:data2\" content=\"4 minutes\" \/>\n<script type=\"application\/ld+json\" class=\"yoast-schema-graph\">{\"@context\":\"https:\\\/\\\/schema.org\",\"@graph\":[{\"@type\":\"Article\",\"@id\":\"https:\\\/\\\/www.uartes.edu.ec\\\/sitio\\\/fr\\\/blog\\\/2023\\\/10\\\/26\\\/el-poder-en-mi-constitucion-en-la-muestra-de-artes-escenicas-movimiento-continuo-de-bogota\\\/#article\",\"isPartOf\":{\"@id\":\"https:\\\/\\\/www.uartes.edu.ec\\\/sitio\\\/fr\\\/blog\\\/2023\\\/10\\\/26\\\/el-poder-en-mi-constitucion-en-la-muestra-de-artes-escenicas-movimiento-continuo-de-bogota\\\/\"},\"author\":{\"name\":\"ccortez\",\"@id\":\"https:\\\/\\\/www.uartes.edu.ec\\\/sitio\\\/fr\\\/#\\\/schema\\\/person\\\/efa1b8275797664fd7f13a79ccc0b1f4\"},\"headline\":\"\u201cEl Poder en Mi Constituci\u00f3n\u201d, de Carolina Pepper, en muestra esc\u00e9nica Movimiento Continuo de Bogot\u00e1\",\"datePublished\":\"2023-10-26T10:54:00+00:00\",\"dateModified\":\"2024-07-04T16:20:34+00:00\",\"mainEntityOfPage\":{\"@id\":\"https:\\\/\\\/www.uartes.edu.ec\\\/sitio\\\/fr\\\/blog\\\/2023\\\/10\\\/26\\\/el-poder-en-mi-constitucion-en-la-muestra-de-artes-escenicas-movimiento-continuo-de-bogota\\\/\"},\"wordCount\":755,\"commentCount\":0,\"publisher\":{\"@id\":\"https:\\\/\\\/www.uartes.edu.ec\\\/sitio\\\/fr\\\/#organization\"},\"image\":{\"@id\":\"https:\\\/\\\/www.uartes.edu.ec\\\/sitio\\\/fr\\\/blog\\\/2023\\\/10\\\/26\\\/el-poder-en-mi-constitucion-en-la-muestra-de-artes-escenicas-movimiento-continuo-de-bogota\\\/#primaryimage\"},\"thumbnailUrl\":\"https:\\\/\\\/www.uartes.edu.ec\\\/sitio\\\/wp-content\\\/uploads\\\/2023\\\/10\\\/02-EL-PODER-EN-MI-CONSTITUCION.jpg\",\"keywords\":[\"encuentro internacional\"],\"articleSection\":[\"Acad\u00e9mico\",\"Alumni\",\"Artes\",\"Artes Esc\u00e9nicas\",\"Docentes\",\"Estudiantes\"],\"inLanguage\":\"fr-FR\",\"potentialAction\":[{\"@type\":\"CommentAction\",\"name\":\"Comment\",\"target\":[\"https:\\\/\\\/www.uartes.edu.ec\\\/sitio\\\/fr\\\/blog\\\/2023\\\/10\\\/26\\\/el-poder-en-mi-constitucion-en-la-muestra-de-artes-escenicas-movimiento-continuo-de-bogota\\\/#respond\"]}]},{\"@type\":[\"WebPage\",\"ItemPage\"],\"@id\":\"https:\\\/\\\/www.uartes.edu.ec\\\/sitio\\\/fr\\\/blog\\\/2023\\\/10\\\/26\\\/el-poder-en-mi-constitucion-en-la-muestra-de-artes-escenicas-movimiento-continuo-de-bogota\\\/\",\"url\":\"https:\\\/\\\/www.uartes.edu.ec\\\/sitio\\\/fr\\\/blog\\\/2023\\\/10\\\/26\\\/el-poder-en-mi-constitucion-en-la-muestra-de-artes-escenicas-movimiento-continuo-de-bogota\\\/\",\"name\":\"Universidad de las Artes - \u201cEl Poder en Mi Constituci\u00f3n\u201d, de Carolina Pepper, en muestra esc\u00e9nica Movimiento Continuo de Bogot\u00e1\",\"isPartOf\":{\"@id\":\"https:\\\/\\\/www.uartes.edu.ec\\\/sitio\\\/fr\\\/#website\"},\"primaryImageOfPage\":{\"@id\":\"https:\\\/\\\/www.uartes.edu.ec\\\/sitio\\\/fr\\\/blog\\\/2023\\\/10\\\/26\\\/el-poder-en-mi-constitucion-en-la-muestra-de-artes-escenicas-movimiento-continuo-de-bogota\\\/#primaryimage\"},\"image\":{\"@id\":\"https:\\\/\\\/www.uartes.edu.ec\\\/sitio\\\/fr\\\/blog\\\/2023\\\/10\\\/26\\\/el-poder-en-mi-constitucion-en-la-muestra-de-artes-escenicas-movimiento-continuo-de-bogota\\\/#primaryimage\"},\"thumbnailUrl\":\"https:\\\/\\\/www.uartes.edu.ec\\\/sitio\\\/wp-content\\\/uploads\\\/2023\\\/10\\\/02-EL-PODER-EN-MI-CONSTITUCION.jpg\",\"datePublished\":\"2023-10-26T10:54:00+00:00\",\"dateModified\":\"2024-07-04T16:20:34+00:00\",\"description\":\"Universidad de las Artes - \u201cEl Poder en Mi Constituci\u00f3n\u201d, de Carolina Pepper, en muestra esc\u00e9nica Movimiento Continuo de Bogot\u00e1\",\"breadcrumb\":{\"@id\":\"https:\\\/\\\/www.uartes.edu.ec\\\/sitio\\\/fr\\\/blog\\\/2023\\\/10\\\/26\\\/el-poder-en-mi-constitucion-en-la-muestra-de-artes-escenicas-movimiento-continuo-de-bogota\\\/#breadcrumb\"},\"inLanguage\":\"fr-FR\",\"potentialAction\":[{\"@type\":\"ReadAction\",\"target\":[\"https:\\\/\\\/www.uartes.edu.ec\\\/sitio\\\/fr\\\/blog\\\/2023\\\/10\\\/26\\\/el-poder-en-mi-constitucion-en-la-muestra-de-artes-escenicas-movimiento-continuo-de-bogota\\\/\"]}]},{\"@type\":\"ImageObject\",\"inLanguage\":\"fr-FR\",\"@id\":\"https:\\\/\\\/www.uartes.edu.ec\\\/sitio\\\/fr\\\/blog\\\/2023\\\/10\\\/26\\\/el-poder-en-mi-constitucion-en-la-muestra-de-artes-escenicas-movimiento-continuo-de-bogota\\\/#primaryimage\",\"url\":\"https:\\\/\\\/www.uartes.edu.ec\\\/sitio\\\/wp-content\\\/uploads\\\/2023\\\/10\\\/02-EL-PODER-EN-MI-CONSTITUCION.jpg\",\"contentUrl\":\"https:\\\/\\\/www.uartes.edu.ec\\\/sitio\\\/wp-content\\\/uploads\\\/2023\\\/10\\\/02-EL-PODER-EN-MI-CONSTITUCION.jpg\",\"width\":2000,\"height\":1333},{\"@type\":\"BreadcrumbList\",\"@id\":\"https:\\\/\\\/www.uartes.edu.ec\\\/sitio\\\/fr\\\/blog\\\/2023\\\/10\\\/26\\\/el-poder-en-mi-constitucion-en-la-muestra-de-artes-escenicas-movimiento-continuo-de-bogota\\\/#breadcrumb\",\"itemListElement\":[{\"@type\":\"ListItem\",\"position\":1,\"name\":\"Inicio\",\"item\":\"https:\\\/\\\/www.uartes.edu.ec\\\/sitio\\\/\"},{\"@type\":\"ListItem\",\"position\":2,\"name\":\"\u201cEl Poder en Mi Constituci\u00f3n\u201d, de Carolina Pepper, en muestra esc\u00e9nica Movimiento Continuo de Bogot\u00e1\"}]},{\"@type\":\"WebSite\",\"@id\":\"https:\\\/\\\/www.uartes.edu.ec\\\/sitio\\\/fr\\\/#website\",\"url\":\"https:\\\/\\\/www.uartes.edu.ec\\\/sitio\\\/fr\\\/\",\"name\":\"Universidad de las Artes\",\"description\":\"Sitio oficial de la Universidad Nacional de las Artes del Ecuador\",\"publisher\":{\"@id\":\"https:\\\/\\\/www.uartes.edu.ec\\\/sitio\\\/fr\\\/#organization\"},\"potentialAction\":[{\"@type\":\"SearchAction\",\"target\":{\"@type\":\"EntryPoint\",\"urlTemplate\":\"https:\\\/\\\/www.uartes.edu.ec\\\/sitio\\\/fr\\\/?s={search_term_string}\"},\"query-input\":{\"@type\":\"PropertyValueSpecification\",\"valueRequired\":true,\"valueName\":\"search_term_string\"}}],\"inLanguage\":\"fr-FR\"},{\"@type\":\"Organization\",\"@id\":\"https:\\\/\\\/www.uartes.edu.ec\\\/sitio\\\/fr\\\/#organization\",\"name\":\"Universidad de las Artes\",\"url\":\"https:\\\/\\\/www.uartes.edu.ec\\\/sitio\\\/fr\\\/\",\"logo\":{\"@type\":\"ImageObject\",\"inLanguage\":\"fr-FR\",\"@id\":\"https:\\\/\\\/www.uartes.edu.ec\\\/sitio\\\/fr\\\/#\\\/schema\\\/logo\\\/image\\\/\",\"url\":\"https:\\\/\\\/www.uartes.edu.ec\\\/sitio\\\/wp-content\\\/uploads\\\/2022\\\/07\\\/logo-ua-horizontal.png\",\"contentUrl\":\"https:\\\/\\\/www.uartes.edu.ec\\\/sitio\\\/wp-content\\\/uploads\\\/2022\\\/07\\\/logo-ua-horizontal.png\",\"width\":800,\"height\":276,\"caption\":\"Universidad de las Artes\"},\"image\":{\"@id\":\"https:\\\/\\\/www.uartes.edu.ec\\\/sitio\\\/fr\\\/#\\\/schema\\\/logo\\\/image\\\/\"},\"sameAs\":[\"https:\\\/\\\/www.facebook.com\\\/uartesec\",\"https:\\\/\\\/x.com\\\/uartesec\",\"https:\\\/\\\/www.tiktok.com\\\/@uartesec\"]},{\"@type\":\"Person\",\"@id\":\"https:\\\/\\\/www.uartes.edu.ec\\\/sitio\\\/fr\\\/#\\\/schema\\\/person\\\/efa1b8275797664fd7f13a79ccc0b1f4\",\"name\":\"ccortez\",\"image\":{\"@type\":\"ImageObject\",\"inLanguage\":\"fr-FR\",\"@id\":\"https:\\\/\\\/secure.gravatar.com\\\/avatar\\\/b2a6f664a3ae8e074346ef91775736c5ec479e637ecced6842de9dc98b5da9cd?s=96&d=mm&r=g\",\"url\":\"https:\\\/\\\/secure.gravatar.com\\\/avatar\\\/b2a6f664a3ae8e074346ef91775736c5ec479e637ecced6842de9dc98b5da9cd?s=96&d=mm&r=g\",\"contentUrl\":\"https:\\\/\\\/secure.gravatar.com\\\/avatar\\\/b2a6f664a3ae8e074346ef91775736c5ec479e637ecced6842de9dc98b5da9cd?s=96&d=mm&r=g\",\"caption\":\"ccortez\"},\"url\":\"https:\\\/\\\/www.uartes.edu.ec\\\/sitio\\\/fr\\\/blog\\\/author\\\/ccortez\\\/\"}]}<\/script>\n<!-- \/ Yoast SEO plugin. -->","yoast_head_json":{"title":"Universidad de las Artes - \u201cEl Poder en Mi Constituci\u00f3n\u201d, de Carolina Pepper, en muestra esc\u00e9nica Movimiento Continuo de Bogot\u00e1","description":"Universidad de las Artes - \u201cEl Poder en Mi Constituci\u00f3n\u201d, de Carolina Pepper, en muestra esc\u00e9nica Movimiento Continuo de Bogot\u00e1","robots":{"index":"index","follow":"follow","max-snippet":"max-snippet:-1","max-image-preview":"max-image-preview:large","max-video-preview":"max-video-preview:-1"},"canonical":"https:\/\/www.uartes.edu.ec\/sitio\/fr\/blog\/2023\/10\/26\/el-poder-en-mi-constitucion-en-la-muestra-de-artes-escenicas-movimiento-continuo-de-bogota\/","og_locale":"fr_FR","og_type":"article","og_title":"Universidad de las Artes - \u201cEl Poder en Mi Constituci\u00f3n\u201d, de Carolina Pepper, en muestra esc\u00e9nica Movimiento Continuo de Bogot\u00e1","og_description":"Universidad de las Artes - \u201cEl Poder en Mi Constituci\u00f3n\u201d, de Carolina Pepper, en muestra esc\u00e9nica Movimiento Continuo de Bogot\u00e1","og_url":"https:\/\/www.uartes.edu.ec\/sitio\/fr\/blog\/2023\/10\/26\/el-poder-en-mi-constitucion-en-la-muestra-de-artes-escenicas-movimiento-continuo-de-bogota\/","og_site_name":"Universidad de las Artes","article_publisher":"https:\/\/www.facebook.com\/uartesec","article_published_time":"2023-10-26T10:54:00+00:00","article_modified_time":"2024-07-04T16:20:34+00:00","og_image":[{"width":2000,"height":1333,"url":"https:\/\/www.uartes.edu.ec\/sitio\/wp-content\/uploads\/2023\/10\/02-EL-PODER-EN-MI-CONSTITUCION.jpg","type":"image\/jpeg"}],"author":"ccortez","twitter_card":"summary_large_image","twitter_creator":"@uartesec","twitter_site":"@uartesec","twitter_misc":{"\u00c9crit par":"ccortez","Dur\u00e9e de lecture estim\u00e9e":"4 minutes"},"schema":{"@context":"https:\/\/schema.org","@graph":[{"@type":"Article","@id":"https:\/\/www.uartes.edu.ec\/sitio\/fr\/blog\/2023\/10\/26\/el-poder-en-mi-constitucion-en-la-muestra-de-artes-escenicas-movimiento-continuo-de-bogota\/#article","isPartOf":{"@id":"https:\/\/www.uartes.edu.ec\/sitio\/fr\/blog\/2023\/10\/26\/el-poder-en-mi-constitucion-en-la-muestra-de-artes-escenicas-movimiento-continuo-de-bogota\/"},"author":{"name":"ccortez","@id":"https:\/\/www.uartes.edu.ec\/sitio\/fr\/#\/schema\/person\/efa1b8275797664fd7f13a79ccc0b1f4"},"headline":"\u201cEl Poder en Mi Constituci\u00f3n\u201d, de Carolina Pepper, en muestra esc\u00e9nica Movimiento Continuo de Bogot\u00e1","datePublished":"2023-10-26T10:54:00+00:00","dateModified":"2024-07-04T16:20:34+00:00","mainEntityOfPage":{"@id":"https:\/\/www.uartes.edu.ec\/sitio\/fr\/blog\/2023\/10\/26\/el-poder-en-mi-constitucion-en-la-muestra-de-artes-escenicas-movimiento-continuo-de-bogota\/"},"wordCount":755,"commentCount":0,"publisher":{"@id":"https:\/\/www.uartes.edu.ec\/sitio\/fr\/#organization"},"image":{"@id":"https:\/\/www.uartes.edu.ec\/sitio\/fr\/blog\/2023\/10\/26\/el-poder-en-mi-constitucion-en-la-muestra-de-artes-escenicas-movimiento-continuo-de-bogota\/#primaryimage"},"thumbnailUrl":"https:\/\/www.uartes.edu.ec\/sitio\/wp-content\/uploads\/2023\/10\/02-EL-PODER-EN-MI-CONSTITUCION.jpg","keywords":["encuentro internacional"],"articleSection":["Acad\u00e9mico","Alumni","Artes","Artes Esc\u00e9nicas","Docentes","Estudiantes"],"inLanguage":"fr-FR","potentialAction":[{"@type":"CommentAction","name":"Comment","target":["https:\/\/www.uartes.edu.ec\/sitio\/fr\/blog\/2023\/10\/26\/el-poder-en-mi-constitucion-en-la-muestra-de-artes-escenicas-movimiento-continuo-de-bogota\/#respond"]}]},{"@type":["WebPage","ItemPage"],"@id":"https:\/\/www.uartes.edu.ec\/sitio\/fr\/blog\/2023\/10\/26\/el-poder-en-mi-constitucion-en-la-muestra-de-artes-escenicas-movimiento-continuo-de-bogota\/","url":"https:\/\/www.uartes.edu.ec\/sitio\/fr\/blog\/2023\/10\/26\/el-poder-en-mi-constitucion-en-la-muestra-de-artes-escenicas-movimiento-continuo-de-bogota\/","name":"Universidad de las Artes - \u201cEl Poder en Mi Constituci\u00f3n\u201d, de Carolina Pepper, en muestra esc\u00e9nica Movimiento Continuo de Bogot\u00e1","isPartOf":{"@id":"https:\/\/www.uartes.edu.ec\/sitio\/fr\/#website"},"primaryImageOfPage":{"@id":"https:\/\/www.uartes.edu.ec\/sitio\/fr\/blog\/2023\/10\/26\/el-poder-en-mi-constitucion-en-la-muestra-de-artes-escenicas-movimiento-continuo-de-bogota\/#primaryimage"},"image":{"@id":"https:\/\/www.uartes.edu.ec\/sitio\/fr\/blog\/2023\/10\/26\/el-poder-en-mi-constitucion-en-la-muestra-de-artes-escenicas-movimiento-continuo-de-bogota\/#primaryimage"},"thumbnailUrl":"https:\/\/www.uartes.edu.ec\/sitio\/wp-content\/uploads\/2023\/10\/02-EL-PODER-EN-MI-CONSTITUCION.jpg","datePublished":"2023-10-26T10:54:00+00:00","dateModified":"2024-07-04T16:20:34+00:00","description":"Universidad de las Artes - \u201cEl Poder en Mi Constituci\u00f3n\u201d, de Carolina Pepper, en muestra esc\u00e9nica Movimiento Continuo de Bogot\u00e1","breadcrumb":{"@id":"https:\/\/www.uartes.edu.ec\/sitio\/fr\/blog\/2023\/10\/26\/el-poder-en-mi-constitucion-en-la-muestra-de-artes-escenicas-movimiento-continuo-de-bogota\/#breadcrumb"},"inLanguage":"fr-FR","potentialAction":[{"@type":"ReadAction","target":["https:\/\/www.uartes.edu.ec\/sitio\/fr\/blog\/2023\/10\/26\/el-poder-en-mi-constitucion-en-la-muestra-de-artes-escenicas-movimiento-continuo-de-bogota\/"]}]},{"@type":"ImageObject","inLanguage":"fr-FR","@id":"https:\/\/www.uartes.edu.ec\/sitio\/fr\/blog\/2023\/10\/26\/el-poder-en-mi-constitucion-en-la-muestra-de-artes-escenicas-movimiento-continuo-de-bogota\/#primaryimage","url":"https:\/\/www.uartes.edu.ec\/sitio\/wp-content\/uploads\/2023\/10\/02-EL-PODER-EN-MI-CONSTITUCION.jpg","contentUrl":"https:\/\/www.uartes.edu.ec\/sitio\/wp-content\/uploads\/2023\/10\/02-EL-PODER-EN-MI-CONSTITUCION.jpg","width":2000,"height":1333},{"@type":"BreadcrumbList","@id":"https:\/\/www.uartes.edu.ec\/sitio\/fr\/blog\/2023\/10\/26\/el-poder-en-mi-constitucion-en-la-muestra-de-artes-escenicas-movimiento-continuo-de-bogota\/#breadcrumb","itemListElement":[{"@type":"ListItem","position":1,"name":"Inicio","item":"https:\/\/www.uartes.edu.ec\/sitio\/"},{"@type":"ListItem","position":2,"name":"\u201cEl Poder en Mi Constituci\u00f3n\u201d, de Carolina Pepper, en muestra esc\u00e9nica Movimiento Continuo de Bogot\u00e1"}]},{"@type":"WebSite","@id":"https:\/\/www.uartes.edu.ec\/sitio\/fr\/#website","url":"https:\/\/www.uartes.edu.ec\/sitio\/fr\/","name":"Universidad de las Artes","description":"Sitio oficial de la Universidad Nacional de las Artes del Ecuador","publisher":{"@id":"https:\/\/www.uartes.edu.ec\/sitio\/fr\/#organization"},"potentialAction":[{"@type":"SearchAction","target":{"@type":"EntryPoint","urlTemplate":"https:\/\/www.uartes.edu.ec\/sitio\/fr\/?s={search_term_string}"},"query-input":{"@type":"PropertyValueSpecification","valueRequired":true,"valueName":"search_term_string"}}],"inLanguage":"fr-FR"},{"@type":"Organization","@id":"https:\/\/www.uartes.edu.ec\/sitio\/fr\/#organization","name":"Universidad de las Artes","url":"https:\/\/www.uartes.edu.ec\/sitio\/fr\/","logo":{"@type":"ImageObject","inLanguage":"fr-FR","@id":"https:\/\/www.uartes.edu.ec\/sitio\/fr\/#\/schema\/logo\/image\/","url":"https:\/\/www.uartes.edu.ec\/sitio\/wp-content\/uploads\/2022\/07\/logo-ua-horizontal.png","contentUrl":"https:\/\/www.uartes.edu.ec\/sitio\/wp-content\/uploads\/2022\/07\/logo-ua-horizontal.png","width":800,"height":276,"caption":"Universidad de las Artes"},"image":{"@id":"https:\/\/www.uartes.edu.ec\/sitio\/fr\/#\/schema\/logo\/image\/"},"sameAs":["https:\/\/www.facebook.com\/uartesec","https:\/\/x.com\/uartesec","https:\/\/www.tiktok.com\/@uartesec"]},{"@type":"Person","@id":"https:\/\/www.uartes.edu.ec\/sitio\/fr\/#\/schema\/person\/efa1b8275797664fd7f13a79ccc0b1f4","name":"ccortez","image":{"@type":"ImageObject","inLanguage":"fr-FR","@id":"https:\/\/secure.gravatar.com\/avatar\/b2a6f664a3ae8e074346ef91775736c5ec479e637ecced6842de9dc98b5da9cd?s=96&d=mm&r=g","url":"https:\/\/secure.gravatar.com\/avatar\/b2a6f664a3ae8e074346ef91775736c5ec479e637ecced6842de9dc98b5da9cd?s=96&d=mm&r=g","contentUrl":"https:\/\/secure.gravatar.com\/avatar\/b2a6f664a3ae8e074346ef91775736c5ec479e637ecced6842de9dc98b5da9cd?s=96&d=mm&r=g","caption":"ccortez"},"url":"https:\/\/www.uartes.edu.ec\/sitio\/fr\/blog\/author\/ccortez\/"}]}},"uagb_featured_image_src":{"full":["https:\/\/www.uartes.edu.ec\/sitio\/wp-content\/uploads\/2023\/10\/02-EL-PODER-EN-MI-CONSTITUCION.jpg",2000,1333,false],"thumbnail":["https:\/\/www.uartes.edu.ec\/sitio\/wp-content\/uploads\/2023\/10\/02-EL-PODER-EN-MI-CONSTITUCION-150x150.jpg",150,150,true],"medium":["https:\/\/www.uartes.edu.ec\/sitio\/wp-content\/uploads\/2023\/10\/02-EL-PODER-EN-MI-CONSTITUCION-300x200.jpg",300,200,true],"medium_large":["https:\/\/www.uartes.edu.ec\/sitio\/wp-content\/uploads\/2023\/10\/02-EL-PODER-EN-MI-CONSTITUCION-768x512.jpg",768,512,true],"large":["https:\/\/www.uartes.edu.ec\/sitio\/wp-content\/uploads\/2023\/10\/02-EL-PODER-EN-MI-CONSTITUCION-644x429.jpg",644,429,true],"1536x1536":["https:\/\/www.uartes.edu.ec\/sitio\/wp-content\/uploads\/2023\/10\/02-EL-PODER-EN-MI-CONSTITUCION-1536x1024.jpg",1536,1024,true],"2048x2048":["https:\/\/www.uartes.edu.ec\/sitio\/wp-content\/uploads\/2023\/10\/02-EL-PODER-EN-MI-CONSTITUCION.jpg",2000,1333,false],"trp-custom-language-flag":["https:\/\/www.uartes.edu.ec\/sitio\/wp-content\/uploads\/2023\/10\/02-EL-PODER-EN-MI-CONSTITUCION.jpg",18,12,false],"htmega_size_585x295":["https:\/\/www.uartes.edu.ec\/sitio\/wp-content\/uploads\/2023\/10\/02-EL-PODER-EN-MI-CONSTITUCION-585x295.jpg",585,295,true],"htmega_size_1170x536":["https:\/\/www.uartes.edu.ec\/sitio\/wp-content\/uploads\/2023\/10\/02-EL-PODER-EN-MI-CONSTITUCION-1170x536.jpg",1170,536,true],"htmega_size_396x360":["https:\/\/www.uartes.edu.ec\/sitio\/wp-content\/uploads\/2023\/10\/02-EL-PODER-EN-MI-CONSTITUCION-396x360.jpg",396,360,true],"gb-block-post-grid-landscape":["https:\/\/www.uartes.edu.ec\/sitio\/wp-content\/uploads\/2023\/10\/02-EL-PODER-EN-MI-CONSTITUCION-600x400.jpg",600,400,true],"gb-block-post-grid-square":["https:\/\/www.uartes.edu.ec\/sitio\/wp-content\/uploads\/2023\/10\/02-EL-PODER-EN-MI-CONSTITUCION-600x600.jpg",600,600,true],"university-hub-thumb":["https:\/\/www.uartes.edu.ec\/sitio\/wp-content\/uploads\/2023\/10\/02-EL-PODER-EN-MI-CONSTITUCION-400x267.jpg",400,267,true],"mailpoet_newsletter_max":["https:\/\/www.uartes.edu.ec\/sitio\/wp-content\/uploads\/2023\/10\/02-EL-PODER-EN-MI-CONSTITUCION.jpg",1320,880,false]},"uagb_author_info":{"display_name":"ccortez","author_link":"https:\/\/www.uartes.edu.ec\/sitio\/fr\/blog\/author\/ccortez\/"},"uagb_comment_info":0,"uagb_excerpt":"La musicalizaci\u00f3n, la dramaturgia, el talento y la versatilidad de los int\u00e9rpretes de \u201cEl Poder en Mi Constituci\u00f3n\u201d fueron resaltados por el p\u00fablico y los colegas de compa\u00f1\u00edas de danza que vieron la obra en la XIV Muestra Internacional de Artes Esc\u00e9nicas Movimiento Continuo de Bogot\u00e1. Carolina Pepper da detalles de su propuesta, en la\u2026","featured_image_src":"https:\/\/www.uartes.edu.ec\/sitio\/wp-content\/uploads\/2023\/10\/02-EL-PODER-EN-MI-CONSTITUCION-600x400.jpg","featured_image_src_square":"https:\/\/www.uartes.edu.ec\/sitio\/wp-content\/uploads\/2023\/10\/02-EL-PODER-EN-MI-CONSTITUCION-600x600.jpg","author_info":{"display_name":"ccortez","author_link":"https:\/\/www.uartes.edu.ec\/sitio\/fr\/blog\/author\/ccortez\/"},"publishpress_future_workflow_manual_trigger":{"enabledWorkflows":[]},"distributor_meta":false,"distributor_terms":false,"distributor_media":false,"distributor_original_site_name":"Universidad de las Artes","distributor_original_site_url":"https:\/\/www.uartes.edu.ec\/sitio\/fr","push-errors":false,"_links":{"self":[{"href":"https:\/\/www.uartes.edu.ec\/sitio\/fr\/wp-json\/wp\/v2\/posts\/47994","targetHints":{"allow":["GET"]}}],"collection":[{"href":"https:\/\/www.uartes.edu.ec\/sitio\/fr\/wp-json\/wp\/v2\/posts"}],"about":[{"href":"https:\/\/www.uartes.edu.ec\/sitio\/fr\/wp-json\/wp\/v2\/types\/post"}],"author":[{"embeddable":true,"href":"https:\/\/www.uartes.edu.ec\/sitio\/fr\/wp-json\/wp\/v2\/users\/10"}],"replies":[{"embeddable":true,"href":"https:\/\/www.uartes.edu.ec\/sitio\/fr\/wp-json\/wp\/v2\/comments?post=47994"}],"version-history":[{"count":8,"href":"https:\/\/www.uartes.edu.ec\/sitio\/fr\/wp-json\/wp\/v2\/posts\/47994\/revisions"}],"predecessor-version":[{"id":56942,"href":"https:\/\/www.uartes.edu.ec\/sitio\/fr\/wp-json\/wp\/v2\/posts\/47994\/revisions\/56942"}],"wp:featuredmedia":[{"embeddable":true,"href":"https:\/\/www.uartes.edu.ec\/sitio\/fr\/wp-json\/wp\/v2\/media\/48045"}],"wp:attachment":[{"href":"https:\/\/www.uartes.edu.ec\/sitio\/fr\/wp-json\/wp\/v2\/media?parent=47994"}],"wp:term":[{"taxonomy":"category","embeddable":true,"href":"https:\/\/www.uartes.edu.ec\/sitio\/fr\/wp-json\/wp\/v2\/categories?post=47994"},{"taxonomy":"post_tag","embeddable":true,"href":"https:\/\/www.uartes.edu.ec\/sitio\/fr\/wp-json\/wp\/v2\/tags?post=47994"},{"taxonomy":"infouartes","embeddable":true,"href":"https:\/\/www.uartes.edu.ec\/sitio\/fr\/wp-json\/wp\/v2\/infouartes?post=47994"}],"curies":[{"name":"wp","href":"https:\/\/api.w.org\/{rel}","templated":true}]}}