{"id":48009,"date":"2023-10-25T20:26:00","date_gmt":"2023-10-26T01:26:00","guid":{"rendered":"https:\/\/www.uartes.edu.ec\/sitio\/?p=48009"},"modified":"2024-07-04T11:20:34","modified_gmt":"2024-07-04T16:20:34","slug":"conversatorio-con-los-artistas-y-la-comunidad-uartes-en-la-bienvenida-al-encuentro-de-artes-escenicas","status":"publish","type":"post","link":"https:\/\/www.uartes.edu.ec\/sitio\/fr\/blog\/2023\/10\/25\/conversatorio-con-los-artistas-y-la-comunidad-uartes-en-la-bienvenida-al-encuentro-de-artes-escenicas\/","title":{"rendered":"Conversatorio con los artistas y la comunidad en la bienvenida al encuentro de Artes Esc\u00e9nicas"},"content":{"rendered":"<p>La inauguraci\u00f3n del IV Encuentro Esc\u00e9nico tuvo sabor a bienvenida, una que fue concebida por la Escuela de Artes Esc\u00e9nicas de la Universidad de las Artes, su organizadora, como un di\u00e1logo con los artistas. Sucedi\u00f3 esta tarde en la terraza del patrimonial edificio El Tel\u00e9grafo.<\/p>\n\n\n\n<p>Bertha D\u00edaz Mart\u00ednez, directora de la escuela, manifest\u00f3 que el encuentro en su cuarta edici\u00f3n ten\u00eda como ejes centrales el trabajo emergente en el lenguaje y categorizar los escenarios para que puedan ser renovados. El rector de la UArtes, William Herrera, destac\u00f3 que cada edici\u00f3n en sus \u00faltimos tres a\u00f1os se ha caracterizado por asumir retos y actos rebeldes necesarios. Agradeci\u00f3 por demostrar que no solo el arte es una invitaci\u00f3n est\u00e9tica, pues en el contexto de los 10 a\u00f1os de la creaci\u00f3n de la universidad es fundamental atreverse, en sus tres a\u00f1os de autonom\u00eda y cogobierno, a levantarse, hablar de memoria y procesos.<\/p>\n\n\n\n<p>Agreg\u00f3 que, de las cuatro universidades emblem\u00e1ticas creadas, dos fueron intervenidas. La Universidad de las Artes ha vivido en la incertidumbre, pues existe una serie de recortes del gasto p\u00fablico. \u201cEs en ese momento donde se renuevan las ideas para salir adelante como pa\u00eds. Deseo que esta invitaci\u00f3n del encuentro esc\u00e9nico sea un espacio donde los gestores y artistas puedan crear procesos, propuestas para que los pa\u00edses sean visibles y puedan ser escuchados\u201d, dijo y concluy\u00f3 su intervenci\u00f3n indicando que quienes conforman la Escuela de Artes Esc\u00e9nicas ya han creado una memoria a lo largo del proceso que ha tenido la universidad.<\/p>\n\n\n<div class=\"wp-block-image\">\n<figure class=\"aligncenter size-large\"><img fetchpriority=\"high\" decoding=\"async\" width=\"644\" height=\"429\" src=\"https:\/\/www.uartes.edu.ec\/sitio\/wp-content\/uploads\/2023\/11\/07-INAUGURACION-ENCUENTRO-ESCENICO-644x429.jpg\" alt=\"\" class=\"wp-image-48011\" srcset=\"https:\/\/www.uartes.edu.ec\/sitio\/wp-content\/uploads\/2023\/11\/07-INAUGURACION-ENCUENTRO-ESCENICO-644x429.jpg 644w, https:\/\/www.uartes.edu.ec\/sitio\/wp-content\/uploads\/2023\/11\/07-INAUGURACION-ENCUENTRO-ESCENICO-768x511.jpg 768w, https:\/\/www.uartes.edu.ec\/sitio\/wp-content\/uploads\/2023\/11\/07-INAUGURACION-ENCUENTRO-ESCENICO.jpg 2000w, https:\/\/www.uartes.edu.ec\/sitio\/wp-content\/uploads\/2023\/11\/07-INAUGURACION-ENCUENTRO-ESCENICO-600x399.jpg 600w, https:\/\/www.uartes.edu.ec\/sitio\/wp-content\/uploads\/2023\/11\/07-INAUGURACION-ENCUENTRO-ESCENICO-272x182.jpg 272w\" sizes=\"(max-width: 644px) 100vw, 644px\" \/><\/figure>\n<\/div>\n\n\t\t\t\t\t<div\n\t\t\t\t\t\tclass=\"wp-block-uagb-image-gallery uagb-block-b67dbe13\"\n\t\t\t\t\t\tstyle=\"\"\n\t\t\t\t\t>\n\t\t\t\t\t\t\t\t\t\t\t<div class=\"spectra-image-gallery spectra-image-gallery__layout--grid spectra-image-gallery__layout--grid-col-2 spectra-image-gallery__layout--grid-col-tab-2 spectra-image-gallery__layout--grid-col-mob-2\">\n\t\t\t\t\t\t\t\t\t\t\t<div class='spectra-image-gallery__media-wrapper' data-spectra-gallery-image-id='48012' tabindex=\"0\">\n\t\t\t\t\t\t\t<div class=\"spectra-image-gallery__media spectra-image-gallery__media--grid\">\n\t\t\t\t<picture>\n\t\t\t\t\t<source media=\"(min-width: 1024px)\" srcset=\"https:\/\/www.uartes.edu.ec\/sitio\/wp-content\/uploads\/2023\/11\/06-INAUGURACION-ENCUENTRO-ESCENICO-644x429.jpg\">\n\t\t\t\t\t<source media=\"(min-width: 768px)\" srcset=\"https:\/\/www.uartes.edu.ec\/sitio\/wp-content\/uploads\/2023\/11\/06-INAUGURACION-ENCUENTRO-ESCENICO-644x429.jpg\">\n\t\t\t\t\t<img decoding=\"async\" class=\"spectra-image-gallery__media-thumbnail spectra-image-gallery__media-thumbnail--grid\" src=\"https:\/\/www.uartes.edu.ec\/sitio\/wp-content\/uploads\/2023\/11\/06-INAUGURACION-ENCUENTRO-ESCENICO-300x200.jpg\" alt=\"\" loading=\"lazy\" \/>\n\t\t\t\t<\/picture>\n\t\t\t\t<div class=\"spectra-image-gallery__media-thumbnail-blurrer\"><\/div>\n\t\t\t\t\t\t\t\t\t\t\t<div class=\"spectra-image-gallery__media-thumbnail-caption-wrapper spectra-image-gallery__media-thumbnail-caption-wrapper--overlay\">\n\t\t\t\t\t\t\t\t\t\t\t<div class=\"spectra-image-gallery__media-thumbnail-caption spectra-image-gallery__media-thumbnail-caption--overlay\">\n\t\t\t\t\tAucune l\u00e9gende\t\t\t\t<\/div>\n\t\t\t\t\t\t\t\t\t\t<\/div>\n\t\t\t\t\t\t\t\t\t<\/div>\n\t\t\t\t\t\t<\/div>\n\t\t\t\t\t\t<div class='spectra-image-gallery__media-wrapper' data-spectra-gallery-image-id='48013' tabindex=\"0\">\n\t\t\t\t\t\t\t<div class=\"spectra-image-gallery__media spectra-image-gallery__media--grid\">\n\t\t\t\t<picture>\n\t\t\t\t\t<source media=\"(min-width: 1024px)\" srcset=\"https:\/\/www.uartes.edu.ec\/sitio\/wp-content\/uploads\/2023\/11\/08-INAUGURACION-ENCUENTRO-ESCENICO-644x429.jpg\">\n\t\t\t\t\t<source media=\"(min-width: 768px)\" srcset=\"https:\/\/www.uartes.edu.ec\/sitio\/wp-content\/uploads\/2023\/11\/08-INAUGURACION-ENCUENTRO-ESCENICO-644x429.jpg\">\n\t\t\t\t\t<img decoding=\"async\" class=\"spectra-image-gallery__media-thumbnail spectra-image-gallery__media-thumbnail--grid\" src=\"https:\/\/www.uartes.edu.ec\/sitio\/wp-content\/uploads\/2023\/11\/08-INAUGURACION-ENCUENTRO-ESCENICO-300x200.jpg\" alt=\"\" loading=\"lazy\" \/>\n\t\t\t\t<\/picture>\n\t\t\t\t<div class=\"spectra-image-gallery__media-thumbnail-blurrer\"><\/div>\n\t\t\t\t\t\t\t\t\t\t\t<div class=\"spectra-image-gallery__media-thumbnail-caption-wrapper spectra-image-gallery__media-thumbnail-caption-wrapper--overlay\">\n\t\t\t\t\t\t\t\t\t\t\t<div class=\"spectra-image-gallery__media-thumbnail-caption spectra-image-gallery__media-thumbnail-caption--overlay\">\n\t\t\t\t\tAucune l\u00e9gende\t\t\t\t<\/div>\n\t\t\t\t\t\t\t\t\t\t<\/div>\n\t\t\t\t\t\t\t\t\t<\/div>\n\t\t\t\t\t\t<\/div>\n\t\t\t\t\t\t\t\t\t\t<\/div>\n\t\t\t\t\t\t\t\t\t\t\t\t\t\t\t\t\t\t<\/div>\n\t\t\t\t\t\t\t\t\t\n\n\n<p>Seguidamente, Bertha D\u00edaz present\u00f3 a los artistas participantes de la cuarta edici\u00f3n del encuentro. Por invitaci\u00f3n del Vicerrectorado de Posgrado e Investigaci\u00f3n en Artes, la Colectiva Laboractores de Colombia para la muestra \u201cYerbateras\u201d, una propuesta sobre saberes ancestrales y espacios interdisciplinarios no convencionales donde la mujer cura en base a lo aprendido de las plantas.<\/p>\n\n\n\n<p>Tambi\u00e9n Cuauht\u00e9moc Lara Razo y Luc\u00eda Fernanda Corbello de M\u00e9xico, a cargo del laboratorio \u201cExpedientes Secretos Guayaquil\u201d, un trabajo que consistir\u00e1 en construir un archivo de la memoria del espacio en los pueblos, barrios y ciudades. \u201cEste expediente de Guayaquil es rebeli\u00f3n hacia las pedagog\u00edas, instalaciones de piezas que se vinculan con la historia, la cartograf\u00eda y los territorios. Estas investigaciones permiten que un escenario salga del ocio\u201d, precis\u00f3 D\u00edaz.<\/p>\n\n\n\n<p>El Colectivo Norte de Ecuador, integrado por estudiantes de la Universidad de Cuenca, presentes en el encuentro con la muestra \u201cEl Pan de las 10\u201d, donde el break dance, el teatro, lo circense y la danza tienen un di\u00e1logo con el espacio esc\u00e9nico. <\/p>\n\n\n\n<p>La investigadora Sara Id\u00e1rraga Hamid, de Bogot\u00e1-Colombia, a cargo del proyecto \u201cDes-emboca-dura\u201d, donde el lugar y la rebeli\u00f3n del cuerpo se fusionan para crear un lenguaje.<\/p>\n\n\n<div class=\"wp-block-image\">\n<figure class=\"aligncenter size-large\"><img decoding=\"async\" width=\"644\" height=\"429\" src=\"https:\/\/www.uartes.edu.ec\/sitio\/wp-content\/uploads\/2023\/11\/09-INAUGURACION-ENCUENTRO-ESCENICO-644x429.jpg\" alt=\"\" class=\"wp-image-48014\" srcset=\"https:\/\/www.uartes.edu.ec\/sitio\/wp-content\/uploads\/2023\/11\/09-INAUGURACION-ENCUENTRO-ESCENICO-644x429.jpg 644w, https:\/\/www.uartes.edu.ec\/sitio\/wp-content\/uploads\/2023\/11\/09-INAUGURACION-ENCUENTRO-ESCENICO-768x511.jpg 768w, https:\/\/www.uartes.edu.ec\/sitio\/wp-content\/uploads\/2023\/11\/09-INAUGURACION-ENCUENTRO-ESCENICO.jpg 2000w, https:\/\/www.uartes.edu.ec\/sitio\/wp-content\/uploads\/2023\/11\/09-INAUGURACION-ENCUENTRO-ESCENICO-600x399.jpg 600w, https:\/\/www.uartes.edu.ec\/sitio\/wp-content\/uploads\/2023\/11\/09-INAUGURACION-ENCUENTRO-ESCENICO-272x182.jpg 272w\" sizes=\"(max-width: 644px) 100vw, 644px\" \/><\/figure>\n<\/div>\n\n\n<p>Andrea Alejandro Freire, fanzinera, poeta, gestora cultural e interdisciplinaria intervino en el conversatorio con un manifiesto, pues, anot\u00f3, considera a la UArtes como su casa. En un extracto de dicho texto expres\u00f3 la importancia de los trabajos colectivos que generan un universo afectivo y escrituras duraderas. \u201cLos artistas ser\u00e1n capaces de crear espacios esc\u00e9nicos. La creaci\u00f3n teatral es el espacio para la memoria m\u00faltiple y con la ayuda de la educaci\u00f3n p\u00fablica el arte es un derecho. Como seres humanos, como hombres, como mujeres somos de clase obrera y la educaci\u00f3n p\u00fablica nos transforma como artistas. \u00a1La educaci\u00f3n p\u00fablica en las artes es un derecho!\u201d, concluy\u00f3 recibiendo un sonoro aplauso de la comunidad universitaria.<\/p>\n\n\n\n<p>Las docentes Lorena Toro y Vanessa P\u00e9rez manifestaron su emoci\u00f3n por sus palabras y la responsabilidad del trabajo realizado por estudiantes que realizan sus pr\u00e1cticas preprofesionales, pues es una alegr\u00eda ser testigo de c\u00f3mo van encontrando su propia voz y su propio espacio, donde su arte pueda manifestarse por todo el pa\u00eds.<\/p>\n\n\n\n<p>Cobertura: Michael Medina, estudiante de la Escuela de Literatura.<\/p>","protected":false},"excerpt":{"rendered":"<p>La inauguraci\u00f3n del IV Encuentro Esc\u00e9nico tuvo sabor a bienvenida, una que fue concebida por la Escuela de Artes Esc\u00e9nicas, su organizadora, como un di\u00e1logo con los artistas y la comunidad. Sucedi\u00f3 esta tarde en la terraza de El Tel\u00e9grafo. Bertha D\u00edaz destac\u00f3 de la cita ten\u00eda el trabajo emergente en el lenguaje. El rector William Herrera, que cada edici\u00f3n en sus \u00faltimos tres a\u00f1os se ha caracterizado por asumir retos.<\/p>","protected":false},"author":10,"featured_media":48010,"comment_status":"open","ping_status":"open","sticky":false,"template":"","format":"standard","meta":{"_acf_changed":false,"_uag_custom_page_level_css":"","_monsterinsights_skip_tracking":false,"_monsterinsights_sitenote_active":false,"_monsterinsights_sitenote_note":"","_monsterinsights_sitenote_category":0,"cybocfi_hide_featured_image":"","footnotes":""},"categories":[80,82,159,75,76],"tags":[168],"infouartes":[],"class_list":["post-48009","post","type-post","status-publish","format-standard","has-post-thumbnail","hentry","category-academico","category-artes","category-artes-escenicas","category-docentes","category-estudiantes","tag-encuentro-escenico"],"acf":[],"yoast_head":"<!-- This site is optimized with the Yoast SEO plugin v27.4 - https:\/\/yoast.com\/product\/yoast-seo-wordpress\/ -->\n<title>Universidad de las Artes - Conversatorio con los artistas y la comunidad en la bienvenida al encuentro de Artes Esc\u00e9nicas<\/title>\n<meta name=\"description\" content=\"Universidad de las Artes - Conversatorio con los artistas y la comunidad en la bienvenida al encuentro de Artes Esc\u00e9nicas\" \/>\n<meta name=\"robots\" content=\"index, follow, max-snippet:-1, max-image-preview:large, max-video-preview:-1\" \/>\n<link rel=\"canonical\" href=\"https:\/\/www.uartes.edu.ec\/sitio\/fr\/blog\/2023\/10\/25\/conversatorio-con-los-artistas-y-la-comunidad-uartes-en-la-bienvenida-al-encuentro-de-artes-escenicas\/\" \/>\n<meta property=\"og:locale\" content=\"fr_FR\" \/>\n<meta property=\"og:type\" content=\"article\" \/>\n<meta property=\"og:title\" content=\"Universidad de las Artes - Conversatorio con los artistas y la comunidad en la bienvenida al encuentro de Artes Esc\u00e9nicas\" \/>\n<meta property=\"og:description\" content=\"Universidad de las Artes - Conversatorio con los artistas y la comunidad en la bienvenida al encuentro de Artes Esc\u00e9nicas\" \/>\n<meta property=\"og:url\" content=\"https:\/\/www.uartes.edu.ec\/sitio\/fr\/blog\/2023\/10\/25\/conversatorio-con-los-artistas-y-la-comunidad-uartes-en-la-bienvenida-al-encuentro-de-artes-escenicas\/\" \/>\n<meta property=\"og:site_name\" content=\"Universidad de las Artes\" \/>\n<meta property=\"article:publisher\" content=\"https:\/\/www.facebook.com\/uartesec\" \/>\n<meta property=\"article:published_time\" content=\"2023-10-26T01:26:00+00:00\" \/>\n<meta property=\"article:modified_time\" content=\"2024-07-04T16:20:34+00:00\" \/>\n<meta property=\"og:image\" content=\"https:\/\/www.uartes.edu.ec\/sitio\/wp-content\/uploads\/2023\/11\/05-INAUGURACION-ENCUENTRO-ESCENICO.jpg\" \/>\n\t<meta property=\"og:image:width\" content=\"2000\" \/>\n\t<meta property=\"og:image:height\" content=\"1333\" \/>\n\t<meta property=\"og:image:type\" content=\"image\/jpeg\" \/>\n<meta name=\"author\" content=\"ccortez\" \/>\n<meta name=\"twitter:card\" content=\"summary_large_image\" \/>\n<meta name=\"twitter:creator\" content=\"@uartesec\" \/>\n<meta name=\"twitter:site\" content=\"@uartesec\" \/>\n<meta name=\"twitter:label1\" content=\"\u00c9crit par\" \/>\n\t<meta name=\"twitter:data1\" content=\"ccortez\" \/>\n\t<meta name=\"twitter:label2\" content=\"Dur\u00e9e de lecture estim\u00e9e\" \/>\n\t<meta name=\"twitter:data2\" content=\"4 minutes\" \/>\n<script type=\"application\/ld+json\" class=\"yoast-schema-graph\">{\"@context\":\"https:\\\/\\\/schema.org\",\"@graph\":[{\"@type\":\"Article\",\"@id\":\"https:\\\/\\\/www.uartes.edu.ec\\\/sitio\\\/fr\\\/blog\\\/2023\\\/10\\\/25\\\/conversatorio-con-los-artistas-y-la-comunidad-uartes-en-la-bienvenida-al-encuentro-de-artes-escenicas\\\/#article\",\"isPartOf\":{\"@id\":\"https:\\\/\\\/www.uartes.edu.ec\\\/sitio\\\/fr\\\/blog\\\/2023\\\/10\\\/25\\\/conversatorio-con-los-artistas-y-la-comunidad-uartes-en-la-bienvenida-al-encuentro-de-artes-escenicas\\\/\"},\"author\":{\"name\":\"ccortez\",\"@id\":\"https:\\\/\\\/www.uartes.edu.ec\\\/sitio\\\/fr\\\/#\\\/schema\\\/person\\\/efa1b8275797664fd7f13a79ccc0b1f4\"},\"headline\":\"Conversatorio con los artistas y la comunidad en la bienvenida al encuentro de Artes Esc\u00e9nicas\",\"datePublished\":\"2023-10-26T01:26:00+00:00\",\"dateModified\":\"2024-07-04T16:20:34+00:00\",\"mainEntityOfPage\":{\"@id\":\"https:\\\/\\\/www.uartes.edu.ec\\\/sitio\\\/fr\\\/blog\\\/2023\\\/10\\\/25\\\/conversatorio-con-los-artistas-y-la-comunidad-uartes-en-la-bienvenida-al-encuentro-de-artes-escenicas\\\/\"},\"wordCount\":692,\"commentCount\":0,\"publisher\":{\"@id\":\"https:\\\/\\\/www.uartes.edu.ec\\\/sitio\\\/fr\\\/#organization\"},\"image\":{\"@id\":\"https:\\\/\\\/www.uartes.edu.ec\\\/sitio\\\/fr\\\/blog\\\/2023\\\/10\\\/25\\\/conversatorio-con-los-artistas-y-la-comunidad-uartes-en-la-bienvenida-al-encuentro-de-artes-escenicas\\\/#primaryimage\"},\"thumbnailUrl\":\"https:\\\/\\\/www.uartes.edu.ec\\\/sitio\\\/wp-content\\\/uploads\\\/2023\\\/11\\\/05-INAUGURACION-ENCUENTRO-ESCENICO.jpg\",\"keywords\":[\"encuentro esc\u00e9nico\"],\"articleSection\":[\"Acad\u00e9mico\",\"Artes\",\"Artes Esc\u00e9nicas\",\"Docentes\",\"Estudiantes\"],\"inLanguage\":\"fr-FR\",\"potentialAction\":[{\"@type\":\"CommentAction\",\"name\":\"Comment\",\"target\":[\"https:\\\/\\\/www.uartes.edu.ec\\\/sitio\\\/fr\\\/blog\\\/2023\\\/10\\\/25\\\/conversatorio-con-los-artistas-y-la-comunidad-uartes-en-la-bienvenida-al-encuentro-de-artes-escenicas\\\/#respond\"]}]},{\"@type\":[\"WebPage\",\"ItemPage\"],\"@id\":\"https:\\\/\\\/www.uartes.edu.ec\\\/sitio\\\/fr\\\/blog\\\/2023\\\/10\\\/25\\\/conversatorio-con-los-artistas-y-la-comunidad-uartes-en-la-bienvenida-al-encuentro-de-artes-escenicas\\\/\",\"url\":\"https:\\\/\\\/www.uartes.edu.ec\\\/sitio\\\/fr\\\/blog\\\/2023\\\/10\\\/25\\\/conversatorio-con-los-artistas-y-la-comunidad-uartes-en-la-bienvenida-al-encuentro-de-artes-escenicas\\\/\",\"name\":\"Universidad de las Artes - Conversatorio con los artistas y la comunidad en la bienvenida al encuentro de Artes Esc\u00e9nicas\",\"isPartOf\":{\"@id\":\"https:\\\/\\\/www.uartes.edu.ec\\\/sitio\\\/fr\\\/#website\"},\"primaryImageOfPage\":{\"@id\":\"https:\\\/\\\/www.uartes.edu.ec\\\/sitio\\\/fr\\\/blog\\\/2023\\\/10\\\/25\\\/conversatorio-con-los-artistas-y-la-comunidad-uartes-en-la-bienvenida-al-encuentro-de-artes-escenicas\\\/#primaryimage\"},\"image\":{\"@id\":\"https:\\\/\\\/www.uartes.edu.ec\\\/sitio\\\/fr\\\/blog\\\/2023\\\/10\\\/25\\\/conversatorio-con-los-artistas-y-la-comunidad-uartes-en-la-bienvenida-al-encuentro-de-artes-escenicas\\\/#primaryimage\"},\"thumbnailUrl\":\"https:\\\/\\\/www.uartes.edu.ec\\\/sitio\\\/wp-content\\\/uploads\\\/2023\\\/11\\\/05-INAUGURACION-ENCUENTRO-ESCENICO.jpg\",\"datePublished\":\"2023-10-26T01:26:00+00:00\",\"dateModified\":\"2024-07-04T16:20:34+00:00\",\"description\":\"Universidad de las Artes - Conversatorio con los artistas y la comunidad en la bienvenida al encuentro de Artes Esc\u00e9nicas\",\"breadcrumb\":{\"@id\":\"https:\\\/\\\/www.uartes.edu.ec\\\/sitio\\\/fr\\\/blog\\\/2023\\\/10\\\/25\\\/conversatorio-con-los-artistas-y-la-comunidad-uartes-en-la-bienvenida-al-encuentro-de-artes-escenicas\\\/#breadcrumb\"},\"inLanguage\":\"fr-FR\",\"potentialAction\":[{\"@type\":\"ReadAction\",\"target\":[\"https:\\\/\\\/www.uartes.edu.ec\\\/sitio\\\/fr\\\/blog\\\/2023\\\/10\\\/25\\\/conversatorio-con-los-artistas-y-la-comunidad-uartes-en-la-bienvenida-al-encuentro-de-artes-escenicas\\\/\"]}]},{\"@type\":\"ImageObject\",\"inLanguage\":\"fr-FR\",\"@id\":\"https:\\\/\\\/www.uartes.edu.ec\\\/sitio\\\/fr\\\/blog\\\/2023\\\/10\\\/25\\\/conversatorio-con-los-artistas-y-la-comunidad-uartes-en-la-bienvenida-al-encuentro-de-artes-escenicas\\\/#primaryimage\",\"url\":\"https:\\\/\\\/www.uartes.edu.ec\\\/sitio\\\/wp-content\\\/uploads\\\/2023\\\/11\\\/05-INAUGURACION-ENCUENTRO-ESCENICO.jpg\",\"contentUrl\":\"https:\\\/\\\/www.uartes.edu.ec\\\/sitio\\\/wp-content\\\/uploads\\\/2023\\\/11\\\/05-INAUGURACION-ENCUENTRO-ESCENICO.jpg\",\"width\":2000,\"height\":1333},{\"@type\":\"BreadcrumbList\",\"@id\":\"https:\\\/\\\/www.uartes.edu.ec\\\/sitio\\\/fr\\\/blog\\\/2023\\\/10\\\/25\\\/conversatorio-con-los-artistas-y-la-comunidad-uartes-en-la-bienvenida-al-encuentro-de-artes-escenicas\\\/#breadcrumb\",\"itemListElement\":[{\"@type\":\"ListItem\",\"position\":1,\"name\":\"Inicio\",\"item\":\"https:\\\/\\\/www.uartes.edu.ec\\\/sitio\\\/\"},{\"@type\":\"ListItem\",\"position\":2,\"name\":\"Conversatorio con los artistas y la comunidad en la bienvenida al encuentro de Artes Esc\u00e9nicas\"}]},{\"@type\":\"WebSite\",\"@id\":\"https:\\\/\\\/www.uartes.edu.ec\\\/sitio\\\/fr\\\/#website\",\"url\":\"https:\\\/\\\/www.uartes.edu.ec\\\/sitio\\\/fr\\\/\",\"name\":\"Universidad de las Artes\",\"description\":\"Sitio oficial de la Universidad Nacional de las Artes del Ecuador\",\"publisher\":{\"@id\":\"https:\\\/\\\/www.uartes.edu.ec\\\/sitio\\\/fr\\\/#organization\"},\"potentialAction\":[{\"@type\":\"SearchAction\",\"target\":{\"@type\":\"EntryPoint\",\"urlTemplate\":\"https:\\\/\\\/www.uartes.edu.ec\\\/sitio\\\/fr\\\/?s={search_term_string}\"},\"query-input\":{\"@type\":\"PropertyValueSpecification\",\"valueRequired\":true,\"valueName\":\"search_term_string\"}}],\"inLanguage\":\"fr-FR\"},{\"@type\":\"Organization\",\"@id\":\"https:\\\/\\\/www.uartes.edu.ec\\\/sitio\\\/fr\\\/#organization\",\"name\":\"Universidad de las Artes\",\"url\":\"https:\\\/\\\/www.uartes.edu.ec\\\/sitio\\\/fr\\\/\",\"logo\":{\"@type\":\"ImageObject\",\"inLanguage\":\"fr-FR\",\"@id\":\"https:\\\/\\\/www.uartes.edu.ec\\\/sitio\\\/fr\\\/#\\\/schema\\\/logo\\\/image\\\/\",\"url\":\"https:\\\/\\\/www.uartes.edu.ec\\\/sitio\\\/wp-content\\\/uploads\\\/2022\\\/07\\\/logo-ua-horizontal.png\",\"contentUrl\":\"https:\\\/\\\/www.uartes.edu.ec\\\/sitio\\\/wp-content\\\/uploads\\\/2022\\\/07\\\/logo-ua-horizontal.png\",\"width\":800,\"height\":276,\"caption\":\"Universidad de las Artes\"},\"image\":{\"@id\":\"https:\\\/\\\/www.uartes.edu.ec\\\/sitio\\\/fr\\\/#\\\/schema\\\/logo\\\/image\\\/\"},\"sameAs\":[\"https:\\\/\\\/www.facebook.com\\\/uartesec\",\"https:\\\/\\\/x.com\\\/uartesec\",\"https:\\\/\\\/www.tiktok.com\\\/@uartesec\"]},{\"@type\":\"Person\",\"@id\":\"https:\\\/\\\/www.uartes.edu.ec\\\/sitio\\\/fr\\\/#\\\/schema\\\/person\\\/efa1b8275797664fd7f13a79ccc0b1f4\",\"name\":\"ccortez\",\"image\":{\"@type\":\"ImageObject\",\"inLanguage\":\"fr-FR\",\"@id\":\"https:\\\/\\\/secure.gravatar.com\\\/avatar\\\/b2a6f664a3ae8e074346ef91775736c5ec479e637ecced6842de9dc98b5da9cd?s=96&d=mm&r=g\",\"url\":\"https:\\\/\\\/secure.gravatar.com\\\/avatar\\\/b2a6f664a3ae8e074346ef91775736c5ec479e637ecced6842de9dc98b5da9cd?s=96&d=mm&r=g\",\"contentUrl\":\"https:\\\/\\\/secure.gravatar.com\\\/avatar\\\/b2a6f664a3ae8e074346ef91775736c5ec479e637ecced6842de9dc98b5da9cd?s=96&d=mm&r=g\",\"caption\":\"ccortez\"},\"url\":\"https:\\\/\\\/www.uartes.edu.ec\\\/sitio\\\/fr\\\/blog\\\/author\\\/ccortez\\\/\"}]}<\/script>\n<!-- \/ Yoast SEO plugin. -->","yoast_head_json":{"title":"Universidad de las Artes - Conversatorio con los artistas y la comunidad en la bienvenida al encuentro de Artes Esc\u00e9nicas","description":"Universidad de las Artes - Conversatorio con los artistas y la comunidad en la bienvenida al encuentro de Artes Esc\u00e9nicas","robots":{"index":"index","follow":"follow","max-snippet":"max-snippet:-1","max-image-preview":"max-image-preview:large","max-video-preview":"max-video-preview:-1"},"canonical":"https:\/\/www.uartes.edu.ec\/sitio\/fr\/blog\/2023\/10\/25\/conversatorio-con-los-artistas-y-la-comunidad-uartes-en-la-bienvenida-al-encuentro-de-artes-escenicas\/","og_locale":"fr_FR","og_type":"article","og_title":"Universidad de las Artes - Conversatorio con los artistas y la comunidad en la bienvenida al encuentro de Artes Esc\u00e9nicas","og_description":"Universidad de las Artes - Conversatorio con los artistas y la comunidad en la bienvenida al encuentro de Artes Esc\u00e9nicas","og_url":"https:\/\/www.uartes.edu.ec\/sitio\/fr\/blog\/2023\/10\/25\/conversatorio-con-los-artistas-y-la-comunidad-uartes-en-la-bienvenida-al-encuentro-de-artes-escenicas\/","og_site_name":"Universidad de las Artes","article_publisher":"https:\/\/www.facebook.com\/uartesec","article_published_time":"2023-10-26T01:26:00+00:00","article_modified_time":"2024-07-04T16:20:34+00:00","og_image":[{"width":2000,"height":1333,"url":"https:\/\/www.uartes.edu.ec\/sitio\/wp-content\/uploads\/2023\/11\/05-INAUGURACION-ENCUENTRO-ESCENICO.jpg","type":"image\/jpeg"}],"author":"ccortez","twitter_card":"summary_large_image","twitter_creator":"@uartesec","twitter_site":"@uartesec","twitter_misc":{"\u00c9crit par":"ccortez","Dur\u00e9e de lecture estim\u00e9e":"4 minutes"},"schema":{"@context":"https:\/\/schema.org","@graph":[{"@type":"Article","@id":"https:\/\/www.uartes.edu.ec\/sitio\/fr\/blog\/2023\/10\/25\/conversatorio-con-los-artistas-y-la-comunidad-uartes-en-la-bienvenida-al-encuentro-de-artes-escenicas\/#article","isPartOf":{"@id":"https:\/\/www.uartes.edu.ec\/sitio\/fr\/blog\/2023\/10\/25\/conversatorio-con-los-artistas-y-la-comunidad-uartes-en-la-bienvenida-al-encuentro-de-artes-escenicas\/"},"author":{"name":"ccortez","@id":"https:\/\/www.uartes.edu.ec\/sitio\/fr\/#\/schema\/person\/efa1b8275797664fd7f13a79ccc0b1f4"},"headline":"Conversatorio con los artistas y la comunidad en la bienvenida al encuentro de Artes Esc\u00e9nicas","datePublished":"2023-10-26T01:26:00+00:00","dateModified":"2024-07-04T16:20:34+00:00","mainEntityOfPage":{"@id":"https:\/\/www.uartes.edu.ec\/sitio\/fr\/blog\/2023\/10\/25\/conversatorio-con-los-artistas-y-la-comunidad-uartes-en-la-bienvenida-al-encuentro-de-artes-escenicas\/"},"wordCount":692,"commentCount":0,"publisher":{"@id":"https:\/\/www.uartes.edu.ec\/sitio\/fr\/#organization"},"image":{"@id":"https:\/\/www.uartes.edu.ec\/sitio\/fr\/blog\/2023\/10\/25\/conversatorio-con-los-artistas-y-la-comunidad-uartes-en-la-bienvenida-al-encuentro-de-artes-escenicas\/#primaryimage"},"thumbnailUrl":"https:\/\/www.uartes.edu.ec\/sitio\/wp-content\/uploads\/2023\/11\/05-INAUGURACION-ENCUENTRO-ESCENICO.jpg","keywords":["encuentro esc\u00e9nico"],"articleSection":["Acad\u00e9mico","Artes","Artes Esc\u00e9nicas","Docentes","Estudiantes"],"inLanguage":"fr-FR","potentialAction":[{"@type":"CommentAction","name":"Comment","target":["https:\/\/www.uartes.edu.ec\/sitio\/fr\/blog\/2023\/10\/25\/conversatorio-con-los-artistas-y-la-comunidad-uartes-en-la-bienvenida-al-encuentro-de-artes-escenicas\/#respond"]}]},{"@type":["WebPage","ItemPage"],"@id":"https:\/\/www.uartes.edu.ec\/sitio\/fr\/blog\/2023\/10\/25\/conversatorio-con-los-artistas-y-la-comunidad-uartes-en-la-bienvenida-al-encuentro-de-artes-escenicas\/","url":"https:\/\/www.uartes.edu.ec\/sitio\/fr\/blog\/2023\/10\/25\/conversatorio-con-los-artistas-y-la-comunidad-uartes-en-la-bienvenida-al-encuentro-de-artes-escenicas\/","name":"Universidad de las Artes - Conversatorio con los artistas y la comunidad en la bienvenida al encuentro de Artes Esc\u00e9nicas","isPartOf":{"@id":"https:\/\/www.uartes.edu.ec\/sitio\/fr\/#website"},"primaryImageOfPage":{"@id":"https:\/\/www.uartes.edu.ec\/sitio\/fr\/blog\/2023\/10\/25\/conversatorio-con-los-artistas-y-la-comunidad-uartes-en-la-bienvenida-al-encuentro-de-artes-escenicas\/#primaryimage"},"image":{"@id":"https:\/\/www.uartes.edu.ec\/sitio\/fr\/blog\/2023\/10\/25\/conversatorio-con-los-artistas-y-la-comunidad-uartes-en-la-bienvenida-al-encuentro-de-artes-escenicas\/#primaryimage"},"thumbnailUrl":"https:\/\/www.uartes.edu.ec\/sitio\/wp-content\/uploads\/2023\/11\/05-INAUGURACION-ENCUENTRO-ESCENICO.jpg","datePublished":"2023-10-26T01:26:00+00:00","dateModified":"2024-07-04T16:20:34+00:00","description":"Universidad de las Artes - Conversatorio con los artistas y la comunidad en la bienvenida al encuentro de Artes Esc\u00e9nicas","breadcrumb":{"@id":"https:\/\/www.uartes.edu.ec\/sitio\/fr\/blog\/2023\/10\/25\/conversatorio-con-los-artistas-y-la-comunidad-uartes-en-la-bienvenida-al-encuentro-de-artes-escenicas\/#breadcrumb"},"inLanguage":"fr-FR","potentialAction":[{"@type":"ReadAction","target":["https:\/\/www.uartes.edu.ec\/sitio\/fr\/blog\/2023\/10\/25\/conversatorio-con-los-artistas-y-la-comunidad-uartes-en-la-bienvenida-al-encuentro-de-artes-escenicas\/"]}]},{"@type":"ImageObject","inLanguage":"fr-FR","@id":"https:\/\/www.uartes.edu.ec\/sitio\/fr\/blog\/2023\/10\/25\/conversatorio-con-los-artistas-y-la-comunidad-uartes-en-la-bienvenida-al-encuentro-de-artes-escenicas\/#primaryimage","url":"https:\/\/www.uartes.edu.ec\/sitio\/wp-content\/uploads\/2023\/11\/05-INAUGURACION-ENCUENTRO-ESCENICO.jpg","contentUrl":"https:\/\/www.uartes.edu.ec\/sitio\/wp-content\/uploads\/2023\/11\/05-INAUGURACION-ENCUENTRO-ESCENICO.jpg","width":2000,"height":1333},{"@type":"BreadcrumbList","@id":"https:\/\/www.uartes.edu.ec\/sitio\/fr\/blog\/2023\/10\/25\/conversatorio-con-los-artistas-y-la-comunidad-uartes-en-la-bienvenida-al-encuentro-de-artes-escenicas\/#breadcrumb","itemListElement":[{"@type":"ListItem","position":1,"name":"Inicio","item":"https:\/\/www.uartes.edu.ec\/sitio\/"},{"@type":"ListItem","position":2,"name":"Conversatorio con los artistas y la comunidad en la bienvenida al encuentro de Artes Esc\u00e9nicas"}]},{"@type":"WebSite","@id":"https:\/\/www.uartes.edu.ec\/sitio\/fr\/#website","url":"https:\/\/www.uartes.edu.ec\/sitio\/fr\/","name":"Universidad de las Artes","description":"Sitio oficial de la Universidad Nacional de las Artes del Ecuador","publisher":{"@id":"https:\/\/www.uartes.edu.ec\/sitio\/fr\/#organization"},"potentialAction":[{"@type":"SearchAction","target":{"@type":"EntryPoint","urlTemplate":"https:\/\/www.uartes.edu.ec\/sitio\/fr\/?s={search_term_string}"},"query-input":{"@type":"PropertyValueSpecification","valueRequired":true,"valueName":"search_term_string"}}],"inLanguage":"fr-FR"},{"@type":"Organization","@id":"https:\/\/www.uartes.edu.ec\/sitio\/fr\/#organization","name":"Universidad de las Artes","url":"https:\/\/www.uartes.edu.ec\/sitio\/fr\/","logo":{"@type":"ImageObject","inLanguage":"fr-FR","@id":"https:\/\/www.uartes.edu.ec\/sitio\/fr\/#\/schema\/logo\/image\/","url":"https:\/\/www.uartes.edu.ec\/sitio\/wp-content\/uploads\/2022\/07\/logo-ua-horizontal.png","contentUrl":"https:\/\/www.uartes.edu.ec\/sitio\/wp-content\/uploads\/2022\/07\/logo-ua-horizontal.png","width":800,"height":276,"caption":"Universidad de las Artes"},"image":{"@id":"https:\/\/www.uartes.edu.ec\/sitio\/fr\/#\/schema\/logo\/image\/"},"sameAs":["https:\/\/www.facebook.com\/uartesec","https:\/\/x.com\/uartesec","https:\/\/www.tiktok.com\/@uartesec"]},{"@type":"Person","@id":"https:\/\/www.uartes.edu.ec\/sitio\/fr\/#\/schema\/person\/efa1b8275797664fd7f13a79ccc0b1f4","name":"ccortez","image":{"@type":"ImageObject","inLanguage":"fr-FR","@id":"https:\/\/secure.gravatar.com\/avatar\/b2a6f664a3ae8e074346ef91775736c5ec479e637ecced6842de9dc98b5da9cd?s=96&d=mm&r=g","url":"https:\/\/secure.gravatar.com\/avatar\/b2a6f664a3ae8e074346ef91775736c5ec479e637ecced6842de9dc98b5da9cd?s=96&d=mm&r=g","contentUrl":"https:\/\/secure.gravatar.com\/avatar\/b2a6f664a3ae8e074346ef91775736c5ec479e637ecced6842de9dc98b5da9cd?s=96&d=mm&r=g","caption":"ccortez"},"url":"https:\/\/www.uartes.edu.ec\/sitio\/fr\/blog\/author\/ccortez\/"}]}},"uagb_featured_image_src":{"full":["https:\/\/www.uartes.edu.ec\/sitio\/wp-content\/uploads\/2023\/11\/05-INAUGURACION-ENCUENTRO-ESCENICO.jpg",2000,1333,false],"thumbnail":["https:\/\/www.uartes.edu.ec\/sitio\/wp-content\/uploads\/2023\/11\/05-INAUGURACION-ENCUENTRO-ESCENICO-150x150.jpg",150,150,true],"medium":["https:\/\/www.uartes.edu.ec\/sitio\/wp-content\/uploads\/2023\/11\/05-INAUGURACION-ENCUENTRO-ESCENICO-300x200.jpg",300,200,true],"medium_large":["https:\/\/www.uartes.edu.ec\/sitio\/wp-content\/uploads\/2023\/11\/05-INAUGURACION-ENCUENTRO-ESCENICO-768x512.jpg",768,512,true],"large":["https:\/\/www.uartes.edu.ec\/sitio\/wp-content\/uploads\/2023\/11\/05-INAUGURACION-ENCUENTRO-ESCENICO-644x429.jpg",644,429,true],"1536x1536":["https:\/\/www.uartes.edu.ec\/sitio\/wp-content\/uploads\/2023\/11\/05-INAUGURACION-ENCUENTRO-ESCENICO-1536x1024.jpg",1536,1024,true],"2048x2048":["https:\/\/www.uartes.edu.ec\/sitio\/wp-content\/uploads\/2023\/11\/05-INAUGURACION-ENCUENTRO-ESCENICO.jpg",2000,1333,false],"trp-custom-language-flag":["https:\/\/www.uartes.edu.ec\/sitio\/wp-content\/uploads\/2023\/11\/05-INAUGURACION-ENCUENTRO-ESCENICO.jpg",18,12,false],"htmega_size_585x295":["https:\/\/www.uartes.edu.ec\/sitio\/wp-content\/uploads\/2023\/11\/05-INAUGURACION-ENCUENTRO-ESCENICO-585x295.jpg",585,295,true],"htmega_size_1170x536":["https:\/\/www.uartes.edu.ec\/sitio\/wp-content\/uploads\/2023\/11\/05-INAUGURACION-ENCUENTRO-ESCENICO-1170x536.jpg",1170,536,true],"htmega_size_396x360":["https:\/\/www.uartes.edu.ec\/sitio\/wp-content\/uploads\/2023\/11\/05-INAUGURACION-ENCUENTRO-ESCENICO-396x360.jpg",396,360,true],"gb-block-post-grid-landscape":["https:\/\/www.uartes.edu.ec\/sitio\/wp-content\/uploads\/2023\/11\/05-INAUGURACION-ENCUENTRO-ESCENICO-600x400.jpg",600,400,true],"gb-block-post-grid-square":["https:\/\/www.uartes.edu.ec\/sitio\/wp-content\/uploads\/2023\/11\/05-INAUGURACION-ENCUENTRO-ESCENICO-600x600.jpg",600,600,true],"university-hub-thumb":["https:\/\/www.uartes.edu.ec\/sitio\/wp-content\/uploads\/2023\/11\/05-INAUGURACION-ENCUENTRO-ESCENICO-400x267.jpg",400,267,true],"mailpoet_newsletter_max":["https:\/\/www.uartes.edu.ec\/sitio\/wp-content\/uploads\/2023\/11\/05-INAUGURACION-ENCUENTRO-ESCENICO.jpg",1320,880,false]},"uagb_author_info":{"display_name":"ccortez","author_link":"https:\/\/www.uartes.edu.ec\/sitio\/fr\/blog\/author\/ccortez\/"},"uagb_comment_info":0,"uagb_excerpt":"La inauguraci\u00f3n del IV Encuentro Esc\u00e9nico tuvo sabor a bienvenida, una que fue concebida por la Escuela de Artes Esc\u00e9nicas, su organizadora, como un di\u00e1logo con los artistas y la comunidad. Sucedi\u00f3 esta tarde en la terraza de El Tel\u00e9grafo. Bertha D\u00edaz destac\u00f3 de la cita ten\u00eda el trabajo emergente en el lenguaje. El rector\u2026","featured_image_src":"https:\/\/www.uartes.edu.ec\/sitio\/wp-content\/uploads\/2023\/11\/05-INAUGURACION-ENCUENTRO-ESCENICO-600x400.jpg","featured_image_src_square":"https:\/\/www.uartes.edu.ec\/sitio\/wp-content\/uploads\/2023\/11\/05-INAUGURACION-ENCUENTRO-ESCENICO-600x600.jpg","author_info":{"display_name":"ccortez","author_link":"https:\/\/www.uartes.edu.ec\/sitio\/fr\/blog\/author\/ccortez\/"},"publishpress_future_workflow_manual_trigger":{"enabledWorkflows":[]},"distributor_meta":false,"distributor_terms":false,"distributor_media":false,"distributor_original_site_name":"Universidad de las Artes","distributor_original_site_url":"https:\/\/www.uartes.edu.ec\/sitio\/fr","push-errors":false,"_links":{"self":[{"href":"https:\/\/www.uartes.edu.ec\/sitio\/fr\/wp-json\/wp\/v2\/posts\/48009","targetHints":{"allow":["GET"]}}],"collection":[{"href":"https:\/\/www.uartes.edu.ec\/sitio\/fr\/wp-json\/wp\/v2\/posts"}],"about":[{"href":"https:\/\/www.uartes.edu.ec\/sitio\/fr\/wp-json\/wp\/v2\/types\/post"}],"author":[{"embeddable":true,"href":"https:\/\/www.uartes.edu.ec\/sitio\/fr\/wp-json\/wp\/v2\/users\/10"}],"replies":[{"embeddable":true,"href":"https:\/\/www.uartes.edu.ec\/sitio\/fr\/wp-json\/wp\/v2\/comments?post=48009"}],"version-history":[{"count":6,"href":"https:\/\/www.uartes.edu.ec\/sitio\/fr\/wp-json\/wp\/v2\/posts\/48009\/revisions"}],"predecessor-version":[{"id":56943,"href":"https:\/\/www.uartes.edu.ec\/sitio\/fr\/wp-json\/wp\/v2\/posts\/48009\/revisions\/56943"}],"wp:featuredmedia":[{"embeddable":true,"href":"https:\/\/www.uartes.edu.ec\/sitio\/fr\/wp-json\/wp\/v2\/media\/48010"}],"wp:attachment":[{"href":"https:\/\/www.uartes.edu.ec\/sitio\/fr\/wp-json\/wp\/v2\/media?parent=48009"}],"wp:term":[{"taxonomy":"category","embeddable":true,"href":"https:\/\/www.uartes.edu.ec\/sitio\/fr\/wp-json\/wp\/v2\/categories?post=48009"},{"taxonomy":"post_tag","embeddable":true,"href":"https:\/\/www.uartes.edu.ec\/sitio\/fr\/wp-json\/wp\/v2\/tags?post=48009"},{"taxonomy":"infouartes","embeddable":true,"href":"https:\/\/www.uartes.edu.ec\/sitio\/fr\/wp-json\/wp\/v2\/infouartes?post=48009"}],"curies":[{"name":"wp","href":"https:\/\/api.w.org\/{rel}","templated":true}]}}