{"id":48078,"date":"2023-11-06T13:37:00","date_gmt":"2023-11-06T18:37:00","guid":{"rendered":"https:\/\/www.uartes.edu.ec\/sitio\/?p=48078"},"modified":"2024-07-04T11:20:32","modified_gmt":"2024-07-04T16:20:32","slug":"comunidades-creativas-de-lectura-en-la-ix-edicion-de-libre-libro-encuentro-y-feria-de-editoriales-independientes","status":"publish","type":"post","link":"https:\/\/www.uartes.edu.ec\/sitio\/fr\/blog\/2023\/11\/06\/comunidades-creativas-de-lectura-en-la-ix-edicion-de-libre-libro-encuentro-y-feria-de-editoriales-independientes\/","title":{"rendered":"\u201cComunidades creativas de lectura\u201d en la IX edici\u00f3n de Libre Libro, encuentro y feria de editoriales independientes"},"content":{"rendered":"<p>Del 8 al 11 de noviembre de 2023 se desarrollar\u00e1 en el MZ14 Centro de Producci\u00f3n e Innovaci\u00f3n y la Biblioteca de las Artes la novena edici\u00f3n de Libre Libro, el encuentro de editoriales independientes y feria de publicaciones organizado por la Escuela de Literatura de la Universidad de las Artes.<\/p>\n\n\n\n<p>Conversatorios, conciertos, talleres de edici\u00f3n, obras de teatro, pel\u00edculas sobre publicaciones, cuadril\u00e1tero de libros y la segunda edici\u00f3n del famoso \u201cJam de Poes\u00eda\u201d constan en la programaci\u00f3n de la nueva edici\u00f3n de Libre Libro. Tendr\u00e1n lugar en espacios del MZ14, como la Plaza P\u00fablica, el CIF y el Sal\u00f3n Patrimonial, as\u00ed como en la Biblioteca de las Artes.<\/p>\n\n\n\n<p>Destacan, entre otras actividades, la presentaci\u00f3n del libro y la muestra \u201cSo\u00f1ar y vivir la selva: poes\u00eda desde el Yasun\u00ed\u201d y di\u00e1logos acerca del mundo editorial, como Cuerpario, proyecto editorial de El Hipop\u00f3tamo.<\/p>\n\n\n\n<p>Con la tem\u00e1tica \u201cComunidades creativas de lectura\u201d, el Libre Libro cuenta en este a\u00f1o con la participaci\u00f3n de los internacionales V\u00edctor Malumi\u00e1n, editor de Godot Ediciones, y Paloma Vidal, ambos de Argentina. Con ellos, Sara Bola\u00f1os, Diego Mosquera, Sonia Gui\u00f1ansaca, Fausto Rivera, To\u00f1o Cepeda, Alexander \u00c1vila, Mar\u00eda Auxiliadora Balladares y Carolina Velasco.<\/p>\n\n\n\n<p>Dedicada principalmente a las y los lectores y a celebrar el trabajo colectivo y creativo de quienes crean espacios de encuentros cr\u00edticos y sensibles en torno a los diversos actos de lectura, la feria de Libre Libro se abrir\u00e1 desde el mi\u00e9rcoles 8 hasta el s\u00e1bado 11 de noviembre. Contar\u00e1 en su recinto, en la Plaza P\u00fablica del MZ14, con m\u00e1s de 26 expositores con los principales cat\u00e1logos de editoriales independientes del Ecuador y de pa\u00edses como Argentina, Colombia y Per\u00fa; tambi\u00e9n, diez librer\u00edas nacionales.<\/p>","protected":false},"excerpt":{"rendered":"<p>Talleres y el conversatorio por los 10 a\u00f1os de la UArtes \u00abConstruyendo comunidades lectoras\u00bb dar\u00e1n inicio este 8 de noviembre a la IX edici\u00f3n de Libre Libro, encuentro y feria de editoriales independientes. A su inauguraci\u00f3n, a las 17:30, le seguir\u00e1 la apertura de la exposici\u00f3n \u201cSo\u00f1ar y vivir la selva\u201d, as\u00ed como las presentaciones de la Rondalla de Guayaquil y el Ensamble L\u00fadico Experimental de la EAS.<\/p>","protected":false},"author":10,"featured_media":48086,"comment_status":"open","ping_status":"open","sticky":false,"template":"","format":"standard","meta":{"_acf_changed":false,"_uag_custom_page_level_css":"","_monsterinsights_skip_tracking":false,"_monsterinsights_sitenote_active":false,"_monsterinsights_sitenote_note":"","_monsterinsights_sitenote_category":0,"cybocfi_hide_featured_image":"","footnotes":""},"categories":[80,490,75,76,175,83],"tags":[521],"infouartes":[],"class_list":["post-48078","post","type-post","status-publish","format-standard","has-post-thumbnail","hentry","category-academico","category-alumni","category-docentes","category-estudiantes","category-literatura","category-sedes","tag-encuentro"],"acf":[],"yoast_head":"<!-- This site is optimized with the Yoast SEO plugin v27.4 - https:\/\/yoast.com\/product\/yoast-seo-wordpress\/ -->\n<title>Universidad de las Artes - \u201cComunidades creativas de lectura\u201d en la IX edici\u00f3n de Libre Libro, encuentro y feria de editoriales independientes<\/title>\n<meta name=\"description\" content=\"Universidad de las Artes - \u201cComunidades creativas de lectura\u201d en la IX edici\u00f3n de Libre Libro, encuentro y feria de editoriales independientes\" \/>\n<meta name=\"robots\" content=\"index, follow, max-snippet:-1, max-image-preview:large, max-video-preview:-1\" \/>\n<link rel=\"canonical\" href=\"https:\/\/www.uartes.edu.ec\/sitio\/fr\/blog\/2023\/11\/06\/comunidades-creativas-de-lectura-en-la-ix-edicion-de-libre-libro-encuentro-y-feria-de-editoriales-independientes\/\" \/>\n<meta property=\"og:locale\" content=\"fr_FR\" \/>\n<meta property=\"og:type\" content=\"article\" \/>\n<meta property=\"og:title\" content=\"Universidad de las Artes - \u201cComunidades creativas de lectura\u201d en la IX edici\u00f3n de Libre Libro, encuentro y feria de editoriales independientes\" \/>\n<meta property=\"og:description\" content=\"Universidad de las Artes - \u201cComunidades creativas de lectura\u201d en la IX edici\u00f3n de Libre Libro, encuentro y feria de editoriales independientes\" \/>\n<meta property=\"og:url\" content=\"https:\/\/www.uartes.edu.ec\/sitio\/fr\/blog\/2023\/11\/06\/comunidades-creativas-de-lectura-en-la-ix-edicion-de-libre-libro-encuentro-y-feria-de-editoriales-independientes\/\" \/>\n<meta property=\"og:site_name\" content=\"Universidad de las Artes\" \/>\n<meta property=\"article:publisher\" content=\"https:\/\/www.facebook.com\/uartesec\" \/>\n<meta property=\"article:published_time\" content=\"2023-11-06T18:37:00+00:00\" \/>\n<meta property=\"article:modified_time\" content=\"2024-07-04T16:20:32+00:00\" \/>\n<meta property=\"og:image\" content=\"https:\/\/www.uartes.edu.ec\/sitio\/wp-content\/uploads\/2023\/11\/LL2023.jpg\" \/>\n\t<meta property=\"og:image:width\" content=\"2000\" \/>\n\t<meta property=\"og:image:height\" content=\"1333\" \/>\n\t<meta property=\"og:image:type\" content=\"image\/jpeg\" \/>\n<meta name=\"author\" content=\"ccortez\" \/>\n<meta name=\"twitter:card\" content=\"summary_large_image\" \/>\n<meta name=\"twitter:creator\" content=\"@uartesec\" \/>\n<meta name=\"twitter:site\" content=\"@uartesec\" \/>\n<meta name=\"twitter:label1\" content=\"\u00c9crit par\" \/>\n\t<meta name=\"twitter:data1\" content=\"ccortez\" \/>\n\t<meta name=\"twitter:label2\" content=\"Dur\u00e9e de lecture estim\u00e9e\" \/>\n\t<meta name=\"twitter:data2\" content=\"2 minutes\" \/>\n<script type=\"application\/ld+json\" class=\"yoast-schema-graph\">{\"@context\":\"https:\\\/\\\/schema.org\",\"@graph\":[{\"@type\":\"Article\",\"@id\":\"https:\\\/\\\/www.uartes.edu.ec\\\/sitio\\\/fr\\\/blog\\\/2023\\\/11\\\/06\\\/comunidades-creativas-de-lectura-en-la-ix-edicion-de-libre-libro-encuentro-y-feria-de-editoriales-independientes\\\/#article\",\"isPartOf\":{\"@id\":\"https:\\\/\\\/www.uartes.edu.ec\\\/sitio\\\/fr\\\/blog\\\/2023\\\/11\\\/06\\\/comunidades-creativas-de-lectura-en-la-ix-edicion-de-libre-libro-encuentro-y-feria-de-editoriales-independientes\\\/\"},\"author\":{\"name\":\"ccortez\",\"@id\":\"https:\\\/\\\/www.uartes.edu.ec\\\/sitio\\\/fr\\\/#\\\/schema\\\/person\\\/efa1b8275797664fd7f13a79ccc0b1f4\"},\"headline\":\"\u201cComunidades creativas de lectura\u201d en la IX edici\u00f3n de Libre Libro, encuentro y feria de editoriales independientes\",\"datePublished\":\"2023-11-06T18:37:00+00:00\",\"dateModified\":\"2024-07-04T16:20:32+00:00\",\"mainEntityOfPage\":{\"@id\":\"https:\\\/\\\/www.uartes.edu.ec\\\/sitio\\\/fr\\\/blog\\\/2023\\\/11\\\/06\\\/comunidades-creativas-de-lectura-en-la-ix-edicion-de-libre-libro-encuentro-y-feria-de-editoriales-independientes\\\/\"},\"wordCount\":327,\"commentCount\":0,\"publisher\":{\"@id\":\"https:\\\/\\\/www.uartes.edu.ec\\\/sitio\\\/fr\\\/#organization\"},\"image\":{\"@id\":\"https:\\\/\\\/www.uartes.edu.ec\\\/sitio\\\/fr\\\/blog\\\/2023\\\/11\\\/06\\\/comunidades-creativas-de-lectura-en-la-ix-edicion-de-libre-libro-encuentro-y-feria-de-editoriales-independientes\\\/#primaryimage\"},\"thumbnailUrl\":\"https:\\\/\\\/www.uartes.edu.ec\\\/sitio\\\/wp-content\\\/uploads\\\/2023\\\/11\\\/LL2023.jpg\",\"keywords\":[\"encuentro\"],\"articleSection\":[\"Acad\u00e9mico\",\"Alumni\",\"Docentes\",\"Estudiantes\",\"Literatura\",\"Sedes\"],\"inLanguage\":\"fr-FR\",\"potentialAction\":[{\"@type\":\"CommentAction\",\"name\":\"Comment\",\"target\":[\"https:\\\/\\\/www.uartes.edu.ec\\\/sitio\\\/fr\\\/blog\\\/2023\\\/11\\\/06\\\/comunidades-creativas-de-lectura-en-la-ix-edicion-de-libre-libro-encuentro-y-feria-de-editoriales-independientes\\\/#respond\"]}]},{\"@type\":[\"WebPage\",\"ItemPage\"],\"@id\":\"https:\\\/\\\/www.uartes.edu.ec\\\/sitio\\\/fr\\\/blog\\\/2023\\\/11\\\/06\\\/comunidades-creativas-de-lectura-en-la-ix-edicion-de-libre-libro-encuentro-y-feria-de-editoriales-independientes\\\/\",\"url\":\"https:\\\/\\\/www.uartes.edu.ec\\\/sitio\\\/fr\\\/blog\\\/2023\\\/11\\\/06\\\/comunidades-creativas-de-lectura-en-la-ix-edicion-de-libre-libro-encuentro-y-feria-de-editoriales-independientes\\\/\",\"name\":\"Universidad de las Artes - \u201cComunidades creativas de lectura\u201d en la IX edici\u00f3n de Libre Libro, encuentro y feria de editoriales independientes\",\"isPartOf\":{\"@id\":\"https:\\\/\\\/www.uartes.edu.ec\\\/sitio\\\/fr\\\/#website\"},\"primaryImageOfPage\":{\"@id\":\"https:\\\/\\\/www.uartes.edu.ec\\\/sitio\\\/fr\\\/blog\\\/2023\\\/11\\\/06\\\/comunidades-creativas-de-lectura-en-la-ix-edicion-de-libre-libro-encuentro-y-feria-de-editoriales-independientes\\\/#primaryimage\"},\"image\":{\"@id\":\"https:\\\/\\\/www.uartes.edu.ec\\\/sitio\\\/fr\\\/blog\\\/2023\\\/11\\\/06\\\/comunidades-creativas-de-lectura-en-la-ix-edicion-de-libre-libro-encuentro-y-feria-de-editoriales-independientes\\\/#primaryimage\"},\"thumbnailUrl\":\"https:\\\/\\\/www.uartes.edu.ec\\\/sitio\\\/wp-content\\\/uploads\\\/2023\\\/11\\\/LL2023.jpg\",\"datePublished\":\"2023-11-06T18:37:00+00:00\",\"dateModified\":\"2024-07-04T16:20:32+00:00\",\"description\":\"Universidad de las Artes - \u201cComunidades creativas de lectura\u201d en la IX edici\u00f3n de Libre Libro, encuentro y feria de editoriales independientes\",\"breadcrumb\":{\"@id\":\"https:\\\/\\\/www.uartes.edu.ec\\\/sitio\\\/fr\\\/blog\\\/2023\\\/11\\\/06\\\/comunidades-creativas-de-lectura-en-la-ix-edicion-de-libre-libro-encuentro-y-feria-de-editoriales-independientes\\\/#breadcrumb\"},\"inLanguage\":\"fr-FR\",\"potentialAction\":[{\"@type\":\"ReadAction\",\"target\":[\"https:\\\/\\\/www.uartes.edu.ec\\\/sitio\\\/fr\\\/blog\\\/2023\\\/11\\\/06\\\/comunidades-creativas-de-lectura-en-la-ix-edicion-de-libre-libro-encuentro-y-feria-de-editoriales-independientes\\\/\"]}]},{\"@type\":\"ImageObject\",\"inLanguage\":\"fr-FR\",\"@id\":\"https:\\\/\\\/www.uartes.edu.ec\\\/sitio\\\/fr\\\/blog\\\/2023\\\/11\\\/06\\\/comunidades-creativas-de-lectura-en-la-ix-edicion-de-libre-libro-encuentro-y-feria-de-editoriales-independientes\\\/#primaryimage\",\"url\":\"https:\\\/\\\/www.uartes.edu.ec\\\/sitio\\\/wp-content\\\/uploads\\\/2023\\\/11\\\/LL2023.jpg\",\"contentUrl\":\"https:\\\/\\\/www.uartes.edu.ec\\\/sitio\\\/wp-content\\\/uploads\\\/2023\\\/11\\\/LL2023.jpg\",\"width\":2000,\"height\":1333},{\"@type\":\"BreadcrumbList\",\"@id\":\"https:\\\/\\\/www.uartes.edu.ec\\\/sitio\\\/fr\\\/blog\\\/2023\\\/11\\\/06\\\/comunidades-creativas-de-lectura-en-la-ix-edicion-de-libre-libro-encuentro-y-feria-de-editoriales-independientes\\\/#breadcrumb\",\"itemListElement\":[{\"@type\":\"ListItem\",\"position\":1,\"name\":\"Inicio\",\"item\":\"https:\\\/\\\/www.uartes.edu.ec\\\/sitio\\\/\"},{\"@type\":\"ListItem\",\"position\":2,\"name\":\"\u201cComunidades creativas de lectura\u201d en la IX edici\u00f3n de Libre Libro, encuentro y feria de editoriales independientes\"}]},{\"@type\":\"WebSite\",\"@id\":\"https:\\\/\\\/www.uartes.edu.ec\\\/sitio\\\/fr\\\/#website\",\"url\":\"https:\\\/\\\/www.uartes.edu.ec\\\/sitio\\\/fr\\\/\",\"name\":\"Universidad de las Artes\",\"description\":\"Sitio oficial de la Universidad Nacional de las Artes del Ecuador\",\"publisher\":{\"@id\":\"https:\\\/\\\/www.uartes.edu.ec\\\/sitio\\\/fr\\\/#organization\"},\"potentialAction\":[{\"@type\":\"SearchAction\",\"target\":{\"@type\":\"EntryPoint\",\"urlTemplate\":\"https:\\\/\\\/www.uartes.edu.ec\\\/sitio\\\/fr\\\/?s={search_term_string}\"},\"query-input\":{\"@type\":\"PropertyValueSpecification\",\"valueRequired\":true,\"valueName\":\"search_term_string\"}}],\"inLanguage\":\"fr-FR\"},{\"@type\":\"Organization\",\"@id\":\"https:\\\/\\\/www.uartes.edu.ec\\\/sitio\\\/fr\\\/#organization\",\"name\":\"Universidad de las Artes\",\"url\":\"https:\\\/\\\/www.uartes.edu.ec\\\/sitio\\\/fr\\\/\",\"logo\":{\"@type\":\"ImageObject\",\"inLanguage\":\"fr-FR\",\"@id\":\"https:\\\/\\\/www.uartes.edu.ec\\\/sitio\\\/fr\\\/#\\\/schema\\\/logo\\\/image\\\/\",\"url\":\"https:\\\/\\\/www.uartes.edu.ec\\\/sitio\\\/wp-content\\\/uploads\\\/2022\\\/07\\\/logo-ua-horizontal.png\",\"contentUrl\":\"https:\\\/\\\/www.uartes.edu.ec\\\/sitio\\\/wp-content\\\/uploads\\\/2022\\\/07\\\/logo-ua-horizontal.png\",\"width\":800,\"height\":276,\"caption\":\"Universidad de las Artes\"},\"image\":{\"@id\":\"https:\\\/\\\/www.uartes.edu.ec\\\/sitio\\\/fr\\\/#\\\/schema\\\/logo\\\/image\\\/\"},\"sameAs\":[\"https:\\\/\\\/www.facebook.com\\\/uartesec\",\"https:\\\/\\\/x.com\\\/uartesec\",\"https:\\\/\\\/www.tiktok.com\\\/@uartesec\"]},{\"@type\":\"Person\",\"@id\":\"https:\\\/\\\/www.uartes.edu.ec\\\/sitio\\\/fr\\\/#\\\/schema\\\/person\\\/efa1b8275797664fd7f13a79ccc0b1f4\",\"name\":\"ccortez\",\"image\":{\"@type\":\"ImageObject\",\"inLanguage\":\"fr-FR\",\"@id\":\"https:\\\/\\\/secure.gravatar.com\\\/avatar\\\/b2a6f664a3ae8e074346ef91775736c5ec479e637ecced6842de9dc98b5da9cd?s=96&d=mm&r=g\",\"url\":\"https:\\\/\\\/secure.gravatar.com\\\/avatar\\\/b2a6f664a3ae8e074346ef91775736c5ec479e637ecced6842de9dc98b5da9cd?s=96&d=mm&r=g\",\"contentUrl\":\"https:\\\/\\\/secure.gravatar.com\\\/avatar\\\/b2a6f664a3ae8e074346ef91775736c5ec479e637ecced6842de9dc98b5da9cd?s=96&d=mm&r=g\",\"caption\":\"ccortez\"},\"url\":\"https:\\\/\\\/www.uartes.edu.ec\\\/sitio\\\/fr\\\/blog\\\/author\\\/ccortez\\\/\"}]}<\/script>\n<!-- \/ Yoast SEO plugin. -->","yoast_head_json":{"title":"Universidad de las Artes - \u201cComunidades creativas de lectura\u201d en la IX edici\u00f3n de Libre Libro, encuentro y feria de editoriales independientes","description":"Universidad de las Artes - \u201cComunidades creativas de lectura\u201d en la IX edici\u00f3n de Libre Libro, encuentro y feria de editoriales independientes","robots":{"index":"index","follow":"follow","max-snippet":"max-snippet:-1","max-image-preview":"max-image-preview:large","max-video-preview":"max-video-preview:-1"},"canonical":"https:\/\/www.uartes.edu.ec\/sitio\/fr\/blog\/2023\/11\/06\/comunidades-creativas-de-lectura-en-la-ix-edicion-de-libre-libro-encuentro-y-feria-de-editoriales-independientes\/","og_locale":"fr_FR","og_type":"article","og_title":"Universidad de las Artes - \u201cComunidades creativas de lectura\u201d en la IX edici\u00f3n de Libre Libro, encuentro y feria de editoriales independientes","og_description":"Universidad de las Artes - \u201cComunidades creativas de lectura\u201d en la IX edici\u00f3n de Libre Libro, encuentro y feria de editoriales independientes","og_url":"https:\/\/www.uartes.edu.ec\/sitio\/fr\/blog\/2023\/11\/06\/comunidades-creativas-de-lectura-en-la-ix-edicion-de-libre-libro-encuentro-y-feria-de-editoriales-independientes\/","og_site_name":"Universidad de las Artes","article_publisher":"https:\/\/www.facebook.com\/uartesec","article_published_time":"2023-11-06T18:37:00+00:00","article_modified_time":"2024-07-04T16:20:32+00:00","og_image":[{"width":2000,"height":1333,"url":"https:\/\/www.uartes.edu.ec\/sitio\/wp-content\/uploads\/2023\/11\/LL2023.jpg","type":"image\/jpeg"}],"author":"ccortez","twitter_card":"summary_large_image","twitter_creator":"@uartesec","twitter_site":"@uartesec","twitter_misc":{"\u00c9crit par":"ccortez","Dur\u00e9e de lecture estim\u00e9e":"2 minutes"},"schema":{"@context":"https:\/\/schema.org","@graph":[{"@type":"Article","@id":"https:\/\/www.uartes.edu.ec\/sitio\/fr\/blog\/2023\/11\/06\/comunidades-creativas-de-lectura-en-la-ix-edicion-de-libre-libro-encuentro-y-feria-de-editoriales-independientes\/#article","isPartOf":{"@id":"https:\/\/www.uartes.edu.ec\/sitio\/fr\/blog\/2023\/11\/06\/comunidades-creativas-de-lectura-en-la-ix-edicion-de-libre-libro-encuentro-y-feria-de-editoriales-independientes\/"},"author":{"name":"ccortez","@id":"https:\/\/www.uartes.edu.ec\/sitio\/fr\/#\/schema\/person\/efa1b8275797664fd7f13a79ccc0b1f4"},"headline":"\u201cComunidades creativas de lectura\u201d en la IX edici\u00f3n de Libre Libro, encuentro y feria de editoriales independientes","datePublished":"2023-11-06T18:37:00+00:00","dateModified":"2024-07-04T16:20:32+00:00","mainEntityOfPage":{"@id":"https:\/\/www.uartes.edu.ec\/sitio\/fr\/blog\/2023\/11\/06\/comunidades-creativas-de-lectura-en-la-ix-edicion-de-libre-libro-encuentro-y-feria-de-editoriales-independientes\/"},"wordCount":327,"commentCount":0,"publisher":{"@id":"https:\/\/www.uartes.edu.ec\/sitio\/fr\/#organization"},"image":{"@id":"https:\/\/www.uartes.edu.ec\/sitio\/fr\/blog\/2023\/11\/06\/comunidades-creativas-de-lectura-en-la-ix-edicion-de-libre-libro-encuentro-y-feria-de-editoriales-independientes\/#primaryimage"},"thumbnailUrl":"https:\/\/www.uartes.edu.ec\/sitio\/wp-content\/uploads\/2023\/11\/LL2023.jpg","keywords":["encuentro"],"articleSection":["Acad\u00e9mico","Alumni","Docentes","Estudiantes","Literatura","Sedes"],"inLanguage":"fr-FR","potentialAction":[{"@type":"CommentAction","name":"Comment","target":["https:\/\/www.uartes.edu.ec\/sitio\/fr\/blog\/2023\/11\/06\/comunidades-creativas-de-lectura-en-la-ix-edicion-de-libre-libro-encuentro-y-feria-de-editoriales-independientes\/#respond"]}]},{"@type":["WebPage","ItemPage"],"@id":"https:\/\/www.uartes.edu.ec\/sitio\/fr\/blog\/2023\/11\/06\/comunidades-creativas-de-lectura-en-la-ix-edicion-de-libre-libro-encuentro-y-feria-de-editoriales-independientes\/","url":"https:\/\/www.uartes.edu.ec\/sitio\/fr\/blog\/2023\/11\/06\/comunidades-creativas-de-lectura-en-la-ix-edicion-de-libre-libro-encuentro-y-feria-de-editoriales-independientes\/","name":"Universidad de las Artes - \u201cComunidades creativas de lectura\u201d en la IX edici\u00f3n de Libre Libro, encuentro y feria de editoriales independientes","isPartOf":{"@id":"https:\/\/www.uartes.edu.ec\/sitio\/fr\/#website"},"primaryImageOfPage":{"@id":"https:\/\/www.uartes.edu.ec\/sitio\/fr\/blog\/2023\/11\/06\/comunidades-creativas-de-lectura-en-la-ix-edicion-de-libre-libro-encuentro-y-feria-de-editoriales-independientes\/#primaryimage"},"image":{"@id":"https:\/\/www.uartes.edu.ec\/sitio\/fr\/blog\/2023\/11\/06\/comunidades-creativas-de-lectura-en-la-ix-edicion-de-libre-libro-encuentro-y-feria-de-editoriales-independientes\/#primaryimage"},"thumbnailUrl":"https:\/\/www.uartes.edu.ec\/sitio\/wp-content\/uploads\/2023\/11\/LL2023.jpg","datePublished":"2023-11-06T18:37:00+00:00","dateModified":"2024-07-04T16:20:32+00:00","description":"Universidad de las Artes - \u201cComunidades creativas de lectura\u201d en la IX edici\u00f3n de Libre Libro, encuentro y feria de editoriales independientes","breadcrumb":{"@id":"https:\/\/www.uartes.edu.ec\/sitio\/fr\/blog\/2023\/11\/06\/comunidades-creativas-de-lectura-en-la-ix-edicion-de-libre-libro-encuentro-y-feria-de-editoriales-independientes\/#breadcrumb"},"inLanguage":"fr-FR","potentialAction":[{"@type":"ReadAction","target":["https:\/\/www.uartes.edu.ec\/sitio\/fr\/blog\/2023\/11\/06\/comunidades-creativas-de-lectura-en-la-ix-edicion-de-libre-libro-encuentro-y-feria-de-editoriales-independientes\/"]}]},{"@type":"ImageObject","inLanguage":"fr-FR","@id":"https:\/\/www.uartes.edu.ec\/sitio\/fr\/blog\/2023\/11\/06\/comunidades-creativas-de-lectura-en-la-ix-edicion-de-libre-libro-encuentro-y-feria-de-editoriales-independientes\/#primaryimage","url":"https:\/\/www.uartes.edu.ec\/sitio\/wp-content\/uploads\/2023\/11\/LL2023.jpg","contentUrl":"https:\/\/www.uartes.edu.ec\/sitio\/wp-content\/uploads\/2023\/11\/LL2023.jpg","width":2000,"height":1333},{"@type":"BreadcrumbList","@id":"https:\/\/www.uartes.edu.ec\/sitio\/fr\/blog\/2023\/11\/06\/comunidades-creativas-de-lectura-en-la-ix-edicion-de-libre-libro-encuentro-y-feria-de-editoriales-independientes\/#breadcrumb","itemListElement":[{"@type":"ListItem","position":1,"name":"Inicio","item":"https:\/\/www.uartes.edu.ec\/sitio\/"},{"@type":"ListItem","position":2,"name":"\u201cComunidades creativas de lectura\u201d en la IX edici\u00f3n de Libre Libro, encuentro y feria de editoriales independientes"}]},{"@type":"WebSite","@id":"https:\/\/www.uartes.edu.ec\/sitio\/fr\/#website","url":"https:\/\/www.uartes.edu.ec\/sitio\/fr\/","name":"Universidad de las Artes","description":"Sitio oficial de la Universidad Nacional de las Artes del Ecuador","publisher":{"@id":"https:\/\/www.uartes.edu.ec\/sitio\/fr\/#organization"},"potentialAction":[{"@type":"SearchAction","target":{"@type":"EntryPoint","urlTemplate":"https:\/\/www.uartes.edu.ec\/sitio\/fr\/?s={search_term_string}"},"query-input":{"@type":"PropertyValueSpecification","valueRequired":true,"valueName":"search_term_string"}}],"inLanguage":"fr-FR"},{"@type":"Organization","@id":"https:\/\/www.uartes.edu.ec\/sitio\/fr\/#organization","name":"Universidad de las Artes","url":"https:\/\/www.uartes.edu.ec\/sitio\/fr\/","logo":{"@type":"ImageObject","inLanguage":"fr-FR","@id":"https:\/\/www.uartes.edu.ec\/sitio\/fr\/#\/schema\/logo\/image\/","url":"https:\/\/www.uartes.edu.ec\/sitio\/wp-content\/uploads\/2022\/07\/logo-ua-horizontal.png","contentUrl":"https:\/\/www.uartes.edu.ec\/sitio\/wp-content\/uploads\/2022\/07\/logo-ua-horizontal.png","width":800,"height":276,"caption":"Universidad de las Artes"},"image":{"@id":"https:\/\/www.uartes.edu.ec\/sitio\/fr\/#\/schema\/logo\/image\/"},"sameAs":["https:\/\/www.facebook.com\/uartesec","https:\/\/x.com\/uartesec","https:\/\/www.tiktok.com\/@uartesec"]},{"@type":"Person","@id":"https:\/\/www.uartes.edu.ec\/sitio\/fr\/#\/schema\/person\/efa1b8275797664fd7f13a79ccc0b1f4","name":"ccortez","image":{"@type":"ImageObject","inLanguage":"fr-FR","@id":"https:\/\/secure.gravatar.com\/avatar\/b2a6f664a3ae8e074346ef91775736c5ec479e637ecced6842de9dc98b5da9cd?s=96&d=mm&r=g","url":"https:\/\/secure.gravatar.com\/avatar\/b2a6f664a3ae8e074346ef91775736c5ec479e637ecced6842de9dc98b5da9cd?s=96&d=mm&r=g","contentUrl":"https:\/\/secure.gravatar.com\/avatar\/b2a6f664a3ae8e074346ef91775736c5ec479e637ecced6842de9dc98b5da9cd?s=96&d=mm&r=g","caption":"ccortez"},"url":"https:\/\/www.uartes.edu.ec\/sitio\/fr\/blog\/author\/ccortez\/"}]}},"uagb_featured_image_src":{"full":["https:\/\/www.uartes.edu.ec\/sitio\/wp-content\/uploads\/2023\/11\/LL2023.jpg",2000,1333,false],"thumbnail":["https:\/\/www.uartes.edu.ec\/sitio\/wp-content\/uploads\/2023\/11\/LL2023-150x150.jpg",150,150,true],"medium":["https:\/\/www.uartes.edu.ec\/sitio\/wp-content\/uploads\/2023\/11\/LL2023-300x200.jpg",300,200,true],"medium_large":["https:\/\/www.uartes.edu.ec\/sitio\/wp-content\/uploads\/2023\/11\/LL2023-768x512.jpg",768,512,true],"large":["https:\/\/www.uartes.edu.ec\/sitio\/wp-content\/uploads\/2023\/11\/LL2023-644x429.jpg",644,429,true],"1536x1536":["https:\/\/www.uartes.edu.ec\/sitio\/wp-content\/uploads\/2023\/11\/LL2023-1536x1024.jpg",1536,1024,true],"2048x2048":["https:\/\/www.uartes.edu.ec\/sitio\/wp-content\/uploads\/2023\/11\/LL2023.jpg",2000,1333,false],"trp-custom-language-flag":["https:\/\/www.uartes.edu.ec\/sitio\/wp-content\/uploads\/2023\/11\/LL2023.jpg",18,12,false],"htmega_size_585x295":["https:\/\/www.uartes.edu.ec\/sitio\/wp-content\/uploads\/2023\/11\/LL2023-585x295.jpg",585,295,true],"htmega_size_1170x536":["https:\/\/www.uartes.edu.ec\/sitio\/wp-content\/uploads\/2023\/11\/LL2023-1170x536.jpg",1170,536,true],"htmega_size_396x360":["https:\/\/www.uartes.edu.ec\/sitio\/wp-content\/uploads\/2023\/11\/LL2023-396x360.jpg",396,360,true],"gb-block-post-grid-landscape":["https:\/\/www.uartes.edu.ec\/sitio\/wp-content\/uploads\/2023\/11\/LL2023-600x400.jpg",600,400,true],"gb-block-post-grid-square":["https:\/\/www.uartes.edu.ec\/sitio\/wp-content\/uploads\/2023\/11\/LL2023-600x600.jpg",600,600,true],"university-hub-thumb":["https:\/\/www.uartes.edu.ec\/sitio\/wp-content\/uploads\/2023\/11\/LL2023-400x267.jpg",400,267,true],"mailpoet_newsletter_max":["https:\/\/www.uartes.edu.ec\/sitio\/wp-content\/uploads\/2023\/11\/LL2023.jpg",1320,880,false]},"uagb_author_info":{"display_name":"ccortez","author_link":"https:\/\/www.uartes.edu.ec\/sitio\/fr\/blog\/author\/ccortez\/"},"uagb_comment_info":0,"uagb_excerpt":"Talleres y el conversatorio por los 10 a\u00f1os de la UArtes \"Construyendo comunidades lectoras\" dar\u00e1n inicio este 8 de noviembre a la IX edici\u00f3n de Libre Libro, encuentro y feria de editoriales independientes. A su inauguraci\u00f3n, a las 17:30, le seguir\u00e1 la apertura de la exposici\u00f3n \u201cSo\u00f1ar y vivir la selva\u201d, as\u00ed como las presentaciones\u2026","featured_image_src":"https:\/\/www.uartes.edu.ec\/sitio\/wp-content\/uploads\/2023\/11\/LL2023-600x400.jpg","featured_image_src_square":"https:\/\/www.uartes.edu.ec\/sitio\/wp-content\/uploads\/2023\/11\/LL2023-600x600.jpg","author_info":{"display_name":"ccortez","author_link":"https:\/\/www.uartes.edu.ec\/sitio\/fr\/blog\/author\/ccortez\/"},"publishpress_future_workflow_manual_trigger":{"enabledWorkflows":[]},"distributor_meta":false,"distributor_terms":false,"distributor_media":false,"distributor_original_site_name":"Universidad de las Artes","distributor_original_site_url":"https:\/\/www.uartes.edu.ec\/sitio\/fr","push-errors":false,"_links":{"self":[{"href":"https:\/\/www.uartes.edu.ec\/sitio\/fr\/wp-json\/wp\/v2\/posts\/48078","targetHints":{"allow":["GET"]}}],"collection":[{"href":"https:\/\/www.uartes.edu.ec\/sitio\/fr\/wp-json\/wp\/v2\/posts"}],"about":[{"href":"https:\/\/www.uartes.edu.ec\/sitio\/fr\/wp-json\/wp\/v2\/types\/post"}],"author":[{"embeddable":true,"href":"https:\/\/www.uartes.edu.ec\/sitio\/fr\/wp-json\/wp\/v2\/users\/10"}],"replies":[{"embeddable":true,"href":"https:\/\/www.uartes.edu.ec\/sitio\/fr\/wp-json\/wp\/v2\/comments?post=48078"}],"version-history":[{"count":6,"href":"https:\/\/www.uartes.edu.ec\/sitio\/fr\/wp-json\/wp\/v2\/posts\/48078\/revisions"}],"predecessor-version":[{"id":56937,"href":"https:\/\/www.uartes.edu.ec\/sitio\/fr\/wp-json\/wp\/v2\/posts\/48078\/revisions\/56937"}],"wp:featuredmedia":[{"embeddable":true,"href":"https:\/\/www.uartes.edu.ec\/sitio\/fr\/wp-json\/wp\/v2\/media\/48086"}],"wp:attachment":[{"href":"https:\/\/www.uartes.edu.ec\/sitio\/fr\/wp-json\/wp\/v2\/media?parent=48078"}],"wp:term":[{"taxonomy":"category","embeddable":true,"href":"https:\/\/www.uartes.edu.ec\/sitio\/fr\/wp-json\/wp\/v2\/categories?post=48078"},{"taxonomy":"post_tag","embeddable":true,"href":"https:\/\/www.uartes.edu.ec\/sitio\/fr\/wp-json\/wp\/v2\/tags?post=48078"},{"taxonomy":"infouartes","embeddable":true,"href":"https:\/\/www.uartes.edu.ec\/sitio\/fr\/wp-json\/wp\/v2\/infouartes?post=48078"}],"curies":[{"name":"wp","href":"https:\/\/api.w.org\/{rel}","templated":true}]}}