{"id":48284,"date":"2023-11-09T19:35:00","date_gmt":"2023-11-10T00:35:00","guid":{"rendered":"https:\/\/www.uartes.edu.ec\/sitio\/?p=48284"},"modified":"2024-07-04T11:20:30","modified_gmt":"2024-07-04T16:20:30","slug":"nostalgia-y-fronteras-de-sonia-guinansaca","status":"publish","type":"post","link":"https:\/\/www.uartes.edu.ec\/sitio\/fr\/blog\/2023\/11\/09\/nostalgia-y-fronteras-de-sonia-guinansaca\/","title":{"rendered":"Un di\u00e1logo de \u201cNostalgia y fronteras\u201d con Sonia Gui\u00f1ansaca en Libre Libro"},"content":{"rendered":"<p>Presentar el poemario \u201cNostalgia y fronteras\u201d en la Universidad de las Artes, en Guayaquil; en el Cerro Shungumarca de la parroquia General Morales, provincia de Ca\u00f1ar; y en el Centro Cultural Benjam\u00edn Carri\u00f3n, sede Bellavista, de Quito, la emocionaron desde que lo supo, coment\u00f3 a InfoUArtes Sonia Gui\u00f1ansaca \u2013su autora\u2013 al t\u00e9rmino del conversatorio que mantuvo la tarde de ayer, 8 de noviembre, en la primera de las tres paradas del periplo anotado.<\/p>\n\n\n\n<p>En el di\u00e1logo con Gui\u00f1ansaca intervinieron Liz Zhingri, activista y comunicadora, y Fausto Rivera, de Severo Editorial, y fue parte de la jornada inaugural de la IX edici\u00f3n de Libre Libro, encuentro de editoriales independientes y feria de publicaciones organizados por la UArtes y su Escuela de Literatura.<\/p>\n\n\n\n<p>Sonia Gui\u00f1ansaca es poeta migrante y queer con premios internacionales, organizadora comunitaria y activista por la justicia social. Naci\u00f3 en Ecuador y migr\u00f3 con sus padres a Estados Unidos cuando ten\u00eda 5 a\u00f1os. Sus poemas est\u00e1n marcados por la experiencia de la migraci\u00f3n \u201ccrecer sin papeles y pelear por los derechos de otros como elle\u201d, las m\u00faltiples fronteras que atraviesan su historia y una sensibilidad capaz de demandar desde la nostalgia y la lucha.&nbsp;<\/p>\n\n\n<div class=\"wp-block-image\">\n<figure class=\"aligncenter size-large\"><img fetchpriority=\"high\" decoding=\"async\" width=\"644\" height=\"429\" src=\"https:\/\/www.uartes.edu.ec\/sitio\/wp-content\/uploads\/2023\/11\/08-LIBRE-LIBRO-2023-644x429.jpg\" alt=\"\" class=\"wp-image-48286\" srcset=\"https:\/\/www.uartes.edu.ec\/sitio\/wp-content\/uploads\/2023\/11\/08-LIBRE-LIBRO-2023-644x429.jpg 644w, https:\/\/www.uartes.edu.ec\/sitio\/wp-content\/uploads\/2023\/11\/08-LIBRE-LIBRO-2023-300x200.jpg 300w, https:\/\/www.uartes.edu.ec\/sitio\/wp-content\/uploads\/2023\/11\/08-LIBRE-LIBRO-2023-768x512.jpg 768w, https:\/\/www.uartes.edu.ec\/sitio\/wp-content\/uploads\/2023\/11\/08-LIBRE-LIBRO-2023-1536x1024.jpg 1536w, https:\/\/www.uartes.edu.ec\/sitio\/wp-content\/uploads\/2023\/11\/08-LIBRE-LIBRO-2023-600x400.jpg 600w, https:\/\/www.uartes.edu.ec\/sitio\/wp-content\/uploads\/2023\/11\/08-LIBRE-LIBRO-2023-400x267.jpg 400w, https:\/\/www.uartes.edu.ec\/sitio\/wp-content\/uploads\/2023\/11\/08-LIBRE-LIBRO-2023-272x182.jpg 272w, https:\/\/www.uartes.edu.ec\/sitio\/wp-content\/uploads\/2023\/11\/08-LIBRE-LIBRO-2023.jpg 2000w\" sizes=\"(max-width: 644px) 100vw, 644px\" \/><\/figure>\n<\/div>\n\n\n<p>Originalmente escribe sus poemas en ingl\u00e9s y luego estos son traducidos al kichwa y al espa\u00f1ol. \u201cMe emociona estar y saber que este Libre Libro ha recibido a muchos escritores, pues para esta escritora es un sue\u00f1o estar aqu\u00ed\u201d, expres\u00f3, revelando haber visitado antes la Biblioteca de las Artes y haberse maravillado e impresionado con todo lo que vio.<\/p>\n\n\n\n<p>De su participaci\u00f3n en Libre Libro y de poder compartir con la comunidad universitaria y el p\u00fablico en general, Gui\u00f1ansaca destac\u00f3 la labor conjunta de cambiar el mundo de la literatura. Tambi\u00e9n anot\u00f3 que aunque se crea que la tendencia generalizada es recurrir al internet y a las redes, \u201cs\u00ed hay ni\u00f1os y j\u00f3venes que buscan los libros f\u00edsicos para sentirlos y llevarlos consigo a todos lados\u201d. Estamos aqu\u00ed, dijo se\u00f1alando los stands ubicados en la Plaza P\u00fablica del MZ14, y vemos a gente buscando publicaciones, comprando libros, eso quiere decir que hay esperanza.<\/p>\n\n\n\n<p>De sus trabajos recientes cont\u00f3 acerca de la antolog\u00eda que coedit\u00f3 con Reyna Grande, una escritora mexicana, la cual est\u00e1 compuesta por 41 historias de autores mexicanos indocumentados. Se titula \u201cDonde somos humanos\u201d (\u201cSomewhere We Are Human\u201d), anot\u00f3 y seguidamente record\u00f3 la segunda antolog\u00eda lograda, igualmente en coedici\u00f3n, con Sandra Guzm\u00e1n.<\/p>\n\n\n\n<p>En el di\u00e1logo con Liz Zhingri y Fausto Rivera, la poeta Sonia Gui\u00f1ansaca comparti\u00f3 con la audiencia fragmentos de varios de sus poemas. Tambi\u00e9n habl\u00f3 de la producci\u00f3n del poemario, de las emociones, de las vivencias\u2026 Hubo momentos en que, en efecto, evoc\u00f3 la nostalgia y franque\u00f3 fronteras, pues a esas que buscan cercar y amilanar hay que enfrentarlas hasta derribarlas.<\/p>","protected":false},"excerpt":{"rendered":"<p>Presentar el poemario \u201cNostalgia y fronteras\u201d en la UArtes, en Guayaquil; en el Cerro Shungumarca de la parroquia General Morales, provincia de Ca\u00f1ar; y en el Centro Cultural Benjam\u00edn Carri\u00f3n, sede Bellavista, de Quito, la emocionaron desde que lo supo, coment\u00f3 Sonia Gui\u00f1ansaca \u2013su autora\u2013 al t\u00e9rmino del di\u00e1logo que mantuvo ayer, 8 de noviembre, en Libre Libro, encuentro de editoriales independientes y feria de publicaciones de la Escuela de Literatura.<\/p>","protected":false},"author":10,"featured_media":48285,"comment_status":"open","ping_status":"open","sticky":false,"template":"","format":"standard","meta":{"_acf_changed":false,"_uag_custom_page_level_css":"","_monsterinsights_skip_tracking":false,"_monsterinsights_sitenote_active":false,"_monsterinsights_sitenote_note":"","_monsterinsights_sitenote_category":0,"cybocfi_hide_featured_image":"","footnotes":""},"categories":[80,82,75,76,77,175],"tags":[547],"infouartes":[],"class_list":["post-48284","post","type-post","status-publish","format-standard","has-post-thumbnail","hentry","category-academico","category-artes","category-docentes","category-estudiantes","category-gestion","category-literatura","tag-libre-libro"],"acf":[],"yoast_head":"<!-- This site is optimized with the Yoast SEO plugin v27.4 - https:\/\/yoast.com\/product\/yoast-seo-wordpress\/ -->\n<title>Universidad de las Artes - Un di\u00e1logo de \u201cNostalgia y fronteras\u201d con Sonia Gui\u00f1ansaca en Libre Libro<\/title>\n<meta name=\"description\" content=\"Universidad de las Artes - Un di\u00e1logo de \u201cNostalgia y fronteras\u201d con Sonia Gui\u00f1ansaca en Libre Libro\" \/>\n<meta name=\"robots\" content=\"index, follow, max-snippet:-1, max-image-preview:large, max-video-preview:-1\" \/>\n<link rel=\"canonical\" href=\"https:\/\/www.uartes.edu.ec\/sitio\/fr\/blog\/2023\/11\/09\/nostalgia-y-fronteras-de-sonia-guinansaca\/\" \/>\n<meta property=\"og:locale\" content=\"fr_FR\" \/>\n<meta property=\"og:type\" content=\"article\" \/>\n<meta property=\"og:title\" content=\"Universidad de las Artes - Un di\u00e1logo de \u201cNostalgia y fronteras\u201d con Sonia Gui\u00f1ansaca en Libre Libro\" \/>\n<meta property=\"og:description\" content=\"Universidad de las Artes - Un di\u00e1logo de \u201cNostalgia y fronteras\u201d con Sonia Gui\u00f1ansaca en Libre Libro\" \/>\n<meta property=\"og:url\" content=\"https:\/\/www.uartes.edu.ec\/sitio\/fr\/blog\/2023\/11\/09\/nostalgia-y-fronteras-de-sonia-guinansaca\/\" \/>\n<meta property=\"og:site_name\" content=\"Universidad de las Artes\" \/>\n<meta property=\"article:publisher\" content=\"https:\/\/www.facebook.com\/uartesec\" \/>\n<meta property=\"article:published_time\" content=\"2023-11-10T00:35:00+00:00\" \/>\n<meta property=\"article:modified_time\" content=\"2024-07-04T16:20:30+00:00\" \/>\n<meta property=\"og:image\" content=\"https:\/\/www.uartes.edu.ec\/sitio\/wp-content\/uploads\/2023\/11\/07-LIBRE-LIBRO-2023.jpg\" \/>\n\t<meta property=\"og:image:width\" content=\"2000\" \/>\n\t<meta property=\"og:image:height\" content=\"1333\" \/>\n\t<meta property=\"og:image:type\" content=\"image\/jpeg\" \/>\n<meta name=\"author\" content=\"ccortez\" \/>\n<meta name=\"twitter:card\" content=\"summary_large_image\" \/>\n<meta name=\"twitter:creator\" content=\"@uartesec\" \/>\n<meta name=\"twitter:site\" content=\"@uartesec\" \/>\n<meta name=\"twitter:label1\" content=\"\u00c9crit par\" \/>\n\t<meta name=\"twitter:data1\" content=\"ccortez\" \/>\n\t<meta name=\"twitter:label2\" content=\"Dur\u00e9e de lecture estim\u00e9e\" \/>\n\t<meta name=\"twitter:data2\" content=\"3 minutes\" \/>\n<script type=\"application\/ld+json\" class=\"yoast-schema-graph\">{\"@context\":\"https:\\\/\\\/schema.org\",\"@graph\":[{\"@type\":\"Article\",\"@id\":\"https:\\\/\\\/www.uartes.edu.ec\\\/sitio\\\/fr\\\/blog\\\/2023\\\/11\\\/09\\\/nostalgia-y-fronteras-de-sonia-guinansaca\\\/#article\",\"isPartOf\":{\"@id\":\"https:\\\/\\\/www.uartes.edu.ec\\\/sitio\\\/fr\\\/blog\\\/2023\\\/11\\\/09\\\/nostalgia-y-fronteras-de-sonia-guinansaca\\\/\"},\"author\":{\"name\":\"ccortez\",\"@id\":\"https:\\\/\\\/www.uartes.edu.ec\\\/sitio\\\/fr\\\/#\\\/schema\\\/person\\\/efa1b8275797664fd7f13a79ccc0b1f4\"},\"headline\":\"Un di\u00e1logo de \u201cNostalgia y fronteras\u201d con Sonia Gui\u00f1ansaca en Libre Libro\",\"datePublished\":\"2023-11-10T00:35:00+00:00\",\"dateModified\":\"2024-07-04T16:20:30+00:00\",\"mainEntityOfPage\":{\"@id\":\"https:\\\/\\\/www.uartes.edu.ec\\\/sitio\\\/fr\\\/blog\\\/2023\\\/11\\\/09\\\/nostalgia-y-fronteras-de-sonia-guinansaca\\\/\"},\"wordCount\":506,\"commentCount\":0,\"publisher\":{\"@id\":\"https:\\\/\\\/www.uartes.edu.ec\\\/sitio\\\/fr\\\/#organization\"},\"image\":{\"@id\":\"https:\\\/\\\/www.uartes.edu.ec\\\/sitio\\\/fr\\\/blog\\\/2023\\\/11\\\/09\\\/nostalgia-y-fronteras-de-sonia-guinansaca\\\/#primaryimage\"},\"thumbnailUrl\":\"https:\\\/\\\/www.uartes.edu.ec\\\/sitio\\\/wp-content\\\/uploads\\\/2023\\\/11\\\/07-LIBRE-LIBRO-2023.jpg\",\"keywords\":[\"Libre Libro\"],\"articleSection\":[\"Acad\u00e9mico\",\"Artes\",\"Docentes\",\"Estudiantes\",\"Gesti\u00f3n\",\"Literatura\"],\"inLanguage\":\"fr-FR\",\"potentialAction\":[{\"@type\":\"CommentAction\",\"name\":\"Comment\",\"target\":[\"https:\\\/\\\/www.uartes.edu.ec\\\/sitio\\\/fr\\\/blog\\\/2023\\\/11\\\/09\\\/nostalgia-y-fronteras-de-sonia-guinansaca\\\/#respond\"]}]},{\"@type\":[\"WebPage\",\"ItemPage\"],\"@id\":\"https:\\\/\\\/www.uartes.edu.ec\\\/sitio\\\/fr\\\/blog\\\/2023\\\/11\\\/09\\\/nostalgia-y-fronteras-de-sonia-guinansaca\\\/\",\"url\":\"https:\\\/\\\/www.uartes.edu.ec\\\/sitio\\\/fr\\\/blog\\\/2023\\\/11\\\/09\\\/nostalgia-y-fronteras-de-sonia-guinansaca\\\/\",\"name\":\"Universidad de las Artes - Un di\u00e1logo de \u201cNostalgia y fronteras\u201d con Sonia Gui\u00f1ansaca en Libre Libro\",\"isPartOf\":{\"@id\":\"https:\\\/\\\/www.uartes.edu.ec\\\/sitio\\\/fr\\\/#website\"},\"primaryImageOfPage\":{\"@id\":\"https:\\\/\\\/www.uartes.edu.ec\\\/sitio\\\/fr\\\/blog\\\/2023\\\/11\\\/09\\\/nostalgia-y-fronteras-de-sonia-guinansaca\\\/#primaryimage\"},\"image\":{\"@id\":\"https:\\\/\\\/www.uartes.edu.ec\\\/sitio\\\/fr\\\/blog\\\/2023\\\/11\\\/09\\\/nostalgia-y-fronteras-de-sonia-guinansaca\\\/#primaryimage\"},\"thumbnailUrl\":\"https:\\\/\\\/www.uartes.edu.ec\\\/sitio\\\/wp-content\\\/uploads\\\/2023\\\/11\\\/07-LIBRE-LIBRO-2023.jpg\",\"datePublished\":\"2023-11-10T00:35:00+00:00\",\"dateModified\":\"2024-07-04T16:20:30+00:00\",\"description\":\"Universidad de las Artes - Un di\u00e1logo de \u201cNostalgia y fronteras\u201d con Sonia Gui\u00f1ansaca en Libre Libro\",\"breadcrumb\":{\"@id\":\"https:\\\/\\\/www.uartes.edu.ec\\\/sitio\\\/fr\\\/blog\\\/2023\\\/11\\\/09\\\/nostalgia-y-fronteras-de-sonia-guinansaca\\\/#breadcrumb\"},\"inLanguage\":\"fr-FR\",\"potentialAction\":[{\"@type\":\"ReadAction\",\"target\":[\"https:\\\/\\\/www.uartes.edu.ec\\\/sitio\\\/fr\\\/blog\\\/2023\\\/11\\\/09\\\/nostalgia-y-fronteras-de-sonia-guinansaca\\\/\"]}]},{\"@type\":\"ImageObject\",\"inLanguage\":\"fr-FR\",\"@id\":\"https:\\\/\\\/www.uartes.edu.ec\\\/sitio\\\/fr\\\/blog\\\/2023\\\/11\\\/09\\\/nostalgia-y-fronteras-de-sonia-guinansaca\\\/#primaryimage\",\"url\":\"https:\\\/\\\/www.uartes.edu.ec\\\/sitio\\\/wp-content\\\/uploads\\\/2023\\\/11\\\/07-LIBRE-LIBRO-2023.jpg\",\"contentUrl\":\"https:\\\/\\\/www.uartes.edu.ec\\\/sitio\\\/wp-content\\\/uploads\\\/2023\\\/11\\\/07-LIBRE-LIBRO-2023.jpg\",\"width\":2000,\"height\":1333},{\"@type\":\"BreadcrumbList\",\"@id\":\"https:\\\/\\\/www.uartes.edu.ec\\\/sitio\\\/fr\\\/blog\\\/2023\\\/11\\\/09\\\/nostalgia-y-fronteras-de-sonia-guinansaca\\\/#breadcrumb\",\"itemListElement\":[{\"@type\":\"ListItem\",\"position\":1,\"name\":\"Inicio\",\"item\":\"https:\\\/\\\/www.uartes.edu.ec\\\/sitio\\\/\"},{\"@type\":\"ListItem\",\"position\":2,\"name\":\"Un di\u00e1logo de \u201cNostalgia y fronteras\u201d con Sonia Gui\u00f1ansaca en Libre Libro\"}]},{\"@type\":\"WebSite\",\"@id\":\"https:\\\/\\\/www.uartes.edu.ec\\\/sitio\\\/fr\\\/#website\",\"url\":\"https:\\\/\\\/www.uartes.edu.ec\\\/sitio\\\/fr\\\/\",\"name\":\"Universidad de las Artes\",\"description\":\"Sitio oficial de la Universidad Nacional de las Artes del Ecuador\",\"publisher\":{\"@id\":\"https:\\\/\\\/www.uartes.edu.ec\\\/sitio\\\/fr\\\/#organization\"},\"potentialAction\":[{\"@type\":\"SearchAction\",\"target\":{\"@type\":\"EntryPoint\",\"urlTemplate\":\"https:\\\/\\\/www.uartes.edu.ec\\\/sitio\\\/fr\\\/?s={search_term_string}\"},\"query-input\":{\"@type\":\"PropertyValueSpecification\",\"valueRequired\":true,\"valueName\":\"search_term_string\"}}],\"inLanguage\":\"fr-FR\"},{\"@type\":\"Organization\",\"@id\":\"https:\\\/\\\/www.uartes.edu.ec\\\/sitio\\\/fr\\\/#organization\",\"name\":\"Universidad de las Artes\",\"url\":\"https:\\\/\\\/www.uartes.edu.ec\\\/sitio\\\/fr\\\/\",\"logo\":{\"@type\":\"ImageObject\",\"inLanguage\":\"fr-FR\",\"@id\":\"https:\\\/\\\/www.uartes.edu.ec\\\/sitio\\\/fr\\\/#\\\/schema\\\/logo\\\/image\\\/\",\"url\":\"https:\\\/\\\/www.uartes.edu.ec\\\/sitio\\\/wp-content\\\/uploads\\\/2022\\\/07\\\/logo-ua-horizontal.png\",\"contentUrl\":\"https:\\\/\\\/www.uartes.edu.ec\\\/sitio\\\/wp-content\\\/uploads\\\/2022\\\/07\\\/logo-ua-horizontal.png\",\"width\":800,\"height\":276,\"caption\":\"Universidad de las Artes\"},\"image\":{\"@id\":\"https:\\\/\\\/www.uartes.edu.ec\\\/sitio\\\/fr\\\/#\\\/schema\\\/logo\\\/image\\\/\"},\"sameAs\":[\"https:\\\/\\\/www.facebook.com\\\/uartesec\",\"https:\\\/\\\/x.com\\\/uartesec\",\"https:\\\/\\\/www.tiktok.com\\\/@uartesec\"]},{\"@type\":\"Person\",\"@id\":\"https:\\\/\\\/www.uartes.edu.ec\\\/sitio\\\/fr\\\/#\\\/schema\\\/person\\\/efa1b8275797664fd7f13a79ccc0b1f4\",\"name\":\"ccortez\",\"image\":{\"@type\":\"ImageObject\",\"inLanguage\":\"fr-FR\",\"@id\":\"https:\\\/\\\/secure.gravatar.com\\\/avatar\\\/b2a6f664a3ae8e074346ef91775736c5ec479e637ecced6842de9dc98b5da9cd?s=96&d=mm&r=g\",\"url\":\"https:\\\/\\\/secure.gravatar.com\\\/avatar\\\/b2a6f664a3ae8e074346ef91775736c5ec479e637ecced6842de9dc98b5da9cd?s=96&d=mm&r=g\",\"contentUrl\":\"https:\\\/\\\/secure.gravatar.com\\\/avatar\\\/b2a6f664a3ae8e074346ef91775736c5ec479e637ecced6842de9dc98b5da9cd?s=96&d=mm&r=g\",\"caption\":\"ccortez\"},\"url\":\"https:\\\/\\\/www.uartes.edu.ec\\\/sitio\\\/fr\\\/blog\\\/author\\\/ccortez\\\/\"}]}<\/script>\n<!-- \/ Yoast SEO plugin. -->","yoast_head_json":{"title":"Universidad de las Artes - Un di\u00e1logo de \u201cNostalgia y fronteras\u201d con Sonia Gui\u00f1ansaca en Libre Libro","description":"Universidad de las Artes - Un di\u00e1logo de \u201cNostalgia y fronteras\u201d con Sonia Gui\u00f1ansaca en Libre Libro","robots":{"index":"index","follow":"follow","max-snippet":"max-snippet:-1","max-image-preview":"max-image-preview:large","max-video-preview":"max-video-preview:-1"},"canonical":"https:\/\/www.uartes.edu.ec\/sitio\/fr\/blog\/2023\/11\/09\/nostalgia-y-fronteras-de-sonia-guinansaca\/","og_locale":"fr_FR","og_type":"article","og_title":"Universidad de las Artes - Un di\u00e1logo de \u201cNostalgia y fronteras\u201d con Sonia Gui\u00f1ansaca en Libre Libro","og_description":"Universidad de las Artes - Un di\u00e1logo de \u201cNostalgia y fronteras\u201d con Sonia Gui\u00f1ansaca en Libre Libro","og_url":"https:\/\/www.uartes.edu.ec\/sitio\/fr\/blog\/2023\/11\/09\/nostalgia-y-fronteras-de-sonia-guinansaca\/","og_site_name":"Universidad de las Artes","article_publisher":"https:\/\/www.facebook.com\/uartesec","article_published_time":"2023-11-10T00:35:00+00:00","article_modified_time":"2024-07-04T16:20:30+00:00","og_image":[{"width":2000,"height":1333,"url":"https:\/\/www.uartes.edu.ec\/sitio\/wp-content\/uploads\/2023\/11\/07-LIBRE-LIBRO-2023.jpg","type":"image\/jpeg"}],"author":"ccortez","twitter_card":"summary_large_image","twitter_creator":"@uartesec","twitter_site":"@uartesec","twitter_misc":{"\u00c9crit par":"ccortez","Dur\u00e9e de lecture estim\u00e9e":"3 minutes"},"schema":{"@context":"https:\/\/schema.org","@graph":[{"@type":"Article","@id":"https:\/\/www.uartes.edu.ec\/sitio\/fr\/blog\/2023\/11\/09\/nostalgia-y-fronteras-de-sonia-guinansaca\/#article","isPartOf":{"@id":"https:\/\/www.uartes.edu.ec\/sitio\/fr\/blog\/2023\/11\/09\/nostalgia-y-fronteras-de-sonia-guinansaca\/"},"author":{"name":"ccortez","@id":"https:\/\/www.uartes.edu.ec\/sitio\/fr\/#\/schema\/person\/efa1b8275797664fd7f13a79ccc0b1f4"},"headline":"Un di\u00e1logo de \u201cNostalgia y fronteras\u201d con Sonia Gui\u00f1ansaca en Libre Libro","datePublished":"2023-11-10T00:35:00+00:00","dateModified":"2024-07-04T16:20:30+00:00","mainEntityOfPage":{"@id":"https:\/\/www.uartes.edu.ec\/sitio\/fr\/blog\/2023\/11\/09\/nostalgia-y-fronteras-de-sonia-guinansaca\/"},"wordCount":506,"commentCount":0,"publisher":{"@id":"https:\/\/www.uartes.edu.ec\/sitio\/fr\/#organization"},"image":{"@id":"https:\/\/www.uartes.edu.ec\/sitio\/fr\/blog\/2023\/11\/09\/nostalgia-y-fronteras-de-sonia-guinansaca\/#primaryimage"},"thumbnailUrl":"https:\/\/www.uartes.edu.ec\/sitio\/wp-content\/uploads\/2023\/11\/07-LIBRE-LIBRO-2023.jpg","keywords":["Libre Libro"],"articleSection":["Acad\u00e9mico","Artes","Docentes","Estudiantes","Gesti\u00f3n","Literatura"],"inLanguage":"fr-FR","potentialAction":[{"@type":"CommentAction","name":"Comment","target":["https:\/\/www.uartes.edu.ec\/sitio\/fr\/blog\/2023\/11\/09\/nostalgia-y-fronteras-de-sonia-guinansaca\/#respond"]}]},{"@type":["WebPage","ItemPage"],"@id":"https:\/\/www.uartes.edu.ec\/sitio\/fr\/blog\/2023\/11\/09\/nostalgia-y-fronteras-de-sonia-guinansaca\/","url":"https:\/\/www.uartes.edu.ec\/sitio\/fr\/blog\/2023\/11\/09\/nostalgia-y-fronteras-de-sonia-guinansaca\/","name":"Universidad de las Artes - Un di\u00e1logo de \u201cNostalgia y fronteras\u201d con Sonia Gui\u00f1ansaca en Libre Libro","isPartOf":{"@id":"https:\/\/www.uartes.edu.ec\/sitio\/fr\/#website"},"primaryImageOfPage":{"@id":"https:\/\/www.uartes.edu.ec\/sitio\/fr\/blog\/2023\/11\/09\/nostalgia-y-fronteras-de-sonia-guinansaca\/#primaryimage"},"image":{"@id":"https:\/\/www.uartes.edu.ec\/sitio\/fr\/blog\/2023\/11\/09\/nostalgia-y-fronteras-de-sonia-guinansaca\/#primaryimage"},"thumbnailUrl":"https:\/\/www.uartes.edu.ec\/sitio\/wp-content\/uploads\/2023\/11\/07-LIBRE-LIBRO-2023.jpg","datePublished":"2023-11-10T00:35:00+00:00","dateModified":"2024-07-04T16:20:30+00:00","description":"Universidad de las Artes - Un di\u00e1logo de \u201cNostalgia y fronteras\u201d con Sonia Gui\u00f1ansaca en Libre Libro","breadcrumb":{"@id":"https:\/\/www.uartes.edu.ec\/sitio\/fr\/blog\/2023\/11\/09\/nostalgia-y-fronteras-de-sonia-guinansaca\/#breadcrumb"},"inLanguage":"fr-FR","potentialAction":[{"@type":"ReadAction","target":["https:\/\/www.uartes.edu.ec\/sitio\/fr\/blog\/2023\/11\/09\/nostalgia-y-fronteras-de-sonia-guinansaca\/"]}]},{"@type":"ImageObject","inLanguage":"fr-FR","@id":"https:\/\/www.uartes.edu.ec\/sitio\/fr\/blog\/2023\/11\/09\/nostalgia-y-fronteras-de-sonia-guinansaca\/#primaryimage","url":"https:\/\/www.uartes.edu.ec\/sitio\/wp-content\/uploads\/2023\/11\/07-LIBRE-LIBRO-2023.jpg","contentUrl":"https:\/\/www.uartes.edu.ec\/sitio\/wp-content\/uploads\/2023\/11\/07-LIBRE-LIBRO-2023.jpg","width":2000,"height":1333},{"@type":"BreadcrumbList","@id":"https:\/\/www.uartes.edu.ec\/sitio\/fr\/blog\/2023\/11\/09\/nostalgia-y-fronteras-de-sonia-guinansaca\/#breadcrumb","itemListElement":[{"@type":"ListItem","position":1,"name":"Inicio","item":"https:\/\/www.uartes.edu.ec\/sitio\/"},{"@type":"ListItem","position":2,"name":"Un di\u00e1logo de \u201cNostalgia y fronteras\u201d con Sonia Gui\u00f1ansaca en Libre Libro"}]},{"@type":"WebSite","@id":"https:\/\/www.uartes.edu.ec\/sitio\/fr\/#website","url":"https:\/\/www.uartes.edu.ec\/sitio\/fr\/","name":"Universidad de las Artes","description":"Sitio oficial de la Universidad Nacional de las Artes del Ecuador","publisher":{"@id":"https:\/\/www.uartes.edu.ec\/sitio\/fr\/#organization"},"potentialAction":[{"@type":"SearchAction","target":{"@type":"EntryPoint","urlTemplate":"https:\/\/www.uartes.edu.ec\/sitio\/fr\/?s={search_term_string}"},"query-input":{"@type":"PropertyValueSpecification","valueRequired":true,"valueName":"search_term_string"}}],"inLanguage":"fr-FR"},{"@type":"Organization","@id":"https:\/\/www.uartes.edu.ec\/sitio\/fr\/#organization","name":"Universidad de las Artes","url":"https:\/\/www.uartes.edu.ec\/sitio\/fr\/","logo":{"@type":"ImageObject","inLanguage":"fr-FR","@id":"https:\/\/www.uartes.edu.ec\/sitio\/fr\/#\/schema\/logo\/image\/","url":"https:\/\/www.uartes.edu.ec\/sitio\/wp-content\/uploads\/2022\/07\/logo-ua-horizontal.png","contentUrl":"https:\/\/www.uartes.edu.ec\/sitio\/wp-content\/uploads\/2022\/07\/logo-ua-horizontal.png","width":800,"height":276,"caption":"Universidad de las Artes"},"image":{"@id":"https:\/\/www.uartes.edu.ec\/sitio\/fr\/#\/schema\/logo\/image\/"},"sameAs":["https:\/\/www.facebook.com\/uartesec","https:\/\/x.com\/uartesec","https:\/\/www.tiktok.com\/@uartesec"]},{"@type":"Person","@id":"https:\/\/www.uartes.edu.ec\/sitio\/fr\/#\/schema\/person\/efa1b8275797664fd7f13a79ccc0b1f4","name":"ccortez","image":{"@type":"ImageObject","inLanguage":"fr-FR","@id":"https:\/\/secure.gravatar.com\/avatar\/b2a6f664a3ae8e074346ef91775736c5ec479e637ecced6842de9dc98b5da9cd?s=96&d=mm&r=g","url":"https:\/\/secure.gravatar.com\/avatar\/b2a6f664a3ae8e074346ef91775736c5ec479e637ecced6842de9dc98b5da9cd?s=96&d=mm&r=g","contentUrl":"https:\/\/secure.gravatar.com\/avatar\/b2a6f664a3ae8e074346ef91775736c5ec479e637ecced6842de9dc98b5da9cd?s=96&d=mm&r=g","caption":"ccortez"},"url":"https:\/\/www.uartes.edu.ec\/sitio\/fr\/blog\/author\/ccortez\/"}]}},"uagb_featured_image_src":{"full":["https:\/\/www.uartes.edu.ec\/sitio\/wp-content\/uploads\/2023\/11\/07-LIBRE-LIBRO-2023.jpg",2000,1333,false],"thumbnail":["https:\/\/www.uartes.edu.ec\/sitio\/wp-content\/uploads\/2023\/11\/07-LIBRE-LIBRO-2023-150x150.jpg",150,150,true],"medium":["https:\/\/www.uartes.edu.ec\/sitio\/wp-content\/uploads\/2023\/11\/07-LIBRE-LIBRO-2023-300x200.jpg",300,200,true],"medium_large":["https:\/\/www.uartes.edu.ec\/sitio\/wp-content\/uploads\/2023\/11\/07-LIBRE-LIBRO-2023-768x512.jpg",768,512,true],"large":["https:\/\/www.uartes.edu.ec\/sitio\/wp-content\/uploads\/2023\/11\/07-LIBRE-LIBRO-2023-644x429.jpg",644,429,true],"1536x1536":["https:\/\/www.uartes.edu.ec\/sitio\/wp-content\/uploads\/2023\/11\/07-LIBRE-LIBRO-2023-1536x1024.jpg",1536,1024,true],"2048x2048":["https:\/\/www.uartes.edu.ec\/sitio\/wp-content\/uploads\/2023\/11\/07-LIBRE-LIBRO-2023.jpg",2000,1333,false],"trp-custom-language-flag":["https:\/\/www.uartes.edu.ec\/sitio\/wp-content\/uploads\/2023\/11\/07-LIBRE-LIBRO-2023.jpg",18,12,false],"htmega_size_585x295":["https:\/\/www.uartes.edu.ec\/sitio\/wp-content\/uploads\/2023\/11\/07-LIBRE-LIBRO-2023-585x295.jpg",585,295,true],"htmega_size_1170x536":["https:\/\/www.uartes.edu.ec\/sitio\/wp-content\/uploads\/2023\/11\/07-LIBRE-LIBRO-2023-1170x536.jpg",1170,536,true],"htmega_size_396x360":["https:\/\/www.uartes.edu.ec\/sitio\/wp-content\/uploads\/2023\/11\/07-LIBRE-LIBRO-2023-396x360.jpg",396,360,true],"gb-block-post-grid-landscape":["https:\/\/www.uartes.edu.ec\/sitio\/wp-content\/uploads\/2023\/11\/07-LIBRE-LIBRO-2023-600x400.jpg",600,400,true],"gb-block-post-grid-square":["https:\/\/www.uartes.edu.ec\/sitio\/wp-content\/uploads\/2023\/11\/07-LIBRE-LIBRO-2023-600x600.jpg",600,600,true],"university-hub-thumb":["https:\/\/www.uartes.edu.ec\/sitio\/wp-content\/uploads\/2023\/11\/07-LIBRE-LIBRO-2023-400x267.jpg",400,267,true]},"uagb_author_info":{"display_name":"ccortez","author_link":"https:\/\/www.uartes.edu.ec\/sitio\/fr\/blog\/author\/ccortez\/"},"uagb_comment_info":0,"uagb_excerpt":"Presentar el poemario \u201cNostalgia y fronteras\u201d en la UArtes, en Guayaquil; en el Cerro Shungumarca de la parroquia General Morales, provincia de Ca\u00f1ar; y en el Centro Cultural Benjam\u00edn Carri\u00f3n, sede Bellavista, de Quito, la emocionaron desde que lo supo, coment\u00f3 Sonia Gui\u00f1ansaca \u2013su autora\u2013 al t\u00e9rmino del di\u00e1logo que mantuvo ayer, 8 de noviembre,\u2026","featured_image_src":"https:\/\/www.uartes.edu.ec\/sitio\/wp-content\/uploads\/2023\/11\/07-LIBRE-LIBRO-2023-600x400.jpg","featured_image_src_square":"https:\/\/www.uartes.edu.ec\/sitio\/wp-content\/uploads\/2023\/11\/07-LIBRE-LIBRO-2023-600x600.jpg","author_info":{"display_name":"ccortez","author_link":"https:\/\/www.uartes.edu.ec\/sitio\/fr\/blog\/author\/ccortez\/"},"publishpress_future_workflow_manual_trigger":{"enabledWorkflows":[]},"distributor_meta":false,"distributor_terms":false,"distributor_media":false,"distributor_original_site_name":"Universidad de las Artes","distributor_original_site_url":"https:\/\/www.uartes.edu.ec\/sitio\/fr","push-errors":false,"_links":{"self":[{"href":"https:\/\/www.uartes.edu.ec\/sitio\/fr\/wp-json\/wp\/v2\/posts\/48284","targetHints":{"allow":["GET"]}}],"collection":[{"href":"https:\/\/www.uartes.edu.ec\/sitio\/fr\/wp-json\/wp\/v2\/posts"}],"about":[{"href":"https:\/\/www.uartes.edu.ec\/sitio\/fr\/wp-json\/wp\/v2\/types\/post"}],"author":[{"embeddable":true,"href":"https:\/\/www.uartes.edu.ec\/sitio\/fr\/wp-json\/wp\/v2\/users\/10"}],"replies":[{"embeddable":true,"href":"https:\/\/www.uartes.edu.ec\/sitio\/fr\/wp-json\/wp\/v2\/comments?post=48284"}],"version-history":[{"count":8,"href":"https:\/\/www.uartes.edu.ec\/sitio\/fr\/wp-json\/wp\/v2\/posts\/48284\/revisions"}],"predecessor-version":[{"id":49479,"href":"https:\/\/www.uartes.edu.ec\/sitio\/fr\/wp-json\/wp\/v2\/posts\/48284\/revisions\/49479"}],"wp:featuredmedia":[{"embeddable":true,"href":"https:\/\/www.uartes.edu.ec\/sitio\/fr\/wp-json\/wp\/v2\/media\/48285"}],"wp:attachment":[{"href":"https:\/\/www.uartes.edu.ec\/sitio\/fr\/wp-json\/wp\/v2\/media?parent=48284"}],"wp:term":[{"taxonomy":"category","embeddable":true,"href":"https:\/\/www.uartes.edu.ec\/sitio\/fr\/wp-json\/wp\/v2\/categories?post=48284"},{"taxonomy":"post_tag","embeddable":true,"href":"https:\/\/www.uartes.edu.ec\/sitio\/fr\/wp-json\/wp\/v2\/tags?post=48284"},{"taxonomy":"infouartes","embeddable":true,"href":"https:\/\/www.uartes.edu.ec\/sitio\/fr\/wp-json\/wp\/v2\/infouartes?post=48284"}],"curies":[{"name":"wp","href":"https:\/\/api.w.org\/{rel}","templated":true}]}}