{"id":48323,"date":"2023-11-16T19:20:00","date_gmt":"2023-11-17T00:20:00","guid":{"rendered":"https:\/\/www.uartes.edu.ec\/sitio\/?p=48323"},"modified":"2025-08-20T10:50:08","modified_gmt":"2025-08-20T15:50:08","slug":"3er-congreso-internacional-de-vinculacion-con-la-sociedad-conexion-2023","status":"publish","type":"post","link":"https:\/\/www.uartes.edu.ec\/sitio\/fr\/blog\/2023\/11\/16\/3er-congreso-internacional-de-vinculacion-con-la-sociedad-conexion-2023\/","title":{"rendered":"UArtes, sede de CONEXI\u00d3N 2023, 3er Congreso Internacional de Vinculaci\u00f3n con la Sociedad organizado por Reuvic"},"content":{"rendered":"<p>Docencia, investigaci\u00f3n y vinculaci\u00f3n con la sociedad son las funciones sustantivas de las universidades, siendo esta \u00faltima el epicentro de un encuentro acad\u00e9mico interdisciplinar que durante dos d\u00edas \u2013hoy, jueves 16 de noviembre, y ma\u00f1ana\u2013 fomentar\u00e1 la reflexi\u00f3n en torno a su contribuci\u00f3n a la calidad y relevancia de la educaci\u00f3n superior.<\/p>\n\n\n\n<p>Se trata del 3er Congreso Internacional de Vinculaci\u00f3n con la Sociedad&nbsp;Conexi\u00f3n 2023, organizado por la Red Ecuatoriana Universitaria de Vinculaci\u00f3n con la Colectividad (Reuvic) y del cual la Universidad de las Artes es su anfitriona. Su inauguraci\u00f3n tuvo lugar en la Plaza P\u00fablica del MZ14 Centro de Producci\u00f3n e Innovaci\u00f3n UArtes.<\/p>\n\n\n\n<p>Intervinieron en la jornada de apertura Viviana Henriques, coordinadora zonal de la Secretar\u00eda de Educaci\u00f3n Superior, Ciencia, Tecnolog\u00eda e Innovaci\u00f3n (Senescyt); William Herrera, rector de la UArtes; Byron Vaca, rector de la Escuela Superior Polit\u00e9cnica del Chimborazo (Espoch); Fidel M\u00e1rquez, presidente de la Comisi\u00f3n Permanente de Posgrados del Consejo de Educaci\u00f3n Superior (CES); y Juan Aguilar, titular de Reuvic.<\/p>\n\n\n\n<p>En su ponencia, Henriques se\u00f1al\u00f3 a la vinculaci\u00f3n con la sociedad como un pilar esencial para las instituciones educativas en la formaci\u00f3n de individuos capaces de enfrentar los desaf\u00edos actuales y futuros, \u201cy tanto la pertinencia y la calidad de la Educaci\u00f3n Superior son elementos fundamentales para determinar la capacidad de una sociedad para evolucionar y prosperar\u201d. &nbsp;<\/p>\n\n\n\n<figure class=\"wp-block-gallery has-nested-images columns-default is-cropped wp-block-gallery-1 is-layout-flex wp-block-gallery-is-layout-flex\">\n<figure class=\"wp-block-image size-large\"><img fetchpriority=\"high\" decoding=\"async\" width=\"644\" height=\"429\" data-id=\"48328\" src=\"https:\/\/www.uartes.edu.ec\/sitio\/wp-content\/uploads\/2023\/11\/02-WEB-REUVIC-644x429.jpg\" alt=\"\" class=\"wp-image-48328\" srcset=\"https:\/\/www.uartes.edu.ec\/sitio\/wp-content\/uploads\/2023\/11\/02-WEB-REUVIC-644x429.jpg 644w, https:\/\/www.uartes.edu.ec\/sitio\/wp-content\/uploads\/2023\/11\/02-WEB-REUVIC-300x200.jpg 300w, https:\/\/www.uartes.edu.ec\/sitio\/wp-content\/uploads\/2023\/11\/02-WEB-REUVIC-768x512.jpg 768w, https:\/\/www.uartes.edu.ec\/sitio\/wp-content\/uploads\/2023\/11\/02-WEB-REUVIC-1536x1024.jpg 1536w, https:\/\/www.uartes.edu.ec\/sitio\/wp-content\/uploads\/2023\/11\/02-WEB-REUVIC-600x400.jpg 600w, https:\/\/www.uartes.edu.ec\/sitio\/wp-content\/uploads\/2023\/11\/02-WEB-REUVIC-400x267.jpg 400w, https:\/\/www.uartes.edu.ec\/sitio\/wp-content\/uploads\/2023\/11\/02-WEB-REUVIC-272x182.jpg 272w, https:\/\/www.uartes.edu.ec\/sitio\/wp-content\/uploads\/2023\/11\/02-WEB-REUVIC.jpg 2000w\" sizes=\"(max-width: 644px) 100vw, 644px\" \/><\/figure>\n\n\n\n<figure class=\"wp-block-image size-large\"><img decoding=\"async\" width=\"644\" height=\"429\" data-id=\"48332\" src=\"https:\/\/www.uartes.edu.ec\/sitio\/wp-content\/uploads\/2023\/11\/05-WEB-REUVIC-644x429.jpg\" alt=\"\" class=\"wp-image-48332\" srcset=\"https:\/\/www.uartes.edu.ec\/sitio\/wp-content\/uploads\/2023\/11\/05-WEB-REUVIC-644x429.jpg 644w, https:\/\/www.uartes.edu.ec\/sitio\/wp-content\/uploads\/2023\/11\/05-WEB-REUVIC-300x200.jpg 300w, https:\/\/www.uartes.edu.ec\/sitio\/wp-content\/uploads\/2023\/11\/05-WEB-REUVIC-768x512.jpg 768w, https:\/\/www.uartes.edu.ec\/sitio\/wp-content\/uploads\/2023\/11\/05-WEB-REUVIC-1536x1024.jpg 1536w, https:\/\/www.uartes.edu.ec\/sitio\/wp-content\/uploads\/2023\/11\/05-WEB-REUVIC-600x400.jpg 600w, https:\/\/www.uartes.edu.ec\/sitio\/wp-content\/uploads\/2023\/11\/05-WEB-REUVIC-400x267.jpg 400w, https:\/\/www.uartes.edu.ec\/sitio\/wp-content\/uploads\/2023\/11\/05-WEB-REUVIC-272x182.jpg 272w, https:\/\/www.uartes.edu.ec\/sitio\/wp-content\/uploads\/2023\/11\/05-WEB-REUVIC.jpg 2000w\" sizes=\"(max-width: 644px) 100vw, 644px\" \/><\/figure>\n<\/figure>\n\n\n<div class=\"wp-block-image\">\n<figure class=\"aligncenter size-large\"><img decoding=\"async\" width=\"644\" height=\"429\" src=\"https:\/\/www.uartes.edu.ec\/sitio\/wp-content\/uploads\/2023\/11\/03-WEB-REUVIC-644x429.jpg\" alt=\"\" class=\"wp-image-48329\" srcset=\"https:\/\/www.uartes.edu.ec\/sitio\/wp-content\/uploads\/2023\/11\/03-WEB-REUVIC-644x429.jpg 644w, https:\/\/www.uartes.edu.ec\/sitio\/wp-content\/uploads\/2023\/11\/03-WEB-REUVIC-300x200.jpg 300w, https:\/\/www.uartes.edu.ec\/sitio\/wp-content\/uploads\/2023\/11\/03-WEB-REUVIC-768x512.jpg 768w, https:\/\/www.uartes.edu.ec\/sitio\/wp-content\/uploads\/2023\/11\/03-WEB-REUVIC-1536x1024.jpg 1536w, https:\/\/www.uartes.edu.ec\/sitio\/wp-content\/uploads\/2023\/11\/03-WEB-REUVIC-600x400.jpg 600w, https:\/\/www.uartes.edu.ec\/sitio\/wp-content\/uploads\/2023\/11\/03-WEB-REUVIC-400x267.jpg 400w, https:\/\/www.uartes.edu.ec\/sitio\/wp-content\/uploads\/2023\/11\/03-WEB-REUVIC-272x182.jpg 272w, https:\/\/www.uartes.edu.ec\/sitio\/wp-content\/uploads\/2023\/11\/03-WEB-REUVIC.jpg 2000w\" sizes=\"(max-width: 644px) 100vw, 644px\" \/><\/figure>\n<\/div>\n\n\n<p>Implica un compromiso activo y multidireccional, puesto que la universidad no solo ofrece conocimientos y recursos, sino que tambi\u00e9n aprende de las necesidades y din\u00e1mica social. \u201cPara la Senescyt, como eje rector de la educaci\u00f3n superior, es fundamental articular su aplicaci\u00f3n con los diversos actores que conforman el sistema a trav\u00e9s de planes, programas y proyectos que no solo promueven el acceso educativo, sino que tambi\u00e9n abogan por el respeto de los derechos, la equidad y la responsabilidad social\u201d.<\/p>\n\n\n\n<p>Tras dar la bienvenida a los presentes, el rector William Herrera agradeci\u00f3 al equipo organizador de la jornada, liderado por Mar\u00eda Jos\u00e9 Icaza, directora de Vinculaci\u00f3n con la Sociedad UArtes y coordinadora zonal 5 y 8 de la Reuvic, y a todos los que equipos de los departamentos y unidades de nuestra universidad que colaboraron. Felicit\u00f3 a Juan Aguilar por su trabajo y liderazgo y ratific\u00f3 el compromiso de seguir trabajando en la construcci\u00f3n de agendas colectivas interuniversitarias.<\/p>\n\n\n\n<p>Para la UArtes, la vinculaci\u00f3n con la sociedad es un pilar de nuestro modelo pedag\u00f3gico y educativo. \u201c(\u2026) Tenemos el compromiso de trabajar cada vez m\u00e1s por una sociedad de derechos, donde cada d\u00eda avancemos en abrir caminos para garantizar el acceso a derechos, en particular a los derechos culturales como est\u00e1 planteado en la Constituci\u00f3n de la Rep\u00fablica. Adem\u00e1s de ser un actor importante dentro del sistema de educaci\u00f3n superior, lo entendemos como un actor importante dentro del sistema nacional de cultura y de todos los procesos para ampliar el acceso a las artes, la cultura y la educaci\u00f3n, sobre todo en estos tiempos at\u00edpicos\u201d.<\/p>\n\n\n\n<p>El rector de la Espoch, Byron Vaca, habl\u00f3 de las competencias, pero de aquellas que son para colaborar, \u201cpara ayudarnos y contribuir al desarrollo de los prop\u00f3sitos colectivos\u201d. Hizo un llamado a los representantes gubernamentales y autoridades de la educaci\u00f3n superior para generar pol\u00edticas p\u00fablicas \u201cque nos obliguen a colaborar y fortalecer el sistema, que no sea un tema de distribuci\u00f3n de recursos sin garant\u00edas a todos los ciudadanos del pa\u00eds para desarrollarnos en igualdad de condiciones\u201d.<\/p>\n\n\n<div class=\"wp-block-image\">\n<figure class=\"aligncenter size-large\"><img loading=\"lazy\" decoding=\"async\" width=\"644\" height=\"429\" src=\"https:\/\/www.uartes.edu.ec\/sitio\/wp-content\/uploads\/2023\/11\/08-WEB-REUVIC-644x429.jpg\" alt=\"\" class=\"wp-image-48335\" srcset=\"https:\/\/www.uartes.edu.ec\/sitio\/wp-content\/uploads\/2023\/11\/08-WEB-REUVIC-644x429.jpg 644w, https:\/\/www.uartes.edu.ec\/sitio\/wp-content\/uploads\/2023\/11\/08-WEB-REUVIC-768x511.jpg 768w, https:\/\/www.uartes.edu.ec\/sitio\/wp-content\/uploads\/2023\/11\/08-WEB-REUVIC.jpg 2000w, https:\/\/www.uartes.edu.ec\/sitio\/wp-content\/uploads\/2023\/11\/08-WEB-REUVIC-600x399.jpg 600w, https:\/\/www.uartes.edu.ec\/sitio\/wp-content\/uploads\/2023\/11\/08-WEB-REUVIC-272x182.jpg 272w\" sizes=\"(max-width: 644px) 100vw, 644px\" \/><\/figure>\n<\/div>\n\n\n<p>Vaca retrocedi\u00f3 en el tiempo para se\u00f1alar que hace siete u ocho a\u00f1os las IES se plantearon el reto de formar una red para trabajar en el tema de la distribuci\u00f3n \u201cy estamos hoy presentes en la UArtes para hablar de la vinculaci\u00f3n\u201d y al respecto dijo que la primera pregunta que debemos hacernos es para qu\u00e9. \u201c(\u2026) Tiene que ser para servir en los procesos de vinculaci\u00f3n y la transferencia de conocimientos, esa es la raz\u00f3n de ser de una universidad. Saber ser y servir como una declaratoria de todos quienes somos universitarios\u201d.<\/p>\n\n\n\n<p>Que no le correspond\u00eda hablar, dijo con buen humor Fidel M\u00e1rquez, presidente de la Comisi\u00f3n Permanente de Posgrados del Consejo de Educaci\u00f3n Superior (CES), quien acot\u00f3 que el rector UArtes lo propuso y como a \u00e9l le gusta hablar no era mucho el sacrificio. Por motivos de agenda Pablo Beltr\u00e1n, presidente del CES no estuvo en la inauguraci\u00f3n, pero transmiti\u00f3 sus saludos y asegur\u00f3 que estar\u00eda en la segunda jornada del congreso.<\/p>\n\n\n\n<p>M\u00e1rquez anot\u00f3 que la docencia, investigaci\u00f3n y vinculaci\u00f3n tienen el mismo nivel de importancia en el proceso de crecimiento y desarrollo de formaci\u00f3n. \u201cEn nuestras universidades formamos profesionales, pero sobre todo seres humanos y la vinculaci\u00f3n es el mejor camino de formar valores e identificar temas importantes en la formaci\u00f3n del profesional. Son tan importantes los resultados de vinculaci\u00f3n, como un art\u00edculo cient\u00edfico, tenemos que trabajar m\u00e1s en vinculaci\u00f3n\u201d.<\/p>\n\n\n\n<p>Un buen proyecto de vinculaci\u00f3n impacta en miles de personas, anot\u00f3 y se\u00f1al\u00f3 los que realiza la UArtes. \u201cLa biblioteca y el proyecto que hacen con los ni\u00f1os es digno de imitar y que se conozca en todo el pa\u00eds. Tiene que ser parte importante de nuestras mallas curriculares, de la filosof\u00eda de formaci\u00f3n y los m\u00e9todos pedag\u00f3gicos que tengamos en nuestras instituciones del CES\u201d, se\u00f1al\u00f3.<\/p>\n\n\n<div class=\"wp-block-image\">\n<figure class=\"aligncenter size-large\"><img loading=\"lazy\" decoding=\"async\" width=\"644\" height=\"429\" src=\"https:\/\/www.uartes.edu.ec\/sitio\/wp-content\/uploads\/2023\/11\/10-WEB-REUVIC-644x429.jpg\" alt=\"\" class=\"wp-image-48336\" srcset=\"https:\/\/www.uartes.edu.ec\/sitio\/wp-content\/uploads\/2023\/11\/10-WEB-REUVIC-644x429.jpg 644w, https:\/\/www.uartes.edu.ec\/sitio\/wp-content\/uploads\/2023\/11\/10-WEB-REUVIC-300x200.jpg 300w, https:\/\/www.uartes.edu.ec\/sitio\/wp-content\/uploads\/2023\/11\/10-WEB-REUVIC-768x512.jpg 768w, https:\/\/www.uartes.edu.ec\/sitio\/wp-content\/uploads\/2023\/11\/10-WEB-REUVIC-1536x1024.jpg 1536w, https:\/\/www.uartes.edu.ec\/sitio\/wp-content\/uploads\/2023\/11\/10-WEB-REUVIC-600x400.jpg 600w, https:\/\/www.uartes.edu.ec\/sitio\/wp-content\/uploads\/2023\/11\/10-WEB-REUVIC-400x267.jpg 400w, https:\/\/www.uartes.edu.ec\/sitio\/wp-content\/uploads\/2023\/11\/10-WEB-REUVIC-272x182.jpg 272w, https:\/\/www.uartes.edu.ec\/sitio\/wp-content\/uploads\/2023\/11\/10-WEB-REUVIC.jpg 2000w\" sizes=\"(max-width: 644px) 100vw, 644px\" \/><\/figure>\n<\/div>\n\n<div class=\"wp-block-image\">\n<figure class=\"aligncenter size-large is-resized\"><img loading=\"lazy\" decoding=\"async\" width=\"644\" height=\"429\" src=\"https:\/\/www.uartes.edu.ec\/sitio\/wp-content\/uploads\/2023\/11\/09-WEB-REUVIC-644x429.jpg\" alt=\"\" class=\"wp-image-48334\" style=\"width:479px;height:auto\" srcset=\"https:\/\/www.uartes.edu.ec\/sitio\/wp-content\/uploads\/2023\/11\/09-WEB-REUVIC-644x429.jpg 644w, https:\/\/www.uartes.edu.ec\/sitio\/wp-content\/uploads\/2023\/11\/09-WEB-REUVIC-300x200.jpg 300w, https:\/\/www.uartes.edu.ec\/sitio\/wp-content\/uploads\/2023\/11\/09-WEB-REUVIC-768x512.jpg 768w, https:\/\/www.uartes.edu.ec\/sitio\/wp-content\/uploads\/2023\/11\/09-WEB-REUVIC-1536x1024.jpg 1536w, https:\/\/www.uartes.edu.ec\/sitio\/wp-content\/uploads\/2023\/11\/09-WEB-REUVIC-600x400.jpg 600w, https:\/\/www.uartes.edu.ec\/sitio\/wp-content\/uploads\/2023\/11\/09-WEB-REUVIC-400x267.jpg 400w, https:\/\/www.uartes.edu.ec\/sitio\/wp-content\/uploads\/2023\/11\/09-WEB-REUVIC-272x182.jpg 272w, https:\/\/www.uartes.edu.ec\/sitio\/wp-content\/uploads\/2023\/11\/09-WEB-REUVIC.jpg 2000w\" sizes=\"(max-width: 644px) 100vw, 644px\" \/><\/figure>\n<\/div>\n\n\n<p>El contacto humano y los valores se forman con los proyectos de vinculaci\u00f3n y teniendo una filosof\u00eda y una visi\u00f3n adecuada en la IES, hay que poner m\u00e1s presupuesto, es una realidad y un gran reto, agreg\u00f3 M\u00e1rquez, mientras que Juan Aguilar, presidente de la Reuvic, tras agradecer a los ponentes invitados nacionales e internacionales, precis\u00f3 que es fundamental lograr una efectiva articulaci\u00f3n de las funciones sustantivas desde la vinculaci\u00f3n y entender la gesti\u00f3n del conocimiento.<\/p>\n\n\n\n<p>Aguilar y la actual directiva de la Reuvic reconocieron la labor de la anterior, entregando dos placas. Fueron para quienes cumplieron como presidente y vicepresidenta en el periodo 2019-2022: Omelio Borroto y Dennis Rodr\u00edguez.<\/p>\n\n\n\n<p>Seguidamente se desarroll\u00f3 la conferencia \u201cCalidad y Pertinencia de las Instituciones de Educaci\u00f3n Superior Cooperaci\u00f3n para la Transformaci\u00f3n Social\u201d, a cargo de Sylvia Valenzuela Tovar, presidenta de la Uni\u00f3n Latinoamericana de Extensi\u00f3n Universitaria (ULEU)) y tras un corto receso, se conform\u00f3 un panel para analizar lo expuesto por la tambi\u00e9n parlamentaria mundial de la educaci\u00f3n. Junto con el rector Herrera lo integraron Fidel M\u00e1rquez, Byron Vaca y Mar\u00eda Jos\u00e9 Icaza; como moderadora, Ana Santos, directora de Vinculaci\u00f3n con la Sociedad de la Universidad T\u00e9cnica Particular de Loja y vicepresidenta de Reuvic.<\/p>\n\n\n\n<p>Hubo una visita guiada de la exposici\u00f3n \u201cSo\u00f1ar y vivir la selva: poes\u00eda desde el Yasun\u00ed\u201d, en la Sala CIF del MZ14.<\/p>","protected":false},"excerpt":{"rendered":"<p>Docencia, investigaci\u00f3n y vinculaci\u00f3n son las funciones sustantivas de las universidades, siendo esta \u00faltima el epicentro del 3er Congreso Internacional de Vinculaci\u00f3n con la Sociedad Conexi\u00f3n 2023, encuentro acad\u00e9mico interdisciplinar que hoy y ma\u00f1ana reflexionar\u00e1 en torno a su contribuci\u00f3n a la calidad y relevancia de la educaci\u00f3n superior. Organiza Reuvic y UArtes es su anfitriona.  <\/p>","protected":false},"author":10,"featured_media":48327,"comment_status":"open","ping_status":"open","sticky":false,"template":"","format":"standard","meta":{"_acf_changed":false,"_uag_custom_page_level_css":"","_monsterinsights_skip_tracking":false,"_monsterinsights_sitenote_active":false,"_monsterinsights_sitenote_note":"","_monsterinsights_sitenote_category":0,"cybocfi_hide_featured_image":"","footnotes":""},"categories":[80,82,77,284,79],"tags":[521],"infouartes":[],"class_list":["post-48323","post","type-post","status-publish","format-standard","has-post-thumbnail","hentry","category-academico","category-artes","category-gestion","category-investigacion","category-vinculo","tag-encuentro"],"acf":[],"yoast_head":"<!-- This site is optimized with the Yoast SEO plugin v27.4 - https:\/\/yoast.com\/product\/yoast-seo-wordpress\/ -->\n<title>Universidad de las Artes - UArtes, sede de CONEXI\u00d3N 2023, 3er Congreso Internacional de Vinculaci\u00f3n con la Sociedad organizado por Reuvic<\/title>\n<meta name=\"description\" content=\"Universidad de las Artes - UArtes, sede de CONEXI\u00d3N 2023, 3er Congreso Internacional de Vinculaci\u00f3n con la Sociedad organizado por Reuvic\" \/>\n<meta name=\"robots\" content=\"index, follow, max-snippet:-1, max-image-preview:large, max-video-preview:-1\" \/>\n<link rel=\"canonical\" href=\"https:\/\/www.uartes.edu.ec\/sitio\/fr\/blog\/2023\/11\/16\/3er-congreso-internacional-de-vinculacion-con-la-sociedad-conexion-2023\/\" \/>\n<meta property=\"og:locale\" content=\"fr_FR\" \/>\n<meta property=\"og:type\" content=\"article\" \/>\n<meta property=\"og:title\" content=\"Universidad de las Artes - UArtes, sede de CONEXI\u00d3N 2023, 3er Congreso Internacional de Vinculaci\u00f3n con la Sociedad organizado por Reuvic\" \/>\n<meta property=\"og:description\" content=\"Universidad de las Artes - UArtes, sede de CONEXI\u00d3N 2023, 3er Congreso Internacional de Vinculaci\u00f3n con la Sociedad organizado por Reuvic\" \/>\n<meta property=\"og:url\" content=\"https:\/\/www.uartes.edu.ec\/sitio\/fr\/blog\/2023\/11\/16\/3er-congreso-internacional-de-vinculacion-con-la-sociedad-conexion-2023\/\" \/>\n<meta property=\"og:site_name\" content=\"Universidad de las Artes\" \/>\n<meta property=\"article:publisher\" content=\"https:\/\/www.facebook.com\/uartesec\" \/>\n<meta property=\"article:published_time\" content=\"2023-11-17T00:20:00+00:00\" \/>\n<meta property=\"article:modified_time\" content=\"2025-08-20T15:50:08+00:00\" \/>\n<meta property=\"og:image\" content=\"https:\/\/www.uartes.edu.ec\/sitio\/wp-content\/uploads\/2023\/11\/01-WEB-REUVIC.jpg\" \/>\n\t<meta property=\"og:image:width\" content=\"2000\" \/>\n\t<meta property=\"og:image:height\" content=\"1333\" \/>\n\t<meta property=\"og:image:type\" content=\"image\/jpeg\" \/>\n<meta name=\"author\" content=\"ccortez\" \/>\n<meta name=\"twitter:card\" content=\"summary_large_image\" \/>\n<meta name=\"twitter:creator\" content=\"@uartesec\" \/>\n<meta name=\"twitter:site\" content=\"@uartesec\" \/>\n<meta name=\"twitter:label1\" content=\"\u00c9crit par\" \/>\n\t<meta name=\"twitter:data1\" content=\"ccortez\" \/>\n\t<meta name=\"twitter:label2\" content=\"Dur\u00e9e de lecture estim\u00e9e\" \/>\n\t<meta name=\"twitter:data2\" content=\"6 minutes\" \/>\n<script type=\"application\/ld+json\" class=\"yoast-schema-graph\">{\"@context\":\"https:\\\/\\\/schema.org\",\"@graph\":[{\"@type\":\"Article\",\"@id\":\"https:\\\/\\\/www.uartes.edu.ec\\\/sitio\\\/fr\\\/blog\\\/2023\\\/11\\\/16\\\/3er-congreso-internacional-de-vinculacion-con-la-sociedad-conexion-2023\\\/#article\",\"isPartOf\":{\"@id\":\"https:\\\/\\\/www.uartes.edu.ec\\\/sitio\\\/fr\\\/blog\\\/2023\\\/11\\\/16\\\/3er-congreso-internacional-de-vinculacion-con-la-sociedad-conexion-2023\\\/\"},\"author\":{\"name\":\"ccortez\",\"@id\":\"https:\\\/\\\/www.uartes.edu.ec\\\/sitio\\\/fr\\\/#\\\/schema\\\/person\\\/efa1b8275797664fd7f13a79ccc0b1f4\"},\"headline\":\"UArtes, sede de CONEXI\u00d3N 2023, 3er Congreso Internacional de Vinculaci\u00f3n con la Sociedad organizado por Reuvic\",\"datePublished\":\"2023-11-17T00:20:00+00:00\",\"dateModified\":\"2025-08-20T15:50:08+00:00\",\"mainEntityOfPage\":{\"@id\":\"https:\\\/\\\/www.uartes.edu.ec\\\/sitio\\\/fr\\\/blog\\\/2023\\\/11\\\/16\\\/3er-congreso-internacional-de-vinculacion-con-la-sociedad-conexion-2023\\\/\"},\"wordCount\":1207,\"commentCount\":0,\"publisher\":{\"@id\":\"https:\\\/\\\/www.uartes.edu.ec\\\/sitio\\\/fr\\\/#organization\"},\"image\":{\"@id\":\"https:\\\/\\\/www.uartes.edu.ec\\\/sitio\\\/fr\\\/blog\\\/2023\\\/11\\\/16\\\/3er-congreso-internacional-de-vinculacion-con-la-sociedad-conexion-2023\\\/#primaryimage\"},\"thumbnailUrl\":\"https:\\\/\\\/www.uartes.edu.ec\\\/sitio\\\/wp-content\\\/uploads\\\/2023\\\/11\\\/01-WEB-REUVIC.jpg\",\"keywords\":[\"encuentro\"],\"articleSection\":[\"Acad\u00e9mico\",\"Artes\",\"Gesti\u00f3n\",\"Investigaci\u00f3n\",\"V\u00ednculo\"],\"inLanguage\":\"fr-FR\",\"potentialAction\":[{\"@type\":\"CommentAction\",\"name\":\"Comment\",\"target\":[\"https:\\\/\\\/www.uartes.edu.ec\\\/sitio\\\/fr\\\/blog\\\/2023\\\/11\\\/16\\\/3er-congreso-internacional-de-vinculacion-con-la-sociedad-conexion-2023\\\/#respond\"]}]},{\"@type\":[\"WebPage\",\"ItemPage\"],\"@id\":\"https:\\\/\\\/www.uartes.edu.ec\\\/sitio\\\/fr\\\/blog\\\/2023\\\/11\\\/16\\\/3er-congreso-internacional-de-vinculacion-con-la-sociedad-conexion-2023\\\/\",\"url\":\"https:\\\/\\\/www.uartes.edu.ec\\\/sitio\\\/fr\\\/blog\\\/2023\\\/11\\\/16\\\/3er-congreso-internacional-de-vinculacion-con-la-sociedad-conexion-2023\\\/\",\"name\":\"Universidad de las Artes - UArtes, sede de CONEXI\u00d3N 2023, 3er Congreso Internacional de Vinculaci\u00f3n con la Sociedad organizado por Reuvic\",\"isPartOf\":{\"@id\":\"https:\\\/\\\/www.uartes.edu.ec\\\/sitio\\\/fr\\\/#website\"},\"primaryImageOfPage\":{\"@id\":\"https:\\\/\\\/www.uartes.edu.ec\\\/sitio\\\/fr\\\/blog\\\/2023\\\/11\\\/16\\\/3er-congreso-internacional-de-vinculacion-con-la-sociedad-conexion-2023\\\/#primaryimage\"},\"image\":{\"@id\":\"https:\\\/\\\/www.uartes.edu.ec\\\/sitio\\\/fr\\\/blog\\\/2023\\\/11\\\/16\\\/3er-congreso-internacional-de-vinculacion-con-la-sociedad-conexion-2023\\\/#primaryimage\"},\"thumbnailUrl\":\"https:\\\/\\\/www.uartes.edu.ec\\\/sitio\\\/wp-content\\\/uploads\\\/2023\\\/11\\\/01-WEB-REUVIC.jpg\",\"datePublished\":\"2023-11-17T00:20:00+00:00\",\"dateModified\":\"2025-08-20T15:50:08+00:00\",\"description\":\"Universidad de las Artes - UArtes, sede de CONEXI\u00d3N 2023, 3er Congreso Internacional de Vinculaci\u00f3n con la Sociedad organizado por Reuvic\",\"breadcrumb\":{\"@id\":\"https:\\\/\\\/www.uartes.edu.ec\\\/sitio\\\/fr\\\/blog\\\/2023\\\/11\\\/16\\\/3er-congreso-internacional-de-vinculacion-con-la-sociedad-conexion-2023\\\/#breadcrumb\"},\"inLanguage\":\"fr-FR\",\"potentialAction\":[{\"@type\":\"ReadAction\",\"target\":[\"https:\\\/\\\/www.uartes.edu.ec\\\/sitio\\\/fr\\\/blog\\\/2023\\\/11\\\/16\\\/3er-congreso-internacional-de-vinculacion-con-la-sociedad-conexion-2023\\\/\"]}]},{\"@type\":\"ImageObject\",\"inLanguage\":\"fr-FR\",\"@id\":\"https:\\\/\\\/www.uartes.edu.ec\\\/sitio\\\/fr\\\/blog\\\/2023\\\/11\\\/16\\\/3er-congreso-internacional-de-vinculacion-con-la-sociedad-conexion-2023\\\/#primaryimage\",\"url\":\"https:\\\/\\\/www.uartes.edu.ec\\\/sitio\\\/wp-content\\\/uploads\\\/2023\\\/11\\\/01-WEB-REUVIC.jpg\",\"contentUrl\":\"https:\\\/\\\/www.uartes.edu.ec\\\/sitio\\\/wp-content\\\/uploads\\\/2023\\\/11\\\/01-WEB-REUVIC.jpg\",\"width\":2000,\"height\":1333},{\"@type\":\"BreadcrumbList\",\"@id\":\"https:\\\/\\\/www.uartes.edu.ec\\\/sitio\\\/fr\\\/blog\\\/2023\\\/11\\\/16\\\/3er-congreso-internacional-de-vinculacion-con-la-sociedad-conexion-2023\\\/#breadcrumb\",\"itemListElement\":[{\"@type\":\"ListItem\",\"position\":1,\"name\":\"Inicio\",\"item\":\"https:\\\/\\\/www.uartes.edu.ec\\\/sitio\\\/\"},{\"@type\":\"ListItem\",\"position\":2,\"name\":\"UArtes, sede de CONEXI\u00d3N 2023, 3er Congreso Internacional de Vinculaci\u00f3n con la Sociedad organizado por Reuvic\"}]},{\"@type\":\"WebSite\",\"@id\":\"https:\\\/\\\/www.uartes.edu.ec\\\/sitio\\\/fr\\\/#website\",\"url\":\"https:\\\/\\\/www.uartes.edu.ec\\\/sitio\\\/fr\\\/\",\"name\":\"Universidad de las Artes\",\"description\":\"Sitio oficial de la Universidad Nacional de las Artes del Ecuador\",\"publisher\":{\"@id\":\"https:\\\/\\\/www.uartes.edu.ec\\\/sitio\\\/fr\\\/#organization\"},\"potentialAction\":[{\"@type\":\"SearchAction\",\"target\":{\"@type\":\"EntryPoint\",\"urlTemplate\":\"https:\\\/\\\/www.uartes.edu.ec\\\/sitio\\\/fr\\\/?s={search_term_string}\"},\"query-input\":{\"@type\":\"PropertyValueSpecification\",\"valueRequired\":true,\"valueName\":\"search_term_string\"}}],\"inLanguage\":\"fr-FR\"},{\"@type\":\"Organization\",\"@id\":\"https:\\\/\\\/www.uartes.edu.ec\\\/sitio\\\/fr\\\/#organization\",\"name\":\"Universidad de las Artes\",\"url\":\"https:\\\/\\\/www.uartes.edu.ec\\\/sitio\\\/fr\\\/\",\"logo\":{\"@type\":\"ImageObject\",\"inLanguage\":\"fr-FR\",\"@id\":\"https:\\\/\\\/www.uartes.edu.ec\\\/sitio\\\/fr\\\/#\\\/schema\\\/logo\\\/image\\\/\",\"url\":\"https:\\\/\\\/www.uartes.edu.ec\\\/sitio\\\/wp-content\\\/uploads\\\/2022\\\/07\\\/logo-ua-horizontal.png\",\"contentUrl\":\"https:\\\/\\\/www.uartes.edu.ec\\\/sitio\\\/wp-content\\\/uploads\\\/2022\\\/07\\\/logo-ua-horizontal.png\",\"width\":800,\"height\":276,\"caption\":\"Universidad de las Artes\"},\"image\":{\"@id\":\"https:\\\/\\\/www.uartes.edu.ec\\\/sitio\\\/fr\\\/#\\\/schema\\\/logo\\\/image\\\/\"},\"sameAs\":[\"https:\\\/\\\/www.facebook.com\\\/uartesec\",\"https:\\\/\\\/x.com\\\/uartesec\",\"https:\\\/\\\/www.tiktok.com\\\/@uartesec\"]},{\"@type\":\"Person\",\"@id\":\"https:\\\/\\\/www.uartes.edu.ec\\\/sitio\\\/fr\\\/#\\\/schema\\\/person\\\/efa1b8275797664fd7f13a79ccc0b1f4\",\"name\":\"ccortez\",\"image\":{\"@type\":\"ImageObject\",\"inLanguage\":\"fr-FR\",\"@id\":\"https:\\\/\\\/secure.gravatar.com\\\/avatar\\\/b2a6f664a3ae8e074346ef91775736c5ec479e637ecced6842de9dc98b5da9cd?s=96&d=mm&r=g\",\"url\":\"https:\\\/\\\/secure.gravatar.com\\\/avatar\\\/b2a6f664a3ae8e074346ef91775736c5ec479e637ecced6842de9dc98b5da9cd?s=96&d=mm&r=g\",\"contentUrl\":\"https:\\\/\\\/secure.gravatar.com\\\/avatar\\\/b2a6f664a3ae8e074346ef91775736c5ec479e637ecced6842de9dc98b5da9cd?s=96&d=mm&r=g\",\"caption\":\"ccortez\"},\"url\":\"https:\\\/\\\/www.uartes.edu.ec\\\/sitio\\\/fr\\\/blog\\\/author\\\/ccortez\\\/\"}]}<\/script>\n<!-- \/ Yoast SEO plugin. -->","yoast_head_json":{"title":"Universidad de las Artes - UArtes, sede de CONEXI\u00d3N 2023, 3er Congreso Internacional de Vinculaci\u00f3n con la Sociedad organizado por Reuvic","description":"Universidad de las Artes - UArtes, sede de CONEXI\u00d3N 2023, 3er Congreso Internacional de Vinculaci\u00f3n con la Sociedad organizado por Reuvic","robots":{"index":"index","follow":"follow","max-snippet":"max-snippet:-1","max-image-preview":"max-image-preview:large","max-video-preview":"max-video-preview:-1"},"canonical":"https:\/\/www.uartes.edu.ec\/sitio\/fr\/blog\/2023\/11\/16\/3er-congreso-internacional-de-vinculacion-con-la-sociedad-conexion-2023\/","og_locale":"fr_FR","og_type":"article","og_title":"Universidad de las Artes - UArtes, sede de CONEXI\u00d3N 2023, 3er Congreso Internacional de Vinculaci\u00f3n con la Sociedad organizado por Reuvic","og_description":"Universidad de las Artes - UArtes, sede de CONEXI\u00d3N 2023, 3er Congreso Internacional de Vinculaci\u00f3n con la Sociedad organizado por Reuvic","og_url":"https:\/\/www.uartes.edu.ec\/sitio\/fr\/blog\/2023\/11\/16\/3er-congreso-internacional-de-vinculacion-con-la-sociedad-conexion-2023\/","og_site_name":"Universidad de las Artes","article_publisher":"https:\/\/www.facebook.com\/uartesec","article_published_time":"2023-11-17T00:20:00+00:00","article_modified_time":"2025-08-20T15:50:08+00:00","og_image":[{"width":2000,"height":1333,"url":"https:\/\/www.uartes.edu.ec\/sitio\/wp-content\/uploads\/2023\/11\/01-WEB-REUVIC.jpg","type":"image\/jpeg"}],"author":"ccortez","twitter_card":"summary_large_image","twitter_creator":"@uartesec","twitter_site":"@uartesec","twitter_misc":{"\u00c9crit par":"ccortez","Dur\u00e9e de lecture estim\u00e9e":"6 minutes"},"schema":{"@context":"https:\/\/schema.org","@graph":[{"@type":"Article","@id":"https:\/\/www.uartes.edu.ec\/sitio\/fr\/blog\/2023\/11\/16\/3er-congreso-internacional-de-vinculacion-con-la-sociedad-conexion-2023\/#article","isPartOf":{"@id":"https:\/\/www.uartes.edu.ec\/sitio\/fr\/blog\/2023\/11\/16\/3er-congreso-internacional-de-vinculacion-con-la-sociedad-conexion-2023\/"},"author":{"name":"ccortez","@id":"https:\/\/www.uartes.edu.ec\/sitio\/fr\/#\/schema\/person\/efa1b8275797664fd7f13a79ccc0b1f4"},"headline":"UArtes, sede de CONEXI\u00d3N 2023, 3er Congreso Internacional de Vinculaci\u00f3n con la Sociedad organizado por Reuvic","datePublished":"2023-11-17T00:20:00+00:00","dateModified":"2025-08-20T15:50:08+00:00","mainEntityOfPage":{"@id":"https:\/\/www.uartes.edu.ec\/sitio\/fr\/blog\/2023\/11\/16\/3er-congreso-internacional-de-vinculacion-con-la-sociedad-conexion-2023\/"},"wordCount":1207,"commentCount":0,"publisher":{"@id":"https:\/\/www.uartes.edu.ec\/sitio\/fr\/#organization"},"image":{"@id":"https:\/\/www.uartes.edu.ec\/sitio\/fr\/blog\/2023\/11\/16\/3er-congreso-internacional-de-vinculacion-con-la-sociedad-conexion-2023\/#primaryimage"},"thumbnailUrl":"https:\/\/www.uartes.edu.ec\/sitio\/wp-content\/uploads\/2023\/11\/01-WEB-REUVIC.jpg","keywords":["encuentro"],"articleSection":["Acad\u00e9mico","Artes","Gesti\u00f3n","Investigaci\u00f3n","V\u00ednculo"],"inLanguage":"fr-FR","potentialAction":[{"@type":"CommentAction","name":"Comment","target":["https:\/\/www.uartes.edu.ec\/sitio\/fr\/blog\/2023\/11\/16\/3er-congreso-internacional-de-vinculacion-con-la-sociedad-conexion-2023\/#respond"]}]},{"@type":["WebPage","ItemPage"],"@id":"https:\/\/www.uartes.edu.ec\/sitio\/fr\/blog\/2023\/11\/16\/3er-congreso-internacional-de-vinculacion-con-la-sociedad-conexion-2023\/","url":"https:\/\/www.uartes.edu.ec\/sitio\/fr\/blog\/2023\/11\/16\/3er-congreso-internacional-de-vinculacion-con-la-sociedad-conexion-2023\/","name":"Universidad de las Artes - UArtes, sede de CONEXI\u00d3N 2023, 3er Congreso Internacional de Vinculaci\u00f3n con la Sociedad organizado por Reuvic","isPartOf":{"@id":"https:\/\/www.uartes.edu.ec\/sitio\/fr\/#website"},"primaryImageOfPage":{"@id":"https:\/\/www.uartes.edu.ec\/sitio\/fr\/blog\/2023\/11\/16\/3er-congreso-internacional-de-vinculacion-con-la-sociedad-conexion-2023\/#primaryimage"},"image":{"@id":"https:\/\/www.uartes.edu.ec\/sitio\/fr\/blog\/2023\/11\/16\/3er-congreso-internacional-de-vinculacion-con-la-sociedad-conexion-2023\/#primaryimage"},"thumbnailUrl":"https:\/\/www.uartes.edu.ec\/sitio\/wp-content\/uploads\/2023\/11\/01-WEB-REUVIC.jpg","datePublished":"2023-11-17T00:20:00+00:00","dateModified":"2025-08-20T15:50:08+00:00","description":"Universidad de las Artes - UArtes, sede de CONEXI\u00d3N 2023, 3er Congreso Internacional de Vinculaci\u00f3n con la Sociedad organizado por Reuvic","breadcrumb":{"@id":"https:\/\/www.uartes.edu.ec\/sitio\/fr\/blog\/2023\/11\/16\/3er-congreso-internacional-de-vinculacion-con-la-sociedad-conexion-2023\/#breadcrumb"},"inLanguage":"fr-FR","potentialAction":[{"@type":"ReadAction","target":["https:\/\/www.uartes.edu.ec\/sitio\/fr\/blog\/2023\/11\/16\/3er-congreso-internacional-de-vinculacion-con-la-sociedad-conexion-2023\/"]}]},{"@type":"ImageObject","inLanguage":"fr-FR","@id":"https:\/\/www.uartes.edu.ec\/sitio\/fr\/blog\/2023\/11\/16\/3er-congreso-internacional-de-vinculacion-con-la-sociedad-conexion-2023\/#primaryimage","url":"https:\/\/www.uartes.edu.ec\/sitio\/wp-content\/uploads\/2023\/11\/01-WEB-REUVIC.jpg","contentUrl":"https:\/\/www.uartes.edu.ec\/sitio\/wp-content\/uploads\/2023\/11\/01-WEB-REUVIC.jpg","width":2000,"height":1333},{"@type":"BreadcrumbList","@id":"https:\/\/www.uartes.edu.ec\/sitio\/fr\/blog\/2023\/11\/16\/3er-congreso-internacional-de-vinculacion-con-la-sociedad-conexion-2023\/#breadcrumb","itemListElement":[{"@type":"ListItem","position":1,"name":"Inicio","item":"https:\/\/www.uartes.edu.ec\/sitio\/"},{"@type":"ListItem","position":2,"name":"UArtes, sede de CONEXI\u00d3N 2023, 3er Congreso Internacional de Vinculaci\u00f3n con la Sociedad organizado por Reuvic"}]},{"@type":"WebSite","@id":"https:\/\/www.uartes.edu.ec\/sitio\/fr\/#website","url":"https:\/\/www.uartes.edu.ec\/sitio\/fr\/","name":"Universidad de las Artes","description":"Sitio oficial de la Universidad Nacional de las Artes del Ecuador","publisher":{"@id":"https:\/\/www.uartes.edu.ec\/sitio\/fr\/#organization"},"potentialAction":[{"@type":"SearchAction","target":{"@type":"EntryPoint","urlTemplate":"https:\/\/www.uartes.edu.ec\/sitio\/fr\/?s={search_term_string}"},"query-input":{"@type":"PropertyValueSpecification","valueRequired":true,"valueName":"search_term_string"}}],"inLanguage":"fr-FR"},{"@type":"Organization","@id":"https:\/\/www.uartes.edu.ec\/sitio\/fr\/#organization","name":"Universidad de las Artes","url":"https:\/\/www.uartes.edu.ec\/sitio\/fr\/","logo":{"@type":"ImageObject","inLanguage":"fr-FR","@id":"https:\/\/www.uartes.edu.ec\/sitio\/fr\/#\/schema\/logo\/image\/","url":"https:\/\/www.uartes.edu.ec\/sitio\/wp-content\/uploads\/2022\/07\/logo-ua-horizontal.png","contentUrl":"https:\/\/www.uartes.edu.ec\/sitio\/wp-content\/uploads\/2022\/07\/logo-ua-horizontal.png","width":800,"height":276,"caption":"Universidad de las Artes"},"image":{"@id":"https:\/\/www.uartes.edu.ec\/sitio\/fr\/#\/schema\/logo\/image\/"},"sameAs":["https:\/\/www.facebook.com\/uartesec","https:\/\/x.com\/uartesec","https:\/\/www.tiktok.com\/@uartesec"]},{"@type":"Person","@id":"https:\/\/www.uartes.edu.ec\/sitio\/fr\/#\/schema\/person\/efa1b8275797664fd7f13a79ccc0b1f4","name":"ccortez","image":{"@type":"ImageObject","inLanguage":"fr-FR","@id":"https:\/\/secure.gravatar.com\/avatar\/b2a6f664a3ae8e074346ef91775736c5ec479e637ecced6842de9dc98b5da9cd?s=96&d=mm&r=g","url":"https:\/\/secure.gravatar.com\/avatar\/b2a6f664a3ae8e074346ef91775736c5ec479e637ecced6842de9dc98b5da9cd?s=96&d=mm&r=g","contentUrl":"https:\/\/secure.gravatar.com\/avatar\/b2a6f664a3ae8e074346ef91775736c5ec479e637ecced6842de9dc98b5da9cd?s=96&d=mm&r=g","caption":"ccortez"},"url":"https:\/\/www.uartes.edu.ec\/sitio\/fr\/blog\/author\/ccortez\/"}]}},"uagb_featured_image_src":{"full":["https:\/\/www.uartes.edu.ec\/sitio\/wp-content\/uploads\/2023\/11\/01-WEB-REUVIC.jpg",2000,1333,false],"thumbnail":["https:\/\/www.uartes.edu.ec\/sitio\/wp-content\/uploads\/2023\/11\/01-WEB-REUVIC-150x150.jpg",150,150,true],"medium":["https:\/\/www.uartes.edu.ec\/sitio\/wp-content\/uploads\/2023\/11\/01-WEB-REUVIC-300x200.jpg",300,200,true],"medium_large":["https:\/\/www.uartes.edu.ec\/sitio\/wp-content\/uploads\/2023\/11\/01-WEB-REUVIC-768x512.jpg",768,512,true],"large":["https:\/\/www.uartes.edu.ec\/sitio\/wp-content\/uploads\/2023\/11\/01-WEB-REUVIC-644x429.jpg",644,429,true],"1536x1536":["https:\/\/www.uartes.edu.ec\/sitio\/wp-content\/uploads\/2023\/11\/01-WEB-REUVIC-1536x1024.jpg",1536,1024,true],"2048x2048":["https:\/\/www.uartes.edu.ec\/sitio\/wp-content\/uploads\/2023\/11\/01-WEB-REUVIC.jpg",2000,1333,false],"trp-custom-language-flag":["https:\/\/www.uartes.edu.ec\/sitio\/wp-content\/uploads\/2023\/11\/01-WEB-REUVIC.jpg",18,12,false],"htmega_size_585x295":["https:\/\/www.uartes.edu.ec\/sitio\/wp-content\/uploads\/2023\/11\/01-WEB-REUVIC-585x295.jpg",585,295,true],"htmega_size_1170x536":["https:\/\/www.uartes.edu.ec\/sitio\/wp-content\/uploads\/2023\/11\/01-WEB-REUVIC-1170x536.jpg",1170,536,true],"htmega_size_396x360":["https:\/\/www.uartes.edu.ec\/sitio\/wp-content\/uploads\/2023\/11\/01-WEB-REUVIC-396x360.jpg",396,360,true],"gb-block-post-grid-landscape":["https:\/\/www.uartes.edu.ec\/sitio\/wp-content\/uploads\/2023\/11\/01-WEB-REUVIC-600x400.jpg",600,400,true],"gb-block-post-grid-square":["https:\/\/www.uartes.edu.ec\/sitio\/wp-content\/uploads\/2023\/11\/01-WEB-REUVIC-600x600.jpg",600,600,true],"university-hub-thumb":["https:\/\/www.uartes.edu.ec\/sitio\/wp-content\/uploads\/2023\/11\/01-WEB-REUVIC-400x267.jpg",400,267,true],"mailpoet_newsletter_max":["https:\/\/www.uartes.edu.ec\/sitio\/wp-content\/uploads\/2023\/11\/01-WEB-REUVIC.jpg",1320,880,false]},"uagb_author_info":{"display_name":"ccortez","author_link":"https:\/\/www.uartes.edu.ec\/sitio\/fr\/blog\/author\/ccortez\/"},"uagb_comment_info":0,"uagb_excerpt":"Docencia, investigaci\u00f3n y vinculaci\u00f3n son las funciones sustantivas de las universidades, siendo esta \u00faltima el epicentro del 3er Congreso Internacional de Vinculaci\u00f3n con la Sociedad Conexi\u00f3n 2023, encuentro acad\u00e9mico interdisciplinar que hoy y ma\u00f1ana reflexionar\u00e1 en torno a su contribuci\u00f3n a la calidad y relevancia de la educaci\u00f3n superior. Organiza Reuvic y UArtes es su\u2026","featured_image_src":"https:\/\/www.uartes.edu.ec\/sitio\/wp-content\/uploads\/2023\/11\/01-WEB-REUVIC-600x400.jpg","featured_image_src_square":"https:\/\/www.uartes.edu.ec\/sitio\/wp-content\/uploads\/2023\/11\/01-WEB-REUVIC-600x600.jpg","author_info":{"display_name":"ccortez","author_link":"https:\/\/www.uartes.edu.ec\/sitio\/fr\/blog\/author\/ccortez\/"},"publishpress_future_workflow_manual_trigger":{"enabledWorkflows":[]},"distributor_meta":false,"distributor_terms":false,"distributor_media":false,"distributor_original_site_name":"Universidad de las Artes","distributor_original_site_url":"https:\/\/www.uartes.edu.ec\/sitio\/fr","push-errors":false,"_links":{"self":[{"href":"https:\/\/www.uartes.edu.ec\/sitio\/fr\/wp-json\/wp\/v2\/posts\/48323","targetHints":{"allow":["GET"]}}],"collection":[{"href":"https:\/\/www.uartes.edu.ec\/sitio\/fr\/wp-json\/wp\/v2\/posts"}],"about":[{"href":"https:\/\/www.uartes.edu.ec\/sitio\/fr\/wp-json\/wp\/v2\/types\/post"}],"author":[{"embeddable":true,"href":"https:\/\/www.uartes.edu.ec\/sitio\/fr\/wp-json\/wp\/v2\/users\/10"}],"replies":[{"embeddable":true,"href":"https:\/\/www.uartes.edu.ec\/sitio\/fr\/wp-json\/wp\/v2\/comments?post=48323"}],"version-history":[{"count":14,"href":"https:\/\/www.uartes.edu.ec\/sitio\/fr\/wp-json\/wp\/v2\/posts\/48323\/revisions"}],"predecessor-version":[{"id":77500,"href":"https:\/\/www.uartes.edu.ec\/sitio\/fr\/wp-json\/wp\/v2\/posts\/48323\/revisions\/77500"}],"wp:featuredmedia":[{"embeddable":true,"href":"https:\/\/www.uartes.edu.ec\/sitio\/fr\/wp-json\/wp\/v2\/media\/48327"}],"wp:attachment":[{"href":"https:\/\/www.uartes.edu.ec\/sitio\/fr\/wp-json\/wp\/v2\/media?parent=48323"}],"wp:term":[{"taxonomy":"category","embeddable":true,"href":"https:\/\/www.uartes.edu.ec\/sitio\/fr\/wp-json\/wp\/v2\/categories?post=48323"},{"taxonomy":"post_tag","embeddable":true,"href":"https:\/\/www.uartes.edu.ec\/sitio\/fr\/wp-json\/wp\/v2\/tags?post=48323"},{"taxonomy":"infouartes","embeddable":true,"href":"https:\/\/www.uartes.edu.ec\/sitio\/fr\/wp-json\/wp\/v2\/infouartes?post=48323"}],"curies":[{"name":"wp","href":"https:\/\/api.w.org\/{rel}","templated":true}]}}