{"id":48354,"date":"2023-11-15T16:20:00","date_gmt":"2023-11-15T21:20:00","guid":{"rendered":"https:\/\/www.uartes.edu.ec\/sitio\/?p=48354"},"modified":"2024-07-04T11:20:27","modified_gmt":"2024-07-04T16:20:27","slug":"elipsis-el-primer-encuentro-de-la-escuela-de-cine-para-hacer-pausa-y-analizar-la-problematica-cinematografica","status":"publish","type":"post","link":"https:\/\/www.uartes.edu.ec\/sitio\/fr\/blog\/2023\/11\/15\/elipsis-el-primer-encuentro-de-la-escuela-de-cine-para-hacer-pausa-y-analizar-la-problematica-cinematografica\/","title":{"rendered":"\u201cElipsis\u201d, el primer encuentro de la Escuela de Cine para hacer pausa y analizar la situaci\u00f3n cinematogr\u00e1fica"},"content":{"rendered":"<p>Ahora es un encuentro peque\u00f1o enfocado a la precariedad, el cine universitario y las posibilidades de hacer cine desde Guayaquil, tanto para docentes como para estudiantes. Pedro Cagigal, director de la Escuela de Cine de la Universidad de las Artes, sintetiz\u00f3 as\u00ed a la cita que estaba por inaugurar en la Plaza P\u00fablica del MZ14 Centro de Producci\u00f3n e Innovaci\u00f3n.<\/p>\n\n\n\n<p>Ocurri\u00f3 hoy, mi\u00e9rcoles 15 de noviembre, con una programaci\u00f3n que hasta este viernes 17 busca reunir en \u201cElipsis, encuentro de cines\u201d a docentes, estudiantes y cineastas para discutir las problem\u00e1ticas de la educaci\u00f3n en cine, el cine local y generar redes de colaboraci\u00f3n enfocadas al desarrollo de los estudios superiores en cine.<\/p>\n\n\n\n<p>La Escuela de Cine ha venido trabajando fuertemente en varios frentes, colaborando con artistas locales que quieren mostrar sus pel\u00edculas, con estudiantes que tienen clubes de cine y han estado activando, pero en esta ocasi\u00f3n quer\u00edamos hacer nuestro primer encuentro, el primero hito, que tiene unas entradas te\u00f3ricas, dijo Cagigal antes de dirigirse a la comunidad universitaria y p\u00fablico que asisti\u00f3 al acto inaugural.<\/p>\n\n\n<div class=\"wp-block-image\">\n<figure class=\"aligncenter size-large\"><img fetchpriority=\"high\" decoding=\"async\" width=\"644\" height=\"429\" src=\"https:\/\/www.uartes.edu.ec\/sitio\/wp-content\/uploads\/2023\/11\/02-ELIPSIS-WEB-644x429.jpg\" alt=\"\" class=\"wp-image-48400\" srcset=\"https:\/\/www.uartes.edu.ec\/sitio\/wp-content\/uploads\/2023\/11\/02-ELIPSIS-WEB-644x429.jpg 644w, https:\/\/www.uartes.edu.ec\/sitio\/wp-content\/uploads\/2023\/11\/02-ELIPSIS-WEB-768x511.jpg 768w, https:\/\/www.uartes.edu.ec\/sitio\/wp-content\/uploads\/2023\/11\/02-ELIPSIS-WEB.jpg 2000w, https:\/\/www.uartes.edu.ec\/sitio\/wp-content\/uploads\/2023\/11\/02-ELIPSIS-WEB-600x399.jpg 600w, https:\/\/www.uartes.edu.ec\/sitio\/wp-content\/uploads\/2023\/11\/02-ELIPSIS-WEB-272x182.jpg 272w\" sizes=\"(max-width: 644px) 100vw, 644px\" \/><\/figure>\n<\/div>\n\n\n<p>Mencion\u00f3 que este primer encuentro, planteado desde nuestra locaci\u00f3n \u2013Guayaquil\u2013 y universidad, analizar\u00e1 temas como la precariedad que vive el cine ecuatoriano en general, la falta de recursos, de espacios y de apoyo de gobiernos locales. Vamos a ver mucho c\u00f3mo los cineastas encuentran formas de hacer, a pesar de los obst\u00e1culos que tiene en nuestro contexto. Vamos a ver por qu\u00e9 los fondos y la producci\u00f3n se sigue quedando en el centro \u2013Quito\u2013 y qu\u00e9 requerimos desde la ciudad para mejorar e involucrar al Estado, a las agremiaciones entre artistas y cu\u00e1l es el rol de la UArtes en ese proceso, dijo Cagigal.<\/p>\n\n\n\n<p>El director de la Escuela de Cine coment\u00f3 que cost\u00f3 llegar al concepto de elipsis, como un concepto de trabajo. Es una idea que permite varias entradas. Se utiliza para ganar tiempo descartando. Es un salto en el tiempo, en la historia y en el lenguaje. \u201cLa elipsis nos obliga a cuestionarnos sobre lo que obvia y se omite, lo que es esencial para hacer sentido y lo que nos hace perder el tiempo\u2026 En s\u00ed, elipsis es una lucha contra el tiempo, nuestro tiempo real. Es un atajo para esquivar lo entendido y lo redundante, para no aburrirnos y para ir al grano.<\/p>\n\n\n\n<p>Pero \u00bfqu\u00e9 es lo que queda fuera y se pierde en el salto de la elipsis, lo sobreentendido, lo cotidiano, los no lugares?, cuestion\u00f3 Cagigal y reflexion\u00f3 en lo curioso que es ganar tiempo abstrayendo el relato y el lenguaje, conseguir una vista m\u00e1s general y panor\u00e1mica omitiendo los detalles y llegar a la paradoja de que ese tiempo ahorrado y que se corta con el uso de una elipsis se utiliza para contar m\u00e1s. \u201cA la final es una estrategia, un artificio del arte y del cine, del lenguaje, que no exactamente ahorra tiempo, sino que comprime m\u00e1s informaci\u00f3n en un tiempo delimitado\u201d.<\/p>\n\n\n<div class=\"wp-block-image\">\n<figure class=\"aligncenter size-large\"><img decoding=\"async\" width=\"644\" height=\"429\" src=\"https:\/\/www.uartes.edu.ec\/sitio\/wp-content\/uploads\/2023\/11\/05-ELIPSIS-WEB-644x429.jpg\" alt=\"\" class=\"wp-image-48401\" srcset=\"https:\/\/www.uartes.edu.ec\/sitio\/wp-content\/uploads\/2023\/11\/05-ELIPSIS-WEB-644x429.jpg 644w, https:\/\/www.uartes.edu.ec\/sitio\/wp-content\/uploads\/2023\/11\/05-ELIPSIS-WEB-768x511.jpg 768w, https:\/\/www.uartes.edu.ec\/sitio\/wp-content\/uploads\/2023\/11\/05-ELIPSIS-WEB.jpg 2000w, https:\/\/www.uartes.edu.ec\/sitio\/wp-content\/uploads\/2023\/11\/05-ELIPSIS-WEB-600x399.jpg 600w, https:\/\/www.uartes.edu.ec\/sitio\/wp-content\/uploads\/2023\/11\/05-ELIPSIS-WEB-272x182.jpg 272w\" sizes=\"(max-width: 644px) 100vw, 644px\" \/><\/figure>\n<\/div>\n\n\n<p>En el encuentro propuesto, la elipsis est\u00e1 planteada para los asistentes como una pausa temporal en el ciclo, \u201ccomo nuestra propia ausencia de la producci\u00f3n y del ajetreo diario de la universidad, un momento para escuchar lo que se ha venido haciendo y para repensar y volver a mirar, para generar valores acerca de nuestro hacer a trav\u00e9s del an\u00e1lisis y la discusi\u00f3n\u201d.<\/p>\n\n\n\n<p>As\u00ed, el encuentro fue planteado como una respiraci\u00f3n profunda y consciente antes de reiniciar nuevamente. Se esperar\u00e1 un a\u00f1o para un reencuentro que busca convertirse en tradici\u00f3n. &nbsp;<\/p>\n\n\n\n<p>Pedro Cagigal se\u00f1al\u00f3 tambi\u00e9n que en para esta primera edici\u00f3n se pens\u00f3 en trabajar la tem\u00e1tica del cine recursivo y resiliente, \u201cdonde se busca abordar la producci\u00f3n cinematogr\u00e1fica desde sus estrategias para enfrentar la falta de recursos, las limitaciones del mercado audiovisual en el contexto local, a trav\u00e9s de la experiencia de los invitados\u201d.<\/p>\n\n\n\n<p>En su alrededor se han planteado tres l\u00edneas de trabajo, dijo y cit\u00f3: \u201cla recursividad en un contexto adverso que tiene que ver con el cine ecuatoriano tomando en cuenta la precariedad de nuestro cine audiovisual en su dualidad; seamos resilientes, pero conscientes de nuestras resistencias. El cine desde la universidad, en c\u00f3mo la academia se puede convertir en un contexto que favorezca la pr\u00e1ctica y devengue nuevas estrategias. Y hacer cine desde Guayaquil, pensando en la ruta para lograr que nuestra localidad se adapte a las necesidades cinematogr\u00e1ficas; aqu\u00ed buscamos incentivar la asociaci\u00f3n, la organizaci\u00f3n gremial, la demanda por un rol activo del gobierno local, a trav\u00e9s de un an\u00e1lisis realizado por nuestros cineastas\u201d.&nbsp;<\/p>","protected":false},"excerpt":{"rendered":"<p>La Escuela de Cine de la UArtes ha venido trabajando fuertemente en varios frentes, colaborando con artistas locales que quieren mostrar sus pel\u00edculas, con estudiantes que tienen clubes de cine y han estado activando, pero en esta ocasi\u00f3n quer\u00edamos tener un encuentro hito, dijo Pedro Cagigal, su director, en la inauguraci\u00f3n de \u201cElipsis\u201d, evento que re\u00fane a docentes y alumnos y que se extender\u00e1 hasta este viernes 17.<\/p>","protected":false},"author":10,"featured_media":48399,"comment_status":"open","ping_status":"open","sticky":false,"template":"","format":"standard","meta":{"_acf_changed":false,"_uag_custom_page_level_css":"","_monsterinsights_skip_tracking":false,"_monsterinsights_sitenote_active":false,"_monsterinsights_sitenote_note":"","_monsterinsights_sitenote_category":0,"cybocfi_hide_featured_image":"","footnotes":""},"categories":[80,147,75,76,77,83],"tags":[1067],"infouartes":[],"class_list":["post-48354","post","type-post","status-publish","format-standard","has-post-thumbnail","hentry","category-academico","category-cine","category-docentes","category-estudiantes","category-gestion","category-sedes","tag-primer-encuentro"],"acf":[],"yoast_head":"<!-- This site is optimized with the Yoast SEO plugin v27.4 - https:\/\/yoast.com\/product\/yoast-seo-wordpress\/ -->\n<title>Universidad de las Artes - \u201cElipsis\u201d, el primer encuentro de la Escuela de Cine para hacer pausa y analizar la situaci\u00f3n cinematogr\u00e1fica<\/title>\n<meta name=\"description\" content=\"Universidad de las Artes - \u201cElipsis\u201d, el primer encuentro de la Escuela de Cine para hacer pausa y analizar la situaci\u00f3n cinematogr\u00e1fica\" \/>\n<meta name=\"robots\" content=\"index, follow, max-snippet:-1, max-image-preview:large, max-video-preview:-1\" \/>\n<link rel=\"canonical\" href=\"https:\/\/www.uartes.edu.ec\/sitio\/fr\/blog\/2023\/11\/15\/elipsis-el-primer-encuentro-de-la-escuela-de-cine-para-hacer-pausa-y-analizar-la-problematica-cinematografica\/\" \/>\n<meta property=\"og:locale\" content=\"fr_FR\" \/>\n<meta property=\"og:type\" content=\"article\" \/>\n<meta property=\"og:title\" content=\"Universidad de las Artes - \u201cElipsis\u201d, el primer encuentro de la Escuela de Cine para hacer pausa y analizar la situaci\u00f3n cinematogr\u00e1fica\" \/>\n<meta property=\"og:description\" content=\"Universidad de las Artes - \u201cElipsis\u201d, el primer encuentro de la Escuela de Cine para hacer pausa y analizar la situaci\u00f3n cinematogr\u00e1fica\" \/>\n<meta property=\"og:url\" content=\"https:\/\/www.uartes.edu.ec\/sitio\/fr\/blog\/2023\/11\/15\/elipsis-el-primer-encuentro-de-la-escuela-de-cine-para-hacer-pausa-y-analizar-la-problematica-cinematografica\/\" \/>\n<meta property=\"og:site_name\" content=\"Universidad de las Artes\" \/>\n<meta property=\"article:publisher\" content=\"https:\/\/www.facebook.com\/uartesec\" \/>\n<meta property=\"article:published_time\" content=\"2023-11-15T21:20:00+00:00\" \/>\n<meta property=\"article:modified_time\" content=\"2024-07-04T16:20:27+00:00\" \/>\n<meta property=\"og:image\" content=\"https:\/\/www.uartes.edu.ec\/sitio\/wp-content\/uploads\/2023\/11\/01-ELIPSIS-WEB.jpg\" \/>\n\t<meta property=\"og:image:width\" content=\"2000\" \/>\n\t<meta property=\"og:image:height\" content=\"1333\" \/>\n\t<meta property=\"og:image:type\" content=\"image\/jpeg\" \/>\n<meta name=\"author\" content=\"ccortez\" \/>\n<meta name=\"twitter:card\" content=\"summary_large_image\" \/>\n<meta name=\"twitter:creator\" content=\"@uartesec\" \/>\n<meta name=\"twitter:site\" content=\"@uartesec\" \/>\n<meta name=\"twitter:label1\" content=\"\u00c9crit par\" \/>\n\t<meta name=\"twitter:data1\" content=\"ccortez\" \/>\n\t<meta name=\"twitter:label2\" content=\"Dur\u00e9e de lecture estim\u00e9e\" \/>\n\t<meta name=\"twitter:data2\" content=\"4 minutes\" \/>\n<script type=\"application\/ld+json\" class=\"yoast-schema-graph\">{\"@context\":\"https:\\\/\\\/schema.org\",\"@graph\":[{\"@type\":\"Article\",\"@id\":\"https:\\\/\\\/www.uartes.edu.ec\\\/sitio\\\/fr\\\/blog\\\/2023\\\/11\\\/15\\\/elipsis-el-primer-encuentro-de-la-escuela-de-cine-para-hacer-pausa-y-analizar-la-problematica-cinematografica\\\/#article\",\"isPartOf\":{\"@id\":\"https:\\\/\\\/www.uartes.edu.ec\\\/sitio\\\/fr\\\/blog\\\/2023\\\/11\\\/15\\\/elipsis-el-primer-encuentro-de-la-escuela-de-cine-para-hacer-pausa-y-analizar-la-problematica-cinematografica\\\/\"},\"author\":{\"name\":\"ccortez\",\"@id\":\"https:\\\/\\\/www.uartes.edu.ec\\\/sitio\\\/fr\\\/#\\\/schema\\\/person\\\/efa1b8275797664fd7f13a79ccc0b1f4\"},\"headline\":\"\u201cElipsis\u201d, el primer encuentro de la Escuela de Cine para hacer pausa y analizar la situaci\u00f3n cinematogr\u00e1fica\",\"datePublished\":\"2023-11-15T21:20:00+00:00\",\"dateModified\":\"2024-07-04T16:20:27+00:00\",\"mainEntityOfPage\":{\"@id\":\"https:\\\/\\\/www.uartes.edu.ec\\\/sitio\\\/fr\\\/blog\\\/2023\\\/11\\\/15\\\/elipsis-el-primer-encuentro-de-la-escuela-de-cine-para-hacer-pausa-y-analizar-la-problematica-cinematografica\\\/\"},\"wordCount\":812,\"commentCount\":0,\"publisher\":{\"@id\":\"https:\\\/\\\/www.uartes.edu.ec\\\/sitio\\\/fr\\\/#organization\"},\"image\":{\"@id\":\"https:\\\/\\\/www.uartes.edu.ec\\\/sitio\\\/fr\\\/blog\\\/2023\\\/11\\\/15\\\/elipsis-el-primer-encuentro-de-la-escuela-de-cine-para-hacer-pausa-y-analizar-la-problematica-cinematografica\\\/#primaryimage\"},\"thumbnailUrl\":\"https:\\\/\\\/www.uartes.edu.ec\\\/sitio\\\/wp-content\\\/uploads\\\/2023\\\/11\\\/01-ELIPSIS-WEB.jpg\",\"keywords\":[\"primer encuentro\"],\"articleSection\":[\"Acad\u00e9mico\",\"Cine\",\"Docentes\",\"Estudiantes\",\"Gesti\u00f3n\",\"Sedes\"],\"inLanguage\":\"fr-FR\",\"potentialAction\":[{\"@type\":\"CommentAction\",\"name\":\"Comment\",\"target\":[\"https:\\\/\\\/www.uartes.edu.ec\\\/sitio\\\/fr\\\/blog\\\/2023\\\/11\\\/15\\\/elipsis-el-primer-encuentro-de-la-escuela-de-cine-para-hacer-pausa-y-analizar-la-problematica-cinematografica\\\/#respond\"]}]},{\"@type\":[\"WebPage\",\"ItemPage\"],\"@id\":\"https:\\\/\\\/www.uartes.edu.ec\\\/sitio\\\/fr\\\/blog\\\/2023\\\/11\\\/15\\\/elipsis-el-primer-encuentro-de-la-escuela-de-cine-para-hacer-pausa-y-analizar-la-problematica-cinematografica\\\/\",\"url\":\"https:\\\/\\\/www.uartes.edu.ec\\\/sitio\\\/fr\\\/blog\\\/2023\\\/11\\\/15\\\/elipsis-el-primer-encuentro-de-la-escuela-de-cine-para-hacer-pausa-y-analizar-la-problematica-cinematografica\\\/\",\"name\":\"Universidad de las Artes - \u201cElipsis\u201d, el primer encuentro de la Escuela de Cine para hacer pausa y analizar la situaci\u00f3n cinematogr\u00e1fica\",\"isPartOf\":{\"@id\":\"https:\\\/\\\/www.uartes.edu.ec\\\/sitio\\\/fr\\\/#website\"},\"primaryImageOfPage\":{\"@id\":\"https:\\\/\\\/www.uartes.edu.ec\\\/sitio\\\/fr\\\/blog\\\/2023\\\/11\\\/15\\\/elipsis-el-primer-encuentro-de-la-escuela-de-cine-para-hacer-pausa-y-analizar-la-problematica-cinematografica\\\/#primaryimage\"},\"image\":{\"@id\":\"https:\\\/\\\/www.uartes.edu.ec\\\/sitio\\\/fr\\\/blog\\\/2023\\\/11\\\/15\\\/elipsis-el-primer-encuentro-de-la-escuela-de-cine-para-hacer-pausa-y-analizar-la-problematica-cinematografica\\\/#primaryimage\"},\"thumbnailUrl\":\"https:\\\/\\\/www.uartes.edu.ec\\\/sitio\\\/wp-content\\\/uploads\\\/2023\\\/11\\\/01-ELIPSIS-WEB.jpg\",\"datePublished\":\"2023-11-15T21:20:00+00:00\",\"dateModified\":\"2024-07-04T16:20:27+00:00\",\"description\":\"Universidad de las Artes - \u201cElipsis\u201d, el primer encuentro de la Escuela de Cine para hacer pausa y analizar la situaci\u00f3n cinematogr\u00e1fica\",\"breadcrumb\":{\"@id\":\"https:\\\/\\\/www.uartes.edu.ec\\\/sitio\\\/fr\\\/blog\\\/2023\\\/11\\\/15\\\/elipsis-el-primer-encuentro-de-la-escuela-de-cine-para-hacer-pausa-y-analizar-la-problematica-cinematografica\\\/#breadcrumb\"},\"inLanguage\":\"fr-FR\",\"potentialAction\":[{\"@type\":\"ReadAction\",\"target\":[\"https:\\\/\\\/www.uartes.edu.ec\\\/sitio\\\/fr\\\/blog\\\/2023\\\/11\\\/15\\\/elipsis-el-primer-encuentro-de-la-escuela-de-cine-para-hacer-pausa-y-analizar-la-problematica-cinematografica\\\/\"]}]},{\"@type\":\"ImageObject\",\"inLanguage\":\"fr-FR\",\"@id\":\"https:\\\/\\\/www.uartes.edu.ec\\\/sitio\\\/fr\\\/blog\\\/2023\\\/11\\\/15\\\/elipsis-el-primer-encuentro-de-la-escuela-de-cine-para-hacer-pausa-y-analizar-la-problematica-cinematografica\\\/#primaryimage\",\"url\":\"https:\\\/\\\/www.uartes.edu.ec\\\/sitio\\\/wp-content\\\/uploads\\\/2023\\\/11\\\/01-ELIPSIS-WEB.jpg\",\"contentUrl\":\"https:\\\/\\\/www.uartes.edu.ec\\\/sitio\\\/wp-content\\\/uploads\\\/2023\\\/11\\\/01-ELIPSIS-WEB.jpg\",\"width\":2000,\"height\":1333},{\"@type\":\"BreadcrumbList\",\"@id\":\"https:\\\/\\\/www.uartes.edu.ec\\\/sitio\\\/fr\\\/blog\\\/2023\\\/11\\\/15\\\/elipsis-el-primer-encuentro-de-la-escuela-de-cine-para-hacer-pausa-y-analizar-la-problematica-cinematografica\\\/#breadcrumb\",\"itemListElement\":[{\"@type\":\"ListItem\",\"position\":1,\"name\":\"Inicio\",\"item\":\"https:\\\/\\\/www.uartes.edu.ec\\\/sitio\\\/\"},{\"@type\":\"ListItem\",\"position\":2,\"name\":\"\u201cElipsis\u201d, el primer encuentro de la Escuela de Cine para hacer pausa y analizar la situaci\u00f3n cinematogr\u00e1fica\"}]},{\"@type\":\"WebSite\",\"@id\":\"https:\\\/\\\/www.uartes.edu.ec\\\/sitio\\\/fr\\\/#website\",\"url\":\"https:\\\/\\\/www.uartes.edu.ec\\\/sitio\\\/fr\\\/\",\"name\":\"Universidad de las Artes\",\"description\":\"Sitio oficial de la Universidad Nacional de las Artes del Ecuador\",\"publisher\":{\"@id\":\"https:\\\/\\\/www.uartes.edu.ec\\\/sitio\\\/fr\\\/#organization\"},\"potentialAction\":[{\"@type\":\"SearchAction\",\"target\":{\"@type\":\"EntryPoint\",\"urlTemplate\":\"https:\\\/\\\/www.uartes.edu.ec\\\/sitio\\\/fr\\\/?s={search_term_string}\"},\"query-input\":{\"@type\":\"PropertyValueSpecification\",\"valueRequired\":true,\"valueName\":\"search_term_string\"}}],\"inLanguage\":\"fr-FR\"},{\"@type\":\"Organization\",\"@id\":\"https:\\\/\\\/www.uartes.edu.ec\\\/sitio\\\/fr\\\/#organization\",\"name\":\"Universidad de las Artes\",\"url\":\"https:\\\/\\\/www.uartes.edu.ec\\\/sitio\\\/fr\\\/\",\"logo\":{\"@type\":\"ImageObject\",\"inLanguage\":\"fr-FR\",\"@id\":\"https:\\\/\\\/www.uartes.edu.ec\\\/sitio\\\/fr\\\/#\\\/schema\\\/logo\\\/image\\\/\",\"url\":\"https:\\\/\\\/www.uartes.edu.ec\\\/sitio\\\/wp-content\\\/uploads\\\/2022\\\/07\\\/logo-ua-horizontal.png\",\"contentUrl\":\"https:\\\/\\\/www.uartes.edu.ec\\\/sitio\\\/wp-content\\\/uploads\\\/2022\\\/07\\\/logo-ua-horizontal.png\",\"width\":800,\"height\":276,\"caption\":\"Universidad de las Artes\"},\"image\":{\"@id\":\"https:\\\/\\\/www.uartes.edu.ec\\\/sitio\\\/fr\\\/#\\\/schema\\\/logo\\\/image\\\/\"},\"sameAs\":[\"https:\\\/\\\/www.facebook.com\\\/uartesec\",\"https:\\\/\\\/x.com\\\/uartesec\",\"https:\\\/\\\/www.tiktok.com\\\/@uartesec\"]},{\"@type\":\"Person\",\"@id\":\"https:\\\/\\\/www.uartes.edu.ec\\\/sitio\\\/fr\\\/#\\\/schema\\\/person\\\/efa1b8275797664fd7f13a79ccc0b1f4\",\"name\":\"ccortez\",\"image\":{\"@type\":\"ImageObject\",\"inLanguage\":\"fr-FR\",\"@id\":\"https:\\\/\\\/secure.gravatar.com\\\/avatar\\\/b2a6f664a3ae8e074346ef91775736c5ec479e637ecced6842de9dc98b5da9cd?s=96&d=mm&r=g\",\"url\":\"https:\\\/\\\/secure.gravatar.com\\\/avatar\\\/b2a6f664a3ae8e074346ef91775736c5ec479e637ecced6842de9dc98b5da9cd?s=96&d=mm&r=g\",\"contentUrl\":\"https:\\\/\\\/secure.gravatar.com\\\/avatar\\\/b2a6f664a3ae8e074346ef91775736c5ec479e637ecced6842de9dc98b5da9cd?s=96&d=mm&r=g\",\"caption\":\"ccortez\"},\"url\":\"https:\\\/\\\/www.uartes.edu.ec\\\/sitio\\\/fr\\\/blog\\\/author\\\/ccortez\\\/\"}]}<\/script>\n<!-- \/ Yoast SEO plugin. -->","yoast_head_json":{"title":"Universidad de las Artes - \u201cElipsis\u201d, el primer encuentro de la Escuela de Cine para hacer pausa y analizar la situaci\u00f3n cinematogr\u00e1fica","description":"Universidad de las Artes - \u201cElipsis\u201d, el primer encuentro de la Escuela de Cine para hacer pausa y analizar la situaci\u00f3n cinematogr\u00e1fica","robots":{"index":"index","follow":"follow","max-snippet":"max-snippet:-1","max-image-preview":"max-image-preview:large","max-video-preview":"max-video-preview:-1"},"canonical":"https:\/\/www.uartes.edu.ec\/sitio\/fr\/blog\/2023\/11\/15\/elipsis-el-primer-encuentro-de-la-escuela-de-cine-para-hacer-pausa-y-analizar-la-problematica-cinematografica\/","og_locale":"fr_FR","og_type":"article","og_title":"Universidad de las Artes - \u201cElipsis\u201d, el primer encuentro de la Escuela de Cine para hacer pausa y analizar la situaci\u00f3n cinematogr\u00e1fica","og_description":"Universidad de las Artes - \u201cElipsis\u201d, el primer encuentro de la Escuela de Cine para hacer pausa y analizar la situaci\u00f3n cinematogr\u00e1fica","og_url":"https:\/\/www.uartes.edu.ec\/sitio\/fr\/blog\/2023\/11\/15\/elipsis-el-primer-encuentro-de-la-escuela-de-cine-para-hacer-pausa-y-analizar-la-problematica-cinematografica\/","og_site_name":"Universidad de las Artes","article_publisher":"https:\/\/www.facebook.com\/uartesec","article_published_time":"2023-11-15T21:20:00+00:00","article_modified_time":"2024-07-04T16:20:27+00:00","og_image":[{"width":2000,"height":1333,"url":"https:\/\/www.uartes.edu.ec\/sitio\/wp-content\/uploads\/2023\/11\/01-ELIPSIS-WEB.jpg","type":"image\/jpeg"}],"author":"ccortez","twitter_card":"summary_large_image","twitter_creator":"@uartesec","twitter_site":"@uartesec","twitter_misc":{"\u00c9crit par":"ccortez","Dur\u00e9e de lecture estim\u00e9e":"4 minutes"},"schema":{"@context":"https:\/\/schema.org","@graph":[{"@type":"Article","@id":"https:\/\/www.uartes.edu.ec\/sitio\/fr\/blog\/2023\/11\/15\/elipsis-el-primer-encuentro-de-la-escuela-de-cine-para-hacer-pausa-y-analizar-la-problematica-cinematografica\/#article","isPartOf":{"@id":"https:\/\/www.uartes.edu.ec\/sitio\/fr\/blog\/2023\/11\/15\/elipsis-el-primer-encuentro-de-la-escuela-de-cine-para-hacer-pausa-y-analizar-la-problematica-cinematografica\/"},"author":{"name":"ccortez","@id":"https:\/\/www.uartes.edu.ec\/sitio\/fr\/#\/schema\/person\/efa1b8275797664fd7f13a79ccc0b1f4"},"headline":"\u201cElipsis\u201d, el primer encuentro de la Escuela de Cine para hacer pausa y analizar la situaci\u00f3n cinematogr\u00e1fica","datePublished":"2023-11-15T21:20:00+00:00","dateModified":"2024-07-04T16:20:27+00:00","mainEntityOfPage":{"@id":"https:\/\/www.uartes.edu.ec\/sitio\/fr\/blog\/2023\/11\/15\/elipsis-el-primer-encuentro-de-la-escuela-de-cine-para-hacer-pausa-y-analizar-la-problematica-cinematografica\/"},"wordCount":812,"commentCount":0,"publisher":{"@id":"https:\/\/www.uartes.edu.ec\/sitio\/fr\/#organization"},"image":{"@id":"https:\/\/www.uartes.edu.ec\/sitio\/fr\/blog\/2023\/11\/15\/elipsis-el-primer-encuentro-de-la-escuela-de-cine-para-hacer-pausa-y-analizar-la-problematica-cinematografica\/#primaryimage"},"thumbnailUrl":"https:\/\/www.uartes.edu.ec\/sitio\/wp-content\/uploads\/2023\/11\/01-ELIPSIS-WEB.jpg","keywords":["primer encuentro"],"articleSection":["Acad\u00e9mico","Cine","Docentes","Estudiantes","Gesti\u00f3n","Sedes"],"inLanguage":"fr-FR","potentialAction":[{"@type":"CommentAction","name":"Comment","target":["https:\/\/www.uartes.edu.ec\/sitio\/fr\/blog\/2023\/11\/15\/elipsis-el-primer-encuentro-de-la-escuela-de-cine-para-hacer-pausa-y-analizar-la-problematica-cinematografica\/#respond"]}]},{"@type":["WebPage","ItemPage"],"@id":"https:\/\/www.uartes.edu.ec\/sitio\/fr\/blog\/2023\/11\/15\/elipsis-el-primer-encuentro-de-la-escuela-de-cine-para-hacer-pausa-y-analizar-la-problematica-cinematografica\/","url":"https:\/\/www.uartes.edu.ec\/sitio\/fr\/blog\/2023\/11\/15\/elipsis-el-primer-encuentro-de-la-escuela-de-cine-para-hacer-pausa-y-analizar-la-problematica-cinematografica\/","name":"Universidad de las Artes - \u201cElipsis\u201d, el primer encuentro de la Escuela de Cine para hacer pausa y analizar la situaci\u00f3n cinematogr\u00e1fica","isPartOf":{"@id":"https:\/\/www.uartes.edu.ec\/sitio\/fr\/#website"},"primaryImageOfPage":{"@id":"https:\/\/www.uartes.edu.ec\/sitio\/fr\/blog\/2023\/11\/15\/elipsis-el-primer-encuentro-de-la-escuela-de-cine-para-hacer-pausa-y-analizar-la-problematica-cinematografica\/#primaryimage"},"image":{"@id":"https:\/\/www.uartes.edu.ec\/sitio\/fr\/blog\/2023\/11\/15\/elipsis-el-primer-encuentro-de-la-escuela-de-cine-para-hacer-pausa-y-analizar-la-problematica-cinematografica\/#primaryimage"},"thumbnailUrl":"https:\/\/www.uartes.edu.ec\/sitio\/wp-content\/uploads\/2023\/11\/01-ELIPSIS-WEB.jpg","datePublished":"2023-11-15T21:20:00+00:00","dateModified":"2024-07-04T16:20:27+00:00","description":"Universidad de las Artes - \u201cElipsis\u201d, el primer encuentro de la Escuela de Cine para hacer pausa y analizar la situaci\u00f3n cinematogr\u00e1fica","breadcrumb":{"@id":"https:\/\/www.uartes.edu.ec\/sitio\/fr\/blog\/2023\/11\/15\/elipsis-el-primer-encuentro-de-la-escuela-de-cine-para-hacer-pausa-y-analizar-la-problematica-cinematografica\/#breadcrumb"},"inLanguage":"fr-FR","potentialAction":[{"@type":"ReadAction","target":["https:\/\/www.uartes.edu.ec\/sitio\/fr\/blog\/2023\/11\/15\/elipsis-el-primer-encuentro-de-la-escuela-de-cine-para-hacer-pausa-y-analizar-la-problematica-cinematografica\/"]}]},{"@type":"ImageObject","inLanguage":"fr-FR","@id":"https:\/\/www.uartes.edu.ec\/sitio\/fr\/blog\/2023\/11\/15\/elipsis-el-primer-encuentro-de-la-escuela-de-cine-para-hacer-pausa-y-analizar-la-problematica-cinematografica\/#primaryimage","url":"https:\/\/www.uartes.edu.ec\/sitio\/wp-content\/uploads\/2023\/11\/01-ELIPSIS-WEB.jpg","contentUrl":"https:\/\/www.uartes.edu.ec\/sitio\/wp-content\/uploads\/2023\/11\/01-ELIPSIS-WEB.jpg","width":2000,"height":1333},{"@type":"BreadcrumbList","@id":"https:\/\/www.uartes.edu.ec\/sitio\/fr\/blog\/2023\/11\/15\/elipsis-el-primer-encuentro-de-la-escuela-de-cine-para-hacer-pausa-y-analizar-la-problematica-cinematografica\/#breadcrumb","itemListElement":[{"@type":"ListItem","position":1,"name":"Inicio","item":"https:\/\/www.uartes.edu.ec\/sitio\/"},{"@type":"ListItem","position":2,"name":"\u201cElipsis\u201d, el primer encuentro de la Escuela de Cine para hacer pausa y analizar la situaci\u00f3n cinematogr\u00e1fica"}]},{"@type":"WebSite","@id":"https:\/\/www.uartes.edu.ec\/sitio\/fr\/#website","url":"https:\/\/www.uartes.edu.ec\/sitio\/fr\/","name":"Universidad de las Artes","description":"Sitio oficial de la Universidad Nacional de las Artes del Ecuador","publisher":{"@id":"https:\/\/www.uartes.edu.ec\/sitio\/fr\/#organization"},"potentialAction":[{"@type":"SearchAction","target":{"@type":"EntryPoint","urlTemplate":"https:\/\/www.uartes.edu.ec\/sitio\/fr\/?s={search_term_string}"},"query-input":{"@type":"PropertyValueSpecification","valueRequired":true,"valueName":"search_term_string"}}],"inLanguage":"fr-FR"},{"@type":"Organization","@id":"https:\/\/www.uartes.edu.ec\/sitio\/fr\/#organization","name":"Universidad de las Artes","url":"https:\/\/www.uartes.edu.ec\/sitio\/fr\/","logo":{"@type":"ImageObject","inLanguage":"fr-FR","@id":"https:\/\/www.uartes.edu.ec\/sitio\/fr\/#\/schema\/logo\/image\/","url":"https:\/\/www.uartes.edu.ec\/sitio\/wp-content\/uploads\/2022\/07\/logo-ua-horizontal.png","contentUrl":"https:\/\/www.uartes.edu.ec\/sitio\/wp-content\/uploads\/2022\/07\/logo-ua-horizontal.png","width":800,"height":276,"caption":"Universidad de las Artes"},"image":{"@id":"https:\/\/www.uartes.edu.ec\/sitio\/fr\/#\/schema\/logo\/image\/"},"sameAs":["https:\/\/www.facebook.com\/uartesec","https:\/\/x.com\/uartesec","https:\/\/www.tiktok.com\/@uartesec"]},{"@type":"Person","@id":"https:\/\/www.uartes.edu.ec\/sitio\/fr\/#\/schema\/person\/efa1b8275797664fd7f13a79ccc0b1f4","name":"ccortez","image":{"@type":"ImageObject","inLanguage":"fr-FR","@id":"https:\/\/secure.gravatar.com\/avatar\/b2a6f664a3ae8e074346ef91775736c5ec479e637ecced6842de9dc98b5da9cd?s=96&d=mm&r=g","url":"https:\/\/secure.gravatar.com\/avatar\/b2a6f664a3ae8e074346ef91775736c5ec479e637ecced6842de9dc98b5da9cd?s=96&d=mm&r=g","contentUrl":"https:\/\/secure.gravatar.com\/avatar\/b2a6f664a3ae8e074346ef91775736c5ec479e637ecced6842de9dc98b5da9cd?s=96&d=mm&r=g","caption":"ccortez"},"url":"https:\/\/www.uartes.edu.ec\/sitio\/fr\/blog\/author\/ccortez\/"}]}},"uagb_featured_image_src":{"full":["https:\/\/www.uartes.edu.ec\/sitio\/wp-content\/uploads\/2023\/11\/01-ELIPSIS-WEB.jpg",2000,1333,false],"thumbnail":["https:\/\/www.uartes.edu.ec\/sitio\/wp-content\/uploads\/2023\/11\/01-ELIPSIS-WEB-150x150.jpg",150,150,true],"medium":["https:\/\/www.uartes.edu.ec\/sitio\/wp-content\/uploads\/2023\/11\/01-ELIPSIS-WEB-300x200.jpg",300,200,true],"medium_large":["https:\/\/www.uartes.edu.ec\/sitio\/wp-content\/uploads\/2023\/11\/01-ELIPSIS-WEB-768x512.jpg",768,512,true],"large":["https:\/\/www.uartes.edu.ec\/sitio\/wp-content\/uploads\/2023\/11\/01-ELIPSIS-WEB-644x429.jpg",644,429,true],"1536x1536":["https:\/\/www.uartes.edu.ec\/sitio\/wp-content\/uploads\/2023\/11\/01-ELIPSIS-WEB-1536x1024.jpg",1536,1024,true],"2048x2048":["https:\/\/www.uartes.edu.ec\/sitio\/wp-content\/uploads\/2023\/11\/01-ELIPSIS-WEB.jpg",2000,1333,false],"trp-custom-language-flag":["https:\/\/www.uartes.edu.ec\/sitio\/wp-content\/uploads\/2023\/11\/01-ELIPSIS-WEB.jpg",18,12,false],"htmega_size_585x295":["https:\/\/www.uartes.edu.ec\/sitio\/wp-content\/uploads\/2023\/11\/01-ELIPSIS-WEB-585x295.jpg",585,295,true],"htmega_size_1170x536":["https:\/\/www.uartes.edu.ec\/sitio\/wp-content\/uploads\/2023\/11\/01-ELIPSIS-WEB-1170x536.jpg",1170,536,true],"htmega_size_396x360":["https:\/\/www.uartes.edu.ec\/sitio\/wp-content\/uploads\/2023\/11\/01-ELIPSIS-WEB-396x360.jpg",396,360,true],"gb-block-post-grid-landscape":["https:\/\/www.uartes.edu.ec\/sitio\/wp-content\/uploads\/2023\/11\/01-ELIPSIS-WEB-600x400.jpg",600,400,true],"gb-block-post-grid-square":["https:\/\/www.uartes.edu.ec\/sitio\/wp-content\/uploads\/2023\/11\/01-ELIPSIS-WEB-600x600.jpg",600,600,true],"university-hub-thumb":["https:\/\/www.uartes.edu.ec\/sitio\/wp-content\/uploads\/2023\/11\/01-ELIPSIS-WEB-400x267.jpg",400,267,true]},"uagb_author_info":{"display_name":"ccortez","author_link":"https:\/\/www.uartes.edu.ec\/sitio\/fr\/blog\/author\/ccortez\/"},"uagb_comment_info":0,"uagb_excerpt":"La Escuela de Cine de la UArtes ha venido trabajando fuertemente en varios frentes, colaborando con artistas locales que quieren mostrar sus pel\u00edculas, con estudiantes que tienen clubes de cine y han estado activando, pero en esta ocasi\u00f3n quer\u00edamos tener un encuentro hito, dijo Pedro Cagigal, su director, en la inauguraci\u00f3n de \u201cElipsis\u201d, evento que\u2026","featured_image_src":"https:\/\/www.uartes.edu.ec\/sitio\/wp-content\/uploads\/2023\/11\/01-ELIPSIS-WEB-600x400.jpg","featured_image_src_square":"https:\/\/www.uartes.edu.ec\/sitio\/wp-content\/uploads\/2023\/11\/01-ELIPSIS-WEB-600x600.jpg","author_info":{"display_name":"ccortez","author_link":"https:\/\/www.uartes.edu.ec\/sitio\/fr\/blog\/author\/ccortez\/"},"publishpress_future_workflow_manual_trigger":{"enabledWorkflows":[]},"distributor_meta":false,"distributor_terms":false,"distributor_media":false,"distributor_original_site_name":"Universidad de las Artes","distributor_original_site_url":"https:\/\/www.uartes.edu.ec\/sitio\/fr","push-errors":false,"_links":{"self":[{"href":"https:\/\/www.uartes.edu.ec\/sitio\/fr\/wp-json\/wp\/v2\/posts\/48354","targetHints":{"allow":["GET"]}}],"collection":[{"href":"https:\/\/www.uartes.edu.ec\/sitio\/fr\/wp-json\/wp\/v2\/posts"}],"about":[{"href":"https:\/\/www.uartes.edu.ec\/sitio\/fr\/wp-json\/wp\/v2\/types\/post"}],"author":[{"embeddable":true,"href":"https:\/\/www.uartes.edu.ec\/sitio\/fr\/wp-json\/wp\/v2\/users\/10"}],"replies":[{"embeddable":true,"href":"https:\/\/www.uartes.edu.ec\/sitio\/fr\/wp-json\/wp\/v2\/comments?post=48354"}],"version-history":[{"count":5,"href":"https:\/\/www.uartes.edu.ec\/sitio\/fr\/wp-json\/wp\/v2\/posts\/48354\/revisions"}],"predecessor-version":[{"id":48487,"href":"https:\/\/www.uartes.edu.ec\/sitio\/fr\/wp-json\/wp\/v2\/posts\/48354\/revisions\/48487"}],"wp:featuredmedia":[{"embeddable":true,"href":"https:\/\/www.uartes.edu.ec\/sitio\/fr\/wp-json\/wp\/v2\/media\/48399"}],"wp:attachment":[{"href":"https:\/\/www.uartes.edu.ec\/sitio\/fr\/wp-json\/wp\/v2\/media?parent=48354"}],"wp:term":[{"taxonomy":"category","embeddable":true,"href":"https:\/\/www.uartes.edu.ec\/sitio\/fr\/wp-json\/wp\/v2\/categories?post=48354"},{"taxonomy":"post_tag","embeddable":true,"href":"https:\/\/www.uartes.edu.ec\/sitio\/fr\/wp-json\/wp\/v2\/tags?post=48354"},{"taxonomy":"infouartes","embeddable":true,"href":"https:\/\/www.uartes.edu.ec\/sitio\/fr\/wp-json\/wp\/v2\/infouartes?post=48354"}],"curies":[{"name":"wp","href":"https:\/\/api.w.org\/{rel}","templated":true}]}}