{"id":48683,"date":"2023-12-01T09:41:50","date_gmt":"2023-12-01T14:41:50","guid":{"rendered":"https:\/\/www.uartes.edu.ec\/sitio\/?p=48683"},"modified":"2024-07-04T11:20:22","modified_gmt":"2024-07-04T16:20:22","slug":"trabajo-conjunto-de-la-uartes-y-la-embajada-de-indonesia-propicio-tour-gamelan-y-marimba","status":"publish","type":"post","link":"https:\/\/www.uartes.edu.ec\/sitio\/fr\/blog\/2023\/12\/01\/trabajo-conjunto-de-la-uartes-y-la-embajada-de-indonesia-propicio-tour-gamelan-y-marimba\/","title":{"rendered":"Ensambles de gamel\u00e1n y marimba en Loja y Cuenca por acciones conjuntas de UArtes y Embajada de Indonesia"},"content":{"rendered":"<p>La Universidad de las Artes, su Direcci\u00f3n de Relaciones Internacionales y Escuela de Artes Sonoras, conjuntamente con la Embajada de Indonesia en Ecuador, organizaron un recorrido de gamel\u00e1n y marimba, cuyos ensambles tuvieron a Loja como primer destino de presentaciones, para el Festival Internacional de Artes Vivas (FIAV); el segundo arribo fue Cuenca.<\/p>\n\n\n\n<p>La iniciativa surgi\u00f3 en el marco del convenio entre la UArtes y la Embajada de Indonesia que suscribieron en noviembre de 2022. Dentro de los resultados de esta cooperaci\u00f3n se encuentra que el gamel\u00e1n, declarado como Patrimonio Cultural Inmaterial por la Unesco, tenga su casa en la UArtes y junto a este la creaci\u00f3n del ensamble de gamel\u00e1n como parte de la formaci\u00f3n art\u00edstica de las y los estudiantes de la Escuela de Artes Sonoras. Con esto, se fortalecen tambi\u00e9n los lazos entre Ecuador y el pa\u00eds asi\u00e1tico mediante la cooperaci\u00f3n en actividades art\u00edsticas y culturales.<\/p>\n\n\n<div class=\"wp-block-image\">\n<figure class=\"aligncenter size-large\"><img fetchpriority=\"high\" decoding=\"async\" width=\"644\" height=\"429\" src=\"https:\/\/www.uartes.edu.ec\/sitio\/wp-content\/uploads\/2023\/12\/02-GAMELAN-LOJA-644x429.jpg\" alt=\"\" class=\"wp-image-48688\" srcset=\"https:\/\/www.uartes.edu.ec\/sitio\/wp-content\/uploads\/2023\/12\/02-GAMELAN-LOJA-644x429.jpg 644w, https:\/\/www.uartes.edu.ec\/sitio\/wp-content\/uploads\/2023\/12\/02-GAMELAN-LOJA-768x511.jpg 768w, https:\/\/www.uartes.edu.ec\/sitio\/wp-content\/uploads\/2023\/12\/02-GAMELAN-LOJA.jpg 2000w, https:\/\/www.uartes.edu.ec\/sitio\/wp-content\/uploads\/2023\/12\/02-GAMELAN-LOJA-600x399.jpg 600w, https:\/\/www.uartes.edu.ec\/sitio\/wp-content\/uploads\/2023\/12\/02-GAMELAN-LOJA-272x182.jpg 272w\" sizes=\"(max-width: 644px) 100vw, 644px\" \/><\/figure>\n<\/div>\n\n\n<p>Los ensambles de gamel\u00e1n y marimba que participaron en el recorrido lo conforman estudiantes del primero al cuarto semestre de la carrera de Artes Musicales de la Escuela de Artes Sonoras. Contaron con la direcci\u00f3n del profesor Ngadimin de Indonesia y el docente UArtes Orlin Monta\u00f1o, respectivamente; con ellos, el graduado y administrativo de la EAS, Dario D\u00e1valos, y la directora de Relaciones Internacionales UArtes, Susan Togra.<\/p>\n\n\n\n<p>El tour del gamel\u00e1n y de la marimba consisti\u00f3 en cuatro conciertos: los dos primeros en el marco del Festival de Artes Vivas de Loja y dos m\u00e1s como parte del evento gastron\u00f3mico y cultural \u201cEmerald of the Equator\u201d. Nuestras y nuestros estudiantes compartieron escenario con artistas de Indonesia, como Tri Novita Sari, Kadek Puspasari y Cristohpe Moure, y Camila Rosero de Ecuador. Como repertorio se prepararon diez canciones interpretadas por el ensamble. Los conciertos tambi\u00e9n contaron con danza tradicional de Indonesia.<\/p>\n\n\n<div class=\"wp-block-image\">\n<figure class=\"aligncenter size-large\"><img decoding=\"async\" width=\"644\" height=\"429\" src=\"https:\/\/www.uartes.edu.ec\/sitio\/wp-content\/uploads\/2023\/12\/03-GAMELAN-LOJA-644x429.jpg\" alt=\"\" class=\"wp-image-48689\" srcset=\"https:\/\/www.uartes.edu.ec\/sitio\/wp-content\/uploads\/2023\/12\/03-GAMELAN-LOJA-644x429.jpg 644w, https:\/\/www.uartes.edu.ec\/sitio\/wp-content\/uploads\/2023\/12\/03-GAMELAN-LOJA-768x511.jpg 768w, https:\/\/www.uartes.edu.ec\/sitio\/wp-content\/uploads\/2023\/12\/03-GAMELAN-LOJA.jpg 2000w, https:\/\/www.uartes.edu.ec\/sitio\/wp-content\/uploads\/2023\/12\/03-GAMELAN-LOJA-600x399.jpg 600w, https:\/\/www.uartes.edu.ec\/sitio\/wp-content\/uploads\/2023\/12\/03-GAMELAN-LOJA-272x182.jpg 272w\" sizes=\"(max-width: 644px) 100vw, 644px\" \/><\/figure>\n<\/div>\n\n\n<p>En su intervenci\u00f3n en Loja, la directora de Relaciones Internacionales UArtes mencion\u00f3 que \u201c\u2026dentro de nuestro plan de internacionalizaci\u00f3n est\u00e1 no solo fomentar intercambios acad\u00e9micos de nuestros estudiantes en instituciones de educaci\u00f3n superior en el exterior, sino tambi\u00e9n que nuestros estudiantes tengan cercan\u00eda a otras culturales y que sean m\u00fasicos integrales, conocedores de la cultura local, latinoamericana y del mundo\u201d. Susan Togra indic\u00f3, adem\u00e1s, que una de las metas conjuntas es ofrecer el mismo concierto en Indonesia.<\/p>\n\n\n\n<p>\u201cEl intercambio de patrimonios corresponde a un modelo pedag\u00f3gico de la Escuela de Artes Sonoras, en el que se pone en valor las m\u00fasicas propias de cada naci\u00f3n\u201d, enfatiz\u00f3 el doctor Andrey Astaiza, director de la EAS. A\u00f1adi\u00f3 que \u201ceste intercambio no solo se limita a una movilidad, sino de obra. Nuestro inter\u00e9s es que el repertorio ecuatoriano y latinoamericano se escuche en Indonesia. Es una manera de tener un acercamiento archipiel\u00e1gico con culturas hermanas\u201d.<\/p>\n\n\n<div class=\"wp-block-image\">\n<figure class=\"aligncenter size-large\"><img decoding=\"async\" width=\"644\" height=\"429\" src=\"https:\/\/www.uartes.edu.ec\/sitio\/wp-content\/uploads\/2023\/12\/04-GAMELAN-LOJA-644x429.jpg\" alt=\"\" class=\"wp-image-48690\" srcset=\"https:\/\/www.uartes.edu.ec\/sitio\/wp-content\/uploads\/2023\/12\/04-GAMELAN-LOJA-644x429.jpg 644w, https:\/\/www.uartes.edu.ec\/sitio\/wp-content\/uploads\/2023\/12\/04-GAMELAN-LOJA-768x511.jpg 768w, https:\/\/www.uartes.edu.ec\/sitio\/wp-content\/uploads\/2023\/12\/04-GAMELAN-LOJA.jpg 2000w, https:\/\/www.uartes.edu.ec\/sitio\/wp-content\/uploads\/2023\/12\/04-GAMELAN-LOJA-600x399.jpg 600w, https:\/\/www.uartes.edu.ec\/sitio\/wp-content\/uploads\/2023\/12\/04-GAMELAN-LOJA-272x182.jpg 272w\" sizes=\"(max-width: 644px) 100vw, 644px\" \/><\/figure>\n<\/div>\n\n\n<p>Con esto, precis\u00f3 el docente y m\u00fasico instrumentista con amplia trayectoria, la Escuela de Artes Sonoras \u201cpone en evidencia su inter\u00e9s de internacionalizar sus programas y de establecer una cercan\u00eda con Asia\u201d.<\/p>\n\n\n\n<p>El Festival Internacional de Artes Vivas es considerado uno de los encuentros m\u00e1s importantes del pa\u00eds. En este 2023 lleg\u00f3 a su octava edici\u00f3n con una celebraci\u00f3n llena de eventos\u00a0culturales, c\u00edvicos, militares y art\u00edsticos por los 203 a\u00f1os de independencia de Loja.<\/p>\n\n\n\n<p>Tras las presentaciones en el FIAV, la siguiente parada fue Cajas y Cuenca. El tour del gamel\u00e1n y de la marimba finaliz\u00f3 con un concierto en el MZ14 Centro de Producci\u00f3n e Innovaci\u00f3n UArtes, efectuado este mi\u00e9rcoles 29 de noviembre.<\/p>\n\n\n<div class=\"wp-block-image\">\n<figure class=\"aligncenter size-large\"><img loading=\"lazy\" decoding=\"async\" width=\"644\" height=\"429\" src=\"https:\/\/www.uartes.edu.ec\/sitio\/wp-content\/uploads\/2023\/12\/05-GAMELAN-LOJA-644x429.jpg\" alt=\"\" class=\"wp-image-48691\" srcset=\"https:\/\/www.uartes.edu.ec\/sitio\/wp-content\/uploads\/2023\/12\/05-GAMELAN-LOJA-644x429.jpg 644w, https:\/\/www.uartes.edu.ec\/sitio\/wp-content\/uploads\/2023\/12\/05-GAMELAN-LOJA-768x511.jpg 768w, https:\/\/www.uartes.edu.ec\/sitio\/wp-content\/uploads\/2023\/12\/05-GAMELAN-LOJA.jpg 2000w, https:\/\/www.uartes.edu.ec\/sitio\/wp-content\/uploads\/2023\/12\/05-GAMELAN-LOJA-600x399.jpg 600w, https:\/\/www.uartes.edu.ec\/sitio\/wp-content\/uploads\/2023\/12\/05-GAMELAN-LOJA-272x182.jpg 272w\" sizes=\"(max-width: 644px) 100vw, 644px\" \/><\/figure>\n<\/div>","protected":false},"excerpt":{"rendered":"<p>Los ensambles de gamel\u00e1n y marimba, conformados por estudiantes de la Escuela de Artes Sonoras y dirigidos por el profesor indonesio Ngadimin y el docente UArtes Orlin Monta\u00f1o, respectivamente, se escucharon en el Festival Internacional de Artes Vivas de Loja y tambi\u00e9n en Cuenca como parte de un tour concebido en conjunto por la UArtes y la Embajada de Indonesia. <\/p>","protected":false},"author":10,"featured_media":48687,"comment_status":"open","ping_status":"open","sticky":false,"template":"","format":"standard","meta":{"_acf_changed":false,"_uag_custom_page_level_css":"","_monsterinsights_skip_tracking":false,"_monsterinsights_sitenote_active":false,"_monsterinsights_sitenote_note":"","_monsterinsights_sitenote_category":0,"cybocfi_hide_featured_image":"","footnotes":""},"categories":[80,82,150,75,76,77,79],"tags":[279],"infouartes":[],"class_list":["post-48683","post","type-post","status-publish","format-standard","has-post-thumbnail","hentry","category-academico","category-artes","category-artes-sonoras","category-docentes","category-estudiantes","category-gestion","category-vinculo","tag-relaciones-internacionales"],"acf":[],"yoast_head":"<!-- This site is optimized with the Yoast SEO plugin v27.4 - https:\/\/yoast.com\/product\/yoast-seo-wordpress\/ -->\n<title>Universidad de las Artes - Ensambles de gamel\u00e1n y marimba en Loja y Cuenca por acciones conjuntas de UArtes y Embajada de Indonesia<\/title>\n<meta name=\"description\" content=\"Universidad de las Artes - Ensambles de gamel\u00e1n y marimba en Loja y Cuenca por acciones conjuntas de UArtes y Embajada de Indonesia\" \/>\n<meta name=\"robots\" content=\"index, follow, max-snippet:-1, max-image-preview:large, max-video-preview:-1\" \/>\n<link rel=\"canonical\" href=\"https:\/\/www.uartes.edu.ec\/sitio\/fr\/blog\/2023\/12\/01\/trabajo-conjunto-de-la-uartes-y-la-embajada-de-indonesia-propicio-tour-gamelan-y-marimba\/\" \/>\n<meta property=\"og:locale\" content=\"fr_FR\" \/>\n<meta property=\"og:type\" content=\"article\" \/>\n<meta property=\"og:title\" content=\"Universidad de las Artes - Ensambles de gamel\u00e1n y marimba en Loja y Cuenca por acciones conjuntas de UArtes y Embajada de Indonesia\" \/>\n<meta property=\"og:description\" content=\"Universidad de las Artes - Ensambles de gamel\u00e1n y marimba en Loja y Cuenca por acciones conjuntas de UArtes y Embajada de Indonesia\" \/>\n<meta property=\"og:url\" content=\"https:\/\/www.uartes.edu.ec\/sitio\/fr\/blog\/2023\/12\/01\/trabajo-conjunto-de-la-uartes-y-la-embajada-de-indonesia-propicio-tour-gamelan-y-marimba\/\" \/>\n<meta property=\"og:site_name\" content=\"Universidad de las Artes\" \/>\n<meta property=\"article:publisher\" content=\"https:\/\/www.facebook.com\/uartesec\" \/>\n<meta property=\"article:published_time\" content=\"2023-12-01T14:41:50+00:00\" \/>\n<meta property=\"article:modified_time\" content=\"2024-07-04T16:20:22+00:00\" \/>\n<meta property=\"og:image\" content=\"https:\/\/www.uartes.edu.ec\/sitio\/wp-content\/uploads\/2023\/12\/01-GAMELAN-LOJA.jpg\" \/>\n\t<meta property=\"og:image:width\" content=\"2000\" \/>\n\t<meta property=\"og:image:height\" content=\"1333\" \/>\n\t<meta property=\"og:image:type\" content=\"image\/jpeg\" \/>\n<meta name=\"author\" content=\"ccortez\" \/>\n<meta name=\"twitter:card\" content=\"summary_large_image\" \/>\n<meta name=\"twitter:creator\" content=\"@uartesec\" \/>\n<meta name=\"twitter:site\" content=\"@uartesec\" \/>\n<meta name=\"twitter:label1\" content=\"\u00c9crit par\" \/>\n\t<meta name=\"twitter:data1\" content=\"ccortez\" \/>\n\t<meta name=\"twitter:label2\" content=\"Dur\u00e9e de lecture estim\u00e9e\" \/>\n\t<meta name=\"twitter:data2\" content=\"3 minutes\" \/>\n<script type=\"application\/ld+json\" class=\"yoast-schema-graph\">{\"@context\":\"https:\\\/\\\/schema.org\",\"@graph\":[{\"@type\":\"Article\",\"@id\":\"https:\\\/\\\/www.uartes.edu.ec\\\/sitio\\\/fr\\\/blog\\\/2023\\\/12\\\/01\\\/trabajo-conjunto-de-la-uartes-y-la-embajada-de-indonesia-propicio-tour-gamelan-y-marimba\\\/#article\",\"isPartOf\":{\"@id\":\"https:\\\/\\\/www.uartes.edu.ec\\\/sitio\\\/fr\\\/blog\\\/2023\\\/12\\\/01\\\/trabajo-conjunto-de-la-uartes-y-la-embajada-de-indonesia-propicio-tour-gamelan-y-marimba\\\/\"},\"author\":{\"name\":\"ccortez\",\"@id\":\"https:\\\/\\\/www.uartes.edu.ec\\\/sitio\\\/fr\\\/#\\\/schema\\\/person\\\/efa1b8275797664fd7f13a79ccc0b1f4\"},\"headline\":\"Ensambles de gamel\u00e1n y marimba en Loja y Cuenca por acciones conjuntas de UArtes y Embajada de Indonesia\",\"datePublished\":\"2023-12-01T14:41:50+00:00\",\"dateModified\":\"2024-07-04T16:20:22+00:00\",\"mainEntityOfPage\":{\"@id\":\"https:\\\/\\\/www.uartes.edu.ec\\\/sitio\\\/fr\\\/blog\\\/2023\\\/12\\\/01\\\/trabajo-conjunto-de-la-uartes-y-la-embajada-de-indonesia-propicio-tour-gamelan-y-marimba\\\/\"},\"wordCount\":629,\"commentCount\":0,\"publisher\":{\"@id\":\"https:\\\/\\\/www.uartes.edu.ec\\\/sitio\\\/fr\\\/#organization\"},\"image\":{\"@id\":\"https:\\\/\\\/www.uartes.edu.ec\\\/sitio\\\/fr\\\/blog\\\/2023\\\/12\\\/01\\\/trabajo-conjunto-de-la-uartes-y-la-embajada-de-indonesia-propicio-tour-gamelan-y-marimba\\\/#primaryimage\"},\"thumbnailUrl\":\"https:\\\/\\\/www.uartes.edu.ec\\\/sitio\\\/wp-content\\\/uploads\\\/2023\\\/12\\\/01-GAMELAN-LOJA.jpg\",\"keywords\":[\"relaciones internacionales\"],\"articleSection\":[\"Acad\u00e9mico\",\"Artes\",\"Artes Sonoras\",\"Docentes\",\"Estudiantes\",\"Gesti\u00f3n\",\"V\u00ednculo\"],\"inLanguage\":\"fr-FR\",\"potentialAction\":[{\"@type\":\"CommentAction\",\"name\":\"Comment\",\"target\":[\"https:\\\/\\\/www.uartes.edu.ec\\\/sitio\\\/fr\\\/blog\\\/2023\\\/12\\\/01\\\/trabajo-conjunto-de-la-uartes-y-la-embajada-de-indonesia-propicio-tour-gamelan-y-marimba\\\/#respond\"]}]},{\"@type\":[\"WebPage\",\"ItemPage\"],\"@id\":\"https:\\\/\\\/www.uartes.edu.ec\\\/sitio\\\/fr\\\/blog\\\/2023\\\/12\\\/01\\\/trabajo-conjunto-de-la-uartes-y-la-embajada-de-indonesia-propicio-tour-gamelan-y-marimba\\\/\",\"url\":\"https:\\\/\\\/www.uartes.edu.ec\\\/sitio\\\/fr\\\/blog\\\/2023\\\/12\\\/01\\\/trabajo-conjunto-de-la-uartes-y-la-embajada-de-indonesia-propicio-tour-gamelan-y-marimba\\\/\",\"name\":\"Universidad de las Artes - Ensambles de gamel\u00e1n y marimba en Loja y Cuenca por acciones conjuntas de UArtes y Embajada de Indonesia\",\"isPartOf\":{\"@id\":\"https:\\\/\\\/www.uartes.edu.ec\\\/sitio\\\/fr\\\/#website\"},\"primaryImageOfPage\":{\"@id\":\"https:\\\/\\\/www.uartes.edu.ec\\\/sitio\\\/fr\\\/blog\\\/2023\\\/12\\\/01\\\/trabajo-conjunto-de-la-uartes-y-la-embajada-de-indonesia-propicio-tour-gamelan-y-marimba\\\/#primaryimage\"},\"image\":{\"@id\":\"https:\\\/\\\/www.uartes.edu.ec\\\/sitio\\\/fr\\\/blog\\\/2023\\\/12\\\/01\\\/trabajo-conjunto-de-la-uartes-y-la-embajada-de-indonesia-propicio-tour-gamelan-y-marimba\\\/#primaryimage\"},\"thumbnailUrl\":\"https:\\\/\\\/www.uartes.edu.ec\\\/sitio\\\/wp-content\\\/uploads\\\/2023\\\/12\\\/01-GAMELAN-LOJA.jpg\",\"datePublished\":\"2023-12-01T14:41:50+00:00\",\"dateModified\":\"2024-07-04T16:20:22+00:00\",\"description\":\"Universidad de las Artes - Ensambles de gamel\u00e1n y marimba en Loja y Cuenca por acciones conjuntas de UArtes y Embajada de Indonesia\",\"breadcrumb\":{\"@id\":\"https:\\\/\\\/www.uartes.edu.ec\\\/sitio\\\/fr\\\/blog\\\/2023\\\/12\\\/01\\\/trabajo-conjunto-de-la-uartes-y-la-embajada-de-indonesia-propicio-tour-gamelan-y-marimba\\\/#breadcrumb\"},\"inLanguage\":\"fr-FR\",\"potentialAction\":[{\"@type\":\"ReadAction\",\"target\":[\"https:\\\/\\\/www.uartes.edu.ec\\\/sitio\\\/fr\\\/blog\\\/2023\\\/12\\\/01\\\/trabajo-conjunto-de-la-uartes-y-la-embajada-de-indonesia-propicio-tour-gamelan-y-marimba\\\/\"]}]},{\"@type\":\"ImageObject\",\"inLanguage\":\"fr-FR\",\"@id\":\"https:\\\/\\\/www.uartes.edu.ec\\\/sitio\\\/fr\\\/blog\\\/2023\\\/12\\\/01\\\/trabajo-conjunto-de-la-uartes-y-la-embajada-de-indonesia-propicio-tour-gamelan-y-marimba\\\/#primaryimage\",\"url\":\"https:\\\/\\\/www.uartes.edu.ec\\\/sitio\\\/wp-content\\\/uploads\\\/2023\\\/12\\\/01-GAMELAN-LOJA.jpg\",\"contentUrl\":\"https:\\\/\\\/www.uartes.edu.ec\\\/sitio\\\/wp-content\\\/uploads\\\/2023\\\/12\\\/01-GAMELAN-LOJA.jpg\",\"width\":2000,\"height\":1333},{\"@type\":\"BreadcrumbList\",\"@id\":\"https:\\\/\\\/www.uartes.edu.ec\\\/sitio\\\/fr\\\/blog\\\/2023\\\/12\\\/01\\\/trabajo-conjunto-de-la-uartes-y-la-embajada-de-indonesia-propicio-tour-gamelan-y-marimba\\\/#breadcrumb\",\"itemListElement\":[{\"@type\":\"ListItem\",\"position\":1,\"name\":\"Inicio\",\"item\":\"https:\\\/\\\/www.uartes.edu.ec\\\/sitio\\\/\"},{\"@type\":\"ListItem\",\"position\":2,\"name\":\"Ensambles de gamel\u00e1n y marimba en Loja y Cuenca por acciones conjuntas de UArtes y Embajada de Indonesia\"}]},{\"@type\":\"WebSite\",\"@id\":\"https:\\\/\\\/www.uartes.edu.ec\\\/sitio\\\/fr\\\/#website\",\"url\":\"https:\\\/\\\/www.uartes.edu.ec\\\/sitio\\\/fr\\\/\",\"name\":\"Universidad de las Artes\",\"description\":\"Sitio oficial de la Universidad Nacional de las Artes del Ecuador\",\"publisher\":{\"@id\":\"https:\\\/\\\/www.uartes.edu.ec\\\/sitio\\\/fr\\\/#organization\"},\"potentialAction\":[{\"@type\":\"SearchAction\",\"target\":{\"@type\":\"EntryPoint\",\"urlTemplate\":\"https:\\\/\\\/www.uartes.edu.ec\\\/sitio\\\/fr\\\/?s={search_term_string}\"},\"query-input\":{\"@type\":\"PropertyValueSpecification\",\"valueRequired\":true,\"valueName\":\"search_term_string\"}}],\"inLanguage\":\"fr-FR\"},{\"@type\":\"Organization\",\"@id\":\"https:\\\/\\\/www.uartes.edu.ec\\\/sitio\\\/fr\\\/#organization\",\"name\":\"Universidad de las Artes\",\"url\":\"https:\\\/\\\/www.uartes.edu.ec\\\/sitio\\\/fr\\\/\",\"logo\":{\"@type\":\"ImageObject\",\"inLanguage\":\"fr-FR\",\"@id\":\"https:\\\/\\\/www.uartes.edu.ec\\\/sitio\\\/fr\\\/#\\\/schema\\\/logo\\\/image\\\/\",\"url\":\"https:\\\/\\\/www.uartes.edu.ec\\\/sitio\\\/wp-content\\\/uploads\\\/2022\\\/07\\\/logo-ua-horizontal.png\",\"contentUrl\":\"https:\\\/\\\/www.uartes.edu.ec\\\/sitio\\\/wp-content\\\/uploads\\\/2022\\\/07\\\/logo-ua-horizontal.png\",\"width\":800,\"height\":276,\"caption\":\"Universidad de las Artes\"},\"image\":{\"@id\":\"https:\\\/\\\/www.uartes.edu.ec\\\/sitio\\\/fr\\\/#\\\/schema\\\/logo\\\/image\\\/\"},\"sameAs\":[\"https:\\\/\\\/www.facebook.com\\\/uartesec\",\"https:\\\/\\\/x.com\\\/uartesec\",\"https:\\\/\\\/www.tiktok.com\\\/@uartesec\"]},{\"@type\":\"Person\",\"@id\":\"https:\\\/\\\/www.uartes.edu.ec\\\/sitio\\\/fr\\\/#\\\/schema\\\/person\\\/efa1b8275797664fd7f13a79ccc0b1f4\",\"name\":\"ccortez\",\"image\":{\"@type\":\"ImageObject\",\"inLanguage\":\"fr-FR\",\"@id\":\"https:\\\/\\\/secure.gravatar.com\\\/avatar\\\/b2a6f664a3ae8e074346ef91775736c5ec479e637ecced6842de9dc98b5da9cd?s=96&d=mm&r=g\",\"url\":\"https:\\\/\\\/secure.gravatar.com\\\/avatar\\\/b2a6f664a3ae8e074346ef91775736c5ec479e637ecced6842de9dc98b5da9cd?s=96&d=mm&r=g\",\"contentUrl\":\"https:\\\/\\\/secure.gravatar.com\\\/avatar\\\/b2a6f664a3ae8e074346ef91775736c5ec479e637ecced6842de9dc98b5da9cd?s=96&d=mm&r=g\",\"caption\":\"ccortez\"},\"url\":\"https:\\\/\\\/www.uartes.edu.ec\\\/sitio\\\/fr\\\/blog\\\/author\\\/ccortez\\\/\"}]}<\/script>\n<!-- \/ Yoast SEO plugin. -->","yoast_head_json":{"title":"Universidad de las Artes - Ensambles de gamel\u00e1n y marimba en Loja y Cuenca por acciones conjuntas de UArtes y Embajada de Indonesia","description":"Universidad de las Artes - Ensambles de gamel\u00e1n y marimba en Loja y Cuenca por acciones conjuntas de UArtes y Embajada de Indonesia","robots":{"index":"index","follow":"follow","max-snippet":"max-snippet:-1","max-image-preview":"max-image-preview:large","max-video-preview":"max-video-preview:-1"},"canonical":"https:\/\/www.uartes.edu.ec\/sitio\/fr\/blog\/2023\/12\/01\/trabajo-conjunto-de-la-uartes-y-la-embajada-de-indonesia-propicio-tour-gamelan-y-marimba\/","og_locale":"fr_FR","og_type":"article","og_title":"Universidad de las Artes - Ensambles de gamel\u00e1n y marimba en Loja y Cuenca por acciones conjuntas de UArtes y Embajada de Indonesia","og_description":"Universidad de las Artes - Ensambles de gamel\u00e1n y marimba en Loja y Cuenca por acciones conjuntas de UArtes y Embajada de Indonesia","og_url":"https:\/\/www.uartes.edu.ec\/sitio\/fr\/blog\/2023\/12\/01\/trabajo-conjunto-de-la-uartes-y-la-embajada-de-indonesia-propicio-tour-gamelan-y-marimba\/","og_site_name":"Universidad de las Artes","article_publisher":"https:\/\/www.facebook.com\/uartesec","article_published_time":"2023-12-01T14:41:50+00:00","article_modified_time":"2024-07-04T16:20:22+00:00","og_image":[{"width":2000,"height":1333,"url":"https:\/\/www.uartes.edu.ec\/sitio\/wp-content\/uploads\/2023\/12\/01-GAMELAN-LOJA.jpg","type":"image\/jpeg"}],"author":"ccortez","twitter_card":"summary_large_image","twitter_creator":"@uartesec","twitter_site":"@uartesec","twitter_misc":{"\u00c9crit par":"ccortez","Dur\u00e9e de lecture estim\u00e9e":"3 minutes"},"schema":{"@context":"https:\/\/schema.org","@graph":[{"@type":"Article","@id":"https:\/\/www.uartes.edu.ec\/sitio\/fr\/blog\/2023\/12\/01\/trabajo-conjunto-de-la-uartes-y-la-embajada-de-indonesia-propicio-tour-gamelan-y-marimba\/#article","isPartOf":{"@id":"https:\/\/www.uartes.edu.ec\/sitio\/fr\/blog\/2023\/12\/01\/trabajo-conjunto-de-la-uartes-y-la-embajada-de-indonesia-propicio-tour-gamelan-y-marimba\/"},"author":{"name":"ccortez","@id":"https:\/\/www.uartes.edu.ec\/sitio\/fr\/#\/schema\/person\/efa1b8275797664fd7f13a79ccc0b1f4"},"headline":"Ensambles de gamel\u00e1n y marimba en Loja y Cuenca por acciones conjuntas de UArtes y Embajada de Indonesia","datePublished":"2023-12-01T14:41:50+00:00","dateModified":"2024-07-04T16:20:22+00:00","mainEntityOfPage":{"@id":"https:\/\/www.uartes.edu.ec\/sitio\/fr\/blog\/2023\/12\/01\/trabajo-conjunto-de-la-uartes-y-la-embajada-de-indonesia-propicio-tour-gamelan-y-marimba\/"},"wordCount":629,"commentCount":0,"publisher":{"@id":"https:\/\/www.uartes.edu.ec\/sitio\/fr\/#organization"},"image":{"@id":"https:\/\/www.uartes.edu.ec\/sitio\/fr\/blog\/2023\/12\/01\/trabajo-conjunto-de-la-uartes-y-la-embajada-de-indonesia-propicio-tour-gamelan-y-marimba\/#primaryimage"},"thumbnailUrl":"https:\/\/www.uartes.edu.ec\/sitio\/wp-content\/uploads\/2023\/12\/01-GAMELAN-LOJA.jpg","keywords":["relaciones internacionales"],"articleSection":["Acad\u00e9mico","Artes","Artes Sonoras","Docentes","Estudiantes","Gesti\u00f3n","V\u00ednculo"],"inLanguage":"fr-FR","potentialAction":[{"@type":"CommentAction","name":"Comment","target":["https:\/\/www.uartes.edu.ec\/sitio\/fr\/blog\/2023\/12\/01\/trabajo-conjunto-de-la-uartes-y-la-embajada-de-indonesia-propicio-tour-gamelan-y-marimba\/#respond"]}]},{"@type":["WebPage","ItemPage"],"@id":"https:\/\/www.uartes.edu.ec\/sitio\/fr\/blog\/2023\/12\/01\/trabajo-conjunto-de-la-uartes-y-la-embajada-de-indonesia-propicio-tour-gamelan-y-marimba\/","url":"https:\/\/www.uartes.edu.ec\/sitio\/fr\/blog\/2023\/12\/01\/trabajo-conjunto-de-la-uartes-y-la-embajada-de-indonesia-propicio-tour-gamelan-y-marimba\/","name":"Universidad de las Artes - Ensambles de gamel\u00e1n y marimba en Loja y Cuenca por acciones conjuntas de UArtes y Embajada de Indonesia","isPartOf":{"@id":"https:\/\/www.uartes.edu.ec\/sitio\/fr\/#website"},"primaryImageOfPage":{"@id":"https:\/\/www.uartes.edu.ec\/sitio\/fr\/blog\/2023\/12\/01\/trabajo-conjunto-de-la-uartes-y-la-embajada-de-indonesia-propicio-tour-gamelan-y-marimba\/#primaryimage"},"image":{"@id":"https:\/\/www.uartes.edu.ec\/sitio\/fr\/blog\/2023\/12\/01\/trabajo-conjunto-de-la-uartes-y-la-embajada-de-indonesia-propicio-tour-gamelan-y-marimba\/#primaryimage"},"thumbnailUrl":"https:\/\/www.uartes.edu.ec\/sitio\/wp-content\/uploads\/2023\/12\/01-GAMELAN-LOJA.jpg","datePublished":"2023-12-01T14:41:50+00:00","dateModified":"2024-07-04T16:20:22+00:00","description":"Universidad de las Artes - Ensambles de gamel\u00e1n y marimba en Loja y Cuenca por acciones conjuntas de UArtes y Embajada de Indonesia","breadcrumb":{"@id":"https:\/\/www.uartes.edu.ec\/sitio\/fr\/blog\/2023\/12\/01\/trabajo-conjunto-de-la-uartes-y-la-embajada-de-indonesia-propicio-tour-gamelan-y-marimba\/#breadcrumb"},"inLanguage":"fr-FR","potentialAction":[{"@type":"ReadAction","target":["https:\/\/www.uartes.edu.ec\/sitio\/fr\/blog\/2023\/12\/01\/trabajo-conjunto-de-la-uartes-y-la-embajada-de-indonesia-propicio-tour-gamelan-y-marimba\/"]}]},{"@type":"ImageObject","inLanguage":"fr-FR","@id":"https:\/\/www.uartes.edu.ec\/sitio\/fr\/blog\/2023\/12\/01\/trabajo-conjunto-de-la-uartes-y-la-embajada-de-indonesia-propicio-tour-gamelan-y-marimba\/#primaryimage","url":"https:\/\/www.uartes.edu.ec\/sitio\/wp-content\/uploads\/2023\/12\/01-GAMELAN-LOJA.jpg","contentUrl":"https:\/\/www.uartes.edu.ec\/sitio\/wp-content\/uploads\/2023\/12\/01-GAMELAN-LOJA.jpg","width":2000,"height":1333},{"@type":"BreadcrumbList","@id":"https:\/\/www.uartes.edu.ec\/sitio\/fr\/blog\/2023\/12\/01\/trabajo-conjunto-de-la-uartes-y-la-embajada-de-indonesia-propicio-tour-gamelan-y-marimba\/#breadcrumb","itemListElement":[{"@type":"ListItem","position":1,"name":"Inicio","item":"https:\/\/www.uartes.edu.ec\/sitio\/"},{"@type":"ListItem","position":2,"name":"Ensambles de gamel\u00e1n y marimba en Loja y Cuenca por acciones conjuntas de UArtes y Embajada de Indonesia"}]},{"@type":"WebSite","@id":"https:\/\/www.uartes.edu.ec\/sitio\/fr\/#website","url":"https:\/\/www.uartes.edu.ec\/sitio\/fr\/","name":"Universidad de las Artes","description":"Sitio oficial de la Universidad Nacional de las Artes del Ecuador","publisher":{"@id":"https:\/\/www.uartes.edu.ec\/sitio\/fr\/#organization"},"potentialAction":[{"@type":"SearchAction","target":{"@type":"EntryPoint","urlTemplate":"https:\/\/www.uartes.edu.ec\/sitio\/fr\/?s={search_term_string}"},"query-input":{"@type":"PropertyValueSpecification","valueRequired":true,"valueName":"search_term_string"}}],"inLanguage":"fr-FR"},{"@type":"Organization","@id":"https:\/\/www.uartes.edu.ec\/sitio\/fr\/#organization","name":"Universidad de las Artes","url":"https:\/\/www.uartes.edu.ec\/sitio\/fr\/","logo":{"@type":"ImageObject","inLanguage":"fr-FR","@id":"https:\/\/www.uartes.edu.ec\/sitio\/fr\/#\/schema\/logo\/image\/","url":"https:\/\/www.uartes.edu.ec\/sitio\/wp-content\/uploads\/2022\/07\/logo-ua-horizontal.png","contentUrl":"https:\/\/www.uartes.edu.ec\/sitio\/wp-content\/uploads\/2022\/07\/logo-ua-horizontal.png","width":800,"height":276,"caption":"Universidad de las Artes"},"image":{"@id":"https:\/\/www.uartes.edu.ec\/sitio\/fr\/#\/schema\/logo\/image\/"},"sameAs":["https:\/\/www.facebook.com\/uartesec","https:\/\/x.com\/uartesec","https:\/\/www.tiktok.com\/@uartesec"]},{"@type":"Person","@id":"https:\/\/www.uartes.edu.ec\/sitio\/fr\/#\/schema\/person\/efa1b8275797664fd7f13a79ccc0b1f4","name":"ccortez","image":{"@type":"ImageObject","inLanguage":"fr-FR","@id":"https:\/\/secure.gravatar.com\/avatar\/b2a6f664a3ae8e074346ef91775736c5ec479e637ecced6842de9dc98b5da9cd?s=96&d=mm&r=g","url":"https:\/\/secure.gravatar.com\/avatar\/b2a6f664a3ae8e074346ef91775736c5ec479e637ecced6842de9dc98b5da9cd?s=96&d=mm&r=g","contentUrl":"https:\/\/secure.gravatar.com\/avatar\/b2a6f664a3ae8e074346ef91775736c5ec479e637ecced6842de9dc98b5da9cd?s=96&d=mm&r=g","caption":"ccortez"},"url":"https:\/\/www.uartes.edu.ec\/sitio\/fr\/blog\/author\/ccortez\/"}]}},"uagb_featured_image_src":{"full":["https:\/\/www.uartes.edu.ec\/sitio\/wp-content\/uploads\/2023\/12\/01-GAMELAN-LOJA.jpg",2000,1333,false],"thumbnail":["https:\/\/www.uartes.edu.ec\/sitio\/wp-content\/uploads\/2023\/12\/01-GAMELAN-LOJA-150x150.jpg",150,150,true],"medium":["https:\/\/www.uartes.edu.ec\/sitio\/wp-content\/uploads\/2023\/12\/01-GAMELAN-LOJA-300x200.jpg",300,200,true],"medium_large":["https:\/\/www.uartes.edu.ec\/sitio\/wp-content\/uploads\/2023\/12\/01-GAMELAN-LOJA-768x512.jpg",768,512,true],"large":["https:\/\/www.uartes.edu.ec\/sitio\/wp-content\/uploads\/2023\/12\/01-GAMELAN-LOJA-644x429.jpg",644,429,true],"1536x1536":["https:\/\/www.uartes.edu.ec\/sitio\/wp-content\/uploads\/2023\/12\/01-GAMELAN-LOJA-1536x1024.jpg",1536,1024,true],"2048x2048":["https:\/\/www.uartes.edu.ec\/sitio\/wp-content\/uploads\/2023\/12\/01-GAMELAN-LOJA.jpg",2000,1333,false],"trp-custom-language-flag":["https:\/\/www.uartes.edu.ec\/sitio\/wp-content\/uploads\/2023\/12\/01-GAMELAN-LOJA.jpg",18,12,false],"htmega_size_585x295":["https:\/\/www.uartes.edu.ec\/sitio\/wp-content\/uploads\/2023\/12\/01-GAMELAN-LOJA-585x295.jpg",585,295,true],"htmega_size_1170x536":["https:\/\/www.uartes.edu.ec\/sitio\/wp-content\/uploads\/2023\/12\/01-GAMELAN-LOJA-1170x536.jpg",1170,536,true],"htmega_size_396x360":["https:\/\/www.uartes.edu.ec\/sitio\/wp-content\/uploads\/2023\/12\/01-GAMELAN-LOJA-396x360.jpg",396,360,true],"gb-block-post-grid-landscape":["https:\/\/www.uartes.edu.ec\/sitio\/wp-content\/uploads\/2023\/12\/01-GAMELAN-LOJA-600x400.jpg",600,400,true],"gb-block-post-grid-square":["https:\/\/www.uartes.edu.ec\/sitio\/wp-content\/uploads\/2023\/12\/01-GAMELAN-LOJA-600x600.jpg",600,600,true],"university-hub-thumb":["https:\/\/www.uartes.edu.ec\/sitio\/wp-content\/uploads\/2023\/12\/01-GAMELAN-LOJA-400x267.jpg",400,267,true],"mailpoet_newsletter_max":["https:\/\/www.uartes.edu.ec\/sitio\/wp-content\/uploads\/2023\/12\/01-GAMELAN-LOJA.jpg",1320,880,false]},"uagb_author_info":{"display_name":"ccortez","author_link":"https:\/\/www.uartes.edu.ec\/sitio\/fr\/blog\/author\/ccortez\/"},"uagb_comment_info":0,"uagb_excerpt":"Los ensambles de gamel\u00e1n y marimba, conformados por estudiantes de la Escuela de Artes Sonoras y dirigidos por el profesor indonesio Ngadimin y el docente UArtes Orlin Monta\u00f1o, respectivamente, se escucharon en el Festival Internacional de Artes Vivas de Loja y tambi\u00e9n en Cuenca como parte de un tour concebido en conjunto por la UArtes\u2026","featured_image_src":"https:\/\/www.uartes.edu.ec\/sitio\/wp-content\/uploads\/2023\/12\/01-GAMELAN-LOJA-600x400.jpg","featured_image_src_square":"https:\/\/www.uartes.edu.ec\/sitio\/wp-content\/uploads\/2023\/12\/01-GAMELAN-LOJA-600x600.jpg","author_info":{"display_name":"ccortez","author_link":"https:\/\/www.uartes.edu.ec\/sitio\/fr\/blog\/author\/ccortez\/"},"publishpress_future_workflow_manual_trigger":{"enabledWorkflows":[]},"distributor_meta":false,"distributor_terms":false,"distributor_media":false,"distributor_original_site_name":"Universidad de las Artes","distributor_original_site_url":"https:\/\/www.uartes.edu.ec\/sitio\/fr","push-errors":false,"_links":{"self":[{"href":"https:\/\/www.uartes.edu.ec\/sitio\/fr\/wp-json\/wp\/v2\/posts\/48683","targetHints":{"allow":["GET"]}}],"collection":[{"href":"https:\/\/www.uartes.edu.ec\/sitio\/fr\/wp-json\/wp\/v2\/posts"}],"about":[{"href":"https:\/\/www.uartes.edu.ec\/sitio\/fr\/wp-json\/wp\/v2\/types\/post"}],"author":[{"embeddable":true,"href":"https:\/\/www.uartes.edu.ec\/sitio\/fr\/wp-json\/wp\/v2\/users\/10"}],"replies":[{"embeddable":true,"href":"https:\/\/www.uartes.edu.ec\/sitio\/fr\/wp-json\/wp\/v2\/comments?post=48683"}],"version-history":[{"count":5,"href":"https:\/\/www.uartes.edu.ec\/sitio\/fr\/wp-json\/wp\/v2\/posts\/48683\/revisions"}],"predecessor-version":[{"id":48699,"href":"https:\/\/www.uartes.edu.ec\/sitio\/fr\/wp-json\/wp\/v2\/posts\/48683\/revisions\/48699"}],"wp:featuredmedia":[{"embeddable":true,"href":"https:\/\/www.uartes.edu.ec\/sitio\/fr\/wp-json\/wp\/v2\/media\/48687"}],"wp:attachment":[{"href":"https:\/\/www.uartes.edu.ec\/sitio\/fr\/wp-json\/wp\/v2\/media?parent=48683"}],"wp:term":[{"taxonomy":"category","embeddable":true,"href":"https:\/\/www.uartes.edu.ec\/sitio\/fr\/wp-json\/wp\/v2\/categories?post=48683"},{"taxonomy":"post_tag","embeddable":true,"href":"https:\/\/www.uartes.edu.ec\/sitio\/fr\/wp-json\/wp\/v2\/tags?post=48683"},{"taxonomy":"infouartes","embeddable":true,"href":"https:\/\/www.uartes.edu.ec\/sitio\/fr\/wp-json\/wp\/v2\/infouartes?post=48683"}],"curies":[{"name":"wp","href":"https:\/\/api.w.org\/{rel}","templated":true}]}}