{"id":48719,"date":"2023-11-30T14:52:00","date_gmt":"2023-11-30T19:52:00","guid":{"rendered":"https:\/\/www.uartes.edu.ec\/sitio\/?p=48719"},"modified":"2025-08-07T12:08:26","modified_gmt":"2025-08-07T17:08:26","slug":"premio-joaquin-gallegos-lara-para-fiebre-de-carnaval-de-alumnus-y-funcionaria-yuliana-ortiz","status":"publish","type":"post","link":"https:\/\/www.uartes.edu.ec\/sitio\/fr\/blog\/2023\/11\/30\/premio-joaquin-gallegos-lara-para-fiebre-de-carnaval-de-alumnus-y-funcionaria-yuliana-ortiz\/","title":{"rendered":"Premio Joaqu\u00edn Gallegos Lara para Yuliana Ortiz por \u201cFiebre de carnaval\u201d"},"content":{"rendered":"<p>La escritora Yuliana Ortiz Ruano, graduada y funcionaria UArtes, obtuvo el Premio Joaqu\u00edn Gallegos Lara, categor\u00eda novela, por \u201cFiebre de carnaval\u201d. El reconocimiento en menci\u00f3n corresponde a los Premios Municipales para las Artes y las Ciencias que se otorgan a las mejores obras intelectuales, creaciones y producciones culturales del Ecuador con motivo del D\u00eda de la Interculturalidad Quite\u00f1a, el 1 de diciembre de cada a\u00f1o.<\/p>\n\n\n<div class=\"wp-block-image\">\n<figure class=\"aligncenter size-large\"><img fetchpriority=\"high\" decoding=\"async\" width=\"644\" height=\"429\" src=\"https:\/\/www.uartes.edu.ec\/sitio\/wp-content\/uploads\/2023\/12\/YULIANA-ORTIZ-WEB-2-644x429.jpg\" alt=\"\" class=\"wp-image-48721\" srcset=\"https:\/\/www.uartes.edu.ec\/sitio\/wp-content\/uploads\/2023\/12\/YULIANA-ORTIZ-WEB-2-644x429.jpg 644w, https:\/\/www.uartes.edu.ec\/sitio\/wp-content\/uploads\/2023\/12\/YULIANA-ORTIZ-WEB-2-768x511.jpg 768w, https:\/\/www.uartes.edu.ec\/sitio\/wp-content\/uploads\/2023\/12\/YULIANA-ORTIZ-WEB-2.jpg 2000w, https:\/\/www.uartes.edu.ec\/sitio\/wp-content\/uploads\/2023\/12\/YULIANA-ORTIZ-WEB-2-600x399.jpg 600w, https:\/\/www.uartes.edu.ec\/sitio\/wp-content\/uploads\/2023\/12\/YULIANA-ORTIZ-WEB-2-272x182.jpg 272w\" sizes=\"(max-width: 644px) 100vw, 644px\" \/><\/figure>\n<\/div>\n\n\n<p>Son 21 las categor\u00edas que tienen los Premios Municipales, para los cuales en este a\u00f1o se postularon 276 obras. El acto de entrega de estos reconocimientos culturales, art\u00edsticos, cient\u00edficos y educativos tendr\u00e1 lugar ma\u00f1ana, viernes 1 de diciembre de 2023, a las 18:30. en el Centro Cultural Itchimb\u00eda.<\/p>\n\n\n\n<p>Junto con la obra de Yuliana Ortiz, la autora Mar\u00eda Auxiliadora Balladares, quien ha colaborado con el programa de maestr\u00eda de Escritura Creativa de la UArtes, gan\u00f3 el Premio Jorge Carrera Andrade, en la categor\u00eda poes\u00eda,&nbsp;por \u201cAcantile duerme piloto\u201d, su cuarto poemario.<\/p>","protected":false},"excerpt":{"rendered":"<p>La escritora Yuliana Ortiz Ruano, graduada y funcionaria UArtes, obtuvo el Premio Joaqu\u00edn Gallegos Lara, categor\u00eda novela, por \u201cFiebre de carnaval\u201d. El reconocimiento corresponde a los Premios Municipales para las Artes y las Ciencias que se otorgan a las mejores obras intelectuales, creaciones y producciones culturales del Ecuador con motivo del D\u00eda de la Interculturalidad Quite\u00f1a, el 1 de diciembre de cada a\u00f1o.<\/p>","protected":false},"author":10,"featured_media":48720,"comment_status":"open","ping_status":"open","sticky":false,"template":"","format":"standard","meta":{"_acf_changed":false,"_uag_custom_page_level_css":"","_monsterinsights_skip_tracking":false,"_monsterinsights_sitenote_active":false,"_monsterinsights_sitenote_note":"","_monsterinsights_sitenote_category":0,"cybocfi_hide_featured_image":"","footnotes":""},"categories":[490,82,77],"tags":[],"infouartes":[],"class_list":["post-48719","post","type-post","status-publish","format-standard","has-post-thumbnail","hentry","category-alumni","category-artes","category-gestion"],"acf":[],"yoast_head":"<!-- This site is optimized with the Yoast SEO plugin v27.4 - https:\/\/yoast.com\/product\/yoast-seo-wordpress\/ -->\n<title>Universidad de las Artes - Premio Joaqu\u00edn Gallegos Lara para Yuliana Ortiz por \u201cFiebre de carnaval\u201d<\/title>\n<meta name=\"description\" content=\"Universidad de las Artes - Premio Joaqu\u00edn Gallegos Lara para Yuliana Ortiz por \u201cFiebre de carnaval\u201d\" \/>\n<meta name=\"robots\" content=\"index, follow, max-snippet:-1, max-image-preview:large, max-video-preview:-1\" \/>\n<link rel=\"canonical\" href=\"https:\/\/www.uartes.edu.ec\/sitio\/fr\/blog\/2023\/11\/30\/premio-joaquin-gallegos-lara-para-fiebre-de-carnaval-de-alumnus-y-funcionaria-yuliana-ortiz\/\" \/>\n<meta property=\"og:locale\" content=\"fr_FR\" \/>\n<meta property=\"og:type\" content=\"article\" \/>\n<meta property=\"og:title\" content=\"Universidad de las Artes - Premio Joaqu\u00edn Gallegos Lara para Yuliana Ortiz por \u201cFiebre de carnaval\u201d\" \/>\n<meta property=\"og:description\" content=\"Universidad de las Artes - Premio Joaqu\u00edn Gallegos Lara para Yuliana Ortiz por \u201cFiebre de carnaval\u201d\" \/>\n<meta property=\"og:url\" content=\"https:\/\/www.uartes.edu.ec\/sitio\/fr\/blog\/2023\/11\/30\/premio-joaquin-gallegos-lara-para-fiebre-de-carnaval-de-alumnus-y-funcionaria-yuliana-ortiz\/\" \/>\n<meta property=\"og:site_name\" content=\"Universidad de las Artes\" \/>\n<meta property=\"article:publisher\" content=\"https:\/\/www.facebook.com\/uartesec\" \/>\n<meta property=\"article:published_time\" content=\"2023-11-30T19:52:00+00:00\" \/>\n<meta property=\"article:modified_time\" content=\"2025-08-07T17:08:26+00:00\" \/>\n<meta property=\"og:image\" content=\"https:\/\/www.uartes.edu.ec\/sitio\/wp-content\/uploads\/2023\/12\/YULIANA-ORTIZ-WEB.jpg\" \/>\n\t<meta property=\"og:image:width\" content=\"2000\" \/>\n\t<meta property=\"og:image:height\" content=\"1333\" \/>\n\t<meta property=\"og:image:type\" content=\"image\/jpeg\" \/>\n<meta name=\"author\" content=\"ccortez\" \/>\n<meta name=\"twitter:card\" content=\"summary_large_image\" \/>\n<meta name=\"twitter:creator\" content=\"@uartesec\" \/>\n<meta name=\"twitter:site\" content=\"@uartesec\" \/>\n<meta name=\"twitter:label1\" content=\"\u00c9crit par\" \/>\n\t<meta name=\"twitter:data1\" content=\"ccortez\" \/>\n\t<meta name=\"twitter:label2\" content=\"Dur\u00e9e de lecture estim\u00e9e\" \/>\n\t<meta name=\"twitter:data2\" content=\"1 minute\" \/>\n<script type=\"application\/ld+json\" class=\"yoast-schema-graph\">{\"@context\":\"https:\\\/\\\/schema.org\",\"@graph\":[{\"@type\":\"Article\",\"@id\":\"https:\\\/\\\/www.uartes.edu.ec\\\/sitio\\\/fr\\\/blog\\\/2023\\\/11\\\/30\\\/premio-joaquin-gallegos-lara-para-fiebre-de-carnaval-de-alumnus-y-funcionaria-yuliana-ortiz\\\/#article\",\"isPartOf\":{\"@id\":\"https:\\\/\\\/www.uartes.edu.ec\\\/sitio\\\/fr\\\/blog\\\/2023\\\/11\\\/30\\\/premio-joaquin-gallegos-lara-para-fiebre-de-carnaval-de-alumnus-y-funcionaria-yuliana-ortiz\\\/\"},\"author\":{\"name\":\"ccortez\",\"@id\":\"https:\\\/\\\/www.uartes.edu.ec\\\/sitio\\\/fr\\\/#\\\/schema\\\/person\\\/efa1b8275797664fd7f13a79ccc0b1f4\"},\"headline\":\"Premio Joaqu\u00edn Gallegos Lara para Yuliana Ortiz por \u201cFiebre de carnaval\u201d\",\"datePublished\":\"2023-11-30T19:52:00+00:00\",\"dateModified\":\"2025-08-07T17:08:26+00:00\",\"mainEntityOfPage\":{\"@id\":\"https:\\\/\\\/www.uartes.edu.ec\\\/sitio\\\/fr\\\/blog\\\/2023\\\/11\\\/30\\\/premio-joaquin-gallegos-lara-para-fiebre-de-carnaval-de-alumnus-y-funcionaria-yuliana-ortiz\\\/\"},\"wordCount\":179,\"commentCount\":0,\"publisher\":{\"@id\":\"https:\\\/\\\/www.uartes.edu.ec\\\/sitio\\\/fr\\\/#organization\"},\"image\":{\"@id\":\"https:\\\/\\\/www.uartes.edu.ec\\\/sitio\\\/fr\\\/blog\\\/2023\\\/11\\\/30\\\/premio-joaquin-gallegos-lara-para-fiebre-de-carnaval-de-alumnus-y-funcionaria-yuliana-ortiz\\\/#primaryimage\"},\"thumbnailUrl\":\"https:\\\/\\\/www.uartes.edu.ec\\\/sitio\\\/wp-content\\\/uploads\\\/2023\\\/12\\\/YULIANA-ORTIZ-WEB.jpg\",\"articleSection\":[\"Alumni\",\"Artes\",\"Gesti\u00f3n\"],\"inLanguage\":\"fr-FR\",\"potentialAction\":[{\"@type\":\"CommentAction\",\"name\":\"Comment\",\"target\":[\"https:\\\/\\\/www.uartes.edu.ec\\\/sitio\\\/fr\\\/blog\\\/2023\\\/11\\\/30\\\/premio-joaquin-gallegos-lara-para-fiebre-de-carnaval-de-alumnus-y-funcionaria-yuliana-ortiz\\\/#respond\"]}]},{\"@type\":[\"WebPage\",\"ItemPage\"],\"@id\":\"https:\\\/\\\/www.uartes.edu.ec\\\/sitio\\\/fr\\\/blog\\\/2023\\\/11\\\/30\\\/premio-joaquin-gallegos-lara-para-fiebre-de-carnaval-de-alumnus-y-funcionaria-yuliana-ortiz\\\/\",\"url\":\"https:\\\/\\\/www.uartes.edu.ec\\\/sitio\\\/fr\\\/blog\\\/2023\\\/11\\\/30\\\/premio-joaquin-gallegos-lara-para-fiebre-de-carnaval-de-alumnus-y-funcionaria-yuliana-ortiz\\\/\",\"name\":\"Universidad de las Artes - Premio Joaqu\u00edn Gallegos Lara para Yuliana Ortiz por \u201cFiebre de carnaval\u201d\",\"isPartOf\":{\"@id\":\"https:\\\/\\\/www.uartes.edu.ec\\\/sitio\\\/fr\\\/#website\"},\"primaryImageOfPage\":{\"@id\":\"https:\\\/\\\/www.uartes.edu.ec\\\/sitio\\\/fr\\\/blog\\\/2023\\\/11\\\/30\\\/premio-joaquin-gallegos-lara-para-fiebre-de-carnaval-de-alumnus-y-funcionaria-yuliana-ortiz\\\/#primaryimage\"},\"image\":{\"@id\":\"https:\\\/\\\/www.uartes.edu.ec\\\/sitio\\\/fr\\\/blog\\\/2023\\\/11\\\/30\\\/premio-joaquin-gallegos-lara-para-fiebre-de-carnaval-de-alumnus-y-funcionaria-yuliana-ortiz\\\/#primaryimage\"},\"thumbnailUrl\":\"https:\\\/\\\/www.uartes.edu.ec\\\/sitio\\\/wp-content\\\/uploads\\\/2023\\\/12\\\/YULIANA-ORTIZ-WEB.jpg\",\"datePublished\":\"2023-11-30T19:52:00+00:00\",\"dateModified\":\"2025-08-07T17:08:26+00:00\",\"description\":\"Universidad de las Artes - Premio Joaqu\u00edn Gallegos Lara para Yuliana Ortiz por \u201cFiebre de carnaval\u201d\",\"breadcrumb\":{\"@id\":\"https:\\\/\\\/www.uartes.edu.ec\\\/sitio\\\/fr\\\/blog\\\/2023\\\/11\\\/30\\\/premio-joaquin-gallegos-lara-para-fiebre-de-carnaval-de-alumnus-y-funcionaria-yuliana-ortiz\\\/#breadcrumb\"},\"inLanguage\":\"fr-FR\",\"potentialAction\":[{\"@type\":\"ReadAction\",\"target\":[\"https:\\\/\\\/www.uartes.edu.ec\\\/sitio\\\/fr\\\/blog\\\/2023\\\/11\\\/30\\\/premio-joaquin-gallegos-lara-para-fiebre-de-carnaval-de-alumnus-y-funcionaria-yuliana-ortiz\\\/\"]}]},{\"@type\":\"ImageObject\",\"inLanguage\":\"fr-FR\",\"@id\":\"https:\\\/\\\/www.uartes.edu.ec\\\/sitio\\\/fr\\\/blog\\\/2023\\\/11\\\/30\\\/premio-joaquin-gallegos-lara-para-fiebre-de-carnaval-de-alumnus-y-funcionaria-yuliana-ortiz\\\/#primaryimage\",\"url\":\"https:\\\/\\\/www.uartes.edu.ec\\\/sitio\\\/wp-content\\\/uploads\\\/2023\\\/12\\\/YULIANA-ORTIZ-WEB.jpg\",\"contentUrl\":\"https:\\\/\\\/www.uartes.edu.ec\\\/sitio\\\/wp-content\\\/uploads\\\/2023\\\/12\\\/YULIANA-ORTIZ-WEB.jpg\",\"width\":2000,\"height\":1333},{\"@type\":\"BreadcrumbList\",\"@id\":\"https:\\\/\\\/www.uartes.edu.ec\\\/sitio\\\/fr\\\/blog\\\/2023\\\/11\\\/30\\\/premio-joaquin-gallegos-lara-para-fiebre-de-carnaval-de-alumnus-y-funcionaria-yuliana-ortiz\\\/#breadcrumb\",\"itemListElement\":[{\"@type\":\"ListItem\",\"position\":1,\"name\":\"Inicio\",\"item\":\"https:\\\/\\\/www.uartes.edu.ec\\\/sitio\\\/\"},{\"@type\":\"ListItem\",\"position\":2,\"name\":\"Premio Joaqu\u00edn Gallegos Lara para Yuliana Ortiz por \u201cFiebre de carnaval\u201d\"}]},{\"@type\":\"WebSite\",\"@id\":\"https:\\\/\\\/www.uartes.edu.ec\\\/sitio\\\/fr\\\/#website\",\"url\":\"https:\\\/\\\/www.uartes.edu.ec\\\/sitio\\\/fr\\\/\",\"name\":\"Universidad de las Artes\",\"description\":\"Sitio oficial de la Universidad Nacional de las Artes del Ecuador\",\"publisher\":{\"@id\":\"https:\\\/\\\/www.uartes.edu.ec\\\/sitio\\\/fr\\\/#organization\"},\"potentialAction\":[{\"@type\":\"SearchAction\",\"target\":{\"@type\":\"EntryPoint\",\"urlTemplate\":\"https:\\\/\\\/www.uartes.edu.ec\\\/sitio\\\/fr\\\/?s={search_term_string}\"},\"query-input\":{\"@type\":\"PropertyValueSpecification\",\"valueRequired\":true,\"valueName\":\"search_term_string\"}}],\"inLanguage\":\"fr-FR\"},{\"@type\":\"Organization\",\"@id\":\"https:\\\/\\\/www.uartes.edu.ec\\\/sitio\\\/fr\\\/#organization\",\"name\":\"Universidad de las Artes\",\"url\":\"https:\\\/\\\/www.uartes.edu.ec\\\/sitio\\\/fr\\\/\",\"logo\":{\"@type\":\"ImageObject\",\"inLanguage\":\"fr-FR\",\"@id\":\"https:\\\/\\\/www.uartes.edu.ec\\\/sitio\\\/fr\\\/#\\\/schema\\\/logo\\\/image\\\/\",\"url\":\"https:\\\/\\\/www.uartes.edu.ec\\\/sitio\\\/wp-content\\\/uploads\\\/2022\\\/07\\\/logo-ua-horizontal.png\",\"contentUrl\":\"https:\\\/\\\/www.uartes.edu.ec\\\/sitio\\\/wp-content\\\/uploads\\\/2022\\\/07\\\/logo-ua-horizontal.png\",\"width\":800,\"height\":276,\"caption\":\"Universidad de las Artes\"},\"image\":{\"@id\":\"https:\\\/\\\/www.uartes.edu.ec\\\/sitio\\\/fr\\\/#\\\/schema\\\/logo\\\/image\\\/\"},\"sameAs\":[\"https:\\\/\\\/www.facebook.com\\\/uartesec\",\"https:\\\/\\\/x.com\\\/uartesec\",\"https:\\\/\\\/www.tiktok.com\\\/@uartesec\"]},{\"@type\":\"Person\",\"@id\":\"https:\\\/\\\/www.uartes.edu.ec\\\/sitio\\\/fr\\\/#\\\/schema\\\/person\\\/efa1b8275797664fd7f13a79ccc0b1f4\",\"name\":\"ccortez\",\"image\":{\"@type\":\"ImageObject\",\"inLanguage\":\"fr-FR\",\"@id\":\"https:\\\/\\\/secure.gravatar.com\\\/avatar\\\/b2a6f664a3ae8e074346ef91775736c5ec479e637ecced6842de9dc98b5da9cd?s=96&d=mm&r=g\",\"url\":\"https:\\\/\\\/secure.gravatar.com\\\/avatar\\\/b2a6f664a3ae8e074346ef91775736c5ec479e637ecced6842de9dc98b5da9cd?s=96&d=mm&r=g\",\"contentUrl\":\"https:\\\/\\\/secure.gravatar.com\\\/avatar\\\/b2a6f664a3ae8e074346ef91775736c5ec479e637ecced6842de9dc98b5da9cd?s=96&d=mm&r=g\",\"caption\":\"ccortez\"},\"url\":\"https:\\\/\\\/www.uartes.edu.ec\\\/sitio\\\/fr\\\/blog\\\/author\\\/ccortez\\\/\"}]}<\/script>\n<!-- \/ Yoast SEO plugin. -->","yoast_head_json":{"title":"Universidad de las Artes - Premio Joaqu\u00edn Gallegos Lara para Yuliana Ortiz por \u201cFiebre de carnaval\u201d","description":"Universidad de las Artes - Premio Joaqu\u00edn Gallegos Lara para Yuliana Ortiz por \u201cFiebre de carnaval\u201d","robots":{"index":"index","follow":"follow","max-snippet":"max-snippet:-1","max-image-preview":"max-image-preview:large","max-video-preview":"max-video-preview:-1"},"canonical":"https:\/\/www.uartes.edu.ec\/sitio\/fr\/blog\/2023\/11\/30\/premio-joaquin-gallegos-lara-para-fiebre-de-carnaval-de-alumnus-y-funcionaria-yuliana-ortiz\/","og_locale":"fr_FR","og_type":"article","og_title":"Universidad de las Artes - Premio Joaqu\u00edn Gallegos Lara para Yuliana Ortiz por \u201cFiebre de carnaval\u201d","og_description":"Universidad de las Artes - Premio Joaqu\u00edn Gallegos Lara para Yuliana Ortiz por \u201cFiebre de carnaval\u201d","og_url":"https:\/\/www.uartes.edu.ec\/sitio\/fr\/blog\/2023\/11\/30\/premio-joaquin-gallegos-lara-para-fiebre-de-carnaval-de-alumnus-y-funcionaria-yuliana-ortiz\/","og_site_name":"Universidad de las Artes","article_publisher":"https:\/\/www.facebook.com\/uartesec","article_published_time":"2023-11-30T19:52:00+00:00","article_modified_time":"2025-08-07T17:08:26+00:00","og_image":[{"width":2000,"height":1333,"url":"https:\/\/www.uartes.edu.ec\/sitio\/wp-content\/uploads\/2023\/12\/YULIANA-ORTIZ-WEB.jpg","type":"image\/jpeg"}],"author":"ccortez","twitter_card":"summary_large_image","twitter_creator":"@uartesec","twitter_site":"@uartesec","twitter_misc":{"\u00c9crit par":"ccortez","Dur\u00e9e de lecture estim\u00e9e":"1 minute"},"schema":{"@context":"https:\/\/schema.org","@graph":[{"@type":"Article","@id":"https:\/\/www.uartes.edu.ec\/sitio\/fr\/blog\/2023\/11\/30\/premio-joaquin-gallegos-lara-para-fiebre-de-carnaval-de-alumnus-y-funcionaria-yuliana-ortiz\/#article","isPartOf":{"@id":"https:\/\/www.uartes.edu.ec\/sitio\/fr\/blog\/2023\/11\/30\/premio-joaquin-gallegos-lara-para-fiebre-de-carnaval-de-alumnus-y-funcionaria-yuliana-ortiz\/"},"author":{"name":"ccortez","@id":"https:\/\/www.uartes.edu.ec\/sitio\/fr\/#\/schema\/person\/efa1b8275797664fd7f13a79ccc0b1f4"},"headline":"Premio Joaqu\u00edn Gallegos Lara para Yuliana Ortiz por \u201cFiebre de carnaval\u201d","datePublished":"2023-11-30T19:52:00+00:00","dateModified":"2025-08-07T17:08:26+00:00","mainEntityOfPage":{"@id":"https:\/\/www.uartes.edu.ec\/sitio\/fr\/blog\/2023\/11\/30\/premio-joaquin-gallegos-lara-para-fiebre-de-carnaval-de-alumnus-y-funcionaria-yuliana-ortiz\/"},"wordCount":179,"commentCount":0,"publisher":{"@id":"https:\/\/www.uartes.edu.ec\/sitio\/fr\/#organization"},"image":{"@id":"https:\/\/www.uartes.edu.ec\/sitio\/fr\/blog\/2023\/11\/30\/premio-joaquin-gallegos-lara-para-fiebre-de-carnaval-de-alumnus-y-funcionaria-yuliana-ortiz\/#primaryimage"},"thumbnailUrl":"https:\/\/www.uartes.edu.ec\/sitio\/wp-content\/uploads\/2023\/12\/YULIANA-ORTIZ-WEB.jpg","articleSection":["Alumni","Artes","Gesti\u00f3n"],"inLanguage":"fr-FR","potentialAction":[{"@type":"CommentAction","name":"Comment","target":["https:\/\/www.uartes.edu.ec\/sitio\/fr\/blog\/2023\/11\/30\/premio-joaquin-gallegos-lara-para-fiebre-de-carnaval-de-alumnus-y-funcionaria-yuliana-ortiz\/#respond"]}]},{"@type":["WebPage","ItemPage"],"@id":"https:\/\/www.uartes.edu.ec\/sitio\/fr\/blog\/2023\/11\/30\/premio-joaquin-gallegos-lara-para-fiebre-de-carnaval-de-alumnus-y-funcionaria-yuliana-ortiz\/","url":"https:\/\/www.uartes.edu.ec\/sitio\/fr\/blog\/2023\/11\/30\/premio-joaquin-gallegos-lara-para-fiebre-de-carnaval-de-alumnus-y-funcionaria-yuliana-ortiz\/","name":"Universidad de las Artes - Premio Joaqu\u00edn Gallegos Lara para Yuliana Ortiz por \u201cFiebre de carnaval\u201d","isPartOf":{"@id":"https:\/\/www.uartes.edu.ec\/sitio\/fr\/#website"},"primaryImageOfPage":{"@id":"https:\/\/www.uartes.edu.ec\/sitio\/fr\/blog\/2023\/11\/30\/premio-joaquin-gallegos-lara-para-fiebre-de-carnaval-de-alumnus-y-funcionaria-yuliana-ortiz\/#primaryimage"},"image":{"@id":"https:\/\/www.uartes.edu.ec\/sitio\/fr\/blog\/2023\/11\/30\/premio-joaquin-gallegos-lara-para-fiebre-de-carnaval-de-alumnus-y-funcionaria-yuliana-ortiz\/#primaryimage"},"thumbnailUrl":"https:\/\/www.uartes.edu.ec\/sitio\/wp-content\/uploads\/2023\/12\/YULIANA-ORTIZ-WEB.jpg","datePublished":"2023-11-30T19:52:00+00:00","dateModified":"2025-08-07T17:08:26+00:00","description":"Universidad de las Artes - Premio Joaqu\u00edn Gallegos Lara para Yuliana Ortiz por \u201cFiebre de carnaval\u201d","breadcrumb":{"@id":"https:\/\/www.uartes.edu.ec\/sitio\/fr\/blog\/2023\/11\/30\/premio-joaquin-gallegos-lara-para-fiebre-de-carnaval-de-alumnus-y-funcionaria-yuliana-ortiz\/#breadcrumb"},"inLanguage":"fr-FR","potentialAction":[{"@type":"ReadAction","target":["https:\/\/www.uartes.edu.ec\/sitio\/fr\/blog\/2023\/11\/30\/premio-joaquin-gallegos-lara-para-fiebre-de-carnaval-de-alumnus-y-funcionaria-yuliana-ortiz\/"]}]},{"@type":"ImageObject","inLanguage":"fr-FR","@id":"https:\/\/www.uartes.edu.ec\/sitio\/fr\/blog\/2023\/11\/30\/premio-joaquin-gallegos-lara-para-fiebre-de-carnaval-de-alumnus-y-funcionaria-yuliana-ortiz\/#primaryimage","url":"https:\/\/www.uartes.edu.ec\/sitio\/wp-content\/uploads\/2023\/12\/YULIANA-ORTIZ-WEB.jpg","contentUrl":"https:\/\/www.uartes.edu.ec\/sitio\/wp-content\/uploads\/2023\/12\/YULIANA-ORTIZ-WEB.jpg","width":2000,"height":1333},{"@type":"BreadcrumbList","@id":"https:\/\/www.uartes.edu.ec\/sitio\/fr\/blog\/2023\/11\/30\/premio-joaquin-gallegos-lara-para-fiebre-de-carnaval-de-alumnus-y-funcionaria-yuliana-ortiz\/#breadcrumb","itemListElement":[{"@type":"ListItem","position":1,"name":"Inicio","item":"https:\/\/www.uartes.edu.ec\/sitio\/"},{"@type":"ListItem","position":2,"name":"Premio Joaqu\u00edn Gallegos Lara para Yuliana Ortiz por \u201cFiebre de carnaval\u201d"}]},{"@type":"WebSite","@id":"https:\/\/www.uartes.edu.ec\/sitio\/fr\/#website","url":"https:\/\/www.uartes.edu.ec\/sitio\/fr\/","name":"Universidad de las Artes","description":"Sitio oficial de la Universidad Nacional de las Artes del Ecuador","publisher":{"@id":"https:\/\/www.uartes.edu.ec\/sitio\/fr\/#organization"},"potentialAction":[{"@type":"SearchAction","target":{"@type":"EntryPoint","urlTemplate":"https:\/\/www.uartes.edu.ec\/sitio\/fr\/?s={search_term_string}"},"query-input":{"@type":"PropertyValueSpecification","valueRequired":true,"valueName":"search_term_string"}}],"inLanguage":"fr-FR"},{"@type":"Organization","@id":"https:\/\/www.uartes.edu.ec\/sitio\/fr\/#organization","name":"Universidad de las Artes","url":"https:\/\/www.uartes.edu.ec\/sitio\/fr\/","logo":{"@type":"ImageObject","inLanguage":"fr-FR","@id":"https:\/\/www.uartes.edu.ec\/sitio\/fr\/#\/schema\/logo\/image\/","url":"https:\/\/www.uartes.edu.ec\/sitio\/wp-content\/uploads\/2022\/07\/logo-ua-horizontal.png","contentUrl":"https:\/\/www.uartes.edu.ec\/sitio\/wp-content\/uploads\/2022\/07\/logo-ua-horizontal.png","width":800,"height":276,"caption":"Universidad de las Artes"},"image":{"@id":"https:\/\/www.uartes.edu.ec\/sitio\/fr\/#\/schema\/logo\/image\/"},"sameAs":["https:\/\/www.facebook.com\/uartesec","https:\/\/x.com\/uartesec","https:\/\/www.tiktok.com\/@uartesec"]},{"@type":"Person","@id":"https:\/\/www.uartes.edu.ec\/sitio\/fr\/#\/schema\/person\/efa1b8275797664fd7f13a79ccc0b1f4","name":"ccortez","image":{"@type":"ImageObject","inLanguage":"fr-FR","@id":"https:\/\/secure.gravatar.com\/avatar\/b2a6f664a3ae8e074346ef91775736c5ec479e637ecced6842de9dc98b5da9cd?s=96&d=mm&r=g","url":"https:\/\/secure.gravatar.com\/avatar\/b2a6f664a3ae8e074346ef91775736c5ec479e637ecced6842de9dc98b5da9cd?s=96&d=mm&r=g","contentUrl":"https:\/\/secure.gravatar.com\/avatar\/b2a6f664a3ae8e074346ef91775736c5ec479e637ecced6842de9dc98b5da9cd?s=96&d=mm&r=g","caption":"ccortez"},"url":"https:\/\/www.uartes.edu.ec\/sitio\/fr\/blog\/author\/ccortez\/"}]}},"uagb_featured_image_src":{"full":["https:\/\/www.uartes.edu.ec\/sitio\/wp-content\/uploads\/2023\/12\/YULIANA-ORTIZ-WEB.jpg",2000,1333,false],"thumbnail":["https:\/\/www.uartes.edu.ec\/sitio\/wp-content\/uploads\/2023\/12\/YULIANA-ORTIZ-WEB-150x150.jpg",150,150,true],"medium":["https:\/\/www.uartes.edu.ec\/sitio\/wp-content\/uploads\/2023\/12\/YULIANA-ORTIZ-WEB-300x200.jpg",300,200,true],"medium_large":["https:\/\/www.uartes.edu.ec\/sitio\/wp-content\/uploads\/2023\/12\/YULIANA-ORTIZ-WEB-768x512.jpg",768,512,true],"large":["https:\/\/www.uartes.edu.ec\/sitio\/wp-content\/uploads\/2023\/12\/YULIANA-ORTIZ-WEB-644x429.jpg",644,429,true],"1536x1536":["https:\/\/www.uartes.edu.ec\/sitio\/wp-content\/uploads\/2023\/12\/YULIANA-ORTIZ-WEB-1536x1024.jpg",1536,1024,true],"2048x2048":["https:\/\/www.uartes.edu.ec\/sitio\/wp-content\/uploads\/2023\/12\/YULIANA-ORTIZ-WEB.jpg",2000,1333,false],"trp-custom-language-flag":["https:\/\/www.uartes.edu.ec\/sitio\/wp-content\/uploads\/2023\/12\/YULIANA-ORTIZ-WEB.jpg",18,12,false],"htmega_size_585x295":["https:\/\/www.uartes.edu.ec\/sitio\/wp-content\/uploads\/2023\/12\/YULIANA-ORTIZ-WEB-585x295.jpg",585,295,true],"htmega_size_1170x536":["https:\/\/www.uartes.edu.ec\/sitio\/wp-content\/uploads\/2023\/12\/YULIANA-ORTIZ-WEB-1170x536.jpg",1170,536,true],"htmega_size_396x360":["https:\/\/www.uartes.edu.ec\/sitio\/wp-content\/uploads\/2023\/12\/YULIANA-ORTIZ-WEB-396x360.jpg",396,360,true],"gb-block-post-grid-landscape":["https:\/\/www.uartes.edu.ec\/sitio\/wp-content\/uploads\/2023\/12\/YULIANA-ORTIZ-WEB-600x400.jpg",600,400,true],"gb-block-post-grid-square":["https:\/\/www.uartes.edu.ec\/sitio\/wp-content\/uploads\/2023\/12\/YULIANA-ORTIZ-WEB-600x600.jpg",600,600,true],"university-hub-thumb":["https:\/\/www.uartes.edu.ec\/sitio\/wp-content\/uploads\/2023\/12\/YULIANA-ORTIZ-WEB-400x267.jpg",400,267,true],"mailpoet_newsletter_max":["https:\/\/www.uartes.edu.ec\/sitio\/wp-content\/uploads\/2023\/12\/YULIANA-ORTIZ-WEB.jpg",1320,880,false]},"uagb_author_info":{"display_name":"ccortez","author_link":"https:\/\/www.uartes.edu.ec\/sitio\/fr\/blog\/author\/ccortez\/"},"uagb_comment_info":0,"uagb_excerpt":"La escritora Yuliana Ortiz Ruano, graduada y funcionaria UArtes, obtuvo el Premio Joaqu\u00edn Gallegos Lara, categor\u00eda novela, por \u201cFiebre de carnaval\u201d. El reconocimiento corresponde a los Premios Municipales para las Artes y las Ciencias que se otorgan a las mejores obras intelectuales, creaciones y producciones culturales del Ecuador con motivo del D\u00eda de la Interculturalidad\u2026","featured_image_src":"https:\/\/www.uartes.edu.ec\/sitio\/wp-content\/uploads\/2023\/12\/YULIANA-ORTIZ-WEB-600x400.jpg","featured_image_src_square":"https:\/\/www.uartes.edu.ec\/sitio\/wp-content\/uploads\/2023\/12\/YULIANA-ORTIZ-WEB-600x600.jpg","author_info":{"display_name":"ccortez","author_link":"https:\/\/www.uartes.edu.ec\/sitio\/fr\/blog\/author\/ccortez\/"},"publishpress_future_workflow_manual_trigger":{"enabledWorkflows":[]},"distributor_meta":false,"distributor_terms":false,"distributor_media":false,"distributor_original_site_name":"Universidad de las Artes","distributor_original_site_url":"https:\/\/www.uartes.edu.ec\/sitio\/fr","push-errors":false,"_links":{"self":[{"href":"https:\/\/www.uartes.edu.ec\/sitio\/fr\/wp-json\/wp\/v2\/posts\/48719","targetHints":{"allow":["GET"]}}],"collection":[{"href":"https:\/\/www.uartes.edu.ec\/sitio\/fr\/wp-json\/wp\/v2\/posts"}],"about":[{"href":"https:\/\/www.uartes.edu.ec\/sitio\/fr\/wp-json\/wp\/v2\/types\/post"}],"author":[{"embeddable":true,"href":"https:\/\/www.uartes.edu.ec\/sitio\/fr\/wp-json\/wp\/v2\/users\/10"}],"replies":[{"embeddable":true,"href":"https:\/\/www.uartes.edu.ec\/sitio\/fr\/wp-json\/wp\/v2\/comments?post=48719"}],"version-history":[{"count":3,"href":"https:\/\/www.uartes.edu.ec\/sitio\/fr\/wp-json\/wp\/v2\/posts\/48719\/revisions"}],"predecessor-version":[{"id":76497,"href":"https:\/\/www.uartes.edu.ec\/sitio\/fr\/wp-json\/wp\/v2\/posts\/48719\/revisions\/76497"}],"wp:featuredmedia":[{"embeddable":true,"href":"https:\/\/www.uartes.edu.ec\/sitio\/fr\/wp-json\/wp\/v2\/media\/48720"}],"wp:attachment":[{"href":"https:\/\/www.uartes.edu.ec\/sitio\/fr\/wp-json\/wp\/v2\/media?parent=48719"}],"wp:term":[{"taxonomy":"category","embeddable":true,"href":"https:\/\/www.uartes.edu.ec\/sitio\/fr\/wp-json\/wp\/v2\/categories?post=48719"},{"taxonomy":"post_tag","embeddable":true,"href":"https:\/\/www.uartes.edu.ec\/sitio\/fr\/wp-json\/wp\/v2\/tags?post=48719"},{"taxonomy":"infouartes","embeddable":true,"href":"https:\/\/www.uartes.edu.ec\/sitio\/fr\/wp-json\/wp\/v2\/infouartes?post=48719"}],"curies":[{"name":"wp","href":"https:\/\/api.w.org\/{rel}","templated":true}]}}