{"id":48728,"date":"2023-12-01T13:34:38","date_gmt":"2023-12-01T18:34:38","guid":{"rendered":"https:\/\/www.uartes.edu.ec\/sitio\/?p=48728"},"modified":"2024-07-04T11:20:21","modified_gmt":"2024-07-04T16:20:21","slug":"la-colmena-rescata-con-arte-identidad-de-4-comunas-de-ruta-del-spondylus-dirige-el-proyecto-alumnus-jeff-castro","status":"publish","type":"post","link":"https:\/\/www.uartes.edu.ec\/sitio\/fr\/blog\/2023\/12\/01\/la-colmena-rescata-con-arte-identidad-de-4-comunas-de-ruta-del-spondylus-dirige-el-proyecto-alumnus-jeff-castro\/","title":{"rendered":"La Colmena rescata con arte identidad de 4 comunas de Ruta del Spondylus; dirige el proyecto alumnus Jeff Castro"},"content":{"rendered":"<p>Jefferson (Jeff) Castro se gradu\u00f3 en la UArtes en 2019, obteniendo el t\u00edtulo de licenciado en Creaci\u00f3n Teatral, y en tiempos de pandemia fue invitado por Cris Harold, quien tambi\u00e9n estudi\u00f3 en la universidad y luego se dedic\u00f3 al Arte Urbano, a integrarse al proyecto que hab\u00eda creado y que denomin\u00f3 Lachiwana.<\/p>\n\n\n\n<p>Conformado como un colectivo art\u00edstico comunitario multidisciplinario, Lachiwana enfoc\u00f3 su accionar en un proyecto al que denomin\u00f3 La Colmena, nacido en el contexto de la pandemia para propiciar procesos de creaci\u00f3n, educaci\u00f3n y fomento art\u00edstico en muralismo.<\/p>\n\n\n<div class=\"wp-block-image\">\n<figure class=\"aligncenter size-large\"><img fetchpriority=\"high\" decoding=\"async\" width=\"644\" height=\"429\" src=\"https:\/\/www.uartes.edu.ec\/sitio\/wp-content\/uploads\/2023\/12\/02-LA-COLMENA-644x429.jpg\" alt=\"\" class=\"wp-image-48730\" srcset=\"https:\/\/www.uartes.edu.ec\/sitio\/wp-content\/uploads\/2023\/12\/02-LA-COLMENA-644x429.jpg 644w, https:\/\/www.uartes.edu.ec\/sitio\/wp-content\/uploads\/2023\/12\/02-LA-COLMENA-768x511.jpg 768w, https:\/\/www.uartes.edu.ec\/sitio\/wp-content\/uploads\/2023\/12\/02-LA-COLMENA.jpg 2000w, https:\/\/www.uartes.edu.ec\/sitio\/wp-content\/uploads\/2023\/12\/02-LA-COLMENA-600x399.jpg 600w, https:\/\/www.uartes.edu.ec\/sitio\/wp-content\/uploads\/2023\/12\/02-LA-COLMENA-272x182.jpg 272w\" sizes=\"(max-width: 644px) 100vw, 644px\" \/><\/figure>\n<\/div>\n\n\n<p>Con ese enfoque, La Colmena ejecut\u00f3 la realizaci\u00f3n de murales en Ol\u00f3n, obteniendo resultados favorables para la comuna en la parte art\u00edstica, cultural y tur\u00edstica. Y es que, adem\u00e1s de la intervenci\u00f3n en paredes, se establecieron otros cinco objetivos, como talleres formativos dirigidos a adolescentes y ni\u00f1os, a fin de crear semilleros art\u00edsticos que permitir\u00e1n contar con muralistas residentes, y un intercambio de experiencias para que los artistas tengan mayor acercamiento con la realidad cultural y ancestral de cada comuna.<\/p>\n\n\n\n<p>El tercer objetivo es, justamente, la creaci\u00f3n de murales por artistas de relevancia nacional, quienes en base al intercambio de vivencias en sus visitas a las comunas y di\u00e1logo hicieron suyas tem\u00e1ticas ancestralidad y medio ambiente. Tambi\u00e9n, la realizaci\u00f3n de un documental para recoger las experiencias y el proceso de creaci\u00f3n y formaci\u00f3n; la viralizaci\u00f3n, centrada en el uso de las redes sociales y medios convencionales para difundir el proyecto y promover el turismo local y comunitario a partir del desarrollo art\u00edstico y cultural; y la clausura, para poder proyectar el documental y propiciar encuentros art\u00edsticos y entrega de certificados.<\/p>\n\n\n\n<p>El alumnus UArtes comenta que Lachiwana apunt\u00f3 a fondos concursables del Ministerio de Cultura y Patrimonio, los cuales gan\u00f3 y con el apoyo de la empresa privada logr\u00f3 concretar el proyecto La Colmena. Ciento cincuenta artistas se inscribieron para participar y 40 fueron seleccionados de Ecuador y otros cinco de pa\u00edses latinoamericanos para realizar murales no solo en Ol\u00f3n, sino en otras dos comunas de la provincia de Santa Elena: Ayangue y Valdivia, y una de Manab\u00ed: Salango.<\/p>\n\n\n<div class=\"wp-block-image\">\n<figure class=\"aligncenter size-large\"><img decoding=\"async\" width=\"644\" height=\"429\" src=\"https:\/\/www.uartes.edu.ec\/sitio\/wp-content\/uploads\/2023\/12\/04-LA-COLMENA-644x429.jpg\" alt=\"\" class=\"wp-image-48731\" srcset=\"https:\/\/www.uartes.edu.ec\/sitio\/wp-content\/uploads\/2023\/12\/04-LA-COLMENA-644x429.jpg 644w, https:\/\/www.uartes.edu.ec\/sitio\/wp-content\/uploads\/2023\/12\/04-LA-COLMENA-768x511.jpg 768w, https:\/\/www.uartes.edu.ec\/sitio\/wp-content\/uploads\/2023\/12\/04-LA-COLMENA.jpg 2000w, https:\/\/www.uartes.edu.ec\/sitio\/wp-content\/uploads\/2023\/12\/04-LA-COLMENA-600x399.jpg 600w, https:\/\/www.uartes.edu.ec\/sitio\/wp-content\/uploads\/2023\/12\/04-LA-COLMENA-272x182.jpg 272w\" sizes=\"(max-width: 644px) 100vw, 644px\" \/><\/figure>\n<\/div>\n\n\n<p>Para iniciar el proceso creativo de los murales, ellos recorrieron durante dos d\u00edas las comunas, a fin de trasladar a las paredes de viviendas y colegios intervenidos propuestas que reflejen la identidad tur\u00edstica cultural y ancestral de las cuatro localidades que est\u00e1n en la Ruta del Spondylus.<\/p>\n\n\n\n<p>La presentaci\u00f3n y gesti\u00f3n del proyecto se hizo en septiembre, luego se dieron los talleres formativos para la creaci\u00f3n de semilleros de muralistas y el mes pasado se dio inicio al intercambio de experiencias y la realizaci\u00f3n de murales, muchos de los cuales ya est\u00e1n listos. Entre diciembre de 2023 a enero 2024 se realizar\u00e1 la edici\u00f3n del documental y la gesti\u00f3n para el evento de clausura, que est\u00e1 programado para febrero pr\u00f3ximo, con el lanzamiento del audiovisual.<\/p>\n\n\n\n<p>Para Jeff Castro, quien dirige el proyecto, la experiencia ha sido gratificante no solo en lo profesional, sino tambi\u00e9n en lo personal y comparte la sorpresa y el agradecimiento de los comuneros a donde La Colmena ha llegado de ver los cambios, ese antes y despu\u00e9s de paredes \u2013no solo deslucidas, sino vac\u00edas\u2013 que ahora tienen vida y transmiten arte e identidad. Destaca la investigaci\u00f3n previa que realizaron, as\u00ed como el trabajo en territorio. \u201cConversamos con gestores y asociaciones de cada comuna, hicimos el recorrido tur\u00edstico, cultural y ambiental que les permiti\u00f3 a los muralistas concretar sus proyectos creativos\u201d.<\/p>\n\n\n\n<p>Fotos: Cortes\u00eda La Colmena<\/p>","protected":false},"excerpt":{"rendered":"<p>Bajo la direcci\u00f3n de Jefferson (Jeff) Castro, graduado de la carrera de Creaci\u00f3n Teatral de la UArtes, en tres comunas de la provincia de Santa Elena: Ol\u00f3n, Ayangue y Valdivia, y una de Manab\u00ed: Salango, se desarrolla el proyecto La Colmena, el cual consiste en la realizaci\u00f3n de 40 murales, diez en cada localidad, sustentados en tem\u00e1ticas como la identidad, ancestralidad y medio ambiente. Se han desarrollado tambi\u00e9n talleres formativos.<\/p>","protected":false},"author":10,"featured_media":48729,"comment_status":"open","ping_status":"open","sticky":false,"template":"","format":"standard","meta":{"_acf_changed":false,"_uag_custom_page_level_css":"","_monsterinsights_skip_tracking":false,"_monsterinsights_sitenote_active":false,"_monsterinsights_sitenote_note":"","_monsterinsights_sitenote_category":0,"cybocfi_hide_featured_image":"","footnotes":""},"categories":[490,77,284,83,79],"tags":[540],"infouartes":[],"class_list":["post-48728","post","type-post","status-publish","format-standard","has-post-thumbnail","hentry","category-alumni","category-gestion","category-investigacion","category-sedes","category-vinculo","tag-proyecto"],"acf":[],"yoast_head":"<!-- This site is optimized with the Yoast SEO plugin v27.4 - https:\/\/yoast.com\/product\/yoast-seo-wordpress\/ -->\n<title>Universidad de las Artes - La Colmena rescata con arte identidad de 4 comunas de Ruta del Spondylus; dirige el proyecto alumnus Jeff Castro<\/title>\n<meta name=\"description\" content=\"Universidad de las Artes - La Colmena rescata con arte identidad de 4 comunas de Ruta del Spondylus; dirige el proyecto alumnus Jeff Castro\" \/>\n<meta name=\"robots\" content=\"index, follow, max-snippet:-1, max-image-preview:large, max-video-preview:-1\" \/>\n<link rel=\"canonical\" href=\"https:\/\/www.uartes.edu.ec\/sitio\/fr\/blog\/2023\/12\/01\/la-colmena-rescata-con-arte-identidad-de-4-comunas-de-ruta-del-spondylus-dirige-el-proyecto-alumnus-jeff-castro\/\" \/>\n<meta property=\"og:locale\" content=\"fr_FR\" \/>\n<meta property=\"og:type\" content=\"article\" \/>\n<meta property=\"og:title\" content=\"Universidad de las Artes - La Colmena rescata con arte identidad de 4 comunas de Ruta del Spondylus; dirige el proyecto alumnus Jeff Castro\" \/>\n<meta property=\"og:description\" content=\"Universidad de las Artes - La Colmena rescata con arte identidad de 4 comunas de Ruta del Spondylus; dirige el proyecto alumnus Jeff Castro\" \/>\n<meta property=\"og:url\" content=\"https:\/\/www.uartes.edu.ec\/sitio\/fr\/blog\/2023\/12\/01\/la-colmena-rescata-con-arte-identidad-de-4-comunas-de-ruta-del-spondylus-dirige-el-proyecto-alumnus-jeff-castro\/\" \/>\n<meta property=\"og:site_name\" content=\"Universidad de las Artes\" \/>\n<meta property=\"article:publisher\" content=\"https:\/\/www.facebook.com\/uartesec\" \/>\n<meta property=\"article:published_time\" content=\"2023-12-01T18:34:38+00:00\" \/>\n<meta property=\"article:modified_time\" content=\"2024-07-04T16:20:21+00:00\" \/>\n<meta property=\"og:image\" content=\"https:\/\/www.uartes.edu.ec\/sitio\/wp-content\/uploads\/2023\/12\/01-LA-COLMENA.jpg\" \/>\n\t<meta property=\"og:image:width\" content=\"2000\" \/>\n\t<meta property=\"og:image:height\" content=\"1333\" \/>\n\t<meta property=\"og:image:type\" content=\"image\/jpeg\" \/>\n<meta name=\"author\" content=\"ccortez\" \/>\n<meta name=\"twitter:card\" content=\"summary_large_image\" \/>\n<meta name=\"twitter:creator\" content=\"@uartesec\" \/>\n<meta name=\"twitter:site\" content=\"@uartesec\" \/>\n<meta name=\"twitter:label1\" content=\"\u00c9crit par\" \/>\n\t<meta name=\"twitter:data1\" content=\"ccortez\" \/>\n\t<meta name=\"twitter:label2\" content=\"Dur\u00e9e de lecture estim\u00e9e\" \/>\n\t<meta name=\"twitter:data2\" content=\"3 minutes\" \/>\n<script type=\"application\/ld+json\" class=\"yoast-schema-graph\">{\"@context\":\"https:\\\/\\\/schema.org\",\"@graph\":[{\"@type\":\"Article\",\"@id\":\"https:\\\/\\\/www.uartes.edu.ec\\\/sitio\\\/fr\\\/blog\\\/2023\\\/12\\\/01\\\/la-colmena-rescata-con-arte-identidad-de-4-comunas-de-ruta-del-spondylus-dirige-el-proyecto-alumnus-jeff-castro\\\/#article\",\"isPartOf\":{\"@id\":\"https:\\\/\\\/www.uartes.edu.ec\\\/sitio\\\/fr\\\/blog\\\/2023\\\/12\\\/01\\\/la-colmena-rescata-con-arte-identidad-de-4-comunas-de-ruta-del-spondylus-dirige-el-proyecto-alumnus-jeff-castro\\\/\"},\"author\":{\"name\":\"ccortez\",\"@id\":\"https:\\\/\\\/www.uartes.edu.ec\\\/sitio\\\/fr\\\/#\\\/schema\\\/person\\\/efa1b8275797664fd7f13a79ccc0b1f4\"},\"headline\":\"La Colmena rescata con arte identidad de 4 comunas de Ruta del Spondylus; dirige el proyecto alumnus Jeff Castro\",\"datePublished\":\"2023-12-01T18:34:38+00:00\",\"dateModified\":\"2024-07-04T16:20:21+00:00\",\"mainEntityOfPage\":{\"@id\":\"https:\\\/\\\/www.uartes.edu.ec\\\/sitio\\\/fr\\\/blog\\\/2023\\\/12\\\/01\\\/la-colmena-rescata-con-arte-identidad-de-4-comunas-de-ruta-del-spondylus-dirige-el-proyecto-alumnus-jeff-castro\\\/\"},\"wordCount\":635,\"commentCount\":0,\"publisher\":{\"@id\":\"https:\\\/\\\/www.uartes.edu.ec\\\/sitio\\\/fr\\\/#organization\"},\"image\":{\"@id\":\"https:\\\/\\\/www.uartes.edu.ec\\\/sitio\\\/fr\\\/blog\\\/2023\\\/12\\\/01\\\/la-colmena-rescata-con-arte-identidad-de-4-comunas-de-ruta-del-spondylus-dirige-el-proyecto-alumnus-jeff-castro\\\/#primaryimage\"},\"thumbnailUrl\":\"https:\\\/\\\/www.uartes.edu.ec\\\/sitio\\\/wp-content\\\/uploads\\\/2023\\\/12\\\/01-LA-COLMENA.jpg\",\"keywords\":[\"proyecto\"],\"articleSection\":[\"Alumni\",\"Gesti\u00f3n\",\"Investigaci\u00f3n\",\"Sedes\",\"V\u00ednculo\"],\"inLanguage\":\"fr-FR\",\"potentialAction\":[{\"@type\":\"CommentAction\",\"name\":\"Comment\",\"target\":[\"https:\\\/\\\/www.uartes.edu.ec\\\/sitio\\\/fr\\\/blog\\\/2023\\\/12\\\/01\\\/la-colmena-rescata-con-arte-identidad-de-4-comunas-de-ruta-del-spondylus-dirige-el-proyecto-alumnus-jeff-castro\\\/#respond\"]}]},{\"@type\":[\"WebPage\",\"ItemPage\"],\"@id\":\"https:\\\/\\\/www.uartes.edu.ec\\\/sitio\\\/fr\\\/blog\\\/2023\\\/12\\\/01\\\/la-colmena-rescata-con-arte-identidad-de-4-comunas-de-ruta-del-spondylus-dirige-el-proyecto-alumnus-jeff-castro\\\/\",\"url\":\"https:\\\/\\\/www.uartes.edu.ec\\\/sitio\\\/fr\\\/blog\\\/2023\\\/12\\\/01\\\/la-colmena-rescata-con-arte-identidad-de-4-comunas-de-ruta-del-spondylus-dirige-el-proyecto-alumnus-jeff-castro\\\/\",\"name\":\"Universidad de las Artes - La Colmena rescata con arte identidad de 4 comunas de Ruta del Spondylus; dirige el proyecto alumnus Jeff Castro\",\"isPartOf\":{\"@id\":\"https:\\\/\\\/www.uartes.edu.ec\\\/sitio\\\/fr\\\/#website\"},\"primaryImageOfPage\":{\"@id\":\"https:\\\/\\\/www.uartes.edu.ec\\\/sitio\\\/fr\\\/blog\\\/2023\\\/12\\\/01\\\/la-colmena-rescata-con-arte-identidad-de-4-comunas-de-ruta-del-spondylus-dirige-el-proyecto-alumnus-jeff-castro\\\/#primaryimage\"},\"image\":{\"@id\":\"https:\\\/\\\/www.uartes.edu.ec\\\/sitio\\\/fr\\\/blog\\\/2023\\\/12\\\/01\\\/la-colmena-rescata-con-arte-identidad-de-4-comunas-de-ruta-del-spondylus-dirige-el-proyecto-alumnus-jeff-castro\\\/#primaryimage\"},\"thumbnailUrl\":\"https:\\\/\\\/www.uartes.edu.ec\\\/sitio\\\/wp-content\\\/uploads\\\/2023\\\/12\\\/01-LA-COLMENA.jpg\",\"datePublished\":\"2023-12-01T18:34:38+00:00\",\"dateModified\":\"2024-07-04T16:20:21+00:00\",\"description\":\"Universidad de las Artes - La Colmena rescata con arte identidad de 4 comunas de Ruta del Spondylus; dirige el proyecto alumnus Jeff Castro\",\"breadcrumb\":{\"@id\":\"https:\\\/\\\/www.uartes.edu.ec\\\/sitio\\\/fr\\\/blog\\\/2023\\\/12\\\/01\\\/la-colmena-rescata-con-arte-identidad-de-4-comunas-de-ruta-del-spondylus-dirige-el-proyecto-alumnus-jeff-castro\\\/#breadcrumb\"},\"inLanguage\":\"fr-FR\",\"potentialAction\":[{\"@type\":\"ReadAction\",\"target\":[\"https:\\\/\\\/www.uartes.edu.ec\\\/sitio\\\/fr\\\/blog\\\/2023\\\/12\\\/01\\\/la-colmena-rescata-con-arte-identidad-de-4-comunas-de-ruta-del-spondylus-dirige-el-proyecto-alumnus-jeff-castro\\\/\"]}]},{\"@type\":\"ImageObject\",\"inLanguage\":\"fr-FR\",\"@id\":\"https:\\\/\\\/www.uartes.edu.ec\\\/sitio\\\/fr\\\/blog\\\/2023\\\/12\\\/01\\\/la-colmena-rescata-con-arte-identidad-de-4-comunas-de-ruta-del-spondylus-dirige-el-proyecto-alumnus-jeff-castro\\\/#primaryimage\",\"url\":\"https:\\\/\\\/www.uartes.edu.ec\\\/sitio\\\/wp-content\\\/uploads\\\/2023\\\/12\\\/01-LA-COLMENA.jpg\",\"contentUrl\":\"https:\\\/\\\/www.uartes.edu.ec\\\/sitio\\\/wp-content\\\/uploads\\\/2023\\\/12\\\/01-LA-COLMENA.jpg\",\"width\":2000,\"height\":1333},{\"@type\":\"BreadcrumbList\",\"@id\":\"https:\\\/\\\/www.uartes.edu.ec\\\/sitio\\\/fr\\\/blog\\\/2023\\\/12\\\/01\\\/la-colmena-rescata-con-arte-identidad-de-4-comunas-de-ruta-del-spondylus-dirige-el-proyecto-alumnus-jeff-castro\\\/#breadcrumb\",\"itemListElement\":[{\"@type\":\"ListItem\",\"position\":1,\"name\":\"Inicio\",\"item\":\"https:\\\/\\\/www.uartes.edu.ec\\\/sitio\\\/\"},{\"@type\":\"ListItem\",\"position\":2,\"name\":\"La Colmena rescata con arte identidad de 4 comunas de Ruta del Spondylus; dirige el proyecto alumnus Jeff Castro\"}]},{\"@type\":\"WebSite\",\"@id\":\"https:\\\/\\\/www.uartes.edu.ec\\\/sitio\\\/fr\\\/#website\",\"url\":\"https:\\\/\\\/www.uartes.edu.ec\\\/sitio\\\/fr\\\/\",\"name\":\"Universidad de las Artes\",\"description\":\"Sitio oficial de la Universidad Nacional de las Artes del Ecuador\",\"publisher\":{\"@id\":\"https:\\\/\\\/www.uartes.edu.ec\\\/sitio\\\/fr\\\/#organization\"},\"potentialAction\":[{\"@type\":\"SearchAction\",\"target\":{\"@type\":\"EntryPoint\",\"urlTemplate\":\"https:\\\/\\\/www.uartes.edu.ec\\\/sitio\\\/fr\\\/?s={search_term_string}\"},\"query-input\":{\"@type\":\"PropertyValueSpecification\",\"valueRequired\":true,\"valueName\":\"search_term_string\"}}],\"inLanguage\":\"fr-FR\"},{\"@type\":\"Organization\",\"@id\":\"https:\\\/\\\/www.uartes.edu.ec\\\/sitio\\\/fr\\\/#organization\",\"name\":\"Universidad de las Artes\",\"url\":\"https:\\\/\\\/www.uartes.edu.ec\\\/sitio\\\/fr\\\/\",\"logo\":{\"@type\":\"ImageObject\",\"inLanguage\":\"fr-FR\",\"@id\":\"https:\\\/\\\/www.uartes.edu.ec\\\/sitio\\\/fr\\\/#\\\/schema\\\/logo\\\/image\\\/\",\"url\":\"https:\\\/\\\/www.uartes.edu.ec\\\/sitio\\\/wp-content\\\/uploads\\\/2022\\\/07\\\/logo-ua-horizontal.png\",\"contentUrl\":\"https:\\\/\\\/www.uartes.edu.ec\\\/sitio\\\/wp-content\\\/uploads\\\/2022\\\/07\\\/logo-ua-horizontal.png\",\"width\":800,\"height\":276,\"caption\":\"Universidad de las Artes\"},\"image\":{\"@id\":\"https:\\\/\\\/www.uartes.edu.ec\\\/sitio\\\/fr\\\/#\\\/schema\\\/logo\\\/image\\\/\"},\"sameAs\":[\"https:\\\/\\\/www.facebook.com\\\/uartesec\",\"https:\\\/\\\/x.com\\\/uartesec\",\"https:\\\/\\\/www.tiktok.com\\\/@uartesec\"]},{\"@type\":\"Person\",\"@id\":\"https:\\\/\\\/www.uartes.edu.ec\\\/sitio\\\/fr\\\/#\\\/schema\\\/person\\\/efa1b8275797664fd7f13a79ccc0b1f4\",\"name\":\"ccortez\",\"image\":{\"@type\":\"ImageObject\",\"inLanguage\":\"fr-FR\",\"@id\":\"https:\\\/\\\/secure.gravatar.com\\\/avatar\\\/b2a6f664a3ae8e074346ef91775736c5ec479e637ecced6842de9dc98b5da9cd?s=96&d=mm&r=g\",\"url\":\"https:\\\/\\\/secure.gravatar.com\\\/avatar\\\/b2a6f664a3ae8e074346ef91775736c5ec479e637ecced6842de9dc98b5da9cd?s=96&d=mm&r=g\",\"contentUrl\":\"https:\\\/\\\/secure.gravatar.com\\\/avatar\\\/b2a6f664a3ae8e074346ef91775736c5ec479e637ecced6842de9dc98b5da9cd?s=96&d=mm&r=g\",\"caption\":\"ccortez\"},\"url\":\"https:\\\/\\\/www.uartes.edu.ec\\\/sitio\\\/fr\\\/blog\\\/author\\\/ccortez\\\/\"}]}<\/script>\n<!-- \/ Yoast SEO plugin. -->","yoast_head_json":{"title":"Universidad de las Artes - La Colmena rescata con arte identidad de 4 comunas de Ruta del Spondylus; dirige el proyecto alumnus Jeff Castro","description":"Universidad de las Artes - La Colmena rescata con arte identidad de 4 comunas de Ruta del Spondylus; dirige el proyecto alumnus Jeff Castro","robots":{"index":"index","follow":"follow","max-snippet":"max-snippet:-1","max-image-preview":"max-image-preview:large","max-video-preview":"max-video-preview:-1"},"canonical":"https:\/\/www.uartes.edu.ec\/sitio\/fr\/blog\/2023\/12\/01\/la-colmena-rescata-con-arte-identidad-de-4-comunas-de-ruta-del-spondylus-dirige-el-proyecto-alumnus-jeff-castro\/","og_locale":"fr_FR","og_type":"article","og_title":"Universidad de las Artes - La Colmena rescata con arte identidad de 4 comunas de Ruta del Spondylus; dirige el proyecto alumnus Jeff Castro","og_description":"Universidad de las Artes - La Colmena rescata con arte identidad de 4 comunas de Ruta del Spondylus; dirige el proyecto alumnus Jeff Castro","og_url":"https:\/\/www.uartes.edu.ec\/sitio\/fr\/blog\/2023\/12\/01\/la-colmena-rescata-con-arte-identidad-de-4-comunas-de-ruta-del-spondylus-dirige-el-proyecto-alumnus-jeff-castro\/","og_site_name":"Universidad de las Artes","article_publisher":"https:\/\/www.facebook.com\/uartesec","article_published_time":"2023-12-01T18:34:38+00:00","article_modified_time":"2024-07-04T16:20:21+00:00","og_image":[{"width":2000,"height":1333,"url":"https:\/\/www.uartes.edu.ec\/sitio\/wp-content\/uploads\/2023\/12\/01-LA-COLMENA.jpg","type":"image\/jpeg"}],"author":"ccortez","twitter_card":"summary_large_image","twitter_creator":"@uartesec","twitter_site":"@uartesec","twitter_misc":{"\u00c9crit par":"ccortez","Dur\u00e9e de lecture estim\u00e9e":"3 minutes"},"schema":{"@context":"https:\/\/schema.org","@graph":[{"@type":"Article","@id":"https:\/\/www.uartes.edu.ec\/sitio\/fr\/blog\/2023\/12\/01\/la-colmena-rescata-con-arte-identidad-de-4-comunas-de-ruta-del-spondylus-dirige-el-proyecto-alumnus-jeff-castro\/#article","isPartOf":{"@id":"https:\/\/www.uartes.edu.ec\/sitio\/fr\/blog\/2023\/12\/01\/la-colmena-rescata-con-arte-identidad-de-4-comunas-de-ruta-del-spondylus-dirige-el-proyecto-alumnus-jeff-castro\/"},"author":{"name":"ccortez","@id":"https:\/\/www.uartes.edu.ec\/sitio\/fr\/#\/schema\/person\/efa1b8275797664fd7f13a79ccc0b1f4"},"headline":"La Colmena rescata con arte identidad de 4 comunas de Ruta del Spondylus; dirige el proyecto alumnus Jeff Castro","datePublished":"2023-12-01T18:34:38+00:00","dateModified":"2024-07-04T16:20:21+00:00","mainEntityOfPage":{"@id":"https:\/\/www.uartes.edu.ec\/sitio\/fr\/blog\/2023\/12\/01\/la-colmena-rescata-con-arte-identidad-de-4-comunas-de-ruta-del-spondylus-dirige-el-proyecto-alumnus-jeff-castro\/"},"wordCount":635,"commentCount":0,"publisher":{"@id":"https:\/\/www.uartes.edu.ec\/sitio\/fr\/#organization"},"image":{"@id":"https:\/\/www.uartes.edu.ec\/sitio\/fr\/blog\/2023\/12\/01\/la-colmena-rescata-con-arte-identidad-de-4-comunas-de-ruta-del-spondylus-dirige-el-proyecto-alumnus-jeff-castro\/#primaryimage"},"thumbnailUrl":"https:\/\/www.uartes.edu.ec\/sitio\/wp-content\/uploads\/2023\/12\/01-LA-COLMENA.jpg","keywords":["proyecto"],"articleSection":["Alumni","Gesti\u00f3n","Investigaci\u00f3n","Sedes","V\u00ednculo"],"inLanguage":"fr-FR","potentialAction":[{"@type":"CommentAction","name":"Comment","target":["https:\/\/www.uartes.edu.ec\/sitio\/fr\/blog\/2023\/12\/01\/la-colmena-rescata-con-arte-identidad-de-4-comunas-de-ruta-del-spondylus-dirige-el-proyecto-alumnus-jeff-castro\/#respond"]}]},{"@type":["WebPage","ItemPage"],"@id":"https:\/\/www.uartes.edu.ec\/sitio\/fr\/blog\/2023\/12\/01\/la-colmena-rescata-con-arte-identidad-de-4-comunas-de-ruta-del-spondylus-dirige-el-proyecto-alumnus-jeff-castro\/","url":"https:\/\/www.uartes.edu.ec\/sitio\/fr\/blog\/2023\/12\/01\/la-colmena-rescata-con-arte-identidad-de-4-comunas-de-ruta-del-spondylus-dirige-el-proyecto-alumnus-jeff-castro\/","name":"Universidad de las Artes - La Colmena rescata con arte identidad de 4 comunas de Ruta del Spondylus; dirige el proyecto alumnus Jeff Castro","isPartOf":{"@id":"https:\/\/www.uartes.edu.ec\/sitio\/fr\/#website"},"primaryImageOfPage":{"@id":"https:\/\/www.uartes.edu.ec\/sitio\/fr\/blog\/2023\/12\/01\/la-colmena-rescata-con-arte-identidad-de-4-comunas-de-ruta-del-spondylus-dirige-el-proyecto-alumnus-jeff-castro\/#primaryimage"},"image":{"@id":"https:\/\/www.uartes.edu.ec\/sitio\/fr\/blog\/2023\/12\/01\/la-colmena-rescata-con-arte-identidad-de-4-comunas-de-ruta-del-spondylus-dirige-el-proyecto-alumnus-jeff-castro\/#primaryimage"},"thumbnailUrl":"https:\/\/www.uartes.edu.ec\/sitio\/wp-content\/uploads\/2023\/12\/01-LA-COLMENA.jpg","datePublished":"2023-12-01T18:34:38+00:00","dateModified":"2024-07-04T16:20:21+00:00","description":"Universidad de las Artes - La Colmena rescata con arte identidad de 4 comunas de Ruta del Spondylus; dirige el proyecto alumnus Jeff Castro","breadcrumb":{"@id":"https:\/\/www.uartes.edu.ec\/sitio\/fr\/blog\/2023\/12\/01\/la-colmena-rescata-con-arte-identidad-de-4-comunas-de-ruta-del-spondylus-dirige-el-proyecto-alumnus-jeff-castro\/#breadcrumb"},"inLanguage":"fr-FR","potentialAction":[{"@type":"ReadAction","target":["https:\/\/www.uartes.edu.ec\/sitio\/fr\/blog\/2023\/12\/01\/la-colmena-rescata-con-arte-identidad-de-4-comunas-de-ruta-del-spondylus-dirige-el-proyecto-alumnus-jeff-castro\/"]}]},{"@type":"ImageObject","inLanguage":"fr-FR","@id":"https:\/\/www.uartes.edu.ec\/sitio\/fr\/blog\/2023\/12\/01\/la-colmena-rescata-con-arte-identidad-de-4-comunas-de-ruta-del-spondylus-dirige-el-proyecto-alumnus-jeff-castro\/#primaryimage","url":"https:\/\/www.uartes.edu.ec\/sitio\/wp-content\/uploads\/2023\/12\/01-LA-COLMENA.jpg","contentUrl":"https:\/\/www.uartes.edu.ec\/sitio\/wp-content\/uploads\/2023\/12\/01-LA-COLMENA.jpg","width":2000,"height":1333},{"@type":"BreadcrumbList","@id":"https:\/\/www.uartes.edu.ec\/sitio\/fr\/blog\/2023\/12\/01\/la-colmena-rescata-con-arte-identidad-de-4-comunas-de-ruta-del-spondylus-dirige-el-proyecto-alumnus-jeff-castro\/#breadcrumb","itemListElement":[{"@type":"ListItem","position":1,"name":"Inicio","item":"https:\/\/www.uartes.edu.ec\/sitio\/"},{"@type":"ListItem","position":2,"name":"La Colmena rescata con arte identidad de 4 comunas de Ruta del Spondylus; dirige el proyecto alumnus Jeff Castro"}]},{"@type":"WebSite","@id":"https:\/\/www.uartes.edu.ec\/sitio\/fr\/#website","url":"https:\/\/www.uartes.edu.ec\/sitio\/fr\/","name":"Universidad de las Artes","description":"Sitio oficial de la Universidad Nacional de las Artes del Ecuador","publisher":{"@id":"https:\/\/www.uartes.edu.ec\/sitio\/fr\/#organization"},"potentialAction":[{"@type":"SearchAction","target":{"@type":"EntryPoint","urlTemplate":"https:\/\/www.uartes.edu.ec\/sitio\/fr\/?s={search_term_string}"},"query-input":{"@type":"PropertyValueSpecification","valueRequired":true,"valueName":"search_term_string"}}],"inLanguage":"fr-FR"},{"@type":"Organization","@id":"https:\/\/www.uartes.edu.ec\/sitio\/fr\/#organization","name":"Universidad de las Artes","url":"https:\/\/www.uartes.edu.ec\/sitio\/fr\/","logo":{"@type":"ImageObject","inLanguage":"fr-FR","@id":"https:\/\/www.uartes.edu.ec\/sitio\/fr\/#\/schema\/logo\/image\/","url":"https:\/\/www.uartes.edu.ec\/sitio\/wp-content\/uploads\/2022\/07\/logo-ua-horizontal.png","contentUrl":"https:\/\/www.uartes.edu.ec\/sitio\/wp-content\/uploads\/2022\/07\/logo-ua-horizontal.png","width":800,"height":276,"caption":"Universidad de las Artes"},"image":{"@id":"https:\/\/www.uartes.edu.ec\/sitio\/fr\/#\/schema\/logo\/image\/"},"sameAs":["https:\/\/www.facebook.com\/uartesec","https:\/\/x.com\/uartesec","https:\/\/www.tiktok.com\/@uartesec"]},{"@type":"Person","@id":"https:\/\/www.uartes.edu.ec\/sitio\/fr\/#\/schema\/person\/efa1b8275797664fd7f13a79ccc0b1f4","name":"ccortez","image":{"@type":"ImageObject","inLanguage":"fr-FR","@id":"https:\/\/secure.gravatar.com\/avatar\/b2a6f664a3ae8e074346ef91775736c5ec479e637ecced6842de9dc98b5da9cd?s=96&d=mm&r=g","url":"https:\/\/secure.gravatar.com\/avatar\/b2a6f664a3ae8e074346ef91775736c5ec479e637ecced6842de9dc98b5da9cd?s=96&d=mm&r=g","contentUrl":"https:\/\/secure.gravatar.com\/avatar\/b2a6f664a3ae8e074346ef91775736c5ec479e637ecced6842de9dc98b5da9cd?s=96&d=mm&r=g","caption":"ccortez"},"url":"https:\/\/www.uartes.edu.ec\/sitio\/fr\/blog\/author\/ccortez\/"}]}},"uagb_featured_image_src":{"full":["https:\/\/www.uartes.edu.ec\/sitio\/wp-content\/uploads\/2023\/12\/01-LA-COLMENA.jpg",2000,1333,false],"thumbnail":["https:\/\/www.uartes.edu.ec\/sitio\/wp-content\/uploads\/2023\/12\/01-LA-COLMENA-150x150.jpg",150,150,true],"medium":["https:\/\/www.uartes.edu.ec\/sitio\/wp-content\/uploads\/2023\/12\/01-LA-COLMENA-300x200.jpg",300,200,true],"medium_large":["https:\/\/www.uartes.edu.ec\/sitio\/wp-content\/uploads\/2023\/12\/01-LA-COLMENA-768x512.jpg",768,512,true],"large":["https:\/\/www.uartes.edu.ec\/sitio\/wp-content\/uploads\/2023\/12\/01-LA-COLMENA-644x429.jpg",644,429,true],"1536x1536":["https:\/\/www.uartes.edu.ec\/sitio\/wp-content\/uploads\/2023\/12\/01-LA-COLMENA-1536x1024.jpg",1536,1024,true],"2048x2048":["https:\/\/www.uartes.edu.ec\/sitio\/wp-content\/uploads\/2023\/12\/01-LA-COLMENA.jpg",2000,1333,false],"trp-custom-language-flag":["https:\/\/www.uartes.edu.ec\/sitio\/wp-content\/uploads\/2023\/12\/01-LA-COLMENA.jpg",18,12,false],"htmega_size_585x295":["https:\/\/www.uartes.edu.ec\/sitio\/wp-content\/uploads\/2023\/12\/01-LA-COLMENA-585x295.jpg",585,295,true],"htmega_size_1170x536":["https:\/\/www.uartes.edu.ec\/sitio\/wp-content\/uploads\/2023\/12\/01-LA-COLMENA-1170x536.jpg",1170,536,true],"htmega_size_396x360":["https:\/\/www.uartes.edu.ec\/sitio\/wp-content\/uploads\/2023\/12\/01-LA-COLMENA-396x360.jpg",396,360,true],"gb-block-post-grid-landscape":["https:\/\/www.uartes.edu.ec\/sitio\/wp-content\/uploads\/2023\/12\/01-LA-COLMENA-600x400.jpg",600,400,true],"gb-block-post-grid-square":["https:\/\/www.uartes.edu.ec\/sitio\/wp-content\/uploads\/2023\/12\/01-LA-COLMENA-600x600.jpg",600,600,true],"university-hub-thumb":["https:\/\/www.uartes.edu.ec\/sitio\/wp-content\/uploads\/2023\/12\/01-LA-COLMENA-400x267.jpg",400,267,true],"mailpoet_newsletter_max":["https:\/\/www.uartes.edu.ec\/sitio\/wp-content\/uploads\/2023\/12\/01-LA-COLMENA.jpg",1320,880,false]},"uagb_author_info":{"display_name":"ccortez","author_link":"https:\/\/www.uartes.edu.ec\/sitio\/fr\/blog\/author\/ccortez\/"},"uagb_comment_info":0,"uagb_excerpt":"Bajo la direcci\u00f3n de Jefferson (Jeff) Castro, graduado de la carrera de Creaci\u00f3n Teatral de la UArtes, en tres comunas de la provincia de Santa Elena: Ol\u00f3n, Ayangue y Valdivia, y una de Manab\u00ed: Salango, se desarrolla el proyecto La Colmena, el cual consiste en la realizaci\u00f3n de 40 murales, diez en cada localidad, sustentados\u2026","featured_image_src":"https:\/\/www.uartes.edu.ec\/sitio\/wp-content\/uploads\/2023\/12\/01-LA-COLMENA-600x400.jpg","featured_image_src_square":"https:\/\/www.uartes.edu.ec\/sitio\/wp-content\/uploads\/2023\/12\/01-LA-COLMENA-600x600.jpg","author_info":{"display_name":"ccortez","author_link":"https:\/\/www.uartes.edu.ec\/sitio\/fr\/blog\/author\/ccortez\/"},"publishpress_future_workflow_manual_trigger":{"enabledWorkflows":[]},"distributor_meta":false,"distributor_terms":false,"distributor_media":false,"distributor_original_site_name":"Universidad de las Artes","distributor_original_site_url":"https:\/\/www.uartes.edu.ec\/sitio\/fr","push-errors":false,"_links":{"self":[{"href":"https:\/\/www.uartes.edu.ec\/sitio\/fr\/wp-json\/wp\/v2\/posts\/48728","targetHints":{"allow":["GET"]}}],"collection":[{"href":"https:\/\/www.uartes.edu.ec\/sitio\/fr\/wp-json\/wp\/v2\/posts"}],"about":[{"href":"https:\/\/www.uartes.edu.ec\/sitio\/fr\/wp-json\/wp\/v2\/types\/post"}],"author":[{"embeddable":true,"href":"https:\/\/www.uartes.edu.ec\/sitio\/fr\/wp-json\/wp\/v2\/users\/10"}],"replies":[{"embeddable":true,"href":"https:\/\/www.uartes.edu.ec\/sitio\/fr\/wp-json\/wp\/v2\/comments?post=48728"}],"version-history":[{"count":4,"href":"https:\/\/www.uartes.edu.ec\/sitio\/fr\/wp-json\/wp\/v2\/posts\/48728\/revisions"}],"predecessor-version":[{"id":48740,"href":"https:\/\/www.uartes.edu.ec\/sitio\/fr\/wp-json\/wp\/v2\/posts\/48728\/revisions\/48740"}],"wp:featuredmedia":[{"embeddable":true,"href":"https:\/\/www.uartes.edu.ec\/sitio\/fr\/wp-json\/wp\/v2\/media\/48729"}],"wp:attachment":[{"href":"https:\/\/www.uartes.edu.ec\/sitio\/fr\/wp-json\/wp\/v2\/media?parent=48728"}],"wp:term":[{"taxonomy":"category","embeddable":true,"href":"https:\/\/www.uartes.edu.ec\/sitio\/fr\/wp-json\/wp\/v2\/categories?post=48728"},{"taxonomy":"post_tag","embeddable":true,"href":"https:\/\/www.uartes.edu.ec\/sitio\/fr\/wp-json\/wp\/v2\/tags?post=48728"},{"taxonomy":"infouartes","embeddable":true,"href":"https:\/\/www.uartes.edu.ec\/sitio\/fr\/wp-json\/wp\/v2\/infouartes?post=48728"}],"curies":[{"name":"wp","href":"https:\/\/api.w.org\/{rel}","templated":true}]}}