{"id":48756,"date":"2023-11-10T14:59:00","date_gmt":"2023-11-10T19:59:00","guid":{"rendered":"https:\/\/www.uartes.edu.ec\/sitio\/?p=48756"},"modified":"2024-07-04T11:20:29","modified_gmt":"2024-07-04T16:20:29","slug":"todos-somos-david-ledesma","status":"publish","type":"post","link":"https:\/\/www.uartes.edu.ec\/sitio\/fr\/blog\/2023\/11\/10\/todos-somos-david-ledesma\/","title":{"rendered":"Todos somos David Ledesma"},"content":{"rendered":"<p>\u00bfRecuerdan ese momento cuando las luces se apagan, el silencio hace eco en cada rinc\u00f3n de la habitaci\u00f3n y se siente la expectaci\u00f3n del p\u00fablico minutos previos a la revelaci\u00f3n de los artistas en el escenario? Este mi\u00e9rcoles 8 de noviembre, en la Sala de Experimentaci\u00f3n Sonora del MZ14 Centro de Producci\u00f3n e Innovaci\u00f3n UArtes, se presenci\u00f3 una fascinante puesta en escena en la que se fusion\u00f3 la poes\u00eda y el teatro, protagonizada por los estudiantes de la Escuela de Literatura en honor al poeta ecuatoriano David Ledesma.<\/p>\n\n\n\n<p>\u201cYo soy David Ledesma\u201d, fueron las palabras que dieron inicio a la lectura dramatizada de textos l\u00edricos extra\u00eddos del poemario \u00abCristal\u00bb publicado hace ya setenta a\u00f1os.<\/p>\n\n\n\n<p>\u00bfQuieren enloquecer como yo?, pregunt\u00f3 el estudiante Robinson Espinoza y mi inmediata respuesta fue s\u00ed, porque no encuentro mejor forma de enloquecer que a manos de un poeta.&nbsp; \u00bfQuieren saber a qui\u00e9n am\u00e9?, sigui\u00f3 recitando y varias cabezas a mi alrededor asintieron levemente en respuesta. \u00bfC\u00f3mo mor\u00ed?, ley\u00f3, y con ese pr\u00f3logo lleno de interrogantes e intrigas consigui\u00f3 cautivar a todos los presentes.<\/p>\n\n\n<div class=\"wp-block-image\">\n<figure class=\"aligncenter size-large\"><img fetchpriority=\"high\" decoding=\"async\" width=\"644\" height=\"429\" src=\"https:\/\/www.uartes.edu.ec\/sitio\/wp-content\/uploads\/2023\/12\/02-LIBRE-LIBRO-LEDESMA-644x429.jpg\" alt=\"\" class=\"wp-image-48757\" srcset=\"https:\/\/www.uartes.edu.ec\/sitio\/wp-content\/uploads\/2023\/12\/02-LIBRE-LIBRO-LEDESMA-644x429.jpg 644w, https:\/\/www.uartes.edu.ec\/sitio\/wp-content\/uploads\/2023\/12\/02-LIBRE-LIBRO-LEDESMA-768x511.jpg 768w, https:\/\/www.uartes.edu.ec\/sitio\/wp-content\/uploads\/2023\/12\/02-LIBRE-LIBRO-LEDESMA.jpg 2000w, https:\/\/www.uartes.edu.ec\/sitio\/wp-content\/uploads\/2023\/12\/02-LIBRE-LIBRO-LEDESMA-600x399.jpg 600w, https:\/\/www.uartes.edu.ec\/sitio\/wp-content\/uploads\/2023\/12\/02-LIBRE-LIBRO-LEDESMA-272x182.jpg 272w\" sizes=\"(max-width: 644px) 100vw, 644px\" \/><\/figure>\n<\/div>\n\n\n<p>La poes\u00eda cobr\u00f3 vida a manos de los estudiantes de la Escuela de Literatura, porque con cada verso le\u00eddo y con cada palabra, con cada grito, canto y sollozo con los que se interpretaron los poemas, se apreci\u00f3 lo similar que es el ser humano en cuanto a deseos, inseguridades y afecto.<\/p>\n\n\n\n<p>\u201cPerdi\u00e9ndose en el aire, diluy\u00e9ndose.<br>Y una magia de sal y yodo y mar<br>que nos cubre la piel del coraz\u00f3n.\u201d &nbsp;&nbsp;&nbsp;&nbsp;&nbsp;&nbsp;&nbsp;&nbsp;<br>Fragmento de \u201cEl Espejo\u201d, del poemario \u201cCristal\u201d.<\/p>\n\n\n\n<p>La poes\u00eda es pasi\u00f3n, es esa llama que arde y da vida, es el sentimiento hecho palabra y es a\u00fan m\u00e1s poderoso su mensaje si se vive la emoci\u00f3n a trav\u00e9s del cuerpo, combinando dos grandes g\u00e9neros literarios, l\u00edrico y teatral, en un mismo escenario y obteniendo un maravilloso desenlace.<\/p>\n\n\n\n<p>\u201cDesde hace a\u00f1os que muero y resucito.<br>Nadie me ve morir.\u201d&nbsp;&nbsp;&nbsp;&nbsp;&nbsp;&nbsp;<br>Fragmento de \u201cEl Espejo\u201d, del poemario \u201cCristal\u201d.<\/p>\n\n\n\n<p>Todos los int\u00e9rpretes eran David Ledesma, encarnando distintas facetas del escritor mostraban diferentes piezas de un mismo personaje que juntas encajaban perfectamente en un mismo rompecabezas.<\/p>\n\n\n\n<p>Luego de treinta minutos de estar sumergidos entre las p\u00e1ginas de un libro y de ser parte del escritor a trav\u00e9s de sus poemas las luces se encendieron, pero en la habitaci\u00f3n a\u00fan persist\u00eda la paz, la gracia de haber sido besado por la brisa salada que limpia y cura el alma, de ser comprendidos.<\/p>\n\n\n\n<p>Los aplausos se escucharon por varios segundos como muestra de elogio al final de la presentaci\u00f3n y, un momento despu\u00e9s, la docente Cecilia Velasco, quien motiv\u00f3 a sus estudiantes a ser parte del proyecto, comparti\u00f3 algunas palabras con el p\u00fablico. \u201cHemos usado la f\u00f3rmula de Da vida, porque David Ledesma se suicid\u00f3 a los 27 a\u00f1os y la intenci\u00f3n no era hacer una apolog\u00eda del suicidio, sino representar la poes\u00eda como esa forma de decir Da vida y da m\u00e1s vida\u201d y no podr\u00eda estar m\u00e1s de acuerdo. <\/p>\n\n\n\n<p>Fue gracias a la interpretaci\u00f3n que realizaron los estudiantes Mar\u00eda Fernanda Fajardo, Jos\u00e9 Miguel Mej\u00eda, Luisa Castellano, Mell Hungr\u00eda, Kenneth Arteaga, Geovanna Goyes y Robinson Espinoza que muchos entre el p\u00fablico, incluida yo, pudieron sentirse reflejados en los versos de David Ledesma, y as\u00ed recordarlo como alguien vivo.<\/p>\n\n\n\n<p>Dicen que de poeta y loco todos tenemos un poco, y creo que es cierto. Creo que en el fondo todos tenemos una mente compleja, un coraz\u00f3n que late al ritmo de la pasi\u00f3n, del amor, de la tristeza, de la locura; vivimos con el deseo de no olvidar y de no ser olvidados, en el fondo todos somos David Ledesma.<\/p>\n\n\n\n<p>Texto y fotos: Romina Ram\u00edrez Ortiz, estudiante de la Escuela de Literatura.<\/p>","protected":false},"excerpt":{"rendered":"<p>\u201cDavid Ledesma, la inmensa soledad del mundo\u201d. Esta propuesta de lectura dramatizada de textos l\u00edricos, a prop\u00f3sito de los 70 a\u00f1os de la publicaci\u00f3n del poemario \u201cCristal\u201d del autor ecuatoriano, tuvo lugar en la primera jornada de Libre Libro, este mi\u00e9rcoles 8 de noviembre. Con la coordinaci\u00f3n de la docente y escritora Cecilia Velasco participaron los estudiantes Luisa Castellano, Robinson Espinoza, Mar\u00eda Fernanda Fajardo, Geovanna Goyes, Mell Hungr\u00eda, Juan Mart\u00edn Vargas, Jos\u00e9 Mej\u00eda y Kenneth Arteaga.<\/p>","protected":false},"author":10,"featured_media":48758,"comment_status":"open","ping_status":"open","sticky":false,"template":"","format":"standard","meta":{"_acf_changed":false,"_uag_custom_page_level_css":"","_monsterinsights_skip_tracking":false,"_monsterinsights_sitenote_active":false,"_monsterinsights_sitenote_note":"","_monsterinsights_sitenote_category":0,"cybocfi_hide_featured_image":"","footnotes":""},"categories":[80,75,76,175],"tags":[547],"infouartes":[],"class_list":["post-48756","post","type-post","status-publish","format-standard","has-post-thumbnail","hentry","category-academico","category-docentes","category-estudiantes","category-literatura","tag-libre-libro"],"acf":[],"yoast_head":"<!-- This site is optimized with the Yoast SEO plugin v27.4 - https:\/\/yoast.com\/product\/yoast-seo-wordpress\/ -->\n<title>Universidad de las Artes - Todos somos David Ledesma<\/title>\n<meta name=\"description\" content=\"Universidad de las Artes - Todos somos David Ledesma\" \/>\n<meta name=\"robots\" content=\"index, follow, max-snippet:-1, max-image-preview:large, max-video-preview:-1\" \/>\n<link rel=\"canonical\" href=\"https:\/\/www.uartes.edu.ec\/sitio\/fr\/blog\/2023\/11\/10\/todos-somos-david-ledesma\/\" \/>\n<meta property=\"og:locale\" content=\"fr_FR\" \/>\n<meta property=\"og:type\" content=\"article\" \/>\n<meta property=\"og:title\" content=\"Universidad de las Artes - Todos somos David Ledesma\" \/>\n<meta property=\"og:description\" content=\"Universidad de las Artes - Todos somos David Ledesma\" \/>\n<meta property=\"og:url\" content=\"https:\/\/www.uartes.edu.ec\/sitio\/fr\/blog\/2023\/11\/10\/todos-somos-david-ledesma\/\" \/>\n<meta property=\"og:site_name\" content=\"Universidad de las Artes\" \/>\n<meta property=\"article:publisher\" content=\"https:\/\/www.facebook.com\/uartesec\" \/>\n<meta property=\"article:published_time\" content=\"2023-11-10T19:59:00+00:00\" \/>\n<meta property=\"article:modified_time\" content=\"2024-07-04T16:20:29+00:00\" \/>\n<meta property=\"og:image\" content=\"https:\/\/www.uartes.edu.ec\/sitio\/wp-content\/uploads\/2023\/12\/01-LIBRE-LIBRO-LEDESMA.jpg\" \/>\n\t<meta property=\"og:image:width\" content=\"2000\" \/>\n\t<meta property=\"og:image:height\" content=\"1333\" \/>\n\t<meta property=\"og:image:type\" content=\"image\/jpeg\" \/>\n<meta name=\"author\" content=\"ccortez\" \/>\n<meta name=\"twitter:card\" content=\"summary_large_image\" \/>\n<meta name=\"twitter:creator\" content=\"@uartesec\" \/>\n<meta name=\"twitter:site\" content=\"@uartesec\" \/>\n<meta name=\"twitter:label1\" content=\"\u00c9crit par\" \/>\n\t<meta name=\"twitter:data1\" content=\"ccortez\" \/>\n\t<meta name=\"twitter:label2\" content=\"Dur\u00e9e de lecture estim\u00e9e\" \/>\n\t<meta name=\"twitter:data2\" content=\"3 minutes\" \/>\n<script type=\"application\/ld+json\" class=\"yoast-schema-graph\">{\"@context\":\"https:\\\/\\\/schema.org\",\"@graph\":[{\"@type\":\"Article\",\"@id\":\"https:\\\/\\\/www.uartes.edu.ec\\\/sitio\\\/fr\\\/blog\\\/2023\\\/11\\\/10\\\/todos-somos-david-ledesma\\\/#article\",\"isPartOf\":{\"@id\":\"https:\\\/\\\/www.uartes.edu.ec\\\/sitio\\\/fr\\\/blog\\\/2023\\\/11\\\/10\\\/todos-somos-david-ledesma\\\/\"},\"author\":{\"name\":\"ccortez\",\"@id\":\"https:\\\/\\\/www.uartes.edu.ec\\\/sitio\\\/fr\\\/#\\\/schema\\\/person\\\/efa1b8275797664fd7f13a79ccc0b1f4\"},\"headline\":\"Todos somos David Ledesma\",\"datePublished\":\"2023-11-10T19:59:00+00:00\",\"dateModified\":\"2024-07-04T16:20:29+00:00\",\"mainEntityOfPage\":{\"@id\":\"https:\\\/\\\/www.uartes.edu.ec\\\/sitio\\\/fr\\\/blog\\\/2023\\\/11\\\/10\\\/todos-somos-david-ledesma\\\/\"},\"wordCount\":686,\"commentCount\":0,\"publisher\":{\"@id\":\"https:\\\/\\\/www.uartes.edu.ec\\\/sitio\\\/fr\\\/#organization\"},\"image\":{\"@id\":\"https:\\\/\\\/www.uartes.edu.ec\\\/sitio\\\/fr\\\/blog\\\/2023\\\/11\\\/10\\\/todos-somos-david-ledesma\\\/#primaryimage\"},\"thumbnailUrl\":\"https:\\\/\\\/www.uartes.edu.ec\\\/sitio\\\/wp-content\\\/uploads\\\/2023\\\/12\\\/01-LIBRE-LIBRO-LEDESMA.jpg\",\"keywords\":[\"Libre Libro\"],\"articleSection\":[\"Acad\u00e9mico\",\"Docentes\",\"Estudiantes\",\"Literatura\"],\"inLanguage\":\"fr-FR\",\"potentialAction\":[{\"@type\":\"CommentAction\",\"name\":\"Comment\",\"target\":[\"https:\\\/\\\/www.uartes.edu.ec\\\/sitio\\\/fr\\\/blog\\\/2023\\\/11\\\/10\\\/todos-somos-david-ledesma\\\/#respond\"]}]},{\"@type\":[\"WebPage\",\"ItemPage\"],\"@id\":\"https:\\\/\\\/www.uartes.edu.ec\\\/sitio\\\/fr\\\/blog\\\/2023\\\/11\\\/10\\\/todos-somos-david-ledesma\\\/\",\"url\":\"https:\\\/\\\/www.uartes.edu.ec\\\/sitio\\\/fr\\\/blog\\\/2023\\\/11\\\/10\\\/todos-somos-david-ledesma\\\/\",\"name\":\"Universidad de las Artes - Todos somos David Ledesma\",\"isPartOf\":{\"@id\":\"https:\\\/\\\/www.uartes.edu.ec\\\/sitio\\\/fr\\\/#website\"},\"primaryImageOfPage\":{\"@id\":\"https:\\\/\\\/www.uartes.edu.ec\\\/sitio\\\/fr\\\/blog\\\/2023\\\/11\\\/10\\\/todos-somos-david-ledesma\\\/#primaryimage\"},\"image\":{\"@id\":\"https:\\\/\\\/www.uartes.edu.ec\\\/sitio\\\/fr\\\/blog\\\/2023\\\/11\\\/10\\\/todos-somos-david-ledesma\\\/#primaryimage\"},\"thumbnailUrl\":\"https:\\\/\\\/www.uartes.edu.ec\\\/sitio\\\/wp-content\\\/uploads\\\/2023\\\/12\\\/01-LIBRE-LIBRO-LEDESMA.jpg\",\"datePublished\":\"2023-11-10T19:59:00+00:00\",\"dateModified\":\"2024-07-04T16:20:29+00:00\",\"description\":\"Universidad de las Artes - Todos somos David Ledesma\",\"breadcrumb\":{\"@id\":\"https:\\\/\\\/www.uartes.edu.ec\\\/sitio\\\/fr\\\/blog\\\/2023\\\/11\\\/10\\\/todos-somos-david-ledesma\\\/#breadcrumb\"},\"inLanguage\":\"fr-FR\",\"potentialAction\":[{\"@type\":\"ReadAction\",\"target\":[\"https:\\\/\\\/www.uartes.edu.ec\\\/sitio\\\/fr\\\/blog\\\/2023\\\/11\\\/10\\\/todos-somos-david-ledesma\\\/\"]}]},{\"@type\":\"ImageObject\",\"inLanguage\":\"fr-FR\",\"@id\":\"https:\\\/\\\/www.uartes.edu.ec\\\/sitio\\\/fr\\\/blog\\\/2023\\\/11\\\/10\\\/todos-somos-david-ledesma\\\/#primaryimage\",\"url\":\"https:\\\/\\\/www.uartes.edu.ec\\\/sitio\\\/wp-content\\\/uploads\\\/2023\\\/12\\\/01-LIBRE-LIBRO-LEDESMA.jpg\",\"contentUrl\":\"https:\\\/\\\/www.uartes.edu.ec\\\/sitio\\\/wp-content\\\/uploads\\\/2023\\\/12\\\/01-LIBRE-LIBRO-LEDESMA.jpg\",\"width\":2000,\"height\":1333},{\"@type\":\"BreadcrumbList\",\"@id\":\"https:\\\/\\\/www.uartes.edu.ec\\\/sitio\\\/fr\\\/blog\\\/2023\\\/11\\\/10\\\/todos-somos-david-ledesma\\\/#breadcrumb\",\"itemListElement\":[{\"@type\":\"ListItem\",\"position\":1,\"name\":\"Inicio\",\"item\":\"https:\\\/\\\/www.uartes.edu.ec\\\/sitio\\\/\"},{\"@type\":\"ListItem\",\"position\":2,\"name\":\"Todos somos David Ledesma\"}]},{\"@type\":\"WebSite\",\"@id\":\"https:\\\/\\\/www.uartes.edu.ec\\\/sitio\\\/fr\\\/#website\",\"url\":\"https:\\\/\\\/www.uartes.edu.ec\\\/sitio\\\/fr\\\/\",\"name\":\"Universidad de las Artes\",\"description\":\"Sitio oficial de la Universidad Nacional de las Artes del Ecuador\",\"publisher\":{\"@id\":\"https:\\\/\\\/www.uartes.edu.ec\\\/sitio\\\/fr\\\/#organization\"},\"potentialAction\":[{\"@type\":\"SearchAction\",\"target\":{\"@type\":\"EntryPoint\",\"urlTemplate\":\"https:\\\/\\\/www.uartes.edu.ec\\\/sitio\\\/fr\\\/?s={search_term_string}\"},\"query-input\":{\"@type\":\"PropertyValueSpecification\",\"valueRequired\":true,\"valueName\":\"search_term_string\"}}],\"inLanguage\":\"fr-FR\"},{\"@type\":\"Organization\",\"@id\":\"https:\\\/\\\/www.uartes.edu.ec\\\/sitio\\\/fr\\\/#organization\",\"name\":\"Universidad de las Artes\",\"url\":\"https:\\\/\\\/www.uartes.edu.ec\\\/sitio\\\/fr\\\/\",\"logo\":{\"@type\":\"ImageObject\",\"inLanguage\":\"fr-FR\",\"@id\":\"https:\\\/\\\/www.uartes.edu.ec\\\/sitio\\\/fr\\\/#\\\/schema\\\/logo\\\/image\\\/\",\"url\":\"https:\\\/\\\/www.uartes.edu.ec\\\/sitio\\\/wp-content\\\/uploads\\\/2022\\\/07\\\/logo-ua-horizontal.png\",\"contentUrl\":\"https:\\\/\\\/www.uartes.edu.ec\\\/sitio\\\/wp-content\\\/uploads\\\/2022\\\/07\\\/logo-ua-horizontal.png\",\"width\":800,\"height\":276,\"caption\":\"Universidad de las Artes\"},\"image\":{\"@id\":\"https:\\\/\\\/www.uartes.edu.ec\\\/sitio\\\/fr\\\/#\\\/schema\\\/logo\\\/image\\\/\"},\"sameAs\":[\"https:\\\/\\\/www.facebook.com\\\/uartesec\",\"https:\\\/\\\/x.com\\\/uartesec\",\"https:\\\/\\\/www.tiktok.com\\\/@uartesec\"]},{\"@type\":\"Person\",\"@id\":\"https:\\\/\\\/www.uartes.edu.ec\\\/sitio\\\/fr\\\/#\\\/schema\\\/person\\\/efa1b8275797664fd7f13a79ccc0b1f4\",\"name\":\"ccortez\",\"image\":{\"@type\":\"ImageObject\",\"inLanguage\":\"fr-FR\",\"@id\":\"https:\\\/\\\/secure.gravatar.com\\\/avatar\\\/b2a6f664a3ae8e074346ef91775736c5ec479e637ecced6842de9dc98b5da9cd?s=96&d=mm&r=g\",\"url\":\"https:\\\/\\\/secure.gravatar.com\\\/avatar\\\/b2a6f664a3ae8e074346ef91775736c5ec479e637ecced6842de9dc98b5da9cd?s=96&d=mm&r=g\",\"contentUrl\":\"https:\\\/\\\/secure.gravatar.com\\\/avatar\\\/b2a6f664a3ae8e074346ef91775736c5ec479e637ecced6842de9dc98b5da9cd?s=96&d=mm&r=g\",\"caption\":\"ccortez\"},\"url\":\"https:\\\/\\\/www.uartes.edu.ec\\\/sitio\\\/fr\\\/blog\\\/author\\\/ccortez\\\/\"}]}<\/script>\n<!-- \/ Yoast SEO plugin. -->","yoast_head_json":{"title":"Universidad de las Artes - Todos somos David Ledesma","description":"Universidad de las Artes - Todos somos David Ledesma","robots":{"index":"index","follow":"follow","max-snippet":"max-snippet:-1","max-image-preview":"max-image-preview:large","max-video-preview":"max-video-preview:-1"},"canonical":"https:\/\/www.uartes.edu.ec\/sitio\/fr\/blog\/2023\/11\/10\/todos-somos-david-ledesma\/","og_locale":"fr_FR","og_type":"article","og_title":"Universidad de las Artes - Todos somos David Ledesma","og_description":"Universidad de las Artes - Todos somos David Ledesma","og_url":"https:\/\/www.uartes.edu.ec\/sitio\/fr\/blog\/2023\/11\/10\/todos-somos-david-ledesma\/","og_site_name":"Universidad de las Artes","article_publisher":"https:\/\/www.facebook.com\/uartesec","article_published_time":"2023-11-10T19:59:00+00:00","article_modified_time":"2024-07-04T16:20:29+00:00","og_image":[{"width":2000,"height":1333,"url":"https:\/\/www.uartes.edu.ec\/sitio\/wp-content\/uploads\/2023\/12\/01-LIBRE-LIBRO-LEDESMA.jpg","type":"image\/jpeg"}],"author":"ccortez","twitter_card":"summary_large_image","twitter_creator":"@uartesec","twitter_site":"@uartesec","twitter_misc":{"\u00c9crit par":"ccortez","Dur\u00e9e de lecture estim\u00e9e":"3 minutes"},"schema":{"@context":"https:\/\/schema.org","@graph":[{"@type":"Article","@id":"https:\/\/www.uartes.edu.ec\/sitio\/fr\/blog\/2023\/11\/10\/todos-somos-david-ledesma\/#article","isPartOf":{"@id":"https:\/\/www.uartes.edu.ec\/sitio\/fr\/blog\/2023\/11\/10\/todos-somos-david-ledesma\/"},"author":{"name":"ccortez","@id":"https:\/\/www.uartes.edu.ec\/sitio\/fr\/#\/schema\/person\/efa1b8275797664fd7f13a79ccc0b1f4"},"headline":"Todos somos David Ledesma","datePublished":"2023-11-10T19:59:00+00:00","dateModified":"2024-07-04T16:20:29+00:00","mainEntityOfPage":{"@id":"https:\/\/www.uartes.edu.ec\/sitio\/fr\/blog\/2023\/11\/10\/todos-somos-david-ledesma\/"},"wordCount":686,"commentCount":0,"publisher":{"@id":"https:\/\/www.uartes.edu.ec\/sitio\/fr\/#organization"},"image":{"@id":"https:\/\/www.uartes.edu.ec\/sitio\/fr\/blog\/2023\/11\/10\/todos-somos-david-ledesma\/#primaryimage"},"thumbnailUrl":"https:\/\/www.uartes.edu.ec\/sitio\/wp-content\/uploads\/2023\/12\/01-LIBRE-LIBRO-LEDESMA.jpg","keywords":["Libre Libro"],"articleSection":["Acad\u00e9mico","Docentes","Estudiantes","Literatura"],"inLanguage":"fr-FR","potentialAction":[{"@type":"CommentAction","name":"Comment","target":["https:\/\/www.uartes.edu.ec\/sitio\/fr\/blog\/2023\/11\/10\/todos-somos-david-ledesma\/#respond"]}]},{"@type":["WebPage","ItemPage"],"@id":"https:\/\/www.uartes.edu.ec\/sitio\/fr\/blog\/2023\/11\/10\/todos-somos-david-ledesma\/","url":"https:\/\/www.uartes.edu.ec\/sitio\/fr\/blog\/2023\/11\/10\/todos-somos-david-ledesma\/","name":"Universidad de las Artes - Todos somos David Ledesma","isPartOf":{"@id":"https:\/\/www.uartes.edu.ec\/sitio\/fr\/#website"},"primaryImageOfPage":{"@id":"https:\/\/www.uartes.edu.ec\/sitio\/fr\/blog\/2023\/11\/10\/todos-somos-david-ledesma\/#primaryimage"},"image":{"@id":"https:\/\/www.uartes.edu.ec\/sitio\/fr\/blog\/2023\/11\/10\/todos-somos-david-ledesma\/#primaryimage"},"thumbnailUrl":"https:\/\/www.uartes.edu.ec\/sitio\/wp-content\/uploads\/2023\/12\/01-LIBRE-LIBRO-LEDESMA.jpg","datePublished":"2023-11-10T19:59:00+00:00","dateModified":"2024-07-04T16:20:29+00:00","description":"Universidad de las Artes - Todos somos David Ledesma","breadcrumb":{"@id":"https:\/\/www.uartes.edu.ec\/sitio\/fr\/blog\/2023\/11\/10\/todos-somos-david-ledesma\/#breadcrumb"},"inLanguage":"fr-FR","potentialAction":[{"@type":"ReadAction","target":["https:\/\/www.uartes.edu.ec\/sitio\/fr\/blog\/2023\/11\/10\/todos-somos-david-ledesma\/"]}]},{"@type":"ImageObject","inLanguage":"fr-FR","@id":"https:\/\/www.uartes.edu.ec\/sitio\/fr\/blog\/2023\/11\/10\/todos-somos-david-ledesma\/#primaryimage","url":"https:\/\/www.uartes.edu.ec\/sitio\/wp-content\/uploads\/2023\/12\/01-LIBRE-LIBRO-LEDESMA.jpg","contentUrl":"https:\/\/www.uartes.edu.ec\/sitio\/wp-content\/uploads\/2023\/12\/01-LIBRE-LIBRO-LEDESMA.jpg","width":2000,"height":1333},{"@type":"BreadcrumbList","@id":"https:\/\/www.uartes.edu.ec\/sitio\/fr\/blog\/2023\/11\/10\/todos-somos-david-ledesma\/#breadcrumb","itemListElement":[{"@type":"ListItem","position":1,"name":"Inicio","item":"https:\/\/www.uartes.edu.ec\/sitio\/"},{"@type":"ListItem","position":2,"name":"Todos somos David Ledesma"}]},{"@type":"WebSite","@id":"https:\/\/www.uartes.edu.ec\/sitio\/fr\/#website","url":"https:\/\/www.uartes.edu.ec\/sitio\/fr\/","name":"Universidad de las Artes","description":"Sitio oficial de la Universidad Nacional de las Artes del Ecuador","publisher":{"@id":"https:\/\/www.uartes.edu.ec\/sitio\/fr\/#organization"},"potentialAction":[{"@type":"SearchAction","target":{"@type":"EntryPoint","urlTemplate":"https:\/\/www.uartes.edu.ec\/sitio\/fr\/?s={search_term_string}"},"query-input":{"@type":"PropertyValueSpecification","valueRequired":true,"valueName":"search_term_string"}}],"inLanguage":"fr-FR"},{"@type":"Organization","@id":"https:\/\/www.uartes.edu.ec\/sitio\/fr\/#organization","name":"Universidad de las Artes","url":"https:\/\/www.uartes.edu.ec\/sitio\/fr\/","logo":{"@type":"ImageObject","inLanguage":"fr-FR","@id":"https:\/\/www.uartes.edu.ec\/sitio\/fr\/#\/schema\/logo\/image\/","url":"https:\/\/www.uartes.edu.ec\/sitio\/wp-content\/uploads\/2022\/07\/logo-ua-horizontal.png","contentUrl":"https:\/\/www.uartes.edu.ec\/sitio\/wp-content\/uploads\/2022\/07\/logo-ua-horizontal.png","width":800,"height":276,"caption":"Universidad de las Artes"},"image":{"@id":"https:\/\/www.uartes.edu.ec\/sitio\/fr\/#\/schema\/logo\/image\/"},"sameAs":["https:\/\/www.facebook.com\/uartesec","https:\/\/x.com\/uartesec","https:\/\/www.tiktok.com\/@uartesec"]},{"@type":"Person","@id":"https:\/\/www.uartes.edu.ec\/sitio\/fr\/#\/schema\/person\/efa1b8275797664fd7f13a79ccc0b1f4","name":"ccortez","image":{"@type":"ImageObject","inLanguage":"fr-FR","@id":"https:\/\/secure.gravatar.com\/avatar\/b2a6f664a3ae8e074346ef91775736c5ec479e637ecced6842de9dc98b5da9cd?s=96&d=mm&r=g","url":"https:\/\/secure.gravatar.com\/avatar\/b2a6f664a3ae8e074346ef91775736c5ec479e637ecced6842de9dc98b5da9cd?s=96&d=mm&r=g","contentUrl":"https:\/\/secure.gravatar.com\/avatar\/b2a6f664a3ae8e074346ef91775736c5ec479e637ecced6842de9dc98b5da9cd?s=96&d=mm&r=g","caption":"ccortez"},"url":"https:\/\/www.uartes.edu.ec\/sitio\/fr\/blog\/author\/ccortez\/"}]}},"uagb_featured_image_src":{"full":["https:\/\/www.uartes.edu.ec\/sitio\/wp-content\/uploads\/2023\/12\/01-LIBRE-LIBRO-LEDESMA.jpg",2000,1333,false],"thumbnail":["https:\/\/www.uartes.edu.ec\/sitio\/wp-content\/uploads\/2023\/12\/01-LIBRE-LIBRO-LEDESMA-150x150.jpg",150,150,true],"medium":["https:\/\/www.uartes.edu.ec\/sitio\/wp-content\/uploads\/2023\/12\/01-LIBRE-LIBRO-LEDESMA-300x300.jpg",300,300,true],"medium_large":["https:\/\/www.uartes.edu.ec\/sitio\/wp-content\/uploads\/2023\/12\/01-LIBRE-LIBRO-LEDESMA-768x511.jpg",768,511,true],"large":["https:\/\/www.uartes.edu.ec\/sitio\/wp-content\/uploads\/2023\/12\/01-LIBRE-LIBRO-LEDESMA-644x429.jpg",644,429,true],"1536x1536":["https:\/\/www.uartes.edu.ec\/sitio\/wp-content\/uploads\/2023\/12\/01-LIBRE-LIBRO-LEDESMA-1536x1536.jpg",1536,1536,true],"2048x2048":["https:\/\/www.uartes.edu.ec\/sitio\/wp-content\/uploads\/2023\/12\/01-LIBRE-LIBRO-LEDESMA-2000x1333.jpg",2000,1333,true],"trp-custom-language-flag":["https:\/\/www.uartes.edu.ec\/sitio\/wp-content\/uploads\/2023\/12\/01-LIBRE-LIBRO-LEDESMA.jpg",18,12,false],"htmega_size_585x295":["https:\/\/www.uartes.edu.ec\/sitio\/wp-content\/uploads\/2023\/12\/01-LIBRE-LIBRO-LEDESMA-585x295.jpg",585,295,true],"htmega_size_1170x536":["https:\/\/www.uartes.edu.ec\/sitio\/wp-content\/uploads\/2023\/12\/01-LIBRE-LIBRO-LEDESMA-1170x536.jpg",1170,536,true],"htmega_size_396x360":["https:\/\/www.uartes.edu.ec\/sitio\/wp-content\/uploads\/2023\/12\/01-LIBRE-LIBRO-LEDESMA-396x360.jpg",396,360,true],"gb-block-post-grid-landscape":["https:\/\/www.uartes.edu.ec\/sitio\/wp-content\/uploads\/2023\/12\/01-LIBRE-LIBRO-LEDESMA-600x400.jpg",600,400,true],"gb-block-post-grid-square":["https:\/\/www.uartes.edu.ec\/sitio\/wp-content\/uploads\/2023\/12\/01-LIBRE-LIBRO-LEDESMA-600x600.jpg",600,600,true],"university-hub-thumb":["https:\/\/www.uartes.edu.ec\/sitio\/wp-content\/uploads\/2023\/12\/01-LIBRE-LIBRO-LEDESMA-400x300.jpg",400,300,true]},"uagb_author_info":{"display_name":"ccortez","author_link":"https:\/\/www.uartes.edu.ec\/sitio\/fr\/blog\/author\/ccortez\/"},"uagb_comment_info":0,"uagb_excerpt":"\u201cDavid Ledesma, la inmensa soledad del mundo\u201d. Esta propuesta de lectura dramatizada de textos l\u00edricos, a prop\u00f3sito de los 70 a\u00f1os de la publicaci\u00f3n del poemario \u201cCristal\u201d del autor ecuatoriano, tuvo lugar en la primera jornada de Libre Libro, este mi\u00e9rcoles 8 de noviembre. Con la coordinaci\u00f3n de la docente y escritora Cecilia Velasco participaron\u2026","featured_image_src":"https:\/\/www.uartes.edu.ec\/sitio\/wp-content\/uploads\/2023\/12\/01-LIBRE-LIBRO-LEDESMA-600x400.jpg","featured_image_src_square":"https:\/\/www.uartes.edu.ec\/sitio\/wp-content\/uploads\/2023\/12\/01-LIBRE-LIBRO-LEDESMA-600x600.jpg","author_info":{"display_name":"ccortez","author_link":"https:\/\/www.uartes.edu.ec\/sitio\/fr\/blog\/author\/ccortez\/"},"publishpress_future_workflow_manual_trigger":{"enabledWorkflows":[]},"distributor_meta":false,"distributor_terms":false,"distributor_media":false,"distributor_original_site_name":"Universidad de las Artes","distributor_original_site_url":"https:\/\/www.uartes.edu.ec\/sitio\/fr","push-errors":false,"_links":{"self":[{"href":"https:\/\/www.uartes.edu.ec\/sitio\/fr\/wp-json\/wp\/v2\/posts\/48756","targetHints":{"allow":["GET"]}}],"collection":[{"href":"https:\/\/www.uartes.edu.ec\/sitio\/fr\/wp-json\/wp\/v2\/posts"}],"about":[{"href":"https:\/\/www.uartes.edu.ec\/sitio\/fr\/wp-json\/wp\/v2\/types\/post"}],"author":[{"embeddable":true,"href":"https:\/\/www.uartes.edu.ec\/sitio\/fr\/wp-json\/wp\/v2\/users\/10"}],"replies":[{"embeddable":true,"href":"https:\/\/www.uartes.edu.ec\/sitio\/fr\/wp-json\/wp\/v2\/comments?post=48756"}],"version-history":[{"count":3,"href":"https:\/\/www.uartes.edu.ec\/sitio\/fr\/wp-json\/wp\/v2\/posts\/48756\/revisions"}],"predecessor-version":[{"id":48764,"href":"https:\/\/www.uartes.edu.ec\/sitio\/fr\/wp-json\/wp\/v2\/posts\/48756\/revisions\/48764"}],"wp:featuredmedia":[{"embeddable":true,"href":"https:\/\/www.uartes.edu.ec\/sitio\/fr\/wp-json\/wp\/v2\/media\/48758"}],"wp:attachment":[{"href":"https:\/\/www.uartes.edu.ec\/sitio\/fr\/wp-json\/wp\/v2\/media?parent=48756"}],"wp:term":[{"taxonomy":"category","embeddable":true,"href":"https:\/\/www.uartes.edu.ec\/sitio\/fr\/wp-json\/wp\/v2\/categories?post=48756"},{"taxonomy":"post_tag","embeddable":true,"href":"https:\/\/www.uartes.edu.ec\/sitio\/fr\/wp-json\/wp\/v2\/tags?post=48756"},{"taxonomy":"infouartes","embeddable":true,"href":"https:\/\/www.uartes.edu.ec\/sitio\/fr\/wp-json\/wp\/v2\/infouartes?post=48756"}],"curies":[{"name":"wp","href":"https:\/\/api.w.org\/{rel}","templated":true}]}}