{"id":49344,"date":"2023-12-11T16:15:00","date_gmt":"2023-12-11T21:15:00","guid":{"rendered":"https:\/\/www.uartes.edu.ec\/sitio\/?p=49344"},"modified":"2024-07-04T11:20:21","modified_gmt":"2024-07-04T16:20:21","slug":"alumnus-rocio-soria-comparte-su-experiencia-en-la-residencia-artistica-labiar-en-mexico","status":"publish","type":"post","link":"https:\/\/www.uartes.edu.ec\/sitio\/fr\/blog\/2023\/12\/11\/alumnus-rocio-soria-comparte-su-experiencia-en-la-residencia-artistica-labiar-en-mexico\/","title":{"rendered":"Roc\u00edo Soria, graduada UArtes de pre y posgrado, comparte su experiencia en residencia art\u00edstica mexicana LaBIAR"},"content":{"rendered":"<p>El 30 de abril de este a\u00f1o marc\u00f3 el inicio de mi experiencia en la residencia art\u00edstica LaBIAR en Lolita Pank, situada en la Ciudad de M\u00e9xico. LaBIAR, que significa Laboratoria de Imaginaci\u00f3n+Investigaci\u00f3n Art\u00edstica, es un programa centrado en el acompa\u00f1amiento creativo a trav\u00e9s de cuatro n\u00facleos: Creatividad, Salud (acompa\u00f1amiento psicol\u00f3gico), Econom\u00eda y Conexi\u00f3n.<\/p>\n\n\n\n<p>Lolita Pank Grrr! es un sello de arte y dise\u00f1o dedicado a la exhibici\u00f3n y venta de obras. Fundado en 2019 por la artista visual Alma Camelia (@alma_camelia), cada programa cuenta con colaboradores y aliados comprometidos.<\/p>\n\n\n\n<p>Durante los tres meses de mi residencia, tuve el privilegio de contar con maestras inspiradoras, como Alma Camelia, Carmen Rossette, Sonia Madrigal, IdKebra, Nadia Cort\u00e9s, Sayak Valencia, Lorena Kab\u2019Nal, Kekena Corval\u00e1n y Fabiola Iza. Juntas exploramos el sentipensarhacer, impulsadas por nuestras motivaciones e intereses compartidos.<\/p>\n\n\n\n<figure class=\"wp-block-image size-large\"><img fetchpriority=\"high\" decoding=\"async\" width=\"644\" height=\"429\" src=\"https:\/\/www.uartes.edu.ec\/sitio\/wp-content\/uploads\/2023\/12\/03-ROCIO-SORIA-644x429.jpg\" alt=\"\" class=\"wp-image-49357\" srcset=\"https:\/\/www.uartes.edu.ec\/sitio\/wp-content\/uploads\/2023\/12\/03-ROCIO-SORIA-644x429.jpg 644w, https:\/\/www.uartes.edu.ec\/sitio\/wp-content\/uploads\/2023\/12\/03-ROCIO-SORIA-768x511.jpg 768w, https:\/\/www.uartes.edu.ec\/sitio\/wp-content\/uploads\/2023\/12\/03-ROCIO-SORIA.jpg 2000w, https:\/\/www.uartes.edu.ec\/sitio\/wp-content\/uploads\/2023\/12\/03-ROCIO-SORIA-600x399.jpg 600w, https:\/\/www.uartes.edu.ec\/sitio\/wp-content\/uploads\/2023\/12\/03-ROCIO-SORIA-272x182.jpg 272w\" sizes=\"(max-width: 644px) 100vw, 644px\" \/><\/figure>\n\n\n\n<p>La residencia se estructur\u00f3 en ocho n\u00facleos fundamentales: 1. imaginar, 2. cuerpa, 3. materialidades, 4. salud, 5. econom\u00eda, 6. Tetris, 7. conexi\u00f3n y 8. curadur\u00eda. A trav\u00e9s de estos generamos un sentipensares colectivxs, buscando descentralizar el pensamiento, adoptando una perspectiva multic\u00e9ntrica y cuidando nuestrxs afectxs. Compartimos experiencias a trav\u00e9s de caminatas, canto, baile, llanto, escritura, conversaci\u00f3n, escucha, acompa\u00f1amiento, ideaci\u00f3n, generaci\u00f3n de m\u00e9todos, desaprendizaje y reaprendizaje.<\/p>\n\n\n\n<p>La generaci\u00f3n 3 de LaBIAR incluye a Ingrid Cota Morgan, Sag Cari\u00f1o, Andrea Lemusa Betancourt (Amarilla), Stefanie B\u00f3rquez (Stefanie Vrtx), Tanya Lomar, Alejandra Flores, Betzabeth Torres, Diana Maybeth, Helena Ortega, Karime Rajme, Gabriela Sandoval, Leslie Pita, Mar\u00eda Mendez, Mariana Toff, Lluvia Guevara, Tania Gutierrez y Roc\u00edo Soria-D\u00edaz.<\/p>\n\n\n\n<p>Durante esta residencia contribuimos al descentramiento colectivo del pensamiento sobre Ser Bruja, y fue aqu\u00ed donde comenc\u00e9 a desarrollar un pensamiento y pr\u00e1ctica multic\u00e9ntrica aplicada a mis propias experiencias art\u00edsticas. Este proceso reson\u00f3 desde mi tesina de m\u00e1ster en Artes Visuales y Nuevos Medios hasta mi primer solo show, entre otras pr\u00e1cticas y exhibiciones colectivas.<\/p>\n\n\n\n<figure class=\"wp-block-image size-large\"><img decoding=\"async\" width=\"644\" height=\"429\" src=\"https:\/\/www.uartes.edu.ec\/sitio\/wp-content\/uploads\/2023\/12\/01-ROCIO-SORIA-644x429.jpg\" alt=\"\" class=\"wp-image-49359\" srcset=\"https:\/\/www.uartes.edu.ec\/sitio\/wp-content\/uploads\/2023\/12\/01-ROCIO-SORIA-644x429.jpg 644w, https:\/\/www.uartes.edu.ec\/sitio\/wp-content\/uploads\/2023\/12\/01-ROCIO-SORIA-768x511.jpg 768w, https:\/\/www.uartes.edu.ec\/sitio\/wp-content\/uploads\/2023\/12\/01-ROCIO-SORIA.jpg 2000w, https:\/\/www.uartes.edu.ec\/sitio\/wp-content\/uploads\/2023\/12\/01-ROCIO-SORIA-600x399.jpg 600w, https:\/\/www.uartes.edu.ec\/sitio\/wp-content\/uploads\/2023\/12\/01-ROCIO-SORIA-272x182.jpg 272w\" sizes=\"(max-width: 644px) 100vw, 644px\" \/><\/figure>\n\n\n\n<p>Mi primer solo show, que evoca la nostalgia de todo el proceso, me brind\u00f3 la oportunidad de experimentar con medios que siempre formaron parte de mis pr\u00e1cticas, pero que no hab\u00edan sido reconocidos p\u00fablicamente. Explor\u00e9 el dibujo, la bit\u00e1cora, la poes\u00eda performativa, la instalaci\u00f3n, el bordado sensorial, el blog, la fotograf\u00eda y las esencias. Al llegar a la Ciudad de M\u00e9xico, me conect\u00e9 profundamente con los olores y las esencias, utiliz\u00e1ndolos con consciencia para generar esencias de cuatro tonos que representan los elementos tierra, agua, fuego y aire.<\/p>\n\n\n\n<p>Tenemos, adem\u00e1s, la emoci\u00f3n de anunciar que, en abril de 2024, se llevar\u00e1 a cabo una exposici\u00f3n colectiva que reunir\u00e1 las obras de toda la generaci\u00f3n 3 de LaBIAR en Lolita Pank, CDMX.<\/p>\n\n\n\n<p>Debo anotar tambi\u00e9n que, en este mismo periodo \u2013entre abril y agosto\u2013, tuve la oportunidad de formar parte de La Chachara Ambulante, bajo la direcci\u00f3n de Dora Bartilotti de MediaLabmx, y en Costurero Electr\u00f3nico. Exploramos los textiles electr\u00f3nicos como medios t\u00e1cticos para reflexionar sobre nuestra presencia en la calle, como mujeres y disidencias en M\u00e9xico. Colaboramos en diversos ejercicios y al t\u00e9rmino del laboratorio cada participante cre\u00f3 su propio electrotextil callejero. Estos trabajos fueron exhibidos como parte de la activaci\u00f3n de la muestra TentaOcular en el museo Ex-teresa el 16 de junio. Integrantes: Valentina Vel\u00e1zquez de Le\u00f3n, Emiliano Calixto Anario aka Sra. Interesante, Aniux Dez,&nbsp; Nesti, Natalia Alvarez, Victoria Yuritzin Barrientos aka Nawalx , Roc\u00edo Soria D\u00edaz, entre otrxs.<\/p>\n\n\n\n<p>Adicionalmente, form\u00e9 parte del seminario \u201cApuntes para la Naturaleza\u201d, impartido por M\u00f3nica Nepote en el Centro Cultural Digital. En este espacio reflexivo exploramos a fondo temas relacionados con las semillas, el futuro y la preservaci\u00f3n de semillas end\u00e9micas.<\/p>\n\n\n\n<p>Texto y fotos: mag\u00edster Roc\u00edo Soria D\u00edaz, graduada UArtes.<\/p>","protected":false},"excerpt":{"rendered":"<p>Se gradu\u00f3 en Artes Visuales y luego curs\u00f3 la maestr\u00eda de Artes Visuales y Nuevos Medios, ambas en la Universidad de las Artes. Roc\u00edo Soria comparte con la comunidad UArtes su experiencia en la residencia art\u00edstica LaBIAR (siglas que significan Laboratoria de Imaginaci\u00f3n + Investigaci\u00f3n Art\u00edstica), que realiz\u00f3 en M\u00e9xico. En primera persona se\u00f1ala su crecimiento profesional y personal.<\/p>","protected":false},"author":10,"featured_media":49356,"comment_status":"open","ping_status":"open","sticky":false,"template":"","format":"standard","meta":{"_acf_changed":false,"_uag_custom_page_level_css":"","_monsterinsights_skip_tracking":false,"_monsterinsights_sitenote_active":false,"_monsterinsights_sitenote_note":"","_monsterinsights_sitenote_category":0,"cybocfi_hide_featured_image":"","footnotes":""},"categories":[80,157,77,284,264],"tags":[943],"infouartes":[],"class_list":["post-49344","post","type-post","status-publish","format-standard","has-post-thumbnail","hentry","category-academico","category-artes-visuales","category-gestion","category-investigacion","category-maestrias","tag-residencia"],"acf":[],"yoast_head":"<!-- This site is optimized with the Yoast SEO plugin v27.4 - https:\/\/yoast.com\/product\/yoast-seo-wordpress\/ -->\n<title>Universidad de las Artes - Roc\u00edo Soria, graduada UArtes de pre y posgrado, comparte su experiencia en residencia art\u00edstica mexicana LaBIAR<\/title>\n<meta name=\"description\" content=\"Universidad de las Artes - Roc\u00edo Soria, graduada UArtes de pre y posgrado, comparte su experiencia en residencia art\u00edstica mexicana LaBIAR\" \/>\n<meta name=\"robots\" content=\"index, follow, max-snippet:-1, max-image-preview:large, max-video-preview:-1\" \/>\n<link rel=\"canonical\" href=\"https:\/\/www.uartes.edu.ec\/sitio\/fr\/blog\/2023\/12\/11\/alumnus-rocio-soria-comparte-su-experiencia-en-la-residencia-artistica-labiar-en-mexico\/\" \/>\n<meta property=\"og:locale\" content=\"fr_FR\" \/>\n<meta property=\"og:type\" content=\"article\" \/>\n<meta property=\"og:title\" content=\"Universidad de las Artes - Roc\u00edo Soria, graduada UArtes de pre y posgrado, comparte su experiencia en residencia art\u00edstica mexicana LaBIAR\" \/>\n<meta property=\"og:description\" content=\"Universidad de las Artes - Roc\u00edo Soria, graduada UArtes de pre y posgrado, comparte su experiencia en residencia art\u00edstica mexicana LaBIAR\" \/>\n<meta property=\"og:url\" content=\"https:\/\/www.uartes.edu.ec\/sitio\/fr\/blog\/2023\/12\/11\/alumnus-rocio-soria-comparte-su-experiencia-en-la-residencia-artistica-labiar-en-mexico\/\" \/>\n<meta property=\"og:site_name\" content=\"Universidad de las Artes\" \/>\n<meta property=\"article:publisher\" content=\"https:\/\/www.facebook.com\/uartesec\" \/>\n<meta property=\"article:published_time\" content=\"2023-12-11T21:15:00+00:00\" \/>\n<meta property=\"article:modified_time\" content=\"2024-07-04T16:20:21+00:00\" \/>\n<meta property=\"og:image\" content=\"https:\/\/www.uartes.edu.ec\/sitio\/wp-content\/uploads\/2023\/12\/02-ROCIO-SORIA.jpg\" \/>\n\t<meta property=\"og:image:width\" content=\"2000\" \/>\n\t<meta property=\"og:image:height\" content=\"1333\" \/>\n\t<meta property=\"og:image:type\" content=\"image\/jpeg\" \/>\n<meta name=\"author\" content=\"ccortez\" \/>\n<meta name=\"twitter:card\" content=\"summary_large_image\" \/>\n<meta name=\"twitter:creator\" content=\"@uartesec\" \/>\n<meta name=\"twitter:site\" content=\"@uartesec\" \/>\n<meta name=\"twitter:label1\" content=\"\u00c9crit par\" \/>\n\t<meta name=\"twitter:data1\" content=\"ccortez\" \/>\n\t<meta name=\"twitter:label2\" content=\"Dur\u00e9e de lecture estim\u00e9e\" \/>\n\t<meta name=\"twitter:data2\" content=\"4 minutes\" \/>\n<script type=\"application\/ld+json\" class=\"yoast-schema-graph\">{\"@context\":\"https:\\\/\\\/schema.org\",\"@graph\":[{\"@type\":\"Article\",\"@id\":\"https:\\\/\\\/www.uartes.edu.ec\\\/sitio\\\/fr\\\/blog\\\/2023\\\/12\\\/11\\\/alumnus-rocio-soria-comparte-su-experiencia-en-la-residencia-artistica-labiar-en-mexico\\\/#article\",\"isPartOf\":{\"@id\":\"https:\\\/\\\/www.uartes.edu.ec\\\/sitio\\\/fr\\\/blog\\\/2023\\\/12\\\/11\\\/alumnus-rocio-soria-comparte-su-experiencia-en-la-residencia-artistica-labiar-en-mexico\\\/\"},\"author\":{\"name\":\"ccortez\",\"@id\":\"https:\\\/\\\/www.uartes.edu.ec\\\/sitio\\\/fr\\\/#\\\/schema\\\/person\\\/efa1b8275797664fd7f13a79ccc0b1f4\"},\"headline\":\"Roc\u00edo Soria, graduada UArtes de pre y posgrado, comparte su experiencia en residencia art\u00edstica mexicana LaBIAR\",\"datePublished\":\"2023-12-11T21:15:00+00:00\",\"dateModified\":\"2024-07-04T16:20:21+00:00\",\"mainEntityOfPage\":{\"@id\":\"https:\\\/\\\/www.uartes.edu.ec\\\/sitio\\\/fr\\\/blog\\\/2023\\\/12\\\/11\\\/alumnus-rocio-soria-comparte-su-experiencia-en-la-residencia-artistica-labiar-en-mexico\\\/\"},\"wordCount\":667,\"commentCount\":0,\"publisher\":{\"@id\":\"https:\\\/\\\/www.uartes.edu.ec\\\/sitio\\\/fr\\\/#organization\"},\"image\":{\"@id\":\"https:\\\/\\\/www.uartes.edu.ec\\\/sitio\\\/fr\\\/blog\\\/2023\\\/12\\\/11\\\/alumnus-rocio-soria-comparte-su-experiencia-en-la-residencia-artistica-labiar-en-mexico\\\/#primaryimage\"},\"thumbnailUrl\":\"https:\\\/\\\/www.uartes.edu.ec\\\/sitio\\\/wp-content\\\/uploads\\\/2023\\\/12\\\/02-ROCIO-SORIA.jpg\",\"keywords\":[\"residencia\"],\"articleSection\":[\"Acad\u00e9mico\",\"Artes Visuales\",\"Gesti\u00f3n\",\"Investigaci\u00f3n\",\"Maestr\u00edas\"],\"inLanguage\":\"fr-FR\",\"potentialAction\":[{\"@type\":\"CommentAction\",\"name\":\"Comment\",\"target\":[\"https:\\\/\\\/www.uartes.edu.ec\\\/sitio\\\/fr\\\/blog\\\/2023\\\/12\\\/11\\\/alumnus-rocio-soria-comparte-su-experiencia-en-la-residencia-artistica-labiar-en-mexico\\\/#respond\"]}]},{\"@type\":[\"WebPage\",\"ItemPage\"],\"@id\":\"https:\\\/\\\/www.uartes.edu.ec\\\/sitio\\\/fr\\\/blog\\\/2023\\\/12\\\/11\\\/alumnus-rocio-soria-comparte-su-experiencia-en-la-residencia-artistica-labiar-en-mexico\\\/\",\"url\":\"https:\\\/\\\/www.uartes.edu.ec\\\/sitio\\\/fr\\\/blog\\\/2023\\\/12\\\/11\\\/alumnus-rocio-soria-comparte-su-experiencia-en-la-residencia-artistica-labiar-en-mexico\\\/\",\"name\":\"Universidad de las Artes - Roc\u00edo Soria, graduada UArtes de pre y posgrado, comparte su experiencia en residencia art\u00edstica mexicana LaBIAR\",\"isPartOf\":{\"@id\":\"https:\\\/\\\/www.uartes.edu.ec\\\/sitio\\\/fr\\\/#website\"},\"primaryImageOfPage\":{\"@id\":\"https:\\\/\\\/www.uartes.edu.ec\\\/sitio\\\/fr\\\/blog\\\/2023\\\/12\\\/11\\\/alumnus-rocio-soria-comparte-su-experiencia-en-la-residencia-artistica-labiar-en-mexico\\\/#primaryimage\"},\"image\":{\"@id\":\"https:\\\/\\\/www.uartes.edu.ec\\\/sitio\\\/fr\\\/blog\\\/2023\\\/12\\\/11\\\/alumnus-rocio-soria-comparte-su-experiencia-en-la-residencia-artistica-labiar-en-mexico\\\/#primaryimage\"},\"thumbnailUrl\":\"https:\\\/\\\/www.uartes.edu.ec\\\/sitio\\\/wp-content\\\/uploads\\\/2023\\\/12\\\/02-ROCIO-SORIA.jpg\",\"datePublished\":\"2023-12-11T21:15:00+00:00\",\"dateModified\":\"2024-07-04T16:20:21+00:00\",\"description\":\"Universidad de las Artes - Roc\u00edo Soria, graduada UArtes de pre y posgrado, comparte su experiencia en residencia art\u00edstica mexicana LaBIAR\",\"breadcrumb\":{\"@id\":\"https:\\\/\\\/www.uartes.edu.ec\\\/sitio\\\/fr\\\/blog\\\/2023\\\/12\\\/11\\\/alumnus-rocio-soria-comparte-su-experiencia-en-la-residencia-artistica-labiar-en-mexico\\\/#breadcrumb\"},\"inLanguage\":\"fr-FR\",\"potentialAction\":[{\"@type\":\"ReadAction\",\"target\":[\"https:\\\/\\\/www.uartes.edu.ec\\\/sitio\\\/fr\\\/blog\\\/2023\\\/12\\\/11\\\/alumnus-rocio-soria-comparte-su-experiencia-en-la-residencia-artistica-labiar-en-mexico\\\/\"]}]},{\"@type\":\"ImageObject\",\"inLanguage\":\"fr-FR\",\"@id\":\"https:\\\/\\\/www.uartes.edu.ec\\\/sitio\\\/fr\\\/blog\\\/2023\\\/12\\\/11\\\/alumnus-rocio-soria-comparte-su-experiencia-en-la-residencia-artistica-labiar-en-mexico\\\/#primaryimage\",\"url\":\"https:\\\/\\\/www.uartes.edu.ec\\\/sitio\\\/wp-content\\\/uploads\\\/2023\\\/12\\\/02-ROCIO-SORIA.jpg\",\"contentUrl\":\"https:\\\/\\\/www.uartes.edu.ec\\\/sitio\\\/wp-content\\\/uploads\\\/2023\\\/12\\\/02-ROCIO-SORIA.jpg\",\"width\":2000,\"height\":1333},{\"@type\":\"BreadcrumbList\",\"@id\":\"https:\\\/\\\/www.uartes.edu.ec\\\/sitio\\\/fr\\\/blog\\\/2023\\\/12\\\/11\\\/alumnus-rocio-soria-comparte-su-experiencia-en-la-residencia-artistica-labiar-en-mexico\\\/#breadcrumb\",\"itemListElement\":[{\"@type\":\"ListItem\",\"position\":1,\"name\":\"Inicio\",\"item\":\"https:\\\/\\\/www.uartes.edu.ec\\\/sitio\\\/\"},{\"@type\":\"ListItem\",\"position\":2,\"name\":\"Roc\u00edo Soria, graduada UArtes de pre y posgrado, comparte su experiencia en residencia art\u00edstica mexicana LaBIAR\"}]},{\"@type\":\"WebSite\",\"@id\":\"https:\\\/\\\/www.uartes.edu.ec\\\/sitio\\\/fr\\\/#website\",\"url\":\"https:\\\/\\\/www.uartes.edu.ec\\\/sitio\\\/fr\\\/\",\"name\":\"Universidad de las Artes\",\"description\":\"Sitio oficial de la Universidad Nacional de las Artes del Ecuador\",\"publisher\":{\"@id\":\"https:\\\/\\\/www.uartes.edu.ec\\\/sitio\\\/fr\\\/#organization\"},\"potentialAction\":[{\"@type\":\"SearchAction\",\"target\":{\"@type\":\"EntryPoint\",\"urlTemplate\":\"https:\\\/\\\/www.uartes.edu.ec\\\/sitio\\\/fr\\\/?s={search_term_string}\"},\"query-input\":{\"@type\":\"PropertyValueSpecification\",\"valueRequired\":true,\"valueName\":\"search_term_string\"}}],\"inLanguage\":\"fr-FR\"},{\"@type\":\"Organization\",\"@id\":\"https:\\\/\\\/www.uartes.edu.ec\\\/sitio\\\/fr\\\/#organization\",\"name\":\"Universidad de las Artes\",\"url\":\"https:\\\/\\\/www.uartes.edu.ec\\\/sitio\\\/fr\\\/\",\"logo\":{\"@type\":\"ImageObject\",\"inLanguage\":\"fr-FR\",\"@id\":\"https:\\\/\\\/www.uartes.edu.ec\\\/sitio\\\/fr\\\/#\\\/schema\\\/logo\\\/image\\\/\",\"url\":\"https:\\\/\\\/www.uartes.edu.ec\\\/sitio\\\/wp-content\\\/uploads\\\/2022\\\/07\\\/logo-ua-horizontal.png\",\"contentUrl\":\"https:\\\/\\\/www.uartes.edu.ec\\\/sitio\\\/wp-content\\\/uploads\\\/2022\\\/07\\\/logo-ua-horizontal.png\",\"width\":800,\"height\":276,\"caption\":\"Universidad de las Artes\"},\"image\":{\"@id\":\"https:\\\/\\\/www.uartes.edu.ec\\\/sitio\\\/fr\\\/#\\\/schema\\\/logo\\\/image\\\/\"},\"sameAs\":[\"https:\\\/\\\/www.facebook.com\\\/uartesec\",\"https:\\\/\\\/x.com\\\/uartesec\",\"https:\\\/\\\/www.tiktok.com\\\/@uartesec\"]},{\"@type\":\"Person\",\"@id\":\"https:\\\/\\\/www.uartes.edu.ec\\\/sitio\\\/fr\\\/#\\\/schema\\\/person\\\/efa1b8275797664fd7f13a79ccc0b1f4\",\"name\":\"ccortez\",\"image\":{\"@type\":\"ImageObject\",\"inLanguage\":\"fr-FR\",\"@id\":\"https:\\\/\\\/secure.gravatar.com\\\/avatar\\\/b2a6f664a3ae8e074346ef91775736c5ec479e637ecced6842de9dc98b5da9cd?s=96&d=mm&r=g\",\"url\":\"https:\\\/\\\/secure.gravatar.com\\\/avatar\\\/b2a6f664a3ae8e074346ef91775736c5ec479e637ecced6842de9dc98b5da9cd?s=96&d=mm&r=g\",\"contentUrl\":\"https:\\\/\\\/secure.gravatar.com\\\/avatar\\\/b2a6f664a3ae8e074346ef91775736c5ec479e637ecced6842de9dc98b5da9cd?s=96&d=mm&r=g\",\"caption\":\"ccortez\"},\"url\":\"https:\\\/\\\/www.uartes.edu.ec\\\/sitio\\\/fr\\\/blog\\\/author\\\/ccortez\\\/\"}]}<\/script>\n<!-- \/ Yoast SEO plugin. -->","yoast_head_json":{"title":"Universidad de las Artes - Roc\u00edo Soria, graduada UArtes de pre y posgrado, comparte su experiencia en residencia art\u00edstica mexicana LaBIAR","description":"Universidad de las Artes - Roc\u00edo Soria, graduada UArtes de pre y posgrado, comparte su experiencia en residencia art\u00edstica mexicana LaBIAR","robots":{"index":"index","follow":"follow","max-snippet":"max-snippet:-1","max-image-preview":"max-image-preview:large","max-video-preview":"max-video-preview:-1"},"canonical":"https:\/\/www.uartes.edu.ec\/sitio\/fr\/blog\/2023\/12\/11\/alumnus-rocio-soria-comparte-su-experiencia-en-la-residencia-artistica-labiar-en-mexico\/","og_locale":"fr_FR","og_type":"article","og_title":"Universidad de las Artes - Roc\u00edo Soria, graduada UArtes de pre y posgrado, comparte su experiencia en residencia art\u00edstica mexicana LaBIAR","og_description":"Universidad de las Artes - Roc\u00edo Soria, graduada UArtes de pre y posgrado, comparte su experiencia en residencia art\u00edstica mexicana LaBIAR","og_url":"https:\/\/www.uartes.edu.ec\/sitio\/fr\/blog\/2023\/12\/11\/alumnus-rocio-soria-comparte-su-experiencia-en-la-residencia-artistica-labiar-en-mexico\/","og_site_name":"Universidad de las Artes","article_publisher":"https:\/\/www.facebook.com\/uartesec","article_published_time":"2023-12-11T21:15:00+00:00","article_modified_time":"2024-07-04T16:20:21+00:00","og_image":[{"width":2000,"height":1333,"url":"https:\/\/www.uartes.edu.ec\/sitio\/wp-content\/uploads\/2023\/12\/02-ROCIO-SORIA.jpg","type":"image\/jpeg"}],"author":"ccortez","twitter_card":"summary_large_image","twitter_creator":"@uartesec","twitter_site":"@uartesec","twitter_misc":{"\u00c9crit par":"ccortez","Dur\u00e9e de lecture estim\u00e9e":"4 minutes"},"schema":{"@context":"https:\/\/schema.org","@graph":[{"@type":"Article","@id":"https:\/\/www.uartes.edu.ec\/sitio\/fr\/blog\/2023\/12\/11\/alumnus-rocio-soria-comparte-su-experiencia-en-la-residencia-artistica-labiar-en-mexico\/#article","isPartOf":{"@id":"https:\/\/www.uartes.edu.ec\/sitio\/fr\/blog\/2023\/12\/11\/alumnus-rocio-soria-comparte-su-experiencia-en-la-residencia-artistica-labiar-en-mexico\/"},"author":{"name":"ccortez","@id":"https:\/\/www.uartes.edu.ec\/sitio\/fr\/#\/schema\/person\/efa1b8275797664fd7f13a79ccc0b1f4"},"headline":"Roc\u00edo Soria, graduada UArtes de pre y posgrado, comparte su experiencia en residencia art\u00edstica mexicana LaBIAR","datePublished":"2023-12-11T21:15:00+00:00","dateModified":"2024-07-04T16:20:21+00:00","mainEntityOfPage":{"@id":"https:\/\/www.uartes.edu.ec\/sitio\/fr\/blog\/2023\/12\/11\/alumnus-rocio-soria-comparte-su-experiencia-en-la-residencia-artistica-labiar-en-mexico\/"},"wordCount":667,"commentCount":0,"publisher":{"@id":"https:\/\/www.uartes.edu.ec\/sitio\/fr\/#organization"},"image":{"@id":"https:\/\/www.uartes.edu.ec\/sitio\/fr\/blog\/2023\/12\/11\/alumnus-rocio-soria-comparte-su-experiencia-en-la-residencia-artistica-labiar-en-mexico\/#primaryimage"},"thumbnailUrl":"https:\/\/www.uartes.edu.ec\/sitio\/wp-content\/uploads\/2023\/12\/02-ROCIO-SORIA.jpg","keywords":["residencia"],"articleSection":["Acad\u00e9mico","Artes Visuales","Gesti\u00f3n","Investigaci\u00f3n","Maestr\u00edas"],"inLanguage":"fr-FR","potentialAction":[{"@type":"CommentAction","name":"Comment","target":["https:\/\/www.uartes.edu.ec\/sitio\/fr\/blog\/2023\/12\/11\/alumnus-rocio-soria-comparte-su-experiencia-en-la-residencia-artistica-labiar-en-mexico\/#respond"]}]},{"@type":["WebPage","ItemPage"],"@id":"https:\/\/www.uartes.edu.ec\/sitio\/fr\/blog\/2023\/12\/11\/alumnus-rocio-soria-comparte-su-experiencia-en-la-residencia-artistica-labiar-en-mexico\/","url":"https:\/\/www.uartes.edu.ec\/sitio\/fr\/blog\/2023\/12\/11\/alumnus-rocio-soria-comparte-su-experiencia-en-la-residencia-artistica-labiar-en-mexico\/","name":"Universidad de las Artes - Roc\u00edo Soria, graduada UArtes de pre y posgrado, comparte su experiencia en residencia art\u00edstica mexicana LaBIAR","isPartOf":{"@id":"https:\/\/www.uartes.edu.ec\/sitio\/fr\/#website"},"primaryImageOfPage":{"@id":"https:\/\/www.uartes.edu.ec\/sitio\/fr\/blog\/2023\/12\/11\/alumnus-rocio-soria-comparte-su-experiencia-en-la-residencia-artistica-labiar-en-mexico\/#primaryimage"},"image":{"@id":"https:\/\/www.uartes.edu.ec\/sitio\/fr\/blog\/2023\/12\/11\/alumnus-rocio-soria-comparte-su-experiencia-en-la-residencia-artistica-labiar-en-mexico\/#primaryimage"},"thumbnailUrl":"https:\/\/www.uartes.edu.ec\/sitio\/wp-content\/uploads\/2023\/12\/02-ROCIO-SORIA.jpg","datePublished":"2023-12-11T21:15:00+00:00","dateModified":"2024-07-04T16:20:21+00:00","description":"Universidad de las Artes - Roc\u00edo Soria, graduada UArtes de pre y posgrado, comparte su experiencia en residencia art\u00edstica mexicana LaBIAR","breadcrumb":{"@id":"https:\/\/www.uartes.edu.ec\/sitio\/fr\/blog\/2023\/12\/11\/alumnus-rocio-soria-comparte-su-experiencia-en-la-residencia-artistica-labiar-en-mexico\/#breadcrumb"},"inLanguage":"fr-FR","potentialAction":[{"@type":"ReadAction","target":["https:\/\/www.uartes.edu.ec\/sitio\/fr\/blog\/2023\/12\/11\/alumnus-rocio-soria-comparte-su-experiencia-en-la-residencia-artistica-labiar-en-mexico\/"]}]},{"@type":"ImageObject","inLanguage":"fr-FR","@id":"https:\/\/www.uartes.edu.ec\/sitio\/fr\/blog\/2023\/12\/11\/alumnus-rocio-soria-comparte-su-experiencia-en-la-residencia-artistica-labiar-en-mexico\/#primaryimage","url":"https:\/\/www.uartes.edu.ec\/sitio\/wp-content\/uploads\/2023\/12\/02-ROCIO-SORIA.jpg","contentUrl":"https:\/\/www.uartes.edu.ec\/sitio\/wp-content\/uploads\/2023\/12\/02-ROCIO-SORIA.jpg","width":2000,"height":1333},{"@type":"BreadcrumbList","@id":"https:\/\/www.uartes.edu.ec\/sitio\/fr\/blog\/2023\/12\/11\/alumnus-rocio-soria-comparte-su-experiencia-en-la-residencia-artistica-labiar-en-mexico\/#breadcrumb","itemListElement":[{"@type":"ListItem","position":1,"name":"Inicio","item":"https:\/\/www.uartes.edu.ec\/sitio\/"},{"@type":"ListItem","position":2,"name":"Roc\u00edo Soria, graduada UArtes de pre y posgrado, comparte su experiencia en residencia art\u00edstica mexicana LaBIAR"}]},{"@type":"WebSite","@id":"https:\/\/www.uartes.edu.ec\/sitio\/fr\/#website","url":"https:\/\/www.uartes.edu.ec\/sitio\/fr\/","name":"Universidad de las Artes","description":"Sitio oficial de la Universidad Nacional de las Artes del Ecuador","publisher":{"@id":"https:\/\/www.uartes.edu.ec\/sitio\/fr\/#organization"},"potentialAction":[{"@type":"SearchAction","target":{"@type":"EntryPoint","urlTemplate":"https:\/\/www.uartes.edu.ec\/sitio\/fr\/?s={search_term_string}"},"query-input":{"@type":"PropertyValueSpecification","valueRequired":true,"valueName":"search_term_string"}}],"inLanguage":"fr-FR"},{"@type":"Organization","@id":"https:\/\/www.uartes.edu.ec\/sitio\/fr\/#organization","name":"Universidad de las Artes","url":"https:\/\/www.uartes.edu.ec\/sitio\/fr\/","logo":{"@type":"ImageObject","inLanguage":"fr-FR","@id":"https:\/\/www.uartes.edu.ec\/sitio\/fr\/#\/schema\/logo\/image\/","url":"https:\/\/www.uartes.edu.ec\/sitio\/wp-content\/uploads\/2022\/07\/logo-ua-horizontal.png","contentUrl":"https:\/\/www.uartes.edu.ec\/sitio\/wp-content\/uploads\/2022\/07\/logo-ua-horizontal.png","width":800,"height":276,"caption":"Universidad de las Artes"},"image":{"@id":"https:\/\/www.uartes.edu.ec\/sitio\/fr\/#\/schema\/logo\/image\/"},"sameAs":["https:\/\/www.facebook.com\/uartesec","https:\/\/x.com\/uartesec","https:\/\/www.tiktok.com\/@uartesec"]},{"@type":"Person","@id":"https:\/\/www.uartes.edu.ec\/sitio\/fr\/#\/schema\/person\/efa1b8275797664fd7f13a79ccc0b1f4","name":"ccortez","image":{"@type":"ImageObject","inLanguage":"fr-FR","@id":"https:\/\/secure.gravatar.com\/avatar\/b2a6f664a3ae8e074346ef91775736c5ec479e637ecced6842de9dc98b5da9cd?s=96&d=mm&r=g","url":"https:\/\/secure.gravatar.com\/avatar\/b2a6f664a3ae8e074346ef91775736c5ec479e637ecced6842de9dc98b5da9cd?s=96&d=mm&r=g","contentUrl":"https:\/\/secure.gravatar.com\/avatar\/b2a6f664a3ae8e074346ef91775736c5ec479e637ecced6842de9dc98b5da9cd?s=96&d=mm&r=g","caption":"ccortez"},"url":"https:\/\/www.uartes.edu.ec\/sitio\/fr\/blog\/author\/ccortez\/"}]}},"uagb_featured_image_src":{"full":["https:\/\/www.uartes.edu.ec\/sitio\/wp-content\/uploads\/2023\/12\/02-ROCIO-SORIA.jpg",2000,1333,false],"thumbnail":["https:\/\/www.uartes.edu.ec\/sitio\/wp-content\/uploads\/2023\/12\/02-ROCIO-SORIA-150x150.jpg",150,150,true],"medium":["https:\/\/www.uartes.edu.ec\/sitio\/wp-content\/uploads\/2023\/12\/02-ROCIO-SORIA-300x200.jpg",300,200,true],"medium_large":["https:\/\/www.uartes.edu.ec\/sitio\/wp-content\/uploads\/2023\/12\/02-ROCIO-SORIA-768x512.jpg",768,512,true],"large":["https:\/\/www.uartes.edu.ec\/sitio\/wp-content\/uploads\/2023\/12\/02-ROCIO-SORIA-644x429.jpg",644,429,true],"1536x1536":["https:\/\/www.uartes.edu.ec\/sitio\/wp-content\/uploads\/2023\/12\/02-ROCIO-SORIA-1536x1024.jpg",1536,1024,true],"2048x2048":["https:\/\/www.uartes.edu.ec\/sitio\/wp-content\/uploads\/2023\/12\/02-ROCIO-SORIA.jpg",2000,1333,false],"trp-custom-language-flag":["https:\/\/www.uartes.edu.ec\/sitio\/wp-content\/uploads\/2023\/12\/02-ROCIO-SORIA.jpg",18,12,false],"htmega_size_585x295":["https:\/\/www.uartes.edu.ec\/sitio\/wp-content\/uploads\/2023\/12\/02-ROCIO-SORIA-585x295.jpg",585,295,true],"htmega_size_1170x536":["https:\/\/www.uartes.edu.ec\/sitio\/wp-content\/uploads\/2023\/12\/02-ROCIO-SORIA-1170x536.jpg",1170,536,true],"htmega_size_396x360":["https:\/\/www.uartes.edu.ec\/sitio\/wp-content\/uploads\/2023\/12\/02-ROCIO-SORIA-396x360.jpg",396,360,true],"gb-block-post-grid-landscape":["https:\/\/www.uartes.edu.ec\/sitio\/wp-content\/uploads\/2023\/12\/02-ROCIO-SORIA-600x400.jpg",600,400,true],"gb-block-post-grid-square":["https:\/\/www.uartes.edu.ec\/sitio\/wp-content\/uploads\/2023\/12\/02-ROCIO-SORIA-600x600.jpg",600,600,true],"university-hub-thumb":["https:\/\/www.uartes.edu.ec\/sitio\/wp-content\/uploads\/2023\/12\/02-ROCIO-SORIA-400x267.jpg",400,267,true]},"uagb_author_info":{"display_name":"ccortez","author_link":"https:\/\/www.uartes.edu.ec\/sitio\/fr\/blog\/author\/ccortez\/"},"uagb_comment_info":0,"uagb_excerpt":"Se gradu\u00f3 en Artes Visuales y luego curs\u00f3 la maestr\u00eda de Artes Visuales y Nuevos Medios, ambas en la Universidad de las Artes. Roc\u00edo Soria comparte con la comunidad UArtes su experiencia en la residencia art\u00edstica LaBIAR (siglas que significan Laboratoria de Imaginaci\u00f3n + Investigaci\u00f3n Art\u00edstica), que realiz\u00f3 en M\u00e9xico. En primera persona se\u00f1ala su\u2026","featured_image_src":"https:\/\/www.uartes.edu.ec\/sitio\/wp-content\/uploads\/2023\/12\/02-ROCIO-SORIA-600x400.jpg","featured_image_src_square":"https:\/\/www.uartes.edu.ec\/sitio\/wp-content\/uploads\/2023\/12\/02-ROCIO-SORIA-600x600.jpg","author_info":{"display_name":"ccortez","author_link":"https:\/\/www.uartes.edu.ec\/sitio\/fr\/blog\/author\/ccortez\/"},"publishpress_future_workflow_manual_trigger":{"enabledWorkflows":[]},"distributor_meta":false,"distributor_terms":false,"distributor_media":false,"distributor_original_site_name":"Universidad de las Artes","distributor_original_site_url":"https:\/\/www.uartes.edu.ec\/sitio\/fr","push-errors":false,"_links":{"self":[{"href":"https:\/\/www.uartes.edu.ec\/sitio\/fr\/wp-json\/wp\/v2\/posts\/49344","targetHints":{"allow":["GET"]}}],"collection":[{"href":"https:\/\/www.uartes.edu.ec\/sitio\/fr\/wp-json\/wp\/v2\/posts"}],"about":[{"href":"https:\/\/www.uartes.edu.ec\/sitio\/fr\/wp-json\/wp\/v2\/types\/post"}],"author":[{"embeddable":true,"href":"https:\/\/www.uartes.edu.ec\/sitio\/fr\/wp-json\/wp\/v2\/users\/10"}],"replies":[{"embeddable":true,"href":"https:\/\/www.uartes.edu.ec\/sitio\/fr\/wp-json\/wp\/v2\/comments?post=49344"}],"version-history":[{"count":14,"href":"https:\/\/www.uartes.edu.ec\/sitio\/fr\/wp-json\/wp\/v2\/posts\/49344\/revisions"}],"predecessor-version":[{"id":49396,"href":"https:\/\/www.uartes.edu.ec\/sitio\/fr\/wp-json\/wp\/v2\/posts\/49344\/revisions\/49396"}],"wp:featuredmedia":[{"embeddable":true,"href":"https:\/\/www.uartes.edu.ec\/sitio\/fr\/wp-json\/wp\/v2\/media\/49356"}],"wp:attachment":[{"href":"https:\/\/www.uartes.edu.ec\/sitio\/fr\/wp-json\/wp\/v2\/media?parent=49344"}],"wp:term":[{"taxonomy":"category","embeddable":true,"href":"https:\/\/www.uartes.edu.ec\/sitio\/fr\/wp-json\/wp\/v2\/categories?post=49344"},{"taxonomy":"post_tag","embeddable":true,"href":"https:\/\/www.uartes.edu.ec\/sitio\/fr\/wp-json\/wp\/v2\/tags?post=49344"},{"taxonomy":"infouartes","embeddable":true,"href":"https:\/\/www.uartes.edu.ec\/sitio\/fr\/wp-json\/wp\/v2\/infouartes?post=49344"}],"curies":[{"name":"wp","href":"https:\/\/api.w.org\/{rel}","templated":true}]}}