{"id":49434,"date":"2024-01-03T15:52:13","date_gmt":"2024-01-03T20:52:13","guid":{"rendered":"https:\/\/www.uartes.edu.ec\/sitio\/?p=49434"},"modified":"2024-07-04T11:20:16","modified_gmt":"2024-07-04T16:20:16","slug":"ficcionarios-laboratorio-de-lectura-y-creacion-con-el-que-la-biblioteca-de-las-artes-inicia-el-ano","status":"publish","type":"post","link":"https:\/\/www.uartes.edu.ec\/sitio\/fr\/blog\/2024\/01\/03\/ficcionarios-laboratorio-de-lectura-y-creacion-con-el-que-la-biblioteca-de-las-artes-inicia-el-ano\/","title":{"rendered":"\u201cFiccionarios\u201d, laboratorio de lectura y creaci\u00f3n que la Biblioteca de las Artes propone a p\u00fablico entre 14 y 19 a\u00f1os"},"content":{"rendered":"<p>Iniciar\u00e1 este 6 de enero y tendr\u00e1 doce sesiones. Es el laboratorio de lectura y creaci\u00f3n \u201cFiccionarios\u201d con el cual la Biblioteca de las Artes arranca sus actividades en este 2024.<\/p>\n\n\n\n<p>Con la gu\u00eda de la mag\u00edster Zully Ord\u00f3\u00f1ez, funcionaria y graduada en la Escuela de Literatura de la Universidad de las Artes, el laboratorio abordar\u00e1 la ficci\u00f3n especulativa y la ciencia ficci\u00f3n escrita por tres mujeres del siglo XX: Margaret Atwood, Octavia E. Butler y Ursula K. Le Guin.<\/p>\n\n\n\n<p>La propuesta est\u00e1 dirigida a p\u00fablico con edades comprendidas entre los 14 y 19 a\u00f1os. El laboratorio fue pensando como un espacio seguro para los adolescentes no se sintieran presionados al exponer un tema de una u otra manera, sino que pudieran m\u00e1s bien hablar sobre sus impresiones, expectativas e ideas sobre estas obras literarias, anota Zully Ord\u00f3\u00f1ez. \u201cSabemos que muchas veces el compartir espacios con personas adultas puede hacer que los comentarios de estos se impongan sobre lo que los adolescentes quieren exponer con libertad, por lo tanto, consideramos que en esta ocasi\u00f3n &#8216;Ficcionarios&#8217; debe ser \u00fanicamente para los y las adolescentes de nuestra comunidad ciudadana\u201d.<\/p>\n\n\n\n<p>Agrega Ord\u00f3\u00f1ez que durante las sesiones se debatir\u00e1 no solo la trama de las obras le\u00eddas (\u201cEl cuento de la criada\u201d, \u201cHija de sangre\u201d, \u201cLos despose\u00eddos\u201d), sino tambi\u00e9n la postura cr\u00edtica de cada uno de los participantes. Adem\u00e1s, los aportes del grupo sobre las diferentes lecturas realizadas se matizar\u00e1n a trav\u00e9s de diferentes registros art\u00edsticos, como la escritura expandida, la imagen, el dibujo, los diarios, entre otros.<\/p>\n\n\n\n<p>La idea de este laboratorio es leer, disfrutar de la literatura, debatir, opinar y, sobre todo, crear. No hay reglas r\u00edgidas solo curiosidad por descubrir nuevos mundos, refiri\u00f3 su gu\u00eda y revel\u00f3 que en la primera sesi\u00f3n se hablar\u00e1 sobre Margaret Atwood y la ficci\u00f3n especulativa. \u201cSer\u00e1n doce s\u00e1bados en los que leeremos tres obras de las tres importantes autoras del siglo XX\u201d.<\/p>\n\n\n\n<p>Ord\u00f3\u00f1ez indic\u00f3 que las inscripciones para tomar parte en \u201cFiccionarios\u201d est\u00e1n abiertas. Solo hay que acceder al sitio <a href=\"http:\/\/linktr.ee\/Biblio.UArtes?fbclid=IwAR1-OfWTAJ81JMZPI3SV6haxFZatkwssuYuvGRlMeN-z3UjGvr8THOc_FAU\" target=\"_blank\" rel=\"noreferrer noopener\">linktr.ee\/Biblio.UArtes<\/a><\/p>\n\n\n<div class=\"wp-block-image\">\n<figure class=\"aligncenter size-large\"><img fetchpriority=\"high\" decoding=\"async\" width=\"644\" height=\"429\" src=\"https:\/\/www.uartes.edu.ec\/sitio\/wp-content\/uploads\/2024\/01\/zully-3-644x429.jpg\" alt=\"\" class=\"wp-image-49436\" srcset=\"https:\/\/www.uartes.edu.ec\/sitio\/wp-content\/uploads\/2024\/01\/zully-3-644x429.jpg 644w, https:\/\/www.uartes.edu.ec\/sitio\/wp-content\/uploads\/2024\/01\/zully-3-768x511.jpg 768w, https:\/\/www.uartes.edu.ec\/sitio\/wp-content\/uploads\/2024\/01\/zully-3.jpg 2000w, https:\/\/www.uartes.edu.ec\/sitio\/wp-content\/uploads\/2024\/01\/zully-3-600x399.jpg 600w, https:\/\/www.uartes.edu.ec\/sitio\/wp-content\/uploads\/2024\/01\/zully-3-272x182.jpg 272w\" sizes=\"(max-width: 644px) 100vw, 644px\" \/><\/figure>\n<\/div>\n\n\n<h3 class=\"wp-block-heading\">Datos de la gu\u00eda del laboratorio<\/h3>\n\n\n\n<p>Zully Ord\u00f3\u00f1ez es licenciada en Literatura, con menci\u00f3n en Literatura y Artes, por la Universidad de las Artes del Ecuador. Mag\u00edster en Estudios Avanzados en Literatura Espa\u00f1ola y Latinoamericana de la Universidad Internacional de La Rioja (UNIR). Como poeta ha participado en recitales de poes\u00eda como la Feria del Libro de Guayaquil (2021), Casal Catal\u00e1 de Guayaquil y Casa de la Cultura N\u00facleo del Guayas. Ha sido merecedora de dos menciones de honor: en el concurso de poes\u00eda Libre Libro (2019) y en la III Edici\u00f3n Josep Carner i Puig-Oriol (2022). Ha publicado en Pixeletras, Editorial Cr\u00edmenes en Venus, Revista Innombrable, Revista Temporales, Revista Casa Pa\u00eds. Su poema \u201cLa Nueva Jerusal\u00e9n es un pa\u00eds para migrar\u201d consta en la antolog\u00eda Caballos Nacidos del Polvo (UArtes Ediciones, 2019). Ha realizado talleres de poes\u00eda y mediaci\u00f3n lectora en la Biblioteca de las Artes: C\u00edrculo de lectura (2021), Taller de poes\u00eda (2022), Taller de creaci\u00f3n de im\u00e1genes po\u00e9ticas (2022). Tambi\u00e9n ha sido coordinadora de c\u00edrculos literarios: Picnic Literario (2022) y Cronotop\u00edas (2022).<\/p>","protected":false},"excerpt":{"rendered":"<p>Iniciar\u00e1 este 6 de enero y tendr\u00e1 doce sesiones. Es el laboratorio de lectura y creaci\u00f3n \u201cFiccionarios\u201d con el cual la Biblioteca de las Artes arranca sus actividades en 2024. La mag\u00edster Zully Ord\u00f3\u00f1ez, funcionaria y graduada UArtes ser\u00e1 quien gu\u00ede la propuesta, en la que, dirigida a p\u00fablico de entre 14 y 19 a\u00f1os, se abordar\u00e1 la ficci\u00f3n especulativa y la ciencia ficci\u00f3n de Margaret Atwood, Octavia E. Butler y Ursula K. Le Guin.<\/p>","protected":false},"author":10,"featured_media":49435,"comment_status":"open","ping_status":"open","sticky":false,"template":"","format":"standard","meta":{"_acf_changed":false,"_uag_custom_page_level_css":"","_monsterinsights_skip_tracking":false,"_monsterinsights_sitenote_active":false,"_monsterinsights_sitenote_note":"","_monsterinsights_sitenote_category":0,"cybocfi_hide_featured_image":"","footnotes":""},"categories":[80,82,76,77,79],"tags":[41],"infouartes":[],"class_list":["post-49434","post","type-post","status-publish","format-standard","has-post-thumbnail","hentry","category-academico","category-artes","category-estudiantes","category-gestion","category-vinculo","tag-biblioteca"],"acf":[],"yoast_head":"<!-- This site is optimized with the Yoast SEO plugin v27.4 - https:\/\/yoast.com\/product\/yoast-seo-wordpress\/ -->\n<title>Universidad de las Artes - \u201cFiccionarios\u201d, laboratorio de lectura y creaci\u00f3n que la Biblioteca de las Artes propone a p\u00fablico entre 14 y 19 a\u00f1os<\/title>\n<meta name=\"description\" content=\"Universidad de las Artes - \u201cFiccionarios\u201d, laboratorio de lectura y creaci\u00f3n que la Biblioteca de las Artes propone a p\u00fablico entre 14 y 19 a\u00f1os\" \/>\n<meta name=\"robots\" content=\"index, follow, max-snippet:-1, max-image-preview:large, max-video-preview:-1\" \/>\n<link rel=\"canonical\" href=\"https:\/\/www.uartes.edu.ec\/sitio\/fr\/blog\/2024\/01\/03\/ficcionarios-laboratorio-de-lectura-y-creacion-con-el-que-la-biblioteca-de-las-artes-inicia-el-ano\/\" \/>\n<meta property=\"og:locale\" content=\"fr_FR\" \/>\n<meta property=\"og:type\" content=\"article\" \/>\n<meta property=\"og:title\" content=\"Universidad de las Artes - \u201cFiccionarios\u201d, laboratorio de lectura y creaci\u00f3n que la Biblioteca de las Artes propone a p\u00fablico entre 14 y 19 a\u00f1os\" \/>\n<meta property=\"og:description\" content=\"Universidad de las Artes - \u201cFiccionarios\u201d, laboratorio de lectura y creaci\u00f3n que la Biblioteca de las Artes propone a p\u00fablico entre 14 y 19 a\u00f1os\" \/>\n<meta property=\"og:url\" content=\"https:\/\/www.uartes.edu.ec\/sitio\/fr\/blog\/2024\/01\/03\/ficcionarios-laboratorio-de-lectura-y-creacion-con-el-que-la-biblioteca-de-las-artes-inicia-el-ano\/\" \/>\n<meta property=\"og:site_name\" content=\"Universidad de las Artes\" \/>\n<meta property=\"article:publisher\" content=\"https:\/\/www.facebook.com\/uartesec\" \/>\n<meta property=\"article:published_time\" content=\"2024-01-03T20:52:13+00:00\" \/>\n<meta property=\"article:modified_time\" content=\"2024-07-04T16:20:16+00:00\" \/>\n<meta property=\"og:image\" content=\"https:\/\/www.uartes.edu.ec\/sitio\/wp-content\/uploads\/2024\/01\/FICCIONARIOS-WEB.jpg\" \/>\n\t<meta property=\"og:image:width\" content=\"2000\" \/>\n\t<meta property=\"og:image:height\" content=\"1333\" \/>\n\t<meta property=\"og:image:type\" content=\"image\/jpeg\" \/>\n<meta name=\"author\" content=\"ccortez\" \/>\n<meta name=\"twitter:card\" content=\"summary_large_image\" \/>\n<meta name=\"twitter:creator\" content=\"@uartesec\" \/>\n<meta name=\"twitter:site\" content=\"@uartesec\" \/>\n<meta name=\"twitter:label1\" content=\"\u00c9crit par\" \/>\n\t<meta name=\"twitter:data1\" content=\"ccortez\" \/>\n\t<meta name=\"twitter:label2\" content=\"Dur\u00e9e de lecture estim\u00e9e\" \/>\n\t<meta name=\"twitter:data2\" content=\"3 minutes\" \/>\n<script type=\"application\/ld+json\" class=\"yoast-schema-graph\">{\"@context\":\"https:\\\/\\\/schema.org\",\"@graph\":[{\"@type\":\"Article\",\"@id\":\"https:\\\/\\\/www.uartes.edu.ec\\\/sitio\\\/fr\\\/blog\\\/2024\\\/01\\\/03\\\/ficcionarios-laboratorio-de-lectura-y-creacion-con-el-que-la-biblioteca-de-las-artes-inicia-el-ano\\\/#article\",\"isPartOf\":{\"@id\":\"https:\\\/\\\/www.uartes.edu.ec\\\/sitio\\\/fr\\\/blog\\\/2024\\\/01\\\/03\\\/ficcionarios-laboratorio-de-lectura-y-creacion-con-el-que-la-biblioteca-de-las-artes-inicia-el-ano\\\/\"},\"author\":{\"name\":\"ccortez\",\"@id\":\"https:\\\/\\\/www.uartes.edu.ec\\\/sitio\\\/fr\\\/#\\\/schema\\\/person\\\/efa1b8275797664fd7f13a79ccc0b1f4\"},\"headline\":\"\u201cFiccionarios\u201d, laboratorio de lectura y creaci\u00f3n que la Biblioteca de las Artes propone a p\u00fablico entre 14 y 19 a\u00f1os\",\"datePublished\":\"2024-01-03T20:52:13+00:00\",\"dateModified\":\"2024-07-04T16:20:16+00:00\",\"mainEntityOfPage\":{\"@id\":\"https:\\\/\\\/www.uartes.edu.ec\\\/sitio\\\/fr\\\/blog\\\/2024\\\/01\\\/03\\\/ficcionarios-laboratorio-de-lectura-y-creacion-con-el-que-la-biblioteca-de-las-artes-inicia-el-ano\\\/\"},\"wordCount\":574,\"commentCount\":0,\"publisher\":{\"@id\":\"https:\\\/\\\/www.uartes.edu.ec\\\/sitio\\\/fr\\\/#organization\"},\"image\":{\"@id\":\"https:\\\/\\\/www.uartes.edu.ec\\\/sitio\\\/fr\\\/blog\\\/2024\\\/01\\\/03\\\/ficcionarios-laboratorio-de-lectura-y-creacion-con-el-que-la-biblioteca-de-las-artes-inicia-el-ano\\\/#primaryimage\"},\"thumbnailUrl\":\"https:\\\/\\\/www.uartes.edu.ec\\\/sitio\\\/wp-content\\\/uploads\\\/2024\\\/01\\\/FICCIONARIOS-WEB.jpg\",\"keywords\":[\"biblioteca\"],\"articleSection\":[\"Acad\u00e9mico\",\"Artes\",\"Estudiantes\",\"Gesti\u00f3n\",\"V\u00ednculo\"],\"inLanguage\":\"fr-FR\",\"potentialAction\":[{\"@type\":\"CommentAction\",\"name\":\"Comment\",\"target\":[\"https:\\\/\\\/www.uartes.edu.ec\\\/sitio\\\/fr\\\/blog\\\/2024\\\/01\\\/03\\\/ficcionarios-laboratorio-de-lectura-y-creacion-con-el-que-la-biblioteca-de-las-artes-inicia-el-ano\\\/#respond\"]}]},{\"@type\":[\"WebPage\",\"ItemPage\"],\"@id\":\"https:\\\/\\\/www.uartes.edu.ec\\\/sitio\\\/fr\\\/blog\\\/2024\\\/01\\\/03\\\/ficcionarios-laboratorio-de-lectura-y-creacion-con-el-que-la-biblioteca-de-las-artes-inicia-el-ano\\\/\",\"url\":\"https:\\\/\\\/www.uartes.edu.ec\\\/sitio\\\/fr\\\/blog\\\/2024\\\/01\\\/03\\\/ficcionarios-laboratorio-de-lectura-y-creacion-con-el-que-la-biblioteca-de-las-artes-inicia-el-ano\\\/\",\"name\":\"Universidad de las Artes - \u201cFiccionarios\u201d, laboratorio de lectura y creaci\u00f3n que la Biblioteca de las Artes propone a p\u00fablico entre 14 y 19 a\u00f1os\",\"isPartOf\":{\"@id\":\"https:\\\/\\\/www.uartes.edu.ec\\\/sitio\\\/fr\\\/#website\"},\"primaryImageOfPage\":{\"@id\":\"https:\\\/\\\/www.uartes.edu.ec\\\/sitio\\\/fr\\\/blog\\\/2024\\\/01\\\/03\\\/ficcionarios-laboratorio-de-lectura-y-creacion-con-el-que-la-biblioteca-de-las-artes-inicia-el-ano\\\/#primaryimage\"},\"image\":{\"@id\":\"https:\\\/\\\/www.uartes.edu.ec\\\/sitio\\\/fr\\\/blog\\\/2024\\\/01\\\/03\\\/ficcionarios-laboratorio-de-lectura-y-creacion-con-el-que-la-biblioteca-de-las-artes-inicia-el-ano\\\/#primaryimage\"},\"thumbnailUrl\":\"https:\\\/\\\/www.uartes.edu.ec\\\/sitio\\\/wp-content\\\/uploads\\\/2024\\\/01\\\/FICCIONARIOS-WEB.jpg\",\"datePublished\":\"2024-01-03T20:52:13+00:00\",\"dateModified\":\"2024-07-04T16:20:16+00:00\",\"description\":\"Universidad de las Artes - \u201cFiccionarios\u201d, laboratorio de lectura y creaci\u00f3n que la Biblioteca de las Artes propone a p\u00fablico entre 14 y 19 a\u00f1os\",\"breadcrumb\":{\"@id\":\"https:\\\/\\\/www.uartes.edu.ec\\\/sitio\\\/fr\\\/blog\\\/2024\\\/01\\\/03\\\/ficcionarios-laboratorio-de-lectura-y-creacion-con-el-que-la-biblioteca-de-las-artes-inicia-el-ano\\\/#breadcrumb\"},\"inLanguage\":\"fr-FR\",\"potentialAction\":[{\"@type\":\"ReadAction\",\"target\":[\"https:\\\/\\\/www.uartes.edu.ec\\\/sitio\\\/fr\\\/blog\\\/2024\\\/01\\\/03\\\/ficcionarios-laboratorio-de-lectura-y-creacion-con-el-que-la-biblioteca-de-las-artes-inicia-el-ano\\\/\"]}]},{\"@type\":\"ImageObject\",\"inLanguage\":\"fr-FR\",\"@id\":\"https:\\\/\\\/www.uartes.edu.ec\\\/sitio\\\/fr\\\/blog\\\/2024\\\/01\\\/03\\\/ficcionarios-laboratorio-de-lectura-y-creacion-con-el-que-la-biblioteca-de-las-artes-inicia-el-ano\\\/#primaryimage\",\"url\":\"https:\\\/\\\/www.uartes.edu.ec\\\/sitio\\\/wp-content\\\/uploads\\\/2024\\\/01\\\/FICCIONARIOS-WEB.jpg\",\"contentUrl\":\"https:\\\/\\\/www.uartes.edu.ec\\\/sitio\\\/wp-content\\\/uploads\\\/2024\\\/01\\\/FICCIONARIOS-WEB.jpg\",\"width\":2000,\"height\":1333},{\"@type\":\"BreadcrumbList\",\"@id\":\"https:\\\/\\\/www.uartes.edu.ec\\\/sitio\\\/fr\\\/blog\\\/2024\\\/01\\\/03\\\/ficcionarios-laboratorio-de-lectura-y-creacion-con-el-que-la-biblioteca-de-las-artes-inicia-el-ano\\\/#breadcrumb\",\"itemListElement\":[{\"@type\":\"ListItem\",\"position\":1,\"name\":\"Inicio\",\"item\":\"https:\\\/\\\/www.uartes.edu.ec\\\/sitio\\\/\"},{\"@type\":\"ListItem\",\"position\":2,\"name\":\"\u201cFiccionarios\u201d, laboratorio de lectura y creaci\u00f3n que la Biblioteca de las Artes propone a p\u00fablico entre 14 y 19 a\u00f1os\"}]},{\"@type\":\"WebSite\",\"@id\":\"https:\\\/\\\/www.uartes.edu.ec\\\/sitio\\\/fr\\\/#website\",\"url\":\"https:\\\/\\\/www.uartes.edu.ec\\\/sitio\\\/fr\\\/\",\"name\":\"Universidad de las Artes\",\"description\":\"Sitio oficial de la Universidad Nacional de las Artes del Ecuador\",\"publisher\":{\"@id\":\"https:\\\/\\\/www.uartes.edu.ec\\\/sitio\\\/fr\\\/#organization\"},\"potentialAction\":[{\"@type\":\"SearchAction\",\"target\":{\"@type\":\"EntryPoint\",\"urlTemplate\":\"https:\\\/\\\/www.uartes.edu.ec\\\/sitio\\\/fr\\\/?s={search_term_string}\"},\"query-input\":{\"@type\":\"PropertyValueSpecification\",\"valueRequired\":true,\"valueName\":\"search_term_string\"}}],\"inLanguage\":\"fr-FR\"},{\"@type\":\"Organization\",\"@id\":\"https:\\\/\\\/www.uartes.edu.ec\\\/sitio\\\/fr\\\/#organization\",\"name\":\"Universidad de las Artes\",\"url\":\"https:\\\/\\\/www.uartes.edu.ec\\\/sitio\\\/fr\\\/\",\"logo\":{\"@type\":\"ImageObject\",\"inLanguage\":\"fr-FR\",\"@id\":\"https:\\\/\\\/www.uartes.edu.ec\\\/sitio\\\/fr\\\/#\\\/schema\\\/logo\\\/image\\\/\",\"url\":\"https:\\\/\\\/www.uartes.edu.ec\\\/sitio\\\/wp-content\\\/uploads\\\/2022\\\/07\\\/logo-ua-horizontal.png\",\"contentUrl\":\"https:\\\/\\\/www.uartes.edu.ec\\\/sitio\\\/wp-content\\\/uploads\\\/2022\\\/07\\\/logo-ua-horizontal.png\",\"width\":800,\"height\":276,\"caption\":\"Universidad de las Artes\"},\"image\":{\"@id\":\"https:\\\/\\\/www.uartes.edu.ec\\\/sitio\\\/fr\\\/#\\\/schema\\\/logo\\\/image\\\/\"},\"sameAs\":[\"https:\\\/\\\/www.facebook.com\\\/uartesec\",\"https:\\\/\\\/x.com\\\/uartesec\",\"https:\\\/\\\/www.tiktok.com\\\/@uartesec\"]},{\"@type\":\"Person\",\"@id\":\"https:\\\/\\\/www.uartes.edu.ec\\\/sitio\\\/fr\\\/#\\\/schema\\\/person\\\/efa1b8275797664fd7f13a79ccc0b1f4\",\"name\":\"ccortez\",\"image\":{\"@type\":\"ImageObject\",\"inLanguage\":\"fr-FR\",\"@id\":\"https:\\\/\\\/secure.gravatar.com\\\/avatar\\\/b2a6f664a3ae8e074346ef91775736c5ec479e637ecced6842de9dc98b5da9cd?s=96&d=mm&r=g\",\"url\":\"https:\\\/\\\/secure.gravatar.com\\\/avatar\\\/b2a6f664a3ae8e074346ef91775736c5ec479e637ecced6842de9dc98b5da9cd?s=96&d=mm&r=g\",\"contentUrl\":\"https:\\\/\\\/secure.gravatar.com\\\/avatar\\\/b2a6f664a3ae8e074346ef91775736c5ec479e637ecced6842de9dc98b5da9cd?s=96&d=mm&r=g\",\"caption\":\"ccortez\"},\"url\":\"https:\\\/\\\/www.uartes.edu.ec\\\/sitio\\\/fr\\\/blog\\\/author\\\/ccortez\\\/\"}]}<\/script>\n<!-- \/ Yoast SEO plugin. -->","yoast_head_json":{"title":"Universidad de las Artes - \u201cFiccionarios\u201d, laboratorio de lectura y creaci\u00f3n que la Biblioteca de las Artes propone a p\u00fablico entre 14 y 19 a\u00f1os","description":"Universidad de las Artes - \u201cFiccionarios\u201d, laboratorio de lectura y creaci\u00f3n que la Biblioteca de las Artes propone a p\u00fablico entre 14 y 19 a\u00f1os","robots":{"index":"index","follow":"follow","max-snippet":"max-snippet:-1","max-image-preview":"max-image-preview:large","max-video-preview":"max-video-preview:-1"},"canonical":"https:\/\/www.uartes.edu.ec\/sitio\/fr\/blog\/2024\/01\/03\/ficcionarios-laboratorio-de-lectura-y-creacion-con-el-que-la-biblioteca-de-las-artes-inicia-el-ano\/","og_locale":"fr_FR","og_type":"article","og_title":"Universidad de las Artes - \u201cFiccionarios\u201d, laboratorio de lectura y creaci\u00f3n que la Biblioteca de las Artes propone a p\u00fablico entre 14 y 19 a\u00f1os","og_description":"Universidad de las Artes - \u201cFiccionarios\u201d, laboratorio de lectura y creaci\u00f3n que la Biblioteca de las Artes propone a p\u00fablico entre 14 y 19 a\u00f1os","og_url":"https:\/\/www.uartes.edu.ec\/sitio\/fr\/blog\/2024\/01\/03\/ficcionarios-laboratorio-de-lectura-y-creacion-con-el-que-la-biblioteca-de-las-artes-inicia-el-ano\/","og_site_name":"Universidad de las Artes","article_publisher":"https:\/\/www.facebook.com\/uartesec","article_published_time":"2024-01-03T20:52:13+00:00","article_modified_time":"2024-07-04T16:20:16+00:00","og_image":[{"width":2000,"height":1333,"url":"https:\/\/www.uartes.edu.ec\/sitio\/wp-content\/uploads\/2024\/01\/FICCIONARIOS-WEB.jpg","type":"image\/jpeg"}],"author":"ccortez","twitter_card":"summary_large_image","twitter_creator":"@uartesec","twitter_site":"@uartesec","twitter_misc":{"\u00c9crit par":"ccortez","Dur\u00e9e de lecture estim\u00e9e":"3 minutes"},"schema":{"@context":"https:\/\/schema.org","@graph":[{"@type":"Article","@id":"https:\/\/www.uartes.edu.ec\/sitio\/fr\/blog\/2024\/01\/03\/ficcionarios-laboratorio-de-lectura-y-creacion-con-el-que-la-biblioteca-de-las-artes-inicia-el-ano\/#article","isPartOf":{"@id":"https:\/\/www.uartes.edu.ec\/sitio\/fr\/blog\/2024\/01\/03\/ficcionarios-laboratorio-de-lectura-y-creacion-con-el-que-la-biblioteca-de-las-artes-inicia-el-ano\/"},"author":{"name":"ccortez","@id":"https:\/\/www.uartes.edu.ec\/sitio\/fr\/#\/schema\/person\/efa1b8275797664fd7f13a79ccc0b1f4"},"headline":"\u201cFiccionarios\u201d, laboratorio de lectura y creaci\u00f3n que la Biblioteca de las Artes propone a p\u00fablico entre 14 y 19 a\u00f1os","datePublished":"2024-01-03T20:52:13+00:00","dateModified":"2024-07-04T16:20:16+00:00","mainEntityOfPage":{"@id":"https:\/\/www.uartes.edu.ec\/sitio\/fr\/blog\/2024\/01\/03\/ficcionarios-laboratorio-de-lectura-y-creacion-con-el-que-la-biblioteca-de-las-artes-inicia-el-ano\/"},"wordCount":574,"commentCount":0,"publisher":{"@id":"https:\/\/www.uartes.edu.ec\/sitio\/fr\/#organization"},"image":{"@id":"https:\/\/www.uartes.edu.ec\/sitio\/fr\/blog\/2024\/01\/03\/ficcionarios-laboratorio-de-lectura-y-creacion-con-el-que-la-biblioteca-de-las-artes-inicia-el-ano\/#primaryimage"},"thumbnailUrl":"https:\/\/www.uartes.edu.ec\/sitio\/wp-content\/uploads\/2024\/01\/FICCIONARIOS-WEB.jpg","keywords":["biblioteca"],"articleSection":["Acad\u00e9mico","Artes","Estudiantes","Gesti\u00f3n","V\u00ednculo"],"inLanguage":"fr-FR","potentialAction":[{"@type":"CommentAction","name":"Comment","target":["https:\/\/www.uartes.edu.ec\/sitio\/fr\/blog\/2024\/01\/03\/ficcionarios-laboratorio-de-lectura-y-creacion-con-el-que-la-biblioteca-de-las-artes-inicia-el-ano\/#respond"]}]},{"@type":["WebPage","ItemPage"],"@id":"https:\/\/www.uartes.edu.ec\/sitio\/fr\/blog\/2024\/01\/03\/ficcionarios-laboratorio-de-lectura-y-creacion-con-el-que-la-biblioteca-de-las-artes-inicia-el-ano\/","url":"https:\/\/www.uartes.edu.ec\/sitio\/fr\/blog\/2024\/01\/03\/ficcionarios-laboratorio-de-lectura-y-creacion-con-el-que-la-biblioteca-de-las-artes-inicia-el-ano\/","name":"Universidad de las Artes - \u201cFiccionarios\u201d, laboratorio de lectura y creaci\u00f3n que la Biblioteca de las Artes propone a p\u00fablico entre 14 y 19 a\u00f1os","isPartOf":{"@id":"https:\/\/www.uartes.edu.ec\/sitio\/fr\/#website"},"primaryImageOfPage":{"@id":"https:\/\/www.uartes.edu.ec\/sitio\/fr\/blog\/2024\/01\/03\/ficcionarios-laboratorio-de-lectura-y-creacion-con-el-que-la-biblioteca-de-las-artes-inicia-el-ano\/#primaryimage"},"image":{"@id":"https:\/\/www.uartes.edu.ec\/sitio\/fr\/blog\/2024\/01\/03\/ficcionarios-laboratorio-de-lectura-y-creacion-con-el-que-la-biblioteca-de-las-artes-inicia-el-ano\/#primaryimage"},"thumbnailUrl":"https:\/\/www.uartes.edu.ec\/sitio\/wp-content\/uploads\/2024\/01\/FICCIONARIOS-WEB.jpg","datePublished":"2024-01-03T20:52:13+00:00","dateModified":"2024-07-04T16:20:16+00:00","description":"Universidad de las Artes - \u201cFiccionarios\u201d, laboratorio de lectura y creaci\u00f3n que la Biblioteca de las Artes propone a p\u00fablico entre 14 y 19 a\u00f1os","breadcrumb":{"@id":"https:\/\/www.uartes.edu.ec\/sitio\/fr\/blog\/2024\/01\/03\/ficcionarios-laboratorio-de-lectura-y-creacion-con-el-que-la-biblioteca-de-las-artes-inicia-el-ano\/#breadcrumb"},"inLanguage":"fr-FR","potentialAction":[{"@type":"ReadAction","target":["https:\/\/www.uartes.edu.ec\/sitio\/fr\/blog\/2024\/01\/03\/ficcionarios-laboratorio-de-lectura-y-creacion-con-el-que-la-biblioteca-de-las-artes-inicia-el-ano\/"]}]},{"@type":"ImageObject","inLanguage":"fr-FR","@id":"https:\/\/www.uartes.edu.ec\/sitio\/fr\/blog\/2024\/01\/03\/ficcionarios-laboratorio-de-lectura-y-creacion-con-el-que-la-biblioteca-de-las-artes-inicia-el-ano\/#primaryimage","url":"https:\/\/www.uartes.edu.ec\/sitio\/wp-content\/uploads\/2024\/01\/FICCIONARIOS-WEB.jpg","contentUrl":"https:\/\/www.uartes.edu.ec\/sitio\/wp-content\/uploads\/2024\/01\/FICCIONARIOS-WEB.jpg","width":2000,"height":1333},{"@type":"BreadcrumbList","@id":"https:\/\/www.uartes.edu.ec\/sitio\/fr\/blog\/2024\/01\/03\/ficcionarios-laboratorio-de-lectura-y-creacion-con-el-que-la-biblioteca-de-las-artes-inicia-el-ano\/#breadcrumb","itemListElement":[{"@type":"ListItem","position":1,"name":"Inicio","item":"https:\/\/www.uartes.edu.ec\/sitio\/"},{"@type":"ListItem","position":2,"name":"\u201cFiccionarios\u201d, laboratorio de lectura y creaci\u00f3n que la Biblioteca de las Artes propone a p\u00fablico entre 14 y 19 a\u00f1os"}]},{"@type":"WebSite","@id":"https:\/\/www.uartes.edu.ec\/sitio\/fr\/#website","url":"https:\/\/www.uartes.edu.ec\/sitio\/fr\/","name":"Universidad de las Artes","description":"Sitio oficial de la Universidad Nacional de las Artes del Ecuador","publisher":{"@id":"https:\/\/www.uartes.edu.ec\/sitio\/fr\/#organization"},"potentialAction":[{"@type":"SearchAction","target":{"@type":"EntryPoint","urlTemplate":"https:\/\/www.uartes.edu.ec\/sitio\/fr\/?s={search_term_string}"},"query-input":{"@type":"PropertyValueSpecification","valueRequired":true,"valueName":"search_term_string"}}],"inLanguage":"fr-FR"},{"@type":"Organization","@id":"https:\/\/www.uartes.edu.ec\/sitio\/fr\/#organization","name":"Universidad de las Artes","url":"https:\/\/www.uartes.edu.ec\/sitio\/fr\/","logo":{"@type":"ImageObject","inLanguage":"fr-FR","@id":"https:\/\/www.uartes.edu.ec\/sitio\/fr\/#\/schema\/logo\/image\/","url":"https:\/\/www.uartes.edu.ec\/sitio\/wp-content\/uploads\/2022\/07\/logo-ua-horizontal.png","contentUrl":"https:\/\/www.uartes.edu.ec\/sitio\/wp-content\/uploads\/2022\/07\/logo-ua-horizontal.png","width":800,"height":276,"caption":"Universidad de las Artes"},"image":{"@id":"https:\/\/www.uartes.edu.ec\/sitio\/fr\/#\/schema\/logo\/image\/"},"sameAs":["https:\/\/www.facebook.com\/uartesec","https:\/\/x.com\/uartesec","https:\/\/www.tiktok.com\/@uartesec"]},{"@type":"Person","@id":"https:\/\/www.uartes.edu.ec\/sitio\/fr\/#\/schema\/person\/efa1b8275797664fd7f13a79ccc0b1f4","name":"ccortez","image":{"@type":"ImageObject","inLanguage":"fr-FR","@id":"https:\/\/secure.gravatar.com\/avatar\/b2a6f664a3ae8e074346ef91775736c5ec479e637ecced6842de9dc98b5da9cd?s=96&d=mm&r=g","url":"https:\/\/secure.gravatar.com\/avatar\/b2a6f664a3ae8e074346ef91775736c5ec479e637ecced6842de9dc98b5da9cd?s=96&d=mm&r=g","contentUrl":"https:\/\/secure.gravatar.com\/avatar\/b2a6f664a3ae8e074346ef91775736c5ec479e637ecced6842de9dc98b5da9cd?s=96&d=mm&r=g","caption":"ccortez"},"url":"https:\/\/www.uartes.edu.ec\/sitio\/fr\/blog\/author\/ccortez\/"}]}},"uagb_featured_image_src":{"full":["https:\/\/www.uartes.edu.ec\/sitio\/wp-content\/uploads\/2024\/01\/FICCIONARIOS-WEB.jpg",2000,1333,false],"thumbnail":["https:\/\/www.uartes.edu.ec\/sitio\/wp-content\/uploads\/2024\/01\/FICCIONARIOS-WEB-150x150.jpg",150,150,true],"medium":["https:\/\/www.uartes.edu.ec\/sitio\/wp-content\/uploads\/2024\/01\/FICCIONARIOS-WEB-300x200.jpg",300,200,true],"medium_large":["https:\/\/www.uartes.edu.ec\/sitio\/wp-content\/uploads\/2024\/01\/FICCIONARIOS-WEB-768x512.jpg",768,512,true],"large":["https:\/\/www.uartes.edu.ec\/sitio\/wp-content\/uploads\/2024\/01\/FICCIONARIOS-WEB-644x429.jpg",644,429,true],"1536x1536":["https:\/\/www.uartes.edu.ec\/sitio\/wp-content\/uploads\/2024\/01\/FICCIONARIOS-WEB-1536x1024.jpg",1536,1024,true],"2048x2048":["https:\/\/www.uartes.edu.ec\/sitio\/wp-content\/uploads\/2024\/01\/FICCIONARIOS-WEB.jpg",2000,1333,false],"trp-custom-language-flag":["https:\/\/www.uartes.edu.ec\/sitio\/wp-content\/uploads\/2024\/01\/FICCIONARIOS-WEB.jpg",18,12,false],"htmega_size_585x295":["https:\/\/www.uartes.edu.ec\/sitio\/wp-content\/uploads\/2024\/01\/FICCIONARIOS-WEB-585x295.jpg",585,295,true],"htmega_size_1170x536":["https:\/\/www.uartes.edu.ec\/sitio\/wp-content\/uploads\/2024\/01\/FICCIONARIOS-WEB-1170x536.jpg",1170,536,true],"htmega_size_396x360":["https:\/\/www.uartes.edu.ec\/sitio\/wp-content\/uploads\/2024\/01\/FICCIONARIOS-WEB-396x360.jpg",396,360,true],"gb-block-post-grid-landscape":["https:\/\/www.uartes.edu.ec\/sitio\/wp-content\/uploads\/2024\/01\/FICCIONARIOS-WEB-600x400.jpg",600,400,true],"gb-block-post-grid-square":["https:\/\/www.uartes.edu.ec\/sitio\/wp-content\/uploads\/2024\/01\/FICCIONARIOS-WEB-600x600.jpg",600,600,true],"university-hub-thumb":["https:\/\/www.uartes.edu.ec\/sitio\/wp-content\/uploads\/2024\/01\/FICCIONARIOS-WEB-400x267.jpg",400,267,true],"mailpoet_newsletter_max":["https:\/\/www.uartes.edu.ec\/sitio\/wp-content\/uploads\/2024\/01\/FICCIONARIOS-WEB.jpg",1320,880,false]},"uagb_author_info":{"display_name":"ccortez","author_link":"https:\/\/www.uartes.edu.ec\/sitio\/fr\/blog\/author\/ccortez\/"},"uagb_comment_info":0,"uagb_excerpt":"Iniciar\u00e1 este 6 de enero y tendr\u00e1 doce sesiones. Es el laboratorio de lectura y creaci\u00f3n \u201cFiccionarios\u201d con el cual la Biblioteca de las Artes arranca sus actividades en 2024. La mag\u00edster Zully Ord\u00f3\u00f1ez, funcionaria y graduada UArtes ser\u00e1 quien gu\u00ede la propuesta, en la que, dirigida a p\u00fablico de entre 14 y 19 a\u00f1os,\u2026","featured_image_src":"https:\/\/www.uartes.edu.ec\/sitio\/wp-content\/uploads\/2024\/01\/FICCIONARIOS-WEB-600x400.jpg","featured_image_src_square":"https:\/\/www.uartes.edu.ec\/sitio\/wp-content\/uploads\/2024\/01\/FICCIONARIOS-WEB-600x600.jpg","author_info":{"display_name":"ccortez","author_link":"https:\/\/www.uartes.edu.ec\/sitio\/fr\/blog\/author\/ccortez\/"},"publishpress_future_workflow_manual_trigger":{"enabledWorkflows":[]},"distributor_meta":false,"distributor_terms":false,"distributor_media":false,"distributor_original_site_name":"Universidad de las Artes","distributor_original_site_url":"https:\/\/www.uartes.edu.ec\/sitio\/fr","push-errors":false,"_links":{"self":[{"href":"https:\/\/www.uartes.edu.ec\/sitio\/fr\/wp-json\/wp\/v2\/posts\/49434","targetHints":{"allow":["GET"]}}],"collection":[{"href":"https:\/\/www.uartes.edu.ec\/sitio\/fr\/wp-json\/wp\/v2\/posts"}],"about":[{"href":"https:\/\/www.uartes.edu.ec\/sitio\/fr\/wp-json\/wp\/v2\/types\/post"}],"author":[{"embeddable":true,"href":"https:\/\/www.uartes.edu.ec\/sitio\/fr\/wp-json\/wp\/v2\/users\/10"}],"replies":[{"embeddable":true,"href":"https:\/\/www.uartes.edu.ec\/sitio\/fr\/wp-json\/wp\/v2\/comments?post=49434"}],"version-history":[{"count":4,"href":"https:\/\/www.uartes.edu.ec\/sitio\/fr\/wp-json\/wp\/v2\/posts\/49434\/revisions"}],"predecessor-version":[{"id":49442,"href":"https:\/\/www.uartes.edu.ec\/sitio\/fr\/wp-json\/wp\/v2\/posts\/49434\/revisions\/49442"}],"wp:featuredmedia":[{"embeddable":true,"href":"https:\/\/www.uartes.edu.ec\/sitio\/fr\/wp-json\/wp\/v2\/media\/49435"}],"wp:attachment":[{"href":"https:\/\/www.uartes.edu.ec\/sitio\/fr\/wp-json\/wp\/v2\/media?parent=49434"}],"wp:term":[{"taxonomy":"category","embeddable":true,"href":"https:\/\/www.uartes.edu.ec\/sitio\/fr\/wp-json\/wp\/v2\/categories?post=49434"},{"taxonomy":"post_tag","embeddable":true,"href":"https:\/\/www.uartes.edu.ec\/sitio\/fr\/wp-json\/wp\/v2\/tags?post=49434"},{"taxonomy":"infouartes","embeddable":true,"href":"https:\/\/www.uartes.edu.ec\/sitio\/fr\/wp-json\/wp\/v2\/infouartes?post=49434"}],"curies":[{"name":"wp","href":"https:\/\/api.w.org\/{rel}","templated":true}]}}