{"id":49495,"date":"2023-11-10T12:15:00","date_gmt":"2023-11-10T17:15:00","guid":{"rendered":"https:\/\/www.uartes.edu.ec\/sitio\/?p=49495"},"modified":"2024-07-04T11:20:29","modified_gmt":"2024-07-04T16:20:29","slug":"en-laboratorio-propuesto-en-libre-libro-se-hablo-de-la-biblioteca-comunitaria-karibuleo","status":"publish","type":"post","link":"https:\/\/www.uartes.edu.ec\/sitio\/fr\/blog\/2023\/11\/10\/en-laboratorio-propuesto-en-libre-libro-se-hablo-de-la-biblioteca-comunitaria-karibuleo\/","title":{"rendered":"En laboratorio de lecturas creativas propuesto en Libre Libro se habl\u00f3 de la biblioteca comunitaria Karibuleo"},"content":{"rendered":"<p>La sesi\u00f3n abierta del laboratorio de lecturas creativas de la biblioteca comunitaria Karibuleo, proyecto de Vinculaci\u00f3n con la Sociedad de la Universidad de las Artes, fue una de las actividades vespertinas de la segunda jornada de Libre Libro, este 9 de noviembre. Andrea Alejandro Freire, alumnus UArtes, intervino junto a varios miembros del laboratorio en el Proyect Room del MZ14 Centro de Producci\u00f3n e Innovaci\u00f3n.<\/p>\n\n\n\n<p>Justamente fue Alejandro Freire quien abri\u00f3 la sesi\u00f3n, destacando la importancia de comprender la cadena de valor del libro, el oficio de la escritura y la riqueza que implica un encuentro literario. La libertad inherente en la palabra \u201clibre\u201d resonaba, haciendo \u00e9nfasis en la posibilidad de explorar, imaginar y crear.<\/p>\n\n\n\n<p>En un contexto donde las zonas perif\u00e9ricas de Guayaquil son frecuentemente marginadas, se destac\u00f3 la importancia de ofrecer a la poblaci\u00f3n afrodescendiente un acceso significativo al universo literario. Se subray\u00f3 la falta de justa reparaci\u00f3n por la violencia hist\u00f3rica sufrida y la necesidad de empoderar a los j\u00f3venes lectores para que imaginen otras posibilidades a trav\u00e9s del artefacto libro.<\/p>\n\n\n\n<p>El \u00e9nfasis en la creaci\u00f3n de espacios colectivos para la lectura y la imaginaci\u00f3n resalt\u00f3 la importancia vital de seguir generando estos espacios, donde los ni\u00f1os, ni\u00f1as y j\u00f3venes no solo sean sujetos de estudio, sino protagonistas creativos. La libertad de enfoque en sesiones anteriores fue reiterada, demostrando que no se imponen tem\u00e1ticas, sino que se fomenta la expresi\u00f3n individual.<\/p>\n\n\n\n<p>La sesi\u00f3n se sumergi\u00f3 en la creaci\u00f3n de fanzines independientes, donde cada participante se ahond\u00f3 en la exploraci\u00f3n de sus deseos, afectos y sue\u00f1os. Las premisas proporcionadas actuaron como trampol\u00edn para la creaci\u00f3n de peque\u00f1as publicaciones, dando lugar a un despliegue creativo \u00fanico y personal.<\/p>\n\n\n\n<p>Se abord\u00f3 la realidad de la falta de pol\u00edticas p\u00fablicas de acercamiento a la lectura en el pa\u00eds, destacando que este no debe limitarse a un oficio, sino ser un derecho integral para cada persona. La importancia de mantener lo comunitario como piedra angular de la iniciativa Karibuleo fue enfatizada, especialmente en espacios no acad\u00e9micos y en eventos de promoci\u00f3n de lectura, independientemente de su escala.<\/p>\n\n\n\n<p>Se revel\u00f3 la colaboraci\u00f3n entre la Universidad de las Artes y la biblioteca comunitaria Karibuleo como un proyecto de vinculaci\u00f3n con la sociedad. La participaci\u00f3n diversa de alumnos provenientes de varias escuelas, no solo de Literatura, sino tambi\u00e9n de la Escuela de Artes Esc\u00e9nicas, con la carrera de Creaci\u00f3n Teatral, evidenci\u00f3 la formaci\u00f3n de alianzas que fortalecen el tejido comunitario.<\/p>\n\n\n\n<p>Texto: Eleinn Ewmanothva Rivera Sol\u00eds, estudiante de la Escuela de Literatura.<\/p>","protected":false},"excerpt":{"rendered":"<p>La sesi\u00f3n abierta del laboratorio de lecturas creativas de la biblioteca comunitaria Karibuleo, proyecto de Vinculaci\u00f3n con la Sociedad de la Universidad de las Artes, fue una de las actividades vespertinas de la segunda jornada de Libre Libro, este 9 de noviembre. Andrea Alejandro Freire, alumnus UArtes, intervino junto a varios miembros del laboratorio en el Proyect Room del MZ14 Centro de Producci\u00f3n e Innovaci\u00f3n.<\/p>","protected":false},"author":10,"featured_media":49497,"comment_status":"open","ping_status":"open","sticky":false,"template":"","format":"standard","meta":{"_acf_changed":false,"_uag_custom_page_level_css":"","_monsterinsights_skip_tracking":false,"_monsterinsights_sitenote_active":false,"_monsterinsights_sitenote_note":"","_monsterinsights_sitenote_category":0,"cybocfi_hide_featured_image":"","footnotes":""},"categories":[80,490,82,75,76,77,175,83,79],"tags":[547],"infouartes":[],"class_list":["post-49495","post","type-post","status-publish","format-standard","has-post-thumbnail","hentry","category-academico","category-alumni","category-artes","category-docentes","category-estudiantes","category-gestion","category-literatura","category-sedes","category-vinculo","tag-libre-libro"],"acf":[],"yoast_head":"<!-- This site is optimized with the Yoast SEO plugin v27.4 - https:\/\/yoast.com\/product\/yoast-seo-wordpress\/ -->\n<title>Universidad de las Artes - En laboratorio de lecturas creativas propuesto en Libre Libro se habl\u00f3 de la biblioteca comunitaria Karibuleo<\/title>\n<meta name=\"description\" content=\"Universidad de las Artes - En laboratorio de lecturas creativas propuesto en Libre Libro se habl\u00f3 de la biblioteca comunitaria Karibuleo\" \/>\n<meta name=\"robots\" content=\"index, follow, max-snippet:-1, max-image-preview:large, max-video-preview:-1\" \/>\n<link rel=\"canonical\" href=\"https:\/\/www.uartes.edu.ec\/sitio\/fr\/blog\/2023\/11\/10\/en-laboratorio-propuesto-en-libre-libro-se-hablo-de-la-biblioteca-comunitaria-karibuleo\/\" \/>\n<meta property=\"og:locale\" content=\"fr_FR\" \/>\n<meta property=\"og:type\" content=\"article\" \/>\n<meta property=\"og:title\" content=\"Universidad de las Artes - En laboratorio de lecturas creativas propuesto en Libre Libro se habl\u00f3 de la biblioteca comunitaria Karibuleo\" \/>\n<meta property=\"og:description\" content=\"Universidad de las Artes - En laboratorio de lecturas creativas propuesto en Libre Libro se habl\u00f3 de la biblioteca comunitaria Karibuleo\" \/>\n<meta property=\"og:url\" content=\"https:\/\/www.uartes.edu.ec\/sitio\/fr\/blog\/2023\/11\/10\/en-laboratorio-propuesto-en-libre-libro-se-hablo-de-la-biblioteca-comunitaria-karibuleo\/\" \/>\n<meta property=\"og:site_name\" content=\"Universidad de las Artes\" \/>\n<meta property=\"article:publisher\" content=\"https:\/\/www.facebook.com\/uartesec\" \/>\n<meta property=\"article:published_time\" content=\"2023-11-10T17:15:00+00:00\" \/>\n<meta property=\"article:modified_time\" content=\"2024-07-04T16:20:29+00:00\" \/>\n<meta property=\"og:image\" content=\"https:\/\/www.uartes.edu.ec\/sitio\/wp-content\/uploads\/2024\/01\/01-LIBRE-LIBRO-2023.jpg\" \/>\n\t<meta property=\"og:image:width\" content=\"2000\" \/>\n\t<meta property=\"og:image:height\" content=\"1333\" \/>\n\t<meta property=\"og:image:type\" content=\"image\/jpeg\" \/>\n<meta name=\"author\" content=\"ccortez\" \/>\n<meta name=\"twitter:card\" content=\"summary_large_image\" \/>\n<meta name=\"twitter:creator\" content=\"@uartesec\" \/>\n<meta name=\"twitter:site\" content=\"@uartesec\" \/>\n<meta name=\"twitter:label1\" content=\"\u00c9crit par\" \/>\n\t<meta name=\"twitter:data1\" content=\"ccortez\" \/>\n\t<meta name=\"twitter:label2\" content=\"Dur\u00e9e de lecture estim\u00e9e\" \/>\n\t<meta name=\"twitter:data2\" content=\"2 minutes\" \/>\n<script type=\"application\/ld+json\" class=\"yoast-schema-graph\">{\"@context\":\"https:\\\/\\\/schema.org\",\"@graph\":[{\"@type\":\"Article\",\"@id\":\"https:\\\/\\\/www.uartes.edu.ec\\\/sitio\\\/fr\\\/blog\\\/2023\\\/11\\\/10\\\/en-laboratorio-propuesto-en-libre-libro-se-hablo-de-la-biblioteca-comunitaria-karibuleo\\\/#article\",\"isPartOf\":{\"@id\":\"https:\\\/\\\/www.uartes.edu.ec\\\/sitio\\\/fr\\\/blog\\\/2023\\\/11\\\/10\\\/en-laboratorio-propuesto-en-libre-libro-se-hablo-de-la-biblioteca-comunitaria-karibuleo\\\/\"},\"author\":{\"name\":\"ccortez\",\"@id\":\"https:\\\/\\\/www.uartes.edu.ec\\\/sitio\\\/fr\\\/#\\\/schema\\\/person\\\/efa1b8275797664fd7f13a79ccc0b1f4\"},\"headline\":\"En laboratorio de lecturas creativas propuesto en Libre Libro se habl\u00f3 de la biblioteca comunitaria Karibuleo\",\"datePublished\":\"2023-11-10T17:15:00+00:00\",\"dateModified\":\"2024-07-04T16:20:29+00:00\",\"mainEntityOfPage\":{\"@id\":\"https:\\\/\\\/www.uartes.edu.ec\\\/sitio\\\/fr\\\/blog\\\/2023\\\/11\\\/10\\\/en-laboratorio-propuesto-en-libre-libro-se-hablo-de-la-biblioteca-comunitaria-karibuleo\\\/\"},\"wordCount\":469,\"commentCount\":0,\"publisher\":{\"@id\":\"https:\\\/\\\/www.uartes.edu.ec\\\/sitio\\\/fr\\\/#organization\"},\"image\":{\"@id\":\"https:\\\/\\\/www.uartes.edu.ec\\\/sitio\\\/fr\\\/blog\\\/2023\\\/11\\\/10\\\/en-laboratorio-propuesto-en-libre-libro-se-hablo-de-la-biblioteca-comunitaria-karibuleo\\\/#primaryimage\"},\"thumbnailUrl\":\"https:\\\/\\\/www.uartes.edu.ec\\\/sitio\\\/wp-content\\\/uploads\\\/2024\\\/01\\\/01-LIBRE-LIBRO-2023.jpg\",\"keywords\":[\"Libre Libro\"],\"articleSection\":[\"Acad\u00e9mico\",\"Alumni\",\"Artes\",\"Docentes\",\"Estudiantes\",\"Gesti\u00f3n\",\"Literatura\",\"Sedes\",\"V\u00ednculo\"],\"inLanguage\":\"fr-FR\",\"potentialAction\":[{\"@type\":\"CommentAction\",\"name\":\"Comment\",\"target\":[\"https:\\\/\\\/www.uartes.edu.ec\\\/sitio\\\/fr\\\/blog\\\/2023\\\/11\\\/10\\\/en-laboratorio-propuesto-en-libre-libro-se-hablo-de-la-biblioteca-comunitaria-karibuleo\\\/#respond\"]}]},{\"@type\":[\"WebPage\",\"ItemPage\"],\"@id\":\"https:\\\/\\\/www.uartes.edu.ec\\\/sitio\\\/fr\\\/blog\\\/2023\\\/11\\\/10\\\/en-laboratorio-propuesto-en-libre-libro-se-hablo-de-la-biblioteca-comunitaria-karibuleo\\\/\",\"url\":\"https:\\\/\\\/www.uartes.edu.ec\\\/sitio\\\/fr\\\/blog\\\/2023\\\/11\\\/10\\\/en-laboratorio-propuesto-en-libre-libro-se-hablo-de-la-biblioteca-comunitaria-karibuleo\\\/\",\"name\":\"Universidad de las Artes - En laboratorio de lecturas creativas propuesto en Libre Libro se habl\u00f3 de la biblioteca comunitaria Karibuleo\",\"isPartOf\":{\"@id\":\"https:\\\/\\\/www.uartes.edu.ec\\\/sitio\\\/fr\\\/#website\"},\"primaryImageOfPage\":{\"@id\":\"https:\\\/\\\/www.uartes.edu.ec\\\/sitio\\\/fr\\\/blog\\\/2023\\\/11\\\/10\\\/en-laboratorio-propuesto-en-libre-libro-se-hablo-de-la-biblioteca-comunitaria-karibuleo\\\/#primaryimage\"},\"image\":{\"@id\":\"https:\\\/\\\/www.uartes.edu.ec\\\/sitio\\\/fr\\\/blog\\\/2023\\\/11\\\/10\\\/en-laboratorio-propuesto-en-libre-libro-se-hablo-de-la-biblioteca-comunitaria-karibuleo\\\/#primaryimage\"},\"thumbnailUrl\":\"https:\\\/\\\/www.uartes.edu.ec\\\/sitio\\\/wp-content\\\/uploads\\\/2024\\\/01\\\/01-LIBRE-LIBRO-2023.jpg\",\"datePublished\":\"2023-11-10T17:15:00+00:00\",\"dateModified\":\"2024-07-04T16:20:29+00:00\",\"description\":\"Universidad de las Artes - En laboratorio de lecturas creativas propuesto en Libre Libro se habl\u00f3 de la biblioteca comunitaria Karibuleo\",\"breadcrumb\":{\"@id\":\"https:\\\/\\\/www.uartes.edu.ec\\\/sitio\\\/fr\\\/blog\\\/2023\\\/11\\\/10\\\/en-laboratorio-propuesto-en-libre-libro-se-hablo-de-la-biblioteca-comunitaria-karibuleo\\\/#breadcrumb\"},\"inLanguage\":\"fr-FR\",\"potentialAction\":[{\"@type\":\"ReadAction\",\"target\":[\"https:\\\/\\\/www.uartes.edu.ec\\\/sitio\\\/fr\\\/blog\\\/2023\\\/11\\\/10\\\/en-laboratorio-propuesto-en-libre-libro-se-hablo-de-la-biblioteca-comunitaria-karibuleo\\\/\"]}]},{\"@type\":\"ImageObject\",\"inLanguage\":\"fr-FR\",\"@id\":\"https:\\\/\\\/www.uartes.edu.ec\\\/sitio\\\/fr\\\/blog\\\/2023\\\/11\\\/10\\\/en-laboratorio-propuesto-en-libre-libro-se-hablo-de-la-biblioteca-comunitaria-karibuleo\\\/#primaryimage\",\"url\":\"https:\\\/\\\/www.uartes.edu.ec\\\/sitio\\\/wp-content\\\/uploads\\\/2024\\\/01\\\/01-LIBRE-LIBRO-2023.jpg\",\"contentUrl\":\"https:\\\/\\\/www.uartes.edu.ec\\\/sitio\\\/wp-content\\\/uploads\\\/2024\\\/01\\\/01-LIBRE-LIBRO-2023.jpg\",\"width\":2000,\"height\":1333},{\"@type\":\"BreadcrumbList\",\"@id\":\"https:\\\/\\\/www.uartes.edu.ec\\\/sitio\\\/fr\\\/blog\\\/2023\\\/11\\\/10\\\/en-laboratorio-propuesto-en-libre-libro-se-hablo-de-la-biblioteca-comunitaria-karibuleo\\\/#breadcrumb\",\"itemListElement\":[{\"@type\":\"ListItem\",\"position\":1,\"name\":\"Inicio\",\"item\":\"https:\\\/\\\/www.uartes.edu.ec\\\/sitio\\\/\"},{\"@type\":\"ListItem\",\"position\":2,\"name\":\"En laboratorio de lecturas creativas propuesto en Libre Libro se habl\u00f3 de la biblioteca comunitaria Karibuleo\"}]},{\"@type\":\"WebSite\",\"@id\":\"https:\\\/\\\/www.uartes.edu.ec\\\/sitio\\\/fr\\\/#website\",\"url\":\"https:\\\/\\\/www.uartes.edu.ec\\\/sitio\\\/fr\\\/\",\"name\":\"Universidad de las Artes\",\"description\":\"Sitio oficial de la Universidad Nacional de las Artes del Ecuador\",\"publisher\":{\"@id\":\"https:\\\/\\\/www.uartes.edu.ec\\\/sitio\\\/fr\\\/#organization\"},\"potentialAction\":[{\"@type\":\"SearchAction\",\"target\":{\"@type\":\"EntryPoint\",\"urlTemplate\":\"https:\\\/\\\/www.uartes.edu.ec\\\/sitio\\\/fr\\\/?s={search_term_string}\"},\"query-input\":{\"@type\":\"PropertyValueSpecification\",\"valueRequired\":true,\"valueName\":\"search_term_string\"}}],\"inLanguage\":\"fr-FR\"},{\"@type\":\"Organization\",\"@id\":\"https:\\\/\\\/www.uartes.edu.ec\\\/sitio\\\/fr\\\/#organization\",\"name\":\"Universidad de las Artes\",\"url\":\"https:\\\/\\\/www.uartes.edu.ec\\\/sitio\\\/fr\\\/\",\"logo\":{\"@type\":\"ImageObject\",\"inLanguage\":\"fr-FR\",\"@id\":\"https:\\\/\\\/www.uartes.edu.ec\\\/sitio\\\/fr\\\/#\\\/schema\\\/logo\\\/image\\\/\",\"url\":\"https:\\\/\\\/www.uartes.edu.ec\\\/sitio\\\/wp-content\\\/uploads\\\/2022\\\/07\\\/logo-ua-horizontal.png\",\"contentUrl\":\"https:\\\/\\\/www.uartes.edu.ec\\\/sitio\\\/wp-content\\\/uploads\\\/2022\\\/07\\\/logo-ua-horizontal.png\",\"width\":800,\"height\":276,\"caption\":\"Universidad de las Artes\"},\"image\":{\"@id\":\"https:\\\/\\\/www.uartes.edu.ec\\\/sitio\\\/fr\\\/#\\\/schema\\\/logo\\\/image\\\/\"},\"sameAs\":[\"https:\\\/\\\/www.facebook.com\\\/uartesec\",\"https:\\\/\\\/x.com\\\/uartesec\",\"https:\\\/\\\/www.tiktok.com\\\/@uartesec\"]},{\"@type\":\"Person\",\"@id\":\"https:\\\/\\\/www.uartes.edu.ec\\\/sitio\\\/fr\\\/#\\\/schema\\\/person\\\/efa1b8275797664fd7f13a79ccc0b1f4\",\"name\":\"ccortez\",\"image\":{\"@type\":\"ImageObject\",\"inLanguage\":\"fr-FR\",\"@id\":\"https:\\\/\\\/secure.gravatar.com\\\/avatar\\\/b2a6f664a3ae8e074346ef91775736c5ec479e637ecced6842de9dc98b5da9cd?s=96&d=mm&r=g\",\"url\":\"https:\\\/\\\/secure.gravatar.com\\\/avatar\\\/b2a6f664a3ae8e074346ef91775736c5ec479e637ecced6842de9dc98b5da9cd?s=96&d=mm&r=g\",\"contentUrl\":\"https:\\\/\\\/secure.gravatar.com\\\/avatar\\\/b2a6f664a3ae8e074346ef91775736c5ec479e637ecced6842de9dc98b5da9cd?s=96&d=mm&r=g\",\"caption\":\"ccortez\"},\"url\":\"https:\\\/\\\/www.uartes.edu.ec\\\/sitio\\\/fr\\\/blog\\\/author\\\/ccortez\\\/\"}]}<\/script>\n<!-- \/ Yoast SEO plugin. -->","yoast_head_json":{"title":"Universidad de las Artes - En laboratorio de lecturas creativas propuesto en Libre Libro se habl\u00f3 de la biblioteca comunitaria Karibuleo","description":"Universidad de las Artes - En laboratorio de lecturas creativas propuesto en Libre Libro se habl\u00f3 de la biblioteca comunitaria Karibuleo","robots":{"index":"index","follow":"follow","max-snippet":"max-snippet:-1","max-image-preview":"max-image-preview:large","max-video-preview":"max-video-preview:-1"},"canonical":"https:\/\/www.uartes.edu.ec\/sitio\/fr\/blog\/2023\/11\/10\/en-laboratorio-propuesto-en-libre-libro-se-hablo-de-la-biblioteca-comunitaria-karibuleo\/","og_locale":"fr_FR","og_type":"article","og_title":"Universidad de las Artes - En laboratorio de lecturas creativas propuesto en Libre Libro se habl\u00f3 de la biblioteca comunitaria Karibuleo","og_description":"Universidad de las Artes - En laboratorio de lecturas creativas propuesto en Libre Libro se habl\u00f3 de la biblioteca comunitaria Karibuleo","og_url":"https:\/\/www.uartes.edu.ec\/sitio\/fr\/blog\/2023\/11\/10\/en-laboratorio-propuesto-en-libre-libro-se-hablo-de-la-biblioteca-comunitaria-karibuleo\/","og_site_name":"Universidad de las Artes","article_publisher":"https:\/\/www.facebook.com\/uartesec","article_published_time":"2023-11-10T17:15:00+00:00","article_modified_time":"2024-07-04T16:20:29+00:00","og_image":[{"width":2000,"height":1333,"url":"https:\/\/www.uartes.edu.ec\/sitio\/wp-content\/uploads\/2024\/01\/01-LIBRE-LIBRO-2023.jpg","type":"image\/jpeg"}],"author":"ccortez","twitter_card":"summary_large_image","twitter_creator":"@uartesec","twitter_site":"@uartesec","twitter_misc":{"\u00c9crit par":"ccortez","Dur\u00e9e de lecture estim\u00e9e":"2 minutes"},"schema":{"@context":"https:\/\/schema.org","@graph":[{"@type":"Article","@id":"https:\/\/www.uartes.edu.ec\/sitio\/fr\/blog\/2023\/11\/10\/en-laboratorio-propuesto-en-libre-libro-se-hablo-de-la-biblioteca-comunitaria-karibuleo\/#article","isPartOf":{"@id":"https:\/\/www.uartes.edu.ec\/sitio\/fr\/blog\/2023\/11\/10\/en-laboratorio-propuesto-en-libre-libro-se-hablo-de-la-biblioteca-comunitaria-karibuleo\/"},"author":{"name":"ccortez","@id":"https:\/\/www.uartes.edu.ec\/sitio\/fr\/#\/schema\/person\/efa1b8275797664fd7f13a79ccc0b1f4"},"headline":"En laboratorio de lecturas creativas propuesto en Libre Libro se habl\u00f3 de la biblioteca comunitaria Karibuleo","datePublished":"2023-11-10T17:15:00+00:00","dateModified":"2024-07-04T16:20:29+00:00","mainEntityOfPage":{"@id":"https:\/\/www.uartes.edu.ec\/sitio\/fr\/blog\/2023\/11\/10\/en-laboratorio-propuesto-en-libre-libro-se-hablo-de-la-biblioteca-comunitaria-karibuleo\/"},"wordCount":469,"commentCount":0,"publisher":{"@id":"https:\/\/www.uartes.edu.ec\/sitio\/fr\/#organization"},"image":{"@id":"https:\/\/www.uartes.edu.ec\/sitio\/fr\/blog\/2023\/11\/10\/en-laboratorio-propuesto-en-libre-libro-se-hablo-de-la-biblioteca-comunitaria-karibuleo\/#primaryimage"},"thumbnailUrl":"https:\/\/www.uartes.edu.ec\/sitio\/wp-content\/uploads\/2024\/01\/01-LIBRE-LIBRO-2023.jpg","keywords":["Libre Libro"],"articleSection":["Acad\u00e9mico","Alumni","Artes","Docentes","Estudiantes","Gesti\u00f3n","Literatura","Sedes","V\u00ednculo"],"inLanguage":"fr-FR","potentialAction":[{"@type":"CommentAction","name":"Comment","target":["https:\/\/www.uartes.edu.ec\/sitio\/fr\/blog\/2023\/11\/10\/en-laboratorio-propuesto-en-libre-libro-se-hablo-de-la-biblioteca-comunitaria-karibuleo\/#respond"]}]},{"@type":["WebPage","ItemPage"],"@id":"https:\/\/www.uartes.edu.ec\/sitio\/fr\/blog\/2023\/11\/10\/en-laboratorio-propuesto-en-libre-libro-se-hablo-de-la-biblioteca-comunitaria-karibuleo\/","url":"https:\/\/www.uartes.edu.ec\/sitio\/fr\/blog\/2023\/11\/10\/en-laboratorio-propuesto-en-libre-libro-se-hablo-de-la-biblioteca-comunitaria-karibuleo\/","name":"Universidad de las Artes - En laboratorio de lecturas creativas propuesto en Libre Libro se habl\u00f3 de la biblioteca comunitaria Karibuleo","isPartOf":{"@id":"https:\/\/www.uartes.edu.ec\/sitio\/fr\/#website"},"primaryImageOfPage":{"@id":"https:\/\/www.uartes.edu.ec\/sitio\/fr\/blog\/2023\/11\/10\/en-laboratorio-propuesto-en-libre-libro-se-hablo-de-la-biblioteca-comunitaria-karibuleo\/#primaryimage"},"image":{"@id":"https:\/\/www.uartes.edu.ec\/sitio\/fr\/blog\/2023\/11\/10\/en-laboratorio-propuesto-en-libre-libro-se-hablo-de-la-biblioteca-comunitaria-karibuleo\/#primaryimage"},"thumbnailUrl":"https:\/\/www.uartes.edu.ec\/sitio\/wp-content\/uploads\/2024\/01\/01-LIBRE-LIBRO-2023.jpg","datePublished":"2023-11-10T17:15:00+00:00","dateModified":"2024-07-04T16:20:29+00:00","description":"Universidad de las Artes - En laboratorio de lecturas creativas propuesto en Libre Libro se habl\u00f3 de la biblioteca comunitaria Karibuleo","breadcrumb":{"@id":"https:\/\/www.uartes.edu.ec\/sitio\/fr\/blog\/2023\/11\/10\/en-laboratorio-propuesto-en-libre-libro-se-hablo-de-la-biblioteca-comunitaria-karibuleo\/#breadcrumb"},"inLanguage":"fr-FR","potentialAction":[{"@type":"ReadAction","target":["https:\/\/www.uartes.edu.ec\/sitio\/fr\/blog\/2023\/11\/10\/en-laboratorio-propuesto-en-libre-libro-se-hablo-de-la-biblioteca-comunitaria-karibuleo\/"]}]},{"@type":"ImageObject","inLanguage":"fr-FR","@id":"https:\/\/www.uartes.edu.ec\/sitio\/fr\/blog\/2023\/11\/10\/en-laboratorio-propuesto-en-libre-libro-se-hablo-de-la-biblioteca-comunitaria-karibuleo\/#primaryimage","url":"https:\/\/www.uartes.edu.ec\/sitio\/wp-content\/uploads\/2024\/01\/01-LIBRE-LIBRO-2023.jpg","contentUrl":"https:\/\/www.uartes.edu.ec\/sitio\/wp-content\/uploads\/2024\/01\/01-LIBRE-LIBRO-2023.jpg","width":2000,"height":1333},{"@type":"BreadcrumbList","@id":"https:\/\/www.uartes.edu.ec\/sitio\/fr\/blog\/2023\/11\/10\/en-laboratorio-propuesto-en-libre-libro-se-hablo-de-la-biblioteca-comunitaria-karibuleo\/#breadcrumb","itemListElement":[{"@type":"ListItem","position":1,"name":"Inicio","item":"https:\/\/www.uartes.edu.ec\/sitio\/"},{"@type":"ListItem","position":2,"name":"En laboratorio de lecturas creativas propuesto en Libre Libro se habl\u00f3 de la biblioteca comunitaria Karibuleo"}]},{"@type":"WebSite","@id":"https:\/\/www.uartes.edu.ec\/sitio\/fr\/#website","url":"https:\/\/www.uartes.edu.ec\/sitio\/fr\/","name":"Universidad de las Artes","description":"Sitio oficial de la Universidad Nacional de las Artes del Ecuador","publisher":{"@id":"https:\/\/www.uartes.edu.ec\/sitio\/fr\/#organization"},"potentialAction":[{"@type":"SearchAction","target":{"@type":"EntryPoint","urlTemplate":"https:\/\/www.uartes.edu.ec\/sitio\/fr\/?s={search_term_string}"},"query-input":{"@type":"PropertyValueSpecification","valueRequired":true,"valueName":"search_term_string"}}],"inLanguage":"fr-FR"},{"@type":"Organization","@id":"https:\/\/www.uartes.edu.ec\/sitio\/fr\/#organization","name":"Universidad de las Artes","url":"https:\/\/www.uartes.edu.ec\/sitio\/fr\/","logo":{"@type":"ImageObject","inLanguage":"fr-FR","@id":"https:\/\/www.uartes.edu.ec\/sitio\/fr\/#\/schema\/logo\/image\/","url":"https:\/\/www.uartes.edu.ec\/sitio\/wp-content\/uploads\/2022\/07\/logo-ua-horizontal.png","contentUrl":"https:\/\/www.uartes.edu.ec\/sitio\/wp-content\/uploads\/2022\/07\/logo-ua-horizontal.png","width":800,"height":276,"caption":"Universidad de las Artes"},"image":{"@id":"https:\/\/www.uartes.edu.ec\/sitio\/fr\/#\/schema\/logo\/image\/"},"sameAs":["https:\/\/www.facebook.com\/uartesec","https:\/\/x.com\/uartesec","https:\/\/www.tiktok.com\/@uartesec"]},{"@type":"Person","@id":"https:\/\/www.uartes.edu.ec\/sitio\/fr\/#\/schema\/person\/efa1b8275797664fd7f13a79ccc0b1f4","name":"ccortez","image":{"@type":"ImageObject","inLanguage":"fr-FR","@id":"https:\/\/secure.gravatar.com\/avatar\/b2a6f664a3ae8e074346ef91775736c5ec479e637ecced6842de9dc98b5da9cd?s=96&d=mm&r=g","url":"https:\/\/secure.gravatar.com\/avatar\/b2a6f664a3ae8e074346ef91775736c5ec479e637ecced6842de9dc98b5da9cd?s=96&d=mm&r=g","contentUrl":"https:\/\/secure.gravatar.com\/avatar\/b2a6f664a3ae8e074346ef91775736c5ec479e637ecced6842de9dc98b5da9cd?s=96&d=mm&r=g","caption":"ccortez"},"url":"https:\/\/www.uartes.edu.ec\/sitio\/fr\/blog\/author\/ccortez\/"}]}},"uagb_featured_image_src":{"full":["https:\/\/www.uartes.edu.ec\/sitio\/wp-content\/uploads\/2024\/01\/01-LIBRE-LIBRO-2023.jpg",2000,1333,false],"thumbnail":["https:\/\/www.uartes.edu.ec\/sitio\/wp-content\/uploads\/2024\/01\/01-LIBRE-LIBRO-2023-150x150.jpg",150,150,true],"medium":["https:\/\/www.uartes.edu.ec\/sitio\/wp-content\/uploads\/2024\/01\/01-LIBRE-LIBRO-2023-300x200.jpg",300,200,true],"medium_large":["https:\/\/www.uartes.edu.ec\/sitio\/wp-content\/uploads\/2024\/01\/01-LIBRE-LIBRO-2023-768x512.jpg",768,512,true],"large":["https:\/\/www.uartes.edu.ec\/sitio\/wp-content\/uploads\/2024\/01\/01-LIBRE-LIBRO-2023-644x429.jpg",644,429,true],"1536x1536":["https:\/\/www.uartes.edu.ec\/sitio\/wp-content\/uploads\/2024\/01\/01-LIBRE-LIBRO-2023-1536x1024.jpg",1536,1024,true],"2048x2048":["https:\/\/www.uartes.edu.ec\/sitio\/wp-content\/uploads\/2024\/01\/01-LIBRE-LIBRO-2023.jpg",2000,1333,false],"trp-custom-language-flag":["https:\/\/www.uartes.edu.ec\/sitio\/wp-content\/uploads\/2024\/01\/01-LIBRE-LIBRO-2023.jpg",18,12,false],"htmega_size_585x295":["https:\/\/www.uartes.edu.ec\/sitio\/wp-content\/uploads\/2024\/01\/01-LIBRE-LIBRO-2023-585x295.jpg",585,295,true],"htmega_size_1170x536":["https:\/\/www.uartes.edu.ec\/sitio\/wp-content\/uploads\/2024\/01\/01-LIBRE-LIBRO-2023-1170x536.jpg",1170,536,true],"htmega_size_396x360":["https:\/\/www.uartes.edu.ec\/sitio\/wp-content\/uploads\/2024\/01\/01-LIBRE-LIBRO-2023-396x360.jpg",396,360,true],"gb-block-post-grid-landscape":["https:\/\/www.uartes.edu.ec\/sitio\/wp-content\/uploads\/2024\/01\/01-LIBRE-LIBRO-2023-600x400.jpg",600,400,true],"gb-block-post-grid-square":["https:\/\/www.uartes.edu.ec\/sitio\/wp-content\/uploads\/2024\/01\/01-LIBRE-LIBRO-2023-600x600.jpg",600,600,true],"university-hub-thumb":["https:\/\/www.uartes.edu.ec\/sitio\/wp-content\/uploads\/2024\/01\/01-LIBRE-LIBRO-2023-400x267.jpg",400,267,true]},"uagb_author_info":{"display_name":"ccortez","author_link":"https:\/\/www.uartes.edu.ec\/sitio\/fr\/blog\/author\/ccortez\/"},"uagb_comment_info":0,"uagb_excerpt":"La sesi\u00f3n abierta del laboratorio de lecturas creativas de la biblioteca comunitaria Karibuleo, proyecto de Vinculaci\u00f3n con la Sociedad de la Universidad de las Artes, fue una de las actividades vespertinas de la segunda jornada de Libre Libro, este 9 de noviembre. Andrea Alejandro Freire, alumnus UArtes, intervino junto a varios miembros del laboratorio en\u2026","featured_image_src":"https:\/\/www.uartes.edu.ec\/sitio\/wp-content\/uploads\/2024\/01\/01-LIBRE-LIBRO-2023-600x400.jpg","featured_image_src_square":"https:\/\/www.uartes.edu.ec\/sitio\/wp-content\/uploads\/2024\/01\/01-LIBRE-LIBRO-2023-600x600.jpg","author_info":{"display_name":"ccortez","author_link":"https:\/\/www.uartes.edu.ec\/sitio\/fr\/blog\/author\/ccortez\/"},"publishpress_future_workflow_manual_trigger":{"enabledWorkflows":[]},"distributor_meta":false,"distributor_terms":false,"distributor_media":false,"distributor_original_site_name":"Universidad de las Artes","distributor_original_site_url":"https:\/\/www.uartes.edu.ec\/sitio\/fr","push-errors":false,"_links":{"self":[{"href":"https:\/\/www.uartes.edu.ec\/sitio\/fr\/wp-json\/wp\/v2\/posts\/49495","targetHints":{"allow":["GET"]}}],"collection":[{"href":"https:\/\/www.uartes.edu.ec\/sitio\/fr\/wp-json\/wp\/v2\/posts"}],"about":[{"href":"https:\/\/www.uartes.edu.ec\/sitio\/fr\/wp-json\/wp\/v2\/types\/post"}],"author":[{"embeddable":true,"href":"https:\/\/www.uartes.edu.ec\/sitio\/fr\/wp-json\/wp\/v2\/users\/10"}],"replies":[{"embeddable":true,"href":"https:\/\/www.uartes.edu.ec\/sitio\/fr\/wp-json\/wp\/v2\/comments?post=49495"}],"version-history":[{"count":6,"href":"https:\/\/www.uartes.edu.ec\/sitio\/fr\/wp-json\/wp\/v2\/posts\/49495\/revisions"}],"predecessor-version":[{"id":49511,"href":"https:\/\/www.uartes.edu.ec\/sitio\/fr\/wp-json\/wp\/v2\/posts\/49495\/revisions\/49511"}],"wp:featuredmedia":[{"embeddable":true,"href":"https:\/\/www.uartes.edu.ec\/sitio\/fr\/wp-json\/wp\/v2\/media\/49497"}],"wp:attachment":[{"href":"https:\/\/www.uartes.edu.ec\/sitio\/fr\/wp-json\/wp\/v2\/media?parent=49495"}],"wp:term":[{"taxonomy":"category","embeddable":true,"href":"https:\/\/www.uartes.edu.ec\/sitio\/fr\/wp-json\/wp\/v2\/categories?post=49495"},{"taxonomy":"post_tag","embeddable":true,"href":"https:\/\/www.uartes.edu.ec\/sitio\/fr\/wp-json\/wp\/v2\/tags?post=49495"},{"taxonomy":"infouartes","embeddable":true,"href":"https:\/\/www.uartes.edu.ec\/sitio\/fr\/wp-json\/wp\/v2\/infouartes?post=49495"}],"curies":[{"name":"wp","href":"https:\/\/api.w.org\/{rel}","templated":true}]}}