{"id":49622,"date":"2023-11-10T19:32:00","date_gmt":"2023-11-11T00:32:00","guid":{"rendered":"https:\/\/www.uartes.edu.ec\/sitio\/?p=49622"},"modified":"2024-07-04T11:20:28","modified_gmt":"2024-07-04T16:20:28","slug":"narrar-desde-la-encuadernacion-posibilidades-y-retos","status":"publish","type":"post","link":"https:\/\/www.uartes.edu.ec\/sitio\/fr\/blog\/2023\/11\/10\/narrar-desde-la-encuadernacion-posibilidades-y-retos\/","title":{"rendered":"\u201cNarrar desde la encuadernaci\u00f3n\u201d"},"content":{"rendered":"<p>Desde la inauguraci\u00f3n de la IX edici\u00f3n de Libre Libro, el pasado mi\u00e9rcoles 8 de noviembre, se han venido desarrollando talleres de encuadernaci\u00f3n casera, escritura creativa, c\u00f3mo armar una editorial desde cero con pocos recursos y fanzines. Constaron en la agenda de este nuevo encuentro con las editoriales independientes y en paralelo con las dem\u00e1s actividades organizadas por la Universidad de las Artes y su Escuela de Literatura.<\/p>\n\n\n\n<p>Los talleres, cuyas clausuras se registraron hoy (viernes 10 de noviembre), se programaron de 09:00 a 11:00 en varias de las instalaciones de las UArtes. El dirigido por Sara Bola\u00f1os, representante del sello editorial Atelier UIO, tuvo lugar en el Project Room del MZ14 Centro de Producci\u00f3n e Innovaci\u00f3n. \u201cNarrar desde la encuadernaci\u00f3n\u201d es como titul\u00f3 al taller, donde dio cuenta, adem\u00e1s, de la traves\u00eda que comenz\u00f3 como pasatiempo y se transform\u00f3 en un emprendimiento durante el confinamiento de 2020.<\/p>\n\n\n\n<p>De c\u00f3mo la encuadernaci\u00f3n puede convertirse en una forma de narrar y no solo ser una t\u00e9cnica es lo que Bola\u00f1os comparti\u00f3 con los participantes. En di\u00e1logo con InfoUArtes cont\u00f3 que en 2021 decidi\u00f3 dotar a su obra de un nombre y una identidad: Atelier UIO. Desde entonces, su sue\u00f1o ha sido colaborar con una pl\u00e9tora de autores para dar vida a sus visiones a trav\u00e9s de la encuadernaci\u00f3n.<\/p>\n\n\n\n<h3 class=\"wp-block-heading\">Posibilidades, texturas y detalles<\/h3>\n\n\n\n<p>En el taller, Sara Bola\u00f1os mostr\u00f3 las posibilidades que ofrece la encuadernaci\u00f3n. Desde el estilo y dise\u00f1o, donde la elecci\u00f3n de detalles puede sugerir \u00e9pocas o tonos espec\u00edficos, hasta la incorporaci\u00f3n de elementos interactivos que sorprenden al lector. Tambi\u00e9n destac\u00f3 los retos, como los costos de producci\u00f3n, y la necesidad de equilibrar la est\u00e9tica con la durabilidad del libro.<\/p>\n\n\n\n<p>En ese contexto, la tallerista hizo referencia al estilo y dise\u00f1o de la encuadernaci\u00f3n, la cual puede transmitir informaci\u00f3n sobre la \u00e9poca, el g\u00e9nero o el tono de la obra. Un dise\u00f1o elegante puede sugerir una historia cl\u00e1sica, mientras que uno m\u00e1s contempor\u00e1neo puede indicar un enfoque moderno.<\/p>\n\n\n\n<p>En cuanto a texturas y materiales, Bola\u00f1os sostuvo que la elecci\u00f3n de ambos puede proporcionar una experiencia t\u00e1ctil \u00fanica. Por ejemplo, una encuadernaci\u00f3n de cuero puede evocar un ambiente cl\u00e1sico y atemporal, mientras que una cubierta rugosa puede sugerir rusticidad.<\/p>\n\n\n\n<p>Los detalles ocultos, anot\u00f3, pueden ser peque\u00f1os, como grabados en el lomo, o dise\u00f1os bajo la cubierta, a fin de a\u00f1adir capas de significado que los lectores ir\u00e1n descubriendo a medida que avanzan en la historia.<\/p>\n\n\n\n<h3 class=\"wp-block-heading\">Elementos interactivos, costos y producci\u00f3n<\/h3>\n\n\n\n<p>Con respecto a la encuadernaci\u00f3n interactiva detall\u00f3 que son elementos interactivos, como solapas desplegables o compartimentos secretos, los cuales pueden integrarse para sorprender y comprometer al lector de una manera \u00fanica.<\/p>\n\n\n\n<p>De los costos y producci\u00f3n precis\u00f3 que los dise\u00f1os elaborados y materiales de alta calidad pueden aumentarlos, lo cual puede ser un desaf\u00edo para autores independientes o editoriales con presupuestos limitados.<\/p>\n\n\n\n<p>En la era digital, donde muchos libros se leen en dispositivos electr\u00f3nicos, adaptar elementos de la encuadernaci\u00f3n a formatos digitales puede resultar complicado sin perder la esencia original, dijo y de la durabilidad expres\u00f3 que la encuadernaci\u00f3n exquisita a veces puede comprometerla; lo fundamental es equilibrar la est\u00e9tica con la resistencia para asegurar que el libro permanezca en buen estado con el tiempo.<\/p>\n\n\n\n<p>Los lectores pueden tener expectativas sobre la relaci\u00f3n entre la encuadernaci\u00f3n y el contenido, se\u00f1al\u00f3 Bola\u00f1os, indicando que un dise\u00f1o llamativo puede decepcionar si no est\u00e1 alineado con el tono o g\u00e9nero de la obra.<\/p>\n\n\n\n<p>Texto: Eleinn Rivera, estudiante de la Escuela de Literatura\/Edici\u00f3n: Carmen Cortez.<\/p>","protected":false},"excerpt":{"rendered":"<p>En la programaci\u00f3n de la IX edici\u00f3n de Libre Libro const\u00f3 desde su inauguraci\u00f3n, este mi\u00e9rcoles 8 de noviembre, la realizaci\u00f3n de talleres. Sara Bola\u00f1os, de Atelier UIO, imparti\u00f3 el titulado \u201cNarrar desde la encuadernaci\u00f3n, posibilidades y retos\u201d. Se desarroll\u00f3 en el Project Room del MZ14 Centro de Producci\u00f3n e Innovaci\u00f3n. Junto con la t\u00e9cnica del proceso, la tallerista comparti\u00f3 detalles de una traves\u00eda que comenz\u00f3 como pasatiempo y se transform\u00f3 en un emprendimiento durante el confinamiento de 2020.<\/p>","protected":false},"author":10,"featured_media":49623,"comment_status":"open","ping_status":"open","sticky":false,"template":"","format":"standard","meta":{"_acf_changed":false,"_uag_custom_page_level_css":"","_monsterinsights_skip_tracking":false,"_monsterinsights_sitenote_active":false,"_monsterinsights_sitenote_note":"","_monsterinsights_sitenote_category":0,"cybocfi_hide_featured_image":"","footnotes":""},"categories":[80,438,490,75,76,77,175,83],"tags":[547],"infouartes":[],"class_list":["post-49622","post","type-post","status-publish","format-standard","has-post-thumbnail","hentry","category-academico","category-administrativos","category-alumni","category-docentes","category-estudiantes","category-gestion","category-literatura","category-sedes","tag-libre-libro"],"acf":[],"yoast_head":"<!-- This site is optimized with the Yoast SEO plugin v27.4 - https:\/\/yoast.com\/product\/yoast-seo-wordpress\/ -->\n<title>Universidad de las Artes - \u201cNarrar desde la encuadernaci\u00f3n\u201d<\/title>\n<meta name=\"description\" content=\"Universidad de las Artes - \u201cNarrar desde la encuadernaci\u00f3n\u201d\" \/>\n<meta name=\"robots\" content=\"index, follow, max-snippet:-1, max-image-preview:large, max-video-preview:-1\" \/>\n<link rel=\"canonical\" href=\"https:\/\/www.uartes.edu.ec\/sitio\/fr\/blog\/2023\/11\/10\/narrar-desde-la-encuadernacion-posibilidades-y-retos\/\" \/>\n<meta property=\"og:locale\" content=\"fr_FR\" \/>\n<meta property=\"og:type\" content=\"article\" \/>\n<meta property=\"og:title\" content=\"Universidad de las Artes - \u201cNarrar desde la encuadernaci\u00f3n\u201d\" \/>\n<meta property=\"og:description\" content=\"Universidad de las Artes - \u201cNarrar desde la encuadernaci\u00f3n\u201d\" \/>\n<meta property=\"og:url\" content=\"https:\/\/www.uartes.edu.ec\/sitio\/fr\/blog\/2023\/11\/10\/narrar-desde-la-encuadernacion-posibilidades-y-retos\/\" \/>\n<meta property=\"og:site_name\" content=\"Universidad de las Artes\" \/>\n<meta property=\"article:publisher\" content=\"https:\/\/www.facebook.com\/uartesec\" \/>\n<meta property=\"article:published_time\" content=\"2023-11-11T00:32:00+00:00\" \/>\n<meta property=\"article:modified_time\" content=\"2024-07-04T16:20:28+00:00\" \/>\n<meta property=\"og:image\" content=\"https:\/\/www.uartes.edu.ec\/sitio\/wp-content\/uploads\/2024\/01\/02-LIBRE-LIBRO-2023-1.jpg\" \/>\n\t<meta property=\"og:image:width\" content=\"2000\" \/>\n\t<meta property=\"og:image:height\" content=\"1333\" \/>\n\t<meta property=\"og:image:type\" content=\"image\/jpeg\" \/>\n<meta name=\"author\" content=\"ccortez\" \/>\n<meta name=\"twitter:card\" content=\"summary_large_image\" \/>\n<meta name=\"twitter:creator\" content=\"@uartesec\" \/>\n<meta name=\"twitter:site\" content=\"@uartesec\" \/>\n<meta name=\"twitter:label1\" content=\"\u00c9crit par\" \/>\n\t<meta name=\"twitter:data1\" content=\"ccortez\" \/>\n\t<meta name=\"twitter:label2\" content=\"Dur\u00e9e de lecture estim\u00e9e\" \/>\n\t<meta name=\"twitter:data2\" content=\"3 minutes\" \/>\n<script type=\"application\/ld+json\" class=\"yoast-schema-graph\">{\"@context\":\"https:\\\/\\\/schema.org\",\"@graph\":[{\"@type\":\"Article\",\"@id\":\"https:\\\/\\\/www.uartes.edu.ec\\\/sitio\\\/fr\\\/blog\\\/2023\\\/11\\\/10\\\/narrar-desde-la-encuadernacion-posibilidades-y-retos\\\/#article\",\"isPartOf\":{\"@id\":\"https:\\\/\\\/www.uartes.edu.ec\\\/sitio\\\/fr\\\/blog\\\/2023\\\/11\\\/10\\\/narrar-desde-la-encuadernacion-posibilidades-y-retos\\\/\"},\"author\":{\"name\":\"ccortez\",\"@id\":\"https:\\\/\\\/www.uartes.edu.ec\\\/sitio\\\/fr\\\/#\\\/schema\\\/person\\\/efa1b8275797664fd7f13a79ccc0b1f4\"},\"headline\":\"\u201cNarrar desde la encuadernaci\u00f3n\u201d\",\"datePublished\":\"2023-11-11T00:32:00+00:00\",\"dateModified\":\"2024-07-04T16:20:28+00:00\",\"mainEntityOfPage\":{\"@id\":\"https:\\\/\\\/www.uartes.edu.ec\\\/sitio\\\/fr\\\/blog\\\/2023\\\/11\\\/10\\\/narrar-desde-la-encuadernacion-posibilidades-y-retos\\\/\"},\"wordCount\":643,\"commentCount\":0,\"publisher\":{\"@id\":\"https:\\\/\\\/www.uartes.edu.ec\\\/sitio\\\/fr\\\/#organization\"},\"image\":{\"@id\":\"https:\\\/\\\/www.uartes.edu.ec\\\/sitio\\\/fr\\\/blog\\\/2023\\\/11\\\/10\\\/narrar-desde-la-encuadernacion-posibilidades-y-retos\\\/#primaryimage\"},\"thumbnailUrl\":\"https:\\\/\\\/www.uartes.edu.ec\\\/sitio\\\/wp-content\\\/uploads\\\/2024\\\/01\\\/02-LIBRE-LIBRO-2023-1.jpg\",\"keywords\":[\"Libre Libro\"],\"articleSection\":[\"Acad\u00e9mico\",\"Administrativos\",\"Alumni\",\"Docentes\",\"Estudiantes\",\"Gesti\u00f3n\",\"Literatura\",\"Sedes\"],\"inLanguage\":\"fr-FR\",\"potentialAction\":[{\"@type\":\"CommentAction\",\"name\":\"Comment\",\"target\":[\"https:\\\/\\\/www.uartes.edu.ec\\\/sitio\\\/fr\\\/blog\\\/2023\\\/11\\\/10\\\/narrar-desde-la-encuadernacion-posibilidades-y-retos\\\/#respond\"]}]},{\"@type\":[\"WebPage\",\"ItemPage\"],\"@id\":\"https:\\\/\\\/www.uartes.edu.ec\\\/sitio\\\/fr\\\/blog\\\/2023\\\/11\\\/10\\\/narrar-desde-la-encuadernacion-posibilidades-y-retos\\\/\",\"url\":\"https:\\\/\\\/www.uartes.edu.ec\\\/sitio\\\/fr\\\/blog\\\/2023\\\/11\\\/10\\\/narrar-desde-la-encuadernacion-posibilidades-y-retos\\\/\",\"name\":\"Universidad de las Artes - \u201cNarrar desde la encuadernaci\u00f3n\u201d\",\"isPartOf\":{\"@id\":\"https:\\\/\\\/www.uartes.edu.ec\\\/sitio\\\/fr\\\/#website\"},\"primaryImageOfPage\":{\"@id\":\"https:\\\/\\\/www.uartes.edu.ec\\\/sitio\\\/fr\\\/blog\\\/2023\\\/11\\\/10\\\/narrar-desde-la-encuadernacion-posibilidades-y-retos\\\/#primaryimage\"},\"image\":{\"@id\":\"https:\\\/\\\/www.uartes.edu.ec\\\/sitio\\\/fr\\\/blog\\\/2023\\\/11\\\/10\\\/narrar-desde-la-encuadernacion-posibilidades-y-retos\\\/#primaryimage\"},\"thumbnailUrl\":\"https:\\\/\\\/www.uartes.edu.ec\\\/sitio\\\/wp-content\\\/uploads\\\/2024\\\/01\\\/02-LIBRE-LIBRO-2023-1.jpg\",\"datePublished\":\"2023-11-11T00:32:00+00:00\",\"dateModified\":\"2024-07-04T16:20:28+00:00\",\"description\":\"Universidad de las Artes - \u201cNarrar desde la encuadernaci\u00f3n\u201d\",\"breadcrumb\":{\"@id\":\"https:\\\/\\\/www.uartes.edu.ec\\\/sitio\\\/fr\\\/blog\\\/2023\\\/11\\\/10\\\/narrar-desde-la-encuadernacion-posibilidades-y-retos\\\/#breadcrumb\"},\"inLanguage\":\"fr-FR\",\"potentialAction\":[{\"@type\":\"ReadAction\",\"target\":[\"https:\\\/\\\/www.uartes.edu.ec\\\/sitio\\\/fr\\\/blog\\\/2023\\\/11\\\/10\\\/narrar-desde-la-encuadernacion-posibilidades-y-retos\\\/\"]}]},{\"@type\":\"ImageObject\",\"inLanguage\":\"fr-FR\",\"@id\":\"https:\\\/\\\/www.uartes.edu.ec\\\/sitio\\\/fr\\\/blog\\\/2023\\\/11\\\/10\\\/narrar-desde-la-encuadernacion-posibilidades-y-retos\\\/#primaryimage\",\"url\":\"https:\\\/\\\/www.uartes.edu.ec\\\/sitio\\\/wp-content\\\/uploads\\\/2024\\\/01\\\/02-LIBRE-LIBRO-2023-1.jpg\",\"contentUrl\":\"https:\\\/\\\/www.uartes.edu.ec\\\/sitio\\\/wp-content\\\/uploads\\\/2024\\\/01\\\/02-LIBRE-LIBRO-2023-1.jpg\",\"width\":2000,\"height\":1333},{\"@type\":\"BreadcrumbList\",\"@id\":\"https:\\\/\\\/www.uartes.edu.ec\\\/sitio\\\/fr\\\/blog\\\/2023\\\/11\\\/10\\\/narrar-desde-la-encuadernacion-posibilidades-y-retos\\\/#breadcrumb\",\"itemListElement\":[{\"@type\":\"ListItem\",\"position\":1,\"name\":\"Inicio\",\"item\":\"https:\\\/\\\/www.uartes.edu.ec\\\/sitio\\\/\"},{\"@type\":\"ListItem\",\"position\":2,\"name\":\"\u201cNarrar desde la encuadernaci\u00f3n\u201d\"}]},{\"@type\":\"WebSite\",\"@id\":\"https:\\\/\\\/www.uartes.edu.ec\\\/sitio\\\/fr\\\/#website\",\"url\":\"https:\\\/\\\/www.uartes.edu.ec\\\/sitio\\\/fr\\\/\",\"name\":\"Universidad de las Artes\",\"description\":\"Sitio oficial de la Universidad Nacional de las Artes del Ecuador\",\"publisher\":{\"@id\":\"https:\\\/\\\/www.uartes.edu.ec\\\/sitio\\\/fr\\\/#organization\"},\"potentialAction\":[{\"@type\":\"SearchAction\",\"target\":{\"@type\":\"EntryPoint\",\"urlTemplate\":\"https:\\\/\\\/www.uartes.edu.ec\\\/sitio\\\/fr\\\/?s={search_term_string}\"},\"query-input\":{\"@type\":\"PropertyValueSpecification\",\"valueRequired\":true,\"valueName\":\"search_term_string\"}}],\"inLanguage\":\"fr-FR\"},{\"@type\":\"Organization\",\"@id\":\"https:\\\/\\\/www.uartes.edu.ec\\\/sitio\\\/fr\\\/#organization\",\"name\":\"Universidad de las Artes\",\"url\":\"https:\\\/\\\/www.uartes.edu.ec\\\/sitio\\\/fr\\\/\",\"logo\":{\"@type\":\"ImageObject\",\"inLanguage\":\"fr-FR\",\"@id\":\"https:\\\/\\\/www.uartes.edu.ec\\\/sitio\\\/fr\\\/#\\\/schema\\\/logo\\\/image\\\/\",\"url\":\"https:\\\/\\\/www.uartes.edu.ec\\\/sitio\\\/wp-content\\\/uploads\\\/2022\\\/07\\\/logo-ua-horizontal.png\",\"contentUrl\":\"https:\\\/\\\/www.uartes.edu.ec\\\/sitio\\\/wp-content\\\/uploads\\\/2022\\\/07\\\/logo-ua-horizontal.png\",\"width\":800,\"height\":276,\"caption\":\"Universidad de las Artes\"},\"image\":{\"@id\":\"https:\\\/\\\/www.uartes.edu.ec\\\/sitio\\\/fr\\\/#\\\/schema\\\/logo\\\/image\\\/\"},\"sameAs\":[\"https:\\\/\\\/www.facebook.com\\\/uartesec\",\"https:\\\/\\\/x.com\\\/uartesec\",\"https:\\\/\\\/www.tiktok.com\\\/@uartesec\"]},{\"@type\":\"Person\",\"@id\":\"https:\\\/\\\/www.uartes.edu.ec\\\/sitio\\\/fr\\\/#\\\/schema\\\/person\\\/efa1b8275797664fd7f13a79ccc0b1f4\",\"name\":\"ccortez\",\"image\":{\"@type\":\"ImageObject\",\"inLanguage\":\"fr-FR\",\"@id\":\"https:\\\/\\\/secure.gravatar.com\\\/avatar\\\/b2a6f664a3ae8e074346ef91775736c5ec479e637ecced6842de9dc98b5da9cd?s=96&d=mm&r=g\",\"url\":\"https:\\\/\\\/secure.gravatar.com\\\/avatar\\\/b2a6f664a3ae8e074346ef91775736c5ec479e637ecced6842de9dc98b5da9cd?s=96&d=mm&r=g\",\"contentUrl\":\"https:\\\/\\\/secure.gravatar.com\\\/avatar\\\/b2a6f664a3ae8e074346ef91775736c5ec479e637ecced6842de9dc98b5da9cd?s=96&d=mm&r=g\",\"caption\":\"ccortez\"},\"url\":\"https:\\\/\\\/www.uartes.edu.ec\\\/sitio\\\/fr\\\/blog\\\/author\\\/ccortez\\\/\"}]}<\/script>\n<!-- \/ Yoast SEO plugin. -->","yoast_head_json":{"title":"Universidad de las Artes - \u201cNarrar desde la encuadernaci\u00f3n\u201d","description":"Universidad de las Artes - \u201cNarrar desde la encuadernaci\u00f3n\u201d","robots":{"index":"index","follow":"follow","max-snippet":"max-snippet:-1","max-image-preview":"max-image-preview:large","max-video-preview":"max-video-preview:-1"},"canonical":"https:\/\/www.uartes.edu.ec\/sitio\/fr\/blog\/2023\/11\/10\/narrar-desde-la-encuadernacion-posibilidades-y-retos\/","og_locale":"fr_FR","og_type":"article","og_title":"Universidad de las Artes - \u201cNarrar desde la encuadernaci\u00f3n\u201d","og_description":"Universidad de las Artes - \u201cNarrar desde la encuadernaci\u00f3n\u201d","og_url":"https:\/\/www.uartes.edu.ec\/sitio\/fr\/blog\/2023\/11\/10\/narrar-desde-la-encuadernacion-posibilidades-y-retos\/","og_site_name":"Universidad de las Artes","article_publisher":"https:\/\/www.facebook.com\/uartesec","article_published_time":"2023-11-11T00:32:00+00:00","article_modified_time":"2024-07-04T16:20:28+00:00","og_image":[{"width":2000,"height":1333,"url":"https:\/\/www.uartes.edu.ec\/sitio\/wp-content\/uploads\/2024\/01\/02-LIBRE-LIBRO-2023-1.jpg","type":"image\/jpeg"}],"author":"ccortez","twitter_card":"summary_large_image","twitter_creator":"@uartesec","twitter_site":"@uartesec","twitter_misc":{"\u00c9crit par":"ccortez","Dur\u00e9e de lecture estim\u00e9e":"3 minutes"},"schema":{"@context":"https:\/\/schema.org","@graph":[{"@type":"Article","@id":"https:\/\/www.uartes.edu.ec\/sitio\/fr\/blog\/2023\/11\/10\/narrar-desde-la-encuadernacion-posibilidades-y-retos\/#article","isPartOf":{"@id":"https:\/\/www.uartes.edu.ec\/sitio\/fr\/blog\/2023\/11\/10\/narrar-desde-la-encuadernacion-posibilidades-y-retos\/"},"author":{"name":"ccortez","@id":"https:\/\/www.uartes.edu.ec\/sitio\/fr\/#\/schema\/person\/efa1b8275797664fd7f13a79ccc0b1f4"},"headline":"\u201cNarrar desde la encuadernaci\u00f3n\u201d","datePublished":"2023-11-11T00:32:00+00:00","dateModified":"2024-07-04T16:20:28+00:00","mainEntityOfPage":{"@id":"https:\/\/www.uartes.edu.ec\/sitio\/fr\/blog\/2023\/11\/10\/narrar-desde-la-encuadernacion-posibilidades-y-retos\/"},"wordCount":643,"commentCount":0,"publisher":{"@id":"https:\/\/www.uartes.edu.ec\/sitio\/fr\/#organization"},"image":{"@id":"https:\/\/www.uartes.edu.ec\/sitio\/fr\/blog\/2023\/11\/10\/narrar-desde-la-encuadernacion-posibilidades-y-retos\/#primaryimage"},"thumbnailUrl":"https:\/\/www.uartes.edu.ec\/sitio\/wp-content\/uploads\/2024\/01\/02-LIBRE-LIBRO-2023-1.jpg","keywords":["Libre Libro"],"articleSection":["Acad\u00e9mico","Administrativos","Alumni","Docentes","Estudiantes","Gesti\u00f3n","Literatura","Sedes"],"inLanguage":"fr-FR","potentialAction":[{"@type":"CommentAction","name":"Comment","target":["https:\/\/www.uartes.edu.ec\/sitio\/fr\/blog\/2023\/11\/10\/narrar-desde-la-encuadernacion-posibilidades-y-retos\/#respond"]}]},{"@type":["WebPage","ItemPage"],"@id":"https:\/\/www.uartes.edu.ec\/sitio\/fr\/blog\/2023\/11\/10\/narrar-desde-la-encuadernacion-posibilidades-y-retos\/","url":"https:\/\/www.uartes.edu.ec\/sitio\/fr\/blog\/2023\/11\/10\/narrar-desde-la-encuadernacion-posibilidades-y-retos\/","name":"Universidad de las Artes - \u201cNarrar desde la encuadernaci\u00f3n\u201d","isPartOf":{"@id":"https:\/\/www.uartes.edu.ec\/sitio\/fr\/#website"},"primaryImageOfPage":{"@id":"https:\/\/www.uartes.edu.ec\/sitio\/fr\/blog\/2023\/11\/10\/narrar-desde-la-encuadernacion-posibilidades-y-retos\/#primaryimage"},"image":{"@id":"https:\/\/www.uartes.edu.ec\/sitio\/fr\/blog\/2023\/11\/10\/narrar-desde-la-encuadernacion-posibilidades-y-retos\/#primaryimage"},"thumbnailUrl":"https:\/\/www.uartes.edu.ec\/sitio\/wp-content\/uploads\/2024\/01\/02-LIBRE-LIBRO-2023-1.jpg","datePublished":"2023-11-11T00:32:00+00:00","dateModified":"2024-07-04T16:20:28+00:00","description":"Universidad de las Artes - \u201cNarrar desde la encuadernaci\u00f3n\u201d","breadcrumb":{"@id":"https:\/\/www.uartes.edu.ec\/sitio\/fr\/blog\/2023\/11\/10\/narrar-desde-la-encuadernacion-posibilidades-y-retos\/#breadcrumb"},"inLanguage":"fr-FR","potentialAction":[{"@type":"ReadAction","target":["https:\/\/www.uartes.edu.ec\/sitio\/fr\/blog\/2023\/11\/10\/narrar-desde-la-encuadernacion-posibilidades-y-retos\/"]}]},{"@type":"ImageObject","inLanguage":"fr-FR","@id":"https:\/\/www.uartes.edu.ec\/sitio\/fr\/blog\/2023\/11\/10\/narrar-desde-la-encuadernacion-posibilidades-y-retos\/#primaryimage","url":"https:\/\/www.uartes.edu.ec\/sitio\/wp-content\/uploads\/2024\/01\/02-LIBRE-LIBRO-2023-1.jpg","contentUrl":"https:\/\/www.uartes.edu.ec\/sitio\/wp-content\/uploads\/2024\/01\/02-LIBRE-LIBRO-2023-1.jpg","width":2000,"height":1333},{"@type":"BreadcrumbList","@id":"https:\/\/www.uartes.edu.ec\/sitio\/fr\/blog\/2023\/11\/10\/narrar-desde-la-encuadernacion-posibilidades-y-retos\/#breadcrumb","itemListElement":[{"@type":"ListItem","position":1,"name":"Inicio","item":"https:\/\/www.uartes.edu.ec\/sitio\/"},{"@type":"ListItem","position":2,"name":"\u201cNarrar desde la encuadernaci\u00f3n\u201d"}]},{"@type":"WebSite","@id":"https:\/\/www.uartes.edu.ec\/sitio\/fr\/#website","url":"https:\/\/www.uartes.edu.ec\/sitio\/fr\/","name":"Universidad de las Artes","description":"Sitio oficial de la Universidad Nacional de las Artes del Ecuador","publisher":{"@id":"https:\/\/www.uartes.edu.ec\/sitio\/fr\/#organization"},"potentialAction":[{"@type":"SearchAction","target":{"@type":"EntryPoint","urlTemplate":"https:\/\/www.uartes.edu.ec\/sitio\/fr\/?s={search_term_string}"},"query-input":{"@type":"PropertyValueSpecification","valueRequired":true,"valueName":"search_term_string"}}],"inLanguage":"fr-FR"},{"@type":"Organization","@id":"https:\/\/www.uartes.edu.ec\/sitio\/fr\/#organization","name":"Universidad de las Artes","url":"https:\/\/www.uartes.edu.ec\/sitio\/fr\/","logo":{"@type":"ImageObject","inLanguage":"fr-FR","@id":"https:\/\/www.uartes.edu.ec\/sitio\/fr\/#\/schema\/logo\/image\/","url":"https:\/\/www.uartes.edu.ec\/sitio\/wp-content\/uploads\/2022\/07\/logo-ua-horizontal.png","contentUrl":"https:\/\/www.uartes.edu.ec\/sitio\/wp-content\/uploads\/2022\/07\/logo-ua-horizontal.png","width":800,"height":276,"caption":"Universidad de las Artes"},"image":{"@id":"https:\/\/www.uartes.edu.ec\/sitio\/fr\/#\/schema\/logo\/image\/"},"sameAs":["https:\/\/www.facebook.com\/uartesec","https:\/\/x.com\/uartesec","https:\/\/www.tiktok.com\/@uartesec"]},{"@type":"Person","@id":"https:\/\/www.uartes.edu.ec\/sitio\/fr\/#\/schema\/person\/efa1b8275797664fd7f13a79ccc0b1f4","name":"ccortez","image":{"@type":"ImageObject","inLanguage":"fr-FR","@id":"https:\/\/secure.gravatar.com\/avatar\/b2a6f664a3ae8e074346ef91775736c5ec479e637ecced6842de9dc98b5da9cd?s=96&d=mm&r=g","url":"https:\/\/secure.gravatar.com\/avatar\/b2a6f664a3ae8e074346ef91775736c5ec479e637ecced6842de9dc98b5da9cd?s=96&d=mm&r=g","contentUrl":"https:\/\/secure.gravatar.com\/avatar\/b2a6f664a3ae8e074346ef91775736c5ec479e637ecced6842de9dc98b5da9cd?s=96&d=mm&r=g","caption":"ccortez"},"url":"https:\/\/www.uartes.edu.ec\/sitio\/fr\/blog\/author\/ccortez\/"}]}},"uagb_featured_image_src":{"full":["https:\/\/www.uartes.edu.ec\/sitio\/wp-content\/uploads\/2024\/01\/02-LIBRE-LIBRO-2023-1.jpg",2000,1333,false],"thumbnail":["https:\/\/www.uartes.edu.ec\/sitio\/wp-content\/uploads\/2024\/01\/02-LIBRE-LIBRO-2023-1-150x150.jpg",150,150,true],"medium":["https:\/\/www.uartes.edu.ec\/sitio\/wp-content\/uploads\/2024\/01\/02-LIBRE-LIBRO-2023-1-300x200.jpg",300,200,true],"medium_large":["https:\/\/www.uartes.edu.ec\/sitio\/wp-content\/uploads\/2024\/01\/02-LIBRE-LIBRO-2023-1-768x512.jpg",768,512,true],"large":["https:\/\/www.uartes.edu.ec\/sitio\/wp-content\/uploads\/2024\/01\/02-LIBRE-LIBRO-2023-1-644x429.jpg",644,429,true],"1536x1536":["https:\/\/www.uartes.edu.ec\/sitio\/wp-content\/uploads\/2024\/01\/02-LIBRE-LIBRO-2023-1-1536x1024.jpg",1536,1024,true],"2048x2048":["https:\/\/www.uartes.edu.ec\/sitio\/wp-content\/uploads\/2024\/01\/02-LIBRE-LIBRO-2023-1.jpg",2000,1333,false],"trp-custom-language-flag":["https:\/\/www.uartes.edu.ec\/sitio\/wp-content\/uploads\/2024\/01\/02-LIBRE-LIBRO-2023-1.jpg",18,12,false],"htmega_size_585x295":["https:\/\/www.uartes.edu.ec\/sitio\/wp-content\/uploads\/2024\/01\/02-LIBRE-LIBRO-2023-1-585x295.jpg",585,295,true],"htmega_size_1170x536":["https:\/\/www.uartes.edu.ec\/sitio\/wp-content\/uploads\/2024\/01\/02-LIBRE-LIBRO-2023-1-1170x536.jpg",1170,536,true],"htmega_size_396x360":["https:\/\/www.uartes.edu.ec\/sitio\/wp-content\/uploads\/2024\/01\/02-LIBRE-LIBRO-2023-1-396x360.jpg",396,360,true],"gb-block-post-grid-landscape":["https:\/\/www.uartes.edu.ec\/sitio\/wp-content\/uploads\/2024\/01\/02-LIBRE-LIBRO-2023-1-600x400.jpg",600,400,true],"gb-block-post-grid-square":["https:\/\/www.uartes.edu.ec\/sitio\/wp-content\/uploads\/2024\/01\/02-LIBRE-LIBRO-2023-1-600x600.jpg",600,600,true],"university-hub-thumb":["https:\/\/www.uartes.edu.ec\/sitio\/wp-content\/uploads\/2024\/01\/02-LIBRE-LIBRO-2023-1-400x267.jpg",400,267,true]},"uagb_author_info":{"display_name":"ccortez","author_link":"https:\/\/www.uartes.edu.ec\/sitio\/fr\/blog\/author\/ccortez\/"},"uagb_comment_info":0,"uagb_excerpt":"En la programaci\u00f3n de la IX edici\u00f3n de Libre Libro const\u00f3 desde su inauguraci\u00f3n, este mi\u00e9rcoles 8 de noviembre, la realizaci\u00f3n de talleres. Sara Bola\u00f1os, de Atelier UIO, imparti\u00f3 el titulado \u201cNarrar desde la encuadernaci\u00f3n, posibilidades y retos\u201d. Se desarroll\u00f3 en el Project Room del MZ14 Centro de Producci\u00f3n e Innovaci\u00f3n. Junto con la t\u00e9cnica\u2026","featured_image_src":"https:\/\/www.uartes.edu.ec\/sitio\/wp-content\/uploads\/2024\/01\/02-LIBRE-LIBRO-2023-1-600x400.jpg","featured_image_src_square":"https:\/\/www.uartes.edu.ec\/sitio\/wp-content\/uploads\/2024\/01\/02-LIBRE-LIBRO-2023-1-600x600.jpg","author_info":{"display_name":"ccortez","author_link":"https:\/\/www.uartes.edu.ec\/sitio\/fr\/blog\/author\/ccortez\/"},"publishpress_future_workflow_manual_trigger":{"enabledWorkflows":[]},"distributor_meta":false,"distributor_terms":false,"distributor_media":false,"distributor_original_site_name":"Universidad de las Artes","distributor_original_site_url":"https:\/\/www.uartes.edu.ec\/sitio\/fr","push-errors":false,"_links":{"self":[{"href":"https:\/\/www.uartes.edu.ec\/sitio\/fr\/wp-json\/wp\/v2\/posts\/49622","targetHints":{"allow":["GET"]}}],"collection":[{"href":"https:\/\/www.uartes.edu.ec\/sitio\/fr\/wp-json\/wp\/v2\/posts"}],"about":[{"href":"https:\/\/www.uartes.edu.ec\/sitio\/fr\/wp-json\/wp\/v2\/types\/post"}],"author":[{"embeddable":true,"href":"https:\/\/www.uartes.edu.ec\/sitio\/fr\/wp-json\/wp\/v2\/users\/10"}],"replies":[{"embeddable":true,"href":"https:\/\/www.uartes.edu.ec\/sitio\/fr\/wp-json\/wp\/v2\/comments?post=49622"}],"version-history":[{"count":5,"href":"https:\/\/www.uartes.edu.ec\/sitio\/fr\/wp-json\/wp\/v2\/posts\/49622\/revisions"}],"predecessor-version":[{"id":49629,"href":"https:\/\/www.uartes.edu.ec\/sitio\/fr\/wp-json\/wp\/v2\/posts\/49622\/revisions\/49629"}],"wp:featuredmedia":[{"embeddable":true,"href":"https:\/\/www.uartes.edu.ec\/sitio\/fr\/wp-json\/wp\/v2\/media\/49623"}],"wp:attachment":[{"href":"https:\/\/www.uartes.edu.ec\/sitio\/fr\/wp-json\/wp\/v2\/media?parent=49622"}],"wp:term":[{"taxonomy":"category","embeddable":true,"href":"https:\/\/www.uartes.edu.ec\/sitio\/fr\/wp-json\/wp\/v2\/categories?post=49622"},{"taxonomy":"post_tag","embeddable":true,"href":"https:\/\/www.uartes.edu.ec\/sitio\/fr\/wp-json\/wp\/v2\/tags?post=49622"},{"taxonomy":"infouartes","embeddable":true,"href":"https:\/\/www.uartes.edu.ec\/sitio\/fr\/wp-json\/wp\/v2\/infouartes?post=49622"}],"curies":[{"name":"wp","href":"https:\/\/api.w.org\/{rel}","templated":true}]}}