{"id":4972,"date":"2019-11-08T18:22:47","date_gmt":"2019-11-08T23:22:47","guid":{"rendered":"http:\/\/www.uartes.edu.ec\/sitio\/?p=4972"},"modified":"2024-07-04T11:49:02","modified_gmt":"2024-07-04T16:49:02","slug":"segunda-edicion-de-encuentro-escenico-de-la-uartes-dedicado-a-la-danza","status":"publish","type":"post","link":"https:\/\/www.uartes.edu.ec\/sitio\/fr\/blog\/2019\/11\/08\/segunda-edicion-de-encuentro-escenico-de-la-uartes-dedicado-a-la-danza\/","title":{"rendered":"Segunda edici\u00f3n de Encuentro Esc\u00e9nico de la UArtes, dedicado a la Danza"},"content":{"rendered":"<p style=\"text-align:right\"><em>\u201cMemoria y Actualidad\u201d es la tem\u00e1tica de la cita que congregar\u00e1 a\nbailarines, core\u00f3grafos, productores, gestores culturales y actores del pa\u00eds. Participar\u00e1n\ndocentes y estudiantes de la carrera de Danza de la UArtes. Son quince las\npropuestas esc\u00e9nicas programadas; 12 clases magistrales, 24 exposiciones y 2\ntalleres\/residencias.<\/em><\/p>\n\n\n\n<p>La clase magistral \u201cDesde lo cotidiano y lo sensorial\u201d,\ndictada por Omar Aguirre (Guayaquil), dio inici\u00f3 la ma\u00f1ana de hoy, viernes 8 de\nnoviembre, a la segunda edici\u00f3n del Encuentro Esc\u00e9nico, Memoria y Actualidad. La\ncita, que se extender\u00e1 hasta el jueves 14 de noviembre, es una iniciativa de la\nUniversidad de la Artes (UArtes) y este a\u00f1o su coordinaci\u00f3n est\u00e1 a cargo de la\ncarrera de Danza; en el 2018 la asumi\u00f3 Creaci\u00f3n Teatral, ambas de la Escuela de\nArtes Esc\u00e9nicas.<\/p>\n\n\n\n<p>Son quince las propuestas esc\u00e9nicas programadas. Habr\u00e1 12\nclases magistrales, 24 exposiciones y 2 talleres\/residencias, en los que se\nexpondr\u00e1n temas relacionados a la historia de la danza y la danza\ncontempor\u00e1nea, el movimiento, el cuerpo y la memoria.<\/p>\n\n\n\n<p>El prop\u00f3sito del encuentro es \u201cvincular a la comunidad con\nla labor art\u00edstica esc\u00e9nica que se desarrolla en la universidad y la creaci\u00f3n\nde espacios de intercambio y encuentro entre estudiantes y artistas,\nestimulando el esp\u00edritu anal\u00edtico-creativo, exponi\u00e9ndolos a propuestas\nesc\u00e9nicas realizadas por artistas independientes que se desenvuelven de forma\nactiva en el medio\u201d. <\/p>\n\n\n\n<div class=\"wp-block-image\"><figure class=\"aligncenter\"><img fetchpriority=\"high\" decoding=\"async\" width=\"644\" height=\"429\" src=\"http:\/\/www.uartes.edu.ec\/sitio\/wp-content\/uploads\/2019\/11\/ENCUENTROESCENICO-1-644x429.jpg\" alt=\"\" class=\"wp-image-4975\" srcset=\"https:\/\/www.uartes.edu.ec\/sitio\/wp-content\/uploads\/2019\/11\/ENCUENTROESCENICO-1-644x429.jpg 644w, https:\/\/www.uartes.edu.ec\/sitio\/wp-content\/uploads\/2019\/11\/ENCUENTROESCENICO-1-300x200.jpg 300w, https:\/\/www.uartes.edu.ec\/sitio\/wp-content\/uploads\/2019\/11\/ENCUENTROESCENICO-1-768x512.jpg 768w, https:\/\/www.uartes.edu.ec\/sitio\/wp-content\/uploads\/2019\/11\/ENCUENTROESCENICO-1-400x267.jpg 400w, https:\/\/www.uartes.edu.ec\/sitio\/wp-content\/uploads\/2019\/11\/ENCUENTROESCENICO-1-272x182.jpg 272w, https:\/\/www.uartes.edu.ec\/sitio\/wp-content\/uploads\/2019\/11\/ENCUENTROESCENICO-1.jpg 1500w\" sizes=\"(max-width: 644px) 100vw, 644px\" \/><\/figure><\/div>\n\n\n\n<p>El acto inaugural del II Encuentro Esc\u00e9nico tuvo lugar el viernes 8 de noviembre. El director de la Escuela de Artes Esc\u00e9nicas, Ar\u00edstides Vargas, y la directora de la carrera de Danza, Lorena Delgado, destacaron la importancia de la cita, concebida por y para los estudiantes. \u201cPienso que una universidad debe ser la manifestaci\u00f3n de la comunidad art\u00edstica en la que est\u00e1 enclavada\u201d, dijo Vargas.<\/p>\n\n\n\n<p>Habl\u00f3 tambi\u00e9n de recuperar la memoria en el sentido de lo que ha hecho la danza en el pa\u00eds. \u201cConvivir con la nueva generaci\u00f3n de quienes hacen danza y teatro. No solo para la memoria art\u00edstica, sino para la hist\u00f3rica y la social\u201d.<\/p>\n\n\n\n<p>Lorena Delgado coment\u00f3 que el encuentro ha sido un trabajo de varios meses y tras agradecer a los profesionales de la danza invitados, de Guayaquil y otras ciudades del pa\u00eds, mencion\u00f3 el esfuerzo de docentes, estudiantes y todos los que se involucraron en el proceso. \u201cEs una plataforma de intercambio art\u00edstico, memoria viva que podemos tomarla y hacer que otras generaciones la vean, disfruten y contrasten\u201d, se\u00f1al\u00f3 luego del opening de breakdance que ofrecieron Tom\u00e1s Sandoval, de cuarto semestre de la carrera de Danza, y Julio C\u00e9sar Baquero (invitado). Tambi\u00e9n hubo una demostraci\u00f3n coreogr\u00e1fica, ejecutada por alumnas UArtes; en el piano los acompa\u00f1\u00f3 Danny Hidalgo.<\/p>\n\n\n\n<p>La mesa de di\u00e1logo con el tema \u201cDesde la memoria\u201d continu\u00f3 con la jornada inaugural. Participaron: Clara Donoso (Cuenca), Mar\u00eda Luisa Gonz\u00e1lez (Quito), Irina Pesantes (Guayaquil) y Wilson Pico (Quito). Tambi\u00e9n convocados al encuentro est\u00e1n Kl\u00e9ver Viera, Susana Reyes y Jorge Parra. Con ellos, Aura Ocampo, de Loja; Fausto Villag\u00f3mez, de Ambato; y, Ang\u00e9lica Galarza y Sandra G\u00f3mez, de Cuenca.&nbsp; Ellos tendr\u00e1n el tiempo de dar, desde una memoria colectiva, su versi\u00f3n sobre la danza contempor\u00e1nea ecuatoriana.<\/p>\n\n\n\n<figure class=\"wp-block-image\"><img decoding=\"async\" width=\"644\" height=\"429\" src=\"http:\/\/www.uartes.edu.ec\/sitio\/wp-content\/uploads\/2019\/11\/Klever-Viera-2-644x429.jpg\" alt=\"\" class=\"wp-image-4973\" srcset=\"https:\/\/www.uartes.edu.ec\/sitio\/wp-content\/uploads\/2019\/11\/Klever-Viera-2-644x429.jpg 644w, https:\/\/www.uartes.edu.ec\/sitio\/wp-content\/uploads\/2019\/11\/Klever-Viera-2-300x200.jpg 300w, https:\/\/www.uartes.edu.ec\/sitio\/wp-content\/uploads\/2019\/11\/Klever-Viera-2-768x512.jpg 768w, https:\/\/www.uartes.edu.ec\/sitio\/wp-content\/uploads\/2019\/11\/Klever-Viera-2-400x267.jpg 400w, https:\/\/www.uartes.edu.ec\/sitio\/wp-content\/uploads\/2019\/11\/Klever-Viera-2-272x182.jpg 272w, https:\/\/www.uartes.edu.ec\/sitio\/wp-content\/uploads\/2019\/11\/Klever-Viera-2.jpg 1500w\" sizes=\"(max-width: 644px) 100vw, 644px\" \/><\/figure>\n\n\n\n<p>La directora de la carrera de Danza, en di\u00e1logo con InfoUArtes, expres\u00f3 que el encuentro esc\u00e9nico tiene dos ejes. Los conversatorios de la creaci\u00f3n, ligados a las funciones presentadas. Y, las mesas de di\u00e1logo con temas que, al igual que \u201cDesde la memoria\u201d, buscan abordar tem\u00e1ticas de enorme valor en el campo de la danza. Estos son: \u201cMemoria y Pedagog\u00eda\u201d, Cuerpo y Ritualidad\u201d, \u201cHacia una Danza Actual\u201d y \u201cArte y Universidad\u201d.<\/p>\n\n\n\n<p>Para cada mesa se invit\u00f3 a un personaje espec\u00edfico y design\u00f3 a un moderador. La modalidad es presenciar las ponencias, plantear preguntas espec\u00edficas e iniciar los di\u00e1logos con las respuestas que se obtengan. As\u00ed, \u201cCuerpo y Ritualidad\u201d se enfocar\u00e1 en la exploraci\u00f3n de los movimientos en los performances ancestrales y c\u00f3mo estos son traducidos al imaginario contempor\u00e1neo. En la de \u201cArte y Universidad\u201d se reunir\u00e1n autoridades y docentes de varias universidades del pa\u00eds para abordar el tema de las carreras relacionadas a la danza o al movimiento; c\u00f3mo cada instituci\u00f3n acad\u00e9mica establece relaciones con creadores, pedagogos y acreedores activos en el medio art\u00edstico, tanto independiente como institucional.<\/p>\n\n\n\n<div class=\"wp-block-image\"><figure class=\"aligncenter\"><img decoding=\"async\" width=\"644\" height=\"429\" src=\"http:\/\/www.uartes.edu.ec\/sitio\/wp-content\/uploads\/2019\/11\/ENCUENTROESCENICO-12-644x429.jpg\" alt=\"\" class=\"wp-image-4974\" srcset=\"https:\/\/www.uartes.edu.ec\/sitio\/wp-content\/uploads\/2019\/11\/ENCUENTROESCENICO-12-644x429.jpg 644w, https:\/\/www.uartes.edu.ec\/sitio\/wp-content\/uploads\/2019\/11\/ENCUENTROESCENICO-12-300x200.jpg 300w, https:\/\/www.uartes.edu.ec\/sitio\/wp-content\/uploads\/2019\/11\/ENCUENTROESCENICO-12-768x512.jpg 768w, https:\/\/www.uartes.edu.ec\/sitio\/wp-content\/uploads\/2019\/11\/ENCUENTROESCENICO-12-400x267.jpg 400w, https:\/\/www.uartes.edu.ec\/sitio\/wp-content\/uploads\/2019\/11\/ENCUENTROESCENICO-12-272x182.jpg 272w, https:\/\/www.uartes.edu.ec\/sitio\/wp-content\/uploads\/2019\/11\/ENCUENTROESCENICO-12.jpg 1500w\" sizes=\"(max-width: 644px) 100vw, 644px\" \/><\/figure><\/div>\n\n\n\n<p>Lorena Delgado indic\u00f3 que el encuentro fue dise\u00f1ado para que\nposea una funci\u00f3n para estudiantes de artes esc\u00e9nicas y otra para p\u00fablico en\ngeneral; abriendo una cantidad de cupos para la comunidad esc\u00e9nica de Guayaquil\ny del pa\u00eds. <\/p>","protected":false},"excerpt":{"rendered":"<p>\u201cMemoria y Actualidad\u201d es la tem\u00e1tica de la cita que congregar\u00e1 a bailarines, core\u00f3grafos, productores, gestores culturales y actores del pa\u00eds. Participar\u00e1n docentes y estudiantes de la carrera de Danza de la UArtes. Son quince las propuestas esc\u00e9nicas programadas; 12 clases magistrales, 24 exposiciones y 2 talleres\/residencias.<\/p>","protected":false},"author":1,"featured_media":4976,"comment_status":"closed","ping_status":"closed","sticky":false,"template":"","format":"standard","meta":{"_acf_changed":false,"_uag_custom_page_level_css":"","_monsterinsights_skip_tracking":false,"_monsterinsights_sitenote_active":false,"_monsterinsights_sitenote_note":"","_monsterinsights_sitenote_category":0,"cybocfi_hide_featured_image":"","footnotes":""},"categories":[82,159,79],"tags":[168],"infouartes":[],"class_list":["post-4972","post","type-post","status-publish","format-standard","has-post-thumbnail","hentry","category-artes","category-artes-escenicas","category-vinculo","tag-encuentro-escenico"],"acf":[],"yoast_head":"<!-- This site is optimized with the Yoast SEO plugin v27.4 - https:\/\/yoast.com\/product\/yoast-seo-wordpress\/ -->\n<title>Universidad de las Artes - Segunda edici\u00f3n de Encuentro Esc\u00e9nico de la UArtes, dedicado a la Danza<\/title>\n<meta name=\"description\" content=\"Universidad de las Artes - Segunda edici\u00f3n de Encuentro Esc\u00e9nico de la UArtes, dedicado a la Danza\" \/>\n<meta name=\"robots\" content=\"index, follow, max-snippet:-1, max-image-preview:large, max-video-preview:-1\" \/>\n<link rel=\"canonical\" href=\"https:\/\/www.uartes.edu.ec\/sitio\/fr\/blog\/2019\/11\/08\/segunda-edicion-de-encuentro-escenico-de-la-uartes-dedicado-a-la-danza\/\" \/>\n<meta property=\"og:locale\" content=\"fr_FR\" \/>\n<meta property=\"og:type\" content=\"article\" \/>\n<meta property=\"og:title\" content=\"Universidad de las Artes - Segunda edici\u00f3n de Encuentro Esc\u00e9nico de la UArtes, dedicado a la Danza\" \/>\n<meta property=\"og:description\" content=\"Universidad de las Artes - Segunda edici\u00f3n de Encuentro Esc\u00e9nico de la UArtes, dedicado a la Danza\" \/>\n<meta property=\"og:url\" content=\"https:\/\/www.uartes.edu.ec\/sitio\/fr\/blog\/2019\/11\/08\/segunda-edicion-de-encuentro-escenico-de-la-uartes-dedicado-a-la-danza\/\" \/>\n<meta property=\"og:site_name\" content=\"Universidad de las Artes\" \/>\n<meta property=\"article:publisher\" content=\"https:\/\/www.facebook.com\/uartesec\" \/>\n<meta property=\"article:published_time\" content=\"2019-11-08T23:22:47+00:00\" \/>\n<meta property=\"article:modified_time\" content=\"2024-07-04T16:49:02+00:00\" \/>\n<meta property=\"og:image\" content=\"https:\/\/www.uartes.edu.ec\/sitio\/wp-content\/uploads\/2019\/11\/OMAR-AGUIRRE.jpg\" \/>\n\t<meta property=\"og:image:width\" content=\"1500\" \/>\n\t<meta property=\"og:image:height\" content=\"1000\" \/>\n\t<meta property=\"og:image:type\" content=\"image\/jpeg\" \/>\n<meta name=\"author\" content=\"Universidad de las Artes\" \/>\n<meta name=\"twitter:card\" content=\"summary_large_image\" \/>\n<meta name=\"twitter:creator\" content=\"@uartesec\" \/>\n<meta name=\"twitter:site\" content=\"@uartesec\" \/>\n<meta name=\"twitter:label1\" content=\"\u00c9crit par\" \/>\n\t<meta name=\"twitter:data1\" content=\"Universidad de las Artes\" \/>\n\t<meta name=\"twitter:label2\" content=\"Dur\u00e9e de lecture estim\u00e9e\" \/>\n\t<meta name=\"twitter:data2\" content=\"4 minutes\" \/>\n<script type=\"application\/ld+json\" class=\"yoast-schema-graph\">{\"@context\":\"https:\\\/\\\/schema.org\",\"@graph\":[{\"@type\":\"Article\",\"@id\":\"https:\\\/\\\/www.uartes.edu.ec\\\/sitio\\\/fr\\\/blog\\\/2019\\\/11\\\/08\\\/segunda-edicion-de-encuentro-escenico-de-la-uartes-dedicado-a-la-danza\\\/#article\",\"isPartOf\":{\"@id\":\"https:\\\/\\\/www.uartes.edu.ec\\\/sitio\\\/fr\\\/blog\\\/2019\\\/11\\\/08\\\/segunda-edicion-de-encuentro-escenico-de-la-uartes-dedicado-a-la-danza\\\/\"},\"author\":{\"name\":\"Universidad de las Artes\",\"@id\":\"https:\\\/\\\/www.uartes.edu.ec\\\/sitio\\\/fr\\\/#\\\/schema\\\/person\\\/f33f8c1d2af0d5c80a38c8abf458184a\"},\"headline\":\"Segunda edici\u00f3n de Encuentro Esc\u00e9nico de la UArtes, dedicado a la Danza\",\"datePublished\":\"2019-11-08T23:22:47+00:00\",\"dateModified\":\"2024-07-04T16:49:02+00:00\",\"mainEntityOfPage\":{\"@id\":\"https:\\\/\\\/www.uartes.edu.ec\\\/sitio\\\/fr\\\/blog\\\/2019\\\/11\\\/08\\\/segunda-edicion-de-encuentro-escenico-de-la-uartes-dedicado-a-la-danza\\\/\"},\"wordCount\":812,\"publisher\":{\"@id\":\"https:\\\/\\\/www.uartes.edu.ec\\\/sitio\\\/fr\\\/#organization\"},\"image\":{\"@id\":\"https:\\\/\\\/www.uartes.edu.ec\\\/sitio\\\/fr\\\/blog\\\/2019\\\/11\\\/08\\\/segunda-edicion-de-encuentro-escenico-de-la-uartes-dedicado-a-la-danza\\\/#primaryimage\"},\"thumbnailUrl\":\"https:\\\/\\\/www.uartes.edu.ec\\\/sitio\\\/wp-content\\\/uploads\\\/2019\\\/11\\\/OMAR-AGUIRRE.jpg\",\"keywords\":[\"encuentro esc\u00e9nico\"],\"articleSection\":[\"Artes\",\"Artes Esc\u00e9nicas\",\"V\u00ednculo\"],\"inLanguage\":\"fr-FR\"},{\"@type\":[\"WebPage\",\"ItemPage\"],\"@id\":\"https:\\\/\\\/www.uartes.edu.ec\\\/sitio\\\/fr\\\/blog\\\/2019\\\/11\\\/08\\\/segunda-edicion-de-encuentro-escenico-de-la-uartes-dedicado-a-la-danza\\\/\",\"url\":\"https:\\\/\\\/www.uartes.edu.ec\\\/sitio\\\/fr\\\/blog\\\/2019\\\/11\\\/08\\\/segunda-edicion-de-encuentro-escenico-de-la-uartes-dedicado-a-la-danza\\\/\",\"name\":\"Universidad de las Artes - Segunda edici\u00f3n de Encuentro Esc\u00e9nico de la UArtes, dedicado a la Danza\",\"isPartOf\":{\"@id\":\"https:\\\/\\\/www.uartes.edu.ec\\\/sitio\\\/fr\\\/#website\"},\"primaryImageOfPage\":{\"@id\":\"https:\\\/\\\/www.uartes.edu.ec\\\/sitio\\\/fr\\\/blog\\\/2019\\\/11\\\/08\\\/segunda-edicion-de-encuentro-escenico-de-la-uartes-dedicado-a-la-danza\\\/#primaryimage\"},\"image\":{\"@id\":\"https:\\\/\\\/www.uartes.edu.ec\\\/sitio\\\/fr\\\/blog\\\/2019\\\/11\\\/08\\\/segunda-edicion-de-encuentro-escenico-de-la-uartes-dedicado-a-la-danza\\\/#primaryimage\"},\"thumbnailUrl\":\"https:\\\/\\\/www.uartes.edu.ec\\\/sitio\\\/wp-content\\\/uploads\\\/2019\\\/11\\\/OMAR-AGUIRRE.jpg\",\"datePublished\":\"2019-11-08T23:22:47+00:00\",\"dateModified\":\"2024-07-04T16:49:02+00:00\",\"description\":\"Universidad de las Artes - Segunda edici\u00f3n de Encuentro Esc\u00e9nico de la UArtes, dedicado a la Danza\",\"breadcrumb\":{\"@id\":\"https:\\\/\\\/www.uartes.edu.ec\\\/sitio\\\/fr\\\/blog\\\/2019\\\/11\\\/08\\\/segunda-edicion-de-encuentro-escenico-de-la-uartes-dedicado-a-la-danza\\\/#breadcrumb\"},\"inLanguage\":\"fr-FR\",\"potentialAction\":[{\"@type\":\"ReadAction\",\"target\":[\"https:\\\/\\\/www.uartes.edu.ec\\\/sitio\\\/fr\\\/blog\\\/2019\\\/11\\\/08\\\/segunda-edicion-de-encuentro-escenico-de-la-uartes-dedicado-a-la-danza\\\/\"]}]},{\"@type\":\"ImageObject\",\"inLanguage\":\"fr-FR\",\"@id\":\"https:\\\/\\\/www.uartes.edu.ec\\\/sitio\\\/fr\\\/blog\\\/2019\\\/11\\\/08\\\/segunda-edicion-de-encuentro-escenico-de-la-uartes-dedicado-a-la-danza\\\/#primaryimage\",\"url\":\"https:\\\/\\\/www.uartes.edu.ec\\\/sitio\\\/wp-content\\\/uploads\\\/2019\\\/11\\\/OMAR-AGUIRRE.jpg\",\"contentUrl\":\"https:\\\/\\\/www.uartes.edu.ec\\\/sitio\\\/wp-content\\\/uploads\\\/2019\\\/11\\\/OMAR-AGUIRRE.jpg\",\"width\":1500,\"height\":1000},{\"@type\":\"BreadcrumbList\",\"@id\":\"https:\\\/\\\/www.uartes.edu.ec\\\/sitio\\\/fr\\\/blog\\\/2019\\\/11\\\/08\\\/segunda-edicion-de-encuentro-escenico-de-la-uartes-dedicado-a-la-danza\\\/#breadcrumb\",\"itemListElement\":[{\"@type\":\"ListItem\",\"position\":1,\"name\":\"Inicio\",\"item\":\"https:\\\/\\\/www.uartes.edu.ec\\\/sitio\\\/\"},{\"@type\":\"ListItem\",\"position\":2,\"name\":\"Segunda edici\u00f3n de Encuentro Esc\u00e9nico de la UArtes, dedicado a la Danza\"}]},{\"@type\":\"WebSite\",\"@id\":\"https:\\\/\\\/www.uartes.edu.ec\\\/sitio\\\/fr\\\/#website\",\"url\":\"https:\\\/\\\/www.uartes.edu.ec\\\/sitio\\\/fr\\\/\",\"name\":\"Universidad de las Artes\",\"description\":\"Sitio oficial de la Universidad Nacional de las Artes del Ecuador\",\"publisher\":{\"@id\":\"https:\\\/\\\/www.uartes.edu.ec\\\/sitio\\\/fr\\\/#organization\"},\"potentialAction\":[{\"@type\":\"SearchAction\",\"target\":{\"@type\":\"EntryPoint\",\"urlTemplate\":\"https:\\\/\\\/www.uartes.edu.ec\\\/sitio\\\/fr\\\/?s={search_term_string}\"},\"query-input\":{\"@type\":\"PropertyValueSpecification\",\"valueRequired\":true,\"valueName\":\"search_term_string\"}}],\"inLanguage\":\"fr-FR\"},{\"@type\":\"Organization\",\"@id\":\"https:\\\/\\\/www.uartes.edu.ec\\\/sitio\\\/fr\\\/#organization\",\"name\":\"Universidad de las Artes\",\"url\":\"https:\\\/\\\/www.uartes.edu.ec\\\/sitio\\\/fr\\\/\",\"logo\":{\"@type\":\"ImageObject\",\"inLanguage\":\"fr-FR\",\"@id\":\"https:\\\/\\\/www.uartes.edu.ec\\\/sitio\\\/fr\\\/#\\\/schema\\\/logo\\\/image\\\/\",\"url\":\"https:\\\/\\\/www.uartes.edu.ec\\\/sitio\\\/wp-content\\\/uploads\\\/2022\\\/07\\\/logo-ua-horizontal.png\",\"contentUrl\":\"https:\\\/\\\/www.uartes.edu.ec\\\/sitio\\\/wp-content\\\/uploads\\\/2022\\\/07\\\/logo-ua-horizontal.png\",\"width\":800,\"height\":276,\"caption\":\"Universidad de las Artes\"},\"image\":{\"@id\":\"https:\\\/\\\/www.uartes.edu.ec\\\/sitio\\\/fr\\\/#\\\/schema\\\/logo\\\/image\\\/\"},\"sameAs\":[\"https:\\\/\\\/www.facebook.com\\\/uartesec\",\"https:\\\/\\\/x.com\\\/uartesec\",\"https:\\\/\\\/www.tiktok.com\\\/@uartesec\"]},{\"@type\":\"Person\",\"@id\":\"https:\\\/\\\/www.uartes.edu.ec\\\/sitio\\\/fr\\\/#\\\/schema\\\/person\\\/f33f8c1d2af0d5c80a38c8abf458184a\",\"name\":\"Universidad de las Artes\",\"image\":{\"@type\":\"ImageObject\",\"inLanguage\":\"fr-FR\",\"@id\":\"https:\\\/\\\/secure.gravatar.com\\\/avatar\\\/52e4757902f5cfa5ac52d020e5be83cae5487519154b6c35482fe08d589f3c13?s=96&d=mm&r=g\",\"url\":\"https:\\\/\\\/secure.gravatar.com\\\/avatar\\\/52e4757902f5cfa5ac52d020e5be83cae5487519154b6c35482fe08d589f3c13?s=96&d=mm&r=g\",\"contentUrl\":\"https:\\\/\\\/secure.gravatar.com\\\/avatar\\\/52e4757902f5cfa5ac52d020e5be83cae5487519154b6c35482fe08d589f3c13?s=96&d=mm&r=g\",\"caption\":\"Universidad de las Artes\"},\"url\":\"https:\\\/\\\/www.uartes.edu.ec\\\/sitio\\\/fr\\\/blog\\\/author\\\/dircomadm\\\/\"}]}<\/script>\n<!-- \/ Yoast SEO plugin. -->","yoast_head_json":{"title":"Universidad de las Artes - Segunda edici\u00f3n de Encuentro Esc\u00e9nico de la UArtes, dedicado a la Danza","description":"Universidad de las Artes - Segunda edici\u00f3n de Encuentro Esc\u00e9nico de la UArtes, dedicado a la Danza","robots":{"index":"index","follow":"follow","max-snippet":"max-snippet:-1","max-image-preview":"max-image-preview:large","max-video-preview":"max-video-preview:-1"},"canonical":"https:\/\/www.uartes.edu.ec\/sitio\/fr\/blog\/2019\/11\/08\/segunda-edicion-de-encuentro-escenico-de-la-uartes-dedicado-a-la-danza\/","og_locale":"fr_FR","og_type":"article","og_title":"Universidad de las Artes - Segunda edici\u00f3n de Encuentro Esc\u00e9nico de la UArtes, dedicado a la Danza","og_description":"Universidad de las Artes - Segunda edici\u00f3n de Encuentro Esc\u00e9nico de la UArtes, dedicado a la Danza","og_url":"https:\/\/www.uartes.edu.ec\/sitio\/fr\/blog\/2019\/11\/08\/segunda-edicion-de-encuentro-escenico-de-la-uartes-dedicado-a-la-danza\/","og_site_name":"Universidad de las Artes","article_publisher":"https:\/\/www.facebook.com\/uartesec","article_published_time":"2019-11-08T23:22:47+00:00","article_modified_time":"2024-07-04T16:49:02+00:00","og_image":[{"width":1500,"height":1000,"url":"https:\/\/www.uartes.edu.ec\/sitio\/wp-content\/uploads\/2019\/11\/OMAR-AGUIRRE.jpg","type":"image\/jpeg"}],"author":"Universidad de las Artes","twitter_card":"summary_large_image","twitter_creator":"@uartesec","twitter_site":"@uartesec","twitter_misc":{"\u00c9crit par":"Universidad de las Artes","Dur\u00e9e de lecture estim\u00e9e":"4 minutes"},"schema":{"@context":"https:\/\/schema.org","@graph":[{"@type":"Article","@id":"https:\/\/www.uartes.edu.ec\/sitio\/fr\/blog\/2019\/11\/08\/segunda-edicion-de-encuentro-escenico-de-la-uartes-dedicado-a-la-danza\/#article","isPartOf":{"@id":"https:\/\/www.uartes.edu.ec\/sitio\/fr\/blog\/2019\/11\/08\/segunda-edicion-de-encuentro-escenico-de-la-uartes-dedicado-a-la-danza\/"},"author":{"name":"Universidad de las Artes","@id":"https:\/\/www.uartes.edu.ec\/sitio\/fr\/#\/schema\/person\/f33f8c1d2af0d5c80a38c8abf458184a"},"headline":"Segunda edici\u00f3n de Encuentro Esc\u00e9nico de la UArtes, dedicado a la Danza","datePublished":"2019-11-08T23:22:47+00:00","dateModified":"2024-07-04T16:49:02+00:00","mainEntityOfPage":{"@id":"https:\/\/www.uartes.edu.ec\/sitio\/fr\/blog\/2019\/11\/08\/segunda-edicion-de-encuentro-escenico-de-la-uartes-dedicado-a-la-danza\/"},"wordCount":812,"publisher":{"@id":"https:\/\/www.uartes.edu.ec\/sitio\/fr\/#organization"},"image":{"@id":"https:\/\/www.uartes.edu.ec\/sitio\/fr\/blog\/2019\/11\/08\/segunda-edicion-de-encuentro-escenico-de-la-uartes-dedicado-a-la-danza\/#primaryimage"},"thumbnailUrl":"https:\/\/www.uartes.edu.ec\/sitio\/wp-content\/uploads\/2019\/11\/OMAR-AGUIRRE.jpg","keywords":["encuentro esc\u00e9nico"],"articleSection":["Artes","Artes Esc\u00e9nicas","V\u00ednculo"],"inLanguage":"fr-FR"},{"@type":["WebPage","ItemPage"],"@id":"https:\/\/www.uartes.edu.ec\/sitio\/fr\/blog\/2019\/11\/08\/segunda-edicion-de-encuentro-escenico-de-la-uartes-dedicado-a-la-danza\/","url":"https:\/\/www.uartes.edu.ec\/sitio\/fr\/blog\/2019\/11\/08\/segunda-edicion-de-encuentro-escenico-de-la-uartes-dedicado-a-la-danza\/","name":"Universidad de las Artes - Segunda edici\u00f3n de Encuentro Esc\u00e9nico de la UArtes, dedicado a la Danza","isPartOf":{"@id":"https:\/\/www.uartes.edu.ec\/sitio\/fr\/#website"},"primaryImageOfPage":{"@id":"https:\/\/www.uartes.edu.ec\/sitio\/fr\/blog\/2019\/11\/08\/segunda-edicion-de-encuentro-escenico-de-la-uartes-dedicado-a-la-danza\/#primaryimage"},"image":{"@id":"https:\/\/www.uartes.edu.ec\/sitio\/fr\/blog\/2019\/11\/08\/segunda-edicion-de-encuentro-escenico-de-la-uartes-dedicado-a-la-danza\/#primaryimage"},"thumbnailUrl":"https:\/\/www.uartes.edu.ec\/sitio\/wp-content\/uploads\/2019\/11\/OMAR-AGUIRRE.jpg","datePublished":"2019-11-08T23:22:47+00:00","dateModified":"2024-07-04T16:49:02+00:00","description":"Universidad de las Artes - Segunda edici\u00f3n de Encuentro Esc\u00e9nico de la UArtes, dedicado a la Danza","breadcrumb":{"@id":"https:\/\/www.uartes.edu.ec\/sitio\/fr\/blog\/2019\/11\/08\/segunda-edicion-de-encuentro-escenico-de-la-uartes-dedicado-a-la-danza\/#breadcrumb"},"inLanguage":"fr-FR","potentialAction":[{"@type":"ReadAction","target":["https:\/\/www.uartes.edu.ec\/sitio\/fr\/blog\/2019\/11\/08\/segunda-edicion-de-encuentro-escenico-de-la-uartes-dedicado-a-la-danza\/"]}]},{"@type":"ImageObject","inLanguage":"fr-FR","@id":"https:\/\/www.uartes.edu.ec\/sitio\/fr\/blog\/2019\/11\/08\/segunda-edicion-de-encuentro-escenico-de-la-uartes-dedicado-a-la-danza\/#primaryimage","url":"https:\/\/www.uartes.edu.ec\/sitio\/wp-content\/uploads\/2019\/11\/OMAR-AGUIRRE.jpg","contentUrl":"https:\/\/www.uartes.edu.ec\/sitio\/wp-content\/uploads\/2019\/11\/OMAR-AGUIRRE.jpg","width":1500,"height":1000},{"@type":"BreadcrumbList","@id":"https:\/\/www.uartes.edu.ec\/sitio\/fr\/blog\/2019\/11\/08\/segunda-edicion-de-encuentro-escenico-de-la-uartes-dedicado-a-la-danza\/#breadcrumb","itemListElement":[{"@type":"ListItem","position":1,"name":"Inicio","item":"https:\/\/www.uartes.edu.ec\/sitio\/"},{"@type":"ListItem","position":2,"name":"Segunda edici\u00f3n de Encuentro Esc\u00e9nico de la UArtes, dedicado a la Danza"}]},{"@type":"WebSite","@id":"https:\/\/www.uartes.edu.ec\/sitio\/fr\/#website","url":"https:\/\/www.uartes.edu.ec\/sitio\/fr\/","name":"Universidad de las Artes","description":"Sitio oficial de la Universidad Nacional de las Artes del Ecuador","publisher":{"@id":"https:\/\/www.uartes.edu.ec\/sitio\/fr\/#organization"},"potentialAction":[{"@type":"SearchAction","target":{"@type":"EntryPoint","urlTemplate":"https:\/\/www.uartes.edu.ec\/sitio\/fr\/?s={search_term_string}"},"query-input":{"@type":"PropertyValueSpecification","valueRequired":true,"valueName":"search_term_string"}}],"inLanguage":"fr-FR"},{"@type":"Organization","@id":"https:\/\/www.uartes.edu.ec\/sitio\/fr\/#organization","name":"Universidad de las Artes","url":"https:\/\/www.uartes.edu.ec\/sitio\/fr\/","logo":{"@type":"ImageObject","inLanguage":"fr-FR","@id":"https:\/\/www.uartes.edu.ec\/sitio\/fr\/#\/schema\/logo\/image\/","url":"https:\/\/www.uartes.edu.ec\/sitio\/wp-content\/uploads\/2022\/07\/logo-ua-horizontal.png","contentUrl":"https:\/\/www.uartes.edu.ec\/sitio\/wp-content\/uploads\/2022\/07\/logo-ua-horizontal.png","width":800,"height":276,"caption":"Universidad de las Artes"},"image":{"@id":"https:\/\/www.uartes.edu.ec\/sitio\/fr\/#\/schema\/logo\/image\/"},"sameAs":["https:\/\/www.facebook.com\/uartesec","https:\/\/x.com\/uartesec","https:\/\/www.tiktok.com\/@uartesec"]},{"@type":"Person","@id":"https:\/\/www.uartes.edu.ec\/sitio\/fr\/#\/schema\/person\/f33f8c1d2af0d5c80a38c8abf458184a","name":"Universidad de las Artes","image":{"@type":"ImageObject","inLanguage":"fr-FR","@id":"https:\/\/secure.gravatar.com\/avatar\/52e4757902f5cfa5ac52d020e5be83cae5487519154b6c35482fe08d589f3c13?s=96&d=mm&r=g","url":"https:\/\/secure.gravatar.com\/avatar\/52e4757902f5cfa5ac52d020e5be83cae5487519154b6c35482fe08d589f3c13?s=96&d=mm&r=g","contentUrl":"https:\/\/secure.gravatar.com\/avatar\/52e4757902f5cfa5ac52d020e5be83cae5487519154b6c35482fe08d589f3c13?s=96&d=mm&r=g","caption":"Universidad de las Artes"},"url":"https:\/\/www.uartes.edu.ec\/sitio\/fr\/blog\/author\/dircomadm\/"}]}},"uagb_featured_image_src":{"full":["https:\/\/www.uartes.edu.ec\/sitio\/wp-content\/uploads\/2019\/11\/OMAR-AGUIRRE.jpg",1500,1000,false],"thumbnail":["https:\/\/www.uartes.edu.ec\/sitio\/wp-content\/uploads\/2019\/11\/OMAR-AGUIRRE-150x150.jpg",150,150,true],"medium":["https:\/\/www.uartes.edu.ec\/sitio\/wp-content\/uploads\/2019\/11\/OMAR-AGUIRRE-300x200.jpg",300,200,true],"medium_large":["https:\/\/www.uartes.edu.ec\/sitio\/wp-content\/uploads\/2019\/11\/OMAR-AGUIRRE-768x512.jpg",768,512,true],"large":["https:\/\/www.uartes.edu.ec\/sitio\/wp-content\/uploads\/2019\/11\/OMAR-AGUIRRE-644x429.jpg",644,429,true],"1536x1536":["https:\/\/www.uartes.edu.ec\/sitio\/wp-content\/uploads\/2019\/11\/OMAR-AGUIRRE.jpg",1500,1000,false],"2048x2048":["https:\/\/www.uartes.edu.ec\/sitio\/wp-content\/uploads\/2019\/11\/OMAR-AGUIRRE.jpg",1500,1000,false],"trp-custom-language-flag":["https:\/\/www.uartes.edu.ec\/sitio\/wp-content\/uploads\/2019\/11\/OMAR-AGUIRRE.jpg",18,12,false],"htmega_size_585x295":["https:\/\/www.uartes.edu.ec\/sitio\/wp-content\/uploads\/2019\/11\/OMAR-AGUIRRE.jpg",443,295,false],"htmega_size_1170x536":["https:\/\/www.uartes.edu.ec\/sitio\/wp-content\/uploads\/2019\/11\/OMAR-AGUIRRE.jpg",804,536,false],"htmega_size_396x360":["https:\/\/www.uartes.edu.ec\/sitio\/wp-content\/uploads\/2019\/11\/OMAR-AGUIRRE.jpg",396,264,false],"gb-block-post-grid-landscape":["https:\/\/www.uartes.edu.ec\/sitio\/wp-content\/uploads\/2019\/11\/OMAR-AGUIRRE.jpg",600,400,false],"gb-block-post-grid-square":["https:\/\/www.uartes.edu.ec\/sitio\/wp-content\/uploads\/2019\/11\/OMAR-AGUIRRE.jpg",600,400,false],"university-hub-thumb":["https:\/\/www.uartes.edu.ec\/sitio\/wp-content\/uploads\/2019\/11\/OMAR-AGUIRRE-400x267.jpg",400,267,true],"mailpoet_newsletter_max":["https:\/\/www.uartes.edu.ec\/sitio\/wp-content\/uploads\/2019\/11\/OMAR-AGUIRRE.jpg",1320,880,false]},"uagb_author_info":{"display_name":"Universidad de las Artes","author_link":"https:\/\/www.uartes.edu.ec\/sitio\/fr\/blog\/author\/dircomadm\/"},"uagb_comment_info":0,"uagb_excerpt":"\u201cMemoria y Actualidad\u201d es la tem\u00e1tica de la cita que congregar\u00e1 a bailarines, core\u00f3grafos, productores, gestores culturales y actores del pa\u00eds. Participar\u00e1n docentes y estudiantes de la carrera de Danza de la UArtes. Son quince las propuestas esc\u00e9nicas programadas; 12 clases magistrales, 24 exposiciones y 2 talleres\/residencias.","featured_image_src":"https:\/\/www.uartes.edu.ec\/sitio\/wp-content\/uploads\/2019\/11\/OMAR-AGUIRRE.jpg","featured_image_src_square":"https:\/\/www.uartes.edu.ec\/sitio\/wp-content\/uploads\/2019\/11\/OMAR-AGUIRRE.jpg","author_info":{"display_name":"Universidad de las Artes","author_link":"https:\/\/www.uartes.edu.ec\/sitio\/fr\/blog\/author\/dircomadm\/"},"publishpress_future_workflow_manual_trigger":{"enabledWorkflows":[]},"distributor_meta":false,"distributor_terms":false,"distributor_media":false,"distributor_original_site_name":"Universidad de las Artes","distributor_original_site_url":"https:\/\/www.uartes.edu.ec\/sitio\/fr","push-errors":false,"_links":{"self":[{"href":"https:\/\/www.uartes.edu.ec\/sitio\/fr\/wp-json\/wp\/v2\/posts\/4972","targetHints":{"allow":["GET"]}}],"collection":[{"href":"https:\/\/www.uartes.edu.ec\/sitio\/fr\/wp-json\/wp\/v2\/posts"}],"about":[{"href":"https:\/\/www.uartes.edu.ec\/sitio\/fr\/wp-json\/wp\/v2\/types\/post"}],"author":[{"embeddable":true,"href":"https:\/\/www.uartes.edu.ec\/sitio\/fr\/wp-json\/wp\/v2\/users\/1"}],"replies":[{"embeddable":true,"href":"https:\/\/www.uartes.edu.ec\/sitio\/fr\/wp-json\/wp\/v2\/comments?post=4972"}],"version-history":[{"count":3,"href":"https:\/\/www.uartes.edu.ec\/sitio\/fr\/wp-json\/wp\/v2\/posts\/4972\/revisions"}],"predecessor-version":[{"id":57715,"href":"https:\/\/www.uartes.edu.ec\/sitio\/fr\/wp-json\/wp\/v2\/posts\/4972\/revisions\/57715"}],"wp:featuredmedia":[{"embeddable":true,"href":"https:\/\/www.uartes.edu.ec\/sitio\/fr\/wp-json\/wp\/v2\/media\/4976"}],"wp:attachment":[{"href":"https:\/\/www.uartes.edu.ec\/sitio\/fr\/wp-json\/wp\/v2\/media?parent=4972"}],"wp:term":[{"taxonomy":"category","embeddable":true,"href":"https:\/\/www.uartes.edu.ec\/sitio\/fr\/wp-json\/wp\/v2\/categories?post=4972"},{"taxonomy":"post_tag","embeddable":true,"href":"https:\/\/www.uartes.edu.ec\/sitio\/fr\/wp-json\/wp\/v2\/tags?post=4972"},{"taxonomy":"infouartes","embeddable":true,"href":"https:\/\/www.uartes.edu.ec\/sitio\/fr\/wp-json\/wp\/v2\/infouartes?post=4972"}],"curies":[{"name":"wp","href":"https:\/\/api.w.org\/{rel}","templated":true}]}}