{"id":49881,"date":"2023-11-10T19:55:00","date_gmt":"2023-11-11T00:55:00","guid":{"rendered":"https:\/\/www.uartes.edu.ec\/sitio\/?p=49881"},"modified":"2024-07-04T11:20:28","modified_gmt":"2024-07-04T16:20:28","slug":"victor-malumian-habla-de-la-travesia-de-ediciones-godot-y-de-como-armar-una-editorial-desde-cero","status":"publish","type":"post","link":"https:\/\/www.uartes.edu.ec\/sitio\/fr\/blog\/2023\/11\/10\/victor-malumian-habla-de-la-travesia-de-ediciones-godot-y-de-como-armar-una-editorial-desde-cero\/","title":{"rendered":"V\u00edctor Malumi\u00e1n, el sello Godot y c\u00f3mo armar una editorial partiendo de cero"},"content":{"rendered":"<p>V\u00edctor Malumi\u00e1n es uno de los editores del sello argentino Godot, presente en el mundo literario hace m\u00e1s de una d\u00e9cada y con un cat\u00e1logo de m\u00e1s de 200 t\u00edtulos. Estuvo presente en el recinto ferial de la IX edici\u00f3n de Libre Libro, organizada por la Universidad de las Artes y su Escuela de Literatura, ubicado en el MZ14 Centro de Producci\u00f3n e Innovaci\u00f3n. Su representante particip\u00f3 en varias de las actividades programadas, como el taller \u201cC\u00f3mo armar una editorial desde cero con pocos recursos\u201d que se dict\u00f3 del 8 al 10 de noviembre.<\/p>\n\n\n\n<p>En sus palabras, V\u00edctor Malumi\u00e1n invita a sumergirnos en la experiencia y pasi\u00f3n que define su labor editorial. Una traves\u00eda de 15 A\u00f1os, cuya historia comienza en Buenos Aires de 2008, cuando Ediciones Godot se aventur\u00f3 a transitar por primera vez el mundo literario. Quince a\u00f1os despu\u00e9s, la editorial ha florecido, mostrando un compromiso inquebrantable con la publicaci\u00f3n de no ficci\u00f3n y una especializaci\u00f3n distintiva en traducciones que abrazan una rica diversidad de idiomas.<\/p>\n\n\n\n<p>Malumi\u00e1n destaca la riqueza de intercambios con colegas y la oportunidad de dialogar con nuevas generaciones. En este entorno din\u00e1mico, se ha tejido una red de experiencias que enriquecen y consolidan la identidad \u00fanica de Ediciones Godot.<\/p>\n\n\n\n<p>Entre los t\u00edtulos que han cautivado al p\u00fablico, el editor revela \u201cLa puntuaci\u00f3n cambi\u00f3 el mundo\u201d, libro que ofrece una exploraci\u00f3n apasionante sobre la evoluci\u00f3n de los signos de puntuaci\u00f3n a lo largo de la historia, mostrando c\u00f3mo influyen de manera significativa en nuestra comunicaci\u00f3n y pensamiento. Va m\u00e1s all\u00e1 de la gram\u00e1tica, invit\u00e1ndonos a entender la raz\u00f3n detr\u00e1s de estos signos.<\/p>\n\n\n<div class=\"wp-block-image\">\n<figure class=\"aligncenter size-large\"><img fetchpriority=\"high\" decoding=\"async\" width=\"644\" height=\"429\" src=\"https:\/\/www.uartes.edu.ec\/sitio\/wp-content\/uploads\/2024\/01\/04-LIBRE-LIBRO-2023-644x429.jpg\" alt=\"\" class=\"wp-image-49589\" srcset=\"https:\/\/www.uartes.edu.ec\/sitio\/wp-content\/uploads\/2024\/01\/04-LIBRE-LIBRO-2023-644x429.jpg 644w, https:\/\/www.uartes.edu.ec\/sitio\/wp-content\/uploads\/2024\/01\/04-LIBRE-LIBRO-2023-300x200.jpg 300w, https:\/\/www.uartes.edu.ec\/sitio\/wp-content\/uploads\/2024\/01\/04-LIBRE-LIBRO-2023-768x512.jpg 768w, https:\/\/www.uartes.edu.ec\/sitio\/wp-content\/uploads\/2024\/01\/04-LIBRE-LIBRO-2023-1536x1024.jpg 1536w, https:\/\/www.uartes.edu.ec\/sitio\/wp-content\/uploads\/2024\/01\/04-LIBRE-LIBRO-2023-600x400.jpg 600w, https:\/\/www.uartes.edu.ec\/sitio\/wp-content\/uploads\/2024\/01\/04-LIBRE-LIBRO-2023-400x267.jpg 400w, https:\/\/www.uartes.edu.ec\/sitio\/wp-content\/uploads\/2024\/01\/04-LIBRE-LIBRO-2023-272x182.jpg 272w, https:\/\/www.uartes.edu.ec\/sitio\/wp-content\/uploads\/2024\/01\/04-LIBRE-LIBRO-2023.jpg 2000w\" sizes=\"(max-width: 644px) 100vw, 644px\" \/><\/figure>\n<\/div>\n\n\n<p>Al abordar la recomendaci\u00f3n de otra editorial, destaca \u201cCiudad feminista\u201d, una obra que, a decir del editor, transforma la perspectiva sobre las ciudades, revelando las injusticias ocultas tras una aparente equidad. Ofrece una mirada cr\u00edtica que invita a reconsiderar el entorno urbano desde un enfoque feminista.<\/p>\n\n\n\n<p>\u201cLa feria tal cual est\u00e1 es espectacular\u201d, anota con respecto a la propuesta de Libre Libro y del taller dictado (\u201cC\u00f3mo armar una editorial desde cero con pocos recursos\u201d) extrae los siguients pasos: la planificaci\u00f3n comienza definiendo tu nicho editorial. Es crucial especificar el tipo de libros que quieres publicar. Realiza una investigaci\u00f3n exhaustiva para conocer a fondo a tu audiencia y entender a tus competidores. Establece objetivos claros y alcanzables que te sirvan como gu\u00eda en este emocionante viaje.<\/p>\n\n\n\n<p>Marca y nombre de la editorial: seleccionar un nombre atractivo y memorable para tu editorial es vital. Aseg\u00farate de que refleje claramente tu enfoque editorial. Para darle un toque profesional, crea un logotipo simple utilizando herramientas gratuitas disponibles en l\u00ednea.<\/p>\n\n\n\n<p>Plataformas y recursos gratuitos: ad\u00e9ntrate en el mundo digital utilizando plataformas gratuitas como Amazon Kindle Direct Publishing o Smashwords para la publicaci\u00f3n de libros electr\u00f3nicos. Considera servicios como Lulu o CreateSpace (ahora parte de Kindle Direct Publishing) para imprimir copias bajo demanda sin incurrir en costos iniciales.<\/p>\n\n\n<div class=\"wp-block-image\">\n<figure class=\"aligncenter size-large\"><img decoding=\"async\" width=\"644\" height=\"359\" src=\"https:\/\/www.uartes.edu.ec\/sitio\/wp-content\/uploads\/2024\/01\/de-carmita-108-644x359.jpg\" alt=\"\" class=\"wp-image-49883\" srcset=\"https:\/\/www.uartes.edu.ec\/sitio\/wp-content\/uploads\/2024\/01\/de-carmita-108-644x359.jpg 644w, https:\/\/www.uartes.edu.ec\/sitio\/wp-content\/uploads\/2024\/01\/de-carmita-108-768x428.jpg 768w, https:\/\/www.uartes.edu.ec\/sitio\/wp-content\/uploads\/2024\/01\/de-carmita-108-600x334.jpg 600w\" sizes=\"(max-width: 644px) 100vw, 644px\" \/><\/figure>\n<\/div>\n\n\n<p>Marketing y redes sociales: haz uso inteligente de las redes sociales como Facebook, Twitter e Instagram para promocionar tus libros de forma gratuita. Adem\u00e1s, crea un blog donde puedas compartir contenido relevante, conectarte con tus lectores y construir una comunidad lectora activa.<\/p>\n\n\n\n<p>Colaboraciones y alianzas: hazlo con autores emergentes sin incurrir en costos iniciales, ofreciendo oportunidades que beneficien a ambas partes. Busca alianzas estrat\u00e9gicas con blogueros, grupos literarios u otras editoriales peque\u00f1as para ampliar tu alcance.<\/p>\n\n\n\n<p>ISBN (International Standard Book Number): investiga si en tu pa\u00eds las agencias nacionales ofrecen ISBN de forma gratuita para autores independientes y peque\u00f1as editoriales. En caso contrario, algunas plataformas de autopublicaci\u00f3n proporcionan ISBN gratuitos para los libros que publicas a trav\u00e9s de ellas.<\/p>\n\n\n\n<p>Legalidad y derechos de autor: aseg\u00farate de comprender los requisitos legales y fiscales relacionados con la publicaci\u00f3n de libros en tu \u00e1rea. Para garantizar la legalidad de tus acuerdos, pero si desean evitar este tr\u00e1mite lo recomendable es escoger obras de dominio p\u00fablico, es decir, libres de derecho de autor.<\/p>\n\n\n\n<p>Feedback y mejora continua: solicita retroalimentaci\u00f3n de amigos, familiares y lectores para mejorar la calidad de tus libros. A medida que creces y generas ingresos, considera reinvertir en la mejora continua de tu editorial, recordando que la calidad y la profesionalidad son clave para el \u00e9xito a largo plazo.<\/p>\n\n\n\n<p>\u201cRecuerda, el camino hacia el \u00e9xito editorial puede ser desafiante, pero con dedicaci\u00f3n y creatividad, podr\u00e1s construir una editorial s\u00f3lida y exitosa\u201d, concluye V\u00edctor Malumi\u00e1n.<\/p>\n\n\n\n<p>Texto: Eleinn Ewmanothva Rivera Sol\u00eds, estudiante de la Escuela de Literatura.<br>Foto: En la imagen principal, V\u00edctor Malumi\u00e1n (d) en una de las mesas de di\u00e1logo de Libre Libro. En las siguientes fotograf\u00edas, \u00e9l se encuentra a la derecha.<\/p>","protected":false},"excerpt":{"rendered":"<p>Es uno de los editores del sello argentino, presente en el mundo literario desde hace m\u00e1s de una d\u00e9cada y con un cat\u00e1logo de m\u00e1s de 200 t\u00edtulos. Est\u00e1 en el recinto ferial de la IX edici\u00f3n de Libre Libro, organizada por la UArtes y su Escuela de Literatura; V\u00edctor Malumi\u00e1n dict\u00f3 el taller \u201cC\u00f3mo armar una editorial desde cero con pocos recursos\u201d (el cual concluy\u00f3 hoy) y particip\u00f3 en varias mesas de di\u00e1logo en el que abordaron temas sobre las editoriales independientes.<\/p>","protected":false},"author":10,"featured_media":49882,"comment_status":"open","ping_status":"open","sticky":false,"template":"","format":"standard","meta":{"_acf_changed":false,"_uag_custom_page_level_css":"","_monsterinsights_skip_tracking":false,"_monsterinsights_sitenote_active":false,"_monsterinsights_sitenote_note":"","_monsterinsights_sitenote_category":0,"cybocfi_hide_featured_image":"","footnotes":""},"categories":[80,438,490,75,76,182,175,83,85,79],"tags":[547],"infouartes":[],"class_list":["post-49881","post","type-post","status-publish","format-standard","has-post-thumbnail","hentry","category-academico","category-administrativos","category-alumni","category-docentes","category-estudiantes","category-infouartes","category-literatura","category-sedes","category-servicios","category-vinculo","tag-libre-libro"],"acf":[],"yoast_head":"<!-- This site is optimized with the Yoast SEO plugin v27.4 - https:\/\/yoast.com\/product\/yoast-seo-wordpress\/ -->\n<title>Universidad de las Artes - V\u00edctor Malumi\u00e1n, el sello Godot y c\u00f3mo armar una editorial partiendo de cero<\/title>\n<meta name=\"description\" content=\"Universidad de las Artes - V\u00edctor Malumi\u00e1n, el sello Godot y c\u00f3mo armar una editorial partiendo de cero\" \/>\n<meta name=\"robots\" content=\"index, follow, max-snippet:-1, max-image-preview:large, max-video-preview:-1\" \/>\n<link rel=\"canonical\" href=\"https:\/\/www.uartes.edu.ec\/sitio\/fr\/blog\/2023\/11\/10\/victor-malumian-habla-de-la-travesia-de-ediciones-godot-y-de-como-armar-una-editorial-desde-cero\/\" \/>\n<meta property=\"og:locale\" content=\"fr_FR\" \/>\n<meta property=\"og:type\" content=\"article\" \/>\n<meta property=\"og:title\" content=\"Universidad de las Artes - V\u00edctor Malumi\u00e1n, el sello Godot y c\u00f3mo armar una editorial partiendo de cero\" \/>\n<meta property=\"og:description\" content=\"Universidad de las Artes - V\u00edctor Malumi\u00e1n, el sello Godot y c\u00f3mo armar una editorial partiendo de cero\" \/>\n<meta property=\"og:url\" content=\"https:\/\/www.uartes.edu.ec\/sitio\/fr\/blog\/2023\/11\/10\/victor-malumian-habla-de-la-travesia-de-ediciones-godot-y-de-como-armar-una-editorial-desde-cero\/\" \/>\n<meta property=\"og:site_name\" content=\"Universidad de las Artes\" \/>\n<meta property=\"article:publisher\" content=\"https:\/\/www.facebook.com\/uartesec\" \/>\n<meta property=\"article:published_time\" content=\"2023-11-11T00:55:00+00:00\" \/>\n<meta property=\"article:modified_time\" content=\"2024-07-04T16:20:28+00:00\" \/>\n<meta property=\"og:image\" content=\"https:\/\/www.uartes.edu.ec\/sitio\/wp-content\/uploads\/2024\/01\/05-LIBRE-LIBRO-2023.jpg\" \/>\n\t<meta property=\"og:image:width\" content=\"2000\" \/>\n\t<meta property=\"og:image:height\" content=\"1333\" \/>\n\t<meta property=\"og:image:type\" content=\"image\/jpeg\" \/>\n<meta name=\"author\" content=\"ccortez\" \/>\n<meta name=\"twitter:card\" content=\"summary_large_image\" \/>\n<meta name=\"twitter:creator\" content=\"@uartesec\" \/>\n<meta name=\"twitter:site\" content=\"@uartesec\" \/>\n<meta name=\"twitter:label1\" content=\"\u00c9crit par\" \/>\n\t<meta name=\"twitter:data1\" content=\"ccortez\" \/>\n\t<meta name=\"twitter:label2\" content=\"Dur\u00e9e de lecture estim\u00e9e\" \/>\n\t<meta name=\"twitter:data2\" content=\"5 minutes\" \/>\n<script type=\"application\/ld+json\" class=\"yoast-schema-graph\">{\"@context\":\"https:\\\/\\\/schema.org\",\"@graph\":[{\"@type\":\"Article\",\"@id\":\"https:\\\/\\\/www.uartes.edu.ec\\\/sitio\\\/fr\\\/blog\\\/2023\\\/11\\\/10\\\/victor-malumian-habla-de-la-travesia-de-ediciones-godot-y-de-como-armar-una-editorial-desde-cero\\\/#article\",\"isPartOf\":{\"@id\":\"https:\\\/\\\/www.uartes.edu.ec\\\/sitio\\\/fr\\\/blog\\\/2023\\\/11\\\/10\\\/victor-malumian-habla-de-la-travesia-de-ediciones-godot-y-de-como-armar-una-editorial-desde-cero\\\/\"},\"author\":{\"name\":\"ccortez\",\"@id\":\"https:\\\/\\\/www.uartes.edu.ec\\\/sitio\\\/fr\\\/#\\\/schema\\\/person\\\/efa1b8275797664fd7f13a79ccc0b1f4\"},\"headline\":\"V\u00edctor Malumi\u00e1n, el sello Godot y c\u00f3mo armar una editorial partiendo de cero\",\"datePublished\":\"2023-11-11T00:55:00+00:00\",\"dateModified\":\"2024-07-04T16:20:28+00:00\",\"mainEntityOfPage\":{\"@id\":\"https:\\\/\\\/www.uartes.edu.ec\\\/sitio\\\/fr\\\/blog\\\/2023\\\/11\\\/10\\\/victor-malumian-habla-de-la-travesia-de-ediciones-godot-y-de-como-armar-una-editorial-desde-cero\\\/\"},\"wordCount\":842,\"commentCount\":0,\"publisher\":{\"@id\":\"https:\\\/\\\/www.uartes.edu.ec\\\/sitio\\\/fr\\\/#organization\"},\"image\":{\"@id\":\"https:\\\/\\\/www.uartes.edu.ec\\\/sitio\\\/fr\\\/blog\\\/2023\\\/11\\\/10\\\/victor-malumian-habla-de-la-travesia-de-ediciones-godot-y-de-como-armar-una-editorial-desde-cero\\\/#primaryimage\"},\"thumbnailUrl\":\"https:\\\/\\\/www.uartes.edu.ec\\\/sitio\\\/wp-content\\\/uploads\\\/2024\\\/01\\\/05-LIBRE-LIBRO-2023.jpg\",\"keywords\":[\"Libre Libro\"],\"articleSection\":[\"Acad\u00e9mico\",\"Administrativos\",\"Alumni\",\"Docentes\",\"Estudiantes\",\"InfoUArtes\",\"Literatura\",\"Sedes\",\"Servicios\",\"V\u00ednculo\"],\"inLanguage\":\"fr-FR\",\"potentialAction\":[{\"@type\":\"CommentAction\",\"name\":\"Comment\",\"target\":[\"https:\\\/\\\/www.uartes.edu.ec\\\/sitio\\\/fr\\\/blog\\\/2023\\\/11\\\/10\\\/victor-malumian-habla-de-la-travesia-de-ediciones-godot-y-de-como-armar-una-editorial-desde-cero\\\/#respond\"]}]},{\"@type\":[\"WebPage\",\"ItemPage\"],\"@id\":\"https:\\\/\\\/www.uartes.edu.ec\\\/sitio\\\/fr\\\/blog\\\/2023\\\/11\\\/10\\\/victor-malumian-habla-de-la-travesia-de-ediciones-godot-y-de-como-armar-una-editorial-desde-cero\\\/\",\"url\":\"https:\\\/\\\/www.uartes.edu.ec\\\/sitio\\\/fr\\\/blog\\\/2023\\\/11\\\/10\\\/victor-malumian-habla-de-la-travesia-de-ediciones-godot-y-de-como-armar-una-editorial-desde-cero\\\/\",\"name\":\"Universidad de las Artes - V\u00edctor Malumi\u00e1n, el sello Godot y c\u00f3mo armar una editorial partiendo de cero\",\"isPartOf\":{\"@id\":\"https:\\\/\\\/www.uartes.edu.ec\\\/sitio\\\/fr\\\/#website\"},\"primaryImageOfPage\":{\"@id\":\"https:\\\/\\\/www.uartes.edu.ec\\\/sitio\\\/fr\\\/blog\\\/2023\\\/11\\\/10\\\/victor-malumian-habla-de-la-travesia-de-ediciones-godot-y-de-como-armar-una-editorial-desde-cero\\\/#primaryimage\"},\"image\":{\"@id\":\"https:\\\/\\\/www.uartes.edu.ec\\\/sitio\\\/fr\\\/blog\\\/2023\\\/11\\\/10\\\/victor-malumian-habla-de-la-travesia-de-ediciones-godot-y-de-como-armar-una-editorial-desde-cero\\\/#primaryimage\"},\"thumbnailUrl\":\"https:\\\/\\\/www.uartes.edu.ec\\\/sitio\\\/wp-content\\\/uploads\\\/2024\\\/01\\\/05-LIBRE-LIBRO-2023.jpg\",\"datePublished\":\"2023-11-11T00:55:00+00:00\",\"dateModified\":\"2024-07-04T16:20:28+00:00\",\"description\":\"Universidad de las Artes - V\u00edctor Malumi\u00e1n, el sello Godot y c\u00f3mo armar una editorial partiendo de cero\",\"breadcrumb\":{\"@id\":\"https:\\\/\\\/www.uartes.edu.ec\\\/sitio\\\/fr\\\/blog\\\/2023\\\/11\\\/10\\\/victor-malumian-habla-de-la-travesia-de-ediciones-godot-y-de-como-armar-una-editorial-desde-cero\\\/#breadcrumb\"},\"inLanguage\":\"fr-FR\",\"potentialAction\":[{\"@type\":\"ReadAction\",\"target\":[\"https:\\\/\\\/www.uartes.edu.ec\\\/sitio\\\/fr\\\/blog\\\/2023\\\/11\\\/10\\\/victor-malumian-habla-de-la-travesia-de-ediciones-godot-y-de-como-armar-una-editorial-desde-cero\\\/\"]}]},{\"@type\":\"ImageObject\",\"inLanguage\":\"fr-FR\",\"@id\":\"https:\\\/\\\/www.uartes.edu.ec\\\/sitio\\\/fr\\\/blog\\\/2023\\\/11\\\/10\\\/victor-malumian-habla-de-la-travesia-de-ediciones-godot-y-de-como-armar-una-editorial-desde-cero\\\/#primaryimage\",\"url\":\"https:\\\/\\\/www.uartes.edu.ec\\\/sitio\\\/wp-content\\\/uploads\\\/2024\\\/01\\\/05-LIBRE-LIBRO-2023.jpg\",\"contentUrl\":\"https:\\\/\\\/www.uartes.edu.ec\\\/sitio\\\/wp-content\\\/uploads\\\/2024\\\/01\\\/05-LIBRE-LIBRO-2023.jpg\",\"width\":2000,\"height\":1333},{\"@type\":\"BreadcrumbList\",\"@id\":\"https:\\\/\\\/www.uartes.edu.ec\\\/sitio\\\/fr\\\/blog\\\/2023\\\/11\\\/10\\\/victor-malumian-habla-de-la-travesia-de-ediciones-godot-y-de-como-armar-una-editorial-desde-cero\\\/#breadcrumb\",\"itemListElement\":[{\"@type\":\"ListItem\",\"position\":1,\"name\":\"Inicio\",\"item\":\"https:\\\/\\\/www.uartes.edu.ec\\\/sitio\\\/\"},{\"@type\":\"ListItem\",\"position\":2,\"name\":\"V\u00edctor Malumi\u00e1n, el sello Godot y c\u00f3mo armar una editorial partiendo de cero\"}]},{\"@type\":\"WebSite\",\"@id\":\"https:\\\/\\\/www.uartes.edu.ec\\\/sitio\\\/fr\\\/#website\",\"url\":\"https:\\\/\\\/www.uartes.edu.ec\\\/sitio\\\/fr\\\/\",\"name\":\"Universidad de las Artes\",\"description\":\"Sitio oficial de la Universidad Nacional de las Artes del Ecuador\",\"publisher\":{\"@id\":\"https:\\\/\\\/www.uartes.edu.ec\\\/sitio\\\/fr\\\/#organization\"},\"potentialAction\":[{\"@type\":\"SearchAction\",\"target\":{\"@type\":\"EntryPoint\",\"urlTemplate\":\"https:\\\/\\\/www.uartes.edu.ec\\\/sitio\\\/fr\\\/?s={search_term_string}\"},\"query-input\":{\"@type\":\"PropertyValueSpecification\",\"valueRequired\":true,\"valueName\":\"search_term_string\"}}],\"inLanguage\":\"fr-FR\"},{\"@type\":\"Organization\",\"@id\":\"https:\\\/\\\/www.uartes.edu.ec\\\/sitio\\\/fr\\\/#organization\",\"name\":\"Universidad de las Artes\",\"url\":\"https:\\\/\\\/www.uartes.edu.ec\\\/sitio\\\/fr\\\/\",\"logo\":{\"@type\":\"ImageObject\",\"inLanguage\":\"fr-FR\",\"@id\":\"https:\\\/\\\/www.uartes.edu.ec\\\/sitio\\\/fr\\\/#\\\/schema\\\/logo\\\/image\\\/\",\"url\":\"https:\\\/\\\/www.uartes.edu.ec\\\/sitio\\\/wp-content\\\/uploads\\\/2022\\\/07\\\/logo-ua-horizontal.png\",\"contentUrl\":\"https:\\\/\\\/www.uartes.edu.ec\\\/sitio\\\/wp-content\\\/uploads\\\/2022\\\/07\\\/logo-ua-horizontal.png\",\"width\":800,\"height\":276,\"caption\":\"Universidad de las Artes\"},\"image\":{\"@id\":\"https:\\\/\\\/www.uartes.edu.ec\\\/sitio\\\/fr\\\/#\\\/schema\\\/logo\\\/image\\\/\"},\"sameAs\":[\"https:\\\/\\\/www.facebook.com\\\/uartesec\",\"https:\\\/\\\/x.com\\\/uartesec\",\"https:\\\/\\\/www.tiktok.com\\\/@uartesec\"]},{\"@type\":\"Person\",\"@id\":\"https:\\\/\\\/www.uartes.edu.ec\\\/sitio\\\/fr\\\/#\\\/schema\\\/person\\\/efa1b8275797664fd7f13a79ccc0b1f4\",\"name\":\"ccortez\",\"image\":{\"@type\":\"ImageObject\",\"inLanguage\":\"fr-FR\",\"@id\":\"https:\\\/\\\/secure.gravatar.com\\\/avatar\\\/b2a6f664a3ae8e074346ef91775736c5ec479e637ecced6842de9dc98b5da9cd?s=96&d=mm&r=g\",\"url\":\"https:\\\/\\\/secure.gravatar.com\\\/avatar\\\/b2a6f664a3ae8e074346ef91775736c5ec479e637ecced6842de9dc98b5da9cd?s=96&d=mm&r=g\",\"contentUrl\":\"https:\\\/\\\/secure.gravatar.com\\\/avatar\\\/b2a6f664a3ae8e074346ef91775736c5ec479e637ecced6842de9dc98b5da9cd?s=96&d=mm&r=g\",\"caption\":\"ccortez\"},\"url\":\"https:\\\/\\\/www.uartes.edu.ec\\\/sitio\\\/fr\\\/blog\\\/author\\\/ccortez\\\/\"}]}<\/script>\n<!-- \/ Yoast SEO plugin. -->","yoast_head_json":{"title":"Universidad de las Artes - V\u00edctor Malumi\u00e1n, el sello Godot y c\u00f3mo armar una editorial partiendo de cero","description":"Universidad de las Artes - V\u00edctor Malumi\u00e1n, el sello Godot y c\u00f3mo armar una editorial partiendo de cero","robots":{"index":"index","follow":"follow","max-snippet":"max-snippet:-1","max-image-preview":"max-image-preview:large","max-video-preview":"max-video-preview:-1"},"canonical":"https:\/\/www.uartes.edu.ec\/sitio\/fr\/blog\/2023\/11\/10\/victor-malumian-habla-de-la-travesia-de-ediciones-godot-y-de-como-armar-una-editorial-desde-cero\/","og_locale":"fr_FR","og_type":"article","og_title":"Universidad de las Artes - V\u00edctor Malumi\u00e1n, el sello Godot y c\u00f3mo armar una editorial partiendo de cero","og_description":"Universidad de las Artes - V\u00edctor Malumi\u00e1n, el sello Godot y c\u00f3mo armar una editorial partiendo de cero","og_url":"https:\/\/www.uartes.edu.ec\/sitio\/fr\/blog\/2023\/11\/10\/victor-malumian-habla-de-la-travesia-de-ediciones-godot-y-de-como-armar-una-editorial-desde-cero\/","og_site_name":"Universidad de las Artes","article_publisher":"https:\/\/www.facebook.com\/uartesec","article_published_time":"2023-11-11T00:55:00+00:00","article_modified_time":"2024-07-04T16:20:28+00:00","og_image":[{"width":2000,"height":1333,"url":"https:\/\/www.uartes.edu.ec\/sitio\/wp-content\/uploads\/2024\/01\/05-LIBRE-LIBRO-2023.jpg","type":"image\/jpeg"}],"author":"ccortez","twitter_card":"summary_large_image","twitter_creator":"@uartesec","twitter_site":"@uartesec","twitter_misc":{"\u00c9crit par":"ccortez","Dur\u00e9e de lecture estim\u00e9e":"5 minutes"},"schema":{"@context":"https:\/\/schema.org","@graph":[{"@type":"Article","@id":"https:\/\/www.uartes.edu.ec\/sitio\/fr\/blog\/2023\/11\/10\/victor-malumian-habla-de-la-travesia-de-ediciones-godot-y-de-como-armar-una-editorial-desde-cero\/#article","isPartOf":{"@id":"https:\/\/www.uartes.edu.ec\/sitio\/fr\/blog\/2023\/11\/10\/victor-malumian-habla-de-la-travesia-de-ediciones-godot-y-de-como-armar-una-editorial-desde-cero\/"},"author":{"name":"ccortez","@id":"https:\/\/www.uartes.edu.ec\/sitio\/fr\/#\/schema\/person\/efa1b8275797664fd7f13a79ccc0b1f4"},"headline":"V\u00edctor Malumi\u00e1n, el sello Godot y c\u00f3mo armar una editorial partiendo de cero","datePublished":"2023-11-11T00:55:00+00:00","dateModified":"2024-07-04T16:20:28+00:00","mainEntityOfPage":{"@id":"https:\/\/www.uartes.edu.ec\/sitio\/fr\/blog\/2023\/11\/10\/victor-malumian-habla-de-la-travesia-de-ediciones-godot-y-de-como-armar-una-editorial-desde-cero\/"},"wordCount":842,"commentCount":0,"publisher":{"@id":"https:\/\/www.uartes.edu.ec\/sitio\/fr\/#organization"},"image":{"@id":"https:\/\/www.uartes.edu.ec\/sitio\/fr\/blog\/2023\/11\/10\/victor-malumian-habla-de-la-travesia-de-ediciones-godot-y-de-como-armar-una-editorial-desde-cero\/#primaryimage"},"thumbnailUrl":"https:\/\/www.uartes.edu.ec\/sitio\/wp-content\/uploads\/2024\/01\/05-LIBRE-LIBRO-2023.jpg","keywords":["Libre Libro"],"articleSection":["Acad\u00e9mico","Administrativos","Alumni","Docentes","Estudiantes","InfoUArtes","Literatura","Sedes","Servicios","V\u00ednculo"],"inLanguage":"fr-FR","potentialAction":[{"@type":"CommentAction","name":"Comment","target":["https:\/\/www.uartes.edu.ec\/sitio\/fr\/blog\/2023\/11\/10\/victor-malumian-habla-de-la-travesia-de-ediciones-godot-y-de-como-armar-una-editorial-desde-cero\/#respond"]}]},{"@type":["WebPage","ItemPage"],"@id":"https:\/\/www.uartes.edu.ec\/sitio\/fr\/blog\/2023\/11\/10\/victor-malumian-habla-de-la-travesia-de-ediciones-godot-y-de-como-armar-una-editorial-desde-cero\/","url":"https:\/\/www.uartes.edu.ec\/sitio\/fr\/blog\/2023\/11\/10\/victor-malumian-habla-de-la-travesia-de-ediciones-godot-y-de-como-armar-una-editorial-desde-cero\/","name":"Universidad de las Artes - V\u00edctor Malumi\u00e1n, el sello Godot y c\u00f3mo armar una editorial partiendo de cero","isPartOf":{"@id":"https:\/\/www.uartes.edu.ec\/sitio\/fr\/#website"},"primaryImageOfPage":{"@id":"https:\/\/www.uartes.edu.ec\/sitio\/fr\/blog\/2023\/11\/10\/victor-malumian-habla-de-la-travesia-de-ediciones-godot-y-de-como-armar-una-editorial-desde-cero\/#primaryimage"},"image":{"@id":"https:\/\/www.uartes.edu.ec\/sitio\/fr\/blog\/2023\/11\/10\/victor-malumian-habla-de-la-travesia-de-ediciones-godot-y-de-como-armar-una-editorial-desde-cero\/#primaryimage"},"thumbnailUrl":"https:\/\/www.uartes.edu.ec\/sitio\/wp-content\/uploads\/2024\/01\/05-LIBRE-LIBRO-2023.jpg","datePublished":"2023-11-11T00:55:00+00:00","dateModified":"2024-07-04T16:20:28+00:00","description":"Universidad de las Artes - V\u00edctor Malumi\u00e1n, el sello Godot y c\u00f3mo armar una editorial partiendo de cero","breadcrumb":{"@id":"https:\/\/www.uartes.edu.ec\/sitio\/fr\/blog\/2023\/11\/10\/victor-malumian-habla-de-la-travesia-de-ediciones-godot-y-de-como-armar-una-editorial-desde-cero\/#breadcrumb"},"inLanguage":"fr-FR","potentialAction":[{"@type":"ReadAction","target":["https:\/\/www.uartes.edu.ec\/sitio\/fr\/blog\/2023\/11\/10\/victor-malumian-habla-de-la-travesia-de-ediciones-godot-y-de-como-armar-una-editorial-desde-cero\/"]}]},{"@type":"ImageObject","inLanguage":"fr-FR","@id":"https:\/\/www.uartes.edu.ec\/sitio\/fr\/blog\/2023\/11\/10\/victor-malumian-habla-de-la-travesia-de-ediciones-godot-y-de-como-armar-una-editorial-desde-cero\/#primaryimage","url":"https:\/\/www.uartes.edu.ec\/sitio\/wp-content\/uploads\/2024\/01\/05-LIBRE-LIBRO-2023.jpg","contentUrl":"https:\/\/www.uartes.edu.ec\/sitio\/wp-content\/uploads\/2024\/01\/05-LIBRE-LIBRO-2023.jpg","width":2000,"height":1333},{"@type":"BreadcrumbList","@id":"https:\/\/www.uartes.edu.ec\/sitio\/fr\/blog\/2023\/11\/10\/victor-malumian-habla-de-la-travesia-de-ediciones-godot-y-de-como-armar-una-editorial-desde-cero\/#breadcrumb","itemListElement":[{"@type":"ListItem","position":1,"name":"Inicio","item":"https:\/\/www.uartes.edu.ec\/sitio\/"},{"@type":"ListItem","position":2,"name":"V\u00edctor Malumi\u00e1n, el sello Godot y c\u00f3mo armar una editorial partiendo de cero"}]},{"@type":"WebSite","@id":"https:\/\/www.uartes.edu.ec\/sitio\/fr\/#website","url":"https:\/\/www.uartes.edu.ec\/sitio\/fr\/","name":"Universidad de las Artes","description":"Sitio oficial de la Universidad Nacional de las Artes del Ecuador","publisher":{"@id":"https:\/\/www.uartes.edu.ec\/sitio\/fr\/#organization"},"potentialAction":[{"@type":"SearchAction","target":{"@type":"EntryPoint","urlTemplate":"https:\/\/www.uartes.edu.ec\/sitio\/fr\/?s={search_term_string}"},"query-input":{"@type":"PropertyValueSpecification","valueRequired":true,"valueName":"search_term_string"}}],"inLanguage":"fr-FR"},{"@type":"Organization","@id":"https:\/\/www.uartes.edu.ec\/sitio\/fr\/#organization","name":"Universidad de las Artes","url":"https:\/\/www.uartes.edu.ec\/sitio\/fr\/","logo":{"@type":"ImageObject","inLanguage":"fr-FR","@id":"https:\/\/www.uartes.edu.ec\/sitio\/fr\/#\/schema\/logo\/image\/","url":"https:\/\/www.uartes.edu.ec\/sitio\/wp-content\/uploads\/2022\/07\/logo-ua-horizontal.png","contentUrl":"https:\/\/www.uartes.edu.ec\/sitio\/wp-content\/uploads\/2022\/07\/logo-ua-horizontal.png","width":800,"height":276,"caption":"Universidad de las Artes"},"image":{"@id":"https:\/\/www.uartes.edu.ec\/sitio\/fr\/#\/schema\/logo\/image\/"},"sameAs":["https:\/\/www.facebook.com\/uartesec","https:\/\/x.com\/uartesec","https:\/\/www.tiktok.com\/@uartesec"]},{"@type":"Person","@id":"https:\/\/www.uartes.edu.ec\/sitio\/fr\/#\/schema\/person\/efa1b8275797664fd7f13a79ccc0b1f4","name":"ccortez","image":{"@type":"ImageObject","inLanguage":"fr-FR","@id":"https:\/\/secure.gravatar.com\/avatar\/b2a6f664a3ae8e074346ef91775736c5ec479e637ecced6842de9dc98b5da9cd?s=96&d=mm&r=g","url":"https:\/\/secure.gravatar.com\/avatar\/b2a6f664a3ae8e074346ef91775736c5ec479e637ecced6842de9dc98b5da9cd?s=96&d=mm&r=g","contentUrl":"https:\/\/secure.gravatar.com\/avatar\/b2a6f664a3ae8e074346ef91775736c5ec479e637ecced6842de9dc98b5da9cd?s=96&d=mm&r=g","caption":"ccortez"},"url":"https:\/\/www.uartes.edu.ec\/sitio\/fr\/blog\/author\/ccortez\/"}]}},"uagb_featured_image_src":{"full":["https:\/\/www.uartes.edu.ec\/sitio\/wp-content\/uploads\/2024\/01\/05-LIBRE-LIBRO-2023.jpg",2000,1333,false],"thumbnail":["https:\/\/www.uartes.edu.ec\/sitio\/wp-content\/uploads\/2024\/01\/05-LIBRE-LIBRO-2023-150x150.jpg",150,150,true],"medium":["https:\/\/www.uartes.edu.ec\/sitio\/wp-content\/uploads\/2024\/01\/05-LIBRE-LIBRO-2023-300x200.jpg",300,200,true],"medium_large":["https:\/\/www.uartes.edu.ec\/sitio\/wp-content\/uploads\/2024\/01\/05-LIBRE-LIBRO-2023-768x512.jpg",768,512,true],"large":["https:\/\/www.uartes.edu.ec\/sitio\/wp-content\/uploads\/2024\/01\/05-LIBRE-LIBRO-2023-644x429.jpg",644,429,true],"1536x1536":["https:\/\/www.uartes.edu.ec\/sitio\/wp-content\/uploads\/2024\/01\/05-LIBRE-LIBRO-2023-1536x1024.jpg",1536,1024,true],"2048x2048":["https:\/\/www.uartes.edu.ec\/sitio\/wp-content\/uploads\/2024\/01\/05-LIBRE-LIBRO-2023.jpg",2000,1333,false],"trp-custom-language-flag":["https:\/\/www.uartes.edu.ec\/sitio\/wp-content\/uploads\/2024\/01\/05-LIBRE-LIBRO-2023.jpg",18,12,false],"htmega_size_585x295":["https:\/\/www.uartes.edu.ec\/sitio\/wp-content\/uploads\/2024\/01\/05-LIBRE-LIBRO-2023-585x295.jpg",585,295,true],"htmega_size_1170x536":["https:\/\/www.uartes.edu.ec\/sitio\/wp-content\/uploads\/2024\/01\/05-LIBRE-LIBRO-2023-1170x536.jpg",1170,536,true],"htmega_size_396x360":["https:\/\/www.uartes.edu.ec\/sitio\/wp-content\/uploads\/2024\/01\/05-LIBRE-LIBRO-2023-396x360.jpg",396,360,true],"gb-block-post-grid-landscape":["https:\/\/www.uartes.edu.ec\/sitio\/wp-content\/uploads\/2024\/01\/05-LIBRE-LIBRO-2023-600x400.jpg",600,400,true],"gb-block-post-grid-square":["https:\/\/www.uartes.edu.ec\/sitio\/wp-content\/uploads\/2024\/01\/05-LIBRE-LIBRO-2023-600x600.jpg",600,600,true],"university-hub-thumb":["https:\/\/www.uartes.edu.ec\/sitio\/wp-content\/uploads\/2024\/01\/05-LIBRE-LIBRO-2023-400x267.jpg",400,267,true]},"uagb_author_info":{"display_name":"ccortez","author_link":"https:\/\/www.uartes.edu.ec\/sitio\/fr\/blog\/author\/ccortez\/"},"uagb_comment_info":0,"uagb_excerpt":"Es uno de los editores del sello argentino, presente en el mundo literario desde hace m\u00e1s de una d\u00e9cada y con un cat\u00e1logo de m\u00e1s de 200 t\u00edtulos. Est\u00e1 en el recinto ferial de la IX edici\u00f3n de Libre Libro, organizada por la UArtes y su Escuela de Literatura; V\u00edctor Malumi\u00e1n dict\u00f3 el taller \u201cC\u00f3mo\u2026","featured_image_src":"https:\/\/www.uartes.edu.ec\/sitio\/wp-content\/uploads\/2024\/01\/05-LIBRE-LIBRO-2023-600x400.jpg","featured_image_src_square":"https:\/\/www.uartes.edu.ec\/sitio\/wp-content\/uploads\/2024\/01\/05-LIBRE-LIBRO-2023-600x600.jpg","author_info":{"display_name":"ccortez","author_link":"https:\/\/www.uartes.edu.ec\/sitio\/fr\/blog\/author\/ccortez\/"},"publishpress_future_workflow_manual_trigger":{"enabledWorkflows":[]},"distributor_meta":false,"distributor_terms":false,"distributor_media":false,"distributor_original_site_name":"Universidad de las Artes","distributor_original_site_url":"https:\/\/www.uartes.edu.ec\/sitio\/fr","push-errors":false,"_links":{"self":[{"href":"https:\/\/www.uartes.edu.ec\/sitio\/fr\/wp-json\/wp\/v2\/posts\/49881","targetHints":{"allow":["GET"]}}],"collection":[{"href":"https:\/\/www.uartes.edu.ec\/sitio\/fr\/wp-json\/wp\/v2\/posts"}],"about":[{"href":"https:\/\/www.uartes.edu.ec\/sitio\/fr\/wp-json\/wp\/v2\/types\/post"}],"author":[{"embeddable":true,"href":"https:\/\/www.uartes.edu.ec\/sitio\/fr\/wp-json\/wp\/v2\/users\/10"}],"replies":[{"embeddable":true,"href":"https:\/\/www.uartes.edu.ec\/sitio\/fr\/wp-json\/wp\/v2\/comments?post=49881"}],"version-history":[{"count":11,"href":"https:\/\/www.uartes.edu.ec\/sitio\/fr\/wp-json\/wp\/v2\/posts\/49881\/revisions"}],"predecessor-version":[{"id":49900,"href":"https:\/\/www.uartes.edu.ec\/sitio\/fr\/wp-json\/wp\/v2\/posts\/49881\/revisions\/49900"}],"wp:featuredmedia":[{"embeddable":true,"href":"https:\/\/www.uartes.edu.ec\/sitio\/fr\/wp-json\/wp\/v2\/media\/49882"}],"wp:attachment":[{"href":"https:\/\/www.uartes.edu.ec\/sitio\/fr\/wp-json\/wp\/v2\/media?parent=49881"}],"wp:term":[{"taxonomy":"category","embeddable":true,"href":"https:\/\/www.uartes.edu.ec\/sitio\/fr\/wp-json\/wp\/v2\/categories?post=49881"},{"taxonomy":"post_tag","embeddable":true,"href":"https:\/\/www.uartes.edu.ec\/sitio\/fr\/wp-json\/wp\/v2\/tags?post=49881"},{"taxonomy":"infouartes","embeddable":true,"href":"https:\/\/www.uartes.edu.ec\/sitio\/fr\/wp-json\/wp\/v2\/infouartes?post=49881"}],"curies":[{"name":"wp","href":"https:\/\/api.w.org\/{rel}","templated":true}]}}