{"id":49902,"date":"2023-11-10T20:05:00","date_gmt":"2023-11-11T01:05:00","guid":{"rendered":"https:\/\/www.uartes.edu.ec\/sitio\/?p=49902"},"modified":"2024-07-04T11:20:28","modified_gmt":"2024-07-04T16:20:28","slug":"cuerpos-extranjeros-un-espacio-de-reflexion-y-creacion-literaria","status":"publish","type":"post","link":"https:\/\/www.uartes.edu.ec\/sitio\/fr\/blog\/2023\/11\/10\/cuerpos-extranjeros-un-espacio-de-reflexion-y-creacion-literaria\/","title":{"rendered":"\u201cCuerpos extranjeros\u201d, un espacio para la reflexi\u00f3n y la creaci\u00f3n literaria"},"content":{"rendered":"<p>El taller de escritura creativa \u201cCuerpos extranjeros\u201d, dirigido por Victoria Vaccaro, se present\u00f3 como un espacio de reflexi\u00f3n y creaci\u00f3n literaria en el que los participantes exploraron las complejidades asociadas con la disforia de g\u00e9nero y la dismorfia corporal. Realizado en el marco de la IX edici\u00f3n de Libre Libro, organizada por la Universidad de las Artes y su Escuela de Literatura, la propuesta no solo analiz\u00f3 las obras contempor\u00e1neas que abordan estas tem\u00e1ticas, sino tambi\u00e9n inspiraron a los escritores a desarrollar sus propios proyectos literarios centrados en la exploraci\u00f3n de la identidad y las diversas formas que esta puede adoptar. Aqu\u00ed algunos puntos a destacar:<\/p>\n\n\n\n<p>1. Perspectivas personales: anima a los participantes a explorar sus propias experiencias y perspectivas en relaci\u00f3n con la disforia de g\u00e9nero. Pueden utilizar la escritura como una forma de procesar sus emociones, pensamientos y vivencias personales.<\/p>\n\n\n\n<p>2. Narrativas diversas: invita a la diversidad en las narrativas. Anima a los escritores a explorar una variedad de voces y experiencias dentro del espectro de la disforia de g\u00e9nero, reconociendo la multiplicidad de identidades y vivencias.<\/p>\n\n\n\n<p>3. La interseccionalidad: explora la disforia con otras dimensiones de la identidad, como raza, clase social y orientaci\u00f3n sexual. La interseccionalidad enriquece las historias al considerar c\u00f3mo diferentes aspectos de la identidad interact\u00faan entre s\u00ed.<\/p>\n\n\n\n<p>4. Met\u00e1foras y simbolismos: los escritores los utilizan para expresar las complejidades de la disforia. Por ejemplo, pueden emplear elementos simb\u00f3licos para representar la b\u00fasqueda de la autenticidad y la transformaci\u00f3n personal.<\/p>\n\n\n\n<p>Acerca de dismorfia corporal, en el taller de Victoria Vaccaro llev\u00f3 al an\u00e1lisis de:<br>1. Percepciones del cuerpo: explora las diversas percepciones del cuerpo y c\u00f3mo estas pueden influir en la identidad. La dismorfia corporal puede ser una lente a trav\u00e9s de la cual se examina la relaci\u00f3n entre la autoimagen y la identidad.<\/p>\n\n\n\n<p>2. Conexiones con la disforia de g\u00e9nero: examina las posibles conexiones entre la dismorfia corporal y la disforia de g\u00e9nero. Algunos participantes pueden elegir explorar c\u00f3mo estas dos experiencias pueden converger o divergir en sus escritos.<\/p>\n\n\n\n<p>3. Desmitificaci\u00f3n de est\u00e1ndares: fomenta la desmitificaci\u00f3n de los est\u00e1ndares corporales y la exploraci\u00f3n de la autenticidad m\u00e1s all\u00e1 de las expectativas sociales. Los escritores pueden desafiar las normas convencionales y cuestionar las percepciones preconcebidas sobre la belleza y la identidad.<\/p>\n\n\n\n<p>4. Proceso de transformaci\u00f3n: invita a los participantes a explorar el proceso de transformaci\u00f3n personal en relaci\u00f3n con la dismorfia corporal. La escritura puede servir como una herramienta para rastrear la evoluci\u00f3n de la relaci\u00f3n del individuo consigo mismo.<\/p>\n\n\n\n<p>Texto: Eleinn Ewmanothva Rivera Sol\u00eds, estudiante de la Escuela de Literatura.<br>Foto: Victoria Vaccaro, foto tomada del sitio web de la revista de Literatura y Arte \u201cVuela Palabra\u201d.<\/p>","protected":false},"excerpt":{"rendered":"<p>El taller de escritura creativa \u201cCuerpos extranjeros\u201d, dirigido por Victoria Vaccaro, se present\u00f3 como un espacio de reflexi\u00f3n y creaci\u00f3n literaria en el que los participantes exploraron las complejidades asociadas con la disforia de g\u00e9nero y la dismorfia corporal. Se realiz\u00f3 en la IX edici\u00f3n de Libre Libro, organizada por la UArtes y su Escuela de Literatura y en su desarroll\u00f3 se analizaron las obras contempor\u00e1neas que abordan estas tem\u00e1ticas. <\/p>","protected":false},"author":10,"featured_media":49903,"comment_status":"open","ping_status":"open","sticky":false,"template":"","format":"standard","meta":{"_acf_changed":false,"_uag_custom_page_level_css":"","_monsterinsights_skip_tracking":false,"_monsterinsights_sitenote_active":false,"_monsterinsights_sitenote_note":"","_monsterinsights_sitenote_category":0,"cybocfi_hide_featured_image":"","footnotes":""},"categories":[80,438,82,75,76,77,175,83],"tags":[547],"infouartes":[],"class_list":["post-49902","post","type-post","status-publish","format-standard","has-post-thumbnail","hentry","category-academico","category-administrativos","category-artes","category-docentes","category-estudiantes","category-gestion","category-literatura","category-sedes","tag-libre-libro"],"acf":[],"yoast_head":"<!-- This site is optimized with the Yoast SEO plugin v27.4 - https:\/\/yoast.com\/product\/yoast-seo-wordpress\/ -->\n<title>Universidad de las Artes - \u201cCuerpos extranjeros\u201d, un espacio para la reflexi\u00f3n y la creaci\u00f3n literaria<\/title>\n<meta name=\"description\" content=\"Universidad de las Artes - \u201cCuerpos extranjeros\u201d, un espacio para la reflexi\u00f3n y la creaci\u00f3n literaria\" \/>\n<meta name=\"robots\" content=\"index, follow, max-snippet:-1, max-image-preview:large, max-video-preview:-1\" \/>\n<link rel=\"canonical\" href=\"https:\/\/www.uartes.edu.ec\/sitio\/fr\/blog\/2023\/11\/10\/cuerpos-extranjeros-un-espacio-de-reflexion-y-creacion-literaria\/\" \/>\n<meta property=\"og:locale\" content=\"fr_FR\" \/>\n<meta property=\"og:type\" content=\"article\" \/>\n<meta property=\"og:title\" content=\"Universidad de las Artes - \u201cCuerpos extranjeros\u201d, un espacio para la reflexi\u00f3n y la creaci\u00f3n literaria\" \/>\n<meta property=\"og:description\" content=\"Universidad de las Artes - \u201cCuerpos extranjeros\u201d, un espacio para la reflexi\u00f3n y la creaci\u00f3n literaria\" \/>\n<meta property=\"og:url\" content=\"https:\/\/www.uartes.edu.ec\/sitio\/fr\/blog\/2023\/11\/10\/cuerpos-extranjeros-un-espacio-de-reflexion-y-creacion-literaria\/\" \/>\n<meta property=\"og:site_name\" content=\"Universidad de las Artes\" \/>\n<meta property=\"article:publisher\" content=\"https:\/\/www.facebook.com\/uartesec\" \/>\n<meta property=\"article:published_time\" content=\"2023-11-11T01:05:00+00:00\" \/>\n<meta property=\"article:modified_time\" content=\"2024-07-04T16:20:28+00:00\" \/>\n<meta property=\"og:image\" content=\"https:\/\/www.uartes.edu.ec\/sitio\/wp-content\/uploads\/2024\/01\/VIC-WEB.jpg\" \/>\n\t<meta property=\"og:image:width\" content=\"2000\" \/>\n\t<meta property=\"og:image:height\" content=\"1333\" \/>\n\t<meta property=\"og:image:type\" content=\"image\/jpeg\" \/>\n<meta name=\"author\" content=\"ccortez\" \/>\n<meta name=\"twitter:card\" content=\"summary_large_image\" \/>\n<meta name=\"twitter:creator\" content=\"@uartesec\" \/>\n<meta name=\"twitter:site\" content=\"@uartesec\" \/>\n<meta name=\"twitter:label1\" content=\"\u00c9crit par\" \/>\n\t<meta name=\"twitter:data1\" content=\"ccortez\" \/>\n\t<meta name=\"twitter:label2\" content=\"Dur\u00e9e de lecture estim\u00e9e\" \/>\n\t<meta name=\"twitter:data2\" content=\"3 minutes\" \/>\n<script type=\"application\/ld+json\" class=\"yoast-schema-graph\">{\"@context\":\"https:\\\/\\\/schema.org\",\"@graph\":[{\"@type\":\"Article\",\"@id\":\"https:\\\/\\\/www.uartes.edu.ec\\\/sitio\\\/fr\\\/blog\\\/2023\\\/11\\\/10\\\/cuerpos-extranjeros-un-espacio-de-reflexion-y-creacion-literaria\\\/#article\",\"isPartOf\":{\"@id\":\"https:\\\/\\\/www.uartes.edu.ec\\\/sitio\\\/fr\\\/blog\\\/2023\\\/11\\\/10\\\/cuerpos-extranjeros-un-espacio-de-reflexion-y-creacion-literaria\\\/\"},\"author\":{\"name\":\"ccortez\",\"@id\":\"https:\\\/\\\/www.uartes.edu.ec\\\/sitio\\\/fr\\\/#\\\/schema\\\/person\\\/efa1b8275797664fd7f13a79ccc0b1f4\"},\"headline\":\"\u201cCuerpos extranjeros\u201d, un espacio para la reflexi\u00f3n y la creaci\u00f3n literaria\",\"datePublished\":\"2023-11-11T01:05:00+00:00\",\"dateModified\":\"2024-07-04T16:20:28+00:00\",\"mainEntityOfPage\":{\"@id\":\"https:\\\/\\\/www.uartes.edu.ec\\\/sitio\\\/fr\\\/blog\\\/2023\\\/11\\\/10\\\/cuerpos-extranjeros-un-espacio-de-reflexion-y-creacion-literaria\\\/\"},\"wordCount\":486,\"commentCount\":0,\"publisher\":{\"@id\":\"https:\\\/\\\/www.uartes.edu.ec\\\/sitio\\\/fr\\\/#organization\"},\"image\":{\"@id\":\"https:\\\/\\\/www.uartes.edu.ec\\\/sitio\\\/fr\\\/blog\\\/2023\\\/11\\\/10\\\/cuerpos-extranjeros-un-espacio-de-reflexion-y-creacion-literaria\\\/#primaryimage\"},\"thumbnailUrl\":\"https:\\\/\\\/www.uartes.edu.ec\\\/sitio\\\/wp-content\\\/uploads\\\/2024\\\/01\\\/VIC-WEB.jpg\",\"keywords\":[\"Libre Libro\"],\"articleSection\":[\"Acad\u00e9mico\",\"Administrativos\",\"Artes\",\"Docentes\",\"Estudiantes\",\"Gesti\u00f3n\",\"Literatura\",\"Sedes\"],\"inLanguage\":\"fr-FR\",\"potentialAction\":[{\"@type\":\"CommentAction\",\"name\":\"Comment\",\"target\":[\"https:\\\/\\\/www.uartes.edu.ec\\\/sitio\\\/fr\\\/blog\\\/2023\\\/11\\\/10\\\/cuerpos-extranjeros-un-espacio-de-reflexion-y-creacion-literaria\\\/#respond\"]}]},{\"@type\":[\"WebPage\",\"ItemPage\"],\"@id\":\"https:\\\/\\\/www.uartes.edu.ec\\\/sitio\\\/fr\\\/blog\\\/2023\\\/11\\\/10\\\/cuerpos-extranjeros-un-espacio-de-reflexion-y-creacion-literaria\\\/\",\"url\":\"https:\\\/\\\/www.uartes.edu.ec\\\/sitio\\\/fr\\\/blog\\\/2023\\\/11\\\/10\\\/cuerpos-extranjeros-un-espacio-de-reflexion-y-creacion-literaria\\\/\",\"name\":\"Universidad de las Artes - \u201cCuerpos extranjeros\u201d, un espacio para la reflexi\u00f3n y la creaci\u00f3n literaria\",\"isPartOf\":{\"@id\":\"https:\\\/\\\/www.uartes.edu.ec\\\/sitio\\\/fr\\\/#website\"},\"primaryImageOfPage\":{\"@id\":\"https:\\\/\\\/www.uartes.edu.ec\\\/sitio\\\/fr\\\/blog\\\/2023\\\/11\\\/10\\\/cuerpos-extranjeros-un-espacio-de-reflexion-y-creacion-literaria\\\/#primaryimage\"},\"image\":{\"@id\":\"https:\\\/\\\/www.uartes.edu.ec\\\/sitio\\\/fr\\\/blog\\\/2023\\\/11\\\/10\\\/cuerpos-extranjeros-un-espacio-de-reflexion-y-creacion-literaria\\\/#primaryimage\"},\"thumbnailUrl\":\"https:\\\/\\\/www.uartes.edu.ec\\\/sitio\\\/wp-content\\\/uploads\\\/2024\\\/01\\\/VIC-WEB.jpg\",\"datePublished\":\"2023-11-11T01:05:00+00:00\",\"dateModified\":\"2024-07-04T16:20:28+00:00\",\"description\":\"Universidad de las Artes - \u201cCuerpos extranjeros\u201d, un espacio para la reflexi\u00f3n y la creaci\u00f3n literaria\",\"breadcrumb\":{\"@id\":\"https:\\\/\\\/www.uartes.edu.ec\\\/sitio\\\/fr\\\/blog\\\/2023\\\/11\\\/10\\\/cuerpos-extranjeros-un-espacio-de-reflexion-y-creacion-literaria\\\/#breadcrumb\"},\"inLanguage\":\"fr-FR\",\"potentialAction\":[{\"@type\":\"ReadAction\",\"target\":[\"https:\\\/\\\/www.uartes.edu.ec\\\/sitio\\\/fr\\\/blog\\\/2023\\\/11\\\/10\\\/cuerpos-extranjeros-un-espacio-de-reflexion-y-creacion-literaria\\\/\"]}]},{\"@type\":\"ImageObject\",\"inLanguage\":\"fr-FR\",\"@id\":\"https:\\\/\\\/www.uartes.edu.ec\\\/sitio\\\/fr\\\/blog\\\/2023\\\/11\\\/10\\\/cuerpos-extranjeros-un-espacio-de-reflexion-y-creacion-literaria\\\/#primaryimage\",\"url\":\"https:\\\/\\\/www.uartes.edu.ec\\\/sitio\\\/wp-content\\\/uploads\\\/2024\\\/01\\\/VIC-WEB.jpg\",\"contentUrl\":\"https:\\\/\\\/www.uartes.edu.ec\\\/sitio\\\/wp-content\\\/uploads\\\/2024\\\/01\\\/VIC-WEB.jpg\",\"width\":2000,\"height\":1333},{\"@type\":\"BreadcrumbList\",\"@id\":\"https:\\\/\\\/www.uartes.edu.ec\\\/sitio\\\/fr\\\/blog\\\/2023\\\/11\\\/10\\\/cuerpos-extranjeros-un-espacio-de-reflexion-y-creacion-literaria\\\/#breadcrumb\",\"itemListElement\":[{\"@type\":\"ListItem\",\"position\":1,\"name\":\"Inicio\",\"item\":\"https:\\\/\\\/www.uartes.edu.ec\\\/sitio\\\/\"},{\"@type\":\"ListItem\",\"position\":2,\"name\":\"\u201cCuerpos extranjeros\u201d, un espacio para la reflexi\u00f3n y la creaci\u00f3n literaria\"}]},{\"@type\":\"WebSite\",\"@id\":\"https:\\\/\\\/www.uartes.edu.ec\\\/sitio\\\/fr\\\/#website\",\"url\":\"https:\\\/\\\/www.uartes.edu.ec\\\/sitio\\\/fr\\\/\",\"name\":\"Universidad de las Artes\",\"description\":\"Sitio oficial de la Universidad Nacional de las Artes del Ecuador\",\"publisher\":{\"@id\":\"https:\\\/\\\/www.uartes.edu.ec\\\/sitio\\\/fr\\\/#organization\"},\"potentialAction\":[{\"@type\":\"SearchAction\",\"target\":{\"@type\":\"EntryPoint\",\"urlTemplate\":\"https:\\\/\\\/www.uartes.edu.ec\\\/sitio\\\/fr\\\/?s={search_term_string}\"},\"query-input\":{\"@type\":\"PropertyValueSpecification\",\"valueRequired\":true,\"valueName\":\"search_term_string\"}}],\"inLanguage\":\"fr-FR\"},{\"@type\":\"Organization\",\"@id\":\"https:\\\/\\\/www.uartes.edu.ec\\\/sitio\\\/fr\\\/#organization\",\"name\":\"Universidad de las Artes\",\"url\":\"https:\\\/\\\/www.uartes.edu.ec\\\/sitio\\\/fr\\\/\",\"logo\":{\"@type\":\"ImageObject\",\"inLanguage\":\"fr-FR\",\"@id\":\"https:\\\/\\\/www.uartes.edu.ec\\\/sitio\\\/fr\\\/#\\\/schema\\\/logo\\\/image\\\/\",\"url\":\"https:\\\/\\\/www.uartes.edu.ec\\\/sitio\\\/wp-content\\\/uploads\\\/2022\\\/07\\\/logo-ua-horizontal.png\",\"contentUrl\":\"https:\\\/\\\/www.uartes.edu.ec\\\/sitio\\\/wp-content\\\/uploads\\\/2022\\\/07\\\/logo-ua-horizontal.png\",\"width\":800,\"height\":276,\"caption\":\"Universidad de las Artes\"},\"image\":{\"@id\":\"https:\\\/\\\/www.uartes.edu.ec\\\/sitio\\\/fr\\\/#\\\/schema\\\/logo\\\/image\\\/\"},\"sameAs\":[\"https:\\\/\\\/www.facebook.com\\\/uartesec\",\"https:\\\/\\\/x.com\\\/uartesec\",\"https:\\\/\\\/www.tiktok.com\\\/@uartesec\"]},{\"@type\":\"Person\",\"@id\":\"https:\\\/\\\/www.uartes.edu.ec\\\/sitio\\\/fr\\\/#\\\/schema\\\/person\\\/efa1b8275797664fd7f13a79ccc0b1f4\",\"name\":\"ccortez\",\"image\":{\"@type\":\"ImageObject\",\"inLanguage\":\"fr-FR\",\"@id\":\"https:\\\/\\\/secure.gravatar.com\\\/avatar\\\/b2a6f664a3ae8e074346ef91775736c5ec479e637ecced6842de9dc98b5da9cd?s=96&d=mm&r=g\",\"url\":\"https:\\\/\\\/secure.gravatar.com\\\/avatar\\\/b2a6f664a3ae8e074346ef91775736c5ec479e637ecced6842de9dc98b5da9cd?s=96&d=mm&r=g\",\"contentUrl\":\"https:\\\/\\\/secure.gravatar.com\\\/avatar\\\/b2a6f664a3ae8e074346ef91775736c5ec479e637ecced6842de9dc98b5da9cd?s=96&d=mm&r=g\",\"caption\":\"ccortez\"},\"url\":\"https:\\\/\\\/www.uartes.edu.ec\\\/sitio\\\/fr\\\/blog\\\/author\\\/ccortez\\\/\"}]}<\/script>\n<!-- \/ Yoast SEO plugin. -->","yoast_head_json":{"title":"Universidad de las Artes - \u201cCuerpos extranjeros\u201d, un espacio para la reflexi\u00f3n y la creaci\u00f3n literaria","description":"Universidad de las Artes - \u201cCuerpos extranjeros\u201d, un espacio para la reflexi\u00f3n y la creaci\u00f3n literaria","robots":{"index":"index","follow":"follow","max-snippet":"max-snippet:-1","max-image-preview":"max-image-preview:large","max-video-preview":"max-video-preview:-1"},"canonical":"https:\/\/www.uartes.edu.ec\/sitio\/fr\/blog\/2023\/11\/10\/cuerpos-extranjeros-un-espacio-de-reflexion-y-creacion-literaria\/","og_locale":"fr_FR","og_type":"article","og_title":"Universidad de las Artes - \u201cCuerpos extranjeros\u201d, un espacio para la reflexi\u00f3n y la creaci\u00f3n literaria","og_description":"Universidad de las Artes - \u201cCuerpos extranjeros\u201d, un espacio para la reflexi\u00f3n y la creaci\u00f3n literaria","og_url":"https:\/\/www.uartes.edu.ec\/sitio\/fr\/blog\/2023\/11\/10\/cuerpos-extranjeros-un-espacio-de-reflexion-y-creacion-literaria\/","og_site_name":"Universidad de las Artes","article_publisher":"https:\/\/www.facebook.com\/uartesec","article_published_time":"2023-11-11T01:05:00+00:00","article_modified_time":"2024-07-04T16:20:28+00:00","og_image":[{"width":2000,"height":1333,"url":"https:\/\/www.uartes.edu.ec\/sitio\/wp-content\/uploads\/2024\/01\/VIC-WEB.jpg","type":"image\/jpeg"}],"author":"ccortez","twitter_card":"summary_large_image","twitter_creator":"@uartesec","twitter_site":"@uartesec","twitter_misc":{"\u00c9crit par":"ccortez","Dur\u00e9e de lecture estim\u00e9e":"3 minutes"},"schema":{"@context":"https:\/\/schema.org","@graph":[{"@type":"Article","@id":"https:\/\/www.uartes.edu.ec\/sitio\/fr\/blog\/2023\/11\/10\/cuerpos-extranjeros-un-espacio-de-reflexion-y-creacion-literaria\/#article","isPartOf":{"@id":"https:\/\/www.uartes.edu.ec\/sitio\/fr\/blog\/2023\/11\/10\/cuerpos-extranjeros-un-espacio-de-reflexion-y-creacion-literaria\/"},"author":{"name":"ccortez","@id":"https:\/\/www.uartes.edu.ec\/sitio\/fr\/#\/schema\/person\/efa1b8275797664fd7f13a79ccc0b1f4"},"headline":"\u201cCuerpos extranjeros\u201d, un espacio para la reflexi\u00f3n y la creaci\u00f3n literaria","datePublished":"2023-11-11T01:05:00+00:00","dateModified":"2024-07-04T16:20:28+00:00","mainEntityOfPage":{"@id":"https:\/\/www.uartes.edu.ec\/sitio\/fr\/blog\/2023\/11\/10\/cuerpos-extranjeros-un-espacio-de-reflexion-y-creacion-literaria\/"},"wordCount":486,"commentCount":0,"publisher":{"@id":"https:\/\/www.uartes.edu.ec\/sitio\/fr\/#organization"},"image":{"@id":"https:\/\/www.uartes.edu.ec\/sitio\/fr\/blog\/2023\/11\/10\/cuerpos-extranjeros-un-espacio-de-reflexion-y-creacion-literaria\/#primaryimage"},"thumbnailUrl":"https:\/\/www.uartes.edu.ec\/sitio\/wp-content\/uploads\/2024\/01\/VIC-WEB.jpg","keywords":["Libre Libro"],"articleSection":["Acad\u00e9mico","Administrativos","Artes","Docentes","Estudiantes","Gesti\u00f3n","Literatura","Sedes"],"inLanguage":"fr-FR","potentialAction":[{"@type":"CommentAction","name":"Comment","target":["https:\/\/www.uartes.edu.ec\/sitio\/fr\/blog\/2023\/11\/10\/cuerpos-extranjeros-un-espacio-de-reflexion-y-creacion-literaria\/#respond"]}]},{"@type":["WebPage","ItemPage"],"@id":"https:\/\/www.uartes.edu.ec\/sitio\/fr\/blog\/2023\/11\/10\/cuerpos-extranjeros-un-espacio-de-reflexion-y-creacion-literaria\/","url":"https:\/\/www.uartes.edu.ec\/sitio\/fr\/blog\/2023\/11\/10\/cuerpos-extranjeros-un-espacio-de-reflexion-y-creacion-literaria\/","name":"Universidad de las Artes - \u201cCuerpos extranjeros\u201d, un espacio para la reflexi\u00f3n y la creaci\u00f3n literaria","isPartOf":{"@id":"https:\/\/www.uartes.edu.ec\/sitio\/fr\/#website"},"primaryImageOfPage":{"@id":"https:\/\/www.uartes.edu.ec\/sitio\/fr\/blog\/2023\/11\/10\/cuerpos-extranjeros-un-espacio-de-reflexion-y-creacion-literaria\/#primaryimage"},"image":{"@id":"https:\/\/www.uartes.edu.ec\/sitio\/fr\/blog\/2023\/11\/10\/cuerpos-extranjeros-un-espacio-de-reflexion-y-creacion-literaria\/#primaryimage"},"thumbnailUrl":"https:\/\/www.uartes.edu.ec\/sitio\/wp-content\/uploads\/2024\/01\/VIC-WEB.jpg","datePublished":"2023-11-11T01:05:00+00:00","dateModified":"2024-07-04T16:20:28+00:00","description":"Universidad de las Artes - \u201cCuerpos extranjeros\u201d, un espacio para la reflexi\u00f3n y la creaci\u00f3n literaria","breadcrumb":{"@id":"https:\/\/www.uartes.edu.ec\/sitio\/fr\/blog\/2023\/11\/10\/cuerpos-extranjeros-un-espacio-de-reflexion-y-creacion-literaria\/#breadcrumb"},"inLanguage":"fr-FR","potentialAction":[{"@type":"ReadAction","target":["https:\/\/www.uartes.edu.ec\/sitio\/fr\/blog\/2023\/11\/10\/cuerpos-extranjeros-un-espacio-de-reflexion-y-creacion-literaria\/"]}]},{"@type":"ImageObject","inLanguage":"fr-FR","@id":"https:\/\/www.uartes.edu.ec\/sitio\/fr\/blog\/2023\/11\/10\/cuerpos-extranjeros-un-espacio-de-reflexion-y-creacion-literaria\/#primaryimage","url":"https:\/\/www.uartes.edu.ec\/sitio\/wp-content\/uploads\/2024\/01\/VIC-WEB.jpg","contentUrl":"https:\/\/www.uartes.edu.ec\/sitio\/wp-content\/uploads\/2024\/01\/VIC-WEB.jpg","width":2000,"height":1333},{"@type":"BreadcrumbList","@id":"https:\/\/www.uartes.edu.ec\/sitio\/fr\/blog\/2023\/11\/10\/cuerpos-extranjeros-un-espacio-de-reflexion-y-creacion-literaria\/#breadcrumb","itemListElement":[{"@type":"ListItem","position":1,"name":"Inicio","item":"https:\/\/www.uartes.edu.ec\/sitio\/"},{"@type":"ListItem","position":2,"name":"\u201cCuerpos extranjeros\u201d, un espacio para la reflexi\u00f3n y la creaci\u00f3n literaria"}]},{"@type":"WebSite","@id":"https:\/\/www.uartes.edu.ec\/sitio\/fr\/#website","url":"https:\/\/www.uartes.edu.ec\/sitio\/fr\/","name":"Universidad de las Artes","description":"Sitio oficial de la Universidad Nacional de las Artes del Ecuador","publisher":{"@id":"https:\/\/www.uartes.edu.ec\/sitio\/fr\/#organization"},"potentialAction":[{"@type":"SearchAction","target":{"@type":"EntryPoint","urlTemplate":"https:\/\/www.uartes.edu.ec\/sitio\/fr\/?s={search_term_string}"},"query-input":{"@type":"PropertyValueSpecification","valueRequired":true,"valueName":"search_term_string"}}],"inLanguage":"fr-FR"},{"@type":"Organization","@id":"https:\/\/www.uartes.edu.ec\/sitio\/fr\/#organization","name":"Universidad de las Artes","url":"https:\/\/www.uartes.edu.ec\/sitio\/fr\/","logo":{"@type":"ImageObject","inLanguage":"fr-FR","@id":"https:\/\/www.uartes.edu.ec\/sitio\/fr\/#\/schema\/logo\/image\/","url":"https:\/\/www.uartes.edu.ec\/sitio\/wp-content\/uploads\/2022\/07\/logo-ua-horizontal.png","contentUrl":"https:\/\/www.uartes.edu.ec\/sitio\/wp-content\/uploads\/2022\/07\/logo-ua-horizontal.png","width":800,"height":276,"caption":"Universidad de las Artes"},"image":{"@id":"https:\/\/www.uartes.edu.ec\/sitio\/fr\/#\/schema\/logo\/image\/"},"sameAs":["https:\/\/www.facebook.com\/uartesec","https:\/\/x.com\/uartesec","https:\/\/www.tiktok.com\/@uartesec"]},{"@type":"Person","@id":"https:\/\/www.uartes.edu.ec\/sitio\/fr\/#\/schema\/person\/efa1b8275797664fd7f13a79ccc0b1f4","name":"ccortez","image":{"@type":"ImageObject","inLanguage":"fr-FR","@id":"https:\/\/secure.gravatar.com\/avatar\/b2a6f664a3ae8e074346ef91775736c5ec479e637ecced6842de9dc98b5da9cd?s=96&d=mm&r=g","url":"https:\/\/secure.gravatar.com\/avatar\/b2a6f664a3ae8e074346ef91775736c5ec479e637ecced6842de9dc98b5da9cd?s=96&d=mm&r=g","contentUrl":"https:\/\/secure.gravatar.com\/avatar\/b2a6f664a3ae8e074346ef91775736c5ec479e637ecced6842de9dc98b5da9cd?s=96&d=mm&r=g","caption":"ccortez"},"url":"https:\/\/www.uartes.edu.ec\/sitio\/fr\/blog\/author\/ccortez\/"}]}},"uagb_featured_image_src":{"full":["https:\/\/www.uartes.edu.ec\/sitio\/wp-content\/uploads\/2024\/01\/VIC-WEB.jpg",2000,1333,false],"thumbnail":["https:\/\/www.uartes.edu.ec\/sitio\/wp-content\/uploads\/2024\/01\/VIC-WEB-150x150.jpg",150,150,true],"medium":["https:\/\/www.uartes.edu.ec\/sitio\/wp-content\/uploads\/2024\/01\/VIC-WEB-300x200.jpg",300,200,true],"medium_large":["https:\/\/www.uartes.edu.ec\/sitio\/wp-content\/uploads\/2024\/01\/VIC-WEB-768x512.jpg",768,512,true],"large":["https:\/\/www.uartes.edu.ec\/sitio\/wp-content\/uploads\/2024\/01\/VIC-WEB-644x429.jpg",644,429,true],"1536x1536":["https:\/\/www.uartes.edu.ec\/sitio\/wp-content\/uploads\/2024\/01\/VIC-WEB-1536x1024.jpg",1536,1024,true],"2048x2048":["https:\/\/www.uartes.edu.ec\/sitio\/wp-content\/uploads\/2024\/01\/VIC-WEB.jpg",2000,1333,false],"trp-custom-language-flag":["https:\/\/www.uartes.edu.ec\/sitio\/wp-content\/uploads\/2024\/01\/VIC-WEB.jpg",18,12,false],"htmega_size_585x295":["https:\/\/www.uartes.edu.ec\/sitio\/wp-content\/uploads\/2024\/01\/VIC-WEB-585x295.jpg",585,295,true],"htmega_size_1170x536":["https:\/\/www.uartes.edu.ec\/sitio\/wp-content\/uploads\/2024\/01\/VIC-WEB-1170x536.jpg",1170,536,true],"htmega_size_396x360":["https:\/\/www.uartes.edu.ec\/sitio\/wp-content\/uploads\/2024\/01\/VIC-WEB-396x360.jpg",396,360,true],"gb-block-post-grid-landscape":["https:\/\/www.uartes.edu.ec\/sitio\/wp-content\/uploads\/2024\/01\/VIC-WEB-600x400.jpg",600,400,true],"gb-block-post-grid-square":["https:\/\/www.uartes.edu.ec\/sitio\/wp-content\/uploads\/2024\/01\/VIC-WEB-600x600.jpg",600,600,true],"university-hub-thumb":["https:\/\/www.uartes.edu.ec\/sitio\/wp-content\/uploads\/2024\/01\/VIC-WEB-400x267.jpg",400,267,true]},"uagb_author_info":{"display_name":"ccortez","author_link":"https:\/\/www.uartes.edu.ec\/sitio\/fr\/blog\/author\/ccortez\/"},"uagb_comment_info":0,"uagb_excerpt":"El taller de escritura creativa \u201cCuerpos extranjeros\u201d, dirigido por Victoria Vaccaro, se present\u00f3 como un espacio de reflexi\u00f3n y creaci\u00f3n literaria en el que los participantes exploraron las complejidades asociadas con la disforia de g\u00e9nero y la dismorfia corporal. Se realiz\u00f3 en la IX edici\u00f3n de Libre Libro, organizada por la UArtes y su Escuela\u2026","featured_image_src":"https:\/\/www.uartes.edu.ec\/sitio\/wp-content\/uploads\/2024\/01\/VIC-WEB-600x400.jpg","featured_image_src_square":"https:\/\/www.uartes.edu.ec\/sitio\/wp-content\/uploads\/2024\/01\/VIC-WEB-600x600.jpg","author_info":{"display_name":"ccortez","author_link":"https:\/\/www.uartes.edu.ec\/sitio\/fr\/blog\/author\/ccortez\/"},"publishpress_future_workflow_manual_trigger":{"enabledWorkflows":[]},"distributor_meta":false,"distributor_terms":false,"distributor_media":false,"distributor_original_site_name":"Universidad de las Artes","distributor_original_site_url":"https:\/\/www.uartes.edu.ec\/sitio\/fr","push-errors":false,"_links":{"self":[{"href":"https:\/\/www.uartes.edu.ec\/sitio\/fr\/wp-json\/wp\/v2\/posts\/49902","targetHints":{"allow":["GET"]}}],"collection":[{"href":"https:\/\/www.uartes.edu.ec\/sitio\/fr\/wp-json\/wp\/v2\/posts"}],"about":[{"href":"https:\/\/www.uartes.edu.ec\/sitio\/fr\/wp-json\/wp\/v2\/types\/post"}],"author":[{"embeddable":true,"href":"https:\/\/www.uartes.edu.ec\/sitio\/fr\/wp-json\/wp\/v2\/users\/10"}],"replies":[{"embeddable":true,"href":"https:\/\/www.uartes.edu.ec\/sitio\/fr\/wp-json\/wp\/v2\/comments?post=49902"}],"version-history":[{"count":3,"href":"https:\/\/www.uartes.edu.ec\/sitio\/fr\/wp-json\/wp\/v2\/posts\/49902\/revisions"}],"predecessor-version":[{"id":49906,"href":"https:\/\/www.uartes.edu.ec\/sitio\/fr\/wp-json\/wp\/v2\/posts\/49902\/revisions\/49906"}],"wp:featuredmedia":[{"embeddable":true,"href":"https:\/\/www.uartes.edu.ec\/sitio\/fr\/wp-json\/wp\/v2\/media\/49903"}],"wp:attachment":[{"href":"https:\/\/www.uartes.edu.ec\/sitio\/fr\/wp-json\/wp\/v2\/media?parent=49902"}],"wp:term":[{"taxonomy":"category","embeddable":true,"href":"https:\/\/www.uartes.edu.ec\/sitio\/fr\/wp-json\/wp\/v2\/categories?post=49902"},{"taxonomy":"post_tag","embeddable":true,"href":"https:\/\/www.uartes.edu.ec\/sitio\/fr\/wp-json\/wp\/v2\/tags?post=49902"},{"taxonomy":"infouartes","embeddable":true,"href":"https:\/\/www.uartes.edu.ec\/sitio\/fr\/wp-json\/wp\/v2\/infouartes?post=49902"}],"curies":[{"name":"wp","href":"https:\/\/api.w.org\/{rel}","templated":true}]}}