{"id":49963,"date":"2024-01-17T17:36:00","date_gmt":"2024-01-17T22:36:00","guid":{"rendered":"https:\/\/www.uartes.edu.ec\/sitio\/?p=49963"},"modified":"2024-07-04T11:19:30","modified_gmt":"2024-07-04T16:19:30","slug":"uartes-en-el-primer-seminario-regional-de-arte-urbano-y-derechos-culturales-en-latinoamerica","status":"publish","type":"post","link":"https:\/\/www.uartes.edu.ec\/sitio\/fr\/blog\/2024\/01\/17\/uartes-en-el-primer-seminario-regional-de-arte-urbano-y-derechos-culturales-en-latinoamerica\/","title":{"rendered":"UArtes, en el primer seminario regional de Arte Urbano y derechos culturales en Latinoam\u00e9rica"},"content":{"rendered":"<p>La Universidad de las Artes estar\u00e1 presente en el primer seminario regional \u201cMapas de la Disidencia. Arte urbano y derechos culturales en Latinoam\u00e9rica\u201d, que se desarrollar\u00e1 en modalidad virtual desde el 15 de febrero hasta el 28 de marzo de 2024, los d\u00edas jueves.<\/p>\n\n\n\n<p>En la sesi\u00f3n inaugural intervendr\u00e1 la docente UArtes Mar\u00eda Fernanda L\u00f3pez para, junto a Said Dokins de M\u00e9xico, ofrecer una visi\u00f3n general del seminario, incluyendo el programa, metodolog\u00eda, objetivos y expectativas. El seminario, se anota desde el sitio web del Centro Cultural de Espa\u00f1a en M\u00e9xico (CCEMx), configura un espacio de revisi\u00f3n y encuentro entre diversas pr\u00e1cticas, metodolog\u00edas y pedagog\u00edas en torno al arte de calle y su cruce con los llamados derechos culturales. Este proceso es tambi\u00e9n un v\u00ednculo con la poblaci\u00f3n y el contexto involucrado en proyectos de arte urbano.<\/p>\n\n\n\n<p>El objetivo de la cita es identificar en las pr\u00e1cticas de arte de calle diversas herramientas que permitan el acceso y cumplimiento de derechos culturales con una perspectiva latinoamericana. Tambi\u00e9n, mapear casos concretos que hayan puesto en marcha el ejercicio de derechos culturales a trav\u00e9s del arte de calle en Latinoam\u00e9rica; brindar herramientas espec\u00edficas para el trabajo con y en comunidades; establecer una agenda de investigaci\u00f3n en torno a la relaci\u00f3n entre arte urbano, la cultura y los derechos culturales; y construir un mapa de acceso y cumplimiento de derechos culturales.<\/p>\n\n\n\n<p>El seminario tendr\u00e1 un total de seis sesiones de tres horas cada una, en las cuales se enfocar\u00e1 un aspecto diferente del tema central junto con expertos destacados en sus respectivos campos, brindando perspectivas variadas y se fomentar\u00e1 la participaci\u00f3n de los asistentes a trav\u00e9s de preguntas y debates.<\/p>\n\n\n\n<p>En la web de CCEMx se agrega que las sesiones de tres horas permiten un equilibrio entre la profundidad de los temas y la atenci\u00f3n de los participantes. En cada sesi\u00f3n se revisar\u00e1n parte de los proyectos con los que cada uno trabaja, as\u00ed como el establecimiento de las bases para generar el mapeo de pr\u00e1cticas de arte urbano.<\/p>\n\n\n\n<p>Mar\u00eda Fernanda L\u00f3pez y Said Dokins intervendr\u00e1n tambi\u00e9n el 29 de febrero con el tema \u201cCuradur\u00eda de Arte Urbano\u201d y el 28 de marzo con \u201cHacia una cartograf\u00eda de las pr\u00e1cticas de arte urbano en Latinoam\u00e9rica\u201d. Las otras fechas y propuestas del seminario son: 22 de febrero, \u201cLegislaci\u00f3n y pol\u00edticas p\u00fablicas en materia de Arte Urbano; 7 de marzo, \u201cArte Urbano, g\u00e9nero y territorio\u201d; 14 de marzo, \u201cInvestigaci\u00f3n y documentaci\u00f3n desde las periferias\u201d; y 21 de marzo, \u201cArte urbano y comunidades\u201d.<\/p>\n\n\n\n<p>Para m\u00e1s informaci\u00f3n y llenar el formulario para participar:<br><a href=\"https:\/\/ccemx.org\/evento\/mapas-de-la-disidencia-arte-urbano-y-derechos-culturales-en-latinoamerica\/\">https:\/\/ccemx.org\/evento\/mapas-de-la-disidencia-arte-urbano-y-derechos-culturales-en-latinoamerica\/<\/a><\/p>","protected":false},"excerpt":{"rendered":"<p>La Universidad de las Artes estar\u00e1 presente en el primer seminario regional \u201cMapas de la Disidencia. Arte urbano y derechos culturales en Latinoam\u00e9rica\u201d, que se desarrollar\u00e1 en modalidad virtual desde el 15 de febrero hasta el 28 de marzo de 2024, los d\u00edas jueves. La docente UArtes Mar\u00eda Fernanda L\u00f3pez intervendr\u00e1 en la sesi\u00f3n inaugural y otras dos ponencias sobre curadur\u00eda y cartograf\u00eda. <\/p>","protected":false},"author":10,"featured_media":50009,"comment_status":"open","ping_status":"open","sticky":false,"template":"","format":"standard","meta":{"_acf_changed":false,"_uag_custom_page_level_css":"","_monsterinsights_skip_tracking":false,"_monsterinsights_sitenote_active":false,"_monsterinsights_sitenote_note":"","_monsterinsights_sitenote_category":0,"cybocfi_hide_featured_image":"","footnotes":""},"categories":[80,82,75,77,174],"tags":[1094],"infouartes":[],"class_list":["post-49963","post","type-post","status-publish","format-standard","has-post-thumbnail","hentry","category-academico","category-artes","category-docentes","category-gestion","category-transversal","tag-intervencion"],"acf":[],"yoast_head":"<!-- This site is optimized with the Yoast SEO plugin v27.4 - https:\/\/yoast.com\/product\/yoast-seo-wordpress\/ -->\n<title>Universidad de las Artes - UArtes, en el primer seminario regional de Arte Urbano y derechos culturales en Latinoam\u00e9rica<\/title>\n<meta name=\"description\" content=\"Universidad de las Artes - UArtes, en el primer seminario regional de Arte Urbano y derechos culturales en Latinoam\u00e9rica\" \/>\n<meta name=\"robots\" content=\"index, follow, max-snippet:-1, max-image-preview:large, max-video-preview:-1\" \/>\n<link rel=\"canonical\" href=\"https:\/\/www.uartes.edu.ec\/sitio\/fr\/blog\/2024\/01\/17\/uartes-en-el-primer-seminario-regional-de-arte-urbano-y-derechos-culturales-en-latinoamerica\/\" \/>\n<meta property=\"og:locale\" content=\"fr_FR\" \/>\n<meta property=\"og:type\" content=\"article\" \/>\n<meta property=\"og:title\" content=\"Universidad de las Artes - UArtes, en el primer seminario regional de Arte Urbano y derechos culturales en Latinoam\u00e9rica\" \/>\n<meta property=\"og:description\" content=\"Universidad de las Artes - UArtes, en el primer seminario regional de Arte Urbano y derechos culturales en Latinoam\u00e9rica\" \/>\n<meta property=\"og:url\" content=\"https:\/\/www.uartes.edu.ec\/sitio\/fr\/blog\/2024\/01\/17\/uartes-en-el-primer-seminario-regional-de-arte-urbano-y-derechos-culturales-en-latinoamerica\/\" \/>\n<meta property=\"og:site_name\" content=\"Universidad de las Artes\" \/>\n<meta property=\"article:publisher\" content=\"https:\/\/www.facebook.com\/uartesec\" \/>\n<meta property=\"article:published_time\" content=\"2024-01-17T22:36:00+00:00\" \/>\n<meta property=\"article:modified_time\" content=\"2024-07-04T16:19:30+00:00\" \/>\n<meta property=\"og:image\" content=\"https:\/\/www.uartes.edu.ec\/sitio\/wp-content\/uploads\/2024\/01\/01-CCEMx.jpg\" \/>\n\t<meta property=\"og:image:width\" content=\"2000\" \/>\n\t<meta property=\"og:image:height\" content=\"1333\" \/>\n\t<meta property=\"og:image:type\" content=\"image\/jpeg\" \/>\n<meta name=\"author\" content=\"ccortez\" \/>\n<meta name=\"twitter:card\" content=\"summary_large_image\" \/>\n<meta name=\"twitter:creator\" content=\"@uartesec\" \/>\n<meta name=\"twitter:site\" content=\"@uartesec\" \/>\n<meta name=\"twitter:label1\" content=\"\u00c9crit par\" \/>\n\t<meta name=\"twitter:data1\" content=\"ccortez\" \/>\n\t<meta name=\"twitter:label2\" content=\"Dur\u00e9e de lecture estim\u00e9e\" \/>\n\t<meta name=\"twitter:data2\" content=\"2 minutes\" \/>\n<script type=\"application\/ld+json\" class=\"yoast-schema-graph\">{\"@context\":\"https:\\\/\\\/schema.org\",\"@graph\":[{\"@type\":\"Article\",\"@id\":\"https:\\\/\\\/www.uartes.edu.ec\\\/sitio\\\/fr\\\/blog\\\/2024\\\/01\\\/17\\\/uartes-en-el-primer-seminario-regional-de-arte-urbano-y-derechos-culturales-en-latinoamerica\\\/#article\",\"isPartOf\":{\"@id\":\"https:\\\/\\\/www.uartes.edu.ec\\\/sitio\\\/fr\\\/blog\\\/2024\\\/01\\\/17\\\/uartes-en-el-primer-seminario-regional-de-arte-urbano-y-derechos-culturales-en-latinoamerica\\\/\"},\"author\":{\"name\":\"ccortez\",\"@id\":\"https:\\\/\\\/www.uartes.edu.ec\\\/sitio\\\/fr\\\/#\\\/schema\\\/person\\\/efa1b8275797664fd7f13a79ccc0b1f4\"},\"headline\":\"UArtes, en el primer seminario regional de Arte Urbano y derechos culturales en Latinoam\u00e9rica\",\"datePublished\":\"2024-01-17T22:36:00+00:00\",\"dateModified\":\"2024-07-04T16:19:30+00:00\",\"mainEntityOfPage\":{\"@id\":\"https:\\\/\\\/www.uartes.edu.ec\\\/sitio\\\/fr\\\/blog\\\/2024\\\/01\\\/17\\\/uartes-en-el-primer-seminario-regional-de-arte-urbano-y-derechos-culturales-en-latinoamerica\\\/\"},\"wordCount\":482,\"commentCount\":0,\"publisher\":{\"@id\":\"https:\\\/\\\/www.uartes.edu.ec\\\/sitio\\\/fr\\\/#organization\"},\"image\":{\"@id\":\"https:\\\/\\\/www.uartes.edu.ec\\\/sitio\\\/fr\\\/blog\\\/2024\\\/01\\\/17\\\/uartes-en-el-primer-seminario-regional-de-arte-urbano-y-derechos-culturales-en-latinoamerica\\\/#primaryimage\"},\"thumbnailUrl\":\"https:\\\/\\\/www.uartes.edu.ec\\\/sitio\\\/wp-content\\\/uploads\\\/2024\\\/01\\\/01-CCEMx.jpg\",\"keywords\":[\"intervenci\u00f3n\"],\"articleSection\":[\"Acad\u00e9mico\",\"Artes\",\"Docentes\",\"Gesti\u00f3n\",\"Transversal\"],\"inLanguage\":\"fr-FR\",\"potentialAction\":[{\"@type\":\"CommentAction\",\"name\":\"Comment\",\"target\":[\"https:\\\/\\\/www.uartes.edu.ec\\\/sitio\\\/fr\\\/blog\\\/2024\\\/01\\\/17\\\/uartes-en-el-primer-seminario-regional-de-arte-urbano-y-derechos-culturales-en-latinoamerica\\\/#respond\"]}]},{\"@type\":[\"WebPage\",\"ItemPage\"],\"@id\":\"https:\\\/\\\/www.uartes.edu.ec\\\/sitio\\\/fr\\\/blog\\\/2024\\\/01\\\/17\\\/uartes-en-el-primer-seminario-regional-de-arte-urbano-y-derechos-culturales-en-latinoamerica\\\/\",\"url\":\"https:\\\/\\\/www.uartes.edu.ec\\\/sitio\\\/fr\\\/blog\\\/2024\\\/01\\\/17\\\/uartes-en-el-primer-seminario-regional-de-arte-urbano-y-derechos-culturales-en-latinoamerica\\\/\",\"name\":\"Universidad de las Artes - UArtes, en el primer seminario regional de Arte Urbano y derechos culturales en Latinoam\u00e9rica\",\"isPartOf\":{\"@id\":\"https:\\\/\\\/www.uartes.edu.ec\\\/sitio\\\/fr\\\/#website\"},\"primaryImageOfPage\":{\"@id\":\"https:\\\/\\\/www.uartes.edu.ec\\\/sitio\\\/fr\\\/blog\\\/2024\\\/01\\\/17\\\/uartes-en-el-primer-seminario-regional-de-arte-urbano-y-derechos-culturales-en-latinoamerica\\\/#primaryimage\"},\"image\":{\"@id\":\"https:\\\/\\\/www.uartes.edu.ec\\\/sitio\\\/fr\\\/blog\\\/2024\\\/01\\\/17\\\/uartes-en-el-primer-seminario-regional-de-arte-urbano-y-derechos-culturales-en-latinoamerica\\\/#primaryimage\"},\"thumbnailUrl\":\"https:\\\/\\\/www.uartes.edu.ec\\\/sitio\\\/wp-content\\\/uploads\\\/2024\\\/01\\\/01-CCEMx.jpg\",\"datePublished\":\"2024-01-17T22:36:00+00:00\",\"dateModified\":\"2024-07-04T16:19:30+00:00\",\"description\":\"Universidad de las Artes - UArtes, en el primer seminario regional de Arte Urbano y derechos culturales en Latinoam\u00e9rica\",\"breadcrumb\":{\"@id\":\"https:\\\/\\\/www.uartes.edu.ec\\\/sitio\\\/fr\\\/blog\\\/2024\\\/01\\\/17\\\/uartes-en-el-primer-seminario-regional-de-arte-urbano-y-derechos-culturales-en-latinoamerica\\\/#breadcrumb\"},\"inLanguage\":\"fr-FR\",\"potentialAction\":[{\"@type\":\"ReadAction\",\"target\":[\"https:\\\/\\\/www.uartes.edu.ec\\\/sitio\\\/fr\\\/blog\\\/2024\\\/01\\\/17\\\/uartes-en-el-primer-seminario-regional-de-arte-urbano-y-derechos-culturales-en-latinoamerica\\\/\"]}]},{\"@type\":\"ImageObject\",\"inLanguage\":\"fr-FR\",\"@id\":\"https:\\\/\\\/www.uartes.edu.ec\\\/sitio\\\/fr\\\/blog\\\/2024\\\/01\\\/17\\\/uartes-en-el-primer-seminario-regional-de-arte-urbano-y-derechos-culturales-en-latinoamerica\\\/#primaryimage\",\"url\":\"https:\\\/\\\/www.uartes.edu.ec\\\/sitio\\\/wp-content\\\/uploads\\\/2024\\\/01\\\/01-CCEMx.jpg\",\"contentUrl\":\"https:\\\/\\\/www.uartes.edu.ec\\\/sitio\\\/wp-content\\\/uploads\\\/2024\\\/01\\\/01-CCEMx.jpg\",\"width\":2000,\"height\":1333},{\"@type\":\"BreadcrumbList\",\"@id\":\"https:\\\/\\\/www.uartes.edu.ec\\\/sitio\\\/fr\\\/blog\\\/2024\\\/01\\\/17\\\/uartes-en-el-primer-seminario-regional-de-arte-urbano-y-derechos-culturales-en-latinoamerica\\\/#breadcrumb\",\"itemListElement\":[{\"@type\":\"ListItem\",\"position\":1,\"name\":\"Inicio\",\"item\":\"https:\\\/\\\/www.uartes.edu.ec\\\/sitio\\\/\"},{\"@type\":\"ListItem\",\"position\":2,\"name\":\"UArtes, en el primer seminario regional de Arte Urbano y derechos culturales en Latinoam\u00e9rica\"}]},{\"@type\":\"WebSite\",\"@id\":\"https:\\\/\\\/www.uartes.edu.ec\\\/sitio\\\/fr\\\/#website\",\"url\":\"https:\\\/\\\/www.uartes.edu.ec\\\/sitio\\\/fr\\\/\",\"name\":\"Universidad de las Artes\",\"description\":\"Sitio oficial de la Universidad Nacional de las Artes del Ecuador\",\"publisher\":{\"@id\":\"https:\\\/\\\/www.uartes.edu.ec\\\/sitio\\\/fr\\\/#organization\"},\"potentialAction\":[{\"@type\":\"SearchAction\",\"target\":{\"@type\":\"EntryPoint\",\"urlTemplate\":\"https:\\\/\\\/www.uartes.edu.ec\\\/sitio\\\/fr\\\/?s={search_term_string}\"},\"query-input\":{\"@type\":\"PropertyValueSpecification\",\"valueRequired\":true,\"valueName\":\"search_term_string\"}}],\"inLanguage\":\"fr-FR\"},{\"@type\":\"Organization\",\"@id\":\"https:\\\/\\\/www.uartes.edu.ec\\\/sitio\\\/fr\\\/#organization\",\"name\":\"Universidad de las Artes\",\"url\":\"https:\\\/\\\/www.uartes.edu.ec\\\/sitio\\\/fr\\\/\",\"logo\":{\"@type\":\"ImageObject\",\"inLanguage\":\"fr-FR\",\"@id\":\"https:\\\/\\\/www.uartes.edu.ec\\\/sitio\\\/fr\\\/#\\\/schema\\\/logo\\\/image\\\/\",\"url\":\"https:\\\/\\\/www.uartes.edu.ec\\\/sitio\\\/wp-content\\\/uploads\\\/2022\\\/07\\\/logo-ua-horizontal.png\",\"contentUrl\":\"https:\\\/\\\/www.uartes.edu.ec\\\/sitio\\\/wp-content\\\/uploads\\\/2022\\\/07\\\/logo-ua-horizontal.png\",\"width\":800,\"height\":276,\"caption\":\"Universidad de las Artes\"},\"image\":{\"@id\":\"https:\\\/\\\/www.uartes.edu.ec\\\/sitio\\\/fr\\\/#\\\/schema\\\/logo\\\/image\\\/\"},\"sameAs\":[\"https:\\\/\\\/www.facebook.com\\\/uartesec\",\"https:\\\/\\\/x.com\\\/uartesec\",\"https:\\\/\\\/www.tiktok.com\\\/@uartesec\"]},{\"@type\":\"Person\",\"@id\":\"https:\\\/\\\/www.uartes.edu.ec\\\/sitio\\\/fr\\\/#\\\/schema\\\/person\\\/efa1b8275797664fd7f13a79ccc0b1f4\",\"name\":\"ccortez\",\"image\":{\"@type\":\"ImageObject\",\"inLanguage\":\"fr-FR\",\"@id\":\"https:\\\/\\\/secure.gravatar.com\\\/avatar\\\/b2a6f664a3ae8e074346ef91775736c5ec479e637ecced6842de9dc98b5da9cd?s=96&d=mm&r=g\",\"url\":\"https:\\\/\\\/secure.gravatar.com\\\/avatar\\\/b2a6f664a3ae8e074346ef91775736c5ec479e637ecced6842de9dc98b5da9cd?s=96&d=mm&r=g\",\"contentUrl\":\"https:\\\/\\\/secure.gravatar.com\\\/avatar\\\/b2a6f664a3ae8e074346ef91775736c5ec479e637ecced6842de9dc98b5da9cd?s=96&d=mm&r=g\",\"caption\":\"ccortez\"},\"url\":\"https:\\\/\\\/www.uartes.edu.ec\\\/sitio\\\/fr\\\/blog\\\/author\\\/ccortez\\\/\"}]}<\/script>\n<!-- \/ Yoast SEO plugin. -->","yoast_head_json":{"title":"Universidad de las Artes - UArtes, en el primer seminario regional de Arte Urbano y derechos culturales en Latinoam\u00e9rica","description":"Universidad de las Artes - UArtes, en el primer seminario regional de Arte Urbano y derechos culturales en Latinoam\u00e9rica","robots":{"index":"index","follow":"follow","max-snippet":"max-snippet:-1","max-image-preview":"max-image-preview:large","max-video-preview":"max-video-preview:-1"},"canonical":"https:\/\/www.uartes.edu.ec\/sitio\/fr\/blog\/2024\/01\/17\/uartes-en-el-primer-seminario-regional-de-arte-urbano-y-derechos-culturales-en-latinoamerica\/","og_locale":"fr_FR","og_type":"article","og_title":"Universidad de las Artes - UArtes, en el primer seminario regional de Arte Urbano y derechos culturales en Latinoam\u00e9rica","og_description":"Universidad de las Artes - UArtes, en el primer seminario regional de Arte Urbano y derechos culturales en Latinoam\u00e9rica","og_url":"https:\/\/www.uartes.edu.ec\/sitio\/fr\/blog\/2024\/01\/17\/uartes-en-el-primer-seminario-regional-de-arte-urbano-y-derechos-culturales-en-latinoamerica\/","og_site_name":"Universidad de las Artes","article_publisher":"https:\/\/www.facebook.com\/uartesec","article_published_time":"2024-01-17T22:36:00+00:00","article_modified_time":"2024-07-04T16:19:30+00:00","og_image":[{"width":2000,"height":1333,"url":"https:\/\/www.uartes.edu.ec\/sitio\/wp-content\/uploads\/2024\/01\/01-CCEMx.jpg","type":"image\/jpeg"}],"author":"ccortez","twitter_card":"summary_large_image","twitter_creator":"@uartesec","twitter_site":"@uartesec","twitter_misc":{"\u00c9crit par":"ccortez","Dur\u00e9e de lecture estim\u00e9e":"2 minutes"},"schema":{"@context":"https:\/\/schema.org","@graph":[{"@type":"Article","@id":"https:\/\/www.uartes.edu.ec\/sitio\/fr\/blog\/2024\/01\/17\/uartes-en-el-primer-seminario-regional-de-arte-urbano-y-derechos-culturales-en-latinoamerica\/#article","isPartOf":{"@id":"https:\/\/www.uartes.edu.ec\/sitio\/fr\/blog\/2024\/01\/17\/uartes-en-el-primer-seminario-regional-de-arte-urbano-y-derechos-culturales-en-latinoamerica\/"},"author":{"name":"ccortez","@id":"https:\/\/www.uartes.edu.ec\/sitio\/fr\/#\/schema\/person\/efa1b8275797664fd7f13a79ccc0b1f4"},"headline":"UArtes, en el primer seminario regional de Arte Urbano y derechos culturales en Latinoam\u00e9rica","datePublished":"2024-01-17T22:36:00+00:00","dateModified":"2024-07-04T16:19:30+00:00","mainEntityOfPage":{"@id":"https:\/\/www.uartes.edu.ec\/sitio\/fr\/blog\/2024\/01\/17\/uartes-en-el-primer-seminario-regional-de-arte-urbano-y-derechos-culturales-en-latinoamerica\/"},"wordCount":482,"commentCount":0,"publisher":{"@id":"https:\/\/www.uartes.edu.ec\/sitio\/fr\/#organization"},"image":{"@id":"https:\/\/www.uartes.edu.ec\/sitio\/fr\/blog\/2024\/01\/17\/uartes-en-el-primer-seminario-regional-de-arte-urbano-y-derechos-culturales-en-latinoamerica\/#primaryimage"},"thumbnailUrl":"https:\/\/www.uartes.edu.ec\/sitio\/wp-content\/uploads\/2024\/01\/01-CCEMx.jpg","keywords":["intervenci\u00f3n"],"articleSection":["Acad\u00e9mico","Artes","Docentes","Gesti\u00f3n","Transversal"],"inLanguage":"fr-FR","potentialAction":[{"@type":"CommentAction","name":"Comment","target":["https:\/\/www.uartes.edu.ec\/sitio\/fr\/blog\/2024\/01\/17\/uartes-en-el-primer-seminario-regional-de-arte-urbano-y-derechos-culturales-en-latinoamerica\/#respond"]}]},{"@type":["WebPage","ItemPage"],"@id":"https:\/\/www.uartes.edu.ec\/sitio\/fr\/blog\/2024\/01\/17\/uartes-en-el-primer-seminario-regional-de-arte-urbano-y-derechos-culturales-en-latinoamerica\/","url":"https:\/\/www.uartes.edu.ec\/sitio\/fr\/blog\/2024\/01\/17\/uartes-en-el-primer-seminario-regional-de-arte-urbano-y-derechos-culturales-en-latinoamerica\/","name":"Universidad de las Artes - UArtes, en el primer seminario regional de Arte Urbano y derechos culturales en Latinoam\u00e9rica","isPartOf":{"@id":"https:\/\/www.uartes.edu.ec\/sitio\/fr\/#website"},"primaryImageOfPage":{"@id":"https:\/\/www.uartes.edu.ec\/sitio\/fr\/blog\/2024\/01\/17\/uartes-en-el-primer-seminario-regional-de-arte-urbano-y-derechos-culturales-en-latinoamerica\/#primaryimage"},"image":{"@id":"https:\/\/www.uartes.edu.ec\/sitio\/fr\/blog\/2024\/01\/17\/uartes-en-el-primer-seminario-regional-de-arte-urbano-y-derechos-culturales-en-latinoamerica\/#primaryimage"},"thumbnailUrl":"https:\/\/www.uartes.edu.ec\/sitio\/wp-content\/uploads\/2024\/01\/01-CCEMx.jpg","datePublished":"2024-01-17T22:36:00+00:00","dateModified":"2024-07-04T16:19:30+00:00","description":"Universidad de las Artes - UArtes, en el primer seminario regional de Arte Urbano y derechos culturales en Latinoam\u00e9rica","breadcrumb":{"@id":"https:\/\/www.uartes.edu.ec\/sitio\/fr\/blog\/2024\/01\/17\/uartes-en-el-primer-seminario-regional-de-arte-urbano-y-derechos-culturales-en-latinoamerica\/#breadcrumb"},"inLanguage":"fr-FR","potentialAction":[{"@type":"ReadAction","target":["https:\/\/www.uartes.edu.ec\/sitio\/fr\/blog\/2024\/01\/17\/uartes-en-el-primer-seminario-regional-de-arte-urbano-y-derechos-culturales-en-latinoamerica\/"]}]},{"@type":"ImageObject","inLanguage":"fr-FR","@id":"https:\/\/www.uartes.edu.ec\/sitio\/fr\/blog\/2024\/01\/17\/uartes-en-el-primer-seminario-regional-de-arte-urbano-y-derechos-culturales-en-latinoamerica\/#primaryimage","url":"https:\/\/www.uartes.edu.ec\/sitio\/wp-content\/uploads\/2024\/01\/01-CCEMx.jpg","contentUrl":"https:\/\/www.uartes.edu.ec\/sitio\/wp-content\/uploads\/2024\/01\/01-CCEMx.jpg","width":2000,"height":1333},{"@type":"BreadcrumbList","@id":"https:\/\/www.uartes.edu.ec\/sitio\/fr\/blog\/2024\/01\/17\/uartes-en-el-primer-seminario-regional-de-arte-urbano-y-derechos-culturales-en-latinoamerica\/#breadcrumb","itemListElement":[{"@type":"ListItem","position":1,"name":"Inicio","item":"https:\/\/www.uartes.edu.ec\/sitio\/"},{"@type":"ListItem","position":2,"name":"UArtes, en el primer seminario regional de Arte Urbano y derechos culturales en Latinoam\u00e9rica"}]},{"@type":"WebSite","@id":"https:\/\/www.uartes.edu.ec\/sitio\/fr\/#website","url":"https:\/\/www.uartes.edu.ec\/sitio\/fr\/","name":"Universidad de las Artes","description":"Sitio oficial de la Universidad Nacional de las Artes del Ecuador","publisher":{"@id":"https:\/\/www.uartes.edu.ec\/sitio\/fr\/#organization"},"potentialAction":[{"@type":"SearchAction","target":{"@type":"EntryPoint","urlTemplate":"https:\/\/www.uartes.edu.ec\/sitio\/fr\/?s={search_term_string}"},"query-input":{"@type":"PropertyValueSpecification","valueRequired":true,"valueName":"search_term_string"}}],"inLanguage":"fr-FR"},{"@type":"Organization","@id":"https:\/\/www.uartes.edu.ec\/sitio\/fr\/#organization","name":"Universidad de las Artes","url":"https:\/\/www.uartes.edu.ec\/sitio\/fr\/","logo":{"@type":"ImageObject","inLanguage":"fr-FR","@id":"https:\/\/www.uartes.edu.ec\/sitio\/fr\/#\/schema\/logo\/image\/","url":"https:\/\/www.uartes.edu.ec\/sitio\/wp-content\/uploads\/2022\/07\/logo-ua-horizontal.png","contentUrl":"https:\/\/www.uartes.edu.ec\/sitio\/wp-content\/uploads\/2022\/07\/logo-ua-horizontal.png","width":800,"height":276,"caption":"Universidad de las Artes"},"image":{"@id":"https:\/\/www.uartes.edu.ec\/sitio\/fr\/#\/schema\/logo\/image\/"},"sameAs":["https:\/\/www.facebook.com\/uartesec","https:\/\/x.com\/uartesec","https:\/\/www.tiktok.com\/@uartesec"]},{"@type":"Person","@id":"https:\/\/www.uartes.edu.ec\/sitio\/fr\/#\/schema\/person\/efa1b8275797664fd7f13a79ccc0b1f4","name":"ccortez","image":{"@type":"ImageObject","inLanguage":"fr-FR","@id":"https:\/\/secure.gravatar.com\/avatar\/b2a6f664a3ae8e074346ef91775736c5ec479e637ecced6842de9dc98b5da9cd?s=96&d=mm&r=g","url":"https:\/\/secure.gravatar.com\/avatar\/b2a6f664a3ae8e074346ef91775736c5ec479e637ecced6842de9dc98b5da9cd?s=96&d=mm&r=g","contentUrl":"https:\/\/secure.gravatar.com\/avatar\/b2a6f664a3ae8e074346ef91775736c5ec479e637ecced6842de9dc98b5da9cd?s=96&d=mm&r=g","caption":"ccortez"},"url":"https:\/\/www.uartes.edu.ec\/sitio\/fr\/blog\/author\/ccortez\/"}]}},"uagb_featured_image_src":{"full":["https:\/\/www.uartes.edu.ec\/sitio\/wp-content\/uploads\/2024\/01\/01-CCEMx.jpg",2000,1333,false],"thumbnail":["https:\/\/www.uartes.edu.ec\/sitio\/wp-content\/uploads\/2024\/01\/01-CCEMx-150x150.jpg",150,150,true],"medium":["https:\/\/www.uartes.edu.ec\/sitio\/wp-content\/uploads\/2024\/01\/01-CCEMx-300x200.jpg",300,200,true],"medium_large":["https:\/\/www.uartes.edu.ec\/sitio\/wp-content\/uploads\/2024\/01\/01-CCEMx-768x512.jpg",768,512,true],"large":["https:\/\/www.uartes.edu.ec\/sitio\/wp-content\/uploads\/2024\/01\/01-CCEMx-644x429.jpg",644,429,true],"1536x1536":["https:\/\/www.uartes.edu.ec\/sitio\/wp-content\/uploads\/2024\/01\/01-CCEMx-1536x1024.jpg",1536,1024,true],"2048x2048":["https:\/\/www.uartes.edu.ec\/sitio\/wp-content\/uploads\/2024\/01\/01-CCEMx.jpg",2000,1333,false],"trp-custom-language-flag":["https:\/\/www.uartes.edu.ec\/sitio\/wp-content\/uploads\/2024\/01\/01-CCEMx.jpg",18,12,false],"htmega_size_585x295":["https:\/\/www.uartes.edu.ec\/sitio\/wp-content\/uploads\/2024\/01\/01-CCEMx-585x295.jpg",585,295,true],"htmega_size_1170x536":["https:\/\/www.uartes.edu.ec\/sitio\/wp-content\/uploads\/2024\/01\/01-CCEMx-1170x536.jpg",1170,536,true],"htmega_size_396x360":["https:\/\/www.uartes.edu.ec\/sitio\/wp-content\/uploads\/2024\/01\/01-CCEMx-396x360.jpg",396,360,true],"gb-block-post-grid-landscape":["https:\/\/www.uartes.edu.ec\/sitio\/wp-content\/uploads\/2024\/01\/01-CCEMx-600x400.jpg",600,400,true],"gb-block-post-grid-square":["https:\/\/www.uartes.edu.ec\/sitio\/wp-content\/uploads\/2024\/01\/01-CCEMx-600x600.jpg",600,600,true],"university-hub-thumb":["https:\/\/www.uartes.edu.ec\/sitio\/wp-content\/uploads\/2024\/01\/01-CCEMx-400x267.jpg",400,267,true],"mailpoet_newsletter_max":["https:\/\/www.uartes.edu.ec\/sitio\/wp-content\/uploads\/2024\/01\/01-CCEMx.jpg",1320,880,false]},"uagb_author_info":{"display_name":"ccortez","author_link":"https:\/\/www.uartes.edu.ec\/sitio\/fr\/blog\/author\/ccortez\/"},"uagb_comment_info":0,"uagb_excerpt":"La Universidad de las Artes estar\u00e1 presente en el primer seminario regional \u201cMapas de la Disidencia. Arte urbano y derechos culturales en Latinoam\u00e9rica\u201d, que se desarrollar\u00e1 en modalidad virtual desde el 15 de febrero hasta el 28 de marzo de 2024, los d\u00edas jueves. La docente UArtes Mar\u00eda Fernanda L\u00f3pez intervendr\u00e1 en la sesi\u00f3n inaugural\u2026","featured_image_src":"https:\/\/www.uartes.edu.ec\/sitio\/wp-content\/uploads\/2024\/01\/01-CCEMx-600x400.jpg","featured_image_src_square":"https:\/\/www.uartes.edu.ec\/sitio\/wp-content\/uploads\/2024\/01\/01-CCEMx-600x600.jpg","author_info":{"display_name":"ccortez","author_link":"https:\/\/www.uartes.edu.ec\/sitio\/fr\/blog\/author\/ccortez\/"},"publishpress_future_workflow_manual_trigger":{"enabledWorkflows":[]},"distributor_meta":false,"distributor_terms":false,"distributor_media":false,"distributor_original_site_name":"Universidad de las Artes","distributor_original_site_url":"https:\/\/www.uartes.edu.ec\/sitio\/fr","push-errors":false,"_links":{"self":[{"href":"https:\/\/www.uartes.edu.ec\/sitio\/fr\/wp-json\/wp\/v2\/posts\/49963","targetHints":{"allow":["GET"]}}],"collection":[{"href":"https:\/\/www.uartes.edu.ec\/sitio\/fr\/wp-json\/wp\/v2\/posts"}],"about":[{"href":"https:\/\/www.uartes.edu.ec\/sitio\/fr\/wp-json\/wp\/v2\/types\/post"}],"author":[{"embeddable":true,"href":"https:\/\/www.uartes.edu.ec\/sitio\/fr\/wp-json\/wp\/v2\/users\/10"}],"replies":[{"embeddable":true,"href":"https:\/\/www.uartes.edu.ec\/sitio\/fr\/wp-json\/wp\/v2\/comments?post=49963"}],"version-history":[{"count":4,"href":"https:\/\/www.uartes.edu.ec\/sitio\/fr\/wp-json\/wp\/v2\/posts\/49963\/revisions"}],"predecessor-version":[{"id":50013,"href":"https:\/\/www.uartes.edu.ec\/sitio\/fr\/wp-json\/wp\/v2\/posts\/49963\/revisions\/50013"}],"wp:featuredmedia":[{"embeddable":true,"href":"https:\/\/www.uartes.edu.ec\/sitio\/fr\/wp-json\/wp\/v2\/media\/50009"}],"wp:attachment":[{"href":"https:\/\/www.uartes.edu.ec\/sitio\/fr\/wp-json\/wp\/v2\/media?parent=49963"}],"wp:term":[{"taxonomy":"category","embeddable":true,"href":"https:\/\/www.uartes.edu.ec\/sitio\/fr\/wp-json\/wp\/v2\/categories?post=49963"},{"taxonomy":"post_tag","embeddable":true,"href":"https:\/\/www.uartes.edu.ec\/sitio\/fr\/wp-json\/wp\/v2\/tags?post=49963"},{"taxonomy":"infouartes","embeddable":true,"href":"https:\/\/www.uartes.edu.ec\/sitio\/fr\/wp-json\/wp\/v2\/infouartes?post=49963"}],"curies":[{"name":"wp","href":"https:\/\/api.w.org\/{rel}","templated":true}]}}