{"id":49995,"date":"2024-01-18T15:53:56","date_gmt":"2024-01-18T20:53:56","guid":{"rendered":"https:\/\/www.uartes.edu.ec\/sitio\/?p=49995"},"modified":"2025-09-09T12:32:25","modified_gmt":"2025-09-09T17:32:25","slug":"por-votacion-entre-sus-miembros-aes-ecuador-elige-a-bernarda-ubidia-como-su-presidenta","status":"publish","type":"post","link":"https:\/\/www.uartes.edu.ec\/sitio\/fr\/blog\/2024\/01\/18\/por-votacion-entre-sus-miembros-aes-ecuador-elige-a-bernarda-ubidia-como-su-presidenta\/","title":{"rendered":"Por votaci\u00f3n entre sus miembros, AES Ecuador elige a Bernarda Ubidia como presidenta de su directiva 2024-2026"},"content":{"rendered":"<p>Bernarda Ubidia Calisto, docente y coordinadora de la carrera de Producci\u00f3n Musical y Sonora de la Universidad de las Artes, preside la nueva directiva de AES&nbsp;Ecuador para el periodo 2024-2026. La acompa\u00f1an Jemina Montenegro, en la vicepresidencia; Amaris B\u00e1ez, en la secretar\u00eda; Juan Manuel Velasco, en la tesorer\u00eda; y Juan Pierre Garc\u00eda, en el comit\u00e9.<\/p>\n\n\n\n<p>AES son las siglas de Audio Engineering&nbsp;Society (Asociaci\u00f3n de Ingenieros de Audio), una organizaci\u00f3n internacional fundada en 1948 con el objetivo de difundir el conocimiento del&nbsp;audio&nbsp;profesional a trav\u00e9s de encuentros entre ingenieros, productores, cient\u00edficos, artistas, estudiantes, empresas y proveedores. Est\u00e1 presente en el mundo con m\u00e1s de catorce mil miembros, 77 secciones profesionales, 99 secciones estudiantiles y convenciones anuales en varios pa\u00edses.<\/p>\n\n\n\n<p>La UArtes y su Escuela de Artes Sonoras han venido realizando acciones conjuntas con AES Ecuador, como la organizaci\u00f3n de las II Conferencias de Audio y Sonido del Ecuador (CASE), que en 2023 realiz\u00f3 su sexta edici\u00f3n; varios de sus docentes son miembros, e incluso participado en la directiva \u2013como Daniel Orejuela\u2013; y sus alumnos integran la secci\u00f3n estudiantil, de la que recientemente InfoUArtes dio a conocer, asimismo, quienes la presiden.<\/p>\n\n\n<div class=\"wp-block-image\">\n<figure class=\"aligncenter size-large\"><img fetchpriority=\"high\" decoding=\"async\" width=\"644\" height=\"429\" src=\"https:\/\/www.uartes.edu.ec\/sitio\/wp-content\/uploads\/2024\/01\/03-BERNARDA-644x429.jpg\" alt=\"\" class=\"wp-image-49996\" srcset=\"https:\/\/www.uartes.edu.ec\/sitio\/wp-content\/uploads\/2024\/01\/03-BERNARDA-644x429.jpg 644w, https:\/\/www.uartes.edu.ec\/sitio\/wp-content\/uploads\/2024\/01\/03-BERNARDA-300x200.jpg 300w, https:\/\/www.uartes.edu.ec\/sitio\/wp-content\/uploads\/2024\/01\/03-BERNARDA-768x512.jpg 768w, https:\/\/www.uartes.edu.ec\/sitio\/wp-content\/uploads\/2024\/01\/03-BERNARDA-1536x1024.jpg 1536w, https:\/\/www.uartes.edu.ec\/sitio\/wp-content\/uploads\/2024\/01\/03-BERNARDA-600x400.jpg 600w, https:\/\/www.uartes.edu.ec\/sitio\/wp-content\/uploads\/2024\/01\/03-BERNARDA-400x267.jpg 400w, https:\/\/www.uartes.edu.ec\/sitio\/wp-content\/uploads\/2024\/01\/03-BERNARDA-272x182.jpg 272w, https:\/\/www.uartes.edu.ec\/sitio\/wp-content\/uploads\/2024\/01\/03-BERNARDA.jpg 2000w\" sizes=\"(max-width: 644px) 100vw, 644px\" \/><\/figure>\n<\/div>\n\n\n<p>A la productora y compositora musical Bernarda Ubidia ocupar la presidencia de AES\u00a0la llena de emoci\u00f3n y tambi\u00e9n de muchas expectativas, pues tiene entre sus metas promover la asociaci\u00f3n con los j\u00f3venes para fortalecerla. Cree fielmente en que la uni\u00f3n hace la fuerza y por ello quiere continuar con el trabajo del comit\u00e9 anterior, para incrementar la inclusi\u00f3n de mujeres y otros grupos minoritarios en los eventos de sonido y crear pol\u00edticas que promuevan espacios seguros de trabajo para todos.<\/p>\n\n\n\n<p>El comit\u00e9 de AES Ecuador que va de salida hizo un incre\u00edble trabajo poniendo al pa\u00eds en el mapa y esperamos poder mantenernos a la altura y llevarnos a\u00fan m\u00e1s alto, dijo Ubidia.<\/p>\n\n\n\n<p>Agreg\u00f3 que la directiva de la AES a nivel Ecuador conecta con la asociaci\u00f3n latinoamericana y a su vez con la internacional, de all\u00ed el objetivo de mantener al pa\u00eds en la mira de Latinoam\u00e9rica por las razones correctas, por nuestro arte, nuestro esfuerzo y nuestro profesionalismo en el sonido.<\/p>\n\n\n\n<p>La directiva que Bernarda Ubidia preside fue elegida por votaci\u00f3n entre los miembros activos de la AES Ecuador. Hubo, como corresponde, un proceso de postulaci\u00f3n en el que se aplican requisitos de trayectoria en la industria del sonido. Las votaciones comenzaron el 3 de enero pasado. No se hace campa\u00f1a, por lo que la elecci\u00f3n resulta un reconocimiento a la trayectoria.<\/p>\n\n\n<div class=\"wp-block-image\">\n<figure class=\"aligncenter size-large\"><img decoding=\"async\" width=\"644\" height=\"429\" src=\"https:\/\/www.uartes.edu.ec\/sitio\/wp-content\/uploads\/2024\/01\/01-BERNARDA-644x429.jpg\" alt=\"\" class=\"wp-image-49997\" srcset=\"https:\/\/www.uartes.edu.ec\/sitio\/wp-content\/uploads\/2024\/01\/01-BERNARDA-644x429.jpg 644w, https:\/\/www.uartes.edu.ec\/sitio\/wp-content\/uploads\/2024\/01\/01-BERNARDA-768x511.jpg 768w, https:\/\/www.uartes.edu.ec\/sitio\/wp-content\/uploads\/2024\/01\/01-BERNARDA.jpg 2000w, https:\/\/www.uartes.edu.ec\/sitio\/wp-content\/uploads\/2024\/01\/01-BERNARDA-600x399.jpg 600w, https:\/\/www.uartes.edu.ec\/sitio\/wp-content\/uploads\/2024\/01\/01-BERNARDA-272x182.jpg 272w\" sizes=\"(max-width: 644px) 100vw, 644px\" \/><\/figure>\n<\/div>\n\n\n<p>Bernarda Ubidia confiesa no haber sido presidenta antes de organizaciones similares, pero ha trabajado en casi todas las ramas posibles de la producci\u00f3n musical. \u201cEn alg\u00fan momento de mi vida, pienso, son conocimientos que pueden ayudar a diversificar\u201d.<\/p>\n\n\n\n<p>Cabe anotar que pueden ser miembros de AES ingenieros y t\u00e9cnicos de grabaci\u00f3n, investigadores, t\u00e9cnicos de broadcasting, dise\u00f1adores ac\u00fasticos, ingenieros de mezcla y masterizaci\u00f3n, dise\u00f1adores de equipamiento, consultores, ingenieros de DSP, estudiantes, educadores, directores t\u00e9cnicos, instaladores de sistemas, entre otros.<\/p>\n\n\n\n<p>En su sitio web, la AES se\u00f1ala, adem\u00e1s, que ser miembro es integrarse a profesionales de audio que representan a todas las \u00e1reas de la industria y que provee a sus asociados de todo el mundo recursos educativos, liderazgo en el desarrollo de nuevos est\u00e1ndares y tecnolog\u00edas, y foros para intercambio de informaci\u00f3n cient\u00edfica y creativa.<\/p>\n\n\n\n<p>En las im\u00e1genes, la productora y compositora musical Bernarda Ubidia, docente de la EAS, en varias actividades cumplidas en la UArtes en el \u00e1mbito acad\u00e9mico y tambi\u00e9n art\u00edstico. <\/p>","protected":false},"excerpt":{"rendered":"<p>Bernarda Ubidia Calisto, docente y coordinadora de la carrera de Producci\u00f3n Musical de la Escuela de Artes Sonoras de la UArtes, preside la nueva directiva de AES Ecuador, gesti\u00f3n correspondiente al periodo 2024-2026. La acompa\u00f1an Jemina Montenegro, en la vicepresidencia; Amaris B\u00e1ez, en la secretar\u00eda; Juan Manuel Velasco, en la tesorer\u00eda; y Juan Pierre Garc\u00eda, en el comit\u00e9.<\/p>","protected":false},"author":10,"featured_media":78437,"comment_status":"open","ping_status":"open","sticky":false,"template":"","format":"standard","meta":{"_acf_changed":false,"_uag_custom_page_level_css":"","_monsterinsights_skip_tracking":false,"_monsterinsights_sitenote_active":false,"_monsterinsights_sitenote_note":"","_monsterinsights_sitenote_category":0,"cybocfi_hide_featured_image":"","footnotes":""},"categories":[80,82,150,75],"tags":[1095],"infouartes":[],"class_list":["post-49995","post","type-post","status-publish","format-standard","has-post-thumbnail","hentry","category-academico","category-artes","category-artes-sonoras","category-docentes","tag-directiva"],"acf":[],"yoast_head":"<!-- This site is optimized with the Yoast SEO plugin v27.4 - https:\/\/yoast.com\/product\/yoast-seo-wordpress\/ -->\n<title>Universidad de las Artes - Por votaci\u00f3n entre sus miembros, AES Ecuador elige a Bernarda Ubidia como presidenta de su directiva 2024-2026<\/title>\n<meta name=\"description\" content=\"Universidad de las Artes - Por votaci\u00f3n entre sus miembros, AES Ecuador elige a Bernarda Ubidia como presidenta de su directiva 2024-2026\" \/>\n<meta name=\"robots\" content=\"index, follow, max-snippet:-1, max-image-preview:large, max-video-preview:-1\" \/>\n<link rel=\"canonical\" href=\"https:\/\/www.uartes.edu.ec\/sitio\/fr\/blog\/2024\/01\/18\/por-votacion-entre-sus-miembros-aes-ecuador-elige-a-bernarda-ubidia-como-su-presidenta\/\" \/>\n<meta property=\"og:locale\" content=\"fr_FR\" \/>\n<meta property=\"og:type\" content=\"article\" \/>\n<meta property=\"og:title\" content=\"Universidad de las Artes - Por votaci\u00f3n entre sus miembros, AES Ecuador elige a Bernarda Ubidia como presidenta de su directiva 2024-2026\" \/>\n<meta property=\"og:description\" content=\"Universidad de las Artes - Por votaci\u00f3n entre sus miembros, AES Ecuador elige a Bernarda Ubidia como presidenta de su directiva 2024-2026\" \/>\n<meta property=\"og:url\" content=\"https:\/\/www.uartes.edu.ec\/sitio\/fr\/blog\/2024\/01\/18\/por-votacion-entre-sus-miembros-aes-ecuador-elige-a-bernarda-ubidia-como-su-presidenta\/\" \/>\n<meta property=\"og:site_name\" content=\"Universidad de las Artes\" \/>\n<meta property=\"article:publisher\" content=\"https:\/\/www.facebook.com\/uartesec\" \/>\n<meta property=\"article:published_time\" content=\"2024-01-18T20:53:56+00:00\" \/>\n<meta property=\"article:modified_time\" content=\"2025-09-09T17:32:25+00:00\" \/>\n<meta property=\"og:image\" content=\"https:\/\/www.uartes.edu.ec\/sitio\/wp-content\/uploads\/2022\/12\/BERNIE.jpg\" \/>\n\t<meta property=\"og:image:width\" content=\"2000\" \/>\n\t<meta property=\"og:image:height\" content=\"1333\" \/>\n\t<meta property=\"og:image:type\" content=\"image\/jpeg\" \/>\n<meta name=\"author\" content=\"ccortez\" \/>\n<meta name=\"twitter:card\" content=\"summary_large_image\" \/>\n<meta name=\"twitter:creator\" content=\"@uartesec\" \/>\n<meta name=\"twitter:site\" content=\"@uartesec\" \/>\n<meta name=\"twitter:label1\" content=\"\u00c9crit par\" \/>\n\t<meta name=\"twitter:data1\" content=\"ccortez\" \/>\n\t<meta name=\"twitter:label2\" content=\"Dur\u00e9e de lecture estim\u00e9e\" \/>\n\t<meta name=\"twitter:data2\" content=\"3 minutes\" \/>\n<script type=\"application\/ld+json\" class=\"yoast-schema-graph\">{\"@context\":\"https:\\\/\\\/schema.org\",\"@graph\":[{\"@type\":\"Article\",\"@id\":\"https:\\\/\\\/www.uartes.edu.ec\\\/sitio\\\/fr\\\/blog\\\/2024\\\/01\\\/18\\\/por-votacion-entre-sus-miembros-aes-ecuador-elige-a-bernarda-ubidia-como-su-presidenta\\\/#article\",\"isPartOf\":{\"@id\":\"https:\\\/\\\/www.uartes.edu.ec\\\/sitio\\\/fr\\\/blog\\\/2024\\\/01\\\/18\\\/por-votacion-entre-sus-miembros-aes-ecuador-elige-a-bernarda-ubidia-como-su-presidenta\\\/\"},\"author\":{\"name\":\"ccortez\",\"@id\":\"https:\\\/\\\/www.uartes.edu.ec\\\/sitio\\\/fr\\\/#\\\/schema\\\/person\\\/efa1b8275797664fd7f13a79ccc0b1f4\"},\"headline\":\"Por votaci\u00f3n entre sus miembros, AES Ecuador elige a Bernarda Ubidia como presidenta de su directiva 2024-2026\",\"datePublished\":\"2024-01-18T20:53:56+00:00\",\"dateModified\":\"2025-09-09T17:32:25+00:00\",\"mainEntityOfPage\":{\"@id\":\"https:\\\/\\\/www.uartes.edu.ec\\\/sitio\\\/fr\\\/blog\\\/2024\\\/01\\\/18\\\/por-votacion-entre-sus-miembros-aes-ecuador-elige-a-bernarda-ubidia-como-su-presidenta\\\/\"},\"wordCount\":649,\"commentCount\":0,\"publisher\":{\"@id\":\"https:\\\/\\\/www.uartes.edu.ec\\\/sitio\\\/fr\\\/#organization\"},\"image\":{\"@id\":\"https:\\\/\\\/www.uartes.edu.ec\\\/sitio\\\/fr\\\/blog\\\/2024\\\/01\\\/18\\\/por-votacion-entre-sus-miembros-aes-ecuador-elige-a-bernarda-ubidia-como-su-presidenta\\\/#primaryimage\"},\"thumbnailUrl\":\"https:\\\/\\\/www.uartes.edu.ec\\\/sitio\\\/wp-content\\\/uploads\\\/2024\\\/01\\\/Proyecto-Cambiar-tamano-de-imagen-2025-09-09T123022.798.jpeg\",\"keywords\":[\"directiva\"],\"articleSection\":[\"Acad\u00e9mico\",\"Artes\",\"Artes Sonoras\",\"Docentes\"],\"inLanguage\":\"fr-FR\",\"potentialAction\":[{\"@type\":\"CommentAction\",\"name\":\"Comment\",\"target\":[\"https:\\\/\\\/www.uartes.edu.ec\\\/sitio\\\/fr\\\/blog\\\/2024\\\/01\\\/18\\\/por-votacion-entre-sus-miembros-aes-ecuador-elige-a-bernarda-ubidia-como-su-presidenta\\\/#respond\"]}]},{\"@type\":[\"WebPage\",\"ItemPage\"],\"@id\":\"https:\\\/\\\/www.uartes.edu.ec\\\/sitio\\\/fr\\\/blog\\\/2024\\\/01\\\/18\\\/por-votacion-entre-sus-miembros-aes-ecuador-elige-a-bernarda-ubidia-como-su-presidenta\\\/\",\"url\":\"https:\\\/\\\/www.uartes.edu.ec\\\/sitio\\\/fr\\\/blog\\\/2024\\\/01\\\/18\\\/por-votacion-entre-sus-miembros-aes-ecuador-elige-a-bernarda-ubidia-como-su-presidenta\\\/\",\"name\":\"Universidad de las Artes - Por votaci\u00f3n entre sus miembros, AES Ecuador elige a Bernarda Ubidia como presidenta de su directiva 2024-2026\",\"isPartOf\":{\"@id\":\"https:\\\/\\\/www.uartes.edu.ec\\\/sitio\\\/fr\\\/#website\"},\"primaryImageOfPage\":{\"@id\":\"https:\\\/\\\/www.uartes.edu.ec\\\/sitio\\\/fr\\\/blog\\\/2024\\\/01\\\/18\\\/por-votacion-entre-sus-miembros-aes-ecuador-elige-a-bernarda-ubidia-como-su-presidenta\\\/#primaryimage\"},\"image\":{\"@id\":\"https:\\\/\\\/www.uartes.edu.ec\\\/sitio\\\/fr\\\/blog\\\/2024\\\/01\\\/18\\\/por-votacion-entre-sus-miembros-aes-ecuador-elige-a-bernarda-ubidia-como-su-presidenta\\\/#primaryimage\"},\"thumbnailUrl\":\"https:\\\/\\\/www.uartes.edu.ec\\\/sitio\\\/wp-content\\\/uploads\\\/2024\\\/01\\\/Proyecto-Cambiar-tamano-de-imagen-2025-09-09T123022.798.jpeg\",\"datePublished\":\"2024-01-18T20:53:56+00:00\",\"dateModified\":\"2025-09-09T17:32:25+00:00\",\"description\":\"Universidad de las Artes - Por votaci\u00f3n entre sus miembros, AES Ecuador elige a Bernarda Ubidia como presidenta de su directiva 2024-2026\",\"breadcrumb\":{\"@id\":\"https:\\\/\\\/www.uartes.edu.ec\\\/sitio\\\/fr\\\/blog\\\/2024\\\/01\\\/18\\\/por-votacion-entre-sus-miembros-aes-ecuador-elige-a-bernarda-ubidia-como-su-presidenta\\\/#breadcrumb\"},\"inLanguage\":\"fr-FR\",\"potentialAction\":[{\"@type\":\"ReadAction\",\"target\":[\"https:\\\/\\\/www.uartes.edu.ec\\\/sitio\\\/fr\\\/blog\\\/2024\\\/01\\\/18\\\/por-votacion-entre-sus-miembros-aes-ecuador-elige-a-bernarda-ubidia-como-su-presidenta\\\/\"]}]},{\"@type\":\"ImageObject\",\"inLanguage\":\"fr-FR\",\"@id\":\"https:\\\/\\\/www.uartes.edu.ec\\\/sitio\\\/fr\\\/blog\\\/2024\\\/01\\\/18\\\/por-votacion-entre-sus-miembros-aes-ecuador-elige-a-bernarda-ubidia-como-su-presidenta\\\/#primaryimage\",\"url\":\"https:\\\/\\\/www.uartes.edu.ec\\\/sitio\\\/wp-content\\\/uploads\\\/2024\\\/01\\\/Proyecto-Cambiar-tamano-de-imagen-2025-09-09T123022.798.jpeg\",\"contentUrl\":\"https:\\\/\\\/www.uartes.edu.ec\\\/sitio\\\/wp-content\\\/uploads\\\/2024\\\/01\\\/Proyecto-Cambiar-tamano-de-imagen-2025-09-09T123022.798.jpeg\",\"width\":2000,\"height\":1333},{\"@type\":\"BreadcrumbList\",\"@id\":\"https:\\\/\\\/www.uartes.edu.ec\\\/sitio\\\/fr\\\/blog\\\/2024\\\/01\\\/18\\\/por-votacion-entre-sus-miembros-aes-ecuador-elige-a-bernarda-ubidia-como-su-presidenta\\\/#breadcrumb\",\"itemListElement\":[{\"@type\":\"ListItem\",\"position\":1,\"name\":\"Inicio\",\"item\":\"https:\\\/\\\/www.uartes.edu.ec\\\/sitio\\\/\"},{\"@type\":\"ListItem\",\"position\":2,\"name\":\"Por votaci\u00f3n entre sus miembros, AES Ecuador elige a Bernarda Ubidia como presidenta de su directiva 2024-2026\"}]},{\"@type\":\"WebSite\",\"@id\":\"https:\\\/\\\/www.uartes.edu.ec\\\/sitio\\\/fr\\\/#website\",\"url\":\"https:\\\/\\\/www.uartes.edu.ec\\\/sitio\\\/fr\\\/\",\"name\":\"Universidad de las Artes\",\"description\":\"Sitio oficial de la Universidad Nacional de las Artes del Ecuador\",\"publisher\":{\"@id\":\"https:\\\/\\\/www.uartes.edu.ec\\\/sitio\\\/fr\\\/#organization\"},\"potentialAction\":[{\"@type\":\"SearchAction\",\"target\":{\"@type\":\"EntryPoint\",\"urlTemplate\":\"https:\\\/\\\/www.uartes.edu.ec\\\/sitio\\\/fr\\\/?s={search_term_string}\"},\"query-input\":{\"@type\":\"PropertyValueSpecification\",\"valueRequired\":true,\"valueName\":\"search_term_string\"}}],\"inLanguage\":\"fr-FR\"},{\"@type\":\"Organization\",\"@id\":\"https:\\\/\\\/www.uartes.edu.ec\\\/sitio\\\/fr\\\/#organization\",\"name\":\"Universidad de las Artes\",\"url\":\"https:\\\/\\\/www.uartes.edu.ec\\\/sitio\\\/fr\\\/\",\"logo\":{\"@type\":\"ImageObject\",\"inLanguage\":\"fr-FR\",\"@id\":\"https:\\\/\\\/www.uartes.edu.ec\\\/sitio\\\/fr\\\/#\\\/schema\\\/logo\\\/image\\\/\",\"url\":\"https:\\\/\\\/www.uartes.edu.ec\\\/sitio\\\/wp-content\\\/uploads\\\/2022\\\/07\\\/logo-ua-horizontal.png\",\"contentUrl\":\"https:\\\/\\\/www.uartes.edu.ec\\\/sitio\\\/wp-content\\\/uploads\\\/2022\\\/07\\\/logo-ua-horizontal.png\",\"width\":800,\"height\":276,\"caption\":\"Universidad de las Artes\"},\"image\":{\"@id\":\"https:\\\/\\\/www.uartes.edu.ec\\\/sitio\\\/fr\\\/#\\\/schema\\\/logo\\\/image\\\/\"},\"sameAs\":[\"https:\\\/\\\/www.facebook.com\\\/uartesec\",\"https:\\\/\\\/x.com\\\/uartesec\",\"https:\\\/\\\/www.tiktok.com\\\/@uartesec\"]},{\"@type\":\"Person\",\"@id\":\"https:\\\/\\\/www.uartes.edu.ec\\\/sitio\\\/fr\\\/#\\\/schema\\\/person\\\/efa1b8275797664fd7f13a79ccc0b1f4\",\"name\":\"ccortez\",\"image\":{\"@type\":\"ImageObject\",\"inLanguage\":\"fr-FR\",\"@id\":\"https:\\\/\\\/secure.gravatar.com\\\/avatar\\\/b2a6f664a3ae8e074346ef91775736c5ec479e637ecced6842de9dc98b5da9cd?s=96&d=mm&r=g\",\"url\":\"https:\\\/\\\/secure.gravatar.com\\\/avatar\\\/b2a6f664a3ae8e074346ef91775736c5ec479e637ecced6842de9dc98b5da9cd?s=96&d=mm&r=g\",\"contentUrl\":\"https:\\\/\\\/secure.gravatar.com\\\/avatar\\\/b2a6f664a3ae8e074346ef91775736c5ec479e637ecced6842de9dc98b5da9cd?s=96&d=mm&r=g\",\"caption\":\"ccortez\"},\"url\":\"https:\\\/\\\/www.uartes.edu.ec\\\/sitio\\\/fr\\\/blog\\\/author\\\/ccortez\\\/\"}]}<\/script>\n<!-- \/ Yoast SEO plugin. -->","yoast_head_json":{"title":"Universidad de las Artes - Por votaci\u00f3n entre sus miembros, AES Ecuador elige a Bernarda Ubidia como presidenta de su directiva 2024-2026","description":"Universidad de las Artes - Por votaci\u00f3n entre sus miembros, AES Ecuador elige a Bernarda Ubidia como presidenta de su directiva 2024-2026","robots":{"index":"index","follow":"follow","max-snippet":"max-snippet:-1","max-image-preview":"max-image-preview:large","max-video-preview":"max-video-preview:-1"},"canonical":"https:\/\/www.uartes.edu.ec\/sitio\/fr\/blog\/2024\/01\/18\/por-votacion-entre-sus-miembros-aes-ecuador-elige-a-bernarda-ubidia-como-su-presidenta\/","og_locale":"fr_FR","og_type":"article","og_title":"Universidad de las Artes - Por votaci\u00f3n entre sus miembros, AES Ecuador elige a Bernarda Ubidia como presidenta de su directiva 2024-2026","og_description":"Universidad de las Artes - Por votaci\u00f3n entre sus miembros, AES Ecuador elige a Bernarda Ubidia como presidenta de su directiva 2024-2026","og_url":"https:\/\/www.uartes.edu.ec\/sitio\/fr\/blog\/2024\/01\/18\/por-votacion-entre-sus-miembros-aes-ecuador-elige-a-bernarda-ubidia-como-su-presidenta\/","og_site_name":"Universidad de las Artes","article_publisher":"https:\/\/www.facebook.com\/uartesec","article_published_time":"2024-01-18T20:53:56+00:00","article_modified_time":"2025-09-09T17:32:25+00:00","og_image":[{"width":2000,"height":1333,"url":"https:\/\/www.uartes.edu.ec\/sitio\/wp-content\/uploads\/2022\/12\/BERNIE.jpg","type":"image\/jpeg"}],"author":"ccortez","twitter_card":"summary_large_image","twitter_creator":"@uartesec","twitter_site":"@uartesec","twitter_misc":{"\u00c9crit par":"ccortez","Dur\u00e9e de lecture estim\u00e9e":"3 minutes"},"schema":{"@context":"https:\/\/schema.org","@graph":[{"@type":"Article","@id":"https:\/\/www.uartes.edu.ec\/sitio\/fr\/blog\/2024\/01\/18\/por-votacion-entre-sus-miembros-aes-ecuador-elige-a-bernarda-ubidia-como-su-presidenta\/#article","isPartOf":{"@id":"https:\/\/www.uartes.edu.ec\/sitio\/fr\/blog\/2024\/01\/18\/por-votacion-entre-sus-miembros-aes-ecuador-elige-a-bernarda-ubidia-como-su-presidenta\/"},"author":{"name":"ccortez","@id":"https:\/\/www.uartes.edu.ec\/sitio\/fr\/#\/schema\/person\/efa1b8275797664fd7f13a79ccc0b1f4"},"headline":"Por votaci\u00f3n entre sus miembros, AES Ecuador elige a Bernarda Ubidia como presidenta de su directiva 2024-2026","datePublished":"2024-01-18T20:53:56+00:00","dateModified":"2025-09-09T17:32:25+00:00","mainEntityOfPage":{"@id":"https:\/\/www.uartes.edu.ec\/sitio\/fr\/blog\/2024\/01\/18\/por-votacion-entre-sus-miembros-aes-ecuador-elige-a-bernarda-ubidia-como-su-presidenta\/"},"wordCount":649,"commentCount":0,"publisher":{"@id":"https:\/\/www.uartes.edu.ec\/sitio\/fr\/#organization"},"image":{"@id":"https:\/\/www.uartes.edu.ec\/sitio\/fr\/blog\/2024\/01\/18\/por-votacion-entre-sus-miembros-aes-ecuador-elige-a-bernarda-ubidia-como-su-presidenta\/#primaryimage"},"thumbnailUrl":"https:\/\/www.uartes.edu.ec\/sitio\/wp-content\/uploads\/2024\/01\/Proyecto-Cambiar-tamano-de-imagen-2025-09-09T123022.798.jpeg","keywords":["directiva"],"articleSection":["Acad\u00e9mico","Artes","Artes Sonoras","Docentes"],"inLanguage":"fr-FR","potentialAction":[{"@type":"CommentAction","name":"Comment","target":["https:\/\/www.uartes.edu.ec\/sitio\/fr\/blog\/2024\/01\/18\/por-votacion-entre-sus-miembros-aes-ecuador-elige-a-bernarda-ubidia-como-su-presidenta\/#respond"]}]},{"@type":["WebPage","ItemPage"],"@id":"https:\/\/www.uartes.edu.ec\/sitio\/fr\/blog\/2024\/01\/18\/por-votacion-entre-sus-miembros-aes-ecuador-elige-a-bernarda-ubidia-como-su-presidenta\/","url":"https:\/\/www.uartes.edu.ec\/sitio\/fr\/blog\/2024\/01\/18\/por-votacion-entre-sus-miembros-aes-ecuador-elige-a-bernarda-ubidia-como-su-presidenta\/","name":"Universidad de las Artes - Por votaci\u00f3n entre sus miembros, AES Ecuador elige a Bernarda Ubidia como presidenta de su directiva 2024-2026","isPartOf":{"@id":"https:\/\/www.uartes.edu.ec\/sitio\/fr\/#website"},"primaryImageOfPage":{"@id":"https:\/\/www.uartes.edu.ec\/sitio\/fr\/blog\/2024\/01\/18\/por-votacion-entre-sus-miembros-aes-ecuador-elige-a-bernarda-ubidia-como-su-presidenta\/#primaryimage"},"image":{"@id":"https:\/\/www.uartes.edu.ec\/sitio\/fr\/blog\/2024\/01\/18\/por-votacion-entre-sus-miembros-aes-ecuador-elige-a-bernarda-ubidia-como-su-presidenta\/#primaryimage"},"thumbnailUrl":"https:\/\/www.uartes.edu.ec\/sitio\/wp-content\/uploads\/2024\/01\/Proyecto-Cambiar-tamano-de-imagen-2025-09-09T123022.798.jpeg","datePublished":"2024-01-18T20:53:56+00:00","dateModified":"2025-09-09T17:32:25+00:00","description":"Universidad de las Artes - Por votaci\u00f3n entre sus miembros, AES Ecuador elige a Bernarda Ubidia como presidenta de su directiva 2024-2026","breadcrumb":{"@id":"https:\/\/www.uartes.edu.ec\/sitio\/fr\/blog\/2024\/01\/18\/por-votacion-entre-sus-miembros-aes-ecuador-elige-a-bernarda-ubidia-como-su-presidenta\/#breadcrumb"},"inLanguage":"fr-FR","potentialAction":[{"@type":"ReadAction","target":["https:\/\/www.uartes.edu.ec\/sitio\/fr\/blog\/2024\/01\/18\/por-votacion-entre-sus-miembros-aes-ecuador-elige-a-bernarda-ubidia-como-su-presidenta\/"]}]},{"@type":"ImageObject","inLanguage":"fr-FR","@id":"https:\/\/www.uartes.edu.ec\/sitio\/fr\/blog\/2024\/01\/18\/por-votacion-entre-sus-miembros-aes-ecuador-elige-a-bernarda-ubidia-como-su-presidenta\/#primaryimage","url":"https:\/\/www.uartes.edu.ec\/sitio\/wp-content\/uploads\/2024\/01\/Proyecto-Cambiar-tamano-de-imagen-2025-09-09T123022.798.jpeg","contentUrl":"https:\/\/www.uartes.edu.ec\/sitio\/wp-content\/uploads\/2024\/01\/Proyecto-Cambiar-tamano-de-imagen-2025-09-09T123022.798.jpeg","width":2000,"height":1333},{"@type":"BreadcrumbList","@id":"https:\/\/www.uartes.edu.ec\/sitio\/fr\/blog\/2024\/01\/18\/por-votacion-entre-sus-miembros-aes-ecuador-elige-a-bernarda-ubidia-como-su-presidenta\/#breadcrumb","itemListElement":[{"@type":"ListItem","position":1,"name":"Inicio","item":"https:\/\/www.uartes.edu.ec\/sitio\/"},{"@type":"ListItem","position":2,"name":"Por votaci\u00f3n entre sus miembros, AES Ecuador elige a Bernarda Ubidia como presidenta de su directiva 2024-2026"}]},{"@type":"WebSite","@id":"https:\/\/www.uartes.edu.ec\/sitio\/fr\/#website","url":"https:\/\/www.uartes.edu.ec\/sitio\/fr\/","name":"Universidad de las Artes","description":"Sitio oficial de la Universidad Nacional de las Artes del Ecuador","publisher":{"@id":"https:\/\/www.uartes.edu.ec\/sitio\/fr\/#organization"},"potentialAction":[{"@type":"SearchAction","target":{"@type":"EntryPoint","urlTemplate":"https:\/\/www.uartes.edu.ec\/sitio\/fr\/?s={search_term_string}"},"query-input":{"@type":"PropertyValueSpecification","valueRequired":true,"valueName":"search_term_string"}}],"inLanguage":"fr-FR"},{"@type":"Organization","@id":"https:\/\/www.uartes.edu.ec\/sitio\/fr\/#organization","name":"Universidad de las Artes","url":"https:\/\/www.uartes.edu.ec\/sitio\/fr\/","logo":{"@type":"ImageObject","inLanguage":"fr-FR","@id":"https:\/\/www.uartes.edu.ec\/sitio\/fr\/#\/schema\/logo\/image\/","url":"https:\/\/www.uartes.edu.ec\/sitio\/wp-content\/uploads\/2022\/07\/logo-ua-horizontal.png","contentUrl":"https:\/\/www.uartes.edu.ec\/sitio\/wp-content\/uploads\/2022\/07\/logo-ua-horizontal.png","width":800,"height":276,"caption":"Universidad de las Artes"},"image":{"@id":"https:\/\/www.uartes.edu.ec\/sitio\/fr\/#\/schema\/logo\/image\/"},"sameAs":["https:\/\/www.facebook.com\/uartesec","https:\/\/x.com\/uartesec","https:\/\/www.tiktok.com\/@uartesec"]},{"@type":"Person","@id":"https:\/\/www.uartes.edu.ec\/sitio\/fr\/#\/schema\/person\/efa1b8275797664fd7f13a79ccc0b1f4","name":"ccortez","image":{"@type":"ImageObject","inLanguage":"fr-FR","@id":"https:\/\/secure.gravatar.com\/avatar\/b2a6f664a3ae8e074346ef91775736c5ec479e637ecced6842de9dc98b5da9cd?s=96&d=mm&r=g","url":"https:\/\/secure.gravatar.com\/avatar\/b2a6f664a3ae8e074346ef91775736c5ec479e637ecced6842de9dc98b5da9cd?s=96&d=mm&r=g","contentUrl":"https:\/\/secure.gravatar.com\/avatar\/b2a6f664a3ae8e074346ef91775736c5ec479e637ecced6842de9dc98b5da9cd?s=96&d=mm&r=g","caption":"ccortez"},"url":"https:\/\/www.uartes.edu.ec\/sitio\/fr\/blog\/author\/ccortez\/"}]}},"uagb_featured_image_src":{"full":["https:\/\/www.uartes.edu.ec\/sitio\/wp-content\/uploads\/2024\/01\/Proyecto-Cambiar-tamano-de-imagen-2025-09-09T123022.798.jpeg",2000,1333,false],"thumbnail":["https:\/\/www.uartes.edu.ec\/sitio\/wp-content\/uploads\/2024\/01\/Proyecto-Cambiar-tamano-de-imagen-2025-09-09T123022.798-150x150.jpeg",150,150,true],"medium":["https:\/\/www.uartes.edu.ec\/sitio\/wp-content\/uploads\/2024\/01\/Proyecto-Cambiar-tamano-de-imagen-2025-09-09T123022.798-300x200.jpeg",300,200,true],"medium_large":["https:\/\/www.uartes.edu.ec\/sitio\/wp-content\/uploads\/2024\/01\/Proyecto-Cambiar-tamano-de-imagen-2025-09-09T123022.798-768x512.jpeg",768,512,true],"large":["https:\/\/www.uartes.edu.ec\/sitio\/wp-content\/uploads\/2024\/01\/Proyecto-Cambiar-tamano-de-imagen-2025-09-09T123022.798-644x429.jpeg",644,429,true],"1536x1536":["https:\/\/www.uartes.edu.ec\/sitio\/wp-content\/uploads\/2024\/01\/Proyecto-Cambiar-tamano-de-imagen-2025-09-09T123022.798-1536x1024.jpeg",1536,1024,true],"2048x2048":["https:\/\/www.uartes.edu.ec\/sitio\/wp-content\/uploads\/2024\/01\/Proyecto-Cambiar-tamano-de-imagen-2025-09-09T123022.798.jpeg",2000,1333,false],"trp-custom-language-flag":["https:\/\/www.uartes.edu.ec\/sitio\/wp-content\/uploads\/2024\/01\/Proyecto-Cambiar-tamano-de-imagen-2025-09-09T123022.798-18x12.jpeg",18,12,true],"htmega_size_585x295":["https:\/\/www.uartes.edu.ec\/sitio\/wp-content\/uploads\/2024\/01\/Proyecto-Cambiar-tamano-de-imagen-2025-09-09T123022.798-585x295.jpeg",585,295,true],"htmega_size_1170x536":["https:\/\/www.uartes.edu.ec\/sitio\/wp-content\/uploads\/2024\/01\/Proyecto-Cambiar-tamano-de-imagen-2025-09-09T123022.798-1170x536.jpeg",1170,536,true],"htmega_size_396x360":["https:\/\/www.uartes.edu.ec\/sitio\/wp-content\/uploads\/2024\/01\/Proyecto-Cambiar-tamano-de-imagen-2025-09-09T123022.798-396x360.jpeg",396,360,true],"gb-block-post-grid-landscape":["https:\/\/www.uartes.edu.ec\/sitio\/wp-content\/uploads\/2024\/01\/Proyecto-Cambiar-tamano-de-imagen-2025-09-09T123022.798-600x400.jpeg",600,400,true],"gb-block-post-grid-square":["https:\/\/www.uartes.edu.ec\/sitio\/wp-content\/uploads\/2024\/01\/Proyecto-Cambiar-tamano-de-imagen-2025-09-09T123022.798-600x600.jpeg",600,600,true],"university-hub-thumb":["https:\/\/www.uartes.edu.ec\/sitio\/wp-content\/uploads\/2024\/01\/Proyecto-Cambiar-tamano-de-imagen-2025-09-09T123022.798-400x267.jpeg",400,267,true],"mailpoet_newsletter_max":["https:\/\/www.uartes.edu.ec\/sitio\/wp-content\/uploads\/2024\/01\/Proyecto-Cambiar-tamano-de-imagen-2025-09-09T123022.798.jpeg",1320,880,false]},"uagb_author_info":{"display_name":"ccortez","author_link":"https:\/\/www.uartes.edu.ec\/sitio\/fr\/blog\/author\/ccortez\/"},"uagb_comment_info":0,"uagb_excerpt":"Bernarda Ubidia Calisto, docente y coordinadora de la carrera de Producci\u00f3n Musical de la Escuela de Artes Sonoras de la UArtes, preside la nueva directiva de AES Ecuador, gesti\u00f3n correspondiente al periodo 2024-2026. La acompa\u00f1an Jemina Montenegro, en la vicepresidencia; Amaris B\u00e1ez, en la secretar\u00eda; Juan Manuel Velasco, en la tesorer\u00eda; y Juan Pierre Garc\u00eda,\u2026","featured_image_src":"https:\/\/www.uartes.edu.ec\/sitio\/wp-content\/uploads\/2024\/01\/Proyecto-Cambiar-tamano-de-imagen-2025-09-09T123022.798-600x400.jpeg","featured_image_src_square":"https:\/\/www.uartes.edu.ec\/sitio\/wp-content\/uploads\/2024\/01\/Proyecto-Cambiar-tamano-de-imagen-2025-09-09T123022.798-600x600.jpeg","author_info":{"display_name":"ccortez","author_link":"https:\/\/www.uartes.edu.ec\/sitio\/fr\/blog\/author\/ccortez\/"},"publishpress_future_workflow_manual_trigger":{"enabledWorkflows":[]},"distributor_meta":false,"distributor_terms":false,"distributor_media":false,"distributor_original_site_name":"Universidad de las Artes","distributor_original_site_url":"https:\/\/www.uartes.edu.ec\/sitio\/fr","push-errors":false,"_links":{"self":[{"href":"https:\/\/www.uartes.edu.ec\/sitio\/fr\/wp-json\/wp\/v2\/posts\/49995","targetHints":{"allow":["GET"]}}],"collection":[{"href":"https:\/\/www.uartes.edu.ec\/sitio\/fr\/wp-json\/wp\/v2\/posts"}],"about":[{"href":"https:\/\/www.uartes.edu.ec\/sitio\/fr\/wp-json\/wp\/v2\/types\/post"}],"author":[{"embeddable":true,"href":"https:\/\/www.uartes.edu.ec\/sitio\/fr\/wp-json\/wp\/v2\/users\/10"}],"replies":[{"embeddable":true,"href":"https:\/\/www.uartes.edu.ec\/sitio\/fr\/wp-json\/wp\/v2\/comments?post=49995"}],"version-history":[{"count":5,"href":"https:\/\/www.uartes.edu.ec\/sitio\/fr\/wp-json\/wp\/v2\/posts\/49995\/revisions"}],"predecessor-version":[{"id":50007,"href":"https:\/\/www.uartes.edu.ec\/sitio\/fr\/wp-json\/wp\/v2\/posts\/49995\/revisions\/50007"}],"wp:featuredmedia":[{"embeddable":true,"href":"https:\/\/www.uartes.edu.ec\/sitio\/fr\/wp-json\/wp\/v2\/media\/78437"}],"wp:attachment":[{"href":"https:\/\/www.uartes.edu.ec\/sitio\/fr\/wp-json\/wp\/v2\/media?parent=49995"}],"wp:term":[{"taxonomy":"category","embeddable":true,"href":"https:\/\/www.uartes.edu.ec\/sitio\/fr\/wp-json\/wp\/v2\/categories?post=49995"},{"taxonomy":"post_tag","embeddable":true,"href":"https:\/\/www.uartes.edu.ec\/sitio\/fr\/wp-json\/wp\/v2\/tags?post=49995"},{"taxonomy":"infouartes","embeddable":true,"href":"https:\/\/www.uartes.edu.ec\/sitio\/fr\/wp-json\/wp\/v2\/infouartes?post=49995"}],"curies":[{"name":"wp","href":"https:\/\/api.w.org\/{rel}","templated":true}]}}