{"id":50022,"date":"2024-01-19T13:25:51","date_gmt":"2024-01-19T18:25:51","guid":{"rendered":"https:\/\/www.uartes.edu.ec\/sitio\/?p=50022"},"modified":"2024-07-04T11:19:29","modified_gmt":"2024-07-04T16:19:29","slug":"cuentos-a-domicilio-con-la-ria-parte-de-la-campana-de-lectura-de-la-biblioteca-de-las-artes","status":"publish","type":"post","link":"https:\/\/www.uartes.edu.ec\/sitio\/fr\/blog\/2024\/01\/19\/cuentos-a-domicilio-con-la-ria-parte-de-la-campana-de-lectura-de-la-biblioteca-de-las-artes\/","title":{"rendered":"En campa\u00f1a de lectura, Biblioteca de las Artes propone cuentos a domicilio"},"content":{"rendered":"<p>\u00bfTe gustar\u00eda leer cuentos en casa con nuestro fondo digital EBSCO? La pregunta con tintes de invitaci\u00f3n que hace en sus redes de Facebook e Instagram la Biblioteca de las Artes se presenta como una gran oportunidad para que ni\u00f1os y ni\u00f1as puedan disfrutar desde sus hogares de lecturas que incentivar\u00e1n su creatividad y contribuir\u00e1n al conocimiento.<\/p>\n\n\n\n<p>Para tomar parte y recibir todos los viernes maravillosos cuentos para ser le\u00eddos en familia, solo basta con llenar un formulario en linktr.ee (al final de la nota est\u00e1 el enlace). \u201cCuentos a domicilio con la R\u00eda\u201d es parte de la campa\u00f1a de lectura que impulsa el repositorio de la Universidad de las Artes. En el anuncio invitaci\u00f3n para la actividad virtual, se indica tambi\u00e9n el contenido con el que cuenta en su base de datos.<\/p>\n\n\n\n<p>Al respecto, Soraya Campos, directora de la Biblioteca de las Artes, se\u00f1ala que para la Sala R\u00eda se cuenta con una colecci\u00f3n de eBooks (libros electr\u00f3nicos) de contenidos infantiles a perpetuidad. Se la adquiri\u00f3 en 2021 y ante la situaci\u00f3n por la que atraviesa el pa\u00eds, que ha llevado a retornar a la virtualidad, se est\u00e1 incentivando el uso de este material, como parte tambi\u00e9n de la campa\u00f1a de lectura.<\/p>\n\n\n<div class=\"wp-block-image\">\n<figure class=\"aligncenter size-large\"><img fetchpriority=\"high\" decoding=\"async\" width=\"644\" height=\"429\" src=\"https:\/\/www.uartes.edu.ec\/sitio\/wp-content\/uploads\/2024\/01\/ria-644x429.jpg\" alt=\"\" class=\"wp-image-50028\" srcset=\"https:\/\/www.uartes.edu.ec\/sitio\/wp-content\/uploads\/2024\/01\/ria-644x429.jpg 644w, https:\/\/www.uartes.edu.ec\/sitio\/wp-content\/uploads\/2024\/01\/ria-300x200.jpg 300w, https:\/\/www.uartes.edu.ec\/sitio\/wp-content\/uploads\/2024\/01\/ria-768x512.jpg 768w, https:\/\/www.uartes.edu.ec\/sitio\/wp-content\/uploads\/2024\/01\/ria-1536x1024.jpg 1536w, https:\/\/www.uartes.edu.ec\/sitio\/wp-content\/uploads\/2024\/01\/ria-600x400.jpg 600w, https:\/\/www.uartes.edu.ec\/sitio\/wp-content\/uploads\/2024\/01\/ria-400x267.jpg 400w, https:\/\/www.uartes.edu.ec\/sitio\/wp-content\/uploads\/2024\/01\/ria-272x182.jpg 272w, https:\/\/www.uartes.edu.ec\/sitio\/wp-content\/uploads\/2024\/01\/ria.jpg 2000w\" sizes=\"(max-width: 644px) 100vw, 644px\" \/><\/figure>\n<\/div>\n\n\n<p>Zully Ord\u00f3\u00f1ez, gestora cultural y encargada de la Sala R\u00eda, record\u00f3 que la Biblioteca de las Artes tiene dentro de sus servicios ofrecer acceso a varias bibliotecas digitales, como ProQuest, Jstor, Ebsco, Medici.tv y Gale, las cuales pueden ser consultadas por todos los usuarios, tanto internos como externos, in situ. \u201cY tambi\u00e9n se puede acceder desde el hogar a la colecci\u00f3n de eBooks a perpetuidad que EBSCO tiene para la UArtes\u201d.<\/p>\n\n\n\n<p>En ese sentido, a\u00f1ade Ord\u00f3\u00f1ez, es que se decidi\u00f3 hacer una selecci\u00f3n de cuentos semanal y hacerles llegar a todos quienes se suscriban a la campa\u00f1a de lectura emprendida.<\/p>\n\n\n\n<p>Adem\u00e1s de esta iniciativa, la Biblioteca de las Artes cuenta en su p\u00e1gina web con la opci\u00f3n R\u00eda en l\u00ednea, donde se pueden encontrar varias opciones de lectura y entretenimiento para realizar en el hogar.<\/p>\n\n\n\n<p>Campos destac\u00f3 las continuas capacitaciones que se brindan para el uso de las bases de datos e incluso para el uso de la biblioteca. Est\u00e1n dirigidos tanto para los miembros de la comunidad UArtes como para el p\u00fablico en general; para ser parte de estos grupos solo hay que escribirse al correo electr\u00f3nico julio.ontaneda@uartes.edu.ec<\/p>\n\n\n\n<p>Para acceder al servicio de \u201cCuentos a domicilio con la R\u00eda\u201d, se debe ingresar al link: <a href=\"https:\/\/linktr.ee\/Biblio.UArtes\">https:\/\/linktr.ee\/Biblio.UArtes<\/a><\/p>\n\n\n\n<p>Para acceder al resto de actividades de \u00abR\u00eda en l\u00ednea\u00bb hay que ingresar a:<br><a href=\"https:\/\/biblioteca.uartes.edu.ec\/inicio\/espacios\/zona-infantil\/ria-en-linea\/\">https:\/\/biblioteca.uartes.edu.ec\/inicio\/espacios\/zona-infantil\/ria-en-linea\/<\/a><\/p>\n\n\n\n<p>Para acceder a la biblioteca virtual:<br><a href=\"http:\/\/www.biblioteca.uartes.edu.ec\">www.biblioteca.uartes.edu.ec<\/a><\/p>","protected":false},"excerpt":{"rendered":"<p>\u00bfTe gustar\u00eda leer cuentos en casa con nuestro fondo digital EBSCO? La pregunta con tintes de invitaci\u00f3n que hace en Facebook e Instagram la Biblioteca de las Artes se presenta como una gran oportunidad para que ni\u00f1os y ni\u00f1as puedan disfrutar estando en casa de lecturas que incentivar\u00e1n su creatividad y contribuir\u00e1n al conocimiento. \u201cCuentos a domicilio con la R\u00eda\u201d es parte de la campa\u00f1a de lectura que impulsa el repositorio de la UArtes. <\/p>","protected":false},"author":10,"featured_media":50029,"comment_status":"open","ping_status":"open","sticky":false,"template":"","format":"standard","meta":{"_acf_changed":false,"_uag_custom_page_level_css":"","_monsterinsights_skip_tracking":false,"_monsterinsights_sitenote_active":false,"_monsterinsights_sitenote_note":"","_monsterinsights_sitenote_category":0,"cybocfi_hide_featured_image":"","footnotes":""},"categories":[80,77,85,79],"tags":[1096],"infouartes":[],"class_list":["post-50022","post","type-post","status-publish","format-standard","has-post-thumbnail","hentry","category-academico","category-gestion","category-servicios","category-vinculo","tag-propuesta-virtual"],"acf":[],"yoast_head":"<!-- This site is optimized with the Yoast SEO plugin v27.4 - https:\/\/yoast.com\/product\/yoast-seo-wordpress\/ -->\n<title>Universidad de las Artes - En campa\u00f1a de lectura, Biblioteca de las Artes propone cuentos a domicilio<\/title>\n<meta name=\"description\" content=\"Universidad de las Artes - En campa\u00f1a de lectura, Biblioteca de las Artes propone cuentos a domicilio\" \/>\n<meta name=\"robots\" content=\"index, follow, max-snippet:-1, max-image-preview:large, max-video-preview:-1\" \/>\n<link rel=\"canonical\" href=\"https:\/\/www.uartes.edu.ec\/sitio\/fr\/blog\/2024\/01\/19\/cuentos-a-domicilio-con-la-ria-parte-de-la-campana-de-lectura-de-la-biblioteca-de-las-artes\/\" \/>\n<meta property=\"og:locale\" content=\"fr_FR\" \/>\n<meta property=\"og:type\" content=\"article\" \/>\n<meta property=\"og:title\" content=\"Universidad de las Artes - En campa\u00f1a de lectura, Biblioteca de las Artes propone cuentos a domicilio\" \/>\n<meta property=\"og:description\" content=\"Universidad de las Artes - En campa\u00f1a de lectura, Biblioteca de las Artes propone cuentos a domicilio\" \/>\n<meta property=\"og:url\" content=\"https:\/\/www.uartes.edu.ec\/sitio\/fr\/blog\/2024\/01\/19\/cuentos-a-domicilio-con-la-ria-parte-de-la-campana-de-lectura-de-la-biblioteca-de-las-artes\/\" \/>\n<meta property=\"og:site_name\" content=\"Universidad de las Artes\" \/>\n<meta property=\"article:publisher\" content=\"https:\/\/www.facebook.com\/uartesec\" \/>\n<meta property=\"article:published_time\" content=\"2024-01-19T18:25:51+00:00\" \/>\n<meta property=\"article:modified_time\" content=\"2024-07-04T16:19:29+00:00\" \/>\n<meta property=\"og:image\" content=\"https:\/\/www.uartes.edu.ec\/sitio\/wp-content\/uploads\/2024\/01\/cuentos1111.jpg\" \/>\n\t<meta property=\"og:image:width\" content=\"2000\" \/>\n\t<meta property=\"og:image:height\" content=\"1333\" \/>\n\t<meta property=\"og:image:type\" content=\"image\/jpeg\" \/>\n<meta name=\"author\" content=\"ccortez\" \/>\n<meta name=\"twitter:card\" content=\"summary_large_image\" \/>\n<meta name=\"twitter:creator\" content=\"@uartesec\" \/>\n<meta name=\"twitter:site\" content=\"@uartesec\" \/>\n<meta name=\"twitter:label1\" content=\"\u00c9crit par\" \/>\n\t<meta name=\"twitter:data1\" content=\"ccortez\" \/>\n\t<meta name=\"twitter:label2\" content=\"Dur\u00e9e de lecture estim\u00e9e\" \/>\n\t<meta name=\"twitter:data2\" content=\"2 minutes\" \/>\n<script type=\"application\/ld+json\" class=\"yoast-schema-graph\">{\"@context\":\"https:\\\/\\\/schema.org\",\"@graph\":[{\"@type\":\"Article\",\"@id\":\"https:\\\/\\\/www.uartes.edu.ec\\\/sitio\\\/fr\\\/blog\\\/2024\\\/01\\\/19\\\/cuentos-a-domicilio-con-la-ria-parte-de-la-campana-de-lectura-de-la-biblioteca-de-las-artes\\\/#article\",\"isPartOf\":{\"@id\":\"https:\\\/\\\/www.uartes.edu.ec\\\/sitio\\\/fr\\\/blog\\\/2024\\\/01\\\/19\\\/cuentos-a-domicilio-con-la-ria-parte-de-la-campana-de-lectura-de-la-biblioteca-de-las-artes\\\/\"},\"author\":{\"name\":\"ccortez\",\"@id\":\"https:\\\/\\\/www.uartes.edu.ec\\\/sitio\\\/fr\\\/#\\\/schema\\\/person\\\/efa1b8275797664fd7f13a79ccc0b1f4\"},\"headline\":\"En campa\u00f1a de lectura, Biblioteca de las Artes propone cuentos a domicilio\",\"datePublished\":\"2024-01-19T18:25:51+00:00\",\"dateModified\":\"2024-07-04T16:19:29+00:00\",\"mainEntityOfPage\":{\"@id\":\"https:\\\/\\\/www.uartes.edu.ec\\\/sitio\\\/fr\\\/blog\\\/2024\\\/01\\\/19\\\/cuentos-a-domicilio-con-la-ria-parte-de-la-campana-de-lectura-de-la-biblioteca-de-las-artes\\\/\"},\"wordCount\":503,\"commentCount\":0,\"publisher\":{\"@id\":\"https:\\\/\\\/www.uartes.edu.ec\\\/sitio\\\/fr\\\/#organization\"},\"image\":{\"@id\":\"https:\\\/\\\/www.uartes.edu.ec\\\/sitio\\\/fr\\\/blog\\\/2024\\\/01\\\/19\\\/cuentos-a-domicilio-con-la-ria-parte-de-la-campana-de-lectura-de-la-biblioteca-de-las-artes\\\/#primaryimage\"},\"thumbnailUrl\":\"https:\\\/\\\/www.uartes.edu.ec\\\/sitio\\\/wp-content\\\/uploads\\\/2024\\\/01\\\/cuentos1111.jpg\",\"keywords\":[\"propuesta virtual\"],\"articleSection\":[\"Acad\u00e9mico\",\"Gesti\u00f3n\",\"Servicios\",\"V\u00ednculo\"],\"inLanguage\":\"fr-FR\",\"potentialAction\":[{\"@type\":\"CommentAction\",\"name\":\"Comment\",\"target\":[\"https:\\\/\\\/www.uartes.edu.ec\\\/sitio\\\/fr\\\/blog\\\/2024\\\/01\\\/19\\\/cuentos-a-domicilio-con-la-ria-parte-de-la-campana-de-lectura-de-la-biblioteca-de-las-artes\\\/#respond\"]}]},{\"@type\":[\"WebPage\",\"ItemPage\"],\"@id\":\"https:\\\/\\\/www.uartes.edu.ec\\\/sitio\\\/fr\\\/blog\\\/2024\\\/01\\\/19\\\/cuentos-a-domicilio-con-la-ria-parte-de-la-campana-de-lectura-de-la-biblioteca-de-las-artes\\\/\",\"url\":\"https:\\\/\\\/www.uartes.edu.ec\\\/sitio\\\/fr\\\/blog\\\/2024\\\/01\\\/19\\\/cuentos-a-domicilio-con-la-ria-parte-de-la-campana-de-lectura-de-la-biblioteca-de-las-artes\\\/\",\"name\":\"Universidad de las Artes - En campa\u00f1a de lectura, Biblioteca de las Artes propone cuentos a domicilio\",\"isPartOf\":{\"@id\":\"https:\\\/\\\/www.uartes.edu.ec\\\/sitio\\\/fr\\\/#website\"},\"primaryImageOfPage\":{\"@id\":\"https:\\\/\\\/www.uartes.edu.ec\\\/sitio\\\/fr\\\/blog\\\/2024\\\/01\\\/19\\\/cuentos-a-domicilio-con-la-ria-parte-de-la-campana-de-lectura-de-la-biblioteca-de-las-artes\\\/#primaryimage\"},\"image\":{\"@id\":\"https:\\\/\\\/www.uartes.edu.ec\\\/sitio\\\/fr\\\/blog\\\/2024\\\/01\\\/19\\\/cuentos-a-domicilio-con-la-ria-parte-de-la-campana-de-lectura-de-la-biblioteca-de-las-artes\\\/#primaryimage\"},\"thumbnailUrl\":\"https:\\\/\\\/www.uartes.edu.ec\\\/sitio\\\/wp-content\\\/uploads\\\/2024\\\/01\\\/cuentos1111.jpg\",\"datePublished\":\"2024-01-19T18:25:51+00:00\",\"dateModified\":\"2024-07-04T16:19:29+00:00\",\"description\":\"Universidad de las Artes - En campa\u00f1a de lectura, Biblioteca de las Artes propone cuentos a domicilio\",\"breadcrumb\":{\"@id\":\"https:\\\/\\\/www.uartes.edu.ec\\\/sitio\\\/fr\\\/blog\\\/2024\\\/01\\\/19\\\/cuentos-a-domicilio-con-la-ria-parte-de-la-campana-de-lectura-de-la-biblioteca-de-las-artes\\\/#breadcrumb\"},\"inLanguage\":\"fr-FR\",\"potentialAction\":[{\"@type\":\"ReadAction\",\"target\":[\"https:\\\/\\\/www.uartes.edu.ec\\\/sitio\\\/fr\\\/blog\\\/2024\\\/01\\\/19\\\/cuentos-a-domicilio-con-la-ria-parte-de-la-campana-de-lectura-de-la-biblioteca-de-las-artes\\\/\"]}]},{\"@type\":\"ImageObject\",\"inLanguage\":\"fr-FR\",\"@id\":\"https:\\\/\\\/www.uartes.edu.ec\\\/sitio\\\/fr\\\/blog\\\/2024\\\/01\\\/19\\\/cuentos-a-domicilio-con-la-ria-parte-de-la-campana-de-lectura-de-la-biblioteca-de-las-artes\\\/#primaryimage\",\"url\":\"https:\\\/\\\/www.uartes.edu.ec\\\/sitio\\\/wp-content\\\/uploads\\\/2024\\\/01\\\/cuentos1111.jpg\",\"contentUrl\":\"https:\\\/\\\/www.uartes.edu.ec\\\/sitio\\\/wp-content\\\/uploads\\\/2024\\\/01\\\/cuentos1111.jpg\",\"width\":2000,\"height\":1333},{\"@type\":\"BreadcrumbList\",\"@id\":\"https:\\\/\\\/www.uartes.edu.ec\\\/sitio\\\/fr\\\/blog\\\/2024\\\/01\\\/19\\\/cuentos-a-domicilio-con-la-ria-parte-de-la-campana-de-lectura-de-la-biblioteca-de-las-artes\\\/#breadcrumb\",\"itemListElement\":[{\"@type\":\"ListItem\",\"position\":1,\"name\":\"Inicio\",\"item\":\"https:\\\/\\\/www.uartes.edu.ec\\\/sitio\\\/\"},{\"@type\":\"ListItem\",\"position\":2,\"name\":\"En campa\u00f1a de lectura, Biblioteca de las Artes propone cuentos a domicilio\"}]},{\"@type\":\"WebSite\",\"@id\":\"https:\\\/\\\/www.uartes.edu.ec\\\/sitio\\\/fr\\\/#website\",\"url\":\"https:\\\/\\\/www.uartes.edu.ec\\\/sitio\\\/fr\\\/\",\"name\":\"Universidad de las Artes\",\"description\":\"Sitio oficial de la Universidad Nacional de las Artes del Ecuador\",\"publisher\":{\"@id\":\"https:\\\/\\\/www.uartes.edu.ec\\\/sitio\\\/fr\\\/#organization\"},\"potentialAction\":[{\"@type\":\"SearchAction\",\"target\":{\"@type\":\"EntryPoint\",\"urlTemplate\":\"https:\\\/\\\/www.uartes.edu.ec\\\/sitio\\\/fr\\\/?s={search_term_string}\"},\"query-input\":{\"@type\":\"PropertyValueSpecification\",\"valueRequired\":true,\"valueName\":\"search_term_string\"}}],\"inLanguage\":\"fr-FR\"},{\"@type\":\"Organization\",\"@id\":\"https:\\\/\\\/www.uartes.edu.ec\\\/sitio\\\/fr\\\/#organization\",\"name\":\"Universidad de las Artes\",\"url\":\"https:\\\/\\\/www.uartes.edu.ec\\\/sitio\\\/fr\\\/\",\"logo\":{\"@type\":\"ImageObject\",\"inLanguage\":\"fr-FR\",\"@id\":\"https:\\\/\\\/www.uartes.edu.ec\\\/sitio\\\/fr\\\/#\\\/schema\\\/logo\\\/image\\\/\",\"url\":\"https:\\\/\\\/www.uartes.edu.ec\\\/sitio\\\/wp-content\\\/uploads\\\/2022\\\/07\\\/logo-ua-horizontal.png\",\"contentUrl\":\"https:\\\/\\\/www.uartes.edu.ec\\\/sitio\\\/wp-content\\\/uploads\\\/2022\\\/07\\\/logo-ua-horizontal.png\",\"width\":800,\"height\":276,\"caption\":\"Universidad de las Artes\"},\"image\":{\"@id\":\"https:\\\/\\\/www.uartes.edu.ec\\\/sitio\\\/fr\\\/#\\\/schema\\\/logo\\\/image\\\/\"},\"sameAs\":[\"https:\\\/\\\/www.facebook.com\\\/uartesec\",\"https:\\\/\\\/x.com\\\/uartesec\",\"https:\\\/\\\/www.tiktok.com\\\/@uartesec\"]},{\"@type\":\"Person\",\"@id\":\"https:\\\/\\\/www.uartes.edu.ec\\\/sitio\\\/fr\\\/#\\\/schema\\\/person\\\/efa1b8275797664fd7f13a79ccc0b1f4\",\"name\":\"ccortez\",\"image\":{\"@type\":\"ImageObject\",\"inLanguage\":\"fr-FR\",\"@id\":\"https:\\\/\\\/secure.gravatar.com\\\/avatar\\\/b2a6f664a3ae8e074346ef91775736c5ec479e637ecced6842de9dc98b5da9cd?s=96&d=mm&r=g\",\"url\":\"https:\\\/\\\/secure.gravatar.com\\\/avatar\\\/b2a6f664a3ae8e074346ef91775736c5ec479e637ecced6842de9dc98b5da9cd?s=96&d=mm&r=g\",\"contentUrl\":\"https:\\\/\\\/secure.gravatar.com\\\/avatar\\\/b2a6f664a3ae8e074346ef91775736c5ec479e637ecced6842de9dc98b5da9cd?s=96&d=mm&r=g\",\"caption\":\"ccortez\"},\"url\":\"https:\\\/\\\/www.uartes.edu.ec\\\/sitio\\\/fr\\\/blog\\\/author\\\/ccortez\\\/\"}]}<\/script>\n<!-- \/ Yoast SEO plugin. -->","yoast_head_json":{"title":"Universidad de las Artes - En campa\u00f1a de lectura, Biblioteca de las Artes propone cuentos a domicilio","description":"Universidad de las Artes - En campa\u00f1a de lectura, Biblioteca de las Artes propone cuentos a domicilio","robots":{"index":"index","follow":"follow","max-snippet":"max-snippet:-1","max-image-preview":"max-image-preview:large","max-video-preview":"max-video-preview:-1"},"canonical":"https:\/\/www.uartes.edu.ec\/sitio\/fr\/blog\/2024\/01\/19\/cuentos-a-domicilio-con-la-ria-parte-de-la-campana-de-lectura-de-la-biblioteca-de-las-artes\/","og_locale":"fr_FR","og_type":"article","og_title":"Universidad de las Artes - En campa\u00f1a de lectura, Biblioteca de las Artes propone cuentos a domicilio","og_description":"Universidad de las Artes - En campa\u00f1a de lectura, Biblioteca de las Artes propone cuentos a domicilio","og_url":"https:\/\/www.uartes.edu.ec\/sitio\/fr\/blog\/2024\/01\/19\/cuentos-a-domicilio-con-la-ria-parte-de-la-campana-de-lectura-de-la-biblioteca-de-las-artes\/","og_site_name":"Universidad de las Artes","article_publisher":"https:\/\/www.facebook.com\/uartesec","article_published_time":"2024-01-19T18:25:51+00:00","article_modified_time":"2024-07-04T16:19:29+00:00","og_image":[{"width":2000,"height":1333,"url":"https:\/\/www.uartes.edu.ec\/sitio\/wp-content\/uploads\/2024\/01\/cuentos1111.jpg","type":"image\/jpeg"}],"author":"ccortez","twitter_card":"summary_large_image","twitter_creator":"@uartesec","twitter_site":"@uartesec","twitter_misc":{"\u00c9crit par":"ccortez","Dur\u00e9e de lecture estim\u00e9e":"2 minutes"},"schema":{"@context":"https:\/\/schema.org","@graph":[{"@type":"Article","@id":"https:\/\/www.uartes.edu.ec\/sitio\/fr\/blog\/2024\/01\/19\/cuentos-a-domicilio-con-la-ria-parte-de-la-campana-de-lectura-de-la-biblioteca-de-las-artes\/#article","isPartOf":{"@id":"https:\/\/www.uartes.edu.ec\/sitio\/fr\/blog\/2024\/01\/19\/cuentos-a-domicilio-con-la-ria-parte-de-la-campana-de-lectura-de-la-biblioteca-de-las-artes\/"},"author":{"name":"ccortez","@id":"https:\/\/www.uartes.edu.ec\/sitio\/fr\/#\/schema\/person\/efa1b8275797664fd7f13a79ccc0b1f4"},"headline":"En campa\u00f1a de lectura, Biblioteca de las Artes propone cuentos a domicilio","datePublished":"2024-01-19T18:25:51+00:00","dateModified":"2024-07-04T16:19:29+00:00","mainEntityOfPage":{"@id":"https:\/\/www.uartes.edu.ec\/sitio\/fr\/blog\/2024\/01\/19\/cuentos-a-domicilio-con-la-ria-parte-de-la-campana-de-lectura-de-la-biblioteca-de-las-artes\/"},"wordCount":503,"commentCount":0,"publisher":{"@id":"https:\/\/www.uartes.edu.ec\/sitio\/fr\/#organization"},"image":{"@id":"https:\/\/www.uartes.edu.ec\/sitio\/fr\/blog\/2024\/01\/19\/cuentos-a-domicilio-con-la-ria-parte-de-la-campana-de-lectura-de-la-biblioteca-de-las-artes\/#primaryimage"},"thumbnailUrl":"https:\/\/www.uartes.edu.ec\/sitio\/wp-content\/uploads\/2024\/01\/cuentos1111.jpg","keywords":["propuesta virtual"],"articleSection":["Acad\u00e9mico","Gesti\u00f3n","Servicios","V\u00ednculo"],"inLanguage":"fr-FR","potentialAction":[{"@type":"CommentAction","name":"Comment","target":["https:\/\/www.uartes.edu.ec\/sitio\/fr\/blog\/2024\/01\/19\/cuentos-a-domicilio-con-la-ria-parte-de-la-campana-de-lectura-de-la-biblioteca-de-las-artes\/#respond"]}]},{"@type":["WebPage","ItemPage"],"@id":"https:\/\/www.uartes.edu.ec\/sitio\/fr\/blog\/2024\/01\/19\/cuentos-a-domicilio-con-la-ria-parte-de-la-campana-de-lectura-de-la-biblioteca-de-las-artes\/","url":"https:\/\/www.uartes.edu.ec\/sitio\/fr\/blog\/2024\/01\/19\/cuentos-a-domicilio-con-la-ria-parte-de-la-campana-de-lectura-de-la-biblioteca-de-las-artes\/","name":"Universidad de las Artes - En campa\u00f1a de lectura, Biblioteca de las Artes propone cuentos a domicilio","isPartOf":{"@id":"https:\/\/www.uartes.edu.ec\/sitio\/fr\/#website"},"primaryImageOfPage":{"@id":"https:\/\/www.uartes.edu.ec\/sitio\/fr\/blog\/2024\/01\/19\/cuentos-a-domicilio-con-la-ria-parte-de-la-campana-de-lectura-de-la-biblioteca-de-las-artes\/#primaryimage"},"image":{"@id":"https:\/\/www.uartes.edu.ec\/sitio\/fr\/blog\/2024\/01\/19\/cuentos-a-domicilio-con-la-ria-parte-de-la-campana-de-lectura-de-la-biblioteca-de-las-artes\/#primaryimage"},"thumbnailUrl":"https:\/\/www.uartes.edu.ec\/sitio\/wp-content\/uploads\/2024\/01\/cuentos1111.jpg","datePublished":"2024-01-19T18:25:51+00:00","dateModified":"2024-07-04T16:19:29+00:00","description":"Universidad de las Artes - En campa\u00f1a de lectura, Biblioteca de las Artes propone cuentos a domicilio","breadcrumb":{"@id":"https:\/\/www.uartes.edu.ec\/sitio\/fr\/blog\/2024\/01\/19\/cuentos-a-domicilio-con-la-ria-parte-de-la-campana-de-lectura-de-la-biblioteca-de-las-artes\/#breadcrumb"},"inLanguage":"fr-FR","potentialAction":[{"@type":"ReadAction","target":["https:\/\/www.uartes.edu.ec\/sitio\/fr\/blog\/2024\/01\/19\/cuentos-a-domicilio-con-la-ria-parte-de-la-campana-de-lectura-de-la-biblioteca-de-las-artes\/"]}]},{"@type":"ImageObject","inLanguage":"fr-FR","@id":"https:\/\/www.uartes.edu.ec\/sitio\/fr\/blog\/2024\/01\/19\/cuentos-a-domicilio-con-la-ria-parte-de-la-campana-de-lectura-de-la-biblioteca-de-las-artes\/#primaryimage","url":"https:\/\/www.uartes.edu.ec\/sitio\/wp-content\/uploads\/2024\/01\/cuentos1111.jpg","contentUrl":"https:\/\/www.uartes.edu.ec\/sitio\/wp-content\/uploads\/2024\/01\/cuentos1111.jpg","width":2000,"height":1333},{"@type":"BreadcrumbList","@id":"https:\/\/www.uartes.edu.ec\/sitio\/fr\/blog\/2024\/01\/19\/cuentos-a-domicilio-con-la-ria-parte-de-la-campana-de-lectura-de-la-biblioteca-de-las-artes\/#breadcrumb","itemListElement":[{"@type":"ListItem","position":1,"name":"Inicio","item":"https:\/\/www.uartes.edu.ec\/sitio\/"},{"@type":"ListItem","position":2,"name":"En campa\u00f1a de lectura, Biblioteca de las Artes propone cuentos a domicilio"}]},{"@type":"WebSite","@id":"https:\/\/www.uartes.edu.ec\/sitio\/fr\/#website","url":"https:\/\/www.uartes.edu.ec\/sitio\/fr\/","name":"Universidad de las Artes","description":"Sitio oficial de la Universidad Nacional de las Artes del Ecuador","publisher":{"@id":"https:\/\/www.uartes.edu.ec\/sitio\/fr\/#organization"},"potentialAction":[{"@type":"SearchAction","target":{"@type":"EntryPoint","urlTemplate":"https:\/\/www.uartes.edu.ec\/sitio\/fr\/?s={search_term_string}"},"query-input":{"@type":"PropertyValueSpecification","valueRequired":true,"valueName":"search_term_string"}}],"inLanguage":"fr-FR"},{"@type":"Organization","@id":"https:\/\/www.uartes.edu.ec\/sitio\/fr\/#organization","name":"Universidad de las Artes","url":"https:\/\/www.uartes.edu.ec\/sitio\/fr\/","logo":{"@type":"ImageObject","inLanguage":"fr-FR","@id":"https:\/\/www.uartes.edu.ec\/sitio\/fr\/#\/schema\/logo\/image\/","url":"https:\/\/www.uartes.edu.ec\/sitio\/wp-content\/uploads\/2022\/07\/logo-ua-horizontal.png","contentUrl":"https:\/\/www.uartes.edu.ec\/sitio\/wp-content\/uploads\/2022\/07\/logo-ua-horizontal.png","width":800,"height":276,"caption":"Universidad de las Artes"},"image":{"@id":"https:\/\/www.uartes.edu.ec\/sitio\/fr\/#\/schema\/logo\/image\/"},"sameAs":["https:\/\/www.facebook.com\/uartesec","https:\/\/x.com\/uartesec","https:\/\/www.tiktok.com\/@uartesec"]},{"@type":"Person","@id":"https:\/\/www.uartes.edu.ec\/sitio\/fr\/#\/schema\/person\/efa1b8275797664fd7f13a79ccc0b1f4","name":"ccortez","image":{"@type":"ImageObject","inLanguage":"fr-FR","@id":"https:\/\/secure.gravatar.com\/avatar\/b2a6f664a3ae8e074346ef91775736c5ec479e637ecced6842de9dc98b5da9cd?s=96&d=mm&r=g","url":"https:\/\/secure.gravatar.com\/avatar\/b2a6f664a3ae8e074346ef91775736c5ec479e637ecced6842de9dc98b5da9cd?s=96&d=mm&r=g","contentUrl":"https:\/\/secure.gravatar.com\/avatar\/b2a6f664a3ae8e074346ef91775736c5ec479e637ecced6842de9dc98b5da9cd?s=96&d=mm&r=g","caption":"ccortez"},"url":"https:\/\/www.uartes.edu.ec\/sitio\/fr\/blog\/author\/ccortez\/"}]}},"uagb_featured_image_src":{"full":["https:\/\/www.uartes.edu.ec\/sitio\/wp-content\/uploads\/2024\/01\/cuentos1111.jpg",2000,1333,false],"thumbnail":["https:\/\/www.uartes.edu.ec\/sitio\/wp-content\/uploads\/2024\/01\/cuentos1111-150x150.jpg",150,150,true],"medium":["https:\/\/www.uartes.edu.ec\/sitio\/wp-content\/uploads\/2024\/01\/cuentos1111-300x200.jpg",300,200,true],"medium_large":["https:\/\/www.uartes.edu.ec\/sitio\/wp-content\/uploads\/2024\/01\/cuentos1111-768x512.jpg",768,512,true],"large":["https:\/\/www.uartes.edu.ec\/sitio\/wp-content\/uploads\/2024\/01\/cuentos1111-644x429.jpg",644,429,true],"1536x1536":["https:\/\/www.uartes.edu.ec\/sitio\/wp-content\/uploads\/2024\/01\/cuentos1111-1536x1024.jpg",1536,1024,true],"2048x2048":["https:\/\/www.uartes.edu.ec\/sitio\/wp-content\/uploads\/2024\/01\/cuentos1111.jpg",2000,1333,false],"trp-custom-language-flag":["https:\/\/www.uartes.edu.ec\/sitio\/wp-content\/uploads\/2024\/01\/cuentos1111.jpg",18,12,false],"htmega_size_585x295":["https:\/\/www.uartes.edu.ec\/sitio\/wp-content\/uploads\/2024\/01\/cuentos1111-585x295.jpg",585,295,true],"htmega_size_1170x536":["https:\/\/www.uartes.edu.ec\/sitio\/wp-content\/uploads\/2024\/01\/cuentos1111-1170x536.jpg",1170,536,true],"htmega_size_396x360":["https:\/\/www.uartes.edu.ec\/sitio\/wp-content\/uploads\/2024\/01\/cuentos1111-396x360.jpg",396,360,true],"gb-block-post-grid-landscape":["https:\/\/www.uartes.edu.ec\/sitio\/wp-content\/uploads\/2024\/01\/cuentos1111-600x400.jpg",600,400,true],"gb-block-post-grid-square":["https:\/\/www.uartes.edu.ec\/sitio\/wp-content\/uploads\/2024\/01\/cuentos1111-600x600.jpg",600,600,true],"university-hub-thumb":["https:\/\/www.uartes.edu.ec\/sitio\/wp-content\/uploads\/2024\/01\/cuentos1111-400x267.jpg",400,267,true],"mailpoet_newsletter_max":["https:\/\/www.uartes.edu.ec\/sitio\/wp-content\/uploads\/2024\/01\/cuentos1111.jpg",1320,880,false]},"uagb_author_info":{"display_name":"ccortez","author_link":"https:\/\/www.uartes.edu.ec\/sitio\/fr\/blog\/author\/ccortez\/"},"uagb_comment_info":0,"uagb_excerpt":"\u00bfTe gustar\u00eda leer cuentos en casa con nuestro fondo digital EBSCO? La pregunta con tintes de invitaci\u00f3n que hace en Facebook e Instagram la Biblioteca de las Artes se presenta como una gran oportunidad para que ni\u00f1os y ni\u00f1as puedan disfrutar estando en casa de lecturas que incentivar\u00e1n su creatividad y contribuir\u00e1n al conocimiento. \u201cCuentos\u2026","featured_image_src":"https:\/\/www.uartes.edu.ec\/sitio\/wp-content\/uploads\/2024\/01\/cuentos1111-600x400.jpg","featured_image_src_square":"https:\/\/www.uartes.edu.ec\/sitio\/wp-content\/uploads\/2024\/01\/cuentos1111-600x600.jpg","author_info":{"display_name":"ccortez","author_link":"https:\/\/www.uartes.edu.ec\/sitio\/fr\/blog\/author\/ccortez\/"},"publishpress_future_workflow_manual_trigger":{"enabledWorkflows":[]},"distributor_meta":false,"distributor_terms":false,"distributor_media":false,"distributor_original_site_name":"Universidad de las Artes","distributor_original_site_url":"https:\/\/www.uartes.edu.ec\/sitio\/fr","push-errors":false,"_links":{"self":[{"href":"https:\/\/www.uartes.edu.ec\/sitio\/fr\/wp-json\/wp\/v2\/posts\/50022","targetHints":{"allow":["GET"]}}],"collection":[{"href":"https:\/\/www.uartes.edu.ec\/sitio\/fr\/wp-json\/wp\/v2\/posts"}],"about":[{"href":"https:\/\/www.uartes.edu.ec\/sitio\/fr\/wp-json\/wp\/v2\/types\/post"}],"author":[{"embeddable":true,"href":"https:\/\/www.uartes.edu.ec\/sitio\/fr\/wp-json\/wp\/v2\/users\/10"}],"replies":[{"embeddable":true,"href":"https:\/\/www.uartes.edu.ec\/sitio\/fr\/wp-json\/wp\/v2\/comments?post=50022"}],"version-history":[{"count":12,"href":"https:\/\/www.uartes.edu.ec\/sitio\/fr\/wp-json\/wp\/v2\/posts\/50022\/revisions"}],"predecessor-version":[{"id":50046,"href":"https:\/\/www.uartes.edu.ec\/sitio\/fr\/wp-json\/wp\/v2\/posts\/50022\/revisions\/50046"}],"wp:featuredmedia":[{"embeddable":true,"href":"https:\/\/www.uartes.edu.ec\/sitio\/fr\/wp-json\/wp\/v2\/media\/50029"}],"wp:attachment":[{"href":"https:\/\/www.uartes.edu.ec\/sitio\/fr\/wp-json\/wp\/v2\/media?parent=50022"}],"wp:term":[{"taxonomy":"category","embeddable":true,"href":"https:\/\/www.uartes.edu.ec\/sitio\/fr\/wp-json\/wp\/v2\/categories?post=50022"},{"taxonomy":"post_tag","embeddable":true,"href":"https:\/\/www.uartes.edu.ec\/sitio\/fr\/wp-json\/wp\/v2\/tags?post=50022"},{"taxonomy":"infouartes","embeddable":true,"href":"https:\/\/www.uartes.edu.ec\/sitio\/fr\/wp-json\/wp\/v2\/infouartes?post=50022"}],"curies":[{"name":"wp","href":"https:\/\/api.w.org\/{rel}","templated":true}]}}