{"id":5017,"date":"2019-11-13T17:30:00","date_gmt":"2019-11-13T22:30:00","guid":{"rendered":"http:\/\/www.uartes.edu.ec\/sitio\/?p=5017"},"modified":"2024-07-04T11:49:01","modified_gmt":"2024-07-04T16:49:01","slug":"ceibadanza-y-sus-huellas-en-encuentro-escenico","status":"publish","type":"post","link":"https:\/\/www.uartes.edu.ec\/sitio\/fr\/blog\/2019\/11\/13\/ceibadanza-y-sus-huellas-en-encuentro-escenico\/","title":{"rendered":"Ceibadanza y sus \u201cHuellas\u201d en Encuentro Esc\u00e9nico"},"content":{"rendered":"<p>La obra \u201cHuellas\u201d,\ndirigida por Gabriela Garc\u00eda Reyes e interpretada por Miryan Rivera Castro,\nNataly Reyes Flores y Karina (Juan Reyes) \u2013con video, audio e iluminaci\u00f3n de\nRainer Christian Rosenbaum\u2013 es una propuesta y una protesta de mujeres fuertes,\npoderosas y libres frente a la injusticia hist\u00f3rica y social que nos recorre.\n\u201cHace referencia a lo imborrables que son nuestras huellas, porque son nuestras\nalmas las que bailan, habitan y construyen cada paso de la historia\u201d.<\/p>\n\n\n\n<p>As\u00ed rese\u00f1a\nla Compa\u00f1\u00eda Ceibadanza, de Manta, la pieza con la particip\u00f3 el lunes 11 de\nnoviembre en el II Encuentro Esc\u00e9nico, Memoria y Actualidad, organizada por la\nEscuela de Artes Esc\u00e9nicas de la Universidad de las Artes. El escenario fue\nMu\u00e9gano Teatro. All\u00ed comparti\u00f3 la cuarta jornada de la cita con la bailarina,\nensayista, directora y core\u00f3grafa Sandra G\u00f3mez (Cuenca).<\/p>\n\n\n\n<p>Ceibadanza\ntambi\u00e9n tuvo presencia ayer, martes 12 de noviembre, en el conversatorio que se\ndesarroll\u00f3 en la Galer\u00eda 4ta. Pared de la Biblioteca de las Artes.<\/p>\n\n\n\n<div class=\"wp-block-image\"><figure class=\"aligncenter size-large\"><img fetchpriority=\"high\" decoding=\"async\" width=\"644\" height=\"429\" src=\"http:\/\/www.uartes.edu.ec\/sitio\/wp-content\/uploads\/2019\/11\/Ceibo-danza-644x429.jpg\" alt=\"\" class=\"wp-image-5020\" srcset=\"https:\/\/www.uartes.edu.ec\/sitio\/wp-content\/uploads\/2019\/11\/Ceibo-danza-644x429.jpg 644w, https:\/\/www.uartes.edu.ec\/sitio\/wp-content\/uploads\/2019\/11\/Ceibo-danza-300x200.jpg 300w, https:\/\/www.uartes.edu.ec\/sitio\/wp-content\/uploads\/2019\/11\/Ceibo-danza-768x512.jpg 768w, https:\/\/www.uartes.edu.ec\/sitio\/wp-content\/uploads\/2019\/11\/Ceibo-danza-400x267.jpg 400w, https:\/\/www.uartes.edu.ec\/sitio\/wp-content\/uploads\/2019\/11\/Ceibo-danza-272x182.jpg 272w, https:\/\/www.uartes.edu.ec\/sitio\/wp-content\/uploads\/2019\/11\/Ceibo-danza.jpg 1500w\" sizes=\"(max-width: 644px) 100vw, 644px\" \/><\/figure><\/div>\n\n\n\n<p>La Compa\u00f1\u00eda\nCeibadanza salt\u00f3 a escena en octubre de 1998. Ha perfilado su trabajo en la\nb\u00fasqueda constante de un lenguaje esc\u00e9nico propio, construido por los m\u00faltiples\ntalleres, capacitaciones e inquietudes propias de sus bailarines. Difunde su\ntrabajo coreogr\u00e1fico y pedag\u00f3gico en los principales eventos de la ciudad\nmanabita y del pa\u00eds. Ha participado tambi\u00e9n festivales, encuentros y escenarios\nnacionales e internacionales; en el exterior, con M\u00e9xico, Per\u00fa y Estados Unidos.\nSu repertorio coreogr\u00e1fico es&nbsp;amplio y diverso. Destacan creaciones\npropias y los trabajos realizados con reconocidos core\u00f3grafos, como Jorge\nParra, Magdalena Brezzo, Alvin Mayes, entre otros.<\/p>","protected":false},"excerpt":{"rendered":"<p>La obra \u201cHuellas\u201d, dirigida por Gabriela Garc\u00eda Reyes e interpretada por Miryan Rivera Castro, Nataly Reyes Flores y Karina (Juan Reyes) \u2013con video, audio e iluminaci\u00f3n de Rainer Christian Rosenbaum\u2013 es una propuesta y una protesta de mujeres fuertes, poderosas y libres frente a la injusticia hist\u00f3rica y social que nos recorre. <\/p>","protected":false},"author":1,"featured_media":5021,"comment_status":"closed","ping_status":"closed","sticky":false,"template":"","format":"standard","meta":{"_acf_changed":false,"_uag_custom_page_level_css":"","_monsterinsights_skip_tracking":false,"_monsterinsights_sitenote_active":false,"_monsterinsights_sitenote_note":"","_monsterinsights_sitenote_category":0,"cybocfi_hide_featured_image":"","footnotes":""},"categories":[80,82,159,79],"tags":[168],"infouartes":[],"class_list":["post-5017","post","type-post","status-publish","format-standard","has-post-thumbnail","hentry","category-academico","category-artes","category-artes-escenicas","category-vinculo","tag-encuentro-escenico"],"acf":[],"yoast_head":"<!-- This site is optimized with the Yoast SEO plugin v27.4 - https:\/\/yoast.com\/product\/yoast-seo-wordpress\/ -->\n<title>Universidad de las Artes - Ceibadanza y sus \u201cHuellas\u201d en Encuentro Esc\u00e9nico<\/title>\n<meta name=\"description\" content=\"Universidad de las Artes - Ceibadanza y sus \u201cHuellas\u201d en Encuentro Esc\u00e9nico\" \/>\n<meta name=\"robots\" content=\"index, follow, max-snippet:-1, max-image-preview:large, max-video-preview:-1\" \/>\n<link rel=\"canonical\" href=\"https:\/\/www.uartes.edu.ec\/sitio\/fr\/blog\/2019\/11\/13\/ceibadanza-y-sus-huellas-en-encuentro-escenico\/\" \/>\n<meta property=\"og:locale\" content=\"fr_FR\" \/>\n<meta property=\"og:type\" content=\"article\" \/>\n<meta property=\"og:title\" content=\"Universidad de las Artes - Ceibadanza y sus \u201cHuellas\u201d en Encuentro Esc\u00e9nico\" \/>\n<meta property=\"og:description\" content=\"Universidad de las Artes - Ceibadanza y sus \u201cHuellas\u201d en Encuentro Esc\u00e9nico\" \/>\n<meta property=\"og:url\" content=\"https:\/\/www.uartes.edu.ec\/sitio\/fr\/blog\/2019\/11\/13\/ceibadanza-y-sus-huellas-en-encuentro-escenico\/\" \/>\n<meta property=\"og:site_name\" content=\"Universidad de las Artes\" \/>\n<meta property=\"article:publisher\" content=\"https:\/\/www.facebook.com\/uartesec\" \/>\n<meta property=\"article:published_time\" content=\"2019-11-13T22:30:00+00:00\" \/>\n<meta property=\"article:modified_time\" content=\"2024-07-04T16:49:01+00:00\" \/>\n<meta property=\"og:image\" content=\"https:\/\/www.uartes.edu.ec\/sitio\/wp-content\/uploads\/2019\/11\/Ceibo-danza-HUELLAS.jpg\" \/>\n\t<meta property=\"og:image:width\" content=\"1500\" \/>\n\t<meta property=\"og:image:height\" content=\"1000\" \/>\n\t<meta property=\"og:image:type\" content=\"image\/jpeg\" \/>\n<meta name=\"author\" content=\"Universidad de las Artes\" \/>\n<meta name=\"twitter:card\" content=\"summary_large_image\" \/>\n<meta name=\"twitter:creator\" content=\"@uartesec\" \/>\n<meta name=\"twitter:site\" content=\"@uartesec\" \/>\n<meta name=\"twitter:label1\" content=\"\u00c9crit par\" \/>\n\t<meta name=\"twitter:data1\" content=\"Universidad de las Artes\" \/>\n\t<meta name=\"twitter:label2\" content=\"Dur\u00e9e de lecture estim\u00e9e\" \/>\n\t<meta name=\"twitter:data2\" content=\"1 minute\" \/>\n<script type=\"application\/ld+json\" class=\"yoast-schema-graph\">{\"@context\":\"https:\\\/\\\/schema.org\",\"@graph\":[{\"@type\":\"Article\",\"@id\":\"https:\\\/\\\/www.uartes.edu.ec\\\/sitio\\\/fr\\\/blog\\\/2019\\\/11\\\/13\\\/ceibadanza-y-sus-huellas-en-encuentro-escenico\\\/#article\",\"isPartOf\":{\"@id\":\"https:\\\/\\\/www.uartes.edu.ec\\\/sitio\\\/fr\\\/blog\\\/2019\\\/11\\\/13\\\/ceibadanza-y-sus-huellas-en-encuentro-escenico\\\/\"},\"author\":{\"name\":\"Universidad de las Artes\",\"@id\":\"https:\\\/\\\/www.uartes.edu.ec\\\/sitio\\\/fr\\\/#\\\/schema\\\/person\\\/f33f8c1d2af0d5c80a38c8abf458184a\"},\"headline\":\"Ceibadanza y sus \u201cHuellas\u201d en Encuentro Esc\u00e9nico\",\"datePublished\":\"2019-11-13T22:30:00+00:00\",\"dateModified\":\"2024-07-04T16:49:01+00:00\",\"mainEntityOfPage\":{\"@id\":\"https:\\\/\\\/www.uartes.edu.ec\\\/sitio\\\/fr\\\/blog\\\/2019\\\/11\\\/13\\\/ceibadanza-y-sus-huellas-en-encuentro-escenico\\\/\"},\"wordCount\":289,\"publisher\":{\"@id\":\"https:\\\/\\\/www.uartes.edu.ec\\\/sitio\\\/fr\\\/#organization\"},\"image\":{\"@id\":\"https:\\\/\\\/www.uartes.edu.ec\\\/sitio\\\/fr\\\/blog\\\/2019\\\/11\\\/13\\\/ceibadanza-y-sus-huellas-en-encuentro-escenico\\\/#primaryimage\"},\"thumbnailUrl\":\"https:\\\/\\\/www.uartes.edu.ec\\\/sitio\\\/wp-content\\\/uploads\\\/2019\\\/11\\\/Ceibo-danza-HUELLAS.jpg\",\"keywords\":[\"encuentro esc\u00e9nico\"],\"articleSection\":[\"Acad\u00e9mico\",\"Artes\",\"Artes Esc\u00e9nicas\",\"V\u00ednculo\"],\"inLanguage\":\"fr-FR\"},{\"@type\":[\"WebPage\",\"ItemPage\"],\"@id\":\"https:\\\/\\\/www.uartes.edu.ec\\\/sitio\\\/fr\\\/blog\\\/2019\\\/11\\\/13\\\/ceibadanza-y-sus-huellas-en-encuentro-escenico\\\/\",\"url\":\"https:\\\/\\\/www.uartes.edu.ec\\\/sitio\\\/fr\\\/blog\\\/2019\\\/11\\\/13\\\/ceibadanza-y-sus-huellas-en-encuentro-escenico\\\/\",\"name\":\"Universidad de las Artes - Ceibadanza y sus \u201cHuellas\u201d en Encuentro Esc\u00e9nico\",\"isPartOf\":{\"@id\":\"https:\\\/\\\/www.uartes.edu.ec\\\/sitio\\\/fr\\\/#website\"},\"primaryImageOfPage\":{\"@id\":\"https:\\\/\\\/www.uartes.edu.ec\\\/sitio\\\/fr\\\/blog\\\/2019\\\/11\\\/13\\\/ceibadanza-y-sus-huellas-en-encuentro-escenico\\\/#primaryimage\"},\"image\":{\"@id\":\"https:\\\/\\\/www.uartes.edu.ec\\\/sitio\\\/fr\\\/blog\\\/2019\\\/11\\\/13\\\/ceibadanza-y-sus-huellas-en-encuentro-escenico\\\/#primaryimage\"},\"thumbnailUrl\":\"https:\\\/\\\/www.uartes.edu.ec\\\/sitio\\\/wp-content\\\/uploads\\\/2019\\\/11\\\/Ceibo-danza-HUELLAS.jpg\",\"datePublished\":\"2019-11-13T22:30:00+00:00\",\"dateModified\":\"2024-07-04T16:49:01+00:00\",\"description\":\"Universidad de las Artes - Ceibadanza y sus \u201cHuellas\u201d en Encuentro Esc\u00e9nico\",\"breadcrumb\":{\"@id\":\"https:\\\/\\\/www.uartes.edu.ec\\\/sitio\\\/fr\\\/blog\\\/2019\\\/11\\\/13\\\/ceibadanza-y-sus-huellas-en-encuentro-escenico\\\/#breadcrumb\"},\"inLanguage\":\"fr-FR\",\"potentialAction\":[{\"@type\":\"ReadAction\",\"target\":[\"https:\\\/\\\/www.uartes.edu.ec\\\/sitio\\\/fr\\\/blog\\\/2019\\\/11\\\/13\\\/ceibadanza-y-sus-huellas-en-encuentro-escenico\\\/\"]}]},{\"@type\":\"ImageObject\",\"inLanguage\":\"fr-FR\",\"@id\":\"https:\\\/\\\/www.uartes.edu.ec\\\/sitio\\\/fr\\\/blog\\\/2019\\\/11\\\/13\\\/ceibadanza-y-sus-huellas-en-encuentro-escenico\\\/#primaryimage\",\"url\":\"https:\\\/\\\/www.uartes.edu.ec\\\/sitio\\\/wp-content\\\/uploads\\\/2019\\\/11\\\/Ceibo-danza-HUELLAS.jpg\",\"contentUrl\":\"https:\\\/\\\/www.uartes.edu.ec\\\/sitio\\\/wp-content\\\/uploads\\\/2019\\\/11\\\/Ceibo-danza-HUELLAS.jpg\",\"width\":1500,\"height\":1000},{\"@type\":\"BreadcrumbList\",\"@id\":\"https:\\\/\\\/www.uartes.edu.ec\\\/sitio\\\/fr\\\/blog\\\/2019\\\/11\\\/13\\\/ceibadanza-y-sus-huellas-en-encuentro-escenico\\\/#breadcrumb\",\"itemListElement\":[{\"@type\":\"ListItem\",\"position\":1,\"name\":\"Inicio\",\"item\":\"https:\\\/\\\/www.uartes.edu.ec\\\/sitio\\\/\"},{\"@type\":\"ListItem\",\"position\":2,\"name\":\"Ceibadanza y sus \u201cHuellas\u201d en Encuentro Esc\u00e9nico\"}]},{\"@type\":\"WebSite\",\"@id\":\"https:\\\/\\\/www.uartes.edu.ec\\\/sitio\\\/fr\\\/#website\",\"url\":\"https:\\\/\\\/www.uartes.edu.ec\\\/sitio\\\/fr\\\/\",\"name\":\"Universidad de las Artes\",\"description\":\"Sitio oficial de la Universidad Nacional de las Artes del Ecuador\",\"publisher\":{\"@id\":\"https:\\\/\\\/www.uartes.edu.ec\\\/sitio\\\/fr\\\/#organization\"},\"potentialAction\":[{\"@type\":\"SearchAction\",\"target\":{\"@type\":\"EntryPoint\",\"urlTemplate\":\"https:\\\/\\\/www.uartes.edu.ec\\\/sitio\\\/fr\\\/?s={search_term_string}\"},\"query-input\":{\"@type\":\"PropertyValueSpecification\",\"valueRequired\":true,\"valueName\":\"search_term_string\"}}],\"inLanguage\":\"fr-FR\"},{\"@type\":\"Organization\",\"@id\":\"https:\\\/\\\/www.uartes.edu.ec\\\/sitio\\\/fr\\\/#organization\",\"name\":\"Universidad de las Artes\",\"url\":\"https:\\\/\\\/www.uartes.edu.ec\\\/sitio\\\/fr\\\/\",\"logo\":{\"@type\":\"ImageObject\",\"inLanguage\":\"fr-FR\",\"@id\":\"https:\\\/\\\/www.uartes.edu.ec\\\/sitio\\\/fr\\\/#\\\/schema\\\/logo\\\/image\\\/\",\"url\":\"https:\\\/\\\/www.uartes.edu.ec\\\/sitio\\\/wp-content\\\/uploads\\\/2022\\\/07\\\/logo-ua-horizontal.png\",\"contentUrl\":\"https:\\\/\\\/www.uartes.edu.ec\\\/sitio\\\/wp-content\\\/uploads\\\/2022\\\/07\\\/logo-ua-horizontal.png\",\"width\":800,\"height\":276,\"caption\":\"Universidad de las Artes\"},\"image\":{\"@id\":\"https:\\\/\\\/www.uartes.edu.ec\\\/sitio\\\/fr\\\/#\\\/schema\\\/logo\\\/image\\\/\"},\"sameAs\":[\"https:\\\/\\\/www.facebook.com\\\/uartesec\",\"https:\\\/\\\/x.com\\\/uartesec\",\"https:\\\/\\\/www.tiktok.com\\\/@uartesec\"]},{\"@type\":\"Person\",\"@id\":\"https:\\\/\\\/www.uartes.edu.ec\\\/sitio\\\/fr\\\/#\\\/schema\\\/person\\\/f33f8c1d2af0d5c80a38c8abf458184a\",\"name\":\"Universidad de las Artes\",\"image\":{\"@type\":\"ImageObject\",\"inLanguage\":\"fr-FR\",\"@id\":\"https:\\\/\\\/secure.gravatar.com\\\/avatar\\\/52e4757902f5cfa5ac52d020e5be83cae5487519154b6c35482fe08d589f3c13?s=96&d=mm&r=g\",\"url\":\"https:\\\/\\\/secure.gravatar.com\\\/avatar\\\/52e4757902f5cfa5ac52d020e5be83cae5487519154b6c35482fe08d589f3c13?s=96&d=mm&r=g\",\"contentUrl\":\"https:\\\/\\\/secure.gravatar.com\\\/avatar\\\/52e4757902f5cfa5ac52d020e5be83cae5487519154b6c35482fe08d589f3c13?s=96&d=mm&r=g\",\"caption\":\"Universidad de las Artes\"},\"url\":\"https:\\\/\\\/www.uartes.edu.ec\\\/sitio\\\/fr\\\/blog\\\/author\\\/dircomadm\\\/\"}]}<\/script>\n<!-- \/ Yoast SEO plugin. -->","yoast_head_json":{"title":"Universidad de las Artes - Ceibadanza y sus \u201cHuellas\u201d en Encuentro Esc\u00e9nico","description":"Universidad de las Artes - Ceibadanza y sus \u201cHuellas\u201d en Encuentro Esc\u00e9nico","robots":{"index":"index","follow":"follow","max-snippet":"max-snippet:-1","max-image-preview":"max-image-preview:large","max-video-preview":"max-video-preview:-1"},"canonical":"https:\/\/www.uartes.edu.ec\/sitio\/fr\/blog\/2019\/11\/13\/ceibadanza-y-sus-huellas-en-encuentro-escenico\/","og_locale":"fr_FR","og_type":"article","og_title":"Universidad de las Artes - Ceibadanza y sus \u201cHuellas\u201d en Encuentro Esc\u00e9nico","og_description":"Universidad de las Artes - Ceibadanza y sus \u201cHuellas\u201d en Encuentro Esc\u00e9nico","og_url":"https:\/\/www.uartes.edu.ec\/sitio\/fr\/blog\/2019\/11\/13\/ceibadanza-y-sus-huellas-en-encuentro-escenico\/","og_site_name":"Universidad de las Artes","article_publisher":"https:\/\/www.facebook.com\/uartesec","article_published_time":"2019-11-13T22:30:00+00:00","article_modified_time":"2024-07-04T16:49:01+00:00","og_image":[{"width":1500,"height":1000,"url":"https:\/\/www.uartes.edu.ec\/sitio\/wp-content\/uploads\/2019\/11\/Ceibo-danza-HUELLAS.jpg","type":"image\/jpeg"}],"author":"Universidad de las Artes","twitter_card":"summary_large_image","twitter_creator":"@uartesec","twitter_site":"@uartesec","twitter_misc":{"\u00c9crit par":"Universidad de las Artes","Dur\u00e9e de lecture estim\u00e9e":"1 minute"},"schema":{"@context":"https:\/\/schema.org","@graph":[{"@type":"Article","@id":"https:\/\/www.uartes.edu.ec\/sitio\/fr\/blog\/2019\/11\/13\/ceibadanza-y-sus-huellas-en-encuentro-escenico\/#article","isPartOf":{"@id":"https:\/\/www.uartes.edu.ec\/sitio\/fr\/blog\/2019\/11\/13\/ceibadanza-y-sus-huellas-en-encuentro-escenico\/"},"author":{"name":"Universidad de las Artes","@id":"https:\/\/www.uartes.edu.ec\/sitio\/fr\/#\/schema\/person\/f33f8c1d2af0d5c80a38c8abf458184a"},"headline":"Ceibadanza y sus \u201cHuellas\u201d en Encuentro Esc\u00e9nico","datePublished":"2019-11-13T22:30:00+00:00","dateModified":"2024-07-04T16:49:01+00:00","mainEntityOfPage":{"@id":"https:\/\/www.uartes.edu.ec\/sitio\/fr\/blog\/2019\/11\/13\/ceibadanza-y-sus-huellas-en-encuentro-escenico\/"},"wordCount":289,"publisher":{"@id":"https:\/\/www.uartes.edu.ec\/sitio\/fr\/#organization"},"image":{"@id":"https:\/\/www.uartes.edu.ec\/sitio\/fr\/blog\/2019\/11\/13\/ceibadanza-y-sus-huellas-en-encuentro-escenico\/#primaryimage"},"thumbnailUrl":"https:\/\/www.uartes.edu.ec\/sitio\/wp-content\/uploads\/2019\/11\/Ceibo-danza-HUELLAS.jpg","keywords":["encuentro esc\u00e9nico"],"articleSection":["Acad\u00e9mico","Artes","Artes Esc\u00e9nicas","V\u00ednculo"],"inLanguage":"fr-FR"},{"@type":["WebPage","ItemPage"],"@id":"https:\/\/www.uartes.edu.ec\/sitio\/fr\/blog\/2019\/11\/13\/ceibadanza-y-sus-huellas-en-encuentro-escenico\/","url":"https:\/\/www.uartes.edu.ec\/sitio\/fr\/blog\/2019\/11\/13\/ceibadanza-y-sus-huellas-en-encuentro-escenico\/","name":"Universidad de las Artes - Ceibadanza y sus \u201cHuellas\u201d en Encuentro Esc\u00e9nico","isPartOf":{"@id":"https:\/\/www.uartes.edu.ec\/sitio\/fr\/#website"},"primaryImageOfPage":{"@id":"https:\/\/www.uartes.edu.ec\/sitio\/fr\/blog\/2019\/11\/13\/ceibadanza-y-sus-huellas-en-encuentro-escenico\/#primaryimage"},"image":{"@id":"https:\/\/www.uartes.edu.ec\/sitio\/fr\/blog\/2019\/11\/13\/ceibadanza-y-sus-huellas-en-encuentro-escenico\/#primaryimage"},"thumbnailUrl":"https:\/\/www.uartes.edu.ec\/sitio\/wp-content\/uploads\/2019\/11\/Ceibo-danza-HUELLAS.jpg","datePublished":"2019-11-13T22:30:00+00:00","dateModified":"2024-07-04T16:49:01+00:00","description":"Universidad de las Artes - Ceibadanza y sus \u201cHuellas\u201d en Encuentro Esc\u00e9nico","breadcrumb":{"@id":"https:\/\/www.uartes.edu.ec\/sitio\/fr\/blog\/2019\/11\/13\/ceibadanza-y-sus-huellas-en-encuentro-escenico\/#breadcrumb"},"inLanguage":"fr-FR","potentialAction":[{"@type":"ReadAction","target":["https:\/\/www.uartes.edu.ec\/sitio\/fr\/blog\/2019\/11\/13\/ceibadanza-y-sus-huellas-en-encuentro-escenico\/"]}]},{"@type":"ImageObject","inLanguage":"fr-FR","@id":"https:\/\/www.uartes.edu.ec\/sitio\/fr\/blog\/2019\/11\/13\/ceibadanza-y-sus-huellas-en-encuentro-escenico\/#primaryimage","url":"https:\/\/www.uartes.edu.ec\/sitio\/wp-content\/uploads\/2019\/11\/Ceibo-danza-HUELLAS.jpg","contentUrl":"https:\/\/www.uartes.edu.ec\/sitio\/wp-content\/uploads\/2019\/11\/Ceibo-danza-HUELLAS.jpg","width":1500,"height":1000},{"@type":"BreadcrumbList","@id":"https:\/\/www.uartes.edu.ec\/sitio\/fr\/blog\/2019\/11\/13\/ceibadanza-y-sus-huellas-en-encuentro-escenico\/#breadcrumb","itemListElement":[{"@type":"ListItem","position":1,"name":"Inicio","item":"https:\/\/www.uartes.edu.ec\/sitio\/"},{"@type":"ListItem","position":2,"name":"Ceibadanza y sus \u201cHuellas\u201d en Encuentro Esc\u00e9nico"}]},{"@type":"WebSite","@id":"https:\/\/www.uartes.edu.ec\/sitio\/fr\/#website","url":"https:\/\/www.uartes.edu.ec\/sitio\/fr\/","name":"Universidad de las Artes","description":"Sitio oficial de la Universidad Nacional de las Artes del Ecuador","publisher":{"@id":"https:\/\/www.uartes.edu.ec\/sitio\/fr\/#organization"},"potentialAction":[{"@type":"SearchAction","target":{"@type":"EntryPoint","urlTemplate":"https:\/\/www.uartes.edu.ec\/sitio\/fr\/?s={search_term_string}"},"query-input":{"@type":"PropertyValueSpecification","valueRequired":true,"valueName":"search_term_string"}}],"inLanguage":"fr-FR"},{"@type":"Organization","@id":"https:\/\/www.uartes.edu.ec\/sitio\/fr\/#organization","name":"Universidad de las Artes","url":"https:\/\/www.uartes.edu.ec\/sitio\/fr\/","logo":{"@type":"ImageObject","inLanguage":"fr-FR","@id":"https:\/\/www.uartes.edu.ec\/sitio\/fr\/#\/schema\/logo\/image\/","url":"https:\/\/www.uartes.edu.ec\/sitio\/wp-content\/uploads\/2022\/07\/logo-ua-horizontal.png","contentUrl":"https:\/\/www.uartes.edu.ec\/sitio\/wp-content\/uploads\/2022\/07\/logo-ua-horizontal.png","width":800,"height":276,"caption":"Universidad de las Artes"},"image":{"@id":"https:\/\/www.uartes.edu.ec\/sitio\/fr\/#\/schema\/logo\/image\/"},"sameAs":["https:\/\/www.facebook.com\/uartesec","https:\/\/x.com\/uartesec","https:\/\/www.tiktok.com\/@uartesec"]},{"@type":"Person","@id":"https:\/\/www.uartes.edu.ec\/sitio\/fr\/#\/schema\/person\/f33f8c1d2af0d5c80a38c8abf458184a","name":"Universidad de las Artes","image":{"@type":"ImageObject","inLanguage":"fr-FR","@id":"https:\/\/secure.gravatar.com\/avatar\/52e4757902f5cfa5ac52d020e5be83cae5487519154b6c35482fe08d589f3c13?s=96&d=mm&r=g","url":"https:\/\/secure.gravatar.com\/avatar\/52e4757902f5cfa5ac52d020e5be83cae5487519154b6c35482fe08d589f3c13?s=96&d=mm&r=g","contentUrl":"https:\/\/secure.gravatar.com\/avatar\/52e4757902f5cfa5ac52d020e5be83cae5487519154b6c35482fe08d589f3c13?s=96&d=mm&r=g","caption":"Universidad de las Artes"},"url":"https:\/\/www.uartes.edu.ec\/sitio\/fr\/blog\/author\/dircomadm\/"}]}},"uagb_featured_image_src":{"full":["https:\/\/www.uartes.edu.ec\/sitio\/wp-content\/uploads\/2019\/11\/Ceibo-danza-HUELLAS.jpg",1500,1000,false],"thumbnail":["https:\/\/www.uartes.edu.ec\/sitio\/wp-content\/uploads\/2019\/11\/Ceibo-danza-HUELLAS-150x150.jpg",150,150,true],"medium":["https:\/\/www.uartes.edu.ec\/sitio\/wp-content\/uploads\/2019\/11\/Ceibo-danza-HUELLAS-300x200.jpg",300,200,true],"medium_large":["https:\/\/www.uartes.edu.ec\/sitio\/wp-content\/uploads\/2019\/11\/Ceibo-danza-HUELLAS-768x512.jpg",768,512,true],"large":["https:\/\/www.uartes.edu.ec\/sitio\/wp-content\/uploads\/2019\/11\/Ceibo-danza-HUELLAS-644x429.jpg",644,429,true],"1536x1536":["https:\/\/www.uartes.edu.ec\/sitio\/wp-content\/uploads\/2019\/11\/Ceibo-danza-HUELLAS.jpg",1500,1000,false],"2048x2048":["https:\/\/www.uartes.edu.ec\/sitio\/wp-content\/uploads\/2019\/11\/Ceibo-danza-HUELLAS.jpg",1500,1000,false],"trp-custom-language-flag":["https:\/\/www.uartes.edu.ec\/sitio\/wp-content\/uploads\/2019\/11\/Ceibo-danza-HUELLAS.jpg",18,12,false],"htmega_size_585x295":["https:\/\/www.uartes.edu.ec\/sitio\/wp-content\/uploads\/2019\/11\/Ceibo-danza-HUELLAS.jpg",443,295,false],"htmega_size_1170x536":["https:\/\/www.uartes.edu.ec\/sitio\/wp-content\/uploads\/2019\/11\/Ceibo-danza-HUELLAS.jpg",804,536,false],"htmega_size_396x360":["https:\/\/www.uartes.edu.ec\/sitio\/wp-content\/uploads\/2019\/11\/Ceibo-danza-HUELLAS.jpg",396,264,false],"gb-block-post-grid-landscape":["https:\/\/www.uartes.edu.ec\/sitio\/wp-content\/uploads\/2019\/11\/Ceibo-danza-HUELLAS.jpg",600,400,false],"gb-block-post-grid-square":["https:\/\/www.uartes.edu.ec\/sitio\/wp-content\/uploads\/2019\/11\/Ceibo-danza-HUELLAS.jpg",600,400,false],"university-hub-thumb":["https:\/\/www.uartes.edu.ec\/sitio\/wp-content\/uploads\/2019\/11\/Ceibo-danza-HUELLAS-400x267.jpg",400,267,true],"mailpoet_newsletter_max":["https:\/\/www.uartes.edu.ec\/sitio\/wp-content\/uploads\/2019\/11\/Ceibo-danza-HUELLAS.jpg",1320,880,false]},"uagb_author_info":{"display_name":"Universidad de las Artes","author_link":"https:\/\/www.uartes.edu.ec\/sitio\/fr\/blog\/author\/dircomadm\/"},"uagb_comment_info":0,"uagb_excerpt":"La obra \u201cHuellas\u201d, dirigida por Gabriela Garc\u00eda Reyes e interpretada por Miryan Rivera Castro, Nataly Reyes Flores y Karina (Juan Reyes) \u2013con video, audio e iluminaci\u00f3n de Rainer Christian Rosenbaum\u2013 es una propuesta y una protesta de mujeres fuertes, poderosas y libres frente a la injusticia hist\u00f3rica y social que nos recorre.","featured_image_src":"https:\/\/www.uartes.edu.ec\/sitio\/wp-content\/uploads\/2019\/11\/Ceibo-danza-HUELLAS.jpg","featured_image_src_square":"https:\/\/www.uartes.edu.ec\/sitio\/wp-content\/uploads\/2019\/11\/Ceibo-danza-HUELLAS.jpg","author_info":{"display_name":"Universidad de las Artes","author_link":"https:\/\/www.uartes.edu.ec\/sitio\/fr\/blog\/author\/dircomadm\/"},"publishpress_future_workflow_manual_trigger":{"enabledWorkflows":[]},"distributor_meta":false,"distributor_terms":false,"distributor_media":false,"distributor_original_site_name":"Universidad de las Artes","distributor_original_site_url":"https:\/\/www.uartes.edu.ec\/sitio\/fr","push-errors":false,"_links":{"self":[{"href":"https:\/\/www.uartes.edu.ec\/sitio\/fr\/wp-json\/wp\/v2\/posts\/5017","targetHints":{"allow":["GET"]}}],"collection":[{"href":"https:\/\/www.uartes.edu.ec\/sitio\/fr\/wp-json\/wp\/v2\/posts"}],"about":[{"href":"https:\/\/www.uartes.edu.ec\/sitio\/fr\/wp-json\/wp\/v2\/types\/post"}],"author":[{"embeddable":true,"href":"https:\/\/www.uartes.edu.ec\/sitio\/fr\/wp-json\/wp\/v2\/users\/1"}],"replies":[{"embeddable":true,"href":"https:\/\/www.uartes.edu.ec\/sitio\/fr\/wp-json\/wp\/v2\/comments?post=5017"}],"version-history":[{"count":2,"href":"https:\/\/www.uartes.edu.ec\/sitio\/fr\/wp-json\/wp\/v2\/posts\/5017\/revisions"}],"predecessor-version":[{"id":57712,"href":"https:\/\/www.uartes.edu.ec\/sitio\/fr\/wp-json\/wp\/v2\/posts\/5017\/revisions\/57712"}],"wp:featuredmedia":[{"embeddable":true,"href":"https:\/\/www.uartes.edu.ec\/sitio\/fr\/wp-json\/wp\/v2\/media\/5021"}],"wp:attachment":[{"href":"https:\/\/www.uartes.edu.ec\/sitio\/fr\/wp-json\/wp\/v2\/media?parent=5017"}],"wp:term":[{"taxonomy":"category","embeddable":true,"href":"https:\/\/www.uartes.edu.ec\/sitio\/fr\/wp-json\/wp\/v2\/categories?post=5017"},{"taxonomy":"post_tag","embeddable":true,"href":"https:\/\/www.uartes.edu.ec\/sitio\/fr\/wp-json\/wp\/v2\/tags?post=5017"},{"taxonomy":"infouartes","embeddable":true,"href":"https:\/\/www.uartes.edu.ec\/sitio\/fr\/wp-json\/wp\/v2\/infouartes?post=5017"}],"curies":[{"name":"wp","href":"https:\/\/api.w.org\/{rel}","templated":true}]}}