{"id":5027,"date":"2019-11-15T15:50:52","date_gmt":"2019-11-15T20:50:52","guid":{"rendered":"http:\/\/www.uartes.edu.ec\/sitio\/?p=5027"},"modified":"2024-07-04T11:49:01","modified_gmt":"2024-07-04T16:49:01","slug":"alexander-el-curioso-explorador-dio-inicio-a-interactitos","status":"publish","type":"post","link":"https:\/\/www.uartes.edu.ec\/sitio\/fr\/blog\/2019\/11\/15\/alexander-el-curioso-explorador-dio-inicio-a-interactitos\/","title":{"rendered":"Con el cuento \u201cAlexander, el curioso explorador\u201d se dio inicio en la Sala R\u00eda al encuentro infantil Interactitos 2019"},"content":{"rendered":"<p class=\"has-text-align-right\"><em>La tem\u00e1tica del Encuentro Infantil de Arte es la ecolog\u00eda. Se inaugura hoy, a las 15:00, y extender\u00e1 hasta el domingo 17 de noviembre. Habr\u00e1 actividades de artes esc\u00e9nicas, pintura, literatura, cine y m\u00fasica. El grupo colombiano Un Bosque Encantado ofrecer\u00e1 conciertos. Para ingresar hay que llevar una botella para reciclar y un libro para la biblioteca de Monte Sina\u00ed. <\/em><\/p>\n\n\n\n<p>La sala R\u00eda, ubicada en la planta baja de la Biblioteca de las\nArtes, luce como un gran bosque, como un lugar encantado que invita a ser\nexplorado, a ser descubierto. As\u00ed la vistieron los organizadores de\nInteractitos, el Encuentro Infantil de Artes que se inici\u00f3 a las 11h00 de hoy,\nviernes 15 de noviembre, con la lectura que del cuento \u201cAlexander, el curioso\nexplorador\u201d hizo Mar\u00eda Gabriela Ottati, su autora.<\/p>\n\n\n\n<p>Sentada en medio de un escenario con un cortinaje negro de fondo y\nacompa\u00f1ada por un t\u00edtere llamado Mario, la educadora empez\u00f3 su di\u00e1logo con ni\u00f1as\ny ni\u00f1os, de 5 a 11 a\u00f1os, estudiantes de la Unidad Educativa Millenium, Medalla\nMilagrosa y la Fundaci\u00f3n de Desarrollo Social Ideas.<\/p>\n\n\n\n<p>A los escolares y sus maestras los invit\u00f3 a abrir sus corazones\npara escuchar acerca de las aventuras de Alexander von Humboldt, un curioso\nexplorador que emprendi\u00f3 un viaje por pa\u00edses nuevos y viejos, escal\u00f3 monta\u00f1as,\ncruz\u00f3 r\u00edos, corrientes y selvas. Subi\u00f3 al Chimborazo con zapatos de suela,\ndijo, y pregunt\u00f3 d\u00f3nde quedaba el volc\u00e1n. Los m\u00e1s peque\u00f1os titubearon al\nresponder. Los m\u00e1s grandes, con edades entre 10 y 11 a\u00f1os, indicaron que en la\nprovincia de igual nombre. <\/p>\n\n\n\n<p>La lectura que de su cuento hizo Mar\u00eda Gabriela Ottati fue\ninteractiva. Sosteniendo el libro, de gran formato, recorri\u00f3 p\u00e1gina por p\u00e1gina\nsu contenido. A los oyentes m\u00e1s grandes les indic\u00f3 que los cuentos son para\ntodos, incluso para los que pasan de los 40 a\u00f1os. Solo hay que abrir los o\u00eddos\ny el coraz\u00f3n. Que su obra estaba llena de aventuras, exploraci\u00f3n y\ndescubrimientos, agreg\u00f3 y mencion\u00f3 que Alexander von Humboldt escribi\u00f3 muchos\nlibros, libros gordos que han le\u00eddo muchas personas. Es gracias a esa laboriosa\nred creada por el ge\u00f3grafo, astr\u00f3nomo, humanista y naturalista alem\u00e1n que los\nconocimientos y toma de conciencia nos atraparon a todos. <\/p>\n\n\n\n<p>Mario, el t\u00edtere, no paraba de hacer preguntas ni de maravillarse\ncon el relato. Y por una de sus inquietudes es que la escritora pregunt\u00f3 a sus\npeque\u00f1os oyentes qu\u00e9 habr\u00eda llevado Alexander von Humboldt en su mochila\nviajera. Unos gritaron \u201cagua\u201d, otros \u201ccomida\u201d, Mar\u00eda Gabriela Ottati asinti\u00f3 y agreg\u00f3\nque tambi\u00e9n una br\u00fajula. Siempre se puede ser explorador, refiri\u00f3 e invit\u00f3 a la\naudiencia a explorar los libros de R\u00eda, en la Biblioteca de las Artes; a las\nmaestras encomend\u00f3 ense\u00f1ar m\u00e1s sobre Alexander von Humboldt.<\/p>\n\n\n\n<p><strong>Amazona\nLilacina<\/strong><\/p>\n\n\n\n<p>Ni bien terminado el cuento, los escolares pusieron en pr\u00e1ctica la\nrecomendaci\u00f3n y comenzaron a recorrer R\u00eda. As\u00ed es como llegaron al stand de Amazona\nLilacina, una lorita end\u00e9mica por la cual se cre\u00f3 un proyecto para evitar la\nextinci\u00f3n de las aves. \u201cEs una iniciativa viajera porque llegamos a las\ncomunidades, en especial las rurales, para crear conciencia de lo que est\u00e1\nocurriendo. Hemos aprovechado esta oportunidad para dirigirnos a otros p\u00fablicos\ny crear conciencia\u201d, se\u00f1al\u00f3 Ivette Sol\u00eds, la bi\u00f3loga que dirige la cruzada,\nfinanciada por un zool\u00f3gico de Inglaterra y otro de Guayaquil.<\/p>\n\n\n<div class=\"wp-block-image\">\n<figure class=\"aligncenter size-large\"><img fetchpriority=\"high\" decoding=\"async\" width=\"644\" height=\"415\" src=\"http:\/\/www.uartes.edu.ec\/sitio\/wp-content\/uploads\/2019\/11\/amazona1-644x415.jpeg\" alt=\"\" class=\"wp-image-5029\" srcset=\"https:\/\/www.uartes.edu.ec\/sitio\/wp-content\/uploads\/2019\/11\/amazona1-644x415.jpeg 644w, https:\/\/www.uartes.edu.ec\/sitio\/wp-content\/uploads\/2019\/11\/amazona1-300x193.jpeg 300w, https:\/\/www.uartes.edu.ec\/sitio\/wp-content\/uploads\/2019\/11\/amazona1-768x495.jpeg 768w, https:\/\/www.uartes.edu.ec\/sitio\/wp-content\/uploads\/2019\/11\/amazona1-400x258.jpeg 400w, https:\/\/www.uartes.edu.ec\/sitio\/wp-content\/uploads\/2019\/11\/amazona1.jpeg 1280w\" sizes=\"(max-width: 644px) 100vw, 644px\" \/><\/figure>\n<\/div>\n\n\n<p>\u201cAmazona Lilacina es la especie bandera. La mayor\u00eda de loros est\u00e1n\nen peligro de extinci\u00f3n por el tr\u00e1fico ilegal y el mascotismo. Tambi\u00e9n protegemos\nsu h\u00e1bitat, el bosque seco y el manglar\u201d, coment\u00f3 y revel\u00f3 que a Interactitos\nllev\u00f3 folletos para que los lectores puedan identificar a los loros; una\nmuestra de semillas para hacer \u00e9nfasis en el bosque seco, el manglar y sus\namenazas; y la propuesta de que ni\u00f1as y ni\u00f1os escribieran un deseo del tema.\nAcompa\u00f1an a Ivette Sol\u00eds en el stand Jorge Abad y Mar\u00eda Fernanda Rodr\u00edguez, pasantes\nde la Facultad de Ciencias Naturales de la Universidad de Guayaquil, y en la\nproducci\u00f3n audiovisual Frank Chambers, de la Escuela de Artes Visuales de la\nUniversidad de las Artes.<\/p>\n\n\n<div class=\"wp-block-image\">\n<figure class=\"aligncenter size-large\"><img decoding=\"async\" width=\"644\" height=\"429\" src=\"http:\/\/www.uartes.edu.ec\/sitio\/wp-content\/uploads\/2019\/11\/amazona2-644x429.jpeg\" alt=\"\" class=\"wp-image-5030\" srcset=\"https:\/\/www.uartes.edu.ec\/sitio\/wp-content\/uploads\/2019\/11\/amazona2-644x429.jpeg 644w, https:\/\/www.uartes.edu.ec\/sitio\/wp-content\/uploads\/2019\/11\/amazona2-300x200.jpeg 300w, https:\/\/www.uartes.edu.ec\/sitio\/wp-content\/uploads\/2019\/11\/amazona2-768x512.jpeg 768w, https:\/\/www.uartes.edu.ec\/sitio\/wp-content\/uploads\/2019\/11\/amazona2-400x267.jpeg 400w, https:\/\/www.uartes.edu.ec\/sitio\/wp-content\/uploads\/2019\/11\/amazona2-272x182.jpeg 272w, https:\/\/www.uartes.edu.ec\/sitio\/wp-content\/uploads\/2019\/11\/amazona2.jpeg 1280w\" sizes=\"(max-width: 644px) 100vw, 644px\" \/><\/figure>\n<\/div>\n\n\n<p><strong>Instalaci\u00f3n\nvisual-sonora<\/strong><\/p>\n\n\n\n<p>Otro stand presente en el Encuentro Infantil de Artes es una instalaci\u00f3n\nvisual-sonora para que ni\u00f1as y ni\u00f1os al ver las im\u00e1genes en una pantalla\nbusquen el sonido acorde; participan Ruth Cruz, Mar\u00eda Grazzia y Juan Ripalda.<\/p>\n\n\n<div class=\"wp-block-image\">\n<figure class=\"aligncenter size-large\"><img decoding=\"async\" width=\"644\" height=\"401\" src=\"http:\/\/www.uartes.edu.ec\/sitio\/wp-content\/uploads\/2019\/11\/visualsonora-644x401.jpeg\" alt=\"\" class=\"wp-image-5031\" srcset=\"https:\/\/www.uartes.edu.ec\/sitio\/wp-content\/uploads\/2019\/11\/visualsonora-644x401.jpeg 644w, https:\/\/www.uartes.edu.ec\/sitio\/wp-content\/uploads\/2019\/11\/visualsonora-300x187.jpeg 300w, https:\/\/www.uartes.edu.ec\/sitio\/wp-content\/uploads\/2019\/11\/visualsonora-768x478.jpeg 768w, https:\/\/www.uartes.edu.ec\/sitio\/wp-content\/uploads\/2019\/11\/visualsonora-400x249.jpeg 400w, https:\/\/www.uartes.edu.ec\/sitio\/wp-content\/uploads\/2019\/11\/visualsonora.jpeg 1280w\" sizes=\"(max-width: 644px) 100vw, 644px\" \/><\/figure>\n<\/div>\n\n\n<p><strong>Agenda y mentalizadores<\/strong><\/p>\n\n\n\n<p>Interactitos se inaugura hoy, a las 15h00; a las 16h30, se\ndesarrollar\u00e1 el conversatorio \u201cEl arte como accidente creativo que posibilita\notra manera de crecer en el mundo\u201d, con Marcelo Leyton. Tambi\u00e9n desde las 16h30\nse desarrollar\u00e1 el taller \u201cHerramientas l\u00fadicas para crear canciones para ni\u00f1os\u201d,\na cargo del grupo colombiano Un Bosque Encantado, que se caracteriza en los\nescenarios por interpretar m\u00fasica infantil.<\/p>\n\n\n\n<p>La cita se extender\u00e1 hasta el 17 de noviembre, con actividades\ndesde las 09h00, el s\u00e1bado, y 10h00, el domingo. Estas son de artes esc\u00e9nicas,\npintura, literatura, cine y m\u00fasica para divertirse en familia, se\u00f1alan sus\nmentalizadores: Mariuxi Alem\u00e1n, Cecilia Salazar, Malena Goya, Charles Bonilla y\nDiego Camacho, estudiantes de las carreras de Cine, Creaci\u00f3n Teatral y\nProducci\u00f3n Musical y Sonora de la Universidad de las Artes.<\/p>","protected":false},"excerpt":{"rendered":"<p>La Sala R\u00eda, ubicada en la planta baja de la Biblioteca de las Artes, luce como un gran bosque, como un lugar encantado que invita a ser explorado, a ser descubierto. As\u00ed la vistieron los organizadores de Interactitos, el Encuentro Infantil de Artes que se inici\u00f3 a las 11:00 de hoy, viernes 15 de noviembre, con la lectura que del cuento \u201cAlexander, el curioso explorador\u201d hizo Mar\u00eda Gabriela Ottati, quien es su autora.<\/p>","protected":false},"author":1,"featured_media":5028,"comment_status":"closed","ping_status":"closed","sticky":false,"template":"","format":"standard","meta":{"_acf_changed":false,"_uag_custom_page_level_css":"","_monsterinsights_skip_tracking":false,"_monsterinsights_sitenote_active":false,"_monsterinsights_sitenote_note":"","_monsterinsights_sitenote_category":0,"cybocfi_hide_featured_image":"","footnotes":""},"categories":[79],"tags":[171],"infouartes":[],"class_list":["post-5027","post","type-post","status-publish","format-standard","has-post-thumbnail","hentry","category-vinculo","tag-interactitos"],"acf":[],"yoast_head":"<!-- This site is optimized with the Yoast SEO plugin v27.4 - https:\/\/yoast.com\/product\/yoast-seo-wordpress\/ -->\n<title>Universidad de las Artes - Con el cuento \u201cAlexander, el curioso explorador\u201d se dio inicio en la Sala R\u00eda al encuentro infantil Interactitos 2019<\/title>\n<meta name=\"description\" content=\"Universidad de las Artes - Con el cuento \u201cAlexander, el curioso explorador\u201d se dio inicio en la Sala R\u00eda al encuentro infantil Interactitos 2019\" \/>\n<meta name=\"robots\" content=\"index, follow, max-snippet:-1, max-image-preview:large, max-video-preview:-1\" \/>\n<link rel=\"canonical\" href=\"https:\/\/www.uartes.edu.ec\/sitio\/fr\/blog\/2019\/11\/15\/alexander-el-curioso-explorador-dio-inicio-a-interactitos\/\" \/>\n<meta property=\"og:locale\" content=\"fr_FR\" \/>\n<meta property=\"og:type\" content=\"article\" \/>\n<meta property=\"og:title\" content=\"Universidad de las Artes - Con el cuento \u201cAlexander, el curioso explorador\u201d se dio inicio en la Sala R\u00eda al encuentro infantil Interactitos 2019\" \/>\n<meta property=\"og:description\" content=\"Universidad de las Artes - Con el cuento \u201cAlexander, el curioso explorador\u201d se dio inicio en la Sala R\u00eda al encuentro infantil Interactitos 2019\" \/>\n<meta property=\"og:url\" content=\"https:\/\/www.uartes.edu.ec\/sitio\/fr\/blog\/2019\/11\/15\/alexander-el-curioso-explorador-dio-inicio-a-interactitos\/\" \/>\n<meta property=\"og:site_name\" content=\"Universidad de las Artes\" \/>\n<meta property=\"article:publisher\" content=\"https:\/\/www.facebook.com\/uartesec\" \/>\n<meta property=\"article:published_time\" content=\"2019-11-15T20:50:52+00:00\" \/>\n<meta property=\"article:modified_time\" content=\"2024-07-04T16:49:01+00:00\" \/>\n<meta property=\"og:image\" content=\"https:\/\/www.uartes.edu.ec\/sitio\/wp-content\/uploads\/2019\/11\/otatti.jpeg\" \/>\n\t<meta property=\"og:image:width\" content=\"1280\" \/>\n\t<meta property=\"og:image:height\" content=\"960\" \/>\n\t<meta property=\"og:image:type\" content=\"image\/jpeg\" \/>\n<meta name=\"author\" content=\"Universidad de las Artes\" \/>\n<meta name=\"twitter:card\" content=\"summary_large_image\" \/>\n<meta name=\"twitter:creator\" content=\"@uartesec\" \/>\n<meta name=\"twitter:site\" content=\"@uartesec\" \/>\n<meta name=\"twitter:label1\" content=\"\u00c9crit par\" \/>\n\t<meta name=\"twitter:data1\" content=\"Universidad de las Artes\" \/>\n\t<meta name=\"twitter:label2\" content=\"Dur\u00e9e de lecture estim\u00e9e\" \/>\n\t<meta name=\"twitter:data2\" content=\"5 minutes\" \/>\n<script type=\"application\/ld+json\" class=\"yoast-schema-graph\">{\"@context\":\"https:\\\/\\\/schema.org\",\"@graph\":[{\"@type\":\"Article\",\"@id\":\"https:\\\/\\\/www.uartes.edu.ec\\\/sitio\\\/fr\\\/blog\\\/2019\\\/11\\\/15\\\/alexander-el-curioso-explorador-dio-inicio-a-interactitos\\\/#article\",\"isPartOf\":{\"@id\":\"https:\\\/\\\/www.uartes.edu.ec\\\/sitio\\\/fr\\\/blog\\\/2019\\\/11\\\/15\\\/alexander-el-curioso-explorador-dio-inicio-a-interactitos\\\/\"},\"author\":{\"name\":\"Universidad de las Artes\",\"@id\":\"https:\\\/\\\/www.uartes.edu.ec\\\/sitio\\\/fr\\\/#\\\/schema\\\/person\\\/f33f8c1d2af0d5c80a38c8abf458184a\"},\"headline\":\"Con el cuento \u201cAlexander, el curioso explorador\u201d se dio inicio en la Sala R\u00eda al encuentro infantil Interactitos 2019\",\"datePublished\":\"2019-11-15T20:50:52+00:00\",\"dateModified\":\"2024-07-04T16:49:01+00:00\",\"mainEntityOfPage\":{\"@id\":\"https:\\\/\\\/www.uartes.edu.ec\\\/sitio\\\/fr\\\/blog\\\/2019\\\/11\\\/15\\\/alexander-el-curioso-explorador-dio-inicio-a-interactitos\\\/\"},\"wordCount\":938,\"publisher\":{\"@id\":\"https:\\\/\\\/www.uartes.edu.ec\\\/sitio\\\/fr\\\/#organization\"},\"image\":{\"@id\":\"https:\\\/\\\/www.uartes.edu.ec\\\/sitio\\\/fr\\\/blog\\\/2019\\\/11\\\/15\\\/alexander-el-curioso-explorador-dio-inicio-a-interactitos\\\/#primaryimage\"},\"thumbnailUrl\":\"https:\\\/\\\/www.uartes.edu.ec\\\/sitio\\\/wp-content\\\/uploads\\\/2019\\\/11\\\/otatti.jpeg\",\"keywords\":[\"interactitos\"],\"articleSection\":[\"V\u00ednculo\"],\"inLanguage\":\"fr-FR\"},{\"@type\":[\"WebPage\",\"ItemPage\"],\"@id\":\"https:\\\/\\\/www.uartes.edu.ec\\\/sitio\\\/fr\\\/blog\\\/2019\\\/11\\\/15\\\/alexander-el-curioso-explorador-dio-inicio-a-interactitos\\\/\",\"url\":\"https:\\\/\\\/www.uartes.edu.ec\\\/sitio\\\/fr\\\/blog\\\/2019\\\/11\\\/15\\\/alexander-el-curioso-explorador-dio-inicio-a-interactitos\\\/\",\"name\":\"Universidad de las Artes - Con el cuento \u201cAlexander, el curioso explorador\u201d se dio inicio en la Sala R\u00eda al encuentro infantil Interactitos 2019\",\"isPartOf\":{\"@id\":\"https:\\\/\\\/www.uartes.edu.ec\\\/sitio\\\/fr\\\/#website\"},\"primaryImageOfPage\":{\"@id\":\"https:\\\/\\\/www.uartes.edu.ec\\\/sitio\\\/fr\\\/blog\\\/2019\\\/11\\\/15\\\/alexander-el-curioso-explorador-dio-inicio-a-interactitos\\\/#primaryimage\"},\"image\":{\"@id\":\"https:\\\/\\\/www.uartes.edu.ec\\\/sitio\\\/fr\\\/blog\\\/2019\\\/11\\\/15\\\/alexander-el-curioso-explorador-dio-inicio-a-interactitos\\\/#primaryimage\"},\"thumbnailUrl\":\"https:\\\/\\\/www.uartes.edu.ec\\\/sitio\\\/wp-content\\\/uploads\\\/2019\\\/11\\\/otatti.jpeg\",\"datePublished\":\"2019-11-15T20:50:52+00:00\",\"dateModified\":\"2024-07-04T16:49:01+00:00\",\"description\":\"Universidad de las Artes - Con el cuento \u201cAlexander, el curioso explorador\u201d se dio inicio en la Sala R\u00eda al encuentro infantil Interactitos 2019\",\"breadcrumb\":{\"@id\":\"https:\\\/\\\/www.uartes.edu.ec\\\/sitio\\\/fr\\\/blog\\\/2019\\\/11\\\/15\\\/alexander-el-curioso-explorador-dio-inicio-a-interactitos\\\/#breadcrumb\"},\"inLanguage\":\"fr-FR\",\"potentialAction\":[{\"@type\":\"ReadAction\",\"target\":[\"https:\\\/\\\/www.uartes.edu.ec\\\/sitio\\\/fr\\\/blog\\\/2019\\\/11\\\/15\\\/alexander-el-curioso-explorador-dio-inicio-a-interactitos\\\/\"]}]},{\"@type\":\"ImageObject\",\"inLanguage\":\"fr-FR\",\"@id\":\"https:\\\/\\\/www.uartes.edu.ec\\\/sitio\\\/fr\\\/blog\\\/2019\\\/11\\\/15\\\/alexander-el-curioso-explorador-dio-inicio-a-interactitos\\\/#primaryimage\",\"url\":\"https:\\\/\\\/www.uartes.edu.ec\\\/sitio\\\/wp-content\\\/uploads\\\/2019\\\/11\\\/otatti.jpeg\",\"contentUrl\":\"https:\\\/\\\/www.uartes.edu.ec\\\/sitio\\\/wp-content\\\/uploads\\\/2019\\\/11\\\/otatti.jpeg\",\"width\":1280,\"height\":960},{\"@type\":\"BreadcrumbList\",\"@id\":\"https:\\\/\\\/www.uartes.edu.ec\\\/sitio\\\/fr\\\/blog\\\/2019\\\/11\\\/15\\\/alexander-el-curioso-explorador-dio-inicio-a-interactitos\\\/#breadcrumb\",\"itemListElement\":[{\"@type\":\"ListItem\",\"position\":1,\"name\":\"Inicio\",\"item\":\"https:\\\/\\\/www.uartes.edu.ec\\\/sitio\\\/\"},{\"@type\":\"ListItem\",\"position\":2,\"name\":\"Con el cuento \u201cAlexander, el curioso explorador\u201d se dio inicio en la Sala R\u00eda al encuentro infantil Interactitos 2019\"}]},{\"@type\":\"WebSite\",\"@id\":\"https:\\\/\\\/www.uartes.edu.ec\\\/sitio\\\/fr\\\/#website\",\"url\":\"https:\\\/\\\/www.uartes.edu.ec\\\/sitio\\\/fr\\\/\",\"name\":\"Universidad de las Artes\",\"description\":\"Sitio oficial de la Universidad Nacional de las Artes del Ecuador\",\"publisher\":{\"@id\":\"https:\\\/\\\/www.uartes.edu.ec\\\/sitio\\\/fr\\\/#organization\"},\"potentialAction\":[{\"@type\":\"SearchAction\",\"target\":{\"@type\":\"EntryPoint\",\"urlTemplate\":\"https:\\\/\\\/www.uartes.edu.ec\\\/sitio\\\/fr\\\/?s={search_term_string}\"},\"query-input\":{\"@type\":\"PropertyValueSpecification\",\"valueRequired\":true,\"valueName\":\"search_term_string\"}}],\"inLanguage\":\"fr-FR\"},{\"@type\":\"Organization\",\"@id\":\"https:\\\/\\\/www.uartes.edu.ec\\\/sitio\\\/fr\\\/#organization\",\"name\":\"Universidad de las Artes\",\"url\":\"https:\\\/\\\/www.uartes.edu.ec\\\/sitio\\\/fr\\\/\",\"logo\":{\"@type\":\"ImageObject\",\"inLanguage\":\"fr-FR\",\"@id\":\"https:\\\/\\\/www.uartes.edu.ec\\\/sitio\\\/fr\\\/#\\\/schema\\\/logo\\\/image\\\/\",\"url\":\"https:\\\/\\\/www.uartes.edu.ec\\\/sitio\\\/wp-content\\\/uploads\\\/2022\\\/07\\\/logo-ua-horizontal.png\",\"contentUrl\":\"https:\\\/\\\/www.uartes.edu.ec\\\/sitio\\\/wp-content\\\/uploads\\\/2022\\\/07\\\/logo-ua-horizontal.png\",\"width\":800,\"height\":276,\"caption\":\"Universidad de las Artes\"},\"image\":{\"@id\":\"https:\\\/\\\/www.uartes.edu.ec\\\/sitio\\\/fr\\\/#\\\/schema\\\/logo\\\/image\\\/\"},\"sameAs\":[\"https:\\\/\\\/www.facebook.com\\\/uartesec\",\"https:\\\/\\\/x.com\\\/uartesec\",\"https:\\\/\\\/www.tiktok.com\\\/@uartesec\"]},{\"@type\":\"Person\",\"@id\":\"https:\\\/\\\/www.uartes.edu.ec\\\/sitio\\\/fr\\\/#\\\/schema\\\/person\\\/f33f8c1d2af0d5c80a38c8abf458184a\",\"name\":\"Universidad de las Artes\",\"image\":{\"@type\":\"ImageObject\",\"inLanguage\":\"fr-FR\",\"@id\":\"https:\\\/\\\/secure.gravatar.com\\\/avatar\\\/52e4757902f5cfa5ac52d020e5be83cae5487519154b6c35482fe08d589f3c13?s=96&d=mm&r=g\",\"url\":\"https:\\\/\\\/secure.gravatar.com\\\/avatar\\\/52e4757902f5cfa5ac52d020e5be83cae5487519154b6c35482fe08d589f3c13?s=96&d=mm&r=g\",\"contentUrl\":\"https:\\\/\\\/secure.gravatar.com\\\/avatar\\\/52e4757902f5cfa5ac52d020e5be83cae5487519154b6c35482fe08d589f3c13?s=96&d=mm&r=g\",\"caption\":\"Universidad de las Artes\"},\"url\":\"https:\\\/\\\/www.uartes.edu.ec\\\/sitio\\\/fr\\\/blog\\\/author\\\/dircomadm\\\/\"}]}<\/script>\n<!-- \/ Yoast SEO plugin. -->","yoast_head_json":{"title":"Universidad de las Artes - Con el cuento \u201cAlexander, el curioso explorador\u201d se dio inicio en la Sala R\u00eda al encuentro infantil Interactitos 2019","description":"Universidad de las Artes - Con el cuento \u201cAlexander, el curioso explorador\u201d se dio inicio en la Sala R\u00eda al encuentro infantil Interactitos 2019","robots":{"index":"index","follow":"follow","max-snippet":"max-snippet:-1","max-image-preview":"max-image-preview:large","max-video-preview":"max-video-preview:-1"},"canonical":"https:\/\/www.uartes.edu.ec\/sitio\/fr\/blog\/2019\/11\/15\/alexander-el-curioso-explorador-dio-inicio-a-interactitos\/","og_locale":"fr_FR","og_type":"article","og_title":"Universidad de las Artes - Con el cuento \u201cAlexander, el curioso explorador\u201d se dio inicio en la Sala R\u00eda al encuentro infantil Interactitos 2019","og_description":"Universidad de las Artes - Con el cuento \u201cAlexander, el curioso explorador\u201d se dio inicio en la Sala R\u00eda al encuentro infantil Interactitos 2019","og_url":"https:\/\/www.uartes.edu.ec\/sitio\/fr\/blog\/2019\/11\/15\/alexander-el-curioso-explorador-dio-inicio-a-interactitos\/","og_site_name":"Universidad de las Artes","article_publisher":"https:\/\/www.facebook.com\/uartesec","article_published_time":"2019-11-15T20:50:52+00:00","article_modified_time":"2024-07-04T16:49:01+00:00","og_image":[{"width":1280,"height":960,"url":"https:\/\/www.uartes.edu.ec\/sitio\/wp-content\/uploads\/2019\/11\/otatti.jpeg","type":"image\/jpeg"}],"author":"Universidad de las Artes","twitter_card":"summary_large_image","twitter_creator":"@uartesec","twitter_site":"@uartesec","twitter_misc":{"\u00c9crit par":"Universidad de las Artes","Dur\u00e9e de lecture estim\u00e9e":"5 minutes"},"schema":{"@context":"https:\/\/schema.org","@graph":[{"@type":"Article","@id":"https:\/\/www.uartes.edu.ec\/sitio\/fr\/blog\/2019\/11\/15\/alexander-el-curioso-explorador-dio-inicio-a-interactitos\/#article","isPartOf":{"@id":"https:\/\/www.uartes.edu.ec\/sitio\/fr\/blog\/2019\/11\/15\/alexander-el-curioso-explorador-dio-inicio-a-interactitos\/"},"author":{"name":"Universidad de las Artes","@id":"https:\/\/www.uartes.edu.ec\/sitio\/fr\/#\/schema\/person\/f33f8c1d2af0d5c80a38c8abf458184a"},"headline":"Con el cuento \u201cAlexander, el curioso explorador\u201d se dio inicio en la Sala R\u00eda al encuentro infantil Interactitos 2019","datePublished":"2019-11-15T20:50:52+00:00","dateModified":"2024-07-04T16:49:01+00:00","mainEntityOfPage":{"@id":"https:\/\/www.uartes.edu.ec\/sitio\/fr\/blog\/2019\/11\/15\/alexander-el-curioso-explorador-dio-inicio-a-interactitos\/"},"wordCount":938,"publisher":{"@id":"https:\/\/www.uartes.edu.ec\/sitio\/fr\/#organization"},"image":{"@id":"https:\/\/www.uartes.edu.ec\/sitio\/fr\/blog\/2019\/11\/15\/alexander-el-curioso-explorador-dio-inicio-a-interactitos\/#primaryimage"},"thumbnailUrl":"https:\/\/www.uartes.edu.ec\/sitio\/wp-content\/uploads\/2019\/11\/otatti.jpeg","keywords":["interactitos"],"articleSection":["V\u00ednculo"],"inLanguage":"fr-FR"},{"@type":["WebPage","ItemPage"],"@id":"https:\/\/www.uartes.edu.ec\/sitio\/fr\/blog\/2019\/11\/15\/alexander-el-curioso-explorador-dio-inicio-a-interactitos\/","url":"https:\/\/www.uartes.edu.ec\/sitio\/fr\/blog\/2019\/11\/15\/alexander-el-curioso-explorador-dio-inicio-a-interactitos\/","name":"Universidad de las Artes - Con el cuento \u201cAlexander, el curioso explorador\u201d se dio inicio en la Sala R\u00eda al encuentro infantil Interactitos 2019","isPartOf":{"@id":"https:\/\/www.uartes.edu.ec\/sitio\/fr\/#website"},"primaryImageOfPage":{"@id":"https:\/\/www.uartes.edu.ec\/sitio\/fr\/blog\/2019\/11\/15\/alexander-el-curioso-explorador-dio-inicio-a-interactitos\/#primaryimage"},"image":{"@id":"https:\/\/www.uartes.edu.ec\/sitio\/fr\/blog\/2019\/11\/15\/alexander-el-curioso-explorador-dio-inicio-a-interactitos\/#primaryimage"},"thumbnailUrl":"https:\/\/www.uartes.edu.ec\/sitio\/wp-content\/uploads\/2019\/11\/otatti.jpeg","datePublished":"2019-11-15T20:50:52+00:00","dateModified":"2024-07-04T16:49:01+00:00","description":"Universidad de las Artes - Con el cuento \u201cAlexander, el curioso explorador\u201d se dio inicio en la Sala R\u00eda al encuentro infantil Interactitos 2019","breadcrumb":{"@id":"https:\/\/www.uartes.edu.ec\/sitio\/fr\/blog\/2019\/11\/15\/alexander-el-curioso-explorador-dio-inicio-a-interactitos\/#breadcrumb"},"inLanguage":"fr-FR","potentialAction":[{"@type":"ReadAction","target":["https:\/\/www.uartes.edu.ec\/sitio\/fr\/blog\/2019\/11\/15\/alexander-el-curioso-explorador-dio-inicio-a-interactitos\/"]}]},{"@type":"ImageObject","inLanguage":"fr-FR","@id":"https:\/\/www.uartes.edu.ec\/sitio\/fr\/blog\/2019\/11\/15\/alexander-el-curioso-explorador-dio-inicio-a-interactitos\/#primaryimage","url":"https:\/\/www.uartes.edu.ec\/sitio\/wp-content\/uploads\/2019\/11\/otatti.jpeg","contentUrl":"https:\/\/www.uartes.edu.ec\/sitio\/wp-content\/uploads\/2019\/11\/otatti.jpeg","width":1280,"height":960},{"@type":"BreadcrumbList","@id":"https:\/\/www.uartes.edu.ec\/sitio\/fr\/blog\/2019\/11\/15\/alexander-el-curioso-explorador-dio-inicio-a-interactitos\/#breadcrumb","itemListElement":[{"@type":"ListItem","position":1,"name":"Inicio","item":"https:\/\/www.uartes.edu.ec\/sitio\/"},{"@type":"ListItem","position":2,"name":"Con el cuento \u201cAlexander, el curioso explorador\u201d se dio inicio en la Sala R\u00eda al encuentro infantil Interactitos 2019"}]},{"@type":"WebSite","@id":"https:\/\/www.uartes.edu.ec\/sitio\/fr\/#website","url":"https:\/\/www.uartes.edu.ec\/sitio\/fr\/","name":"Universidad de las Artes","description":"Sitio oficial de la Universidad Nacional de las Artes del Ecuador","publisher":{"@id":"https:\/\/www.uartes.edu.ec\/sitio\/fr\/#organization"},"potentialAction":[{"@type":"SearchAction","target":{"@type":"EntryPoint","urlTemplate":"https:\/\/www.uartes.edu.ec\/sitio\/fr\/?s={search_term_string}"},"query-input":{"@type":"PropertyValueSpecification","valueRequired":true,"valueName":"search_term_string"}}],"inLanguage":"fr-FR"},{"@type":"Organization","@id":"https:\/\/www.uartes.edu.ec\/sitio\/fr\/#organization","name":"Universidad de las Artes","url":"https:\/\/www.uartes.edu.ec\/sitio\/fr\/","logo":{"@type":"ImageObject","inLanguage":"fr-FR","@id":"https:\/\/www.uartes.edu.ec\/sitio\/fr\/#\/schema\/logo\/image\/","url":"https:\/\/www.uartes.edu.ec\/sitio\/wp-content\/uploads\/2022\/07\/logo-ua-horizontal.png","contentUrl":"https:\/\/www.uartes.edu.ec\/sitio\/wp-content\/uploads\/2022\/07\/logo-ua-horizontal.png","width":800,"height":276,"caption":"Universidad de las Artes"},"image":{"@id":"https:\/\/www.uartes.edu.ec\/sitio\/fr\/#\/schema\/logo\/image\/"},"sameAs":["https:\/\/www.facebook.com\/uartesec","https:\/\/x.com\/uartesec","https:\/\/www.tiktok.com\/@uartesec"]},{"@type":"Person","@id":"https:\/\/www.uartes.edu.ec\/sitio\/fr\/#\/schema\/person\/f33f8c1d2af0d5c80a38c8abf458184a","name":"Universidad de las Artes","image":{"@type":"ImageObject","inLanguage":"fr-FR","@id":"https:\/\/secure.gravatar.com\/avatar\/52e4757902f5cfa5ac52d020e5be83cae5487519154b6c35482fe08d589f3c13?s=96&d=mm&r=g","url":"https:\/\/secure.gravatar.com\/avatar\/52e4757902f5cfa5ac52d020e5be83cae5487519154b6c35482fe08d589f3c13?s=96&d=mm&r=g","contentUrl":"https:\/\/secure.gravatar.com\/avatar\/52e4757902f5cfa5ac52d020e5be83cae5487519154b6c35482fe08d589f3c13?s=96&d=mm&r=g","caption":"Universidad de las Artes"},"url":"https:\/\/www.uartes.edu.ec\/sitio\/fr\/blog\/author\/dircomadm\/"}]}},"uagb_featured_image_src":{"full":["https:\/\/www.uartes.edu.ec\/sitio\/wp-content\/uploads\/2019\/11\/otatti.jpeg",1280,960,false],"thumbnail":["https:\/\/www.uartes.edu.ec\/sitio\/wp-content\/uploads\/2019\/11\/otatti-150x150.jpeg",150,150,true],"medium":["https:\/\/www.uartes.edu.ec\/sitio\/wp-content\/uploads\/2019\/11\/otatti-300x225.jpeg",300,225,true],"medium_large":["https:\/\/www.uartes.edu.ec\/sitio\/wp-content\/uploads\/2019\/11\/otatti-768x576.jpeg",768,576,true],"large":["https:\/\/www.uartes.edu.ec\/sitio\/wp-content\/uploads\/2019\/11\/otatti-644x483.jpeg",644,483,true],"1536x1536":["https:\/\/www.uartes.edu.ec\/sitio\/wp-content\/uploads\/2019\/11\/otatti.jpeg",1280,960,false],"2048x2048":["https:\/\/www.uartes.edu.ec\/sitio\/wp-content\/uploads\/2019\/11\/otatti.jpeg",1280,960,false],"trp-custom-language-flag":["https:\/\/www.uartes.edu.ec\/sitio\/wp-content\/uploads\/2019\/11\/otatti.jpeg",16,12,false],"htmega_size_585x295":["https:\/\/www.uartes.edu.ec\/sitio\/wp-content\/uploads\/2019\/11\/otatti.jpeg",393,295,false],"htmega_size_1170x536":["https:\/\/www.uartes.edu.ec\/sitio\/wp-content\/uploads\/2019\/11\/otatti.jpeg",715,536,false],"htmega_size_396x360":["https:\/\/www.uartes.edu.ec\/sitio\/wp-content\/uploads\/2019\/11\/otatti.jpeg",396,297,false],"gb-block-post-grid-landscape":["https:\/\/www.uartes.edu.ec\/sitio\/wp-content\/uploads\/2019\/11\/otatti.jpeg",533,400,false],"gb-block-post-grid-square":["https:\/\/www.uartes.edu.ec\/sitio\/wp-content\/uploads\/2019\/11\/otatti.jpeg",600,450,false],"university-hub-thumb":["https:\/\/www.uartes.edu.ec\/sitio\/wp-content\/uploads\/2019\/11\/otatti-400x300.jpeg",400,300,true],"mailpoet_newsletter_max":["https:\/\/www.uartes.edu.ec\/sitio\/wp-content\/uploads\/2019\/11\/otatti.jpeg",1280,960,false]},"uagb_author_info":{"display_name":"Universidad de las Artes","author_link":"https:\/\/www.uartes.edu.ec\/sitio\/fr\/blog\/author\/dircomadm\/"},"uagb_comment_info":0,"uagb_excerpt":"La Sala R\u00eda, ubicada en la planta baja de la Biblioteca de las Artes, luce como un gran bosque, como un lugar encantado que invita a ser explorado, a ser descubierto. As\u00ed la vistieron los organizadores de Interactitos, el Encuentro Infantil de Artes que se inici\u00f3 a las 11:00 de hoy, viernes 15 de noviembre,\u2026","featured_image_src":"https:\/\/www.uartes.edu.ec\/sitio\/wp-content\/uploads\/2019\/11\/otatti.jpeg","featured_image_src_square":"https:\/\/www.uartes.edu.ec\/sitio\/wp-content\/uploads\/2019\/11\/otatti.jpeg","author_info":{"display_name":"Universidad de las Artes","author_link":"https:\/\/www.uartes.edu.ec\/sitio\/fr\/blog\/author\/dircomadm\/"},"publishpress_future_workflow_manual_trigger":{"enabledWorkflows":[]},"distributor_meta":false,"distributor_terms":false,"distributor_media":false,"distributor_original_site_name":"Universidad de las Artes","distributor_original_site_url":"https:\/\/www.uartes.edu.ec\/sitio\/fr","push-errors":false,"_links":{"self":[{"href":"https:\/\/www.uartes.edu.ec\/sitio\/fr\/wp-json\/wp\/v2\/posts\/5027","targetHints":{"allow":["GET"]}}],"collection":[{"href":"https:\/\/www.uartes.edu.ec\/sitio\/fr\/wp-json\/wp\/v2\/posts"}],"about":[{"href":"https:\/\/www.uartes.edu.ec\/sitio\/fr\/wp-json\/wp\/v2\/types\/post"}],"author":[{"embeddable":true,"href":"https:\/\/www.uartes.edu.ec\/sitio\/fr\/wp-json\/wp\/v2\/users\/1"}],"replies":[{"embeddable":true,"href":"https:\/\/www.uartes.edu.ec\/sitio\/fr\/wp-json\/wp\/v2\/comments?post=5027"}],"version-history":[{"count":10,"href":"https:\/\/www.uartes.edu.ec\/sitio\/fr\/wp-json\/wp\/v2\/posts\/5027\/revisions"}],"predecessor-version":[{"id":36066,"href":"https:\/\/www.uartes.edu.ec\/sitio\/fr\/wp-json\/wp\/v2\/posts\/5027\/revisions\/36066"}],"wp:featuredmedia":[{"embeddable":true,"href":"https:\/\/www.uartes.edu.ec\/sitio\/fr\/wp-json\/wp\/v2\/media\/5028"}],"wp:attachment":[{"href":"https:\/\/www.uartes.edu.ec\/sitio\/fr\/wp-json\/wp\/v2\/media?parent=5027"}],"wp:term":[{"taxonomy":"category","embeddable":true,"href":"https:\/\/www.uartes.edu.ec\/sitio\/fr\/wp-json\/wp\/v2\/categories?post=5027"},{"taxonomy":"post_tag","embeddable":true,"href":"https:\/\/www.uartes.edu.ec\/sitio\/fr\/wp-json\/wp\/v2\/tags?post=5027"},{"taxonomy":"infouartes","embeddable":true,"href":"https:\/\/www.uartes.edu.ec\/sitio\/fr\/wp-json\/wp\/v2\/infouartes?post=5027"}],"curies":[{"name":"wp","href":"https:\/\/api.w.org\/{rel}","templated":true}]}}