{"id":50390,"date":"2024-01-31T16:55:08","date_gmt":"2024-01-31T21:55:08","guid":{"rendered":"https:\/\/www.uartes.edu.ec\/sitio\/?p=50390"},"modified":"2025-08-15T17:54:24","modified_gmt":"2025-08-15T22:54:24","slug":"instalacion-escultura-y-fotografia-en-los-trazos-de-lo-inasible-de-charlotte-f%d3%a7rster","status":"publish","type":"post","link":"https:\/\/www.uartes.edu.ec\/sitio\/fr\/blog\/2024\/01\/31\/instalacion-escultura-y-fotografia-en-los-trazos-de-lo-inasible-de-charlotte-f%D3%A7rster\/","title":{"rendered":"La muerte nace inmortal en los \u201cTrazos de lo inasible\u201d, muestra de Charlotte F\u04e7rster"},"content":{"rendered":"<p>\u201cPaseo por la orilla\u201d, \u201cFortaleza\u201d, \u201cNostos\u201d, \u201cMirada al alba\u201d, \u201cA cielo abierto\u201d, \u201cCanci\u00f3n para dormir\u201d, \u201cSin escudo\u201d, \u201cCautivo\u201d y \u201cLecciones de vuelo\u201d son los t\u00edtulos que la artista guayaquile\u00f1a Charlotte F\u04e7rster, estudiante de la Escuela de Artes Visuales, ha dado a las piezas que componen \u201cTrazos de lo inasible\u201d, exposici\u00f3n que inaugurar\u00e1 en la sala 6 del Museo Antropol\u00f3gico y de Arte Contempor\u00e1neo (MAAC).<\/p>\n\n\n\n<p>Ser\u00e1 el pr\u00f3ximo 8 de febrero, a las 17:00. \u201cTrazos de lo inasible\u201d es la muestra de titulaci\u00f3n de Charlotte F\u04e7rster, una propuesta est\u00e9tica compuesta por nueve piezas en las que ensaya la nostalgia afectiva en una tensi\u00f3n armoniosa entre instalaci\u00f3n, escultura y fotograf\u00eda.&nbsp;&nbsp;<\/p>\n\n\n\n<p>La tem\u00e1tica \u201cTrazos de lo inasible\u201d invita a repensar la presencia viva de la figura paterna en la infancia, los paseos, los planes o el hogar que ya no tienen tacto, pero s\u00ed contacto. As\u00ed, la muerte, desde lo inm\u00f3vil, agencia en la artista los recuerdos como intentos de cercan\u00eda por cercar y tomar lo imposible, lo inasible, desde el propio episodio de p\u00e9rdida.<\/p>\n\n\n<div class=\"wp-block-image\">\n<figure class=\"aligncenter size-large\"><img fetchpriority=\"high\" decoding=\"async\" width=\"644\" height=\"429\" src=\"https:\/\/www.uartes.edu.ec\/sitio\/wp-content\/uploads\/2024\/01\/ca7-644x429.jpg\" alt=\"\" class=\"wp-image-50395\" srcset=\"https:\/\/www.uartes.edu.ec\/sitio\/wp-content\/uploads\/2024\/01\/ca7-644x429.jpg 644w, https:\/\/www.uartes.edu.ec\/sitio\/wp-content\/uploads\/2024\/01\/ca7-768x511.jpg 768w, https:\/\/www.uartes.edu.ec\/sitio\/wp-content\/uploads\/2024\/01\/ca7.jpg 2000w, https:\/\/www.uartes.edu.ec\/sitio\/wp-content\/uploads\/2024\/01\/ca7-600x399.jpg 600w, https:\/\/www.uartes.edu.ec\/sitio\/wp-content\/uploads\/2024\/01\/ca7-272x182.jpg 272w\" sizes=\"(max-width: 644px) 100vw, 644px\" \/><\/figure>\n<\/div>\n\n\n<p>La est\u00e9tica de Charlotte F\u04e7rster rodea a la memoria, visita los recuerdos y se presenta en el pasado para habitar en esos espacios de turbulento ingreso sin miramientos a las amenazas emocionales, pues sabe eternizar el aire del amor como un respiro esencial de la existencia.<\/p>\n\n\n\n<p>La artista comparte que \u201cPaseo por la orilla\u201d es el resultado de lo que el contemplar un paisaje marino evoca en ella y que \u201cFortaleza\u201d surge de an\u00e9cdotas y actividades realizadas en familia durante las vacaciones lideradas por su padre.<\/p>\n\n\n\n<p>Contin\u00faan cuatro instalaciones: una escultura fundida en cobre resguardada en una coraza de vidrio, otra fundida en cera de abeja y cubierta en pan de oro que levita sobre su propio eje, una pieza que proyecta relieves trasl\u00facidos sobre la pared a trav\u00e9s de un proyector de slides modificado y una gota de agua apresada en una estructura de vidrio.<\/p>\n\n\n<div class=\"wp-block-image\">\n<figure class=\"aligncenter size-large\"><img decoding=\"async\" width=\"644\" height=\"429\" src=\"https:\/\/www.uartes.edu.ec\/sitio\/wp-content\/uploads\/2024\/01\/ca8-644x429.jpg\" alt=\"\" class=\"wp-image-50396\" srcset=\"https:\/\/www.uartes.edu.ec\/sitio\/wp-content\/uploads\/2024\/01\/ca8-644x429.jpg 644w, https:\/\/www.uartes.edu.ec\/sitio\/wp-content\/uploads\/2024\/01\/ca8-768x511.jpg 768w, https:\/\/www.uartes.edu.ec\/sitio\/wp-content\/uploads\/2024\/01\/ca8.jpg 2000w, https:\/\/www.uartes.edu.ec\/sitio\/wp-content\/uploads\/2024\/01\/ca8-600x399.jpg 600w, https:\/\/www.uartes.edu.ec\/sitio\/wp-content\/uploads\/2024\/01\/ca8-272x182.jpg 272w\" sizes=\"(max-width: 644px) 100vw, 644px\" \/><\/figure>\n<\/div>\n\n\n<p>Otra instalaci\u00f3n evoca un espacio m\u00e1s \u00edntimo, a pesar de ser un banco (despliegue de piedra chispa y arena sobre pl\u00e1stico reprocesado). Esta lleva un parlante param\u00e9trico encima donde se emite el canto de distintas aves end\u00e9micas, adem\u00e1s de un equipo de luz que proyecta la sombra de las copas de los \u00e1rboles en el suelo.<\/p>\n\n\n\n<p>\u201cNostos\u201d y \u201cA cielo abierto\u201d son un conjunto de fotograf\u00edas montadas de manera aleatoria que traen a la memoria el jard\u00edn que ide\u00f3 Karl Heinz F\u00f6rster, su padre.<\/p>\n\n\n\n<p>Tras su inauguraci\u00f3n, \u201cTrazos de lo inasible\u201d se podr\u00e1 visitar hasta el 31 de marzo, de martes a domingo, desde las 09:00 hasta las 17:00.<\/p>","protected":false},"excerpt":{"rendered":"<p>Nueve piezas componen la propuesta est\u00e9tica de la artista guayaquile\u00f1a Charlotte F\u04e7rster. Es la muestra de titulaci\u00f3n de la estudiante de la Escuela de Artes Visuales, la cual inaugurar\u00e1 el pr\u00f3ximo 8 de febrero en la sala 6 del Museo Antropol\u00f3gico y de Arte Contempor\u00e1neo (MAAC). La titul\u00f3 \u201cTrazos de lo inasible\u201d y a trav\u00e9s de ella ensaya la nostalgia afectiva en una tensi\u00f3n armoniosa entre expresiones instalativas, escult\u00f3ricas y fotogr\u00e1ficas.   <\/p>","protected":false},"author":10,"featured_media":50394,"comment_status":"open","ping_status":"open","sticky":false,"template":"","format":"standard","meta":{"_acf_changed":false,"_uag_custom_page_level_css":"","_monsterinsights_skip_tracking":false,"_monsterinsights_sitenote_active":false,"_monsterinsights_sitenote_note":"","_monsterinsights_sitenote_category":0,"cybocfi_hide_featured_image":"","footnotes":""},"categories":[80,82,157,76],"tags":[517],"infouartes":[],"class_list":["post-50390","post","type-post","status-publish","format-standard","has-post-thumbnail","hentry","category-academico","category-artes","category-artes-visuales","category-estudiantes","tag-exposicion"],"acf":[],"yoast_head":"<!-- This site is optimized with the Yoast SEO plugin v27.4 - https:\/\/yoast.com\/product\/yoast-seo-wordpress\/ -->\n<title>Universidad de las Artes - La muerte nace inmortal en los \u201cTrazos de lo inasible\u201d, muestra de Charlotte F\u04e7rster<\/title>\n<meta name=\"description\" content=\"Universidad de las Artes - La muerte nace inmortal en los \u201cTrazos de lo inasible\u201d, muestra de Charlotte F\u04e7rster\" \/>\n<meta name=\"robots\" content=\"index, follow, max-snippet:-1, max-image-preview:large, max-video-preview:-1\" \/>\n<link rel=\"canonical\" href=\"https:\/\/www.uartes.edu.ec\/sitio\/fr\/blog\/2024\/01\/31\/instalacion-escultura-y-fotografia-en-los-trazos-de-lo-inasible-de-charlotte-f\u04e7rster\/\" \/>\n<meta property=\"og:locale\" content=\"fr_FR\" \/>\n<meta property=\"og:type\" content=\"article\" \/>\n<meta property=\"og:title\" content=\"Universidad de las Artes - La muerte nace inmortal en los \u201cTrazos de lo inasible\u201d, muestra de Charlotte F\u04e7rster\" \/>\n<meta property=\"og:description\" content=\"Universidad de las Artes - La muerte nace inmortal en los \u201cTrazos de lo inasible\u201d, muestra de Charlotte F\u04e7rster\" \/>\n<meta property=\"og:url\" content=\"https:\/\/www.uartes.edu.ec\/sitio\/fr\/blog\/2024\/01\/31\/instalacion-escultura-y-fotografia-en-los-trazos-de-lo-inasible-de-charlotte-f\u04e7rster\/\" \/>\n<meta property=\"og:site_name\" content=\"Universidad de las Artes\" \/>\n<meta property=\"article:publisher\" content=\"https:\/\/www.facebook.com\/uartesec\" \/>\n<meta property=\"article:published_time\" content=\"2024-01-31T21:55:08+00:00\" \/>\n<meta property=\"article:modified_time\" content=\"2025-08-15T22:54:24+00:00\" \/>\n<meta property=\"og:image\" content=\"https:\/\/www.uartes.edu.ec\/sitio\/wp-content\/uploads\/2024\/01\/ca9-2.jpg\" \/>\n\t<meta property=\"og:image:width\" content=\"2000\" \/>\n\t<meta property=\"og:image:height\" content=\"1333\" \/>\n\t<meta property=\"og:image:type\" content=\"image\/jpeg\" \/>\n<meta name=\"author\" content=\"ccortez\" \/>\n<meta name=\"twitter:card\" content=\"summary_large_image\" \/>\n<meta name=\"twitter:creator\" content=\"@uartesec\" \/>\n<meta name=\"twitter:site\" content=\"@uartesec\" \/>\n<meta name=\"twitter:label1\" content=\"\u00c9crit par\" \/>\n\t<meta name=\"twitter:data1\" content=\"ccortez\" \/>\n\t<meta name=\"twitter:label2\" content=\"Dur\u00e9e de lecture estim\u00e9e\" \/>\n\t<meta name=\"twitter:data2\" content=\"2 minutes\" \/>\n<script type=\"application\/ld+json\" class=\"yoast-schema-graph\">{\"@context\":\"https:\\\/\\\/schema.org\",\"@graph\":[{\"@type\":\"Article\",\"@id\":\"https:\\\/\\\/www.uartes.edu.ec\\\/sitio\\\/fr\\\/blog\\\/2024\\\/01\\\/31\\\/instalacion-escultura-y-fotografia-en-los-trazos-de-lo-inasible-de-charlotte-f%D3%A7rster\\\/#article\",\"isPartOf\":{\"@id\":\"https:\\\/\\\/www.uartes.edu.ec\\\/sitio\\\/fr\\\/blog\\\/2024\\\/01\\\/31\\\/instalacion-escultura-y-fotografia-en-los-trazos-de-lo-inasible-de-charlotte-f%D3%A7rster\\\/\"},\"author\":{\"name\":\"ccortez\",\"@id\":\"https:\\\/\\\/www.uartes.edu.ec\\\/sitio\\\/fr\\\/#\\\/schema\\\/person\\\/efa1b8275797664fd7f13a79ccc0b1f4\"},\"headline\":\"La muerte nace inmortal en los \u201cTrazos de lo inasible\u201d, muestra de Charlotte F\u04e7rster\",\"datePublished\":\"2024-01-31T21:55:08+00:00\",\"dateModified\":\"2025-08-15T22:54:24+00:00\",\"mainEntityOfPage\":{\"@id\":\"https:\\\/\\\/www.uartes.edu.ec\\\/sitio\\\/fr\\\/blog\\\/2024\\\/01\\\/31\\\/instalacion-escultura-y-fotografia-en-los-trazos-de-lo-inasible-de-charlotte-f%D3%A7rster\\\/\"},\"wordCount\":472,\"commentCount\":0,\"publisher\":{\"@id\":\"https:\\\/\\\/www.uartes.edu.ec\\\/sitio\\\/fr\\\/#organization\"},\"image\":{\"@id\":\"https:\\\/\\\/www.uartes.edu.ec\\\/sitio\\\/fr\\\/blog\\\/2024\\\/01\\\/31\\\/instalacion-escultura-y-fotografia-en-los-trazos-de-lo-inasible-de-charlotte-f%D3%A7rster\\\/#primaryimage\"},\"thumbnailUrl\":\"https:\\\/\\\/www.uartes.edu.ec\\\/sitio\\\/wp-content\\\/uploads\\\/2024\\\/01\\\/ca9-2.jpg\",\"keywords\":[\"exposici\u00f3n\"],\"articleSection\":[\"Acad\u00e9mico\",\"Artes\",\"Artes Visuales\",\"Estudiantes\"],\"inLanguage\":\"fr-FR\",\"potentialAction\":[{\"@type\":\"CommentAction\",\"name\":\"Comment\",\"target\":[\"https:\\\/\\\/www.uartes.edu.ec\\\/sitio\\\/fr\\\/blog\\\/2024\\\/01\\\/31\\\/instalacion-escultura-y-fotografia-en-los-trazos-de-lo-inasible-de-charlotte-f%D3%A7rster\\\/#respond\"]}]},{\"@type\":[\"WebPage\",\"ItemPage\"],\"@id\":\"https:\\\/\\\/www.uartes.edu.ec\\\/sitio\\\/fr\\\/blog\\\/2024\\\/01\\\/31\\\/instalacion-escultura-y-fotografia-en-los-trazos-de-lo-inasible-de-charlotte-f%D3%A7rster\\\/\",\"url\":\"https:\\\/\\\/www.uartes.edu.ec\\\/sitio\\\/fr\\\/blog\\\/2024\\\/01\\\/31\\\/instalacion-escultura-y-fotografia-en-los-trazos-de-lo-inasible-de-charlotte-f%D3%A7rster\\\/\",\"name\":\"Universidad de las Artes - La muerte nace inmortal en los \u201cTrazos de lo inasible\u201d, muestra de Charlotte F\u04e7rster\",\"isPartOf\":{\"@id\":\"https:\\\/\\\/www.uartes.edu.ec\\\/sitio\\\/fr\\\/#website\"},\"primaryImageOfPage\":{\"@id\":\"https:\\\/\\\/www.uartes.edu.ec\\\/sitio\\\/fr\\\/blog\\\/2024\\\/01\\\/31\\\/instalacion-escultura-y-fotografia-en-los-trazos-de-lo-inasible-de-charlotte-f%D3%A7rster\\\/#primaryimage\"},\"image\":{\"@id\":\"https:\\\/\\\/www.uartes.edu.ec\\\/sitio\\\/fr\\\/blog\\\/2024\\\/01\\\/31\\\/instalacion-escultura-y-fotografia-en-los-trazos-de-lo-inasible-de-charlotte-f%D3%A7rster\\\/#primaryimage\"},\"thumbnailUrl\":\"https:\\\/\\\/www.uartes.edu.ec\\\/sitio\\\/wp-content\\\/uploads\\\/2024\\\/01\\\/ca9-2.jpg\",\"datePublished\":\"2024-01-31T21:55:08+00:00\",\"dateModified\":\"2025-08-15T22:54:24+00:00\",\"description\":\"Universidad de las Artes - La muerte nace inmortal en los \u201cTrazos de lo inasible\u201d, muestra de Charlotte F\u04e7rster\",\"breadcrumb\":{\"@id\":\"https:\\\/\\\/www.uartes.edu.ec\\\/sitio\\\/fr\\\/blog\\\/2024\\\/01\\\/31\\\/instalacion-escultura-y-fotografia-en-los-trazos-de-lo-inasible-de-charlotte-f%D3%A7rster\\\/#breadcrumb\"},\"inLanguage\":\"fr-FR\",\"potentialAction\":[{\"@type\":\"ReadAction\",\"target\":[\"https:\\\/\\\/www.uartes.edu.ec\\\/sitio\\\/fr\\\/blog\\\/2024\\\/01\\\/31\\\/instalacion-escultura-y-fotografia-en-los-trazos-de-lo-inasible-de-charlotte-f%D3%A7rster\\\/\"]}]},{\"@type\":\"ImageObject\",\"inLanguage\":\"fr-FR\",\"@id\":\"https:\\\/\\\/www.uartes.edu.ec\\\/sitio\\\/fr\\\/blog\\\/2024\\\/01\\\/31\\\/instalacion-escultura-y-fotografia-en-los-trazos-de-lo-inasible-de-charlotte-f%D3%A7rster\\\/#primaryimage\",\"url\":\"https:\\\/\\\/www.uartes.edu.ec\\\/sitio\\\/wp-content\\\/uploads\\\/2024\\\/01\\\/ca9-2.jpg\",\"contentUrl\":\"https:\\\/\\\/www.uartes.edu.ec\\\/sitio\\\/wp-content\\\/uploads\\\/2024\\\/01\\\/ca9-2.jpg\",\"width\":2000,\"height\":1333},{\"@type\":\"BreadcrumbList\",\"@id\":\"https:\\\/\\\/www.uartes.edu.ec\\\/sitio\\\/fr\\\/blog\\\/2024\\\/01\\\/31\\\/instalacion-escultura-y-fotografia-en-los-trazos-de-lo-inasible-de-charlotte-f%D3%A7rster\\\/#breadcrumb\",\"itemListElement\":[{\"@type\":\"ListItem\",\"position\":1,\"name\":\"Inicio\",\"item\":\"https:\\\/\\\/www.uartes.edu.ec\\\/sitio\\\/\"},{\"@type\":\"ListItem\",\"position\":2,\"name\":\"La muerte nace inmortal en los \u201cTrazos de lo inasible\u201d de Charlotte F\u04e7rster\"}]},{\"@type\":\"WebSite\",\"@id\":\"https:\\\/\\\/www.uartes.edu.ec\\\/sitio\\\/fr\\\/#website\",\"url\":\"https:\\\/\\\/www.uartes.edu.ec\\\/sitio\\\/fr\\\/\",\"name\":\"Universidad de las Artes\",\"description\":\"Sitio oficial de la Universidad Nacional de las Artes del Ecuador\",\"publisher\":{\"@id\":\"https:\\\/\\\/www.uartes.edu.ec\\\/sitio\\\/fr\\\/#organization\"},\"potentialAction\":[{\"@type\":\"SearchAction\",\"target\":{\"@type\":\"EntryPoint\",\"urlTemplate\":\"https:\\\/\\\/www.uartes.edu.ec\\\/sitio\\\/fr\\\/?s={search_term_string}\"},\"query-input\":{\"@type\":\"PropertyValueSpecification\",\"valueRequired\":true,\"valueName\":\"search_term_string\"}}],\"inLanguage\":\"fr-FR\"},{\"@type\":\"Organization\",\"@id\":\"https:\\\/\\\/www.uartes.edu.ec\\\/sitio\\\/fr\\\/#organization\",\"name\":\"Universidad de las Artes\",\"url\":\"https:\\\/\\\/www.uartes.edu.ec\\\/sitio\\\/fr\\\/\",\"logo\":{\"@type\":\"ImageObject\",\"inLanguage\":\"fr-FR\",\"@id\":\"https:\\\/\\\/www.uartes.edu.ec\\\/sitio\\\/fr\\\/#\\\/schema\\\/logo\\\/image\\\/\",\"url\":\"https:\\\/\\\/www.uartes.edu.ec\\\/sitio\\\/wp-content\\\/uploads\\\/2022\\\/07\\\/logo-ua-horizontal.png\",\"contentUrl\":\"https:\\\/\\\/www.uartes.edu.ec\\\/sitio\\\/wp-content\\\/uploads\\\/2022\\\/07\\\/logo-ua-horizontal.png\",\"width\":800,\"height\":276,\"caption\":\"Universidad de las Artes\"},\"image\":{\"@id\":\"https:\\\/\\\/www.uartes.edu.ec\\\/sitio\\\/fr\\\/#\\\/schema\\\/logo\\\/image\\\/\"},\"sameAs\":[\"https:\\\/\\\/www.facebook.com\\\/uartesec\",\"https:\\\/\\\/x.com\\\/uartesec\",\"https:\\\/\\\/www.tiktok.com\\\/@uartesec\"]},{\"@type\":\"Person\",\"@id\":\"https:\\\/\\\/www.uartes.edu.ec\\\/sitio\\\/fr\\\/#\\\/schema\\\/person\\\/efa1b8275797664fd7f13a79ccc0b1f4\",\"name\":\"ccortez\",\"image\":{\"@type\":\"ImageObject\",\"inLanguage\":\"fr-FR\",\"@id\":\"https:\\\/\\\/secure.gravatar.com\\\/avatar\\\/b2a6f664a3ae8e074346ef91775736c5ec479e637ecced6842de9dc98b5da9cd?s=96&d=mm&r=g\",\"url\":\"https:\\\/\\\/secure.gravatar.com\\\/avatar\\\/b2a6f664a3ae8e074346ef91775736c5ec479e637ecced6842de9dc98b5da9cd?s=96&d=mm&r=g\",\"contentUrl\":\"https:\\\/\\\/secure.gravatar.com\\\/avatar\\\/b2a6f664a3ae8e074346ef91775736c5ec479e637ecced6842de9dc98b5da9cd?s=96&d=mm&r=g\",\"caption\":\"ccortez\"},\"url\":\"https:\\\/\\\/www.uartes.edu.ec\\\/sitio\\\/fr\\\/blog\\\/author\\\/ccortez\\\/\"}]}<\/script>\n<!-- \/ Yoast SEO plugin. -->","yoast_head_json":{"title":"Universidad de las Artes - La muerte nace inmortal en los \u201cTrazos de lo inasible\u201d, muestra de Charlotte F\u04e7rster","description":"Universidad de las Artes - La muerte nace inmortal en los \u201cTrazos de lo inasible\u201d, muestra de Charlotte F\u04e7rster","robots":{"index":"index","follow":"follow","max-snippet":"max-snippet:-1","max-image-preview":"max-image-preview:large","max-video-preview":"max-video-preview:-1"},"canonical":"https:\/\/www.uartes.edu.ec\/sitio\/fr\/blog\/2024\/01\/31\/instalacion-escultura-y-fotografia-en-los-trazos-de-lo-inasible-de-charlotte-f\u04e7rster\/","og_locale":"fr_FR","og_type":"article","og_title":"Universidad de las Artes - La muerte nace inmortal en los \u201cTrazos de lo inasible\u201d, muestra de Charlotte F\u04e7rster","og_description":"Universidad de las Artes - La muerte nace inmortal en los \u201cTrazos de lo inasible\u201d, muestra de Charlotte F\u04e7rster","og_url":"https:\/\/www.uartes.edu.ec\/sitio\/fr\/blog\/2024\/01\/31\/instalacion-escultura-y-fotografia-en-los-trazos-de-lo-inasible-de-charlotte-f\u04e7rster\/","og_site_name":"Universidad de las Artes","article_publisher":"https:\/\/www.facebook.com\/uartesec","article_published_time":"2024-01-31T21:55:08+00:00","article_modified_time":"2025-08-15T22:54:24+00:00","og_image":[{"width":2000,"height":1333,"url":"https:\/\/www.uartes.edu.ec\/sitio\/wp-content\/uploads\/2024\/01\/ca9-2.jpg","type":"image\/jpeg"}],"author":"ccortez","twitter_card":"summary_large_image","twitter_creator":"@uartesec","twitter_site":"@uartesec","twitter_misc":{"\u00c9crit par":"ccortez","Dur\u00e9e de lecture estim\u00e9e":"2 minutes"},"schema":{"@context":"https:\/\/schema.org","@graph":[{"@type":"Article","@id":"https:\/\/www.uartes.edu.ec\/sitio\/fr\/blog\/2024\/01\/31\/instalacion-escultura-y-fotografia-en-los-trazos-de-lo-inasible-de-charlotte-f%D3%A7rster\/#article","isPartOf":{"@id":"https:\/\/www.uartes.edu.ec\/sitio\/fr\/blog\/2024\/01\/31\/instalacion-escultura-y-fotografia-en-los-trazos-de-lo-inasible-de-charlotte-f%D3%A7rster\/"},"author":{"name":"ccortez","@id":"https:\/\/www.uartes.edu.ec\/sitio\/fr\/#\/schema\/person\/efa1b8275797664fd7f13a79ccc0b1f4"},"headline":"La muerte nace inmortal en los \u201cTrazos de lo inasible\u201d, muestra de Charlotte F\u04e7rster","datePublished":"2024-01-31T21:55:08+00:00","dateModified":"2025-08-15T22:54:24+00:00","mainEntityOfPage":{"@id":"https:\/\/www.uartes.edu.ec\/sitio\/fr\/blog\/2024\/01\/31\/instalacion-escultura-y-fotografia-en-los-trazos-de-lo-inasible-de-charlotte-f%D3%A7rster\/"},"wordCount":472,"commentCount":0,"publisher":{"@id":"https:\/\/www.uartes.edu.ec\/sitio\/fr\/#organization"},"image":{"@id":"https:\/\/www.uartes.edu.ec\/sitio\/fr\/blog\/2024\/01\/31\/instalacion-escultura-y-fotografia-en-los-trazos-de-lo-inasible-de-charlotte-f%D3%A7rster\/#primaryimage"},"thumbnailUrl":"https:\/\/www.uartes.edu.ec\/sitio\/wp-content\/uploads\/2024\/01\/ca9-2.jpg","keywords":["exposici\u00f3n"],"articleSection":["Acad\u00e9mico","Artes","Artes Visuales","Estudiantes"],"inLanguage":"fr-FR","potentialAction":[{"@type":"CommentAction","name":"Comment","target":["https:\/\/www.uartes.edu.ec\/sitio\/fr\/blog\/2024\/01\/31\/instalacion-escultura-y-fotografia-en-los-trazos-de-lo-inasible-de-charlotte-f%D3%A7rster\/#respond"]}]},{"@type":["WebPage","ItemPage"],"@id":"https:\/\/www.uartes.edu.ec\/sitio\/fr\/blog\/2024\/01\/31\/instalacion-escultura-y-fotografia-en-los-trazos-de-lo-inasible-de-charlotte-f%D3%A7rster\/","url":"https:\/\/www.uartes.edu.ec\/sitio\/fr\/blog\/2024\/01\/31\/instalacion-escultura-y-fotografia-en-los-trazos-de-lo-inasible-de-charlotte-f%D3%A7rster\/","name":"Universidad de las Artes - La muerte nace inmortal en los \u201cTrazos de lo inasible\u201d, muestra de Charlotte F\u04e7rster","isPartOf":{"@id":"https:\/\/www.uartes.edu.ec\/sitio\/fr\/#website"},"primaryImageOfPage":{"@id":"https:\/\/www.uartes.edu.ec\/sitio\/fr\/blog\/2024\/01\/31\/instalacion-escultura-y-fotografia-en-los-trazos-de-lo-inasible-de-charlotte-f%D3%A7rster\/#primaryimage"},"image":{"@id":"https:\/\/www.uartes.edu.ec\/sitio\/fr\/blog\/2024\/01\/31\/instalacion-escultura-y-fotografia-en-los-trazos-de-lo-inasible-de-charlotte-f%D3%A7rster\/#primaryimage"},"thumbnailUrl":"https:\/\/www.uartes.edu.ec\/sitio\/wp-content\/uploads\/2024\/01\/ca9-2.jpg","datePublished":"2024-01-31T21:55:08+00:00","dateModified":"2025-08-15T22:54:24+00:00","description":"Universidad de las Artes - La muerte nace inmortal en los \u201cTrazos de lo inasible\u201d, muestra de Charlotte F\u04e7rster","breadcrumb":{"@id":"https:\/\/www.uartes.edu.ec\/sitio\/fr\/blog\/2024\/01\/31\/instalacion-escultura-y-fotografia-en-los-trazos-de-lo-inasible-de-charlotte-f%D3%A7rster\/#breadcrumb"},"inLanguage":"fr-FR","potentialAction":[{"@type":"ReadAction","target":["https:\/\/www.uartes.edu.ec\/sitio\/fr\/blog\/2024\/01\/31\/instalacion-escultura-y-fotografia-en-los-trazos-de-lo-inasible-de-charlotte-f%D3%A7rster\/"]}]},{"@type":"ImageObject","inLanguage":"fr-FR","@id":"https:\/\/www.uartes.edu.ec\/sitio\/fr\/blog\/2024\/01\/31\/instalacion-escultura-y-fotografia-en-los-trazos-de-lo-inasible-de-charlotte-f%D3%A7rster\/#primaryimage","url":"https:\/\/www.uartes.edu.ec\/sitio\/wp-content\/uploads\/2024\/01\/ca9-2.jpg","contentUrl":"https:\/\/www.uartes.edu.ec\/sitio\/wp-content\/uploads\/2024\/01\/ca9-2.jpg","width":2000,"height":1333},{"@type":"BreadcrumbList","@id":"https:\/\/www.uartes.edu.ec\/sitio\/fr\/blog\/2024\/01\/31\/instalacion-escultura-y-fotografia-en-los-trazos-de-lo-inasible-de-charlotte-f%D3%A7rster\/#breadcrumb","itemListElement":[{"@type":"ListItem","position":1,"name":"Inicio","item":"https:\/\/www.uartes.edu.ec\/sitio\/"},{"@type":"ListItem","position":2,"name":"La muerte nace inmortal en los \u201cTrazos de lo inasible\u201d de Charlotte F\u04e7rster"}]},{"@type":"WebSite","@id":"https:\/\/www.uartes.edu.ec\/sitio\/fr\/#website","url":"https:\/\/www.uartes.edu.ec\/sitio\/fr\/","name":"Universidad de las Artes","description":"Sitio oficial de la Universidad Nacional de las Artes del Ecuador","publisher":{"@id":"https:\/\/www.uartes.edu.ec\/sitio\/fr\/#organization"},"potentialAction":[{"@type":"SearchAction","target":{"@type":"EntryPoint","urlTemplate":"https:\/\/www.uartes.edu.ec\/sitio\/fr\/?s={search_term_string}"},"query-input":{"@type":"PropertyValueSpecification","valueRequired":true,"valueName":"search_term_string"}}],"inLanguage":"fr-FR"},{"@type":"Organization","@id":"https:\/\/www.uartes.edu.ec\/sitio\/fr\/#organization","name":"Universidad de las Artes","url":"https:\/\/www.uartes.edu.ec\/sitio\/fr\/","logo":{"@type":"ImageObject","inLanguage":"fr-FR","@id":"https:\/\/www.uartes.edu.ec\/sitio\/fr\/#\/schema\/logo\/image\/","url":"https:\/\/www.uartes.edu.ec\/sitio\/wp-content\/uploads\/2022\/07\/logo-ua-horizontal.png","contentUrl":"https:\/\/www.uartes.edu.ec\/sitio\/wp-content\/uploads\/2022\/07\/logo-ua-horizontal.png","width":800,"height":276,"caption":"Universidad de las Artes"},"image":{"@id":"https:\/\/www.uartes.edu.ec\/sitio\/fr\/#\/schema\/logo\/image\/"},"sameAs":["https:\/\/www.facebook.com\/uartesec","https:\/\/x.com\/uartesec","https:\/\/www.tiktok.com\/@uartesec"]},{"@type":"Person","@id":"https:\/\/www.uartes.edu.ec\/sitio\/fr\/#\/schema\/person\/efa1b8275797664fd7f13a79ccc0b1f4","name":"ccortez","image":{"@type":"ImageObject","inLanguage":"fr-FR","@id":"https:\/\/secure.gravatar.com\/avatar\/b2a6f664a3ae8e074346ef91775736c5ec479e637ecced6842de9dc98b5da9cd?s=96&d=mm&r=g","url":"https:\/\/secure.gravatar.com\/avatar\/b2a6f664a3ae8e074346ef91775736c5ec479e637ecced6842de9dc98b5da9cd?s=96&d=mm&r=g","contentUrl":"https:\/\/secure.gravatar.com\/avatar\/b2a6f664a3ae8e074346ef91775736c5ec479e637ecced6842de9dc98b5da9cd?s=96&d=mm&r=g","caption":"ccortez"},"url":"https:\/\/www.uartes.edu.ec\/sitio\/fr\/blog\/author\/ccortez\/"}]}},"uagb_featured_image_src":{"full":["https:\/\/www.uartes.edu.ec\/sitio\/wp-content\/uploads\/2024\/01\/ca9-2.jpg",2000,1333,false],"thumbnail":["https:\/\/www.uartes.edu.ec\/sitio\/wp-content\/uploads\/2024\/01\/ca9-2-150x150.jpg",150,150,true],"medium":["https:\/\/www.uartes.edu.ec\/sitio\/wp-content\/uploads\/2024\/01\/ca9-2-300x200.jpg",300,200,true],"medium_large":["https:\/\/www.uartes.edu.ec\/sitio\/wp-content\/uploads\/2024\/01\/ca9-2-768x512.jpg",768,512,true],"large":["https:\/\/www.uartes.edu.ec\/sitio\/wp-content\/uploads\/2024\/01\/ca9-2-644x429.jpg",644,429,true],"1536x1536":["https:\/\/www.uartes.edu.ec\/sitio\/wp-content\/uploads\/2024\/01\/ca9-2-1536x1024.jpg",1536,1024,true],"2048x2048":["https:\/\/www.uartes.edu.ec\/sitio\/wp-content\/uploads\/2024\/01\/ca9-2.jpg",2000,1333,false],"trp-custom-language-flag":["https:\/\/www.uartes.edu.ec\/sitio\/wp-content\/uploads\/2024\/01\/ca9-2.jpg",18,12,false],"htmega_size_585x295":["https:\/\/www.uartes.edu.ec\/sitio\/wp-content\/uploads\/2024\/01\/ca9-2-585x295.jpg",585,295,true],"htmega_size_1170x536":["https:\/\/www.uartes.edu.ec\/sitio\/wp-content\/uploads\/2024\/01\/ca9-2-1170x536.jpg",1170,536,true],"htmega_size_396x360":["https:\/\/www.uartes.edu.ec\/sitio\/wp-content\/uploads\/2024\/01\/ca9-2-396x360.jpg",396,360,true],"gb-block-post-grid-landscape":["https:\/\/www.uartes.edu.ec\/sitio\/wp-content\/uploads\/2024\/01\/ca9-2-600x400.jpg",600,400,true],"gb-block-post-grid-square":["https:\/\/www.uartes.edu.ec\/sitio\/wp-content\/uploads\/2024\/01\/ca9-2-600x600.jpg",600,600,true],"university-hub-thumb":["https:\/\/www.uartes.edu.ec\/sitio\/wp-content\/uploads\/2024\/01\/ca9-2-400x267.jpg",400,267,true],"mailpoet_newsletter_max":["https:\/\/www.uartes.edu.ec\/sitio\/wp-content\/uploads\/2024\/01\/ca9-2.jpg",1320,880,false]},"uagb_author_info":{"display_name":"ccortez","author_link":"https:\/\/www.uartes.edu.ec\/sitio\/fr\/blog\/author\/ccortez\/"},"uagb_comment_info":0,"uagb_excerpt":"Nueve piezas componen la propuesta est\u00e9tica de la artista guayaquile\u00f1a Charlotte F\u04e7rster. Es la muestra de titulaci\u00f3n de la estudiante de la Escuela de Artes Visuales, la cual inaugurar\u00e1 el pr\u00f3ximo 8 de febrero en la sala 6 del Museo Antropol\u00f3gico y de Arte Contempor\u00e1neo (MAAC). La titul\u00f3 \u201cTrazos de lo inasible\u201d y a trav\u00e9s\u2026","featured_image_src":"https:\/\/www.uartes.edu.ec\/sitio\/wp-content\/uploads\/2024\/01\/ca9-2-600x400.jpg","featured_image_src_square":"https:\/\/www.uartes.edu.ec\/sitio\/wp-content\/uploads\/2024\/01\/ca9-2-600x600.jpg","author_info":{"display_name":"ccortez","author_link":"https:\/\/www.uartes.edu.ec\/sitio\/fr\/blog\/author\/ccortez\/"},"publishpress_future_workflow_manual_trigger":{"enabledWorkflows":[]},"distributor_meta":false,"distributor_terms":false,"distributor_media":false,"distributor_original_site_name":"Universidad de las Artes","distributor_original_site_url":"https:\/\/www.uartes.edu.ec\/sitio\/fr","push-errors":false,"_links":{"self":[{"href":"https:\/\/www.uartes.edu.ec\/sitio\/fr\/wp-json\/wp\/v2\/posts\/50390","targetHints":{"allow":["GET"]}}],"collection":[{"href":"https:\/\/www.uartes.edu.ec\/sitio\/fr\/wp-json\/wp\/v2\/posts"}],"about":[{"href":"https:\/\/www.uartes.edu.ec\/sitio\/fr\/wp-json\/wp\/v2\/types\/post"}],"author":[{"embeddable":true,"href":"https:\/\/www.uartes.edu.ec\/sitio\/fr\/wp-json\/wp\/v2\/users\/10"}],"replies":[{"embeddable":true,"href":"https:\/\/www.uartes.edu.ec\/sitio\/fr\/wp-json\/wp\/v2\/comments?post=50390"}],"version-history":[{"count":8,"href":"https:\/\/www.uartes.edu.ec\/sitio\/fr\/wp-json\/wp\/v2\/posts\/50390\/revisions"}],"predecessor-version":[{"id":77227,"href":"https:\/\/www.uartes.edu.ec\/sitio\/fr\/wp-json\/wp\/v2\/posts\/50390\/revisions\/77227"}],"wp:featuredmedia":[{"embeddable":true,"href":"https:\/\/www.uartes.edu.ec\/sitio\/fr\/wp-json\/wp\/v2\/media\/50394"}],"wp:attachment":[{"href":"https:\/\/www.uartes.edu.ec\/sitio\/fr\/wp-json\/wp\/v2\/media?parent=50390"}],"wp:term":[{"taxonomy":"category","embeddable":true,"href":"https:\/\/www.uartes.edu.ec\/sitio\/fr\/wp-json\/wp\/v2\/categories?post=50390"},{"taxonomy":"post_tag","embeddable":true,"href":"https:\/\/www.uartes.edu.ec\/sitio\/fr\/wp-json\/wp\/v2\/tags?post=50390"},{"taxonomy":"infouartes","embeddable":true,"href":"https:\/\/www.uartes.edu.ec\/sitio\/fr\/wp-json\/wp\/v2\/infouartes?post=50390"}],"curies":[{"name":"wp","href":"https:\/\/api.w.org\/{rel}","templated":true}]}}