{"id":50758,"date":"2024-02-08T14:39:07","date_gmt":"2024-02-08T19:39:07","guid":{"rendered":"https:\/\/www.uartes.edu.ec\/sitio\/?p=50758"},"modified":"2024-07-04T11:19:23","modified_gmt":"2024-07-04T16:19:23","slug":"estudiante-rafaela-salazar-lleva-sus-influencias-de-punk-al-museo-municipal-de-guayaquil","status":"publish","type":"post","link":"https:\/\/www.uartes.edu.ec\/sitio\/fr\/blog\/2024\/02\/08\/estudiante-rafaela-salazar-lleva-sus-influencias-de-punk-al-museo-municipal-de-guayaquil\/","title":{"rendered":"Rafaela Salazar lleva influencias punk al Museo Municipal de Guayaquil"},"content":{"rendered":"<p>Su nombre es Rafaela Salazar, pero en el mundo art\u00edstico firma como Rapank. Estudia en la Escuela de Artes Visuales de la Universidad de las Artes y el 14 de febrero, a las 17:00, inaugurar\u00e1 su muestra de titulaci\u00f3n en el Museo Municipal de Guayaquil. Se da en el marco de \u201cArte, mujeres y espacio p\u00fablico\u201d que en este 2024 cumple su quinta edici\u00f3n, anota la docente Mar\u00eda Fernanda L\u00f3pez, quien es mentalizadora de la cita y tambi\u00e9n curadora de \u201cBusco en la basura algo nuevo, prendas inconformes\u201d. &nbsp;<\/p>\n\n\n\n<p>La primera pregunta para Rapank fue por el t\u00edtulo de su trabajo de grado. \u201cSe llama &#8216;Busco en la basura algo nuevo, prendas inconformes&#8217; debido a mi afici\u00f3n por la m\u00fasica del g\u00e9nero punk, especialmente de una cita de la canci\u00f3n de la banda Eskorbuto (de Santurce) que lleva el mismo nombre, donde se habla de que quienes tienen &#8216;el poder&#8217; siempre quieren subestimar a la juventud pasando por alto sus necesidades\u201d.<\/p>\n\n\n\n<p>En \u201cBusco en la basura algo nuevo, prendas inconformes\u201d, cuyo afiche promocional hace eco de las influencias del punk y el dibujo libre, su autora intenta encontrar sarc\u00e1sticamente algo que pueda funcionar para hallar una soluci\u00f3n a alg\u00fan problema, intentando no quedarte conforme ni con los brazos cruzados, sino ir m\u00e1s all\u00e1. \u201cIndiferentemente a contar o no con los medios, es hacer las cosas por ti mismo y no quedarte est\u00e1tico, intentar sobrevivir\u201d, expresa Rapank.<\/p>\n\n\n<div class=\"wp-block-image\">\n<figure class=\"aligncenter size-large\"><img fetchpriority=\"high\" decoding=\"async\" width=\"644\" height=\"429\" src=\"https:\/\/www.uartes.edu.ec\/sitio\/wp-content\/uploads\/2024\/02\/da3a-644x429.jpg\" alt=\"\" class=\"wp-image-50761\" srcset=\"https:\/\/www.uartes.edu.ec\/sitio\/wp-content\/uploads\/2024\/02\/da3a-644x429.jpg 644w, https:\/\/www.uartes.edu.ec\/sitio\/wp-content\/uploads\/2024\/02\/da3a-768x511.jpg 768w, https:\/\/www.uartes.edu.ec\/sitio\/wp-content\/uploads\/2024\/02\/da3a.jpg 2000w, https:\/\/www.uartes.edu.ec\/sitio\/wp-content\/uploads\/2024\/02\/da3a-600x399.jpg 600w, https:\/\/www.uartes.edu.ec\/sitio\/wp-content\/uploads\/2024\/02\/da3a-272x182.jpg 272w\" sizes=\"(max-width: 644px) 100vw, 644px\" \/><\/figure>\n<\/div>\n\n\n<p>Agrega que su muestra tiene, adem\u00e1s, el objetivo de facilitar el ejercicio de los derechos culturales de las diversas comunidades y minor\u00edas, con un enfoque especial en la comunidad punk de Guayaquil, lo cual marcar\u00eda un hito dentro de la historia del Museo Municipal, \u201cya que ser\u00eda la primera vez que abre las puertas para una exposici\u00f3n sobre este tema, siendo tambi\u00e9n la primera vez que muestro obras en ese espacio, aunque en el 2021 participe en el&nbsp; proyecto &#8216;Galer\u00eda Urbana&#8217;, en vallas publicitarias del Municipio, donde tambi\u00e9n envi\u00e9 dibujos como propuesta principal\u201d.<\/p>\n\n\n\n<p>En cuanto a \u201cPrendas inconformes\u201d, palabras que complementan el t\u00edtulo de la muestra, Rapank revela que hace referencia a una serie de camisetas serigrafiadas, totalmente H.T.M. (Hazlo T\u00fa Mismo), con ilustraciones propias sobre personajes h\u00edbridos (ratas humanoides), con frases ir\u00f3nicas, cr\u00edticas y con tintes de humor negro. Haciendo uso del dibujo libre, el trazo fuerte de un solo color \u2013por lo general negro\u2013 con cierta est\u00e9tica de los dibujos de caricatura antiguos.<\/p>\n\n\n\n<p>\u201cTodo esto gracias a la influencia de los dibujos de fanzines, material discogr\u00e1fico ilustrado y diferentes libros que ahora vienen a mi mente\u201d, anota y se\u00f1ala, entre otros, \u201cMaus\u201d o \u201cPers\u00e9polis\u201d, que marcaron un punto muy importante dentro de su producci\u00f3n, motiv\u00e1ndola a hacer su propio material desde adolescente, como descargar m\u00fasica de Ares y quemar CDs, haciendo compilados de punk o hardcore cuyas portadas ilustraba y vend\u00eda en el colegio y a sus amigos del barrio.<\/p>\n\n\n<div class=\"wp-block-image\">\n<figure class=\"aligncenter size-large\"><img decoding=\"async\" width=\"644\" height=\"429\" src=\"https:\/\/www.uartes.edu.ec\/sitio\/wp-content\/uploads\/2024\/02\/da4-644x429.jpg\" alt=\"\" class=\"wp-image-50762\" srcset=\"https:\/\/www.uartes.edu.ec\/sitio\/wp-content\/uploads\/2024\/02\/da4-644x429.jpg 644w, https:\/\/www.uartes.edu.ec\/sitio\/wp-content\/uploads\/2024\/02\/da4-768x511.jpg 768w, https:\/\/www.uartes.edu.ec\/sitio\/wp-content\/uploads\/2024\/02\/da4.jpg 2000w, https:\/\/www.uartes.edu.ec\/sitio\/wp-content\/uploads\/2024\/02\/da4-600x399.jpg 600w, https:\/\/www.uartes.edu.ec\/sitio\/wp-content\/uploads\/2024\/02\/da4-272x182.jpg 272w\" sizes=\"(max-width: 644px) 100vw, 644px\" \/><\/figure>\n<\/div>\n\n\n<p>\u201cEste dinero que poco a poco empec\u00e9 a generar me serv\u00eda para seguir yendo al ciber e investigar m\u00e1s sobre blogs e incluso algunos donde comenc\u00e9 a ver los eventos que hab\u00eda dentro de la escena del rock de la ciudad, as\u00ed es como comenc\u00e9 a ir a conciertos y conoc\u00ed gente, a\u00f1os despu\u00e9s dentro del instituto o de la universidad mis proyectos dif\u00edcilmente se sal\u00edan de lo que es dibujo, llev\u00e1ndome a participar en varias exposiciones donde, por supuesto, el dibujo era la t\u00e9cnica primordial\u201d, indica la artista, quien expuso en series como \u201cTratamientos\u201d, que se enfocaba en ironizar el uso exagerado de productos de belleza por mujeres, o \u201cDeluxe\u201d, que b\u00e1sicamente era sobre el mismo tema, pero incorporando la pintura expresiva, la mancha y la est\u00e9tica sucia en diferentes galer\u00edas como D.P.M. o la Casa de la Cultura.<\/p>\n\n\n\n<h3 class=\"wp-block-heading\">Presentaci\u00f3n de Petunias, banda que Rapank integra<\/h3>\n\n\n\n<p>La muestra de titulaci\u00f3n contar\u00e1 con la presentaci\u00f3n en vivo de la banda Petunias, donde Rapank me desempe\u00f1a como guitarrista y segunda voz. \u201cTocaremos temas como &#8216;Pandemiun&#8217; o &#8216;Nos asesinan&#8217;, que habla sobre el mal manejo de salud y la corrupci\u00f3n pol\u00edtica de este pa\u00eds\u201d.<\/p>\n\n\n\n<p>Tal y como se\u00f1al\u00f3 la curadora, Rapank indic\u00f3 que la exposici\u00f3n se da en el marco de \u201cArtes, mujeres y espacio p\u00fablico\u201d porque busca una voz propia dentro de un c\u00edrculo que por lo general est\u00e1 dominado por hombres, pretende dejar huella y hacer una apertura de camino para las dem\u00e1s compa\u00f1eras que tambi\u00e9n se sientan motivadas por el arte, el ruido y el uso de los espacios p\u00fablicos. \u201cHaciendo uso de nuestros derechos como lo indica el art\u00edculo 21 del Reglamento General a la Ley Org\u00e1nica de Cultura, el cual nos recuerda nuestro derecho a mantener una identidad cultural propia\u201d.<\/p>\n\n\n\n<p>Al concluir la carrera, Rapank indica que seguir\u00e1 \u201cproduciendo obra y tocando con mi banda como lo he hecho durante todo este tiempo, ya tenemos fechas agendadas con Petunias y por mi lado tambi\u00e9n quisiera llevar esta exposici\u00f3n a otras ciudades, como Quito y Cuenca, donde el movimiento punk tambi\u00e9n es bastante grande. Otra meta que tengo es poder viajar a Francia para hacer estudios de dibujo y artes, aprovechando que el franc\u00e9s es mi segundo idioma gracias a la Universidad de las Artes y la Alianza Francesa.<\/p>\n\n\n\n<p>Im\u00e1genes: Cortes\u00eda Rafaela Salazar, estudiante de la Escuela de Artes Visuales.<\/p>","protected":false},"excerpt":{"rendered":"<p>Su nombre es Rafaela Salazar, pero en el mundo art\u00edstico firma como Rapank. Estudia en la Escuela de Artes Visuales de la UArtes y el 14 de febrero, a las 17:00, inaugurar\u00e1 su muestra de titulaci\u00f3n en el Museo Municipal de Guayaquil. Se da en el marco de \u201cArte, mujeres y espacio p\u00fablico\u201d que en este 2024 llega a su V edici\u00f3n, anota la docente Mar\u00eda Fernanda L\u00f3pez, mentalizadora de la cita y tambi\u00e9n curadora de \u201cBusco en la basura algo nuevo, prendas inconformes\u201d. \u00a0<\/p>","protected":false},"author":10,"featured_media":50759,"comment_status":"open","ping_status":"open","sticky":false,"template":"","format":"standard","meta":{"_acf_changed":false,"_uag_custom_page_level_css":"","_monsterinsights_skip_tracking":false,"_monsterinsights_sitenote_active":false,"_monsterinsights_sitenote_note":"","_monsterinsights_sitenote_category":0,"cybocfi_hide_featured_image":"","footnotes":""},"categories":[714,80,82,157,76,77,284,83],"tags":[1042],"infouartes":[],"class_list":["post-50758","post","type-post","status-publish","format-standard","has-post-thumbnail","hentry","category-2b","category-academico","category-artes","category-artes-visuales","category-estudiantes","category-gestion","category-investigacion","category-sedes","tag-muestra-de-grado"],"acf":[],"yoast_head":"<!-- This site is optimized with the Yoast SEO plugin v27.4 - https:\/\/yoast.com\/product\/yoast-seo-wordpress\/ -->\n<title>Universidad de las Artes - Rafaela Salazar lleva influencias punk al Museo Municipal de Guayaquil<\/title>\n<meta name=\"description\" content=\"Universidad de las Artes - Rafaela Salazar lleva influencias punk al Museo Municipal de Guayaquil\" \/>\n<meta name=\"robots\" content=\"index, follow, max-snippet:-1, max-image-preview:large, max-video-preview:-1\" \/>\n<link rel=\"canonical\" href=\"https:\/\/www.uartes.edu.ec\/sitio\/fr\/blog\/2024\/02\/08\/estudiante-rafaela-salazar-lleva-sus-influencias-de-punk-al-museo-municipal-de-guayaquil\/\" \/>\n<meta property=\"og:locale\" content=\"fr_FR\" \/>\n<meta property=\"og:type\" content=\"article\" \/>\n<meta property=\"og:title\" content=\"Universidad de las Artes - Rafaela Salazar lleva influencias punk al Museo Municipal de Guayaquil\" \/>\n<meta property=\"og:description\" content=\"Universidad de las Artes - Rafaela Salazar lleva influencias punk al Museo Municipal de Guayaquil\" \/>\n<meta property=\"og:url\" content=\"https:\/\/www.uartes.edu.ec\/sitio\/fr\/blog\/2024\/02\/08\/estudiante-rafaela-salazar-lleva-sus-influencias-de-punk-al-museo-municipal-de-guayaquil\/\" \/>\n<meta property=\"og:site_name\" content=\"Universidad de las Artes\" \/>\n<meta property=\"article:publisher\" content=\"https:\/\/www.facebook.com\/uartesec\" \/>\n<meta property=\"article:published_time\" content=\"2024-02-08T19:39:07+00:00\" \/>\n<meta property=\"article:modified_time\" content=\"2024-07-04T16:19:23+00:00\" \/>\n<meta property=\"og:image\" content=\"https:\/\/www.uartes.edu.ec\/sitio\/wp-content\/uploads\/2024\/02\/da5-copy.jpg\" \/>\n\t<meta property=\"og:image:width\" content=\"2000\" \/>\n\t<meta property=\"og:image:height\" content=\"1333\" \/>\n\t<meta property=\"og:image:type\" content=\"image\/jpeg\" \/>\n<meta name=\"author\" content=\"ccortez\" \/>\n<meta name=\"twitter:card\" content=\"summary_large_image\" \/>\n<meta name=\"twitter:creator\" content=\"@uartesec\" \/>\n<meta name=\"twitter:site\" content=\"@uartesec\" \/>\n<meta name=\"twitter:label1\" content=\"\u00c9crit par\" \/>\n\t<meta name=\"twitter:data1\" content=\"ccortez\" \/>\n\t<meta name=\"twitter:label2\" content=\"Dur\u00e9e de lecture estim\u00e9e\" \/>\n\t<meta name=\"twitter:data2\" content=\"5 minutes\" \/>\n<script type=\"application\/ld+json\" class=\"yoast-schema-graph\">{\"@context\":\"https:\\\/\\\/schema.org\",\"@graph\":[{\"@type\":\"Article\",\"@id\":\"https:\\\/\\\/www.uartes.edu.ec\\\/sitio\\\/fr\\\/blog\\\/2024\\\/02\\\/08\\\/estudiante-rafaela-salazar-lleva-sus-influencias-de-punk-al-museo-municipal-de-guayaquil\\\/#article\",\"isPartOf\":{\"@id\":\"https:\\\/\\\/www.uartes.edu.ec\\\/sitio\\\/fr\\\/blog\\\/2024\\\/02\\\/08\\\/estudiante-rafaela-salazar-lleva-sus-influencias-de-punk-al-museo-municipal-de-guayaquil\\\/\"},\"author\":{\"name\":\"ccortez\",\"@id\":\"https:\\\/\\\/www.uartes.edu.ec\\\/sitio\\\/fr\\\/#\\\/schema\\\/person\\\/efa1b8275797664fd7f13a79ccc0b1f4\"},\"headline\":\"Rafaela Salazar lleva influencias punk al Museo Municipal de Guayaquil\",\"datePublished\":\"2024-02-08T19:39:07+00:00\",\"dateModified\":\"2024-07-04T16:19:23+00:00\",\"mainEntityOfPage\":{\"@id\":\"https:\\\/\\\/www.uartes.edu.ec\\\/sitio\\\/fr\\\/blog\\\/2024\\\/02\\\/08\\\/estudiante-rafaela-salazar-lleva-sus-influencias-de-punk-al-museo-municipal-de-guayaquil\\\/\"},\"wordCount\":952,\"commentCount\":0,\"publisher\":{\"@id\":\"https:\\\/\\\/www.uartes.edu.ec\\\/sitio\\\/fr\\\/#organization\"},\"image\":{\"@id\":\"https:\\\/\\\/www.uartes.edu.ec\\\/sitio\\\/fr\\\/blog\\\/2024\\\/02\\\/08\\\/estudiante-rafaela-salazar-lleva-sus-influencias-de-punk-al-museo-municipal-de-guayaquil\\\/#primaryimage\"},\"thumbnailUrl\":\"https:\\\/\\\/www.uartes.edu.ec\\\/sitio\\\/wp-content\\\/uploads\\\/2024\\\/02\\\/da5-copy.jpg\",\"keywords\":[\"muestra de grado\"],\"articleSection\":[\"2B\",\"Acad\u00e9mico\",\"Artes\",\"Artes Visuales\",\"Estudiantes\",\"Gesti\u00f3n\",\"Investigaci\u00f3n\",\"Sedes\"],\"inLanguage\":\"fr-FR\",\"potentialAction\":[{\"@type\":\"CommentAction\",\"name\":\"Comment\",\"target\":[\"https:\\\/\\\/www.uartes.edu.ec\\\/sitio\\\/fr\\\/blog\\\/2024\\\/02\\\/08\\\/estudiante-rafaela-salazar-lleva-sus-influencias-de-punk-al-museo-municipal-de-guayaquil\\\/#respond\"]}]},{\"@type\":[\"WebPage\",\"ItemPage\"],\"@id\":\"https:\\\/\\\/www.uartes.edu.ec\\\/sitio\\\/fr\\\/blog\\\/2024\\\/02\\\/08\\\/estudiante-rafaela-salazar-lleva-sus-influencias-de-punk-al-museo-municipal-de-guayaquil\\\/\",\"url\":\"https:\\\/\\\/www.uartes.edu.ec\\\/sitio\\\/fr\\\/blog\\\/2024\\\/02\\\/08\\\/estudiante-rafaela-salazar-lleva-sus-influencias-de-punk-al-museo-municipal-de-guayaquil\\\/\",\"name\":\"Universidad de las Artes - Rafaela Salazar lleva influencias punk al Museo Municipal de Guayaquil\",\"isPartOf\":{\"@id\":\"https:\\\/\\\/www.uartes.edu.ec\\\/sitio\\\/fr\\\/#website\"},\"primaryImageOfPage\":{\"@id\":\"https:\\\/\\\/www.uartes.edu.ec\\\/sitio\\\/fr\\\/blog\\\/2024\\\/02\\\/08\\\/estudiante-rafaela-salazar-lleva-sus-influencias-de-punk-al-museo-municipal-de-guayaquil\\\/#primaryimage\"},\"image\":{\"@id\":\"https:\\\/\\\/www.uartes.edu.ec\\\/sitio\\\/fr\\\/blog\\\/2024\\\/02\\\/08\\\/estudiante-rafaela-salazar-lleva-sus-influencias-de-punk-al-museo-municipal-de-guayaquil\\\/#primaryimage\"},\"thumbnailUrl\":\"https:\\\/\\\/www.uartes.edu.ec\\\/sitio\\\/wp-content\\\/uploads\\\/2024\\\/02\\\/da5-copy.jpg\",\"datePublished\":\"2024-02-08T19:39:07+00:00\",\"dateModified\":\"2024-07-04T16:19:23+00:00\",\"description\":\"Universidad de las Artes - Rafaela Salazar lleva influencias punk al Museo Municipal de Guayaquil\",\"breadcrumb\":{\"@id\":\"https:\\\/\\\/www.uartes.edu.ec\\\/sitio\\\/fr\\\/blog\\\/2024\\\/02\\\/08\\\/estudiante-rafaela-salazar-lleva-sus-influencias-de-punk-al-museo-municipal-de-guayaquil\\\/#breadcrumb\"},\"inLanguage\":\"fr-FR\",\"potentialAction\":[{\"@type\":\"ReadAction\",\"target\":[\"https:\\\/\\\/www.uartes.edu.ec\\\/sitio\\\/fr\\\/blog\\\/2024\\\/02\\\/08\\\/estudiante-rafaela-salazar-lleva-sus-influencias-de-punk-al-museo-municipal-de-guayaquil\\\/\"]}]},{\"@type\":\"ImageObject\",\"inLanguage\":\"fr-FR\",\"@id\":\"https:\\\/\\\/www.uartes.edu.ec\\\/sitio\\\/fr\\\/blog\\\/2024\\\/02\\\/08\\\/estudiante-rafaela-salazar-lleva-sus-influencias-de-punk-al-museo-municipal-de-guayaquil\\\/#primaryimage\",\"url\":\"https:\\\/\\\/www.uartes.edu.ec\\\/sitio\\\/wp-content\\\/uploads\\\/2024\\\/02\\\/da5-copy.jpg\",\"contentUrl\":\"https:\\\/\\\/www.uartes.edu.ec\\\/sitio\\\/wp-content\\\/uploads\\\/2024\\\/02\\\/da5-copy.jpg\",\"width\":2000,\"height\":1333},{\"@type\":\"BreadcrumbList\",\"@id\":\"https:\\\/\\\/www.uartes.edu.ec\\\/sitio\\\/fr\\\/blog\\\/2024\\\/02\\\/08\\\/estudiante-rafaela-salazar-lleva-sus-influencias-de-punk-al-museo-municipal-de-guayaquil\\\/#breadcrumb\",\"itemListElement\":[{\"@type\":\"ListItem\",\"position\":1,\"name\":\"Inicio\",\"item\":\"https:\\\/\\\/www.uartes.edu.ec\\\/sitio\\\/\"},{\"@type\":\"ListItem\",\"position\":2,\"name\":\"Rafaela Salazar lleva influencias punk al Museo Municipal de Guayaquil\"}]},{\"@type\":\"WebSite\",\"@id\":\"https:\\\/\\\/www.uartes.edu.ec\\\/sitio\\\/fr\\\/#website\",\"url\":\"https:\\\/\\\/www.uartes.edu.ec\\\/sitio\\\/fr\\\/\",\"name\":\"Universidad de las Artes\",\"description\":\"Sitio oficial de la Universidad Nacional de las Artes del Ecuador\",\"publisher\":{\"@id\":\"https:\\\/\\\/www.uartes.edu.ec\\\/sitio\\\/fr\\\/#organization\"},\"potentialAction\":[{\"@type\":\"SearchAction\",\"target\":{\"@type\":\"EntryPoint\",\"urlTemplate\":\"https:\\\/\\\/www.uartes.edu.ec\\\/sitio\\\/fr\\\/?s={search_term_string}\"},\"query-input\":{\"@type\":\"PropertyValueSpecification\",\"valueRequired\":true,\"valueName\":\"search_term_string\"}}],\"inLanguage\":\"fr-FR\"},{\"@type\":\"Organization\",\"@id\":\"https:\\\/\\\/www.uartes.edu.ec\\\/sitio\\\/fr\\\/#organization\",\"name\":\"Universidad de las Artes\",\"url\":\"https:\\\/\\\/www.uartes.edu.ec\\\/sitio\\\/fr\\\/\",\"logo\":{\"@type\":\"ImageObject\",\"inLanguage\":\"fr-FR\",\"@id\":\"https:\\\/\\\/www.uartes.edu.ec\\\/sitio\\\/fr\\\/#\\\/schema\\\/logo\\\/image\\\/\",\"url\":\"https:\\\/\\\/www.uartes.edu.ec\\\/sitio\\\/wp-content\\\/uploads\\\/2022\\\/07\\\/logo-ua-horizontal.png\",\"contentUrl\":\"https:\\\/\\\/www.uartes.edu.ec\\\/sitio\\\/wp-content\\\/uploads\\\/2022\\\/07\\\/logo-ua-horizontal.png\",\"width\":800,\"height\":276,\"caption\":\"Universidad de las Artes\"},\"image\":{\"@id\":\"https:\\\/\\\/www.uartes.edu.ec\\\/sitio\\\/fr\\\/#\\\/schema\\\/logo\\\/image\\\/\"},\"sameAs\":[\"https:\\\/\\\/www.facebook.com\\\/uartesec\",\"https:\\\/\\\/x.com\\\/uartesec\",\"https:\\\/\\\/www.tiktok.com\\\/@uartesec\"]},{\"@type\":\"Person\",\"@id\":\"https:\\\/\\\/www.uartes.edu.ec\\\/sitio\\\/fr\\\/#\\\/schema\\\/person\\\/efa1b8275797664fd7f13a79ccc0b1f4\",\"name\":\"ccortez\",\"image\":{\"@type\":\"ImageObject\",\"inLanguage\":\"fr-FR\",\"@id\":\"https:\\\/\\\/secure.gravatar.com\\\/avatar\\\/b2a6f664a3ae8e074346ef91775736c5ec479e637ecced6842de9dc98b5da9cd?s=96&d=mm&r=g\",\"url\":\"https:\\\/\\\/secure.gravatar.com\\\/avatar\\\/b2a6f664a3ae8e074346ef91775736c5ec479e637ecced6842de9dc98b5da9cd?s=96&d=mm&r=g\",\"contentUrl\":\"https:\\\/\\\/secure.gravatar.com\\\/avatar\\\/b2a6f664a3ae8e074346ef91775736c5ec479e637ecced6842de9dc98b5da9cd?s=96&d=mm&r=g\",\"caption\":\"ccortez\"},\"url\":\"https:\\\/\\\/www.uartes.edu.ec\\\/sitio\\\/fr\\\/blog\\\/author\\\/ccortez\\\/\"}]}<\/script>\n<!-- \/ Yoast SEO plugin. -->","yoast_head_json":{"title":"Universidad de las Artes - Rafaela Salazar lleva influencias punk al Museo Municipal de Guayaquil","description":"Universidad de las Artes - Rafaela Salazar lleva influencias punk al Museo Municipal de Guayaquil","robots":{"index":"index","follow":"follow","max-snippet":"max-snippet:-1","max-image-preview":"max-image-preview:large","max-video-preview":"max-video-preview:-1"},"canonical":"https:\/\/www.uartes.edu.ec\/sitio\/fr\/blog\/2024\/02\/08\/estudiante-rafaela-salazar-lleva-sus-influencias-de-punk-al-museo-municipal-de-guayaquil\/","og_locale":"fr_FR","og_type":"article","og_title":"Universidad de las Artes - Rafaela Salazar lleva influencias punk al Museo Municipal de Guayaquil","og_description":"Universidad de las Artes - Rafaela Salazar lleva influencias punk al Museo Municipal de Guayaquil","og_url":"https:\/\/www.uartes.edu.ec\/sitio\/fr\/blog\/2024\/02\/08\/estudiante-rafaela-salazar-lleva-sus-influencias-de-punk-al-museo-municipal-de-guayaquil\/","og_site_name":"Universidad de las Artes","article_publisher":"https:\/\/www.facebook.com\/uartesec","article_published_time":"2024-02-08T19:39:07+00:00","article_modified_time":"2024-07-04T16:19:23+00:00","og_image":[{"width":2000,"height":1333,"url":"https:\/\/www.uartes.edu.ec\/sitio\/wp-content\/uploads\/2024\/02\/da5-copy.jpg","type":"image\/jpeg"}],"author":"ccortez","twitter_card":"summary_large_image","twitter_creator":"@uartesec","twitter_site":"@uartesec","twitter_misc":{"\u00c9crit par":"ccortez","Dur\u00e9e de lecture estim\u00e9e":"5 minutes"},"schema":{"@context":"https:\/\/schema.org","@graph":[{"@type":"Article","@id":"https:\/\/www.uartes.edu.ec\/sitio\/fr\/blog\/2024\/02\/08\/estudiante-rafaela-salazar-lleva-sus-influencias-de-punk-al-museo-municipal-de-guayaquil\/#article","isPartOf":{"@id":"https:\/\/www.uartes.edu.ec\/sitio\/fr\/blog\/2024\/02\/08\/estudiante-rafaela-salazar-lleva-sus-influencias-de-punk-al-museo-municipal-de-guayaquil\/"},"author":{"name":"ccortez","@id":"https:\/\/www.uartes.edu.ec\/sitio\/fr\/#\/schema\/person\/efa1b8275797664fd7f13a79ccc0b1f4"},"headline":"Rafaela Salazar lleva influencias punk al Museo Municipal de Guayaquil","datePublished":"2024-02-08T19:39:07+00:00","dateModified":"2024-07-04T16:19:23+00:00","mainEntityOfPage":{"@id":"https:\/\/www.uartes.edu.ec\/sitio\/fr\/blog\/2024\/02\/08\/estudiante-rafaela-salazar-lleva-sus-influencias-de-punk-al-museo-municipal-de-guayaquil\/"},"wordCount":952,"commentCount":0,"publisher":{"@id":"https:\/\/www.uartes.edu.ec\/sitio\/fr\/#organization"},"image":{"@id":"https:\/\/www.uartes.edu.ec\/sitio\/fr\/blog\/2024\/02\/08\/estudiante-rafaela-salazar-lleva-sus-influencias-de-punk-al-museo-municipal-de-guayaquil\/#primaryimage"},"thumbnailUrl":"https:\/\/www.uartes.edu.ec\/sitio\/wp-content\/uploads\/2024\/02\/da5-copy.jpg","keywords":["muestra de grado"],"articleSection":["2B","Acad\u00e9mico","Artes","Artes Visuales","Estudiantes","Gesti\u00f3n","Investigaci\u00f3n","Sedes"],"inLanguage":"fr-FR","potentialAction":[{"@type":"CommentAction","name":"Comment","target":["https:\/\/www.uartes.edu.ec\/sitio\/fr\/blog\/2024\/02\/08\/estudiante-rafaela-salazar-lleva-sus-influencias-de-punk-al-museo-municipal-de-guayaquil\/#respond"]}]},{"@type":["WebPage","ItemPage"],"@id":"https:\/\/www.uartes.edu.ec\/sitio\/fr\/blog\/2024\/02\/08\/estudiante-rafaela-salazar-lleva-sus-influencias-de-punk-al-museo-municipal-de-guayaquil\/","url":"https:\/\/www.uartes.edu.ec\/sitio\/fr\/blog\/2024\/02\/08\/estudiante-rafaela-salazar-lleva-sus-influencias-de-punk-al-museo-municipal-de-guayaquil\/","name":"Universidad de las Artes - Rafaela Salazar lleva influencias punk al Museo Municipal de Guayaquil","isPartOf":{"@id":"https:\/\/www.uartes.edu.ec\/sitio\/fr\/#website"},"primaryImageOfPage":{"@id":"https:\/\/www.uartes.edu.ec\/sitio\/fr\/blog\/2024\/02\/08\/estudiante-rafaela-salazar-lleva-sus-influencias-de-punk-al-museo-municipal-de-guayaquil\/#primaryimage"},"image":{"@id":"https:\/\/www.uartes.edu.ec\/sitio\/fr\/blog\/2024\/02\/08\/estudiante-rafaela-salazar-lleva-sus-influencias-de-punk-al-museo-municipal-de-guayaquil\/#primaryimage"},"thumbnailUrl":"https:\/\/www.uartes.edu.ec\/sitio\/wp-content\/uploads\/2024\/02\/da5-copy.jpg","datePublished":"2024-02-08T19:39:07+00:00","dateModified":"2024-07-04T16:19:23+00:00","description":"Universidad de las Artes - Rafaela Salazar lleva influencias punk al Museo Municipal de Guayaquil","breadcrumb":{"@id":"https:\/\/www.uartes.edu.ec\/sitio\/fr\/blog\/2024\/02\/08\/estudiante-rafaela-salazar-lleva-sus-influencias-de-punk-al-museo-municipal-de-guayaquil\/#breadcrumb"},"inLanguage":"fr-FR","potentialAction":[{"@type":"ReadAction","target":["https:\/\/www.uartes.edu.ec\/sitio\/fr\/blog\/2024\/02\/08\/estudiante-rafaela-salazar-lleva-sus-influencias-de-punk-al-museo-municipal-de-guayaquil\/"]}]},{"@type":"ImageObject","inLanguage":"fr-FR","@id":"https:\/\/www.uartes.edu.ec\/sitio\/fr\/blog\/2024\/02\/08\/estudiante-rafaela-salazar-lleva-sus-influencias-de-punk-al-museo-municipal-de-guayaquil\/#primaryimage","url":"https:\/\/www.uartes.edu.ec\/sitio\/wp-content\/uploads\/2024\/02\/da5-copy.jpg","contentUrl":"https:\/\/www.uartes.edu.ec\/sitio\/wp-content\/uploads\/2024\/02\/da5-copy.jpg","width":2000,"height":1333},{"@type":"BreadcrumbList","@id":"https:\/\/www.uartes.edu.ec\/sitio\/fr\/blog\/2024\/02\/08\/estudiante-rafaela-salazar-lleva-sus-influencias-de-punk-al-museo-municipal-de-guayaquil\/#breadcrumb","itemListElement":[{"@type":"ListItem","position":1,"name":"Inicio","item":"https:\/\/www.uartes.edu.ec\/sitio\/"},{"@type":"ListItem","position":2,"name":"Rafaela Salazar lleva influencias punk al Museo Municipal de Guayaquil"}]},{"@type":"WebSite","@id":"https:\/\/www.uartes.edu.ec\/sitio\/fr\/#website","url":"https:\/\/www.uartes.edu.ec\/sitio\/fr\/","name":"Universidad de las Artes","description":"Sitio oficial de la Universidad Nacional de las Artes del Ecuador","publisher":{"@id":"https:\/\/www.uartes.edu.ec\/sitio\/fr\/#organization"},"potentialAction":[{"@type":"SearchAction","target":{"@type":"EntryPoint","urlTemplate":"https:\/\/www.uartes.edu.ec\/sitio\/fr\/?s={search_term_string}"},"query-input":{"@type":"PropertyValueSpecification","valueRequired":true,"valueName":"search_term_string"}}],"inLanguage":"fr-FR"},{"@type":"Organization","@id":"https:\/\/www.uartes.edu.ec\/sitio\/fr\/#organization","name":"Universidad de las Artes","url":"https:\/\/www.uartes.edu.ec\/sitio\/fr\/","logo":{"@type":"ImageObject","inLanguage":"fr-FR","@id":"https:\/\/www.uartes.edu.ec\/sitio\/fr\/#\/schema\/logo\/image\/","url":"https:\/\/www.uartes.edu.ec\/sitio\/wp-content\/uploads\/2022\/07\/logo-ua-horizontal.png","contentUrl":"https:\/\/www.uartes.edu.ec\/sitio\/wp-content\/uploads\/2022\/07\/logo-ua-horizontal.png","width":800,"height":276,"caption":"Universidad de las Artes"},"image":{"@id":"https:\/\/www.uartes.edu.ec\/sitio\/fr\/#\/schema\/logo\/image\/"},"sameAs":["https:\/\/www.facebook.com\/uartesec","https:\/\/x.com\/uartesec","https:\/\/www.tiktok.com\/@uartesec"]},{"@type":"Person","@id":"https:\/\/www.uartes.edu.ec\/sitio\/fr\/#\/schema\/person\/efa1b8275797664fd7f13a79ccc0b1f4","name":"ccortez","image":{"@type":"ImageObject","inLanguage":"fr-FR","@id":"https:\/\/secure.gravatar.com\/avatar\/b2a6f664a3ae8e074346ef91775736c5ec479e637ecced6842de9dc98b5da9cd?s=96&d=mm&r=g","url":"https:\/\/secure.gravatar.com\/avatar\/b2a6f664a3ae8e074346ef91775736c5ec479e637ecced6842de9dc98b5da9cd?s=96&d=mm&r=g","contentUrl":"https:\/\/secure.gravatar.com\/avatar\/b2a6f664a3ae8e074346ef91775736c5ec479e637ecced6842de9dc98b5da9cd?s=96&d=mm&r=g","caption":"ccortez"},"url":"https:\/\/www.uartes.edu.ec\/sitio\/fr\/blog\/author\/ccortez\/"}]}},"uagb_featured_image_src":{"full":["https:\/\/www.uartes.edu.ec\/sitio\/wp-content\/uploads\/2024\/02\/da5-copy.jpg",2000,1333,false],"thumbnail":["https:\/\/www.uartes.edu.ec\/sitio\/wp-content\/uploads\/2024\/02\/da5-copy-150x150.jpg",150,150,true],"medium":["https:\/\/www.uartes.edu.ec\/sitio\/wp-content\/uploads\/2024\/02\/da5-copy-300x200.jpg",300,200,true],"medium_large":["https:\/\/www.uartes.edu.ec\/sitio\/wp-content\/uploads\/2024\/02\/da5-copy-768x512.jpg",768,512,true],"large":["https:\/\/www.uartes.edu.ec\/sitio\/wp-content\/uploads\/2024\/02\/da5-copy-644x429.jpg",644,429,true],"1536x1536":["https:\/\/www.uartes.edu.ec\/sitio\/wp-content\/uploads\/2024\/02\/da5-copy-1536x1024.jpg",1536,1024,true],"2048x2048":["https:\/\/www.uartes.edu.ec\/sitio\/wp-content\/uploads\/2024\/02\/da5-copy.jpg",2000,1333,false],"trp-custom-language-flag":["https:\/\/www.uartes.edu.ec\/sitio\/wp-content\/uploads\/2024\/02\/da5-copy.jpg",18,12,false],"htmega_size_585x295":["https:\/\/www.uartes.edu.ec\/sitio\/wp-content\/uploads\/2024\/02\/da5-copy-585x295.jpg",585,295,true],"htmega_size_1170x536":["https:\/\/www.uartes.edu.ec\/sitio\/wp-content\/uploads\/2024\/02\/da5-copy-1170x536.jpg",1170,536,true],"htmega_size_396x360":["https:\/\/www.uartes.edu.ec\/sitio\/wp-content\/uploads\/2024\/02\/da5-copy-396x360.jpg",396,360,true],"gb-block-post-grid-landscape":["https:\/\/www.uartes.edu.ec\/sitio\/wp-content\/uploads\/2024\/02\/da5-copy-600x400.jpg",600,400,true],"gb-block-post-grid-square":["https:\/\/www.uartes.edu.ec\/sitio\/wp-content\/uploads\/2024\/02\/da5-copy-600x600.jpg",600,600,true],"university-hub-thumb":["https:\/\/www.uartes.edu.ec\/sitio\/wp-content\/uploads\/2024\/02\/da5-copy-400x267.jpg",400,267,true],"mailpoet_newsletter_max":["https:\/\/www.uartes.edu.ec\/sitio\/wp-content\/uploads\/2024\/02\/da5-copy.jpg",1320,880,false]},"uagb_author_info":{"display_name":"ccortez","author_link":"https:\/\/www.uartes.edu.ec\/sitio\/fr\/blog\/author\/ccortez\/"},"uagb_comment_info":0,"uagb_excerpt":"Su nombre es Rafaela Salazar, pero en el mundo art\u00edstico firma como Rapank. Estudia en la Escuela de Artes Visuales de la UArtes y el 14 de febrero, a las 17:00, inaugurar\u00e1 su muestra de titulaci\u00f3n en el Museo Municipal de Guayaquil. Se da en el marco de \u201cArte, mujeres y espacio p\u00fablico\u201d que en\u2026","featured_image_src":"https:\/\/www.uartes.edu.ec\/sitio\/wp-content\/uploads\/2024\/02\/da5-copy-600x400.jpg","featured_image_src_square":"https:\/\/www.uartes.edu.ec\/sitio\/wp-content\/uploads\/2024\/02\/da5-copy-600x600.jpg","author_info":{"display_name":"ccortez","author_link":"https:\/\/www.uartes.edu.ec\/sitio\/fr\/blog\/author\/ccortez\/"},"publishpress_future_workflow_manual_trigger":{"enabledWorkflows":[]},"distributor_meta":false,"distributor_terms":false,"distributor_media":false,"distributor_original_site_name":"Universidad de las Artes","distributor_original_site_url":"https:\/\/www.uartes.edu.ec\/sitio\/fr","push-errors":false,"_links":{"self":[{"href":"https:\/\/www.uartes.edu.ec\/sitio\/fr\/wp-json\/wp\/v2\/posts\/50758","targetHints":{"allow":["GET"]}}],"collection":[{"href":"https:\/\/www.uartes.edu.ec\/sitio\/fr\/wp-json\/wp\/v2\/posts"}],"about":[{"href":"https:\/\/www.uartes.edu.ec\/sitio\/fr\/wp-json\/wp\/v2\/types\/post"}],"author":[{"embeddable":true,"href":"https:\/\/www.uartes.edu.ec\/sitio\/fr\/wp-json\/wp\/v2\/users\/10"}],"replies":[{"embeddable":true,"href":"https:\/\/www.uartes.edu.ec\/sitio\/fr\/wp-json\/wp\/v2\/comments?post=50758"}],"version-history":[{"count":10,"href":"https:\/\/www.uartes.edu.ec\/sitio\/fr\/wp-json\/wp\/v2\/posts\/50758\/revisions"}],"predecessor-version":[{"id":54287,"href":"https:\/\/www.uartes.edu.ec\/sitio\/fr\/wp-json\/wp\/v2\/posts\/50758\/revisions\/54287"}],"wp:featuredmedia":[{"embeddable":true,"href":"https:\/\/www.uartes.edu.ec\/sitio\/fr\/wp-json\/wp\/v2\/media\/50759"}],"wp:attachment":[{"href":"https:\/\/www.uartes.edu.ec\/sitio\/fr\/wp-json\/wp\/v2\/media?parent=50758"}],"wp:term":[{"taxonomy":"category","embeddable":true,"href":"https:\/\/www.uartes.edu.ec\/sitio\/fr\/wp-json\/wp\/v2\/categories?post=50758"},{"taxonomy":"post_tag","embeddable":true,"href":"https:\/\/www.uartes.edu.ec\/sitio\/fr\/wp-json\/wp\/v2\/tags?post=50758"},{"taxonomy":"infouartes","embeddable":true,"href":"https:\/\/www.uartes.edu.ec\/sitio\/fr\/wp-json\/wp\/v2\/infouartes?post=50758"}],"curies":[{"name":"wp","href":"https:\/\/api.w.org\/{rel}","templated":true}]}}