{"id":50793,"date":"2024-02-09T16:10:04","date_gmt":"2024-02-09T21:10:04","guid":{"rendered":"https:\/\/www.uartes.edu.ec\/sitio\/?p=50793"},"modified":"2024-07-04T11:19:22","modified_gmt":"2024-07-04T16:19:22","slug":"con-gratitud-y-pasion-owar-cedeno-compuso-temas-cristianos-inspirados-en-rock-japones-al-estilo-anime","status":"publish","type":"post","link":"https:\/\/www.uartes.edu.ec\/sitio\/fr\/blog\/2024\/02\/09\/con-gratitud-y-pasion-owar-cedeno-compuso-temas-cristianos-inspirados-en-rock-japones-al-estilo-anime\/","title":{"rendered":"Con gratitud y pasi\u00f3n, Owar Cede\u00f1o compuso temas cristianos inspirados en rock japon\u00e9s al\u00a0estilo\u00a0anime"},"content":{"rendered":"<p>\u201cArmon\u00eda de Naruto, cuatro composiciones cristianas inspiradas en el rock japon\u00e9s al&nbsp;estilo&nbsp;anime\u201d. El estudiante Owar Cede\u00f1o Espinel, de la carrera de Artes Musicales de la Escuela de Artes Sonoras, llev\u00f3 esta propuesta \u2013el 4 de febrero pasado\u2013 al Sal\u00f3n de Usos M\u00faltiples del Pabell\u00f3n Araceli Gilbert como su concierto de titulaci\u00f3n.<\/p>\n\n\n\n<p>El proyecto surgi\u00f3 de una profunda conexi\u00f3n entre la fe y la pasi\u00f3n por el anime, refiere el alumno. \u201cDesde mis primeros d\u00edas en la Universidad de las Artes siempre hab\u00eda deseado componer m\u00fasica que reflejara mis intereses y creencias. Aunque consider\u00e9 varias opciones, incluyendo m\u00fasica anime, boleros y musicalizaci\u00f3n de cortometrajes, finalmente decid\u00ed seguir mi instinto y optar por la idea que hab\u00eda tenido desde el principio: hacer composiciones cristianas al estilo J-Rock\u201d.<\/p>\n\n\n\n<p>Para su concierto de grado, Owar Cede\u00f1o se propuso captar la esencia del rock japon\u00e9s, enriquecida por la influencia art\u00edstica de la banda Kana Boon, reconocida por su contribuci\u00f3n en la creaci\u00f3n de openings para los animes \u201cNaruto\u201d y \u201cNaruto Shippuden\u201d.<\/p>\n\n\n<div class=\"wp-block-image\">\n<figure class=\"aligncenter size-large\"><img fetchpriority=\"high\" decoding=\"async\" width=\"644\" height=\"429\" src=\"https:\/\/www.uartes.edu.ec\/sitio\/wp-content\/uploads\/2024\/02\/DD2-644x429.jpg\" alt=\"\" class=\"wp-image-50795\" srcset=\"https:\/\/www.uartes.edu.ec\/sitio\/wp-content\/uploads\/2024\/02\/DD2-644x429.jpg 644w, https:\/\/www.uartes.edu.ec\/sitio\/wp-content\/uploads\/2024\/02\/DD2-300x200.jpg 300w, https:\/\/www.uartes.edu.ec\/sitio\/wp-content\/uploads\/2024\/02\/DD2-768x512.jpg 768w, https:\/\/www.uartes.edu.ec\/sitio\/wp-content\/uploads\/2024\/02\/DD2-1536x1024.jpg 1536w, https:\/\/www.uartes.edu.ec\/sitio\/wp-content\/uploads\/2024\/02\/DD2-600x400.jpg 600w, https:\/\/www.uartes.edu.ec\/sitio\/wp-content\/uploads\/2024\/02\/DD2-400x267.jpg 400w, https:\/\/www.uartes.edu.ec\/sitio\/wp-content\/uploads\/2024\/02\/DD2-272x182.jpg 272w, https:\/\/www.uartes.edu.ec\/sitio\/wp-content\/uploads\/2024\/02\/DD2.jpg 2000w\" sizes=\"(max-width: 644px) 100vw, 644px\" \/><\/figure>\n<\/div>\n\n\n<p>La elecci\u00f3n de Kana Boon como influencia art\u00edstica fue natural para Owar Cede\u00f1o, pues es, desde su infancia, seguidor de \u201cNaruto\u201d, de all\u00ed que descubrir que la agrupaci\u00f3n japonesa de rock hab\u00eda contribuido con su m\u00fasica a la serie \u201cfue un punto de conexi\u00f3n emocional para m\u00ed. Su estilo en\u00e9rgico y sus letras motivadoras resonaron profundamente conmigo, y supe que quer\u00eda capturar esa misma energ\u00eda y esencia en mis propias composiciones\u201d.<\/p>\n\n\n\n<p>El proceso de composici\u00f3n y producci\u00f3n para el concierto de titulaci\u00f3n fue un desaf\u00edo emocionante para el pr\u00f3ximo graduado UArtes. Explica que comenz\u00f3 con un an\u00e1lisis detallado de la m\u00fasica de Kana Boon para comprender mejor su estilo y t\u00e9cnicas. Se sumergi\u00f3 luego en la creaci\u00f3n, logrando componer melod\u00edas mientras imaginaba letras que transmitieran mensajes cristianos de esperanza y superaci\u00f3n.<\/p>\n\n\n\n<p>\u201cDe Kana Boon seleccion\u00e9 cuatro de sus composiciones para analizar sus aspectos r\u00edtmicos, mel\u00f3dicos y arm\u00f3nicos, luego de eso empez\u00f3 mi trabajo\u201d, anota.<\/p>\n\n\n\n<p>Cada compositor tiene una forma distinta o personal de componer y \u00e9l, en su caso, empez\u00f3 por componer las melod\u00edas mientras imaginaba una letra para ellas y las grababa por medio de su interface en el programa de grabaci\u00f3n \u201creaper\u201d. \u201cLuego empezaba a armonizar la melod\u00eda siguiendo las caracter\u00edsticas que podr\u00edan definir a la banda Kana Boon y as\u00ed fue con cada instrumento, bater\u00eda, bajo y guitarras\u201d.<\/p>\n\n\n<div class=\"wp-block-image\">\n<figure class=\"aligncenter size-large\"><img decoding=\"async\" width=\"644\" height=\"429\" src=\"https:\/\/www.uartes.edu.ec\/sitio\/wp-content\/uploads\/2024\/02\/dd1-644x429.jpg\" alt=\"\" class=\"wp-image-50796\" srcset=\"https:\/\/www.uartes.edu.ec\/sitio\/wp-content\/uploads\/2024\/02\/dd1-644x429.jpg 644w, https:\/\/www.uartes.edu.ec\/sitio\/wp-content\/uploads\/2024\/02\/dd1-300x200.jpg 300w, https:\/\/www.uartes.edu.ec\/sitio\/wp-content\/uploads\/2024\/02\/dd1-768x512.jpg 768w, https:\/\/www.uartes.edu.ec\/sitio\/wp-content\/uploads\/2024\/02\/dd1-1536x1024.jpg 1536w, https:\/\/www.uartes.edu.ec\/sitio\/wp-content\/uploads\/2024\/02\/dd1-600x400.jpg 600w, https:\/\/www.uartes.edu.ec\/sitio\/wp-content\/uploads\/2024\/02\/dd1-400x267.jpg 400w, https:\/\/www.uartes.edu.ec\/sitio\/wp-content\/uploads\/2024\/02\/dd1-272x182.jpg 272w, https:\/\/www.uartes.edu.ec\/sitio\/wp-content\/uploads\/2024\/02\/dd1.jpg 2000w\" sizes=\"(max-width: 644px) 100vw, 644px\" \/><\/figure>\n<\/div>\n\n\n<p>A pesar de algunos contratiempos, Owar Cede\u00f1o revela que logr\u00f3 superarlos. Por ejemplo, el mayor desaf\u00edo fue componer las letras, algo en lo que no ten\u00eda experiencia previa, o que la Laptop se estropeara. Sin embargo, con la ayuda de un colaborador y su determinaci\u00f3n libr\u00f3 el obst\u00e1culo, lo cual fue significativo. Desde la coordinaci\u00f3n de ensayos hasta la adaptaci\u00f3n a contratiempos inesperados, como enfermedades y cambios de m\u00fasicos, constituyeron parte del desaf\u00edo, alcanzado gracias al compromiso y el profesionalismo de todos los involucrados.<\/p>\n\n\n\n<p>En el concierto lo acompa\u00f1aron los m\u00fasicos Alfredo Rivas, en la bater\u00eda; Cristian Echeverr\u00eda, en el bajo el\u00e9ctrico; Jos\u00e9 Luis Cumbicos y William Hern\u00e1ndez, en la guitarra, al igual que Owar Cede\u00f1o; y Rodney Land\u00e1zuri y Melanie Le\u00f3n, en la voz.<\/p>\n\n\n\n<p>Al capturar la esencia del rock japon\u00e9s y de \u201cNaruto\u201d, el estudiante UArtes incorpor\u00f3 la instrumentaci\u00f3n caracter\u00edstica del g\u00e9nero musical y se asegur\u00f3 de mantener un equilibrio entre la energ\u00eda explosiva y los momentos reflexivos. La colaboraci\u00f3n con los m\u00fasicos en el concierto fue fundamental. Todos demostraron un compromiso excepcional y una comprensi\u00f3n profunda del estilo y la intenci\u00f3n de la m\u00fasica, lo que contribuy\u00f3 en gran medida al \u00e9xito del concierto.<\/p>\n\n\n\n<p>Presentar este proyecto como culminaci\u00f3n de su carrera universitaria le defini\u00f3 un profundo e \u00edntimo significado de la UArtes. Expresa que desde el momento en que ingres\u00f3 a la universidad supo que quer\u00eda hacer algo relevante para expresar su gratitud a Dios por la oportunidad. El concierto, inspirado en su fe y la pasi\u00f3n por el anime, fue su forma de cumplir esa promesa y de celebrar todo lo que ha aprendido y logrado durante su preparaci\u00f3n acad\u00e9mica. \u201cEs un testimonio de mi dedicaci\u00f3n, creatividad y crecimiento como m\u00fasico y como persona\u201d.<\/p>\n\n\n\n<p>Fotos: Cortes\u00eda de Owar Cede\u00f1o Espinel, estudiante de la Escuela de Artes Sonoras<br>Texto: Eleinn Rivera Sol\u00eds, estudiante de la Escuela de Literatura\/Edici\u00f3n: Carmen Cortez<\/p>","protected":false},"excerpt":{"rendered":"<p>\u201cArmon\u00eda de Naruto, cuatro composiciones cristianas inspiradas en el rock japon\u00e9s al estilo anime\u201d. El estudiante Owar Cede\u00f1o Espinel, de la carrera de Artes Musicales de la Escuela de Artes Sonoras, llev\u00f3 esta propuesta \u2013el 4 de febrero pasado\u2013 al Sal\u00f3n de Usos M\u00faltiples del Pabell\u00f3n Araceli Gilbert como su concierto de titulaci\u00f3n. El proyecto surgi\u00f3 de una profunda conexi\u00f3n entre la fe y la pasi\u00f3n por el anime.<\/p>","protected":false},"author":10,"featured_media":50794,"comment_status":"open","ping_status":"open","sticky":false,"template":"","format":"standard","meta":{"_acf_changed":false,"_uag_custom_page_level_css":"","_monsterinsights_skip_tracking":false,"_monsterinsights_sitenote_active":false,"_monsterinsights_sitenote_note":"","_monsterinsights_sitenote_category":0,"cybocfi_hide_featured_image":"","footnotes":""},"categories":[80,150,76,77,284,83],"tags":[1105],"infouartes":[],"class_list":["post-50793","post","type-post","status-publish","format-standard","has-post-thumbnail","hentry","category-academico","category-artes-sonoras","category-estudiantes","category-gestion","category-investigacion","category-sedes","tag-concierto-de-grado"],"acf":[],"yoast_head":"<!-- This site is optimized with the Yoast SEO plugin v27.4 - https:\/\/yoast.com\/product\/yoast-seo-wordpress\/ -->\n<title>Universidad de las Artes - Con gratitud y pasi\u00f3n, Owar Cede\u00f1o compuso temas cristianos inspirados en rock japon\u00e9s al\u00a0estilo\u00a0anime<\/title>\n<meta name=\"description\" content=\"Universidad de las Artes - Con gratitud y pasi\u00f3n, Owar Cede\u00f1o compuso temas cristianos inspirados en rock japon\u00e9s al\u00a0estilo\u00a0anime\" \/>\n<meta name=\"robots\" content=\"index, follow, max-snippet:-1, max-image-preview:large, max-video-preview:-1\" \/>\n<link rel=\"canonical\" href=\"https:\/\/www.uartes.edu.ec\/sitio\/fr\/blog\/2024\/02\/09\/con-gratitud-y-pasion-owar-cedeno-compuso-temas-cristianos-inspirados-en-rock-japones-al-estilo-anime\/\" \/>\n<meta property=\"og:locale\" content=\"fr_FR\" \/>\n<meta property=\"og:type\" content=\"article\" \/>\n<meta property=\"og:title\" content=\"Universidad de las Artes - Con gratitud y pasi\u00f3n, Owar Cede\u00f1o compuso temas cristianos inspirados en rock japon\u00e9s al\u00a0estilo\u00a0anime\" \/>\n<meta property=\"og:description\" content=\"Universidad de las Artes - Con gratitud y pasi\u00f3n, Owar Cede\u00f1o compuso temas cristianos inspirados en rock japon\u00e9s al\u00a0estilo\u00a0anime\" \/>\n<meta property=\"og:url\" content=\"https:\/\/www.uartes.edu.ec\/sitio\/fr\/blog\/2024\/02\/09\/con-gratitud-y-pasion-owar-cedeno-compuso-temas-cristianos-inspirados-en-rock-japones-al-estilo-anime\/\" \/>\n<meta property=\"og:site_name\" content=\"Universidad de las Artes\" \/>\n<meta property=\"article:publisher\" content=\"https:\/\/www.facebook.com\/uartesec\" \/>\n<meta property=\"article:published_time\" content=\"2024-02-09T21:10:04+00:00\" \/>\n<meta property=\"article:modified_time\" content=\"2024-07-04T16:19:22+00:00\" \/>\n<meta property=\"og:image\" content=\"https:\/\/www.uartes.edu.ec\/sitio\/wp-content\/uploads\/2024\/02\/DD3.jpg\" \/>\n\t<meta property=\"og:image:width\" content=\"2000\" \/>\n\t<meta property=\"og:image:height\" content=\"1333\" \/>\n\t<meta property=\"og:image:type\" content=\"image\/jpeg\" \/>\n<meta name=\"author\" content=\"ccortez\" \/>\n<meta name=\"twitter:card\" content=\"summary_large_image\" \/>\n<meta name=\"twitter:creator\" content=\"@uartesec\" \/>\n<meta name=\"twitter:site\" content=\"@uartesec\" \/>\n<meta name=\"twitter:label1\" content=\"\u00c9crit par\" \/>\n\t<meta name=\"twitter:data1\" content=\"ccortez\" \/>\n\t<meta name=\"twitter:label2\" content=\"Dur\u00e9e de lecture estim\u00e9e\" \/>\n\t<meta name=\"twitter:data2\" content=\"4 minutes\" \/>\n<script type=\"application\/ld+json\" class=\"yoast-schema-graph\">{\"@context\":\"https:\\\/\\\/schema.org\",\"@graph\":[{\"@type\":\"Article\",\"@id\":\"https:\\\/\\\/www.uartes.edu.ec\\\/sitio\\\/fr\\\/blog\\\/2024\\\/02\\\/09\\\/con-gratitud-y-pasion-owar-cedeno-compuso-temas-cristianos-inspirados-en-rock-japones-al-estilo-anime\\\/#article\",\"isPartOf\":{\"@id\":\"https:\\\/\\\/www.uartes.edu.ec\\\/sitio\\\/fr\\\/blog\\\/2024\\\/02\\\/09\\\/con-gratitud-y-pasion-owar-cedeno-compuso-temas-cristianos-inspirados-en-rock-japones-al-estilo-anime\\\/\"},\"author\":{\"name\":\"ccortez\",\"@id\":\"https:\\\/\\\/www.uartes.edu.ec\\\/sitio\\\/fr\\\/#\\\/schema\\\/person\\\/efa1b8275797664fd7f13a79ccc0b1f4\"},\"headline\":\"Con gratitud y pasi\u00f3n, Owar Cede\u00f1o compuso temas cristianos inspirados en rock japon\u00e9s al\u00a0estilo\u00a0anime\",\"datePublished\":\"2024-02-09T21:10:04+00:00\",\"dateModified\":\"2024-07-04T16:19:22+00:00\",\"mainEntityOfPage\":{\"@id\":\"https:\\\/\\\/www.uartes.edu.ec\\\/sitio\\\/fr\\\/blog\\\/2024\\\/02\\\/09\\\/con-gratitud-y-pasion-owar-cedeno-compuso-temas-cristianos-inspirados-en-rock-japones-al-estilo-anime\\\/\"},\"wordCount\":812,\"commentCount\":0,\"publisher\":{\"@id\":\"https:\\\/\\\/www.uartes.edu.ec\\\/sitio\\\/fr\\\/#organization\"},\"image\":{\"@id\":\"https:\\\/\\\/www.uartes.edu.ec\\\/sitio\\\/fr\\\/blog\\\/2024\\\/02\\\/09\\\/con-gratitud-y-pasion-owar-cedeno-compuso-temas-cristianos-inspirados-en-rock-japones-al-estilo-anime\\\/#primaryimage\"},\"thumbnailUrl\":\"https:\\\/\\\/www.uartes.edu.ec\\\/sitio\\\/wp-content\\\/uploads\\\/2024\\\/02\\\/DD3.jpg\",\"keywords\":[\"concierto de grado\"],\"articleSection\":[\"Acad\u00e9mico\",\"Artes Sonoras\",\"Estudiantes\",\"Gesti\u00f3n\",\"Investigaci\u00f3n\",\"Sedes\"],\"inLanguage\":\"fr-FR\",\"potentialAction\":[{\"@type\":\"CommentAction\",\"name\":\"Comment\",\"target\":[\"https:\\\/\\\/www.uartes.edu.ec\\\/sitio\\\/fr\\\/blog\\\/2024\\\/02\\\/09\\\/con-gratitud-y-pasion-owar-cedeno-compuso-temas-cristianos-inspirados-en-rock-japones-al-estilo-anime\\\/#respond\"]}]},{\"@type\":[\"WebPage\",\"ItemPage\"],\"@id\":\"https:\\\/\\\/www.uartes.edu.ec\\\/sitio\\\/fr\\\/blog\\\/2024\\\/02\\\/09\\\/con-gratitud-y-pasion-owar-cedeno-compuso-temas-cristianos-inspirados-en-rock-japones-al-estilo-anime\\\/\",\"url\":\"https:\\\/\\\/www.uartes.edu.ec\\\/sitio\\\/fr\\\/blog\\\/2024\\\/02\\\/09\\\/con-gratitud-y-pasion-owar-cedeno-compuso-temas-cristianos-inspirados-en-rock-japones-al-estilo-anime\\\/\",\"name\":\"Universidad de las Artes - Con gratitud y pasi\u00f3n, Owar Cede\u00f1o compuso temas cristianos inspirados en rock japon\u00e9s al\u00a0estilo\u00a0anime\",\"isPartOf\":{\"@id\":\"https:\\\/\\\/www.uartes.edu.ec\\\/sitio\\\/fr\\\/#website\"},\"primaryImageOfPage\":{\"@id\":\"https:\\\/\\\/www.uartes.edu.ec\\\/sitio\\\/fr\\\/blog\\\/2024\\\/02\\\/09\\\/con-gratitud-y-pasion-owar-cedeno-compuso-temas-cristianos-inspirados-en-rock-japones-al-estilo-anime\\\/#primaryimage\"},\"image\":{\"@id\":\"https:\\\/\\\/www.uartes.edu.ec\\\/sitio\\\/fr\\\/blog\\\/2024\\\/02\\\/09\\\/con-gratitud-y-pasion-owar-cedeno-compuso-temas-cristianos-inspirados-en-rock-japones-al-estilo-anime\\\/#primaryimage\"},\"thumbnailUrl\":\"https:\\\/\\\/www.uartes.edu.ec\\\/sitio\\\/wp-content\\\/uploads\\\/2024\\\/02\\\/DD3.jpg\",\"datePublished\":\"2024-02-09T21:10:04+00:00\",\"dateModified\":\"2024-07-04T16:19:22+00:00\",\"description\":\"Universidad de las Artes - Con gratitud y pasi\u00f3n, Owar Cede\u00f1o compuso temas cristianos inspirados en rock japon\u00e9s al\u00a0estilo\u00a0anime\",\"breadcrumb\":{\"@id\":\"https:\\\/\\\/www.uartes.edu.ec\\\/sitio\\\/fr\\\/blog\\\/2024\\\/02\\\/09\\\/con-gratitud-y-pasion-owar-cedeno-compuso-temas-cristianos-inspirados-en-rock-japones-al-estilo-anime\\\/#breadcrumb\"},\"inLanguage\":\"fr-FR\",\"potentialAction\":[{\"@type\":\"ReadAction\",\"target\":[\"https:\\\/\\\/www.uartes.edu.ec\\\/sitio\\\/fr\\\/blog\\\/2024\\\/02\\\/09\\\/con-gratitud-y-pasion-owar-cedeno-compuso-temas-cristianos-inspirados-en-rock-japones-al-estilo-anime\\\/\"]}]},{\"@type\":\"ImageObject\",\"inLanguage\":\"fr-FR\",\"@id\":\"https:\\\/\\\/www.uartes.edu.ec\\\/sitio\\\/fr\\\/blog\\\/2024\\\/02\\\/09\\\/con-gratitud-y-pasion-owar-cedeno-compuso-temas-cristianos-inspirados-en-rock-japones-al-estilo-anime\\\/#primaryimage\",\"url\":\"https:\\\/\\\/www.uartes.edu.ec\\\/sitio\\\/wp-content\\\/uploads\\\/2024\\\/02\\\/DD3.jpg\",\"contentUrl\":\"https:\\\/\\\/www.uartes.edu.ec\\\/sitio\\\/wp-content\\\/uploads\\\/2024\\\/02\\\/DD3.jpg\",\"width\":2000,\"height\":1333},{\"@type\":\"BreadcrumbList\",\"@id\":\"https:\\\/\\\/www.uartes.edu.ec\\\/sitio\\\/fr\\\/blog\\\/2024\\\/02\\\/09\\\/con-gratitud-y-pasion-owar-cedeno-compuso-temas-cristianos-inspirados-en-rock-japones-al-estilo-anime\\\/#breadcrumb\",\"itemListElement\":[{\"@type\":\"ListItem\",\"position\":1,\"name\":\"Inicio\",\"item\":\"https:\\\/\\\/www.uartes.edu.ec\\\/sitio\\\/\"},{\"@type\":\"ListItem\",\"position\":2,\"name\":\"Con gratitud y pasi\u00f3n, Owar Cede\u00f1o compuso temas cristianos inspirados en rock japon\u00e9s al\u00a0estilo\u00a0anime\"}]},{\"@type\":\"WebSite\",\"@id\":\"https:\\\/\\\/www.uartes.edu.ec\\\/sitio\\\/fr\\\/#website\",\"url\":\"https:\\\/\\\/www.uartes.edu.ec\\\/sitio\\\/fr\\\/\",\"name\":\"Universidad de las Artes\",\"description\":\"Sitio oficial de la Universidad Nacional de las Artes del Ecuador\",\"publisher\":{\"@id\":\"https:\\\/\\\/www.uartes.edu.ec\\\/sitio\\\/fr\\\/#organization\"},\"potentialAction\":[{\"@type\":\"SearchAction\",\"target\":{\"@type\":\"EntryPoint\",\"urlTemplate\":\"https:\\\/\\\/www.uartes.edu.ec\\\/sitio\\\/fr\\\/?s={search_term_string}\"},\"query-input\":{\"@type\":\"PropertyValueSpecification\",\"valueRequired\":true,\"valueName\":\"search_term_string\"}}],\"inLanguage\":\"fr-FR\"},{\"@type\":\"Organization\",\"@id\":\"https:\\\/\\\/www.uartes.edu.ec\\\/sitio\\\/fr\\\/#organization\",\"name\":\"Universidad de las Artes\",\"url\":\"https:\\\/\\\/www.uartes.edu.ec\\\/sitio\\\/fr\\\/\",\"logo\":{\"@type\":\"ImageObject\",\"inLanguage\":\"fr-FR\",\"@id\":\"https:\\\/\\\/www.uartes.edu.ec\\\/sitio\\\/fr\\\/#\\\/schema\\\/logo\\\/image\\\/\",\"url\":\"https:\\\/\\\/www.uartes.edu.ec\\\/sitio\\\/wp-content\\\/uploads\\\/2022\\\/07\\\/logo-ua-horizontal.png\",\"contentUrl\":\"https:\\\/\\\/www.uartes.edu.ec\\\/sitio\\\/wp-content\\\/uploads\\\/2022\\\/07\\\/logo-ua-horizontal.png\",\"width\":800,\"height\":276,\"caption\":\"Universidad de las Artes\"},\"image\":{\"@id\":\"https:\\\/\\\/www.uartes.edu.ec\\\/sitio\\\/fr\\\/#\\\/schema\\\/logo\\\/image\\\/\"},\"sameAs\":[\"https:\\\/\\\/www.facebook.com\\\/uartesec\",\"https:\\\/\\\/x.com\\\/uartesec\",\"https:\\\/\\\/www.tiktok.com\\\/@uartesec\"]},{\"@type\":\"Person\",\"@id\":\"https:\\\/\\\/www.uartes.edu.ec\\\/sitio\\\/fr\\\/#\\\/schema\\\/person\\\/efa1b8275797664fd7f13a79ccc0b1f4\",\"name\":\"ccortez\",\"image\":{\"@type\":\"ImageObject\",\"inLanguage\":\"fr-FR\",\"@id\":\"https:\\\/\\\/secure.gravatar.com\\\/avatar\\\/b2a6f664a3ae8e074346ef91775736c5ec479e637ecced6842de9dc98b5da9cd?s=96&d=mm&r=g\",\"url\":\"https:\\\/\\\/secure.gravatar.com\\\/avatar\\\/b2a6f664a3ae8e074346ef91775736c5ec479e637ecced6842de9dc98b5da9cd?s=96&d=mm&r=g\",\"contentUrl\":\"https:\\\/\\\/secure.gravatar.com\\\/avatar\\\/b2a6f664a3ae8e074346ef91775736c5ec479e637ecced6842de9dc98b5da9cd?s=96&d=mm&r=g\",\"caption\":\"ccortez\"},\"url\":\"https:\\\/\\\/www.uartes.edu.ec\\\/sitio\\\/fr\\\/blog\\\/author\\\/ccortez\\\/\"}]}<\/script>\n<!-- \/ Yoast SEO plugin. -->","yoast_head_json":{"title":"Universidad de las Artes - Con gratitud y pasi\u00f3n, Owar Cede\u00f1o compuso temas cristianos inspirados en rock japon\u00e9s al\u00a0estilo\u00a0anime","description":"Universidad de las Artes - Con gratitud y pasi\u00f3n, Owar Cede\u00f1o compuso temas cristianos inspirados en rock japon\u00e9s al\u00a0estilo\u00a0anime","robots":{"index":"index","follow":"follow","max-snippet":"max-snippet:-1","max-image-preview":"max-image-preview:large","max-video-preview":"max-video-preview:-1"},"canonical":"https:\/\/www.uartes.edu.ec\/sitio\/fr\/blog\/2024\/02\/09\/con-gratitud-y-pasion-owar-cedeno-compuso-temas-cristianos-inspirados-en-rock-japones-al-estilo-anime\/","og_locale":"fr_FR","og_type":"article","og_title":"Universidad de las Artes - Con gratitud y pasi\u00f3n, Owar Cede\u00f1o compuso temas cristianos inspirados en rock japon\u00e9s al\u00a0estilo\u00a0anime","og_description":"Universidad de las Artes - Con gratitud y pasi\u00f3n, Owar Cede\u00f1o compuso temas cristianos inspirados en rock japon\u00e9s al\u00a0estilo\u00a0anime","og_url":"https:\/\/www.uartes.edu.ec\/sitio\/fr\/blog\/2024\/02\/09\/con-gratitud-y-pasion-owar-cedeno-compuso-temas-cristianos-inspirados-en-rock-japones-al-estilo-anime\/","og_site_name":"Universidad de las Artes","article_publisher":"https:\/\/www.facebook.com\/uartesec","article_published_time":"2024-02-09T21:10:04+00:00","article_modified_time":"2024-07-04T16:19:22+00:00","og_image":[{"width":2000,"height":1333,"url":"https:\/\/www.uartes.edu.ec\/sitio\/wp-content\/uploads\/2024\/02\/DD3.jpg","type":"image\/jpeg"}],"author":"ccortez","twitter_card":"summary_large_image","twitter_creator":"@uartesec","twitter_site":"@uartesec","twitter_misc":{"\u00c9crit par":"ccortez","Dur\u00e9e de lecture estim\u00e9e":"4 minutes"},"schema":{"@context":"https:\/\/schema.org","@graph":[{"@type":"Article","@id":"https:\/\/www.uartes.edu.ec\/sitio\/fr\/blog\/2024\/02\/09\/con-gratitud-y-pasion-owar-cedeno-compuso-temas-cristianos-inspirados-en-rock-japones-al-estilo-anime\/#article","isPartOf":{"@id":"https:\/\/www.uartes.edu.ec\/sitio\/fr\/blog\/2024\/02\/09\/con-gratitud-y-pasion-owar-cedeno-compuso-temas-cristianos-inspirados-en-rock-japones-al-estilo-anime\/"},"author":{"name":"ccortez","@id":"https:\/\/www.uartes.edu.ec\/sitio\/fr\/#\/schema\/person\/efa1b8275797664fd7f13a79ccc0b1f4"},"headline":"Con gratitud y pasi\u00f3n, Owar Cede\u00f1o compuso temas cristianos inspirados en rock japon\u00e9s al\u00a0estilo\u00a0anime","datePublished":"2024-02-09T21:10:04+00:00","dateModified":"2024-07-04T16:19:22+00:00","mainEntityOfPage":{"@id":"https:\/\/www.uartes.edu.ec\/sitio\/fr\/blog\/2024\/02\/09\/con-gratitud-y-pasion-owar-cedeno-compuso-temas-cristianos-inspirados-en-rock-japones-al-estilo-anime\/"},"wordCount":812,"commentCount":0,"publisher":{"@id":"https:\/\/www.uartes.edu.ec\/sitio\/fr\/#organization"},"image":{"@id":"https:\/\/www.uartes.edu.ec\/sitio\/fr\/blog\/2024\/02\/09\/con-gratitud-y-pasion-owar-cedeno-compuso-temas-cristianos-inspirados-en-rock-japones-al-estilo-anime\/#primaryimage"},"thumbnailUrl":"https:\/\/www.uartes.edu.ec\/sitio\/wp-content\/uploads\/2024\/02\/DD3.jpg","keywords":["concierto de grado"],"articleSection":["Acad\u00e9mico","Artes Sonoras","Estudiantes","Gesti\u00f3n","Investigaci\u00f3n","Sedes"],"inLanguage":"fr-FR","potentialAction":[{"@type":"CommentAction","name":"Comment","target":["https:\/\/www.uartes.edu.ec\/sitio\/fr\/blog\/2024\/02\/09\/con-gratitud-y-pasion-owar-cedeno-compuso-temas-cristianos-inspirados-en-rock-japones-al-estilo-anime\/#respond"]}]},{"@type":["WebPage","ItemPage"],"@id":"https:\/\/www.uartes.edu.ec\/sitio\/fr\/blog\/2024\/02\/09\/con-gratitud-y-pasion-owar-cedeno-compuso-temas-cristianos-inspirados-en-rock-japones-al-estilo-anime\/","url":"https:\/\/www.uartes.edu.ec\/sitio\/fr\/blog\/2024\/02\/09\/con-gratitud-y-pasion-owar-cedeno-compuso-temas-cristianos-inspirados-en-rock-japones-al-estilo-anime\/","name":"Universidad de las Artes - Con gratitud y pasi\u00f3n, Owar Cede\u00f1o compuso temas cristianos inspirados en rock japon\u00e9s al\u00a0estilo\u00a0anime","isPartOf":{"@id":"https:\/\/www.uartes.edu.ec\/sitio\/fr\/#website"},"primaryImageOfPage":{"@id":"https:\/\/www.uartes.edu.ec\/sitio\/fr\/blog\/2024\/02\/09\/con-gratitud-y-pasion-owar-cedeno-compuso-temas-cristianos-inspirados-en-rock-japones-al-estilo-anime\/#primaryimage"},"image":{"@id":"https:\/\/www.uartes.edu.ec\/sitio\/fr\/blog\/2024\/02\/09\/con-gratitud-y-pasion-owar-cedeno-compuso-temas-cristianos-inspirados-en-rock-japones-al-estilo-anime\/#primaryimage"},"thumbnailUrl":"https:\/\/www.uartes.edu.ec\/sitio\/wp-content\/uploads\/2024\/02\/DD3.jpg","datePublished":"2024-02-09T21:10:04+00:00","dateModified":"2024-07-04T16:19:22+00:00","description":"Universidad de las Artes - Con gratitud y pasi\u00f3n, Owar Cede\u00f1o compuso temas cristianos inspirados en rock japon\u00e9s al\u00a0estilo\u00a0anime","breadcrumb":{"@id":"https:\/\/www.uartes.edu.ec\/sitio\/fr\/blog\/2024\/02\/09\/con-gratitud-y-pasion-owar-cedeno-compuso-temas-cristianos-inspirados-en-rock-japones-al-estilo-anime\/#breadcrumb"},"inLanguage":"fr-FR","potentialAction":[{"@type":"ReadAction","target":["https:\/\/www.uartes.edu.ec\/sitio\/fr\/blog\/2024\/02\/09\/con-gratitud-y-pasion-owar-cedeno-compuso-temas-cristianos-inspirados-en-rock-japones-al-estilo-anime\/"]}]},{"@type":"ImageObject","inLanguage":"fr-FR","@id":"https:\/\/www.uartes.edu.ec\/sitio\/fr\/blog\/2024\/02\/09\/con-gratitud-y-pasion-owar-cedeno-compuso-temas-cristianos-inspirados-en-rock-japones-al-estilo-anime\/#primaryimage","url":"https:\/\/www.uartes.edu.ec\/sitio\/wp-content\/uploads\/2024\/02\/DD3.jpg","contentUrl":"https:\/\/www.uartes.edu.ec\/sitio\/wp-content\/uploads\/2024\/02\/DD3.jpg","width":2000,"height":1333},{"@type":"BreadcrumbList","@id":"https:\/\/www.uartes.edu.ec\/sitio\/fr\/blog\/2024\/02\/09\/con-gratitud-y-pasion-owar-cedeno-compuso-temas-cristianos-inspirados-en-rock-japones-al-estilo-anime\/#breadcrumb","itemListElement":[{"@type":"ListItem","position":1,"name":"Inicio","item":"https:\/\/www.uartes.edu.ec\/sitio\/"},{"@type":"ListItem","position":2,"name":"Con gratitud y pasi\u00f3n, Owar Cede\u00f1o compuso temas cristianos inspirados en rock japon\u00e9s al\u00a0estilo\u00a0anime"}]},{"@type":"WebSite","@id":"https:\/\/www.uartes.edu.ec\/sitio\/fr\/#website","url":"https:\/\/www.uartes.edu.ec\/sitio\/fr\/","name":"Universidad de las Artes","description":"Sitio oficial de la Universidad Nacional de las Artes del Ecuador","publisher":{"@id":"https:\/\/www.uartes.edu.ec\/sitio\/fr\/#organization"},"potentialAction":[{"@type":"SearchAction","target":{"@type":"EntryPoint","urlTemplate":"https:\/\/www.uartes.edu.ec\/sitio\/fr\/?s={search_term_string}"},"query-input":{"@type":"PropertyValueSpecification","valueRequired":true,"valueName":"search_term_string"}}],"inLanguage":"fr-FR"},{"@type":"Organization","@id":"https:\/\/www.uartes.edu.ec\/sitio\/fr\/#organization","name":"Universidad de las Artes","url":"https:\/\/www.uartes.edu.ec\/sitio\/fr\/","logo":{"@type":"ImageObject","inLanguage":"fr-FR","@id":"https:\/\/www.uartes.edu.ec\/sitio\/fr\/#\/schema\/logo\/image\/","url":"https:\/\/www.uartes.edu.ec\/sitio\/wp-content\/uploads\/2022\/07\/logo-ua-horizontal.png","contentUrl":"https:\/\/www.uartes.edu.ec\/sitio\/wp-content\/uploads\/2022\/07\/logo-ua-horizontal.png","width":800,"height":276,"caption":"Universidad de las Artes"},"image":{"@id":"https:\/\/www.uartes.edu.ec\/sitio\/fr\/#\/schema\/logo\/image\/"},"sameAs":["https:\/\/www.facebook.com\/uartesec","https:\/\/x.com\/uartesec","https:\/\/www.tiktok.com\/@uartesec"]},{"@type":"Person","@id":"https:\/\/www.uartes.edu.ec\/sitio\/fr\/#\/schema\/person\/efa1b8275797664fd7f13a79ccc0b1f4","name":"ccortez","image":{"@type":"ImageObject","inLanguage":"fr-FR","@id":"https:\/\/secure.gravatar.com\/avatar\/b2a6f664a3ae8e074346ef91775736c5ec479e637ecced6842de9dc98b5da9cd?s=96&d=mm&r=g","url":"https:\/\/secure.gravatar.com\/avatar\/b2a6f664a3ae8e074346ef91775736c5ec479e637ecced6842de9dc98b5da9cd?s=96&d=mm&r=g","contentUrl":"https:\/\/secure.gravatar.com\/avatar\/b2a6f664a3ae8e074346ef91775736c5ec479e637ecced6842de9dc98b5da9cd?s=96&d=mm&r=g","caption":"ccortez"},"url":"https:\/\/www.uartes.edu.ec\/sitio\/fr\/blog\/author\/ccortez\/"}]}},"uagb_featured_image_src":{"full":["https:\/\/www.uartes.edu.ec\/sitio\/wp-content\/uploads\/2024\/02\/DD3.jpg",2000,1333,false],"thumbnail":["https:\/\/www.uartes.edu.ec\/sitio\/wp-content\/uploads\/2024\/02\/DD3-150x150.jpg",150,150,true],"medium":["https:\/\/www.uartes.edu.ec\/sitio\/wp-content\/uploads\/2024\/02\/DD3-300x200.jpg",300,200,true],"medium_large":["https:\/\/www.uartes.edu.ec\/sitio\/wp-content\/uploads\/2024\/02\/DD3-768x512.jpg",768,512,true],"large":["https:\/\/www.uartes.edu.ec\/sitio\/wp-content\/uploads\/2024\/02\/DD3-644x429.jpg",644,429,true],"1536x1536":["https:\/\/www.uartes.edu.ec\/sitio\/wp-content\/uploads\/2024\/02\/DD3-1536x1024.jpg",1536,1024,true],"2048x2048":["https:\/\/www.uartes.edu.ec\/sitio\/wp-content\/uploads\/2024\/02\/DD3.jpg",2000,1333,false],"trp-custom-language-flag":["https:\/\/www.uartes.edu.ec\/sitio\/wp-content\/uploads\/2024\/02\/DD3.jpg",18,12,false],"htmega_size_585x295":["https:\/\/www.uartes.edu.ec\/sitio\/wp-content\/uploads\/2024\/02\/DD3-585x295.jpg",585,295,true],"htmega_size_1170x536":["https:\/\/www.uartes.edu.ec\/sitio\/wp-content\/uploads\/2024\/02\/DD3-1170x536.jpg",1170,536,true],"htmega_size_396x360":["https:\/\/www.uartes.edu.ec\/sitio\/wp-content\/uploads\/2024\/02\/DD3-396x360.jpg",396,360,true],"gb-block-post-grid-landscape":["https:\/\/www.uartes.edu.ec\/sitio\/wp-content\/uploads\/2024\/02\/DD3-600x400.jpg",600,400,true],"gb-block-post-grid-square":["https:\/\/www.uartes.edu.ec\/sitio\/wp-content\/uploads\/2024\/02\/DD3-600x600.jpg",600,600,true],"university-hub-thumb":["https:\/\/www.uartes.edu.ec\/sitio\/wp-content\/uploads\/2024\/02\/DD3-400x267.jpg",400,267,true],"mailpoet_newsletter_max":["https:\/\/www.uartes.edu.ec\/sitio\/wp-content\/uploads\/2024\/02\/DD3.jpg",1320,880,false]},"uagb_author_info":{"display_name":"ccortez","author_link":"https:\/\/www.uartes.edu.ec\/sitio\/fr\/blog\/author\/ccortez\/"},"uagb_comment_info":0,"uagb_excerpt":"\u201cArmon\u00eda de Naruto, cuatro composiciones cristianas inspiradas en el rock japon\u00e9s al estilo anime\u201d. El estudiante Owar Cede\u00f1o Espinel, de la carrera de Artes Musicales de la Escuela de Artes Sonoras, llev\u00f3 esta propuesta \u2013el 4 de febrero pasado\u2013 al Sal\u00f3n de Usos M\u00faltiples del Pabell\u00f3n Araceli Gilbert como su concierto de titulaci\u00f3n. El proyecto\u2026","featured_image_src":"https:\/\/www.uartes.edu.ec\/sitio\/wp-content\/uploads\/2024\/02\/DD3-600x400.jpg","featured_image_src_square":"https:\/\/www.uartes.edu.ec\/sitio\/wp-content\/uploads\/2024\/02\/DD3-600x600.jpg","author_info":{"display_name":"ccortez","author_link":"https:\/\/www.uartes.edu.ec\/sitio\/fr\/blog\/author\/ccortez\/"},"publishpress_future_workflow_manual_trigger":{"enabledWorkflows":[]},"distributor_meta":false,"distributor_terms":false,"distributor_media":false,"distributor_original_site_name":"Universidad de las Artes","distributor_original_site_url":"https:\/\/www.uartes.edu.ec\/sitio\/fr","push-errors":false,"_links":{"self":[{"href":"https:\/\/www.uartes.edu.ec\/sitio\/fr\/wp-json\/wp\/v2\/posts\/50793","targetHints":{"allow":["GET"]}}],"collection":[{"href":"https:\/\/www.uartes.edu.ec\/sitio\/fr\/wp-json\/wp\/v2\/posts"}],"about":[{"href":"https:\/\/www.uartes.edu.ec\/sitio\/fr\/wp-json\/wp\/v2\/types\/post"}],"author":[{"embeddable":true,"href":"https:\/\/www.uartes.edu.ec\/sitio\/fr\/wp-json\/wp\/v2\/users\/10"}],"replies":[{"embeddable":true,"href":"https:\/\/www.uartes.edu.ec\/sitio\/fr\/wp-json\/wp\/v2\/comments?post=50793"}],"version-history":[{"count":6,"href":"https:\/\/www.uartes.edu.ec\/sitio\/fr\/wp-json\/wp\/v2\/posts\/50793\/revisions"}],"predecessor-version":[{"id":50843,"href":"https:\/\/www.uartes.edu.ec\/sitio\/fr\/wp-json\/wp\/v2\/posts\/50793\/revisions\/50843"}],"wp:featuredmedia":[{"embeddable":true,"href":"https:\/\/www.uartes.edu.ec\/sitio\/fr\/wp-json\/wp\/v2\/media\/50794"}],"wp:attachment":[{"href":"https:\/\/www.uartes.edu.ec\/sitio\/fr\/wp-json\/wp\/v2\/media?parent=50793"}],"wp:term":[{"taxonomy":"category","embeddable":true,"href":"https:\/\/www.uartes.edu.ec\/sitio\/fr\/wp-json\/wp\/v2\/categories?post=50793"},{"taxonomy":"post_tag","embeddable":true,"href":"https:\/\/www.uartes.edu.ec\/sitio\/fr\/wp-json\/wp\/v2\/tags?post=50793"},{"taxonomy":"infouartes","embeddable":true,"href":"https:\/\/www.uartes.edu.ec\/sitio\/fr\/wp-json\/wp\/v2\/infouartes?post=50793"}],"curies":[{"name":"wp","href":"https:\/\/api.w.org\/{rel}","templated":true}]}}