{"id":51003,"date":"2024-02-26T14:38:00","date_gmt":"2024-02-26T19:38:00","guid":{"rendered":"https:\/\/www.uartes.edu.ec\/sitio\/?p=51003"},"modified":"2024-07-04T11:19:22","modified_gmt":"2024-07-04T16:19:22","slug":"adina-izarra-estreno-en-montreal-tres-miradas-a-marisol-en-concierto-dedicado-a-la-artista-icono-del-pop-art-de-los-60","status":"publish","type":"post","link":"https:\/\/www.uartes.edu.ec\/sitio\/fr\/blog\/2024\/02\/26\/adina-izarra-estreno-en-montreal-tres-miradas-a-marisol-en-concierto-dedicado-a-la-artista-icono-del-pop-art-de-los-60\/","title":{"rendered":"Adina Izarra estren\u00f3 en Montreal \u201cTres miradas a Marisol\u201d, en concierto dedicado a \u00edcono del pop-art de los 60"},"content":{"rendered":"<p>En el marco de la muestra \u201cMarisol\u201d del Museo de Bellas Artes de Montreal, expuesta hasta el pasado 25 de enero de 2024, se brind\u00f3 un concierto en honor a Marisol Escobar, artista de ra\u00edces venezolanas e \u00edcono del pop-art de los a\u00f1os 60. En el evento, titulado \u201cLa composition au feminin\u00bb, se interpret\u00f3 la pieza \u201cTres miradas a Marisol\u201d de la compositora venezolana Adina Izarra, docente de la Escuela de Artes Sonoras de la Universidad de las Artes.<\/p>\n\n\n\n<p>La tambi\u00e9n coordinadora de la maestr\u00eda en Composici\u00f3n Musical y Artes Sonoras comparte con InfoUArtes la entrevista que con respecto a su composici\u00f3n le realiz\u00f3 \u201cHispanophone\u201d, medio de comunicaci\u00f3n digital en Canad\u00e1 que brinda a la comunidad hispana informaci\u00f3n relevante para optimizar su proceso de integraci\u00f3n en ese pa\u00eds; el texto es de C\u00e9sar Salvatierra.<\/p>\n\n\n\n<p><strong>\u00bfC\u00f3mo pasamos de una obra pl\u00e1stica creada en los a\u00f1os 70, como una escultura, a una partitura en un estudio de Guayaquil que luego ser\u00e1 interpretada, adem\u00e1s, por un cuarteto de cuerda en Montreal?<\/strong><\/p>\n\n\n\n<p>Me proporcionaron algunas im\u00e1genes de las obras que estar\u00edan en la exposici\u00f3n, pero me dijeron que no necesariamente tendr\u00edan que ser esas esculturas sobre las cuales yo trabajara. As\u00ed que me di una intensiva investigaci\u00f3n de Marisol por Internet.<\/p>\n\n\n\n<p>Y fui pensando \u00bfqu\u00e9 obra podr\u00eda tener como un mundo sonoro m\u00e1s, un mundo musical? Eso me llev\u00f3 a tres de los trabajos de Marisol. El primero que me que me impact\u00f3, fue \u201cLa fiesta\u201d, obviamente.<\/p>\n\n\n\n<p>La fiesta de Marisol es toda esta gente que est\u00e1 como est\u00e1tica en plena fiesta, todas tienen la cara de Marisol y hay diferentes personajes. El que lleva los tragos, la gente muy arreglada, etc.<\/p>\n\n\n<div class=\"wp-block-image\">\n<figure class=\"aligncenter size-large\"><img fetchpriority=\"high\" decoding=\"async\" width=\"644\" height=\"429\" src=\"https:\/\/www.uartes.edu.ec\/sitio\/wp-content\/uploads\/2024\/02\/ADINA-IZARRA-644x429.jpg\" alt=\"\" class=\"wp-image-51005\" srcset=\"https:\/\/www.uartes.edu.ec\/sitio\/wp-content\/uploads\/2024\/02\/ADINA-IZARRA-644x429.jpg 644w, https:\/\/www.uartes.edu.ec\/sitio\/wp-content\/uploads\/2024\/02\/ADINA-IZARRA-768x511.jpg 768w, https:\/\/www.uartes.edu.ec\/sitio\/wp-content\/uploads\/2024\/02\/ADINA-IZARRA.jpg 2000w, https:\/\/www.uartes.edu.ec\/sitio\/wp-content\/uploads\/2024\/02\/ADINA-IZARRA-600x399.jpg 600w, https:\/\/www.uartes.edu.ec\/sitio\/wp-content\/uploads\/2024\/02\/ADINA-IZARRA-272x182.jpg 272w\" sizes=\"(max-width: 644px) 100vw, 644px\" \/><figcaption class=\"wp-element-caption\">La compositora y docente Adina Izarra en los estudios de grabaci\u00f3n de la Universidad de las Artes.<\/figcaption><\/figure>\n<\/div>\n\n\n<p>Leyendo sobre ella, estas actividades sociales no eran su fuerte. Entonces, yo me imagin\u00e9 el ruido de la fiesta, la m\u00fasica y lo percib\u00ed como un mundo personal. O sea, la m\u00fasica que escribo trata de recrear esa percepci\u00f3n ajena, y no como de resaltar el bullicio de la fiesta.<\/p>\n\n\n\n<p>As\u00ed, como quien hace un paisaje sonoro con los instrumentos, el reto era hacerlo todo ac\u00fastico con el cuarteto de cuerda y pasar bastante abruptamente de lo que podr\u00eda ser el ruido de la fiesta a ciertas m\u00fasicas que estuvieron ocurriendo en&nbsp;esa fiesta&nbsp;y un mundo sonoro personal de Marisol.<\/p>\n\n\n\n<p>Es una sonoridad bien fraccionada que termina, digamos, en uso de algunos ritmos venezolanos en fiestas como merengue, pero en un mundo abstracto. Entonces toda esta sonoridad loca es la que puede haber en una fiesta donde la m\u00fasica va cambiando. Ese fue mi planteamiento. Hay cambios abruptos, hay silencios abruptos. Bueno, yo me imagin\u00e9 a veces como cuando uno va a una fiesta en la que a\u00fan no llega nadie y uno se dice \u00bfqu\u00e9 hago yo aqu\u00ed?, \u00bfqu\u00e9 quiero yo aqu\u00ed? Mientras las conversaciones van y vienen mientras uno tiene como su mundo interno. Eso trat\u00e9 yo de hacer con la m\u00fasica.<\/p>\n\n\n\n<p><strong>En este caso el p\u00fablico frente a una obra de Marisol tambi\u00e9n entra a esa fiesta. Est\u00e1n los que ya se conocen y conversan, los que disfrutan, los callados, los m\u00fasicos tocando en una esquina, si no es el caso de un invitado haciendo oficio de DJ, y luego ciertamente, cada cual tiene una percepci\u00f3n de lo que acontece y nos interpela.<\/strong><\/p>\n\n\n\n<p>Es fascinante lo que Marisol plantea en su obra porque es como si ella tuviera en c\u00e1mara lenta un momento de una fiesta, y de pronto congela la fiesta de un momento, pero el sonido sigui\u00f3. La imagen se qued\u00f3, pero el sonido est\u00e1 aqu\u00ed. Espero haberlo logrado porque es un planteamiento bastante atrevido, sobre todo para el recurso que yo ten\u00eda, que era solo el cuarteto de cuerda.<\/p>\n\n\n\n<p>Hay algunas referencias a la risa, por ejemplo, que es un cl\u00e1sico del viol\u00edn del siglo IXX de los caprichos de Paganini donde hay una nota en la que el viol\u00edn&nbsp;se r\u00ede. Entonces tom\u00e9 mucho de eso, literalmente, la fracci\u00f3n en el que viol\u00edn&nbsp;se r\u00ede, est\u00e1 presente a lo largo del primer movimiento, una risa ah\u00ed que a veces puede ser como sarc\u00e1stica, a veces puede ser as\u00ed como de terror\u2026<\/p>\n\n\n<div class=\"wp-block-image\">\n<figure class=\"aligncenter size-large\"><img decoding=\"async\" width=\"644\" height=\"429\" src=\"https:\/\/www.uartes.edu.ec\/sitio\/wp-content\/uploads\/2023\/11\/electronico111-644x429.jpg\" alt=\"\" class=\"wp-image-49512\" srcset=\"https:\/\/www.uartes.edu.ec\/sitio\/wp-content\/uploads\/2023\/11\/electronico111-644x429.jpg 644w, https:\/\/www.uartes.edu.ec\/sitio\/wp-content\/uploads\/2023\/11\/electronico111-300x200.jpg 300w, https:\/\/www.uartes.edu.ec\/sitio\/wp-content\/uploads\/2023\/11\/electronico111-768x512.jpg 768w, https:\/\/www.uartes.edu.ec\/sitio\/wp-content\/uploads\/2023\/11\/electronico111-1536x1024.jpg 1536w, https:\/\/www.uartes.edu.ec\/sitio\/wp-content\/uploads\/2023\/11\/electronico111-600x400.jpg 600w, https:\/\/www.uartes.edu.ec\/sitio\/wp-content\/uploads\/2023\/11\/electronico111-400x267.jpg 400w, https:\/\/www.uartes.edu.ec\/sitio\/wp-content\/uploads\/2023\/11\/electronico111-272x182.jpg 272w, https:\/\/www.uartes.edu.ec\/sitio\/wp-content\/uploads\/2023\/11\/electronico111.jpg 2048w\" sizes=\"(max-width: 644px) 100vw, 644px\" \/><figcaption class=\"wp-element-caption\">Adina Izarra (izq.) durante una presentaci\u00f3n en el MZ14 Centro de Producci\u00f3n e Innovaci\u00f3n UArtes.<\/figcaption><\/figure>\n<\/div>\n\n\n<p><strong>\u00bfDe d\u00f3nde viene este inter\u00e9s por musicalizar obras visuales o pl\u00e1sticas en su carrera? \u00bfC\u00f3mo se interesa esto?<\/strong><\/p>\n\n\n\n<p>Esto es algo que he tratado de hacer en varias obras, si t\u00fa te imaginas cuando alguien va a pintar, digamos lo m\u00e1s tradicional es que uno pinte sobre un canvas en blanco, el equivalente de un lienzo. El equivalente en m\u00fasica es que yo componga en el silencio y se espera que la pieza se toque en el silencio, que antes de tocar los instrumentos todos apaguen los celulares, por ejemplo. Ese es el est\u00e1ndar; pero no, la realidad es otra.<\/p>\n\n\n\n<p>De hecho, yo hasta no hace mucho viv\u00eda en Caracas, una ciudad muy sonora, con mucha fauna, mucho p\u00e1jaro, mucha rana. Una est\u00e1 haciendo m\u00fasica en Caracas; no la est\u00e1s haciendo sobre un canvas en blanco, sino en la m\u00fasica de la naturaleza o de la ciudad o de la urbe.<\/p>\n\n\n\n<p>Entonces, yo decido \u00bfqu\u00e9 tal si yo compongo&nbsp;este canvas&nbsp;primero y luego escribo en \u00e9l? Es decir, yo escribo un mundo sonoro est\u00e1tico, como un paisaje sonoro. Y luego escribo la obra que me he montado, hago mi propio ruido, ya que nunca vamos a entender un campo en blanco, puesto que somos la libertad.<\/p>\n\n\n\n<p>El concierto\u00a0\u201cLa composition au feminin\u201d\u00a0tuvo lugar el 17 enero pasado en la Salle Bourgie. <\/p>\n\n\n\n<p><a href=\"https:\/\/hispanophone.ca\/2024\/01\/15\/ofrecen-concierto-en-el-museo-de-bellas-artes-de-montreal-en-honor-a-marisol-artista-de-origen-hispano\/\">https:\/\/hispanophone.ca\/2024\/01\/15\/ofrecen-concierto-en-el-museo-de-bellas-artes-de-montreal-en-honor-a-marisol-artista-de-origen-hispano\/<\/a><\/p>","protected":false},"excerpt":{"rendered":"<p>La docente Adina Izarra, coordinadora de la maestr\u00eda en Composici\u00f3n Musical y Artes Sonoras de la UArtes, estren\u00f3 en Montreal la pieza \u201cTres miradas a Marisol\u201d. Sucedi\u00f3 en el concierto \u201cLa composition au feminin\u00bb que se realiz\u00f3 en honor a Marisol Escobar, artista \u00edcono del pop-art de los a\u00f1os 60. Aqu\u00ed la entrevista que el medio de comunicaci\u00f3n digital en Canad\u00e1 \u201cHispanophone\u201d le hizo.<\/p>","protected":false},"author":10,"featured_media":51004,"comment_status":"open","ping_status":"open","sticky":false,"template":"","format":"standard","meta":{"_acf_changed":false,"_uag_custom_page_level_css":"","_monsterinsights_skip_tracking":false,"_monsterinsights_sitenote_active":false,"_monsterinsights_sitenote_note":"","_monsterinsights_sitenote_category":0,"cybocfi_hide_featured_image":"","footnotes":""},"categories":[80,150,75,284,264],"tags":[913],"infouartes":[],"class_list":["post-51003","post","type-post","status-publish","format-standard","has-post-thumbnail","hentry","category-academico","category-artes-sonoras","category-docentes","category-investigacion","category-maestrias","tag-composicion"],"acf":[],"yoast_head":"<!-- This site is optimized with the Yoast SEO plugin v27.4 - https:\/\/yoast.com\/product\/yoast-seo-wordpress\/ -->\n<title>Universidad de las Artes - Adina Izarra estren\u00f3 en Montreal \u201cTres miradas a Marisol\u201d, en concierto dedicado a \u00edcono del pop-art de los 60<\/title>\n<meta name=\"description\" content=\"Universidad de las Artes - Adina Izarra estren\u00f3 en Montreal \u201cTres miradas a Marisol\u201d, en concierto dedicado a \u00edcono del pop-art de los 60\" \/>\n<meta name=\"robots\" content=\"index, follow, max-snippet:-1, max-image-preview:large, max-video-preview:-1\" \/>\n<link rel=\"canonical\" href=\"https:\/\/www.uartes.edu.ec\/sitio\/fr\/blog\/2024\/02\/26\/adina-izarra-estreno-en-montreal-tres-miradas-a-marisol-en-concierto-dedicado-a-la-artista-icono-del-pop-art-de-los-60\/\" \/>\n<meta property=\"og:locale\" content=\"fr_FR\" \/>\n<meta property=\"og:type\" content=\"article\" \/>\n<meta property=\"og:title\" content=\"Universidad de las Artes - Adina Izarra estren\u00f3 en Montreal \u201cTres miradas a Marisol\u201d, en concierto dedicado a \u00edcono del pop-art de los 60\" \/>\n<meta property=\"og:description\" content=\"Universidad de las Artes - Adina Izarra estren\u00f3 en Montreal \u201cTres miradas a Marisol\u201d, en concierto dedicado a \u00edcono del pop-art de los 60\" \/>\n<meta property=\"og:url\" content=\"https:\/\/www.uartes.edu.ec\/sitio\/fr\/blog\/2024\/02\/26\/adina-izarra-estreno-en-montreal-tres-miradas-a-marisol-en-concierto-dedicado-a-la-artista-icono-del-pop-art-de-los-60\/\" \/>\n<meta property=\"og:site_name\" content=\"Universidad de las Artes\" \/>\n<meta property=\"article:publisher\" content=\"https:\/\/www.facebook.com\/uartesec\" \/>\n<meta property=\"article:published_time\" content=\"2024-02-26T19:38:00+00:00\" \/>\n<meta property=\"article:modified_time\" content=\"2024-07-04T16:19:22+00:00\" \/>\n<meta property=\"og:image\" content=\"https:\/\/www.uartes.edu.ec\/sitio\/wp-content\/uploads\/2024\/02\/FOTO-ENTREVISTA-ADINA.jpg\" \/>\n\t<meta property=\"og:image:width\" content=\"2000\" \/>\n\t<meta property=\"og:image:height\" content=\"1333\" \/>\n\t<meta property=\"og:image:type\" content=\"image\/jpeg\" \/>\n<meta name=\"author\" content=\"ccortez\" \/>\n<meta name=\"twitter:card\" content=\"summary_large_image\" \/>\n<meta name=\"twitter:creator\" content=\"@uartesec\" \/>\n<meta name=\"twitter:site\" content=\"@uartesec\" \/>\n<meta name=\"twitter:label1\" content=\"\u00c9crit par\" \/>\n\t<meta name=\"twitter:data1\" content=\"ccortez\" \/>\n\t<meta name=\"twitter:label2\" content=\"Dur\u00e9e de lecture estim\u00e9e\" \/>\n\t<meta name=\"twitter:data2\" content=\"5 minutes\" \/>\n<script type=\"application\/ld+json\" class=\"yoast-schema-graph\">{\"@context\":\"https:\\\/\\\/schema.org\",\"@graph\":[{\"@type\":\"Article\",\"@id\":\"https:\\\/\\\/www.uartes.edu.ec\\\/sitio\\\/fr\\\/blog\\\/2024\\\/02\\\/26\\\/adina-izarra-estreno-en-montreal-tres-miradas-a-marisol-en-concierto-dedicado-a-la-artista-icono-del-pop-art-de-los-60\\\/#article\",\"isPartOf\":{\"@id\":\"https:\\\/\\\/www.uartes.edu.ec\\\/sitio\\\/fr\\\/blog\\\/2024\\\/02\\\/26\\\/adina-izarra-estreno-en-montreal-tres-miradas-a-marisol-en-concierto-dedicado-a-la-artista-icono-del-pop-art-de-los-60\\\/\"},\"author\":{\"name\":\"ccortez\",\"@id\":\"https:\\\/\\\/www.uartes.edu.ec\\\/sitio\\\/fr\\\/#\\\/schema\\\/person\\\/efa1b8275797664fd7f13a79ccc0b1f4\"},\"headline\":\"Adina Izarra estren\u00f3 en Montreal \u201cTres miradas a Marisol\u201d, en concierto dedicado a \u00edcono del pop-art de los 60\",\"datePublished\":\"2024-02-26T19:38:00+00:00\",\"dateModified\":\"2024-07-04T16:19:22+00:00\",\"mainEntityOfPage\":{\"@id\":\"https:\\\/\\\/www.uartes.edu.ec\\\/sitio\\\/fr\\\/blog\\\/2024\\\/02\\\/26\\\/adina-izarra-estreno-en-montreal-tres-miradas-a-marisol-en-concierto-dedicado-a-la-artista-icono-del-pop-art-de-los-60\\\/\"},\"wordCount\":1029,\"commentCount\":0,\"publisher\":{\"@id\":\"https:\\\/\\\/www.uartes.edu.ec\\\/sitio\\\/fr\\\/#organization\"},\"image\":{\"@id\":\"https:\\\/\\\/www.uartes.edu.ec\\\/sitio\\\/fr\\\/blog\\\/2024\\\/02\\\/26\\\/adina-izarra-estreno-en-montreal-tres-miradas-a-marisol-en-concierto-dedicado-a-la-artista-icono-del-pop-art-de-los-60\\\/#primaryimage\"},\"thumbnailUrl\":\"https:\\\/\\\/www.uartes.edu.ec\\\/sitio\\\/wp-content\\\/uploads\\\/2024\\\/02\\\/FOTO-ENTREVISTA-ADINA.jpg\",\"keywords\":[\"composici\u00f3n\"],\"articleSection\":[\"Acad\u00e9mico\",\"Artes Sonoras\",\"Docentes\",\"Investigaci\u00f3n\",\"Maestr\u00edas\"],\"inLanguage\":\"fr-FR\",\"potentialAction\":[{\"@type\":\"CommentAction\",\"name\":\"Comment\",\"target\":[\"https:\\\/\\\/www.uartes.edu.ec\\\/sitio\\\/fr\\\/blog\\\/2024\\\/02\\\/26\\\/adina-izarra-estreno-en-montreal-tres-miradas-a-marisol-en-concierto-dedicado-a-la-artista-icono-del-pop-art-de-los-60\\\/#respond\"]}]},{\"@type\":[\"WebPage\",\"ItemPage\"],\"@id\":\"https:\\\/\\\/www.uartes.edu.ec\\\/sitio\\\/fr\\\/blog\\\/2024\\\/02\\\/26\\\/adina-izarra-estreno-en-montreal-tres-miradas-a-marisol-en-concierto-dedicado-a-la-artista-icono-del-pop-art-de-los-60\\\/\",\"url\":\"https:\\\/\\\/www.uartes.edu.ec\\\/sitio\\\/fr\\\/blog\\\/2024\\\/02\\\/26\\\/adina-izarra-estreno-en-montreal-tres-miradas-a-marisol-en-concierto-dedicado-a-la-artista-icono-del-pop-art-de-los-60\\\/\",\"name\":\"Universidad de las Artes - Adina Izarra estren\u00f3 en Montreal \u201cTres miradas a Marisol\u201d, en concierto dedicado a \u00edcono del pop-art de los 60\",\"isPartOf\":{\"@id\":\"https:\\\/\\\/www.uartes.edu.ec\\\/sitio\\\/fr\\\/#website\"},\"primaryImageOfPage\":{\"@id\":\"https:\\\/\\\/www.uartes.edu.ec\\\/sitio\\\/fr\\\/blog\\\/2024\\\/02\\\/26\\\/adina-izarra-estreno-en-montreal-tres-miradas-a-marisol-en-concierto-dedicado-a-la-artista-icono-del-pop-art-de-los-60\\\/#primaryimage\"},\"image\":{\"@id\":\"https:\\\/\\\/www.uartes.edu.ec\\\/sitio\\\/fr\\\/blog\\\/2024\\\/02\\\/26\\\/adina-izarra-estreno-en-montreal-tres-miradas-a-marisol-en-concierto-dedicado-a-la-artista-icono-del-pop-art-de-los-60\\\/#primaryimage\"},\"thumbnailUrl\":\"https:\\\/\\\/www.uartes.edu.ec\\\/sitio\\\/wp-content\\\/uploads\\\/2024\\\/02\\\/FOTO-ENTREVISTA-ADINA.jpg\",\"datePublished\":\"2024-02-26T19:38:00+00:00\",\"dateModified\":\"2024-07-04T16:19:22+00:00\",\"description\":\"Universidad de las Artes - Adina Izarra estren\u00f3 en Montreal \u201cTres miradas a Marisol\u201d, en concierto dedicado a \u00edcono del pop-art de los 60\",\"breadcrumb\":{\"@id\":\"https:\\\/\\\/www.uartes.edu.ec\\\/sitio\\\/fr\\\/blog\\\/2024\\\/02\\\/26\\\/adina-izarra-estreno-en-montreal-tres-miradas-a-marisol-en-concierto-dedicado-a-la-artista-icono-del-pop-art-de-los-60\\\/#breadcrumb\"},\"inLanguage\":\"fr-FR\",\"potentialAction\":[{\"@type\":\"ReadAction\",\"target\":[\"https:\\\/\\\/www.uartes.edu.ec\\\/sitio\\\/fr\\\/blog\\\/2024\\\/02\\\/26\\\/adina-izarra-estreno-en-montreal-tres-miradas-a-marisol-en-concierto-dedicado-a-la-artista-icono-del-pop-art-de-los-60\\\/\"]}]},{\"@type\":\"ImageObject\",\"inLanguage\":\"fr-FR\",\"@id\":\"https:\\\/\\\/www.uartes.edu.ec\\\/sitio\\\/fr\\\/blog\\\/2024\\\/02\\\/26\\\/adina-izarra-estreno-en-montreal-tres-miradas-a-marisol-en-concierto-dedicado-a-la-artista-icono-del-pop-art-de-los-60\\\/#primaryimage\",\"url\":\"https:\\\/\\\/www.uartes.edu.ec\\\/sitio\\\/wp-content\\\/uploads\\\/2024\\\/02\\\/FOTO-ENTREVISTA-ADINA.jpg\",\"contentUrl\":\"https:\\\/\\\/www.uartes.edu.ec\\\/sitio\\\/wp-content\\\/uploads\\\/2024\\\/02\\\/FOTO-ENTREVISTA-ADINA.jpg\",\"width\":2000,\"height\":1333},{\"@type\":\"BreadcrumbList\",\"@id\":\"https:\\\/\\\/www.uartes.edu.ec\\\/sitio\\\/fr\\\/blog\\\/2024\\\/02\\\/26\\\/adina-izarra-estreno-en-montreal-tres-miradas-a-marisol-en-concierto-dedicado-a-la-artista-icono-del-pop-art-de-los-60\\\/#breadcrumb\",\"itemListElement\":[{\"@type\":\"ListItem\",\"position\":1,\"name\":\"Inicio\",\"item\":\"https:\\\/\\\/www.uartes.edu.ec\\\/sitio\\\/\"},{\"@type\":\"ListItem\",\"position\":2,\"name\":\"Adina Izarra estren\u00f3 en Montreal \u201cTres miradas a Marisol\u201d, en concierto dedicado a \u00edcono del pop-art de los 60\"}]},{\"@type\":\"WebSite\",\"@id\":\"https:\\\/\\\/www.uartes.edu.ec\\\/sitio\\\/fr\\\/#website\",\"url\":\"https:\\\/\\\/www.uartes.edu.ec\\\/sitio\\\/fr\\\/\",\"name\":\"Universidad de las Artes\",\"description\":\"Sitio oficial de la Universidad Nacional de las Artes del Ecuador\",\"publisher\":{\"@id\":\"https:\\\/\\\/www.uartes.edu.ec\\\/sitio\\\/fr\\\/#organization\"},\"potentialAction\":[{\"@type\":\"SearchAction\",\"target\":{\"@type\":\"EntryPoint\",\"urlTemplate\":\"https:\\\/\\\/www.uartes.edu.ec\\\/sitio\\\/fr\\\/?s={search_term_string}\"},\"query-input\":{\"@type\":\"PropertyValueSpecification\",\"valueRequired\":true,\"valueName\":\"search_term_string\"}}],\"inLanguage\":\"fr-FR\"},{\"@type\":\"Organization\",\"@id\":\"https:\\\/\\\/www.uartes.edu.ec\\\/sitio\\\/fr\\\/#organization\",\"name\":\"Universidad de las Artes\",\"url\":\"https:\\\/\\\/www.uartes.edu.ec\\\/sitio\\\/fr\\\/\",\"logo\":{\"@type\":\"ImageObject\",\"inLanguage\":\"fr-FR\",\"@id\":\"https:\\\/\\\/www.uartes.edu.ec\\\/sitio\\\/fr\\\/#\\\/schema\\\/logo\\\/image\\\/\",\"url\":\"https:\\\/\\\/www.uartes.edu.ec\\\/sitio\\\/wp-content\\\/uploads\\\/2022\\\/07\\\/logo-ua-horizontal.png\",\"contentUrl\":\"https:\\\/\\\/www.uartes.edu.ec\\\/sitio\\\/wp-content\\\/uploads\\\/2022\\\/07\\\/logo-ua-horizontal.png\",\"width\":800,\"height\":276,\"caption\":\"Universidad de las Artes\"},\"image\":{\"@id\":\"https:\\\/\\\/www.uartes.edu.ec\\\/sitio\\\/fr\\\/#\\\/schema\\\/logo\\\/image\\\/\"},\"sameAs\":[\"https:\\\/\\\/www.facebook.com\\\/uartesec\",\"https:\\\/\\\/x.com\\\/uartesec\",\"https:\\\/\\\/www.tiktok.com\\\/@uartesec\"]},{\"@type\":\"Person\",\"@id\":\"https:\\\/\\\/www.uartes.edu.ec\\\/sitio\\\/fr\\\/#\\\/schema\\\/person\\\/efa1b8275797664fd7f13a79ccc0b1f4\",\"name\":\"ccortez\",\"image\":{\"@type\":\"ImageObject\",\"inLanguage\":\"fr-FR\",\"@id\":\"https:\\\/\\\/secure.gravatar.com\\\/avatar\\\/b2a6f664a3ae8e074346ef91775736c5ec479e637ecced6842de9dc98b5da9cd?s=96&d=mm&r=g\",\"url\":\"https:\\\/\\\/secure.gravatar.com\\\/avatar\\\/b2a6f664a3ae8e074346ef91775736c5ec479e637ecced6842de9dc98b5da9cd?s=96&d=mm&r=g\",\"contentUrl\":\"https:\\\/\\\/secure.gravatar.com\\\/avatar\\\/b2a6f664a3ae8e074346ef91775736c5ec479e637ecced6842de9dc98b5da9cd?s=96&d=mm&r=g\",\"caption\":\"ccortez\"},\"url\":\"https:\\\/\\\/www.uartes.edu.ec\\\/sitio\\\/fr\\\/blog\\\/author\\\/ccortez\\\/\"}]}<\/script>\n<!-- \/ Yoast SEO plugin. -->","yoast_head_json":{"title":"Universidad de las Artes - Adina Izarra estren\u00f3 en Montreal \u201cTres miradas a Marisol\u201d, en concierto dedicado a \u00edcono del pop-art de los 60","description":"Universidad de las Artes - Adina Izarra estren\u00f3 en Montreal \u201cTres miradas a Marisol\u201d, en concierto dedicado a \u00edcono del pop-art de los 60","robots":{"index":"index","follow":"follow","max-snippet":"max-snippet:-1","max-image-preview":"max-image-preview:large","max-video-preview":"max-video-preview:-1"},"canonical":"https:\/\/www.uartes.edu.ec\/sitio\/fr\/blog\/2024\/02\/26\/adina-izarra-estreno-en-montreal-tres-miradas-a-marisol-en-concierto-dedicado-a-la-artista-icono-del-pop-art-de-los-60\/","og_locale":"fr_FR","og_type":"article","og_title":"Universidad de las Artes - Adina Izarra estren\u00f3 en Montreal \u201cTres miradas a Marisol\u201d, en concierto dedicado a \u00edcono del pop-art de los 60","og_description":"Universidad de las Artes - Adina Izarra estren\u00f3 en Montreal \u201cTres miradas a Marisol\u201d, en concierto dedicado a \u00edcono del pop-art de los 60","og_url":"https:\/\/www.uartes.edu.ec\/sitio\/fr\/blog\/2024\/02\/26\/adina-izarra-estreno-en-montreal-tres-miradas-a-marisol-en-concierto-dedicado-a-la-artista-icono-del-pop-art-de-los-60\/","og_site_name":"Universidad de las Artes","article_publisher":"https:\/\/www.facebook.com\/uartesec","article_published_time":"2024-02-26T19:38:00+00:00","article_modified_time":"2024-07-04T16:19:22+00:00","og_image":[{"width":2000,"height":1333,"url":"https:\/\/www.uartes.edu.ec\/sitio\/wp-content\/uploads\/2024\/02\/FOTO-ENTREVISTA-ADINA.jpg","type":"image\/jpeg"}],"author":"ccortez","twitter_card":"summary_large_image","twitter_creator":"@uartesec","twitter_site":"@uartesec","twitter_misc":{"\u00c9crit par":"ccortez","Dur\u00e9e de lecture estim\u00e9e":"5 minutes"},"schema":{"@context":"https:\/\/schema.org","@graph":[{"@type":"Article","@id":"https:\/\/www.uartes.edu.ec\/sitio\/fr\/blog\/2024\/02\/26\/adina-izarra-estreno-en-montreal-tres-miradas-a-marisol-en-concierto-dedicado-a-la-artista-icono-del-pop-art-de-los-60\/#article","isPartOf":{"@id":"https:\/\/www.uartes.edu.ec\/sitio\/fr\/blog\/2024\/02\/26\/adina-izarra-estreno-en-montreal-tres-miradas-a-marisol-en-concierto-dedicado-a-la-artista-icono-del-pop-art-de-los-60\/"},"author":{"name":"ccortez","@id":"https:\/\/www.uartes.edu.ec\/sitio\/fr\/#\/schema\/person\/efa1b8275797664fd7f13a79ccc0b1f4"},"headline":"Adina Izarra estren\u00f3 en Montreal \u201cTres miradas a Marisol\u201d, en concierto dedicado a \u00edcono del pop-art de los 60","datePublished":"2024-02-26T19:38:00+00:00","dateModified":"2024-07-04T16:19:22+00:00","mainEntityOfPage":{"@id":"https:\/\/www.uartes.edu.ec\/sitio\/fr\/blog\/2024\/02\/26\/adina-izarra-estreno-en-montreal-tres-miradas-a-marisol-en-concierto-dedicado-a-la-artista-icono-del-pop-art-de-los-60\/"},"wordCount":1029,"commentCount":0,"publisher":{"@id":"https:\/\/www.uartes.edu.ec\/sitio\/fr\/#organization"},"image":{"@id":"https:\/\/www.uartes.edu.ec\/sitio\/fr\/blog\/2024\/02\/26\/adina-izarra-estreno-en-montreal-tres-miradas-a-marisol-en-concierto-dedicado-a-la-artista-icono-del-pop-art-de-los-60\/#primaryimage"},"thumbnailUrl":"https:\/\/www.uartes.edu.ec\/sitio\/wp-content\/uploads\/2024\/02\/FOTO-ENTREVISTA-ADINA.jpg","keywords":["composici\u00f3n"],"articleSection":["Acad\u00e9mico","Artes Sonoras","Docentes","Investigaci\u00f3n","Maestr\u00edas"],"inLanguage":"fr-FR","potentialAction":[{"@type":"CommentAction","name":"Comment","target":["https:\/\/www.uartes.edu.ec\/sitio\/fr\/blog\/2024\/02\/26\/adina-izarra-estreno-en-montreal-tres-miradas-a-marisol-en-concierto-dedicado-a-la-artista-icono-del-pop-art-de-los-60\/#respond"]}]},{"@type":["WebPage","ItemPage"],"@id":"https:\/\/www.uartes.edu.ec\/sitio\/fr\/blog\/2024\/02\/26\/adina-izarra-estreno-en-montreal-tres-miradas-a-marisol-en-concierto-dedicado-a-la-artista-icono-del-pop-art-de-los-60\/","url":"https:\/\/www.uartes.edu.ec\/sitio\/fr\/blog\/2024\/02\/26\/adina-izarra-estreno-en-montreal-tres-miradas-a-marisol-en-concierto-dedicado-a-la-artista-icono-del-pop-art-de-los-60\/","name":"Universidad de las Artes - Adina Izarra estren\u00f3 en Montreal \u201cTres miradas a Marisol\u201d, en concierto dedicado a \u00edcono del pop-art de los 60","isPartOf":{"@id":"https:\/\/www.uartes.edu.ec\/sitio\/fr\/#website"},"primaryImageOfPage":{"@id":"https:\/\/www.uartes.edu.ec\/sitio\/fr\/blog\/2024\/02\/26\/adina-izarra-estreno-en-montreal-tres-miradas-a-marisol-en-concierto-dedicado-a-la-artista-icono-del-pop-art-de-los-60\/#primaryimage"},"image":{"@id":"https:\/\/www.uartes.edu.ec\/sitio\/fr\/blog\/2024\/02\/26\/adina-izarra-estreno-en-montreal-tres-miradas-a-marisol-en-concierto-dedicado-a-la-artista-icono-del-pop-art-de-los-60\/#primaryimage"},"thumbnailUrl":"https:\/\/www.uartes.edu.ec\/sitio\/wp-content\/uploads\/2024\/02\/FOTO-ENTREVISTA-ADINA.jpg","datePublished":"2024-02-26T19:38:00+00:00","dateModified":"2024-07-04T16:19:22+00:00","description":"Universidad de las Artes - Adina Izarra estren\u00f3 en Montreal \u201cTres miradas a Marisol\u201d, en concierto dedicado a \u00edcono del pop-art de los 60","breadcrumb":{"@id":"https:\/\/www.uartes.edu.ec\/sitio\/fr\/blog\/2024\/02\/26\/adina-izarra-estreno-en-montreal-tres-miradas-a-marisol-en-concierto-dedicado-a-la-artista-icono-del-pop-art-de-los-60\/#breadcrumb"},"inLanguage":"fr-FR","potentialAction":[{"@type":"ReadAction","target":["https:\/\/www.uartes.edu.ec\/sitio\/fr\/blog\/2024\/02\/26\/adina-izarra-estreno-en-montreal-tres-miradas-a-marisol-en-concierto-dedicado-a-la-artista-icono-del-pop-art-de-los-60\/"]}]},{"@type":"ImageObject","inLanguage":"fr-FR","@id":"https:\/\/www.uartes.edu.ec\/sitio\/fr\/blog\/2024\/02\/26\/adina-izarra-estreno-en-montreal-tres-miradas-a-marisol-en-concierto-dedicado-a-la-artista-icono-del-pop-art-de-los-60\/#primaryimage","url":"https:\/\/www.uartes.edu.ec\/sitio\/wp-content\/uploads\/2024\/02\/FOTO-ENTREVISTA-ADINA.jpg","contentUrl":"https:\/\/www.uartes.edu.ec\/sitio\/wp-content\/uploads\/2024\/02\/FOTO-ENTREVISTA-ADINA.jpg","width":2000,"height":1333},{"@type":"BreadcrumbList","@id":"https:\/\/www.uartes.edu.ec\/sitio\/fr\/blog\/2024\/02\/26\/adina-izarra-estreno-en-montreal-tres-miradas-a-marisol-en-concierto-dedicado-a-la-artista-icono-del-pop-art-de-los-60\/#breadcrumb","itemListElement":[{"@type":"ListItem","position":1,"name":"Inicio","item":"https:\/\/www.uartes.edu.ec\/sitio\/"},{"@type":"ListItem","position":2,"name":"Adina Izarra estren\u00f3 en Montreal \u201cTres miradas a Marisol\u201d, en concierto dedicado a \u00edcono del pop-art de los 60"}]},{"@type":"WebSite","@id":"https:\/\/www.uartes.edu.ec\/sitio\/fr\/#website","url":"https:\/\/www.uartes.edu.ec\/sitio\/fr\/","name":"Universidad de las Artes","description":"Sitio oficial de la Universidad Nacional de las Artes del Ecuador","publisher":{"@id":"https:\/\/www.uartes.edu.ec\/sitio\/fr\/#organization"},"potentialAction":[{"@type":"SearchAction","target":{"@type":"EntryPoint","urlTemplate":"https:\/\/www.uartes.edu.ec\/sitio\/fr\/?s={search_term_string}"},"query-input":{"@type":"PropertyValueSpecification","valueRequired":true,"valueName":"search_term_string"}}],"inLanguage":"fr-FR"},{"@type":"Organization","@id":"https:\/\/www.uartes.edu.ec\/sitio\/fr\/#organization","name":"Universidad de las Artes","url":"https:\/\/www.uartes.edu.ec\/sitio\/fr\/","logo":{"@type":"ImageObject","inLanguage":"fr-FR","@id":"https:\/\/www.uartes.edu.ec\/sitio\/fr\/#\/schema\/logo\/image\/","url":"https:\/\/www.uartes.edu.ec\/sitio\/wp-content\/uploads\/2022\/07\/logo-ua-horizontal.png","contentUrl":"https:\/\/www.uartes.edu.ec\/sitio\/wp-content\/uploads\/2022\/07\/logo-ua-horizontal.png","width":800,"height":276,"caption":"Universidad de las Artes"},"image":{"@id":"https:\/\/www.uartes.edu.ec\/sitio\/fr\/#\/schema\/logo\/image\/"},"sameAs":["https:\/\/www.facebook.com\/uartesec","https:\/\/x.com\/uartesec","https:\/\/www.tiktok.com\/@uartesec"]},{"@type":"Person","@id":"https:\/\/www.uartes.edu.ec\/sitio\/fr\/#\/schema\/person\/efa1b8275797664fd7f13a79ccc0b1f4","name":"ccortez","image":{"@type":"ImageObject","inLanguage":"fr-FR","@id":"https:\/\/secure.gravatar.com\/avatar\/b2a6f664a3ae8e074346ef91775736c5ec479e637ecced6842de9dc98b5da9cd?s=96&d=mm&r=g","url":"https:\/\/secure.gravatar.com\/avatar\/b2a6f664a3ae8e074346ef91775736c5ec479e637ecced6842de9dc98b5da9cd?s=96&d=mm&r=g","contentUrl":"https:\/\/secure.gravatar.com\/avatar\/b2a6f664a3ae8e074346ef91775736c5ec479e637ecced6842de9dc98b5da9cd?s=96&d=mm&r=g","caption":"ccortez"},"url":"https:\/\/www.uartes.edu.ec\/sitio\/fr\/blog\/author\/ccortez\/"}]}},"uagb_featured_image_src":{"full":["https:\/\/www.uartes.edu.ec\/sitio\/wp-content\/uploads\/2024\/02\/FOTO-ENTREVISTA-ADINA.jpg",2000,1333,false],"thumbnail":["https:\/\/www.uartes.edu.ec\/sitio\/wp-content\/uploads\/2024\/02\/FOTO-ENTREVISTA-ADINA-150x150.jpg",150,150,true],"medium":["https:\/\/www.uartes.edu.ec\/sitio\/wp-content\/uploads\/2024\/02\/FOTO-ENTREVISTA-ADINA-300x200.jpg",300,200,true],"medium_large":["https:\/\/www.uartes.edu.ec\/sitio\/wp-content\/uploads\/2024\/02\/FOTO-ENTREVISTA-ADINA-768x512.jpg",768,512,true],"large":["https:\/\/www.uartes.edu.ec\/sitio\/wp-content\/uploads\/2024\/02\/FOTO-ENTREVISTA-ADINA-644x429.jpg",644,429,true],"1536x1536":["https:\/\/www.uartes.edu.ec\/sitio\/wp-content\/uploads\/2024\/02\/FOTO-ENTREVISTA-ADINA-1536x1024.jpg",1536,1024,true],"2048x2048":["https:\/\/www.uartes.edu.ec\/sitio\/wp-content\/uploads\/2024\/02\/FOTO-ENTREVISTA-ADINA.jpg",2000,1333,false],"trp-custom-language-flag":["https:\/\/www.uartes.edu.ec\/sitio\/wp-content\/uploads\/2024\/02\/FOTO-ENTREVISTA-ADINA.jpg",18,12,false],"htmega_size_585x295":["https:\/\/www.uartes.edu.ec\/sitio\/wp-content\/uploads\/2024\/02\/FOTO-ENTREVISTA-ADINA-585x295.jpg",585,295,true],"htmega_size_1170x536":["https:\/\/www.uartes.edu.ec\/sitio\/wp-content\/uploads\/2024\/02\/FOTO-ENTREVISTA-ADINA-1170x536.jpg",1170,536,true],"htmega_size_396x360":["https:\/\/www.uartes.edu.ec\/sitio\/wp-content\/uploads\/2024\/02\/FOTO-ENTREVISTA-ADINA-396x360.jpg",396,360,true],"gb-block-post-grid-landscape":["https:\/\/www.uartes.edu.ec\/sitio\/wp-content\/uploads\/2024\/02\/FOTO-ENTREVISTA-ADINA-600x400.jpg",600,400,true],"gb-block-post-grid-square":["https:\/\/www.uartes.edu.ec\/sitio\/wp-content\/uploads\/2024\/02\/FOTO-ENTREVISTA-ADINA-600x600.jpg",600,600,true],"university-hub-thumb":["https:\/\/www.uartes.edu.ec\/sitio\/wp-content\/uploads\/2024\/02\/FOTO-ENTREVISTA-ADINA-400x267.jpg",400,267,true],"mailpoet_newsletter_max":["https:\/\/www.uartes.edu.ec\/sitio\/wp-content\/uploads\/2024\/02\/FOTO-ENTREVISTA-ADINA.jpg",1320,880,false]},"uagb_author_info":{"display_name":"ccortez","author_link":"https:\/\/www.uartes.edu.ec\/sitio\/fr\/blog\/author\/ccortez\/"},"uagb_comment_info":0,"uagb_excerpt":"La docente Adina Izarra, coordinadora de la maestr\u00eda en Composici\u00f3n Musical y Artes Sonoras de la UArtes, estren\u00f3 en Montreal la pieza \u201cTres miradas a Marisol\u201d. Sucedi\u00f3 en el concierto \u201cLa composition au feminin\" que se realiz\u00f3 en honor a Marisol Escobar, artista \u00edcono del pop-art de los a\u00f1os 60. Aqu\u00ed la entrevista que el\u2026","featured_image_src":"https:\/\/www.uartes.edu.ec\/sitio\/wp-content\/uploads\/2024\/02\/FOTO-ENTREVISTA-ADINA-600x400.jpg","featured_image_src_square":"https:\/\/www.uartes.edu.ec\/sitio\/wp-content\/uploads\/2024\/02\/FOTO-ENTREVISTA-ADINA-600x600.jpg","author_info":{"display_name":"ccortez","author_link":"https:\/\/www.uartes.edu.ec\/sitio\/fr\/blog\/author\/ccortez\/"},"publishpress_future_workflow_manual_trigger":{"enabledWorkflows":[]},"distributor_meta":false,"distributor_terms":false,"distributor_media":false,"distributor_original_site_name":"Universidad de las Artes","distributor_original_site_url":"https:\/\/www.uartes.edu.ec\/sitio\/fr","push-errors":false,"_links":{"self":[{"href":"https:\/\/www.uartes.edu.ec\/sitio\/fr\/wp-json\/wp\/v2\/posts\/51003","targetHints":{"allow":["GET"]}}],"collection":[{"href":"https:\/\/www.uartes.edu.ec\/sitio\/fr\/wp-json\/wp\/v2\/posts"}],"about":[{"href":"https:\/\/www.uartes.edu.ec\/sitio\/fr\/wp-json\/wp\/v2\/types\/post"}],"author":[{"embeddable":true,"href":"https:\/\/www.uartes.edu.ec\/sitio\/fr\/wp-json\/wp\/v2\/users\/10"}],"replies":[{"embeddable":true,"href":"https:\/\/www.uartes.edu.ec\/sitio\/fr\/wp-json\/wp\/v2\/comments?post=51003"}],"version-history":[{"count":12,"href":"https:\/\/www.uartes.edu.ec\/sitio\/fr\/wp-json\/wp\/v2\/posts\/51003\/revisions"}],"predecessor-version":[{"id":51027,"href":"https:\/\/www.uartes.edu.ec\/sitio\/fr\/wp-json\/wp\/v2\/posts\/51003\/revisions\/51027"}],"wp:featuredmedia":[{"embeddable":true,"href":"https:\/\/www.uartes.edu.ec\/sitio\/fr\/wp-json\/wp\/v2\/media\/51004"}],"wp:attachment":[{"href":"https:\/\/www.uartes.edu.ec\/sitio\/fr\/wp-json\/wp\/v2\/media?parent=51003"}],"wp:term":[{"taxonomy":"category","embeddable":true,"href":"https:\/\/www.uartes.edu.ec\/sitio\/fr\/wp-json\/wp\/v2\/categories?post=51003"},{"taxonomy":"post_tag","embeddable":true,"href":"https:\/\/www.uartes.edu.ec\/sitio\/fr\/wp-json\/wp\/v2\/tags?post=51003"},{"taxonomy":"infouartes","embeddable":true,"href":"https:\/\/www.uartes.edu.ec\/sitio\/fr\/wp-json\/wp\/v2\/infouartes?post=51003"}],"curies":[{"name":"wp","href":"https:\/\/api.w.org\/{rel}","templated":true}]}}