{"id":51516,"date":"2024-03-11T15:16:00","date_gmt":"2024-03-11T20:16:00","guid":{"rendered":"https:\/\/www.uartes.edu.ec\/sitio\/?p=51516"},"modified":"2024-07-04T11:19:17","modified_gmt":"2024-07-04T16:19:17","slug":"un-recorrido-por-el-salon-de-la-mujer-2024-de-la-ccng-organizo-daescu-e-invito-a-los-estudiantes-de-nivelacion","status":"publish","type":"post","link":"https:\/\/www.uartes.edu.ec\/sitio\/fr\/blog\/2024\/03\/11\/un-recorrido-por-el-salon-de-la-mujer-2024-de-la-ccng-organizo-daescu-e-invito-a-los-estudiantes-de-nivelacion\/","title":{"rendered":"Una visita al Sal\u00f3n de la Mujer 2024 de los alumnos de Nivelaci\u00f3n; organiz\u00f3 la Secretar\u00eda de Bienestar Universitario"},"content":{"rendered":"<p>Por el D\u00eda Internacional de la Mujer, la Secretar\u00eda de Bienestar Universitario (SBU) de la UArtes organiz\u00f3 una visita de los estudiantes de Nivelaci\u00f3n al Sal\u00f3n de la Mujer 2024 de la Casa de la Cultura N\u00facleo de Guayas (CCNG), que preside la doctora Martha Rizzo. Este a\u00f1o la cita lleg\u00f3 a la edici\u00f3n n\u00famero 25 bajo la direcci\u00f3n de la investigadora, curadora y gestora cultural Mar\u00eda Fernanda L\u00f3pez, Ph.D., docente de la Universidad de las Artes.<\/p>\n\n\n\n<p>Ocurri\u00f3 el 8 de marzo y fue L\u00f3pez, conocida art\u00edsticamente como&nbsp;<em>Mafo,<\/em>&nbsp;quien tras la respectiva bienvenida guio a los estudiantes UArtes y funcionarios de la SBU. El recorrido se inici\u00f3 en los exteriores de la CCNG, donde se encuentra el mural ganador en la categor\u00eda de Arte Urbano. Su autora es Esthefan\u00eda Su\u00e1rez (Machachi, Quito), que firma como <em>La Karishina.<\/em><\/p>\n\n\n\n<p>En su propuesta, Su\u00e1rez muestra a una madre entregando fuego a su hija, lo cual menciona como fuego de transformaci\u00f3n y fuerza, en un claro homenaje a madres y abuelas. Haciendo referencia al contenido del mural, L\u00f3pez anot\u00f3: \u201c(\u2026) Dos mujeres y dos amigas, dos ancestras, dos curanderas&#8230; Podemos interpretarlo de acuerdo a lo que saben hacer estas mujeres, a esa transmisi\u00f3n del fuego andino, pues son dos mujeres andinas\u201d.<\/p>\n\n\n\t\t\t\t\t<div\n\t\t\t\t\t\tclass=\"wp-block-uagb-image-gallery uagb-block-4a9418e4\"\n\t\t\t\t\t\tstyle=\"\"\n\t\t\t\t\t>\n\t\t\t\t\t\t\t\t\t\t\t<div class=\"spectra-image-gallery spectra-image-gallery__layout--grid spectra-image-gallery__layout--grid-col-2 spectra-image-gallery__layout--grid-col-tab-2 spectra-image-gallery__layout--grid-col-mob-2\">\n\t\t\t\t\t\t\t\t\t\t\t<div class='spectra-image-gallery__media-wrapper' data-spectra-gallery-image-id='51518' tabindex=\"0\">\n\t\t\t\t\t\t\t<div class=\"spectra-image-gallery__media spectra-image-gallery__media--grid\">\n\t\t\t\t<picture>\n\t\t\t\t\t<source media=\"(min-width: 1024px)\" srcset=\"https:\/\/www.uartes.edu.ec\/sitio\/wp-content\/uploads\/2024\/03\/01-SALON-DE-LA-MUJER-644x429.jpg\">\n\t\t\t\t\t<source media=\"(min-width: 768px)\" srcset=\"https:\/\/www.uartes.edu.ec\/sitio\/wp-content\/uploads\/2024\/03\/01-SALON-DE-LA-MUJER-644x429.jpg\">\n\t\t\t\t\t<img decoding=\"async\" class=\"spectra-image-gallery__media-thumbnail spectra-image-gallery__media-thumbnail--grid\" src=\"https:\/\/www.uartes.edu.ec\/sitio\/wp-content\/uploads\/2024\/03\/01-SALON-DE-LA-MUJER-300x200.jpg\" alt=\"\" loading=\"lazy\" \/>\n\t\t\t\t<\/picture>\n\t\t\t\t<div class=\"spectra-image-gallery__media-thumbnail-blurrer\"><\/div>\n\t\t\t\t\t\t\t\t\t\t\t<div class=\"spectra-image-gallery__media-thumbnail-caption-wrapper spectra-image-gallery__media-thumbnail-caption-wrapper--overlay\">\n\t\t\t\t\t\t\t\t\t\t\t<div class=\"spectra-image-gallery__media-thumbnail-caption spectra-image-gallery__media-thumbnail-caption--overlay\">\n\t\t\t\t\tAucune l\u00e9gende\t\t\t\t<\/div>\n\t\t\t\t\t\t\t\t\t\t<\/div>\n\t\t\t\t\t\t\t\t\t<\/div>\n\t\t\t\t\t\t<\/div>\n\t\t\t\t\t\t<div class='spectra-image-gallery__media-wrapper' data-spectra-gallery-image-id='51519' tabindex=\"0\">\n\t\t\t\t\t\t\t<div class=\"spectra-image-gallery__media spectra-image-gallery__media--grid\">\n\t\t\t\t<picture>\n\t\t\t\t\t<source media=\"(min-width: 1024px)\" srcset=\"https:\/\/www.uartes.edu.ec\/sitio\/wp-content\/uploads\/2024\/03\/03-SALON-DE-LA-MUJER-1-644x429.jpg\">\n\t\t\t\t\t<source media=\"(min-width: 768px)\" srcset=\"https:\/\/www.uartes.edu.ec\/sitio\/wp-content\/uploads\/2024\/03\/03-SALON-DE-LA-MUJER-1-644x429.jpg\">\n\t\t\t\t\t<img decoding=\"async\" class=\"spectra-image-gallery__media-thumbnail spectra-image-gallery__media-thumbnail--grid\" src=\"https:\/\/www.uartes.edu.ec\/sitio\/wp-content\/uploads\/2024\/03\/03-SALON-DE-LA-MUJER-1-300x200.jpg\" alt=\"\" loading=\"lazy\" \/>\n\t\t\t\t<\/picture>\n\t\t\t\t<div class=\"spectra-image-gallery__media-thumbnail-blurrer\"><\/div>\n\t\t\t\t\t\t\t\t\t\t\t<div class=\"spectra-image-gallery__media-thumbnail-caption-wrapper spectra-image-gallery__media-thumbnail-caption-wrapper--overlay\">\n\t\t\t\t\t\t\t\t\t\t\t<div class=\"spectra-image-gallery__media-thumbnail-caption spectra-image-gallery__media-thumbnail-caption--overlay\">\n\t\t\t\t\tAucune l\u00e9gende\t\t\t\t<\/div>\n\t\t\t\t\t\t\t\t\t\t<\/div>\n\t\t\t\t\t\t\t\t\t<\/div>\n\t\t\t\t\t\t<\/div>\n\t\t\t\t\t\t\t\t\t\t<\/div>\n\t\t\t\t\t\t\t\t\t\t\t\t\t\t\t\t\t\t<\/div>\n\t\t\t\t\t\t\t\t\t\n\n\n<p><\/p>\n\n\n\n<p>Es un hito significativo que el Sal\u00f3n de la Mujer otorgue un reconocimiento al Arte Urbano, un logro resultado de la sinergia entre la CCNG y la plataforma \u201cArte, mujeres y espacio p\u00fablico\u201d, que en este 2024 cumpli\u00f3 cinco a\u00f1os y cuya fundadora es <em>Mafo<\/em> L\u00f3pez.<\/p>\n\n\n\n<p>\u201cEs la primera vez que una mujer recibe este premio en el contexto del arte con una historia contada a trav\u00e9s de un mural\u201d, expres\u00f3 la docente UArtes. El arte es subjetivo. Puedo ver una imagen y la imagen tiene diferentes narrativas y sentimientos, dijo a los visitantes.<\/p>\n\n\n\n<p>Ante el mural ganador, la directora y curadora del Sal\u00f3n de la Mujer 2024 lanz\u00f3 la pregunta \u00bfcu\u00e1les son las diferencias entre graffitis y muralismo contempor\u00e1neo urbano?, respondiendo que el primero siempre ser\u00e1 ilegal, ef\u00edmero y an\u00f3nimo; estar\u00e1 en la calle y resultar\u00e1 del proceso creativo de un artista. El segundo no porque tiene una transmisi\u00f3n de conocimiento e im\u00e1genes. En el caso de la propuesta de Su\u00e1rez \u201chay una transmisi\u00f3n intencional de una cosmovisi\u00f3n\u201d, de all\u00ed que es contempor\u00e1neo.<\/p>\n\n\n<div class=\"wp-block-image\">\n<figure class=\"aligncenter size-large\"><img fetchpriority=\"high\" decoding=\"async\" width=\"644\" height=\"429\" src=\"https:\/\/www.uartes.edu.ec\/sitio\/wp-content\/uploads\/2024\/03\/03-SALON-DE-LA-MUJER-644x429.jpg\" alt=\"\" class=\"wp-image-51520\" srcset=\"https:\/\/www.uartes.edu.ec\/sitio\/wp-content\/uploads\/2024\/03\/03-SALON-DE-LA-MUJER-644x429.jpg 644w, https:\/\/www.uartes.edu.ec\/sitio\/wp-content\/uploads\/2024\/03\/03-SALON-DE-LA-MUJER-768x511.jpg 768w, https:\/\/www.uartes.edu.ec\/sitio\/wp-content\/uploads\/2024\/03\/03-SALON-DE-LA-MUJER.jpg 2000w, https:\/\/www.uartes.edu.ec\/sitio\/wp-content\/uploads\/2024\/03\/03-SALON-DE-LA-MUJER-600x399.jpg 600w, https:\/\/www.uartes.edu.ec\/sitio\/wp-content\/uploads\/2024\/03\/03-SALON-DE-LA-MUJER-272x182.jpg 272w\" sizes=\"(max-width: 644px) 100vw, 644px\" \/><\/figure>\n<\/div>\n\n\n<p>El grupo seguidamente se encamin\u00f3 junto con L\u00f3pez hasta el sal\u00f3n, ubicado en el primer piso de la instituci\u00f3n cultural. All\u00ed, con el lema \u201cResisto, camino y creo\u201d y la tem\u00e1tica \u201cformas gr\u00e1ficas, pl\u00e1sticas y nuevas visualidades frente a la violencia en Ecuador\u201d, estaban las 23 obras que fueron seleccionadas para la exposici\u00f3n.<\/p>\n\n\n\n<p>En total fueron 17 los bocetos que se recibieron para el mural y 56 las piezas para el sal\u00f3n, siendo la ganadora \u201cCaperucita Roja\u201d de Cristina Enderica Ch\u00e1vez, machale\u00f1a de 34 a\u00f1os, quien se propuso evidenciar la resistencia ancestral.<\/p>\n\n\n\n<p>L\u00f3pez coment\u00f3 con orgullo que muchas estudiantes de la Universidad de las Artes respondieron a la convocatoria del Sal\u00f3n de la Mujer 2024 y que, adem\u00e1s del Guayas, se recibieron obras de El Oro, Santa Elena y Pichincha.&nbsp;\u201cTambi\u00e9n de Chimborazo, Azuay, pero no todas entraron aqu\u00ed. Lo que est\u00e1n viendo es el resultado de un proceso de selecci\u00f3n arduo\u201d\u201d.<\/p>\n\n\n\t\t\t\t\t<div\n\t\t\t\t\t\tclass=\"wp-block-uagb-image-gallery uagb-block-efcf53d6\"\n\t\t\t\t\t\tstyle=\"\"\n\t\t\t\t\t>\n\t\t\t\t\t\t\t\t\t\t\t<div class=\"spectra-image-gallery spectra-image-gallery__layout--grid spectra-image-gallery__layout--grid-col-2 spectra-image-gallery__layout--grid-col-tab-2 spectra-image-gallery__layout--grid-col-mob-2\">\n\t\t\t\t\t\t\t\t\t\t\t<div class='spectra-image-gallery__media-wrapper' data-spectra-gallery-image-id='51522' tabindex=\"0\">\n\t\t\t\t\t\t\t<div class=\"spectra-image-gallery__media spectra-image-gallery__media--grid\">\n\t\t\t\t<picture>\n\t\t\t\t\t<source media=\"(min-width: 1024px)\" srcset=\"https:\/\/www.uartes.edu.ec\/sitio\/wp-content\/uploads\/2024\/03\/04-SALON-DE-LA-MUJER-1-644x429.jpg\">\n\t\t\t\t\t<source media=\"(min-width: 768px)\" srcset=\"https:\/\/www.uartes.edu.ec\/sitio\/wp-content\/uploads\/2024\/03\/04-SALON-DE-LA-MUJER-1-644x429.jpg\">\n\t\t\t\t\t<img decoding=\"async\" class=\"spectra-image-gallery__media-thumbnail spectra-image-gallery__media-thumbnail--grid\" src=\"https:\/\/www.uartes.edu.ec\/sitio\/wp-content\/uploads\/2024\/03\/04-SALON-DE-LA-MUJER-1-300x200.jpg\" alt=\"\" loading=\"lazy\" \/>\n\t\t\t\t<\/picture>\n\t\t\t\t<div class=\"spectra-image-gallery__media-thumbnail-blurrer\"><\/div>\n\t\t\t\t\t\t\t\t\t\t\t<div class=\"spectra-image-gallery__media-thumbnail-caption-wrapper spectra-image-gallery__media-thumbnail-caption-wrapper--overlay\">\n\t\t\t\t\t\t\t\t\t\t\t<div class=\"spectra-image-gallery__media-thumbnail-caption spectra-image-gallery__media-thumbnail-caption--overlay\">\n\t\t\t\t\tAucune l\u00e9gende\t\t\t\t<\/div>\n\t\t\t\t\t\t\t\t\t\t<\/div>\n\t\t\t\t\t\t\t\t\t<\/div>\n\t\t\t\t\t\t<\/div>\n\t\t\t\t\t\t<div class='spectra-image-gallery__media-wrapper' data-spectra-gallery-image-id='51521' tabindex=\"0\">\n\t\t\t\t\t\t\t<div class=\"spectra-image-gallery__media spectra-image-gallery__media--grid\">\n\t\t\t\t<picture>\n\t\t\t\t\t<source media=\"(min-width: 1024px)\" srcset=\"https:\/\/www.uartes.edu.ec\/sitio\/wp-content\/uploads\/2024\/03\/02-SALON-DE-LA-MUJER-1-644x429.jpg\">\n\t\t\t\t\t<source media=\"(min-width: 768px)\" srcset=\"https:\/\/www.uartes.edu.ec\/sitio\/wp-content\/uploads\/2024\/03\/02-SALON-DE-LA-MUJER-1-644x429.jpg\">\n\t\t\t\t\t<img decoding=\"async\" class=\"spectra-image-gallery__media-thumbnail spectra-image-gallery__media-thumbnail--grid\" src=\"https:\/\/www.uartes.edu.ec\/sitio\/wp-content\/uploads\/2024\/03\/02-SALON-DE-LA-MUJER-1-300x200.jpg\" alt=\"\" loading=\"lazy\" \/>\n\t\t\t\t<\/picture>\n\t\t\t\t<div class=\"spectra-image-gallery__media-thumbnail-blurrer\"><\/div>\n\t\t\t\t\t\t\t\t\t\t\t<div class=\"spectra-image-gallery__media-thumbnail-caption-wrapper spectra-image-gallery__media-thumbnail-caption-wrapper--overlay\">\n\t\t\t\t\t\t\t\t\t\t\t<div class=\"spectra-image-gallery__media-thumbnail-caption spectra-image-gallery__media-thumbnail-caption--overlay\">\n\t\t\t\t\tAucune l\u00e9gende\t\t\t\t<\/div>\n\t\t\t\t\t\t\t\t\t\t<\/div>\n\t\t\t\t\t\t\t\t\t<\/div>\n\t\t\t\t\t\t<\/div>\n\t\t\t\t\t\t\t\t\t\t<\/div>\n\t\t\t\t\t\t\t\t\t\t\t\t\t\t\t\t\t\t<\/div>\n\t\t\t\t\t\t\t\t\t\n\n\n<p><\/p>\n\n\n\n<p>La obra ganadora del sal\u00f3n, titulada \u201cCaperucita Roja\u201d, fue concebida como una cr\u00edtica por las v\u00edctimas de violencia. Su autora escribi\u00f3 un cuento en referencia a su creaci\u00f3n. Es tridimensional y rompe con todo lo que tiene que ver con la vida y misi\u00f3n de la mujer por toda la carga que tiene de reflexi\u00f3n. \u201cEn esta edici\u00f3n, el sal\u00f3n reflexiona sobre la violencia en nuestro pa\u00eds. Si ustedes pueden leer el cuento que acompa\u00f1a la escultura van a poder entender de qu\u00e9 se trata, pero creo que una ni\u00f1a es lo que estamos viendo. Una ni\u00f1a que est\u00e1 enjaulada y tiene un balazo en la frente, as\u00ed mueren nuestros ni\u00f1os por balas cruzadas cuando est\u00e1n haciendo los deberes en medio del Sol. As\u00ed han muerto much\u00edsimos ni\u00f1os y ni\u00f1as\u201d, dijo L\u00f3pez.<\/p>\n\n\n\n<p>Las menciones de honor fueron para Mar\u00eda Bel\u00e9n Vivar, por la obra \u201c(In)quietud\u201d; Melissa de la A, por \u201cNadie sabe lo que puede un cuerpo\u201d; y Larissa Espinoza, por \u201cFamilia tradicional\u201d. Vale anotar que, De la A y Espinoza son de la Universidad de las Artes. De las 23 obras seleccionadas y expuestas en el sal\u00f3n, siete son las artistas UArtes, revel\u00f3 L\u00f3pez reiterando su satisfacci\u00f3n y mencionando, entre otras exponentes, a Michelle Fajardo y Ailyn Wong.<\/p>\n\n\n<div class=\"wp-block-image\">\n<figure class=\"aligncenter size-large\"><img decoding=\"async\" width=\"644\" height=\"429\" src=\"https:\/\/www.uartes.edu.ec\/sitio\/wp-content\/uploads\/2024\/03\/06-SALON-DE-LA-MUJER-644x429.jpg\" alt=\"\" class=\"wp-image-51523\" srcset=\"https:\/\/www.uartes.edu.ec\/sitio\/wp-content\/uploads\/2024\/03\/06-SALON-DE-LA-MUJER-644x429.jpg 644w, https:\/\/www.uartes.edu.ec\/sitio\/wp-content\/uploads\/2024\/03\/06-SALON-DE-LA-MUJER-768x511.jpg 768w, https:\/\/www.uartes.edu.ec\/sitio\/wp-content\/uploads\/2024\/03\/06-SALON-DE-LA-MUJER.jpg 2000w, https:\/\/www.uartes.edu.ec\/sitio\/wp-content\/uploads\/2024\/03\/06-SALON-DE-LA-MUJER-600x399.jpg 600w, https:\/\/www.uartes.edu.ec\/sitio\/wp-content\/uploads\/2024\/03\/06-SALON-DE-LA-MUJER-272x182.jpg 272w\" sizes=\"(max-width: 644px) 100vw, 644px\" \/><\/figure>\n<\/div>\n\n\n<p>Carolina C\u00e1rdenas, directora de la Secretar\u00eda de Bienestar Universitario, coment\u00f3 que se hizo la invitaci\u00f3n a los estudiantes de Nivelaci\u00f3n con el fin de promover la concientizaci\u00f3n por la situaci\u00f3n de violencia a la mujer que el pa\u00eds atraviesa, destacando tambi\u00e9n la motivaci\u00f3n de sus afines, al perpetuar que en alguna instancia sus cuadros tambi\u00e9n ser\u00e1n expuestos en una galer\u00eda.<\/p>\n\n\n\n<p>De la visita y del recorrido al sal\u00f3n de la CCNG, B\u00e1rbara Benavides Almeida, estudiante de Nivelaci\u00f3n, opin\u00f3: \u201c(\u2026) Es un encuentro ceremonial, belleza del silencio que paraliza las obras, colores que despiertan las emociones que sienten de transmitir el contexto y entender por qu\u00e9 est\u00e1n las cosas hay, tambi\u00e9n que no importan los recursos para darle valor al arte, al momento de plasmarlo como etiquetas de los comisariatos impuestos\u201d.<\/p>\n\n\n\n<p>Al igual que Benavides, los dem\u00e1s estudiantes de Nivelaci\u00f3n se manifestaron satisfechos por realizar el recorrido y tener la oportunidad de ver de cerca obras concebidas bajo el lema \u201cResisto, camino y creo\u201d.<\/p>","protected":false},"excerpt":{"rendered":"<p>Por el D\u00eda Internacional de la Mujer, la Secretar\u00eda de Bienestar Universitario de la UArtes invit\u00f3 a los estudiantes de Nivelaci\u00f3n a recorrer el Sal\u00f3n de la Mujer 2024 de la Casa de la Cultura N\u00facleo de Guayas (CCNG), que preside la doctora Martha Rizzo. Este a\u00f1o la cita lleg\u00f3 a la edici\u00f3n n\u00famero 25 bajo la direcci\u00f3n de nuestra docente Mar\u00eda Fernanda L\u00f3pez, Ph.D., quien gui\u00f3 la visita.<\/p>","protected":false},"author":10,"featured_media":51517,"comment_status":"open","ping_status":"open","sticky":false,"template":"","format":"standard","meta":{"_acf_changed":false,"_uag_custom_page_level_css":"","_monsterinsights_skip_tracking":false,"_monsterinsights_sitenote_active":false,"_monsterinsights_sitenote_note":"","_monsterinsights_sitenote_category":0,"cybocfi_hide_featured_image":"","footnotes":""},"categories":[80,82,157,75,76,77,83],"tags":[1031],"infouartes":[],"class_list":["post-51516","post","type-post","status-publish","format-standard","has-post-thumbnail","hentry","category-academico","category-artes","category-artes-visuales","category-docentes","category-estudiantes","category-gestion","category-sedes","tag-certamen"],"acf":[],"yoast_head":"<!-- This site is optimized with the Yoast SEO plugin v27.4 - https:\/\/yoast.com\/product\/yoast-seo-wordpress\/ -->\n<title>Universidad de las Artes - Una visita al Sal\u00f3n de la Mujer 2024 de los alumnos de Nivelaci\u00f3n; organiz\u00f3 la Secretar\u00eda de Bienestar Universitario<\/title>\n<meta name=\"description\" content=\"Universidad de las Artes - Una visita al Sal\u00f3n de la Mujer 2024 de los alumnos de Nivelaci\u00f3n; organiz\u00f3 la Secretar\u00eda de Bienestar Universitario\" \/>\n<meta name=\"robots\" content=\"index, follow, max-snippet:-1, max-image-preview:large, max-video-preview:-1\" \/>\n<link rel=\"canonical\" href=\"https:\/\/www.uartes.edu.ec\/sitio\/fr\/blog\/2024\/03\/11\/un-recorrido-por-el-salon-de-la-mujer-2024-de-la-ccng-organizo-daescu-e-invito-a-los-estudiantes-de-nivelacion\/\" \/>\n<meta property=\"og:locale\" content=\"fr_FR\" \/>\n<meta property=\"og:type\" content=\"article\" \/>\n<meta property=\"og:title\" content=\"Universidad de las Artes - Una visita al Sal\u00f3n de la Mujer 2024 de los alumnos de Nivelaci\u00f3n; organiz\u00f3 la Secretar\u00eda de Bienestar Universitario\" \/>\n<meta property=\"og:description\" content=\"Universidad de las Artes - Una visita al Sal\u00f3n de la Mujer 2024 de los alumnos de Nivelaci\u00f3n; organiz\u00f3 la Secretar\u00eda de Bienestar Universitario\" \/>\n<meta property=\"og:url\" content=\"https:\/\/www.uartes.edu.ec\/sitio\/fr\/blog\/2024\/03\/11\/un-recorrido-por-el-salon-de-la-mujer-2024-de-la-ccng-organizo-daescu-e-invito-a-los-estudiantes-de-nivelacion\/\" \/>\n<meta property=\"og:site_name\" content=\"Universidad de las Artes\" \/>\n<meta property=\"article:publisher\" content=\"https:\/\/www.facebook.com\/uartesec\" \/>\n<meta property=\"article:published_time\" content=\"2024-03-11T20:16:00+00:00\" \/>\n<meta property=\"article:modified_time\" content=\"2024-07-04T16:19:17+00:00\" \/>\n<meta property=\"og:image\" content=\"https:\/\/www.uartes.edu.ec\/sitio\/wp-content\/uploads\/2024\/03\/05-SALON-DE-LA-MUJER.jpg\" \/>\n\t<meta property=\"og:image:width\" content=\"2000\" \/>\n\t<meta property=\"og:image:height\" content=\"1333\" \/>\n\t<meta property=\"og:image:type\" content=\"image\/jpeg\" \/>\n<meta name=\"author\" content=\"ccortez\" \/>\n<meta name=\"twitter:card\" content=\"summary_large_image\" \/>\n<meta name=\"twitter:creator\" content=\"@uartesec\" \/>\n<meta name=\"twitter:site\" content=\"@uartesec\" \/>\n<meta name=\"twitter:label1\" content=\"\u00c9crit par\" \/>\n\t<meta name=\"twitter:data1\" content=\"ccortez\" \/>\n\t<meta name=\"twitter:label2\" content=\"Dur\u00e9e de lecture estim\u00e9e\" \/>\n\t<meta name=\"twitter:data2\" content=\"5 minutes\" \/>\n<script type=\"application\/ld+json\" class=\"yoast-schema-graph\">{\"@context\":\"https:\\\/\\\/schema.org\",\"@graph\":[{\"@type\":\"Article\",\"@id\":\"https:\\\/\\\/www.uartes.edu.ec\\\/sitio\\\/fr\\\/blog\\\/2024\\\/03\\\/11\\\/un-recorrido-por-el-salon-de-la-mujer-2024-de-la-ccng-organizo-daescu-e-invito-a-los-estudiantes-de-nivelacion\\\/#article\",\"isPartOf\":{\"@id\":\"https:\\\/\\\/www.uartes.edu.ec\\\/sitio\\\/fr\\\/blog\\\/2024\\\/03\\\/11\\\/un-recorrido-por-el-salon-de-la-mujer-2024-de-la-ccng-organizo-daescu-e-invito-a-los-estudiantes-de-nivelacion\\\/\"},\"author\":{\"name\":\"ccortez\",\"@id\":\"https:\\\/\\\/www.uartes.edu.ec\\\/sitio\\\/fr\\\/#\\\/schema\\\/person\\\/efa1b8275797664fd7f13a79ccc0b1f4\"},\"headline\":\"Una visita al Sal\u00f3n de la Mujer 2024 de los alumnos de Nivelaci\u00f3n; organiz\u00f3 la Secretar\u00eda de Bienestar Universitario\",\"datePublished\":\"2024-03-11T20:16:00+00:00\",\"dateModified\":\"2024-07-04T16:19:17+00:00\",\"mainEntityOfPage\":{\"@id\":\"https:\\\/\\\/www.uartes.edu.ec\\\/sitio\\\/fr\\\/blog\\\/2024\\\/03\\\/11\\\/un-recorrido-por-el-salon-de-la-mujer-2024-de-la-ccng-organizo-daescu-e-invito-a-los-estudiantes-de-nivelacion\\\/\"},\"wordCount\":1014,\"commentCount\":0,\"publisher\":{\"@id\":\"https:\\\/\\\/www.uartes.edu.ec\\\/sitio\\\/fr\\\/#organization\"},\"image\":{\"@id\":\"https:\\\/\\\/www.uartes.edu.ec\\\/sitio\\\/fr\\\/blog\\\/2024\\\/03\\\/11\\\/un-recorrido-por-el-salon-de-la-mujer-2024-de-la-ccng-organizo-daescu-e-invito-a-los-estudiantes-de-nivelacion\\\/#primaryimage\"},\"thumbnailUrl\":\"https:\\\/\\\/www.uartes.edu.ec\\\/sitio\\\/wp-content\\\/uploads\\\/2024\\\/03\\\/05-SALON-DE-LA-MUJER.jpg\",\"keywords\":[\"certamen\"],\"articleSection\":[\"Acad\u00e9mico\",\"Artes\",\"Artes Visuales\",\"Docentes\",\"Estudiantes\",\"Gesti\u00f3n\",\"Sedes\"],\"inLanguage\":\"fr-FR\",\"potentialAction\":[{\"@type\":\"CommentAction\",\"name\":\"Comment\",\"target\":[\"https:\\\/\\\/www.uartes.edu.ec\\\/sitio\\\/fr\\\/blog\\\/2024\\\/03\\\/11\\\/un-recorrido-por-el-salon-de-la-mujer-2024-de-la-ccng-organizo-daescu-e-invito-a-los-estudiantes-de-nivelacion\\\/#respond\"]}]},{\"@type\":[\"WebPage\",\"ItemPage\"],\"@id\":\"https:\\\/\\\/www.uartes.edu.ec\\\/sitio\\\/fr\\\/blog\\\/2024\\\/03\\\/11\\\/un-recorrido-por-el-salon-de-la-mujer-2024-de-la-ccng-organizo-daescu-e-invito-a-los-estudiantes-de-nivelacion\\\/\",\"url\":\"https:\\\/\\\/www.uartes.edu.ec\\\/sitio\\\/fr\\\/blog\\\/2024\\\/03\\\/11\\\/un-recorrido-por-el-salon-de-la-mujer-2024-de-la-ccng-organizo-daescu-e-invito-a-los-estudiantes-de-nivelacion\\\/\",\"name\":\"Universidad de las Artes - Una visita al Sal\u00f3n de la Mujer 2024 de los alumnos de Nivelaci\u00f3n; organiz\u00f3 la Secretar\u00eda de Bienestar Universitario\",\"isPartOf\":{\"@id\":\"https:\\\/\\\/www.uartes.edu.ec\\\/sitio\\\/fr\\\/#website\"},\"primaryImageOfPage\":{\"@id\":\"https:\\\/\\\/www.uartes.edu.ec\\\/sitio\\\/fr\\\/blog\\\/2024\\\/03\\\/11\\\/un-recorrido-por-el-salon-de-la-mujer-2024-de-la-ccng-organizo-daescu-e-invito-a-los-estudiantes-de-nivelacion\\\/#primaryimage\"},\"image\":{\"@id\":\"https:\\\/\\\/www.uartes.edu.ec\\\/sitio\\\/fr\\\/blog\\\/2024\\\/03\\\/11\\\/un-recorrido-por-el-salon-de-la-mujer-2024-de-la-ccng-organizo-daescu-e-invito-a-los-estudiantes-de-nivelacion\\\/#primaryimage\"},\"thumbnailUrl\":\"https:\\\/\\\/www.uartes.edu.ec\\\/sitio\\\/wp-content\\\/uploads\\\/2024\\\/03\\\/05-SALON-DE-LA-MUJER.jpg\",\"datePublished\":\"2024-03-11T20:16:00+00:00\",\"dateModified\":\"2024-07-04T16:19:17+00:00\",\"description\":\"Universidad de las Artes - Una visita al Sal\u00f3n de la Mujer 2024 de los alumnos de Nivelaci\u00f3n; organiz\u00f3 la Secretar\u00eda de Bienestar Universitario\",\"breadcrumb\":{\"@id\":\"https:\\\/\\\/www.uartes.edu.ec\\\/sitio\\\/fr\\\/blog\\\/2024\\\/03\\\/11\\\/un-recorrido-por-el-salon-de-la-mujer-2024-de-la-ccng-organizo-daescu-e-invito-a-los-estudiantes-de-nivelacion\\\/#breadcrumb\"},\"inLanguage\":\"fr-FR\",\"potentialAction\":[{\"@type\":\"ReadAction\",\"target\":[\"https:\\\/\\\/www.uartes.edu.ec\\\/sitio\\\/fr\\\/blog\\\/2024\\\/03\\\/11\\\/un-recorrido-por-el-salon-de-la-mujer-2024-de-la-ccng-organizo-daescu-e-invito-a-los-estudiantes-de-nivelacion\\\/\"]}]},{\"@type\":\"ImageObject\",\"inLanguage\":\"fr-FR\",\"@id\":\"https:\\\/\\\/www.uartes.edu.ec\\\/sitio\\\/fr\\\/blog\\\/2024\\\/03\\\/11\\\/un-recorrido-por-el-salon-de-la-mujer-2024-de-la-ccng-organizo-daescu-e-invito-a-los-estudiantes-de-nivelacion\\\/#primaryimage\",\"url\":\"https:\\\/\\\/www.uartes.edu.ec\\\/sitio\\\/wp-content\\\/uploads\\\/2024\\\/03\\\/05-SALON-DE-LA-MUJER.jpg\",\"contentUrl\":\"https:\\\/\\\/www.uartes.edu.ec\\\/sitio\\\/wp-content\\\/uploads\\\/2024\\\/03\\\/05-SALON-DE-LA-MUJER.jpg\",\"width\":2000,\"height\":1333},{\"@type\":\"BreadcrumbList\",\"@id\":\"https:\\\/\\\/www.uartes.edu.ec\\\/sitio\\\/fr\\\/blog\\\/2024\\\/03\\\/11\\\/un-recorrido-por-el-salon-de-la-mujer-2024-de-la-ccng-organizo-daescu-e-invito-a-los-estudiantes-de-nivelacion\\\/#breadcrumb\",\"itemListElement\":[{\"@type\":\"ListItem\",\"position\":1,\"name\":\"Inicio\",\"item\":\"https:\\\/\\\/www.uartes.edu.ec\\\/sitio\\\/\"},{\"@type\":\"ListItem\",\"position\":2,\"name\":\"Una visita al Sal\u00f3n de la Mujer 2024 de los alumnos de Nivelaci\u00f3n; organiz\u00f3 la Secretar\u00eda de Bienestar Universitario\"}]},{\"@type\":\"WebSite\",\"@id\":\"https:\\\/\\\/www.uartes.edu.ec\\\/sitio\\\/fr\\\/#website\",\"url\":\"https:\\\/\\\/www.uartes.edu.ec\\\/sitio\\\/fr\\\/\",\"name\":\"Universidad de las Artes\",\"description\":\"Sitio oficial de la Universidad Nacional de las Artes del Ecuador\",\"publisher\":{\"@id\":\"https:\\\/\\\/www.uartes.edu.ec\\\/sitio\\\/fr\\\/#organization\"},\"potentialAction\":[{\"@type\":\"SearchAction\",\"target\":{\"@type\":\"EntryPoint\",\"urlTemplate\":\"https:\\\/\\\/www.uartes.edu.ec\\\/sitio\\\/fr\\\/?s={search_term_string}\"},\"query-input\":{\"@type\":\"PropertyValueSpecification\",\"valueRequired\":true,\"valueName\":\"search_term_string\"}}],\"inLanguage\":\"fr-FR\"},{\"@type\":\"Organization\",\"@id\":\"https:\\\/\\\/www.uartes.edu.ec\\\/sitio\\\/fr\\\/#organization\",\"name\":\"Universidad de las Artes\",\"url\":\"https:\\\/\\\/www.uartes.edu.ec\\\/sitio\\\/fr\\\/\",\"logo\":{\"@type\":\"ImageObject\",\"inLanguage\":\"fr-FR\",\"@id\":\"https:\\\/\\\/www.uartes.edu.ec\\\/sitio\\\/fr\\\/#\\\/schema\\\/logo\\\/image\\\/\",\"url\":\"https:\\\/\\\/www.uartes.edu.ec\\\/sitio\\\/wp-content\\\/uploads\\\/2022\\\/07\\\/logo-ua-horizontal.png\",\"contentUrl\":\"https:\\\/\\\/www.uartes.edu.ec\\\/sitio\\\/wp-content\\\/uploads\\\/2022\\\/07\\\/logo-ua-horizontal.png\",\"width\":800,\"height\":276,\"caption\":\"Universidad de las Artes\"},\"image\":{\"@id\":\"https:\\\/\\\/www.uartes.edu.ec\\\/sitio\\\/fr\\\/#\\\/schema\\\/logo\\\/image\\\/\"},\"sameAs\":[\"https:\\\/\\\/www.facebook.com\\\/uartesec\",\"https:\\\/\\\/x.com\\\/uartesec\",\"https:\\\/\\\/www.tiktok.com\\\/@uartesec\"]},{\"@type\":\"Person\",\"@id\":\"https:\\\/\\\/www.uartes.edu.ec\\\/sitio\\\/fr\\\/#\\\/schema\\\/person\\\/efa1b8275797664fd7f13a79ccc0b1f4\",\"name\":\"ccortez\",\"image\":{\"@type\":\"ImageObject\",\"inLanguage\":\"fr-FR\",\"@id\":\"https:\\\/\\\/secure.gravatar.com\\\/avatar\\\/b2a6f664a3ae8e074346ef91775736c5ec479e637ecced6842de9dc98b5da9cd?s=96&d=mm&r=g\",\"url\":\"https:\\\/\\\/secure.gravatar.com\\\/avatar\\\/b2a6f664a3ae8e074346ef91775736c5ec479e637ecced6842de9dc98b5da9cd?s=96&d=mm&r=g\",\"contentUrl\":\"https:\\\/\\\/secure.gravatar.com\\\/avatar\\\/b2a6f664a3ae8e074346ef91775736c5ec479e637ecced6842de9dc98b5da9cd?s=96&d=mm&r=g\",\"caption\":\"ccortez\"},\"url\":\"https:\\\/\\\/www.uartes.edu.ec\\\/sitio\\\/fr\\\/blog\\\/author\\\/ccortez\\\/\"}]}<\/script>\n<!-- \/ Yoast SEO plugin. -->","yoast_head_json":{"title":"Universidad de las Artes - Una visita al Sal\u00f3n de la Mujer 2024 de los alumnos de Nivelaci\u00f3n; organiz\u00f3 la Secretar\u00eda de Bienestar Universitario","description":"Universidad de las Artes - Una visita al Sal\u00f3n de la Mujer 2024 de los alumnos de Nivelaci\u00f3n; organiz\u00f3 la Secretar\u00eda de Bienestar Universitario","robots":{"index":"index","follow":"follow","max-snippet":"max-snippet:-1","max-image-preview":"max-image-preview:large","max-video-preview":"max-video-preview:-1"},"canonical":"https:\/\/www.uartes.edu.ec\/sitio\/fr\/blog\/2024\/03\/11\/un-recorrido-por-el-salon-de-la-mujer-2024-de-la-ccng-organizo-daescu-e-invito-a-los-estudiantes-de-nivelacion\/","og_locale":"fr_FR","og_type":"article","og_title":"Universidad de las Artes - Una visita al Sal\u00f3n de la Mujer 2024 de los alumnos de Nivelaci\u00f3n; organiz\u00f3 la Secretar\u00eda de Bienestar Universitario","og_description":"Universidad de las Artes - Una visita al Sal\u00f3n de la Mujer 2024 de los alumnos de Nivelaci\u00f3n; organiz\u00f3 la Secretar\u00eda de Bienestar Universitario","og_url":"https:\/\/www.uartes.edu.ec\/sitio\/fr\/blog\/2024\/03\/11\/un-recorrido-por-el-salon-de-la-mujer-2024-de-la-ccng-organizo-daescu-e-invito-a-los-estudiantes-de-nivelacion\/","og_site_name":"Universidad de las Artes","article_publisher":"https:\/\/www.facebook.com\/uartesec","article_published_time":"2024-03-11T20:16:00+00:00","article_modified_time":"2024-07-04T16:19:17+00:00","og_image":[{"width":2000,"height":1333,"url":"https:\/\/www.uartes.edu.ec\/sitio\/wp-content\/uploads\/2024\/03\/05-SALON-DE-LA-MUJER.jpg","type":"image\/jpeg"}],"author":"ccortez","twitter_card":"summary_large_image","twitter_creator":"@uartesec","twitter_site":"@uartesec","twitter_misc":{"\u00c9crit par":"ccortez","Dur\u00e9e de lecture estim\u00e9e":"5 minutes"},"schema":{"@context":"https:\/\/schema.org","@graph":[{"@type":"Article","@id":"https:\/\/www.uartes.edu.ec\/sitio\/fr\/blog\/2024\/03\/11\/un-recorrido-por-el-salon-de-la-mujer-2024-de-la-ccng-organizo-daescu-e-invito-a-los-estudiantes-de-nivelacion\/#article","isPartOf":{"@id":"https:\/\/www.uartes.edu.ec\/sitio\/fr\/blog\/2024\/03\/11\/un-recorrido-por-el-salon-de-la-mujer-2024-de-la-ccng-organizo-daescu-e-invito-a-los-estudiantes-de-nivelacion\/"},"author":{"name":"ccortez","@id":"https:\/\/www.uartes.edu.ec\/sitio\/fr\/#\/schema\/person\/efa1b8275797664fd7f13a79ccc0b1f4"},"headline":"Una visita al Sal\u00f3n de la Mujer 2024 de los alumnos de Nivelaci\u00f3n; organiz\u00f3 la Secretar\u00eda de Bienestar Universitario","datePublished":"2024-03-11T20:16:00+00:00","dateModified":"2024-07-04T16:19:17+00:00","mainEntityOfPage":{"@id":"https:\/\/www.uartes.edu.ec\/sitio\/fr\/blog\/2024\/03\/11\/un-recorrido-por-el-salon-de-la-mujer-2024-de-la-ccng-organizo-daescu-e-invito-a-los-estudiantes-de-nivelacion\/"},"wordCount":1014,"commentCount":0,"publisher":{"@id":"https:\/\/www.uartes.edu.ec\/sitio\/fr\/#organization"},"image":{"@id":"https:\/\/www.uartes.edu.ec\/sitio\/fr\/blog\/2024\/03\/11\/un-recorrido-por-el-salon-de-la-mujer-2024-de-la-ccng-organizo-daescu-e-invito-a-los-estudiantes-de-nivelacion\/#primaryimage"},"thumbnailUrl":"https:\/\/www.uartes.edu.ec\/sitio\/wp-content\/uploads\/2024\/03\/05-SALON-DE-LA-MUJER.jpg","keywords":["certamen"],"articleSection":["Acad\u00e9mico","Artes","Artes Visuales","Docentes","Estudiantes","Gesti\u00f3n","Sedes"],"inLanguage":"fr-FR","potentialAction":[{"@type":"CommentAction","name":"Comment","target":["https:\/\/www.uartes.edu.ec\/sitio\/fr\/blog\/2024\/03\/11\/un-recorrido-por-el-salon-de-la-mujer-2024-de-la-ccng-organizo-daescu-e-invito-a-los-estudiantes-de-nivelacion\/#respond"]}]},{"@type":["WebPage","ItemPage"],"@id":"https:\/\/www.uartes.edu.ec\/sitio\/fr\/blog\/2024\/03\/11\/un-recorrido-por-el-salon-de-la-mujer-2024-de-la-ccng-organizo-daescu-e-invito-a-los-estudiantes-de-nivelacion\/","url":"https:\/\/www.uartes.edu.ec\/sitio\/fr\/blog\/2024\/03\/11\/un-recorrido-por-el-salon-de-la-mujer-2024-de-la-ccng-organizo-daescu-e-invito-a-los-estudiantes-de-nivelacion\/","name":"Universidad de las Artes - Una visita al Sal\u00f3n de la Mujer 2024 de los alumnos de Nivelaci\u00f3n; organiz\u00f3 la Secretar\u00eda de Bienestar Universitario","isPartOf":{"@id":"https:\/\/www.uartes.edu.ec\/sitio\/fr\/#website"},"primaryImageOfPage":{"@id":"https:\/\/www.uartes.edu.ec\/sitio\/fr\/blog\/2024\/03\/11\/un-recorrido-por-el-salon-de-la-mujer-2024-de-la-ccng-organizo-daescu-e-invito-a-los-estudiantes-de-nivelacion\/#primaryimage"},"image":{"@id":"https:\/\/www.uartes.edu.ec\/sitio\/fr\/blog\/2024\/03\/11\/un-recorrido-por-el-salon-de-la-mujer-2024-de-la-ccng-organizo-daescu-e-invito-a-los-estudiantes-de-nivelacion\/#primaryimage"},"thumbnailUrl":"https:\/\/www.uartes.edu.ec\/sitio\/wp-content\/uploads\/2024\/03\/05-SALON-DE-LA-MUJER.jpg","datePublished":"2024-03-11T20:16:00+00:00","dateModified":"2024-07-04T16:19:17+00:00","description":"Universidad de las Artes - Una visita al Sal\u00f3n de la Mujer 2024 de los alumnos de Nivelaci\u00f3n; organiz\u00f3 la Secretar\u00eda de Bienestar Universitario","breadcrumb":{"@id":"https:\/\/www.uartes.edu.ec\/sitio\/fr\/blog\/2024\/03\/11\/un-recorrido-por-el-salon-de-la-mujer-2024-de-la-ccng-organizo-daescu-e-invito-a-los-estudiantes-de-nivelacion\/#breadcrumb"},"inLanguage":"fr-FR","potentialAction":[{"@type":"ReadAction","target":["https:\/\/www.uartes.edu.ec\/sitio\/fr\/blog\/2024\/03\/11\/un-recorrido-por-el-salon-de-la-mujer-2024-de-la-ccng-organizo-daescu-e-invito-a-los-estudiantes-de-nivelacion\/"]}]},{"@type":"ImageObject","inLanguage":"fr-FR","@id":"https:\/\/www.uartes.edu.ec\/sitio\/fr\/blog\/2024\/03\/11\/un-recorrido-por-el-salon-de-la-mujer-2024-de-la-ccng-organizo-daescu-e-invito-a-los-estudiantes-de-nivelacion\/#primaryimage","url":"https:\/\/www.uartes.edu.ec\/sitio\/wp-content\/uploads\/2024\/03\/05-SALON-DE-LA-MUJER.jpg","contentUrl":"https:\/\/www.uartes.edu.ec\/sitio\/wp-content\/uploads\/2024\/03\/05-SALON-DE-LA-MUJER.jpg","width":2000,"height":1333},{"@type":"BreadcrumbList","@id":"https:\/\/www.uartes.edu.ec\/sitio\/fr\/blog\/2024\/03\/11\/un-recorrido-por-el-salon-de-la-mujer-2024-de-la-ccng-organizo-daescu-e-invito-a-los-estudiantes-de-nivelacion\/#breadcrumb","itemListElement":[{"@type":"ListItem","position":1,"name":"Inicio","item":"https:\/\/www.uartes.edu.ec\/sitio\/"},{"@type":"ListItem","position":2,"name":"Una visita al Sal\u00f3n de la Mujer 2024 de los alumnos de Nivelaci\u00f3n; organiz\u00f3 la Secretar\u00eda de Bienestar Universitario"}]},{"@type":"WebSite","@id":"https:\/\/www.uartes.edu.ec\/sitio\/fr\/#website","url":"https:\/\/www.uartes.edu.ec\/sitio\/fr\/","name":"Universidad de las Artes","description":"Sitio oficial de la Universidad Nacional de las Artes del Ecuador","publisher":{"@id":"https:\/\/www.uartes.edu.ec\/sitio\/fr\/#organization"},"potentialAction":[{"@type":"SearchAction","target":{"@type":"EntryPoint","urlTemplate":"https:\/\/www.uartes.edu.ec\/sitio\/fr\/?s={search_term_string}"},"query-input":{"@type":"PropertyValueSpecification","valueRequired":true,"valueName":"search_term_string"}}],"inLanguage":"fr-FR"},{"@type":"Organization","@id":"https:\/\/www.uartes.edu.ec\/sitio\/fr\/#organization","name":"Universidad de las Artes","url":"https:\/\/www.uartes.edu.ec\/sitio\/fr\/","logo":{"@type":"ImageObject","inLanguage":"fr-FR","@id":"https:\/\/www.uartes.edu.ec\/sitio\/fr\/#\/schema\/logo\/image\/","url":"https:\/\/www.uartes.edu.ec\/sitio\/wp-content\/uploads\/2022\/07\/logo-ua-horizontal.png","contentUrl":"https:\/\/www.uartes.edu.ec\/sitio\/wp-content\/uploads\/2022\/07\/logo-ua-horizontal.png","width":800,"height":276,"caption":"Universidad de las Artes"},"image":{"@id":"https:\/\/www.uartes.edu.ec\/sitio\/fr\/#\/schema\/logo\/image\/"},"sameAs":["https:\/\/www.facebook.com\/uartesec","https:\/\/x.com\/uartesec","https:\/\/www.tiktok.com\/@uartesec"]},{"@type":"Person","@id":"https:\/\/www.uartes.edu.ec\/sitio\/fr\/#\/schema\/person\/efa1b8275797664fd7f13a79ccc0b1f4","name":"ccortez","image":{"@type":"ImageObject","inLanguage":"fr-FR","@id":"https:\/\/secure.gravatar.com\/avatar\/b2a6f664a3ae8e074346ef91775736c5ec479e637ecced6842de9dc98b5da9cd?s=96&d=mm&r=g","url":"https:\/\/secure.gravatar.com\/avatar\/b2a6f664a3ae8e074346ef91775736c5ec479e637ecced6842de9dc98b5da9cd?s=96&d=mm&r=g","contentUrl":"https:\/\/secure.gravatar.com\/avatar\/b2a6f664a3ae8e074346ef91775736c5ec479e637ecced6842de9dc98b5da9cd?s=96&d=mm&r=g","caption":"ccortez"},"url":"https:\/\/www.uartes.edu.ec\/sitio\/fr\/blog\/author\/ccortez\/"}]}},"uagb_featured_image_src":{"full":["https:\/\/www.uartes.edu.ec\/sitio\/wp-content\/uploads\/2024\/03\/05-SALON-DE-LA-MUJER.jpg",2000,1333,false],"thumbnail":["https:\/\/www.uartes.edu.ec\/sitio\/wp-content\/uploads\/2024\/03\/05-SALON-DE-LA-MUJER-150x150.jpg",150,150,true],"medium":["https:\/\/www.uartes.edu.ec\/sitio\/wp-content\/uploads\/2024\/03\/05-SALON-DE-LA-MUJER-300x200.jpg",300,200,true],"medium_large":["https:\/\/www.uartes.edu.ec\/sitio\/wp-content\/uploads\/2024\/03\/05-SALON-DE-LA-MUJER-768x512.jpg",768,512,true],"large":["https:\/\/www.uartes.edu.ec\/sitio\/wp-content\/uploads\/2024\/03\/05-SALON-DE-LA-MUJER-644x429.jpg",644,429,true],"1536x1536":["https:\/\/www.uartes.edu.ec\/sitio\/wp-content\/uploads\/2024\/03\/05-SALON-DE-LA-MUJER-1536x1024.jpg",1536,1024,true],"2048x2048":["https:\/\/www.uartes.edu.ec\/sitio\/wp-content\/uploads\/2024\/03\/05-SALON-DE-LA-MUJER.jpg",2000,1333,false],"trp-custom-language-flag":["https:\/\/www.uartes.edu.ec\/sitio\/wp-content\/uploads\/2024\/03\/05-SALON-DE-LA-MUJER.jpg",18,12,false],"htmega_size_585x295":["https:\/\/www.uartes.edu.ec\/sitio\/wp-content\/uploads\/2024\/03\/05-SALON-DE-LA-MUJER-585x295.jpg",585,295,true],"htmega_size_1170x536":["https:\/\/www.uartes.edu.ec\/sitio\/wp-content\/uploads\/2024\/03\/05-SALON-DE-LA-MUJER-1170x536.jpg",1170,536,true],"htmega_size_396x360":["https:\/\/www.uartes.edu.ec\/sitio\/wp-content\/uploads\/2024\/03\/05-SALON-DE-LA-MUJER-396x360.jpg",396,360,true],"gb-block-post-grid-landscape":["https:\/\/www.uartes.edu.ec\/sitio\/wp-content\/uploads\/2024\/03\/05-SALON-DE-LA-MUJER-600x400.jpg",600,400,true],"gb-block-post-grid-square":["https:\/\/www.uartes.edu.ec\/sitio\/wp-content\/uploads\/2024\/03\/05-SALON-DE-LA-MUJER-600x600.jpg",600,600,true],"university-hub-thumb":["https:\/\/www.uartes.edu.ec\/sitio\/wp-content\/uploads\/2024\/03\/05-SALON-DE-LA-MUJER-400x267.jpg",400,267,true],"mailpoet_newsletter_max":["https:\/\/www.uartes.edu.ec\/sitio\/wp-content\/uploads\/2024\/03\/05-SALON-DE-LA-MUJER.jpg",1320,880,false]},"uagb_author_info":{"display_name":"ccortez","author_link":"https:\/\/www.uartes.edu.ec\/sitio\/fr\/blog\/author\/ccortez\/"},"uagb_comment_info":0,"uagb_excerpt":"Por el D\u00eda Internacional de la Mujer, la Secretar\u00eda de Bienestar Universitario de la UArtes invit\u00f3 a los estudiantes de Nivelaci\u00f3n a recorrer el Sal\u00f3n de la Mujer 2024 de la Casa de la Cultura N\u00facleo de Guayas (CCNG), que preside la doctora Martha Rizzo. Este a\u00f1o la cita lleg\u00f3 a la edici\u00f3n n\u00famero 25\u2026","featured_image_src":"https:\/\/www.uartes.edu.ec\/sitio\/wp-content\/uploads\/2024\/03\/05-SALON-DE-LA-MUJER-600x400.jpg","featured_image_src_square":"https:\/\/www.uartes.edu.ec\/sitio\/wp-content\/uploads\/2024\/03\/05-SALON-DE-LA-MUJER-600x600.jpg","author_info":{"display_name":"ccortez","author_link":"https:\/\/www.uartes.edu.ec\/sitio\/fr\/blog\/author\/ccortez\/"},"publishpress_future_workflow_manual_trigger":{"enabledWorkflows":[]},"distributor_meta":false,"distributor_terms":false,"distributor_media":false,"distributor_original_site_name":"Universidad de las Artes","distributor_original_site_url":"https:\/\/www.uartes.edu.ec\/sitio\/fr","push-errors":false,"_links":{"self":[{"href":"https:\/\/www.uartes.edu.ec\/sitio\/fr\/wp-json\/wp\/v2\/posts\/51516","targetHints":{"allow":["GET"]}}],"collection":[{"href":"https:\/\/www.uartes.edu.ec\/sitio\/fr\/wp-json\/wp\/v2\/posts"}],"about":[{"href":"https:\/\/www.uartes.edu.ec\/sitio\/fr\/wp-json\/wp\/v2\/types\/post"}],"author":[{"embeddable":true,"href":"https:\/\/www.uartes.edu.ec\/sitio\/fr\/wp-json\/wp\/v2\/users\/10"}],"replies":[{"embeddable":true,"href":"https:\/\/www.uartes.edu.ec\/sitio\/fr\/wp-json\/wp\/v2\/comments?post=51516"}],"version-history":[{"count":16,"href":"https:\/\/www.uartes.edu.ec\/sitio\/fr\/wp-json\/wp\/v2\/posts\/51516\/revisions"}],"predecessor-version":[{"id":52421,"href":"https:\/\/www.uartes.edu.ec\/sitio\/fr\/wp-json\/wp\/v2\/posts\/51516\/revisions\/52421"}],"wp:featuredmedia":[{"embeddable":true,"href":"https:\/\/www.uartes.edu.ec\/sitio\/fr\/wp-json\/wp\/v2\/media\/51517"}],"wp:attachment":[{"href":"https:\/\/www.uartes.edu.ec\/sitio\/fr\/wp-json\/wp\/v2\/media?parent=51516"}],"wp:term":[{"taxonomy":"category","embeddable":true,"href":"https:\/\/www.uartes.edu.ec\/sitio\/fr\/wp-json\/wp\/v2\/categories?post=51516"},{"taxonomy":"post_tag","embeddable":true,"href":"https:\/\/www.uartes.edu.ec\/sitio\/fr\/wp-json\/wp\/v2\/tags?post=51516"},{"taxonomy":"infouartes","embeddable":true,"href":"https:\/\/www.uartes.edu.ec\/sitio\/fr\/wp-json\/wp\/v2\/infouartes?post=51516"}],"curies":[{"name":"wp","href":"https:\/\/api.w.org\/{rel}","templated":true}]}}