{"id":51804,"date":"2022-12-19T16:23:00","date_gmt":"2022-12-19T21:23:00","guid":{"rendered":"https:\/\/www.uartes.edu.ec\/sitio\/?p=51804"},"modified":"2024-07-04T11:22:18","modified_gmt":"2024-07-04T16:22:18","slug":"tres-asistentes-curatoriales-en-el-levantamiento-de-muestra-que-rememora-100-anos-de-pintura-en-el-puerto","status":"publish","type":"post","link":"https:\/\/www.uartes.edu.ec\/sitio\/fr\/blog\/2022\/12\/19\/tres-asistentes-curatoriales-en-el-levantamiento-de-muestra-que-rememora-100-anos-de-pintura-en-el-puerto\/","title":{"rendered":"Estudiantes UArtes en la asistencia curatorial de muestra que rememora los 100 a\u00f1os de pintura en el Puerto"},"content":{"rendered":"<p>En el proceso de desarrollo de la exposici\u00f3n \u201cEscuela de Pintura de Guayaquil: 10 A\u00f1os en el puerto\u201d, que se inaugur\u00f3 el pasado jueves 15 de diciembre en el Museo Municipal de Guayaquil y en viernes 16 en las salas de la Casa de la Cultura N\u00facleo del Guayas y el MAAC, Adriana Garc\u00eda-Arias, Paula I\u00f1iguez Carrera y Madeline G\u00f3mez desempe\u00f1aron el rol de asistentes curatoriales y de producci\u00f3n.&nbsp;&nbsp;<\/p>\n\n\n\n<p>La investigaci\u00f3n y el levantamiento de esta muestra no solo han sido un ejercicio de meticulosidad t\u00e9cnica, sino tambi\u00e9n un viaje a trav\u00e9s de las diferentes \u00e9pocas y estilos que han definido el arte del siglo pasado dentro del puerto. Los testimonios de este equipo de estudiantes del itinerario de curadur\u00eda de la Universidad de las Artes ofrecen otra visi\u00f3n de este proceso:&nbsp;<\/p>\n\n\n\n<p>Paula I\u00f1iguez, asistente curatorial que trabaj\u00f3 en la sede MAAC, destaca entre sus experiencias relevantes, en su papel estudiantil y en su desarrollo profesional, el acceso a las reservas de las diversas sedes: MAAC, Casa de la Cultura y Museo Municipal de Guayaquil. I\u00f1iguez comenta que: \u201cesta oportunidad enriqueci\u00f3 significativamente mi comprensi\u00f3n de la historia sirviendo como complemento integral a mis estudios previos. El poder encontrarme directamente con el trabajo de numerosos artistas y autores, cuyas obras hab\u00edamos examinado previamente en libros, pero no hab\u00edamos tenido la posibilidad de analizar, visualizar y comprender f\u00edsicamente, fue esencial\u201d.&nbsp;<\/p>\n\n\n<div class=\"wp-block-image\">\n<figure class=\"aligncenter size-large\"><img fetchpriority=\"high\" decoding=\"async\" width=\"644\" height=\"429\" src=\"https:\/\/www.uartes.edu.ec\/sitio\/wp-content\/uploads\/2022\/12\/WEB-ESCUELA-DE-PINTURA-4-644x429.jpg\" alt=\"\" class=\"wp-image-34395\" srcset=\"https:\/\/www.uartes.edu.ec\/sitio\/wp-content\/uploads\/2022\/12\/WEB-ESCUELA-DE-PINTURA-4-644x429.jpg 644w, https:\/\/www.uartes.edu.ec\/sitio\/wp-content\/uploads\/2022\/12\/WEB-ESCUELA-DE-PINTURA-4-768x511.jpg 768w, https:\/\/www.uartes.edu.ec\/sitio\/wp-content\/uploads\/2022\/12\/WEB-ESCUELA-DE-PINTURA-4.jpg 2000w, https:\/\/www.uartes.edu.ec\/sitio\/wp-content\/uploads\/2022\/12\/WEB-ESCUELA-DE-PINTURA-4-600x399.jpg 600w, https:\/\/www.uartes.edu.ec\/sitio\/wp-content\/uploads\/2022\/12\/WEB-ESCUELA-DE-PINTURA-4-272x182.jpg 272w\" sizes=\"(max-width: 644px) 100vw, 644px\" \/><\/figure>\n<\/div>\n\n\n<p>Adriana Garc\u00eda-Arias, asistente curatorial que trabaj\u00f3 en la sede Museo Municipal de Guayaquil, comparti\u00f3 que su experiencia en el proyecto tuvo distintas fases, y al igual que en toda experiencia profesional, cada fase present\u00f3 su nivel de dificultad, \u201cdonde progresivamente nuestros conocimientos se ampliaban, tanto en negociaciones curatoriales como de producci\u00f3n\u201d.&nbsp;&nbsp;<\/p>\n\n\n\n<h3 class=\"wp-block-heading\">Investigaci\u00f3n y trabajo colaborativo<\/h3>\n\n\n\n<p>Los primeros encuentros fueron para conocer a profesores fuera del aula, adoptando junto a ellos un rol de investigadores en un trabajo colaborativo, algo novedoso para el equipo y que las condujo a \u00e1reas, reservas de arte y trayectorias por explorar. Garc\u00eda-Arias reflexiona que, desde entonces, reconocieron la oportunidad que el proyecto supon\u00eda para comprender los procesos desde la perspectiva de artista y curador, trabajando en la sala de exposici\u00f3n, y bajo la direcci\u00f3n de Ruth Cruz, aprender los procesos necesarios para materializar un proyecto curatorial. Creo que estas tres perspectivas que tuvimos enriquecieron nuestro rol y ahora nuestro conocimiento como estudiantes de curadur\u00eda espacial\u201d.<\/p>\n\n\n\n<p>Durante su trabajo in situ en el montaje de la sede Museo Municipal de Guayaquil, destaca el poder trabajar en conjunto con Saidel Brito, Jorge Velarde y Lupe \u00c1lvarez, en especial por su trayectoria curatorial.&nbsp;&nbsp;&nbsp;<\/p>\n\n\n\n<p>Madeline G\u00f3mez reflexion\u00f3 sobre la investigaci\u00f3n en artes y proyectos como la Escuela de Pintura de Guayaquil, aportan el contexto necesario para evaluar las condiciones del patrimonio hist\u00f3rico, su tratamiento y su resguardo meticuloso, incluyendo la participaci\u00f3n crucial de la restauraci\u00f3n en el proceso de conservaci\u00f3n.&nbsp;<\/p>\n\n\n\n<p>Junto con sus colegas y docentes, Madeline pudo cultivar un mayor inter\u00e9s en la investigaci\u00f3n del arte local y nacional, explorando las conexiones entre Guayaquil y los artistas modernos y contempor\u00e1neos. Este camino de investigaci\u00f3n apunta a convertirse en una ruta ambiciosa y extensa, de la que Madeline aspira a ser investigadora y aprendiz constante.&nbsp;<\/p>\n\n\n\n<p>Asimismo, su experiencia como asistente de producci\u00f3n bajo la tutela de Ruth Cruz le proporcion\u00f3 una comprensi\u00f3n de primera mano de las necesidades y requisitos de las tres sedes muse\u00edsticas.&nbsp;&nbsp;<\/p>\n\n\n\n<h3 class=\"wp-block-heading\">Direcci\u00f3n de producci\u00f3n<\/h3>\n\n\n\n<p>Como direcci\u00f3n de producci\u00f3n, Ruth Cruz Mendoza relata:&nbsp;\u201cLa producci\u00f3n de EPG, supuso para m\u00ed el desaf\u00edo m\u00e1s ambicioso de mi carrera como productora. La invitaci\u00f3n por parte de la EAV de la Universidad de las Artes y el acompa\u00f1amiento de un equipo de estudiantes comprometidos, fueron para m\u00ed el pilar y el impulso para asumir este reto\u201d.&nbsp;&nbsp;&nbsp;<\/p>\n\n\n\n<p>Junto al grupo de estudiantes encabezado por las asistentes de curadur\u00eda, realizamos la producci\u00f3n de los materiales gr\u00e1ficos para redes y los textos de sala; t\u00edtulo, texto curatorial, agradecimientos, c\u00e9dulas, microtextos, invitaciones y dem\u00e1s materiales de dise\u00f1o, varios procesos se llevaban simult\u00e1neamente.&nbsp;<\/p>\n\n\n\n<p>Seguramente hay much\u00edsima informaci\u00f3n y detalles que se escapan a mi fr\u00e1gil memoria, pero deseo cerrar esta nota resaltando que pensar en EPG es emoci\u00f3n, adrenalina, v\u00e9rtigo y gran deseo de promover el arte; atravesando varias \u00e9pocas en di\u00e1logos afectivos y formales sin pretender asumir que se han reunido las obras m\u00e1s importantes de todos los tiempos, pero s\u00ed quiz\u00e1s la exposici\u00f3n de pintura m\u00e1s importante hasta ahora realizada en Guayaquil\u201d.<\/p>\n\n\n\n<p>El trabajo colaborativo entre todos los involucrados propici\u00f3 la gestaci\u00f3n de una de las exposiciones m\u00e1s relevantes de la \u00faltima d\u00e9cada en el panorama art\u00edstico de la ciudad.&nbsp; La muestra promete ser una celebraci\u00f3n de la riqueza y diversidad del arte a lo largo del \u00faltimo siglo. Desde los movimientos vanguardistas hasta las expresiones m\u00e1s contempor\u00e1neas, cada obra seleccionada cuenta una historia \u00fanica y contribuye al tapiz cultural que define nuestra era.&nbsp;<\/p>","protected":false},"excerpt":{"rendered":"<p>En el proceso de desarrollo de la exposici\u00f3n \u201cEscuela de Pintura de Guayaquil: 10 a\u00f1os en el Puerto\u201d, que se inaugur\u00f3 el pasado jueves 15 de diciembre de 2022 en el Museo Municipal de Guayaquil y el viernes 16 en las salas de la Casa de la Cultura N\u00facleo del Guayas y el MAAC, Adriana Garc\u00eda-Arias, Paula I\u00f1iguez Carrera y Madeline G\u00f3mez desempe\u00f1aron el rol de asistentes curatoriales y de producci\u00f3n. <\/p>","protected":false},"author":10,"featured_media":51805,"comment_status":"open","ping_status":"open","sticky":false,"template":"","format":"standard","meta":{"_acf_changed":false,"_uag_custom_page_level_css":"","_monsterinsights_skip_tracking":false,"_monsterinsights_sitenote_active":false,"_monsterinsights_sitenote_note":"","_monsterinsights_sitenote_category":0,"cybocfi_hide_featured_image":"","footnotes":""},"categories":[80,82,75,76,77,83],"tags":[1179],"infouartes":[],"class_list":["post-51804","post","type-post","status-publish","format-standard","has-post-thumbnail","hentry","category-academico","category-artes","category-docentes","category-estudiantes","category-gestion","category-sedes","tag-practicas"],"acf":[],"yoast_head":"<!-- This site is optimized with the Yoast SEO plugin v27.4 - https:\/\/yoast.com\/product\/yoast-seo-wordpress\/ -->\n<title>Universidad de las Artes - Estudiantes UArtes en la asistencia curatorial de muestra que rememora los 100 a\u00f1os de pintura en el Puerto<\/title>\n<meta name=\"description\" content=\"Universidad de las Artes - Estudiantes UArtes en la asistencia curatorial de muestra que rememora los 100 a\u00f1os de pintura en el Puerto\" \/>\n<meta name=\"robots\" content=\"index, follow, max-snippet:-1, max-image-preview:large, max-video-preview:-1\" \/>\n<link rel=\"canonical\" href=\"https:\/\/www.uartes.edu.ec\/sitio\/fr\/blog\/2022\/12\/19\/tres-asistentes-curatoriales-en-el-levantamiento-de-muestra-que-rememora-100-anos-de-pintura-en-el-puerto\/\" \/>\n<meta property=\"og:locale\" content=\"fr_FR\" \/>\n<meta property=\"og:type\" content=\"article\" \/>\n<meta property=\"og:title\" content=\"Universidad de las Artes - Estudiantes UArtes en la asistencia curatorial de muestra que rememora los 100 a\u00f1os de pintura en el Puerto\" \/>\n<meta property=\"og:description\" content=\"Universidad de las Artes - Estudiantes UArtes en la asistencia curatorial de muestra que rememora los 100 a\u00f1os de pintura en el Puerto\" \/>\n<meta property=\"og:url\" content=\"https:\/\/www.uartes.edu.ec\/sitio\/fr\/blog\/2022\/12\/19\/tres-asistentes-curatoriales-en-el-levantamiento-de-muestra-que-rememora-100-anos-de-pintura-en-el-puerto\/\" \/>\n<meta property=\"og:site_name\" content=\"Universidad de las Artes\" \/>\n<meta property=\"article:publisher\" content=\"https:\/\/www.facebook.com\/uartesec\" \/>\n<meta property=\"article:published_time\" content=\"2022-12-19T21:23:00+00:00\" \/>\n<meta property=\"article:modified_time\" content=\"2024-07-04T16:22:18+00:00\" \/>\n<meta property=\"og:image\" content=\"https:\/\/www.uartes.edu.ec\/sitio\/wp-content\/uploads\/2024\/03\/RUTH-ALUMNUS.jpg\" \/>\n\t<meta property=\"og:image:width\" content=\"2000\" \/>\n\t<meta property=\"og:image:height\" content=\"1333\" \/>\n\t<meta property=\"og:image:type\" content=\"image\/jpeg\" \/>\n<meta name=\"author\" content=\"ccortez\" \/>\n<meta name=\"twitter:card\" content=\"summary_large_image\" \/>\n<meta name=\"twitter:creator\" content=\"@uartesec\" \/>\n<meta name=\"twitter:site\" content=\"@uartesec\" \/>\n<meta name=\"twitter:label1\" content=\"\u00c9crit par\" \/>\n\t<meta name=\"twitter:data1\" content=\"ccortez\" \/>\n\t<meta name=\"twitter:label2\" content=\"Dur\u00e9e de lecture estim\u00e9e\" \/>\n\t<meta name=\"twitter:data2\" content=\"5 minutes\" \/>\n<script type=\"application\/ld+json\" class=\"yoast-schema-graph\">{\"@context\":\"https:\\\/\\\/schema.org\",\"@graph\":[{\"@type\":\"Article\",\"@id\":\"https:\\\/\\\/www.uartes.edu.ec\\\/sitio\\\/fr\\\/blog\\\/2022\\\/12\\\/19\\\/tres-asistentes-curatoriales-en-el-levantamiento-de-muestra-que-rememora-100-anos-de-pintura-en-el-puerto\\\/#article\",\"isPartOf\":{\"@id\":\"https:\\\/\\\/www.uartes.edu.ec\\\/sitio\\\/fr\\\/blog\\\/2022\\\/12\\\/19\\\/tres-asistentes-curatoriales-en-el-levantamiento-de-muestra-que-rememora-100-anos-de-pintura-en-el-puerto\\\/\"},\"author\":{\"name\":\"ccortez\",\"@id\":\"https:\\\/\\\/www.uartes.edu.ec\\\/sitio\\\/fr\\\/#\\\/schema\\\/person\\\/efa1b8275797664fd7f13a79ccc0b1f4\"},\"headline\":\"Estudiantes UArtes en la asistencia curatorial de muestra que rememora los 100 a\u00f1os de pintura en el Puerto\",\"datePublished\":\"2022-12-19T21:23:00+00:00\",\"dateModified\":\"2024-07-04T16:22:18+00:00\",\"mainEntityOfPage\":{\"@id\":\"https:\\\/\\\/www.uartes.edu.ec\\\/sitio\\\/fr\\\/blog\\\/2022\\\/12\\\/19\\\/tres-asistentes-curatoriales-en-el-levantamiento-de-muestra-que-rememora-100-anos-de-pintura-en-el-puerto\\\/\"},\"wordCount\":910,\"commentCount\":0,\"publisher\":{\"@id\":\"https:\\\/\\\/www.uartes.edu.ec\\\/sitio\\\/fr\\\/#organization\"},\"image\":{\"@id\":\"https:\\\/\\\/www.uartes.edu.ec\\\/sitio\\\/fr\\\/blog\\\/2022\\\/12\\\/19\\\/tres-asistentes-curatoriales-en-el-levantamiento-de-muestra-que-rememora-100-anos-de-pintura-en-el-puerto\\\/#primaryimage\"},\"thumbnailUrl\":\"https:\\\/\\\/www.uartes.edu.ec\\\/sitio\\\/wp-content\\\/uploads\\\/2024\\\/03\\\/RUTH-ALUMNUS.jpg\",\"keywords\":[\"pr\u00e1cticas\"],\"articleSection\":[\"Acad\u00e9mico\",\"Artes\",\"Docentes\",\"Estudiantes\",\"Gesti\u00f3n\",\"Sedes\"],\"inLanguage\":\"fr-FR\",\"potentialAction\":[{\"@type\":\"CommentAction\",\"name\":\"Comment\",\"target\":[\"https:\\\/\\\/www.uartes.edu.ec\\\/sitio\\\/fr\\\/blog\\\/2022\\\/12\\\/19\\\/tres-asistentes-curatoriales-en-el-levantamiento-de-muestra-que-rememora-100-anos-de-pintura-en-el-puerto\\\/#respond\"]}]},{\"@type\":[\"WebPage\",\"ItemPage\"],\"@id\":\"https:\\\/\\\/www.uartes.edu.ec\\\/sitio\\\/fr\\\/blog\\\/2022\\\/12\\\/19\\\/tres-asistentes-curatoriales-en-el-levantamiento-de-muestra-que-rememora-100-anos-de-pintura-en-el-puerto\\\/\",\"url\":\"https:\\\/\\\/www.uartes.edu.ec\\\/sitio\\\/fr\\\/blog\\\/2022\\\/12\\\/19\\\/tres-asistentes-curatoriales-en-el-levantamiento-de-muestra-que-rememora-100-anos-de-pintura-en-el-puerto\\\/\",\"name\":\"Universidad de las Artes - Estudiantes UArtes en la asistencia curatorial de muestra que rememora los 100 a\u00f1os de pintura en el Puerto\",\"isPartOf\":{\"@id\":\"https:\\\/\\\/www.uartes.edu.ec\\\/sitio\\\/fr\\\/#website\"},\"primaryImageOfPage\":{\"@id\":\"https:\\\/\\\/www.uartes.edu.ec\\\/sitio\\\/fr\\\/blog\\\/2022\\\/12\\\/19\\\/tres-asistentes-curatoriales-en-el-levantamiento-de-muestra-que-rememora-100-anos-de-pintura-en-el-puerto\\\/#primaryimage\"},\"image\":{\"@id\":\"https:\\\/\\\/www.uartes.edu.ec\\\/sitio\\\/fr\\\/blog\\\/2022\\\/12\\\/19\\\/tres-asistentes-curatoriales-en-el-levantamiento-de-muestra-que-rememora-100-anos-de-pintura-en-el-puerto\\\/#primaryimage\"},\"thumbnailUrl\":\"https:\\\/\\\/www.uartes.edu.ec\\\/sitio\\\/wp-content\\\/uploads\\\/2024\\\/03\\\/RUTH-ALUMNUS.jpg\",\"datePublished\":\"2022-12-19T21:23:00+00:00\",\"dateModified\":\"2024-07-04T16:22:18+00:00\",\"description\":\"Universidad de las Artes - Estudiantes UArtes en la asistencia curatorial de muestra que rememora los 100 a\u00f1os de pintura en el Puerto\",\"breadcrumb\":{\"@id\":\"https:\\\/\\\/www.uartes.edu.ec\\\/sitio\\\/fr\\\/blog\\\/2022\\\/12\\\/19\\\/tres-asistentes-curatoriales-en-el-levantamiento-de-muestra-que-rememora-100-anos-de-pintura-en-el-puerto\\\/#breadcrumb\"},\"inLanguage\":\"fr-FR\",\"potentialAction\":[{\"@type\":\"ReadAction\",\"target\":[\"https:\\\/\\\/www.uartes.edu.ec\\\/sitio\\\/fr\\\/blog\\\/2022\\\/12\\\/19\\\/tres-asistentes-curatoriales-en-el-levantamiento-de-muestra-que-rememora-100-anos-de-pintura-en-el-puerto\\\/\"]}]},{\"@type\":\"ImageObject\",\"inLanguage\":\"fr-FR\",\"@id\":\"https:\\\/\\\/www.uartes.edu.ec\\\/sitio\\\/fr\\\/blog\\\/2022\\\/12\\\/19\\\/tres-asistentes-curatoriales-en-el-levantamiento-de-muestra-que-rememora-100-anos-de-pintura-en-el-puerto\\\/#primaryimage\",\"url\":\"https:\\\/\\\/www.uartes.edu.ec\\\/sitio\\\/wp-content\\\/uploads\\\/2024\\\/03\\\/RUTH-ALUMNUS.jpg\",\"contentUrl\":\"https:\\\/\\\/www.uartes.edu.ec\\\/sitio\\\/wp-content\\\/uploads\\\/2024\\\/03\\\/RUTH-ALUMNUS.jpg\",\"width\":2000,\"height\":1333},{\"@type\":\"BreadcrumbList\",\"@id\":\"https:\\\/\\\/www.uartes.edu.ec\\\/sitio\\\/fr\\\/blog\\\/2022\\\/12\\\/19\\\/tres-asistentes-curatoriales-en-el-levantamiento-de-muestra-que-rememora-100-anos-de-pintura-en-el-puerto\\\/#breadcrumb\",\"itemListElement\":[{\"@type\":\"ListItem\",\"position\":1,\"name\":\"Inicio\",\"item\":\"https:\\\/\\\/www.uartes.edu.ec\\\/sitio\\\/\"},{\"@type\":\"ListItem\",\"position\":2,\"name\":\"Estudiantes UArtes en la asistencia curatorial de muestra que rememora los 100 a\u00f1os de pintura en el Puerto\"}]},{\"@type\":\"WebSite\",\"@id\":\"https:\\\/\\\/www.uartes.edu.ec\\\/sitio\\\/fr\\\/#website\",\"url\":\"https:\\\/\\\/www.uartes.edu.ec\\\/sitio\\\/fr\\\/\",\"name\":\"Universidad de las Artes\",\"description\":\"Sitio oficial de la Universidad Nacional de las Artes del Ecuador\",\"publisher\":{\"@id\":\"https:\\\/\\\/www.uartes.edu.ec\\\/sitio\\\/fr\\\/#organization\"},\"potentialAction\":[{\"@type\":\"SearchAction\",\"target\":{\"@type\":\"EntryPoint\",\"urlTemplate\":\"https:\\\/\\\/www.uartes.edu.ec\\\/sitio\\\/fr\\\/?s={search_term_string}\"},\"query-input\":{\"@type\":\"PropertyValueSpecification\",\"valueRequired\":true,\"valueName\":\"search_term_string\"}}],\"inLanguage\":\"fr-FR\"},{\"@type\":\"Organization\",\"@id\":\"https:\\\/\\\/www.uartes.edu.ec\\\/sitio\\\/fr\\\/#organization\",\"name\":\"Universidad de las Artes\",\"url\":\"https:\\\/\\\/www.uartes.edu.ec\\\/sitio\\\/fr\\\/\",\"logo\":{\"@type\":\"ImageObject\",\"inLanguage\":\"fr-FR\",\"@id\":\"https:\\\/\\\/www.uartes.edu.ec\\\/sitio\\\/fr\\\/#\\\/schema\\\/logo\\\/image\\\/\",\"url\":\"https:\\\/\\\/www.uartes.edu.ec\\\/sitio\\\/wp-content\\\/uploads\\\/2022\\\/07\\\/logo-ua-horizontal.png\",\"contentUrl\":\"https:\\\/\\\/www.uartes.edu.ec\\\/sitio\\\/wp-content\\\/uploads\\\/2022\\\/07\\\/logo-ua-horizontal.png\",\"width\":800,\"height\":276,\"caption\":\"Universidad de las Artes\"},\"image\":{\"@id\":\"https:\\\/\\\/www.uartes.edu.ec\\\/sitio\\\/fr\\\/#\\\/schema\\\/logo\\\/image\\\/\"},\"sameAs\":[\"https:\\\/\\\/www.facebook.com\\\/uartesec\",\"https:\\\/\\\/x.com\\\/uartesec\",\"https:\\\/\\\/www.tiktok.com\\\/@uartesec\"]},{\"@type\":\"Person\",\"@id\":\"https:\\\/\\\/www.uartes.edu.ec\\\/sitio\\\/fr\\\/#\\\/schema\\\/person\\\/efa1b8275797664fd7f13a79ccc0b1f4\",\"name\":\"ccortez\",\"image\":{\"@type\":\"ImageObject\",\"inLanguage\":\"fr-FR\",\"@id\":\"https:\\\/\\\/secure.gravatar.com\\\/avatar\\\/b2a6f664a3ae8e074346ef91775736c5ec479e637ecced6842de9dc98b5da9cd?s=96&d=mm&r=g\",\"url\":\"https:\\\/\\\/secure.gravatar.com\\\/avatar\\\/b2a6f664a3ae8e074346ef91775736c5ec479e637ecced6842de9dc98b5da9cd?s=96&d=mm&r=g\",\"contentUrl\":\"https:\\\/\\\/secure.gravatar.com\\\/avatar\\\/b2a6f664a3ae8e074346ef91775736c5ec479e637ecced6842de9dc98b5da9cd?s=96&d=mm&r=g\",\"caption\":\"ccortez\"},\"url\":\"https:\\\/\\\/www.uartes.edu.ec\\\/sitio\\\/fr\\\/blog\\\/author\\\/ccortez\\\/\"}]}<\/script>\n<!-- \/ Yoast SEO plugin. -->","yoast_head_json":{"title":"Universidad de las Artes - Estudiantes UArtes en la asistencia curatorial de muestra que rememora los 100 a\u00f1os de pintura en el Puerto","description":"Universidad de las Artes - Estudiantes UArtes en la asistencia curatorial de muestra que rememora los 100 a\u00f1os de pintura en el Puerto","robots":{"index":"index","follow":"follow","max-snippet":"max-snippet:-1","max-image-preview":"max-image-preview:large","max-video-preview":"max-video-preview:-1"},"canonical":"https:\/\/www.uartes.edu.ec\/sitio\/fr\/blog\/2022\/12\/19\/tres-asistentes-curatoriales-en-el-levantamiento-de-muestra-que-rememora-100-anos-de-pintura-en-el-puerto\/","og_locale":"fr_FR","og_type":"article","og_title":"Universidad de las Artes - Estudiantes UArtes en la asistencia curatorial de muestra que rememora los 100 a\u00f1os de pintura en el Puerto","og_description":"Universidad de las Artes - Estudiantes UArtes en la asistencia curatorial de muestra que rememora los 100 a\u00f1os de pintura en el Puerto","og_url":"https:\/\/www.uartes.edu.ec\/sitio\/fr\/blog\/2022\/12\/19\/tres-asistentes-curatoriales-en-el-levantamiento-de-muestra-que-rememora-100-anos-de-pintura-en-el-puerto\/","og_site_name":"Universidad de las Artes","article_publisher":"https:\/\/www.facebook.com\/uartesec","article_published_time":"2022-12-19T21:23:00+00:00","article_modified_time":"2024-07-04T16:22:18+00:00","og_image":[{"width":2000,"height":1333,"url":"https:\/\/www.uartes.edu.ec\/sitio\/wp-content\/uploads\/2024\/03\/RUTH-ALUMNUS.jpg","type":"image\/jpeg"}],"author":"ccortez","twitter_card":"summary_large_image","twitter_creator":"@uartesec","twitter_site":"@uartesec","twitter_misc":{"\u00c9crit par":"ccortez","Dur\u00e9e de lecture estim\u00e9e":"5 minutes"},"schema":{"@context":"https:\/\/schema.org","@graph":[{"@type":"Article","@id":"https:\/\/www.uartes.edu.ec\/sitio\/fr\/blog\/2022\/12\/19\/tres-asistentes-curatoriales-en-el-levantamiento-de-muestra-que-rememora-100-anos-de-pintura-en-el-puerto\/#article","isPartOf":{"@id":"https:\/\/www.uartes.edu.ec\/sitio\/fr\/blog\/2022\/12\/19\/tres-asistentes-curatoriales-en-el-levantamiento-de-muestra-que-rememora-100-anos-de-pintura-en-el-puerto\/"},"author":{"name":"ccortez","@id":"https:\/\/www.uartes.edu.ec\/sitio\/fr\/#\/schema\/person\/efa1b8275797664fd7f13a79ccc0b1f4"},"headline":"Estudiantes UArtes en la asistencia curatorial de muestra que rememora los 100 a\u00f1os de pintura en el Puerto","datePublished":"2022-12-19T21:23:00+00:00","dateModified":"2024-07-04T16:22:18+00:00","mainEntityOfPage":{"@id":"https:\/\/www.uartes.edu.ec\/sitio\/fr\/blog\/2022\/12\/19\/tres-asistentes-curatoriales-en-el-levantamiento-de-muestra-que-rememora-100-anos-de-pintura-en-el-puerto\/"},"wordCount":910,"commentCount":0,"publisher":{"@id":"https:\/\/www.uartes.edu.ec\/sitio\/fr\/#organization"},"image":{"@id":"https:\/\/www.uartes.edu.ec\/sitio\/fr\/blog\/2022\/12\/19\/tres-asistentes-curatoriales-en-el-levantamiento-de-muestra-que-rememora-100-anos-de-pintura-en-el-puerto\/#primaryimage"},"thumbnailUrl":"https:\/\/www.uartes.edu.ec\/sitio\/wp-content\/uploads\/2024\/03\/RUTH-ALUMNUS.jpg","keywords":["pr\u00e1cticas"],"articleSection":["Acad\u00e9mico","Artes","Docentes","Estudiantes","Gesti\u00f3n","Sedes"],"inLanguage":"fr-FR","potentialAction":[{"@type":"CommentAction","name":"Comment","target":["https:\/\/www.uartes.edu.ec\/sitio\/fr\/blog\/2022\/12\/19\/tres-asistentes-curatoriales-en-el-levantamiento-de-muestra-que-rememora-100-anos-de-pintura-en-el-puerto\/#respond"]}]},{"@type":["WebPage","ItemPage"],"@id":"https:\/\/www.uartes.edu.ec\/sitio\/fr\/blog\/2022\/12\/19\/tres-asistentes-curatoriales-en-el-levantamiento-de-muestra-que-rememora-100-anos-de-pintura-en-el-puerto\/","url":"https:\/\/www.uartes.edu.ec\/sitio\/fr\/blog\/2022\/12\/19\/tres-asistentes-curatoriales-en-el-levantamiento-de-muestra-que-rememora-100-anos-de-pintura-en-el-puerto\/","name":"Universidad de las Artes - Estudiantes UArtes en la asistencia curatorial de muestra que rememora los 100 a\u00f1os de pintura en el Puerto","isPartOf":{"@id":"https:\/\/www.uartes.edu.ec\/sitio\/fr\/#website"},"primaryImageOfPage":{"@id":"https:\/\/www.uartes.edu.ec\/sitio\/fr\/blog\/2022\/12\/19\/tres-asistentes-curatoriales-en-el-levantamiento-de-muestra-que-rememora-100-anos-de-pintura-en-el-puerto\/#primaryimage"},"image":{"@id":"https:\/\/www.uartes.edu.ec\/sitio\/fr\/blog\/2022\/12\/19\/tres-asistentes-curatoriales-en-el-levantamiento-de-muestra-que-rememora-100-anos-de-pintura-en-el-puerto\/#primaryimage"},"thumbnailUrl":"https:\/\/www.uartes.edu.ec\/sitio\/wp-content\/uploads\/2024\/03\/RUTH-ALUMNUS.jpg","datePublished":"2022-12-19T21:23:00+00:00","dateModified":"2024-07-04T16:22:18+00:00","description":"Universidad de las Artes - Estudiantes UArtes en la asistencia curatorial de muestra que rememora los 100 a\u00f1os de pintura en el Puerto","breadcrumb":{"@id":"https:\/\/www.uartes.edu.ec\/sitio\/fr\/blog\/2022\/12\/19\/tres-asistentes-curatoriales-en-el-levantamiento-de-muestra-que-rememora-100-anos-de-pintura-en-el-puerto\/#breadcrumb"},"inLanguage":"fr-FR","potentialAction":[{"@type":"ReadAction","target":["https:\/\/www.uartes.edu.ec\/sitio\/fr\/blog\/2022\/12\/19\/tres-asistentes-curatoriales-en-el-levantamiento-de-muestra-que-rememora-100-anos-de-pintura-en-el-puerto\/"]}]},{"@type":"ImageObject","inLanguage":"fr-FR","@id":"https:\/\/www.uartes.edu.ec\/sitio\/fr\/blog\/2022\/12\/19\/tres-asistentes-curatoriales-en-el-levantamiento-de-muestra-que-rememora-100-anos-de-pintura-en-el-puerto\/#primaryimage","url":"https:\/\/www.uartes.edu.ec\/sitio\/wp-content\/uploads\/2024\/03\/RUTH-ALUMNUS.jpg","contentUrl":"https:\/\/www.uartes.edu.ec\/sitio\/wp-content\/uploads\/2024\/03\/RUTH-ALUMNUS.jpg","width":2000,"height":1333},{"@type":"BreadcrumbList","@id":"https:\/\/www.uartes.edu.ec\/sitio\/fr\/blog\/2022\/12\/19\/tres-asistentes-curatoriales-en-el-levantamiento-de-muestra-que-rememora-100-anos-de-pintura-en-el-puerto\/#breadcrumb","itemListElement":[{"@type":"ListItem","position":1,"name":"Inicio","item":"https:\/\/www.uartes.edu.ec\/sitio\/"},{"@type":"ListItem","position":2,"name":"Estudiantes UArtes en la asistencia curatorial de muestra que rememora los 100 a\u00f1os de pintura en el Puerto"}]},{"@type":"WebSite","@id":"https:\/\/www.uartes.edu.ec\/sitio\/fr\/#website","url":"https:\/\/www.uartes.edu.ec\/sitio\/fr\/","name":"Universidad de las Artes","description":"Sitio oficial de la Universidad Nacional de las Artes del Ecuador","publisher":{"@id":"https:\/\/www.uartes.edu.ec\/sitio\/fr\/#organization"},"potentialAction":[{"@type":"SearchAction","target":{"@type":"EntryPoint","urlTemplate":"https:\/\/www.uartes.edu.ec\/sitio\/fr\/?s={search_term_string}"},"query-input":{"@type":"PropertyValueSpecification","valueRequired":true,"valueName":"search_term_string"}}],"inLanguage":"fr-FR"},{"@type":"Organization","@id":"https:\/\/www.uartes.edu.ec\/sitio\/fr\/#organization","name":"Universidad de las Artes","url":"https:\/\/www.uartes.edu.ec\/sitio\/fr\/","logo":{"@type":"ImageObject","inLanguage":"fr-FR","@id":"https:\/\/www.uartes.edu.ec\/sitio\/fr\/#\/schema\/logo\/image\/","url":"https:\/\/www.uartes.edu.ec\/sitio\/wp-content\/uploads\/2022\/07\/logo-ua-horizontal.png","contentUrl":"https:\/\/www.uartes.edu.ec\/sitio\/wp-content\/uploads\/2022\/07\/logo-ua-horizontal.png","width":800,"height":276,"caption":"Universidad de las Artes"},"image":{"@id":"https:\/\/www.uartes.edu.ec\/sitio\/fr\/#\/schema\/logo\/image\/"},"sameAs":["https:\/\/www.facebook.com\/uartesec","https:\/\/x.com\/uartesec","https:\/\/www.tiktok.com\/@uartesec"]},{"@type":"Person","@id":"https:\/\/www.uartes.edu.ec\/sitio\/fr\/#\/schema\/person\/efa1b8275797664fd7f13a79ccc0b1f4","name":"ccortez","image":{"@type":"ImageObject","inLanguage":"fr-FR","@id":"https:\/\/secure.gravatar.com\/avatar\/b2a6f664a3ae8e074346ef91775736c5ec479e637ecced6842de9dc98b5da9cd?s=96&d=mm&r=g","url":"https:\/\/secure.gravatar.com\/avatar\/b2a6f664a3ae8e074346ef91775736c5ec479e637ecced6842de9dc98b5da9cd?s=96&d=mm&r=g","contentUrl":"https:\/\/secure.gravatar.com\/avatar\/b2a6f664a3ae8e074346ef91775736c5ec479e637ecced6842de9dc98b5da9cd?s=96&d=mm&r=g","caption":"ccortez"},"url":"https:\/\/www.uartes.edu.ec\/sitio\/fr\/blog\/author\/ccortez\/"}]}},"uagb_featured_image_src":{"full":["https:\/\/www.uartes.edu.ec\/sitio\/wp-content\/uploads\/2024\/03\/RUTH-ALUMNUS.jpg",2000,1333,false],"thumbnail":["https:\/\/www.uartes.edu.ec\/sitio\/wp-content\/uploads\/2024\/03\/RUTH-ALUMNUS-150x150.jpg",150,150,true],"medium":["https:\/\/www.uartes.edu.ec\/sitio\/wp-content\/uploads\/2024\/03\/RUTH-ALUMNUS-300x200.jpg",300,200,true],"medium_large":["https:\/\/www.uartes.edu.ec\/sitio\/wp-content\/uploads\/2024\/03\/RUTH-ALUMNUS-768x512.jpg",768,512,true],"large":["https:\/\/www.uartes.edu.ec\/sitio\/wp-content\/uploads\/2024\/03\/RUTH-ALUMNUS-644x429.jpg",644,429,true],"1536x1536":["https:\/\/www.uartes.edu.ec\/sitio\/wp-content\/uploads\/2024\/03\/RUTH-ALUMNUS-1536x1024.jpg",1536,1024,true],"2048x2048":["https:\/\/www.uartes.edu.ec\/sitio\/wp-content\/uploads\/2024\/03\/RUTH-ALUMNUS.jpg",2000,1333,false],"trp-custom-language-flag":["https:\/\/www.uartes.edu.ec\/sitio\/wp-content\/uploads\/2024\/03\/RUTH-ALUMNUS-18x12.jpg",18,12,true],"htmega_size_585x295":["https:\/\/www.uartes.edu.ec\/sitio\/wp-content\/uploads\/2024\/03\/RUTH-ALUMNUS-585x295.jpg",585,295,true],"htmega_size_1170x536":["https:\/\/www.uartes.edu.ec\/sitio\/wp-content\/uploads\/2024\/03\/RUTH-ALUMNUS-1170x536.jpg",1170,536,true],"htmega_size_396x360":["https:\/\/www.uartes.edu.ec\/sitio\/wp-content\/uploads\/2024\/03\/RUTH-ALUMNUS-396x360.jpg",396,360,true],"gb-block-post-grid-landscape":["https:\/\/www.uartes.edu.ec\/sitio\/wp-content\/uploads\/2024\/03\/RUTH-ALUMNUS-600x400.jpg",600,400,true],"gb-block-post-grid-square":["https:\/\/www.uartes.edu.ec\/sitio\/wp-content\/uploads\/2024\/03\/RUTH-ALUMNUS-600x600.jpg",600,600,true],"university-hub-thumb":["https:\/\/www.uartes.edu.ec\/sitio\/wp-content\/uploads\/2024\/03\/RUTH-ALUMNUS-400x267.jpg",400,267,true]},"uagb_author_info":{"display_name":"ccortez","author_link":"https:\/\/www.uartes.edu.ec\/sitio\/fr\/blog\/author\/ccortez\/"},"uagb_comment_info":0,"uagb_excerpt":"En el proceso de desarrollo de la exposici\u00f3n \u201cEscuela de Pintura de Guayaquil: 10 a\u00f1os en el Puerto\u201d, que se inaugur\u00f3 el pasado jueves 15 de diciembre de 2022 en el Museo Municipal de Guayaquil y el viernes 16 en las salas de la Casa de la Cultura N\u00facleo del Guayas y el MAAC, Adriana\u2026","featured_image_src":"https:\/\/www.uartes.edu.ec\/sitio\/wp-content\/uploads\/2024\/03\/RUTH-ALUMNUS-600x400.jpg","featured_image_src_square":"https:\/\/www.uartes.edu.ec\/sitio\/wp-content\/uploads\/2024\/03\/RUTH-ALUMNUS-600x600.jpg","author_info":{"display_name":"ccortez","author_link":"https:\/\/www.uartes.edu.ec\/sitio\/fr\/blog\/author\/ccortez\/"},"publishpress_future_workflow_manual_trigger":{"enabledWorkflows":[]},"distributor_meta":false,"distributor_terms":false,"distributor_media":false,"distributor_original_site_name":"Universidad de las Artes","distributor_original_site_url":"https:\/\/www.uartes.edu.ec\/sitio\/fr","push-errors":false,"_links":{"self":[{"href":"https:\/\/www.uartes.edu.ec\/sitio\/fr\/wp-json\/wp\/v2\/posts\/51804","targetHints":{"allow":["GET"]}}],"collection":[{"href":"https:\/\/www.uartes.edu.ec\/sitio\/fr\/wp-json\/wp\/v2\/posts"}],"about":[{"href":"https:\/\/www.uartes.edu.ec\/sitio\/fr\/wp-json\/wp\/v2\/types\/post"}],"author":[{"embeddable":true,"href":"https:\/\/www.uartes.edu.ec\/sitio\/fr\/wp-json\/wp\/v2\/users\/10"}],"replies":[{"embeddable":true,"href":"https:\/\/www.uartes.edu.ec\/sitio\/fr\/wp-json\/wp\/v2\/comments?post=51804"}],"version-history":[{"count":6,"href":"https:\/\/www.uartes.edu.ec\/sitio\/fr\/wp-json\/wp\/v2\/posts\/51804\/revisions"}],"predecessor-version":[{"id":51815,"href":"https:\/\/www.uartes.edu.ec\/sitio\/fr\/wp-json\/wp\/v2\/posts\/51804\/revisions\/51815"}],"wp:featuredmedia":[{"embeddable":true,"href":"https:\/\/www.uartes.edu.ec\/sitio\/fr\/wp-json\/wp\/v2\/media\/51805"}],"wp:attachment":[{"href":"https:\/\/www.uartes.edu.ec\/sitio\/fr\/wp-json\/wp\/v2\/media?parent=51804"}],"wp:term":[{"taxonomy":"category","embeddable":true,"href":"https:\/\/www.uartes.edu.ec\/sitio\/fr\/wp-json\/wp\/v2\/categories?post=51804"},{"taxonomy":"post_tag","embeddable":true,"href":"https:\/\/www.uartes.edu.ec\/sitio\/fr\/wp-json\/wp\/v2\/tags?post=51804"},{"taxonomy":"infouartes","embeddable":true,"href":"https:\/\/www.uartes.edu.ec\/sitio\/fr\/wp-json\/wp\/v2\/infouartes?post=51804"}],"curies":[{"name":"wp","href":"https:\/\/api.w.org\/{rel}","templated":true}]}}