{"id":52334,"date":"2024-04-08T16:43:00","date_gmt":"2024-04-08T21:43:00","guid":{"rendered":"https:\/\/www.uartes.edu.ec\/sitio\/?p=52334"},"modified":"2025-12-09T19:12:10","modified_gmt":"2025-12-10T00:12:10","slug":"estudiante-uartes-alex-sanchez-cumple-movilidad-academica-en-la-puj-de-bogota","status":"publish","type":"post","link":"https:\/\/www.uartes.edu.ec\/sitio\/fr\/blog\/2024\/04\/08\/estudiante-uartes-alex-sanchez-cumple-movilidad-academica-en-la-puj-de-bogota\/","title":{"rendered":"Estudiante UArtes Alets S\u00e1nchez, en movilidad acad\u00e9mica en la Pontificia Universidad Javeriana (PUJ) de Bogot\u00e1"},"content":{"rendered":"<p>La estudiante UArtes Alexandra S\u00e1nchez Alarc\u00f3n, quien art\u00edsticamente se da a conocer como <em>Alets<\/em> cursa el s\u00e9ptimo semestre de la Escuela de Artes Visuales y actualmente se encuentra en Colombia en una movilidad acad\u00e9mica por un semestre en la Pontificia Universidad Javeriana (PUJ) de Bogot\u00e1.<\/p>\n\n\n\n<p>Entre septiembre y noviembre de 2023, la Direcci\u00f3n de Relaciones Internacionales (DRI) de la Universidad de las Artes dio a conocer una convocatoria que manten\u00eda abierta la PUJ de Bogot\u00e1 para que estudiantes extranjeros realicen una movilidad internacional por un semestre acad\u00e9mico.<\/p>\n\n\n\n<p>Entre las postulaciones recibidas y que la DRI gestion\u00f3 estuvo las de S\u00e1nchez Alarc\u00f3n, quien ten\u00eda planificado tomar asignaturas de la carrera de Artes Visuales en la universidad colombiana, y de Elsita Napa, estudiante de la carrera de Creaci\u00f3n Teatral de la Escuela de Artes Esc\u00e9nicas de la UArtes, que tambi\u00e9n cursa un intercambio acad\u00e9mico en el pa\u00eds vecino.&nbsp;<\/p>\n\n\n<div class=\"wp-block-image\">\n<figure class=\"aligncenter size-large\"><img fetchpriority=\"high\" decoding=\"async\" width=\"644\" height=\"429\" src=\"https:\/\/www.uartes.edu.ec\/sitio\/wp-content\/uploads\/2024\/04\/02-ESCUELA-DE-MEDIACION-DEL-MAMBO-644x429.jpg\" alt=\"\" class=\"wp-image-52336\" srcset=\"https:\/\/www.uartes.edu.ec\/sitio\/wp-content\/uploads\/2024\/04\/02-ESCUELA-DE-MEDIACION-DEL-MAMBO-644x429.jpg 644w, https:\/\/www.uartes.edu.ec\/sitio\/wp-content\/uploads\/2024\/04\/02-ESCUELA-DE-MEDIACION-DEL-MAMBO-768x511.jpg 768w, https:\/\/www.uartes.edu.ec\/sitio\/wp-content\/uploads\/2024\/04\/02-ESCUELA-DE-MEDIACION-DEL-MAMBO.jpg 2000w, https:\/\/www.uartes.edu.ec\/sitio\/wp-content\/uploads\/2024\/04\/02-ESCUELA-DE-MEDIACION-DEL-MAMBO-18x12.jpg 18w, https:\/\/www.uartes.edu.ec\/sitio\/wp-content\/uploads\/2024\/04\/02-ESCUELA-DE-MEDIACION-DEL-MAMBO-600x399.jpg 600w, https:\/\/www.uartes.edu.ec\/sitio\/wp-content\/uploads\/2024\/04\/02-ESCUELA-DE-MEDIACION-DEL-MAMBO-272x182.jpg 272w\" sizes=\"(max-width: 644px) 100vw, 644px\" \/><\/figure>\n<\/div>\n\n\n<p>S\u00e1nchez Alarc\u00f3n viaj\u00f3 en enero pasado para empezar con sus clases a finales de ese mes. La Direcci\u00f3n de Relaciones Internacionales UArtes indica que estando all\u00e1, la estudiante respondi\u00f3 y gan\u00f3 una convocatoria de la Escuela de Mediaci\u00f3n del Museo de Arte Moderno de Bogot\u00e1 (MAMBO). Desde Colombia, ella envi\u00f3 un escrito en el que da detalles de la movilidad acad\u00e9mica que cumple y de las actividades complementarias en las que busc\u00f3 intervenir.<\/p>\n\n\n\n<p>Sostiene que estando ya en la PUJ de Bogot\u00e1 supo de la convocatoria de MAMBO. \u201cEl 26 de enero, cuando estaba en casa haciendo un deber de Fotograf\u00eda Anal\u00f3gica I, vi la publicaci\u00f3n. Hasta ese momento, todas mis asignaturas del intercambio estaban direccionadas en mis intereses, crecimiento t\u00e9cnico, pero, sobre todo, con el deseo de conectar con mis ra\u00edces.&nbsp;Sent\u00ed que solo me faltaba compartir el arte con personas que viven en Colombia, sentir de cerca c\u00f3mo a trav\u00e9s del arte las personas se conectan con nuestras ideas, sentimientos y experiencias. Sent\u00ed que deb\u00eda intentarlo, as\u00ed es que me inscrib\u00ed\u201d.&nbsp;<\/p>\n\n\n<div class=\"wp-block-image\">\n<figure class=\"aligncenter size-large\"><img decoding=\"async\" width=\"644\" height=\"429\" src=\"https:\/\/www.uartes.edu.ec\/sitio\/wp-content\/uploads\/2024\/04\/03-ESCUELA-DE-MEDIACION-DEL-MAMBO-644x429.jpg\" alt=\"\" class=\"wp-image-52337\" srcset=\"https:\/\/www.uartes.edu.ec\/sitio\/wp-content\/uploads\/2024\/04\/03-ESCUELA-DE-MEDIACION-DEL-MAMBO-644x429.jpg 644w, https:\/\/www.uartes.edu.ec\/sitio\/wp-content\/uploads\/2024\/04\/03-ESCUELA-DE-MEDIACION-DEL-MAMBO-768x511.jpg 768w, https:\/\/www.uartes.edu.ec\/sitio\/wp-content\/uploads\/2024\/04\/03-ESCUELA-DE-MEDIACION-DEL-MAMBO.jpg 2000w, https:\/\/www.uartes.edu.ec\/sitio\/wp-content\/uploads\/2024\/04\/03-ESCUELA-DE-MEDIACION-DEL-MAMBO-18x12.jpg 18w, https:\/\/www.uartes.edu.ec\/sitio\/wp-content\/uploads\/2024\/04\/03-ESCUELA-DE-MEDIACION-DEL-MAMBO-600x399.jpg 600w, https:\/\/www.uartes.edu.ec\/sitio\/wp-content\/uploads\/2024\/04\/03-ESCUELA-DE-MEDIACION-DEL-MAMBO-272x182.jpg 272w\" sizes=\"(max-width: 644px) 100vw, 644px\" \/><\/figure>\n<\/div>\n\n\n<p>Agrega que gracias a las exposiciones \u201cEscuela de Pintura de Guayaquil, 100 a\u00f1os de arte en el puerto\u201d, \u201cPrompt me\/si lo imaginas\u201d, \u201cBit\u00e1cora II\u201d y \u201cBit\u00e1cora III\u201d, \u201cEl Sol de los siervos\u201d logr\u00f3 tener un poco de experiencia mediando, en montaje y producci\u00f3n, \u201clo cual me hac\u00eda sentir segura del conocimiento que hab\u00eda compartido con artistas como Cristian Villavicencio, Hern\u00e1n Z\u00fa\u00f1iga, Gabriela Fabre, Ruth Cruz, CH, Andrea Vaca\u201d.&nbsp;<\/p>\n\n\n\n<p>Envi\u00f3 la carta de motivaci\u00f3n y esper\u00f3 la respuesta. \u201cUn lunes, antes de mi clase de Etnograf\u00eda y Escritura B\u00e1sica, recib\u00ed una llamada del Museo de Arte Moderno de Bogot\u00e1. Hab\u00eda quedado seleccionada y deb\u00eda ir a una entrevista. Esa misma semana, el mi\u00e9rcoles a las 14:15, ten\u00eda la entrevista. Cuando llegu\u00e9 me percat\u00e9 que era la primera vez que visitaba un museo de arte en Colombia. Tuve una recepci\u00f3n muy c\u00e1lida, todos fueron muy amables y trat\u00e9 de responder de la manera m\u00e1s acertada a todo lo que se me pregunt\u00f3\u201d.&nbsp;<\/p>\n\n\n\n<p>El siguiente lunes nuevamente recibi\u00f3 una llamada de MAMBO: hab\u00eda sido seleccionada, aunque solo podr\u00eda permanecer en el primer ciclo expositivo del museo. \u201cRecibimos clases los viernes y pude asistir a la inauguraci\u00f3n del ciclo expositivo. Ha sido una gran experiencia estar aprendiendo a mediar en el Museo de Arte Moderno de Bogot\u00e1, nos hacen sentir c\u00f3modos y en casa cuando estamos ah\u00ed. He aprendido mucho m\u00e1s de nuestra cultura y del significado de compartir\u201d, manifiesta.&nbsp;<\/p>","protected":false},"excerpt":{"rendered":"<p>Alets S\u00e1nchez Alarc\u00f3n respondi\u00f3 a una convocatoria difundida por la Direcci\u00f3n de Relaciones Internacionales de la UArtes de una movilidad acad\u00e9mica a la Pontificia Universidad Javeriana (PUJ) de Bogot\u00e1 y tras la gesti\u00f3n de la DRI viaj\u00f3 a Colombia, donde desde enero cursa asignaturas en Artes Visuales. All\u00e1 gan\u00f3 una segunda convocatoria; fue para el Museo de Arte Moderno de Bogot\u00e1.<\/p>","protected":false},"author":10,"featured_media":52335,"comment_status":"open","ping_status":"open","sticky":false,"template":"","format":"standard","meta":{"_acf_changed":false,"_uag_custom_page_level_css":"","_monsterinsights_skip_tracking":false,"_monsterinsights_sitenote_active":false,"_monsterinsights_sitenote_note":"","_monsterinsights_sitenote_category":0,"cybocfi_hide_featured_image":"","footnotes":""},"categories":[80,157,76,77,79],"tags":[279],"infouartes":[],"class_list":["post-52334","post","type-post","status-publish","format-standard","has-post-thumbnail","hentry","category-academico","category-artes-visuales","category-estudiantes","category-gestion","category-vinculo","tag-relaciones-internacionales"],"acf":[],"yoast_head":"<!-- This site is optimized with the Yoast SEO plugin v27.4 - https:\/\/yoast.com\/product\/yoast-seo-wordpress\/ -->\n<title>Universidad de las Artes - Estudiante UArtes Alets S\u00e1nchez, en movilidad acad\u00e9mica en la Pontificia Universidad Javeriana (PUJ) de Bogot\u00e1<\/title>\n<meta name=\"description\" content=\"Universidad de las Artes - Estudiante UArtes Alets S\u00e1nchez, en movilidad acad\u00e9mica en la Pontificia Universidad Javeriana (PUJ) de Bogot\u00e1\" \/>\n<meta name=\"robots\" content=\"index, follow, max-snippet:-1, max-image-preview:large, max-video-preview:-1\" \/>\n<link rel=\"canonical\" href=\"https:\/\/www.uartes.edu.ec\/sitio\/fr\/blog\/2024\/04\/08\/estudiante-uartes-alex-sanchez-cumple-movilidad-academica-en-la-puj-de-bogota\/\" \/>\n<meta property=\"og:locale\" content=\"fr_FR\" \/>\n<meta property=\"og:type\" content=\"article\" \/>\n<meta property=\"og:title\" content=\"Universidad de las Artes - Estudiante UArtes Alets S\u00e1nchez, en movilidad acad\u00e9mica en la Pontificia Universidad Javeriana (PUJ) de Bogot\u00e1\" \/>\n<meta property=\"og:description\" content=\"Universidad de las Artes - Estudiante UArtes Alets S\u00e1nchez, en movilidad acad\u00e9mica en la Pontificia Universidad Javeriana (PUJ) de Bogot\u00e1\" \/>\n<meta property=\"og:url\" content=\"https:\/\/www.uartes.edu.ec\/sitio\/fr\/blog\/2024\/04\/08\/estudiante-uartes-alex-sanchez-cumple-movilidad-academica-en-la-puj-de-bogota\/\" \/>\n<meta property=\"og:site_name\" content=\"Universidad de las Artes\" \/>\n<meta property=\"article:publisher\" content=\"https:\/\/www.facebook.com\/uartesec\" \/>\n<meta property=\"article:published_time\" content=\"2024-04-08T21:43:00+00:00\" \/>\n<meta property=\"article:modified_time\" content=\"2025-12-10T00:12:10+00:00\" \/>\n<meta property=\"og:image\" content=\"https:\/\/www.uartes.edu.ec\/sitio\/wp-content\/uploads\/2024\/04\/01-ESCUELA-DE-MEDIACION-DEL-MAMBO.jpg\" \/>\n\t<meta property=\"og:image:width\" content=\"2000\" \/>\n\t<meta property=\"og:image:height\" content=\"1333\" \/>\n\t<meta property=\"og:image:type\" content=\"image\/jpeg\" \/>\n<meta name=\"author\" content=\"ccortez\" \/>\n<meta name=\"twitter:card\" content=\"summary_large_image\" \/>\n<meta name=\"twitter:creator\" content=\"@uartesec\" \/>\n<meta name=\"twitter:site\" content=\"@uartesec\" \/>\n<meta name=\"twitter:label1\" content=\"\u00c9crit par\" \/>\n\t<meta name=\"twitter:data1\" content=\"ccortez\" \/>\n\t<meta name=\"twitter:label2\" content=\"Dur\u00e9e de lecture estim\u00e9e\" \/>\n\t<meta name=\"twitter:data2\" content=\"4 minutes\" \/>\n<script type=\"application\/ld+json\" class=\"yoast-schema-graph\">{\"@context\":\"https:\\\/\\\/schema.org\",\"@graph\":[{\"@type\":\"Article\",\"@id\":\"https:\\\/\\\/www.uartes.edu.ec\\\/sitio\\\/fr\\\/blog\\\/2024\\\/04\\\/08\\\/estudiante-uartes-alex-sanchez-cumple-movilidad-academica-en-la-puj-de-bogota\\\/#article\",\"isPartOf\":{\"@id\":\"https:\\\/\\\/www.uartes.edu.ec\\\/sitio\\\/fr\\\/blog\\\/2024\\\/04\\\/08\\\/estudiante-uartes-alex-sanchez-cumple-movilidad-academica-en-la-puj-de-bogota\\\/\"},\"author\":{\"name\":\"ccortez\",\"@id\":\"https:\\\/\\\/www.uartes.edu.ec\\\/sitio\\\/fr\\\/#\\\/schema\\\/person\\\/efa1b8275797664fd7f13a79ccc0b1f4\"},\"headline\":\"Estudiante UArtes Alets S\u00e1nchez, en movilidad acad\u00e9mica en la Pontificia Universidad Javeriana (PUJ) de Bogot\u00e1\",\"datePublished\":\"2024-04-08T21:43:00+00:00\",\"dateModified\":\"2025-12-10T00:12:10+00:00\",\"mainEntityOfPage\":{\"@id\":\"https:\\\/\\\/www.uartes.edu.ec\\\/sitio\\\/fr\\\/blog\\\/2024\\\/04\\\/08\\\/estudiante-uartes-alex-sanchez-cumple-movilidad-academica-en-la-puj-de-bogota\\\/\"},\"wordCount\":627,\"commentCount\":0,\"publisher\":{\"@id\":\"https:\\\/\\\/www.uartes.edu.ec\\\/sitio\\\/fr\\\/#organization\"},\"image\":{\"@id\":\"https:\\\/\\\/www.uartes.edu.ec\\\/sitio\\\/fr\\\/blog\\\/2024\\\/04\\\/08\\\/estudiante-uartes-alex-sanchez-cumple-movilidad-academica-en-la-puj-de-bogota\\\/#primaryimage\"},\"thumbnailUrl\":\"https:\\\/\\\/www.uartes.edu.ec\\\/sitio\\\/wp-content\\\/uploads\\\/2024\\\/04\\\/01-ESCUELA-DE-MEDIACION-DEL-MAMBO.jpg\",\"keywords\":[\"relaciones internacionales\"],\"articleSection\":[\"Acad\u00e9mico\",\"Artes Visuales\",\"Estudiantes\",\"Gesti\u00f3n\",\"V\u00ednculo\"],\"inLanguage\":\"fr-FR\",\"potentialAction\":[{\"@type\":\"CommentAction\",\"name\":\"Comment\",\"target\":[\"https:\\\/\\\/www.uartes.edu.ec\\\/sitio\\\/fr\\\/blog\\\/2024\\\/04\\\/08\\\/estudiante-uartes-alex-sanchez-cumple-movilidad-academica-en-la-puj-de-bogota\\\/#respond\"]}]},{\"@type\":[\"WebPage\",\"ItemPage\"],\"@id\":\"https:\\\/\\\/www.uartes.edu.ec\\\/sitio\\\/fr\\\/blog\\\/2024\\\/04\\\/08\\\/estudiante-uartes-alex-sanchez-cumple-movilidad-academica-en-la-puj-de-bogota\\\/\",\"url\":\"https:\\\/\\\/www.uartes.edu.ec\\\/sitio\\\/fr\\\/blog\\\/2024\\\/04\\\/08\\\/estudiante-uartes-alex-sanchez-cumple-movilidad-academica-en-la-puj-de-bogota\\\/\",\"name\":\"Universidad de las Artes - Estudiante UArtes Alets S\u00e1nchez, en movilidad acad\u00e9mica en la Pontificia Universidad Javeriana (PUJ) de Bogot\u00e1\",\"isPartOf\":{\"@id\":\"https:\\\/\\\/www.uartes.edu.ec\\\/sitio\\\/fr\\\/#website\"},\"primaryImageOfPage\":{\"@id\":\"https:\\\/\\\/www.uartes.edu.ec\\\/sitio\\\/fr\\\/blog\\\/2024\\\/04\\\/08\\\/estudiante-uartes-alex-sanchez-cumple-movilidad-academica-en-la-puj-de-bogota\\\/#primaryimage\"},\"image\":{\"@id\":\"https:\\\/\\\/www.uartes.edu.ec\\\/sitio\\\/fr\\\/blog\\\/2024\\\/04\\\/08\\\/estudiante-uartes-alex-sanchez-cumple-movilidad-academica-en-la-puj-de-bogota\\\/#primaryimage\"},\"thumbnailUrl\":\"https:\\\/\\\/www.uartes.edu.ec\\\/sitio\\\/wp-content\\\/uploads\\\/2024\\\/04\\\/01-ESCUELA-DE-MEDIACION-DEL-MAMBO.jpg\",\"datePublished\":\"2024-04-08T21:43:00+00:00\",\"dateModified\":\"2025-12-10T00:12:10+00:00\",\"description\":\"Universidad de las Artes - Estudiante UArtes Alets S\u00e1nchez, en movilidad acad\u00e9mica en la Pontificia Universidad Javeriana (PUJ) de Bogot\u00e1\",\"breadcrumb\":{\"@id\":\"https:\\\/\\\/www.uartes.edu.ec\\\/sitio\\\/fr\\\/blog\\\/2024\\\/04\\\/08\\\/estudiante-uartes-alex-sanchez-cumple-movilidad-academica-en-la-puj-de-bogota\\\/#breadcrumb\"},\"inLanguage\":\"fr-FR\",\"potentialAction\":[{\"@type\":\"ReadAction\",\"target\":[\"https:\\\/\\\/www.uartes.edu.ec\\\/sitio\\\/fr\\\/blog\\\/2024\\\/04\\\/08\\\/estudiante-uartes-alex-sanchez-cumple-movilidad-academica-en-la-puj-de-bogota\\\/\"]}]},{\"@type\":\"ImageObject\",\"inLanguage\":\"fr-FR\",\"@id\":\"https:\\\/\\\/www.uartes.edu.ec\\\/sitio\\\/fr\\\/blog\\\/2024\\\/04\\\/08\\\/estudiante-uartes-alex-sanchez-cumple-movilidad-academica-en-la-puj-de-bogota\\\/#primaryimage\",\"url\":\"https:\\\/\\\/www.uartes.edu.ec\\\/sitio\\\/wp-content\\\/uploads\\\/2024\\\/04\\\/01-ESCUELA-DE-MEDIACION-DEL-MAMBO.jpg\",\"contentUrl\":\"https:\\\/\\\/www.uartes.edu.ec\\\/sitio\\\/wp-content\\\/uploads\\\/2024\\\/04\\\/01-ESCUELA-DE-MEDIACION-DEL-MAMBO.jpg\",\"width\":2000,\"height\":1333},{\"@type\":\"BreadcrumbList\",\"@id\":\"https:\\\/\\\/www.uartes.edu.ec\\\/sitio\\\/fr\\\/blog\\\/2024\\\/04\\\/08\\\/estudiante-uartes-alex-sanchez-cumple-movilidad-academica-en-la-puj-de-bogota\\\/#breadcrumb\",\"itemListElement\":[{\"@type\":\"ListItem\",\"position\":1,\"name\":\"Inicio\",\"item\":\"https:\\\/\\\/www.uartes.edu.ec\\\/sitio\\\/\"},{\"@type\":\"ListItem\",\"position\":2,\"name\":\"Estudiante UArtes \u00c1lex S\u00e1nchez, en movilidad acad\u00e9mica en la Pontificia Universidad Javeriana (PUJ) de Bogot\u00e1\"}]},{\"@type\":\"WebSite\",\"@id\":\"https:\\\/\\\/www.uartes.edu.ec\\\/sitio\\\/fr\\\/#website\",\"url\":\"https:\\\/\\\/www.uartes.edu.ec\\\/sitio\\\/fr\\\/\",\"name\":\"Universidad de las Artes\",\"description\":\"Sitio oficial de la Universidad Nacional de las Artes del Ecuador\",\"publisher\":{\"@id\":\"https:\\\/\\\/www.uartes.edu.ec\\\/sitio\\\/fr\\\/#organization\"},\"potentialAction\":[{\"@type\":\"SearchAction\",\"target\":{\"@type\":\"EntryPoint\",\"urlTemplate\":\"https:\\\/\\\/www.uartes.edu.ec\\\/sitio\\\/fr\\\/?s={search_term_string}\"},\"query-input\":{\"@type\":\"PropertyValueSpecification\",\"valueRequired\":true,\"valueName\":\"search_term_string\"}}],\"inLanguage\":\"fr-FR\"},{\"@type\":\"Organization\",\"@id\":\"https:\\\/\\\/www.uartes.edu.ec\\\/sitio\\\/fr\\\/#organization\",\"name\":\"Universidad de las Artes\",\"url\":\"https:\\\/\\\/www.uartes.edu.ec\\\/sitio\\\/fr\\\/\",\"logo\":{\"@type\":\"ImageObject\",\"inLanguage\":\"fr-FR\",\"@id\":\"https:\\\/\\\/www.uartes.edu.ec\\\/sitio\\\/fr\\\/#\\\/schema\\\/logo\\\/image\\\/\",\"url\":\"https:\\\/\\\/www.uartes.edu.ec\\\/sitio\\\/wp-content\\\/uploads\\\/2022\\\/07\\\/logo-ua-horizontal.png\",\"contentUrl\":\"https:\\\/\\\/www.uartes.edu.ec\\\/sitio\\\/wp-content\\\/uploads\\\/2022\\\/07\\\/logo-ua-horizontal.png\",\"width\":800,\"height\":276,\"caption\":\"Universidad de las Artes\"},\"image\":{\"@id\":\"https:\\\/\\\/www.uartes.edu.ec\\\/sitio\\\/fr\\\/#\\\/schema\\\/logo\\\/image\\\/\"},\"sameAs\":[\"https:\\\/\\\/www.facebook.com\\\/uartesec\",\"https:\\\/\\\/x.com\\\/uartesec\",\"https:\\\/\\\/www.tiktok.com\\\/@uartesec\"]},{\"@type\":\"Person\",\"@id\":\"https:\\\/\\\/www.uartes.edu.ec\\\/sitio\\\/fr\\\/#\\\/schema\\\/person\\\/efa1b8275797664fd7f13a79ccc0b1f4\",\"name\":\"ccortez\",\"image\":{\"@type\":\"ImageObject\",\"inLanguage\":\"fr-FR\",\"@id\":\"https:\\\/\\\/secure.gravatar.com\\\/avatar\\\/b2a6f664a3ae8e074346ef91775736c5ec479e637ecced6842de9dc98b5da9cd?s=96&d=mm&r=g\",\"url\":\"https:\\\/\\\/secure.gravatar.com\\\/avatar\\\/b2a6f664a3ae8e074346ef91775736c5ec479e637ecced6842de9dc98b5da9cd?s=96&d=mm&r=g\",\"contentUrl\":\"https:\\\/\\\/secure.gravatar.com\\\/avatar\\\/b2a6f664a3ae8e074346ef91775736c5ec479e637ecced6842de9dc98b5da9cd?s=96&d=mm&r=g\",\"caption\":\"ccortez\"},\"url\":\"https:\\\/\\\/www.uartes.edu.ec\\\/sitio\\\/fr\\\/blog\\\/author\\\/ccortez\\\/\"}]}<\/script>\n<!-- \/ Yoast SEO plugin. -->","yoast_head_json":{"title":"Universidad de las Artes - Estudiante UArtes Alets S\u00e1nchez, en movilidad acad\u00e9mica en la Pontificia Universidad Javeriana (PUJ) de Bogot\u00e1","description":"Universidad de las Artes - Estudiante UArtes Alets S\u00e1nchez, en movilidad acad\u00e9mica en la Pontificia Universidad Javeriana (PUJ) de Bogot\u00e1","robots":{"index":"index","follow":"follow","max-snippet":"max-snippet:-1","max-image-preview":"max-image-preview:large","max-video-preview":"max-video-preview:-1"},"canonical":"https:\/\/www.uartes.edu.ec\/sitio\/fr\/blog\/2024\/04\/08\/estudiante-uartes-alex-sanchez-cumple-movilidad-academica-en-la-puj-de-bogota\/","og_locale":"fr_FR","og_type":"article","og_title":"Universidad de las Artes - Estudiante UArtes Alets S\u00e1nchez, en movilidad acad\u00e9mica en la Pontificia Universidad Javeriana (PUJ) de Bogot\u00e1","og_description":"Universidad de las Artes - Estudiante UArtes Alets S\u00e1nchez, en movilidad acad\u00e9mica en la Pontificia Universidad Javeriana (PUJ) de Bogot\u00e1","og_url":"https:\/\/www.uartes.edu.ec\/sitio\/fr\/blog\/2024\/04\/08\/estudiante-uartes-alex-sanchez-cumple-movilidad-academica-en-la-puj-de-bogota\/","og_site_name":"Universidad de las Artes","article_publisher":"https:\/\/www.facebook.com\/uartesec","article_published_time":"2024-04-08T21:43:00+00:00","article_modified_time":"2025-12-10T00:12:10+00:00","og_image":[{"width":2000,"height":1333,"url":"https:\/\/www.uartes.edu.ec\/sitio\/wp-content\/uploads\/2024\/04\/01-ESCUELA-DE-MEDIACION-DEL-MAMBO.jpg","type":"image\/jpeg"}],"author":"ccortez","twitter_card":"summary_large_image","twitter_creator":"@uartesec","twitter_site":"@uartesec","twitter_misc":{"\u00c9crit par":"ccortez","Dur\u00e9e de lecture estim\u00e9e":"4 minutes"},"schema":{"@context":"https:\/\/schema.org","@graph":[{"@type":"Article","@id":"https:\/\/www.uartes.edu.ec\/sitio\/fr\/blog\/2024\/04\/08\/estudiante-uartes-alex-sanchez-cumple-movilidad-academica-en-la-puj-de-bogota\/#article","isPartOf":{"@id":"https:\/\/www.uartes.edu.ec\/sitio\/fr\/blog\/2024\/04\/08\/estudiante-uartes-alex-sanchez-cumple-movilidad-academica-en-la-puj-de-bogota\/"},"author":{"name":"ccortez","@id":"https:\/\/www.uartes.edu.ec\/sitio\/fr\/#\/schema\/person\/efa1b8275797664fd7f13a79ccc0b1f4"},"headline":"Estudiante UArtes Alets S\u00e1nchez, en movilidad acad\u00e9mica en la Pontificia Universidad Javeriana (PUJ) de Bogot\u00e1","datePublished":"2024-04-08T21:43:00+00:00","dateModified":"2025-12-10T00:12:10+00:00","mainEntityOfPage":{"@id":"https:\/\/www.uartes.edu.ec\/sitio\/fr\/blog\/2024\/04\/08\/estudiante-uartes-alex-sanchez-cumple-movilidad-academica-en-la-puj-de-bogota\/"},"wordCount":627,"commentCount":0,"publisher":{"@id":"https:\/\/www.uartes.edu.ec\/sitio\/fr\/#organization"},"image":{"@id":"https:\/\/www.uartes.edu.ec\/sitio\/fr\/blog\/2024\/04\/08\/estudiante-uartes-alex-sanchez-cumple-movilidad-academica-en-la-puj-de-bogota\/#primaryimage"},"thumbnailUrl":"https:\/\/www.uartes.edu.ec\/sitio\/wp-content\/uploads\/2024\/04\/01-ESCUELA-DE-MEDIACION-DEL-MAMBO.jpg","keywords":["relaciones internacionales"],"articleSection":["Acad\u00e9mico","Artes Visuales","Estudiantes","Gesti\u00f3n","V\u00ednculo"],"inLanguage":"fr-FR","potentialAction":[{"@type":"CommentAction","name":"Comment","target":["https:\/\/www.uartes.edu.ec\/sitio\/fr\/blog\/2024\/04\/08\/estudiante-uartes-alex-sanchez-cumple-movilidad-academica-en-la-puj-de-bogota\/#respond"]}]},{"@type":["WebPage","ItemPage"],"@id":"https:\/\/www.uartes.edu.ec\/sitio\/fr\/blog\/2024\/04\/08\/estudiante-uartes-alex-sanchez-cumple-movilidad-academica-en-la-puj-de-bogota\/","url":"https:\/\/www.uartes.edu.ec\/sitio\/fr\/blog\/2024\/04\/08\/estudiante-uartes-alex-sanchez-cumple-movilidad-academica-en-la-puj-de-bogota\/","name":"Universidad de las Artes - Estudiante UArtes Alets S\u00e1nchez, en movilidad acad\u00e9mica en la Pontificia Universidad Javeriana (PUJ) de Bogot\u00e1","isPartOf":{"@id":"https:\/\/www.uartes.edu.ec\/sitio\/fr\/#website"},"primaryImageOfPage":{"@id":"https:\/\/www.uartes.edu.ec\/sitio\/fr\/blog\/2024\/04\/08\/estudiante-uartes-alex-sanchez-cumple-movilidad-academica-en-la-puj-de-bogota\/#primaryimage"},"image":{"@id":"https:\/\/www.uartes.edu.ec\/sitio\/fr\/blog\/2024\/04\/08\/estudiante-uartes-alex-sanchez-cumple-movilidad-academica-en-la-puj-de-bogota\/#primaryimage"},"thumbnailUrl":"https:\/\/www.uartes.edu.ec\/sitio\/wp-content\/uploads\/2024\/04\/01-ESCUELA-DE-MEDIACION-DEL-MAMBO.jpg","datePublished":"2024-04-08T21:43:00+00:00","dateModified":"2025-12-10T00:12:10+00:00","description":"Universidad de las Artes - Estudiante UArtes Alets S\u00e1nchez, en movilidad acad\u00e9mica en la Pontificia Universidad Javeriana (PUJ) de Bogot\u00e1","breadcrumb":{"@id":"https:\/\/www.uartes.edu.ec\/sitio\/fr\/blog\/2024\/04\/08\/estudiante-uartes-alex-sanchez-cumple-movilidad-academica-en-la-puj-de-bogota\/#breadcrumb"},"inLanguage":"fr-FR","potentialAction":[{"@type":"ReadAction","target":["https:\/\/www.uartes.edu.ec\/sitio\/fr\/blog\/2024\/04\/08\/estudiante-uartes-alex-sanchez-cumple-movilidad-academica-en-la-puj-de-bogota\/"]}]},{"@type":"ImageObject","inLanguage":"fr-FR","@id":"https:\/\/www.uartes.edu.ec\/sitio\/fr\/blog\/2024\/04\/08\/estudiante-uartes-alex-sanchez-cumple-movilidad-academica-en-la-puj-de-bogota\/#primaryimage","url":"https:\/\/www.uartes.edu.ec\/sitio\/wp-content\/uploads\/2024\/04\/01-ESCUELA-DE-MEDIACION-DEL-MAMBO.jpg","contentUrl":"https:\/\/www.uartes.edu.ec\/sitio\/wp-content\/uploads\/2024\/04\/01-ESCUELA-DE-MEDIACION-DEL-MAMBO.jpg","width":2000,"height":1333},{"@type":"BreadcrumbList","@id":"https:\/\/www.uartes.edu.ec\/sitio\/fr\/blog\/2024\/04\/08\/estudiante-uartes-alex-sanchez-cumple-movilidad-academica-en-la-puj-de-bogota\/#breadcrumb","itemListElement":[{"@type":"ListItem","position":1,"name":"Inicio","item":"https:\/\/www.uartes.edu.ec\/sitio\/"},{"@type":"ListItem","position":2,"name":"Estudiante UArtes \u00c1lex S\u00e1nchez, en movilidad acad\u00e9mica en la Pontificia Universidad Javeriana (PUJ) de Bogot\u00e1"}]},{"@type":"WebSite","@id":"https:\/\/www.uartes.edu.ec\/sitio\/fr\/#website","url":"https:\/\/www.uartes.edu.ec\/sitio\/fr\/","name":"Universidad de las Artes","description":"Sitio oficial de la Universidad Nacional de las Artes del Ecuador","publisher":{"@id":"https:\/\/www.uartes.edu.ec\/sitio\/fr\/#organization"},"potentialAction":[{"@type":"SearchAction","target":{"@type":"EntryPoint","urlTemplate":"https:\/\/www.uartes.edu.ec\/sitio\/fr\/?s={search_term_string}"},"query-input":{"@type":"PropertyValueSpecification","valueRequired":true,"valueName":"search_term_string"}}],"inLanguage":"fr-FR"},{"@type":"Organization","@id":"https:\/\/www.uartes.edu.ec\/sitio\/fr\/#organization","name":"Universidad de las Artes","url":"https:\/\/www.uartes.edu.ec\/sitio\/fr\/","logo":{"@type":"ImageObject","inLanguage":"fr-FR","@id":"https:\/\/www.uartes.edu.ec\/sitio\/fr\/#\/schema\/logo\/image\/","url":"https:\/\/www.uartes.edu.ec\/sitio\/wp-content\/uploads\/2022\/07\/logo-ua-horizontal.png","contentUrl":"https:\/\/www.uartes.edu.ec\/sitio\/wp-content\/uploads\/2022\/07\/logo-ua-horizontal.png","width":800,"height":276,"caption":"Universidad de las Artes"},"image":{"@id":"https:\/\/www.uartes.edu.ec\/sitio\/fr\/#\/schema\/logo\/image\/"},"sameAs":["https:\/\/www.facebook.com\/uartesec","https:\/\/x.com\/uartesec","https:\/\/www.tiktok.com\/@uartesec"]},{"@type":"Person","@id":"https:\/\/www.uartes.edu.ec\/sitio\/fr\/#\/schema\/person\/efa1b8275797664fd7f13a79ccc0b1f4","name":"ccortez","image":{"@type":"ImageObject","inLanguage":"fr-FR","@id":"https:\/\/secure.gravatar.com\/avatar\/b2a6f664a3ae8e074346ef91775736c5ec479e637ecced6842de9dc98b5da9cd?s=96&d=mm&r=g","url":"https:\/\/secure.gravatar.com\/avatar\/b2a6f664a3ae8e074346ef91775736c5ec479e637ecced6842de9dc98b5da9cd?s=96&d=mm&r=g","contentUrl":"https:\/\/secure.gravatar.com\/avatar\/b2a6f664a3ae8e074346ef91775736c5ec479e637ecced6842de9dc98b5da9cd?s=96&d=mm&r=g","caption":"ccortez"},"url":"https:\/\/www.uartes.edu.ec\/sitio\/fr\/blog\/author\/ccortez\/"}]}},"uagb_featured_image_src":{"full":["https:\/\/www.uartes.edu.ec\/sitio\/wp-content\/uploads\/2024\/04\/01-ESCUELA-DE-MEDIACION-DEL-MAMBO.jpg",2000,1333,false],"thumbnail":["https:\/\/www.uartes.edu.ec\/sitio\/wp-content\/uploads\/2024\/04\/01-ESCUELA-DE-MEDIACION-DEL-MAMBO-150x150.jpg",150,150,true],"medium":["https:\/\/www.uartes.edu.ec\/sitio\/wp-content\/uploads\/2024\/04\/01-ESCUELA-DE-MEDIACION-DEL-MAMBO-300x200.jpg",300,200,true],"medium_large":["https:\/\/www.uartes.edu.ec\/sitio\/wp-content\/uploads\/2024\/04\/01-ESCUELA-DE-MEDIACION-DEL-MAMBO-768x512.jpg",768,512,true],"large":["https:\/\/www.uartes.edu.ec\/sitio\/wp-content\/uploads\/2024\/04\/01-ESCUELA-DE-MEDIACION-DEL-MAMBO-644x429.jpg",644,429,true],"1536x1536":["https:\/\/www.uartes.edu.ec\/sitio\/wp-content\/uploads\/2024\/04\/01-ESCUELA-DE-MEDIACION-DEL-MAMBO-1536x1024.jpg",1536,1024,true],"2048x2048":["https:\/\/www.uartes.edu.ec\/sitio\/wp-content\/uploads\/2024\/04\/01-ESCUELA-DE-MEDIACION-DEL-MAMBO.jpg",2000,1333,false],"trp-custom-language-flag":["https:\/\/www.uartes.edu.ec\/sitio\/wp-content\/uploads\/2024\/04\/01-ESCUELA-DE-MEDIACION-DEL-MAMBO-18x12.jpg",18,12,true],"htmega_size_585x295":["https:\/\/www.uartes.edu.ec\/sitio\/wp-content\/uploads\/2024\/04\/01-ESCUELA-DE-MEDIACION-DEL-MAMBO-585x295.jpg",585,295,true],"htmega_size_1170x536":["https:\/\/www.uartes.edu.ec\/sitio\/wp-content\/uploads\/2024\/04\/01-ESCUELA-DE-MEDIACION-DEL-MAMBO-1170x536.jpg",1170,536,true],"htmega_size_396x360":["https:\/\/www.uartes.edu.ec\/sitio\/wp-content\/uploads\/2024\/04\/01-ESCUELA-DE-MEDIACION-DEL-MAMBO-396x360.jpg",396,360,true],"gb-block-post-grid-landscape":["https:\/\/www.uartes.edu.ec\/sitio\/wp-content\/uploads\/2024\/04\/01-ESCUELA-DE-MEDIACION-DEL-MAMBO-600x400.jpg",600,400,true],"gb-block-post-grid-square":["https:\/\/www.uartes.edu.ec\/sitio\/wp-content\/uploads\/2024\/04\/01-ESCUELA-DE-MEDIACION-DEL-MAMBO-600x600.jpg",600,600,true],"university-hub-thumb":["https:\/\/www.uartes.edu.ec\/sitio\/wp-content\/uploads\/2024\/04\/01-ESCUELA-DE-MEDIACION-DEL-MAMBO-400x267.jpg",400,267,true],"mailpoet_newsletter_max":["https:\/\/www.uartes.edu.ec\/sitio\/wp-content\/uploads\/2024\/04\/01-ESCUELA-DE-MEDIACION-DEL-MAMBO.jpg",1320,880,false]},"uagb_author_info":{"display_name":"ccortez","author_link":"https:\/\/www.uartes.edu.ec\/sitio\/fr\/blog\/author\/ccortez\/"},"uagb_comment_info":0,"uagb_excerpt":"Alets S\u00e1nchez Alarc\u00f3n respondi\u00f3 a una convocatoria difundida por la Direcci\u00f3n de Relaciones Internacionales de la UArtes de una movilidad acad\u00e9mica a la Pontificia Universidad Javeriana (PUJ) de Bogot\u00e1 y tras la gesti\u00f3n de la DRI viaj\u00f3 a Colombia, donde desde enero cursa asignaturas en Artes Visuales. All\u00e1 gan\u00f3 una segunda convocatoria; fue para el\u2026","featured_image_src":"https:\/\/www.uartes.edu.ec\/sitio\/wp-content\/uploads\/2024\/04\/01-ESCUELA-DE-MEDIACION-DEL-MAMBO-600x400.jpg","featured_image_src_square":"https:\/\/www.uartes.edu.ec\/sitio\/wp-content\/uploads\/2024\/04\/01-ESCUELA-DE-MEDIACION-DEL-MAMBO-600x600.jpg","author_info":{"display_name":"ccortez","author_link":"https:\/\/www.uartes.edu.ec\/sitio\/fr\/blog\/author\/ccortez\/"},"publishpress_future_workflow_manual_trigger":{"enabledWorkflows":[]},"distributor_meta":false,"distributor_terms":false,"distributor_media":false,"distributor_original_site_name":"Universidad de las Artes","distributor_original_site_url":"https:\/\/www.uartes.edu.ec\/sitio\/fr","push-errors":false,"_links":{"self":[{"href":"https:\/\/www.uartes.edu.ec\/sitio\/fr\/wp-json\/wp\/v2\/posts\/52334","targetHints":{"allow":["GET"]}}],"collection":[{"href":"https:\/\/www.uartes.edu.ec\/sitio\/fr\/wp-json\/wp\/v2\/posts"}],"about":[{"href":"https:\/\/www.uartes.edu.ec\/sitio\/fr\/wp-json\/wp\/v2\/types\/post"}],"author":[{"embeddable":true,"href":"https:\/\/www.uartes.edu.ec\/sitio\/fr\/wp-json\/wp\/v2\/users\/10"}],"replies":[{"embeddable":true,"href":"https:\/\/www.uartes.edu.ec\/sitio\/fr\/wp-json\/wp\/v2\/comments?post=52334"}],"version-history":[{"count":14,"href":"https:\/\/www.uartes.edu.ec\/sitio\/fr\/wp-json\/wp\/v2\/posts\/52334\/revisions"}],"predecessor-version":[{"id":83132,"href":"https:\/\/www.uartes.edu.ec\/sitio\/fr\/wp-json\/wp\/v2\/posts\/52334\/revisions\/83132"}],"wp:featuredmedia":[{"embeddable":true,"href":"https:\/\/www.uartes.edu.ec\/sitio\/fr\/wp-json\/wp\/v2\/media\/52335"}],"wp:attachment":[{"href":"https:\/\/www.uartes.edu.ec\/sitio\/fr\/wp-json\/wp\/v2\/media?parent=52334"}],"wp:term":[{"taxonomy":"category","embeddable":true,"href":"https:\/\/www.uartes.edu.ec\/sitio\/fr\/wp-json\/wp\/v2\/categories?post=52334"},{"taxonomy":"post_tag","embeddable":true,"href":"https:\/\/www.uartes.edu.ec\/sitio\/fr\/wp-json\/wp\/v2\/tags?post=52334"},{"taxonomy":"infouartes","embeddable":true,"href":"https:\/\/www.uartes.edu.ec\/sitio\/fr\/wp-json\/wp\/v2\/infouartes?post=52334"}],"curies":[{"name":"wp","href":"https:\/\/api.w.org\/{rel}","templated":true}]}}