{"id":52511,"date":"2024-04-12T17:08:22","date_gmt":"2024-04-12T22:08:22","guid":{"rendered":"https:\/\/www.uartes.edu.ec\/sitio\/?p=52511"},"modified":"2024-07-04T11:19:09","modified_gmt":"2024-07-04T16:19:09","slug":"el-libro-en-sus-diferentes-formatos-en-las-charlas-y-talleres-de-la-semana-cultural-de-lanfor-abierta","status":"publish","type":"post","link":"https:\/\/www.uartes.edu.ec\/sitio\/fr\/blog\/2024\/04\/12\/el-libro-en-sus-diferentes-formatos-en-las-charlas-y-talleres-de-la-semana-cultural-de-lanfor-abierta\/","title":{"rendered":"El libro en sus diferentes formatos en los talleres y charlas de Lanfor Abierta"},"content":{"rendered":"<p>La Biblioteca de las Artes llega en este 2024 a la tercera edici\u00f3n de la Semana Cultural Lanfor Abierta, la cual se desarrolla por el D\u00eda Internacional del Libro. Se trata de una jornada de cuatro d\u00edas, desde el 23 hasta el 26 de abril, que estar\u00e1 nutrida de charlas, conferencias y talleres.<\/p>\n\n\n\n<p>Para este a\u00f1o, toda la propuesta de la agenda cultural gira en torno al libro en sus diferentes formatos, por lo que se contar\u00e1 con: talleres de fanzine, dirigidos por las artistas Paola Salazar, Ana Crespo y Franco Dom\u00e9nica Concha; la presentaci\u00f3n de la app \u201cBraille tecnol\u00f3gico, inclusivo y accesible\u201d, por el artista Lalinchi Arreaga Burgos; el taller de \u201cSistema de lectoescritura Braille\u201d, dirigido por docentes del Centro Municipal de Apoyo para Personas con Discapacidad Visual \u201cCuatro de Enero\u201d; y el taller \u201cGestiona tu biblioteca comunitaria\u201d, proporcionado por funcionarios de la Biblioteca de las Artes.<\/p>\n\n\n\n<p>En cuanto a la historia del libro, este a\u00f1o se llevar\u00e1n a cabo dos importantes conversatorios, en donde participar\u00e1n docentes de la Escuela de Literatura de la Universidad de las Artes con: \u201cCharla literaria sobre el libro <em>El infinito en un junco: la invenci\u00f3n de los libros en el mundo antiguo<\/em>\u201d, a cargo del doctor Fernando Montenegro; y \u201cJoyas literarias en los archivos de El Tel\u00e9grafo\u201d, por la doctora Siomara Espa\u00f1a.<\/p>\n\n\n<div class=\"wp-block-image\">\n<figure class=\"aligncenter size-large\"><img fetchpriority=\"high\" decoding=\"async\" width=\"644\" height=\"419\" src=\"https:\/\/www.uartes.edu.ec\/sitio\/wp-content\/uploads\/2024\/04\/lanfor002-644x419.jpg\" alt=\"\" class=\"wp-image-52514\" srcset=\"https:\/\/www.uartes.edu.ec\/sitio\/wp-content\/uploads\/2024\/04\/lanfor002-644x419.jpg 644w, https:\/\/www.uartes.edu.ec\/sitio\/wp-content\/uploads\/2024\/04\/lanfor002-300x195.jpg 300w, https:\/\/www.uartes.edu.ec\/sitio\/wp-content\/uploads\/2024\/04\/lanfor002-768x500.jpg 768w, https:\/\/www.uartes.edu.ec\/sitio\/wp-content\/uploads\/2024\/04\/lanfor002-1536x1000.jpg 1536w, https:\/\/www.uartes.edu.ec\/sitio\/wp-content\/uploads\/2024\/04\/lanfor002-18x12.jpg 18w, https:\/\/www.uartes.edu.ec\/sitio\/wp-content\/uploads\/2024\/04\/lanfor002-400x260.jpg 400w, https:\/\/www.uartes.edu.ec\/sitio\/wp-content\/uploads\/2024\/04\/lanfor002-600x391.jpg 600w, https:\/\/www.uartes.edu.ec\/sitio\/wp-content\/uploads\/2024\/04\/lanfor002.jpg 2048w\" sizes=\"(max-width: 644px) 100vw, 644px\" \/><\/figure>\n<\/div>\n\n\n<p>En la Sala R\u00eda, \u00e1rea de la Biblioteca de las Artes para las infancias, tambi\u00e9n se contar\u00e1 con dos talleres facilitados por la Fundaci\u00f3n Amazona Lilacina y la presentaci\u00f3n del libro colectivo cartonero KaribuLeo, que estar\u00e1 a cargo de la acad\u00e9mica y editora especializada en cultura Camila Corral, docente de la Universidad de las Artes.<\/p>\n\n\n\n<p>El 25 de abril, participar\u00e1n Miguel V\u00e1squez, del Ministerio de Inclusi\u00f3n Econ\u00f3mica y Social; Carlos Pacheco, del Instituto Nacional de Patrimonio Cultural; y el acad\u00e9mico Flavio Arosemena, en un conjunto de tres charlas direccionadas hacia el conocimiento de la inteligencia artificial en el contexto de los derechos de autor, la preservaci\u00f3n y conservaci\u00f3n de los libros y el libro como fuente de ocio; actividades de gran inter\u00e9s para escritores, bibliotecarios, docentes y estudiantes.<\/p>\n\n\n<div class=\"wp-block-image\">\n<figure class=\"aligncenter size-large\"><img decoding=\"async\" width=\"644\" height=\"419\" src=\"https:\/\/www.uartes.edu.ec\/sitio\/wp-content\/uploads\/2024\/04\/lanfor003-644x419.jpg\" alt=\"\" class=\"wp-image-52513\" srcset=\"https:\/\/www.uartes.edu.ec\/sitio\/wp-content\/uploads\/2024\/04\/lanfor003-644x419.jpg 644w, https:\/\/www.uartes.edu.ec\/sitio\/wp-content\/uploads\/2024\/04\/lanfor003-300x195.jpg 300w, https:\/\/www.uartes.edu.ec\/sitio\/wp-content\/uploads\/2024\/04\/lanfor003-768x500.jpg 768w, https:\/\/www.uartes.edu.ec\/sitio\/wp-content\/uploads\/2024\/04\/lanfor003-1536x1000.jpg 1536w, https:\/\/www.uartes.edu.ec\/sitio\/wp-content\/uploads\/2024\/04\/lanfor003-18x12.jpg 18w, https:\/\/www.uartes.edu.ec\/sitio\/wp-content\/uploads\/2024\/04\/lanfor003-400x260.jpg 400w, https:\/\/www.uartes.edu.ec\/sitio\/wp-content\/uploads\/2024\/04\/lanfor003-600x391.jpg 600w, https:\/\/www.uartes.edu.ec\/sitio\/wp-content\/uploads\/2024\/04\/lanfor003.jpg 2000w\" sizes=\"(max-width: 644px) 100vw, 644px\" \/><\/figure>\n<\/div>\n\n\n<p>En Lanfor Abierta tendr\u00e1 lugar tambi\u00e9n otras actividades institucionales, como la ceremonia conmemorativa por los Cinco a\u00f1os de creaci\u00f3n de la Biblioteca de las Artes, la Feria de Pr\u00e1cticas Preprofesionales (para estudiantes de la UArtes) y la premiaci\u00f3n del Concurso de Fotograf\u00eda \u201cComunidad UArtes\u201d.<\/p>\n\n\n\n<p>Adicionalmente, se contar\u00e1 con el ya tradicional intercambio de libros, que ha figurado, en las dos anteriores ediciones, como una de las actividades favoritas de lectores \u00e1vidos por hallar libros antiguos y nuevos. Cabe recalcar que, todas estas actividades son abiertas al p\u00fablico y de acceso libre.<\/p>\n\n\n\n<p>Para conocer m\u00e1s sobre la agenda del \u201cLanfor Abierta\u201d: Instagram @bibliouartes<\/p>\n\n\n\n<p>Para inscripciones en los talleres, charlas y conferencias: <a href=\"https:\/\/l.instagram.com\/?u=https%3A%2F%2Flinktr.ee%2FBiblio.UArtes&amp;e=AT2v16rKNldMlxHLCdMBJIIvTWD06ySUVzGsO_gDyP7RpRN47FOadwjzJx3p-PEcAd32H2i2N5WPmAuE3BCUE1bJlwuz-lkbBmHXhQ\" target=\"_blank\" rel=\"noreferrer noopener\">linktr.ee\/Biblio.UArtes<\/a><\/p>\n\n\n\n<p>Texto: Zully Ord\u00f3\u00f1ez, gestora cultural de la Biblioteca de las Artes.<br>Fotos: Harold Maridue\u00f1a, de la Biblioteca de las Artes.<\/p>","protected":false},"excerpt":{"rendered":"<p>La agenda de la Semana Cultural de Lanfor Abierta gira en torno al libro en sus diferentes formatos. Por esa raz\u00f3n, la Biblioteca de las Artes ha organizado para su tercera edici\u00f3n \u2013que ser\u00e1 del 23 al 26 de abril\u2013 charlas, conferencias y talleres, como el de fanzine, de \u201cSistema de lectoescritura Braille\u201d y \u201cGestiona tu biblioteca comunitaria\u201d. Habr\u00e1 tambi\u00e9n, entre otras actividades, la presentaci\u00f3n del libro colectivo cartonero KaribuLeo.<\/p>","protected":false},"author":10,"featured_media":52512,"comment_status":"open","ping_status":"open","sticky":false,"template":"","format":"standard","meta":{"_acf_changed":false,"_uag_custom_page_level_css":"","_monsterinsights_skip_tracking":false,"_monsterinsights_sitenote_active":false,"_monsterinsights_sitenote_note":"","_monsterinsights_sitenote_category":0,"cybocfi_hide_featured_image":"","footnotes":""},"categories":[80,438,490,159,150,157,147,75,76,77,175],"tags":[780],"infouartes":[],"class_list":["post-52511","post","type-post","status-publish","format-standard","has-post-thumbnail","hentry","category-academico","category-administrativos","category-alumni","category-artes-escenicas","category-artes-sonoras","category-artes-visuales","category-cine","category-docentes","category-estudiantes","category-gestion","category-literatura","tag-biblioteca-de-las-artes"],"acf":[],"yoast_head":"<!-- This site is optimized with the Yoast SEO plugin v27.4 - https:\/\/yoast.com\/product\/yoast-seo-wordpress\/ -->\n<title>Universidad de las Artes - El libro en sus diferentes formatos en los talleres y charlas de Lanfor Abierta<\/title>\n<meta name=\"description\" content=\"Universidad de las Artes - El libro en sus diferentes formatos en los talleres y charlas de Lanfor Abierta\" \/>\n<meta name=\"robots\" content=\"index, follow, max-snippet:-1, max-image-preview:large, max-video-preview:-1\" \/>\n<link rel=\"canonical\" href=\"https:\/\/www.uartes.edu.ec\/sitio\/fr\/blog\/2024\/04\/12\/el-libro-en-sus-diferentes-formatos-en-las-charlas-y-talleres-de-la-semana-cultural-de-lanfor-abierta\/\" \/>\n<meta property=\"og:locale\" content=\"fr_FR\" \/>\n<meta property=\"og:type\" content=\"article\" \/>\n<meta property=\"og:title\" content=\"Universidad de las Artes - El libro en sus diferentes formatos en los talleres y charlas de Lanfor Abierta\" \/>\n<meta property=\"og:description\" content=\"Universidad de las Artes - El libro en sus diferentes formatos en los talleres y charlas de Lanfor Abierta\" \/>\n<meta property=\"og:url\" content=\"https:\/\/www.uartes.edu.ec\/sitio\/fr\/blog\/2024\/04\/12\/el-libro-en-sus-diferentes-formatos-en-las-charlas-y-talleres-de-la-semana-cultural-de-lanfor-abierta\/\" \/>\n<meta property=\"og:site_name\" content=\"Universidad de las Artes\" \/>\n<meta property=\"article:publisher\" content=\"https:\/\/www.facebook.com\/uartesec\" \/>\n<meta property=\"article:published_time\" content=\"2024-04-12T22:08:22+00:00\" \/>\n<meta property=\"article:modified_time\" content=\"2024-07-04T16:19:09+00:00\" \/>\n<meta property=\"og:image\" content=\"https:\/\/www.uartes.edu.ec\/sitio\/wp-content\/uploads\/2024\/04\/lanfor001.jpg\" \/>\n\t<meta property=\"og:image:width\" content=\"1777\" \/>\n\t<meta property=\"og:image:height\" content=\"1333\" \/>\n\t<meta property=\"og:image:type\" content=\"image\/jpeg\" \/>\n<meta name=\"author\" content=\"ccortez\" \/>\n<meta name=\"twitter:card\" content=\"summary_large_image\" \/>\n<meta name=\"twitter:creator\" content=\"@uartesec\" \/>\n<meta name=\"twitter:site\" content=\"@uartesec\" \/>\n<meta name=\"twitter:label1\" content=\"\u00c9crit par\" \/>\n\t<meta name=\"twitter:data1\" content=\"ccortez\" \/>\n\t<meta name=\"twitter:label2\" content=\"Dur\u00e9e de lecture estim\u00e9e\" \/>\n\t<meta name=\"twitter:data2\" content=\"3 minutes\" \/>\n<script type=\"application\/ld+json\" class=\"yoast-schema-graph\">{\"@context\":\"https:\\\/\\\/schema.org\",\"@graph\":[{\"@type\":\"Article\",\"@id\":\"https:\\\/\\\/www.uartes.edu.ec\\\/sitio\\\/fr\\\/blog\\\/2024\\\/04\\\/12\\\/el-libro-en-sus-diferentes-formatos-en-las-charlas-y-talleres-de-la-semana-cultural-de-lanfor-abierta\\\/#article\",\"isPartOf\":{\"@id\":\"https:\\\/\\\/www.uartes.edu.ec\\\/sitio\\\/fr\\\/blog\\\/2024\\\/04\\\/12\\\/el-libro-en-sus-diferentes-formatos-en-las-charlas-y-talleres-de-la-semana-cultural-de-lanfor-abierta\\\/\"},\"author\":{\"name\":\"ccortez\",\"@id\":\"https:\\\/\\\/www.uartes.edu.ec\\\/sitio\\\/fr\\\/#\\\/schema\\\/person\\\/efa1b8275797664fd7f13a79ccc0b1f4\"},\"headline\":\"El libro en sus diferentes formatos en los talleres y charlas de Lanfor Abierta\",\"datePublished\":\"2024-04-12T22:08:22+00:00\",\"dateModified\":\"2024-07-04T16:19:09+00:00\",\"mainEntityOfPage\":{\"@id\":\"https:\\\/\\\/www.uartes.edu.ec\\\/sitio\\\/fr\\\/blog\\\/2024\\\/04\\\/12\\\/el-libro-en-sus-diferentes-formatos-en-las-charlas-y-talleres-de-la-semana-cultural-de-lanfor-abierta\\\/\"},\"wordCount\":527,\"commentCount\":0,\"publisher\":{\"@id\":\"https:\\\/\\\/www.uartes.edu.ec\\\/sitio\\\/fr\\\/#organization\"},\"image\":{\"@id\":\"https:\\\/\\\/www.uartes.edu.ec\\\/sitio\\\/fr\\\/blog\\\/2024\\\/04\\\/12\\\/el-libro-en-sus-diferentes-formatos-en-las-charlas-y-talleres-de-la-semana-cultural-de-lanfor-abierta\\\/#primaryimage\"},\"thumbnailUrl\":\"https:\\\/\\\/www.uartes.edu.ec\\\/sitio\\\/wp-content\\\/uploads\\\/2024\\\/04\\\/lanfor001.jpg\",\"keywords\":[\"biblioteca de las artes\"],\"articleSection\":[\"Acad\u00e9mico\",\"Administrativos\",\"Alumni\",\"Artes Esc\u00e9nicas\",\"Artes Sonoras\",\"Artes Visuales\",\"Cine\",\"Docentes\",\"Estudiantes\",\"Gesti\u00f3n\",\"Literatura\"],\"inLanguage\":\"fr-FR\",\"potentialAction\":[{\"@type\":\"CommentAction\",\"name\":\"Comment\",\"target\":[\"https:\\\/\\\/www.uartes.edu.ec\\\/sitio\\\/fr\\\/blog\\\/2024\\\/04\\\/12\\\/el-libro-en-sus-diferentes-formatos-en-las-charlas-y-talleres-de-la-semana-cultural-de-lanfor-abierta\\\/#respond\"]}]},{\"@type\":[\"WebPage\",\"ItemPage\"],\"@id\":\"https:\\\/\\\/www.uartes.edu.ec\\\/sitio\\\/fr\\\/blog\\\/2024\\\/04\\\/12\\\/el-libro-en-sus-diferentes-formatos-en-las-charlas-y-talleres-de-la-semana-cultural-de-lanfor-abierta\\\/\",\"url\":\"https:\\\/\\\/www.uartes.edu.ec\\\/sitio\\\/fr\\\/blog\\\/2024\\\/04\\\/12\\\/el-libro-en-sus-diferentes-formatos-en-las-charlas-y-talleres-de-la-semana-cultural-de-lanfor-abierta\\\/\",\"name\":\"Universidad de las Artes - El libro en sus diferentes formatos en los talleres y charlas de Lanfor Abierta\",\"isPartOf\":{\"@id\":\"https:\\\/\\\/www.uartes.edu.ec\\\/sitio\\\/fr\\\/#website\"},\"primaryImageOfPage\":{\"@id\":\"https:\\\/\\\/www.uartes.edu.ec\\\/sitio\\\/fr\\\/blog\\\/2024\\\/04\\\/12\\\/el-libro-en-sus-diferentes-formatos-en-las-charlas-y-talleres-de-la-semana-cultural-de-lanfor-abierta\\\/#primaryimage\"},\"image\":{\"@id\":\"https:\\\/\\\/www.uartes.edu.ec\\\/sitio\\\/fr\\\/blog\\\/2024\\\/04\\\/12\\\/el-libro-en-sus-diferentes-formatos-en-las-charlas-y-talleres-de-la-semana-cultural-de-lanfor-abierta\\\/#primaryimage\"},\"thumbnailUrl\":\"https:\\\/\\\/www.uartes.edu.ec\\\/sitio\\\/wp-content\\\/uploads\\\/2024\\\/04\\\/lanfor001.jpg\",\"datePublished\":\"2024-04-12T22:08:22+00:00\",\"dateModified\":\"2024-07-04T16:19:09+00:00\",\"description\":\"Universidad de las Artes - El libro en sus diferentes formatos en los talleres y charlas de Lanfor Abierta\",\"breadcrumb\":{\"@id\":\"https:\\\/\\\/www.uartes.edu.ec\\\/sitio\\\/fr\\\/blog\\\/2024\\\/04\\\/12\\\/el-libro-en-sus-diferentes-formatos-en-las-charlas-y-talleres-de-la-semana-cultural-de-lanfor-abierta\\\/#breadcrumb\"},\"inLanguage\":\"fr-FR\",\"potentialAction\":[{\"@type\":\"ReadAction\",\"target\":[\"https:\\\/\\\/www.uartes.edu.ec\\\/sitio\\\/fr\\\/blog\\\/2024\\\/04\\\/12\\\/el-libro-en-sus-diferentes-formatos-en-las-charlas-y-talleres-de-la-semana-cultural-de-lanfor-abierta\\\/\"]}]},{\"@type\":\"ImageObject\",\"inLanguage\":\"fr-FR\",\"@id\":\"https:\\\/\\\/www.uartes.edu.ec\\\/sitio\\\/fr\\\/blog\\\/2024\\\/04\\\/12\\\/el-libro-en-sus-diferentes-formatos-en-las-charlas-y-talleres-de-la-semana-cultural-de-lanfor-abierta\\\/#primaryimage\",\"url\":\"https:\\\/\\\/www.uartes.edu.ec\\\/sitio\\\/wp-content\\\/uploads\\\/2024\\\/04\\\/lanfor001.jpg\",\"contentUrl\":\"https:\\\/\\\/www.uartes.edu.ec\\\/sitio\\\/wp-content\\\/uploads\\\/2024\\\/04\\\/lanfor001.jpg\",\"width\":1777,\"height\":1333},{\"@type\":\"BreadcrumbList\",\"@id\":\"https:\\\/\\\/www.uartes.edu.ec\\\/sitio\\\/fr\\\/blog\\\/2024\\\/04\\\/12\\\/el-libro-en-sus-diferentes-formatos-en-las-charlas-y-talleres-de-la-semana-cultural-de-lanfor-abierta\\\/#breadcrumb\",\"itemListElement\":[{\"@type\":\"ListItem\",\"position\":1,\"name\":\"Inicio\",\"item\":\"https:\\\/\\\/www.uartes.edu.ec\\\/sitio\\\/\"},{\"@type\":\"ListItem\",\"position\":2,\"name\":\"El libro en sus diferentes formatos en los talleres y charlas de Lanfor Abierta\"}]},{\"@type\":\"WebSite\",\"@id\":\"https:\\\/\\\/www.uartes.edu.ec\\\/sitio\\\/fr\\\/#website\",\"url\":\"https:\\\/\\\/www.uartes.edu.ec\\\/sitio\\\/fr\\\/\",\"name\":\"Universidad de las Artes\",\"description\":\"Sitio oficial de la Universidad Nacional de las Artes del Ecuador\",\"publisher\":{\"@id\":\"https:\\\/\\\/www.uartes.edu.ec\\\/sitio\\\/fr\\\/#organization\"},\"potentialAction\":[{\"@type\":\"SearchAction\",\"target\":{\"@type\":\"EntryPoint\",\"urlTemplate\":\"https:\\\/\\\/www.uartes.edu.ec\\\/sitio\\\/fr\\\/?s={search_term_string}\"},\"query-input\":{\"@type\":\"PropertyValueSpecification\",\"valueRequired\":true,\"valueName\":\"search_term_string\"}}],\"inLanguage\":\"fr-FR\"},{\"@type\":\"Organization\",\"@id\":\"https:\\\/\\\/www.uartes.edu.ec\\\/sitio\\\/fr\\\/#organization\",\"name\":\"Universidad de las Artes\",\"url\":\"https:\\\/\\\/www.uartes.edu.ec\\\/sitio\\\/fr\\\/\",\"logo\":{\"@type\":\"ImageObject\",\"inLanguage\":\"fr-FR\",\"@id\":\"https:\\\/\\\/www.uartes.edu.ec\\\/sitio\\\/fr\\\/#\\\/schema\\\/logo\\\/image\\\/\",\"url\":\"https:\\\/\\\/www.uartes.edu.ec\\\/sitio\\\/wp-content\\\/uploads\\\/2022\\\/07\\\/logo-ua-horizontal.png\",\"contentUrl\":\"https:\\\/\\\/www.uartes.edu.ec\\\/sitio\\\/wp-content\\\/uploads\\\/2022\\\/07\\\/logo-ua-horizontal.png\",\"width\":800,\"height\":276,\"caption\":\"Universidad de las Artes\"},\"image\":{\"@id\":\"https:\\\/\\\/www.uartes.edu.ec\\\/sitio\\\/fr\\\/#\\\/schema\\\/logo\\\/image\\\/\"},\"sameAs\":[\"https:\\\/\\\/www.facebook.com\\\/uartesec\",\"https:\\\/\\\/x.com\\\/uartesec\",\"https:\\\/\\\/www.tiktok.com\\\/@uartesec\"]},{\"@type\":\"Person\",\"@id\":\"https:\\\/\\\/www.uartes.edu.ec\\\/sitio\\\/fr\\\/#\\\/schema\\\/person\\\/efa1b8275797664fd7f13a79ccc0b1f4\",\"name\":\"ccortez\",\"image\":{\"@type\":\"ImageObject\",\"inLanguage\":\"fr-FR\",\"@id\":\"https:\\\/\\\/secure.gravatar.com\\\/avatar\\\/b2a6f664a3ae8e074346ef91775736c5ec479e637ecced6842de9dc98b5da9cd?s=96&d=mm&r=g\",\"url\":\"https:\\\/\\\/secure.gravatar.com\\\/avatar\\\/b2a6f664a3ae8e074346ef91775736c5ec479e637ecced6842de9dc98b5da9cd?s=96&d=mm&r=g\",\"contentUrl\":\"https:\\\/\\\/secure.gravatar.com\\\/avatar\\\/b2a6f664a3ae8e074346ef91775736c5ec479e637ecced6842de9dc98b5da9cd?s=96&d=mm&r=g\",\"caption\":\"ccortez\"},\"url\":\"https:\\\/\\\/www.uartes.edu.ec\\\/sitio\\\/fr\\\/blog\\\/author\\\/ccortez\\\/\"}]}<\/script>\n<!-- \/ Yoast SEO plugin. -->","yoast_head_json":{"title":"Universidad de las Artes - El libro en sus diferentes formatos en los talleres y charlas de Lanfor Abierta","description":"Universidad de las Artes - El libro en sus diferentes formatos en los talleres y charlas de Lanfor Abierta","robots":{"index":"index","follow":"follow","max-snippet":"max-snippet:-1","max-image-preview":"max-image-preview:large","max-video-preview":"max-video-preview:-1"},"canonical":"https:\/\/www.uartes.edu.ec\/sitio\/fr\/blog\/2024\/04\/12\/el-libro-en-sus-diferentes-formatos-en-las-charlas-y-talleres-de-la-semana-cultural-de-lanfor-abierta\/","og_locale":"fr_FR","og_type":"article","og_title":"Universidad de las Artes - El libro en sus diferentes formatos en los talleres y charlas de Lanfor Abierta","og_description":"Universidad de las Artes - El libro en sus diferentes formatos en los talleres y charlas de Lanfor Abierta","og_url":"https:\/\/www.uartes.edu.ec\/sitio\/fr\/blog\/2024\/04\/12\/el-libro-en-sus-diferentes-formatos-en-las-charlas-y-talleres-de-la-semana-cultural-de-lanfor-abierta\/","og_site_name":"Universidad de las Artes","article_publisher":"https:\/\/www.facebook.com\/uartesec","article_published_time":"2024-04-12T22:08:22+00:00","article_modified_time":"2024-07-04T16:19:09+00:00","og_image":[{"width":1777,"height":1333,"url":"https:\/\/www.uartes.edu.ec\/sitio\/wp-content\/uploads\/2024\/04\/lanfor001.jpg","type":"image\/jpeg"}],"author":"ccortez","twitter_card":"summary_large_image","twitter_creator":"@uartesec","twitter_site":"@uartesec","twitter_misc":{"\u00c9crit par":"ccortez","Dur\u00e9e de lecture estim\u00e9e":"3 minutes"},"schema":{"@context":"https:\/\/schema.org","@graph":[{"@type":"Article","@id":"https:\/\/www.uartes.edu.ec\/sitio\/fr\/blog\/2024\/04\/12\/el-libro-en-sus-diferentes-formatos-en-las-charlas-y-talleres-de-la-semana-cultural-de-lanfor-abierta\/#article","isPartOf":{"@id":"https:\/\/www.uartes.edu.ec\/sitio\/fr\/blog\/2024\/04\/12\/el-libro-en-sus-diferentes-formatos-en-las-charlas-y-talleres-de-la-semana-cultural-de-lanfor-abierta\/"},"author":{"name":"ccortez","@id":"https:\/\/www.uartes.edu.ec\/sitio\/fr\/#\/schema\/person\/efa1b8275797664fd7f13a79ccc0b1f4"},"headline":"El libro en sus diferentes formatos en los talleres y charlas de Lanfor Abierta","datePublished":"2024-04-12T22:08:22+00:00","dateModified":"2024-07-04T16:19:09+00:00","mainEntityOfPage":{"@id":"https:\/\/www.uartes.edu.ec\/sitio\/fr\/blog\/2024\/04\/12\/el-libro-en-sus-diferentes-formatos-en-las-charlas-y-talleres-de-la-semana-cultural-de-lanfor-abierta\/"},"wordCount":527,"commentCount":0,"publisher":{"@id":"https:\/\/www.uartes.edu.ec\/sitio\/fr\/#organization"},"image":{"@id":"https:\/\/www.uartes.edu.ec\/sitio\/fr\/blog\/2024\/04\/12\/el-libro-en-sus-diferentes-formatos-en-las-charlas-y-talleres-de-la-semana-cultural-de-lanfor-abierta\/#primaryimage"},"thumbnailUrl":"https:\/\/www.uartes.edu.ec\/sitio\/wp-content\/uploads\/2024\/04\/lanfor001.jpg","keywords":["biblioteca de las artes"],"articleSection":["Acad\u00e9mico","Administrativos","Alumni","Artes Esc\u00e9nicas","Artes Sonoras","Artes Visuales","Cine","Docentes","Estudiantes","Gesti\u00f3n","Literatura"],"inLanguage":"fr-FR","potentialAction":[{"@type":"CommentAction","name":"Comment","target":["https:\/\/www.uartes.edu.ec\/sitio\/fr\/blog\/2024\/04\/12\/el-libro-en-sus-diferentes-formatos-en-las-charlas-y-talleres-de-la-semana-cultural-de-lanfor-abierta\/#respond"]}]},{"@type":["WebPage","ItemPage"],"@id":"https:\/\/www.uartes.edu.ec\/sitio\/fr\/blog\/2024\/04\/12\/el-libro-en-sus-diferentes-formatos-en-las-charlas-y-talleres-de-la-semana-cultural-de-lanfor-abierta\/","url":"https:\/\/www.uartes.edu.ec\/sitio\/fr\/blog\/2024\/04\/12\/el-libro-en-sus-diferentes-formatos-en-las-charlas-y-talleres-de-la-semana-cultural-de-lanfor-abierta\/","name":"Universidad de las Artes - El libro en sus diferentes formatos en los talleres y charlas de Lanfor Abierta","isPartOf":{"@id":"https:\/\/www.uartes.edu.ec\/sitio\/fr\/#website"},"primaryImageOfPage":{"@id":"https:\/\/www.uartes.edu.ec\/sitio\/fr\/blog\/2024\/04\/12\/el-libro-en-sus-diferentes-formatos-en-las-charlas-y-talleres-de-la-semana-cultural-de-lanfor-abierta\/#primaryimage"},"image":{"@id":"https:\/\/www.uartes.edu.ec\/sitio\/fr\/blog\/2024\/04\/12\/el-libro-en-sus-diferentes-formatos-en-las-charlas-y-talleres-de-la-semana-cultural-de-lanfor-abierta\/#primaryimage"},"thumbnailUrl":"https:\/\/www.uartes.edu.ec\/sitio\/wp-content\/uploads\/2024\/04\/lanfor001.jpg","datePublished":"2024-04-12T22:08:22+00:00","dateModified":"2024-07-04T16:19:09+00:00","description":"Universidad de las Artes - El libro en sus diferentes formatos en los talleres y charlas de Lanfor Abierta","breadcrumb":{"@id":"https:\/\/www.uartes.edu.ec\/sitio\/fr\/blog\/2024\/04\/12\/el-libro-en-sus-diferentes-formatos-en-las-charlas-y-talleres-de-la-semana-cultural-de-lanfor-abierta\/#breadcrumb"},"inLanguage":"fr-FR","potentialAction":[{"@type":"ReadAction","target":["https:\/\/www.uartes.edu.ec\/sitio\/fr\/blog\/2024\/04\/12\/el-libro-en-sus-diferentes-formatos-en-las-charlas-y-talleres-de-la-semana-cultural-de-lanfor-abierta\/"]}]},{"@type":"ImageObject","inLanguage":"fr-FR","@id":"https:\/\/www.uartes.edu.ec\/sitio\/fr\/blog\/2024\/04\/12\/el-libro-en-sus-diferentes-formatos-en-las-charlas-y-talleres-de-la-semana-cultural-de-lanfor-abierta\/#primaryimage","url":"https:\/\/www.uartes.edu.ec\/sitio\/wp-content\/uploads\/2024\/04\/lanfor001.jpg","contentUrl":"https:\/\/www.uartes.edu.ec\/sitio\/wp-content\/uploads\/2024\/04\/lanfor001.jpg","width":1777,"height":1333},{"@type":"BreadcrumbList","@id":"https:\/\/www.uartes.edu.ec\/sitio\/fr\/blog\/2024\/04\/12\/el-libro-en-sus-diferentes-formatos-en-las-charlas-y-talleres-de-la-semana-cultural-de-lanfor-abierta\/#breadcrumb","itemListElement":[{"@type":"ListItem","position":1,"name":"Inicio","item":"https:\/\/www.uartes.edu.ec\/sitio\/"},{"@type":"ListItem","position":2,"name":"El libro en sus diferentes formatos en los talleres y charlas de Lanfor Abierta"}]},{"@type":"WebSite","@id":"https:\/\/www.uartes.edu.ec\/sitio\/fr\/#website","url":"https:\/\/www.uartes.edu.ec\/sitio\/fr\/","name":"Universidad de las Artes","description":"Sitio oficial de la Universidad Nacional de las Artes del Ecuador","publisher":{"@id":"https:\/\/www.uartes.edu.ec\/sitio\/fr\/#organization"},"potentialAction":[{"@type":"SearchAction","target":{"@type":"EntryPoint","urlTemplate":"https:\/\/www.uartes.edu.ec\/sitio\/fr\/?s={search_term_string}"},"query-input":{"@type":"PropertyValueSpecification","valueRequired":true,"valueName":"search_term_string"}}],"inLanguage":"fr-FR"},{"@type":"Organization","@id":"https:\/\/www.uartes.edu.ec\/sitio\/fr\/#organization","name":"Universidad de las Artes","url":"https:\/\/www.uartes.edu.ec\/sitio\/fr\/","logo":{"@type":"ImageObject","inLanguage":"fr-FR","@id":"https:\/\/www.uartes.edu.ec\/sitio\/fr\/#\/schema\/logo\/image\/","url":"https:\/\/www.uartes.edu.ec\/sitio\/wp-content\/uploads\/2022\/07\/logo-ua-horizontal.png","contentUrl":"https:\/\/www.uartes.edu.ec\/sitio\/wp-content\/uploads\/2022\/07\/logo-ua-horizontal.png","width":800,"height":276,"caption":"Universidad de las Artes"},"image":{"@id":"https:\/\/www.uartes.edu.ec\/sitio\/fr\/#\/schema\/logo\/image\/"},"sameAs":["https:\/\/www.facebook.com\/uartesec","https:\/\/x.com\/uartesec","https:\/\/www.tiktok.com\/@uartesec"]},{"@type":"Person","@id":"https:\/\/www.uartes.edu.ec\/sitio\/fr\/#\/schema\/person\/efa1b8275797664fd7f13a79ccc0b1f4","name":"ccortez","image":{"@type":"ImageObject","inLanguage":"fr-FR","@id":"https:\/\/secure.gravatar.com\/avatar\/b2a6f664a3ae8e074346ef91775736c5ec479e637ecced6842de9dc98b5da9cd?s=96&d=mm&r=g","url":"https:\/\/secure.gravatar.com\/avatar\/b2a6f664a3ae8e074346ef91775736c5ec479e637ecced6842de9dc98b5da9cd?s=96&d=mm&r=g","contentUrl":"https:\/\/secure.gravatar.com\/avatar\/b2a6f664a3ae8e074346ef91775736c5ec479e637ecced6842de9dc98b5da9cd?s=96&d=mm&r=g","caption":"ccortez"},"url":"https:\/\/www.uartes.edu.ec\/sitio\/fr\/blog\/author\/ccortez\/"}]}},"uagb_featured_image_src":{"full":["https:\/\/www.uartes.edu.ec\/sitio\/wp-content\/uploads\/2024\/04\/lanfor001.jpg",1777,1333,false],"thumbnail":["https:\/\/www.uartes.edu.ec\/sitio\/wp-content\/uploads\/2024\/04\/lanfor001-150x150.jpg",150,150,true],"medium":["https:\/\/www.uartes.edu.ec\/sitio\/wp-content\/uploads\/2024\/04\/lanfor001-300x225.jpg",300,225,true],"medium_large":["https:\/\/www.uartes.edu.ec\/sitio\/wp-content\/uploads\/2024\/04\/lanfor001-768x576.jpg",768,576,true],"large":["https:\/\/www.uartes.edu.ec\/sitio\/wp-content\/uploads\/2024\/04\/lanfor001-644x483.jpg",644,483,true],"1536x1536":["https:\/\/www.uartes.edu.ec\/sitio\/wp-content\/uploads\/2024\/04\/lanfor001-1536x1152.jpg",1536,1152,true],"2048x2048":["https:\/\/www.uartes.edu.ec\/sitio\/wp-content\/uploads\/2024\/04\/lanfor001.jpg",1777,1333,false],"trp-custom-language-flag":["https:\/\/www.uartes.edu.ec\/sitio\/wp-content\/uploads\/2024\/04\/lanfor001-16x12.jpg",16,12,true],"htmega_size_585x295":["https:\/\/www.uartes.edu.ec\/sitio\/wp-content\/uploads\/2024\/04\/lanfor001-585x295.jpg",585,295,true],"htmega_size_1170x536":["https:\/\/www.uartes.edu.ec\/sitio\/wp-content\/uploads\/2024\/04\/lanfor001-1170x536.jpg",1170,536,true],"htmega_size_396x360":["https:\/\/www.uartes.edu.ec\/sitio\/wp-content\/uploads\/2024\/04\/lanfor001-396x360.jpg",396,360,true],"gb-block-post-grid-landscape":["https:\/\/www.uartes.edu.ec\/sitio\/wp-content\/uploads\/2024\/04\/lanfor001-600x400.jpg",600,400,true],"gb-block-post-grid-square":["https:\/\/www.uartes.edu.ec\/sitio\/wp-content\/uploads\/2024\/04\/lanfor001-600x600.jpg",600,600,true],"university-hub-thumb":["https:\/\/www.uartes.edu.ec\/sitio\/wp-content\/uploads\/2024\/04\/lanfor001-400x300.jpg",400,300,true]},"uagb_author_info":{"display_name":"ccortez","author_link":"https:\/\/www.uartes.edu.ec\/sitio\/fr\/blog\/author\/ccortez\/"},"uagb_comment_info":0,"uagb_excerpt":"La agenda de la Semana Cultural de Lanfor Abierta gira en torno al libro en sus diferentes formatos. Por esa raz\u00f3n, la Biblioteca de las Artes ha organizado para su tercera edici\u00f3n \u2013que ser\u00e1 del 23 al 26 de abril\u2013 charlas, conferencias y talleres, como el de fanzine, de \u201cSistema de lectoescritura Braille\u201d y \u201cGestiona\u2026","featured_image_src":"https:\/\/www.uartes.edu.ec\/sitio\/wp-content\/uploads\/2024\/04\/lanfor001-600x400.jpg","featured_image_src_square":"https:\/\/www.uartes.edu.ec\/sitio\/wp-content\/uploads\/2024\/04\/lanfor001-600x600.jpg","author_info":{"display_name":"ccortez","author_link":"https:\/\/www.uartes.edu.ec\/sitio\/fr\/blog\/author\/ccortez\/"},"publishpress_future_workflow_manual_trigger":{"enabledWorkflows":[]},"distributor_meta":false,"distributor_terms":false,"distributor_media":false,"distributor_original_site_name":"Universidad de las Artes","distributor_original_site_url":"https:\/\/www.uartes.edu.ec\/sitio\/fr","push-errors":false,"_links":{"self":[{"href":"https:\/\/www.uartes.edu.ec\/sitio\/fr\/wp-json\/wp\/v2\/posts\/52511","targetHints":{"allow":["GET"]}}],"collection":[{"href":"https:\/\/www.uartes.edu.ec\/sitio\/fr\/wp-json\/wp\/v2\/posts"}],"about":[{"href":"https:\/\/www.uartes.edu.ec\/sitio\/fr\/wp-json\/wp\/v2\/types\/post"}],"author":[{"embeddable":true,"href":"https:\/\/www.uartes.edu.ec\/sitio\/fr\/wp-json\/wp\/v2\/users\/10"}],"replies":[{"embeddable":true,"href":"https:\/\/www.uartes.edu.ec\/sitio\/fr\/wp-json\/wp\/v2\/comments?post=52511"}],"version-history":[{"count":4,"href":"https:\/\/www.uartes.edu.ec\/sitio\/fr\/wp-json\/wp\/v2\/posts\/52511\/revisions"}],"predecessor-version":[{"id":52520,"href":"https:\/\/www.uartes.edu.ec\/sitio\/fr\/wp-json\/wp\/v2\/posts\/52511\/revisions\/52520"}],"wp:featuredmedia":[{"embeddable":true,"href":"https:\/\/www.uartes.edu.ec\/sitio\/fr\/wp-json\/wp\/v2\/media\/52512"}],"wp:attachment":[{"href":"https:\/\/www.uartes.edu.ec\/sitio\/fr\/wp-json\/wp\/v2\/media?parent=52511"}],"wp:term":[{"taxonomy":"category","embeddable":true,"href":"https:\/\/www.uartes.edu.ec\/sitio\/fr\/wp-json\/wp\/v2\/categories?post=52511"},{"taxonomy":"post_tag","embeddable":true,"href":"https:\/\/www.uartes.edu.ec\/sitio\/fr\/wp-json\/wp\/v2\/tags?post=52511"},{"taxonomy":"infouartes","embeddable":true,"href":"https:\/\/www.uartes.edu.ec\/sitio\/fr\/wp-json\/wp\/v2\/infouartes?post=52511"}],"curies":[{"name":"wp","href":"https:\/\/api.w.org\/{rel}","templated":true}]}}