{"id":52583,"date":"2024-03-25T14:22:00","date_gmt":"2024-03-25T19:22:00","guid":{"rendered":"https:\/\/www.uartes.edu.ec\/sitio\/?p=52583"},"modified":"2024-07-04T11:19:13","modified_gmt":"2024-07-04T16:19:13","slug":"jornadas-de-audio-inmersivo-una-invitacion-a-explorar-el-futuro-del-sonido","status":"publish","type":"post","link":"https:\/\/www.uartes.edu.ec\/sitio\/fr\/blog\/2024\/03\/25\/jornadas-de-audio-inmersivo-una-invitacion-a-explorar-el-futuro-del-sonido\/","title":{"rendered":"El futuro del sonido y las \u00faltimas tecnolog\u00edas se exploraron en las Jornadas de Audio Inmersivo"},"content":{"rendered":"<p>En trabajo conjunto con la Escuela de Cine, el MZ14 Centro de Producci\u00f3n e Innovaci\u00f3n UArtes y EASA, tienda de equipos de audiovisuales, especializada en el dise\u00f1o de teatros, auditorios y estudios de grabaci\u00f3n, se desarrollaron en nuestras instalaciones \u2013del 19 al 22 de marzo pasado\u2013 las Jornadas de Audio Inmersivo.<\/p>\n\n\n\n<p>La cita reuni\u00f3 en la UArtes a profesionales del mundo del sonido para explorar las \u00faltimas tecnolog\u00edas en audio, con un enfoque especial en Dolby Atmos con Genelec y Soundscape de D&amp;B Audiotechnik. Con ese prop\u00f3sito se organizaron charlas informativas y workshops pr\u00e1cticos. Tuvieron lugar en el MZ14 Centro de Producci\u00f3n e Innovaci\u00f3n de nuestra instituci\u00f3n, cuyo equipo desempe\u00f1\u00f3 un papel crucial al encargarse de la log\u00edstica, la coordinaci\u00f3n de los espacios y los tiempos y horarios, a fin de garantizar el \u00e9xito del evento.<\/p>\n\n\n\n<p>La convocatoria abierta atrajo a un amplio n\u00famero de participantes, principalmente a los estudiantes UArtes y a productores musicales y artistas de Guayaquil, enriqueciendo la experiencia con diversas perspectivas y conocimientos.<\/p>\n\n\n<div class=\"wp-block-image\">\n<figure class=\"aligncenter size-large\"><img fetchpriority=\"high\" decoding=\"async\" width=\"644\" height=\"429\" src=\"https:\/\/www.uartes.edu.ec\/sitio\/wp-content\/uploads\/2024\/04\/05-JORNADA-DE-AUDIO-INMERSIVO-644x429.jpg\" alt=\"\" class=\"wp-image-52588\" srcset=\"https:\/\/www.uartes.edu.ec\/sitio\/wp-content\/uploads\/2024\/04\/05-JORNADA-DE-AUDIO-INMERSIVO-644x429.jpg 644w, https:\/\/www.uartes.edu.ec\/sitio\/wp-content\/uploads\/2024\/04\/05-JORNADA-DE-AUDIO-INMERSIVO-768x511.jpg 768w, https:\/\/www.uartes.edu.ec\/sitio\/wp-content\/uploads\/2024\/04\/05-JORNADA-DE-AUDIO-INMERSIVO.jpg 2000w, https:\/\/www.uartes.edu.ec\/sitio\/wp-content\/uploads\/2024\/04\/05-JORNADA-DE-AUDIO-INMERSIVO-18x12.jpg 18w, https:\/\/www.uartes.edu.ec\/sitio\/wp-content\/uploads\/2024\/04\/05-JORNADA-DE-AUDIO-INMERSIVO-600x399.jpg 600w, https:\/\/www.uartes.edu.ec\/sitio\/wp-content\/uploads\/2024\/04\/05-JORNADA-DE-AUDIO-INMERSIVO-272x182.jpg 272w\" sizes=\"(max-width: 644px) 100vw, 644px\" \/><\/figure>\n<\/div>\n\n\n<p>La participaci\u00f3n de expertos como Daniel Pasquel, un productor quite\u00f1o con experiencia en mezcla en ATMOS, enriqueci\u00f3 la experiencia de aprendizaje y ofreci\u00f3 insights pr\u00e1cticos sobre el uso de estas tecnolog\u00edas en la producci\u00f3n musical.<\/p>\n\n\n\n<p>Miguel Dom\u00ednguez, representante de la marca Genelec, tuvo a su cargo la charla de apertura, en la que explic\u00f3 los sistemas de monitoreo y hacia d\u00f3nde va la tecnolog\u00eda Atmos.<\/p>\n\n\n\n<p>La tecnolog\u00eda de sonido inmersivo est\u00e1 ganando terreno en la industria musical, con repercusiones positivas en plataformas de streaming, como Apple Music y Spotify, coincidieron los expositores, quienes destacaron la colaboraci\u00f3n entre la UArtes, EASA y los profesionales del sonido para ampliar los conocimientos en el campo del audio inmersivo.<\/p>\n\n\n<div class=\"wp-block-image\">\n<figure class=\"aligncenter size-large\"><img decoding=\"async\" width=\"644\" height=\"362\" src=\"https:\/\/www.uartes.edu.ec\/sitio\/wp-content\/uploads\/2024\/04\/IMG-20240408-WA0096-644x362.jpg\" alt=\"\" class=\"wp-image-52587\" srcset=\"https:\/\/www.uartes.edu.ec\/sitio\/wp-content\/uploads\/2024\/04\/IMG-20240408-WA0096-644x362.jpg 644w, https:\/\/www.uartes.edu.ec\/sitio\/wp-content\/uploads\/2024\/04\/IMG-20240408-WA0096-768x432.jpg 768w, https:\/\/www.uartes.edu.ec\/sitio\/wp-content\/uploads\/2024\/04\/IMG-20240408-WA0096-600x337.jpg 600w\" sizes=\"(max-width: 644px) 100vw, 644px\" \/><\/figure>\n<\/div>\n\n\n<p>Tambi\u00e9n se anot\u00f3 que la adopci\u00f3n creciente de Dolby Atmos y Soundscape se\u00f1ala un cambio hacia la inmersi\u00f3n auditiva tanto en producciones cinematogr\u00e1ficas como musicales. La tecnolog\u00eda Soundscape de D&amp;B Audiotechnik, utilizada en conciertos, promete ofrecer experiencias de audio envolventes y uniformes, transformando la manera en que experimentamos la m\u00fasica en vivo.<\/p>\n\n\n\n<p>Guillermo Samaniego, quien indic\u00f3 ser un aficionado a la m\u00fasica que al enterarse de las jornadas quiso conocer de las nuevas tecnolog\u00edas y escuchar los proyectos grabados en este sistema.<\/p>\n\n\n\n<p>Daniel Cueva, presidente de EASA, destac\u00f3 la relaci\u00f3n colaborativa con la UArtes y su Centro de Producci\u00f3n e Innovaci\u00f3n. Opin\u00f3 que el desarrollo de las Jornadas de Audio Inmersivo marc\u00f3 un precedente para futuros eventos que buscan explorar y difundir el potencial de las tecnolog\u00edas de sonido inmersivo en la regi\u00f3n.<\/p>\n\n\n\n<p>Fotos: Cortes\u00eda MZ14 Centro de Producci\u00f3n e Innovaci\u00f3n UArtes.<\/p>","protected":false},"excerpt":{"rendered":"<p>En trabajo conjunto con la Escuela de Cine, el MZ14 Centro de Producci\u00f3n e Innovaci\u00f3n UArtes y la empresa EASA, se desarrollaron en nuestras instalaciones las Jornadas de Audio Inmersivo, a fin de explorar las \u00faltimas tecnolog\u00edas en audio, con enfoque especial en Dolby Atmos con Genelec y Soundscape de D&amp;B Audiotechnik.  Hubo charlas informativas y workshops pr\u00e1cticos.<\/p>","protected":false},"author":10,"featured_media":52585,"comment_status":"open","ping_status":"open","sticky":false,"template":"","format":"standard","meta":{"_acf_changed":false,"_uag_custom_page_level_css":"","_monsterinsights_skip_tracking":false,"_monsterinsights_sitenote_active":false,"_monsterinsights_sitenote_note":"","_monsterinsights_sitenote_category":0,"cybocfi_hide_featured_image":"","footnotes":""},"categories":[80,150,147,75,76,77],"tags":[528],"infouartes":[],"class_list":["post-52583","post","type-post","status-publish","format-standard","has-post-thumbnail","hentry","category-academico","category-artes-sonoras","category-cine","category-docentes","category-estudiantes","category-gestion","tag-relacionamiento"],"acf":[],"yoast_head":"<!-- This site is optimized with the Yoast SEO plugin v27.4 - https:\/\/yoast.com\/product\/yoast-seo-wordpress\/ -->\n<title>Universidad de las Artes - El futuro del sonido y las \u00faltimas tecnolog\u00edas se exploraron en las Jornadas de Audio Inmersivo<\/title>\n<meta name=\"description\" content=\"Universidad de las Artes - El futuro del sonido y las \u00faltimas tecnolog\u00edas se exploraron en las Jornadas de Audio Inmersivo\" \/>\n<meta name=\"robots\" content=\"index, follow, max-snippet:-1, max-image-preview:large, max-video-preview:-1\" \/>\n<link rel=\"canonical\" href=\"https:\/\/www.uartes.edu.ec\/sitio\/fr\/blog\/2024\/03\/25\/jornadas-de-audio-inmersivo-una-invitacion-a-explorar-el-futuro-del-sonido\/\" \/>\n<meta property=\"og:locale\" content=\"fr_FR\" \/>\n<meta property=\"og:type\" content=\"article\" \/>\n<meta property=\"og:title\" content=\"Universidad de las Artes - El futuro del sonido y las \u00faltimas tecnolog\u00edas se exploraron en las Jornadas de Audio Inmersivo\" \/>\n<meta property=\"og:description\" content=\"Universidad de las Artes - El futuro del sonido y las \u00faltimas tecnolog\u00edas se exploraron en las Jornadas de Audio Inmersivo\" \/>\n<meta property=\"og:url\" content=\"https:\/\/www.uartes.edu.ec\/sitio\/fr\/blog\/2024\/03\/25\/jornadas-de-audio-inmersivo-una-invitacion-a-explorar-el-futuro-del-sonido\/\" \/>\n<meta property=\"og:site_name\" content=\"Universidad de las Artes\" \/>\n<meta property=\"article:publisher\" content=\"https:\/\/www.facebook.com\/uartesec\" \/>\n<meta property=\"article:published_time\" content=\"2024-03-25T19:22:00+00:00\" \/>\n<meta property=\"article:modified_time\" content=\"2024-07-04T16:19:13+00:00\" \/>\n<meta property=\"og:image\" content=\"https:\/\/www.uartes.edu.ec\/sitio\/wp-content\/uploads\/2024\/04\/02-JORNADA-DE-AUDIO-INMERSIVO.jpg\" \/>\n\t<meta property=\"og:image:width\" content=\"2000\" \/>\n\t<meta property=\"og:image:height\" content=\"1333\" \/>\n\t<meta property=\"og:image:type\" content=\"image\/jpeg\" \/>\n<meta name=\"author\" content=\"ccortez\" \/>\n<meta name=\"twitter:card\" content=\"summary_large_image\" \/>\n<meta name=\"twitter:creator\" content=\"@uartesec\" \/>\n<meta name=\"twitter:site\" content=\"@uartesec\" \/>\n<meta name=\"twitter:label1\" content=\"\u00c9crit par\" \/>\n\t<meta name=\"twitter:data1\" content=\"ccortez\" \/>\n\t<meta name=\"twitter:label2\" content=\"Dur\u00e9e de lecture estim\u00e9e\" \/>\n\t<meta name=\"twitter:data2\" content=\"3 minutes\" \/>\n<script type=\"application\/ld+json\" class=\"yoast-schema-graph\">{\"@context\":\"https:\\\/\\\/schema.org\",\"@graph\":[{\"@type\":\"Article\",\"@id\":\"https:\\\/\\\/www.uartes.edu.ec\\\/sitio\\\/fr\\\/blog\\\/2024\\\/03\\\/25\\\/jornadas-de-audio-inmersivo-una-invitacion-a-explorar-el-futuro-del-sonido\\\/#article\",\"isPartOf\":{\"@id\":\"https:\\\/\\\/www.uartes.edu.ec\\\/sitio\\\/fr\\\/blog\\\/2024\\\/03\\\/25\\\/jornadas-de-audio-inmersivo-una-invitacion-a-explorar-el-futuro-del-sonido\\\/\"},\"author\":{\"name\":\"ccortez\",\"@id\":\"https:\\\/\\\/www.uartes.edu.ec\\\/sitio\\\/fr\\\/#\\\/schema\\\/person\\\/efa1b8275797664fd7f13a79ccc0b1f4\"},\"headline\":\"El futuro del sonido y las \u00faltimas tecnolog\u00edas se exploraron en las Jornadas de Audio Inmersivo\",\"datePublished\":\"2024-03-25T19:22:00+00:00\",\"dateModified\":\"2024-07-04T16:19:13+00:00\",\"mainEntityOfPage\":{\"@id\":\"https:\\\/\\\/www.uartes.edu.ec\\\/sitio\\\/fr\\\/blog\\\/2024\\\/03\\\/25\\\/jornadas-de-audio-inmersivo-una-invitacion-a-explorar-el-futuro-del-sonido\\\/\"},\"wordCount\":483,\"commentCount\":0,\"publisher\":{\"@id\":\"https:\\\/\\\/www.uartes.edu.ec\\\/sitio\\\/fr\\\/#organization\"},\"image\":{\"@id\":\"https:\\\/\\\/www.uartes.edu.ec\\\/sitio\\\/fr\\\/blog\\\/2024\\\/03\\\/25\\\/jornadas-de-audio-inmersivo-una-invitacion-a-explorar-el-futuro-del-sonido\\\/#primaryimage\"},\"thumbnailUrl\":\"https:\\\/\\\/www.uartes.edu.ec\\\/sitio\\\/wp-content\\\/uploads\\\/2024\\\/04\\\/02-JORNADA-DE-AUDIO-INMERSIVO.jpg\",\"keywords\":[\"relacionamiento\"],\"articleSection\":[\"Acad\u00e9mico\",\"Artes Sonoras\",\"Cine\",\"Docentes\",\"Estudiantes\",\"Gesti\u00f3n\"],\"inLanguage\":\"fr-FR\",\"potentialAction\":[{\"@type\":\"CommentAction\",\"name\":\"Comment\",\"target\":[\"https:\\\/\\\/www.uartes.edu.ec\\\/sitio\\\/fr\\\/blog\\\/2024\\\/03\\\/25\\\/jornadas-de-audio-inmersivo-una-invitacion-a-explorar-el-futuro-del-sonido\\\/#respond\"]}]},{\"@type\":[\"WebPage\",\"ItemPage\"],\"@id\":\"https:\\\/\\\/www.uartes.edu.ec\\\/sitio\\\/fr\\\/blog\\\/2024\\\/03\\\/25\\\/jornadas-de-audio-inmersivo-una-invitacion-a-explorar-el-futuro-del-sonido\\\/\",\"url\":\"https:\\\/\\\/www.uartes.edu.ec\\\/sitio\\\/fr\\\/blog\\\/2024\\\/03\\\/25\\\/jornadas-de-audio-inmersivo-una-invitacion-a-explorar-el-futuro-del-sonido\\\/\",\"name\":\"Universidad de las Artes - El futuro del sonido y las \u00faltimas tecnolog\u00edas se exploraron en las Jornadas de Audio Inmersivo\",\"isPartOf\":{\"@id\":\"https:\\\/\\\/www.uartes.edu.ec\\\/sitio\\\/fr\\\/#website\"},\"primaryImageOfPage\":{\"@id\":\"https:\\\/\\\/www.uartes.edu.ec\\\/sitio\\\/fr\\\/blog\\\/2024\\\/03\\\/25\\\/jornadas-de-audio-inmersivo-una-invitacion-a-explorar-el-futuro-del-sonido\\\/#primaryimage\"},\"image\":{\"@id\":\"https:\\\/\\\/www.uartes.edu.ec\\\/sitio\\\/fr\\\/blog\\\/2024\\\/03\\\/25\\\/jornadas-de-audio-inmersivo-una-invitacion-a-explorar-el-futuro-del-sonido\\\/#primaryimage\"},\"thumbnailUrl\":\"https:\\\/\\\/www.uartes.edu.ec\\\/sitio\\\/wp-content\\\/uploads\\\/2024\\\/04\\\/02-JORNADA-DE-AUDIO-INMERSIVO.jpg\",\"datePublished\":\"2024-03-25T19:22:00+00:00\",\"dateModified\":\"2024-07-04T16:19:13+00:00\",\"description\":\"Universidad de las Artes - El futuro del sonido y las \u00faltimas tecnolog\u00edas se exploraron en las Jornadas de Audio Inmersivo\",\"breadcrumb\":{\"@id\":\"https:\\\/\\\/www.uartes.edu.ec\\\/sitio\\\/fr\\\/blog\\\/2024\\\/03\\\/25\\\/jornadas-de-audio-inmersivo-una-invitacion-a-explorar-el-futuro-del-sonido\\\/#breadcrumb\"},\"inLanguage\":\"fr-FR\",\"potentialAction\":[{\"@type\":\"ReadAction\",\"target\":[\"https:\\\/\\\/www.uartes.edu.ec\\\/sitio\\\/fr\\\/blog\\\/2024\\\/03\\\/25\\\/jornadas-de-audio-inmersivo-una-invitacion-a-explorar-el-futuro-del-sonido\\\/\"]}]},{\"@type\":\"ImageObject\",\"inLanguage\":\"fr-FR\",\"@id\":\"https:\\\/\\\/www.uartes.edu.ec\\\/sitio\\\/fr\\\/blog\\\/2024\\\/03\\\/25\\\/jornadas-de-audio-inmersivo-una-invitacion-a-explorar-el-futuro-del-sonido\\\/#primaryimage\",\"url\":\"https:\\\/\\\/www.uartes.edu.ec\\\/sitio\\\/wp-content\\\/uploads\\\/2024\\\/04\\\/02-JORNADA-DE-AUDIO-INMERSIVO.jpg\",\"contentUrl\":\"https:\\\/\\\/www.uartes.edu.ec\\\/sitio\\\/wp-content\\\/uploads\\\/2024\\\/04\\\/02-JORNADA-DE-AUDIO-INMERSIVO.jpg\",\"width\":2000,\"height\":1333},{\"@type\":\"BreadcrumbList\",\"@id\":\"https:\\\/\\\/www.uartes.edu.ec\\\/sitio\\\/fr\\\/blog\\\/2024\\\/03\\\/25\\\/jornadas-de-audio-inmersivo-una-invitacion-a-explorar-el-futuro-del-sonido\\\/#breadcrumb\",\"itemListElement\":[{\"@type\":\"ListItem\",\"position\":1,\"name\":\"Inicio\",\"item\":\"https:\\\/\\\/www.uartes.edu.ec\\\/sitio\\\/\"},{\"@type\":\"ListItem\",\"position\":2,\"name\":\"El futuro del sonido y las \u00faltimas tecnolog\u00edas se exploraron en las Jornadas de Audio Inmersivo\"}]},{\"@type\":\"WebSite\",\"@id\":\"https:\\\/\\\/www.uartes.edu.ec\\\/sitio\\\/fr\\\/#website\",\"url\":\"https:\\\/\\\/www.uartes.edu.ec\\\/sitio\\\/fr\\\/\",\"name\":\"Universidad de las Artes\",\"description\":\"Sitio oficial de la Universidad Nacional de las Artes del Ecuador\",\"publisher\":{\"@id\":\"https:\\\/\\\/www.uartes.edu.ec\\\/sitio\\\/fr\\\/#organization\"},\"potentialAction\":[{\"@type\":\"SearchAction\",\"target\":{\"@type\":\"EntryPoint\",\"urlTemplate\":\"https:\\\/\\\/www.uartes.edu.ec\\\/sitio\\\/fr\\\/?s={search_term_string}\"},\"query-input\":{\"@type\":\"PropertyValueSpecification\",\"valueRequired\":true,\"valueName\":\"search_term_string\"}}],\"inLanguage\":\"fr-FR\"},{\"@type\":\"Organization\",\"@id\":\"https:\\\/\\\/www.uartes.edu.ec\\\/sitio\\\/fr\\\/#organization\",\"name\":\"Universidad de las Artes\",\"url\":\"https:\\\/\\\/www.uartes.edu.ec\\\/sitio\\\/fr\\\/\",\"logo\":{\"@type\":\"ImageObject\",\"inLanguage\":\"fr-FR\",\"@id\":\"https:\\\/\\\/www.uartes.edu.ec\\\/sitio\\\/fr\\\/#\\\/schema\\\/logo\\\/image\\\/\",\"url\":\"https:\\\/\\\/www.uartes.edu.ec\\\/sitio\\\/wp-content\\\/uploads\\\/2022\\\/07\\\/logo-ua-horizontal.png\",\"contentUrl\":\"https:\\\/\\\/www.uartes.edu.ec\\\/sitio\\\/wp-content\\\/uploads\\\/2022\\\/07\\\/logo-ua-horizontal.png\",\"width\":800,\"height\":276,\"caption\":\"Universidad de las Artes\"},\"image\":{\"@id\":\"https:\\\/\\\/www.uartes.edu.ec\\\/sitio\\\/fr\\\/#\\\/schema\\\/logo\\\/image\\\/\"},\"sameAs\":[\"https:\\\/\\\/www.facebook.com\\\/uartesec\",\"https:\\\/\\\/x.com\\\/uartesec\",\"https:\\\/\\\/www.tiktok.com\\\/@uartesec\"]},{\"@type\":\"Person\",\"@id\":\"https:\\\/\\\/www.uartes.edu.ec\\\/sitio\\\/fr\\\/#\\\/schema\\\/person\\\/efa1b8275797664fd7f13a79ccc0b1f4\",\"name\":\"ccortez\",\"image\":{\"@type\":\"ImageObject\",\"inLanguage\":\"fr-FR\",\"@id\":\"https:\\\/\\\/secure.gravatar.com\\\/avatar\\\/b2a6f664a3ae8e074346ef91775736c5ec479e637ecced6842de9dc98b5da9cd?s=96&d=mm&r=g\",\"url\":\"https:\\\/\\\/secure.gravatar.com\\\/avatar\\\/b2a6f664a3ae8e074346ef91775736c5ec479e637ecced6842de9dc98b5da9cd?s=96&d=mm&r=g\",\"contentUrl\":\"https:\\\/\\\/secure.gravatar.com\\\/avatar\\\/b2a6f664a3ae8e074346ef91775736c5ec479e637ecced6842de9dc98b5da9cd?s=96&d=mm&r=g\",\"caption\":\"ccortez\"},\"url\":\"https:\\\/\\\/www.uartes.edu.ec\\\/sitio\\\/fr\\\/blog\\\/author\\\/ccortez\\\/\"}]}<\/script>\n<!-- \/ Yoast SEO plugin. -->","yoast_head_json":{"title":"Universidad de las Artes - El futuro del sonido y las \u00faltimas tecnolog\u00edas se exploraron en las Jornadas de Audio Inmersivo","description":"Universidad de las Artes - El futuro del sonido y las \u00faltimas tecnolog\u00edas se exploraron en las Jornadas de Audio Inmersivo","robots":{"index":"index","follow":"follow","max-snippet":"max-snippet:-1","max-image-preview":"max-image-preview:large","max-video-preview":"max-video-preview:-1"},"canonical":"https:\/\/www.uartes.edu.ec\/sitio\/fr\/blog\/2024\/03\/25\/jornadas-de-audio-inmersivo-una-invitacion-a-explorar-el-futuro-del-sonido\/","og_locale":"fr_FR","og_type":"article","og_title":"Universidad de las Artes - El futuro del sonido y las \u00faltimas tecnolog\u00edas se exploraron en las Jornadas de Audio Inmersivo","og_description":"Universidad de las Artes - El futuro del sonido y las \u00faltimas tecnolog\u00edas se exploraron en las Jornadas de Audio Inmersivo","og_url":"https:\/\/www.uartes.edu.ec\/sitio\/fr\/blog\/2024\/03\/25\/jornadas-de-audio-inmersivo-una-invitacion-a-explorar-el-futuro-del-sonido\/","og_site_name":"Universidad de las Artes","article_publisher":"https:\/\/www.facebook.com\/uartesec","article_published_time":"2024-03-25T19:22:00+00:00","article_modified_time":"2024-07-04T16:19:13+00:00","og_image":[{"width":2000,"height":1333,"url":"https:\/\/www.uartes.edu.ec\/sitio\/wp-content\/uploads\/2024\/04\/02-JORNADA-DE-AUDIO-INMERSIVO.jpg","type":"image\/jpeg"}],"author":"ccortez","twitter_card":"summary_large_image","twitter_creator":"@uartesec","twitter_site":"@uartesec","twitter_misc":{"\u00c9crit par":"ccortez","Dur\u00e9e de lecture estim\u00e9e":"3 minutes"},"schema":{"@context":"https:\/\/schema.org","@graph":[{"@type":"Article","@id":"https:\/\/www.uartes.edu.ec\/sitio\/fr\/blog\/2024\/03\/25\/jornadas-de-audio-inmersivo-una-invitacion-a-explorar-el-futuro-del-sonido\/#article","isPartOf":{"@id":"https:\/\/www.uartes.edu.ec\/sitio\/fr\/blog\/2024\/03\/25\/jornadas-de-audio-inmersivo-una-invitacion-a-explorar-el-futuro-del-sonido\/"},"author":{"name":"ccortez","@id":"https:\/\/www.uartes.edu.ec\/sitio\/fr\/#\/schema\/person\/efa1b8275797664fd7f13a79ccc0b1f4"},"headline":"El futuro del sonido y las \u00faltimas tecnolog\u00edas se exploraron en las Jornadas de Audio Inmersivo","datePublished":"2024-03-25T19:22:00+00:00","dateModified":"2024-07-04T16:19:13+00:00","mainEntityOfPage":{"@id":"https:\/\/www.uartes.edu.ec\/sitio\/fr\/blog\/2024\/03\/25\/jornadas-de-audio-inmersivo-una-invitacion-a-explorar-el-futuro-del-sonido\/"},"wordCount":483,"commentCount":0,"publisher":{"@id":"https:\/\/www.uartes.edu.ec\/sitio\/fr\/#organization"},"image":{"@id":"https:\/\/www.uartes.edu.ec\/sitio\/fr\/blog\/2024\/03\/25\/jornadas-de-audio-inmersivo-una-invitacion-a-explorar-el-futuro-del-sonido\/#primaryimage"},"thumbnailUrl":"https:\/\/www.uartes.edu.ec\/sitio\/wp-content\/uploads\/2024\/04\/02-JORNADA-DE-AUDIO-INMERSIVO.jpg","keywords":["relacionamiento"],"articleSection":["Acad\u00e9mico","Artes Sonoras","Cine","Docentes","Estudiantes","Gesti\u00f3n"],"inLanguage":"fr-FR","potentialAction":[{"@type":"CommentAction","name":"Comment","target":["https:\/\/www.uartes.edu.ec\/sitio\/fr\/blog\/2024\/03\/25\/jornadas-de-audio-inmersivo-una-invitacion-a-explorar-el-futuro-del-sonido\/#respond"]}]},{"@type":["WebPage","ItemPage"],"@id":"https:\/\/www.uartes.edu.ec\/sitio\/fr\/blog\/2024\/03\/25\/jornadas-de-audio-inmersivo-una-invitacion-a-explorar-el-futuro-del-sonido\/","url":"https:\/\/www.uartes.edu.ec\/sitio\/fr\/blog\/2024\/03\/25\/jornadas-de-audio-inmersivo-una-invitacion-a-explorar-el-futuro-del-sonido\/","name":"Universidad de las Artes - El futuro del sonido y las \u00faltimas tecnolog\u00edas se exploraron en las Jornadas de Audio Inmersivo","isPartOf":{"@id":"https:\/\/www.uartes.edu.ec\/sitio\/fr\/#website"},"primaryImageOfPage":{"@id":"https:\/\/www.uartes.edu.ec\/sitio\/fr\/blog\/2024\/03\/25\/jornadas-de-audio-inmersivo-una-invitacion-a-explorar-el-futuro-del-sonido\/#primaryimage"},"image":{"@id":"https:\/\/www.uartes.edu.ec\/sitio\/fr\/blog\/2024\/03\/25\/jornadas-de-audio-inmersivo-una-invitacion-a-explorar-el-futuro-del-sonido\/#primaryimage"},"thumbnailUrl":"https:\/\/www.uartes.edu.ec\/sitio\/wp-content\/uploads\/2024\/04\/02-JORNADA-DE-AUDIO-INMERSIVO.jpg","datePublished":"2024-03-25T19:22:00+00:00","dateModified":"2024-07-04T16:19:13+00:00","description":"Universidad de las Artes - El futuro del sonido y las \u00faltimas tecnolog\u00edas se exploraron en las Jornadas de Audio Inmersivo","breadcrumb":{"@id":"https:\/\/www.uartes.edu.ec\/sitio\/fr\/blog\/2024\/03\/25\/jornadas-de-audio-inmersivo-una-invitacion-a-explorar-el-futuro-del-sonido\/#breadcrumb"},"inLanguage":"fr-FR","potentialAction":[{"@type":"ReadAction","target":["https:\/\/www.uartes.edu.ec\/sitio\/fr\/blog\/2024\/03\/25\/jornadas-de-audio-inmersivo-una-invitacion-a-explorar-el-futuro-del-sonido\/"]}]},{"@type":"ImageObject","inLanguage":"fr-FR","@id":"https:\/\/www.uartes.edu.ec\/sitio\/fr\/blog\/2024\/03\/25\/jornadas-de-audio-inmersivo-una-invitacion-a-explorar-el-futuro-del-sonido\/#primaryimage","url":"https:\/\/www.uartes.edu.ec\/sitio\/wp-content\/uploads\/2024\/04\/02-JORNADA-DE-AUDIO-INMERSIVO.jpg","contentUrl":"https:\/\/www.uartes.edu.ec\/sitio\/wp-content\/uploads\/2024\/04\/02-JORNADA-DE-AUDIO-INMERSIVO.jpg","width":2000,"height":1333},{"@type":"BreadcrumbList","@id":"https:\/\/www.uartes.edu.ec\/sitio\/fr\/blog\/2024\/03\/25\/jornadas-de-audio-inmersivo-una-invitacion-a-explorar-el-futuro-del-sonido\/#breadcrumb","itemListElement":[{"@type":"ListItem","position":1,"name":"Inicio","item":"https:\/\/www.uartes.edu.ec\/sitio\/"},{"@type":"ListItem","position":2,"name":"El futuro del sonido y las \u00faltimas tecnolog\u00edas se exploraron en las Jornadas de Audio Inmersivo"}]},{"@type":"WebSite","@id":"https:\/\/www.uartes.edu.ec\/sitio\/fr\/#website","url":"https:\/\/www.uartes.edu.ec\/sitio\/fr\/","name":"Universidad de las Artes","description":"Sitio oficial de la Universidad Nacional de las Artes del Ecuador","publisher":{"@id":"https:\/\/www.uartes.edu.ec\/sitio\/fr\/#organization"},"potentialAction":[{"@type":"SearchAction","target":{"@type":"EntryPoint","urlTemplate":"https:\/\/www.uartes.edu.ec\/sitio\/fr\/?s={search_term_string}"},"query-input":{"@type":"PropertyValueSpecification","valueRequired":true,"valueName":"search_term_string"}}],"inLanguage":"fr-FR"},{"@type":"Organization","@id":"https:\/\/www.uartes.edu.ec\/sitio\/fr\/#organization","name":"Universidad de las Artes","url":"https:\/\/www.uartes.edu.ec\/sitio\/fr\/","logo":{"@type":"ImageObject","inLanguage":"fr-FR","@id":"https:\/\/www.uartes.edu.ec\/sitio\/fr\/#\/schema\/logo\/image\/","url":"https:\/\/www.uartes.edu.ec\/sitio\/wp-content\/uploads\/2022\/07\/logo-ua-horizontal.png","contentUrl":"https:\/\/www.uartes.edu.ec\/sitio\/wp-content\/uploads\/2022\/07\/logo-ua-horizontal.png","width":800,"height":276,"caption":"Universidad de las Artes"},"image":{"@id":"https:\/\/www.uartes.edu.ec\/sitio\/fr\/#\/schema\/logo\/image\/"},"sameAs":["https:\/\/www.facebook.com\/uartesec","https:\/\/x.com\/uartesec","https:\/\/www.tiktok.com\/@uartesec"]},{"@type":"Person","@id":"https:\/\/www.uartes.edu.ec\/sitio\/fr\/#\/schema\/person\/efa1b8275797664fd7f13a79ccc0b1f4","name":"ccortez","image":{"@type":"ImageObject","inLanguage":"fr-FR","@id":"https:\/\/secure.gravatar.com\/avatar\/b2a6f664a3ae8e074346ef91775736c5ec479e637ecced6842de9dc98b5da9cd?s=96&d=mm&r=g","url":"https:\/\/secure.gravatar.com\/avatar\/b2a6f664a3ae8e074346ef91775736c5ec479e637ecced6842de9dc98b5da9cd?s=96&d=mm&r=g","contentUrl":"https:\/\/secure.gravatar.com\/avatar\/b2a6f664a3ae8e074346ef91775736c5ec479e637ecced6842de9dc98b5da9cd?s=96&d=mm&r=g","caption":"ccortez"},"url":"https:\/\/www.uartes.edu.ec\/sitio\/fr\/blog\/author\/ccortez\/"}]}},"uagb_featured_image_src":{"full":["https:\/\/www.uartes.edu.ec\/sitio\/wp-content\/uploads\/2024\/04\/02-JORNADA-DE-AUDIO-INMERSIVO.jpg",2000,1333,false],"thumbnail":["https:\/\/www.uartes.edu.ec\/sitio\/wp-content\/uploads\/2024\/04\/02-JORNADA-DE-AUDIO-INMERSIVO-150x150.jpg",150,150,true],"medium":["https:\/\/www.uartes.edu.ec\/sitio\/wp-content\/uploads\/2024\/04\/02-JORNADA-DE-AUDIO-INMERSIVO-300x200.jpg",300,200,true],"medium_large":["https:\/\/www.uartes.edu.ec\/sitio\/wp-content\/uploads\/2024\/04\/02-JORNADA-DE-AUDIO-INMERSIVO-768x512.jpg",768,512,true],"large":["https:\/\/www.uartes.edu.ec\/sitio\/wp-content\/uploads\/2024\/04\/02-JORNADA-DE-AUDIO-INMERSIVO-644x429.jpg",644,429,true],"1536x1536":["https:\/\/www.uartes.edu.ec\/sitio\/wp-content\/uploads\/2024\/04\/02-JORNADA-DE-AUDIO-INMERSIVO-1536x1024.jpg",1536,1024,true],"2048x2048":["https:\/\/www.uartes.edu.ec\/sitio\/wp-content\/uploads\/2024\/04\/02-JORNADA-DE-AUDIO-INMERSIVO.jpg",2000,1333,false],"trp-custom-language-flag":["https:\/\/www.uartes.edu.ec\/sitio\/wp-content\/uploads\/2024\/04\/02-JORNADA-DE-AUDIO-INMERSIVO-18x12.jpg",18,12,true],"htmega_size_585x295":["https:\/\/www.uartes.edu.ec\/sitio\/wp-content\/uploads\/2024\/04\/02-JORNADA-DE-AUDIO-INMERSIVO-585x295.jpg",585,295,true],"htmega_size_1170x536":["https:\/\/www.uartes.edu.ec\/sitio\/wp-content\/uploads\/2024\/04\/02-JORNADA-DE-AUDIO-INMERSIVO-1170x536.jpg",1170,536,true],"htmega_size_396x360":["https:\/\/www.uartes.edu.ec\/sitio\/wp-content\/uploads\/2024\/04\/02-JORNADA-DE-AUDIO-INMERSIVO-396x360.jpg",396,360,true],"gb-block-post-grid-landscape":["https:\/\/www.uartes.edu.ec\/sitio\/wp-content\/uploads\/2024\/04\/02-JORNADA-DE-AUDIO-INMERSIVO-600x400.jpg",600,400,true],"gb-block-post-grid-square":["https:\/\/www.uartes.edu.ec\/sitio\/wp-content\/uploads\/2024\/04\/02-JORNADA-DE-AUDIO-INMERSIVO-600x600.jpg",600,600,true],"university-hub-thumb":["https:\/\/www.uartes.edu.ec\/sitio\/wp-content\/uploads\/2024\/04\/02-JORNADA-DE-AUDIO-INMERSIVO-400x267.jpg",400,267,true]},"uagb_author_info":{"display_name":"ccortez","author_link":"https:\/\/www.uartes.edu.ec\/sitio\/fr\/blog\/author\/ccortez\/"},"uagb_comment_info":0,"uagb_excerpt":"En trabajo conjunto con la Escuela de Cine, el MZ14 Centro de Producci\u00f3n e Innovaci\u00f3n UArtes y la empresa EASA, se desarrollaron en nuestras instalaciones las Jornadas de Audio Inmersivo, a fin de explorar las \u00faltimas tecnolog\u00edas en audio, con enfoque especial en Dolby Atmos con Genelec y Soundscape de D&amp;B Audiotechnik. Hubo charlas informativas\u2026","featured_image_src":"https:\/\/www.uartes.edu.ec\/sitio\/wp-content\/uploads\/2024\/04\/02-JORNADA-DE-AUDIO-INMERSIVO-600x400.jpg","featured_image_src_square":"https:\/\/www.uartes.edu.ec\/sitio\/wp-content\/uploads\/2024\/04\/02-JORNADA-DE-AUDIO-INMERSIVO-600x600.jpg","author_info":{"display_name":"ccortez","author_link":"https:\/\/www.uartes.edu.ec\/sitio\/fr\/blog\/author\/ccortez\/"},"publishpress_future_workflow_manual_trigger":{"enabledWorkflows":[]},"distributor_meta":false,"distributor_terms":false,"distributor_media":false,"distributor_original_site_name":"Universidad de las Artes","distributor_original_site_url":"https:\/\/www.uartes.edu.ec\/sitio\/fr","push-errors":false,"_links":{"self":[{"href":"https:\/\/www.uartes.edu.ec\/sitio\/fr\/wp-json\/wp\/v2\/posts\/52583","targetHints":{"allow":["GET"]}}],"collection":[{"href":"https:\/\/www.uartes.edu.ec\/sitio\/fr\/wp-json\/wp\/v2\/posts"}],"about":[{"href":"https:\/\/www.uartes.edu.ec\/sitio\/fr\/wp-json\/wp\/v2\/types\/post"}],"author":[{"embeddable":true,"href":"https:\/\/www.uartes.edu.ec\/sitio\/fr\/wp-json\/wp\/v2\/users\/10"}],"replies":[{"embeddable":true,"href":"https:\/\/www.uartes.edu.ec\/sitio\/fr\/wp-json\/wp\/v2\/comments?post=52583"}],"version-history":[{"count":13,"href":"https:\/\/www.uartes.edu.ec\/sitio\/fr\/wp-json\/wp\/v2\/posts\/52583\/revisions"}],"predecessor-version":[{"id":62037,"href":"https:\/\/www.uartes.edu.ec\/sitio\/fr\/wp-json\/wp\/v2\/posts\/52583\/revisions\/62037"}],"wp:featuredmedia":[{"embeddable":true,"href":"https:\/\/www.uartes.edu.ec\/sitio\/fr\/wp-json\/wp\/v2\/media\/52585"}],"wp:attachment":[{"href":"https:\/\/www.uartes.edu.ec\/sitio\/fr\/wp-json\/wp\/v2\/media?parent=52583"}],"wp:term":[{"taxonomy":"category","embeddable":true,"href":"https:\/\/www.uartes.edu.ec\/sitio\/fr\/wp-json\/wp\/v2\/categories?post=52583"},{"taxonomy":"post_tag","embeddable":true,"href":"https:\/\/www.uartes.edu.ec\/sitio\/fr\/wp-json\/wp\/v2\/tags?post=52583"},{"taxonomy":"infouartes","embeddable":true,"href":"https:\/\/www.uartes.edu.ec\/sitio\/fr\/wp-json\/wp\/v2\/infouartes?post=52583"}],"curies":[{"name":"wp","href":"https:\/\/api.w.org\/{rel}","templated":true}]}}