{"id":52632,"date":"2024-04-15T16:12:00","date_gmt":"2024-04-15T21:12:00","guid":{"rendered":"https:\/\/www.uartes.edu.ec\/sitio\/?p=52632"},"modified":"2024-07-04T11:19:09","modified_gmt":"2024-07-04T16:19:09","slug":"en-graduacion-y-entrega-de-titulos-rector-william-herrera-reitero-la-mision-de-la-uartes-con-la-poblacion-artistica","status":"publish","type":"post","link":"https:\/\/www.uartes.edu.ec\/sitio\/fr\/blog\/2024\/04\/15\/en-graduacion-y-entrega-de-titulos-rector-william-herrera-reitero-la-mision-de-la-uartes-con-la-poblacion-artistica\/","title":{"rendered":"En graduaci\u00f3n y entrega de t\u00edtulos, rector William Herrera reiter\u00f3 misi\u00f3n de la UArtes con poblaci\u00f3n art\u00edstica"},"content":{"rendered":"<p>La Plaza P\u00fablica del MZ14 Centro de Producci\u00f3n e Innovaci\u00f3n de la Universidad de las Artes fue el viernes 12 de abril el epicentro de emociones y agradecimientos, del aplauso, de la risa y de los v\u00edtores propios de quienes llegan a la meta. All\u00ed se dio la ceremonia de graduaci\u00f3n de los maestrandos de los programas de posgrado UArtes de Escritura Creativa, de Fotograf\u00eda y Sociedad en Am\u00e9rica Latina, de Artes Visuales y Nuevos Medios y de Pol\u00edticas Culturales y Gesti\u00f3n de las Artes. Tambi\u00e9n se hizo entrega de t\u00edtulos de tercer nivel por Validaci\u00f3n de Trayectorias.<\/p>\n\n\n\n<p>Conformaron la mesa directiva el rector William Herrera y los vicerrectores Olga L\u00f3pez y Bradley Hilgert, as\u00ed como la directora del Museo Antropol\u00f3gico y de Arte Contempor\u00e1neo (MAAC) y representante del Ministerio de Cultura y Patrimonio (MCyP), Stephanie Garc\u00eda Alb\u00e1n, y los directores de las escuelas de Posgrado, Cristian Villavicencio; de Artes Visuales, Rusl\u00e1n Torres; y de Artes Sonoras, Andrey Astaiza.<\/p>\n\n\n\n<p>La secretaria acad\u00e9mica Mar\u00eda Jos\u00e9 Bustos condujo el solemne acto que arranc\u00f3, tras el ingreso de los graduados y titulados, con la entonaci\u00f3n del Himno Nacional a cargo de la estudiante Emily Mor\u00e1n y el acompa\u00f1amiento en el piano del docente Omar Dom\u00ednguez.<\/p>\n\n\n<div class=\"wp-block-image\">\n<figure class=\"aligncenter size-large\"><img fetchpriority=\"high\" decoding=\"async\" width=\"644\" height=\"429\" src=\"https:\/\/www.uartes.edu.ec\/sitio\/wp-content\/uploads\/2024\/04\/13-GRADUACION-2024-644x429.jpg\" alt=\"\" class=\"wp-image-52634\" srcset=\"https:\/\/www.uartes.edu.ec\/sitio\/wp-content\/uploads\/2024\/04\/13-GRADUACION-2024-644x429.jpg 644w, https:\/\/www.uartes.edu.ec\/sitio\/wp-content\/uploads\/2024\/04\/13-GRADUACION-2024-768x511.jpg 768w, https:\/\/www.uartes.edu.ec\/sitio\/wp-content\/uploads\/2024\/04\/13-GRADUACION-2024.jpg 2000w, https:\/\/www.uartes.edu.ec\/sitio\/wp-content\/uploads\/2024\/04\/13-GRADUACION-2024-18x12.jpg 18w, https:\/\/www.uartes.edu.ec\/sitio\/wp-content\/uploads\/2024\/04\/13-GRADUACION-2024-600x399.jpg 600w, https:\/\/www.uartes.edu.ec\/sitio\/wp-content\/uploads\/2024\/04\/13-GRADUACION-2024-272x182.jpg 272w\" sizes=\"(max-width: 644px) 100vw, 644px\" \/><\/figure>\n<\/div>\n\n\n<h3 class=\"wp-block-heading\">Reconocimiento al esfuerzo<\/h3>\n\n\n\n<p>El rector William Herrera, en su discurso y luego de los respectivos saludos y bienvenida a las autoridades, a los graduados, titulados y familiares, y a la comunidad, destac\u00f3 que uno de los programas de maestr\u00edas, el de Artes Visuales y Nuevos Medios, titulaba a su primera cohorte. Agradeci\u00f3 al Vicerrectorado de Posgrados e Investigaci\u00f3n en Artes y a los equipos de trabajo de las maestr\u00edas, su director, coordinadores y docentes. Reconoci\u00f3 los esfuerzos y el trabajo del d\u00eda a d\u00eda.<\/p>\n\n\n\n<p>Mencion\u00f3 tambi\u00e9n la entrega de los t\u00edtulos de las licenciaturas en Artes Visuales y Producci\u00f3n Musical, en el marco del proceso de Validaci\u00f3n de Trayectorias y acorde a la normativa establecida por el Consejo de Educaci\u00f3n Superior, los cuales se daban como un reconocimiento a los artistas, a quienes agradeci\u00f3 por haber confiado en la Universidad de las Artes para desarrollar tan importante proceso.<\/p>\n\n\n\n<p>Su intervenci\u00f3n iba a ser corta, adelant\u00f3 el rector, pues les correspond\u00eda a los vicerrectores las reflexiones m\u00e1s profundas. De su parte, reiter\u00f3 la raz\u00f3n de ser de la UArtes y su misi\u00f3n con respecto a la poblaci\u00f3n art\u00edstica y la necesidad de consolidar cada vez m\u00e1s los v\u00ednculos entre nuestra instituci\u00f3n, el Sistema Nacional de Cultura y los circuitos art\u00edsticos locales nacionales e internacionales; habl\u00f3 de reflexionar y actuar en base a la responsabilidad que compartimos colectivamente en la b\u00fasqueda de una sociedad y de un pa\u00eds que valore, promueva y cuide los derechos culturales, procesos art\u00edsticos y, sobre todo, a las y los artistas y trabajadores de la cultura.<\/p>\n\n\n<div class=\"wp-block-image\">\n<figure class=\"aligncenter size-large\"><img decoding=\"async\" width=\"644\" height=\"429\" src=\"https:\/\/www.uartes.edu.ec\/sitio\/wp-content\/uploads\/2024\/04\/06-GRADUACION-2024-DESPUES-EVENTO-644x429.jpg\" alt=\"\" class=\"wp-image-52635\" srcset=\"https:\/\/www.uartes.edu.ec\/sitio\/wp-content\/uploads\/2024\/04\/06-GRADUACION-2024-DESPUES-EVENTO-644x429.jpg 644w, https:\/\/www.uartes.edu.ec\/sitio\/wp-content\/uploads\/2024\/04\/06-GRADUACION-2024-DESPUES-EVENTO-768x511.jpg 768w, https:\/\/www.uartes.edu.ec\/sitio\/wp-content\/uploads\/2024\/04\/06-GRADUACION-2024-DESPUES-EVENTO.jpg 2000w, https:\/\/www.uartes.edu.ec\/sitio\/wp-content\/uploads\/2024\/04\/06-GRADUACION-2024-DESPUES-EVENTO-18x12.jpg 18w, https:\/\/www.uartes.edu.ec\/sitio\/wp-content\/uploads\/2024\/04\/06-GRADUACION-2024-DESPUES-EVENTO-600x399.jpg 600w, https:\/\/www.uartes.edu.ec\/sitio\/wp-content\/uploads\/2024\/04\/06-GRADUACION-2024-DESPUES-EVENTO-272x182.jpg 272w\" sizes=\"(max-width: 644px) 100vw, 644px\" \/><\/figure>\n<\/div>\n\n\t\t\t\t\t<div\n\t\t\t\t\t\tclass=\"wp-block-uagb-image-gallery uagb-block-623ed509\"\n\t\t\t\t\t\tstyle=\"\"\n\t\t\t\t\t>\n\t\t\t\t\t\t\t\t\t\t\t<div class=\"spectra-image-gallery spectra-image-gallery__layout--grid spectra-image-gallery__layout--grid-col-2 spectra-image-gallery__layout--grid-col-tab-2 spectra-image-gallery__layout--grid-col-mob-2\">\n\t\t\t\t\t\t\t\t\t\t\t<div class='spectra-image-gallery__media-wrapper' data-spectra-gallery-image-id='52636' tabindex=\"0\">\n\t\t\t\t\t\t\t<div class=\"spectra-image-gallery__media spectra-image-gallery__media--grid\">\n\t\t\t\t<picture>\n\t\t\t\t\t<source media=\"(min-width: 1024px)\" srcset=\"https:\/\/www.uartes.edu.ec\/sitio\/wp-content\/uploads\/2024\/04\/16-GRADUACION-2024-POLITICAS-CULTURALES-644x429.jpg\">\n\t\t\t\t\t<source media=\"(min-width: 768px)\" srcset=\"https:\/\/www.uartes.edu.ec\/sitio\/wp-content\/uploads\/2024\/04\/16-GRADUACION-2024-POLITICAS-CULTURALES-644x429.jpg\">\n\t\t\t\t\t<img decoding=\"async\" class=\"spectra-image-gallery__media-thumbnail spectra-image-gallery__media-thumbnail--grid\" src=\"https:\/\/www.uartes.edu.ec\/sitio\/wp-content\/uploads\/2024\/04\/16-GRADUACION-2024-POLITICAS-CULTURALES-300x200.jpg\" alt=\"\" loading=\"lazy\" \/>\n\t\t\t\t<\/picture>\n\t\t\t\t<div class=\"spectra-image-gallery__media-thumbnail-blurrer\"><\/div>\n\t\t\t\t\t\t\t\t\t\t\t<div class=\"spectra-image-gallery__media-thumbnail-caption-wrapper spectra-image-gallery__media-thumbnail-caption-wrapper--overlay\">\n\t\t\t\t\t\t\t\t\t\t\t<div class=\"spectra-image-gallery__media-thumbnail-caption spectra-image-gallery__media-thumbnail-caption--overlay\">\n\t\t\t\t\tAucune l\u00e9gende\t\t\t\t<\/div>\n\t\t\t\t\t\t\t\t\t\t<\/div>\n\t\t\t\t\t\t\t\t\t<\/div>\n\t\t\t\t\t\t<\/div>\n\t\t\t\t\t\t<div class='spectra-image-gallery__media-wrapper' data-spectra-gallery-image-id='52637' tabindex=\"0\">\n\t\t\t\t\t\t\t<div class=\"spectra-image-gallery__media spectra-image-gallery__media--grid\">\n\t\t\t\t<picture>\n\t\t\t\t\t<source media=\"(min-width: 1024px)\" srcset=\"https:\/\/www.uartes.edu.ec\/sitio\/wp-content\/uploads\/2024\/04\/12-GRADUACION-2024-644x429.jpg\">\n\t\t\t\t\t<source media=\"(min-width: 768px)\" srcset=\"https:\/\/www.uartes.edu.ec\/sitio\/wp-content\/uploads\/2024\/04\/12-GRADUACION-2024-644x429.jpg\">\n\t\t\t\t\t<img decoding=\"async\" class=\"spectra-image-gallery__media-thumbnail spectra-image-gallery__media-thumbnail--grid\" src=\"https:\/\/www.uartes.edu.ec\/sitio\/wp-content\/uploads\/2024\/04\/12-GRADUACION-2024-300x200.jpg\" alt=\"\" loading=\"lazy\" \/>\n\t\t\t\t<\/picture>\n\t\t\t\t<div class=\"spectra-image-gallery__media-thumbnail-blurrer\"><\/div>\n\t\t\t\t\t\t\t\t\t\t\t<div class=\"spectra-image-gallery__media-thumbnail-caption-wrapper spectra-image-gallery__media-thumbnail-caption-wrapper--overlay\">\n\t\t\t\t\t\t\t\t\t\t\t<div class=\"spectra-image-gallery__media-thumbnail-caption spectra-image-gallery__media-thumbnail-caption--overlay\">\n\t\t\t\t\tAucune l\u00e9gende\t\t\t\t<\/div>\n\t\t\t\t\t\t\t\t\t\t<\/div>\n\t\t\t\t\t\t\t\t\t<\/div>\n\t\t\t\t\t\t<\/div>\n\t\t\t\t\t\t\t\t\t\t<\/div>\n\t\t\t\t\t\t\t\t\t\t\t\t\t\t\t\t\t\t<\/div>\n\t\t\t\t\t\t\t\t\t\n\n\n<p><\/p>\n\n\n\n<h3 class=\"wp-block-heading\">Memoria acad\u00e9mica-art\u00edstica<\/h3>\n\n\n\n<p>La ceremonia prosigui\u00f3 con la presentaci\u00f3n de audiovisuales con la memoria acad\u00e9mica-art\u00edstica de los hoy mag\u00edsteres, en los respectivos programas de posgrados que cursaron. Fueron llamados por orden alfab\u00e9tico y por maestr\u00edas: Artes Visuales y Nuevos Medios, Escritura Creativa, Fotograf\u00eda y Sociedad en Am\u00e9rica Latina, y Pol\u00edticas Culturales y Gesti\u00f3n de las Artes.<\/p>\n\n\n\n<p>Se dieron, seguidamente, las intervenciones de la vicerrectora de Posgrados e Investigaci\u00f3n en Artes, doctora Olga L\u00f3pez, quien reflexion\u00f3 acerca del pensamiento local y las est\u00e9ticas de la resistencia, y de \u00c1ngela Arboleda, que en representaci\u00f3n de los mag\u00edsteres brind\u00f3 un sentido discurso que inici\u00f3 como uno de los tantos cuentos que comparte como narradora oral y que involucr\u00f3 no solo a sus compa\u00f1eros de maestr\u00eda \u2013Escritura CreatiVA\u2013, sino a todos los de la presente cohorte.<\/p>\n\n\n\n<p>Tambi\u00e9n intervino el vicerrector acad\u00e9mico, doctor Bradley Hilgert, y tras presentar el video de los artistas que se titulaban por Validaci\u00f3n de Trayectorias, se les entregaron los diplomas. El acto concluy\u00f3 con la interpretaci\u00f3n de Emily Mor\u00e1n y Omar Dom\u00ednguez del Himno a Guayaquil.<\/p>","protected":false},"excerpt":{"rendered":"<p>En la ceremonia de graduaci\u00f3n de maestr\u00edas y entrega de t\u00edtulos por Validaci\u00f3n de Trayectorias, el rector William Herrera reiter\u00f3 la raz\u00f3n de ser de la UArtes y su misi\u00f3n con respecto a la poblaci\u00f3n art\u00edstica. Habl\u00f3 de la responsabilidad que compartimos en la b\u00fasqueda de una sociedad y de un pa\u00eds que valore, promueva y cuide los derechos culturales, procesos art\u00edsticos y a los artistas y trabajadores de la cultura. <\/p>","protected":false},"author":10,"featured_media":52633,"comment_status":"open","ping_status":"open","sticky":false,"template":"","format":"standard","meta":{"_acf_changed":false,"_uag_custom_page_level_css":"","_monsterinsights_skip_tracking":false,"_monsterinsights_sitenote_active":false,"_monsterinsights_sitenote_note":"","_monsterinsights_sitenote_category":0,"cybocfi_hide_featured_image":"","footnotes":""},"categories":[80,75,76,77,264,84],"tags":[577],"infouartes":[],"class_list":["post-52632","post","type-post","status-publish","format-standard","has-post-thumbnail","hentry","category-academico","category-docentes","category-estudiantes","category-gestion","category-maestrias","category-rectorado","tag-graduacion"],"acf":[],"yoast_head":"<!-- This site is optimized with the Yoast SEO plugin v27.4 - https:\/\/yoast.com\/product\/yoast-seo-wordpress\/ -->\n<title>Universidad de las Artes - En graduaci\u00f3n y entrega de t\u00edtulos, rector William Herrera reiter\u00f3 misi\u00f3n de la UArtes con poblaci\u00f3n art\u00edstica<\/title>\n<meta name=\"description\" content=\"Universidad de las Artes - En graduaci\u00f3n y entrega de t\u00edtulos, rector William Herrera reiter\u00f3 misi\u00f3n de la UArtes con poblaci\u00f3n art\u00edstica\" \/>\n<meta name=\"robots\" content=\"index, follow, max-snippet:-1, max-image-preview:large, max-video-preview:-1\" \/>\n<link rel=\"canonical\" href=\"https:\/\/www.uartes.edu.ec\/sitio\/fr\/blog\/2024\/04\/15\/en-graduacion-y-entrega-de-titulos-rector-william-herrera-reitero-la-mision-de-la-uartes-con-la-poblacion-artistica\/\" \/>\n<meta property=\"og:locale\" content=\"fr_FR\" \/>\n<meta property=\"og:type\" content=\"article\" \/>\n<meta property=\"og:title\" content=\"Universidad de las Artes - En graduaci\u00f3n y entrega de t\u00edtulos, rector William Herrera reiter\u00f3 misi\u00f3n de la UArtes con poblaci\u00f3n art\u00edstica\" \/>\n<meta property=\"og:description\" content=\"Universidad de las Artes - En graduaci\u00f3n y entrega de t\u00edtulos, rector William Herrera reiter\u00f3 misi\u00f3n de la UArtes con poblaci\u00f3n art\u00edstica\" \/>\n<meta property=\"og:url\" content=\"https:\/\/www.uartes.edu.ec\/sitio\/fr\/blog\/2024\/04\/15\/en-graduacion-y-entrega-de-titulos-rector-william-herrera-reitero-la-mision-de-la-uartes-con-la-poblacion-artistica\/\" \/>\n<meta property=\"og:site_name\" content=\"Universidad de las Artes\" \/>\n<meta property=\"article:publisher\" content=\"https:\/\/www.facebook.com\/uartesec\" \/>\n<meta property=\"article:published_time\" content=\"2024-04-15T21:12:00+00:00\" \/>\n<meta property=\"article:modified_time\" content=\"2024-07-04T16:19:09+00:00\" \/>\n<meta property=\"og:image\" content=\"https:\/\/www.uartes.edu.ec\/sitio\/wp-content\/uploads\/2024\/04\/01-GRADUACION-2024.jpg\" \/>\n\t<meta property=\"og:image:width\" content=\"2000\" \/>\n\t<meta property=\"og:image:height\" content=\"1333\" \/>\n\t<meta property=\"og:image:type\" content=\"image\/jpeg\" \/>\n<meta name=\"author\" content=\"ccortez\" \/>\n<meta name=\"twitter:card\" content=\"summary_large_image\" \/>\n<meta name=\"twitter:creator\" content=\"@uartesec\" \/>\n<meta name=\"twitter:site\" content=\"@uartesec\" \/>\n<meta name=\"twitter:label1\" content=\"\u00c9crit par\" \/>\n\t<meta name=\"twitter:data1\" content=\"ccortez\" \/>\n\t<meta name=\"twitter:label2\" content=\"Dur\u00e9e de lecture estim\u00e9e\" \/>\n\t<meta name=\"twitter:data2\" content=\"4 minutes\" \/>\n<script type=\"application\/ld+json\" class=\"yoast-schema-graph\">{\"@context\":\"https:\\\/\\\/schema.org\",\"@graph\":[{\"@type\":\"Article\",\"@id\":\"https:\\\/\\\/www.uartes.edu.ec\\\/sitio\\\/fr\\\/blog\\\/2024\\\/04\\\/15\\\/en-graduacion-y-entrega-de-titulos-rector-william-herrera-reitero-la-mision-de-la-uartes-con-la-poblacion-artistica\\\/#article\",\"isPartOf\":{\"@id\":\"https:\\\/\\\/www.uartes.edu.ec\\\/sitio\\\/fr\\\/blog\\\/2024\\\/04\\\/15\\\/en-graduacion-y-entrega-de-titulos-rector-william-herrera-reitero-la-mision-de-la-uartes-con-la-poblacion-artistica\\\/\"},\"author\":{\"name\":\"ccortez\",\"@id\":\"https:\\\/\\\/www.uartes.edu.ec\\\/sitio\\\/fr\\\/#\\\/schema\\\/person\\\/efa1b8275797664fd7f13a79ccc0b1f4\"},\"headline\":\"En graduaci\u00f3n y entrega de t\u00edtulos, rector William Herrera reiter\u00f3 misi\u00f3n de la UArtes con poblaci\u00f3n art\u00edstica\",\"datePublished\":\"2024-04-15T21:12:00+00:00\",\"dateModified\":\"2024-07-04T16:19:09+00:00\",\"mainEntityOfPage\":{\"@id\":\"https:\\\/\\\/www.uartes.edu.ec\\\/sitio\\\/fr\\\/blog\\\/2024\\\/04\\\/15\\\/en-graduacion-y-entrega-de-titulos-rector-william-herrera-reitero-la-mision-de-la-uartes-con-la-poblacion-artistica\\\/\"},\"wordCount\":730,\"commentCount\":0,\"publisher\":{\"@id\":\"https:\\\/\\\/www.uartes.edu.ec\\\/sitio\\\/fr\\\/#organization\"},\"image\":{\"@id\":\"https:\\\/\\\/www.uartes.edu.ec\\\/sitio\\\/fr\\\/blog\\\/2024\\\/04\\\/15\\\/en-graduacion-y-entrega-de-titulos-rector-william-herrera-reitero-la-mision-de-la-uartes-con-la-poblacion-artistica\\\/#primaryimage\"},\"thumbnailUrl\":\"https:\\\/\\\/www.uartes.edu.ec\\\/sitio\\\/wp-content\\\/uploads\\\/2024\\\/04\\\/01-GRADUACION-2024.jpg\",\"keywords\":[\"graduaci\u00f3n\"],\"articleSection\":[\"Acad\u00e9mico\",\"Docentes\",\"Estudiantes\",\"Gesti\u00f3n\",\"Maestr\u00edas\",\"Rectorado\"],\"inLanguage\":\"fr-FR\",\"potentialAction\":[{\"@type\":\"CommentAction\",\"name\":\"Comment\",\"target\":[\"https:\\\/\\\/www.uartes.edu.ec\\\/sitio\\\/fr\\\/blog\\\/2024\\\/04\\\/15\\\/en-graduacion-y-entrega-de-titulos-rector-william-herrera-reitero-la-mision-de-la-uartes-con-la-poblacion-artistica\\\/#respond\"]}]},{\"@type\":[\"WebPage\",\"ItemPage\"],\"@id\":\"https:\\\/\\\/www.uartes.edu.ec\\\/sitio\\\/fr\\\/blog\\\/2024\\\/04\\\/15\\\/en-graduacion-y-entrega-de-titulos-rector-william-herrera-reitero-la-mision-de-la-uartes-con-la-poblacion-artistica\\\/\",\"url\":\"https:\\\/\\\/www.uartes.edu.ec\\\/sitio\\\/fr\\\/blog\\\/2024\\\/04\\\/15\\\/en-graduacion-y-entrega-de-titulos-rector-william-herrera-reitero-la-mision-de-la-uartes-con-la-poblacion-artistica\\\/\",\"name\":\"Universidad de las Artes - En graduaci\u00f3n y entrega de t\u00edtulos, rector William Herrera reiter\u00f3 misi\u00f3n de la UArtes con poblaci\u00f3n art\u00edstica\",\"isPartOf\":{\"@id\":\"https:\\\/\\\/www.uartes.edu.ec\\\/sitio\\\/fr\\\/#website\"},\"primaryImageOfPage\":{\"@id\":\"https:\\\/\\\/www.uartes.edu.ec\\\/sitio\\\/fr\\\/blog\\\/2024\\\/04\\\/15\\\/en-graduacion-y-entrega-de-titulos-rector-william-herrera-reitero-la-mision-de-la-uartes-con-la-poblacion-artistica\\\/#primaryimage\"},\"image\":{\"@id\":\"https:\\\/\\\/www.uartes.edu.ec\\\/sitio\\\/fr\\\/blog\\\/2024\\\/04\\\/15\\\/en-graduacion-y-entrega-de-titulos-rector-william-herrera-reitero-la-mision-de-la-uartes-con-la-poblacion-artistica\\\/#primaryimage\"},\"thumbnailUrl\":\"https:\\\/\\\/www.uartes.edu.ec\\\/sitio\\\/wp-content\\\/uploads\\\/2024\\\/04\\\/01-GRADUACION-2024.jpg\",\"datePublished\":\"2024-04-15T21:12:00+00:00\",\"dateModified\":\"2024-07-04T16:19:09+00:00\",\"description\":\"Universidad de las Artes - En graduaci\u00f3n y entrega de t\u00edtulos, rector William Herrera reiter\u00f3 misi\u00f3n de la UArtes con poblaci\u00f3n art\u00edstica\",\"breadcrumb\":{\"@id\":\"https:\\\/\\\/www.uartes.edu.ec\\\/sitio\\\/fr\\\/blog\\\/2024\\\/04\\\/15\\\/en-graduacion-y-entrega-de-titulos-rector-william-herrera-reitero-la-mision-de-la-uartes-con-la-poblacion-artistica\\\/#breadcrumb\"},\"inLanguage\":\"fr-FR\",\"potentialAction\":[{\"@type\":\"ReadAction\",\"target\":[\"https:\\\/\\\/www.uartes.edu.ec\\\/sitio\\\/fr\\\/blog\\\/2024\\\/04\\\/15\\\/en-graduacion-y-entrega-de-titulos-rector-william-herrera-reitero-la-mision-de-la-uartes-con-la-poblacion-artistica\\\/\"]}]},{\"@type\":\"ImageObject\",\"inLanguage\":\"fr-FR\",\"@id\":\"https:\\\/\\\/www.uartes.edu.ec\\\/sitio\\\/fr\\\/blog\\\/2024\\\/04\\\/15\\\/en-graduacion-y-entrega-de-titulos-rector-william-herrera-reitero-la-mision-de-la-uartes-con-la-poblacion-artistica\\\/#primaryimage\",\"url\":\"https:\\\/\\\/www.uartes.edu.ec\\\/sitio\\\/wp-content\\\/uploads\\\/2024\\\/04\\\/01-GRADUACION-2024.jpg\",\"contentUrl\":\"https:\\\/\\\/www.uartes.edu.ec\\\/sitio\\\/wp-content\\\/uploads\\\/2024\\\/04\\\/01-GRADUACION-2024.jpg\",\"width\":2000,\"height\":1333},{\"@type\":\"BreadcrumbList\",\"@id\":\"https:\\\/\\\/www.uartes.edu.ec\\\/sitio\\\/fr\\\/blog\\\/2024\\\/04\\\/15\\\/en-graduacion-y-entrega-de-titulos-rector-william-herrera-reitero-la-mision-de-la-uartes-con-la-poblacion-artistica\\\/#breadcrumb\",\"itemListElement\":[{\"@type\":\"ListItem\",\"position\":1,\"name\":\"Inicio\",\"item\":\"https:\\\/\\\/www.uartes.edu.ec\\\/sitio\\\/\"},{\"@type\":\"ListItem\",\"position\":2,\"name\":\"En graduaci\u00f3n y entrega de t\u00edtulos, rector William Herrera reiter\u00f3 misi\u00f3n de la UArtes con poblaci\u00f3n art\u00edstica\"}]},{\"@type\":\"WebSite\",\"@id\":\"https:\\\/\\\/www.uartes.edu.ec\\\/sitio\\\/fr\\\/#website\",\"url\":\"https:\\\/\\\/www.uartes.edu.ec\\\/sitio\\\/fr\\\/\",\"name\":\"Universidad de las Artes\",\"description\":\"Sitio oficial de la Universidad Nacional de las Artes del Ecuador\",\"publisher\":{\"@id\":\"https:\\\/\\\/www.uartes.edu.ec\\\/sitio\\\/fr\\\/#organization\"},\"potentialAction\":[{\"@type\":\"SearchAction\",\"target\":{\"@type\":\"EntryPoint\",\"urlTemplate\":\"https:\\\/\\\/www.uartes.edu.ec\\\/sitio\\\/fr\\\/?s={search_term_string}\"},\"query-input\":{\"@type\":\"PropertyValueSpecification\",\"valueRequired\":true,\"valueName\":\"search_term_string\"}}],\"inLanguage\":\"fr-FR\"},{\"@type\":\"Organization\",\"@id\":\"https:\\\/\\\/www.uartes.edu.ec\\\/sitio\\\/fr\\\/#organization\",\"name\":\"Universidad de las Artes\",\"url\":\"https:\\\/\\\/www.uartes.edu.ec\\\/sitio\\\/fr\\\/\",\"logo\":{\"@type\":\"ImageObject\",\"inLanguage\":\"fr-FR\",\"@id\":\"https:\\\/\\\/www.uartes.edu.ec\\\/sitio\\\/fr\\\/#\\\/schema\\\/logo\\\/image\\\/\",\"url\":\"https:\\\/\\\/www.uartes.edu.ec\\\/sitio\\\/wp-content\\\/uploads\\\/2022\\\/07\\\/logo-ua-horizontal.png\",\"contentUrl\":\"https:\\\/\\\/www.uartes.edu.ec\\\/sitio\\\/wp-content\\\/uploads\\\/2022\\\/07\\\/logo-ua-horizontal.png\",\"width\":800,\"height\":276,\"caption\":\"Universidad de las Artes\"},\"image\":{\"@id\":\"https:\\\/\\\/www.uartes.edu.ec\\\/sitio\\\/fr\\\/#\\\/schema\\\/logo\\\/image\\\/\"},\"sameAs\":[\"https:\\\/\\\/www.facebook.com\\\/uartesec\",\"https:\\\/\\\/x.com\\\/uartesec\",\"https:\\\/\\\/www.tiktok.com\\\/@uartesec\"]},{\"@type\":\"Person\",\"@id\":\"https:\\\/\\\/www.uartes.edu.ec\\\/sitio\\\/fr\\\/#\\\/schema\\\/person\\\/efa1b8275797664fd7f13a79ccc0b1f4\",\"name\":\"ccortez\",\"image\":{\"@type\":\"ImageObject\",\"inLanguage\":\"fr-FR\",\"@id\":\"https:\\\/\\\/secure.gravatar.com\\\/avatar\\\/b2a6f664a3ae8e074346ef91775736c5ec479e637ecced6842de9dc98b5da9cd?s=96&d=mm&r=g\",\"url\":\"https:\\\/\\\/secure.gravatar.com\\\/avatar\\\/b2a6f664a3ae8e074346ef91775736c5ec479e637ecced6842de9dc98b5da9cd?s=96&d=mm&r=g\",\"contentUrl\":\"https:\\\/\\\/secure.gravatar.com\\\/avatar\\\/b2a6f664a3ae8e074346ef91775736c5ec479e637ecced6842de9dc98b5da9cd?s=96&d=mm&r=g\",\"caption\":\"ccortez\"},\"url\":\"https:\\\/\\\/www.uartes.edu.ec\\\/sitio\\\/fr\\\/blog\\\/author\\\/ccortez\\\/\"}]}<\/script>\n<!-- \/ Yoast SEO plugin. -->","yoast_head_json":{"title":"Universidad de las Artes - En graduaci\u00f3n y entrega de t\u00edtulos, rector William Herrera reiter\u00f3 misi\u00f3n de la UArtes con poblaci\u00f3n art\u00edstica","description":"Universidad de las Artes - En graduaci\u00f3n y entrega de t\u00edtulos, rector William Herrera reiter\u00f3 misi\u00f3n de la UArtes con poblaci\u00f3n art\u00edstica","robots":{"index":"index","follow":"follow","max-snippet":"max-snippet:-1","max-image-preview":"max-image-preview:large","max-video-preview":"max-video-preview:-1"},"canonical":"https:\/\/www.uartes.edu.ec\/sitio\/fr\/blog\/2024\/04\/15\/en-graduacion-y-entrega-de-titulos-rector-william-herrera-reitero-la-mision-de-la-uartes-con-la-poblacion-artistica\/","og_locale":"fr_FR","og_type":"article","og_title":"Universidad de las Artes - En graduaci\u00f3n y entrega de t\u00edtulos, rector William Herrera reiter\u00f3 misi\u00f3n de la UArtes con poblaci\u00f3n art\u00edstica","og_description":"Universidad de las Artes - En graduaci\u00f3n y entrega de t\u00edtulos, rector William Herrera reiter\u00f3 misi\u00f3n de la UArtes con poblaci\u00f3n art\u00edstica","og_url":"https:\/\/www.uartes.edu.ec\/sitio\/fr\/blog\/2024\/04\/15\/en-graduacion-y-entrega-de-titulos-rector-william-herrera-reitero-la-mision-de-la-uartes-con-la-poblacion-artistica\/","og_site_name":"Universidad de las Artes","article_publisher":"https:\/\/www.facebook.com\/uartesec","article_published_time":"2024-04-15T21:12:00+00:00","article_modified_time":"2024-07-04T16:19:09+00:00","og_image":[{"width":2000,"height":1333,"url":"https:\/\/www.uartes.edu.ec\/sitio\/wp-content\/uploads\/2024\/04\/01-GRADUACION-2024.jpg","type":"image\/jpeg"}],"author":"ccortez","twitter_card":"summary_large_image","twitter_creator":"@uartesec","twitter_site":"@uartesec","twitter_misc":{"\u00c9crit par":"ccortez","Dur\u00e9e de lecture estim\u00e9e":"4 minutes"},"schema":{"@context":"https:\/\/schema.org","@graph":[{"@type":"Article","@id":"https:\/\/www.uartes.edu.ec\/sitio\/fr\/blog\/2024\/04\/15\/en-graduacion-y-entrega-de-titulos-rector-william-herrera-reitero-la-mision-de-la-uartes-con-la-poblacion-artistica\/#article","isPartOf":{"@id":"https:\/\/www.uartes.edu.ec\/sitio\/fr\/blog\/2024\/04\/15\/en-graduacion-y-entrega-de-titulos-rector-william-herrera-reitero-la-mision-de-la-uartes-con-la-poblacion-artistica\/"},"author":{"name":"ccortez","@id":"https:\/\/www.uartes.edu.ec\/sitio\/fr\/#\/schema\/person\/efa1b8275797664fd7f13a79ccc0b1f4"},"headline":"En graduaci\u00f3n y entrega de t\u00edtulos, rector William Herrera reiter\u00f3 misi\u00f3n de la UArtes con poblaci\u00f3n art\u00edstica","datePublished":"2024-04-15T21:12:00+00:00","dateModified":"2024-07-04T16:19:09+00:00","mainEntityOfPage":{"@id":"https:\/\/www.uartes.edu.ec\/sitio\/fr\/blog\/2024\/04\/15\/en-graduacion-y-entrega-de-titulos-rector-william-herrera-reitero-la-mision-de-la-uartes-con-la-poblacion-artistica\/"},"wordCount":730,"commentCount":0,"publisher":{"@id":"https:\/\/www.uartes.edu.ec\/sitio\/fr\/#organization"},"image":{"@id":"https:\/\/www.uartes.edu.ec\/sitio\/fr\/blog\/2024\/04\/15\/en-graduacion-y-entrega-de-titulos-rector-william-herrera-reitero-la-mision-de-la-uartes-con-la-poblacion-artistica\/#primaryimage"},"thumbnailUrl":"https:\/\/www.uartes.edu.ec\/sitio\/wp-content\/uploads\/2024\/04\/01-GRADUACION-2024.jpg","keywords":["graduaci\u00f3n"],"articleSection":["Acad\u00e9mico","Docentes","Estudiantes","Gesti\u00f3n","Maestr\u00edas","Rectorado"],"inLanguage":"fr-FR","potentialAction":[{"@type":"CommentAction","name":"Comment","target":["https:\/\/www.uartes.edu.ec\/sitio\/fr\/blog\/2024\/04\/15\/en-graduacion-y-entrega-de-titulos-rector-william-herrera-reitero-la-mision-de-la-uartes-con-la-poblacion-artistica\/#respond"]}]},{"@type":["WebPage","ItemPage"],"@id":"https:\/\/www.uartes.edu.ec\/sitio\/fr\/blog\/2024\/04\/15\/en-graduacion-y-entrega-de-titulos-rector-william-herrera-reitero-la-mision-de-la-uartes-con-la-poblacion-artistica\/","url":"https:\/\/www.uartes.edu.ec\/sitio\/fr\/blog\/2024\/04\/15\/en-graduacion-y-entrega-de-titulos-rector-william-herrera-reitero-la-mision-de-la-uartes-con-la-poblacion-artistica\/","name":"Universidad de las Artes - En graduaci\u00f3n y entrega de t\u00edtulos, rector William Herrera reiter\u00f3 misi\u00f3n de la UArtes con poblaci\u00f3n art\u00edstica","isPartOf":{"@id":"https:\/\/www.uartes.edu.ec\/sitio\/fr\/#website"},"primaryImageOfPage":{"@id":"https:\/\/www.uartes.edu.ec\/sitio\/fr\/blog\/2024\/04\/15\/en-graduacion-y-entrega-de-titulos-rector-william-herrera-reitero-la-mision-de-la-uartes-con-la-poblacion-artistica\/#primaryimage"},"image":{"@id":"https:\/\/www.uartes.edu.ec\/sitio\/fr\/blog\/2024\/04\/15\/en-graduacion-y-entrega-de-titulos-rector-william-herrera-reitero-la-mision-de-la-uartes-con-la-poblacion-artistica\/#primaryimage"},"thumbnailUrl":"https:\/\/www.uartes.edu.ec\/sitio\/wp-content\/uploads\/2024\/04\/01-GRADUACION-2024.jpg","datePublished":"2024-04-15T21:12:00+00:00","dateModified":"2024-07-04T16:19:09+00:00","description":"Universidad de las Artes - En graduaci\u00f3n y entrega de t\u00edtulos, rector William Herrera reiter\u00f3 misi\u00f3n de la UArtes con poblaci\u00f3n art\u00edstica","breadcrumb":{"@id":"https:\/\/www.uartes.edu.ec\/sitio\/fr\/blog\/2024\/04\/15\/en-graduacion-y-entrega-de-titulos-rector-william-herrera-reitero-la-mision-de-la-uartes-con-la-poblacion-artistica\/#breadcrumb"},"inLanguage":"fr-FR","potentialAction":[{"@type":"ReadAction","target":["https:\/\/www.uartes.edu.ec\/sitio\/fr\/blog\/2024\/04\/15\/en-graduacion-y-entrega-de-titulos-rector-william-herrera-reitero-la-mision-de-la-uartes-con-la-poblacion-artistica\/"]}]},{"@type":"ImageObject","inLanguage":"fr-FR","@id":"https:\/\/www.uartes.edu.ec\/sitio\/fr\/blog\/2024\/04\/15\/en-graduacion-y-entrega-de-titulos-rector-william-herrera-reitero-la-mision-de-la-uartes-con-la-poblacion-artistica\/#primaryimage","url":"https:\/\/www.uartes.edu.ec\/sitio\/wp-content\/uploads\/2024\/04\/01-GRADUACION-2024.jpg","contentUrl":"https:\/\/www.uartes.edu.ec\/sitio\/wp-content\/uploads\/2024\/04\/01-GRADUACION-2024.jpg","width":2000,"height":1333},{"@type":"BreadcrumbList","@id":"https:\/\/www.uartes.edu.ec\/sitio\/fr\/blog\/2024\/04\/15\/en-graduacion-y-entrega-de-titulos-rector-william-herrera-reitero-la-mision-de-la-uartes-con-la-poblacion-artistica\/#breadcrumb","itemListElement":[{"@type":"ListItem","position":1,"name":"Inicio","item":"https:\/\/www.uartes.edu.ec\/sitio\/"},{"@type":"ListItem","position":2,"name":"En graduaci\u00f3n y entrega de t\u00edtulos, rector William Herrera reiter\u00f3 misi\u00f3n de la UArtes con poblaci\u00f3n art\u00edstica"}]},{"@type":"WebSite","@id":"https:\/\/www.uartes.edu.ec\/sitio\/fr\/#website","url":"https:\/\/www.uartes.edu.ec\/sitio\/fr\/","name":"Universidad de las Artes","description":"Sitio oficial de la Universidad Nacional de las Artes del Ecuador","publisher":{"@id":"https:\/\/www.uartes.edu.ec\/sitio\/fr\/#organization"},"potentialAction":[{"@type":"SearchAction","target":{"@type":"EntryPoint","urlTemplate":"https:\/\/www.uartes.edu.ec\/sitio\/fr\/?s={search_term_string}"},"query-input":{"@type":"PropertyValueSpecification","valueRequired":true,"valueName":"search_term_string"}}],"inLanguage":"fr-FR"},{"@type":"Organization","@id":"https:\/\/www.uartes.edu.ec\/sitio\/fr\/#organization","name":"Universidad de las Artes","url":"https:\/\/www.uartes.edu.ec\/sitio\/fr\/","logo":{"@type":"ImageObject","inLanguage":"fr-FR","@id":"https:\/\/www.uartes.edu.ec\/sitio\/fr\/#\/schema\/logo\/image\/","url":"https:\/\/www.uartes.edu.ec\/sitio\/wp-content\/uploads\/2022\/07\/logo-ua-horizontal.png","contentUrl":"https:\/\/www.uartes.edu.ec\/sitio\/wp-content\/uploads\/2022\/07\/logo-ua-horizontal.png","width":800,"height":276,"caption":"Universidad de las Artes"},"image":{"@id":"https:\/\/www.uartes.edu.ec\/sitio\/fr\/#\/schema\/logo\/image\/"},"sameAs":["https:\/\/www.facebook.com\/uartesec","https:\/\/x.com\/uartesec","https:\/\/www.tiktok.com\/@uartesec"]},{"@type":"Person","@id":"https:\/\/www.uartes.edu.ec\/sitio\/fr\/#\/schema\/person\/efa1b8275797664fd7f13a79ccc0b1f4","name":"ccortez","image":{"@type":"ImageObject","inLanguage":"fr-FR","@id":"https:\/\/secure.gravatar.com\/avatar\/b2a6f664a3ae8e074346ef91775736c5ec479e637ecced6842de9dc98b5da9cd?s=96&d=mm&r=g","url":"https:\/\/secure.gravatar.com\/avatar\/b2a6f664a3ae8e074346ef91775736c5ec479e637ecced6842de9dc98b5da9cd?s=96&d=mm&r=g","contentUrl":"https:\/\/secure.gravatar.com\/avatar\/b2a6f664a3ae8e074346ef91775736c5ec479e637ecced6842de9dc98b5da9cd?s=96&d=mm&r=g","caption":"ccortez"},"url":"https:\/\/www.uartes.edu.ec\/sitio\/fr\/blog\/author\/ccortez\/"}]}},"uagb_featured_image_src":{"full":["https:\/\/www.uartes.edu.ec\/sitio\/wp-content\/uploads\/2024\/04\/01-GRADUACION-2024.jpg",2000,1333,false],"thumbnail":["https:\/\/www.uartes.edu.ec\/sitio\/wp-content\/uploads\/2024\/04\/01-GRADUACION-2024-150x150.jpg",150,150,true],"medium":["https:\/\/www.uartes.edu.ec\/sitio\/wp-content\/uploads\/2024\/04\/01-GRADUACION-2024-300x200.jpg",300,200,true],"medium_large":["https:\/\/www.uartes.edu.ec\/sitio\/wp-content\/uploads\/2024\/04\/01-GRADUACION-2024-768x512.jpg",768,512,true],"large":["https:\/\/www.uartes.edu.ec\/sitio\/wp-content\/uploads\/2024\/04\/01-GRADUACION-2024-644x429.jpg",644,429,true],"1536x1536":["https:\/\/www.uartes.edu.ec\/sitio\/wp-content\/uploads\/2024\/04\/01-GRADUACION-2024-1536x1024.jpg",1536,1024,true],"2048x2048":["https:\/\/www.uartes.edu.ec\/sitio\/wp-content\/uploads\/2024\/04\/01-GRADUACION-2024.jpg",2000,1333,false],"trp-custom-language-flag":["https:\/\/www.uartes.edu.ec\/sitio\/wp-content\/uploads\/2024\/04\/01-GRADUACION-2024-18x12.jpg",18,12,true],"htmega_size_585x295":["https:\/\/www.uartes.edu.ec\/sitio\/wp-content\/uploads\/2024\/04\/01-GRADUACION-2024-585x295.jpg",585,295,true],"htmega_size_1170x536":["https:\/\/www.uartes.edu.ec\/sitio\/wp-content\/uploads\/2024\/04\/01-GRADUACION-2024-1170x536.jpg",1170,536,true],"htmega_size_396x360":["https:\/\/www.uartes.edu.ec\/sitio\/wp-content\/uploads\/2024\/04\/01-GRADUACION-2024-396x360.jpg",396,360,true],"gb-block-post-grid-landscape":["https:\/\/www.uartes.edu.ec\/sitio\/wp-content\/uploads\/2024\/04\/01-GRADUACION-2024-600x400.jpg",600,400,true],"gb-block-post-grid-square":["https:\/\/www.uartes.edu.ec\/sitio\/wp-content\/uploads\/2024\/04\/01-GRADUACION-2024-600x600.jpg",600,600,true],"university-hub-thumb":["https:\/\/www.uartes.edu.ec\/sitio\/wp-content\/uploads\/2024\/04\/01-GRADUACION-2024-400x267.jpg",400,267,true]},"uagb_author_info":{"display_name":"ccortez","author_link":"https:\/\/www.uartes.edu.ec\/sitio\/fr\/blog\/author\/ccortez\/"},"uagb_comment_info":0,"uagb_excerpt":"En la ceremonia de graduaci\u00f3n de maestr\u00edas y entrega de t\u00edtulos por Validaci\u00f3n de Trayectorias, el rector William Herrera reiter\u00f3 la raz\u00f3n de ser de la UArtes y su misi\u00f3n con respecto a la poblaci\u00f3n art\u00edstica. Habl\u00f3 de la responsabilidad que compartimos en la b\u00fasqueda de una sociedad y de un pa\u00eds que valore, promueva\u2026","featured_image_src":"https:\/\/www.uartes.edu.ec\/sitio\/wp-content\/uploads\/2024\/04\/01-GRADUACION-2024-600x400.jpg","featured_image_src_square":"https:\/\/www.uartes.edu.ec\/sitio\/wp-content\/uploads\/2024\/04\/01-GRADUACION-2024-600x600.jpg","author_info":{"display_name":"ccortez","author_link":"https:\/\/www.uartes.edu.ec\/sitio\/fr\/blog\/author\/ccortez\/"},"publishpress_future_workflow_manual_trigger":{"enabledWorkflows":[]},"distributor_meta":false,"distributor_terms":false,"distributor_media":false,"distributor_original_site_name":"Universidad de las Artes","distributor_original_site_url":"https:\/\/www.uartes.edu.ec\/sitio\/fr","push-errors":false,"_links":{"self":[{"href":"https:\/\/www.uartes.edu.ec\/sitio\/fr\/wp-json\/wp\/v2\/posts\/52632","targetHints":{"allow":["GET"]}}],"collection":[{"href":"https:\/\/www.uartes.edu.ec\/sitio\/fr\/wp-json\/wp\/v2\/posts"}],"about":[{"href":"https:\/\/www.uartes.edu.ec\/sitio\/fr\/wp-json\/wp\/v2\/types\/post"}],"author":[{"embeddable":true,"href":"https:\/\/www.uartes.edu.ec\/sitio\/fr\/wp-json\/wp\/v2\/users\/10"}],"replies":[{"embeddable":true,"href":"https:\/\/www.uartes.edu.ec\/sitio\/fr\/wp-json\/wp\/v2\/comments?post=52632"}],"version-history":[{"count":13,"href":"https:\/\/www.uartes.edu.ec\/sitio\/fr\/wp-json\/wp\/v2\/posts\/52632\/revisions"}],"predecessor-version":[{"id":52660,"href":"https:\/\/www.uartes.edu.ec\/sitio\/fr\/wp-json\/wp\/v2\/posts\/52632\/revisions\/52660"}],"wp:featuredmedia":[{"embeddable":true,"href":"https:\/\/www.uartes.edu.ec\/sitio\/fr\/wp-json\/wp\/v2\/media\/52633"}],"wp:attachment":[{"href":"https:\/\/www.uartes.edu.ec\/sitio\/fr\/wp-json\/wp\/v2\/media?parent=52632"}],"wp:term":[{"taxonomy":"category","embeddable":true,"href":"https:\/\/www.uartes.edu.ec\/sitio\/fr\/wp-json\/wp\/v2\/categories?post=52632"},{"taxonomy":"post_tag","embeddable":true,"href":"https:\/\/www.uartes.edu.ec\/sitio\/fr\/wp-json\/wp\/v2\/tags?post=52632"},{"taxonomy":"infouartes","embeddable":true,"href":"https:\/\/www.uartes.edu.ec\/sitio\/fr\/wp-json\/wp\/v2\/infouartes?post=52632"}],"curies":[{"name":"wp","href":"https:\/\/api.w.org\/{rel}","templated":true}]}}