{"id":52875,"date":"2024-04-24T14:36:00","date_gmt":"2024-04-24T19:36:00","guid":{"rendered":"https:\/\/www.uartes.edu.ec\/sitio\/?p=52875"},"modified":"2024-07-04T11:19:07","modified_gmt":"2024-07-04T16:19:07","slug":"feria-de-practicas-pre-profesionales","status":"publish","type":"post","link":"https:\/\/www.uartes.edu.ec\/sitio\/fr\/blog\/2024\/04\/24\/feria-de-practicas-pre-profesionales\/","title":{"rendered":"Feria de Pr\u00e1cticas Pre-Profesionales"},"content":{"rendered":"<p>Treinta es la cantidad de horas m\u00ednimas a realizar durante las Pr\u00e1cticas Pre-Profesionales Laborales, siendo el tope m\u00e1ximo 240 horas. Los estudiantes de la Universidad de las Artes deber\u00e1n cumplirlas previo a la obtenci\u00f3n de su licenciatura, as\u00ed como las horas de servicio comunitario que son 96 y que sum\u00e1ndolas hacen un total de 336 horas de PPP.<\/p>\n\n\n\n<p>Las Pr\u00e1cticas Pre-Profesionales son una prestaci\u00f3n de actividades temporales que, si bien son obligatorias y supervisadas, tienen car\u00e1cter formativo, permiti\u00e9ndole al estudiantado ejecutar lo aprendido dentro de las aulas en entornos p\u00fablicos, sociales y productivos. Tambi\u00e9n, adquirir habilidades y actitudes del \u00e1mbito laboral; ejercer, desarrollar y perfeccionar sus competencias; y obtener experiencia profesional para lograr futuras oportunidades de empleo.<\/p>\n\n\n\n<p>Estas son algunas de las apreciaciones que fueron compartidas en la feria que la Jefatura de Pr\u00e1cticas Pre-Profesionales, a cargo de la doctora Janina Su\u00e1rez Pinz\u00f3n, realiz\u00f3 este martes 23 y mi\u00e9rcoles 24 de abril en la Semana Cultural de la tercera edici\u00f3n de Lanfor Abierta, jornada que la Biblioteca de las Artes organiza en conmemoraci\u00f3n del D\u00eda Internacional del Libro.<\/p>\n\n\n\n<p>Una segunda feria de las PPP tendr\u00e1 lugar en octubre pr\u00f3ximo. La presente se organiz\u00f3 aprovechando el arranque del Semestre A 2024 y para dar a conocer a las\/los docentes responsables de las Pr\u00e1cticas Pre-Profesionales en sus respectivas escuelas y unidades acad\u00e9micas.<\/p>\n\n\n<div class=\"wp-block-image\">\n<figure class=\"aligncenter size-large\"><img fetchpriority=\"high\" decoding=\"async\" width=\"644\" height=\"429\" src=\"https:\/\/www.uartes.edu.ec\/sitio\/wp-content\/uploads\/2024\/04\/01-FERIA-PPP-644x429.jpg\" alt=\"\" class=\"wp-image-52936\" srcset=\"https:\/\/www.uartes.edu.ec\/sitio\/wp-content\/uploads\/2024\/04\/01-FERIA-PPP-644x429.jpg 644w, https:\/\/www.uartes.edu.ec\/sitio\/wp-content\/uploads\/2024\/04\/01-FERIA-PPP-300x200.jpg 300w, https:\/\/www.uartes.edu.ec\/sitio\/wp-content\/uploads\/2024\/04\/01-FERIA-PPP-768x512.jpg 768w, https:\/\/www.uartes.edu.ec\/sitio\/wp-content\/uploads\/2024\/04\/01-FERIA-PPP-1536x1024.jpg 1536w, https:\/\/www.uartes.edu.ec\/sitio\/wp-content\/uploads\/2024\/04\/01-FERIA-PPP-2048x1365.jpg 2048w, https:\/\/www.uartes.edu.ec\/sitio\/wp-content\/uploads\/2024\/04\/01-FERIA-PPP-18x12.jpg 18w, https:\/\/www.uartes.edu.ec\/sitio\/wp-content\/uploads\/2024\/04\/01-FERIA-PPP-600x400.jpg 600w, https:\/\/www.uartes.edu.ec\/sitio\/wp-content\/uploads\/2024\/04\/01-FERIA-PPP-400x267.jpg 400w, https:\/\/www.uartes.edu.ec\/sitio\/wp-content\/uploads\/2024\/04\/01-FERIA-PPP-272x182.jpg 272w\" sizes=\"(max-width: 644px) 100vw, 644px\" \/><figcaption class=\"wp-element-caption\">Janina Su\u00e1rez (izq.) junto a v arios de los docentes coordinadores de las PPP en sus respectivas carreras y escuelas. Jorge Tigrero (segundo izq.), Mario Madro\u00f1ero, Gabriela Fabre y Luis Cajiao.<\/figcaption><\/figure>\n<\/div>\n\n\n<p>De la Escuela de Artes Sonoras son coordinadores de PPP Carlos Luis Moreno e Ivonne Jer\u00e9z, en las carreras de Artes Musicales y Producci\u00f3n Musical, respectivamente; de la Escuela de Literatura, Mario Madro\u00f1ero; de Pedagog\u00eda en Artes y Humanidades, Jorge Tigrero; de la Escuela de Artes Esc\u00e9nicas, Luis Cajiao y Juan Bautista, de las carreras de Danza y Creaci\u00f3n Teatral, en ese orden; de la Escuela de Cine, Raymi Morales; y de la Escuela de Artes Visuales, Gabriela Fabre.<\/p>\n\n\n\n<p>\u201cNos interesa que todos y todas conozcan el proceso porque hay siempre dificultades con el registro y la validaci\u00f3n de las horas\u201d, indic\u00f3 Janina Su\u00e1rez acerca de las PPP. Explic\u00f3 que desde que entr\u00f3 en vigencia \u2014en junio de 2023\u2014 el nuevo Reglamento de las Pr\u00e1cticas Pre-Profesionales se modificaron los formatos y es por ello que desde la Jefatura se prepar\u00f3 un flyer donde se puede, a trav\u00e9s de un c\u00f3digo QR, revisar la informaci\u00f3n. Est\u00e1 en el sitio web institucional de la Universidad de las Artes en las pesta\u00f1as Estudiantes y Vinculaci\u00f3n con la Comunidad. En la primera, la ruta es Pasant\u00edas y en la segunda, Pr\u00e1cticas Pre-Profesionales, cuyos enlaces llevan al desglose del procedimiento.<\/p>\n\n\n\n<p>En coordinaci\u00f3n con Vinculaci\u00f3n con la Sociedad, una de las tres funciones sustantivas de la Educaci\u00f3n Superior (las otras son docencia e investigaci\u00f3n), la Jefatura a cargo de Su\u00e1rez propone los lineamientos de las Pr\u00e1cticas Pre-Profesionales juntamente con el Vicerrectorado Acad\u00e9mico. Adem\u00e1s de la mencionada coordinaci\u00f3n, diligencia convenios para la realizaci\u00f3n de las PPP y supervisa su planificaci\u00f3n y gesti\u00f3n, enmarcadas en los programas acad\u00e9micos.<\/p>\n\n\n<div class=\"wp-block-image\">\n<figure class=\"aligncenter size-large\"><img decoding=\"async\" width=\"644\" height=\"429\" src=\"https:\/\/www.uartes.edu.ec\/sitio\/wp-content\/uploads\/2024\/04\/03-FERIA-PPP-644x429.jpg\" alt=\"\" class=\"wp-image-52934\" srcset=\"https:\/\/www.uartes.edu.ec\/sitio\/wp-content\/uploads\/2024\/04\/03-FERIA-PPP-644x429.jpg 644w, https:\/\/www.uartes.edu.ec\/sitio\/wp-content\/uploads\/2024\/04\/03-FERIA-PPP-300x200.jpg 300w, https:\/\/www.uartes.edu.ec\/sitio\/wp-content\/uploads\/2024\/04\/03-FERIA-PPP-768x512.jpg 768w, https:\/\/www.uartes.edu.ec\/sitio\/wp-content\/uploads\/2024\/04\/03-FERIA-PPP-1536x1024.jpg 1536w, https:\/\/www.uartes.edu.ec\/sitio\/wp-content\/uploads\/2024\/04\/03-FERIA-PPP-2048x1365.jpg 2048w, https:\/\/www.uartes.edu.ec\/sitio\/wp-content\/uploads\/2024\/04\/03-FERIA-PPP-18x12.jpg 18w, https:\/\/www.uartes.edu.ec\/sitio\/wp-content\/uploads\/2024\/04\/03-FERIA-PPP-600x400.jpg 600w, https:\/\/www.uartes.edu.ec\/sitio\/wp-content\/uploads\/2024\/04\/03-FERIA-PPP-400x267.jpg 400w, https:\/\/www.uartes.edu.ec\/sitio\/wp-content\/uploads\/2024\/04\/03-FERIA-PPP-272x182.jpg 272w\" sizes=\"(max-width: 644px) 100vw, 644px\" \/><\/figure>\n<\/div>\n\n\n<p>La Jefatura de PPP, cuyo jefe inmediato es el Rectorado, coordina con todas las escuelas a trav\u00e9s de los docentes responsables de Pr\u00e1cticas Pre-Profesionales. Son ellos quienes designan al\/a la docente tutor\/tutora de esa pr\u00e1ctica, sea laboral o de servicio comunitario, para que pueda darle acompa\u00f1amiento.<\/p>\n\n\n\n<h3 class=\"wp-block-heading\">Certificado de cumplimiento<\/h3>\n\n\n\n<p>Su\u00e1rez anot\u00f3, asimismo, la claridad que se debe tener acerca del certificado de cumplimiento que emite la Jefatura de PPP, a partir del nuevo Reglamento, el cual es un requisito para la titulaci\u00f3n. Se elabora solamente cuando, a trav\u00e9s de un memorando, el\/la docente responsable de las Pr\u00e1cticas Pre-Profesionales ha corroborado todo el expediente f\u00edsico digital del alumno.<\/p>\n\n\n\n<p>Del referido documento, Su\u00e1rez mencion\u00f3 tambi\u00e9n la firma electr\u00f3nica, una digitalizaci\u00f3n que agilita su obtenci\u00f3n, pues ya no es necesario que el estudiante vaya en pos de las r\u00fabricas de los docentes. \u201cTenemos los formatos para descargar, se los completa v\u00eda <em>online<\/em> y transfiere a trav\u00e9s del <em>email<\/em> al\/a la docente responsable para que plasme su firma electr\u00f3nica en el primer formulario. Luego, al finalizar las PPP, el\/la estudiante completa su reporte, mientras que el\/la docente tutor\/turora completa su informe y la entidad receptora de las Pr\u00e1cticas Pre-Profesionales completa un certificado. As\u00ed se llega a los cuatro formularios con los que se validan las horas de PPP\u201d, dijo.<\/p>\n\n\n\n<p>Su\u00e1rez aclar\u00f3 que como el estudiante no tiene \u2014a\u00fan\u2014 firma electr\u00f3nica debe completar en l\u00ednea la informaci\u00f3n e imprimir la hoja donde va su r\u00fabrica, lo cual, obviamente, debe hacer de forma manual y luego escanear. La docente y funcionaria adelant\u00f3 que se est\u00e1 trabajando en la pronta automatizaci\u00f3n para que el estudiante solo haga un check y no tenga esa necesidad de descargar, imprimir y escanear.<\/p>\n\n\n\n<h3 class=\"wp-block-heading\">PPP Laborales y servicio comunitario<\/h3>\n\n\n\n<p>De cara a las reiterativas inquietudes acerca de las PPP, cuyo requisito \u2014a veces\u2014 se busca cumplir apuradamente, y de las horas de servicio comunitario, Su\u00e1rez respondi\u00f3 que esto suele suceder porque durante la preparaci\u00f3n acad\u00e9mica los estudiantes tienen como prioridad aprobar las asignaturas, hacer los cursos de idiomas o tener otro tipo de experiencias dentro de su carrera. \u201cLas Pr\u00e1cticas Pre-Profesionales pasan a un segundo plano y llegan a la Jefatura haciendo c\u00e1lculos de cu\u00e1ntas horas tienen de la materia de Transversal, que es Laboratorio con la Comunidad y donde se valida una parte de las horas de servicio comunitario; all\u00ed les recuerdo que el nuevo Reglamento determina una rebaja de las horas de servicio comunitario\u201d.<\/p>\n\n\n\n<p>Antes eran 160 y ahora son 96 las horas de servicio comunitario, de las cuales la materia de Transversal valida 32 y las 64 que quedan deben s\u00ed o s\u00ed hacerse en el marco de los proyectos de vinculaci\u00f3n con la comunidad registrados. \u201cNosotros les pasamos el listado para que contacten a los directores de esos proyectos y acuerden de qu\u00e9 forma colaborar en el proyecto y llevar a cabo esas horas\u201d.<\/p>\n\n\n\n<h3 class=\"wp-block-heading\">Cat\u00e1logo en el sitio web<\/h3>\n\n\n\n<p>Para el tema de las PPP laborales, desde la Jefatura a su cargo y las mismas escuelas se ha difundido un cat\u00e1logo que est\u00e1 en el sitio web de la UArtes con todas las opciones internas donde se da cabida a los practicantes. \u201cA diferencia de las de servicio comunitario, pueden hacerse interna o externamente. Es decir, como hacen referencia a la aplicaci\u00f3n de los conocimientos o habilidades profesionales en entornos profesionales, se las puede cumplir en cualquier otro espacio de la ciudad, ya sea porque tienen convenios con la universidad o exista el inter\u00e9s de alguna instituci\u00f3n por acoger a nuestras\/nuestros estudiantes\u201d.<\/p>\n\n\n\n<p>En el cat\u00e1logo, asimismo, est\u00e1 claramente descrito qu\u00e9 es lo que va a llevar a realizar el estudiante como PPP, \u201cpues velamos por la pertinencia y la coherencia con que todas esas pr\u00e1cticas deben ser realizadas. El estudiante, antes de iniciar su pr\u00e1ctica, debe contar con el visto bueno del docente responsable, quien escucha cu\u00e1l es su inter\u00e9s, cu\u00e1l su contacto y el acercamiento que ha tenido con la instituci\u00f3n que es la receptora. Solo luego de tener muy en claro lo que va a ejecutarse puede comenzar a hacer el papeleo. Es la forma en que garantizamos que vayan a desempe\u00f1arse en lo profesional\u201d.<\/p>","protected":false},"excerpt":{"rendered":"<p>Treinta es la cantidad de horas m\u00ednimas a realizar durante las Pr\u00e1cticas Pre-Profesionales Laborales, siendo el tope m\u00e1ximo 240 horas. Los estudiantes de la Universidad de las Artes deber\u00e1n cumplirlas previo a la obtenci\u00f3n de su licenciatura, as\u00ed como las horas de servicio comunitario que son 96 y que sum\u00e1ndolas hacen un total de 336 horas de PPP. Estas son algunas de las apreciaciones que fueron compartidas en la feria que la Jefatura de Pr\u00e1cticas Pre-Profesionales realiz\u00f3 ayer y hoy en la 3ra edici\u00f3n de Lanfor Abierta.<\/p>","protected":false},"author":10,"featured_media":52935,"comment_status":"open","ping_status":"open","sticky":false,"template":"","format":"standard","meta":{"_acf_changed":false,"_uag_custom_page_level_css":"","_monsterinsights_skip_tracking":false,"_monsterinsights_sitenote_active":false,"_monsterinsights_sitenote_note":"","_monsterinsights_sitenote_category":0,"cybocfi_hide_featured_image":"","footnotes":""},"categories":[80,159,150,157,147,75,76,77,175,174,79],"tags":[780],"infouartes":[],"class_list":["post-52875","post","type-post","status-publish","format-standard","has-post-thumbnail","hentry","category-academico","category-artes-escenicas","category-artes-sonoras","category-artes-visuales","category-cine","category-docentes","category-estudiantes","category-gestion","category-literatura","category-transversal","category-vinculo","tag-biblioteca-de-las-artes"],"acf":[],"yoast_head":"<!-- This site is optimized with the Yoast SEO plugin v27.4 - https:\/\/yoast.com\/product\/yoast-seo-wordpress\/ -->\n<title>Universidad de las Artes - Feria de Pr\u00e1cticas Pre-Profesionales<\/title>\n<meta name=\"description\" content=\"Universidad de las Artes - Feria de Pr\u00e1cticas Pre-Profesionales\" \/>\n<meta name=\"robots\" content=\"index, follow, max-snippet:-1, max-image-preview:large, max-video-preview:-1\" \/>\n<link rel=\"canonical\" href=\"https:\/\/www.uartes.edu.ec\/sitio\/fr\/blog\/2024\/04\/24\/feria-de-practicas-pre-profesionales\/\" \/>\n<meta property=\"og:locale\" content=\"fr_FR\" \/>\n<meta property=\"og:type\" content=\"article\" \/>\n<meta property=\"og:title\" content=\"Universidad de las Artes - Feria de Pr\u00e1cticas Pre-Profesionales\" \/>\n<meta property=\"og:description\" content=\"Universidad de las Artes - Feria de Pr\u00e1cticas Pre-Profesionales\" \/>\n<meta property=\"og:url\" content=\"https:\/\/www.uartes.edu.ec\/sitio\/fr\/blog\/2024\/04\/24\/feria-de-practicas-pre-profesionales\/\" \/>\n<meta property=\"og:site_name\" content=\"Universidad de las Artes\" \/>\n<meta property=\"article:publisher\" content=\"https:\/\/www.facebook.com\/uartesec\" \/>\n<meta property=\"article:published_time\" content=\"2024-04-24T19:36:00+00:00\" \/>\n<meta property=\"article:modified_time\" content=\"2024-07-04T16:19:07+00:00\" \/>\n<meta property=\"og:image\" content=\"https:\/\/www.uartes.edu.ec\/sitio\/wp-content\/uploads\/2024\/04\/02-FERIA-PPP-scaled.jpg\" \/>\n\t<meta property=\"og:image:width\" content=\"2560\" \/>\n\t<meta property=\"og:image:height\" content=\"1707\" \/>\n\t<meta property=\"og:image:type\" content=\"image\/jpeg\" \/>\n<meta name=\"author\" content=\"ccortez\" \/>\n<meta name=\"twitter:card\" content=\"summary_large_image\" \/>\n<meta name=\"twitter:creator\" content=\"@uartesec\" \/>\n<meta name=\"twitter:site\" content=\"@uartesec\" \/>\n<meta name=\"twitter:label1\" content=\"\u00c9crit par\" \/>\n\t<meta name=\"twitter:data1\" content=\"ccortez\" \/>\n\t<meta name=\"twitter:label2\" content=\"Dur\u00e9e de lecture estim\u00e9e\" \/>\n\t<meta name=\"twitter:data2\" content=\"7 minutes\" \/>\n<script type=\"application\/ld+json\" class=\"yoast-schema-graph\">{\"@context\":\"https:\\\/\\\/schema.org\",\"@graph\":[{\"@type\":\"Article\",\"@id\":\"https:\\\/\\\/www.uartes.edu.ec\\\/sitio\\\/fr\\\/blog\\\/2024\\\/04\\\/24\\\/feria-de-practicas-pre-profesionales\\\/#article\",\"isPartOf\":{\"@id\":\"https:\\\/\\\/www.uartes.edu.ec\\\/sitio\\\/fr\\\/blog\\\/2024\\\/04\\\/24\\\/feria-de-practicas-pre-profesionales\\\/\"},\"author\":{\"name\":\"ccortez\",\"@id\":\"https:\\\/\\\/www.uartes.edu.ec\\\/sitio\\\/fr\\\/#\\\/schema\\\/person\\\/efa1b8275797664fd7f13a79ccc0b1f4\"},\"headline\":\"Feria de Pr\u00e1cticas Pre-Profesionales\",\"datePublished\":\"2024-04-24T19:36:00+00:00\",\"dateModified\":\"2024-07-04T16:19:07+00:00\",\"mainEntityOfPage\":{\"@id\":\"https:\\\/\\\/www.uartes.edu.ec\\\/sitio\\\/fr\\\/blog\\\/2024\\\/04\\\/24\\\/feria-de-practicas-pre-profesionales\\\/\"},\"wordCount\":1302,\"commentCount\":0,\"publisher\":{\"@id\":\"https:\\\/\\\/www.uartes.edu.ec\\\/sitio\\\/fr\\\/#organization\"},\"image\":{\"@id\":\"https:\\\/\\\/www.uartes.edu.ec\\\/sitio\\\/fr\\\/blog\\\/2024\\\/04\\\/24\\\/feria-de-practicas-pre-profesionales\\\/#primaryimage\"},\"thumbnailUrl\":\"https:\\\/\\\/www.uartes.edu.ec\\\/sitio\\\/wp-content\\\/uploads\\\/2024\\\/04\\\/02-FERIA-PPP-scaled.jpg\",\"keywords\":[\"biblioteca de las artes\"],\"articleSection\":[\"Acad\u00e9mico\",\"Artes Esc\u00e9nicas\",\"Artes Sonoras\",\"Artes Visuales\",\"Cine\",\"Docentes\",\"Estudiantes\",\"Gesti\u00f3n\",\"Literatura\",\"Transversal\",\"V\u00ednculo\"],\"inLanguage\":\"fr-FR\",\"potentialAction\":[{\"@type\":\"CommentAction\",\"name\":\"Comment\",\"target\":[\"https:\\\/\\\/www.uartes.edu.ec\\\/sitio\\\/fr\\\/blog\\\/2024\\\/04\\\/24\\\/feria-de-practicas-pre-profesionales\\\/#respond\"]}]},{\"@type\":[\"WebPage\",\"ItemPage\"],\"@id\":\"https:\\\/\\\/www.uartes.edu.ec\\\/sitio\\\/fr\\\/blog\\\/2024\\\/04\\\/24\\\/feria-de-practicas-pre-profesionales\\\/\",\"url\":\"https:\\\/\\\/www.uartes.edu.ec\\\/sitio\\\/fr\\\/blog\\\/2024\\\/04\\\/24\\\/feria-de-practicas-pre-profesionales\\\/\",\"name\":\"Universidad de las Artes - Feria de Pr\u00e1cticas Pre-Profesionales\",\"isPartOf\":{\"@id\":\"https:\\\/\\\/www.uartes.edu.ec\\\/sitio\\\/fr\\\/#website\"},\"primaryImageOfPage\":{\"@id\":\"https:\\\/\\\/www.uartes.edu.ec\\\/sitio\\\/fr\\\/blog\\\/2024\\\/04\\\/24\\\/feria-de-practicas-pre-profesionales\\\/#primaryimage\"},\"image\":{\"@id\":\"https:\\\/\\\/www.uartes.edu.ec\\\/sitio\\\/fr\\\/blog\\\/2024\\\/04\\\/24\\\/feria-de-practicas-pre-profesionales\\\/#primaryimage\"},\"thumbnailUrl\":\"https:\\\/\\\/www.uartes.edu.ec\\\/sitio\\\/wp-content\\\/uploads\\\/2024\\\/04\\\/02-FERIA-PPP-scaled.jpg\",\"datePublished\":\"2024-04-24T19:36:00+00:00\",\"dateModified\":\"2024-07-04T16:19:07+00:00\",\"description\":\"Universidad de las Artes - Feria de Pr\u00e1cticas Pre-Profesionales\",\"breadcrumb\":{\"@id\":\"https:\\\/\\\/www.uartes.edu.ec\\\/sitio\\\/fr\\\/blog\\\/2024\\\/04\\\/24\\\/feria-de-practicas-pre-profesionales\\\/#breadcrumb\"},\"inLanguage\":\"fr-FR\",\"potentialAction\":[{\"@type\":\"ReadAction\",\"target\":[\"https:\\\/\\\/www.uartes.edu.ec\\\/sitio\\\/fr\\\/blog\\\/2024\\\/04\\\/24\\\/feria-de-practicas-pre-profesionales\\\/\"]}]},{\"@type\":\"ImageObject\",\"inLanguage\":\"fr-FR\",\"@id\":\"https:\\\/\\\/www.uartes.edu.ec\\\/sitio\\\/fr\\\/blog\\\/2024\\\/04\\\/24\\\/feria-de-practicas-pre-profesionales\\\/#primaryimage\",\"url\":\"https:\\\/\\\/www.uartes.edu.ec\\\/sitio\\\/wp-content\\\/uploads\\\/2024\\\/04\\\/02-FERIA-PPP-scaled.jpg\",\"contentUrl\":\"https:\\\/\\\/www.uartes.edu.ec\\\/sitio\\\/wp-content\\\/uploads\\\/2024\\\/04\\\/02-FERIA-PPP-scaled.jpg\",\"width\":2560,\"height\":1707},{\"@type\":\"BreadcrumbList\",\"@id\":\"https:\\\/\\\/www.uartes.edu.ec\\\/sitio\\\/fr\\\/blog\\\/2024\\\/04\\\/24\\\/feria-de-practicas-pre-profesionales\\\/#breadcrumb\",\"itemListElement\":[{\"@type\":\"ListItem\",\"position\":1,\"name\":\"Inicio\",\"item\":\"https:\\\/\\\/www.uartes.edu.ec\\\/sitio\\\/\"},{\"@type\":\"ListItem\",\"position\":2,\"name\":\"Feria de Pr\u00e1cticas Pre-Profesionales\"}]},{\"@type\":\"WebSite\",\"@id\":\"https:\\\/\\\/www.uartes.edu.ec\\\/sitio\\\/fr\\\/#website\",\"url\":\"https:\\\/\\\/www.uartes.edu.ec\\\/sitio\\\/fr\\\/\",\"name\":\"Universidad de las Artes\",\"description\":\"Sitio oficial de la Universidad Nacional de las Artes del Ecuador\",\"publisher\":{\"@id\":\"https:\\\/\\\/www.uartes.edu.ec\\\/sitio\\\/fr\\\/#organization\"},\"potentialAction\":[{\"@type\":\"SearchAction\",\"target\":{\"@type\":\"EntryPoint\",\"urlTemplate\":\"https:\\\/\\\/www.uartes.edu.ec\\\/sitio\\\/fr\\\/?s={search_term_string}\"},\"query-input\":{\"@type\":\"PropertyValueSpecification\",\"valueRequired\":true,\"valueName\":\"search_term_string\"}}],\"inLanguage\":\"fr-FR\"},{\"@type\":\"Organization\",\"@id\":\"https:\\\/\\\/www.uartes.edu.ec\\\/sitio\\\/fr\\\/#organization\",\"name\":\"Universidad de las Artes\",\"url\":\"https:\\\/\\\/www.uartes.edu.ec\\\/sitio\\\/fr\\\/\",\"logo\":{\"@type\":\"ImageObject\",\"inLanguage\":\"fr-FR\",\"@id\":\"https:\\\/\\\/www.uartes.edu.ec\\\/sitio\\\/fr\\\/#\\\/schema\\\/logo\\\/image\\\/\",\"url\":\"https:\\\/\\\/www.uartes.edu.ec\\\/sitio\\\/wp-content\\\/uploads\\\/2022\\\/07\\\/logo-ua-horizontal.png\",\"contentUrl\":\"https:\\\/\\\/www.uartes.edu.ec\\\/sitio\\\/wp-content\\\/uploads\\\/2022\\\/07\\\/logo-ua-horizontal.png\",\"width\":800,\"height\":276,\"caption\":\"Universidad de las Artes\"},\"image\":{\"@id\":\"https:\\\/\\\/www.uartes.edu.ec\\\/sitio\\\/fr\\\/#\\\/schema\\\/logo\\\/image\\\/\"},\"sameAs\":[\"https:\\\/\\\/www.facebook.com\\\/uartesec\",\"https:\\\/\\\/x.com\\\/uartesec\",\"https:\\\/\\\/www.tiktok.com\\\/@uartesec\"]},{\"@type\":\"Person\",\"@id\":\"https:\\\/\\\/www.uartes.edu.ec\\\/sitio\\\/fr\\\/#\\\/schema\\\/person\\\/efa1b8275797664fd7f13a79ccc0b1f4\",\"name\":\"ccortez\",\"image\":{\"@type\":\"ImageObject\",\"inLanguage\":\"fr-FR\",\"@id\":\"https:\\\/\\\/secure.gravatar.com\\\/avatar\\\/b2a6f664a3ae8e074346ef91775736c5ec479e637ecced6842de9dc98b5da9cd?s=96&d=mm&r=g\",\"url\":\"https:\\\/\\\/secure.gravatar.com\\\/avatar\\\/b2a6f664a3ae8e074346ef91775736c5ec479e637ecced6842de9dc98b5da9cd?s=96&d=mm&r=g\",\"contentUrl\":\"https:\\\/\\\/secure.gravatar.com\\\/avatar\\\/b2a6f664a3ae8e074346ef91775736c5ec479e637ecced6842de9dc98b5da9cd?s=96&d=mm&r=g\",\"caption\":\"ccortez\"},\"url\":\"https:\\\/\\\/www.uartes.edu.ec\\\/sitio\\\/fr\\\/blog\\\/author\\\/ccortez\\\/\"}]}<\/script>\n<!-- \/ Yoast SEO plugin. -->","yoast_head_json":{"title":"Universidad de las Artes - Feria de Pr\u00e1cticas Pre-Profesionales","description":"Universidad de las Artes - Feria de Pr\u00e1cticas Pre-Profesionales","robots":{"index":"index","follow":"follow","max-snippet":"max-snippet:-1","max-image-preview":"max-image-preview:large","max-video-preview":"max-video-preview:-1"},"canonical":"https:\/\/www.uartes.edu.ec\/sitio\/fr\/blog\/2024\/04\/24\/feria-de-practicas-pre-profesionales\/","og_locale":"fr_FR","og_type":"article","og_title":"Universidad de las Artes - Feria de Pr\u00e1cticas Pre-Profesionales","og_description":"Universidad de las Artes - Feria de Pr\u00e1cticas Pre-Profesionales","og_url":"https:\/\/www.uartes.edu.ec\/sitio\/fr\/blog\/2024\/04\/24\/feria-de-practicas-pre-profesionales\/","og_site_name":"Universidad de las Artes","article_publisher":"https:\/\/www.facebook.com\/uartesec","article_published_time":"2024-04-24T19:36:00+00:00","article_modified_time":"2024-07-04T16:19:07+00:00","og_image":[{"width":2560,"height":1707,"url":"https:\/\/www.uartes.edu.ec\/sitio\/wp-content\/uploads\/2024\/04\/02-FERIA-PPP-scaled.jpg","type":"image\/jpeg"}],"author":"ccortez","twitter_card":"summary_large_image","twitter_creator":"@uartesec","twitter_site":"@uartesec","twitter_misc":{"\u00c9crit par":"ccortez","Dur\u00e9e de lecture estim\u00e9e":"7 minutes"},"schema":{"@context":"https:\/\/schema.org","@graph":[{"@type":"Article","@id":"https:\/\/www.uartes.edu.ec\/sitio\/fr\/blog\/2024\/04\/24\/feria-de-practicas-pre-profesionales\/#article","isPartOf":{"@id":"https:\/\/www.uartes.edu.ec\/sitio\/fr\/blog\/2024\/04\/24\/feria-de-practicas-pre-profesionales\/"},"author":{"name":"ccortez","@id":"https:\/\/www.uartes.edu.ec\/sitio\/fr\/#\/schema\/person\/efa1b8275797664fd7f13a79ccc0b1f4"},"headline":"Feria de Pr\u00e1cticas Pre-Profesionales","datePublished":"2024-04-24T19:36:00+00:00","dateModified":"2024-07-04T16:19:07+00:00","mainEntityOfPage":{"@id":"https:\/\/www.uartes.edu.ec\/sitio\/fr\/blog\/2024\/04\/24\/feria-de-practicas-pre-profesionales\/"},"wordCount":1302,"commentCount":0,"publisher":{"@id":"https:\/\/www.uartes.edu.ec\/sitio\/fr\/#organization"},"image":{"@id":"https:\/\/www.uartes.edu.ec\/sitio\/fr\/blog\/2024\/04\/24\/feria-de-practicas-pre-profesionales\/#primaryimage"},"thumbnailUrl":"https:\/\/www.uartes.edu.ec\/sitio\/wp-content\/uploads\/2024\/04\/02-FERIA-PPP-scaled.jpg","keywords":["biblioteca de las artes"],"articleSection":["Acad\u00e9mico","Artes Esc\u00e9nicas","Artes Sonoras","Artes Visuales","Cine","Docentes","Estudiantes","Gesti\u00f3n","Literatura","Transversal","V\u00ednculo"],"inLanguage":"fr-FR","potentialAction":[{"@type":"CommentAction","name":"Comment","target":["https:\/\/www.uartes.edu.ec\/sitio\/fr\/blog\/2024\/04\/24\/feria-de-practicas-pre-profesionales\/#respond"]}]},{"@type":["WebPage","ItemPage"],"@id":"https:\/\/www.uartes.edu.ec\/sitio\/fr\/blog\/2024\/04\/24\/feria-de-practicas-pre-profesionales\/","url":"https:\/\/www.uartes.edu.ec\/sitio\/fr\/blog\/2024\/04\/24\/feria-de-practicas-pre-profesionales\/","name":"Universidad de las Artes - Feria de Pr\u00e1cticas Pre-Profesionales","isPartOf":{"@id":"https:\/\/www.uartes.edu.ec\/sitio\/fr\/#website"},"primaryImageOfPage":{"@id":"https:\/\/www.uartes.edu.ec\/sitio\/fr\/blog\/2024\/04\/24\/feria-de-practicas-pre-profesionales\/#primaryimage"},"image":{"@id":"https:\/\/www.uartes.edu.ec\/sitio\/fr\/blog\/2024\/04\/24\/feria-de-practicas-pre-profesionales\/#primaryimage"},"thumbnailUrl":"https:\/\/www.uartes.edu.ec\/sitio\/wp-content\/uploads\/2024\/04\/02-FERIA-PPP-scaled.jpg","datePublished":"2024-04-24T19:36:00+00:00","dateModified":"2024-07-04T16:19:07+00:00","description":"Universidad de las Artes - Feria de Pr\u00e1cticas Pre-Profesionales","breadcrumb":{"@id":"https:\/\/www.uartes.edu.ec\/sitio\/fr\/blog\/2024\/04\/24\/feria-de-practicas-pre-profesionales\/#breadcrumb"},"inLanguage":"fr-FR","potentialAction":[{"@type":"ReadAction","target":["https:\/\/www.uartes.edu.ec\/sitio\/fr\/blog\/2024\/04\/24\/feria-de-practicas-pre-profesionales\/"]}]},{"@type":"ImageObject","inLanguage":"fr-FR","@id":"https:\/\/www.uartes.edu.ec\/sitio\/fr\/blog\/2024\/04\/24\/feria-de-practicas-pre-profesionales\/#primaryimage","url":"https:\/\/www.uartes.edu.ec\/sitio\/wp-content\/uploads\/2024\/04\/02-FERIA-PPP-scaled.jpg","contentUrl":"https:\/\/www.uartes.edu.ec\/sitio\/wp-content\/uploads\/2024\/04\/02-FERIA-PPP-scaled.jpg","width":2560,"height":1707},{"@type":"BreadcrumbList","@id":"https:\/\/www.uartes.edu.ec\/sitio\/fr\/blog\/2024\/04\/24\/feria-de-practicas-pre-profesionales\/#breadcrumb","itemListElement":[{"@type":"ListItem","position":1,"name":"Inicio","item":"https:\/\/www.uartes.edu.ec\/sitio\/"},{"@type":"ListItem","position":2,"name":"Feria de Pr\u00e1cticas Pre-Profesionales"}]},{"@type":"WebSite","@id":"https:\/\/www.uartes.edu.ec\/sitio\/fr\/#website","url":"https:\/\/www.uartes.edu.ec\/sitio\/fr\/","name":"Universidad de las Artes","description":"Sitio oficial de la Universidad Nacional de las Artes del Ecuador","publisher":{"@id":"https:\/\/www.uartes.edu.ec\/sitio\/fr\/#organization"},"potentialAction":[{"@type":"SearchAction","target":{"@type":"EntryPoint","urlTemplate":"https:\/\/www.uartes.edu.ec\/sitio\/fr\/?s={search_term_string}"},"query-input":{"@type":"PropertyValueSpecification","valueRequired":true,"valueName":"search_term_string"}}],"inLanguage":"fr-FR"},{"@type":"Organization","@id":"https:\/\/www.uartes.edu.ec\/sitio\/fr\/#organization","name":"Universidad de las Artes","url":"https:\/\/www.uartes.edu.ec\/sitio\/fr\/","logo":{"@type":"ImageObject","inLanguage":"fr-FR","@id":"https:\/\/www.uartes.edu.ec\/sitio\/fr\/#\/schema\/logo\/image\/","url":"https:\/\/www.uartes.edu.ec\/sitio\/wp-content\/uploads\/2022\/07\/logo-ua-horizontal.png","contentUrl":"https:\/\/www.uartes.edu.ec\/sitio\/wp-content\/uploads\/2022\/07\/logo-ua-horizontal.png","width":800,"height":276,"caption":"Universidad de las Artes"},"image":{"@id":"https:\/\/www.uartes.edu.ec\/sitio\/fr\/#\/schema\/logo\/image\/"},"sameAs":["https:\/\/www.facebook.com\/uartesec","https:\/\/x.com\/uartesec","https:\/\/www.tiktok.com\/@uartesec"]},{"@type":"Person","@id":"https:\/\/www.uartes.edu.ec\/sitio\/fr\/#\/schema\/person\/efa1b8275797664fd7f13a79ccc0b1f4","name":"ccortez","image":{"@type":"ImageObject","inLanguage":"fr-FR","@id":"https:\/\/secure.gravatar.com\/avatar\/b2a6f664a3ae8e074346ef91775736c5ec479e637ecced6842de9dc98b5da9cd?s=96&d=mm&r=g","url":"https:\/\/secure.gravatar.com\/avatar\/b2a6f664a3ae8e074346ef91775736c5ec479e637ecced6842de9dc98b5da9cd?s=96&d=mm&r=g","contentUrl":"https:\/\/secure.gravatar.com\/avatar\/b2a6f664a3ae8e074346ef91775736c5ec479e637ecced6842de9dc98b5da9cd?s=96&d=mm&r=g","caption":"ccortez"},"url":"https:\/\/www.uartes.edu.ec\/sitio\/fr\/blog\/author\/ccortez\/"}]}},"uagb_featured_image_src":{"full":["https:\/\/www.uartes.edu.ec\/sitio\/wp-content\/uploads\/2024\/04\/02-FERIA-PPP-scaled.jpg",2560,1707,false],"thumbnail":["https:\/\/www.uartes.edu.ec\/sitio\/wp-content\/uploads\/2024\/04\/02-FERIA-PPP-150x150.jpg",150,150,true],"medium":["https:\/\/www.uartes.edu.ec\/sitio\/wp-content\/uploads\/2024\/04\/02-FERIA-PPP-300x200.jpg",300,200,true],"medium_large":["https:\/\/www.uartes.edu.ec\/sitio\/wp-content\/uploads\/2024\/04\/02-FERIA-PPP-768x512.jpg",768,512,true],"large":["https:\/\/www.uartes.edu.ec\/sitio\/wp-content\/uploads\/2024\/04\/02-FERIA-PPP-644x429.jpg",644,429,true],"1536x1536":["https:\/\/www.uartes.edu.ec\/sitio\/wp-content\/uploads\/2024\/04\/02-FERIA-PPP-1536x1024.jpg",1536,1024,true],"2048x2048":["https:\/\/www.uartes.edu.ec\/sitio\/wp-content\/uploads\/2024\/04\/02-FERIA-PPP-2048x1365.jpg",2048,1365,true],"trp-custom-language-flag":["https:\/\/www.uartes.edu.ec\/sitio\/wp-content\/uploads\/2024\/04\/02-FERIA-PPP-18x12.jpg",18,12,true],"htmega_size_585x295":["https:\/\/www.uartes.edu.ec\/sitio\/wp-content\/uploads\/2024\/04\/02-FERIA-PPP-585x295.jpg",585,295,true],"htmega_size_1170x536":["https:\/\/www.uartes.edu.ec\/sitio\/wp-content\/uploads\/2024\/04\/02-FERIA-PPP-1170x536.jpg",1170,536,true],"htmega_size_396x360":["https:\/\/www.uartes.edu.ec\/sitio\/wp-content\/uploads\/2024\/04\/02-FERIA-PPP-396x360.jpg",396,360,true],"gb-block-post-grid-landscape":["https:\/\/www.uartes.edu.ec\/sitio\/wp-content\/uploads\/2024\/04\/02-FERIA-PPP-600x400.jpg",600,400,true],"gb-block-post-grid-square":["https:\/\/www.uartes.edu.ec\/sitio\/wp-content\/uploads\/2024\/04\/02-FERIA-PPP-600x600.jpg",600,600,true],"university-hub-thumb":["https:\/\/www.uartes.edu.ec\/sitio\/wp-content\/uploads\/2024\/04\/02-FERIA-PPP-400x267.jpg",400,267,true]},"uagb_author_info":{"display_name":"ccortez","author_link":"https:\/\/www.uartes.edu.ec\/sitio\/fr\/blog\/author\/ccortez\/"},"uagb_comment_info":0,"uagb_excerpt":"Treinta es la cantidad de horas m\u00ednimas a realizar durante las Pr\u00e1cticas Pre-Profesionales Laborales, siendo el tope m\u00e1ximo 240 horas. Los estudiantes de la Universidad de las Artes deber\u00e1n cumplirlas previo a la obtenci\u00f3n de su licenciatura, as\u00ed como las horas de servicio comunitario que son 96 y que sum\u00e1ndolas hacen un total de 336\u2026","featured_image_src":"https:\/\/www.uartes.edu.ec\/sitio\/wp-content\/uploads\/2024\/04\/02-FERIA-PPP-600x400.jpg","featured_image_src_square":"https:\/\/www.uartes.edu.ec\/sitio\/wp-content\/uploads\/2024\/04\/02-FERIA-PPP-600x600.jpg","author_info":{"display_name":"ccortez","author_link":"https:\/\/www.uartes.edu.ec\/sitio\/fr\/blog\/author\/ccortez\/"},"publishpress_future_workflow_manual_trigger":{"enabledWorkflows":[]},"distributor_meta":false,"distributor_terms":false,"distributor_media":false,"distributor_original_site_name":"Universidad de las Artes","distributor_original_site_url":"https:\/\/www.uartes.edu.ec\/sitio\/fr","push-errors":false,"_links":{"self":[{"href":"https:\/\/www.uartes.edu.ec\/sitio\/fr\/wp-json\/wp\/v2\/posts\/52875","targetHints":{"allow":["GET"]}}],"collection":[{"href":"https:\/\/www.uartes.edu.ec\/sitio\/fr\/wp-json\/wp\/v2\/posts"}],"about":[{"href":"https:\/\/www.uartes.edu.ec\/sitio\/fr\/wp-json\/wp\/v2\/types\/post"}],"author":[{"embeddable":true,"href":"https:\/\/www.uartes.edu.ec\/sitio\/fr\/wp-json\/wp\/v2\/users\/10"}],"replies":[{"embeddable":true,"href":"https:\/\/www.uartes.edu.ec\/sitio\/fr\/wp-json\/wp\/v2\/comments?post=52875"}],"version-history":[{"count":7,"href":"https:\/\/www.uartes.edu.ec\/sitio\/fr\/wp-json\/wp\/v2\/posts\/52875\/revisions"}],"predecessor-version":[{"id":52944,"href":"https:\/\/www.uartes.edu.ec\/sitio\/fr\/wp-json\/wp\/v2\/posts\/52875\/revisions\/52944"}],"wp:featuredmedia":[{"embeddable":true,"href":"https:\/\/www.uartes.edu.ec\/sitio\/fr\/wp-json\/wp\/v2\/media\/52935"}],"wp:attachment":[{"href":"https:\/\/www.uartes.edu.ec\/sitio\/fr\/wp-json\/wp\/v2\/media?parent=52875"}],"wp:term":[{"taxonomy":"category","embeddable":true,"href":"https:\/\/www.uartes.edu.ec\/sitio\/fr\/wp-json\/wp\/v2\/categories?post=52875"},{"taxonomy":"post_tag","embeddable":true,"href":"https:\/\/www.uartes.edu.ec\/sitio\/fr\/wp-json\/wp\/v2\/tags?post=52875"},{"taxonomy":"infouartes","embeddable":true,"href":"https:\/\/www.uartes.edu.ec\/sitio\/fr\/wp-json\/wp\/v2\/infouartes?post=52875"}],"curies":[{"name":"wp","href":"https:\/\/api.w.org\/{rel}","templated":true}]}}