{"id":52945,"date":"2024-04-25T11:47:00","date_gmt":"2024-04-25T16:47:00","guid":{"rendered":"https:\/\/www.uartes.edu.ec\/sitio\/?p=52945"},"modified":"2024-07-04T11:19:07","modified_gmt":"2024-07-04T16:19:07","slug":"escuelas-de-literatura-y-artes-sonoras-hicieron-de-roba-libros-un-encuentro-festivo","status":"publish","type":"post","link":"https:\/\/www.uartes.edu.ec\/sitio\/fr\/blog\/2024\/04\/25\/escuelas-de-literatura-y-artes-sonoras-hicieron-de-roba-libros-un-encuentro-festivo\/","title":{"rendered":"Escuelas de Literatura y Artes Sonoras hicieron de #ROBA LIBROS un festivo encuentro de docentes y estudiantes"},"content":{"rendered":"<p>El D\u00eda Internacional del Libro es una fecha cultural, pues promueve la importancia de la lectura en la sociedad. Fue establecido en 1995 por la Organizaci\u00f3n de las Naciones Unidas para la Cultura, las Ciencias y la Educaci\u00f3n (Unesco, por sus siglas en ingl\u00e9s), eligiendo que su conmemoraci\u00f3n sea el 23 de abril de cada a\u00f1o en homenaje a tres grandes escritores quienes, coincidentemente, fallecieron en esa fecha: William Shakespeare, Miguel de Cervantes y Garcilaso de la Vega.<\/p>\n\n\n\n<p>La estudiante UArtes Eleinn Rivera inicia con esa informaci\u00f3n la rese\u00f1a siguiente de #ROBA LIBROS porque \u2014anota\u2014 fue justamente sobre el tema que la directora de la Escuela de Literatura, doctora Mar\u00eda Alejandra Zambrano, pregunt\u00f3 a quienes asistieron al evento: \u00bfsaben por qu\u00e9 se celebra el D\u00eda Internacional del Libro?, dando paso tras obtener la respuesta a una jornada festiva.<\/p>\n\n\n\n<p>La actividad #ROBA LIBROS se desarroll\u00f3 este martes 23 de abril en la terraza del MZ14 Centro de Producci\u00f3n e Innovaci\u00f3n de la Universidad de las Artes. Lo organiz\u00f3 la Escuela de Literatura y se cont\u00f3 tambi\u00e9n con la participaci\u00f3n de la Escuela de Artes Sonoras, que en la cita inaugur\u00f3 la Temporada V de Open MAIC.<\/p>\n\n\n<div class=\"wp-block-image\">\n<figure class=\"aligncenter size-large\"><img fetchpriority=\"high\" decoding=\"async\" width=\"644\" height=\"429\" src=\"https:\/\/www.uartes.edu.ec\/sitio\/wp-content\/uploads\/2024\/04\/05-ROBA-LIBROS-ESCUELA-DE-LITERATURA-644x429.jpg\" alt=\"\" class=\"wp-image-52947\" srcset=\"https:\/\/www.uartes.edu.ec\/sitio\/wp-content\/uploads\/2024\/04\/05-ROBA-LIBROS-ESCUELA-DE-LITERATURA-644x429.jpg 644w, https:\/\/www.uartes.edu.ec\/sitio\/wp-content\/uploads\/2024\/04\/05-ROBA-LIBROS-ESCUELA-DE-LITERATURA-300x200.jpg 300w, https:\/\/www.uartes.edu.ec\/sitio\/wp-content\/uploads\/2024\/04\/05-ROBA-LIBROS-ESCUELA-DE-LITERATURA-768x512.jpg 768w, https:\/\/www.uartes.edu.ec\/sitio\/wp-content\/uploads\/2024\/04\/05-ROBA-LIBROS-ESCUELA-DE-LITERATURA-1536x1024.jpg 1536w, https:\/\/www.uartes.edu.ec\/sitio\/wp-content\/uploads\/2024\/04\/05-ROBA-LIBROS-ESCUELA-DE-LITERATURA-18x12.jpg 18w, https:\/\/www.uartes.edu.ec\/sitio\/wp-content\/uploads\/2024\/04\/05-ROBA-LIBROS-ESCUELA-DE-LITERATURA-600x400.jpg 600w, https:\/\/www.uartes.edu.ec\/sitio\/wp-content\/uploads\/2024\/04\/05-ROBA-LIBROS-ESCUELA-DE-LITERATURA-400x267.jpg 400w, https:\/\/www.uartes.edu.ec\/sitio\/wp-content\/uploads\/2024\/04\/05-ROBA-LIBROS-ESCUELA-DE-LITERATURA-272x182.jpg 272w, https:\/\/www.uartes.edu.ec\/sitio\/wp-content\/uploads\/2024\/04\/05-ROBA-LIBROS-ESCUELA-DE-LITERATURA.jpg 2000w\" sizes=\"(max-width: 644px) 100vw, 644px\" \/><\/figure>\n<\/div>\n\n\n<figure class=\"wp-block-gallery has-nested-images columns-default is-cropped wp-block-gallery-1 is-layout-flex wp-block-gallery-is-layout-flex\">\n<figure class=\"wp-block-image size-large\"><img decoding=\"async\" width=\"644\" height=\"429\" data-id=\"52951\" src=\"https:\/\/www.uartes.edu.ec\/sitio\/wp-content\/uploads\/2024\/04\/01-ROBA-LIBROS-ESCUELA-DE-LITERATURA-644x429.jpg\" alt=\"\" class=\"wp-image-52951\" srcset=\"https:\/\/www.uartes.edu.ec\/sitio\/wp-content\/uploads\/2024\/04\/01-ROBA-LIBROS-ESCUELA-DE-LITERATURA-644x429.jpg 644w, https:\/\/www.uartes.edu.ec\/sitio\/wp-content\/uploads\/2024\/04\/01-ROBA-LIBROS-ESCUELA-DE-LITERATURA-300x200.jpg 300w, https:\/\/www.uartes.edu.ec\/sitio\/wp-content\/uploads\/2024\/04\/01-ROBA-LIBROS-ESCUELA-DE-LITERATURA-768x512.jpg 768w, https:\/\/www.uartes.edu.ec\/sitio\/wp-content\/uploads\/2024\/04\/01-ROBA-LIBROS-ESCUELA-DE-LITERATURA-1536x1024.jpg 1536w, https:\/\/www.uartes.edu.ec\/sitio\/wp-content\/uploads\/2024\/04\/01-ROBA-LIBROS-ESCUELA-DE-LITERATURA-18x12.jpg 18w, https:\/\/www.uartes.edu.ec\/sitio\/wp-content\/uploads\/2024\/04\/01-ROBA-LIBROS-ESCUELA-DE-LITERATURA-600x400.jpg 600w, https:\/\/www.uartes.edu.ec\/sitio\/wp-content\/uploads\/2024\/04\/01-ROBA-LIBROS-ESCUELA-DE-LITERATURA-400x267.jpg 400w, https:\/\/www.uartes.edu.ec\/sitio\/wp-content\/uploads\/2024\/04\/01-ROBA-LIBROS-ESCUELA-DE-LITERATURA-272x182.jpg 272w, https:\/\/www.uartes.edu.ec\/sitio\/wp-content\/uploads\/2024\/04\/01-ROBA-LIBROS-ESCUELA-DE-LITERATURA.jpg 2000w\" sizes=\"(max-width: 644px) 100vw, 644px\" \/><\/figure>\n\n\n\n<figure class=\"wp-block-image size-large\"><img decoding=\"async\" width=\"644\" height=\"429\" data-id=\"52950\" src=\"https:\/\/www.uartes.edu.ec\/sitio\/wp-content\/uploads\/2024\/04\/02-ROBA-LIBROS-ESCUELA-DE-LITERATURA-644x429.jpg\" alt=\"\" class=\"wp-image-52950\" srcset=\"https:\/\/www.uartes.edu.ec\/sitio\/wp-content\/uploads\/2024\/04\/02-ROBA-LIBROS-ESCUELA-DE-LITERATURA-644x429.jpg 644w, https:\/\/www.uartes.edu.ec\/sitio\/wp-content\/uploads\/2024\/04\/02-ROBA-LIBROS-ESCUELA-DE-LITERATURA-300x200.jpg 300w, https:\/\/www.uartes.edu.ec\/sitio\/wp-content\/uploads\/2024\/04\/02-ROBA-LIBROS-ESCUELA-DE-LITERATURA-768x512.jpg 768w, https:\/\/www.uartes.edu.ec\/sitio\/wp-content\/uploads\/2024\/04\/02-ROBA-LIBROS-ESCUELA-DE-LITERATURA-1536x1024.jpg 1536w, https:\/\/www.uartes.edu.ec\/sitio\/wp-content\/uploads\/2024\/04\/02-ROBA-LIBROS-ESCUELA-DE-LITERATURA-18x12.jpg 18w, https:\/\/www.uartes.edu.ec\/sitio\/wp-content\/uploads\/2024\/04\/02-ROBA-LIBROS-ESCUELA-DE-LITERATURA-600x400.jpg 600w, https:\/\/www.uartes.edu.ec\/sitio\/wp-content\/uploads\/2024\/04\/02-ROBA-LIBROS-ESCUELA-DE-LITERATURA-400x267.jpg 400w, https:\/\/www.uartes.edu.ec\/sitio\/wp-content\/uploads\/2024\/04\/02-ROBA-LIBROS-ESCUELA-DE-LITERATURA-272x182.jpg 272w, https:\/\/www.uartes.edu.ec\/sitio\/wp-content\/uploads\/2024\/04\/02-ROBA-LIBROS-ESCUELA-DE-LITERATURA.jpg 2000w\" sizes=\"(max-width: 644px) 100vw, 644px\" \/><\/figure>\n<\/figure>\n\n\n\n<p>Ya entrando en lo que fue la jornada, Eleinn Rivera describe primero el contenido de la propuesta: #ROBA LIBROS es un juego que consiste en dejar un libro o varios en el certamen y tomar de uno hasta dos turnos. Su organizador, el docente Andr\u00e9s Land\u00e1zuri, iba cantando los n\u00fameros del 1 al 80 y el participante de x n\u00famero ten\u00eda como opciones: A) Tomar un libro del certamen, desenvolverlo, pues los ejemplares deben estar envueltos, y presentar al p\u00fablico la obra ganada. B) Tomar un libro anunciado anteriormente del compa\u00f1ero o compa\u00f1era, el robo del mismo libro se puede ejercer hasta tres veces y en consolaci\u00f3n de la persona que fuera robada tiene el derecho de volver a escoger un libro del certamen, robar o recuperar.<\/p>\n\n\n\n<p>Gabriel Delgado, estudiante del quinto semestre de la Escuela de Literatura se\u00f1ala: \u201cEl eslogan del #ROBA LIBROS era \u2018atr\u00e9vete a robar y ser robado\u2019, y creo que no lo tom\u00e9 con la seriedad necesaria. Luego de robar en mi primer turno, termin\u00e9 siendo robado cuatro veces. Por mis manos pasaron Kafka, Ch\u00e9jov y Solange Rodr\u00edguez (docente Uartes) con libros buen\u00edsimos, y termin\u00e9 con un libro de relatos regionales. Fue una actividad que disfrut\u00e9 al m\u00e1ximo, codeando con mis compa\u00f1erxs y profes, planeando estrategias de robo a gran escala. Las risas no faltaron, eso lo puedo asegurar.<\/p>\n\n\n<div class=\"wp-block-image\">\n<figure class=\"aligncenter size-large\"><img loading=\"lazy\" decoding=\"async\" width=\"644\" height=\"429\" src=\"https:\/\/www.uartes.edu.ec\/sitio\/wp-content\/uploads\/2024\/04\/04-ROBA-LIBROS-ESCUELA-DE-LITERATURA-644x429.jpg\" alt=\"\" class=\"wp-image-52948\" srcset=\"https:\/\/www.uartes.edu.ec\/sitio\/wp-content\/uploads\/2024\/04\/04-ROBA-LIBROS-ESCUELA-DE-LITERATURA-644x429.jpg 644w, https:\/\/www.uartes.edu.ec\/sitio\/wp-content\/uploads\/2024\/04\/04-ROBA-LIBROS-ESCUELA-DE-LITERATURA-300x200.jpg 300w, https:\/\/www.uartes.edu.ec\/sitio\/wp-content\/uploads\/2024\/04\/04-ROBA-LIBROS-ESCUELA-DE-LITERATURA-768x512.jpg 768w, https:\/\/www.uartes.edu.ec\/sitio\/wp-content\/uploads\/2024\/04\/04-ROBA-LIBROS-ESCUELA-DE-LITERATURA-1536x1024.jpg 1536w, https:\/\/www.uartes.edu.ec\/sitio\/wp-content\/uploads\/2024\/04\/04-ROBA-LIBROS-ESCUELA-DE-LITERATURA-18x12.jpg 18w, https:\/\/www.uartes.edu.ec\/sitio\/wp-content\/uploads\/2024\/04\/04-ROBA-LIBROS-ESCUELA-DE-LITERATURA-600x400.jpg 600w, https:\/\/www.uartes.edu.ec\/sitio\/wp-content\/uploads\/2024\/04\/04-ROBA-LIBROS-ESCUELA-DE-LITERATURA-400x267.jpg 400w, https:\/\/www.uartes.edu.ec\/sitio\/wp-content\/uploads\/2024\/04\/04-ROBA-LIBROS-ESCUELA-DE-LITERATURA-272x182.jpg 272w, https:\/\/www.uartes.edu.ec\/sitio\/wp-content\/uploads\/2024\/04\/04-ROBA-LIBROS-ESCUELA-DE-LITERATURA.jpg 2000w\" sizes=\"(max-width: 644px) 100vw, 644px\" \/><\/figure>\n<\/div>\n\n\n<p>Un momento crucial para m\u00ed fue la premiaci\u00f3n por las mejores gafas, de la que sal\u00ed ganador. \u00bfCu\u00e1l fue mi motivaci\u00f3n por decorar mis gafas? El simple hecho de saber que habr\u00eda premio por ello. Decid\u00ed colocar una luna y estrellas pintadas a mano que sobresal\u00edan de las gafas. Y el esfuerzo vali\u00f3 completamente la pena cuando Mar\u00eda Alejandra Zambrano, directora de la Escuela de Literatura, me obsequi\u00f3 una copia de \u201cSo\u00f1ar y vivir la selva: poes\u00eda desde el Yasun\u00ed\u201d.<\/p>\n\n\n\n<p>Gabriel concluye su opini\u00f3n resaltando la gran experiencia que tuvo en #ROBA LIBROS, una dif\u00edcil de olvidar porque quedaron grabados los momentos compartidos y la dedicatoria que Mar\u00eda Alejandra dej\u00f3 en su libro. Quien tambi\u00e9n firm\u00f3 obras de su autor\u00eda fue el docente Roberto Ram\u00edrez de \u201cTamia, el universo\u201d a una alumna que la seleccion\u00f3 y obtuvo.<\/p>\n\n\n\n<p>#ROBA LIBROS fue un encuentro al que los invitados no paraban de llegar, el ambiente festivo y musical daba la sensaci\u00f3n de estar en una cena navide\u00f1a, donde los profesores y estudiantes se reun\u00edan en un ambiente informal hasta en el \u00faltimo momento. Los docentes tambi\u00e9n robaron libros de sus mismos colegas y estudiantes, un acto memorable para los presentes.<\/p>\n\n\n\n<p>Cabe anotar que los libros que quedaron fueron donados para quienes quisiera acoger a las obras rezagadas de manera ordenada.<\/p>\n\n\n<div class=\"wp-block-image\">\n<figure class=\"aligncenter size-large\"><img loading=\"lazy\" decoding=\"async\" width=\"644\" height=\"429\" src=\"https:\/\/www.uartes.edu.ec\/sitio\/wp-content\/uploads\/2024\/04\/06-ROBA-LIBROS-ESCUELA-DE-LITERATURA-644x429.jpg\" alt=\"\" class=\"wp-image-52946\" srcset=\"https:\/\/www.uartes.edu.ec\/sitio\/wp-content\/uploads\/2024\/04\/06-ROBA-LIBROS-ESCUELA-DE-LITERATURA-644x429.jpg 644w, https:\/\/www.uartes.edu.ec\/sitio\/wp-content\/uploads\/2024\/04\/06-ROBA-LIBROS-ESCUELA-DE-LITERATURA-300x200.jpg 300w, https:\/\/www.uartes.edu.ec\/sitio\/wp-content\/uploads\/2024\/04\/06-ROBA-LIBROS-ESCUELA-DE-LITERATURA-768x512.jpg 768w, https:\/\/www.uartes.edu.ec\/sitio\/wp-content\/uploads\/2024\/04\/06-ROBA-LIBROS-ESCUELA-DE-LITERATURA-1536x1024.jpg 1536w, https:\/\/www.uartes.edu.ec\/sitio\/wp-content\/uploads\/2024\/04\/06-ROBA-LIBROS-ESCUELA-DE-LITERATURA-18x12.jpg 18w, https:\/\/www.uartes.edu.ec\/sitio\/wp-content\/uploads\/2024\/04\/06-ROBA-LIBROS-ESCUELA-DE-LITERATURA-600x400.jpg 600w, https:\/\/www.uartes.edu.ec\/sitio\/wp-content\/uploads\/2024\/04\/06-ROBA-LIBROS-ESCUELA-DE-LITERATURA-400x267.jpg 400w, https:\/\/www.uartes.edu.ec\/sitio\/wp-content\/uploads\/2024\/04\/06-ROBA-LIBROS-ESCUELA-DE-LITERATURA-272x182.jpg 272w, https:\/\/www.uartes.edu.ec\/sitio\/wp-content\/uploads\/2024\/04\/06-ROBA-LIBROS-ESCUELA-DE-LITERATURA.jpg 2000w\" sizes=\"(max-width: 644px) 100vw, 644px\" \/><\/figure>\n<\/div>\n\n\n<p>Texto: Eleinn Rivera, estudiante de la Escuela de Literatura. Edici\u00f3n: Carmen Cortez\/Dircom<br>Fotos: Roc\u00edo Mart\u00ednez\/Dircom<\/p>\n\n\n\n<p><\/p>","protected":false},"excerpt":{"rendered":"<p>\u201cTrae un libro y atr\u00e9vete a robar y ser robado\u201d propuso en sus redes la Escuela de Literatura de la UArtes a la comunidad universitaria para participar en #ROBA LIBROS, una actividad que se desarroll\u00f3 el 23 de abril en\/por el D\u00eda Internacional del Libro y en la que tambi\u00e9n tom\u00f3 parte la Escuela de Artes Sonoras con su Open MAIC. Eleinn Rivera particip\u00f3 en el encuentro entre docentes y estudiantes y comparte una rese\u00f1a.<\/p>","protected":false},"author":10,"featured_media":52949,"comment_status":"open","ping_status":"open","sticky":false,"template":"","format":"standard","meta":{"_acf_changed":false,"_uag_custom_page_level_css":"","_monsterinsights_skip_tracking":false,"_monsterinsights_sitenote_active":false,"_monsterinsights_sitenote_note":"","_monsterinsights_sitenote_category":0,"cybocfi_hide_featured_image":"","footnotes":""},"categories":[80,150,75,76,175,83],"tags":[1194],"infouartes":[],"class_list":["post-52945","post","type-post","status-publish","format-standard","has-post-thumbnail","hentry","category-academico","category-artes-sonoras","category-docentes","category-estudiantes","category-literatura","category-sedes","tag-dia-internacional-del-libro"],"acf":[],"yoast_head":"<!-- This site is optimized with the Yoast SEO plugin v27.4 - https:\/\/yoast.com\/product\/yoast-seo-wordpress\/ -->\n<title>Universidad de las Artes - Escuelas de Literatura y Artes Sonoras hicieron de #ROBA LIBROS un festivo encuentro de docentes y estudiantes<\/title>\n<meta name=\"description\" content=\"Universidad de las Artes - Escuelas de Literatura y Artes Sonoras hicieron de #ROBA LIBROS un festivo encuentro de docentes y estudiantes\" \/>\n<meta name=\"robots\" content=\"index, follow, max-snippet:-1, max-image-preview:large, max-video-preview:-1\" \/>\n<link rel=\"canonical\" href=\"https:\/\/www.uartes.edu.ec\/sitio\/fr\/blog\/2024\/04\/25\/escuelas-de-literatura-y-artes-sonoras-hicieron-de-roba-libros-un-encuentro-festivo\/\" \/>\n<meta property=\"og:locale\" content=\"fr_FR\" \/>\n<meta property=\"og:type\" content=\"article\" \/>\n<meta property=\"og:title\" content=\"Universidad de las Artes - Escuelas de Literatura y Artes Sonoras hicieron de #ROBA LIBROS un festivo encuentro de docentes y estudiantes\" \/>\n<meta property=\"og:description\" content=\"Universidad de las Artes - Escuelas de Literatura y Artes Sonoras hicieron de #ROBA LIBROS un festivo encuentro de docentes y estudiantes\" \/>\n<meta property=\"og:url\" content=\"https:\/\/www.uartes.edu.ec\/sitio\/fr\/blog\/2024\/04\/25\/escuelas-de-literatura-y-artes-sonoras-hicieron-de-roba-libros-un-encuentro-festivo\/\" \/>\n<meta property=\"og:site_name\" content=\"Universidad de las Artes\" \/>\n<meta property=\"article:publisher\" content=\"https:\/\/www.facebook.com\/uartesec\" \/>\n<meta property=\"article:published_time\" content=\"2024-04-25T16:47:00+00:00\" \/>\n<meta property=\"article:modified_time\" content=\"2024-07-04T16:19:07+00:00\" \/>\n<meta property=\"og:image\" content=\"https:\/\/www.uartes.edu.ec\/sitio\/wp-content\/uploads\/2024\/04\/03-ROBA-LIBROS-ESCUELA-DE-LITERATURA.jpg\" \/>\n\t<meta property=\"og:image:width\" content=\"2000\" \/>\n\t<meta property=\"og:image:height\" content=\"1333\" \/>\n\t<meta property=\"og:image:type\" content=\"image\/jpeg\" \/>\n<meta name=\"author\" content=\"ccortez\" \/>\n<meta name=\"twitter:card\" content=\"summary_large_image\" \/>\n<meta name=\"twitter:creator\" content=\"@uartesec\" \/>\n<meta name=\"twitter:site\" content=\"@uartesec\" \/>\n<meta name=\"twitter:label1\" content=\"\u00c9crit par\" \/>\n\t<meta name=\"twitter:data1\" content=\"ccortez\" \/>\n\t<meta name=\"twitter:label2\" content=\"Dur\u00e9e de lecture estim\u00e9e\" \/>\n\t<meta name=\"twitter:data2\" content=\"5 minutes\" \/>\n<script type=\"application\/ld+json\" class=\"yoast-schema-graph\">{\"@context\":\"https:\\\/\\\/schema.org\",\"@graph\":[{\"@type\":\"Article\",\"@id\":\"https:\\\/\\\/www.uartes.edu.ec\\\/sitio\\\/fr\\\/blog\\\/2024\\\/04\\\/25\\\/escuelas-de-literatura-y-artes-sonoras-hicieron-de-roba-libros-un-encuentro-festivo\\\/#article\",\"isPartOf\":{\"@id\":\"https:\\\/\\\/www.uartes.edu.ec\\\/sitio\\\/fr\\\/blog\\\/2024\\\/04\\\/25\\\/escuelas-de-literatura-y-artes-sonoras-hicieron-de-roba-libros-un-encuentro-festivo\\\/\"},\"author\":{\"name\":\"ccortez\",\"@id\":\"https:\\\/\\\/www.uartes.edu.ec\\\/sitio\\\/fr\\\/#\\\/schema\\\/person\\\/efa1b8275797664fd7f13a79ccc0b1f4\"},\"headline\":\"Escuelas de Literatura y Artes Sonoras hicieron de #ROBA LIBROS un festivo encuentro de docentes y estudiantes\",\"datePublished\":\"2024-04-25T16:47:00+00:00\",\"dateModified\":\"2024-07-04T16:19:07+00:00\",\"mainEntityOfPage\":{\"@id\":\"https:\\\/\\\/www.uartes.edu.ec\\\/sitio\\\/fr\\\/blog\\\/2024\\\/04\\\/25\\\/escuelas-de-literatura-y-artes-sonoras-hicieron-de-roba-libros-un-encuentro-festivo\\\/\"},\"wordCount\":714,\"commentCount\":0,\"publisher\":{\"@id\":\"https:\\\/\\\/www.uartes.edu.ec\\\/sitio\\\/fr\\\/#organization\"},\"image\":{\"@id\":\"https:\\\/\\\/www.uartes.edu.ec\\\/sitio\\\/fr\\\/blog\\\/2024\\\/04\\\/25\\\/escuelas-de-literatura-y-artes-sonoras-hicieron-de-roba-libros-un-encuentro-festivo\\\/#primaryimage\"},\"thumbnailUrl\":\"https:\\\/\\\/www.uartes.edu.ec\\\/sitio\\\/wp-content\\\/uploads\\\/2024\\\/04\\\/03-ROBA-LIBROS-ESCUELA-DE-LITERATURA.jpg\",\"keywords\":[\"D\u00eda Internacional del Libro\"],\"articleSection\":[\"Acad\u00e9mico\",\"Artes Sonoras\",\"Docentes\",\"Estudiantes\",\"Literatura\",\"Sedes\"],\"inLanguage\":\"fr-FR\",\"potentialAction\":[{\"@type\":\"CommentAction\",\"name\":\"Comment\",\"target\":[\"https:\\\/\\\/www.uartes.edu.ec\\\/sitio\\\/fr\\\/blog\\\/2024\\\/04\\\/25\\\/escuelas-de-literatura-y-artes-sonoras-hicieron-de-roba-libros-un-encuentro-festivo\\\/#respond\"]}]},{\"@type\":[\"WebPage\",\"ItemPage\"],\"@id\":\"https:\\\/\\\/www.uartes.edu.ec\\\/sitio\\\/fr\\\/blog\\\/2024\\\/04\\\/25\\\/escuelas-de-literatura-y-artes-sonoras-hicieron-de-roba-libros-un-encuentro-festivo\\\/\",\"url\":\"https:\\\/\\\/www.uartes.edu.ec\\\/sitio\\\/fr\\\/blog\\\/2024\\\/04\\\/25\\\/escuelas-de-literatura-y-artes-sonoras-hicieron-de-roba-libros-un-encuentro-festivo\\\/\",\"name\":\"Universidad de las Artes - Escuelas de Literatura y Artes Sonoras hicieron de #ROBA LIBROS un festivo encuentro de docentes y estudiantes\",\"isPartOf\":{\"@id\":\"https:\\\/\\\/www.uartes.edu.ec\\\/sitio\\\/fr\\\/#website\"},\"primaryImageOfPage\":{\"@id\":\"https:\\\/\\\/www.uartes.edu.ec\\\/sitio\\\/fr\\\/blog\\\/2024\\\/04\\\/25\\\/escuelas-de-literatura-y-artes-sonoras-hicieron-de-roba-libros-un-encuentro-festivo\\\/#primaryimage\"},\"image\":{\"@id\":\"https:\\\/\\\/www.uartes.edu.ec\\\/sitio\\\/fr\\\/blog\\\/2024\\\/04\\\/25\\\/escuelas-de-literatura-y-artes-sonoras-hicieron-de-roba-libros-un-encuentro-festivo\\\/#primaryimage\"},\"thumbnailUrl\":\"https:\\\/\\\/www.uartes.edu.ec\\\/sitio\\\/wp-content\\\/uploads\\\/2024\\\/04\\\/03-ROBA-LIBROS-ESCUELA-DE-LITERATURA.jpg\",\"datePublished\":\"2024-04-25T16:47:00+00:00\",\"dateModified\":\"2024-07-04T16:19:07+00:00\",\"description\":\"Universidad de las Artes - Escuelas de Literatura y Artes Sonoras hicieron de #ROBA LIBROS un festivo encuentro de docentes y estudiantes\",\"breadcrumb\":{\"@id\":\"https:\\\/\\\/www.uartes.edu.ec\\\/sitio\\\/fr\\\/blog\\\/2024\\\/04\\\/25\\\/escuelas-de-literatura-y-artes-sonoras-hicieron-de-roba-libros-un-encuentro-festivo\\\/#breadcrumb\"},\"inLanguage\":\"fr-FR\",\"potentialAction\":[{\"@type\":\"ReadAction\",\"target\":[\"https:\\\/\\\/www.uartes.edu.ec\\\/sitio\\\/fr\\\/blog\\\/2024\\\/04\\\/25\\\/escuelas-de-literatura-y-artes-sonoras-hicieron-de-roba-libros-un-encuentro-festivo\\\/\"]}]},{\"@type\":\"ImageObject\",\"inLanguage\":\"fr-FR\",\"@id\":\"https:\\\/\\\/www.uartes.edu.ec\\\/sitio\\\/fr\\\/blog\\\/2024\\\/04\\\/25\\\/escuelas-de-literatura-y-artes-sonoras-hicieron-de-roba-libros-un-encuentro-festivo\\\/#primaryimage\",\"url\":\"https:\\\/\\\/www.uartes.edu.ec\\\/sitio\\\/wp-content\\\/uploads\\\/2024\\\/04\\\/03-ROBA-LIBROS-ESCUELA-DE-LITERATURA.jpg\",\"contentUrl\":\"https:\\\/\\\/www.uartes.edu.ec\\\/sitio\\\/wp-content\\\/uploads\\\/2024\\\/04\\\/03-ROBA-LIBROS-ESCUELA-DE-LITERATURA.jpg\",\"width\":2000,\"height\":1333},{\"@type\":\"BreadcrumbList\",\"@id\":\"https:\\\/\\\/www.uartes.edu.ec\\\/sitio\\\/fr\\\/blog\\\/2024\\\/04\\\/25\\\/escuelas-de-literatura-y-artes-sonoras-hicieron-de-roba-libros-un-encuentro-festivo\\\/#breadcrumb\",\"itemListElement\":[{\"@type\":\"ListItem\",\"position\":1,\"name\":\"Inicio\",\"item\":\"https:\\\/\\\/www.uartes.edu.ec\\\/sitio\\\/\"},{\"@type\":\"ListItem\",\"position\":2,\"name\":\"Escuelas de Literatura y Artes Sonoras hicieron de #ROBA LIBROS un festivo encuentro de docentes y estudiantes\"}]},{\"@type\":\"WebSite\",\"@id\":\"https:\\\/\\\/www.uartes.edu.ec\\\/sitio\\\/fr\\\/#website\",\"url\":\"https:\\\/\\\/www.uartes.edu.ec\\\/sitio\\\/fr\\\/\",\"name\":\"Universidad de las Artes\",\"description\":\"Sitio oficial de la Universidad Nacional de las Artes del Ecuador\",\"publisher\":{\"@id\":\"https:\\\/\\\/www.uartes.edu.ec\\\/sitio\\\/fr\\\/#organization\"},\"potentialAction\":[{\"@type\":\"SearchAction\",\"target\":{\"@type\":\"EntryPoint\",\"urlTemplate\":\"https:\\\/\\\/www.uartes.edu.ec\\\/sitio\\\/fr\\\/?s={search_term_string}\"},\"query-input\":{\"@type\":\"PropertyValueSpecification\",\"valueRequired\":true,\"valueName\":\"search_term_string\"}}],\"inLanguage\":\"fr-FR\"},{\"@type\":\"Organization\",\"@id\":\"https:\\\/\\\/www.uartes.edu.ec\\\/sitio\\\/fr\\\/#organization\",\"name\":\"Universidad de las Artes\",\"url\":\"https:\\\/\\\/www.uartes.edu.ec\\\/sitio\\\/fr\\\/\",\"logo\":{\"@type\":\"ImageObject\",\"inLanguage\":\"fr-FR\",\"@id\":\"https:\\\/\\\/www.uartes.edu.ec\\\/sitio\\\/fr\\\/#\\\/schema\\\/logo\\\/image\\\/\",\"url\":\"https:\\\/\\\/www.uartes.edu.ec\\\/sitio\\\/wp-content\\\/uploads\\\/2022\\\/07\\\/logo-ua-horizontal.png\",\"contentUrl\":\"https:\\\/\\\/www.uartes.edu.ec\\\/sitio\\\/wp-content\\\/uploads\\\/2022\\\/07\\\/logo-ua-horizontal.png\",\"width\":800,\"height\":276,\"caption\":\"Universidad de las Artes\"},\"image\":{\"@id\":\"https:\\\/\\\/www.uartes.edu.ec\\\/sitio\\\/fr\\\/#\\\/schema\\\/logo\\\/image\\\/\"},\"sameAs\":[\"https:\\\/\\\/www.facebook.com\\\/uartesec\",\"https:\\\/\\\/x.com\\\/uartesec\",\"https:\\\/\\\/www.tiktok.com\\\/@uartesec\"]},{\"@type\":\"Person\",\"@id\":\"https:\\\/\\\/www.uartes.edu.ec\\\/sitio\\\/fr\\\/#\\\/schema\\\/person\\\/efa1b8275797664fd7f13a79ccc0b1f4\",\"name\":\"ccortez\",\"image\":{\"@type\":\"ImageObject\",\"inLanguage\":\"fr-FR\",\"@id\":\"https:\\\/\\\/secure.gravatar.com\\\/avatar\\\/b2a6f664a3ae8e074346ef91775736c5ec479e637ecced6842de9dc98b5da9cd?s=96&d=mm&r=g\",\"url\":\"https:\\\/\\\/secure.gravatar.com\\\/avatar\\\/b2a6f664a3ae8e074346ef91775736c5ec479e637ecced6842de9dc98b5da9cd?s=96&d=mm&r=g\",\"contentUrl\":\"https:\\\/\\\/secure.gravatar.com\\\/avatar\\\/b2a6f664a3ae8e074346ef91775736c5ec479e637ecced6842de9dc98b5da9cd?s=96&d=mm&r=g\",\"caption\":\"ccortez\"},\"url\":\"https:\\\/\\\/www.uartes.edu.ec\\\/sitio\\\/fr\\\/blog\\\/author\\\/ccortez\\\/\"}]}<\/script>\n<!-- \/ Yoast SEO plugin. -->","yoast_head_json":{"title":"Universidad de las Artes - Escuelas de Literatura y Artes Sonoras hicieron de #ROBA LIBROS un festivo encuentro de docentes y estudiantes","description":"Universidad de las Artes - Escuelas de Literatura y Artes Sonoras hicieron de #ROBA LIBROS un festivo encuentro de docentes y estudiantes","robots":{"index":"index","follow":"follow","max-snippet":"max-snippet:-1","max-image-preview":"max-image-preview:large","max-video-preview":"max-video-preview:-1"},"canonical":"https:\/\/www.uartes.edu.ec\/sitio\/fr\/blog\/2024\/04\/25\/escuelas-de-literatura-y-artes-sonoras-hicieron-de-roba-libros-un-encuentro-festivo\/","og_locale":"fr_FR","og_type":"article","og_title":"Universidad de las Artes - Escuelas de Literatura y Artes Sonoras hicieron de #ROBA LIBROS un festivo encuentro de docentes y estudiantes","og_description":"Universidad de las Artes - Escuelas de Literatura y Artes Sonoras hicieron de #ROBA LIBROS un festivo encuentro de docentes y estudiantes","og_url":"https:\/\/www.uartes.edu.ec\/sitio\/fr\/blog\/2024\/04\/25\/escuelas-de-literatura-y-artes-sonoras-hicieron-de-roba-libros-un-encuentro-festivo\/","og_site_name":"Universidad de las Artes","article_publisher":"https:\/\/www.facebook.com\/uartesec","article_published_time":"2024-04-25T16:47:00+00:00","article_modified_time":"2024-07-04T16:19:07+00:00","og_image":[{"width":2000,"height":1333,"url":"https:\/\/www.uartes.edu.ec\/sitio\/wp-content\/uploads\/2024\/04\/03-ROBA-LIBROS-ESCUELA-DE-LITERATURA.jpg","type":"image\/jpeg"}],"author":"ccortez","twitter_card":"summary_large_image","twitter_creator":"@uartesec","twitter_site":"@uartesec","twitter_misc":{"\u00c9crit par":"ccortez","Dur\u00e9e de lecture estim\u00e9e":"5 minutes"},"schema":{"@context":"https:\/\/schema.org","@graph":[{"@type":"Article","@id":"https:\/\/www.uartes.edu.ec\/sitio\/fr\/blog\/2024\/04\/25\/escuelas-de-literatura-y-artes-sonoras-hicieron-de-roba-libros-un-encuentro-festivo\/#article","isPartOf":{"@id":"https:\/\/www.uartes.edu.ec\/sitio\/fr\/blog\/2024\/04\/25\/escuelas-de-literatura-y-artes-sonoras-hicieron-de-roba-libros-un-encuentro-festivo\/"},"author":{"name":"ccortez","@id":"https:\/\/www.uartes.edu.ec\/sitio\/fr\/#\/schema\/person\/efa1b8275797664fd7f13a79ccc0b1f4"},"headline":"Escuelas de Literatura y Artes Sonoras hicieron de #ROBA LIBROS un festivo encuentro de docentes y estudiantes","datePublished":"2024-04-25T16:47:00+00:00","dateModified":"2024-07-04T16:19:07+00:00","mainEntityOfPage":{"@id":"https:\/\/www.uartes.edu.ec\/sitio\/fr\/blog\/2024\/04\/25\/escuelas-de-literatura-y-artes-sonoras-hicieron-de-roba-libros-un-encuentro-festivo\/"},"wordCount":714,"commentCount":0,"publisher":{"@id":"https:\/\/www.uartes.edu.ec\/sitio\/fr\/#organization"},"image":{"@id":"https:\/\/www.uartes.edu.ec\/sitio\/fr\/blog\/2024\/04\/25\/escuelas-de-literatura-y-artes-sonoras-hicieron-de-roba-libros-un-encuentro-festivo\/#primaryimage"},"thumbnailUrl":"https:\/\/www.uartes.edu.ec\/sitio\/wp-content\/uploads\/2024\/04\/03-ROBA-LIBROS-ESCUELA-DE-LITERATURA.jpg","keywords":["D\u00eda Internacional del Libro"],"articleSection":["Acad\u00e9mico","Artes Sonoras","Docentes","Estudiantes","Literatura","Sedes"],"inLanguage":"fr-FR","potentialAction":[{"@type":"CommentAction","name":"Comment","target":["https:\/\/www.uartes.edu.ec\/sitio\/fr\/blog\/2024\/04\/25\/escuelas-de-literatura-y-artes-sonoras-hicieron-de-roba-libros-un-encuentro-festivo\/#respond"]}]},{"@type":["WebPage","ItemPage"],"@id":"https:\/\/www.uartes.edu.ec\/sitio\/fr\/blog\/2024\/04\/25\/escuelas-de-literatura-y-artes-sonoras-hicieron-de-roba-libros-un-encuentro-festivo\/","url":"https:\/\/www.uartes.edu.ec\/sitio\/fr\/blog\/2024\/04\/25\/escuelas-de-literatura-y-artes-sonoras-hicieron-de-roba-libros-un-encuentro-festivo\/","name":"Universidad de las Artes - Escuelas de Literatura y Artes Sonoras hicieron de #ROBA LIBROS un festivo encuentro de docentes y estudiantes","isPartOf":{"@id":"https:\/\/www.uartes.edu.ec\/sitio\/fr\/#website"},"primaryImageOfPage":{"@id":"https:\/\/www.uartes.edu.ec\/sitio\/fr\/blog\/2024\/04\/25\/escuelas-de-literatura-y-artes-sonoras-hicieron-de-roba-libros-un-encuentro-festivo\/#primaryimage"},"image":{"@id":"https:\/\/www.uartes.edu.ec\/sitio\/fr\/blog\/2024\/04\/25\/escuelas-de-literatura-y-artes-sonoras-hicieron-de-roba-libros-un-encuentro-festivo\/#primaryimage"},"thumbnailUrl":"https:\/\/www.uartes.edu.ec\/sitio\/wp-content\/uploads\/2024\/04\/03-ROBA-LIBROS-ESCUELA-DE-LITERATURA.jpg","datePublished":"2024-04-25T16:47:00+00:00","dateModified":"2024-07-04T16:19:07+00:00","description":"Universidad de las Artes - Escuelas de Literatura y Artes Sonoras hicieron de #ROBA LIBROS un festivo encuentro de docentes y estudiantes","breadcrumb":{"@id":"https:\/\/www.uartes.edu.ec\/sitio\/fr\/blog\/2024\/04\/25\/escuelas-de-literatura-y-artes-sonoras-hicieron-de-roba-libros-un-encuentro-festivo\/#breadcrumb"},"inLanguage":"fr-FR","potentialAction":[{"@type":"ReadAction","target":["https:\/\/www.uartes.edu.ec\/sitio\/fr\/blog\/2024\/04\/25\/escuelas-de-literatura-y-artes-sonoras-hicieron-de-roba-libros-un-encuentro-festivo\/"]}]},{"@type":"ImageObject","inLanguage":"fr-FR","@id":"https:\/\/www.uartes.edu.ec\/sitio\/fr\/blog\/2024\/04\/25\/escuelas-de-literatura-y-artes-sonoras-hicieron-de-roba-libros-un-encuentro-festivo\/#primaryimage","url":"https:\/\/www.uartes.edu.ec\/sitio\/wp-content\/uploads\/2024\/04\/03-ROBA-LIBROS-ESCUELA-DE-LITERATURA.jpg","contentUrl":"https:\/\/www.uartes.edu.ec\/sitio\/wp-content\/uploads\/2024\/04\/03-ROBA-LIBROS-ESCUELA-DE-LITERATURA.jpg","width":2000,"height":1333},{"@type":"BreadcrumbList","@id":"https:\/\/www.uartes.edu.ec\/sitio\/fr\/blog\/2024\/04\/25\/escuelas-de-literatura-y-artes-sonoras-hicieron-de-roba-libros-un-encuentro-festivo\/#breadcrumb","itemListElement":[{"@type":"ListItem","position":1,"name":"Inicio","item":"https:\/\/www.uartes.edu.ec\/sitio\/"},{"@type":"ListItem","position":2,"name":"Escuelas de Literatura y Artes Sonoras hicieron de #ROBA LIBROS un festivo encuentro de docentes y estudiantes"}]},{"@type":"WebSite","@id":"https:\/\/www.uartes.edu.ec\/sitio\/fr\/#website","url":"https:\/\/www.uartes.edu.ec\/sitio\/fr\/","name":"Universidad de las Artes","description":"Sitio oficial de la Universidad Nacional de las Artes del Ecuador","publisher":{"@id":"https:\/\/www.uartes.edu.ec\/sitio\/fr\/#organization"},"potentialAction":[{"@type":"SearchAction","target":{"@type":"EntryPoint","urlTemplate":"https:\/\/www.uartes.edu.ec\/sitio\/fr\/?s={search_term_string}"},"query-input":{"@type":"PropertyValueSpecification","valueRequired":true,"valueName":"search_term_string"}}],"inLanguage":"fr-FR"},{"@type":"Organization","@id":"https:\/\/www.uartes.edu.ec\/sitio\/fr\/#organization","name":"Universidad de las Artes","url":"https:\/\/www.uartes.edu.ec\/sitio\/fr\/","logo":{"@type":"ImageObject","inLanguage":"fr-FR","@id":"https:\/\/www.uartes.edu.ec\/sitio\/fr\/#\/schema\/logo\/image\/","url":"https:\/\/www.uartes.edu.ec\/sitio\/wp-content\/uploads\/2022\/07\/logo-ua-horizontal.png","contentUrl":"https:\/\/www.uartes.edu.ec\/sitio\/wp-content\/uploads\/2022\/07\/logo-ua-horizontal.png","width":800,"height":276,"caption":"Universidad de las Artes"},"image":{"@id":"https:\/\/www.uartes.edu.ec\/sitio\/fr\/#\/schema\/logo\/image\/"},"sameAs":["https:\/\/www.facebook.com\/uartesec","https:\/\/x.com\/uartesec","https:\/\/www.tiktok.com\/@uartesec"]},{"@type":"Person","@id":"https:\/\/www.uartes.edu.ec\/sitio\/fr\/#\/schema\/person\/efa1b8275797664fd7f13a79ccc0b1f4","name":"ccortez","image":{"@type":"ImageObject","inLanguage":"fr-FR","@id":"https:\/\/secure.gravatar.com\/avatar\/b2a6f664a3ae8e074346ef91775736c5ec479e637ecced6842de9dc98b5da9cd?s=96&d=mm&r=g","url":"https:\/\/secure.gravatar.com\/avatar\/b2a6f664a3ae8e074346ef91775736c5ec479e637ecced6842de9dc98b5da9cd?s=96&d=mm&r=g","contentUrl":"https:\/\/secure.gravatar.com\/avatar\/b2a6f664a3ae8e074346ef91775736c5ec479e637ecced6842de9dc98b5da9cd?s=96&d=mm&r=g","caption":"ccortez"},"url":"https:\/\/www.uartes.edu.ec\/sitio\/fr\/blog\/author\/ccortez\/"}]}},"uagb_featured_image_src":{"full":["https:\/\/www.uartes.edu.ec\/sitio\/wp-content\/uploads\/2024\/04\/03-ROBA-LIBROS-ESCUELA-DE-LITERATURA.jpg",2000,1333,false],"thumbnail":["https:\/\/www.uartes.edu.ec\/sitio\/wp-content\/uploads\/2024\/04\/03-ROBA-LIBROS-ESCUELA-DE-LITERATURA-150x150.jpg",150,150,true],"medium":["https:\/\/www.uartes.edu.ec\/sitio\/wp-content\/uploads\/2024\/04\/03-ROBA-LIBROS-ESCUELA-DE-LITERATURA-300x200.jpg",300,200,true],"medium_large":["https:\/\/www.uartes.edu.ec\/sitio\/wp-content\/uploads\/2024\/04\/03-ROBA-LIBROS-ESCUELA-DE-LITERATURA-768x512.jpg",768,512,true],"large":["https:\/\/www.uartes.edu.ec\/sitio\/wp-content\/uploads\/2024\/04\/03-ROBA-LIBROS-ESCUELA-DE-LITERATURA-644x429.jpg",644,429,true],"1536x1536":["https:\/\/www.uartes.edu.ec\/sitio\/wp-content\/uploads\/2024\/04\/03-ROBA-LIBROS-ESCUELA-DE-LITERATURA-1536x1024.jpg",1536,1024,true],"2048x2048":["https:\/\/www.uartes.edu.ec\/sitio\/wp-content\/uploads\/2024\/04\/03-ROBA-LIBROS-ESCUELA-DE-LITERATURA.jpg",2000,1333,false],"trp-custom-language-flag":["https:\/\/www.uartes.edu.ec\/sitio\/wp-content\/uploads\/2024\/04\/03-ROBA-LIBROS-ESCUELA-DE-LITERATURA-18x12.jpg",18,12,true],"htmega_size_585x295":["https:\/\/www.uartes.edu.ec\/sitio\/wp-content\/uploads\/2024\/04\/03-ROBA-LIBROS-ESCUELA-DE-LITERATURA-585x295.jpg",585,295,true],"htmega_size_1170x536":["https:\/\/www.uartes.edu.ec\/sitio\/wp-content\/uploads\/2024\/04\/03-ROBA-LIBROS-ESCUELA-DE-LITERATURA-1170x536.jpg",1170,536,true],"htmega_size_396x360":["https:\/\/www.uartes.edu.ec\/sitio\/wp-content\/uploads\/2024\/04\/03-ROBA-LIBROS-ESCUELA-DE-LITERATURA-396x360.jpg",396,360,true],"gb-block-post-grid-landscape":["https:\/\/www.uartes.edu.ec\/sitio\/wp-content\/uploads\/2024\/04\/03-ROBA-LIBROS-ESCUELA-DE-LITERATURA-600x400.jpg",600,400,true],"gb-block-post-grid-square":["https:\/\/www.uartes.edu.ec\/sitio\/wp-content\/uploads\/2024\/04\/03-ROBA-LIBROS-ESCUELA-DE-LITERATURA-600x600.jpg",600,600,true],"university-hub-thumb":["https:\/\/www.uartes.edu.ec\/sitio\/wp-content\/uploads\/2024\/04\/03-ROBA-LIBROS-ESCUELA-DE-LITERATURA-400x267.jpg",400,267,true]},"uagb_author_info":{"display_name":"ccortez","author_link":"https:\/\/www.uartes.edu.ec\/sitio\/fr\/blog\/author\/ccortez\/"},"uagb_comment_info":0,"uagb_excerpt":"\u201cTrae un libro y atr\u00e9vete a robar y ser robado\u201d propuso en sus redes la Escuela de Literatura de la UArtes a la comunidad universitaria para participar en #ROBA LIBROS, una actividad que se desarroll\u00f3 el 23 de abril en\/por el D\u00eda Internacional del Libro y en la que tambi\u00e9n tom\u00f3 parte la Escuela de\u2026","featured_image_src":"https:\/\/www.uartes.edu.ec\/sitio\/wp-content\/uploads\/2024\/04\/03-ROBA-LIBROS-ESCUELA-DE-LITERATURA-600x400.jpg","featured_image_src_square":"https:\/\/www.uartes.edu.ec\/sitio\/wp-content\/uploads\/2024\/04\/03-ROBA-LIBROS-ESCUELA-DE-LITERATURA-600x600.jpg","author_info":{"display_name":"ccortez","author_link":"https:\/\/www.uartes.edu.ec\/sitio\/fr\/blog\/author\/ccortez\/"},"publishpress_future_workflow_manual_trigger":{"enabledWorkflows":[]},"distributor_meta":false,"distributor_terms":false,"distributor_media":false,"distributor_original_site_name":"Universidad de las Artes","distributor_original_site_url":"https:\/\/www.uartes.edu.ec\/sitio\/fr","push-errors":false,"_links":{"self":[{"href":"https:\/\/www.uartes.edu.ec\/sitio\/fr\/wp-json\/wp\/v2\/posts\/52945","targetHints":{"allow":["GET"]}}],"collection":[{"href":"https:\/\/www.uartes.edu.ec\/sitio\/fr\/wp-json\/wp\/v2\/posts"}],"about":[{"href":"https:\/\/www.uartes.edu.ec\/sitio\/fr\/wp-json\/wp\/v2\/types\/post"}],"author":[{"embeddable":true,"href":"https:\/\/www.uartes.edu.ec\/sitio\/fr\/wp-json\/wp\/v2\/users\/10"}],"replies":[{"embeddable":true,"href":"https:\/\/www.uartes.edu.ec\/sitio\/fr\/wp-json\/wp\/v2\/comments?post=52945"}],"version-history":[{"count":19,"href":"https:\/\/www.uartes.edu.ec\/sitio\/fr\/wp-json\/wp\/v2\/posts\/52945\/revisions"}],"predecessor-version":[{"id":53085,"href":"https:\/\/www.uartes.edu.ec\/sitio\/fr\/wp-json\/wp\/v2\/posts\/52945\/revisions\/53085"}],"wp:featuredmedia":[{"embeddable":true,"href":"https:\/\/www.uartes.edu.ec\/sitio\/fr\/wp-json\/wp\/v2\/media\/52949"}],"wp:attachment":[{"href":"https:\/\/www.uartes.edu.ec\/sitio\/fr\/wp-json\/wp\/v2\/media?parent=52945"}],"wp:term":[{"taxonomy":"category","embeddable":true,"href":"https:\/\/www.uartes.edu.ec\/sitio\/fr\/wp-json\/wp\/v2\/categories?post=52945"},{"taxonomy":"post_tag","embeddable":true,"href":"https:\/\/www.uartes.edu.ec\/sitio\/fr\/wp-json\/wp\/v2\/tags?post=52945"},{"taxonomy":"infouartes","embeddable":true,"href":"https:\/\/www.uartes.edu.ec\/sitio\/fr\/wp-json\/wp\/v2\/infouartes?post=52945"}],"curies":[{"name":"wp","href":"https:\/\/api.w.org\/{rel}","templated":true}]}}