{"id":53278,"date":"2024-05-01T17:12:00","date_gmt":"2024-05-01T22:12:00","guid":{"rendered":"https:\/\/www.uartes.edu.ec\/sitio\/?p=53278"},"modified":"2024-07-04T11:19:02","modified_gmt":"2024-07-04T16:19:02","slug":"en-el-primer-lustro-de-la-biblioteca-de-las-artes","status":"publish","type":"post","link":"https:\/\/www.uartes.edu.ec\/sitio\/fr\/blog\/2024\/05\/01\/en-el-primer-lustro-de-la-biblioteca-de-las-artes\/","title":{"rendered":"Biblioteca de las Artes, sus cinco a\u00f1os"},"content":{"rendered":"<p>Ante representantes de organizaciones e instituciones amigas, autoridades, personal administrativo, docentes y estudiantes de la Universidad de las Artes, as\u00ed como de usuarios, se desarroll\u00f3 el 26 de abril la ceremonia por el lustro de la Biblioteca de las Artes. Tuvo lugar en el tercer piso de su patrimonial edificio, en el marco de la 3ra edici\u00f3n de \u201cLanfor Abierta\u201d.<\/p>\n\n\n\n<p>Ronny Ramos, de Vinculaci\u00f3n con la Sociedad, presentador del acto, anot\u00f3 que el repositorio de la UArtes se inaugur\u00f3 el 16 de enero del 2019, constituy\u00e9ndose desde entonces no solo en una biblioteca universitaria, sino en un punto de encuentro p\u00fablico que alberga un gran acervo sobre ciencias human\u00edsticas y permite la convivencia y expresi\u00f3n de sus visitantes.<\/p>\n\n\n\n<p>\u201cConvencionalmente, las bibliotecas suelen ser sitios asociados con quietud y silencio solemne; sin embargo, en la Biblioteca de las Artes, aunque tambi\u00e9n se promueve el respeto por el espacio y tranquilidad del otro, es un lugar donde las din\u00e1micas tradicionales se rompen a favor de la creaci\u00f3n y participaci\u00f3n de todos los miembros de la sociedad\u201d, expres\u00f3 Ramos para dar paso a la intervenci\u00f3n de las mag\u00edsteres Soraya Campos, directora de la Biblioteca de las Artes, y Zully Ord\u00f3\u00f1ez, gestora cultural responsable de la Sala R\u00eda.<\/p>\n\n\n<div class=\"wp-block-image\">\n<figure class=\"aligncenter size-large\"><img fetchpriority=\"high\" decoding=\"async\" width=\"644\" height=\"429\" src=\"https:\/\/www.uartes.edu.ec\/sitio\/wp-content\/uploads\/2024\/05\/01-V-ANIVERSARIO-BIBLIOTECA-DE-LAS-ARTES-644x429.jpg\" alt=\"\" class=\"wp-image-53315\" srcset=\"https:\/\/www.uartes.edu.ec\/sitio\/wp-content\/uploads\/2024\/05\/01-V-ANIVERSARIO-BIBLIOTECA-DE-LAS-ARTES-644x429.jpg 644w, https:\/\/www.uartes.edu.ec\/sitio\/wp-content\/uploads\/2024\/05\/01-V-ANIVERSARIO-BIBLIOTECA-DE-LAS-ARTES-768x511.jpg 768w, https:\/\/www.uartes.edu.ec\/sitio\/wp-content\/uploads\/2024\/05\/01-V-ANIVERSARIO-BIBLIOTECA-DE-LAS-ARTES.jpg 2000w, https:\/\/www.uartes.edu.ec\/sitio\/wp-content\/uploads\/2024\/05\/01-V-ANIVERSARIO-BIBLIOTECA-DE-LAS-ARTES-18x12.jpg 18w, https:\/\/www.uartes.edu.ec\/sitio\/wp-content\/uploads\/2024\/05\/01-V-ANIVERSARIO-BIBLIOTECA-DE-LAS-ARTES-600x399.jpg 600w, https:\/\/www.uartes.edu.ec\/sitio\/wp-content\/uploads\/2024\/05\/01-V-ANIVERSARIO-BIBLIOTECA-DE-LAS-ARTES-272x182.jpg 272w\" sizes=\"(max-width: 644px) 100vw, 644px\" \/><\/figure>\n<\/div>\n\n\n<p>En su discurso, Campos agradeci\u00f3 por haber sido parte del proceso de creaci\u00f3n de la Biblioteca las Artes, lo cual le ha permitido adquirir conocimiento y experiencia en el \u00e1mbito profesional y personal. Sus inicios fueron en 2014, record\u00f3, en el edificio de la Gobernaci\u00f3n con la sala de lectura Miguel Donoso Pareja con una colecci\u00f3n de 22.000 bienes documentales. Ahora est\u00e1 en el antiguo Banco del Descuento con m\u00e1s de 50.000 bienes documentales.<\/p>\n\n\n\n<p>Del 2019 a la actualidad, la Biblioteca de las Artes ha registrado m\u00e1s de 135.000 visitantes, quienes han participado en diversas actividades, desde la consulta del material bibliogr\u00e1fico hasta la asistencia a talleres y conferencias. Adem\u00e1s, la colaboraci\u00f3n activa de los graduados de UArtes permite enriquecer la oferta cultural de las actividades que se ofrecen.<\/p>\n\n\n\n<p>Campos concluy\u00f3 su intervenci\u00f3n agradeciendo la colaboraci\u00f3n, el apoyo y el compromiso del equipo que conforma la Biblioteca de las Artes, y los mencion\u00f3: Cinthia Ponce y Julio Ontaneda, quienes se integraron en 2014; Alexander Vera, en 2015; Gissela Andrade, en 2016; Jacqueline Loor, Deysi Mora y Isaac Baja\u00f1a, en 2019; Zully Ord\u00f3\u00f1ez, en 2021; Harold Maridue\u00f1a, en 2022; y Yuliana Yagual, en 2023. Igualmente agradeci\u00f3 a los compa\u00f1eros de mantenimiento y seguridad, fundamentales para el buen funcionamiento del espacio.<\/p>\n\n\n<div class=\"wp-block-image\">\n<figure class=\"aligncenter size-large\"><img decoding=\"async\" width=\"644\" height=\"429\" src=\"https:\/\/www.uartes.edu.ec\/sitio\/wp-content\/uploads\/2024\/05\/zully1-644x429.jpg\" alt=\"\" class=\"wp-image-53486\" srcset=\"https:\/\/www.uartes.edu.ec\/sitio\/wp-content\/uploads\/2024\/05\/zully1-644x429.jpg 644w, https:\/\/www.uartes.edu.ec\/sitio\/wp-content\/uploads\/2024\/05\/zully1-768x512.jpg 768w, https:\/\/www.uartes.edu.ec\/sitio\/wp-content\/uploads\/2024\/05\/zully1.jpg 1080w, https:\/\/www.uartes.edu.ec\/sitio\/wp-content\/uploads\/2024\/05\/zully1-18x12.jpg 18w, https:\/\/www.uartes.edu.ec\/sitio\/wp-content\/uploads\/2024\/05\/zully1-600x400.jpg 600w, https:\/\/www.uartes.edu.ec\/sitio\/wp-content\/uploads\/2024\/05\/zully1-272x182.jpg 272w\" sizes=\"(max-width: 644px) 100vw, 644px\" \/><\/figure>\n<\/div>\n\n\n<p>Zully Ord\u00f3\u00f1ez, por su parte, indic\u00f3 que los ni\u00f1os y las ni\u00f1as son el futuro, pero tambi\u00e9n el presente. \u201cUn presente que la mayor\u00eda de veces es ignorado o relegado a unas l\u00f3gicas adultocentristas que inhiben el desarrollo creativo en las infancias. Actualmente, en Guayaquil, cientos de ni\u00f1os y ni\u00f1as son obligados a vivir en situaciones de violencia y calle, imposibilit\u00e1ndolos de todo porvenir o sue\u00f1o\u201d. <\/p>\n\n\n\n<p>En un contexto como este, espacios como la Sala R\u00eda no solo se asientan como espacios para jugar o leer, sino que se enmarcan como espacios del desarrollo del pensamiento a trav\u00e9s de lo l\u00fadico. Y lo l\u00fadico va m\u00e1s all\u00e1 de lo que conocemos como jugar, tiene que ver con la experiencia de la alegr\u00eda y el compartir, a\u00f1adi\u00f3.<\/p>\n\n\n\n<p>Estos dos ingredientes son fundamentales para crear afectos en el aprendizaje, lo cual da lugar a las propuestas pedag\u00f3gicas que nuestra universidad acoge como modelos de su fundamento educativo: sentipensar, saber cuidar y saber crear. Esta \u00e9tica es lo que ha hecho posible que, durante estos cinco a\u00f1os, la Sala R\u00eda desde su gesti\u00f3n colectiva haya acogido a miles de ni\u00f1os, incluso virtualmente durante la pandemia.<\/p>\n\n\n\n<p>Como todo proyecto que se realiza desde lo p\u00fablico, agreg\u00f3, ha sido un trabajo constante que incluy\u00f3, desde su anterior responsable, Ana Mar\u00eda Gonz\u00e1lez, a todo el equipo de la biblioteca, a docentes, estudiantes, departamentos aliados, como V\u00ednculo con la Comunidad y desde 2023 a la Empresa P\u00fablica UArtes.<\/p>\n\n\n\t\t\t\t\t<div\n\t\t\t\t\t\tclass=\"wp-block-uagb-image-gallery uagb-block-52a45e9f\"\n\t\t\t\t\t\tstyle=\"\"\n\t\t\t\t\t>\n\t\t\t\t\t\t\t\t\t\t\t<div class=\"spectra-image-gallery spectra-image-gallery__layout--grid spectra-image-gallery__layout--grid-col-2 spectra-image-gallery__layout--grid-col-tab-2 spectra-image-gallery__layout--grid-col-mob-2\">\n\t\t\t\t\t\t\t\t\t\t\t<div class='spectra-image-gallery__media-wrapper' data-spectra-gallery-image-id='53318' tabindex=\"0\">\n\t\t\t\t\t\t\t<div class=\"spectra-image-gallery__media spectra-image-gallery__media--grid\">\n\t\t\t\t<picture>\n\t\t\t\t\t<source media=\"(min-width: 1024px)\" srcset=\"https:\/\/www.uartes.edu.ec\/sitio\/wp-content\/uploads\/2024\/05\/02-V-ANIVERSARIO-BIBLIOTECA-DE-LAS-ARTES-644x429.jpg\">\n\t\t\t\t\t<source media=\"(min-width: 768px)\" srcset=\"https:\/\/www.uartes.edu.ec\/sitio\/wp-content\/uploads\/2024\/05\/02-V-ANIVERSARIO-BIBLIOTECA-DE-LAS-ARTES-644x429.jpg\">\n\t\t\t\t\t<img decoding=\"async\" class=\"spectra-image-gallery__media-thumbnail spectra-image-gallery__media-thumbnail--grid\" src=\"https:\/\/www.uartes.edu.ec\/sitio\/wp-content\/uploads\/2024\/05\/02-V-ANIVERSARIO-BIBLIOTECA-DE-LAS-ARTES-300x200.jpg\" alt=\"\" loading=\"lazy\" \/>\n\t\t\t\t<\/picture>\n\t\t\t\t<div class=\"spectra-image-gallery__media-thumbnail-blurrer\"><\/div>\n\t\t\t\t\t\t\t\t\t\t\t<div class=\"spectra-image-gallery__media-thumbnail-caption-wrapper spectra-image-gallery__media-thumbnail-caption-wrapper--overlay\">\n\t\t\t\t\t\t\t\t\t\t\t<div class=\"spectra-image-gallery__media-thumbnail-caption spectra-image-gallery__media-thumbnail-caption--overlay\">\n\t\t\t\t\tAucune l\u00e9gende\t\t\t\t<\/div>\n\t\t\t\t\t\t\t\t\t\t<\/div>\n\t\t\t\t\t\t\t\t\t<\/div>\n\t\t\t\t\t\t<\/div>\n\t\t\t\t\t\t<div class='spectra-image-gallery__media-wrapper' data-spectra-gallery-image-id='53317' tabindex=\"0\">\n\t\t\t\t\t\t\t<div class=\"spectra-image-gallery__media spectra-image-gallery__media--grid\">\n\t\t\t\t<picture>\n\t\t\t\t\t<source media=\"(min-width: 1024px)\" srcset=\"https:\/\/www.uartes.edu.ec\/sitio\/wp-content\/uploads\/2024\/05\/03-V-ANIVERSARIO-BIBLIOTECA-DE-LAS-ARTES-644x429.jpg\">\n\t\t\t\t\t<source media=\"(min-width: 768px)\" srcset=\"https:\/\/www.uartes.edu.ec\/sitio\/wp-content\/uploads\/2024\/05\/03-V-ANIVERSARIO-BIBLIOTECA-DE-LAS-ARTES-644x429.jpg\">\n\t\t\t\t\t<img decoding=\"async\" class=\"spectra-image-gallery__media-thumbnail spectra-image-gallery__media-thumbnail--grid\" src=\"https:\/\/www.uartes.edu.ec\/sitio\/wp-content\/uploads\/2024\/05\/03-V-ANIVERSARIO-BIBLIOTECA-DE-LAS-ARTES-300x200.jpg\" alt=\"\" loading=\"lazy\" \/>\n\t\t\t\t<\/picture>\n\t\t\t\t<div class=\"spectra-image-gallery__media-thumbnail-blurrer\"><\/div>\n\t\t\t\t\t\t\t\t\t\t\t<div class=\"spectra-image-gallery__media-thumbnail-caption-wrapper spectra-image-gallery__media-thumbnail-caption-wrapper--overlay\">\n\t\t\t\t\t\t\t\t\t\t\t<div class=\"spectra-image-gallery__media-thumbnail-caption spectra-image-gallery__media-thumbnail-caption--overlay\">\n\t\t\t\t\tAucune l\u00e9gende\t\t\t\t<\/div>\n\t\t\t\t\t\t\t\t\t\t<\/div>\n\t\t\t\t\t\t\t\t\t<\/div>\n\t\t\t\t\t\t<\/div>\n\t\t\t\t\t\t\t\t\t\t<\/div>\n\t\t\t\t\t\t\t\t\t\t\t\t\t\t\t\t\t\t<\/div>\n\t\t\t\t\t\t\t\t\t\n\n\n<p><\/p>\n\n\n\n<p>La vicerrectora de Posgrado e Investigaci\u00f3n en Artes, doctora Olga L\u00f3pez, destac\u00f3 el dinamismo de la Biblioteca de las Artes, un espacio cultural fundamental para Guayaquil, un espacio abierto y libre, un lugar de libertad de pensamiento que debemos seguirlo pensando y apropiarnos. Es un espacio muy bello y muy cuidado que ha recibido aportes de mucha gente y donde nos desbordamos sobre la ciudad; dejamos de ser una universidad que tiene procesos educativos en grado y posgrado y trabajamos con\/para la sociedad.<\/p>\n\n\n\n<p>El vicerrector acad\u00e9mico, doctor Bradley Hilgert, mencion\u00f3 que la biblioteca tiene que ver con esa idea de lo infinito y no termina nunca de encontrar lo que lo que buscaba. Agradeci\u00f3 tener una biblioteca con estructura abierta por la que se puede transitar y darse cuenta de todo lo que no se sabe. Mencion\u00f3 tambi\u00e9n, retomando lo dicho por la vicerrectora, que el repositorio de la UArtes trabaja con\/para la sociedad y es tambi\u00e9n como un alivio para la ciudad.<\/p>\n\n\n\n<p>Seguidamente, Ronny Ramos indic\u00f3 que la Biblioteca de las Artes, por su naturaleza p\u00fablica y car\u00e1cter humanista, ha sido durante su lustro de existencia una instituci\u00f3n construida y fortalecida desde las iniciativas y voluntades de quienes creen en el arte, la cultura y el conocimiento como medios de transformaci\u00f3n social. Lo se\u00f1al\u00f3 para anunciar la entrega de placas de agradecimiento a representantes de las instituciones que han incrementado su fondo bibliogr\u00e1fico, as\u00ed como lo han hecho escritores y docentes.<\/p>\n\n\n<div class=\"wp-block-image\">\n<figure class=\"aligncenter size-large\"><img decoding=\"async\" width=\"644\" height=\"429\" src=\"https:\/\/www.uartes.edu.ec\/sitio\/wp-content\/uploads\/2024\/05\/05-V-ANIVERSARIO-BIBLIOTECA-DE-LAS-ARTES-644x429.jpg\" alt=\"\" class=\"wp-image-53319\" srcset=\"https:\/\/www.uartes.edu.ec\/sitio\/wp-content\/uploads\/2024\/05\/05-V-ANIVERSARIO-BIBLIOTECA-DE-LAS-ARTES-644x429.jpg 644w, https:\/\/www.uartes.edu.ec\/sitio\/wp-content\/uploads\/2024\/05\/05-V-ANIVERSARIO-BIBLIOTECA-DE-LAS-ARTES-768x511.jpg 768w, https:\/\/www.uartes.edu.ec\/sitio\/wp-content\/uploads\/2024\/05\/05-V-ANIVERSARIO-BIBLIOTECA-DE-LAS-ARTES.jpg 2000w, https:\/\/www.uartes.edu.ec\/sitio\/wp-content\/uploads\/2024\/05\/05-V-ANIVERSARIO-BIBLIOTECA-DE-LAS-ARTES-18x12.jpg 18w, https:\/\/www.uartes.edu.ec\/sitio\/wp-content\/uploads\/2024\/05\/05-V-ANIVERSARIO-BIBLIOTECA-DE-LAS-ARTES-600x399.jpg 600w, https:\/\/www.uartes.edu.ec\/sitio\/wp-content\/uploads\/2024\/05\/05-V-ANIVERSARIO-BIBLIOTECA-DE-LAS-ARTES-272x182.jpg 272w\" sizes=\"(max-width: 644px) 100vw, 644px\" \/><\/figure>\n<\/div>\n\n\n<p>Entre otros, Joaqu\u00edn Moscoso, jefe del Museo Municipal de Guayaquil; Stephanie Alb\u00e1n, directora ejecutiva del Museo Antropol\u00f3gico de Arte Contempor\u00e1neo (MAAC); y Delia Mar\u00eda Torres, gestora cultural del Archivo Hist\u00f3rico del Guayas. A los escritores Ra\u00fal Vallejo y Marcelo B\u00e1ez, y a los docentes Solange Rodr\u00edguez, \u00c1ngel Emilio Hidalgo y Andr\u00e9s Land\u00e1zuri.<\/p>\n\n\n\n<p>En un audiovisual, seguidamente presentado, la doctora Diana Medina hizo referencia a la exposici\u00f3n \u201cComunidad UArtes\u201d, que posterior a la ceremonia se inauguraba en la Galer\u00eda 4ta Pared. La exdocente y exdirectora de la Escuela de Posgrado de la universidad hizo la curadur\u00eda de la muestra y guio la realizaci\u00f3n del concurso que, mediante convocatoria interna, hizo la Biblioteca de las Artes a funcionarios, docentes y estudiantes, el cual registr\u00f3 18 participantes.<\/p>\n\n\n\n<p>\u201cC\u00f3mo celebrar el primer lustro de vida de la Biblioteca de las Artes nos pregunt\u00f3 Soraya Campos a Harold Maridue\u00f1a y a m\u00ed tras convocarnos para pensar al respecto. Conversamos dos l\u00edneas. La primera, un concurso de fotograf\u00eda, justo ahora que las im\u00e1genes parecen brotar del aire, dirigido a la comunidad universitaria\u201d, sostuvo Medina.<\/p>\n\n\n\n<p>Y en esa l\u00ednea de pensamiento fotogr\u00e1fico surgieron dos temas: naturaleza y ciudadan\u00eda, y comunidad y biblioteca. \u201cEs decir, el ambiente y emplazamiento bibliogr\u00e1fico en el que est\u00e1 la Biblioteca de las Artes en el centro de Guayaquil y, al mismo tiempo, siendo un veh\u00edculo cultural social, que nos determina e identifica como ciudadanos\u201d. Se hizo, dijo, una revisi\u00f3n en sus archivos y en sus adentros, lo cual permiti\u00f3 comprender que la historia ven\u00eda desde 1920, en que ya se pensaba en el Guayaquil del futuro y en la modernidad. \u201cTardamos 30 a\u00f1os en tener este edificio listo y una vez que se consolid\u00f3 fue efectivamente el ep\u00edtome de Guayaquil y de c\u00f3mo la vida misma se ha transformado\u201d.<\/p>\n\n\n<div class=\"wp-block-image\">\n<figure class=\"aligncenter size-large\"><img loading=\"lazy\" decoding=\"async\" width=\"644\" height=\"429\" src=\"https:\/\/www.uartes.edu.ec\/sitio\/wp-content\/uploads\/2024\/05\/06-V-ANIVERSARIO-BIBLIOTECA-DE-LAS-ARTES-644x429.jpg\" alt=\"\" class=\"wp-image-53320\" srcset=\"https:\/\/www.uartes.edu.ec\/sitio\/wp-content\/uploads\/2024\/05\/06-V-ANIVERSARIO-BIBLIOTECA-DE-LAS-ARTES-644x429.jpg 644w, https:\/\/www.uartes.edu.ec\/sitio\/wp-content\/uploads\/2024\/05\/06-V-ANIVERSARIO-BIBLIOTECA-DE-LAS-ARTES-768x511.jpg 768w, https:\/\/www.uartes.edu.ec\/sitio\/wp-content\/uploads\/2024\/05\/06-V-ANIVERSARIO-BIBLIOTECA-DE-LAS-ARTES.jpg 2000w, https:\/\/www.uartes.edu.ec\/sitio\/wp-content\/uploads\/2024\/05\/06-V-ANIVERSARIO-BIBLIOTECA-DE-LAS-ARTES-18x12.jpg 18w, https:\/\/www.uartes.edu.ec\/sitio\/wp-content\/uploads\/2024\/05\/06-V-ANIVERSARIO-BIBLIOTECA-DE-LAS-ARTES-600x399.jpg 600w, https:\/\/www.uartes.edu.ec\/sitio\/wp-content\/uploads\/2024\/05\/06-V-ANIVERSARIO-BIBLIOTECA-DE-LAS-ARTES-272x182.jpg 272w\" sizes=\"(max-width: 644px) 100vw, 644px\" \/><\/figure>\n<\/div>\n\n\n<p>Ronny Ramos anunci\u00f3 entonces la entrega de los premios y menciones de honor a los ganadores del concurso de fotograf\u00eda \u201cComunidad UArtes\u201d. Lo hizo el jurado, integrado por la vicerrectora de Posgrado e Investigaci\u00f3n en Artes; Ruslan Torres, director de la Escuela de Artes Visuales; y el arquitecto y fot\u00f3grafo profesional Ricardo Boh\u00f3rquez, quienes observaron cinco criterios de evaluaci\u00f3n: contenido ajustado a la convocatoria, contenido y concepto significativo de la fotograf\u00eda, organizaci\u00f3n compositiva, creatividad, originalidad y t\u00e9cnica, enfoque adecuado.<\/p>\n\n\n\n<p>En la categor\u00eda Arquitectura Universitaria\/Naturaleza\/Comunidad, obtuvo el primer lugar Yuliana Yagual, con \u201cSilencio\u201d; Gabriela N\u00fa\u00f1ez, el segundo con \u201cMar adentro\u201d; y Jacqueline Loor, el tercero con \u201cHelicoidal de la UArtes\u201d. Las menciones de honor fueron para Sara Cagua con \u201cSuperponer 1\u201d y Daniel Estrella con \u201cLibertad del conocimiento\u201d, ambas en la categor\u00eda \u201cBiblioteca de las Artes\/Comunidad Universitaria\u201d.<\/p>\n\n\n<div class=\"wp-block-image\">\n<figure class=\"aligncenter size-large\"><img loading=\"lazy\" decoding=\"async\" width=\"644\" height=\"429\" src=\"https:\/\/www.uartes.edu.ec\/sitio\/wp-content\/uploads\/2024\/05\/07-V-ANIVERSARIO-BIBLIOTECA-DE-LAS-ARTES-644x429.jpg\" alt=\"\" class=\"wp-image-53321\" srcset=\"https:\/\/www.uartes.edu.ec\/sitio\/wp-content\/uploads\/2024\/05\/07-V-ANIVERSARIO-BIBLIOTECA-DE-LAS-ARTES-644x429.jpg 644w, https:\/\/www.uartes.edu.ec\/sitio\/wp-content\/uploads\/2024\/05\/07-V-ANIVERSARIO-BIBLIOTECA-DE-LAS-ARTES-768x511.jpg 768w, https:\/\/www.uartes.edu.ec\/sitio\/wp-content\/uploads\/2024\/05\/07-V-ANIVERSARIO-BIBLIOTECA-DE-LAS-ARTES.jpg 2000w, https:\/\/www.uartes.edu.ec\/sitio\/wp-content\/uploads\/2024\/05\/07-V-ANIVERSARIO-BIBLIOTECA-DE-LAS-ARTES-18x12.jpg 18w, https:\/\/www.uartes.edu.ec\/sitio\/wp-content\/uploads\/2024\/05\/07-V-ANIVERSARIO-BIBLIOTECA-DE-LAS-ARTES-600x399.jpg 600w, https:\/\/www.uartes.edu.ec\/sitio\/wp-content\/uploads\/2024\/05\/07-V-ANIVERSARIO-BIBLIOTECA-DE-LAS-ARTES-272x182.jpg 272w\" sizes=\"(max-width: 644px) 100vw, 644px\" \/><\/figure>\n<\/div>\n\n\n<p>La ceremonia aniversaria de la Biblioteca de las Artes cont\u00f3 con la presentaci\u00f3n de los artistas y docentes de la Escuela de Artes Sonoras, Jorge Saade-Scaff, en el viol\u00edn, y Juan Isidro Mej\u00eda, en la guitarra, quienes interpretaron los pasillos \u201cPasional\u201d y \u201cGuayaquil de mis amores\u201d. Al final del evento hubo una segunda presentaci\u00f3n art\u00edstica: \u201cRitmos tropicales\u201d, a cargo de la alumni de la Escuela de Artes Esc\u00e9nicas y hoy docente Khrystel Ortiz.<\/p>\n\n\n\n<p>En el acto, el artista <em>Lalinchi<\/em> Arreaga hizo la donaci\u00f3n de libros Braille de su autor\u00eda, cuyo lanzamiento hizo el primer d\u00eda de Lanfor Abierta \u2013lunes 23 de abril\u2013, junto con la regleta Braille y la p\u00e1gina web Braille. Y en el cierre, se hizo tambi\u00e9n la presentaci\u00f3n de \u201c10 a\u00f1os produciendo conocimiento en artes\u201d, revista\/libro que se edit\u00f3 desde la Direcci\u00f3n de Comunicaci\u00f3n para celebrar la primera d\u00e9cada de creaci\u00f3n por Ley de la UArtes, en 2023. <\/p>\n\n\n\t\t\t\t\t<div\n\t\t\t\t\t\tclass=\"wp-block-uagb-image-gallery uagb-block-7fc493be\"\n\t\t\t\t\t\tstyle=\"\"\n\t\t\t\t\t>\n\t\t\t\t\t\t\t\t\t\t\t<div class=\"spectra-image-gallery spectra-image-gallery__layout--grid spectra-image-gallery__layout--grid-col-2 spectra-image-gallery__layout--grid-col-tab-2 spectra-image-gallery__layout--grid-col-mob-2\">\n\t\t\t\t\t\t\t\t\t\t\t<div class='spectra-image-gallery__media-wrapper' data-spectra-gallery-image-id='53323' tabindex=\"0\">\n\t\t\t\t\t\t\t<div class=\"spectra-image-gallery__media spectra-image-gallery__media--grid\">\n\t\t\t\t<picture>\n\t\t\t\t\t<source media=\"(min-width: 1024px)\" srcset=\"https:\/\/www.uartes.edu.ec\/sitio\/wp-content\/uploads\/2024\/05\/08-V-ANIVERSARIO-BIBLIOTECA-DE-LAS-ARTES-644x429.jpg\">\n\t\t\t\t\t<source media=\"(min-width: 768px)\" srcset=\"https:\/\/www.uartes.edu.ec\/sitio\/wp-content\/uploads\/2024\/05\/08-V-ANIVERSARIO-BIBLIOTECA-DE-LAS-ARTES-644x429.jpg\">\n\t\t\t\t\t<img decoding=\"async\" class=\"spectra-image-gallery__media-thumbnail spectra-image-gallery__media-thumbnail--grid\" src=\"https:\/\/www.uartes.edu.ec\/sitio\/wp-content\/uploads\/2024\/05\/08-V-ANIVERSARIO-BIBLIOTECA-DE-LAS-ARTES-300x200.jpg\" alt=\"\" loading=\"lazy\" \/>\n\t\t\t\t<\/picture>\n\t\t\t\t<div class=\"spectra-image-gallery__media-thumbnail-blurrer\"><\/div>\n\t\t\t\t\t\t\t\t\t\t\t<div class=\"spectra-image-gallery__media-thumbnail-caption-wrapper spectra-image-gallery__media-thumbnail-caption-wrapper--overlay\">\n\t\t\t\t\t\t\t\t\t\t\t<div class=\"spectra-image-gallery__media-thumbnail-caption spectra-image-gallery__media-thumbnail-caption--overlay\">\n\t\t\t\t\tAucune l\u00e9gende\t\t\t\t<\/div>\n\t\t\t\t\t\t\t\t\t\t<\/div>\n\t\t\t\t\t\t\t\t\t<\/div>\n\t\t\t\t\t\t<\/div>\n\t\t\t\t\t\t<div class='spectra-image-gallery__media-wrapper' data-spectra-gallery-image-id='53322' tabindex=\"0\">\n\t\t\t\t\t\t\t<div class=\"spectra-image-gallery__media spectra-image-gallery__media--grid\">\n\t\t\t\t<picture>\n\t\t\t\t\t<source media=\"(min-width: 1024px)\" srcset=\"https:\/\/www.uartes.edu.ec\/sitio\/wp-content\/uploads\/2024\/05\/10-V-ANIVERSARIO-BIBLIOTECA-DE-LAS-ARTES-644x429.jpg\">\n\t\t\t\t\t<source media=\"(min-width: 768px)\" srcset=\"https:\/\/www.uartes.edu.ec\/sitio\/wp-content\/uploads\/2024\/05\/10-V-ANIVERSARIO-BIBLIOTECA-DE-LAS-ARTES-644x429.jpg\">\n\t\t\t\t\t<img decoding=\"async\" class=\"spectra-image-gallery__media-thumbnail spectra-image-gallery__media-thumbnail--grid\" src=\"https:\/\/www.uartes.edu.ec\/sitio\/wp-content\/uploads\/2024\/05\/10-V-ANIVERSARIO-BIBLIOTECA-DE-LAS-ARTES-300x200.jpg\" alt=\"\" loading=\"lazy\" \/>\n\t\t\t\t<\/picture>\n\t\t\t\t<div class=\"spectra-image-gallery__media-thumbnail-blurrer\"><\/div>\n\t\t\t\t\t\t\t\t\t\t\t<div class=\"spectra-image-gallery__media-thumbnail-caption-wrapper spectra-image-gallery__media-thumbnail-caption-wrapper--overlay\">\n\t\t\t\t\t\t\t\t\t\t\t<div class=\"spectra-image-gallery__media-thumbnail-caption spectra-image-gallery__media-thumbnail-caption--overlay\">\n\t\t\t\t\tAucune l\u00e9gende\t\t\t\t<\/div>\n\t\t\t\t\t\t\t\t\t\t<\/div>\n\t\t\t\t\t\t\t\t\t<\/div>\n\t\t\t\t\t\t<\/div>\n\t\t\t\t\t\t\t\t\t\t<\/div>\n\t\t\t\t\t\t\t\t\t\t\t\t\t\t\t\t\t\t<\/div>\n\t\t\t\t\t\t\t\t\t\n\n\n<p><\/p>","protected":false},"excerpt":{"rendered":"<p>En solemne ceremonia, la Biblioteca de las Artes celebr\u00f3 su primer lustro. Hubo palabras de la directora del repositorio de la UArtes y de las autoridades universitarias; se hizo la entrega de placas de agradecimiento a instituciones y personas por la donaci\u00f3n de libros; y se premi\u00f3 a los ganadores del concurso de fotograf\u00eda. Tambi\u00e9n hubo m\u00fasica con los artistas y docentes Jorge Saade y Juan Isidro Mej\u00eda y la presentaci\u00f3n de \u201cRitmos tropicales\u201d, con la alumnus Khrystel Ortiz.  <\/p>","protected":false},"author":10,"featured_media":53314,"comment_status":"open","ping_status":"open","sticky":false,"template":"","format":"standard","meta":{"_acf_changed":false,"_uag_custom_page_level_css":"","_monsterinsights_skip_tracking":false,"_monsterinsights_sitenote_active":false,"_monsterinsights_sitenote_note":"","_monsterinsights_sitenote_category":0,"cybocfi_hide_featured_image":"","footnotes":""},"categories":[80,438,490,159,150,157,147,75,76,77,175,83,79],"tags":[872],"infouartes":[],"class_list":["post-53278","post","type-post","status-publish","format-standard","has-post-thumbnail","hentry","category-academico","category-administrativos","category-alumni","category-artes-escenicas","category-artes-sonoras","category-artes-visuales","category-cine","category-docentes","category-estudiantes","category-gestion","category-literatura","category-sedes","category-vinculo","tag-aniversario"],"acf":[],"yoast_head":"<!-- This site is optimized with the Yoast SEO plugin v27.4 - https:\/\/yoast.com\/product\/yoast-seo-wordpress\/ -->\n<title>Universidad de las Artes - Biblioteca de las Artes, sus cinco a\u00f1os<\/title>\n<meta name=\"description\" content=\"Universidad de las Artes - Biblioteca de las Artes, sus cinco a\u00f1os\" \/>\n<meta name=\"robots\" content=\"index, follow, max-snippet:-1, max-image-preview:large, max-video-preview:-1\" \/>\n<link rel=\"canonical\" href=\"https:\/\/www.uartes.edu.ec\/sitio\/fr\/blog\/2024\/05\/01\/en-el-primer-lustro-de-la-biblioteca-de-las-artes\/\" \/>\n<meta property=\"og:locale\" content=\"fr_FR\" \/>\n<meta property=\"og:type\" content=\"article\" \/>\n<meta property=\"og:title\" content=\"Universidad de las Artes - Biblioteca de las Artes, sus cinco a\u00f1os\" \/>\n<meta property=\"og:description\" content=\"Universidad de las Artes - Biblioteca de las Artes, sus cinco a\u00f1os\" \/>\n<meta property=\"og:url\" content=\"https:\/\/www.uartes.edu.ec\/sitio\/fr\/blog\/2024\/05\/01\/en-el-primer-lustro-de-la-biblioteca-de-las-artes\/\" \/>\n<meta property=\"og:site_name\" content=\"Universidad de las Artes\" \/>\n<meta property=\"article:publisher\" content=\"https:\/\/www.facebook.com\/uartesec\" \/>\n<meta property=\"article:published_time\" content=\"2024-05-01T22:12:00+00:00\" \/>\n<meta property=\"article:modified_time\" content=\"2024-07-04T16:19:02+00:00\" \/>\n<meta property=\"og:image\" content=\"https:\/\/www.uartes.edu.ec\/sitio\/wp-content\/uploads\/2024\/05\/09-V-ANIVERSARIO-BIBLIOTECA-DE-LAS-ARTES.jpg\" \/>\n\t<meta property=\"og:image:width\" content=\"2000\" \/>\n\t<meta property=\"og:image:height\" content=\"1333\" \/>\n\t<meta property=\"og:image:type\" content=\"image\/jpeg\" \/>\n<meta name=\"author\" content=\"ccortez\" \/>\n<meta name=\"twitter:card\" content=\"summary_large_image\" \/>\n<meta name=\"twitter:creator\" content=\"@uartesec\" \/>\n<meta name=\"twitter:site\" content=\"@uartesec\" \/>\n<meta name=\"twitter:label1\" content=\"\u00c9crit par\" \/>\n\t<meta name=\"twitter:data1\" content=\"ccortez\" \/>\n\t<meta name=\"twitter:label2\" content=\"Dur\u00e9e de lecture estim\u00e9e\" \/>\n\t<meta name=\"twitter:data2\" content=\"8 minutes\" \/>\n<script type=\"application\/ld+json\" class=\"yoast-schema-graph\">{\"@context\":\"https:\\\/\\\/schema.org\",\"@graph\":[{\"@type\":\"Article\",\"@id\":\"https:\\\/\\\/www.uartes.edu.ec\\\/sitio\\\/fr\\\/blog\\\/2024\\\/05\\\/01\\\/en-el-primer-lustro-de-la-biblioteca-de-las-artes\\\/#article\",\"isPartOf\":{\"@id\":\"https:\\\/\\\/www.uartes.edu.ec\\\/sitio\\\/fr\\\/blog\\\/2024\\\/05\\\/01\\\/en-el-primer-lustro-de-la-biblioteca-de-las-artes\\\/\"},\"author\":{\"name\":\"ccortez\",\"@id\":\"https:\\\/\\\/www.uartes.edu.ec\\\/sitio\\\/fr\\\/#\\\/schema\\\/person\\\/efa1b8275797664fd7f13a79ccc0b1f4\"},\"headline\":\"Biblioteca de las Artes, sus cinco a\u00f1os\",\"datePublished\":\"2024-05-01T22:12:00+00:00\",\"dateModified\":\"2024-07-04T16:19:02+00:00\",\"mainEntityOfPage\":{\"@id\":\"https:\\\/\\\/www.uartes.edu.ec\\\/sitio\\\/fr\\\/blog\\\/2024\\\/05\\\/01\\\/en-el-primer-lustro-de-la-biblioteca-de-las-artes\\\/\"},\"wordCount\":1595,\"commentCount\":0,\"publisher\":{\"@id\":\"https:\\\/\\\/www.uartes.edu.ec\\\/sitio\\\/fr\\\/#organization\"},\"image\":{\"@id\":\"https:\\\/\\\/www.uartes.edu.ec\\\/sitio\\\/fr\\\/blog\\\/2024\\\/05\\\/01\\\/en-el-primer-lustro-de-la-biblioteca-de-las-artes\\\/#primaryimage\"},\"thumbnailUrl\":\"https:\\\/\\\/www.uartes.edu.ec\\\/sitio\\\/wp-content\\\/uploads\\\/2024\\\/05\\\/09-V-ANIVERSARIO-BIBLIOTECA-DE-LAS-ARTES.jpg\",\"keywords\":[\"aniversario\"],\"articleSection\":[\"Acad\u00e9mico\",\"Administrativos\",\"Alumni\",\"Artes Esc\u00e9nicas\",\"Artes Sonoras\",\"Artes Visuales\",\"Cine\",\"Docentes\",\"Estudiantes\",\"Gesti\u00f3n\",\"Literatura\",\"Sedes\",\"V\u00ednculo\"],\"inLanguage\":\"fr-FR\",\"potentialAction\":[{\"@type\":\"CommentAction\",\"name\":\"Comment\",\"target\":[\"https:\\\/\\\/www.uartes.edu.ec\\\/sitio\\\/fr\\\/blog\\\/2024\\\/05\\\/01\\\/en-el-primer-lustro-de-la-biblioteca-de-las-artes\\\/#respond\"]}]},{\"@type\":[\"WebPage\",\"ItemPage\"],\"@id\":\"https:\\\/\\\/www.uartes.edu.ec\\\/sitio\\\/fr\\\/blog\\\/2024\\\/05\\\/01\\\/en-el-primer-lustro-de-la-biblioteca-de-las-artes\\\/\",\"url\":\"https:\\\/\\\/www.uartes.edu.ec\\\/sitio\\\/fr\\\/blog\\\/2024\\\/05\\\/01\\\/en-el-primer-lustro-de-la-biblioteca-de-las-artes\\\/\",\"name\":\"Universidad de las Artes - Biblioteca de las Artes, sus cinco a\u00f1os\",\"isPartOf\":{\"@id\":\"https:\\\/\\\/www.uartes.edu.ec\\\/sitio\\\/fr\\\/#website\"},\"primaryImageOfPage\":{\"@id\":\"https:\\\/\\\/www.uartes.edu.ec\\\/sitio\\\/fr\\\/blog\\\/2024\\\/05\\\/01\\\/en-el-primer-lustro-de-la-biblioteca-de-las-artes\\\/#primaryimage\"},\"image\":{\"@id\":\"https:\\\/\\\/www.uartes.edu.ec\\\/sitio\\\/fr\\\/blog\\\/2024\\\/05\\\/01\\\/en-el-primer-lustro-de-la-biblioteca-de-las-artes\\\/#primaryimage\"},\"thumbnailUrl\":\"https:\\\/\\\/www.uartes.edu.ec\\\/sitio\\\/wp-content\\\/uploads\\\/2024\\\/05\\\/09-V-ANIVERSARIO-BIBLIOTECA-DE-LAS-ARTES.jpg\",\"datePublished\":\"2024-05-01T22:12:00+00:00\",\"dateModified\":\"2024-07-04T16:19:02+00:00\",\"description\":\"Universidad de las Artes - Biblioteca de las Artes, sus cinco a\u00f1os\",\"breadcrumb\":{\"@id\":\"https:\\\/\\\/www.uartes.edu.ec\\\/sitio\\\/fr\\\/blog\\\/2024\\\/05\\\/01\\\/en-el-primer-lustro-de-la-biblioteca-de-las-artes\\\/#breadcrumb\"},\"inLanguage\":\"fr-FR\",\"potentialAction\":[{\"@type\":\"ReadAction\",\"target\":[\"https:\\\/\\\/www.uartes.edu.ec\\\/sitio\\\/fr\\\/blog\\\/2024\\\/05\\\/01\\\/en-el-primer-lustro-de-la-biblioteca-de-las-artes\\\/\"]}]},{\"@type\":\"ImageObject\",\"inLanguage\":\"fr-FR\",\"@id\":\"https:\\\/\\\/www.uartes.edu.ec\\\/sitio\\\/fr\\\/blog\\\/2024\\\/05\\\/01\\\/en-el-primer-lustro-de-la-biblioteca-de-las-artes\\\/#primaryimage\",\"url\":\"https:\\\/\\\/www.uartes.edu.ec\\\/sitio\\\/wp-content\\\/uploads\\\/2024\\\/05\\\/09-V-ANIVERSARIO-BIBLIOTECA-DE-LAS-ARTES.jpg\",\"contentUrl\":\"https:\\\/\\\/www.uartes.edu.ec\\\/sitio\\\/wp-content\\\/uploads\\\/2024\\\/05\\\/09-V-ANIVERSARIO-BIBLIOTECA-DE-LAS-ARTES.jpg\",\"width\":2000,\"height\":1333},{\"@type\":\"BreadcrumbList\",\"@id\":\"https:\\\/\\\/www.uartes.edu.ec\\\/sitio\\\/fr\\\/blog\\\/2024\\\/05\\\/01\\\/en-el-primer-lustro-de-la-biblioteca-de-las-artes\\\/#breadcrumb\",\"itemListElement\":[{\"@type\":\"ListItem\",\"position\":1,\"name\":\"Inicio\",\"item\":\"https:\\\/\\\/www.uartes.edu.ec\\\/sitio\\\/\"},{\"@type\":\"ListItem\",\"position\":2,\"name\":\"Biblioteca de las Artes, sus cinco a\u00f1os\"}]},{\"@type\":\"WebSite\",\"@id\":\"https:\\\/\\\/www.uartes.edu.ec\\\/sitio\\\/fr\\\/#website\",\"url\":\"https:\\\/\\\/www.uartes.edu.ec\\\/sitio\\\/fr\\\/\",\"name\":\"Universidad de las Artes\",\"description\":\"Sitio oficial de la Universidad Nacional de las Artes del Ecuador\",\"publisher\":{\"@id\":\"https:\\\/\\\/www.uartes.edu.ec\\\/sitio\\\/fr\\\/#organization\"},\"potentialAction\":[{\"@type\":\"SearchAction\",\"target\":{\"@type\":\"EntryPoint\",\"urlTemplate\":\"https:\\\/\\\/www.uartes.edu.ec\\\/sitio\\\/fr\\\/?s={search_term_string}\"},\"query-input\":{\"@type\":\"PropertyValueSpecification\",\"valueRequired\":true,\"valueName\":\"search_term_string\"}}],\"inLanguage\":\"fr-FR\"},{\"@type\":\"Organization\",\"@id\":\"https:\\\/\\\/www.uartes.edu.ec\\\/sitio\\\/fr\\\/#organization\",\"name\":\"Universidad de las Artes\",\"url\":\"https:\\\/\\\/www.uartes.edu.ec\\\/sitio\\\/fr\\\/\",\"logo\":{\"@type\":\"ImageObject\",\"inLanguage\":\"fr-FR\",\"@id\":\"https:\\\/\\\/www.uartes.edu.ec\\\/sitio\\\/fr\\\/#\\\/schema\\\/logo\\\/image\\\/\",\"url\":\"https:\\\/\\\/www.uartes.edu.ec\\\/sitio\\\/wp-content\\\/uploads\\\/2022\\\/07\\\/logo-ua-horizontal.png\",\"contentUrl\":\"https:\\\/\\\/www.uartes.edu.ec\\\/sitio\\\/wp-content\\\/uploads\\\/2022\\\/07\\\/logo-ua-horizontal.png\",\"width\":800,\"height\":276,\"caption\":\"Universidad de las Artes\"},\"image\":{\"@id\":\"https:\\\/\\\/www.uartes.edu.ec\\\/sitio\\\/fr\\\/#\\\/schema\\\/logo\\\/image\\\/\"},\"sameAs\":[\"https:\\\/\\\/www.facebook.com\\\/uartesec\",\"https:\\\/\\\/x.com\\\/uartesec\",\"https:\\\/\\\/www.tiktok.com\\\/@uartesec\"]},{\"@type\":\"Person\",\"@id\":\"https:\\\/\\\/www.uartes.edu.ec\\\/sitio\\\/fr\\\/#\\\/schema\\\/person\\\/efa1b8275797664fd7f13a79ccc0b1f4\",\"name\":\"ccortez\",\"image\":{\"@type\":\"ImageObject\",\"inLanguage\":\"fr-FR\",\"@id\":\"https:\\\/\\\/secure.gravatar.com\\\/avatar\\\/b2a6f664a3ae8e074346ef91775736c5ec479e637ecced6842de9dc98b5da9cd?s=96&d=mm&r=g\",\"url\":\"https:\\\/\\\/secure.gravatar.com\\\/avatar\\\/b2a6f664a3ae8e074346ef91775736c5ec479e637ecced6842de9dc98b5da9cd?s=96&d=mm&r=g\",\"contentUrl\":\"https:\\\/\\\/secure.gravatar.com\\\/avatar\\\/b2a6f664a3ae8e074346ef91775736c5ec479e637ecced6842de9dc98b5da9cd?s=96&d=mm&r=g\",\"caption\":\"ccortez\"},\"url\":\"https:\\\/\\\/www.uartes.edu.ec\\\/sitio\\\/fr\\\/blog\\\/author\\\/ccortez\\\/\"}]}<\/script>\n<!-- \/ Yoast SEO plugin. -->","yoast_head_json":{"title":"Universidad de las Artes - Biblioteca de las Artes, sus cinco a\u00f1os","description":"Universidad de las Artes - Biblioteca de las Artes, sus cinco a\u00f1os","robots":{"index":"index","follow":"follow","max-snippet":"max-snippet:-1","max-image-preview":"max-image-preview:large","max-video-preview":"max-video-preview:-1"},"canonical":"https:\/\/www.uartes.edu.ec\/sitio\/fr\/blog\/2024\/05\/01\/en-el-primer-lustro-de-la-biblioteca-de-las-artes\/","og_locale":"fr_FR","og_type":"article","og_title":"Universidad de las Artes - Biblioteca de las Artes, sus cinco a\u00f1os","og_description":"Universidad de las Artes - Biblioteca de las Artes, sus cinco a\u00f1os","og_url":"https:\/\/www.uartes.edu.ec\/sitio\/fr\/blog\/2024\/05\/01\/en-el-primer-lustro-de-la-biblioteca-de-las-artes\/","og_site_name":"Universidad de las Artes","article_publisher":"https:\/\/www.facebook.com\/uartesec","article_published_time":"2024-05-01T22:12:00+00:00","article_modified_time":"2024-07-04T16:19:02+00:00","og_image":[{"width":2000,"height":1333,"url":"https:\/\/www.uartes.edu.ec\/sitio\/wp-content\/uploads\/2024\/05\/09-V-ANIVERSARIO-BIBLIOTECA-DE-LAS-ARTES.jpg","type":"image\/jpeg"}],"author":"ccortez","twitter_card":"summary_large_image","twitter_creator":"@uartesec","twitter_site":"@uartesec","twitter_misc":{"\u00c9crit par":"ccortez","Dur\u00e9e de lecture estim\u00e9e":"8 minutes"},"schema":{"@context":"https:\/\/schema.org","@graph":[{"@type":"Article","@id":"https:\/\/www.uartes.edu.ec\/sitio\/fr\/blog\/2024\/05\/01\/en-el-primer-lustro-de-la-biblioteca-de-las-artes\/#article","isPartOf":{"@id":"https:\/\/www.uartes.edu.ec\/sitio\/fr\/blog\/2024\/05\/01\/en-el-primer-lustro-de-la-biblioteca-de-las-artes\/"},"author":{"name":"ccortez","@id":"https:\/\/www.uartes.edu.ec\/sitio\/fr\/#\/schema\/person\/efa1b8275797664fd7f13a79ccc0b1f4"},"headline":"Biblioteca de las Artes, sus cinco a\u00f1os","datePublished":"2024-05-01T22:12:00+00:00","dateModified":"2024-07-04T16:19:02+00:00","mainEntityOfPage":{"@id":"https:\/\/www.uartes.edu.ec\/sitio\/fr\/blog\/2024\/05\/01\/en-el-primer-lustro-de-la-biblioteca-de-las-artes\/"},"wordCount":1595,"commentCount":0,"publisher":{"@id":"https:\/\/www.uartes.edu.ec\/sitio\/fr\/#organization"},"image":{"@id":"https:\/\/www.uartes.edu.ec\/sitio\/fr\/blog\/2024\/05\/01\/en-el-primer-lustro-de-la-biblioteca-de-las-artes\/#primaryimage"},"thumbnailUrl":"https:\/\/www.uartes.edu.ec\/sitio\/wp-content\/uploads\/2024\/05\/09-V-ANIVERSARIO-BIBLIOTECA-DE-LAS-ARTES.jpg","keywords":["aniversario"],"articleSection":["Acad\u00e9mico","Administrativos","Alumni","Artes Esc\u00e9nicas","Artes Sonoras","Artes Visuales","Cine","Docentes","Estudiantes","Gesti\u00f3n","Literatura","Sedes","V\u00ednculo"],"inLanguage":"fr-FR","potentialAction":[{"@type":"CommentAction","name":"Comment","target":["https:\/\/www.uartes.edu.ec\/sitio\/fr\/blog\/2024\/05\/01\/en-el-primer-lustro-de-la-biblioteca-de-las-artes\/#respond"]}]},{"@type":["WebPage","ItemPage"],"@id":"https:\/\/www.uartes.edu.ec\/sitio\/fr\/blog\/2024\/05\/01\/en-el-primer-lustro-de-la-biblioteca-de-las-artes\/","url":"https:\/\/www.uartes.edu.ec\/sitio\/fr\/blog\/2024\/05\/01\/en-el-primer-lustro-de-la-biblioteca-de-las-artes\/","name":"Universidad de las Artes - Biblioteca de las Artes, sus cinco a\u00f1os","isPartOf":{"@id":"https:\/\/www.uartes.edu.ec\/sitio\/fr\/#website"},"primaryImageOfPage":{"@id":"https:\/\/www.uartes.edu.ec\/sitio\/fr\/blog\/2024\/05\/01\/en-el-primer-lustro-de-la-biblioteca-de-las-artes\/#primaryimage"},"image":{"@id":"https:\/\/www.uartes.edu.ec\/sitio\/fr\/blog\/2024\/05\/01\/en-el-primer-lustro-de-la-biblioteca-de-las-artes\/#primaryimage"},"thumbnailUrl":"https:\/\/www.uartes.edu.ec\/sitio\/wp-content\/uploads\/2024\/05\/09-V-ANIVERSARIO-BIBLIOTECA-DE-LAS-ARTES.jpg","datePublished":"2024-05-01T22:12:00+00:00","dateModified":"2024-07-04T16:19:02+00:00","description":"Universidad de las Artes - Biblioteca de las Artes, sus cinco a\u00f1os","breadcrumb":{"@id":"https:\/\/www.uartes.edu.ec\/sitio\/fr\/blog\/2024\/05\/01\/en-el-primer-lustro-de-la-biblioteca-de-las-artes\/#breadcrumb"},"inLanguage":"fr-FR","potentialAction":[{"@type":"ReadAction","target":["https:\/\/www.uartes.edu.ec\/sitio\/fr\/blog\/2024\/05\/01\/en-el-primer-lustro-de-la-biblioteca-de-las-artes\/"]}]},{"@type":"ImageObject","inLanguage":"fr-FR","@id":"https:\/\/www.uartes.edu.ec\/sitio\/fr\/blog\/2024\/05\/01\/en-el-primer-lustro-de-la-biblioteca-de-las-artes\/#primaryimage","url":"https:\/\/www.uartes.edu.ec\/sitio\/wp-content\/uploads\/2024\/05\/09-V-ANIVERSARIO-BIBLIOTECA-DE-LAS-ARTES.jpg","contentUrl":"https:\/\/www.uartes.edu.ec\/sitio\/wp-content\/uploads\/2024\/05\/09-V-ANIVERSARIO-BIBLIOTECA-DE-LAS-ARTES.jpg","width":2000,"height":1333},{"@type":"BreadcrumbList","@id":"https:\/\/www.uartes.edu.ec\/sitio\/fr\/blog\/2024\/05\/01\/en-el-primer-lustro-de-la-biblioteca-de-las-artes\/#breadcrumb","itemListElement":[{"@type":"ListItem","position":1,"name":"Inicio","item":"https:\/\/www.uartes.edu.ec\/sitio\/"},{"@type":"ListItem","position":2,"name":"Biblioteca de las Artes, sus cinco a\u00f1os"}]},{"@type":"WebSite","@id":"https:\/\/www.uartes.edu.ec\/sitio\/fr\/#website","url":"https:\/\/www.uartes.edu.ec\/sitio\/fr\/","name":"Universidad de las Artes","description":"Sitio oficial de la Universidad Nacional de las Artes del Ecuador","publisher":{"@id":"https:\/\/www.uartes.edu.ec\/sitio\/fr\/#organization"},"potentialAction":[{"@type":"SearchAction","target":{"@type":"EntryPoint","urlTemplate":"https:\/\/www.uartes.edu.ec\/sitio\/fr\/?s={search_term_string}"},"query-input":{"@type":"PropertyValueSpecification","valueRequired":true,"valueName":"search_term_string"}}],"inLanguage":"fr-FR"},{"@type":"Organization","@id":"https:\/\/www.uartes.edu.ec\/sitio\/fr\/#organization","name":"Universidad de las Artes","url":"https:\/\/www.uartes.edu.ec\/sitio\/fr\/","logo":{"@type":"ImageObject","inLanguage":"fr-FR","@id":"https:\/\/www.uartes.edu.ec\/sitio\/fr\/#\/schema\/logo\/image\/","url":"https:\/\/www.uartes.edu.ec\/sitio\/wp-content\/uploads\/2022\/07\/logo-ua-horizontal.png","contentUrl":"https:\/\/www.uartes.edu.ec\/sitio\/wp-content\/uploads\/2022\/07\/logo-ua-horizontal.png","width":800,"height":276,"caption":"Universidad de las Artes"},"image":{"@id":"https:\/\/www.uartes.edu.ec\/sitio\/fr\/#\/schema\/logo\/image\/"},"sameAs":["https:\/\/www.facebook.com\/uartesec","https:\/\/x.com\/uartesec","https:\/\/www.tiktok.com\/@uartesec"]},{"@type":"Person","@id":"https:\/\/www.uartes.edu.ec\/sitio\/fr\/#\/schema\/person\/efa1b8275797664fd7f13a79ccc0b1f4","name":"ccortez","image":{"@type":"ImageObject","inLanguage":"fr-FR","@id":"https:\/\/secure.gravatar.com\/avatar\/b2a6f664a3ae8e074346ef91775736c5ec479e637ecced6842de9dc98b5da9cd?s=96&d=mm&r=g","url":"https:\/\/secure.gravatar.com\/avatar\/b2a6f664a3ae8e074346ef91775736c5ec479e637ecced6842de9dc98b5da9cd?s=96&d=mm&r=g","contentUrl":"https:\/\/secure.gravatar.com\/avatar\/b2a6f664a3ae8e074346ef91775736c5ec479e637ecced6842de9dc98b5da9cd?s=96&d=mm&r=g","caption":"ccortez"},"url":"https:\/\/www.uartes.edu.ec\/sitio\/fr\/blog\/author\/ccortez\/"}]}},"uagb_featured_image_src":{"full":["https:\/\/www.uartes.edu.ec\/sitio\/wp-content\/uploads\/2024\/05\/09-V-ANIVERSARIO-BIBLIOTECA-DE-LAS-ARTES.jpg",2000,1333,false],"thumbnail":["https:\/\/www.uartes.edu.ec\/sitio\/wp-content\/uploads\/2024\/05\/09-V-ANIVERSARIO-BIBLIOTECA-DE-LAS-ARTES-150x150.jpg",150,150,true],"medium":["https:\/\/www.uartes.edu.ec\/sitio\/wp-content\/uploads\/2024\/05\/09-V-ANIVERSARIO-BIBLIOTECA-DE-LAS-ARTES-300x200.jpg",300,200,true],"medium_large":["https:\/\/www.uartes.edu.ec\/sitio\/wp-content\/uploads\/2024\/05\/09-V-ANIVERSARIO-BIBLIOTECA-DE-LAS-ARTES-768x512.jpg",768,512,true],"large":["https:\/\/www.uartes.edu.ec\/sitio\/wp-content\/uploads\/2024\/05\/09-V-ANIVERSARIO-BIBLIOTECA-DE-LAS-ARTES-644x429.jpg",644,429,true],"1536x1536":["https:\/\/www.uartes.edu.ec\/sitio\/wp-content\/uploads\/2024\/05\/09-V-ANIVERSARIO-BIBLIOTECA-DE-LAS-ARTES-1536x1024.jpg",1536,1024,true],"2048x2048":["https:\/\/www.uartes.edu.ec\/sitio\/wp-content\/uploads\/2024\/05\/09-V-ANIVERSARIO-BIBLIOTECA-DE-LAS-ARTES.jpg",2000,1333,false],"trp-custom-language-flag":["https:\/\/www.uartes.edu.ec\/sitio\/wp-content\/uploads\/2024\/05\/09-V-ANIVERSARIO-BIBLIOTECA-DE-LAS-ARTES-18x12.jpg",18,12,true],"htmega_size_585x295":["https:\/\/www.uartes.edu.ec\/sitio\/wp-content\/uploads\/2024\/05\/09-V-ANIVERSARIO-BIBLIOTECA-DE-LAS-ARTES-585x295.jpg",585,295,true],"htmega_size_1170x536":["https:\/\/www.uartes.edu.ec\/sitio\/wp-content\/uploads\/2024\/05\/09-V-ANIVERSARIO-BIBLIOTECA-DE-LAS-ARTES-1170x536.jpg",1170,536,true],"htmega_size_396x360":["https:\/\/www.uartes.edu.ec\/sitio\/wp-content\/uploads\/2024\/05\/09-V-ANIVERSARIO-BIBLIOTECA-DE-LAS-ARTES-396x360.jpg",396,360,true],"gb-block-post-grid-landscape":["https:\/\/www.uartes.edu.ec\/sitio\/wp-content\/uploads\/2024\/05\/09-V-ANIVERSARIO-BIBLIOTECA-DE-LAS-ARTES-600x400.jpg",600,400,true],"gb-block-post-grid-square":["https:\/\/www.uartes.edu.ec\/sitio\/wp-content\/uploads\/2024\/05\/09-V-ANIVERSARIO-BIBLIOTECA-DE-LAS-ARTES-600x600.jpg",600,600,true],"university-hub-thumb":["https:\/\/www.uartes.edu.ec\/sitio\/wp-content\/uploads\/2024\/05\/09-V-ANIVERSARIO-BIBLIOTECA-DE-LAS-ARTES-400x267.jpg",400,267,true]},"uagb_author_info":{"display_name":"ccortez","author_link":"https:\/\/www.uartes.edu.ec\/sitio\/fr\/blog\/author\/ccortez\/"},"uagb_comment_info":0,"uagb_excerpt":"En solemne ceremonia, la Biblioteca de las Artes celebr\u00f3 su primer lustro. Hubo palabras de la directora del repositorio de la UArtes y de las autoridades universitarias; se hizo la entrega de placas de agradecimiento a instituciones y personas por la donaci\u00f3n de libros; y se premi\u00f3 a los ganadores del concurso de fotograf\u00eda. Tambi\u00e9n\u2026","featured_image_src":"https:\/\/www.uartes.edu.ec\/sitio\/wp-content\/uploads\/2024\/05\/09-V-ANIVERSARIO-BIBLIOTECA-DE-LAS-ARTES-600x400.jpg","featured_image_src_square":"https:\/\/www.uartes.edu.ec\/sitio\/wp-content\/uploads\/2024\/05\/09-V-ANIVERSARIO-BIBLIOTECA-DE-LAS-ARTES-600x600.jpg","author_info":{"display_name":"ccortez","author_link":"https:\/\/www.uartes.edu.ec\/sitio\/fr\/blog\/author\/ccortez\/"},"publishpress_future_workflow_manual_trigger":{"enabledWorkflows":[]},"distributor_meta":false,"distributor_terms":false,"distributor_media":false,"distributor_original_site_name":"Universidad de las Artes","distributor_original_site_url":"https:\/\/www.uartes.edu.ec\/sitio\/fr","push-errors":false,"_links":{"self":[{"href":"https:\/\/www.uartes.edu.ec\/sitio\/fr\/wp-json\/wp\/v2\/posts\/53278","targetHints":{"allow":["GET"]}}],"collection":[{"href":"https:\/\/www.uartes.edu.ec\/sitio\/fr\/wp-json\/wp\/v2\/posts"}],"about":[{"href":"https:\/\/www.uartes.edu.ec\/sitio\/fr\/wp-json\/wp\/v2\/types\/post"}],"author":[{"embeddable":true,"href":"https:\/\/www.uartes.edu.ec\/sitio\/fr\/wp-json\/wp\/v2\/users\/10"}],"replies":[{"embeddable":true,"href":"https:\/\/www.uartes.edu.ec\/sitio\/fr\/wp-json\/wp\/v2\/comments?post=53278"}],"version-history":[{"count":14,"href":"https:\/\/www.uartes.edu.ec\/sitio\/fr\/wp-json\/wp\/v2\/posts\/53278\/revisions"}],"predecessor-version":[{"id":53493,"href":"https:\/\/www.uartes.edu.ec\/sitio\/fr\/wp-json\/wp\/v2\/posts\/53278\/revisions\/53493"}],"wp:featuredmedia":[{"embeddable":true,"href":"https:\/\/www.uartes.edu.ec\/sitio\/fr\/wp-json\/wp\/v2\/media\/53314"}],"wp:attachment":[{"href":"https:\/\/www.uartes.edu.ec\/sitio\/fr\/wp-json\/wp\/v2\/media?parent=53278"}],"wp:term":[{"taxonomy":"category","embeddable":true,"href":"https:\/\/www.uartes.edu.ec\/sitio\/fr\/wp-json\/wp\/v2\/categories?post=53278"},{"taxonomy":"post_tag","embeddable":true,"href":"https:\/\/www.uartes.edu.ec\/sitio\/fr\/wp-json\/wp\/v2\/tags?post=53278"},{"taxonomy":"infouartes","embeddable":true,"href":"https:\/\/www.uartes.edu.ec\/sitio\/fr\/wp-json\/wp\/v2\/infouartes?post=53278"}],"curies":[{"name":"wp","href":"https:\/\/api.w.org\/{rel}","templated":true}]}}