{"id":53481,"date":"2024-05-01T18:42:00","date_gmt":"2024-05-01T23:42:00","guid":{"rendered":"https:\/\/www.uartes.edu.ec\/sitio\/?p=53481"},"modified":"2024-07-04T11:19:02","modified_gmt":"2024-07-04T16:19:02","slug":"dircom-uartes-presento-publicacion-aniversaria-10-anos-produciendo-conocimiento-en-artes","status":"publish","type":"post","link":"https:\/\/www.uartes.edu.ec\/sitio\/fr\/blog\/2024\/05\/01\/dircom-uartes-presento-publicacion-aniversaria-10-anos-produciendo-conocimiento-en-artes\/","title":{"rendered":"Dircom present\u00f3 \u201c10 a\u00f1os produciendo conocimiento en artes\u201d, revista que se edit\u00f3 por el X aniversario de la UArtes"},"content":{"rendered":"<p>En la ceremonia por los cinco a\u00f1os de la Biblioteca de las Artes, celebrada el pasado viernes 26 de abril en el tercer piso de su patrimonial edificio, la Direcci\u00f3n de Comunicaci\u00f3n (Dircom) de la Universidad de las Artes realiz\u00f3 la presentaci\u00f3n de la revista \u201c10 a\u00f1os produciendo conocimiento en artes\u201d.<\/p>\n\n\n\n<p>La UArtes fue creada por Ley en 2023 y fue justamente a inicios del a\u00f1o anterior que el rector William Herrera encomend\u00f3 a la Dircom elaborar una revista especial del InfoUArtes, el informativo de la Universidad de las Artes que tiene su espacio en el sitio web institucional y del cual se desprenden otros productos online internos y externos.<\/p>\n\n\n\n<p>La presentaci\u00f3n la hizo la ingeniera Susan Romero, directora de la Dircom. Indic\u00f3 que la publicaci\u00f3n fue concebida como una revista corta, pero por los varios temas que se desprenden de sus cinco ejes tem\u00e1ticos la llevaron a convertirse en un libro de 250 p\u00e1ginas. Este ejemplar no es un compendio de datos de rendici\u00f3n de cuentas a lo largo de 10 a\u00f1os, no es una recolecci\u00f3n de informes de ejecuciones presupuestarias, ni mucho menos un folleto institucional ampliado del recorrido de una d\u00e9cada universitaria.<\/p>\n\n\n\n<p>Mencion\u00f3 el conocimiento por parte de todos de los logros de la UArtes a lo largo de su caminar, \u201cpero consideremos que el horizonte de la revista era plasmar las experiencias vividas de los integrantes de la comunidad universitaria y lo hemos logramos. As\u00ed que agradezco a todos y todas por sus testimonios\u201d.<\/p>\n\n\n\n<h3 class=\"wp-block-heading\">Cinco ejes tem\u00e1ticos y muchos testimonios<\/h3>\n\n\n\n<p>Romero se\u00f1al\u00f3 los cinco ejes tem\u00e1ticos de \u201c10 a\u00f1os produciendo conocimiento en artes\u201d, los cuales se convirtieron en las cinco secciones que tiene la publicaci\u00f3n:<\/p>\n\n\n<div class=\"wp-block-image\">\n<figure class=\"aligncenter size-large\"><img fetchpriority=\"high\" decoding=\"async\" width=\"644\" height=\"429\" src=\"https:\/\/www.uartes.edu.ec\/sitio\/wp-content\/uploads\/2024\/05\/13-REVISTA-UARTES-644x429.jpg\" alt=\"\" class=\"wp-image-53484\" srcset=\"https:\/\/www.uartes.edu.ec\/sitio\/wp-content\/uploads\/2024\/05\/13-REVISTA-UARTES-644x429.jpg 644w, https:\/\/www.uartes.edu.ec\/sitio\/wp-content\/uploads\/2024\/05\/13-REVISTA-UARTES-768x511.jpg 768w, https:\/\/www.uartes.edu.ec\/sitio\/wp-content\/uploads\/2024\/05\/13-REVISTA-UARTES.jpg 2000w, https:\/\/www.uartes.edu.ec\/sitio\/wp-content\/uploads\/2024\/05\/13-REVISTA-UARTES-18x12.jpg 18w, https:\/\/www.uartes.edu.ec\/sitio\/wp-content\/uploads\/2024\/05\/13-REVISTA-UARTES-600x399.jpg 600w, https:\/\/www.uartes.edu.ec\/sitio\/wp-content\/uploads\/2024\/05\/13-REVISTA-UARTES-272x182.jpg 272w\" sizes=\"(max-width: 644px) 100vw, 644px\" \/><\/figure>\n<\/div>\n\n\n<p>Gestaci\u00f3n e institucionalizaci\u00f3n de una universidad p\u00fablica, donde, adem\u00e1s de las entrevistas con quienes estuvieron \u201cEn los inicios de 10 a\u00f1os de un desafiante recorrido\u201d, consta el an\u00e1lisis del exrector Ramiro Noriega en el art\u00edculo \u201cPensando en la Universidad de las Artes\u201d que escribi\u00f3 para el libro colectivo \u201cUniversidad urgente para una sociedad emancipada\u201d; la exrectora Paulina Soto, con su proyecci\u00f3n del modelo educativo y las vivencias ocurridas en 2020; y el rector William Herrera, quien habla desde la institucionalizaci\u00f3n y el desaf\u00edo de la acreditaci\u00f3n que estamos pr\u00f3ximos a vivir.&nbsp;<\/p>\n\n\n\n<p>Registrados est\u00e1n, asimismo, aspectos importantes que hicieron posible el camino de esta universidad, como la adscripci\u00f3n del ITAE, la experticia del personal administrativo que se integr\u00f3 cuando era un proyecto, entre ellos Priscila Amores y Jorge Cuadrado.<\/p>\n\n\n\n<p>En \u201cRehabitar y resignificar los edificios patrimoniales\u201d, la publicaci\u00f3n invita al lector a una memoria visual del antes y el despu\u00e9s de la reconstrucci\u00f3n de varios edificios de la UArtes y re\u00fane voces de quienes los habitan y transitan diariamente.<\/p>\n\n\n\n<p>En esta secci\u00f3n, el texto \u201cEl centro de Guayaquil atravesado por la UArtes\u201d, elaborado por Tyone Maridue\u00f1a y Carmen Cortez, de la Dircom, y la estudiante de Literatura Melina Soriano; recoge testimonios de quienes trabajan en los alrededores de los edificios patrimoniales de la universidad y son testigos de lo que significa su presencia en la zona c\u00e9ntrica de la urbe. Uno de ellos, Carlos Ochoa, quien tiene un kiosko de venta de diversos accesorios frente a El Tel\u00e9grafo, le confiesa a Carmen que \u201cla Universidad de las Artes le devolvi\u00f3 le vida a este sector\u201d. Creci\u00f3, dijo, en los bajos del desaparecido diario \u201cy puedo decir que cuando cerr\u00f3, por su abandono, el edificio se convirti\u00f3 en un urinario p\u00fablico, ahora da gusto verlo funcionando\u00bb.<\/p>\n\n\n<div class=\"wp-block-image\">\n<figure class=\"aligncenter size-large\"><img decoding=\"async\" width=\"644\" height=\"429\" src=\"https:\/\/www.uartes.edu.ec\/sitio\/wp-content\/uploads\/2024\/05\/11-REVISTA-UARTES-644x429.jpg\" alt=\"\" class=\"wp-image-53483\" srcset=\"https:\/\/www.uartes.edu.ec\/sitio\/wp-content\/uploads\/2024\/05\/11-REVISTA-UARTES-644x429.jpg 644w, https:\/\/www.uartes.edu.ec\/sitio\/wp-content\/uploads\/2024\/05\/11-REVISTA-UARTES-768x511.jpg 768w, https:\/\/www.uartes.edu.ec\/sitio\/wp-content\/uploads\/2024\/05\/11-REVISTA-UARTES.jpg 2000w, https:\/\/www.uartes.edu.ec\/sitio\/wp-content\/uploads\/2024\/05\/11-REVISTA-UARTES-18x12.jpg 18w, https:\/\/www.uartes.edu.ec\/sitio\/wp-content\/uploads\/2024\/05\/11-REVISTA-UARTES-600x399.jpg 600w, https:\/\/www.uartes.edu.ec\/sitio\/wp-content\/uploads\/2024\/05\/11-REVISTA-UARTES-272x182.jpg 272w\" sizes=\"(max-width: 644px) 100vw, 644px\" \/><\/figure>\n<\/div>\n\n\n<p>En \u201cFormaci\u00f3n art\u00edstica de calidad\u201d est\u00e1n voces de los representantes de todas escuelas, empezando por el vicerrector Bradley Hilgert, quien expone el camino recorrido y el futuro del quehacer pedag\u00f3gico. En sus art\u00edculos, los directores de pregrado, posgrado y algunos de los coordinadores de los programas de maestr\u00eda que se encontraban al frente de sus respectivas unidades acad\u00e9micas en 2023, cuando se edit\u00f3 el libro, comparten su visi\u00f3n de todo lo que en su oferta acad\u00e9mica ofrece la UArtes.<\/p>\n\n\n\n<p>Se exponen tambi\u00e9n un reconocimiento a los alumni que, gracias a su dedicaci\u00f3n, han logrado adaptarse al campo laboral dentro de la UArtes y otros espacios, anot\u00f3 Susan Romero. Como detalle, en esta secci\u00f3n est\u00e1n dos postales desprendibles de im\u00e1genes de la universidad.<\/p>\n\n\n\n<p>La tercera secci\u00f3n del libro, a\u00f1adi\u00f3, corresponde a \u201cLas artes producen conocimiento\u201d, la cual busca explorar la investigaci\u00f3n y producci\u00f3n de art\u00edculos como v\u00eda de divulgaci\u00f3n de conocimiento. Se subdivide en varios temas, entre otros: Instituto Latinoamericano de Investigaci\u00f3n en Artes con su Observatorio, UArtes Ediciones, Radio UArtes y m\u00e1s historias, como los testimonios de Sandra Zamora, una odont\u00f3loga de 62 a\u00f1os que nos cuenta qu\u00e9 la anim\u00f3 a estudiar artes; de Jefferson Onofre, alumnus que relata que su discapacidad auditiva no fue impedimento para estudiar artes; del docente Benjam\u00edn Cort\u00e9s, venido de M\u00e9xico; de la tambi\u00e9n docente \u00c1ngela Arboleda, quien se calz\u00f3 en los zapatos de estudiante para cursar una carrera de pregrado y una maestr\u00eda; y de Eduardo Mite, compa\u00f1ero conductor y sus muchos oficios como experiencia laboral.<\/p>\n\n\n\n<h3 class=\"wp-block-heading\">Vinculaci\u00f3n con la Sociedad y Acci\u00f3n Universitaria<\/h3>\n\n\n\n<p>La cuarta secci\u00f3n, dijo Romero, es de Vinculaci\u00f3n con la Sociedad, con las voces de Mar\u00eda Jos\u00e9 Icaza, su directora, quien expone el trabajo en territorio; la experiencia de las Pr\u00e1cticas Pre-Profesionales (PPP) contada por Janina Su\u00e1rez; el trabajo realizado por Educaci\u00f3n Continua; y las alianzas que articulan lo local con lo global, en el \u00e1mbito de la Direcci\u00f3n de Relaciones Internacionales de la UArtes.<\/p>\n\n\n\n<p>Presente tambi\u00e9n en \u201c10 a\u00f1os produciendo conocimiento en artes\u201d est\u00e1 la Acci\u00f3n Universitaria, como quinta secci\u00f3n, \u201ccon las distintas formas de participaci\u00f3n de los estamentos universitarios, la importancia del cogobierno con los representantes estudiantiles, acad\u00e9micos y servidores ante el \u00d3rgano Colegiado Superior (OCS), as\u00ed como los Consejos Directivos de Escuelas (CDE) y el Tribunal Electoral (TE)\u201d.<\/p>\n\n\n\n<p>En \u201cHuellas de la pandemia\u201d hablamos de c\u00f3mo la universidad atraves\u00f3 el COVID-19 y se prepar\u00f3 para la transici\u00f3n paulatina a la presencialidad. Al final se encuentra un compendio de fotos de todo el personal administrativo, docente, alumni, equipo de seguridad y limpieza. Todos los que integramos la comunidad UArtes.<\/p>\n\n\n\n<p>La directora de la Dircom UArtes concluy\u00f3 agradeciendo a quienes contribuyeron con la publicaci\u00f3n, al equipo editorial conformado por los estudiantes en PPP de la Escuela de Literatura Michael Medina, Melina Soriano, Neysser Barber\u00e1n, Eleinn Rivera y Andrea Berm\u00fadez; a las redactoras de apoyo Daniella Vera y Kendra Lindao; y a la correctora de estilo de la universidad Daniella Zevallos.<\/p>\n\n\n<div class=\"wp-block-image\">\n<figure class=\"aligncenter size-large\"><img decoding=\"async\" width=\"644\" height=\"429\" src=\"https:\/\/www.uartes.edu.ec\/sitio\/wp-content\/uploads\/2024\/05\/COMUNICACION-644x429.jpg\" alt=\"\" class=\"wp-image-53494\" srcset=\"https:\/\/www.uartes.edu.ec\/sitio\/wp-content\/uploads\/2024\/05\/COMUNICACION-644x429.jpg 644w, https:\/\/www.uartes.edu.ec\/sitio\/wp-content\/uploads\/2024\/05\/COMUNICACION-768x511.jpg 768w, https:\/\/www.uartes.edu.ec\/sitio\/wp-content\/uploads\/2024\/05\/COMUNICACION.jpg 2000w, https:\/\/www.uartes.edu.ec\/sitio\/wp-content\/uploads\/2024\/05\/COMUNICACION-18x12.jpg 18w, https:\/\/www.uartes.edu.ec\/sitio\/wp-content\/uploads\/2024\/05\/COMUNICACION-600x399.jpg 600w, https:\/\/www.uartes.edu.ec\/sitio\/wp-content\/uploads\/2024\/05\/COMUNICACION-272x182.jpg 272w\" sizes=\"(max-width: 644px) 100vw, 644px\" \/><\/figure>\n<\/div>\n\n\n<h3 class=\"wp-block-heading\">El equipo de la Dircom<\/h3>\n\n\n\n<p>Mencion\u00f3 al equipo de la Dircom, integrado por Roc\u00edo Mart\u00ednez, generadora de contenidos para redes; Dami\u00e1n Rosero, m\u00fasico y alumnus a cargo de los procesos; y Ernesto Monserratte, web master. \u201cExtiendo mi m\u00e1s sincero agradecimiento a tres personas que entregaron largas jornadas de trabajo y fines de semana enteros para esta revista salga: la periodista y editora Carmen Cortez, al fot\u00f3grafo y poeta Tyrone Maridue\u00f1a y al dise\u00f1ador gr\u00e1fico Javier Sol\u00eds. Hemos tenido el honor de ser facilitadores para que esta publicaci\u00f3n permanezca como parte de la historia de los primeros 10 a\u00f1os de la UArtes\u201d.<\/p>","protected":false},"excerpt":{"rendered":"<p>En la ceremonia por los cinco a\u00f1os de la Biblioteca de las Artes, celebrada el 26 de abril en el tercer piso de su patrimonial edificio, la Direcci\u00f3n de Comunicaci\u00f3n (Dircom) de la UArtes present\u00f3 la revista \u201c10 a\u00f1os produciendo conocimiento en artes\u201d. En su discurso, la directora de la Dircom, Susan Romero, habl\u00f3 del contenido de la publicaci\u00f3n con la que se celebra la primera d\u00e9cada de la Universidad de las Artes.<\/p>","protected":false},"author":10,"featured_media":53482,"comment_status":"open","ping_status":"open","sticky":false,"template":"","format":"standard","meta":{"_acf_changed":false,"_uag_custom_page_level_css":"","_monsterinsights_skip_tracking":false,"_monsterinsights_sitenote_active":false,"_monsterinsights_sitenote_note":"","_monsterinsights_sitenote_category":0,"cybocfi_hide_featured_image":"","footnotes":""},"categories":[80,438,490,159,150,157,147,75,76,77,175],"tags":[872],"infouartes":[],"class_list":["post-53481","post","type-post","status-publish","format-standard","has-post-thumbnail","hentry","category-academico","category-administrativos","category-alumni","category-artes-escenicas","category-artes-sonoras","category-artes-visuales","category-cine","category-docentes","category-estudiantes","category-gestion","category-literatura","tag-aniversario"],"acf":[],"yoast_head":"<!-- This site is optimized with the Yoast SEO plugin v27.4 - https:\/\/yoast.com\/product\/yoast-seo-wordpress\/ -->\n<title>Universidad de las Artes - Dircom present\u00f3 \u201c10 a\u00f1os produciendo conocimiento en artes\u201d, revista que se edit\u00f3 por el X aniversario de la UArtes<\/title>\n<meta name=\"description\" content=\"Universidad de las Artes - Dircom present\u00f3 \u201c10 a\u00f1os produciendo conocimiento en artes\u201d, revista que se edit\u00f3 por el X aniversario de la UArtes\" \/>\n<meta name=\"robots\" content=\"index, follow, max-snippet:-1, max-image-preview:large, max-video-preview:-1\" \/>\n<link rel=\"canonical\" href=\"https:\/\/www.uartes.edu.ec\/sitio\/fr\/blog\/2024\/05\/01\/dircom-uartes-presento-publicacion-aniversaria-10-anos-produciendo-conocimiento-en-artes\/\" \/>\n<meta property=\"og:locale\" content=\"fr_FR\" \/>\n<meta property=\"og:type\" content=\"article\" \/>\n<meta property=\"og:title\" content=\"Universidad de las Artes - Dircom present\u00f3 \u201c10 a\u00f1os produciendo conocimiento en artes\u201d, revista que se edit\u00f3 por el X aniversario de la UArtes\" \/>\n<meta property=\"og:description\" content=\"Universidad de las Artes - Dircom present\u00f3 \u201c10 a\u00f1os produciendo conocimiento en artes\u201d, revista que se edit\u00f3 por el X aniversario de la UArtes\" \/>\n<meta property=\"og:url\" content=\"https:\/\/www.uartes.edu.ec\/sitio\/fr\/blog\/2024\/05\/01\/dircom-uartes-presento-publicacion-aniversaria-10-anos-produciendo-conocimiento-en-artes\/\" \/>\n<meta property=\"og:site_name\" content=\"Universidad de las Artes\" \/>\n<meta property=\"article:publisher\" content=\"https:\/\/www.facebook.com\/uartesec\" \/>\n<meta property=\"article:published_time\" content=\"2024-05-01T23:42:00+00:00\" \/>\n<meta property=\"article:modified_time\" content=\"2024-07-04T16:19:02+00:00\" \/>\n<meta property=\"og:image\" content=\"https:\/\/www.uartes.edu.ec\/sitio\/wp-content\/uploads\/2024\/05\/15-REVISTA-UARTES.jpg\" \/>\n\t<meta property=\"og:image:width\" content=\"2000\" \/>\n\t<meta property=\"og:image:height\" content=\"1333\" \/>\n\t<meta property=\"og:image:type\" content=\"image\/jpeg\" \/>\n<meta name=\"author\" content=\"ccortez\" \/>\n<meta name=\"twitter:card\" content=\"summary_large_image\" \/>\n<meta name=\"twitter:creator\" content=\"@uartesec\" \/>\n<meta name=\"twitter:site\" content=\"@uartesec\" \/>\n<meta name=\"twitter:label1\" content=\"\u00c9crit par\" \/>\n\t<meta name=\"twitter:data1\" content=\"ccortez\" \/>\n\t<meta name=\"twitter:label2\" content=\"Dur\u00e9e de lecture estim\u00e9e\" \/>\n\t<meta name=\"twitter:data2\" content=\"7 minutes\" \/>\n<script type=\"application\/ld+json\" class=\"yoast-schema-graph\">{\"@context\":\"https:\\\/\\\/schema.org\",\"@graph\":[{\"@type\":\"Article\",\"@id\":\"https:\\\/\\\/www.uartes.edu.ec\\\/sitio\\\/fr\\\/blog\\\/2024\\\/05\\\/01\\\/dircom-uartes-presento-publicacion-aniversaria-10-anos-produciendo-conocimiento-en-artes\\\/#article\",\"isPartOf\":{\"@id\":\"https:\\\/\\\/www.uartes.edu.ec\\\/sitio\\\/fr\\\/blog\\\/2024\\\/05\\\/01\\\/dircom-uartes-presento-publicacion-aniversaria-10-anos-produciendo-conocimiento-en-artes\\\/\"},\"author\":{\"name\":\"ccortez\",\"@id\":\"https:\\\/\\\/www.uartes.edu.ec\\\/sitio\\\/fr\\\/#\\\/schema\\\/person\\\/efa1b8275797664fd7f13a79ccc0b1f4\"},\"headline\":\"Dircom present\u00f3 \u201c10 a\u00f1os produciendo conocimiento en artes\u201d, revista que se edit\u00f3 por el X aniversario de la UArtes\",\"datePublished\":\"2024-05-01T23:42:00+00:00\",\"dateModified\":\"2024-07-04T16:19:02+00:00\",\"mainEntityOfPage\":{\"@id\":\"https:\\\/\\\/www.uartes.edu.ec\\\/sitio\\\/fr\\\/blog\\\/2024\\\/05\\\/01\\\/dircom-uartes-presento-publicacion-aniversaria-10-anos-produciendo-conocimiento-en-artes\\\/\"},\"wordCount\":1277,\"commentCount\":0,\"publisher\":{\"@id\":\"https:\\\/\\\/www.uartes.edu.ec\\\/sitio\\\/fr\\\/#organization\"},\"image\":{\"@id\":\"https:\\\/\\\/www.uartes.edu.ec\\\/sitio\\\/fr\\\/blog\\\/2024\\\/05\\\/01\\\/dircom-uartes-presento-publicacion-aniversaria-10-anos-produciendo-conocimiento-en-artes\\\/#primaryimage\"},\"thumbnailUrl\":\"https:\\\/\\\/www.uartes.edu.ec\\\/sitio\\\/wp-content\\\/uploads\\\/2024\\\/05\\\/15-REVISTA-UARTES.jpg\",\"keywords\":[\"aniversario\"],\"articleSection\":[\"Acad\u00e9mico\",\"Administrativos\",\"Alumni\",\"Artes Esc\u00e9nicas\",\"Artes Sonoras\",\"Artes Visuales\",\"Cine\",\"Docentes\",\"Estudiantes\",\"Gesti\u00f3n\",\"Literatura\"],\"inLanguage\":\"fr-FR\",\"potentialAction\":[{\"@type\":\"CommentAction\",\"name\":\"Comment\",\"target\":[\"https:\\\/\\\/www.uartes.edu.ec\\\/sitio\\\/fr\\\/blog\\\/2024\\\/05\\\/01\\\/dircom-uartes-presento-publicacion-aniversaria-10-anos-produciendo-conocimiento-en-artes\\\/#respond\"]}]},{\"@type\":[\"WebPage\",\"ItemPage\"],\"@id\":\"https:\\\/\\\/www.uartes.edu.ec\\\/sitio\\\/fr\\\/blog\\\/2024\\\/05\\\/01\\\/dircom-uartes-presento-publicacion-aniversaria-10-anos-produciendo-conocimiento-en-artes\\\/\",\"url\":\"https:\\\/\\\/www.uartes.edu.ec\\\/sitio\\\/fr\\\/blog\\\/2024\\\/05\\\/01\\\/dircom-uartes-presento-publicacion-aniversaria-10-anos-produciendo-conocimiento-en-artes\\\/\",\"name\":\"Universidad de las Artes - Dircom present\u00f3 \u201c10 a\u00f1os produciendo conocimiento en artes\u201d, revista que se edit\u00f3 por el X aniversario de la UArtes\",\"isPartOf\":{\"@id\":\"https:\\\/\\\/www.uartes.edu.ec\\\/sitio\\\/fr\\\/#website\"},\"primaryImageOfPage\":{\"@id\":\"https:\\\/\\\/www.uartes.edu.ec\\\/sitio\\\/fr\\\/blog\\\/2024\\\/05\\\/01\\\/dircom-uartes-presento-publicacion-aniversaria-10-anos-produciendo-conocimiento-en-artes\\\/#primaryimage\"},\"image\":{\"@id\":\"https:\\\/\\\/www.uartes.edu.ec\\\/sitio\\\/fr\\\/blog\\\/2024\\\/05\\\/01\\\/dircom-uartes-presento-publicacion-aniversaria-10-anos-produciendo-conocimiento-en-artes\\\/#primaryimage\"},\"thumbnailUrl\":\"https:\\\/\\\/www.uartes.edu.ec\\\/sitio\\\/wp-content\\\/uploads\\\/2024\\\/05\\\/15-REVISTA-UARTES.jpg\",\"datePublished\":\"2024-05-01T23:42:00+00:00\",\"dateModified\":\"2024-07-04T16:19:02+00:00\",\"description\":\"Universidad de las Artes - Dircom present\u00f3 \u201c10 a\u00f1os produciendo conocimiento en artes\u201d, revista que se edit\u00f3 por el X aniversario de la UArtes\",\"breadcrumb\":{\"@id\":\"https:\\\/\\\/www.uartes.edu.ec\\\/sitio\\\/fr\\\/blog\\\/2024\\\/05\\\/01\\\/dircom-uartes-presento-publicacion-aniversaria-10-anos-produciendo-conocimiento-en-artes\\\/#breadcrumb\"},\"inLanguage\":\"fr-FR\",\"potentialAction\":[{\"@type\":\"ReadAction\",\"target\":[\"https:\\\/\\\/www.uartes.edu.ec\\\/sitio\\\/fr\\\/blog\\\/2024\\\/05\\\/01\\\/dircom-uartes-presento-publicacion-aniversaria-10-anos-produciendo-conocimiento-en-artes\\\/\"]}]},{\"@type\":\"ImageObject\",\"inLanguage\":\"fr-FR\",\"@id\":\"https:\\\/\\\/www.uartes.edu.ec\\\/sitio\\\/fr\\\/blog\\\/2024\\\/05\\\/01\\\/dircom-uartes-presento-publicacion-aniversaria-10-anos-produciendo-conocimiento-en-artes\\\/#primaryimage\",\"url\":\"https:\\\/\\\/www.uartes.edu.ec\\\/sitio\\\/wp-content\\\/uploads\\\/2024\\\/05\\\/15-REVISTA-UARTES.jpg\",\"contentUrl\":\"https:\\\/\\\/www.uartes.edu.ec\\\/sitio\\\/wp-content\\\/uploads\\\/2024\\\/05\\\/15-REVISTA-UARTES.jpg\",\"width\":2000,\"height\":1333},{\"@type\":\"BreadcrumbList\",\"@id\":\"https:\\\/\\\/www.uartes.edu.ec\\\/sitio\\\/fr\\\/blog\\\/2024\\\/05\\\/01\\\/dircom-uartes-presento-publicacion-aniversaria-10-anos-produciendo-conocimiento-en-artes\\\/#breadcrumb\",\"itemListElement\":[{\"@type\":\"ListItem\",\"position\":1,\"name\":\"Inicio\",\"item\":\"https:\\\/\\\/www.uartes.edu.ec\\\/sitio\\\/\"},{\"@type\":\"ListItem\",\"position\":2,\"name\":\"Dircom present\u00f3 \u201c10 a\u00f1os produciendo conocimiento en artes\u201d, revista que se edit\u00f3 por el X aniversario de la UArtes\"}]},{\"@type\":\"WebSite\",\"@id\":\"https:\\\/\\\/www.uartes.edu.ec\\\/sitio\\\/fr\\\/#website\",\"url\":\"https:\\\/\\\/www.uartes.edu.ec\\\/sitio\\\/fr\\\/\",\"name\":\"Universidad de las Artes\",\"description\":\"Sitio oficial de la Universidad Nacional de las Artes del Ecuador\",\"publisher\":{\"@id\":\"https:\\\/\\\/www.uartes.edu.ec\\\/sitio\\\/fr\\\/#organization\"},\"potentialAction\":[{\"@type\":\"SearchAction\",\"target\":{\"@type\":\"EntryPoint\",\"urlTemplate\":\"https:\\\/\\\/www.uartes.edu.ec\\\/sitio\\\/fr\\\/?s={search_term_string}\"},\"query-input\":{\"@type\":\"PropertyValueSpecification\",\"valueRequired\":true,\"valueName\":\"search_term_string\"}}],\"inLanguage\":\"fr-FR\"},{\"@type\":\"Organization\",\"@id\":\"https:\\\/\\\/www.uartes.edu.ec\\\/sitio\\\/fr\\\/#organization\",\"name\":\"Universidad de las Artes\",\"url\":\"https:\\\/\\\/www.uartes.edu.ec\\\/sitio\\\/fr\\\/\",\"logo\":{\"@type\":\"ImageObject\",\"inLanguage\":\"fr-FR\",\"@id\":\"https:\\\/\\\/www.uartes.edu.ec\\\/sitio\\\/fr\\\/#\\\/schema\\\/logo\\\/image\\\/\",\"url\":\"https:\\\/\\\/www.uartes.edu.ec\\\/sitio\\\/wp-content\\\/uploads\\\/2022\\\/07\\\/logo-ua-horizontal.png\",\"contentUrl\":\"https:\\\/\\\/www.uartes.edu.ec\\\/sitio\\\/wp-content\\\/uploads\\\/2022\\\/07\\\/logo-ua-horizontal.png\",\"width\":800,\"height\":276,\"caption\":\"Universidad de las Artes\"},\"image\":{\"@id\":\"https:\\\/\\\/www.uartes.edu.ec\\\/sitio\\\/fr\\\/#\\\/schema\\\/logo\\\/image\\\/\"},\"sameAs\":[\"https:\\\/\\\/www.facebook.com\\\/uartesec\",\"https:\\\/\\\/x.com\\\/uartesec\",\"https:\\\/\\\/www.tiktok.com\\\/@uartesec\"]},{\"@type\":\"Person\",\"@id\":\"https:\\\/\\\/www.uartes.edu.ec\\\/sitio\\\/fr\\\/#\\\/schema\\\/person\\\/efa1b8275797664fd7f13a79ccc0b1f4\",\"name\":\"ccortez\",\"image\":{\"@type\":\"ImageObject\",\"inLanguage\":\"fr-FR\",\"@id\":\"https:\\\/\\\/secure.gravatar.com\\\/avatar\\\/b2a6f664a3ae8e074346ef91775736c5ec479e637ecced6842de9dc98b5da9cd?s=96&d=mm&r=g\",\"url\":\"https:\\\/\\\/secure.gravatar.com\\\/avatar\\\/b2a6f664a3ae8e074346ef91775736c5ec479e637ecced6842de9dc98b5da9cd?s=96&d=mm&r=g\",\"contentUrl\":\"https:\\\/\\\/secure.gravatar.com\\\/avatar\\\/b2a6f664a3ae8e074346ef91775736c5ec479e637ecced6842de9dc98b5da9cd?s=96&d=mm&r=g\",\"caption\":\"ccortez\"},\"url\":\"https:\\\/\\\/www.uartes.edu.ec\\\/sitio\\\/fr\\\/blog\\\/author\\\/ccortez\\\/\"}]}<\/script>\n<!-- \/ Yoast SEO plugin. -->","yoast_head_json":{"title":"Universidad de las Artes - Dircom present\u00f3 \u201c10 a\u00f1os produciendo conocimiento en artes\u201d, revista que se edit\u00f3 por el X aniversario de la UArtes","description":"Universidad de las Artes - Dircom present\u00f3 \u201c10 a\u00f1os produciendo conocimiento en artes\u201d, revista que se edit\u00f3 por el X aniversario de la UArtes","robots":{"index":"index","follow":"follow","max-snippet":"max-snippet:-1","max-image-preview":"max-image-preview:large","max-video-preview":"max-video-preview:-1"},"canonical":"https:\/\/www.uartes.edu.ec\/sitio\/fr\/blog\/2024\/05\/01\/dircom-uartes-presento-publicacion-aniversaria-10-anos-produciendo-conocimiento-en-artes\/","og_locale":"fr_FR","og_type":"article","og_title":"Universidad de las Artes - Dircom present\u00f3 \u201c10 a\u00f1os produciendo conocimiento en artes\u201d, revista que se edit\u00f3 por el X aniversario de la UArtes","og_description":"Universidad de las Artes - Dircom present\u00f3 \u201c10 a\u00f1os produciendo conocimiento en artes\u201d, revista que se edit\u00f3 por el X aniversario de la UArtes","og_url":"https:\/\/www.uartes.edu.ec\/sitio\/fr\/blog\/2024\/05\/01\/dircom-uartes-presento-publicacion-aniversaria-10-anos-produciendo-conocimiento-en-artes\/","og_site_name":"Universidad de las Artes","article_publisher":"https:\/\/www.facebook.com\/uartesec","article_published_time":"2024-05-01T23:42:00+00:00","article_modified_time":"2024-07-04T16:19:02+00:00","og_image":[{"width":2000,"height":1333,"url":"https:\/\/www.uartes.edu.ec\/sitio\/wp-content\/uploads\/2024\/05\/15-REVISTA-UARTES.jpg","type":"image\/jpeg"}],"author":"ccortez","twitter_card":"summary_large_image","twitter_creator":"@uartesec","twitter_site":"@uartesec","twitter_misc":{"\u00c9crit par":"ccortez","Dur\u00e9e de lecture estim\u00e9e":"7 minutes"},"schema":{"@context":"https:\/\/schema.org","@graph":[{"@type":"Article","@id":"https:\/\/www.uartes.edu.ec\/sitio\/fr\/blog\/2024\/05\/01\/dircom-uartes-presento-publicacion-aniversaria-10-anos-produciendo-conocimiento-en-artes\/#article","isPartOf":{"@id":"https:\/\/www.uartes.edu.ec\/sitio\/fr\/blog\/2024\/05\/01\/dircom-uartes-presento-publicacion-aniversaria-10-anos-produciendo-conocimiento-en-artes\/"},"author":{"name":"ccortez","@id":"https:\/\/www.uartes.edu.ec\/sitio\/fr\/#\/schema\/person\/efa1b8275797664fd7f13a79ccc0b1f4"},"headline":"Dircom present\u00f3 \u201c10 a\u00f1os produciendo conocimiento en artes\u201d, revista que se edit\u00f3 por el X aniversario de la UArtes","datePublished":"2024-05-01T23:42:00+00:00","dateModified":"2024-07-04T16:19:02+00:00","mainEntityOfPage":{"@id":"https:\/\/www.uartes.edu.ec\/sitio\/fr\/blog\/2024\/05\/01\/dircom-uartes-presento-publicacion-aniversaria-10-anos-produciendo-conocimiento-en-artes\/"},"wordCount":1277,"commentCount":0,"publisher":{"@id":"https:\/\/www.uartes.edu.ec\/sitio\/fr\/#organization"},"image":{"@id":"https:\/\/www.uartes.edu.ec\/sitio\/fr\/blog\/2024\/05\/01\/dircom-uartes-presento-publicacion-aniversaria-10-anos-produciendo-conocimiento-en-artes\/#primaryimage"},"thumbnailUrl":"https:\/\/www.uartes.edu.ec\/sitio\/wp-content\/uploads\/2024\/05\/15-REVISTA-UARTES.jpg","keywords":["aniversario"],"articleSection":["Acad\u00e9mico","Administrativos","Alumni","Artes Esc\u00e9nicas","Artes Sonoras","Artes Visuales","Cine","Docentes","Estudiantes","Gesti\u00f3n","Literatura"],"inLanguage":"fr-FR","potentialAction":[{"@type":"CommentAction","name":"Comment","target":["https:\/\/www.uartes.edu.ec\/sitio\/fr\/blog\/2024\/05\/01\/dircom-uartes-presento-publicacion-aniversaria-10-anos-produciendo-conocimiento-en-artes\/#respond"]}]},{"@type":["WebPage","ItemPage"],"@id":"https:\/\/www.uartes.edu.ec\/sitio\/fr\/blog\/2024\/05\/01\/dircom-uartes-presento-publicacion-aniversaria-10-anos-produciendo-conocimiento-en-artes\/","url":"https:\/\/www.uartes.edu.ec\/sitio\/fr\/blog\/2024\/05\/01\/dircom-uartes-presento-publicacion-aniversaria-10-anos-produciendo-conocimiento-en-artes\/","name":"Universidad de las Artes - Dircom present\u00f3 \u201c10 a\u00f1os produciendo conocimiento en artes\u201d, revista que se edit\u00f3 por el X aniversario de la UArtes","isPartOf":{"@id":"https:\/\/www.uartes.edu.ec\/sitio\/fr\/#website"},"primaryImageOfPage":{"@id":"https:\/\/www.uartes.edu.ec\/sitio\/fr\/blog\/2024\/05\/01\/dircom-uartes-presento-publicacion-aniversaria-10-anos-produciendo-conocimiento-en-artes\/#primaryimage"},"image":{"@id":"https:\/\/www.uartes.edu.ec\/sitio\/fr\/blog\/2024\/05\/01\/dircom-uartes-presento-publicacion-aniversaria-10-anos-produciendo-conocimiento-en-artes\/#primaryimage"},"thumbnailUrl":"https:\/\/www.uartes.edu.ec\/sitio\/wp-content\/uploads\/2024\/05\/15-REVISTA-UARTES.jpg","datePublished":"2024-05-01T23:42:00+00:00","dateModified":"2024-07-04T16:19:02+00:00","description":"Universidad de las Artes - Dircom present\u00f3 \u201c10 a\u00f1os produciendo conocimiento en artes\u201d, revista que se edit\u00f3 por el X aniversario de la UArtes","breadcrumb":{"@id":"https:\/\/www.uartes.edu.ec\/sitio\/fr\/blog\/2024\/05\/01\/dircom-uartes-presento-publicacion-aniversaria-10-anos-produciendo-conocimiento-en-artes\/#breadcrumb"},"inLanguage":"fr-FR","potentialAction":[{"@type":"ReadAction","target":["https:\/\/www.uartes.edu.ec\/sitio\/fr\/blog\/2024\/05\/01\/dircom-uartes-presento-publicacion-aniversaria-10-anos-produciendo-conocimiento-en-artes\/"]}]},{"@type":"ImageObject","inLanguage":"fr-FR","@id":"https:\/\/www.uartes.edu.ec\/sitio\/fr\/blog\/2024\/05\/01\/dircom-uartes-presento-publicacion-aniversaria-10-anos-produciendo-conocimiento-en-artes\/#primaryimage","url":"https:\/\/www.uartes.edu.ec\/sitio\/wp-content\/uploads\/2024\/05\/15-REVISTA-UARTES.jpg","contentUrl":"https:\/\/www.uartes.edu.ec\/sitio\/wp-content\/uploads\/2024\/05\/15-REVISTA-UARTES.jpg","width":2000,"height":1333},{"@type":"BreadcrumbList","@id":"https:\/\/www.uartes.edu.ec\/sitio\/fr\/blog\/2024\/05\/01\/dircom-uartes-presento-publicacion-aniversaria-10-anos-produciendo-conocimiento-en-artes\/#breadcrumb","itemListElement":[{"@type":"ListItem","position":1,"name":"Inicio","item":"https:\/\/www.uartes.edu.ec\/sitio\/"},{"@type":"ListItem","position":2,"name":"Dircom present\u00f3 \u201c10 a\u00f1os produciendo conocimiento en artes\u201d, revista que se edit\u00f3 por el X aniversario de la UArtes"}]},{"@type":"WebSite","@id":"https:\/\/www.uartes.edu.ec\/sitio\/fr\/#website","url":"https:\/\/www.uartes.edu.ec\/sitio\/fr\/","name":"Universidad de las Artes","description":"Sitio oficial de la Universidad Nacional de las Artes del Ecuador","publisher":{"@id":"https:\/\/www.uartes.edu.ec\/sitio\/fr\/#organization"},"potentialAction":[{"@type":"SearchAction","target":{"@type":"EntryPoint","urlTemplate":"https:\/\/www.uartes.edu.ec\/sitio\/fr\/?s={search_term_string}"},"query-input":{"@type":"PropertyValueSpecification","valueRequired":true,"valueName":"search_term_string"}}],"inLanguage":"fr-FR"},{"@type":"Organization","@id":"https:\/\/www.uartes.edu.ec\/sitio\/fr\/#organization","name":"Universidad de las Artes","url":"https:\/\/www.uartes.edu.ec\/sitio\/fr\/","logo":{"@type":"ImageObject","inLanguage":"fr-FR","@id":"https:\/\/www.uartes.edu.ec\/sitio\/fr\/#\/schema\/logo\/image\/","url":"https:\/\/www.uartes.edu.ec\/sitio\/wp-content\/uploads\/2022\/07\/logo-ua-horizontal.png","contentUrl":"https:\/\/www.uartes.edu.ec\/sitio\/wp-content\/uploads\/2022\/07\/logo-ua-horizontal.png","width":800,"height":276,"caption":"Universidad de las Artes"},"image":{"@id":"https:\/\/www.uartes.edu.ec\/sitio\/fr\/#\/schema\/logo\/image\/"},"sameAs":["https:\/\/www.facebook.com\/uartesec","https:\/\/x.com\/uartesec","https:\/\/www.tiktok.com\/@uartesec"]},{"@type":"Person","@id":"https:\/\/www.uartes.edu.ec\/sitio\/fr\/#\/schema\/person\/efa1b8275797664fd7f13a79ccc0b1f4","name":"ccortez","image":{"@type":"ImageObject","inLanguage":"fr-FR","@id":"https:\/\/secure.gravatar.com\/avatar\/b2a6f664a3ae8e074346ef91775736c5ec479e637ecced6842de9dc98b5da9cd?s=96&d=mm&r=g","url":"https:\/\/secure.gravatar.com\/avatar\/b2a6f664a3ae8e074346ef91775736c5ec479e637ecced6842de9dc98b5da9cd?s=96&d=mm&r=g","contentUrl":"https:\/\/secure.gravatar.com\/avatar\/b2a6f664a3ae8e074346ef91775736c5ec479e637ecced6842de9dc98b5da9cd?s=96&d=mm&r=g","caption":"ccortez"},"url":"https:\/\/www.uartes.edu.ec\/sitio\/fr\/blog\/author\/ccortez\/"}]}},"uagb_featured_image_src":{"full":["https:\/\/www.uartes.edu.ec\/sitio\/wp-content\/uploads\/2024\/05\/15-REVISTA-UARTES.jpg",2000,1333,false],"thumbnail":["https:\/\/www.uartes.edu.ec\/sitio\/wp-content\/uploads\/2024\/05\/15-REVISTA-UARTES-150x150.jpg",150,150,true],"medium":["https:\/\/www.uartes.edu.ec\/sitio\/wp-content\/uploads\/2024\/05\/15-REVISTA-UARTES-300x200.jpg",300,200,true],"medium_large":["https:\/\/www.uartes.edu.ec\/sitio\/wp-content\/uploads\/2024\/05\/15-REVISTA-UARTES-768x512.jpg",768,512,true],"large":["https:\/\/www.uartes.edu.ec\/sitio\/wp-content\/uploads\/2024\/05\/15-REVISTA-UARTES-644x429.jpg",644,429,true],"1536x1536":["https:\/\/www.uartes.edu.ec\/sitio\/wp-content\/uploads\/2024\/05\/15-REVISTA-UARTES-1536x1024.jpg",1536,1024,true],"2048x2048":["https:\/\/www.uartes.edu.ec\/sitio\/wp-content\/uploads\/2024\/05\/15-REVISTA-UARTES.jpg",2000,1333,false],"trp-custom-language-flag":["https:\/\/www.uartes.edu.ec\/sitio\/wp-content\/uploads\/2024\/05\/15-REVISTA-UARTES-18x12.jpg",18,12,true],"htmega_size_585x295":["https:\/\/www.uartes.edu.ec\/sitio\/wp-content\/uploads\/2024\/05\/15-REVISTA-UARTES-585x295.jpg",585,295,true],"htmega_size_1170x536":["https:\/\/www.uartes.edu.ec\/sitio\/wp-content\/uploads\/2024\/05\/15-REVISTA-UARTES-1170x536.jpg",1170,536,true],"htmega_size_396x360":["https:\/\/www.uartes.edu.ec\/sitio\/wp-content\/uploads\/2024\/05\/15-REVISTA-UARTES-396x360.jpg",396,360,true],"gb-block-post-grid-landscape":["https:\/\/www.uartes.edu.ec\/sitio\/wp-content\/uploads\/2024\/05\/15-REVISTA-UARTES-600x400.jpg",600,400,true],"gb-block-post-grid-square":["https:\/\/www.uartes.edu.ec\/sitio\/wp-content\/uploads\/2024\/05\/15-REVISTA-UARTES-600x600.jpg",600,600,true],"university-hub-thumb":["https:\/\/www.uartes.edu.ec\/sitio\/wp-content\/uploads\/2024\/05\/15-REVISTA-UARTES-400x267.jpg",400,267,true],"mailpoet_newsletter_max":["https:\/\/www.uartes.edu.ec\/sitio\/wp-content\/uploads\/2024\/05\/15-REVISTA-UARTES.jpg",1320,880,false]},"uagb_author_info":{"display_name":"ccortez","author_link":"https:\/\/www.uartes.edu.ec\/sitio\/fr\/blog\/author\/ccortez\/"},"uagb_comment_info":0,"uagb_excerpt":"En la ceremonia por los cinco a\u00f1os de la Biblioteca de las Artes, celebrada el 26 de abril en el tercer piso de su patrimonial edificio, la Direcci\u00f3n de Comunicaci\u00f3n (Dircom) de la UArtes present\u00f3 la revista \u201c10 a\u00f1os produciendo conocimiento en artes\u201d. En su discurso, la directora de la Dircom, Susan Romero, habl\u00f3 del\u2026","featured_image_src":"https:\/\/www.uartes.edu.ec\/sitio\/wp-content\/uploads\/2024\/05\/15-REVISTA-UARTES-600x400.jpg","featured_image_src_square":"https:\/\/www.uartes.edu.ec\/sitio\/wp-content\/uploads\/2024\/05\/15-REVISTA-UARTES-600x600.jpg","author_info":{"display_name":"ccortez","author_link":"https:\/\/www.uartes.edu.ec\/sitio\/fr\/blog\/author\/ccortez\/"},"publishpress_future_workflow_manual_trigger":{"enabledWorkflows":[]},"distributor_meta":false,"distributor_terms":false,"distributor_media":false,"distributor_original_site_name":"Universidad de las Artes","distributor_original_site_url":"https:\/\/www.uartes.edu.ec\/sitio\/fr","push-errors":false,"_links":{"self":[{"href":"https:\/\/www.uartes.edu.ec\/sitio\/fr\/wp-json\/wp\/v2\/posts\/53481","targetHints":{"allow":["GET"]}}],"collection":[{"href":"https:\/\/www.uartes.edu.ec\/sitio\/fr\/wp-json\/wp\/v2\/posts"}],"about":[{"href":"https:\/\/www.uartes.edu.ec\/sitio\/fr\/wp-json\/wp\/v2\/types\/post"}],"author":[{"embeddable":true,"href":"https:\/\/www.uartes.edu.ec\/sitio\/fr\/wp-json\/wp\/v2\/users\/10"}],"replies":[{"embeddable":true,"href":"https:\/\/www.uartes.edu.ec\/sitio\/fr\/wp-json\/wp\/v2\/comments?post=53481"}],"version-history":[{"count":18,"href":"https:\/\/www.uartes.edu.ec\/sitio\/fr\/wp-json\/wp\/v2\/posts\/53481\/revisions"}],"predecessor-version":[{"id":53538,"href":"https:\/\/www.uartes.edu.ec\/sitio\/fr\/wp-json\/wp\/v2\/posts\/53481\/revisions\/53538"}],"wp:featuredmedia":[{"embeddable":true,"href":"https:\/\/www.uartes.edu.ec\/sitio\/fr\/wp-json\/wp\/v2\/media\/53482"}],"wp:attachment":[{"href":"https:\/\/www.uartes.edu.ec\/sitio\/fr\/wp-json\/wp\/v2\/media?parent=53481"}],"wp:term":[{"taxonomy":"category","embeddable":true,"href":"https:\/\/www.uartes.edu.ec\/sitio\/fr\/wp-json\/wp\/v2\/categories?post=53481"},{"taxonomy":"post_tag","embeddable":true,"href":"https:\/\/www.uartes.edu.ec\/sitio\/fr\/wp-json\/wp\/v2\/tags?post=53481"},{"taxonomy":"infouartes","embeddable":true,"href":"https:\/\/www.uartes.edu.ec\/sitio\/fr\/wp-json\/wp\/v2\/infouartes?post=53481"}],"curies":[{"name":"wp","href":"https:\/\/api.w.org\/{rel}","templated":true}]}}