{"id":54001,"date":"2024-05-16T16:55:00","date_gmt":"2024-05-16T21:55:00","guid":{"rendered":"https:\/\/www.uartes.edu.ec\/sitio\/?p=54001"},"modified":"2024-07-04T11:18:58","modified_gmt":"2024-07-04T16:18:58","slug":"sesion-escucha-y-conversatorio-para-conocer-los-procesos-creativos-de-pensamiento-manglar-muestra-virtual-transdisciplinaria","status":"publish","type":"post","link":"https:\/\/www.uartes.edu.ec\/sitio\/fr\/blog\/2024\/05\/16\/sesion-escucha-y-conversatorio-para-conocer-los-procesos-creativos-de-pensamiento-manglar-muestra-virtual-transdisciplinaria\/","title":{"rendered":"Sesi\u00f3n escucha para conocer procesos creativos de \u201cPensamiento Manglar\u201d"},"content":{"rendered":"<p>De la creaci\u00f3n transdisciplinaria y colaboraci\u00f3n entre la producci\u00f3n musical y las artes visuales habl\u00f3 la artista Roc\u00edo Soria D\u00edaz, graduada de pregrado y posgrado UArtes, en la sesi\u00f3n escucha y visita guiada de su muestra virtual \u201cPensamiento Manglar\u201d; tuvo lugar en la Galer\u00eda 4ta Pared de la Biblioteca de las Artes este 15 de mayo y tambi\u00e9n particip\u00f3 Gustavo Blacio, estudiante de la Escuela de Artes Sonoras, quien realiz\u00f3 el soundtrack de la obra.<\/p>\n\n\n\n<p>La actividad, que propici\u00f3 un conversatorio, fue parte del proceso de promoci\u00f3n de la maestr\u00eda en Artes Visuales y Nuevos Medios que curs\u00f3 y titul\u00f3 Soria D\u00edaz. En su desarrollo, la mag\u00edster hizo un recorrido a la metagaler\u00eda y comparti\u00f3 con la audiencia \u2013en su mayor\u00eda estudiantes\u2013 los procesos creativos del proyecto y la etapa de acompa\u00f1amiento con Paulina Le\u00f3n Crespo, docente del programa de posgrado UArtes y directora de Arte Actual Flacso, para la creaci\u00f3n de la metagaleria producida por C\u00f3mo ser fot\u00f3grafa (CSF) en New Art City durante tres meses consecutivos.<\/p>\n\n\n\n<p>El laboratorio de arte digital y nuevas tecnolog\u00edas CSF es una iniciativa de Marta Soul (artista visual y comisaria) que naci\u00f3 en 2020 para promover el&nbsp;papel de las mujeres en la creaci\u00f3n art\u00edstica y la fotograf\u00eda contempor\u00e1nea.<\/p>\n\n\n<div class=\"wp-block-image\">\n<figure class=\"aligncenter size-large\"><img fetchpriority=\"high\" decoding=\"async\" width=\"644\" height=\"429\" src=\"https:\/\/www.uartes.edu.ec\/sitio\/wp-content\/uploads\/2024\/05\/03-SESION-ESCUCHA-VISITA-GUIADA-PENSAMIENTO-MANGLAR-644x429.jpg\" alt=\"\" class=\"wp-image-54109\" srcset=\"https:\/\/www.uartes.edu.ec\/sitio\/wp-content\/uploads\/2024\/05\/03-SESION-ESCUCHA-VISITA-GUIADA-PENSAMIENTO-MANGLAR-644x429.jpg 644w, https:\/\/www.uartes.edu.ec\/sitio\/wp-content\/uploads\/2024\/05\/03-SESION-ESCUCHA-VISITA-GUIADA-PENSAMIENTO-MANGLAR-768x511.jpg 768w, https:\/\/www.uartes.edu.ec\/sitio\/wp-content\/uploads\/2024\/05\/03-SESION-ESCUCHA-VISITA-GUIADA-PENSAMIENTO-MANGLAR.jpg 2000w, https:\/\/www.uartes.edu.ec\/sitio\/wp-content\/uploads\/2024\/05\/03-SESION-ESCUCHA-VISITA-GUIADA-PENSAMIENTO-MANGLAR-18x12.jpg 18w, https:\/\/www.uartes.edu.ec\/sitio\/wp-content\/uploads\/2024\/05\/03-SESION-ESCUCHA-VISITA-GUIADA-PENSAMIENTO-MANGLAR-600x399.jpg 600w, https:\/\/www.uartes.edu.ec\/sitio\/wp-content\/uploads\/2024\/05\/03-SESION-ESCUCHA-VISITA-GUIADA-PENSAMIENTO-MANGLAR-272x182.jpg 272w\" sizes=\"(max-width: 644px) 100vw, 644px\" \/><\/figure>\n<\/div>\n\n\n<p>En \u201cPensamiento Manglar\u201d, Soria D\u00edaz explora la intersecci\u00f3n entre el cuerpo, el territorio, la tecnodiversidad y una neo-mitolog\u00eda, creando un di\u00e1logo especulativo sobre la coexistencia y la interdependencia. La artista obtuvo en la UArtes la licenciatura en Artes Visuales y la maestr\u00eda en Artes Visuales y Nuevos Medios.<\/p>\n\n\n\n<p>Comisariada por Le\u00f3n Crespo, con la coordinaci\u00f3n y el montaje de Susana de Dios y la m\u00fasica de Blacio, la muestra \u201cPensamiento Manglar\u201d se sumerge en el bioma \u00fanico del manglar, un ecosistema que Soria D\u00edaz utiliza no solo como punto de referencia geogr\u00e1fico, sino como epicentro de una reflexi\u00f3n ecofeminista profunda.<\/p>\n\n\n\n<p>La exposici\u00f3n se articula en torno a tres figuras-concepto clave: la \u201cbruja del manglar\u201d, el \u201crizoma caliente\u201d y el \u201ccompostaje tropical\u201d. Estas figuras representan, respectivamente, la fusi\u00f3n de lo m\u00edstico y lo cibern\u00e9tico, una red de conexiones afectivas y sostenibles, y un proceso de hibridaci\u00f3n y reconfiguraci\u00f3n entre lo org\u00e1nico y lo inorg\u00e1nico.<\/p>\n\n\n\n<p>Juntas, forman el \u201cpensamiento manglar\u201d que propone nuevas formas de empat\u00eda y colaboraci\u00f3n, fundamentales para la curaci\u00f3n de un mundo herido.<\/p>\n\n\n\n<p>Enlace de la plataforma virtual New Art City:&nbsp;<a href=\"https:\/\/newart.city\/show\/pensamientomanglar\">https:\/\/newart.city\/show\/pensamientomanglar<\/a><\/p>\n\n\n<div class=\"wp-block-image\">\n<figure class=\"aligncenter size-large\"><img decoding=\"async\" width=\"644\" height=\"429\" src=\"https:\/\/www.uartes.edu.ec\/sitio\/wp-content\/uploads\/2024\/05\/04-SESION-ESCUCHA-VISITA-GUIADA-PENSAMIENTO-MANGLAR-644x429.jpg\" alt=\"\" class=\"wp-image-54110\" srcset=\"https:\/\/www.uartes.edu.ec\/sitio\/wp-content\/uploads\/2024\/05\/04-SESION-ESCUCHA-VISITA-GUIADA-PENSAMIENTO-MANGLAR-644x429.jpg 644w, https:\/\/www.uartes.edu.ec\/sitio\/wp-content\/uploads\/2024\/05\/04-SESION-ESCUCHA-VISITA-GUIADA-PENSAMIENTO-MANGLAR-768x511.jpg 768w, https:\/\/www.uartes.edu.ec\/sitio\/wp-content\/uploads\/2024\/05\/04-SESION-ESCUCHA-VISITA-GUIADA-PENSAMIENTO-MANGLAR.jpg 2000w, https:\/\/www.uartes.edu.ec\/sitio\/wp-content\/uploads\/2024\/05\/04-SESION-ESCUCHA-VISITA-GUIADA-PENSAMIENTO-MANGLAR-18x12.jpg 18w, https:\/\/www.uartes.edu.ec\/sitio\/wp-content\/uploads\/2024\/05\/04-SESION-ESCUCHA-VISITA-GUIADA-PENSAMIENTO-MANGLAR-600x399.jpg 600w, https:\/\/www.uartes.edu.ec\/sitio\/wp-content\/uploads\/2024\/05\/04-SESION-ESCUCHA-VISITA-GUIADA-PENSAMIENTO-MANGLAR-272x182.jpg 272w\" sizes=\"(max-width: 644px) 100vw, 644px\" \/><\/figure>\n<\/div>\n\n\n<p>Fotograf\u00edas: Carla Santana y Micaela L\u00f3pez \u00b7 Comunicaci\u00f3n UArtes.<\/p>\n\n\n\n<p><\/p>","protected":false},"excerpt":{"rendered":"<p>De la creaci\u00f3n transdisciplinaria y colaboraci\u00f3n entre la producci\u00f3n musical y las artes visuales habl\u00f3 la artista Roc\u00edo Soria D\u00edaz en la sesi\u00f3n escucha de su muestra virtual \u201cPensamiento Manglar\u201d; tuvo lugar en la Galer\u00eda 4ta Pared de la Biblioteca de las Artes este 15 de mayo y tambi\u00e9n particip\u00f3 Gustavo Blacio, estudiante de Artes Sonoras que hizo el soundtrack de la obra. La actividad fue parte de la promoci\u00f3n de la maestr\u00eda en Artes Visuales y Nuevos Medios.<\/p>","protected":false},"author":10,"featured_media":54108,"comment_status":"open","ping_status":"open","sticky":false,"template":"","format":"standard","meta":{"_acf_changed":false,"_uag_custom_page_level_css":"","_monsterinsights_skip_tracking":false,"_monsterinsights_sitenote_active":false,"_monsterinsights_sitenote_note":"","_monsterinsights_sitenote_category":0,"cybocfi_hide_featured_image":"","footnotes":""},"categories":[80,490,82,157,75,76,284,264],"tags":[518],"infouartes":[],"class_list":["post-54001","post","type-post","status-publish","format-standard","has-post-thumbnail","hentry","category-academico","category-alumni","category-artes","category-artes-visuales","category-docentes","category-estudiantes","category-investigacion","category-maestrias","tag-produccion"],"acf":[],"yoast_head":"<!-- This site is optimized with the Yoast SEO plugin v27.4 - https:\/\/yoast.com\/product\/yoast-seo-wordpress\/ -->\n<title>Universidad de las Artes - Sesi\u00f3n escucha para conocer procesos creativos de \u201cPensamiento Manglar\u201d<\/title>\n<meta name=\"description\" content=\"Universidad de las Artes - Sesi\u00f3n escucha para conocer procesos creativos de \u201cPensamiento Manglar\u201d\" \/>\n<meta name=\"robots\" content=\"index, follow, max-snippet:-1, max-image-preview:large, max-video-preview:-1\" \/>\n<link rel=\"canonical\" href=\"https:\/\/www.uartes.edu.ec\/sitio\/fr\/blog\/2024\/05\/16\/sesion-escucha-y-conversatorio-para-conocer-los-procesos-creativos-de-pensamiento-manglar-muestra-virtual-transdisciplinaria\/\" \/>\n<meta property=\"og:locale\" content=\"fr_FR\" \/>\n<meta property=\"og:type\" content=\"article\" \/>\n<meta property=\"og:title\" content=\"Universidad de las Artes - Sesi\u00f3n escucha para conocer procesos creativos de \u201cPensamiento Manglar\u201d\" \/>\n<meta property=\"og:description\" content=\"Universidad de las Artes - Sesi\u00f3n escucha para conocer procesos creativos de \u201cPensamiento Manglar\u201d\" \/>\n<meta property=\"og:url\" content=\"https:\/\/www.uartes.edu.ec\/sitio\/fr\/blog\/2024\/05\/16\/sesion-escucha-y-conversatorio-para-conocer-los-procesos-creativos-de-pensamiento-manglar-muestra-virtual-transdisciplinaria\/\" \/>\n<meta property=\"og:site_name\" content=\"Universidad de las Artes\" \/>\n<meta property=\"article:publisher\" content=\"https:\/\/www.facebook.com\/uartesec\" \/>\n<meta property=\"article:published_time\" content=\"2024-05-16T21:55:00+00:00\" \/>\n<meta property=\"article:modified_time\" content=\"2024-07-04T16:18:58+00:00\" \/>\n<meta property=\"og:image\" content=\"https:\/\/www.uartes.edu.ec\/sitio\/wp-content\/uploads\/2024\/05\/01-SESION-ESCUCHA-VISITA-GUIADA-PENSAMIENTO-MANGLAR.jpg\" \/>\n\t<meta property=\"og:image:width\" content=\"2000\" \/>\n\t<meta property=\"og:image:height\" content=\"1333\" \/>\n\t<meta property=\"og:image:type\" content=\"image\/jpeg\" \/>\n<meta name=\"author\" content=\"ccortez\" \/>\n<meta name=\"twitter:card\" content=\"summary_large_image\" \/>\n<meta name=\"twitter:creator\" content=\"@uartesec\" \/>\n<meta name=\"twitter:site\" content=\"@uartesec\" \/>\n<meta name=\"twitter:label1\" content=\"\u00c9crit par\" \/>\n\t<meta name=\"twitter:data1\" content=\"ccortez\" \/>\n\t<meta name=\"twitter:label2\" content=\"Dur\u00e9e de lecture estim\u00e9e\" \/>\n\t<meta name=\"twitter:data2\" content=\"3 minutes\" \/>\n<script type=\"application\/ld+json\" class=\"yoast-schema-graph\">{\"@context\":\"https:\\\/\\\/schema.org\",\"@graph\":[{\"@type\":\"Article\",\"@id\":\"https:\\\/\\\/www.uartes.edu.ec\\\/sitio\\\/fr\\\/blog\\\/2024\\\/05\\\/16\\\/sesion-escucha-y-conversatorio-para-conocer-los-procesos-creativos-de-pensamiento-manglar-muestra-virtual-transdisciplinaria\\\/#article\",\"isPartOf\":{\"@id\":\"https:\\\/\\\/www.uartes.edu.ec\\\/sitio\\\/fr\\\/blog\\\/2024\\\/05\\\/16\\\/sesion-escucha-y-conversatorio-para-conocer-los-procesos-creativos-de-pensamiento-manglar-muestra-virtual-transdisciplinaria\\\/\"},\"author\":{\"name\":\"ccortez\",\"@id\":\"https:\\\/\\\/www.uartes.edu.ec\\\/sitio\\\/fr\\\/#\\\/schema\\\/person\\\/efa1b8275797664fd7f13a79ccc0b1f4\"},\"headline\":\"Sesi\u00f3n escucha para conocer procesos creativos de \u201cPensamiento Manglar\u201d\",\"datePublished\":\"2024-05-16T21:55:00+00:00\",\"dateModified\":\"2024-07-04T16:18:58+00:00\",\"mainEntityOfPage\":{\"@id\":\"https:\\\/\\\/www.uartes.edu.ec\\\/sitio\\\/fr\\\/blog\\\/2024\\\/05\\\/16\\\/sesion-escucha-y-conversatorio-para-conocer-los-procesos-creativos-de-pensamiento-manglar-muestra-virtual-transdisciplinaria\\\/\"},\"wordCount\":460,\"commentCount\":0,\"publisher\":{\"@id\":\"https:\\\/\\\/www.uartes.edu.ec\\\/sitio\\\/fr\\\/#organization\"},\"image\":{\"@id\":\"https:\\\/\\\/www.uartes.edu.ec\\\/sitio\\\/fr\\\/blog\\\/2024\\\/05\\\/16\\\/sesion-escucha-y-conversatorio-para-conocer-los-procesos-creativos-de-pensamiento-manglar-muestra-virtual-transdisciplinaria\\\/#primaryimage\"},\"thumbnailUrl\":\"https:\\\/\\\/www.uartes.edu.ec\\\/sitio\\\/wp-content\\\/uploads\\\/2024\\\/05\\\/01-SESION-ESCUCHA-VISITA-GUIADA-PENSAMIENTO-MANGLAR.jpg\",\"keywords\":[\"producci\u00f3n\"],\"articleSection\":[\"Acad\u00e9mico\",\"Alumni\",\"Artes\",\"Artes Visuales\",\"Docentes\",\"Estudiantes\",\"Investigaci\u00f3n\",\"Maestr\u00edas\"],\"inLanguage\":\"fr-FR\",\"potentialAction\":[{\"@type\":\"CommentAction\",\"name\":\"Comment\",\"target\":[\"https:\\\/\\\/www.uartes.edu.ec\\\/sitio\\\/fr\\\/blog\\\/2024\\\/05\\\/16\\\/sesion-escucha-y-conversatorio-para-conocer-los-procesos-creativos-de-pensamiento-manglar-muestra-virtual-transdisciplinaria\\\/#respond\"]}]},{\"@type\":[\"WebPage\",\"ItemPage\"],\"@id\":\"https:\\\/\\\/www.uartes.edu.ec\\\/sitio\\\/fr\\\/blog\\\/2024\\\/05\\\/16\\\/sesion-escucha-y-conversatorio-para-conocer-los-procesos-creativos-de-pensamiento-manglar-muestra-virtual-transdisciplinaria\\\/\",\"url\":\"https:\\\/\\\/www.uartes.edu.ec\\\/sitio\\\/fr\\\/blog\\\/2024\\\/05\\\/16\\\/sesion-escucha-y-conversatorio-para-conocer-los-procesos-creativos-de-pensamiento-manglar-muestra-virtual-transdisciplinaria\\\/\",\"name\":\"Universidad de las Artes - Sesi\u00f3n escucha para conocer procesos creativos de \u201cPensamiento Manglar\u201d\",\"isPartOf\":{\"@id\":\"https:\\\/\\\/www.uartes.edu.ec\\\/sitio\\\/fr\\\/#website\"},\"primaryImageOfPage\":{\"@id\":\"https:\\\/\\\/www.uartes.edu.ec\\\/sitio\\\/fr\\\/blog\\\/2024\\\/05\\\/16\\\/sesion-escucha-y-conversatorio-para-conocer-los-procesos-creativos-de-pensamiento-manglar-muestra-virtual-transdisciplinaria\\\/#primaryimage\"},\"image\":{\"@id\":\"https:\\\/\\\/www.uartes.edu.ec\\\/sitio\\\/fr\\\/blog\\\/2024\\\/05\\\/16\\\/sesion-escucha-y-conversatorio-para-conocer-los-procesos-creativos-de-pensamiento-manglar-muestra-virtual-transdisciplinaria\\\/#primaryimage\"},\"thumbnailUrl\":\"https:\\\/\\\/www.uartes.edu.ec\\\/sitio\\\/wp-content\\\/uploads\\\/2024\\\/05\\\/01-SESION-ESCUCHA-VISITA-GUIADA-PENSAMIENTO-MANGLAR.jpg\",\"datePublished\":\"2024-05-16T21:55:00+00:00\",\"dateModified\":\"2024-07-04T16:18:58+00:00\",\"description\":\"Universidad de las Artes - Sesi\u00f3n escucha para conocer procesos creativos de \u201cPensamiento Manglar\u201d\",\"breadcrumb\":{\"@id\":\"https:\\\/\\\/www.uartes.edu.ec\\\/sitio\\\/fr\\\/blog\\\/2024\\\/05\\\/16\\\/sesion-escucha-y-conversatorio-para-conocer-los-procesos-creativos-de-pensamiento-manglar-muestra-virtual-transdisciplinaria\\\/#breadcrumb\"},\"inLanguage\":\"fr-FR\",\"potentialAction\":[{\"@type\":\"ReadAction\",\"target\":[\"https:\\\/\\\/www.uartes.edu.ec\\\/sitio\\\/fr\\\/blog\\\/2024\\\/05\\\/16\\\/sesion-escucha-y-conversatorio-para-conocer-los-procesos-creativos-de-pensamiento-manglar-muestra-virtual-transdisciplinaria\\\/\"]}]},{\"@type\":\"ImageObject\",\"inLanguage\":\"fr-FR\",\"@id\":\"https:\\\/\\\/www.uartes.edu.ec\\\/sitio\\\/fr\\\/blog\\\/2024\\\/05\\\/16\\\/sesion-escucha-y-conversatorio-para-conocer-los-procesos-creativos-de-pensamiento-manglar-muestra-virtual-transdisciplinaria\\\/#primaryimage\",\"url\":\"https:\\\/\\\/www.uartes.edu.ec\\\/sitio\\\/wp-content\\\/uploads\\\/2024\\\/05\\\/01-SESION-ESCUCHA-VISITA-GUIADA-PENSAMIENTO-MANGLAR.jpg\",\"contentUrl\":\"https:\\\/\\\/www.uartes.edu.ec\\\/sitio\\\/wp-content\\\/uploads\\\/2024\\\/05\\\/01-SESION-ESCUCHA-VISITA-GUIADA-PENSAMIENTO-MANGLAR.jpg\",\"width\":2000,\"height\":1333},{\"@type\":\"BreadcrumbList\",\"@id\":\"https:\\\/\\\/www.uartes.edu.ec\\\/sitio\\\/fr\\\/blog\\\/2024\\\/05\\\/16\\\/sesion-escucha-y-conversatorio-para-conocer-los-procesos-creativos-de-pensamiento-manglar-muestra-virtual-transdisciplinaria\\\/#breadcrumb\",\"itemListElement\":[{\"@type\":\"ListItem\",\"position\":1,\"name\":\"Inicio\",\"item\":\"https:\\\/\\\/www.uartes.edu.ec\\\/sitio\\\/\"},{\"@type\":\"ListItem\",\"position\":2,\"name\":\"Sesi\u00f3n escucha para conocer procesos creativos de \u201cPensamiento Manglar\u201d\"}]},{\"@type\":\"WebSite\",\"@id\":\"https:\\\/\\\/www.uartes.edu.ec\\\/sitio\\\/fr\\\/#website\",\"url\":\"https:\\\/\\\/www.uartes.edu.ec\\\/sitio\\\/fr\\\/\",\"name\":\"Universidad de las Artes\",\"description\":\"Sitio oficial de la Universidad Nacional de las Artes del Ecuador\",\"publisher\":{\"@id\":\"https:\\\/\\\/www.uartes.edu.ec\\\/sitio\\\/fr\\\/#organization\"},\"potentialAction\":[{\"@type\":\"SearchAction\",\"target\":{\"@type\":\"EntryPoint\",\"urlTemplate\":\"https:\\\/\\\/www.uartes.edu.ec\\\/sitio\\\/fr\\\/?s={search_term_string}\"},\"query-input\":{\"@type\":\"PropertyValueSpecification\",\"valueRequired\":true,\"valueName\":\"search_term_string\"}}],\"inLanguage\":\"fr-FR\"},{\"@type\":\"Organization\",\"@id\":\"https:\\\/\\\/www.uartes.edu.ec\\\/sitio\\\/fr\\\/#organization\",\"name\":\"Universidad de las Artes\",\"url\":\"https:\\\/\\\/www.uartes.edu.ec\\\/sitio\\\/fr\\\/\",\"logo\":{\"@type\":\"ImageObject\",\"inLanguage\":\"fr-FR\",\"@id\":\"https:\\\/\\\/www.uartes.edu.ec\\\/sitio\\\/fr\\\/#\\\/schema\\\/logo\\\/image\\\/\",\"url\":\"https:\\\/\\\/www.uartes.edu.ec\\\/sitio\\\/wp-content\\\/uploads\\\/2022\\\/07\\\/logo-ua-horizontal.png\",\"contentUrl\":\"https:\\\/\\\/www.uartes.edu.ec\\\/sitio\\\/wp-content\\\/uploads\\\/2022\\\/07\\\/logo-ua-horizontal.png\",\"width\":800,\"height\":276,\"caption\":\"Universidad de las Artes\"},\"image\":{\"@id\":\"https:\\\/\\\/www.uartes.edu.ec\\\/sitio\\\/fr\\\/#\\\/schema\\\/logo\\\/image\\\/\"},\"sameAs\":[\"https:\\\/\\\/www.facebook.com\\\/uartesec\",\"https:\\\/\\\/x.com\\\/uartesec\",\"https:\\\/\\\/www.tiktok.com\\\/@uartesec\"]},{\"@type\":\"Person\",\"@id\":\"https:\\\/\\\/www.uartes.edu.ec\\\/sitio\\\/fr\\\/#\\\/schema\\\/person\\\/efa1b8275797664fd7f13a79ccc0b1f4\",\"name\":\"ccortez\",\"image\":{\"@type\":\"ImageObject\",\"inLanguage\":\"fr-FR\",\"@id\":\"https:\\\/\\\/secure.gravatar.com\\\/avatar\\\/b2a6f664a3ae8e074346ef91775736c5ec479e637ecced6842de9dc98b5da9cd?s=96&d=mm&r=g\",\"url\":\"https:\\\/\\\/secure.gravatar.com\\\/avatar\\\/b2a6f664a3ae8e074346ef91775736c5ec479e637ecced6842de9dc98b5da9cd?s=96&d=mm&r=g\",\"contentUrl\":\"https:\\\/\\\/secure.gravatar.com\\\/avatar\\\/b2a6f664a3ae8e074346ef91775736c5ec479e637ecced6842de9dc98b5da9cd?s=96&d=mm&r=g\",\"caption\":\"ccortez\"},\"url\":\"https:\\\/\\\/www.uartes.edu.ec\\\/sitio\\\/fr\\\/blog\\\/author\\\/ccortez\\\/\"}]}<\/script>\n<!-- \/ Yoast SEO plugin. -->","yoast_head_json":{"title":"Universidad de las Artes - Sesi\u00f3n escucha para conocer procesos creativos de \u201cPensamiento Manglar\u201d","description":"Universidad de las Artes - Sesi\u00f3n escucha para conocer procesos creativos de \u201cPensamiento Manglar\u201d","robots":{"index":"index","follow":"follow","max-snippet":"max-snippet:-1","max-image-preview":"max-image-preview:large","max-video-preview":"max-video-preview:-1"},"canonical":"https:\/\/www.uartes.edu.ec\/sitio\/fr\/blog\/2024\/05\/16\/sesion-escucha-y-conversatorio-para-conocer-los-procesos-creativos-de-pensamiento-manglar-muestra-virtual-transdisciplinaria\/","og_locale":"fr_FR","og_type":"article","og_title":"Universidad de las Artes - Sesi\u00f3n escucha para conocer procesos creativos de \u201cPensamiento Manglar\u201d","og_description":"Universidad de las Artes - Sesi\u00f3n escucha para conocer procesos creativos de \u201cPensamiento Manglar\u201d","og_url":"https:\/\/www.uartes.edu.ec\/sitio\/fr\/blog\/2024\/05\/16\/sesion-escucha-y-conversatorio-para-conocer-los-procesos-creativos-de-pensamiento-manglar-muestra-virtual-transdisciplinaria\/","og_site_name":"Universidad de las Artes","article_publisher":"https:\/\/www.facebook.com\/uartesec","article_published_time":"2024-05-16T21:55:00+00:00","article_modified_time":"2024-07-04T16:18:58+00:00","og_image":[{"width":2000,"height":1333,"url":"https:\/\/www.uartes.edu.ec\/sitio\/wp-content\/uploads\/2024\/05\/01-SESION-ESCUCHA-VISITA-GUIADA-PENSAMIENTO-MANGLAR.jpg","type":"image\/jpeg"}],"author":"ccortez","twitter_card":"summary_large_image","twitter_creator":"@uartesec","twitter_site":"@uartesec","twitter_misc":{"\u00c9crit par":"ccortez","Dur\u00e9e de lecture estim\u00e9e":"3 minutes"},"schema":{"@context":"https:\/\/schema.org","@graph":[{"@type":"Article","@id":"https:\/\/www.uartes.edu.ec\/sitio\/fr\/blog\/2024\/05\/16\/sesion-escucha-y-conversatorio-para-conocer-los-procesos-creativos-de-pensamiento-manglar-muestra-virtual-transdisciplinaria\/#article","isPartOf":{"@id":"https:\/\/www.uartes.edu.ec\/sitio\/fr\/blog\/2024\/05\/16\/sesion-escucha-y-conversatorio-para-conocer-los-procesos-creativos-de-pensamiento-manglar-muestra-virtual-transdisciplinaria\/"},"author":{"name":"ccortez","@id":"https:\/\/www.uartes.edu.ec\/sitio\/fr\/#\/schema\/person\/efa1b8275797664fd7f13a79ccc0b1f4"},"headline":"Sesi\u00f3n escucha para conocer procesos creativos de \u201cPensamiento Manglar\u201d","datePublished":"2024-05-16T21:55:00+00:00","dateModified":"2024-07-04T16:18:58+00:00","mainEntityOfPage":{"@id":"https:\/\/www.uartes.edu.ec\/sitio\/fr\/blog\/2024\/05\/16\/sesion-escucha-y-conversatorio-para-conocer-los-procesos-creativos-de-pensamiento-manglar-muestra-virtual-transdisciplinaria\/"},"wordCount":460,"commentCount":0,"publisher":{"@id":"https:\/\/www.uartes.edu.ec\/sitio\/fr\/#organization"},"image":{"@id":"https:\/\/www.uartes.edu.ec\/sitio\/fr\/blog\/2024\/05\/16\/sesion-escucha-y-conversatorio-para-conocer-los-procesos-creativos-de-pensamiento-manglar-muestra-virtual-transdisciplinaria\/#primaryimage"},"thumbnailUrl":"https:\/\/www.uartes.edu.ec\/sitio\/wp-content\/uploads\/2024\/05\/01-SESION-ESCUCHA-VISITA-GUIADA-PENSAMIENTO-MANGLAR.jpg","keywords":["producci\u00f3n"],"articleSection":["Acad\u00e9mico","Alumni","Artes","Artes Visuales","Docentes","Estudiantes","Investigaci\u00f3n","Maestr\u00edas"],"inLanguage":"fr-FR","potentialAction":[{"@type":"CommentAction","name":"Comment","target":["https:\/\/www.uartes.edu.ec\/sitio\/fr\/blog\/2024\/05\/16\/sesion-escucha-y-conversatorio-para-conocer-los-procesos-creativos-de-pensamiento-manglar-muestra-virtual-transdisciplinaria\/#respond"]}]},{"@type":["WebPage","ItemPage"],"@id":"https:\/\/www.uartes.edu.ec\/sitio\/fr\/blog\/2024\/05\/16\/sesion-escucha-y-conversatorio-para-conocer-los-procesos-creativos-de-pensamiento-manglar-muestra-virtual-transdisciplinaria\/","url":"https:\/\/www.uartes.edu.ec\/sitio\/fr\/blog\/2024\/05\/16\/sesion-escucha-y-conversatorio-para-conocer-los-procesos-creativos-de-pensamiento-manglar-muestra-virtual-transdisciplinaria\/","name":"Universidad de las Artes - Sesi\u00f3n escucha para conocer procesos creativos de \u201cPensamiento Manglar\u201d","isPartOf":{"@id":"https:\/\/www.uartes.edu.ec\/sitio\/fr\/#website"},"primaryImageOfPage":{"@id":"https:\/\/www.uartes.edu.ec\/sitio\/fr\/blog\/2024\/05\/16\/sesion-escucha-y-conversatorio-para-conocer-los-procesos-creativos-de-pensamiento-manglar-muestra-virtual-transdisciplinaria\/#primaryimage"},"image":{"@id":"https:\/\/www.uartes.edu.ec\/sitio\/fr\/blog\/2024\/05\/16\/sesion-escucha-y-conversatorio-para-conocer-los-procesos-creativos-de-pensamiento-manglar-muestra-virtual-transdisciplinaria\/#primaryimage"},"thumbnailUrl":"https:\/\/www.uartes.edu.ec\/sitio\/wp-content\/uploads\/2024\/05\/01-SESION-ESCUCHA-VISITA-GUIADA-PENSAMIENTO-MANGLAR.jpg","datePublished":"2024-05-16T21:55:00+00:00","dateModified":"2024-07-04T16:18:58+00:00","description":"Universidad de las Artes - Sesi\u00f3n escucha para conocer procesos creativos de \u201cPensamiento Manglar\u201d","breadcrumb":{"@id":"https:\/\/www.uartes.edu.ec\/sitio\/fr\/blog\/2024\/05\/16\/sesion-escucha-y-conversatorio-para-conocer-los-procesos-creativos-de-pensamiento-manglar-muestra-virtual-transdisciplinaria\/#breadcrumb"},"inLanguage":"fr-FR","potentialAction":[{"@type":"ReadAction","target":["https:\/\/www.uartes.edu.ec\/sitio\/fr\/blog\/2024\/05\/16\/sesion-escucha-y-conversatorio-para-conocer-los-procesos-creativos-de-pensamiento-manglar-muestra-virtual-transdisciplinaria\/"]}]},{"@type":"ImageObject","inLanguage":"fr-FR","@id":"https:\/\/www.uartes.edu.ec\/sitio\/fr\/blog\/2024\/05\/16\/sesion-escucha-y-conversatorio-para-conocer-los-procesos-creativos-de-pensamiento-manglar-muestra-virtual-transdisciplinaria\/#primaryimage","url":"https:\/\/www.uartes.edu.ec\/sitio\/wp-content\/uploads\/2024\/05\/01-SESION-ESCUCHA-VISITA-GUIADA-PENSAMIENTO-MANGLAR.jpg","contentUrl":"https:\/\/www.uartes.edu.ec\/sitio\/wp-content\/uploads\/2024\/05\/01-SESION-ESCUCHA-VISITA-GUIADA-PENSAMIENTO-MANGLAR.jpg","width":2000,"height":1333},{"@type":"BreadcrumbList","@id":"https:\/\/www.uartes.edu.ec\/sitio\/fr\/blog\/2024\/05\/16\/sesion-escucha-y-conversatorio-para-conocer-los-procesos-creativos-de-pensamiento-manglar-muestra-virtual-transdisciplinaria\/#breadcrumb","itemListElement":[{"@type":"ListItem","position":1,"name":"Inicio","item":"https:\/\/www.uartes.edu.ec\/sitio\/"},{"@type":"ListItem","position":2,"name":"Sesi\u00f3n escucha para conocer procesos creativos de \u201cPensamiento Manglar\u201d"}]},{"@type":"WebSite","@id":"https:\/\/www.uartes.edu.ec\/sitio\/fr\/#website","url":"https:\/\/www.uartes.edu.ec\/sitio\/fr\/","name":"Universidad de las Artes","description":"Sitio oficial de la Universidad Nacional de las Artes del Ecuador","publisher":{"@id":"https:\/\/www.uartes.edu.ec\/sitio\/fr\/#organization"},"potentialAction":[{"@type":"SearchAction","target":{"@type":"EntryPoint","urlTemplate":"https:\/\/www.uartes.edu.ec\/sitio\/fr\/?s={search_term_string}"},"query-input":{"@type":"PropertyValueSpecification","valueRequired":true,"valueName":"search_term_string"}}],"inLanguage":"fr-FR"},{"@type":"Organization","@id":"https:\/\/www.uartes.edu.ec\/sitio\/fr\/#organization","name":"Universidad de las Artes","url":"https:\/\/www.uartes.edu.ec\/sitio\/fr\/","logo":{"@type":"ImageObject","inLanguage":"fr-FR","@id":"https:\/\/www.uartes.edu.ec\/sitio\/fr\/#\/schema\/logo\/image\/","url":"https:\/\/www.uartes.edu.ec\/sitio\/wp-content\/uploads\/2022\/07\/logo-ua-horizontal.png","contentUrl":"https:\/\/www.uartes.edu.ec\/sitio\/wp-content\/uploads\/2022\/07\/logo-ua-horizontal.png","width":800,"height":276,"caption":"Universidad de las Artes"},"image":{"@id":"https:\/\/www.uartes.edu.ec\/sitio\/fr\/#\/schema\/logo\/image\/"},"sameAs":["https:\/\/www.facebook.com\/uartesec","https:\/\/x.com\/uartesec","https:\/\/www.tiktok.com\/@uartesec"]},{"@type":"Person","@id":"https:\/\/www.uartes.edu.ec\/sitio\/fr\/#\/schema\/person\/efa1b8275797664fd7f13a79ccc0b1f4","name":"ccortez","image":{"@type":"ImageObject","inLanguage":"fr-FR","@id":"https:\/\/secure.gravatar.com\/avatar\/b2a6f664a3ae8e074346ef91775736c5ec479e637ecced6842de9dc98b5da9cd?s=96&d=mm&r=g","url":"https:\/\/secure.gravatar.com\/avatar\/b2a6f664a3ae8e074346ef91775736c5ec479e637ecced6842de9dc98b5da9cd?s=96&d=mm&r=g","contentUrl":"https:\/\/secure.gravatar.com\/avatar\/b2a6f664a3ae8e074346ef91775736c5ec479e637ecced6842de9dc98b5da9cd?s=96&d=mm&r=g","caption":"ccortez"},"url":"https:\/\/www.uartes.edu.ec\/sitio\/fr\/blog\/author\/ccortez\/"}]}},"uagb_featured_image_src":{"full":["https:\/\/www.uartes.edu.ec\/sitio\/wp-content\/uploads\/2024\/05\/01-SESION-ESCUCHA-VISITA-GUIADA-PENSAMIENTO-MANGLAR.jpg",2000,1333,false],"thumbnail":["https:\/\/www.uartes.edu.ec\/sitio\/wp-content\/uploads\/2024\/05\/01-SESION-ESCUCHA-VISITA-GUIADA-PENSAMIENTO-MANGLAR-150x150.jpg",150,150,true],"medium":["https:\/\/www.uartes.edu.ec\/sitio\/wp-content\/uploads\/2024\/05\/01-SESION-ESCUCHA-VISITA-GUIADA-PENSAMIENTO-MANGLAR-300x200.jpg",300,200,true],"medium_large":["https:\/\/www.uartes.edu.ec\/sitio\/wp-content\/uploads\/2024\/05\/01-SESION-ESCUCHA-VISITA-GUIADA-PENSAMIENTO-MANGLAR-768x512.jpg",768,512,true],"large":["https:\/\/www.uartes.edu.ec\/sitio\/wp-content\/uploads\/2024\/05\/01-SESION-ESCUCHA-VISITA-GUIADA-PENSAMIENTO-MANGLAR-644x429.jpg",644,429,true],"1536x1536":["https:\/\/www.uartes.edu.ec\/sitio\/wp-content\/uploads\/2024\/05\/01-SESION-ESCUCHA-VISITA-GUIADA-PENSAMIENTO-MANGLAR-1536x1024.jpg",1536,1024,true],"2048x2048":["https:\/\/www.uartes.edu.ec\/sitio\/wp-content\/uploads\/2024\/05\/01-SESION-ESCUCHA-VISITA-GUIADA-PENSAMIENTO-MANGLAR.jpg",2000,1333,false],"trp-custom-language-flag":["https:\/\/www.uartes.edu.ec\/sitio\/wp-content\/uploads\/2024\/05\/01-SESION-ESCUCHA-VISITA-GUIADA-PENSAMIENTO-MANGLAR-18x12.jpg",18,12,true],"htmega_size_585x295":["https:\/\/www.uartes.edu.ec\/sitio\/wp-content\/uploads\/2024\/05\/01-SESION-ESCUCHA-VISITA-GUIADA-PENSAMIENTO-MANGLAR-585x295.jpg",585,295,true],"htmega_size_1170x536":["https:\/\/www.uartes.edu.ec\/sitio\/wp-content\/uploads\/2024\/05\/01-SESION-ESCUCHA-VISITA-GUIADA-PENSAMIENTO-MANGLAR-1170x536.jpg",1170,536,true],"htmega_size_396x360":["https:\/\/www.uartes.edu.ec\/sitio\/wp-content\/uploads\/2024\/05\/01-SESION-ESCUCHA-VISITA-GUIADA-PENSAMIENTO-MANGLAR-396x360.jpg",396,360,true],"gb-block-post-grid-landscape":["https:\/\/www.uartes.edu.ec\/sitio\/wp-content\/uploads\/2024\/05\/01-SESION-ESCUCHA-VISITA-GUIADA-PENSAMIENTO-MANGLAR-600x400.jpg",600,400,true],"gb-block-post-grid-square":["https:\/\/www.uartes.edu.ec\/sitio\/wp-content\/uploads\/2024\/05\/01-SESION-ESCUCHA-VISITA-GUIADA-PENSAMIENTO-MANGLAR-600x600.jpg",600,600,true],"university-hub-thumb":["https:\/\/www.uartes.edu.ec\/sitio\/wp-content\/uploads\/2024\/05\/01-SESION-ESCUCHA-VISITA-GUIADA-PENSAMIENTO-MANGLAR-400x267.jpg",400,267,true]},"uagb_author_info":{"display_name":"ccortez","author_link":"https:\/\/www.uartes.edu.ec\/sitio\/fr\/blog\/author\/ccortez\/"},"uagb_comment_info":0,"uagb_excerpt":"De la creaci\u00f3n transdisciplinaria y colaboraci\u00f3n entre la producci\u00f3n musical y las artes visuales habl\u00f3 la artista Roc\u00edo Soria D\u00edaz en la sesi\u00f3n escucha de su muestra virtual \u201cPensamiento Manglar\u201d; tuvo lugar en la Galer\u00eda 4ta Pared de la Biblioteca de las Artes este 15 de mayo y tambi\u00e9n particip\u00f3 Gustavo Blacio, estudiante de Artes\u2026","featured_image_src":"https:\/\/www.uartes.edu.ec\/sitio\/wp-content\/uploads\/2024\/05\/01-SESION-ESCUCHA-VISITA-GUIADA-PENSAMIENTO-MANGLAR-600x400.jpg","featured_image_src_square":"https:\/\/www.uartes.edu.ec\/sitio\/wp-content\/uploads\/2024\/05\/01-SESION-ESCUCHA-VISITA-GUIADA-PENSAMIENTO-MANGLAR-600x600.jpg","author_info":{"display_name":"ccortez","author_link":"https:\/\/www.uartes.edu.ec\/sitio\/fr\/blog\/author\/ccortez\/"},"publishpress_future_workflow_manual_trigger":{"enabledWorkflows":[]},"distributor_meta":false,"distributor_terms":false,"distributor_media":false,"distributor_original_site_name":"Universidad de las Artes","distributor_original_site_url":"https:\/\/www.uartes.edu.ec\/sitio\/fr","push-errors":false,"_links":{"self":[{"href":"https:\/\/www.uartes.edu.ec\/sitio\/fr\/wp-json\/wp\/v2\/posts\/54001","targetHints":{"allow":["GET"]}}],"collection":[{"href":"https:\/\/www.uartes.edu.ec\/sitio\/fr\/wp-json\/wp\/v2\/posts"}],"about":[{"href":"https:\/\/www.uartes.edu.ec\/sitio\/fr\/wp-json\/wp\/v2\/types\/post"}],"author":[{"embeddable":true,"href":"https:\/\/www.uartes.edu.ec\/sitio\/fr\/wp-json\/wp\/v2\/users\/10"}],"replies":[{"embeddable":true,"href":"https:\/\/www.uartes.edu.ec\/sitio\/fr\/wp-json\/wp\/v2\/comments?post=54001"}],"version-history":[{"count":8,"href":"https:\/\/www.uartes.edu.ec\/sitio\/fr\/wp-json\/wp\/v2\/posts\/54001\/revisions"}],"predecessor-version":[{"id":54117,"href":"https:\/\/www.uartes.edu.ec\/sitio\/fr\/wp-json\/wp\/v2\/posts\/54001\/revisions\/54117"}],"wp:featuredmedia":[{"embeddable":true,"href":"https:\/\/www.uartes.edu.ec\/sitio\/fr\/wp-json\/wp\/v2\/media\/54108"}],"wp:attachment":[{"href":"https:\/\/www.uartes.edu.ec\/sitio\/fr\/wp-json\/wp\/v2\/media?parent=54001"}],"wp:term":[{"taxonomy":"category","embeddable":true,"href":"https:\/\/www.uartes.edu.ec\/sitio\/fr\/wp-json\/wp\/v2\/categories?post=54001"},{"taxonomy":"post_tag","embeddable":true,"href":"https:\/\/www.uartes.edu.ec\/sitio\/fr\/wp-json\/wp\/v2\/tags?post=54001"},{"taxonomy":"infouartes","embeddable":true,"href":"https:\/\/www.uartes.edu.ec\/sitio\/fr\/wp-json\/wp\/v2\/infouartes?post=54001"}],"curies":[{"name":"wp","href":"https:\/\/api.w.org\/{rel}","templated":true}]}}