{"id":54008,"date":"2024-05-16T18:26:00","date_gmt":"2024-05-16T23:26:00","guid":{"rendered":"https:\/\/www.uartes.edu.ec\/sitio\/?p=54008"},"modified":"2024-07-04T11:18:58","modified_gmt":"2024-07-04T16:18:58","slug":"las-activaciones-artisticas-de-las-escuelas-de-las-artes-del-guayas-en-territorio-y-la-uartes","status":"publish","type":"post","link":"https:\/\/www.uartes.edu.ec\/sitio\/fr\/blog\/2024\/05\/16\/las-activaciones-artisticas-de-las-escuelas-de-las-artes-del-guayas-en-territorio-y-la-uartes\/","title":{"rendered":"Activaciones de Escuelas de las Artes del Guayas en territorio y la UArtes"},"content":{"rendered":"<p>El proyecto Escuelas de las Artes del Guayas, una iniciativa conjunta entre la Universidad de las Artes y la Prefectura Ciudadana del Guayas, contin\u00faa su labor en pro de la promoci\u00f3n de los derechos culturales de ni\u00f1as, ni\u00f1os y adolescentes en la provincia.<\/p>\n\n\n\n<p>Presente en Guayas, en los cantones Nobol, Daule, Marcelino Maridue\u00f1a, Sim\u00f3n Bol\u00edvar, Dur\u00e1n (Isla Santay), Milagro y Guayaquil, surge de un convenio de cooperaci\u00f3n interinstitucional entre la UArtes y la Prefectura de esta provincia y en el cual intervienen nuestros alumni como instructores de m\u00fasica y de artes esc\u00e9nicas, para crear agrupaciones art\u00edsticas mediante la ense\u00f1anza; en su coordinaci\u00f3n, la graduada de posgrado Altaira Rojas.<\/p>\n\n\n\n<p>Dos son los campos de acci\u00f3n del proyecto: en territorio y en las instalaciones de la UArtes, teniendo como contraparte y aliados a los GAD (Gobiernos Aut\u00f3nomos Descentralizados), que se encargan de realizar las convocatorias para que los ni\u00f1os y j\u00f3venes de los cantones guayasenses vengan a la universidad a participar en las actividades que se programan en la Sala R\u00eda de la Biblioteca de las Artes y en el MZ14 Centro de Producci\u00f3n e Innovaci\u00f3n, as\u00ed como en los recorridos por nuestras instalaciones.<\/p>\n\n\n<div class=\"wp-block-image\">\n<figure class=\"aligncenter size-large\"><img fetchpriority=\"high\" decoding=\"async\" width=\"644\" height=\"429\" src=\"https:\/\/www.uartes.edu.ec\/sitio\/wp-content\/uploads\/2024\/05\/04-EAG-WEB-644x429.jpeg\" alt=\"\" class=\"wp-image-54051\" srcset=\"https:\/\/www.uartes.edu.ec\/sitio\/wp-content\/uploads\/2024\/05\/04-EAG-WEB-644x429.jpeg 644w, https:\/\/www.uartes.edu.ec\/sitio\/wp-content\/uploads\/2024\/05\/04-EAG-WEB-768x511.jpeg 768w, https:\/\/www.uartes.edu.ec\/sitio\/wp-content\/uploads\/2024\/05\/04-EAG-WEB.jpeg 2000w, https:\/\/www.uartes.edu.ec\/sitio\/wp-content\/uploads\/2024\/05\/04-EAG-WEB-18x12.jpeg 18w, https:\/\/www.uartes.edu.ec\/sitio\/wp-content\/uploads\/2024\/05\/04-EAG-WEB-600x399.jpeg 600w, https:\/\/www.uartes.edu.ec\/sitio\/wp-content\/uploads\/2024\/05\/04-EAG-WEB-272x182.jpeg 272w\" sizes=\"(max-width: 644px) 100vw, 644px\" \/><\/figure>\n<\/div>\n\n\n<p>Rojas indica que las actividades en menci\u00f3n nos han permitido acercarnos a aproximadamente 1.000 ni\u00f1as, ni\u00f1os y adolescentes de la provincia, quienes tienen la posibilidad de ejercer sus derechos culturales, lo cual es el objetivo del proyecto. \u201cLo que buscamos es proporcionar ese acceso mediante una agenda que nos permita programar la ejecuci\u00f3n de pr\u00e1cticas art\u00edsticas en los lugares donde estamos y en la universidad\u201d.<\/p>\n\n\n\n<p>Agrega que, sustentados en el prop\u00f3sito de brindar espacios para el desarrollo art\u00edstico y cultural, la agenda abarca pr\u00e1cticas en artes esc\u00e9nicas, cine, mediaci\u00f3n lectora, m\u00fasica, danza, teatro y artes visuales. En 2023 se dise\u00f1\u00f3 una convocatoria dirigida a los artistas del pa\u00eds para que presenten propuestas en las anotadas manifestaciones art\u00edsticas, dirigidas a ni\u00f1as, ni\u00f1os, adolescentes; se hizo la selecci\u00f3n y son ellos quienes se presentan en la R\u00eda y el MZ14.<\/p>\n\n\n\n<p>\u201cLa mayor\u00eda de los s\u00e1bados realizamos las actividades en la universidad y para ello vamos a los cantones y traemos a los ni\u00f1os, ni\u00f1as y adolescentes para que tengan la posibilidad de conocer estos espacios que han sido creados justamente para su disfrute. En la Sala de Cine pueden ver pel\u00edculas y en la Sala R\u00eda participan en actividades de mediaci\u00f3n lectora\u201d, expresa.<\/p>\n\n\n<div class=\"wp-block-image\">\n<figure class=\"aligncenter size-large\"><img decoding=\"async\" width=\"644\" height=\"429\" src=\"https:\/\/www.uartes.edu.ec\/sitio\/wp-content\/uploads\/2024\/05\/06-EAG-WEB-644x429.jpeg\" alt=\"\" class=\"wp-image-54052\" srcset=\"https:\/\/www.uartes.edu.ec\/sitio\/wp-content\/uploads\/2024\/05\/06-EAG-WEB-644x429.jpeg 644w, https:\/\/www.uartes.edu.ec\/sitio\/wp-content\/uploads\/2024\/05\/06-EAG-WEB-768x511.jpeg 768w, https:\/\/www.uartes.edu.ec\/sitio\/wp-content\/uploads\/2024\/05\/06-EAG-WEB.jpeg 2000w, https:\/\/www.uartes.edu.ec\/sitio\/wp-content\/uploads\/2024\/05\/06-EAG-WEB-18x12.jpeg 18w, https:\/\/www.uartes.edu.ec\/sitio\/wp-content\/uploads\/2024\/05\/06-EAG-WEB-600x399.jpeg 600w, https:\/\/www.uartes.edu.ec\/sitio\/wp-content\/uploads\/2024\/05\/06-EAG-WEB-272x182.jpeg 272w\" sizes=\"(max-width: 644px) 100vw, 644px\" \/><\/figure>\n<\/div>\n\n\n<p>Reitera Rojas el apoyo de los GAD para el proyecto, pues es gracias a sus t\u00e9cnicos que es posible ejecutar las propuestas. Son ellos quienes hacen la convocatoria y consiguen los permisos. \u201cEs un trabajo conjunto que permite demostrar c\u00f3mo la institucionalidad y el sector p\u00fablico pueden articularse\u201d.&nbsp;<\/p>\n\n\n\n<p>Las visitas y los recorridos permiten enterar a los ni\u00f1os, ni\u00f1as y adolescentes de que existe una universidad p\u00fablica, que es para ellos y una opci\u00f3n para su futuro. \u201cBuscamos una apropiaci\u00f3n por parte de nuestros p\u00fablicos para que empiecen a entender que la educaci\u00f3n p\u00fablica en artes es posible y que estos espacios son hechos para ellos; para la universidad significa mantener y fortalecer sus nexos con la provincia del Guayas\u201d.<\/p>\n\n\n\n<p>De entre las actividades art\u00edsticas recientes propiciadas en la UArtes constan la funci\u00f3n de cine en el MZ14 el pasado 11 de mayo, y la presentaci\u00f3n en la Sala R\u00eda de la obra \u201cMi s\u00faper, s\u00faper h\u00e9roe\u201d, del grupo de teatro El Revuelque, para ni\u00f1os, ni\u00f1as y adolescentes del cant\u00f3n Balzar.<\/p>\n\n\n\n<p>Antes, estos mismos espacios registraron visitantes del cant\u00f3n Naranjal, quienes presenciaron una puesta en escena con la artista Marian Morillo y las proyecci\u00f3n de los cortometrajes \u00abTeclopolis\u00bb, de Javier Mrad; \u00abOut of Sight\u00bb, de Ya-Ting Yu; y \u00abAbuela Grillo\u00bb, de Denis Chap\u00f3n.<\/p>\n\n\n<div class=\"wp-block-image\">\n<figure class=\"aligncenter size-large\"><img decoding=\"async\" width=\"644\" height=\"429\" src=\"https:\/\/www.uartes.edu.ec\/sitio\/wp-content\/uploads\/2024\/05\/05-EAG-WEB-644x429.jpeg\" alt=\"\" class=\"wp-image-54053\" srcset=\"https:\/\/www.uartes.edu.ec\/sitio\/wp-content\/uploads\/2024\/05\/05-EAG-WEB-644x429.jpeg 644w, https:\/\/www.uartes.edu.ec\/sitio\/wp-content\/uploads\/2024\/05\/05-EAG-WEB-768x511.jpeg 768w, https:\/\/www.uartes.edu.ec\/sitio\/wp-content\/uploads\/2024\/05\/05-EAG-WEB.jpeg 2000w, https:\/\/www.uartes.edu.ec\/sitio\/wp-content\/uploads\/2024\/05\/05-EAG-WEB-18x12.jpeg 18w, https:\/\/www.uartes.edu.ec\/sitio\/wp-content\/uploads\/2024\/05\/05-EAG-WEB-600x399.jpeg 600w, https:\/\/www.uartes.edu.ec\/sitio\/wp-content\/uploads\/2024\/05\/05-EAG-WEB-272x182.jpeg 272w\" sizes=\"(max-width: 644px) 100vw, 644px\" \/><\/figure>\n<\/div>\n\n\n<p>La agenda de activaci\u00f3n art\u00edstica en la UArtes concluir\u00e1 en julio. Hasta el cierre de este di\u00e1logo, Rojas coment\u00f3 que se ha recibido la visita de ni\u00f1os, ni\u00f1as y adolescentes de 17 cantones y que se esperan arribos desde Bucay, El Triunfo, Pedro Carbo y Naranjal.&nbsp;<\/p>\n\n\n\n<p>En cuanto al segundo campo de acci\u00f3n del proyecto: las Escuelas de las Artes del Guayas, que es el trabajo conjunto que se realiza en territorio, Rojas dijo que artistas y docentes UArtes se han desplazado hacia los cantones de la provincia llevando consigo una oferta de actividades que reafirma el compromiso de seguir promoviendo el acceso universal al arte y la cultura, fortaleciendo as\u00ed el tejido cultural y social de la regi\u00f3n.<\/p>\n\n\n\n<p>Record\u00f3 presentaciones como \u201cPatio electr\u00f3nico\u201d, instalaci\u00f3n propuesta por el artista guayaquile\u00f1o y docente UArtes Juan Jos\u00e9 Ripalda, quien invit\u00f3 a explorar la intersecci\u00f3n entre el sonido, las artes y las nuevas tecnolog\u00edas, estimulado la imaginaci\u00f3n de las infancias y adolescencias, mostr\u00e1ndoles la posibilidad de crear arte con dispositivos de uso cotidiano.<\/p>\n\n\n\n<p>Asimismo, otros docentes y artistas de la universidad, como Jorge Saade, David Villareal, Cayo Iturralde y Luis Carlos Moreno, han colaborado activamente.<\/p>\n\n\n<div class=\"wp-block-image\">\n<figure class=\"aligncenter size-large\"><img loading=\"lazy\" decoding=\"async\" width=\"644\" height=\"429\" src=\"https:\/\/www.uartes.edu.ec\/sitio\/wp-content\/uploads\/2024\/05\/03-EAG-WEB-644x429.jpeg\" alt=\"\" class=\"wp-image-54054\" srcset=\"https:\/\/www.uartes.edu.ec\/sitio\/wp-content\/uploads\/2024\/05\/03-EAG-WEB-644x429.jpeg 644w, https:\/\/www.uartes.edu.ec\/sitio\/wp-content\/uploads\/2024\/05\/03-EAG-WEB-768x511.jpeg 768w, https:\/\/www.uartes.edu.ec\/sitio\/wp-content\/uploads\/2024\/05\/03-EAG-WEB.jpeg 2000w, https:\/\/www.uartes.edu.ec\/sitio\/wp-content\/uploads\/2024\/05\/03-EAG-WEB-18x12.jpeg 18w, https:\/\/www.uartes.edu.ec\/sitio\/wp-content\/uploads\/2024\/05\/03-EAG-WEB-600x399.jpeg 600w, https:\/\/www.uartes.edu.ec\/sitio\/wp-content\/uploads\/2024\/05\/03-EAG-WEB-272x182.jpeg 272w\" sizes=\"(max-width: 644px) 100vw, 644px\" \/><\/figure>\n<\/div>\n\n\n<p>Han visitado tambi\u00e9n los procesos formativos los docentes Orlin Monta\u00f1o, Diego Uyana, Juan Carlos Gonz\u00e1lez, Denisse Lalama y Andrey Astaiza, de la Escuela de Artes Sonoras, quienes acompa\u00f1aron a distintos ensambles de m\u00fasica en Sim\u00f3n Bol\u00edvar, Nobol, Daule y Marcelino Maridue\u00f1a.<\/p>\n\n\n\n<p>Los docentes Marcelo Leyton y An\u00edbal P\u00e1ez visitaron a los grupos de artes esc\u00e9nicas del proyecto en Milagro y Sim\u00f3n Bol\u00edvar, y Patricio S\u00e1nchez, especialista de Proyectos de Vinculaci\u00f3n con la Comunidad, estuvo en Marcelino Maridue\u00f1a.<\/p>\n\n\n\n<p>En la red social Facebook, desde las Escuelas de las Artes del Guayas se dio cuenta de la invitaci\u00f3n a la rendici\u00f3n de cuentas que la alcald\u00eda del cant\u00f3n Sim\u00f3n Bol\u00edvar realiz\u00f3 el pasado martes 14 de mayo. All\u00ed se mantienen procesos formativos diversos y las y los estudiantes de Artes Esc\u00e9nicas presentaron la obra \u201cEl viajero y El ba\u00fal de los sue\u00f1os\u201d, bajo la direcci\u00f3n de los instructores Cecilia Salazar y Kevin Miranda; y de Artes Sonoras un ensamble de percusi\u00f3n, a cargo del instructor Carlos Vizca\u00edno.<\/p>\n\n\n\n<p>De las Escuelas de las Artes del Guayas se prev\u00e9 que en agosto pr\u00f3ximo los 400 ni\u00f1os, ni\u00f1as y adolescentes participantes en los procesos formativos que se desarrollan en los cantones vengan a presentarse y recibir su certificado.<\/p>\n\n\n\n<p>Fotos: Vinculaci\u00f3n con la Sociedad UArtes.<\/p>","protected":false},"excerpt":{"rendered":"<p>El proyecto Escuelas de las Artes del Guayas, iniciativa de la UArtes y la Prefectura, contin\u00faa su labor en pro de la promoci\u00f3n de los derechos culturales de ni\u00f1as, ni\u00f1os y adolescentes en la provincia. Dos son sus campos de acci\u00f3n: territorio e instalaciones de la universidad, teniendo como contraparte y aliados a los GAD, que se encargan de las convocatorias para que ni\u00f1os y j\u00f3venes de los cantones guayasenses participen en las actividades de la Sala R\u00eda y del MZ14.<\/p>","protected":false},"author":10,"featured_media":54050,"comment_status":"open","ping_status":"open","sticky":false,"template":"","format":"standard","meta":{"_acf_changed":false,"_uag_custom_page_level_css":"","_monsterinsights_skip_tracking":false,"_monsterinsights_sitenote_active":false,"_monsterinsights_sitenote_note":"","_monsterinsights_sitenote_category":0,"cybocfi_hide_featured_image":"","footnotes":""},"categories":[80,82,159,150,157,147,75,76,175,79],"tags":[540],"infouartes":[],"class_list":["post-54008","post","type-post","status-publish","format-standard","has-post-thumbnail","hentry","category-academico","category-artes","category-artes-escenicas","category-artes-sonoras","category-artes-visuales","category-cine","category-docentes","category-estudiantes","category-literatura","category-vinculo","tag-proyecto"],"acf":[],"yoast_head":"<!-- This site is optimized with the Yoast SEO plugin v27.4 - https:\/\/yoast.com\/product\/yoast-seo-wordpress\/ -->\n<title>Universidad de las Artes - Activaciones de Escuelas de las Artes del Guayas en territorio y la UArtes<\/title>\n<meta name=\"description\" content=\"Universidad de las Artes - Activaciones de Escuelas de las Artes del Guayas en territorio y la UArtes\" \/>\n<meta name=\"robots\" content=\"index, follow, max-snippet:-1, max-image-preview:large, max-video-preview:-1\" \/>\n<link rel=\"canonical\" href=\"https:\/\/www.uartes.edu.ec\/sitio\/fr\/blog\/2024\/05\/16\/las-activaciones-artisticas-de-las-escuelas-de-las-artes-del-guayas-en-territorio-y-la-uartes\/\" \/>\n<meta property=\"og:locale\" content=\"fr_FR\" \/>\n<meta property=\"og:type\" content=\"article\" \/>\n<meta property=\"og:title\" content=\"Universidad de las Artes - Activaciones de Escuelas de las Artes del Guayas en territorio y la UArtes\" \/>\n<meta property=\"og:description\" content=\"Universidad de las Artes - Activaciones de Escuelas de las Artes del Guayas en territorio y la UArtes\" \/>\n<meta property=\"og:url\" content=\"https:\/\/www.uartes.edu.ec\/sitio\/fr\/blog\/2024\/05\/16\/las-activaciones-artisticas-de-las-escuelas-de-las-artes-del-guayas-en-territorio-y-la-uartes\/\" \/>\n<meta property=\"og:site_name\" content=\"Universidad de las Artes\" \/>\n<meta property=\"article:publisher\" content=\"https:\/\/www.facebook.com\/uartesec\" \/>\n<meta property=\"article:published_time\" content=\"2024-05-16T23:26:00+00:00\" \/>\n<meta property=\"article:modified_time\" content=\"2024-07-04T16:18:58+00:00\" \/>\n<meta property=\"og:image\" content=\"https:\/\/www.uartes.edu.ec\/sitio\/wp-content\/uploads\/2024\/05\/01-EAG-WEB.jpeg\" \/>\n\t<meta property=\"og:image:width\" content=\"2000\" \/>\n\t<meta property=\"og:image:height\" content=\"1333\" \/>\n\t<meta property=\"og:image:type\" content=\"image\/jpeg\" \/>\n<meta name=\"author\" content=\"ccortez\" \/>\n<meta name=\"twitter:card\" content=\"summary_large_image\" \/>\n<meta name=\"twitter:creator\" content=\"@uartesec\" \/>\n<meta name=\"twitter:site\" content=\"@uartesec\" \/>\n<meta name=\"twitter:label1\" content=\"\u00c9crit par\" \/>\n\t<meta name=\"twitter:data1\" content=\"ccortez\" \/>\n\t<meta name=\"twitter:label2\" content=\"Dur\u00e9e de lecture estim\u00e9e\" \/>\n\t<meta name=\"twitter:data2\" content=\"6 minutes\" \/>\n<script type=\"application\/ld+json\" class=\"yoast-schema-graph\">{\"@context\":\"https:\\\/\\\/schema.org\",\"@graph\":[{\"@type\":\"Article\",\"@id\":\"https:\\\/\\\/www.uartes.edu.ec\\\/sitio\\\/fr\\\/blog\\\/2024\\\/05\\\/16\\\/las-activaciones-artisticas-de-las-escuelas-de-las-artes-del-guayas-en-territorio-y-la-uartes\\\/#article\",\"isPartOf\":{\"@id\":\"https:\\\/\\\/www.uartes.edu.ec\\\/sitio\\\/fr\\\/blog\\\/2024\\\/05\\\/16\\\/las-activaciones-artisticas-de-las-escuelas-de-las-artes-del-guayas-en-territorio-y-la-uartes\\\/\"},\"author\":{\"name\":\"ccortez\",\"@id\":\"https:\\\/\\\/www.uartes.edu.ec\\\/sitio\\\/fr\\\/#\\\/schema\\\/person\\\/efa1b8275797664fd7f13a79ccc0b1f4\"},\"headline\":\"Activaciones de Escuelas de las Artes del Guayas en territorio y la UArtes\",\"datePublished\":\"2024-05-16T23:26:00+00:00\",\"dateModified\":\"2024-07-04T16:18:58+00:00\",\"mainEntityOfPage\":{\"@id\":\"https:\\\/\\\/www.uartes.edu.ec\\\/sitio\\\/fr\\\/blog\\\/2024\\\/05\\\/16\\\/las-activaciones-artisticas-de-las-escuelas-de-las-artes-del-guayas-en-territorio-y-la-uartes\\\/\"},\"wordCount\":1132,\"commentCount\":0,\"publisher\":{\"@id\":\"https:\\\/\\\/www.uartes.edu.ec\\\/sitio\\\/fr\\\/#organization\"},\"image\":{\"@id\":\"https:\\\/\\\/www.uartes.edu.ec\\\/sitio\\\/fr\\\/blog\\\/2024\\\/05\\\/16\\\/las-activaciones-artisticas-de-las-escuelas-de-las-artes-del-guayas-en-territorio-y-la-uartes\\\/#primaryimage\"},\"thumbnailUrl\":\"https:\\\/\\\/www.uartes.edu.ec\\\/sitio\\\/wp-content\\\/uploads\\\/2024\\\/05\\\/01-EAG-WEB.jpeg\",\"keywords\":[\"proyecto\"],\"articleSection\":[\"Acad\u00e9mico\",\"Artes\",\"Artes Esc\u00e9nicas\",\"Artes Sonoras\",\"Artes Visuales\",\"Cine\",\"Docentes\",\"Estudiantes\",\"Literatura\",\"V\u00ednculo\"],\"inLanguage\":\"fr-FR\",\"potentialAction\":[{\"@type\":\"CommentAction\",\"name\":\"Comment\",\"target\":[\"https:\\\/\\\/www.uartes.edu.ec\\\/sitio\\\/fr\\\/blog\\\/2024\\\/05\\\/16\\\/las-activaciones-artisticas-de-las-escuelas-de-las-artes-del-guayas-en-territorio-y-la-uartes\\\/#respond\"]}]},{\"@type\":[\"WebPage\",\"ItemPage\"],\"@id\":\"https:\\\/\\\/www.uartes.edu.ec\\\/sitio\\\/fr\\\/blog\\\/2024\\\/05\\\/16\\\/las-activaciones-artisticas-de-las-escuelas-de-las-artes-del-guayas-en-territorio-y-la-uartes\\\/\",\"url\":\"https:\\\/\\\/www.uartes.edu.ec\\\/sitio\\\/fr\\\/blog\\\/2024\\\/05\\\/16\\\/las-activaciones-artisticas-de-las-escuelas-de-las-artes-del-guayas-en-territorio-y-la-uartes\\\/\",\"name\":\"Universidad de las Artes - Activaciones de Escuelas de las Artes del Guayas en territorio y la UArtes\",\"isPartOf\":{\"@id\":\"https:\\\/\\\/www.uartes.edu.ec\\\/sitio\\\/fr\\\/#website\"},\"primaryImageOfPage\":{\"@id\":\"https:\\\/\\\/www.uartes.edu.ec\\\/sitio\\\/fr\\\/blog\\\/2024\\\/05\\\/16\\\/las-activaciones-artisticas-de-las-escuelas-de-las-artes-del-guayas-en-territorio-y-la-uartes\\\/#primaryimage\"},\"image\":{\"@id\":\"https:\\\/\\\/www.uartes.edu.ec\\\/sitio\\\/fr\\\/blog\\\/2024\\\/05\\\/16\\\/las-activaciones-artisticas-de-las-escuelas-de-las-artes-del-guayas-en-territorio-y-la-uartes\\\/#primaryimage\"},\"thumbnailUrl\":\"https:\\\/\\\/www.uartes.edu.ec\\\/sitio\\\/wp-content\\\/uploads\\\/2024\\\/05\\\/01-EAG-WEB.jpeg\",\"datePublished\":\"2024-05-16T23:26:00+00:00\",\"dateModified\":\"2024-07-04T16:18:58+00:00\",\"description\":\"Universidad de las Artes - Activaciones de Escuelas de las Artes del Guayas en territorio y la UArtes\",\"breadcrumb\":{\"@id\":\"https:\\\/\\\/www.uartes.edu.ec\\\/sitio\\\/fr\\\/blog\\\/2024\\\/05\\\/16\\\/las-activaciones-artisticas-de-las-escuelas-de-las-artes-del-guayas-en-territorio-y-la-uartes\\\/#breadcrumb\"},\"inLanguage\":\"fr-FR\",\"potentialAction\":[{\"@type\":\"ReadAction\",\"target\":[\"https:\\\/\\\/www.uartes.edu.ec\\\/sitio\\\/fr\\\/blog\\\/2024\\\/05\\\/16\\\/las-activaciones-artisticas-de-las-escuelas-de-las-artes-del-guayas-en-territorio-y-la-uartes\\\/\"]}]},{\"@type\":\"ImageObject\",\"inLanguage\":\"fr-FR\",\"@id\":\"https:\\\/\\\/www.uartes.edu.ec\\\/sitio\\\/fr\\\/blog\\\/2024\\\/05\\\/16\\\/las-activaciones-artisticas-de-las-escuelas-de-las-artes-del-guayas-en-territorio-y-la-uartes\\\/#primaryimage\",\"url\":\"https:\\\/\\\/www.uartes.edu.ec\\\/sitio\\\/wp-content\\\/uploads\\\/2024\\\/05\\\/01-EAG-WEB.jpeg\",\"contentUrl\":\"https:\\\/\\\/www.uartes.edu.ec\\\/sitio\\\/wp-content\\\/uploads\\\/2024\\\/05\\\/01-EAG-WEB.jpeg\",\"width\":2000,\"height\":1333},{\"@type\":\"BreadcrumbList\",\"@id\":\"https:\\\/\\\/www.uartes.edu.ec\\\/sitio\\\/fr\\\/blog\\\/2024\\\/05\\\/16\\\/las-activaciones-artisticas-de-las-escuelas-de-las-artes-del-guayas-en-territorio-y-la-uartes\\\/#breadcrumb\",\"itemListElement\":[{\"@type\":\"ListItem\",\"position\":1,\"name\":\"Inicio\",\"item\":\"https:\\\/\\\/www.uartes.edu.ec\\\/sitio\\\/\"},{\"@type\":\"ListItem\",\"position\":2,\"name\":\"Activaciones de Escuelas de las Artes del Guayas en territorio y la UArtes\"}]},{\"@type\":\"WebSite\",\"@id\":\"https:\\\/\\\/www.uartes.edu.ec\\\/sitio\\\/fr\\\/#website\",\"url\":\"https:\\\/\\\/www.uartes.edu.ec\\\/sitio\\\/fr\\\/\",\"name\":\"Universidad de las Artes\",\"description\":\"Sitio oficial de la Universidad Nacional de las Artes del Ecuador\",\"publisher\":{\"@id\":\"https:\\\/\\\/www.uartes.edu.ec\\\/sitio\\\/fr\\\/#organization\"},\"potentialAction\":[{\"@type\":\"SearchAction\",\"target\":{\"@type\":\"EntryPoint\",\"urlTemplate\":\"https:\\\/\\\/www.uartes.edu.ec\\\/sitio\\\/fr\\\/?s={search_term_string}\"},\"query-input\":{\"@type\":\"PropertyValueSpecification\",\"valueRequired\":true,\"valueName\":\"search_term_string\"}}],\"inLanguage\":\"fr-FR\"},{\"@type\":\"Organization\",\"@id\":\"https:\\\/\\\/www.uartes.edu.ec\\\/sitio\\\/fr\\\/#organization\",\"name\":\"Universidad de las Artes\",\"url\":\"https:\\\/\\\/www.uartes.edu.ec\\\/sitio\\\/fr\\\/\",\"logo\":{\"@type\":\"ImageObject\",\"inLanguage\":\"fr-FR\",\"@id\":\"https:\\\/\\\/www.uartes.edu.ec\\\/sitio\\\/fr\\\/#\\\/schema\\\/logo\\\/image\\\/\",\"url\":\"https:\\\/\\\/www.uartes.edu.ec\\\/sitio\\\/wp-content\\\/uploads\\\/2022\\\/07\\\/logo-ua-horizontal.png\",\"contentUrl\":\"https:\\\/\\\/www.uartes.edu.ec\\\/sitio\\\/wp-content\\\/uploads\\\/2022\\\/07\\\/logo-ua-horizontal.png\",\"width\":800,\"height\":276,\"caption\":\"Universidad de las Artes\"},\"image\":{\"@id\":\"https:\\\/\\\/www.uartes.edu.ec\\\/sitio\\\/fr\\\/#\\\/schema\\\/logo\\\/image\\\/\"},\"sameAs\":[\"https:\\\/\\\/www.facebook.com\\\/uartesec\",\"https:\\\/\\\/x.com\\\/uartesec\",\"https:\\\/\\\/www.tiktok.com\\\/@uartesec\"]},{\"@type\":\"Person\",\"@id\":\"https:\\\/\\\/www.uartes.edu.ec\\\/sitio\\\/fr\\\/#\\\/schema\\\/person\\\/efa1b8275797664fd7f13a79ccc0b1f4\",\"name\":\"ccortez\",\"image\":{\"@type\":\"ImageObject\",\"inLanguage\":\"fr-FR\",\"@id\":\"https:\\\/\\\/secure.gravatar.com\\\/avatar\\\/b2a6f664a3ae8e074346ef91775736c5ec479e637ecced6842de9dc98b5da9cd?s=96&d=mm&r=g\",\"url\":\"https:\\\/\\\/secure.gravatar.com\\\/avatar\\\/b2a6f664a3ae8e074346ef91775736c5ec479e637ecced6842de9dc98b5da9cd?s=96&d=mm&r=g\",\"contentUrl\":\"https:\\\/\\\/secure.gravatar.com\\\/avatar\\\/b2a6f664a3ae8e074346ef91775736c5ec479e637ecced6842de9dc98b5da9cd?s=96&d=mm&r=g\",\"caption\":\"ccortez\"},\"url\":\"https:\\\/\\\/www.uartes.edu.ec\\\/sitio\\\/fr\\\/blog\\\/author\\\/ccortez\\\/\"}]}<\/script>\n<!-- \/ Yoast SEO plugin. -->","yoast_head_json":{"title":"Universidad de las Artes - Activaciones de Escuelas de las Artes del Guayas en territorio y la UArtes","description":"Universidad de las Artes - Activaciones de Escuelas de las Artes del Guayas en territorio y la UArtes","robots":{"index":"index","follow":"follow","max-snippet":"max-snippet:-1","max-image-preview":"max-image-preview:large","max-video-preview":"max-video-preview:-1"},"canonical":"https:\/\/www.uartes.edu.ec\/sitio\/fr\/blog\/2024\/05\/16\/las-activaciones-artisticas-de-las-escuelas-de-las-artes-del-guayas-en-territorio-y-la-uartes\/","og_locale":"fr_FR","og_type":"article","og_title":"Universidad de las Artes - Activaciones de Escuelas de las Artes del Guayas en territorio y la UArtes","og_description":"Universidad de las Artes - Activaciones de Escuelas de las Artes del Guayas en territorio y la UArtes","og_url":"https:\/\/www.uartes.edu.ec\/sitio\/fr\/blog\/2024\/05\/16\/las-activaciones-artisticas-de-las-escuelas-de-las-artes-del-guayas-en-territorio-y-la-uartes\/","og_site_name":"Universidad de las Artes","article_publisher":"https:\/\/www.facebook.com\/uartesec","article_published_time":"2024-05-16T23:26:00+00:00","article_modified_time":"2024-07-04T16:18:58+00:00","og_image":[{"width":2000,"height":1333,"url":"https:\/\/www.uartes.edu.ec\/sitio\/wp-content\/uploads\/2024\/05\/01-EAG-WEB.jpeg","type":"image\/jpeg"}],"author":"ccortez","twitter_card":"summary_large_image","twitter_creator":"@uartesec","twitter_site":"@uartesec","twitter_misc":{"\u00c9crit par":"ccortez","Dur\u00e9e de lecture estim\u00e9e":"6 minutes"},"schema":{"@context":"https:\/\/schema.org","@graph":[{"@type":"Article","@id":"https:\/\/www.uartes.edu.ec\/sitio\/fr\/blog\/2024\/05\/16\/las-activaciones-artisticas-de-las-escuelas-de-las-artes-del-guayas-en-territorio-y-la-uartes\/#article","isPartOf":{"@id":"https:\/\/www.uartes.edu.ec\/sitio\/fr\/blog\/2024\/05\/16\/las-activaciones-artisticas-de-las-escuelas-de-las-artes-del-guayas-en-territorio-y-la-uartes\/"},"author":{"name":"ccortez","@id":"https:\/\/www.uartes.edu.ec\/sitio\/fr\/#\/schema\/person\/efa1b8275797664fd7f13a79ccc0b1f4"},"headline":"Activaciones de Escuelas de las Artes del Guayas en territorio y la UArtes","datePublished":"2024-05-16T23:26:00+00:00","dateModified":"2024-07-04T16:18:58+00:00","mainEntityOfPage":{"@id":"https:\/\/www.uartes.edu.ec\/sitio\/fr\/blog\/2024\/05\/16\/las-activaciones-artisticas-de-las-escuelas-de-las-artes-del-guayas-en-territorio-y-la-uartes\/"},"wordCount":1132,"commentCount":0,"publisher":{"@id":"https:\/\/www.uartes.edu.ec\/sitio\/fr\/#organization"},"image":{"@id":"https:\/\/www.uartes.edu.ec\/sitio\/fr\/blog\/2024\/05\/16\/las-activaciones-artisticas-de-las-escuelas-de-las-artes-del-guayas-en-territorio-y-la-uartes\/#primaryimage"},"thumbnailUrl":"https:\/\/www.uartes.edu.ec\/sitio\/wp-content\/uploads\/2024\/05\/01-EAG-WEB.jpeg","keywords":["proyecto"],"articleSection":["Acad\u00e9mico","Artes","Artes Esc\u00e9nicas","Artes Sonoras","Artes Visuales","Cine","Docentes","Estudiantes","Literatura","V\u00ednculo"],"inLanguage":"fr-FR","potentialAction":[{"@type":"CommentAction","name":"Comment","target":["https:\/\/www.uartes.edu.ec\/sitio\/fr\/blog\/2024\/05\/16\/las-activaciones-artisticas-de-las-escuelas-de-las-artes-del-guayas-en-territorio-y-la-uartes\/#respond"]}]},{"@type":["WebPage","ItemPage"],"@id":"https:\/\/www.uartes.edu.ec\/sitio\/fr\/blog\/2024\/05\/16\/las-activaciones-artisticas-de-las-escuelas-de-las-artes-del-guayas-en-territorio-y-la-uartes\/","url":"https:\/\/www.uartes.edu.ec\/sitio\/fr\/blog\/2024\/05\/16\/las-activaciones-artisticas-de-las-escuelas-de-las-artes-del-guayas-en-territorio-y-la-uartes\/","name":"Universidad de las Artes - Activaciones de Escuelas de las Artes del Guayas en territorio y la UArtes","isPartOf":{"@id":"https:\/\/www.uartes.edu.ec\/sitio\/fr\/#website"},"primaryImageOfPage":{"@id":"https:\/\/www.uartes.edu.ec\/sitio\/fr\/blog\/2024\/05\/16\/las-activaciones-artisticas-de-las-escuelas-de-las-artes-del-guayas-en-territorio-y-la-uartes\/#primaryimage"},"image":{"@id":"https:\/\/www.uartes.edu.ec\/sitio\/fr\/blog\/2024\/05\/16\/las-activaciones-artisticas-de-las-escuelas-de-las-artes-del-guayas-en-territorio-y-la-uartes\/#primaryimage"},"thumbnailUrl":"https:\/\/www.uartes.edu.ec\/sitio\/wp-content\/uploads\/2024\/05\/01-EAG-WEB.jpeg","datePublished":"2024-05-16T23:26:00+00:00","dateModified":"2024-07-04T16:18:58+00:00","description":"Universidad de las Artes - Activaciones de Escuelas de las Artes del Guayas en territorio y la UArtes","breadcrumb":{"@id":"https:\/\/www.uartes.edu.ec\/sitio\/fr\/blog\/2024\/05\/16\/las-activaciones-artisticas-de-las-escuelas-de-las-artes-del-guayas-en-territorio-y-la-uartes\/#breadcrumb"},"inLanguage":"fr-FR","potentialAction":[{"@type":"ReadAction","target":["https:\/\/www.uartes.edu.ec\/sitio\/fr\/blog\/2024\/05\/16\/las-activaciones-artisticas-de-las-escuelas-de-las-artes-del-guayas-en-territorio-y-la-uartes\/"]}]},{"@type":"ImageObject","inLanguage":"fr-FR","@id":"https:\/\/www.uartes.edu.ec\/sitio\/fr\/blog\/2024\/05\/16\/las-activaciones-artisticas-de-las-escuelas-de-las-artes-del-guayas-en-territorio-y-la-uartes\/#primaryimage","url":"https:\/\/www.uartes.edu.ec\/sitio\/wp-content\/uploads\/2024\/05\/01-EAG-WEB.jpeg","contentUrl":"https:\/\/www.uartes.edu.ec\/sitio\/wp-content\/uploads\/2024\/05\/01-EAG-WEB.jpeg","width":2000,"height":1333},{"@type":"BreadcrumbList","@id":"https:\/\/www.uartes.edu.ec\/sitio\/fr\/blog\/2024\/05\/16\/las-activaciones-artisticas-de-las-escuelas-de-las-artes-del-guayas-en-territorio-y-la-uartes\/#breadcrumb","itemListElement":[{"@type":"ListItem","position":1,"name":"Inicio","item":"https:\/\/www.uartes.edu.ec\/sitio\/"},{"@type":"ListItem","position":2,"name":"Activaciones de Escuelas de las Artes del Guayas en territorio y la UArtes"}]},{"@type":"WebSite","@id":"https:\/\/www.uartes.edu.ec\/sitio\/fr\/#website","url":"https:\/\/www.uartes.edu.ec\/sitio\/fr\/","name":"Universidad de las Artes","description":"Sitio oficial de la Universidad Nacional de las Artes del Ecuador","publisher":{"@id":"https:\/\/www.uartes.edu.ec\/sitio\/fr\/#organization"},"potentialAction":[{"@type":"SearchAction","target":{"@type":"EntryPoint","urlTemplate":"https:\/\/www.uartes.edu.ec\/sitio\/fr\/?s={search_term_string}"},"query-input":{"@type":"PropertyValueSpecification","valueRequired":true,"valueName":"search_term_string"}}],"inLanguage":"fr-FR"},{"@type":"Organization","@id":"https:\/\/www.uartes.edu.ec\/sitio\/fr\/#organization","name":"Universidad de las Artes","url":"https:\/\/www.uartes.edu.ec\/sitio\/fr\/","logo":{"@type":"ImageObject","inLanguage":"fr-FR","@id":"https:\/\/www.uartes.edu.ec\/sitio\/fr\/#\/schema\/logo\/image\/","url":"https:\/\/www.uartes.edu.ec\/sitio\/wp-content\/uploads\/2022\/07\/logo-ua-horizontal.png","contentUrl":"https:\/\/www.uartes.edu.ec\/sitio\/wp-content\/uploads\/2022\/07\/logo-ua-horizontal.png","width":800,"height":276,"caption":"Universidad de las Artes"},"image":{"@id":"https:\/\/www.uartes.edu.ec\/sitio\/fr\/#\/schema\/logo\/image\/"},"sameAs":["https:\/\/www.facebook.com\/uartesec","https:\/\/x.com\/uartesec","https:\/\/www.tiktok.com\/@uartesec"]},{"@type":"Person","@id":"https:\/\/www.uartes.edu.ec\/sitio\/fr\/#\/schema\/person\/efa1b8275797664fd7f13a79ccc0b1f4","name":"ccortez","image":{"@type":"ImageObject","inLanguage":"fr-FR","@id":"https:\/\/secure.gravatar.com\/avatar\/b2a6f664a3ae8e074346ef91775736c5ec479e637ecced6842de9dc98b5da9cd?s=96&d=mm&r=g","url":"https:\/\/secure.gravatar.com\/avatar\/b2a6f664a3ae8e074346ef91775736c5ec479e637ecced6842de9dc98b5da9cd?s=96&d=mm&r=g","contentUrl":"https:\/\/secure.gravatar.com\/avatar\/b2a6f664a3ae8e074346ef91775736c5ec479e637ecced6842de9dc98b5da9cd?s=96&d=mm&r=g","caption":"ccortez"},"url":"https:\/\/www.uartes.edu.ec\/sitio\/fr\/blog\/author\/ccortez\/"}]}},"uagb_featured_image_src":{"full":["https:\/\/www.uartes.edu.ec\/sitio\/wp-content\/uploads\/2024\/05\/01-EAG-WEB.jpeg",2000,1333,false],"thumbnail":["https:\/\/www.uartes.edu.ec\/sitio\/wp-content\/uploads\/2024\/05\/01-EAG-WEB-150x150.jpeg",150,150,true],"medium":["https:\/\/www.uartes.edu.ec\/sitio\/wp-content\/uploads\/2024\/05\/01-EAG-WEB-300x200.jpeg",300,200,true],"medium_large":["https:\/\/www.uartes.edu.ec\/sitio\/wp-content\/uploads\/2024\/05\/01-EAG-WEB-768x512.jpeg",768,512,true],"large":["https:\/\/www.uartes.edu.ec\/sitio\/wp-content\/uploads\/2024\/05\/01-EAG-WEB-644x429.jpeg",644,429,true],"1536x1536":["https:\/\/www.uartes.edu.ec\/sitio\/wp-content\/uploads\/2024\/05\/01-EAG-WEB-1536x1024.jpeg",1536,1024,true],"2048x2048":["https:\/\/www.uartes.edu.ec\/sitio\/wp-content\/uploads\/2024\/05\/01-EAG-WEB.jpeg",2000,1333,false],"trp-custom-language-flag":["https:\/\/www.uartes.edu.ec\/sitio\/wp-content\/uploads\/2024\/05\/01-EAG-WEB-18x12.jpeg",18,12,true],"htmega_size_585x295":["https:\/\/www.uartes.edu.ec\/sitio\/wp-content\/uploads\/2024\/05\/01-EAG-WEB-585x295.jpeg",585,295,true],"htmega_size_1170x536":["https:\/\/www.uartes.edu.ec\/sitio\/wp-content\/uploads\/2024\/05\/01-EAG-WEB-1170x536.jpeg",1170,536,true],"htmega_size_396x360":["https:\/\/www.uartes.edu.ec\/sitio\/wp-content\/uploads\/2024\/05\/01-EAG-WEB-396x360.jpeg",396,360,true],"gb-block-post-grid-landscape":["https:\/\/www.uartes.edu.ec\/sitio\/wp-content\/uploads\/2024\/05\/01-EAG-WEB-600x400.jpeg",600,400,true],"gb-block-post-grid-square":["https:\/\/www.uartes.edu.ec\/sitio\/wp-content\/uploads\/2024\/05\/01-EAG-WEB-600x600.jpeg",600,600,true],"university-hub-thumb":["https:\/\/www.uartes.edu.ec\/sitio\/wp-content\/uploads\/2024\/05\/01-EAG-WEB-400x267.jpeg",400,267,true]},"uagb_author_info":{"display_name":"ccortez","author_link":"https:\/\/www.uartes.edu.ec\/sitio\/fr\/blog\/author\/ccortez\/"},"uagb_comment_info":0,"uagb_excerpt":"El proyecto Escuelas de las Artes del Guayas, iniciativa de la UArtes y la Prefectura, contin\u00faa su labor en pro de la promoci\u00f3n de los derechos culturales de ni\u00f1as, ni\u00f1os y adolescentes en la provincia. Dos son sus campos de acci\u00f3n: territorio e instalaciones de la universidad, teniendo como contraparte y aliados a los GAD,\u2026","featured_image_src":"https:\/\/www.uartes.edu.ec\/sitio\/wp-content\/uploads\/2024\/05\/01-EAG-WEB-600x400.jpeg","featured_image_src_square":"https:\/\/www.uartes.edu.ec\/sitio\/wp-content\/uploads\/2024\/05\/01-EAG-WEB-600x600.jpeg","author_info":{"display_name":"ccortez","author_link":"https:\/\/www.uartes.edu.ec\/sitio\/fr\/blog\/author\/ccortez\/"},"publishpress_future_workflow_manual_trigger":{"enabledWorkflows":[]},"distributor_meta":false,"distributor_terms":false,"distributor_media":false,"distributor_original_site_name":"Universidad de las Artes","distributor_original_site_url":"https:\/\/www.uartes.edu.ec\/sitio\/fr","push-errors":false,"_links":{"self":[{"href":"https:\/\/www.uartes.edu.ec\/sitio\/fr\/wp-json\/wp\/v2\/posts\/54008","targetHints":{"allow":["GET"]}}],"collection":[{"href":"https:\/\/www.uartes.edu.ec\/sitio\/fr\/wp-json\/wp\/v2\/posts"}],"about":[{"href":"https:\/\/www.uartes.edu.ec\/sitio\/fr\/wp-json\/wp\/v2\/types\/post"}],"author":[{"embeddable":true,"href":"https:\/\/www.uartes.edu.ec\/sitio\/fr\/wp-json\/wp\/v2\/users\/10"}],"replies":[{"embeddable":true,"href":"https:\/\/www.uartes.edu.ec\/sitio\/fr\/wp-json\/wp\/v2\/comments?post=54008"}],"version-history":[{"count":18,"href":"https:\/\/www.uartes.edu.ec\/sitio\/fr\/wp-json\/wp\/v2\/posts\/54008\/revisions"}],"predecessor-version":[{"id":54090,"href":"https:\/\/www.uartes.edu.ec\/sitio\/fr\/wp-json\/wp\/v2\/posts\/54008\/revisions\/54090"}],"wp:featuredmedia":[{"embeddable":true,"href":"https:\/\/www.uartes.edu.ec\/sitio\/fr\/wp-json\/wp\/v2\/media\/54050"}],"wp:attachment":[{"href":"https:\/\/www.uartes.edu.ec\/sitio\/fr\/wp-json\/wp\/v2\/media?parent=54008"}],"wp:term":[{"taxonomy":"category","embeddable":true,"href":"https:\/\/www.uartes.edu.ec\/sitio\/fr\/wp-json\/wp\/v2\/categories?post=54008"},{"taxonomy":"post_tag","embeddable":true,"href":"https:\/\/www.uartes.edu.ec\/sitio\/fr\/wp-json\/wp\/v2\/tags?post=54008"},{"taxonomy":"infouartes","embeddable":true,"href":"https:\/\/www.uartes.edu.ec\/sitio\/fr\/wp-json\/wp\/v2\/infouartes?post=54008"}],"curies":[{"name":"wp","href":"https:\/\/api.w.org\/{rel}","templated":true}]}}