{"id":54365,"date":"2024-05-21T15:03:00","date_gmt":"2024-05-21T20:03:00","guid":{"rendered":"https:\/\/www.uartes.edu.ec\/sitio\/?p=54365"},"modified":"2024-07-04T11:18:57","modified_gmt":"2024-07-04T16:18:57","slug":"uartes-presente-en-la-noche-de-danza-contemporanea-de-enavant","status":"publish","type":"post","link":"https:\/\/www.uartes.edu.ec\/sitio\/fr\/blog\/2024\/05\/21\/uartes-presente-en-la-noche-de-danza-contemporanea-de-enavant\/","title":{"rendered":"UArtes, presente en la \u201cNoche de Danza Contempor\u00e1nea\u201d de EnAvant"},"content":{"rendered":"<p>Dos piezas coreogr\u00e1ficas componen la \u201cNoche de Danza Contempor\u00e1nea\u201d que EnAvant prepara y que tendr\u00e1 tres funciones. La Universidad de las Artes estar\u00e1 presente con los docentes, estudiantes, alumni y una egresada que integran los elencos de la propuesta programada para el viernes 31 de mayo y el s\u00e1bado 1 y domingo 2 de junio, a las 19:00, en Teatro Zona Escena.<\/p>\n\n\n\n<p>\u201cUn mundo feliz\u201d de Javier P\u00e9rez y \u201cA Thousand Tiny Bubbles\u201d de Max McClure, docente UArtes, son las piezas coreogr\u00e1ficas de la Compa\u00f1\u00eda de Danza EnAvant. En ambas participan los alumni Dora Agila, Abigail Cantos, Adri\u00e1n De La Cruz y Keyla Mac\u00edas; los estudiantes C\u00e9sar Pe\u00f1afiel y Miguel C\u00f3rdova.<\/p>\n\n\n<div class=\"wp-block-image\">\n<figure class=\"aligncenter size-large\"><img fetchpriority=\"high\" decoding=\"async\" width=\"644\" height=\"429\" src=\"https:\/\/www.uartes.edu.ec\/sitio\/wp-content\/uploads\/2024\/05\/01-EN-EVANT-644x429.jpeg\" alt=\"\" class=\"wp-image-54370\" srcset=\"https:\/\/www.uartes.edu.ec\/sitio\/wp-content\/uploads\/2024\/05\/01-EN-EVANT-644x429.jpeg 644w, https:\/\/www.uartes.edu.ec\/sitio\/wp-content\/uploads\/2024\/05\/01-EN-EVANT-768x511.jpeg 768w, https:\/\/www.uartes.edu.ec\/sitio\/wp-content\/uploads\/2024\/05\/01-EN-EVANT.jpeg 2000w, https:\/\/www.uartes.edu.ec\/sitio\/wp-content\/uploads\/2024\/05\/01-EN-EVANT-18x12.jpeg 18w, https:\/\/www.uartes.edu.ec\/sitio\/wp-content\/uploads\/2024\/05\/01-EN-EVANT-600x399.jpeg 600w, https:\/\/www.uartes.edu.ec\/sitio\/wp-content\/uploads\/2024\/05\/01-EN-EVANT-272x182.jpeg 272w\" sizes=\"(max-width: 644px) 100vw, 644px\" \/><\/figure>\n<\/div>\n\n\n<p>Tambi\u00e9n, Jacqueline Velarde, egresada de la carrera de Artes Visuales, quien, adem\u00e1s de bailar en la pieza, asume la parte multimedia de la producci\u00f3n; y Alex Cauritongo, estudiante de octavo semestre de la carrera de Danza, quien realiza sus Pr\u00e1cticas PreProfesionales y tiene a su cargo todo el aspecto t\u00e9cnico del evento. La entrada es $ 15.<\/p>\n\n\n\n<h3 class=\"wp-block-heading\">Cooperaci\u00f3n y convenio<\/h3>\n\n\n\n<p>Cabe anotar que, desde el 2019 la carrera de Danza de la UArtes y EnAvant han mantenido una din\u00e1mica de cooperaci\u00f3n favorable para la formaci\u00f3n pr\u00e1ctica de los estudiantes de la Escuela de Artes Esc\u00e9nicas, quienes han sido parte de los procesos de creaci\u00f3n art\u00edstica desarrollados por la compa\u00f1\u00eda. El 29 de abril de 2023 formalizaron la relaci\u00f3n colaborativa con la firma de un convenio de Cooperaci\u00f3n Interinstitucional.<\/p>\n\n\n<div class=\"wp-block-image\">\n<figure class=\"aligncenter size-large\"><img decoding=\"async\" width=\"644\" height=\"429\" src=\"https:\/\/www.uartes.edu.ec\/sitio\/wp-content\/uploads\/2024\/05\/03-EN-EVANT-644x429.jpeg\" alt=\"\" class=\"wp-image-54371\" srcset=\"https:\/\/www.uartes.edu.ec\/sitio\/wp-content\/uploads\/2024\/05\/03-EN-EVANT-644x429.jpeg 644w, https:\/\/www.uartes.edu.ec\/sitio\/wp-content\/uploads\/2024\/05\/03-EN-EVANT-768x511.jpeg 768w, https:\/\/www.uartes.edu.ec\/sitio\/wp-content\/uploads\/2024\/05\/03-EN-EVANT.jpeg 2000w, https:\/\/www.uartes.edu.ec\/sitio\/wp-content\/uploads\/2024\/05\/03-EN-EVANT-18x12.jpeg 18w, https:\/\/www.uartes.edu.ec\/sitio\/wp-content\/uploads\/2024\/05\/03-EN-EVANT-600x399.jpeg 600w, https:\/\/www.uartes.edu.ec\/sitio\/wp-content\/uploads\/2024\/05\/03-EN-EVANT-272x182.jpeg 272w\" sizes=\"(max-width: 644px) 100vw, 644px\" \/><\/figure>\n<\/div>\n\n\n<p>Suscrito por nuestro rector William Herrera y la directora y productora general de la Compa\u00f1\u00eda de Danza EnAvant, Jessica Abouganem, en el acuerdo se se\u00f1ala como prop\u00f3sito establecer bases y criterios de cooperaci\u00f3n interinstitucional para la articulaci\u00f3n de un trabajo mancomunado y comprometido que favorezca a procesos de creaci\u00f3n y difusi\u00f3n art\u00edstica, desde la experiencia docente, el ejercicio de las pr\u00e1cticas preprofesionales, la formaci\u00f3n continua, la investigaci\u00f3n y la vinculaci\u00f3n con la sociedad.<\/p>\n\n\n\n<p>Texto: Cindy Cantos, docente de la Escuela de Artes Esc\u00e9nicas UArtes.<br>Fotos: Cortes\u00eda Compa\u00f1\u00eda de Danza EnAvant.<\/p>","protected":false},"excerpt":{"rendered":"<p>Dos piezas coreogr\u00e1ficas componen la \u201cNoche de Danza Contempor\u00e1nea\u201d que EnAvant prepara y que tendr\u00e1 tres funciones. La Universidad de las Artes estar\u00e1 presente con los docentes, estudiantes, alumni y una egresada que integran los elencos de la propuesta programada para el viernes 31 de mayo y el s\u00e1bado 1 y domingo 2 de junio, a las 19:00, en Teatro Zona Escena.<\/p>","protected":false},"author":10,"featured_media":54369,"comment_status":"open","ping_status":"open","sticky":false,"template":"","format":"standard","meta":{"_acf_changed":false,"_uag_custom_page_level_css":"","_monsterinsights_skip_tracking":false,"_monsterinsights_sitenote_active":false,"_monsterinsights_sitenote_note":"","_monsterinsights_sitenote_category":0,"cybocfi_hide_featured_image":"","footnotes":""},"categories":[80,490,159,75,76,77,79],"tags":[533],"infouartes":[],"class_list":["post-54365","post","type-post","status-publish","format-standard","has-post-thumbnail","hentry","category-academico","category-alumni","category-artes-escenicas","category-docentes","category-estudiantes","category-gestion","category-vinculo","tag-presentacion"],"acf":[],"yoast_head":"<!-- This site is optimized with the Yoast SEO plugin v27.4 - https:\/\/yoast.com\/product\/yoast-seo-wordpress\/ -->\n<title>Universidad de las Artes - UArtes, presente en la \u201cNoche de Danza Contempor\u00e1nea\u201d de EnAvant<\/title>\n<meta name=\"description\" content=\"Universidad de las Artes - UArtes, presente en la \u201cNoche de Danza Contempor\u00e1nea\u201d de EnAvant\" \/>\n<meta name=\"robots\" content=\"index, follow, max-snippet:-1, max-image-preview:large, max-video-preview:-1\" \/>\n<link rel=\"canonical\" href=\"https:\/\/www.uartes.edu.ec\/sitio\/fr\/blog\/2024\/05\/21\/uartes-presente-en-la-noche-de-danza-contemporanea-de-enavant\/\" \/>\n<meta property=\"og:locale\" content=\"fr_FR\" \/>\n<meta property=\"og:type\" content=\"article\" \/>\n<meta property=\"og:title\" content=\"Universidad de las Artes - UArtes, presente en la \u201cNoche de Danza Contempor\u00e1nea\u201d de EnAvant\" \/>\n<meta property=\"og:description\" content=\"Universidad de las Artes - UArtes, presente en la \u201cNoche de Danza Contempor\u00e1nea\u201d de EnAvant\" \/>\n<meta property=\"og:url\" content=\"https:\/\/www.uartes.edu.ec\/sitio\/fr\/blog\/2024\/05\/21\/uartes-presente-en-la-noche-de-danza-contemporanea-de-enavant\/\" \/>\n<meta property=\"og:site_name\" content=\"Universidad de las Artes\" \/>\n<meta property=\"article:publisher\" content=\"https:\/\/www.facebook.com\/uartesec\" \/>\n<meta property=\"article:published_time\" content=\"2024-05-21T20:03:00+00:00\" \/>\n<meta property=\"article:modified_time\" content=\"2024-07-04T16:18:57+00:00\" \/>\n<meta property=\"og:image\" content=\"https:\/\/www.uartes.edu.ec\/sitio\/wp-content\/uploads\/2024\/05\/02-EN-EVANT.jpeg\" \/>\n\t<meta property=\"og:image:width\" content=\"2000\" \/>\n\t<meta property=\"og:image:height\" content=\"1333\" \/>\n\t<meta property=\"og:image:type\" content=\"image\/jpeg\" \/>\n<meta name=\"author\" content=\"ccortez\" \/>\n<meta name=\"twitter:card\" content=\"summary_large_image\" \/>\n<meta name=\"twitter:creator\" content=\"@uartesec\" \/>\n<meta name=\"twitter:site\" content=\"@uartesec\" \/>\n<meta name=\"twitter:label1\" content=\"\u00c9crit par\" \/>\n\t<meta name=\"twitter:data1\" content=\"ccortez\" \/>\n\t<meta name=\"twitter:label2\" content=\"Dur\u00e9e de lecture estim\u00e9e\" \/>\n\t<meta name=\"twitter:data2\" content=\"3 minutes\" \/>\n<script type=\"application\/ld+json\" class=\"yoast-schema-graph\">{\"@context\":\"https:\\\/\\\/schema.org\",\"@graph\":[{\"@type\":\"Article\",\"@id\":\"https:\\\/\\\/www.uartes.edu.ec\\\/sitio\\\/fr\\\/blog\\\/2024\\\/05\\\/21\\\/uartes-presente-en-la-noche-de-danza-contemporanea-de-enavant\\\/#article\",\"isPartOf\":{\"@id\":\"https:\\\/\\\/www.uartes.edu.ec\\\/sitio\\\/fr\\\/blog\\\/2024\\\/05\\\/21\\\/uartes-presente-en-la-noche-de-danza-contemporanea-de-enavant\\\/\"},\"author\":{\"name\":\"ccortez\",\"@id\":\"https:\\\/\\\/www.uartes.edu.ec\\\/sitio\\\/fr\\\/#\\\/schema\\\/person\\\/efa1b8275797664fd7f13a79ccc0b1f4\"},\"headline\":\"UArtes, presente en la \u201cNoche de Danza Contempor\u00e1nea\u201d de EnAvant\",\"datePublished\":\"2024-05-21T20:03:00+00:00\",\"dateModified\":\"2024-07-04T16:18:57+00:00\",\"mainEntityOfPage\":{\"@id\":\"https:\\\/\\\/www.uartes.edu.ec\\\/sitio\\\/fr\\\/blog\\\/2024\\\/05\\\/21\\\/uartes-presente-en-la-noche-de-danza-contemporanea-de-enavant\\\/\"},\"wordCount\":373,\"commentCount\":0,\"publisher\":{\"@id\":\"https:\\\/\\\/www.uartes.edu.ec\\\/sitio\\\/fr\\\/#organization\"},\"image\":{\"@id\":\"https:\\\/\\\/www.uartes.edu.ec\\\/sitio\\\/fr\\\/blog\\\/2024\\\/05\\\/21\\\/uartes-presente-en-la-noche-de-danza-contemporanea-de-enavant\\\/#primaryimage\"},\"thumbnailUrl\":\"https:\\\/\\\/www.uartes.edu.ec\\\/sitio\\\/wp-content\\\/uploads\\\/2024\\\/05\\\/02-EN-EVANT.jpeg\",\"keywords\":[\"presentaci\u00f3n\"],\"articleSection\":[\"Acad\u00e9mico\",\"Alumni\",\"Artes Esc\u00e9nicas\",\"Docentes\",\"Estudiantes\",\"Gesti\u00f3n\",\"V\u00ednculo\"],\"inLanguage\":\"fr-FR\",\"potentialAction\":[{\"@type\":\"CommentAction\",\"name\":\"Comment\",\"target\":[\"https:\\\/\\\/www.uartes.edu.ec\\\/sitio\\\/fr\\\/blog\\\/2024\\\/05\\\/21\\\/uartes-presente-en-la-noche-de-danza-contemporanea-de-enavant\\\/#respond\"]}]},{\"@type\":[\"WebPage\",\"ItemPage\"],\"@id\":\"https:\\\/\\\/www.uartes.edu.ec\\\/sitio\\\/fr\\\/blog\\\/2024\\\/05\\\/21\\\/uartes-presente-en-la-noche-de-danza-contemporanea-de-enavant\\\/\",\"url\":\"https:\\\/\\\/www.uartes.edu.ec\\\/sitio\\\/fr\\\/blog\\\/2024\\\/05\\\/21\\\/uartes-presente-en-la-noche-de-danza-contemporanea-de-enavant\\\/\",\"name\":\"Universidad de las Artes - UArtes, presente en la \u201cNoche de Danza Contempor\u00e1nea\u201d de EnAvant\",\"isPartOf\":{\"@id\":\"https:\\\/\\\/www.uartes.edu.ec\\\/sitio\\\/fr\\\/#website\"},\"primaryImageOfPage\":{\"@id\":\"https:\\\/\\\/www.uartes.edu.ec\\\/sitio\\\/fr\\\/blog\\\/2024\\\/05\\\/21\\\/uartes-presente-en-la-noche-de-danza-contemporanea-de-enavant\\\/#primaryimage\"},\"image\":{\"@id\":\"https:\\\/\\\/www.uartes.edu.ec\\\/sitio\\\/fr\\\/blog\\\/2024\\\/05\\\/21\\\/uartes-presente-en-la-noche-de-danza-contemporanea-de-enavant\\\/#primaryimage\"},\"thumbnailUrl\":\"https:\\\/\\\/www.uartes.edu.ec\\\/sitio\\\/wp-content\\\/uploads\\\/2024\\\/05\\\/02-EN-EVANT.jpeg\",\"datePublished\":\"2024-05-21T20:03:00+00:00\",\"dateModified\":\"2024-07-04T16:18:57+00:00\",\"description\":\"Universidad de las Artes - UArtes, presente en la \u201cNoche de Danza Contempor\u00e1nea\u201d de EnAvant\",\"breadcrumb\":{\"@id\":\"https:\\\/\\\/www.uartes.edu.ec\\\/sitio\\\/fr\\\/blog\\\/2024\\\/05\\\/21\\\/uartes-presente-en-la-noche-de-danza-contemporanea-de-enavant\\\/#breadcrumb\"},\"inLanguage\":\"fr-FR\",\"potentialAction\":[{\"@type\":\"ReadAction\",\"target\":[\"https:\\\/\\\/www.uartes.edu.ec\\\/sitio\\\/fr\\\/blog\\\/2024\\\/05\\\/21\\\/uartes-presente-en-la-noche-de-danza-contemporanea-de-enavant\\\/\"]}]},{\"@type\":\"ImageObject\",\"inLanguage\":\"fr-FR\",\"@id\":\"https:\\\/\\\/www.uartes.edu.ec\\\/sitio\\\/fr\\\/blog\\\/2024\\\/05\\\/21\\\/uartes-presente-en-la-noche-de-danza-contemporanea-de-enavant\\\/#primaryimage\",\"url\":\"https:\\\/\\\/www.uartes.edu.ec\\\/sitio\\\/wp-content\\\/uploads\\\/2024\\\/05\\\/02-EN-EVANT.jpeg\",\"contentUrl\":\"https:\\\/\\\/www.uartes.edu.ec\\\/sitio\\\/wp-content\\\/uploads\\\/2024\\\/05\\\/02-EN-EVANT.jpeg\",\"width\":2000,\"height\":1333},{\"@type\":\"BreadcrumbList\",\"@id\":\"https:\\\/\\\/www.uartes.edu.ec\\\/sitio\\\/fr\\\/blog\\\/2024\\\/05\\\/21\\\/uartes-presente-en-la-noche-de-danza-contemporanea-de-enavant\\\/#breadcrumb\",\"itemListElement\":[{\"@type\":\"ListItem\",\"position\":1,\"name\":\"Inicio\",\"item\":\"https:\\\/\\\/www.uartes.edu.ec\\\/sitio\\\/\"},{\"@type\":\"ListItem\",\"position\":2,\"name\":\"UArtes, presente en la \u201cNoche de Danza Contempor\u00e1nea\u201d de EnAvant\"}]},{\"@type\":\"WebSite\",\"@id\":\"https:\\\/\\\/www.uartes.edu.ec\\\/sitio\\\/fr\\\/#website\",\"url\":\"https:\\\/\\\/www.uartes.edu.ec\\\/sitio\\\/fr\\\/\",\"name\":\"Universidad de las Artes\",\"description\":\"Sitio oficial de la Universidad Nacional de las Artes del Ecuador\",\"publisher\":{\"@id\":\"https:\\\/\\\/www.uartes.edu.ec\\\/sitio\\\/fr\\\/#organization\"},\"potentialAction\":[{\"@type\":\"SearchAction\",\"target\":{\"@type\":\"EntryPoint\",\"urlTemplate\":\"https:\\\/\\\/www.uartes.edu.ec\\\/sitio\\\/fr\\\/?s={search_term_string}\"},\"query-input\":{\"@type\":\"PropertyValueSpecification\",\"valueRequired\":true,\"valueName\":\"search_term_string\"}}],\"inLanguage\":\"fr-FR\"},{\"@type\":\"Organization\",\"@id\":\"https:\\\/\\\/www.uartes.edu.ec\\\/sitio\\\/fr\\\/#organization\",\"name\":\"Universidad de las Artes\",\"url\":\"https:\\\/\\\/www.uartes.edu.ec\\\/sitio\\\/fr\\\/\",\"logo\":{\"@type\":\"ImageObject\",\"inLanguage\":\"fr-FR\",\"@id\":\"https:\\\/\\\/www.uartes.edu.ec\\\/sitio\\\/fr\\\/#\\\/schema\\\/logo\\\/image\\\/\",\"url\":\"https:\\\/\\\/www.uartes.edu.ec\\\/sitio\\\/wp-content\\\/uploads\\\/2022\\\/07\\\/logo-ua-horizontal.png\",\"contentUrl\":\"https:\\\/\\\/www.uartes.edu.ec\\\/sitio\\\/wp-content\\\/uploads\\\/2022\\\/07\\\/logo-ua-horizontal.png\",\"width\":800,\"height\":276,\"caption\":\"Universidad de las Artes\"},\"image\":{\"@id\":\"https:\\\/\\\/www.uartes.edu.ec\\\/sitio\\\/fr\\\/#\\\/schema\\\/logo\\\/image\\\/\"},\"sameAs\":[\"https:\\\/\\\/www.facebook.com\\\/uartesec\",\"https:\\\/\\\/x.com\\\/uartesec\",\"https:\\\/\\\/www.tiktok.com\\\/@uartesec\"]},{\"@type\":\"Person\",\"@id\":\"https:\\\/\\\/www.uartes.edu.ec\\\/sitio\\\/fr\\\/#\\\/schema\\\/person\\\/efa1b8275797664fd7f13a79ccc0b1f4\",\"name\":\"ccortez\",\"image\":{\"@type\":\"ImageObject\",\"inLanguage\":\"fr-FR\",\"@id\":\"https:\\\/\\\/secure.gravatar.com\\\/avatar\\\/b2a6f664a3ae8e074346ef91775736c5ec479e637ecced6842de9dc98b5da9cd?s=96&d=mm&r=g\",\"url\":\"https:\\\/\\\/secure.gravatar.com\\\/avatar\\\/b2a6f664a3ae8e074346ef91775736c5ec479e637ecced6842de9dc98b5da9cd?s=96&d=mm&r=g\",\"contentUrl\":\"https:\\\/\\\/secure.gravatar.com\\\/avatar\\\/b2a6f664a3ae8e074346ef91775736c5ec479e637ecced6842de9dc98b5da9cd?s=96&d=mm&r=g\",\"caption\":\"ccortez\"},\"url\":\"https:\\\/\\\/www.uartes.edu.ec\\\/sitio\\\/fr\\\/blog\\\/author\\\/ccortez\\\/\"}]}<\/script>\n<!-- \/ Yoast SEO plugin. -->","yoast_head_json":{"title":"Universidad de las Artes - UArtes, presente en la \u201cNoche de Danza Contempor\u00e1nea\u201d de EnAvant","description":"Universidad de las Artes - UArtes, presente en la \u201cNoche de Danza Contempor\u00e1nea\u201d de EnAvant","robots":{"index":"index","follow":"follow","max-snippet":"max-snippet:-1","max-image-preview":"max-image-preview:large","max-video-preview":"max-video-preview:-1"},"canonical":"https:\/\/www.uartes.edu.ec\/sitio\/fr\/blog\/2024\/05\/21\/uartes-presente-en-la-noche-de-danza-contemporanea-de-enavant\/","og_locale":"fr_FR","og_type":"article","og_title":"Universidad de las Artes - UArtes, presente en la \u201cNoche de Danza Contempor\u00e1nea\u201d de EnAvant","og_description":"Universidad de las Artes - UArtes, presente en la \u201cNoche de Danza Contempor\u00e1nea\u201d de EnAvant","og_url":"https:\/\/www.uartes.edu.ec\/sitio\/fr\/blog\/2024\/05\/21\/uartes-presente-en-la-noche-de-danza-contemporanea-de-enavant\/","og_site_name":"Universidad de las Artes","article_publisher":"https:\/\/www.facebook.com\/uartesec","article_published_time":"2024-05-21T20:03:00+00:00","article_modified_time":"2024-07-04T16:18:57+00:00","og_image":[{"width":2000,"height":1333,"url":"https:\/\/www.uartes.edu.ec\/sitio\/wp-content\/uploads\/2024\/05\/02-EN-EVANT.jpeg","type":"image\/jpeg"}],"author":"ccortez","twitter_card":"summary_large_image","twitter_creator":"@uartesec","twitter_site":"@uartesec","twitter_misc":{"\u00c9crit par":"ccortez","Dur\u00e9e de lecture estim\u00e9e":"3 minutes"},"schema":{"@context":"https:\/\/schema.org","@graph":[{"@type":"Article","@id":"https:\/\/www.uartes.edu.ec\/sitio\/fr\/blog\/2024\/05\/21\/uartes-presente-en-la-noche-de-danza-contemporanea-de-enavant\/#article","isPartOf":{"@id":"https:\/\/www.uartes.edu.ec\/sitio\/fr\/blog\/2024\/05\/21\/uartes-presente-en-la-noche-de-danza-contemporanea-de-enavant\/"},"author":{"name":"ccortez","@id":"https:\/\/www.uartes.edu.ec\/sitio\/fr\/#\/schema\/person\/efa1b8275797664fd7f13a79ccc0b1f4"},"headline":"UArtes, presente en la \u201cNoche de Danza Contempor\u00e1nea\u201d de EnAvant","datePublished":"2024-05-21T20:03:00+00:00","dateModified":"2024-07-04T16:18:57+00:00","mainEntityOfPage":{"@id":"https:\/\/www.uartes.edu.ec\/sitio\/fr\/blog\/2024\/05\/21\/uartes-presente-en-la-noche-de-danza-contemporanea-de-enavant\/"},"wordCount":373,"commentCount":0,"publisher":{"@id":"https:\/\/www.uartes.edu.ec\/sitio\/fr\/#organization"},"image":{"@id":"https:\/\/www.uartes.edu.ec\/sitio\/fr\/blog\/2024\/05\/21\/uartes-presente-en-la-noche-de-danza-contemporanea-de-enavant\/#primaryimage"},"thumbnailUrl":"https:\/\/www.uartes.edu.ec\/sitio\/wp-content\/uploads\/2024\/05\/02-EN-EVANT.jpeg","keywords":["presentaci\u00f3n"],"articleSection":["Acad\u00e9mico","Alumni","Artes Esc\u00e9nicas","Docentes","Estudiantes","Gesti\u00f3n","V\u00ednculo"],"inLanguage":"fr-FR","potentialAction":[{"@type":"CommentAction","name":"Comment","target":["https:\/\/www.uartes.edu.ec\/sitio\/fr\/blog\/2024\/05\/21\/uartes-presente-en-la-noche-de-danza-contemporanea-de-enavant\/#respond"]}]},{"@type":["WebPage","ItemPage"],"@id":"https:\/\/www.uartes.edu.ec\/sitio\/fr\/blog\/2024\/05\/21\/uartes-presente-en-la-noche-de-danza-contemporanea-de-enavant\/","url":"https:\/\/www.uartes.edu.ec\/sitio\/fr\/blog\/2024\/05\/21\/uartes-presente-en-la-noche-de-danza-contemporanea-de-enavant\/","name":"Universidad de las Artes - UArtes, presente en la \u201cNoche de Danza Contempor\u00e1nea\u201d de EnAvant","isPartOf":{"@id":"https:\/\/www.uartes.edu.ec\/sitio\/fr\/#website"},"primaryImageOfPage":{"@id":"https:\/\/www.uartes.edu.ec\/sitio\/fr\/blog\/2024\/05\/21\/uartes-presente-en-la-noche-de-danza-contemporanea-de-enavant\/#primaryimage"},"image":{"@id":"https:\/\/www.uartes.edu.ec\/sitio\/fr\/blog\/2024\/05\/21\/uartes-presente-en-la-noche-de-danza-contemporanea-de-enavant\/#primaryimage"},"thumbnailUrl":"https:\/\/www.uartes.edu.ec\/sitio\/wp-content\/uploads\/2024\/05\/02-EN-EVANT.jpeg","datePublished":"2024-05-21T20:03:00+00:00","dateModified":"2024-07-04T16:18:57+00:00","description":"Universidad de las Artes - UArtes, presente en la \u201cNoche de Danza Contempor\u00e1nea\u201d de EnAvant","breadcrumb":{"@id":"https:\/\/www.uartes.edu.ec\/sitio\/fr\/blog\/2024\/05\/21\/uartes-presente-en-la-noche-de-danza-contemporanea-de-enavant\/#breadcrumb"},"inLanguage":"fr-FR","potentialAction":[{"@type":"ReadAction","target":["https:\/\/www.uartes.edu.ec\/sitio\/fr\/blog\/2024\/05\/21\/uartes-presente-en-la-noche-de-danza-contemporanea-de-enavant\/"]}]},{"@type":"ImageObject","inLanguage":"fr-FR","@id":"https:\/\/www.uartes.edu.ec\/sitio\/fr\/blog\/2024\/05\/21\/uartes-presente-en-la-noche-de-danza-contemporanea-de-enavant\/#primaryimage","url":"https:\/\/www.uartes.edu.ec\/sitio\/wp-content\/uploads\/2024\/05\/02-EN-EVANT.jpeg","contentUrl":"https:\/\/www.uartes.edu.ec\/sitio\/wp-content\/uploads\/2024\/05\/02-EN-EVANT.jpeg","width":2000,"height":1333},{"@type":"BreadcrumbList","@id":"https:\/\/www.uartes.edu.ec\/sitio\/fr\/blog\/2024\/05\/21\/uartes-presente-en-la-noche-de-danza-contemporanea-de-enavant\/#breadcrumb","itemListElement":[{"@type":"ListItem","position":1,"name":"Inicio","item":"https:\/\/www.uartes.edu.ec\/sitio\/"},{"@type":"ListItem","position":2,"name":"UArtes, presente en la \u201cNoche de Danza Contempor\u00e1nea\u201d de EnAvant"}]},{"@type":"WebSite","@id":"https:\/\/www.uartes.edu.ec\/sitio\/fr\/#website","url":"https:\/\/www.uartes.edu.ec\/sitio\/fr\/","name":"Universidad de las Artes","description":"Sitio oficial de la Universidad Nacional de las Artes del Ecuador","publisher":{"@id":"https:\/\/www.uartes.edu.ec\/sitio\/fr\/#organization"},"potentialAction":[{"@type":"SearchAction","target":{"@type":"EntryPoint","urlTemplate":"https:\/\/www.uartes.edu.ec\/sitio\/fr\/?s={search_term_string}"},"query-input":{"@type":"PropertyValueSpecification","valueRequired":true,"valueName":"search_term_string"}}],"inLanguage":"fr-FR"},{"@type":"Organization","@id":"https:\/\/www.uartes.edu.ec\/sitio\/fr\/#organization","name":"Universidad de las Artes","url":"https:\/\/www.uartes.edu.ec\/sitio\/fr\/","logo":{"@type":"ImageObject","inLanguage":"fr-FR","@id":"https:\/\/www.uartes.edu.ec\/sitio\/fr\/#\/schema\/logo\/image\/","url":"https:\/\/www.uartes.edu.ec\/sitio\/wp-content\/uploads\/2022\/07\/logo-ua-horizontal.png","contentUrl":"https:\/\/www.uartes.edu.ec\/sitio\/wp-content\/uploads\/2022\/07\/logo-ua-horizontal.png","width":800,"height":276,"caption":"Universidad de las Artes"},"image":{"@id":"https:\/\/www.uartes.edu.ec\/sitio\/fr\/#\/schema\/logo\/image\/"},"sameAs":["https:\/\/www.facebook.com\/uartesec","https:\/\/x.com\/uartesec","https:\/\/www.tiktok.com\/@uartesec"]},{"@type":"Person","@id":"https:\/\/www.uartes.edu.ec\/sitio\/fr\/#\/schema\/person\/efa1b8275797664fd7f13a79ccc0b1f4","name":"ccortez","image":{"@type":"ImageObject","inLanguage":"fr-FR","@id":"https:\/\/secure.gravatar.com\/avatar\/b2a6f664a3ae8e074346ef91775736c5ec479e637ecced6842de9dc98b5da9cd?s=96&d=mm&r=g","url":"https:\/\/secure.gravatar.com\/avatar\/b2a6f664a3ae8e074346ef91775736c5ec479e637ecced6842de9dc98b5da9cd?s=96&d=mm&r=g","contentUrl":"https:\/\/secure.gravatar.com\/avatar\/b2a6f664a3ae8e074346ef91775736c5ec479e637ecced6842de9dc98b5da9cd?s=96&d=mm&r=g","caption":"ccortez"},"url":"https:\/\/www.uartes.edu.ec\/sitio\/fr\/blog\/author\/ccortez\/"}]}},"uagb_featured_image_src":{"full":["https:\/\/www.uartes.edu.ec\/sitio\/wp-content\/uploads\/2024\/05\/02-EN-EVANT.jpeg",2000,1333,false],"thumbnail":["https:\/\/www.uartes.edu.ec\/sitio\/wp-content\/uploads\/2024\/05\/02-EN-EVANT-150x150.jpeg",150,150,true],"medium":["https:\/\/www.uartes.edu.ec\/sitio\/wp-content\/uploads\/2024\/05\/02-EN-EVANT-300x200.jpeg",300,200,true],"medium_large":["https:\/\/www.uartes.edu.ec\/sitio\/wp-content\/uploads\/2024\/05\/02-EN-EVANT-768x512.jpeg",768,512,true],"large":["https:\/\/www.uartes.edu.ec\/sitio\/wp-content\/uploads\/2024\/05\/02-EN-EVANT-644x429.jpeg",644,429,true],"1536x1536":["https:\/\/www.uartes.edu.ec\/sitio\/wp-content\/uploads\/2024\/05\/02-EN-EVANT-1536x1024.jpeg",1536,1024,true],"2048x2048":["https:\/\/www.uartes.edu.ec\/sitio\/wp-content\/uploads\/2024\/05\/02-EN-EVANT.jpeg",2000,1333,false],"trp-custom-language-flag":["https:\/\/www.uartes.edu.ec\/sitio\/wp-content\/uploads\/2024\/05\/02-EN-EVANT-18x12.jpeg",18,12,true],"htmega_size_585x295":["https:\/\/www.uartes.edu.ec\/sitio\/wp-content\/uploads\/2024\/05\/02-EN-EVANT-585x295.jpeg",585,295,true],"htmega_size_1170x536":["https:\/\/www.uartes.edu.ec\/sitio\/wp-content\/uploads\/2024\/05\/02-EN-EVANT-1170x536.jpeg",1170,536,true],"htmega_size_396x360":["https:\/\/www.uartes.edu.ec\/sitio\/wp-content\/uploads\/2024\/05\/02-EN-EVANT-396x360.jpeg",396,360,true],"gb-block-post-grid-landscape":["https:\/\/www.uartes.edu.ec\/sitio\/wp-content\/uploads\/2024\/05\/02-EN-EVANT-600x400.jpeg",600,400,true],"gb-block-post-grid-square":["https:\/\/www.uartes.edu.ec\/sitio\/wp-content\/uploads\/2024\/05\/02-EN-EVANT-600x600.jpeg",600,600,true],"university-hub-thumb":["https:\/\/www.uartes.edu.ec\/sitio\/wp-content\/uploads\/2024\/05\/02-EN-EVANT-400x267.jpeg",400,267,true]},"uagb_author_info":{"display_name":"ccortez","author_link":"https:\/\/www.uartes.edu.ec\/sitio\/fr\/blog\/author\/ccortez\/"},"uagb_comment_info":0,"uagb_excerpt":"Dos piezas coreogr\u00e1ficas componen la \u201cNoche de Danza Contempor\u00e1nea\u201d que EnAvant prepara y que tendr\u00e1 tres funciones. La Universidad de las Artes estar\u00e1 presente con los docentes, estudiantes, alumni y una egresada que integran los elencos de la propuesta programada para el viernes 31 de mayo y el s\u00e1bado 1 y domingo 2 de junio,\u2026","featured_image_src":"https:\/\/www.uartes.edu.ec\/sitio\/wp-content\/uploads\/2024\/05\/02-EN-EVANT-600x400.jpeg","featured_image_src_square":"https:\/\/www.uartes.edu.ec\/sitio\/wp-content\/uploads\/2024\/05\/02-EN-EVANT-600x600.jpeg","author_info":{"display_name":"ccortez","author_link":"https:\/\/www.uartes.edu.ec\/sitio\/fr\/blog\/author\/ccortez\/"},"publishpress_future_workflow_manual_trigger":{"enabledWorkflows":[]},"distributor_meta":false,"distributor_terms":false,"distributor_media":false,"distributor_original_site_name":"Universidad de las Artes","distributor_original_site_url":"https:\/\/www.uartes.edu.ec\/sitio\/fr","push-errors":false,"_links":{"self":[{"href":"https:\/\/www.uartes.edu.ec\/sitio\/fr\/wp-json\/wp\/v2\/posts\/54365","targetHints":{"allow":["GET"]}}],"collection":[{"href":"https:\/\/www.uartes.edu.ec\/sitio\/fr\/wp-json\/wp\/v2\/posts"}],"about":[{"href":"https:\/\/www.uartes.edu.ec\/sitio\/fr\/wp-json\/wp\/v2\/types\/post"}],"author":[{"embeddable":true,"href":"https:\/\/www.uartes.edu.ec\/sitio\/fr\/wp-json\/wp\/v2\/users\/10"}],"replies":[{"embeddable":true,"href":"https:\/\/www.uartes.edu.ec\/sitio\/fr\/wp-json\/wp\/v2\/comments?post=54365"}],"version-history":[{"count":5,"href":"https:\/\/www.uartes.edu.ec\/sitio\/fr\/wp-json\/wp\/v2\/posts\/54365\/revisions"}],"predecessor-version":[{"id":54378,"href":"https:\/\/www.uartes.edu.ec\/sitio\/fr\/wp-json\/wp\/v2\/posts\/54365\/revisions\/54378"}],"wp:featuredmedia":[{"embeddable":true,"href":"https:\/\/www.uartes.edu.ec\/sitio\/fr\/wp-json\/wp\/v2\/media\/54369"}],"wp:attachment":[{"href":"https:\/\/www.uartes.edu.ec\/sitio\/fr\/wp-json\/wp\/v2\/media?parent=54365"}],"wp:term":[{"taxonomy":"category","embeddable":true,"href":"https:\/\/www.uartes.edu.ec\/sitio\/fr\/wp-json\/wp\/v2\/categories?post=54365"},{"taxonomy":"post_tag","embeddable":true,"href":"https:\/\/www.uartes.edu.ec\/sitio\/fr\/wp-json\/wp\/v2\/tags?post=54365"},{"taxonomy":"infouartes","embeddable":true,"href":"https:\/\/www.uartes.edu.ec\/sitio\/fr\/wp-json\/wp\/v2\/infouartes?post=54365"}],"curies":[{"name":"wp","href":"https:\/\/api.w.org\/{rel}","templated":true}]}}