{"id":54379,"date":"2024-05-22T18:49:00","date_gmt":"2024-05-22T23:49:00","guid":{"rendered":"https:\/\/www.uartes.edu.ec\/sitio\/?p=54379"},"modified":"2024-07-04T11:18:56","modified_gmt":"2024-07-04T16:18:56","slug":"muegano-teatro-y-uartes-en-cooperacion-interinstitucional-por-las-artes-escenicas","status":"publish","type":"post","link":"https:\/\/www.uartes.edu.ec\/sitio\/fr\/blog\/2024\/05\/22\/muegano-teatro-y-uartes-en-cooperacion-interinstitucional-por-las-artes-escenicas\/","title":{"rendered":"Mu\u00e9gano Teatro y UArtes afianzan v\u00ednculos con la firma de un convenio de cooperaci\u00f3n por las artes esc\u00e9nicas"},"content":{"rendered":"<p>Un Convenio de Cooperaci\u00f3n Interinstitucional suscribieron la Universidad de las Artes y la Fundaci\u00f3n Cultural Mu\u00e9gano Teatro para el desarrollo de programas, proyectos y actividades de formaci\u00f3n, vinculaci\u00f3n, investigaci\u00f3n e innovaci\u00f3n que contribuyan a la creaci\u00f3n, experimentaci\u00f3n, producci\u00f3n, gesti\u00f3n y circulaci\u00f3n de pr\u00e1cticas art\u00edsticas en el marco de sus objetivos institucionales.<\/p>\n\n\n\n<p>De la firma del convenio, Estefan\u00eda Rodr\u00edguez, coordinadora general de Mu\u00e9gano Teatro, coment\u00f3 que las actividades a desarrollar en espec\u00edfico estar\u00e1n en funci\u00f3n de las necesidades y acuerdos entre cada una de las instituciones. Agreg\u00f3 como primordial establecer y afianzar las relaciones con la Escuela de Artes Esc\u00e9nicas de la UArtes.&nbsp;<\/p>\n\n\n\n<p>Del origen e inicios de Mu\u00e9gano Teatro, Rodr\u00edguez record\u00f3 que como grupalidad teatral surgi\u00f3 en Madrid en el 2000 y que la fundaci\u00f3n se constituy\u00f3 en el 2008. \u201cEs el brazo legal del grupo, creado precisamente para poder colaborar&nbsp;con otras instituciones de manera m\u00e1s efectiva. A trav\u00e9s de esta estructura, buscamos acceder a una mayor variedad de proyectos, explorar nuevas fuentes de financiamiento y fortalecer nuestra presencia de manera m\u00e1s formal en el \u00e1mbito de las artes esc\u00e9nicas\u201d.<\/p>\n\n\n<div class=\"wp-block-image\">\n<figure class=\"aligncenter size-large\"><img fetchpriority=\"high\" decoding=\"async\" width=\"644\" height=\"429\" src=\"https:\/\/www.uartes.edu.ec\/sitio\/wp-content\/uploads\/2024\/05\/02-MUEGANO-TEATRO-644x429.jpg\" alt=\"\" class=\"wp-image-54382\" srcset=\"https:\/\/www.uartes.edu.ec\/sitio\/wp-content\/uploads\/2024\/05\/02-MUEGANO-TEATRO-644x429.jpg 644w, https:\/\/www.uartes.edu.ec\/sitio\/wp-content\/uploads\/2024\/05\/02-MUEGANO-TEATRO-768x511.jpg 768w, https:\/\/www.uartes.edu.ec\/sitio\/wp-content\/uploads\/2024\/05\/02-MUEGANO-TEATRO.jpg 2000w, https:\/\/www.uartes.edu.ec\/sitio\/wp-content\/uploads\/2024\/05\/02-MUEGANO-TEATRO-18x12.jpg 18w, https:\/\/www.uartes.edu.ec\/sitio\/wp-content\/uploads\/2024\/05\/02-MUEGANO-TEATRO-600x399.jpg 600w, https:\/\/www.uartes.edu.ec\/sitio\/wp-content\/uploads\/2024\/05\/02-MUEGANO-TEATRO-272x182.jpg 272w\" sizes=\"(max-width: 644px) 100vw, 644px\" \/><\/figure>\n<\/div>\n\n\n<h3 class=\"wp-block-heading\">Los antecedentes y la trayectoria<\/h3>\n\n\n\n<p>La informaci\u00f3n que acompa\u00f1a la suscripci\u00f3n del convenio, recabada por la Direcci\u00f3n de Vinculaci\u00f3n con la Sociedad de la UArtes, indica que la Fundaci\u00f3n Cultural Mu\u00e9gano Teatro es una organizaci\u00f3n social que dedicada a la creaci\u00f3n, investigaci\u00f3n, experimentaci\u00f3n, gesti\u00f3n y producci\u00f3n cultural. Su creaci\u00f3n se dio el 16 de junio del 2008, mediante Acuerdo Ministerial Nro. 046, \u201ccomo grupo de teatro independiente latinoamericano, originado en M\u00e9xico y fundado en Madrid por Pilar Aranda, Itzel Cuevas y Santiago Rold\u00f3s en el 2000\u201d.<\/p>\n\n\n\n<p>El 25 de noviembre del 2018, la Fundaci\u00f3n Cultural Mu\u00e9gano Teatro y la Universidad de las Artes suscribieron un convenio espec\u00edfico de cooperaci\u00f3n interinstitucional para la realizaci\u00f3n de diferentes actividades acad\u00e9micas, art\u00edsticas y culturales que se desarrollar\u00edan dentro del \u201cI Encuentro Esc\u00e9nico: Creaci\u00f3n y Pedagog\u00eda\u201d, en beneficio de la comunidad universitaria de la UArtes y de la comunidad en general, del 30 de noviembre al 7 de diciembre del 2018.<\/p>\n\n\n\n<p>El 22 de noviembre del 2021, la presidenta de la Fundaci\u00f3n Cultural Mu\u00e9gano Teatro, Tnlga. Pilar Aranda, expres\u00f3 mediante un oficio remitido al rector de la Universidad de las Artes, Dr. William Herrera, su intenci\u00f3n y voluntad de oficializar una nueva relaci\u00f3n de cooperaci\u00f3n interinstitucional que permita de manera sostenida la realizaci\u00f3n de pr\u00e1cticas preprofesionales y la programaci\u00f3n de propuestas de formaci\u00f3n continua para beneficio de la estudiantes, docentes y p\u00fablico en general.<\/p>\n\n\n\n<p>La Fundaci\u00f3n Cultural Mu\u00e9gano Teatro es una organizaci\u00f3n social y cultural de gran importancia para la escena art\u00edstica local y nacional, as\u00ed como para la Universidad de las Artes, pues sus miembros fundadores dirigieron la carrera de Teatro del Instituto Superior Tecnol\u00f3gico de Artes del Ecuador (ITAE), instituci\u00f3n adscrita a la UArtes.<\/p>\n\n\n<div class=\"wp-block-image\">\n<figure class=\"aligncenter size-large\"><img decoding=\"async\" width=\"644\" height=\"429\" src=\"https:\/\/www.uartes.edu.ec\/sitio\/wp-content\/uploads\/2024\/05\/03-MUEGANO-TEATRO-644x429.jpg\" alt=\"\" class=\"wp-image-54381\" srcset=\"https:\/\/www.uartes.edu.ec\/sitio\/wp-content\/uploads\/2024\/05\/03-MUEGANO-TEATRO-644x429.jpg 644w, https:\/\/www.uartes.edu.ec\/sitio\/wp-content\/uploads\/2024\/05\/03-MUEGANO-TEATRO-768x511.jpg 768w, https:\/\/www.uartes.edu.ec\/sitio\/wp-content\/uploads\/2024\/05\/03-MUEGANO-TEATRO.jpg 2000w, https:\/\/www.uartes.edu.ec\/sitio\/wp-content\/uploads\/2024\/05\/03-MUEGANO-TEATRO-18x12.jpg 18w, https:\/\/www.uartes.edu.ec\/sitio\/wp-content\/uploads\/2024\/05\/03-MUEGANO-TEATRO-600x399.jpg 600w, https:\/\/www.uartes.edu.ec\/sitio\/wp-content\/uploads\/2024\/05\/03-MUEGANO-TEATRO-272x182.jpg 272w\" sizes=\"(max-width: 644px) 100vw, 644px\" \/><figcaption class=\"wp-element-caption\">Santiago Rold\u00f3s, Estefan\u00eda  Rodr\u00edguez (c) y Pilar Aranda, de la Fundaci\u00f3n Cultural Mu\u00e9gano Teatro.<\/figcaption><\/figure>\n<\/div>\n\n\n<p>Mu\u00e9gano Teatro, como fundaci\u00f3n cultural y agrupaci\u00f3n art\u00edstica, ha promovido el desarrollo de espacios para el di\u00e1logo y debate sobre temas relacionados al arte, los derechos culturales y la diversidad, as\u00ed como tambi\u00e9n para el aprendizaje\/ense\u00f1anza de pr\u00e1cticas esc\u00e9nicas y corporales.<\/p>\n\n\n\n<p>En la actualidad, cuenta con un espacio propio, ubicado en el callej\u00f3n Magallanes de la Zona Rosa, cedido en comodato por el Municipio de Guayaquil y construido por la Fundaci\u00f3n Guayaquil Siglo XXI para la promoci\u00f3n y difusi\u00f3n del arte y la cultura por 25 a\u00f1os, desde el 2018. El espacio y la gesti\u00f3n del mismo ha permitido la programaci\u00f3n y circulaci\u00f3n de pr\u00e1cticas art\u00edsticas, provenientes de artistas locales, nacionales e internacionales.<\/p>\n\n\n\n<p>Mu\u00e9gano Teatro ha sido tambi\u00e9n un importante colaborador para la Escuela de Creaci\u00f3n Teatral de la Universidad de las Artes, pues ha permitido la vinculaci\u00f3n de docentes y estudiantes en distintos procesos creativos y de producci\u00f3n para el desarrollo de obras de teatro y talleres especializados.<\/p>\n\n\n\n<p>Son administradoras del convenio las mag\u00edsteres Mar\u00eda Dolores Ortiz, coordinadora de la carrera de Creaci\u00f3n Teatral de la UArtes, y Estefan\u00eda Rodr\u00edguez, coordinadora general de Fundaci\u00f3n Cultural Mu\u00e9gano Teatro.<\/p>\n\n\n\n<p>Fotos: Cortes\u00eda Fundaci\u00f3n Cultural Mu\u00e9gano Teatro. <\/p>","protected":false},"excerpt":{"rendered":"<p>Un Convenio de Cooperaci\u00f3n Interinstitucional suscribieron la Universidad de las Artes y la Fundaci\u00f3n Cultural Mu\u00e9gano Teatro para el desarrollo de programas, proyectos y actividades de formaci\u00f3n, vinculaci\u00f3n, investigaci\u00f3n e innovaci\u00f3n que contribuyan a la creaci\u00f3n, experimentaci\u00f3n, producci\u00f3n, gesti\u00f3n y circulaci\u00f3n de pr\u00e1cticas art\u00edsticas en el marco de sus objetivos institucionales.<\/p>","protected":false},"author":10,"featured_media":54380,"comment_status":"open","ping_status":"open","sticky":false,"template":"","format":"standard","meta":{"_acf_changed":false,"_uag_custom_page_level_css":"","_monsterinsights_skip_tracking":false,"_monsterinsights_sitenote_active":false,"_monsterinsights_sitenote_note":"","_monsterinsights_sitenote_category":0,"cybocfi_hide_featured_image":"","footnotes":""},"categories":[80,490,82,159,75,76,77,1,79],"tags":[993],"infouartes":[],"class_list":["post-54379","post","type-post","status-publish","format-standard","has-post-thumbnail","hentry","category-academico","category-alumni","category-artes","category-artes-escenicas","category-docentes","category-estudiantes","category-gestion","category-sin-categoria","category-vinculo","tag-vinculacion"],"acf":[],"yoast_head":"<!-- This site is optimized with the Yoast SEO plugin v27.4 - https:\/\/yoast.com\/product\/yoast-seo-wordpress\/ -->\n<title>Universidad de las Artes - Mu\u00e9gano Teatro y UArtes afianzan v\u00ednculos con la firma de un convenio de cooperaci\u00f3n por las artes esc\u00e9nicas<\/title>\n<meta name=\"description\" content=\"Universidad de las Artes - Mu\u00e9gano Teatro y UArtes afianzan v\u00ednculos con la firma de un convenio de cooperaci\u00f3n por las artes esc\u00e9nicas\" \/>\n<meta name=\"robots\" content=\"index, follow, max-snippet:-1, max-image-preview:large, max-video-preview:-1\" \/>\n<link rel=\"canonical\" href=\"https:\/\/www.uartes.edu.ec\/sitio\/fr\/blog\/2024\/05\/22\/muegano-teatro-y-uartes-en-cooperacion-interinstitucional-por-las-artes-escenicas\/\" \/>\n<meta property=\"og:locale\" content=\"fr_FR\" \/>\n<meta property=\"og:type\" content=\"article\" \/>\n<meta property=\"og:title\" content=\"Universidad de las Artes - Mu\u00e9gano Teatro y UArtes afianzan v\u00ednculos con la firma de un convenio de cooperaci\u00f3n por las artes esc\u00e9nicas\" \/>\n<meta property=\"og:description\" content=\"Universidad de las Artes - Mu\u00e9gano Teatro y UArtes afianzan v\u00ednculos con la firma de un convenio de cooperaci\u00f3n por las artes esc\u00e9nicas\" \/>\n<meta property=\"og:url\" content=\"https:\/\/www.uartes.edu.ec\/sitio\/fr\/blog\/2024\/05\/22\/muegano-teatro-y-uartes-en-cooperacion-interinstitucional-por-las-artes-escenicas\/\" \/>\n<meta property=\"og:site_name\" content=\"Universidad de las Artes\" \/>\n<meta property=\"article:publisher\" content=\"https:\/\/www.facebook.com\/uartesec\" \/>\n<meta property=\"article:published_time\" content=\"2024-05-22T23:49:00+00:00\" \/>\n<meta property=\"article:modified_time\" content=\"2024-07-04T16:18:56+00:00\" \/>\n<meta property=\"og:image\" content=\"https:\/\/www.uartes.edu.ec\/sitio\/wp-content\/uploads\/2024\/05\/01-MUEGANO-TEATRO.jpg\" \/>\n\t<meta property=\"og:image:width\" content=\"2000\" \/>\n\t<meta property=\"og:image:height\" content=\"1333\" \/>\n\t<meta property=\"og:image:type\" content=\"image\/jpeg\" \/>\n<meta name=\"author\" content=\"ccortez\" \/>\n<meta name=\"twitter:card\" content=\"summary_large_image\" \/>\n<meta name=\"twitter:creator\" content=\"@uartesec\" \/>\n<meta name=\"twitter:site\" content=\"@uartesec\" \/>\n<meta name=\"twitter:label1\" content=\"\u00c9crit par\" \/>\n\t<meta name=\"twitter:data1\" content=\"ccortez\" \/>\n\t<meta name=\"twitter:label2\" content=\"Dur\u00e9e de lecture estim\u00e9e\" \/>\n\t<meta name=\"twitter:data2\" content=\"4 minutes\" \/>\n<script type=\"application\/ld+json\" class=\"yoast-schema-graph\">{\"@context\":\"https:\\\/\\\/schema.org\",\"@graph\":[{\"@type\":\"Article\",\"@id\":\"https:\\\/\\\/www.uartes.edu.ec\\\/sitio\\\/fr\\\/blog\\\/2024\\\/05\\\/22\\\/muegano-teatro-y-uartes-en-cooperacion-interinstitucional-por-las-artes-escenicas\\\/#article\",\"isPartOf\":{\"@id\":\"https:\\\/\\\/www.uartes.edu.ec\\\/sitio\\\/fr\\\/blog\\\/2024\\\/05\\\/22\\\/muegano-teatro-y-uartes-en-cooperacion-interinstitucional-por-las-artes-escenicas\\\/\"},\"author\":{\"name\":\"ccortez\",\"@id\":\"https:\\\/\\\/www.uartes.edu.ec\\\/sitio\\\/fr\\\/#\\\/schema\\\/person\\\/efa1b8275797664fd7f13a79ccc0b1f4\"},\"headline\":\"Mu\u00e9gano Teatro y UArtes afianzan v\u00ednculos con la firma de un convenio de cooperaci\u00f3n por las artes esc\u00e9nicas\",\"datePublished\":\"2024-05-22T23:49:00+00:00\",\"dateModified\":\"2024-07-04T16:18:56+00:00\",\"mainEntityOfPage\":{\"@id\":\"https:\\\/\\\/www.uartes.edu.ec\\\/sitio\\\/fr\\\/blog\\\/2024\\\/05\\\/22\\\/muegano-teatro-y-uartes-en-cooperacion-interinstitucional-por-las-artes-escenicas\\\/\"},\"wordCount\":790,\"commentCount\":0,\"publisher\":{\"@id\":\"https:\\\/\\\/www.uartes.edu.ec\\\/sitio\\\/fr\\\/#organization\"},\"image\":{\"@id\":\"https:\\\/\\\/www.uartes.edu.ec\\\/sitio\\\/fr\\\/blog\\\/2024\\\/05\\\/22\\\/muegano-teatro-y-uartes-en-cooperacion-interinstitucional-por-las-artes-escenicas\\\/#primaryimage\"},\"thumbnailUrl\":\"https:\\\/\\\/www.uartes.edu.ec\\\/sitio\\\/wp-content\\\/uploads\\\/2024\\\/05\\\/01-MUEGANO-TEATRO.jpg\",\"keywords\":[\"vinculaci\u00f3n\"],\"articleSection\":[\"Acad\u00e9mico\",\"Alumni\",\"Artes\",\"Artes Esc\u00e9nicas\",\"Docentes\",\"Estudiantes\",\"Gesti\u00f3n\",\"Sin categor\u00eda\",\"V\u00ednculo\"],\"inLanguage\":\"fr-FR\",\"potentialAction\":[{\"@type\":\"CommentAction\",\"name\":\"Comment\",\"target\":[\"https:\\\/\\\/www.uartes.edu.ec\\\/sitio\\\/fr\\\/blog\\\/2024\\\/05\\\/22\\\/muegano-teatro-y-uartes-en-cooperacion-interinstitucional-por-las-artes-escenicas\\\/#respond\"]}]},{\"@type\":[\"WebPage\",\"ItemPage\"],\"@id\":\"https:\\\/\\\/www.uartes.edu.ec\\\/sitio\\\/fr\\\/blog\\\/2024\\\/05\\\/22\\\/muegano-teatro-y-uartes-en-cooperacion-interinstitucional-por-las-artes-escenicas\\\/\",\"url\":\"https:\\\/\\\/www.uartes.edu.ec\\\/sitio\\\/fr\\\/blog\\\/2024\\\/05\\\/22\\\/muegano-teatro-y-uartes-en-cooperacion-interinstitucional-por-las-artes-escenicas\\\/\",\"name\":\"Universidad de las Artes - Mu\u00e9gano Teatro y UArtes afianzan v\u00ednculos con la firma de un convenio de cooperaci\u00f3n por las artes esc\u00e9nicas\",\"isPartOf\":{\"@id\":\"https:\\\/\\\/www.uartes.edu.ec\\\/sitio\\\/fr\\\/#website\"},\"primaryImageOfPage\":{\"@id\":\"https:\\\/\\\/www.uartes.edu.ec\\\/sitio\\\/fr\\\/blog\\\/2024\\\/05\\\/22\\\/muegano-teatro-y-uartes-en-cooperacion-interinstitucional-por-las-artes-escenicas\\\/#primaryimage\"},\"image\":{\"@id\":\"https:\\\/\\\/www.uartes.edu.ec\\\/sitio\\\/fr\\\/blog\\\/2024\\\/05\\\/22\\\/muegano-teatro-y-uartes-en-cooperacion-interinstitucional-por-las-artes-escenicas\\\/#primaryimage\"},\"thumbnailUrl\":\"https:\\\/\\\/www.uartes.edu.ec\\\/sitio\\\/wp-content\\\/uploads\\\/2024\\\/05\\\/01-MUEGANO-TEATRO.jpg\",\"datePublished\":\"2024-05-22T23:49:00+00:00\",\"dateModified\":\"2024-07-04T16:18:56+00:00\",\"description\":\"Universidad de las Artes - Mu\u00e9gano Teatro y UArtes afianzan v\u00ednculos con la firma de un convenio de cooperaci\u00f3n por las artes esc\u00e9nicas\",\"breadcrumb\":{\"@id\":\"https:\\\/\\\/www.uartes.edu.ec\\\/sitio\\\/fr\\\/blog\\\/2024\\\/05\\\/22\\\/muegano-teatro-y-uartes-en-cooperacion-interinstitucional-por-las-artes-escenicas\\\/#breadcrumb\"},\"inLanguage\":\"fr-FR\",\"potentialAction\":[{\"@type\":\"ReadAction\",\"target\":[\"https:\\\/\\\/www.uartes.edu.ec\\\/sitio\\\/fr\\\/blog\\\/2024\\\/05\\\/22\\\/muegano-teatro-y-uartes-en-cooperacion-interinstitucional-por-las-artes-escenicas\\\/\"]}]},{\"@type\":\"ImageObject\",\"inLanguage\":\"fr-FR\",\"@id\":\"https:\\\/\\\/www.uartes.edu.ec\\\/sitio\\\/fr\\\/blog\\\/2024\\\/05\\\/22\\\/muegano-teatro-y-uartes-en-cooperacion-interinstitucional-por-las-artes-escenicas\\\/#primaryimage\",\"url\":\"https:\\\/\\\/www.uartes.edu.ec\\\/sitio\\\/wp-content\\\/uploads\\\/2024\\\/05\\\/01-MUEGANO-TEATRO.jpg\",\"contentUrl\":\"https:\\\/\\\/www.uartes.edu.ec\\\/sitio\\\/wp-content\\\/uploads\\\/2024\\\/05\\\/01-MUEGANO-TEATRO.jpg\",\"width\":2000,\"height\":1333},{\"@type\":\"BreadcrumbList\",\"@id\":\"https:\\\/\\\/www.uartes.edu.ec\\\/sitio\\\/fr\\\/blog\\\/2024\\\/05\\\/22\\\/muegano-teatro-y-uartes-en-cooperacion-interinstitucional-por-las-artes-escenicas\\\/#breadcrumb\",\"itemListElement\":[{\"@type\":\"ListItem\",\"position\":1,\"name\":\"Inicio\",\"item\":\"https:\\\/\\\/www.uartes.edu.ec\\\/sitio\\\/\"},{\"@type\":\"ListItem\",\"position\":2,\"name\":\"Mu\u00e9gano Teatro y UArtes afianzan v\u00ednculos con la firma de un convenio de cooperaci\u00f3n por las artes esc\u00e9nicas\"}]},{\"@type\":\"WebSite\",\"@id\":\"https:\\\/\\\/www.uartes.edu.ec\\\/sitio\\\/fr\\\/#website\",\"url\":\"https:\\\/\\\/www.uartes.edu.ec\\\/sitio\\\/fr\\\/\",\"name\":\"Universidad de las Artes\",\"description\":\"Sitio oficial de la Universidad Nacional de las Artes del Ecuador\",\"publisher\":{\"@id\":\"https:\\\/\\\/www.uartes.edu.ec\\\/sitio\\\/fr\\\/#organization\"},\"potentialAction\":[{\"@type\":\"SearchAction\",\"target\":{\"@type\":\"EntryPoint\",\"urlTemplate\":\"https:\\\/\\\/www.uartes.edu.ec\\\/sitio\\\/fr\\\/?s={search_term_string}\"},\"query-input\":{\"@type\":\"PropertyValueSpecification\",\"valueRequired\":true,\"valueName\":\"search_term_string\"}}],\"inLanguage\":\"fr-FR\"},{\"@type\":\"Organization\",\"@id\":\"https:\\\/\\\/www.uartes.edu.ec\\\/sitio\\\/fr\\\/#organization\",\"name\":\"Universidad de las Artes\",\"url\":\"https:\\\/\\\/www.uartes.edu.ec\\\/sitio\\\/fr\\\/\",\"logo\":{\"@type\":\"ImageObject\",\"inLanguage\":\"fr-FR\",\"@id\":\"https:\\\/\\\/www.uartes.edu.ec\\\/sitio\\\/fr\\\/#\\\/schema\\\/logo\\\/image\\\/\",\"url\":\"https:\\\/\\\/www.uartes.edu.ec\\\/sitio\\\/wp-content\\\/uploads\\\/2022\\\/07\\\/logo-ua-horizontal.png\",\"contentUrl\":\"https:\\\/\\\/www.uartes.edu.ec\\\/sitio\\\/wp-content\\\/uploads\\\/2022\\\/07\\\/logo-ua-horizontal.png\",\"width\":800,\"height\":276,\"caption\":\"Universidad de las Artes\"},\"image\":{\"@id\":\"https:\\\/\\\/www.uartes.edu.ec\\\/sitio\\\/fr\\\/#\\\/schema\\\/logo\\\/image\\\/\"},\"sameAs\":[\"https:\\\/\\\/www.facebook.com\\\/uartesec\",\"https:\\\/\\\/x.com\\\/uartesec\",\"https:\\\/\\\/www.tiktok.com\\\/@uartesec\"]},{\"@type\":\"Person\",\"@id\":\"https:\\\/\\\/www.uartes.edu.ec\\\/sitio\\\/fr\\\/#\\\/schema\\\/person\\\/efa1b8275797664fd7f13a79ccc0b1f4\",\"name\":\"ccortez\",\"image\":{\"@type\":\"ImageObject\",\"inLanguage\":\"fr-FR\",\"@id\":\"https:\\\/\\\/secure.gravatar.com\\\/avatar\\\/b2a6f664a3ae8e074346ef91775736c5ec479e637ecced6842de9dc98b5da9cd?s=96&d=mm&r=g\",\"url\":\"https:\\\/\\\/secure.gravatar.com\\\/avatar\\\/b2a6f664a3ae8e074346ef91775736c5ec479e637ecced6842de9dc98b5da9cd?s=96&d=mm&r=g\",\"contentUrl\":\"https:\\\/\\\/secure.gravatar.com\\\/avatar\\\/b2a6f664a3ae8e074346ef91775736c5ec479e637ecced6842de9dc98b5da9cd?s=96&d=mm&r=g\",\"caption\":\"ccortez\"},\"url\":\"https:\\\/\\\/www.uartes.edu.ec\\\/sitio\\\/fr\\\/blog\\\/author\\\/ccortez\\\/\"}]}<\/script>\n<!-- \/ Yoast SEO plugin. -->","yoast_head_json":{"title":"Universidad de las Artes - Mu\u00e9gano Teatro y UArtes afianzan v\u00ednculos con la firma de un convenio de cooperaci\u00f3n por las artes esc\u00e9nicas","description":"Universidad de las Artes - Mu\u00e9gano Teatro y UArtes afianzan v\u00ednculos con la firma de un convenio de cooperaci\u00f3n por las artes esc\u00e9nicas","robots":{"index":"index","follow":"follow","max-snippet":"max-snippet:-1","max-image-preview":"max-image-preview:large","max-video-preview":"max-video-preview:-1"},"canonical":"https:\/\/www.uartes.edu.ec\/sitio\/fr\/blog\/2024\/05\/22\/muegano-teatro-y-uartes-en-cooperacion-interinstitucional-por-las-artes-escenicas\/","og_locale":"fr_FR","og_type":"article","og_title":"Universidad de las Artes - Mu\u00e9gano Teatro y UArtes afianzan v\u00ednculos con la firma de un convenio de cooperaci\u00f3n por las artes esc\u00e9nicas","og_description":"Universidad de las Artes - Mu\u00e9gano Teatro y UArtes afianzan v\u00ednculos con la firma de un convenio de cooperaci\u00f3n por las artes esc\u00e9nicas","og_url":"https:\/\/www.uartes.edu.ec\/sitio\/fr\/blog\/2024\/05\/22\/muegano-teatro-y-uartes-en-cooperacion-interinstitucional-por-las-artes-escenicas\/","og_site_name":"Universidad de las Artes","article_publisher":"https:\/\/www.facebook.com\/uartesec","article_published_time":"2024-05-22T23:49:00+00:00","article_modified_time":"2024-07-04T16:18:56+00:00","og_image":[{"width":2000,"height":1333,"url":"https:\/\/www.uartes.edu.ec\/sitio\/wp-content\/uploads\/2024\/05\/01-MUEGANO-TEATRO.jpg","type":"image\/jpeg"}],"author":"ccortez","twitter_card":"summary_large_image","twitter_creator":"@uartesec","twitter_site":"@uartesec","twitter_misc":{"\u00c9crit par":"ccortez","Dur\u00e9e de lecture estim\u00e9e":"4 minutes"},"schema":{"@context":"https:\/\/schema.org","@graph":[{"@type":"Article","@id":"https:\/\/www.uartes.edu.ec\/sitio\/fr\/blog\/2024\/05\/22\/muegano-teatro-y-uartes-en-cooperacion-interinstitucional-por-las-artes-escenicas\/#article","isPartOf":{"@id":"https:\/\/www.uartes.edu.ec\/sitio\/fr\/blog\/2024\/05\/22\/muegano-teatro-y-uartes-en-cooperacion-interinstitucional-por-las-artes-escenicas\/"},"author":{"name":"ccortez","@id":"https:\/\/www.uartes.edu.ec\/sitio\/fr\/#\/schema\/person\/efa1b8275797664fd7f13a79ccc0b1f4"},"headline":"Mu\u00e9gano Teatro y UArtes afianzan v\u00ednculos con la firma de un convenio de cooperaci\u00f3n por las artes esc\u00e9nicas","datePublished":"2024-05-22T23:49:00+00:00","dateModified":"2024-07-04T16:18:56+00:00","mainEntityOfPage":{"@id":"https:\/\/www.uartes.edu.ec\/sitio\/fr\/blog\/2024\/05\/22\/muegano-teatro-y-uartes-en-cooperacion-interinstitucional-por-las-artes-escenicas\/"},"wordCount":790,"commentCount":0,"publisher":{"@id":"https:\/\/www.uartes.edu.ec\/sitio\/fr\/#organization"},"image":{"@id":"https:\/\/www.uartes.edu.ec\/sitio\/fr\/blog\/2024\/05\/22\/muegano-teatro-y-uartes-en-cooperacion-interinstitucional-por-las-artes-escenicas\/#primaryimage"},"thumbnailUrl":"https:\/\/www.uartes.edu.ec\/sitio\/wp-content\/uploads\/2024\/05\/01-MUEGANO-TEATRO.jpg","keywords":["vinculaci\u00f3n"],"articleSection":["Acad\u00e9mico","Alumni","Artes","Artes Esc\u00e9nicas","Docentes","Estudiantes","Gesti\u00f3n","Sin categor\u00eda","V\u00ednculo"],"inLanguage":"fr-FR","potentialAction":[{"@type":"CommentAction","name":"Comment","target":["https:\/\/www.uartes.edu.ec\/sitio\/fr\/blog\/2024\/05\/22\/muegano-teatro-y-uartes-en-cooperacion-interinstitucional-por-las-artes-escenicas\/#respond"]}]},{"@type":["WebPage","ItemPage"],"@id":"https:\/\/www.uartes.edu.ec\/sitio\/fr\/blog\/2024\/05\/22\/muegano-teatro-y-uartes-en-cooperacion-interinstitucional-por-las-artes-escenicas\/","url":"https:\/\/www.uartes.edu.ec\/sitio\/fr\/blog\/2024\/05\/22\/muegano-teatro-y-uartes-en-cooperacion-interinstitucional-por-las-artes-escenicas\/","name":"Universidad de las Artes - Mu\u00e9gano Teatro y UArtes afianzan v\u00ednculos con la firma de un convenio de cooperaci\u00f3n por las artes esc\u00e9nicas","isPartOf":{"@id":"https:\/\/www.uartes.edu.ec\/sitio\/fr\/#website"},"primaryImageOfPage":{"@id":"https:\/\/www.uartes.edu.ec\/sitio\/fr\/blog\/2024\/05\/22\/muegano-teatro-y-uartes-en-cooperacion-interinstitucional-por-las-artes-escenicas\/#primaryimage"},"image":{"@id":"https:\/\/www.uartes.edu.ec\/sitio\/fr\/blog\/2024\/05\/22\/muegano-teatro-y-uartes-en-cooperacion-interinstitucional-por-las-artes-escenicas\/#primaryimage"},"thumbnailUrl":"https:\/\/www.uartes.edu.ec\/sitio\/wp-content\/uploads\/2024\/05\/01-MUEGANO-TEATRO.jpg","datePublished":"2024-05-22T23:49:00+00:00","dateModified":"2024-07-04T16:18:56+00:00","description":"Universidad de las Artes - Mu\u00e9gano Teatro y UArtes afianzan v\u00ednculos con la firma de un convenio de cooperaci\u00f3n por las artes esc\u00e9nicas","breadcrumb":{"@id":"https:\/\/www.uartes.edu.ec\/sitio\/fr\/blog\/2024\/05\/22\/muegano-teatro-y-uartes-en-cooperacion-interinstitucional-por-las-artes-escenicas\/#breadcrumb"},"inLanguage":"fr-FR","potentialAction":[{"@type":"ReadAction","target":["https:\/\/www.uartes.edu.ec\/sitio\/fr\/blog\/2024\/05\/22\/muegano-teatro-y-uartes-en-cooperacion-interinstitucional-por-las-artes-escenicas\/"]}]},{"@type":"ImageObject","inLanguage":"fr-FR","@id":"https:\/\/www.uartes.edu.ec\/sitio\/fr\/blog\/2024\/05\/22\/muegano-teatro-y-uartes-en-cooperacion-interinstitucional-por-las-artes-escenicas\/#primaryimage","url":"https:\/\/www.uartes.edu.ec\/sitio\/wp-content\/uploads\/2024\/05\/01-MUEGANO-TEATRO.jpg","contentUrl":"https:\/\/www.uartes.edu.ec\/sitio\/wp-content\/uploads\/2024\/05\/01-MUEGANO-TEATRO.jpg","width":2000,"height":1333},{"@type":"BreadcrumbList","@id":"https:\/\/www.uartes.edu.ec\/sitio\/fr\/blog\/2024\/05\/22\/muegano-teatro-y-uartes-en-cooperacion-interinstitucional-por-las-artes-escenicas\/#breadcrumb","itemListElement":[{"@type":"ListItem","position":1,"name":"Inicio","item":"https:\/\/www.uartes.edu.ec\/sitio\/"},{"@type":"ListItem","position":2,"name":"Mu\u00e9gano Teatro y UArtes afianzan v\u00ednculos con la firma de un convenio de cooperaci\u00f3n por las artes esc\u00e9nicas"}]},{"@type":"WebSite","@id":"https:\/\/www.uartes.edu.ec\/sitio\/fr\/#website","url":"https:\/\/www.uartes.edu.ec\/sitio\/fr\/","name":"Universidad de las Artes","description":"Sitio oficial de la Universidad Nacional de las Artes del Ecuador","publisher":{"@id":"https:\/\/www.uartes.edu.ec\/sitio\/fr\/#organization"},"potentialAction":[{"@type":"SearchAction","target":{"@type":"EntryPoint","urlTemplate":"https:\/\/www.uartes.edu.ec\/sitio\/fr\/?s={search_term_string}"},"query-input":{"@type":"PropertyValueSpecification","valueRequired":true,"valueName":"search_term_string"}}],"inLanguage":"fr-FR"},{"@type":"Organization","@id":"https:\/\/www.uartes.edu.ec\/sitio\/fr\/#organization","name":"Universidad de las Artes","url":"https:\/\/www.uartes.edu.ec\/sitio\/fr\/","logo":{"@type":"ImageObject","inLanguage":"fr-FR","@id":"https:\/\/www.uartes.edu.ec\/sitio\/fr\/#\/schema\/logo\/image\/","url":"https:\/\/www.uartes.edu.ec\/sitio\/wp-content\/uploads\/2022\/07\/logo-ua-horizontal.png","contentUrl":"https:\/\/www.uartes.edu.ec\/sitio\/wp-content\/uploads\/2022\/07\/logo-ua-horizontal.png","width":800,"height":276,"caption":"Universidad de las Artes"},"image":{"@id":"https:\/\/www.uartes.edu.ec\/sitio\/fr\/#\/schema\/logo\/image\/"},"sameAs":["https:\/\/www.facebook.com\/uartesec","https:\/\/x.com\/uartesec","https:\/\/www.tiktok.com\/@uartesec"]},{"@type":"Person","@id":"https:\/\/www.uartes.edu.ec\/sitio\/fr\/#\/schema\/person\/efa1b8275797664fd7f13a79ccc0b1f4","name":"ccortez","image":{"@type":"ImageObject","inLanguage":"fr-FR","@id":"https:\/\/secure.gravatar.com\/avatar\/b2a6f664a3ae8e074346ef91775736c5ec479e637ecced6842de9dc98b5da9cd?s=96&d=mm&r=g","url":"https:\/\/secure.gravatar.com\/avatar\/b2a6f664a3ae8e074346ef91775736c5ec479e637ecced6842de9dc98b5da9cd?s=96&d=mm&r=g","contentUrl":"https:\/\/secure.gravatar.com\/avatar\/b2a6f664a3ae8e074346ef91775736c5ec479e637ecced6842de9dc98b5da9cd?s=96&d=mm&r=g","caption":"ccortez"},"url":"https:\/\/www.uartes.edu.ec\/sitio\/fr\/blog\/author\/ccortez\/"}]}},"uagb_featured_image_src":{"full":["https:\/\/www.uartes.edu.ec\/sitio\/wp-content\/uploads\/2024\/05\/01-MUEGANO-TEATRO.jpg",2000,1333,false],"thumbnail":["https:\/\/www.uartes.edu.ec\/sitio\/wp-content\/uploads\/2024\/05\/01-MUEGANO-TEATRO-150x150.jpg",150,150,true],"medium":["https:\/\/www.uartes.edu.ec\/sitio\/wp-content\/uploads\/2024\/05\/01-MUEGANO-TEATRO-300x200.jpg",300,200,true],"medium_large":["https:\/\/www.uartes.edu.ec\/sitio\/wp-content\/uploads\/2024\/05\/01-MUEGANO-TEATRO-768x512.jpg",768,512,true],"large":["https:\/\/www.uartes.edu.ec\/sitio\/wp-content\/uploads\/2024\/05\/01-MUEGANO-TEATRO-644x429.jpg",644,429,true],"1536x1536":["https:\/\/www.uartes.edu.ec\/sitio\/wp-content\/uploads\/2024\/05\/01-MUEGANO-TEATRO-1536x1024.jpg",1536,1024,true],"2048x2048":["https:\/\/www.uartes.edu.ec\/sitio\/wp-content\/uploads\/2024\/05\/01-MUEGANO-TEATRO.jpg",2000,1333,false],"trp-custom-language-flag":["https:\/\/www.uartes.edu.ec\/sitio\/wp-content\/uploads\/2024\/05\/01-MUEGANO-TEATRO-18x12.jpg",18,12,true],"htmega_size_585x295":["https:\/\/www.uartes.edu.ec\/sitio\/wp-content\/uploads\/2024\/05\/01-MUEGANO-TEATRO-585x295.jpg",585,295,true],"htmega_size_1170x536":["https:\/\/www.uartes.edu.ec\/sitio\/wp-content\/uploads\/2024\/05\/01-MUEGANO-TEATRO-1170x536.jpg",1170,536,true],"htmega_size_396x360":["https:\/\/www.uartes.edu.ec\/sitio\/wp-content\/uploads\/2024\/05\/01-MUEGANO-TEATRO-396x360.jpg",396,360,true],"gb-block-post-grid-landscape":["https:\/\/www.uartes.edu.ec\/sitio\/wp-content\/uploads\/2024\/05\/01-MUEGANO-TEATRO-600x400.jpg",600,400,true],"gb-block-post-grid-square":["https:\/\/www.uartes.edu.ec\/sitio\/wp-content\/uploads\/2024\/05\/01-MUEGANO-TEATRO-600x600.jpg",600,600,true],"university-hub-thumb":["https:\/\/www.uartes.edu.ec\/sitio\/wp-content\/uploads\/2024\/05\/01-MUEGANO-TEATRO-400x267.jpg",400,267,true]},"uagb_author_info":{"display_name":"ccortez","author_link":"https:\/\/www.uartes.edu.ec\/sitio\/fr\/blog\/author\/ccortez\/"},"uagb_comment_info":0,"uagb_excerpt":"Un Convenio de Cooperaci\u00f3n Interinstitucional suscribieron la Universidad de las Artes y la Fundaci\u00f3n Cultural Mu\u00e9gano Teatro para el desarrollo de programas, proyectos y actividades de formaci\u00f3n, vinculaci\u00f3n, investigaci\u00f3n e innovaci\u00f3n que contribuyan a la creaci\u00f3n, experimentaci\u00f3n, producci\u00f3n, gesti\u00f3n y circulaci\u00f3n de pr\u00e1cticas art\u00edsticas en el marco de sus objetivos institucionales.","featured_image_src":"https:\/\/www.uartes.edu.ec\/sitio\/wp-content\/uploads\/2024\/05\/01-MUEGANO-TEATRO-600x400.jpg","featured_image_src_square":"https:\/\/www.uartes.edu.ec\/sitio\/wp-content\/uploads\/2024\/05\/01-MUEGANO-TEATRO-600x600.jpg","author_info":{"display_name":"ccortez","author_link":"https:\/\/www.uartes.edu.ec\/sitio\/fr\/blog\/author\/ccortez\/"},"publishpress_future_workflow_manual_trigger":{"enabledWorkflows":[]},"distributor_meta":false,"distributor_terms":false,"distributor_media":false,"distributor_original_site_name":"Universidad de las Artes","distributor_original_site_url":"https:\/\/www.uartes.edu.ec\/sitio\/fr","push-errors":false,"_links":{"self":[{"href":"https:\/\/www.uartes.edu.ec\/sitio\/fr\/wp-json\/wp\/v2\/posts\/54379","targetHints":{"allow":["GET"]}}],"collection":[{"href":"https:\/\/www.uartes.edu.ec\/sitio\/fr\/wp-json\/wp\/v2\/posts"}],"about":[{"href":"https:\/\/www.uartes.edu.ec\/sitio\/fr\/wp-json\/wp\/v2\/types\/post"}],"author":[{"embeddable":true,"href":"https:\/\/www.uartes.edu.ec\/sitio\/fr\/wp-json\/wp\/v2\/users\/10"}],"replies":[{"embeddable":true,"href":"https:\/\/www.uartes.edu.ec\/sitio\/fr\/wp-json\/wp\/v2\/comments?post=54379"}],"version-history":[{"count":8,"href":"https:\/\/www.uartes.edu.ec\/sitio\/fr\/wp-json\/wp\/v2\/posts\/54379\/revisions"}],"predecessor-version":[{"id":54398,"href":"https:\/\/www.uartes.edu.ec\/sitio\/fr\/wp-json\/wp\/v2\/posts\/54379\/revisions\/54398"}],"wp:featuredmedia":[{"embeddable":true,"href":"https:\/\/www.uartes.edu.ec\/sitio\/fr\/wp-json\/wp\/v2\/media\/54380"}],"wp:attachment":[{"href":"https:\/\/www.uartes.edu.ec\/sitio\/fr\/wp-json\/wp\/v2\/media?parent=54379"}],"wp:term":[{"taxonomy":"category","embeddable":true,"href":"https:\/\/www.uartes.edu.ec\/sitio\/fr\/wp-json\/wp\/v2\/categories?post=54379"},{"taxonomy":"post_tag","embeddable":true,"href":"https:\/\/www.uartes.edu.ec\/sitio\/fr\/wp-json\/wp\/v2\/tags?post=54379"},{"taxonomy":"infouartes","embeddable":true,"href":"https:\/\/www.uartes.edu.ec\/sitio\/fr\/wp-json\/wp\/v2\/infouartes?post=54379"}],"curies":[{"name":"wp","href":"https:\/\/api.w.org\/{rel}","templated":true}]}}