{"id":54735,"date":"2024-06-03T19:49:42","date_gmt":"2024-06-04T00:49:42","guid":{"rendered":"https:\/\/www.uartes.edu.ec\/sitio\/?p=54735"},"modified":"2024-07-04T11:18:52","modified_gmt":"2024-07-04T16:18:52","slug":"photofestecuador-expone-en-escrituras-sobre-el-cuerpo-fotos-de-3-performances-de-amalina-bomnin","status":"publish","type":"post","link":"https:\/\/www.uartes.edu.ec\/sitio\/fr\/blog\/2024\/06\/03\/photofestecuador-expone-en-escrituras-sobre-el-cuerpo-fotos-de-3-performances-de-amalina-bomnin\/","title":{"rendered":"El PhotofestEcuador 2024 expone en \u201cEscrituras sobre el cuerpo\u201d fotos de tres performances de Amalina Bomnin"},"content":{"rendered":"<p>\u201cSoy performer, no fot\u00f3grafa, pero esto no quiere decir que no pueda exponer fotograf\u00edas o foinstalaciones, o cualquier otro soporte art\u00edstico combinado con el medio fotogr\u00e1fico porque el arte tiene la ductilidad de poder utilizar el trabajo a cuatro manos, o en equipo\u201d, subraya Amalina Bomnin, docente del Departamento Transversal de Teor\u00edas Cr\u00edticas y Pr\u00e1cticas Experimentales de la Universidad de las Artes. Lo menciona al consultarle por su participaci\u00f3n en la segunda edici\u00f3n de PhotofestEcuador, un espacio de encuentro y difusi\u00f3n para fot\u00f3grafos de Ecuador y el mundo, donde en esta ocasi\u00f3n participa con tres fotoperformances.<\/p>\n\n\n\n<p>Agrega que le propuso a Ricardo Boh\u00f3rquez, arquitecto y fot\u00f3grafo, exponer a cuatro manos porque se trata de un evento donde se exhiben fotograf\u00edas, independientemente de cu\u00e1l ha sido el proceso de investigaci\u00f3n o creativo desarrollado por los participantes que, en esta edici\u00f3n, ha elegido como t\u00edtulo <em>Escrituras sobre el cuerpo.<\/em> Bomnin anota que para pr\u00f3ximas muestras expondr\u00e1 como autora y Boh\u00f3rquez tendr\u00e1 su cr\u00e9dito como el profesional que lleva el registro de tales obras.<\/p>\n\n\n\n<p>\u201cAs\u00ed funciona el arte desde hace tiempo. A Cindy Sherman, Marina Abramovi\u0107 y Marta Mar\u00eda P\u00e9rez, las conocemos por su trabajo. Nadie sabe qui\u00e9nes son los fot\u00f3grafos detr\u00e1s de sus fotos. Igualmente, Boh\u00f3rquez tiene su trabajo fotogr\u00e1fico como autor que expone de manera individual\u201d, precisa la docente UArtes.<\/p>\n\n\n\t\t\t\t\t<div\n\t\t\t\t\t\tclass=\"wp-block-uagb-image-gallery uagb-block-b796f32b\"\n\t\t\t\t\t\tstyle=\"\"\n\t\t\t\t\t>\n\t\t\t\t\t\t\t\t\t\t\t<div class=\"spectra-image-gallery spectra-image-gallery__layout--grid spectra-image-gallery__layout--grid-col-2 spectra-image-gallery__layout--grid-col-tab-2 spectra-image-gallery__layout--grid-col-mob-2\">\n\t\t\t\t\t\t\t\t\t\t\t<div class='spectra-image-gallery__media-wrapper' data-spectra-gallery-image-id='54737' tabindex=\"0\">\n\t\t\t\t\t\t\t<div class=\"spectra-image-gallery__media spectra-image-gallery__media--grid\">\n\t\t\t\t<picture>\n\t\t\t\t\t<source media=\"(min-width: 1024px)\" srcset=\"https:\/\/www.uartes.edu.ec\/sitio\/wp-content\/uploads\/2024\/06\/03-AMALINA-PHOTOFEST-644x429.jpg\">\n\t\t\t\t\t<source media=\"(min-width: 768px)\" srcset=\"https:\/\/www.uartes.edu.ec\/sitio\/wp-content\/uploads\/2024\/06\/03-AMALINA-PHOTOFEST-644x429.jpg\">\n\t\t\t\t\t<img decoding=\"async\" class=\"spectra-image-gallery__media-thumbnail spectra-image-gallery__media-thumbnail--grid\" src=\"https:\/\/www.uartes.edu.ec\/sitio\/wp-content\/uploads\/2024\/06\/03-AMALINA-PHOTOFEST-300x300.jpg\" alt=\"\" loading=\"lazy\" \/>\n\t\t\t\t<\/picture>\n\t\t\t\t<div class=\"spectra-image-gallery__media-thumbnail-blurrer\"><\/div>\n\t\t\t\t\t\t\t\t\t\t\t<div class=\"spectra-image-gallery__media-thumbnail-caption-wrapper spectra-image-gallery__media-thumbnail-caption-wrapper--overlay\">\n\t\t\t\t\t\t\t\t\t\t\t<div class=\"spectra-image-gallery__media-thumbnail-caption spectra-image-gallery__media-thumbnail-caption--overlay\">\n\t\t\t\t\tAucune l\u00e9gende\t\t\t\t<\/div>\n\t\t\t\t\t\t\t\t\t\t<\/div>\n\t\t\t\t\t\t\t\t\t<\/div>\n\t\t\t\t\t\t<\/div>\n\t\t\t\t\t\t<div class='spectra-image-gallery__media-wrapper' data-spectra-gallery-image-id='54740' tabindex=\"0\">\n\t\t\t\t\t\t\t<div class=\"spectra-image-gallery__media spectra-image-gallery__media--grid\">\n\t\t\t\t<picture>\n\t\t\t\t\t<source media=\"(min-width: 1024px)\" srcset=\"https:\/\/www.uartes.edu.ec\/sitio\/wp-content\/uploads\/2024\/06\/06-AMALINA-PHOTOFEST-644x429.jpg\">\n\t\t\t\t\t<source media=\"(min-width: 768px)\" srcset=\"https:\/\/www.uartes.edu.ec\/sitio\/wp-content\/uploads\/2024\/06\/06-AMALINA-PHOTOFEST-644x429.jpg\">\n\t\t\t\t\t<img decoding=\"async\" class=\"spectra-image-gallery__media-thumbnail spectra-image-gallery__media-thumbnail--grid\" src=\"https:\/\/www.uartes.edu.ec\/sitio\/wp-content\/uploads\/2024\/06\/06-AMALINA-PHOTOFEST-300x200.jpg\" alt=\"\" loading=\"lazy\" \/>\n\t\t\t\t<\/picture>\n\t\t\t\t<div class=\"spectra-image-gallery__media-thumbnail-blurrer\"><\/div>\n\t\t\t\t\t\t\t\t\t\t\t<div class=\"spectra-image-gallery__media-thumbnail-caption-wrapper spectra-image-gallery__media-thumbnail-caption-wrapper--overlay\">\n\t\t\t\t\t\t\t\t\t\t\t<div class=\"spectra-image-gallery__media-thumbnail-caption spectra-image-gallery__media-thumbnail-caption--overlay\">\n\t\t\t\t\tAucune l\u00e9gende\t\t\t\t<\/div>\n\t\t\t\t\t\t\t\t\t\t<\/div>\n\t\t\t\t\t\t\t\t\t<\/div>\n\t\t\t\t\t\t<\/div>\n\t\t\t\t\t\t\t\t\t\t<\/div>\n\t\t\t\t\t\t\t\t\t\t\t\t\t\t\t\t\t\t<\/div>\n\t\t\t\t\t\t\t\t\t\n\n\n<p><\/p>\n\n\n\n<p>El evento Photofestecuador apost\u00f3 en este a\u00f1o por considerar discursos que comenten sobre identidad, sexualidad, rituales, voyeurismo y performance. De las tres fotoperformances con las que intervienen Amalina Bomnin-Ricardo Boh\u00f3rquez, <em>Estado de litio<\/em> et <em>I like Ecuador and Ecuador likes me<\/em> se realizaron en 2023. La segunda de ellas a\u00fan est\u00e1 en proceso porque se desarrolla a trav\u00e9s de varias acciones y cada una plantea diversas problem\u00e1ticas.<\/p>\n\n\n\n<p><em>Estado de litio<\/em> es una reflexi\u00f3n sobre los tab\u00faes religiosos a los que se ha expuesto Bomnin y tambi\u00e9n est\u00e1n presentes de manera marcada en el contexto ecuatoriano, puestos aqu\u00ed en discusi\u00f3n y desaprendidos cuando aparecen derroteros a\u00fan m\u00e1s desestabilizadores: la violencia estructural que aqueja al pa\u00eds. <em>I like Ecuador and Ecuador likes<\/em> es una ofrenda a la tierra ecuatoriana que acogi\u00f3 a la autora. Ofrecer 17, 9 millones de besos (equivalente a la cantidad de pobladores del Ecuador) conversa sobre agradecimiento, replanteamiento de conceptos maniqueos relativos a la idiosincrasia, y aceptaci\u00f3n de la vida en su justa dimensi\u00f3n vital.<\/p>\n\n\n\n<p>Otros veinti\u00fan artistas exponen en la muestra <em>Escrituras sobre el cuerpo,<\/em> inaugurada el pasado 23 de mayo en el Sal\u00f3n del Pueblo Efra\u00edn Jara Idrovo de la Casa de la Cultura N\u00facleo del Azuay (CCE Azuay), en Cuenca. La exposici\u00f3n estar\u00e1 abierta al p\u00fablico hasta el 23 de junio; se puede visitar de martes a domingo en horarios laborables, la entrada es libre.<\/p>\n\n\n<div class=\"wp-block-image\">\n<figure class=\"aligncenter size-large\"><img fetchpriority=\"high\" decoding=\"async\" width=\"644\" height=\"429\" src=\"https:\/\/www.uartes.edu.ec\/sitio\/wp-content\/uploads\/2024\/06\/02-AMALINA-PHOTOFEST-644x429.jpg\" alt=\"\" class=\"wp-image-54738\" srcset=\"https:\/\/www.uartes.edu.ec\/sitio\/wp-content\/uploads\/2024\/06\/02-AMALINA-PHOTOFEST-644x429.jpg 644w, https:\/\/www.uartes.edu.ec\/sitio\/wp-content\/uploads\/2024\/06\/02-AMALINA-PHOTOFEST-768x511.jpg 768w, https:\/\/www.uartes.edu.ec\/sitio\/wp-content\/uploads\/2024\/06\/02-AMALINA-PHOTOFEST.jpg 2000w, https:\/\/www.uartes.edu.ec\/sitio\/wp-content\/uploads\/2024\/06\/02-AMALINA-PHOTOFEST-18x12.jpg 18w, https:\/\/www.uartes.edu.ec\/sitio\/wp-content\/uploads\/2024\/06\/02-AMALINA-PHOTOFEST-600x399.jpg 600w, https:\/\/www.uartes.edu.ec\/sitio\/wp-content\/uploads\/2024\/06\/02-AMALINA-PHOTOFEST-272x182.jpg 272w\" sizes=\"(max-width: 644px) 100vw, 644px\" \/><\/figure>\n<\/div>\n\n\n<p>En el caso del arte de acci\u00f3n: performances, happenings, intervenciones, site specific, entre otras modalidades de esta manifestaci\u00f3n, es fundamental el registro fotogr\u00e1fico y en video de las piezas. As\u00ed como con Ricardo Boh\u00f3rquez, quien maneja el registro fotogr\u00e1fico, Bomnin trabaja con Jimmy Rockertho Franco, licenciado en Cine por la Universidad de las Artes, quien se encarga del registro en video, y el dise\u00f1ador C\u00e9sar Delgado Paladines, estudiante de la Escuela de Artes Visuales nuestra instituci\u00f3n; son el equipo donde descansa todo el trabajo gr\u00e1fico y audiovisual desplegado por la artista.<\/p>\n\n\n\n<p>En la ficha t\u00e9cnica de <em>Estado de litio<\/em> (2023) se lee que fue un recorrido que realiz\u00f3 desde la calle Pedro Carbo hasta la avenida Domingo Com\u00edn con una cruz de 30 libras, un chaleco antibalas, flores para las v\u00edctimas de violencia y un hacha para desmaterializar la cruz en el camino de regreso al punto de origen. <em>I like Ecuador an Ecuador likes me<\/em>, acci\u00f3n 4, fue realizada en Bosque Palo Santo; ambas piezas pertenecen a la serie \u201cSecuelas de franqueza\u201d.<\/p>\n\n\n\n<p>En el caso de la acci\u00f3n 6 de la pieza antes mencionada, se realiz\u00f3 en la Plaza de la Administraci\u00f3n, Guayaquil. \u201cMe coloco en los zapatos de los ni\u00f1os, j\u00f3venes y adultos que delinquen porque no han tenido otra opci\u00f3n de vida dentro de un contexto marcado por las drogas y la violencia. Beso los veinti\u00fan pares de zapatos que representan a las pandillas que fueron acusadas de los episodios ocurridos el 9 de enero de 2024\u201d, precisa.<\/p>\n\n\n<div class=\"wp-block-image\">\n<figure class=\"aligncenter size-large\"><img decoding=\"async\" width=\"644\" height=\"429\" src=\"https:\/\/www.uartes.edu.ec\/sitio\/wp-content\/uploads\/2024\/06\/04-AMALINA-PHOTOFEST-644x429.jpg\" alt=\"\" class=\"wp-image-54739\" srcset=\"https:\/\/www.uartes.edu.ec\/sitio\/wp-content\/uploads\/2024\/06\/04-AMALINA-PHOTOFEST-644x429.jpg 644w, https:\/\/www.uartes.edu.ec\/sitio\/wp-content\/uploads\/2024\/06\/04-AMALINA-PHOTOFEST-768x511.jpg 768w, https:\/\/www.uartes.edu.ec\/sitio\/wp-content\/uploads\/2024\/06\/04-AMALINA-PHOTOFEST.jpg 2000w, https:\/\/www.uartes.edu.ec\/sitio\/wp-content\/uploads\/2024\/06\/04-AMALINA-PHOTOFEST-18x12.jpg 18w, https:\/\/www.uartes.edu.ec\/sitio\/wp-content\/uploads\/2024\/06\/04-AMALINA-PHOTOFEST-600x399.jpg 600w, https:\/\/www.uartes.edu.ec\/sitio\/wp-content\/uploads\/2024\/06\/04-AMALINA-PHOTOFEST-272x182.jpg 272w\" sizes=\"(max-width: 644px) 100vw, 644px\" \/><\/figure>\n<\/div>\n\n\n<p>La obra de Bomnin hace hincapi\u00e9 en la necesidad de asumir el arte como plataforma de denuncia social y llamado a la acci\u00f3n. Enfatiza la importancia de la educaci\u00f3n y la creatividad como veh\u00edculos para transformar la percepci\u00f3n que los j\u00f3venes y ni\u00f1os tienen de sus entornos ante el efecto manipulador que ejercen los medios masivos, las redes sociales, y la tecnolog\u00eda, de manera general. Cita a Joseph Beuys, quien plante\u00f3 que \u00abel verdadero capital es la creatividad\u00bb, y aboga por pol\u00edticas educativas que fomenten la empat\u00eda, la sinergia y la inclusi\u00f3n social, en lugar de la violencia y la represi\u00f3n.<\/p>\n\n\n\n<p>Amalina Bomnin ha estado expuesta a varios episodios violentos: cuestiones de salud en su primera juventud influyeron en situaciones de machismo, y tambi\u00e9n atraves\u00f3 escenarios con violencia de g\u00e9nero e intrafamiliar. El a\u00f1o pasado, una ruptura matrimonial, despu\u00e9s de casi dos d\u00e9cadas, le condujo a reorientar su vida por caminos de sanaci\u00f3n emocional y espiritual. Confiesa haber vivido abducida, haber perdido las riendas. \u201cAndaba por el mundo en piloto autom\u00e1tico\u201d, as\u00ed concluye. No obstante, nos adelanta que en a\u00f1o y medio de separaci\u00f3n siente que el cuerpo incre\u00edblemente funciona de manera similar a la tierra, es un ecosistema que enseguida responde positivamente ante la libertad y la vida con prop\u00f3sito. El ejercicio f\u00edsico, la creaci\u00f3n y la soledad le han ayudado a recuperar la vitalidad que siempre le caracteriz\u00f3.<\/p>\n\n\n\n<p>En la clausura de la muestra <em>Escrituras sobre el cuerpo<\/em> se otorgar\u00e1 el premio del evento, consistente en la realizaci\u00f3n de una exposici\u00f3n y la elaboraci\u00f3n de un cat\u00e1logo durante el 2025. La cita es el 23 de junio, a las 19:00, en la mencionada instituci\u00f3n.<\/p>","protected":false},"excerpt":{"rendered":"<p>\u201cSoy performer, no fot\u00f3grafa, pero esto no quiere decir que no pueda exponer fotograf\u00edas o foinstalaciones, o cualquier otro soporte art\u00edstico combinado con el medio fotogr\u00e1fico\u201d. Amalina Bomnin, docente del Departamento Transversal UArtes lo menciona en referencia a su participaci\u00f3n en el PhotofestEcuador que hasta el 23 de junio mantendr\u00e1 abierta en la CCE Azuay la muestra \u201cEscrituras sobre el cuerpo\u201d, <\/p>","protected":false},"author":10,"featured_media":54736,"comment_status":"open","ping_status":"open","sticky":false,"template":"","format":"standard","meta":{"_acf_changed":false,"_uag_custom_page_level_css":"","_monsterinsights_skip_tracking":false,"_monsterinsights_sitenote_active":false,"_monsterinsights_sitenote_note":"","_monsterinsights_sitenote_category":0,"cybocfi_hide_featured_image":"","footnotes":""},"categories":[80,82,75,77,284,174],"tags":[517],"infouartes":[],"class_list":["post-54735","post","type-post","status-publish","format-standard","has-post-thumbnail","hentry","category-academico","category-artes","category-docentes","category-gestion","category-investigacion","category-transversal","tag-exposicion"],"acf":[],"yoast_head":"<!-- This site is optimized with the Yoast SEO plugin v27.4 - https:\/\/yoast.com\/product\/yoast-seo-wordpress\/ -->\n<title>Universidad de las Artes - El PhotofestEcuador 2024 expone en \u201cEscrituras sobre el cuerpo\u201d fotos de tres performances de Amalina Bomnin<\/title>\n<meta name=\"description\" content=\"Universidad de las Artes - El PhotofestEcuador 2024 expone en \u201cEscrituras sobre el cuerpo\u201d fotos de tres performances de Amalina Bomnin\" \/>\n<meta name=\"robots\" content=\"index, follow, max-snippet:-1, max-image-preview:large, max-video-preview:-1\" \/>\n<link rel=\"canonical\" href=\"https:\/\/www.uartes.edu.ec\/sitio\/fr\/blog\/2024\/06\/03\/photofestecuador-expone-en-escrituras-sobre-el-cuerpo-fotos-de-3-performances-de-amalina-bomnin\/\" \/>\n<meta property=\"og:locale\" content=\"fr_FR\" \/>\n<meta property=\"og:type\" content=\"article\" \/>\n<meta property=\"og:title\" content=\"Universidad de las Artes - El PhotofestEcuador 2024 expone en \u201cEscrituras sobre el cuerpo\u201d fotos de tres performances de Amalina Bomnin\" \/>\n<meta property=\"og:description\" content=\"Universidad de las Artes - El PhotofestEcuador 2024 expone en \u201cEscrituras sobre el cuerpo\u201d fotos de tres performances de Amalina Bomnin\" \/>\n<meta property=\"og:url\" content=\"https:\/\/www.uartes.edu.ec\/sitio\/fr\/blog\/2024\/06\/03\/photofestecuador-expone-en-escrituras-sobre-el-cuerpo-fotos-de-3-performances-de-amalina-bomnin\/\" \/>\n<meta property=\"og:site_name\" content=\"Universidad de las Artes\" \/>\n<meta property=\"article:publisher\" content=\"https:\/\/www.facebook.com\/uartesec\" \/>\n<meta property=\"article:published_time\" content=\"2024-06-04T00:49:42+00:00\" \/>\n<meta property=\"article:modified_time\" content=\"2024-07-04T16:18:52+00:00\" \/>\n<meta property=\"og:image\" content=\"https:\/\/www.uartes.edu.ec\/sitio\/wp-content\/uploads\/2024\/06\/05-AMALINA-PHOTOFEST.jpg\" \/>\n\t<meta property=\"og:image:width\" content=\"2000\" \/>\n\t<meta property=\"og:image:height\" content=\"1333\" \/>\n\t<meta property=\"og:image:type\" content=\"image\/jpeg\" \/>\n<meta name=\"author\" content=\"ccortez\" \/>\n<meta name=\"twitter:card\" content=\"summary_large_image\" \/>\n<meta name=\"twitter:creator\" content=\"@uartesec\" \/>\n<meta name=\"twitter:site\" content=\"@uartesec\" \/>\n<meta name=\"twitter:label1\" content=\"\u00c9crit par\" \/>\n\t<meta name=\"twitter:data1\" content=\"ccortez\" \/>\n\t<meta name=\"twitter:label2\" content=\"Dur\u00e9e de lecture estim\u00e9e\" \/>\n\t<meta name=\"twitter:data2\" content=\"6 minutes\" \/>\n<script type=\"application\/ld+json\" class=\"yoast-schema-graph\">{\"@context\":\"https:\\\/\\\/schema.org\",\"@graph\":[{\"@type\":\"Article\",\"@id\":\"https:\\\/\\\/www.uartes.edu.ec\\\/sitio\\\/fr\\\/blog\\\/2024\\\/06\\\/03\\\/photofestecuador-expone-en-escrituras-sobre-el-cuerpo-fotos-de-3-performances-de-amalina-bomnin\\\/#article\",\"isPartOf\":{\"@id\":\"https:\\\/\\\/www.uartes.edu.ec\\\/sitio\\\/fr\\\/blog\\\/2024\\\/06\\\/03\\\/photofestecuador-expone-en-escrituras-sobre-el-cuerpo-fotos-de-3-performances-de-amalina-bomnin\\\/\"},\"author\":{\"name\":\"ccortez\",\"@id\":\"https:\\\/\\\/www.uartes.edu.ec\\\/sitio\\\/fr\\\/#\\\/schema\\\/person\\\/efa1b8275797664fd7f13a79ccc0b1f4\"},\"headline\":\"El PhotofestEcuador 2024 expone en \u201cEscrituras sobre el cuerpo\u201d fotos de tres performances de Amalina Bomnin\",\"datePublished\":\"2024-06-04T00:49:42+00:00\",\"dateModified\":\"2024-07-04T16:18:52+00:00\",\"mainEntityOfPage\":{\"@id\":\"https:\\\/\\\/www.uartes.edu.ec\\\/sitio\\\/fr\\\/blog\\\/2024\\\/06\\\/03\\\/photofestecuador-expone-en-escrituras-sobre-el-cuerpo-fotos-de-3-performances-de-amalina-bomnin\\\/\"},\"wordCount\":1075,\"commentCount\":0,\"publisher\":{\"@id\":\"https:\\\/\\\/www.uartes.edu.ec\\\/sitio\\\/fr\\\/#organization\"},\"image\":{\"@id\":\"https:\\\/\\\/www.uartes.edu.ec\\\/sitio\\\/fr\\\/blog\\\/2024\\\/06\\\/03\\\/photofestecuador-expone-en-escrituras-sobre-el-cuerpo-fotos-de-3-performances-de-amalina-bomnin\\\/#primaryimage\"},\"thumbnailUrl\":\"https:\\\/\\\/www.uartes.edu.ec\\\/sitio\\\/wp-content\\\/uploads\\\/2024\\\/06\\\/05-AMALINA-PHOTOFEST.jpg\",\"keywords\":[\"exposici\u00f3n\"],\"articleSection\":[\"Acad\u00e9mico\",\"Artes\",\"Docentes\",\"Gesti\u00f3n\",\"Investigaci\u00f3n\",\"Transversal\"],\"inLanguage\":\"fr-FR\",\"potentialAction\":[{\"@type\":\"CommentAction\",\"name\":\"Comment\",\"target\":[\"https:\\\/\\\/www.uartes.edu.ec\\\/sitio\\\/fr\\\/blog\\\/2024\\\/06\\\/03\\\/photofestecuador-expone-en-escrituras-sobre-el-cuerpo-fotos-de-3-performances-de-amalina-bomnin\\\/#respond\"]}]},{\"@type\":[\"WebPage\",\"ItemPage\"],\"@id\":\"https:\\\/\\\/www.uartes.edu.ec\\\/sitio\\\/fr\\\/blog\\\/2024\\\/06\\\/03\\\/photofestecuador-expone-en-escrituras-sobre-el-cuerpo-fotos-de-3-performances-de-amalina-bomnin\\\/\",\"url\":\"https:\\\/\\\/www.uartes.edu.ec\\\/sitio\\\/fr\\\/blog\\\/2024\\\/06\\\/03\\\/photofestecuador-expone-en-escrituras-sobre-el-cuerpo-fotos-de-3-performances-de-amalina-bomnin\\\/\",\"name\":\"Universidad de las Artes - El PhotofestEcuador 2024 expone en \u201cEscrituras sobre el cuerpo\u201d fotos de tres performances de Amalina Bomnin\",\"isPartOf\":{\"@id\":\"https:\\\/\\\/www.uartes.edu.ec\\\/sitio\\\/fr\\\/#website\"},\"primaryImageOfPage\":{\"@id\":\"https:\\\/\\\/www.uartes.edu.ec\\\/sitio\\\/fr\\\/blog\\\/2024\\\/06\\\/03\\\/photofestecuador-expone-en-escrituras-sobre-el-cuerpo-fotos-de-3-performances-de-amalina-bomnin\\\/#primaryimage\"},\"image\":{\"@id\":\"https:\\\/\\\/www.uartes.edu.ec\\\/sitio\\\/fr\\\/blog\\\/2024\\\/06\\\/03\\\/photofestecuador-expone-en-escrituras-sobre-el-cuerpo-fotos-de-3-performances-de-amalina-bomnin\\\/#primaryimage\"},\"thumbnailUrl\":\"https:\\\/\\\/www.uartes.edu.ec\\\/sitio\\\/wp-content\\\/uploads\\\/2024\\\/06\\\/05-AMALINA-PHOTOFEST.jpg\",\"datePublished\":\"2024-06-04T00:49:42+00:00\",\"dateModified\":\"2024-07-04T16:18:52+00:00\",\"description\":\"Universidad de las Artes - El PhotofestEcuador 2024 expone en \u201cEscrituras sobre el cuerpo\u201d fotos de tres performances de Amalina Bomnin\",\"breadcrumb\":{\"@id\":\"https:\\\/\\\/www.uartes.edu.ec\\\/sitio\\\/fr\\\/blog\\\/2024\\\/06\\\/03\\\/photofestecuador-expone-en-escrituras-sobre-el-cuerpo-fotos-de-3-performances-de-amalina-bomnin\\\/#breadcrumb\"},\"inLanguage\":\"fr-FR\",\"potentialAction\":[{\"@type\":\"ReadAction\",\"target\":[\"https:\\\/\\\/www.uartes.edu.ec\\\/sitio\\\/fr\\\/blog\\\/2024\\\/06\\\/03\\\/photofestecuador-expone-en-escrituras-sobre-el-cuerpo-fotos-de-3-performances-de-amalina-bomnin\\\/\"]}]},{\"@type\":\"ImageObject\",\"inLanguage\":\"fr-FR\",\"@id\":\"https:\\\/\\\/www.uartes.edu.ec\\\/sitio\\\/fr\\\/blog\\\/2024\\\/06\\\/03\\\/photofestecuador-expone-en-escrituras-sobre-el-cuerpo-fotos-de-3-performances-de-amalina-bomnin\\\/#primaryimage\",\"url\":\"https:\\\/\\\/www.uartes.edu.ec\\\/sitio\\\/wp-content\\\/uploads\\\/2024\\\/06\\\/05-AMALINA-PHOTOFEST.jpg\",\"contentUrl\":\"https:\\\/\\\/www.uartes.edu.ec\\\/sitio\\\/wp-content\\\/uploads\\\/2024\\\/06\\\/05-AMALINA-PHOTOFEST.jpg\",\"width\":2000,\"height\":1333},{\"@type\":\"BreadcrumbList\",\"@id\":\"https:\\\/\\\/www.uartes.edu.ec\\\/sitio\\\/fr\\\/blog\\\/2024\\\/06\\\/03\\\/photofestecuador-expone-en-escrituras-sobre-el-cuerpo-fotos-de-3-performances-de-amalina-bomnin\\\/#breadcrumb\",\"itemListElement\":[{\"@type\":\"ListItem\",\"position\":1,\"name\":\"Inicio\",\"item\":\"https:\\\/\\\/www.uartes.edu.ec\\\/sitio\\\/\"},{\"@type\":\"ListItem\",\"position\":2,\"name\":\"El PhotofestEcuador 2024 expone en \u201cEscrituras sobre el cuerpo\u201d fotos de tres performances de Amalina Bomnin\"}]},{\"@type\":\"WebSite\",\"@id\":\"https:\\\/\\\/www.uartes.edu.ec\\\/sitio\\\/fr\\\/#website\",\"url\":\"https:\\\/\\\/www.uartes.edu.ec\\\/sitio\\\/fr\\\/\",\"name\":\"Universidad de las Artes\",\"description\":\"Sitio oficial de la Universidad Nacional de las Artes del Ecuador\",\"publisher\":{\"@id\":\"https:\\\/\\\/www.uartes.edu.ec\\\/sitio\\\/fr\\\/#organization\"},\"potentialAction\":[{\"@type\":\"SearchAction\",\"target\":{\"@type\":\"EntryPoint\",\"urlTemplate\":\"https:\\\/\\\/www.uartes.edu.ec\\\/sitio\\\/fr\\\/?s={search_term_string}\"},\"query-input\":{\"@type\":\"PropertyValueSpecification\",\"valueRequired\":true,\"valueName\":\"search_term_string\"}}],\"inLanguage\":\"fr-FR\"},{\"@type\":\"Organization\",\"@id\":\"https:\\\/\\\/www.uartes.edu.ec\\\/sitio\\\/fr\\\/#organization\",\"name\":\"Universidad de las Artes\",\"url\":\"https:\\\/\\\/www.uartes.edu.ec\\\/sitio\\\/fr\\\/\",\"logo\":{\"@type\":\"ImageObject\",\"inLanguage\":\"fr-FR\",\"@id\":\"https:\\\/\\\/www.uartes.edu.ec\\\/sitio\\\/fr\\\/#\\\/schema\\\/logo\\\/image\\\/\",\"url\":\"https:\\\/\\\/www.uartes.edu.ec\\\/sitio\\\/wp-content\\\/uploads\\\/2022\\\/07\\\/logo-ua-horizontal.png\",\"contentUrl\":\"https:\\\/\\\/www.uartes.edu.ec\\\/sitio\\\/wp-content\\\/uploads\\\/2022\\\/07\\\/logo-ua-horizontal.png\",\"width\":800,\"height\":276,\"caption\":\"Universidad de las Artes\"},\"image\":{\"@id\":\"https:\\\/\\\/www.uartes.edu.ec\\\/sitio\\\/fr\\\/#\\\/schema\\\/logo\\\/image\\\/\"},\"sameAs\":[\"https:\\\/\\\/www.facebook.com\\\/uartesec\",\"https:\\\/\\\/x.com\\\/uartesec\",\"https:\\\/\\\/www.tiktok.com\\\/@uartesec\"]},{\"@type\":\"Person\",\"@id\":\"https:\\\/\\\/www.uartes.edu.ec\\\/sitio\\\/fr\\\/#\\\/schema\\\/person\\\/efa1b8275797664fd7f13a79ccc0b1f4\",\"name\":\"ccortez\",\"image\":{\"@type\":\"ImageObject\",\"inLanguage\":\"fr-FR\",\"@id\":\"https:\\\/\\\/secure.gravatar.com\\\/avatar\\\/b2a6f664a3ae8e074346ef91775736c5ec479e637ecced6842de9dc98b5da9cd?s=96&d=mm&r=g\",\"url\":\"https:\\\/\\\/secure.gravatar.com\\\/avatar\\\/b2a6f664a3ae8e074346ef91775736c5ec479e637ecced6842de9dc98b5da9cd?s=96&d=mm&r=g\",\"contentUrl\":\"https:\\\/\\\/secure.gravatar.com\\\/avatar\\\/b2a6f664a3ae8e074346ef91775736c5ec479e637ecced6842de9dc98b5da9cd?s=96&d=mm&r=g\",\"caption\":\"ccortez\"},\"url\":\"https:\\\/\\\/www.uartes.edu.ec\\\/sitio\\\/fr\\\/blog\\\/author\\\/ccortez\\\/\"}]}<\/script>\n<!-- \/ Yoast SEO plugin. -->","yoast_head_json":{"title":"Universidad de las Artes - El PhotofestEcuador 2024 expone en \u201cEscrituras sobre el cuerpo\u201d fotos de tres performances de Amalina Bomnin","description":"Universidad de las Artes - El PhotofestEcuador 2024 expone en \u201cEscrituras sobre el cuerpo\u201d fotos de tres performances de Amalina Bomnin","robots":{"index":"index","follow":"follow","max-snippet":"max-snippet:-1","max-image-preview":"max-image-preview:large","max-video-preview":"max-video-preview:-1"},"canonical":"https:\/\/www.uartes.edu.ec\/sitio\/fr\/blog\/2024\/06\/03\/photofestecuador-expone-en-escrituras-sobre-el-cuerpo-fotos-de-3-performances-de-amalina-bomnin\/","og_locale":"fr_FR","og_type":"article","og_title":"Universidad de las Artes - El PhotofestEcuador 2024 expone en \u201cEscrituras sobre el cuerpo\u201d fotos de tres performances de Amalina Bomnin","og_description":"Universidad de las Artes - El PhotofestEcuador 2024 expone en \u201cEscrituras sobre el cuerpo\u201d fotos de tres performances de Amalina Bomnin","og_url":"https:\/\/www.uartes.edu.ec\/sitio\/fr\/blog\/2024\/06\/03\/photofestecuador-expone-en-escrituras-sobre-el-cuerpo-fotos-de-3-performances-de-amalina-bomnin\/","og_site_name":"Universidad de las Artes","article_publisher":"https:\/\/www.facebook.com\/uartesec","article_published_time":"2024-06-04T00:49:42+00:00","article_modified_time":"2024-07-04T16:18:52+00:00","og_image":[{"width":2000,"height":1333,"url":"https:\/\/www.uartes.edu.ec\/sitio\/wp-content\/uploads\/2024\/06\/05-AMALINA-PHOTOFEST.jpg","type":"image\/jpeg"}],"author":"ccortez","twitter_card":"summary_large_image","twitter_creator":"@uartesec","twitter_site":"@uartesec","twitter_misc":{"\u00c9crit par":"ccortez","Dur\u00e9e de lecture estim\u00e9e":"6 minutes"},"schema":{"@context":"https:\/\/schema.org","@graph":[{"@type":"Article","@id":"https:\/\/www.uartes.edu.ec\/sitio\/fr\/blog\/2024\/06\/03\/photofestecuador-expone-en-escrituras-sobre-el-cuerpo-fotos-de-3-performances-de-amalina-bomnin\/#article","isPartOf":{"@id":"https:\/\/www.uartes.edu.ec\/sitio\/fr\/blog\/2024\/06\/03\/photofestecuador-expone-en-escrituras-sobre-el-cuerpo-fotos-de-3-performances-de-amalina-bomnin\/"},"author":{"name":"ccortez","@id":"https:\/\/www.uartes.edu.ec\/sitio\/fr\/#\/schema\/person\/efa1b8275797664fd7f13a79ccc0b1f4"},"headline":"El PhotofestEcuador 2024 expone en \u201cEscrituras sobre el cuerpo\u201d fotos de tres performances de Amalina Bomnin","datePublished":"2024-06-04T00:49:42+00:00","dateModified":"2024-07-04T16:18:52+00:00","mainEntityOfPage":{"@id":"https:\/\/www.uartes.edu.ec\/sitio\/fr\/blog\/2024\/06\/03\/photofestecuador-expone-en-escrituras-sobre-el-cuerpo-fotos-de-3-performances-de-amalina-bomnin\/"},"wordCount":1075,"commentCount":0,"publisher":{"@id":"https:\/\/www.uartes.edu.ec\/sitio\/fr\/#organization"},"image":{"@id":"https:\/\/www.uartes.edu.ec\/sitio\/fr\/blog\/2024\/06\/03\/photofestecuador-expone-en-escrituras-sobre-el-cuerpo-fotos-de-3-performances-de-amalina-bomnin\/#primaryimage"},"thumbnailUrl":"https:\/\/www.uartes.edu.ec\/sitio\/wp-content\/uploads\/2024\/06\/05-AMALINA-PHOTOFEST.jpg","keywords":["exposici\u00f3n"],"articleSection":["Acad\u00e9mico","Artes","Docentes","Gesti\u00f3n","Investigaci\u00f3n","Transversal"],"inLanguage":"fr-FR","potentialAction":[{"@type":"CommentAction","name":"Comment","target":["https:\/\/www.uartes.edu.ec\/sitio\/fr\/blog\/2024\/06\/03\/photofestecuador-expone-en-escrituras-sobre-el-cuerpo-fotos-de-3-performances-de-amalina-bomnin\/#respond"]}]},{"@type":["WebPage","ItemPage"],"@id":"https:\/\/www.uartes.edu.ec\/sitio\/fr\/blog\/2024\/06\/03\/photofestecuador-expone-en-escrituras-sobre-el-cuerpo-fotos-de-3-performances-de-amalina-bomnin\/","url":"https:\/\/www.uartes.edu.ec\/sitio\/fr\/blog\/2024\/06\/03\/photofestecuador-expone-en-escrituras-sobre-el-cuerpo-fotos-de-3-performances-de-amalina-bomnin\/","name":"Universidad de las Artes - El PhotofestEcuador 2024 expone en \u201cEscrituras sobre el cuerpo\u201d fotos de tres performances de Amalina Bomnin","isPartOf":{"@id":"https:\/\/www.uartes.edu.ec\/sitio\/fr\/#website"},"primaryImageOfPage":{"@id":"https:\/\/www.uartes.edu.ec\/sitio\/fr\/blog\/2024\/06\/03\/photofestecuador-expone-en-escrituras-sobre-el-cuerpo-fotos-de-3-performances-de-amalina-bomnin\/#primaryimage"},"image":{"@id":"https:\/\/www.uartes.edu.ec\/sitio\/fr\/blog\/2024\/06\/03\/photofestecuador-expone-en-escrituras-sobre-el-cuerpo-fotos-de-3-performances-de-amalina-bomnin\/#primaryimage"},"thumbnailUrl":"https:\/\/www.uartes.edu.ec\/sitio\/wp-content\/uploads\/2024\/06\/05-AMALINA-PHOTOFEST.jpg","datePublished":"2024-06-04T00:49:42+00:00","dateModified":"2024-07-04T16:18:52+00:00","description":"Universidad de las Artes - El PhotofestEcuador 2024 expone en \u201cEscrituras sobre el cuerpo\u201d fotos de tres performances de Amalina Bomnin","breadcrumb":{"@id":"https:\/\/www.uartes.edu.ec\/sitio\/fr\/blog\/2024\/06\/03\/photofestecuador-expone-en-escrituras-sobre-el-cuerpo-fotos-de-3-performances-de-amalina-bomnin\/#breadcrumb"},"inLanguage":"fr-FR","potentialAction":[{"@type":"ReadAction","target":["https:\/\/www.uartes.edu.ec\/sitio\/fr\/blog\/2024\/06\/03\/photofestecuador-expone-en-escrituras-sobre-el-cuerpo-fotos-de-3-performances-de-amalina-bomnin\/"]}]},{"@type":"ImageObject","inLanguage":"fr-FR","@id":"https:\/\/www.uartes.edu.ec\/sitio\/fr\/blog\/2024\/06\/03\/photofestecuador-expone-en-escrituras-sobre-el-cuerpo-fotos-de-3-performances-de-amalina-bomnin\/#primaryimage","url":"https:\/\/www.uartes.edu.ec\/sitio\/wp-content\/uploads\/2024\/06\/05-AMALINA-PHOTOFEST.jpg","contentUrl":"https:\/\/www.uartes.edu.ec\/sitio\/wp-content\/uploads\/2024\/06\/05-AMALINA-PHOTOFEST.jpg","width":2000,"height":1333},{"@type":"BreadcrumbList","@id":"https:\/\/www.uartes.edu.ec\/sitio\/fr\/blog\/2024\/06\/03\/photofestecuador-expone-en-escrituras-sobre-el-cuerpo-fotos-de-3-performances-de-amalina-bomnin\/#breadcrumb","itemListElement":[{"@type":"ListItem","position":1,"name":"Inicio","item":"https:\/\/www.uartes.edu.ec\/sitio\/"},{"@type":"ListItem","position":2,"name":"El PhotofestEcuador 2024 expone en \u201cEscrituras sobre el cuerpo\u201d fotos de tres performances de Amalina Bomnin"}]},{"@type":"WebSite","@id":"https:\/\/www.uartes.edu.ec\/sitio\/fr\/#website","url":"https:\/\/www.uartes.edu.ec\/sitio\/fr\/","name":"Universidad de las Artes","description":"Sitio oficial de la Universidad Nacional de las Artes del Ecuador","publisher":{"@id":"https:\/\/www.uartes.edu.ec\/sitio\/fr\/#organization"},"potentialAction":[{"@type":"SearchAction","target":{"@type":"EntryPoint","urlTemplate":"https:\/\/www.uartes.edu.ec\/sitio\/fr\/?s={search_term_string}"},"query-input":{"@type":"PropertyValueSpecification","valueRequired":true,"valueName":"search_term_string"}}],"inLanguage":"fr-FR"},{"@type":"Organization","@id":"https:\/\/www.uartes.edu.ec\/sitio\/fr\/#organization","name":"Universidad de las Artes","url":"https:\/\/www.uartes.edu.ec\/sitio\/fr\/","logo":{"@type":"ImageObject","inLanguage":"fr-FR","@id":"https:\/\/www.uartes.edu.ec\/sitio\/fr\/#\/schema\/logo\/image\/","url":"https:\/\/www.uartes.edu.ec\/sitio\/wp-content\/uploads\/2022\/07\/logo-ua-horizontal.png","contentUrl":"https:\/\/www.uartes.edu.ec\/sitio\/wp-content\/uploads\/2022\/07\/logo-ua-horizontal.png","width":800,"height":276,"caption":"Universidad de las Artes"},"image":{"@id":"https:\/\/www.uartes.edu.ec\/sitio\/fr\/#\/schema\/logo\/image\/"},"sameAs":["https:\/\/www.facebook.com\/uartesec","https:\/\/x.com\/uartesec","https:\/\/www.tiktok.com\/@uartesec"]},{"@type":"Person","@id":"https:\/\/www.uartes.edu.ec\/sitio\/fr\/#\/schema\/person\/efa1b8275797664fd7f13a79ccc0b1f4","name":"ccortez","image":{"@type":"ImageObject","inLanguage":"fr-FR","@id":"https:\/\/secure.gravatar.com\/avatar\/b2a6f664a3ae8e074346ef91775736c5ec479e637ecced6842de9dc98b5da9cd?s=96&d=mm&r=g","url":"https:\/\/secure.gravatar.com\/avatar\/b2a6f664a3ae8e074346ef91775736c5ec479e637ecced6842de9dc98b5da9cd?s=96&d=mm&r=g","contentUrl":"https:\/\/secure.gravatar.com\/avatar\/b2a6f664a3ae8e074346ef91775736c5ec479e637ecced6842de9dc98b5da9cd?s=96&d=mm&r=g","caption":"ccortez"},"url":"https:\/\/www.uartes.edu.ec\/sitio\/fr\/blog\/author\/ccortez\/"}]}},"uagb_featured_image_src":{"full":["https:\/\/www.uartes.edu.ec\/sitio\/wp-content\/uploads\/2024\/06\/05-AMALINA-PHOTOFEST.jpg",2000,1333,false],"thumbnail":["https:\/\/www.uartes.edu.ec\/sitio\/wp-content\/uploads\/2024\/06\/05-AMALINA-PHOTOFEST-150x150.jpg",150,150,true],"medium":["https:\/\/www.uartes.edu.ec\/sitio\/wp-content\/uploads\/2024\/06\/05-AMALINA-PHOTOFEST-300x200.jpg",300,200,true],"medium_large":["https:\/\/www.uartes.edu.ec\/sitio\/wp-content\/uploads\/2024\/06\/05-AMALINA-PHOTOFEST-768x512.jpg",768,512,true],"large":["https:\/\/www.uartes.edu.ec\/sitio\/wp-content\/uploads\/2024\/06\/05-AMALINA-PHOTOFEST-644x429.jpg",644,429,true],"1536x1536":["https:\/\/www.uartes.edu.ec\/sitio\/wp-content\/uploads\/2024\/06\/05-AMALINA-PHOTOFEST-1536x1024.jpg",1536,1024,true],"2048x2048":["https:\/\/www.uartes.edu.ec\/sitio\/wp-content\/uploads\/2024\/06\/05-AMALINA-PHOTOFEST.jpg",2000,1333,false],"trp-custom-language-flag":["https:\/\/www.uartes.edu.ec\/sitio\/wp-content\/uploads\/2024\/06\/05-AMALINA-PHOTOFEST-18x12.jpg",18,12,true],"htmega_size_585x295":["https:\/\/www.uartes.edu.ec\/sitio\/wp-content\/uploads\/2024\/06\/05-AMALINA-PHOTOFEST-585x295.jpg",585,295,true],"htmega_size_1170x536":["https:\/\/www.uartes.edu.ec\/sitio\/wp-content\/uploads\/2024\/06\/05-AMALINA-PHOTOFEST-1170x536.jpg",1170,536,true],"htmega_size_396x360":["https:\/\/www.uartes.edu.ec\/sitio\/wp-content\/uploads\/2024\/06\/05-AMALINA-PHOTOFEST-396x360.jpg",396,360,true],"gb-block-post-grid-landscape":["https:\/\/www.uartes.edu.ec\/sitio\/wp-content\/uploads\/2024\/06\/05-AMALINA-PHOTOFEST-600x400.jpg",600,400,true],"gb-block-post-grid-square":["https:\/\/www.uartes.edu.ec\/sitio\/wp-content\/uploads\/2024\/06\/05-AMALINA-PHOTOFEST-600x600.jpg",600,600,true],"university-hub-thumb":["https:\/\/www.uartes.edu.ec\/sitio\/wp-content\/uploads\/2024\/06\/05-AMALINA-PHOTOFEST-400x267.jpg",400,267,true]},"uagb_author_info":{"display_name":"ccortez","author_link":"https:\/\/www.uartes.edu.ec\/sitio\/fr\/blog\/author\/ccortez\/"},"uagb_comment_info":0,"uagb_excerpt":"\u201cSoy performer, no fot\u00f3grafa, pero esto no quiere decir que no pueda exponer fotograf\u00edas o foinstalaciones, o cualquier otro soporte art\u00edstico combinado con el medio fotogr\u00e1fico\u201d. Amalina Bomnin, docente del Departamento Transversal UArtes lo menciona en referencia a su participaci\u00f3n en el PhotofestEcuador que hasta el 23 de junio mantendr\u00e1 abierta en la CCE Azuay\u2026","featured_image_src":"https:\/\/www.uartes.edu.ec\/sitio\/wp-content\/uploads\/2024\/06\/05-AMALINA-PHOTOFEST-600x400.jpg","featured_image_src_square":"https:\/\/www.uartes.edu.ec\/sitio\/wp-content\/uploads\/2024\/06\/05-AMALINA-PHOTOFEST-600x600.jpg","author_info":{"display_name":"ccortez","author_link":"https:\/\/www.uartes.edu.ec\/sitio\/fr\/blog\/author\/ccortez\/"},"publishpress_future_workflow_manual_trigger":{"enabledWorkflows":[]},"distributor_meta":false,"distributor_terms":false,"distributor_media":false,"distributor_original_site_name":"Universidad de las Artes","distributor_original_site_url":"https:\/\/www.uartes.edu.ec\/sitio\/fr","push-errors":false,"_links":{"self":[{"href":"https:\/\/www.uartes.edu.ec\/sitio\/fr\/wp-json\/wp\/v2\/posts\/54735","targetHints":{"allow":["GET"]}}],"collection":[{"href":"https:\/\/www.uartes.edu.ec\/sitio\/fr\/wp-json\/wp\/v2\/posts"}],"about":[{"href":"https:\/\/www.uartes.edu.ec\/sitio\/fr\/wp-json\/wp\/v2\/types\/post"}],"author":[{"embeddable":true,"href":"https:\/\/www.uartes.edu.ec\/sitio\/fr\/wp-json\/wp\/v2\/users\/10"}],"replies":[{"embeddable":true,"href":"https:\/\/www.uartes.edu.ec\/sitio\/fr\/wp-json\/wp\/v2\/comments?post=54735"}],"version-history":[{"count":11,"href":"https:\/\/www.uartes.edu.ec\/sitio\/fr\/wp-json\/wp\/v2\/posts\/54735\/revisions"}],"predecessor-version":[{"id":54757,"href":"https:\/\/www.uartes.edu.ec\/sitio\/fr\/wp-json\/wp\/v2\/posts\/54735\/revisions\/54757"}],"wp:featuredmedia":[{"embeddable":true,"href":"https:\/\/www.uartes.edu.ec\/sitio\/fr\/wp-json\/wp\/v2\/media\/54736"}],"wp:attachment":[{"href":"https:\/\/www.uartes.edu.ec\/sitio\/fr\/wp-json\/wp\/v2\/media?parent=54735"}],"wp:term":[{"taxonomy":"category","embeddable":true,"href":"https:\/\/www.uartes.edu.ec\/sitio\/fr\/wp-json\/wp\/v2\/categories?post=54735"},{"taxonomy":"post_tag","embeddable":true,"href":"https:\/\/www.uartes.edu.ec\/sitio\/fr\/wp-json\/wp\/v2\/tags?post=54735"},{"taxonomy":"infouartes","embeddable":true,"href":"https:\/\/www.uartes.edu.ec\/sitio\/fr\/wp-json\/wp\/v2\/infouartes?post=54735"}],"curies":[{"name":"wp","href":"https:\/\/api.w.org\/{rel}","templated":true}]}}