{"id":55035,"date":"2024-06-03T17:11:00","date_gmt":"2024-06-03T22:11:00","guid":{"rendered":"https:\/\/www.uartes.edu.ec\/sitio\/?p=55035"},"modified":"2024-07-04T11:18:52","modified_gmt":"2024-07-04T16:18:52","slug":"don-goyo-se-preestreno-en-la-uartes-donde-surgio-como-proyecto-de-investigacion-desde-el-27-de-junio-en-los-cines-del-pais","status":"publish","type":"post","link":"https:\/\/www.uartes.edu.ec\/sitio\/fr\/blog\/2024\/06\/03\/don-goyo-se-preestreno-en-la-uartes-donde-surgio-como-proyecto-de-investigacion-desde-el-27-de-junio-en-los-cines-del-pais\/","title":{"rendered":"\u201cDon Goyo\u201d se preestren\u00f3 en la UArtes, donde surgi\u00f3 como un proyecto de investigaci\u00f3n; el 27 llegar\u00e1 a los cines"},"content":{"rendered":"<p>Aunque el thriller \u201cDon Goyo tuvo ya una primera presentaci\u00f3n en la edici\u00f3n 38 del Festival de Cine Iberoamericano de Trieste (Italia), en noviembre del 2023, para su director, Jorge Flores Velasco, proyectarla como un preestreno en la Sala de Cine del MZ14 Centro de Producci\u00f3n e Innovaci\u00f3n UArtes fue importante y significativo.<\/p>\n\n\n\n<p>Se realiz\u00f3 el pasado 30 de mayo y al preestreno estuvo convocada nuestra comunidad universitaria, artistas, acad\u00e9micos y medios de comunicaci\u00f3n. Antes de que el cineasta y tambi\u00e9n docente de la Escuela de Cine de la Universidad de las Artes diera las palabras de bienvenida, el estudiante Gabriel Avecilla, a cargo de la presentaci\u00f3n, se\u00f1al\u00f3 que \u201cDon Goyo\u201d naci\u00f3 en la UArtes como un proyecto de investigaci\u00f3n en el que participaron alumnos y profesores.<\/p>\n\n\n\n<p>\u201cIncre\u00edble presentarla en la Sala de Cine del MZ14 que antes era un proyecto y ahora no solo es una realidad, sino un lugar de gran valor cultural que siempre se est\u00e1 moviendo\u201d, dijo Avecilla, revelando que antes de \u201cDon Goyo\u201d hubo una proyecci\u00f3n de Cineclub, que tambi\u00e9n es parte de la UArtes.<\/p>\n\n\n<div class=\"wp-block-image\">\n<figure class=\"aligncenter size-large\"><img decoding=\"async\" src=\"https:\/\/www.uartes.edu.ec\/sitio\/wp-content\/uploads\/2024\/06\/06-DON-GOYO-644x429.jpg\" alt=\"\" class=\"wp-image-55037\" \/><\/figure>\n<\/div>\n\n\t\t\t\t\t<div\n\t\t\t\t\t\tclass=\"wp-block-uagb-image-gallery uagb-block-6ae910c8\"\n\t\t\t\t\t\tstyle=\"\"\n\t\t\t\t\t>\n\t\t\t\t\t\t\t\t\t\t\t<div class=\"spectra-image-gallery spectra-image-gallery__layout--grid spectra-image-gallery__layout--grid-col-3 spectra-image-gallery__layout--grid-col-tab-3 spectra-image-gallery__layout--grid-col-mob-2\">\n\t\t\t\t\t\t\t\t\t\t\t<div class='spectra-image-gallery__media-wrapper' data-spectra-gallery-image-id='55038' tabindex=\"0\">\n\t\t\t\t\t\t\t<div class=\"spectra-image-gallery__media spectra-image-gallery__media--grid\">\n\t\t\t\t<picture>\n\t\t\t\t\t<source media=\"(min-width: 1024px)\" srcset=\"https:\/\/www.uartes.edu.ec\/sitio\/wp-content\/uploads\/2024\/06\/03-DON-GOYO-644x429.jpg\">\n\t\t\t\t\t<source media=\"(min-width: 768px)\" srcset=\"https:\/\/www.uartes.edu.ec\/sitio\/wp-content\/uploads\/2024\/06\/03-DON-GOYO-644x429.jpg\">\n\t\t\t\t\t<img decoding=\"async\" class=\"spectra-image-gallery__media-thumbnail spectra-image-gallery__media-thumbnail--grid\" src=\"https:\/\/www.uartes.edu.ec\/sitio\/wp-content\/uploads\/2024\/06\/03-DON-GOYO-300x200.jpg\" alt=\"\" loading=\"lazy\" \/>\n\t\t\t\t<\/picture>\n\t\t\t\t<div class=\"spectra-image-gallery__media-thumbnail-blurrer\"><\/div>\n\t\t\t\t\t\t\t\t\t\t\t<div class=\"spectra-image-gallery__media-thumbnail-caption-wrapper spectra-image-gallery__media-thumbnail-caption-wrapper--overlay\">\n\t\t\t\t\t\t\t\t\t\t\t<div class=\"spectra-image-gallery__media-thumbnail-caption spectra-image-gallery__media-thumbnail-caption--overlay\">\n\t\t\t\t\tAucune l\u00e9gende\t\t\t\t<\/div>\n\t\t\t\t\t\t\t\t\t\t<\/div>\n\t\t\t\t\t\t\t\t\t<\/div>\n\t\t\t\t\t\t<\/div>\n\t\t\t\t\t\t<div class='spectra-image-gallery__media-wrapper' data-spectra-gallery-image-id='55039' tabindex=\"0\">\n\t\t\t\t\t\t\t<div class=\"spectra-image-gallery__media spectra-image-gallery__media--grid\">\n\t\t\t\t<picture>\n\t\t\t\t\t<source media=\"(min-width: 1024px)\" srcset=\"https:\/\/www.uartes.edu.ec\/sitio\/wp-content\/uploads\/2024\/06\/02-DON-GOYO-644x429.jpg\">\n\t\t\t\t\t<source media=\"(min-width: 768px)\" srcset=\"https:\/\/www.uartes.edu.ec\/sitio\/wp-content\/uploads\/2024\/06\/02-DON-GOYO-644x429.jpg\">\n\t\t\t\t\t<img decoding=\"async\" class=\"spectra-image-gallery__media-thumbnail spectra-image-gallery__media-thumbnail--grid\" src=\"https:\/\/www.uartes.edu.ec\/sitio\/wp-content\/uploads\/2024\/06\/02-DON-GOYO-300x200.jpg\" alt=\"\" loading=\"lazy\" \/>\n\t\t\t\t<\/picture>\n\t\t\t\t<div class=\"spectra-image-gallery__media-thumbnail-blurrer\"><\/div>\n\t\t\t\t\t\t\t\t\t\t\t<div class=\"spectra-image-gallery__media-thumbnail-caption-wrapper spectra-image-gallery__media-thumbnail-caption-wrapper--overlay\">\n\t\t\t\t\t\t\t\t\t\t\t<div class=\"spectra-image-gallery__media-thumbnail-caption spectra-image-gallery__media-thumbnail-caption--overlay\">\n\t\t\t\t\tAucune l\u00e9gende\t\t\t\t<\/div>\n\t\t\t\t\t\t\t\t\t\t<\/div>\n\t\t\t\t\t\t\t\t\t<\/div>\n\t\t\t\t\t\t<\/div>\n\t\t\t\t\t\t<div class='spectra-image-gallery__media-wrapper' data-spectra-gallery-image-id='55040' tabindex=\"0\">\n\t\t\t\t\t\t\t<div class=\"spectra-image-gallery__media spectra-image-gallery__media--grid\">\n\t\t\t\t<picture>\n\t\t\t\t\t<source media=\"(min-width: 1024px)\" srcset=\"https:\/\/www.uartes.edu.ec\/sitio\/wp-content\/uploads\/2024\/06\/01-DON-GOYO-644x429.jpg\">\n\t\t\t\t\t<source media=\"(min-width: 768px)\" srcset=\"https:\/\/www.uartes.edu.ec\/sitio\/wp-content\/uploads\/2024\/06\/01-DON-GOYO-644x429.jpg\">\n\t\t\t\t\t<img decoding=\"async\" class=\"spectra-image-gallery__media-thumbnail spectra-image-gallery__media-thumbnail--grid\" src=\"https:\/\/www.uartes.edu.ec\/sitio\/wp-content\/uploads\/2024\/06\/01-DON-GOYO-300x200.jpg\" alt=\"\" loading=\"lazy\" \/>\n\t\t\t\t<\/picture>\n\t\t\t\t<div class=\"spectra-image-gallery__media-thumbnail-blurrer\"><\/div>\n\t\t\t\t\t\t\t\t\t\t\t<div class=\"spectra-image-gallery__media-thumbnail-caption-wrapper spectra-image-gallery__media-thumbnail-caption-wrapper--overlay\">\n\t\t\t\t\t\t\t\t\t\t\t<div class=\"spectra-image-gallery__media-thumbnail-caption spectra-image-gallery__media-thumbnail-caption--overlay\">\n\t\t\t\t\tAucune l\u00e9gende\t\t\t\t<\/div>\n\t\t\t\t\t\t\t\t\t\t<\/div>\n\t\t\t\t\t\t\t\t\t<\/div>\n\t\t\t\t\t\t<\/div>\n\t\t\t\t\t\t\t\t\t\t<\/div>\n\t\t\t\t\t\t\t\t\t\t\t\t\t\t\t\t\t\t<\/div>\n\t\t\t\t\t\t\t\t\t\n\n\n<p><\/p>\n\n\n\n<p>En su intervenci\u00f3n, Jorge Flores detall\u00f3 que \u201cDon Goyo\u201d surgi\u00f3 del grupo de investigaci\u00f3n de Cine y Producci\u00f3n Poscolonial de la UArtes y que pensando en los trazos del colonialismo que a\u00fan persisten en el pa\u00eds decidieron escoger la historia que el novelista y dramaturgo ecuatoriano Demetrio Aguilera Malta escribi\u00f3 hace 100 a\u00f1os. Los motiv\u00f3, dijo, que la obra hom\u00f3nima aborde temas relevantes, como el trabajo en el campo y la conservaci\u00f3n de la naturaleza, permiti\u00e9ndoles revisitar problem\u00e1ticas centenarias que persisten hoy en d\u00eda.<\/p>\n\n\n\n<p>As\u00ed empez\u00f3 todo, a\u00f1adi\u00f3 Flores. \u201cFue ah\u00ed que se escribi\u00f3 el guion y despu\u00e9s &#8216;Don Goyo&#8217; continu\u00f3 una ruta sorprendente a la que se unieron otros profesionales. La filmamos durante la pandemia, lo cual fue un reto y una oportunidad, pues muchos de los t\u00e9cnicos y artistas que participan en la producci\u00f3n \u2013y que son muy ocupados\u2013 para esa \u00e9poca estaban con muchas ganas de hacer algo y todo el medio (de producci\u00f3n cinematogr\u00e1fica) estaba parado\u201d.<\/p>\n\n\n\n<p>Estar en Triste fue importante, reiter\u00f3 Flores, pero la proyecci\u00f3n m\u00e1s significativa era el preestreno en la Sala de Cine del MZ14 \u201cporque los actores y t\u00e9cnicos ver\u00e1n la versi\u00f3n final, fue en la UArtes donde surgi\u00f3 el proyecto (y plantearon las primeras ideas) y es mi casa desde hace cinco a\u00f1os, lo cual lo hace muy especial\u201d.<\/p>\n\n\n\t\t\t\t\t<div\n\t\t\t\t\t\tclass=\"wp-block-uagb-image-gallery uagb-block-7e23c122\"\n\t\t\t\t\t\tstyle=\"\"\n\t\t\t\t\t>\n\t\t\t\t\t\t\t\t\t\t\t<div class=\"spectra-image-gallery spectra-image-gallery__layout--grid spectra-image-gallery__layout--grid-col-2 spectra-image-gallery__layout--grid-col-tab-2 spectra-image-gallery__layout--grid-col-mob-2\">\n\t\t\t\t\t\t\t\t\t\t\t<div class='spectra-image-gallery__media-wrapper' data-spectra-gallery-image-id='55042' tabindex=\"0\">\n\t\t\t\t\t\t\t<div class=\"spectra-image-gallery__media spectra-image-gallery__media--grid\">\n\t\t\t\t<picture>\n\t\t\t\t\t<source media=\"(min-width: 1024px)\" srcset=\"https:\/\/www.uartes.edu.ec\/sitio\/wp-content\/uploads\/2024\/06\/07-DON-GOYO-644x429.jpg\">\n\t\t\t\t\t<source media=\"(min-width: 768px)\" srcset=\"https:\/\/www.uartes.edu.ec\/sitio\/wp-content\/uploads\/2024\/06\/07-DON-GOYO-644x429.jpg\">\n\t\t\t\t\t<img decoding=\"async\" class=\"spectra-image-gallery__media-thumbnail spectra-image-gallery__media-thumbnail--grid\" src=\"https:\/\/www.uartes.edu.ec\/sitio\/wp-content\/uploads\/2024\/06\/07-DON-GOYO-300x200.jpg\" alt=\"\" loading=\"lazy\" \/>\n\t\t\t\t<\/picture>\n\t\t\t\t<div class=\"spectra-image-gallery__media-thumbnail-blurrer\"><\/div>\n\t\t\t\t\t\t\t\t\t\t\t<div class=\"spectra-image-gallery__media-thumbnail-caption-wrapper spectra-image-gallery__media-thumbnail-caption-wrapper--overlay\">\n\t\t\t\t\t\t\t\t\t\t\t<div class=\"spectra-image-gallery__media-thumbnail-caption spectra-image-gallery__media-thumbnail-caption--overlay\">\n\t\t\t\t\tAucune l\u00e9gende\t\t\t\t<\/div>\n\t\t\t\t\t\t\t\t\t\t<\/div>\n\t\t\t\t\t\t\t\t\t<\/div>\n\t\t\t\t\t\t<\/div>\n\t\t\t\t\t\t<div class='spectra-image-gallery__media-wrapper' data-spectra-gallery-image-id='55043' tabindex=\"0\">\n\t\t\t\t\t\t\t<div class=\"spectra-image-gallery__media spectra-image-gallery__media--grid\">\n\t\t\t\t<picture>\n\t\t\t\t\t<source media=\"(min-width: 1024px)\" srcset=\"https:\/\/www.uartes.edu.ec\/sitio\/wp-content\/uploads\/2024\/06\/05-DON-GOYO-644x429.jpg\">\n\t\t\t\t\t<source media=\"(min-width: 768px)\" srcset=\"https:\/\/www.uartes.edu.ec\/sitio\/wp-content\/uploads\/2024\/06\/05-DON-GOYO-644x429.jpg\">\n\t\t\t\t\t<img decoding=\"async\" class=\"spectra-image-gallery__media-thumbnail spectra-image-gallery__media-thumbnail--grid\" src=\"https:\/\/www.uartes.edu.ec\/sitio\/wp-content\/uploads\/2024\/06\/05-DON-GOYO-300x200.jpg\" alt=\"\" loading=\"lazy\" \/>\n\t\t\t\t<\/picture>\n\t\t\t\t<div class=\"spectra-image-gallery__media-thumbnail-blurrer\"><\/div>\n\t\t\t\t\t\t\t\t\t\t\t<div class=\"spectra-image-gallery__media-thumbnail-caption-wrapper spectra-image-gallery__media-thumbnail-caption-wrapper--overlay\">\n\t\t\t\t\t\t\t\t\t\t\t<div class=\"spectra-image-gallery__media-thumbnail-caption spectra-image-gallery__media-thumbnail-caption--overlay\">\n\t\t\t\t\tAucune l\u00e9gende\t\t\t\t<\/div>\n\t\t\t\t\t\t\t\t\t\t<\/div>\n\t\t\t\t\t\t\t\t\t<\/div>\n\t\t\t\t\t\t<\/div>\n\t\t\t\t\t\t\t\t\t\t<\/div>\n\t\t\t\t\t\t\t\t\t\t\t\t\t\t\t\t\t\t<\/div>\n\t\t\t\t\t\t\t\t\t\n\n\n<p>Magaly Ramos, productora de \u201cDon Goyo\u201d, tambi\u00e9n intervino. Fue breve porque solo quer\u00eda agradecer al equipo t\u00e9cnico y a los actores, y a quienes prestaron la locaci\u00f3n para la pel\u00edcula. \u201cUn paisaje con una naturaleza muy especial, el cual est\u00e1 en Bucay. Present\u00f3 muchos retos de producci\u00f3n hacer una pel\u00edcula en un bosque tan puro y conservado\u201d, revel\u00f3, invitando al p\u00fablico a disfrutarla y sentirse en ese mundo montuvio e h\u00edbrido.<\/p>\n\n\n\n<p>Junto a Flores y Ramos en el preestreno estuvieron los actores Carlos Chiriboga, Jenifer Carabal\u00ed, Vanesa Garc\u00eda, Daniel Palma, Rita Reyes, Armando Ronquillo, Daniel Garz\u00f3n y Vinicio Granizo.<\/p>\n\n\n\n<p>As\u00ed como en Guayaquil, \u201cDon Goyo\u201d tendr\u00e1 un preestreno en Quito el 20 de junio y a partir del 27 se exhibir\u00e1 en ocho ciudades del pa\u00eds, en las salas de Supercines (Manta, Portoviejo, Milagro, Ambato, Guayaquil y Quito) y de Cineplex (Sangolqu\u00ed y Tumbaco).<\/p>\n\n\n\n<h3 class=\"wp-block-heading\">Contenido y experiencias<\/h3>\n\n\n\n<p>En su contenido, el largometraje propone un di\u00e1logo entre don Goyo \u2013un negro cimarr\u00f3n que tiene poderes sobrenaturales\u2013 y Cusumbo. A diferencia de la novela de Demetrio Aguilera Malta, la protagonista es una mujer, una campesina que lucha por su lugar en una comunidad montuvia.<\/p>\n\n\n<div class=\"wp-block-image\">\n<figure class=\"aligncenter size-large\"><img decoding=\"async\" src=\"https:\/\/www.uartes.edu.ec\/sitio\/wp-content\/uploads\/2024\/06\/04-DON-GOYO-644x429.jpg\" alt=\"\" class=\"wp-image-55041\" \/><\/figure>\n<\/div>\n\n\n<p>El personaje lo encarna Jenifer Carabal\u00ed, quien se\u00f1ala la experiencia como inspiradora, pues le permiti\u00f3 reafirmarse en un papel complejo y vibrante dentro de un mundo masculino por excelencia.<\/p>\n\n\n\n<p>\u201cDon Goyo\u201d fue producida por Gatazo Film y rodada en la hacienda y el Bosque Protector Primario Santa Rosa del cant\u00f3n Cumand\u00e1, al Sur de la provincia de Chimborazo. Tiene una duraci\u00f3n de 70 minutos y combina la intriga, el amor, el suspenso y la venganza, mientras plantea una reflexi\u00f3n profunda sobre la precarizaci\u00f3n del trabajo, la violencia cotidiana en el campo y la destrucci\u00f3n del medio ambiente.<\/p>","protected":false},"excerpt":{"rendered":"<p>El preestreno en Guayaquil de \u201cDon Goyo\u201d, producida por Gatazo Film y dirigida por Jorge Flores, docente de nuestra Escuela de Cine, tuvo lugar en el MZ14 Centro de Producci\u00f3n e Innovaci\u00f3n UArtes el 30 de mayo. En Quito se preestrenar\u00e1 el 20 de junio y a partir del 27 se exhibir\u00e1 en ocho ciudades del pa\u00eds, en los Supercines de Manta, Portoviejo, Milagro, Ambato, Guayaquil y Quito, y en los Cineplex de Sangolqu\u00ed y Tumbaco.<\/p>","protected":false},"author":10,"featured_media":55274,"comment_status":"open","ping_status":"open","sticky":false,"template":"","format":"standard","meta":{"_acf_changed":false,"_uag_custom_page_level_css":"","_monsterinsights_skip_tracking":false,"_monsterinsights_sitenote_active":false,"_monsterinsights_sitenote_note":"","_monsterinsights_sitenote_category":0,"cybocfi_hide_featured_image":"","footnotes":""},"categories":[147,75,76,83],"tags":[518],"infouartes":[],"class_list":["post-55035","post","type-post","status-publish","format-standard","has-post-thumbnail","hentry","category-cine","category-docentes","category-estudiantes","category-sedes","tag-produccion"],"acf":[],"yoast_head":"<!-- This site is optimized with the Yoast SEO plugin v27.4 - https:\/\/yoast.com\/product\/yoast-seo-wordpress\/ -->\n<title>Universidad de las Artes - \u201cDon Goyo\u201d se preestren\u00f3 en la UArtes, donde surgi\u00f3 como un proyecto de investigaci\u00f3n; el 27 llegar\u00e1 a los cines<\/title>\n<meta name=\"description\" content=\"Universidad de las Artes - \u201cDon Goyo\u201d se preestren\u00f3 en la UArtes, donde surgi\u00f3 como un proyecto de investigaci\u00f3n; el 27 llegar\u00e1 a los cines\" \/>\n<meta name=\"robots\" content=\"index, follow, max-snippet:-1, max-image-preview:large, max-video-preview:-1\" \/>\n<link rel=\"canonical\" href=\"https:\/\/www.uartes.edu.ec\/sitio\/fr\/blog\/2024\/06\/03\/don-goyo-se-preestreno-en-la-uartes-donde-surgio-como-proyecto-de-investigacion-desde-el-27-de-junio-en-los-cines-del-pais\/\" \/>\n<meta property=\"og:locale\" content=\"fr_FR\" \/>\n<meta property=\"og:type\" content=\"article\" \/>\n<meta property=\"og:title\" content=\"Universidad de las Artes - \u201cDon Goyo\u201d se preestren\u00f3 en la UArtes, donde surgi\u00f3 como un proyecto de investigaci\u00f3n; el 27 llegar\u00e1 a los cines\" \/>\n<meta property=\"og:description\" content=\"Universidad de las Artes - \u201cDon Goyo\u201d se preestren\u00f3 en la UArtes, donde surgi\u00f3 como un proyecto de investigaci\u00f3n; el 27 llegar\u00e1 a los cines\" \/>\n<meta property=\"og:url\" content=\"https:\/\/www.uartes.edu.ec\/sitio\/fr\/blog\/2024\/06\/03\/don-goyo-se-preestreno-en-la-uartes-donde-surgio-como-proyecto-de-investigacion-desde-el-27-de-junio-en-los-cines-del-pais\/\" \/>\n<meta property=\"og:site_name\" content=\"Universidad de las Artes\" \/>\n<meta property=\"article:publisher\" content=\"https:\/\/www.facebook.com\/uartesec\" \/>\n<meta property=\"article:published_time\" content=\"2024-06-03T22:11:00+00:00\" \/>\n<meta property=\"article:modified_time\" content=\"2024-07-04T16:18:52+00:00\" \/>\n<meta property=\"og:image\" content=\"https:\/\/www.uartes.edu.ec\/sitio\/wp-content\/uploads\/2024\/06\/07-PORTADA-DON-GOYO.jpg\" \/>\n\t<meta property=\"og:image:width\" content=\"2000\" \/>\n\t<meta property=\"og:image:height\" content=\"1333\" \/>\n\t<meta property=\"og:image:type\" content=\"image\/jpeg\" \/>\n<meta name=\"author\" content=\"ccortez\" \/>\n<meta name=\"twitter:card\" content=\"summary_large_image\" \/>\n<meta name=\"twitter:creator\" content=\"@uartesec\" \/>\n<meta name=\"twitter:site\" content=\"@uartesec\" \/>\n<meta name=\"twitter:label1\" content=\"\u00c9crit par\" \/>\n\t<meta name=\"twitter:data1\" content=\"ccortez\" \/>\n\t<meta name=\"twitter:label2\" content=\"Dur\u00e9e de lecture estim\u00e9e\" \/>\n\t<meta name=\"twitter:data2\" content=\"4 minutes\" \/>\n<script type=\"application\/ld+json\" class=\"yoast-schema-graph\">{\"@context\":\"https:\\\/\\\/schema.org\",\"@graph\":[{\"@type\":\"Article\",\"@id\":\"https:\\\/\\\/www.uartes.edu.ec\\\/sitio\\\/fr\\\/blog\\\/2024\\\/06\\\/03\\\/don-goyo-se-preestreno-en-la-uartes-donde-surgio-como-proyecto-de-investigacion-desde-el-27-de-junio-en-los-cines-del-pais\\\/#article\",\"isPartOf\":{\"@id\":\"https:\\\/\\\/www.uartes.edu.ec\\\/sitio\\\/fr\\\/blog\\\/2024\\\/06\\\/03\\\/don-goyo-se-preestreno-en-la-uartes-donde-surgio-como-proyecto-de-investigacion-desde-el-27-de-junio-en-los-cines-del-pais\\\/\"},\"author\":{\"name\":\"ccortez\",\"@id\":\"https:\\\/\\\/www.uartes.edu.ec\\\/sitio\\\/fr\\\/#\\\/schema\\\/person\\\/efa1b8275797664fd7f13a79ccc0b1f4\"},\"headline\":\"\u201cDon Goyo\u201d se preestren\u00f3 en la UArtes, donde surgi\u00f3 como un proyecto de investigaci\u00f3n; el 27 llegar\u00e1 a los cines\",\"datePublished\":\"2024-06-03T22:11:00+00:00\",\"dateModified\":\"2024-07-04T16:18:52+00:00\",\"mainEntityOfPage\":{\"@id\":\"https:\\\/\\\/www.uartes.edu.ec\\\/sitio\\\/fr\\\/blog\\\/2024\\\/06\\\/03\\\/don-goyo-se-preestreno-en-la-uartes-donde-surgio-como-proyecto-de-investigacion-desde-el-27-de-junio-en-los-cines-del-pais\\\/\"},\"wordCount\":756,\"commentCount\":0,\"publisher\":{\"@id\":\"https:\\\/\\\/www.uartes.edu.ec\\\/sitio\\\/fr\\\/#organization\"},\"image\":{\"@id\":\"https:\\\/\\\/www.uartes.edu.ec\\\/sitio\\\/fr\\\/blog\\\/2024\\\/06\\\/03\\\/don-goyo-se-preestreno-en-la-uartes-donde-surgio-como-proyecto-de-investigacion-desde-el-27-de-junio-en-los-cines-del-pais\\\/#primaryimage\"},\"thumbnailUrl\":\"https:\\\/\\\/www.uartes.edu.ec\\\/sitio\\\/wp-content\\\/uploads\\\/2024\\\/06\\\/07-PORTADA-DON-GOYO.jpg\",\"keywords\":[\"producci\u00f3n\"],\"articleSection\":[\"Cine\",\"Docentes\",\"Estudiantes\",\"Sedes\"],\"inLanguage\":\"fr-FR\",\"potentialAction\":[{\"@type\":\"CommentAction\",\"name\":\"Comment\",\"target\":[\"https:\\\/\\\/www.uartes.edu.ec\\\/sitio\\\/fr\\\/blog\\\/2024\\\/06\\\/03\\\/don-goyo-se-preestreno-en-la-uartes-donde-surgio-como-proyecto-de-investigacion-desde-el-27-de-junio-en-los-cines-del-pais\\\/#respond\"]}]},{\"@type\":[\"WebPage\",\"ItemPage\"],\"@id\":\"https:\\\/\\\/www.uartes.edu.ec\\\/sitio\\\/fr\\\/blog\\\/2024\\\/06\\\/03\\\/don-goyo-se-preestreno-en-la-uartes-donde-surgio-como-proyecto-de-investigacion-desde-el-27-de-junio-en-los-cines-del-pais\\\/\",\"url\":\"https:\\\/\\\/www.uartes.edu.ec\\\/sitio\\\/fr\\\/blog\\\/2024\\\/06\\\/03\\\/don-goyo-se-preestreno-en-la-uartes-donde-surgio-como-proyecto-de-investigacion-desde-el-27-de-junio-en-los-cines-del-pais\\\/\",\"name\":\"Universidad de las Artes - \u201cDon Goyo\u201d se preestren\u00f3 en la UArtes, donde surgi\u00f3 como un proyecto de investigaci\u00f3n; el 27 llegar\u00e1 a los cines\",\"isPartOf\":{\"@id\":\"https:\\\/\\\/www.uartes.edu.ec\\\/sitio\\\/fr\\\/#website\"},\"primaryImageOfPage\":{\"@id\":\"https:\\\/\\\/www.uartes.edu.ec\\\/sitio\\\/fr\\\/blog\\\/2024\\\/06\\\/03\\\/don-goyo-se-preestreno-en-la-uartes-donde-surgio-como-proyecto-de-investigacion-desde-el-27-de-junio-en-los-cines-del-pais\\\/#primaryimage\"},\"image\":{\"@id\":\"https:\\\/\\\/www.uartes.edu.ec\\\/sitio\\\/fr\\\/blog\\\/2024\\\/06\\\/03\\\/don-goyo-se-preestreno-en-la-uartes-donde-surgio-como-proyecto-de-investigacion-desde-el-27-de-junio-en-los-cines-del-pais\\\/#primaryimage\"},\"thumbnailUrl\":\"https:\\\/\\\/www.uartes.edu.ec\\\/sitio\\\/wp-content\\\/uploads\\\/2024\\\/06\\\/07-PORTADA-DON-GOYO.jpg\",\"datePublished\":\"2024-06-03T22:11:00+00:00\",\"dateModified\":\"2024-07-04T16:18:52+00:00\",\"description\":\"Universidad de las Artes - \u201cDon Goyo\u201d se preestren\u00f3 en la UArtes, donde surgi\u00f3 como un proyecto de investigaci\u00f3n; el 27 llegar\u00e1 a los cines\",\"breadcrumb\":{\"@id\":\"https:\\\/\\\/www.uartes.edu.ec\\\/sitio\\\/fr\\\/blog\\\/2024\\\/06\\\/03\\\/don-goyo-se-preestreno-en-la-uartes-donde-surgio-como-proyecto-de-investigacion-desde-el-27-de-junio-en-los-cines-del-pais\\\/#breadcrumb\"},\"inLanguage\":\"fr-FR\",\"potentialAction\":[{\"@type\":\"ReadAction\",\"target\":[\"https:\\\/\\\/www.uartes.edu.ec\\\/sitio\\\/fr\\\/blog\\\/2024\\\/06\\\/03\\\/don-goyo-se-preestreno-en-la-uartes-donde-surgio-como-proyecto-de-investigacion-desde-el-27-de-junio-en-los-cines-del-pais\\\/\"]}]},{\"@type\":\"ImageObject\",\"inLanguage\":\"fr-FR\",\"@id\":\"https:\\\/\\\/www.uartes.edu.ec\\\/sitio\\\/fr\\\/blog\\\/2024\\\/06\\\/03\\\/don-goyo-se-preestreno-en-la-uartes-donde-surgio-como-proyecto-de-investigacion-desde-el-27-de-junio-en-los-cines-del-pais\\\/#primaryimage\",\"url\":\"https:\\\/\\\/www.uartes.edu.ec\\\/sitio\\\/wp-content\\\/uploads\\\/2024\\\/06\\\/07-PORTADA-DON-GOYO.jpg\",\"contentUrl\":\"https:\\\/\\\/www.uartes.edu.ec\\\/sitio\\\/wp-content\\\/uploads\\\/2024\\\/06\\\/07-PORTADA-DON-GOYO.jpg\",\"width\":2000,\"height\":1333},{\"@type\":\"BreadcrumbList\",\"@id\":\"https:\\\/\\\/www.uartes.edu.ec\\\/sitio\\\/fr\\\/blog\\\/2024\\\/06\\\/03\\\/don-goyo-se-preestreno-en-la-uartes-donde-surgio-como-proyecto-de-investigacion-desde-el-27-de-junio-en-los-cines-del-pais\\\/#breadcrumb\",\"itemListElement\":[{\"@type\":\"ListItem\",\"position\":1,\"name\":\"Inicio\",\"item\":\"https:\\\/\\\/www.uartes.edu.ec\\\/sitio\\\/\"},{\"@type\":\"ListItem\",\"position\":2,\"name\":\"\u201cDon Goyo\u201d se preestren\u00f3 en la UArtes, donde surgi\u00f3 como un proyecto de investigaci\u00f3n; el 27 llegar\u00e1 a los cines\"}]},{\"@type\":\"WebSite\",\"@id\":\"https:\\\/\\\/www.uartes.edu.ec\\\/sitio\\\/fr\\\/#website\",\"url\":\"https:\\\/\\\/www.uartes.edu.ec\\\/sitio\\\/fr\\\/\",\"name\":\"Universidad de las Artes\",\"description\":\"Sitio oficial de la Universidad Nacional de las Artes del Ecuador\",\"publisher\":{\"@id\":\"https:\\\/\\\/www.uartes.edu.ec\\\/sitio\\\/fr\\\/#organization\"},\"potentialAction\":[{\"@type\":\"SearchAction\",\"target\":{\"@type\":\"EntryPoint\",\"urlTemplate\":\"https:\\\/\\\/www.uartes.edu.ec\\\/sitio\\\/fr\\\/?s={search_term_string}\"},\"query-input\":{\"@type\":\"PropertyValueSpecification\",\"valueRequired\":true,\"valueName\":\"search_term_string\"}}],\"inLanguage\":\"fr-FR\"},{\"@type\":\"Organization\",\"@id\":\"https:\\\/\\\/www.uartes.edu.ec\\\/sitio\\\/fr\\\/#organization\",\"name\":\"Universidad de las Artes\",\"url\":\"https:\\\/\\\/www.uartes.edu.ec\\\/sitio\\\/fr\\\/\",\"logo\":{\"@type\":\"ImageObject\",\"inLanguage\":\"fr-FR\",\"@id\":\"https:\\\/\\\/www.uartes.edu.ec\\\/sitio\\\/fr\\\/#\\\/schema\\\/logo\\\/image\\\/\",\"url\":\"https:\\\/\\\/www.uartes.edu.ec\\\/sitio\\\/wp-content\\\/uploads\\\/2022\\\/07\\\/logo-ua-horizontal.png\",\"contentUrl\":\"https:\\\/\\\/www.uartes.edu.ec\\\/sitio\\\/wp-content\\\/uploads\\\/2022\\\/07\\\/logo-ua-horizontal.png\",\"width\":800,\"height\":276,\"caption\":\"Universidad de las Artes\"},\"image\":{\"@id\":\"https:\\\/\\\/www.uartes.edu.ec\\\/sitio\\\/fr\\\/#\\\/schema\\\/logo\\\/image\\\/\"},\"sameAs\":[\"https:\\\/\\\/www.facebook.com\\\/uartesec\",\"https:\\\/\\\/x.com\\\/uartesec\",\"https:\\\/\\\/www.tiktok.com\\\/@uartesec\"]},{\"@type\":\"Person\",\"@id\":\"https:\\\/\\\/www.uartes.edu.ec\\\/sitio\\\/fr\\\/#\\\/schema\\\/person\\\/efa1b8275797664fd7f13a79ccc0b1f4\",\"name\":\"ccortez\",\"image\":{\"@type\":\"ImageObject\",\"inLanguage\":\"fr-FR\",\"@id\":\"https:\\\/\\\/secure.gravatar.com\\\/avatar\\\/b2a6f664a3ae8e074346ef91775736c5ec479e637ecced6842de9dc98b5da9cd?s=96&d=mm&r=g\",\"url\":\"https:\\\/\\\/secure.gravatar.com\\\/avatar\\\/b2a6f664a3ae8e074346ef91775736c5ec479e637ecced6842de9dc98b5da9cd?s=96&d=mm&r=g\",\"contentUrl\":\"https:\\\/\\\/secure.gravatar.com\\\/avatar\\\/b2a6f664a3ae8e074346ef91775736c5ec479e637ecced6842de9dc98b5da9cd?s=96&d=mm&r=g\",\"caption\":\"ccortez\"},\"url\":\"https:\\\/\\\/www.uartes.edu.ec\\\/sitio\\\/fr\\\/blog\\\/author\\\/ccortez\\\/\"}]}<\/script>\n<!-- \/ Yoast SEO plugin. -->","yoast_head_json":{"title":"Universidad de las Artes - \u201cDon Goyo\u201d se preestren\u00f3 en la UArtes, donde surgi\u00f3 como un proyecto de investigaci\u00f3n; el 27 llegar\u00e1 a los cines","description":"Universidad de las Artes - \u201cDon Goyo\u201d se preestren\u00f3 en la UArtes, donde surgi\u00f3 como un proyecto de investigaci\u00f3n; el 27 llegar\u00e1 a los cines","robots":{"index":"index","follow":"follow","max-snippet":"max-snippet:-1","max-image-preview":"max-image-preview:large","max-video-preview":"max-video-preview:-1"},"canonical":"https:\/\/www.uartes.edu.ec\/sitio\/fr\/blog\/2024\/06\/03\/don-goyo-se-preestreno-en-la-uartes-donde-surgio-como-proyecto-de-investigacion-desde-el-27-de-junio-en-los-cines-del-pais\/","og_locale":"fr_FR","og_type":"article","og_title":"Universidad de las Artes - \u201cDon Goyo\u201d se preestren\u00f3 en la UArtes, donde surgi\u00f3 como un proyecto de investigaci\u00f3n; el 27 llegar\u00e1 a los cines","og_description":"Universidad de las Artes - \u201cDon Goyo\u201d se preestren\u00f3 en la UArtes, donde surgi\u00f3 como un proyecto de investigaci\u00f3n; el 27 llegar\u00e1 a los cines","og_url":"https:\/\/www.uartes.edu.ec\/sitio\/fr\/blog\/2024\/06\/03\/don-goyo-se-preestreno-en-la-uartes-donde-surgio-como-proyecto-de-investigacion-desde-el-27-de-junio-en-los-cines-del-pais\/","og_site_name":"Universidad de las Artes","article_publisher":"https:\/\/www.facebook.com\/uartesec","article_published_time":"2024-06-03T22:11:00+00:00","article_modified_time":"2024-07-04T16:18:52+00:00","og_image":[{"width":2000,"height":1333,"url":"https:\/\/www.uartes.edu.ec\/sitio\/wp-content\/uploads\/2024\/06\/07-PORTADA-DON-GOYO.jpg","type":"image\/jpeg"}],"author":"ccortez","twitter_card":"summary_large_image","twitter_creator":"@uartesec","twitter_site":"@uartesec","twitter_misc":{"\u00c9crit par":"ccortez","Dur\u00e9e de lecture estim\u00e9e":"4 minutes"},"schema":{"@context":"https:\/\/schema.org","@graph":[{"@type":"Article","@id":"https:\/\/www.uartes.edu.ec\/sitio\/fr\/blog\/2024\/06\/03\/don-goyo-se-preestreno-en-la-uartes-donde-surgio-como-proyecto-de-investigacion-desde-el-27-de-junio-en-los-cines-del-pais\/#article","isPartOf":{"@id":"https:\/\/www.uartes.edu.ec\/sitio\/fr\/blog\/2024\/06\/03\/don-goyo-se-preestreno-en-la-uartes-donde-surgio-como-proyecto-de-investigacion-desde-el-27-de-junio-en-los-cines-del-pais\/"},"author":{"name":"ccortez","@id":"https:\/\/www.uartes.edu.ec\/sitio\/fr\/#\/schema\/person\/efa1b8275797664fd7f13a79ccc0b1f4"},"headline":"\u201cDon Goyo\u201d se preestren\u00f3 en la UArtes, donde surgi\u00f3 como un proyecto de investigaci\u00f3n; el 27 llegar\u00e1 a los cines","datePublished":"2024-06-03T22:11:00+00:00","dateModified":"2024-07-04T16:18:52+00:00","mainEntityOfPage":{"@id":"https:\/\/www.uartes.edu.ec\/sitio\/fr\/blog\/2024\/06\/03\/don-goyo-se-preestreno-en-la-uartes-donde-surgio-como-proyecto-de-investigacion-desde-el-27-de-junio-en-los-cines-del-pais\/"},"wordCount":756,"commentCount":0,"publisher":{"@id":"https:\/\/www.uartes.edu.ec\/sitio\/fr\/#organization"},"image":{"@id":"https:\/\/www.uartes.edu.ec\/sitio\/fr\/blog\/2024\/06\/03\/don-goyo-se-preestreno-en-la-uartes-donde-surgio-como-proyecto-de-investigacion-desde-el-27-de-junio-en-los-cines-del-pais\/#primaryimage"},"thumbnailUrl":"https:\/\/www.uartes.edu.ec\/sitio\/wp-content\/uploads\/2024\/06\/07-PORTADA-DON-GOYO.jpg","keywords":["producci\u00f3n"],"articleSection":["Cine","Docentes","Estudiantes","Sedes"],"inLanguage":"fr-FR","potentialAction":[{"@type":"CommentAction","name":"Comment","target":["https:\/\/www.uartes.edu.ec\/sitio\/fr\/blog\/2024\/06\/03\/don-goyo-se-preestreno-en-la-uartes-donde-surgio-como-proyecto-de-investigacion-desde-el-27-de-junio-en-los-cines-del-pais\/#respond"]}]},{"@type":["WebPage","ItemPage"],"@id":"https:\/\/www.uartes.edu.ec\/sitio\/fr\/blog\/2024\/06\/03\/don-goyo-se-preestreno-en-la-uartes-donde-surgio-como-proyecto-de-investigacion-desde-el-27-de-junio-en-los-cines-del-pais\/","url":"https:\/\/www.uartes.edu.ec\/sitio\/fr\/blog\/2024\/06\/03\/don-goyo-se-preestreno-en-la-uartes-donde-surgio-como-proyecto-de-investigacion-desde-el-27-de-junio-en-los-cines-del-pais\/","name":"Universidad de las Artes - \u201cDon Goyo\u201d se preestren\u00f3 en la UArtes, donde surgi\u00f3 como un proyecto de investigaci\u00f3n; el 27 llegar\u00e1 a los cines","isPartOf":{"@id":"https:\/\/www.uartes.edu.ec\/sitio\/fr\/#website"},"primaryImageOfPage":{"@id":"https:\/\/www.uartes.edu.ec\/sitio\/fr\/blog\/2024\/06\/03\/don-goyo-se-preestreno-en-la-uartes-donde-surgio-como-proyecto-de-investigacion-desde-el-27-de-junio-en-los-cines-del-pais\/#primaryimage"},"image":{"@id":"https:\/\/www.uartes.edu.ec\/sitio\/fr\/blog\/2024\/06\/03\/don-goyo-se-preestreno-en-la-uartes-donde-surgio-como-proyecto-de-investigacion-desde-el-27-de-junio-en-los-cines-del-pais\/#primaryimage"},"thumbnailUrl":"https:\/\/www.uartes.edu.ec\/sitio\/wp-content\/uploads\/2024\/06\/07-PORTADA-DON-GOYO.jpg","datePublished":"2024-06-03T22:11:00+00:00","dateModified":"2024-07-04T16:18:52+00:00","description":"Universidad de las Artes - \u201cDon Goyo\u201d se preestren\u00f3 en la UArtes, donde surgi\u00f3 como un proyecto de investigaci\u00f3n; el 27 llegar\u00e1 a los cines","breadcrumb":{"@id":"https:\/\/www.uartes.edu.ec\/sitio\/fr\/blog\/2024\/06\/03\/don-goyo-se-preestreno-en-la-uartes-donde-surgio-como-proyecto-de-investigacion-desde-el-27-de-junio-en-los-cines-del-pais\/#breadcrumb"},"inLanguage":"fr-FR","potentialAction":[{"@type":"ReadAction","target":["https:\/\/www.uartes.edu.ec\/sitio\/fr\/blog\/2024\/06\/03\/don-goyo-se-preestreno-en-la-uartes-donde-surgio-como-proyecto-de-investigacion-desde-el-27-de-junio-en-los-cines-del-pais\/"]}]},{"@type":"ImageObject","inLanguage":"fr-FR","@id":"https:\/\/www.uartes.edu.ec\/sitio\/fr\/blog\/2024\/06\/03\/don-goyo-se-preestreno-en-la-uartes-donde-surgio-como-proyecto-de-investigacion-desde-el-27-de-junio-en-los-cines-del-pais\/#primaryimage","url":"https:\/\/www.uartes.edu.ec\/sitio\/wp-content\/uploads\/2024\/06\/07-PORTADA-DON-GOYO.jpg","contentUrl":"https:\/\/www.uartes.edu.ec\/sitio\/wp-content\/uploads\/2024\/06\/07-PORTADA-DON-GOYO.jpg","width":2000,"height":1333},{"@type":"BreadcrumbList","@id":"https:\/\/www.uartes.edu.ec\/sitio\/fr\/blog\/2024\/06\/03\/don-goyo-se-preestreno-en-la-uartes-donde-surgio-como-proyecto-de-investigacion-desde-el-27-de-junio-en-los-cines-del-pais\/#breadcrumb","itemListElement":[{"@type":"ListItem","position":1,"name":"Inicio","item":"https:\/\/www.uartes.edu.ec\/sitio\/"},{"@type":"ListItem","position":2,"name":"\u201cDon Goyo\u201d se preestren\u00f3 en la UArtes, donde surgi\u00f3 como un proyecto de investigaci\u00f3n; el 27 llegar\u00e1 a los cines"}]},{"@type":"WebSite","@id":"https:\/\/www.uartes.edu.ec\/sitio\/fr\/#website","url":"https:\/\/www.uartes.edu.ec\/sitio\/fr\/","name":"Universidad de las Artes","description":"Sitio oficial de la Universidad Nacional de las Artes del Ecuador","publisher":{"@id":"https:\/\/www.uartes.edu.ec\/sitio\/fr\/#organization"},"potentialAction":[{"@type":"SearchAction","target":{"@type":"EntryPoint","urlTemplate":"https:\/\/www.uartes.edu.ec\/sitio\/fr\/?s={search_term_string}"},"query-input":{"@type":"PropertyValueSpecification","valueRequired":true,"valueName":"search_term_string"}}],"inLanguage":"fr-FR"},{"@type":"Organization","@id":"https:\/\/www.uartes.edu.ec\/sitio\/fr\/#organization","name":"Universidad de las Artes","url":"https:\/\/www.uartes.edu.ec\/sitio\/fr\/","logo":{"@type":"ImageObject","inLanguage":"fr-FR","@id":"https:\/\/www.uartes.edu.ec\/sitio\/fr\/#\/schema\/logo\/image\/","url":"https:\/\/www.uartes.edu.ec\/sitio\/wp-content\/uploads\/2022\/07\/logo-ua-horizontal.png","contentUrl":"https:\/\/www.uartes.edu.ec\/sitio\/wp-content\/uploads\/2022\/07\/logo-ua-horizontal.png","width":800,"height":276,"caption":"Universidad de las Artes"},"image":{"@id":"https:\/\/www.uartes.edu.ec\/sitio\/fr\/#\/schema\/logo\/image\/"},"sameAs":["https:\/\/www.facebook.com\/uartesec","https:\/\/x.com\/uartesec","https:\/\/www.tiktok.com\/@uartesec"]},{"@type":"Person","@id":"https:\/\/www.uartes.edu.ec\/sitio\/fr\/#\/schema\/person\/efa1b8275797664fd7f13a79ccc0b1f4","name":"ccortez","image":{"@type":"ImageObject","inLanguage":"fr-FR","@id":"https:\/\/secure.gravatar.com\/avatar\/b2a6f664a3ae8e074346ef91775736c5ec479e637ecced6842de9dc98b5da9cd?s=96&d=mm&r=g","url":"https:\/\/secure.gravatar.com\/avatar\/b2a6f664a3ae8e074346ef91775736c5ec479e637ecced6842de9dc98b5da9cd?s=96&d=mm&r=g","contentUrl":"https:\/\/secure.gravatar.com\/avatar\/b2a6f664a3ae8e074346ef91775736c5ec479e637ecced6842de9dc98b5da9cd?s=96&d=mm&r=g","caption":"ccortez"},"url":"https:\/\/www.uartes.edu.ec\/sitio\/fr\/blog\/author\/ccortez\/"}]}},"uagb_featured_image_src":{"full":["https:\/\/www.uartes.edu.ec\/sitio\/wp-content\/uploads\/2024\/06\/07-PORTADA-DON-GOYO.jpg",2000,1333,false],"thumbnail":["https:\/\/www.uartes.edu.ec\/sitio\/wp-content\/uploads\/2024\/06\/07-PORTADA-DON-GOYO-150x150.jpg",150,150,true],"medium":["https:\/\/www.uartes.edu.ec\/sitio\/wp-content\/uploads\/2024\/06\/07-PORTADA-DON-GOYO-300x200.jpg",300,200,true],"medium_large":["https:\/\/www.uartes.edu.ec\/sitio\/wp-content\/uploads\/2024\/06\/07-PORTADA-DON-GOYO-768x512.jpg",768,512,true],"large":["https:\/\/www.uartes.edu.ec\/sitio\/wp-content\/uploads\/2024\/06\/07-PORTADA-DON-GOYO-644x429.jpg",644,429,true],"1536x1536":["https:\/\/www.uartes.edu.ec\/sitio\/wp-content\/uploads\/2024\/06\/07-PORTADA-DON-GOYO-1536x1024.jpg",1536,1024,true],"2048x2048":["https:\/\/www.uartes.edu.ec\/sitio\/wp-content\/uploads\/2024\/06\/07-PORTADA-DON-GOYO.jpg",2000,1333,false],"trp-custom-language-flag":["https:\/\/www.uartes.edu.ec\/sitio\/wp-content\/uploads\/2024\/06\/07-PORTADA-DON-GOYO-18x12.jpg",18,12,true],"htmega_size_585x295":["https:\/\/www.uartes.edu.ec\/sitio\/wp-content\/uploads\/2024\/06\/07-PORTADA-DON-GOYO-585x295.jpg",585,295,true],"htmega_size_1170x536":["https:\/\/www.uartes.edu.ec\/sitio\/wp-content\/uploads\/2024\/06\/07-PORTADA-DON-GOYO-1170x536.jpg",1170,536,true],"htmega_size_396x360":["https:\/\/www.uartes.edu.ec\/sitio\/wp-content\/uploads\/2024\/06\/07-PORTADA-DON-GOYO-396x360.jpg",396,360,true],"gb-block-post-grid-landscape":["https:\/\/www.uartes.edu.ec\/sitio\/wp-content\/uploads\/2024\/06\/07-PORTADA-DON-GOYO-600x400.jpg",600,400,true],"gb-block-post-grid-square":["https:\/\/www.uartes.edu.ec\/sitio\/wp-content\/uploads\/2024\/06\/07-PORTADA-DON-GOYO-600x600.jpg",600,600,true],"university-hub-thumb":["https:\/\/www.uartes.edu.ec\/sitio\/wp-content\/uploads\/2024\/06\/07-PORTADA-DON-GOYO-400x267.jpg",400,267,true]},"uagb_author_info":{"display_name":"ccortez","author_link":"https:\/\/www.uartes.edu.ec\/sitio\/fr\/blog\/author\/ccortez\/"},"uagb_comment_info":0,"uagb_excerpt":"El preestreno en Guayaquil de \u201cDon Goyo\u201d, producida por Gatazo Film y dirigida por Jorge Flores, docente de nuestra Escuela de Cine, tuvo lugar en el MZ14 Centro de Producci\u00f3n e Innovaci\u00f3n UArtes el 30 de mayo. En Quito se preestrenar\u00e1 el 20 de junio y a partir del 27 se exhibir\u00e1 en ocho ciudades\u2026","featured_image_src":"https:\/\/www.uartes.edu.ec\/sitio\/wp-content\/uploads\/2024\/06\/07-PORTADA-DON-GOYO-600x400.jpg","featured_image_src_square":"https:\/\/www.uartes.edu.ec\/sitio\/wp-content\/uploads\/2024\/06\/07-PORTADA-DON-GOYO-600x600.jpg","author_info":{"display_name":"ccortez","author_link":"https:\/\/www.uartes.edu.ec\/sitio\/fr\/blog\/author\/ccortez\/"},"publishpress_future_workflow_manual_trigger":{"enabledWorkflows":[]},"distributor_meta":false,"distributor_terms":false,"distributor_media":false,"distributor_original_site_name":"Universidad de las Artes","distributor_original_site_url":"https:\/\/www.uartes.edu.ec\/sitio\/fr","push-errors":false,"_links":{"self":[{"href":"https:\/\/www.uartes.edu.ec\/sitio\/fr\/wp-json\/wp\/v2\/posts\/55035","targetHints":{"allow":["GET"]}}],"collection":[{"href":"https:\/\/www.uartes.edu.ec\/sitio\/fr\/wp-json\/wp\/v2\/posts"}],"about":[{"href":"https:\/\/www.uartes.edu.ec\/sitio\/fr\/wp-json\/wp\/v2\/types\/post"}],"author":[{"embeddable":true,"href":"https:\/\/www.uartes.edu.ec\/sitio\/fr\/wp-json\/wp\/v2\/users\/10"}],"replies":[{"embeddable":true,"href":"https:\/\/www.uartes.edu.ec\/sitio\/fr\/wp-json\/wp\/v2\/comments?post=55035"}],"version-history":[{"count":9,"href":"https:\/\/www.uartes.edu.ec\/sitio\/fr\/wp-json\/wp\/v2\/posts\/55035\/revisions"}],"predecessor-version":[{"id":55056,"href":"https:\/\/www.uartes.edu.ec\/sitio\/fr\/wp-json\/wp\/v2\/posts\/55035\/revisions\/55056"}],"wp:featuredmedia":[{"embeddable":true,"href":"https:\/\/www.uartes.edu.ec\/sitio\/fr\/wp-json\/wp\/v2\/media\/55274"}],"wp:attachment":[{"href":"https:\/\/www.uartes.edu.ec\/sitio\/fr\/wp-json\/wp\/v2\/media?parent=55035"}],"wp:term":[{"taxonomy":"category","embeddable":true,"href":"https:\/\/www.uartes.edu.ec\/sitio\/fr\/wp-json\/wp\/v2\/categories?post=55035"},{"taxonomy":"post_tag","embeddable":true,"href":"https:\/\/www.uartes.edu.ec\/sitio\/fr\/wp-json\/wp\/v2\/tags?post=55035"},{"taxonomy":"infouartes","embeddable":true,"href":"https:\/\/www.uartes.edu.ec\/sitio\/fr\/wp-json\/wp\/v2\/infouartes?post=55035"}],"curies":[{"name":"wp","href":"https:\/\/api.w.org\/{rel}","templated":true}]}}