{"id":55389,"date":"2024-06-11T10:08:00","date_gmt":"2024-06-11T15:08:00","guid":{"rendered":"https:\/\/www.uartes.edu.ec\/sitio\/?p=55389"},"modified":"2024-07-04T11:18:49","modified_gmt":"2024-07-04T16:18:49","slug":"en-la-uartes-se-desarrolla-la-agenda-academica-casa-afuera-para-conmemorar-el-decenio-afrodescendiente","status":"publish","type":"post","link":"https:\/\/www.uartes.edu.ec\/sitio\/fr\/blog\/2024\/06\/11\/en-la-uartes-se-desarrolla-la-agenda-academica-casa-afuera-para-conmemorar-el-decenio-afrodescendiente\/","title":{"rendered":"Agenda acad\u00e9mica \u201cCasa Afuera\u201d para conmemorar el Decenio Afrodescendiente"},"content":{"rendered":"<p>En conmemoraci\u00f3n al Decenio Internacional para los Afrodescendientes (2015-2024), declarado por la Unesco, la Universidad de las Artes dio inicio el s\u00e1bado 8 de junio, en la Biblioteca Karibu (ubicada en Cisne 2 entre la 17 y la L), al primero de seis talleres que componen la agenda acad\u00e9mica \u201cCasa Afuera\u201d, la cual hasta el 27 de este mes propone abordar la ense\u00f1anza, exploraci\u00f3n y concientizaci\u00f3n en torno a diversos fen\u00f3menos y aspectos que se desprenden de los derechos humanos y la afrodescendencia.<\/p>\n\n\n\n<p>El taller en menci\u00f3n se titula \u201cLas manos que construyeron Guayaquil:&nbsp; Silencios, ausencias y transformaciones de la resistencia negra\u201d y lo imparte G\u00e9nesis Delgado, quien este lunes 10 tuvo la segunda de un total de seis sesiones \u2013se extender\u00e1 hasta viernes 14\u2013, en las que \u201cprocura mostrar a la comunidad universitaria una&nbsp;cara no reconocida&nbsp;en el Guayaquil actual desde la materialidad arqueol\u00f3gica de la explotaci\u00f3n transformada en&nbsp;espacios de resistencia de la di\u00e1spora negra\u00bb.<\/p>\n\n\n\n<p>Durante su desarrollo, el taller concluye jornada con \u201cEleggu\u00e1: caminata reapropiativa en la hacienda guayaquile\u00f1a el taller\u201d, una invitaci\u00f3n a recorrer los caminos que son puentes de historias silenciadas, testigos mudos de la esclavizaci\u00f3n y de un vaiv\u00e9n de resistencias que parecen difusas. Estos senderos y r\u00edos serpenteantes, guardianes de secretos, revelan la vida que florec\u00eda entre grietas del olvido. La arqueolog\u00eda negra y sus caminos no solo dibuja rutas, sino que traza un puente entre tiempos. Con Eleggu\u00e1, due\u00f1o de todos los caminos como gu\u00eda, esta traves\u00eda se convierte en un acto po(e)l\u00edtico de memoria\u201d.<\/p>\n\n\n<div class=\"wp-block-image\">\n<figure class=\"aligncenter size-large\"><img fetchpriority=\"high\" decoding=\"async\" width=\"644\" height=\"429\" src=\"https:\/\/www.uartes.edu.ec\/sitio\/wp-content\/uploads\/2024\/06\/04-GENESIS-DELGADO-TALLERISTA-DESCENIO-AFRO-644x429.jpg\" alt=\"\" class=\"wp-image-55391\" srcset=\"https:\/\/www.uartes.edu.ec\/sitio\/wp-content\/uploads\/2024\/06\/04-GENESIS-DELGADO-TALLERISTA-DESCENIO-AFRO-644x429.jpg 644w, https:\/\/www.uartes.edu.ec\/sitio\/wp-content\/uploads\/2024\/06\/04-GENESIS-DELGADO-TALLERISTA-DESCENIO-AFRO-768x511.jpg 768w, https:\/\/www.uartes.edu.ec\/sitio\/wp-content\/uploads\/2024\/06\/04-GENESIS-DELGADO-TALLERISTA-DESCENIO-AFRO.jpg 2000w, https:\/\/www.uartes.edu.ec\/sitio\/wp-content\/uploads\/2024\/06\/04-GENESIS-DELGADO-TALLERISTA-DESCENIO-AFRO-18x12.jpg 18w, https:\/\/www.uartes.edu.ec\/sitio\/wp-content\/uploads\/2024\/06\/04-GENESIS-DELGADO-TALLERISTA-DESCENIO-AFRO-600x399.jpg 600w, https:\/\/www.uartes.edu.ec\/sitio\/wp-content\/uploads\/2024\/06\/04-GENESIS-DELGADO-TALLERISTA-DESCENIO-AFRO-272x182.jpg 272w\" sizes=\"(max-width: 644px) 100vw, 644px\" \/><\/figure>\n<\/div>\n\n\n<p>Tambi\u00e9n este lunes 10 de junio se desarroll\u00f3 la primera cita del taller&nbsp;\u201cDerechos humanos y afrodescendencia\u201d. Programado en el Museo Nah\u00edm Isa\u00edas hasta el viernes 14, su propuesta es la introducir al p\u00fablico en general en un espacio colectivo de reflexi\u00f3n sobre este fen\u00f3meno.<\/p>\n\n\n\n<p>Asimismo, del 10 al 14 de junio, en distintos horarios y teniendo como punto de encuentro el Museo Nah\u00edm Isa\u00edas se desarrolla el taller \u201cG\u00e9nero, antipatriarcalidad y feminismo(s) negros, a cargo de G\u00e9nesis Anangon\u00f3. La propuesta es que, a trav\u00e9s de distintos abordajes te\u00f3ricos vinculados con la interseccionalidad y el Sur global, se planteen posibilidades anal\u00edticas que incentiven a las y los participantes a pensar su entorno y sus relaciones sociales desde una perspectiva de g\u00e9nero antipatriarcal y con criticidad frente a la desigualdad basada en la raza.<\/p>\n\n\n\n<p>Y, en la sala de reuniones del Vicerrectorado Acad\u00e9mico de la UArtes (pabell\u00f3n Araceli Gilbert, ubicado en la Gobernaci\u00f3n, nuestra sede matriz), se inici\u00f3 tambi\u00e9n este lunes 10, con duraci\u00f3n hasta el jueves 13, el taller \u201cInterculturalidad cr\u00edtica y educaci\u00f3n antirracista\u201d. Su facilitadora, Alexandra Le\u00f3n, propone fortalecer las l\u00edneas de investigaci\u00f3n, particularmente en educaci\u00f3n antirracista y de pertenencia, sobre afro-epistemolog\u00edas que permitan profundizar en las siguientes l\u00edneas de trabajo: 1. Racismo epist\u00e9mico; 2. Raza, clase y g\u00e9nero; 3. Territorio y cultura: transformaciones, usos y apropiaciones del espacio; y 4. Desaf\u00edo para el profesorado: inclusi\u00f3n educativa en la diversidad desde la perspectiva afrodescendiente.\u00a0<\/p>\n\n\n\t\t\t\t\t<div\n\t\t\t\t\t\tclass=\"wp-block-uagb-image-gallery uagb-block-b3a854f8\"\n\t\t\t\t\t\tstyle=\"\"\n\t\t\t\t\t>\n\t\t\t\t\t\t\t\t\t\t\t<div class=\"spectra-image-gallery spectra-image-gallery__layout--grid spectra-image-gallery__layout--grid-col-2 spectra-image-gallery__layout--grid-col-tab-2 spectra-image-gallery__layout--grid-col-mob-2\">\n\t\t\t\t\t\t\t\t\t\t\t<div class='spectra-image-gallery__media-wrapper' data-spectra-gallery-image-id='55393' tabindex=\"0\">\n\t\t\t\t\t\t\t<div class=\"spectra-image-gallery__media spectra-image-gallery__media--grid\">\n\t\t\t\t<picture>\n\t\t\t\t\t<source media=\"(min-width: 1024px)\" srcset=\"https:\/\/www.uartes.edu.ec\/sitio\/wp-content\/uploads\/2024\/06\/01-GENESIS-DELGADO-TALLERISTA-DESCENIO-AFRO-644x429.jpg\">\n\t\t\t\t\t<source media=\"(min-width: 768px)\" srcset=\"https:\/\/www.uartes.edu.ec\/sitio\/wp-content\/uploads\/2024\/06\/01-GENESIS-DELGADO-TALLERISTA-DESCENIO-AFRO-644x429.jpg\">\n\t\t\t\t\t<img decoding=\"async\" class=\"spectra-image-gallery__media-thumbnail spectra-image-gallery__media-thumbnail--grid\" src=\"https:\/\/www.uartes.edu.ec\/sitio\/wp-content\/uploads\/2024\/06\/01-GENESIS-DELGADO-TALLERISTA-DESCENIO-AFRO-300x200.jpg\" alt=\"\" loading=\"lazy\" \/>\n\t\t\t\t<\/picture>\n\t\t\t\t<div class=\"spectra-image-gallery__media-thumbnail-blurrer\"><\/div>\n\t\t\t\t\t\t\t\t\t\t\t<div class=\"spectra-image-gallery__media-thumbnail-caption-wrapper spectra-image-gallery__media-thumbnail-caption-wrapper--overlay\">\n\t\t\t\t\t\t\t\t\t\t\t<div class=\"spectra-image-gallery__media-thumbnail-caption spectra-image-gallery__media-thumbnail-caption--overlay\">\n\t\t\t\t\tAucune l\u00e9gende\t\t\t\t<\/div>\n\t\t\t\t\t\t\t\t\t\t<\/div>\n\t\t\t\t\t\t\t\t\t<\/div>\n\t\t\t\t\t\t<\/div>\n\t\t\t\t\t\t<div class='spectra-image-gallery__media-wrapper' data-spectra-gallery-image-id='55392' tabindex=\"0\">\n\t\t\t\t\t\t\t<div class=\"spectra-image-gallery__media spectra-image-gallery__media--grid\">\n\t\t\t\t<picture>\n\t\t\t\t\t<source media=\"(min-width: 1024px)\" srcset=\"https:\/\/www.uartes.edu.ec\/sitio\/wp-content\/uploads\/2024\/06\/02-GENESIS-DELGADO-TALLERISTA-DESCENIO-AFRO-644x429.jpg\">\n\t\t\t\t\t<source media=\"(min-width: 768px)\" srcset=\"https:\/\/www.uartes.edu.ec\/sitio\/wp-content\/uploads\/2024\/06\/02-GENESIS-DELGADO-TALLERISTA-DESCENIO-AFRO-644x429.jpg\">\n\t\t\t\t\t<img decoding=\"async\" class=\"spectra-image-gallery__media-thumbnail spectra-image-gallery__media-thumbnail--grid\" src=\"https:\/\/www.uartes.edu.ec\/sitio\/wp-content\/uploads\/2024\/06\/02-GENESIS-DELGADO-TALLERISTA-DESCENIO-AFRO-300x200.jpg\" alt=\"\" loading=\"lazy\" \/>\n\t\t\t\t<\/picture>\n\t\t\t\t<div class=\"spectra-image-gallery__media-thumbnail-blurrer\"><\/div>\n\t\t\t\t\t\t\t\t\t\t\t<div class=\"spectra-image-gallery__media-thumbnail-caption-wrapper spectra-image-gallery__media-thumbnail-caption-wrapper--overlay\">\n\t\t\t\t\t\t\t\t\t\t\t<div class=\"spectra-image-gallery__media-thumbnail-caption spectra-image-gallery__media-thumbnail-caption--overlay\">\n\t\t\t\t\tAucune l\u00e9gende\t\t\t\t<\/div>\n\t\t\t\t\t\t\t\t\t\t<\/div>\n\t\t\t\t\t\t\t\t\t<\/div>\n\t\t\t\t\t\t<\/div>\n\t\t\t\t\t\t\t\t\t\t<\/div>\n\t\t\t\t\t\t\t\t\t\t\t\t\t\t\t\t\t\t<\/div>\n\t\t\t\t\t\t\t\t\t\n\n\n<p><\/p>\n\n\n\n<p>Del 17 al 21 en la sala de reuniones del Vicerrectorado Acad\u00e9mico UArtes y el 22 de junio en la Biblioteca Karibu (Cisne 2 entre la 17 y la L), Ibsen Hern\u00e1ndez y Yuliana Ortiz dictar\u00e1n el taller \u201cHistorizando la di\u00e1spora negra en Guayaquil\u201d, el cual propone trabajar la historia social y oral de la migraci\u00f3n afroecuatoriana hacia Guayaquil a trav\u00e9s de productos culturales y textos sobre la movilidad en la ciudad\u201d.\u00a0<\/p>\n\n\n\n<p>Con fecha del 24 al 27 de junio, en la Sala de Usos M\u00faltiples (pabell\u00f3n Araceli Gilbert, ubicado en la Gobernaci\u00f3n, nuestra sede matriz), y los d\u00edas 28 y 29, en la Biblioteca Karibu (Cisne 2 entre la 17 y la L), tendr\u00e1 lugar el taller \u201cEncuentros vicheros, pr\u00e1cticas de resistencia de mujeres negras\u201d, a cargo de Mayra Mina. Sobre la propuesta, los organizadores de \u201cCasa Afuera\u201d detallan: \u00abLa po\u00e9tica del viche: oralidad, escritura, memoria y territorio son espacios de exploraci\u00f3n y creaci\u00f3n colectiva desde los cuales se gestan procesos comunitarios de cimarronaje para la escritura, la investigaci\u00f3n popular y la documentaci\u00f3n situada, que nos permita entablar di\u00e1logos intergeneracionales como mecanismos para imaginar otros mundos posibles\u201d.<\/p>\n\n\n\n<p>La agenda acad\u00e9mica \u201cCasa Afuera\u201d es parte de un compromiso institucional para abordar las disparidades hist\u00f3ricas y promover la interculturalidad desde una propuesta acad\u00e9mica que dialoga con la comunidad. Desde la UArtes se reconoce que la herencia afrodescendiente vive en los barrios de Guayaquil, Quito, Machala y Esmeraldas, pero permanece en el anonimato para gran parte de la sociedad ecuatoriana, por ello es hora de reconocer y celebrar los aportes epist\u00e9micos de esta comunidad.<\/p>\n\n\n<div class=\"wp-block-image\">\n<figure class=\"aligncenter size-large\"><img decoding=\"async\" width=\"644\" height=\"429\" src=\"https:\/\/www.uartes.edu.ec\/sitio\/wp-content\/uploads\/2024\/06\/11-DESCENIO-AFRO-644x429.jpg\" alt=\"\" class=\"wp-image-55394\" srcset=\"https:\/\/www.uartes.edu.ec\/sitio\/wp-content\/uploads\/2024\/06\/11-DESCENIO-AFRO-644x429.jpg 644w, https:\/\/www.uartes.edu.ec\/sitio\/wp-content\/uploads\/2024\/06\/11-DESCENIO-AFRO-768x511.jpg 768w, https:\/\/www.uartes.edu.ec\/sitio\/wp-content\/uploads\/2024\/06\/11-DESCENIO-AFRO.jpg 2000w, https:\/\/www.uartes.edu.ec\/sitio\/wp-content\/uploads\/2024\/06\/11-DESCENIO-AFRO-18x12.jpg 18w, https:\/\/www.uartes.edu.ec\/sitio\/wp-content\/uploads\/2024\/06\/11-DESCENIO-AFRO-600x399.jpg 600w, https:\/\/www.uartes.edu.ec\/sitio\/wp-content\/uploads\/2024\/06\/11-DESCENIO-AFRO-272x182.jpg 272w\" sizes=\"(max-width: 644px) 100vw, 644px\" \/><\/figure>\n<\/div>\n\n\n<p>En el siglo XXI, las universidades desempe\u00f1an un papel crucial como centros de conocimiento y agentes de cambio social. Sin embargo, persisten desequilibrios e injusticias que obstaculizan el ascenso social de las minor\u00edas \u00e9tnicas. La universidad debe ser un modelo inclusivo que refleje y represente a toda la sociedad, no solo a una minor\u00eda privilegiada.<\/p>\n\n\n\n<p>A trav\u00e9s de una serie de talleres planteamos que la comunidad universitaria y la ciudadan\u00eda guayaquile\u00f1a, en general, escuche, dialogue y reconozca a \u00c1frica y sus saberes. Esta agenda, adem\u00e1s, es un mecanismo, no definitivo, para reparar la deuda hist\u00f3rica con los pueblos afrodescendientes, una tarea que est\u00e1 en construcci\u00f3n y que se desarrolla con miras a generar una sociedad m\u00e1s equitativa, con igualdad de oportunidades para todos y todas.<\/p>\n\n\n\n<p><\/p>","protected":false},"excerpt":{"rendered":"<p>En conmemoraci\u00f3n al Decenio Internacional para los Afrodescendientes, la Universidad de las Artes dio inicio el s\u00e1bado 8 de junio, en la Biblioteca Karibu (Cisne 2 entre la 17 y la L), al primero de seis talleres que componen la agenda acad\u00e9mica \u201cCasa Afuera\u201d, la cual hasta el 27 de este mes propone abordar la ense\u00f1anza, exploraci\u00f3n y concientizaci\u00f3n en torno a diversos fen\u00f3menos y aspectos que se desprenden de los derechos humanos y la afrodescendencia.<\/p>","protected":false},"author":10,"featured_media":55390,"comment_status":"open","ping_status":"open","sticky":false,"template":"","format":"standard","meta":{"_acf_changed":false,"_uag_custom_page_level_css":"","_monsterinsights_skip_tracking":false,"_monsterinsights_sitenote_active":false,"_monsterinsights_sitenote_note":"","_monsterinsights_sitenote_category":0,"cybocfi_hide_featured_image":"","footnotes":""},"categories":[80,490,159,150,157,147,75,76,77,175],"tags":[],"infouartes":[],"class_list":["post-55389","post","type-post","status-publish","format-standard","has-post-thumbnail","hentry","category-academico","category-alumni","category-artes-escenicas","category-artes-sonoras","category-artes-visuales","category-cine","category-docentes","category-estudiantes","category-gestion","category-literatura"],"acf":[],"yoast_head":"<!-- This site is optimized with the Yoast SEO plugin v27.4 - https:\/\/yoast.com\/product\/yoast-seo-wordpress\/ -->\n<title>Universidad de las Artes - Agenda acad\u00e9mica \u201cCasa Afuera\u201d para conmemorar el Decenio Afrodescendiente<\/title>\n<meta name=\"description\" content=\"Universidad de las Artes - Agenda acad\u00e9mica \u201cCasa Afuera\u201d para conmemorar el Decenio Afrodescendiente\" \/>\n<meta name=\"robots\" content=\"index, follow, max-snippet:-1, max-image-preview:large, max-video-preview:-1\" \/>\n<link rel=\"canonical\" href=\"https:\/\/www.uartes.edu.ec\/sitio\/fr\/blog\/2024\/06\/11\/en-la-uartes-se-desarrolla-la-agenda-academica-casa-afuera-para-conmemorar-el-decenio-afrodescendiente\/\" \/>\n<meta property=\"og:locale\" content=\"fr_FR\" \/>\n<meta property=\"og:type\" content=\"article\" \/>\n<meta property=\"og:title\" content=\"Universidad de las Artes - Agenda acad\u00e9mica \u201cCasa Afuera\u201d para conmemorar el Decenio Afrodescendiente\" \/>\n<meta property=\"og:description\" content=\"Universidad de las Artes - Agenda acad\u00e9mica \u201cCasa Afuera\u201d para conmemorar el Decenio Afrodescendiente\" \/>\n<meta property=\"og:url\" content=\"https:\/\/www.uartes.edu.ec\/sitio\/fr\/blog\/2024\/06\/11\/en-la-uartes-se-desarrolla-la-agenda-academica-casa-afuera-para-conmemorar-el-decenio-afrodescendiente\/\" \/>\n<meta property=\"og:site_name\" content=\"Universidad de las Artes\" \/>\n<meta property=\"article:publisher\" content=\"https:\/\/www.facebook.com\/uartesec\" \/>\n<meta property=\"article:published_time\" content=\"2024-06-11T15:08:00+00:00\" \/>\n<meta property=\"article:modified_time\" content=\"2024-07-04T16:18:49+00:00\" \/>\n<meta property=\"og:image\" content=\"https:\/\/www.uartes.edu.ec\/sitio\/wp-content\/uploads\/2024\/06\/05-GENESIS-DELGADO-TALLERISTA-DESCENIO-AFRO.jpg\" \/>\n\t<meta property=\"og:image:width\" content=\"2000\" \/>\n\t<meta property=\"og:image:height\" content=\"1333\" \/>\n\t<meta property=\"og:image:type\" content=\"image\/jpeg\" \/>\n<meta name=\"author\" content=\"ccortez\" \/>\n<meta name=\"twitter:card\" content=\"summary_large_image\" \/>\n<meta name=\"twitter:creator\" content=\"@uartesec\" \/>\n<meta name=\"twitter:site\" content=\"@uartesec\" \/>\n<meta name=\"twitter:label1\" content=\"\u00c9crit par\" \/>\n\t<meta name=\"twitter:data1\" content=\"ccortez\" \/>\n\t<meta name=\"twitter:label2\" content=\"Dur\u00e9e de lecture estim\u00e9e\" \/>\n\t<meta name=\"twitter:data2\" content=\"5 minutes\" \/>\n<script type=\"application\/ld+json\" class=\"yoast-schema-graph\">{\"@context\":\"https:\\\/\\\/schema.org\",\"@graph\":[{\"@type\":\"Article\",\"@id\":\"https:\\\/\\\/www.uartes.edu.ec\\\/sitio\\\/fr\\\/blog\\\/2024\\\/06\\\/11\\\/en-la-uartes-se-desarrolla-la-agenda-academica-casa-afuera-para-conmemorar-el-decenio-afrodescendiente\\\/#article\",\"isPartOf\":{\"@id\":\"https:\\\/\\\/www.uartes.edu.ec\\\/sitio\\\/fr\\\/blog\\\/2024\\\/06\\\/11\\\/en-la-uartes-se-desarrolla-la-agenda-academica-casa-afuera-para-conmemorar-el-decenio-afrodescendiente\\\/\"},\"author\":{\"name\":\"ccortez\",\"@id\":\"https:\\\/\\\/www.uartes.edu.ec\\\/sitio\\\/fr\\\/#\\\/schema\\\/person\\\/efa1b8275797664fd7f13a79ccc0b1f4\"},\"headline\":\"Agenda acad\u00e9mica \u201cCasa Afuera\u201d para conmemorar el Decenio Afrodescendiente\",\"datePublished\":\"2024-06-11T15:08:00+00:00\",\"dateModified\":\"2024-07-04T16:18:49+00:00\",\"mainEntityOfPage\":{\"@id\":\"https:\\\/\\\/www.uartes.edu.ec\\\/sitio\\\/fr\\\/blog\\\/2024\\\/06\\\/11\\\/en-la-uartes-se-desarrolla-la-agenda-academica-casa-afuera-para-conmemorar-el-decenio-afrodescendiente\\\/\"},\"wordCount\":952,\"commentCount\":0,\"publisher\":{\"@id\":\"https:\\\/\\\/www.uartes.edu.ec\\\/sitio\\\/fr\\\/#organization\"},\"image\":{\"@id\":\"https:\\\/\\\/www.uartes.edu.ec\\\/sitio\\\/fr\\\/blog\\\/2024\\\/06\\\/11\\\/en-la-uartes-se-desarrolla-la-agenda-academica-casa-afuera-para-conmemorar-el-decenio-afrodescendiente\\\/#primaryimage\"},\"thumbnailUrl\":\"https:\\\/\\\/www.uartes.edu.ec\\\/sitio\\\/wp-content\\\/uploads\\\/2024\\\/06\\\/05-GENESIS-DELGADO-TALLERISTA-DESCENIO-AFRO.jpg\",\"articleSection\":[\"Acad\u00e9mico\",\"Alumni\",\"Artes Esc\u00e9nicas\",\"Artes Sonoras\",\"Artes Visuales\",\"Cine\",\"Docentes\",\"Estudiantes\",\"Gesti\u00f3n\",\"Literatura\"],\"inLanguage\":\"fr-FR\",\"potentialAction\":[{\"@type\":\"CommentAction\",\"name\":\"Comment\",\"target\":[\"https:\\\/\\\/www.uartes.edu.ec\\\/sitio\\\/fr\\\/blog\\\/2024\\\/06\\\/11\\\/en-la-uartes-se-desarrolla-la-agenda-academica-casa-afuera-para-conmemorar-el-decenio-afrodescendiente\\\/#respond\"]}]},{\"@type\":[\"WebPage\",\"ItemPage\"],\"@id\":\"https:\\\/\\\/www.uartes.edu.ec\\\/sitio\\\/fr\\\/blog\\\/2024\\\/06\\\/11\\\/en-la-uartes-se-desarrolla-la-agenda-academica-casa-afuera-para-conmemorar-el-decenio-afrodescendiente\\\/\",\"url\":\"https:\\\/\\\/www.uartes.edu.ec\\\/sitio\\\/fr\\\/blog\\\/2024\\\/06\\\/11\\\/en-la-uartes-se-desarrolla-la-agenda-academica-casa-afuera-para-conmemorar-el-decenio-afrodescendiente\\\/\",\"name\":\"Universidad de las Artes - Agenda acad\u00e9mica \u201cCasa Afuera\u201d para conmemorar el Decenio Afrodescendiente\",\"isPartOf\":{\"@id\":\"https:\\\/\\\/www.uartes.edu.ec\\\/sitio\\\/fr\\\/#website\"},\"primaryImageOfPage\":{\"@id\":\"https:\\\/\\\/www.uartes.edu.ec\\\/sitio\\\/fr\\\/blog\\\/2024\\\/06\\\/11\\\/en-la-uartes-se-desarrolla-la-agenda-academica-casa-afuera-para-conmemorar-el-decenio-afrodescendiente\\\/#primaryimage\"},\"image\":{\"@id\":\"https:\\\/\\\/www.uartes.edu.ec\\\/sitio\\\/fr\\\/blog\\\/2024\\\/06\\\/11\\\/en-la-uartes-se-desarrolla-la-agenda-academica-casa-afuera-para-conmemorar-el-decenio-afrodescendiente\\\/#primaryimage\"},\"thumbnailUrl\":\"https:\\\/\\\/www.uartes.edu.ec\\\/sitio\\\/wp-content\\\/uploads\\\/2024\\\/06\\\/05-GENESIS-DELGADO-TALLERISTA-DESCENIO-AFRO.jpg\",\"datePublished\":\"2024-06-11T15:08:00+00:00\",\"dateModified\":\"2024-07-04T16:18:49+00:00\",\"description\":\"Universidad de las Artes - Agenda acad\u00e9mica \u201cCasa Afuera\u201d para conmemorar el Decenio Afrodescendiente\",\"breadcrumb\":{\"@id\":\"https:\\\/\\\/www.uartes.edu.ec\\\/sitio\\\/fr\\\/blog\\\/2024\\\/06\\\/11\\\/en-la-uartes-se-desarrolla-la-agenda-academica-casa-afuera-para-conmemorar-el-decenio-afrodescendiente\\\/#breadcrumb\"},\"inLanguage\":\"fr-FR\",\"potentialAction\":[{\"@type\":\"ReadAction\",\"target\":[\"https:\\\/\\\/www.uartes.edu.ec\\\/sitio\\\/fr\\\/blog\\\/2024\\\/06\\\/11\\\/en-la-uartes-se-desarrolla-la-agenda-academica-casa-afuera-para-conmemorar-el-decenio-afrodescendiente\\\/\"]}]},{\"@type\":\"ImageObject\",\"inLanguage\":\"fr-FR\",\"@id\":\"https:\\\/\\\/www.uartes.edu.ec\\\/sitio\\\/fr\\\/blog\\\/2024\\\/06\\\/11\\\/en-la-uartes-se-desarrolla-la-agenda-academica-casa-afuera-para-conmemorar-el-decenio-afrodescendiente\\\/#primaryimage\",\"url\":\"https:\\\/\\\/www.uartes.edu.ec\\\/sitio\\\/wp-content\\\/uploads\\\/2024\\\/06\\\/05-GENESIS-DELGADO-TALLERISTA-DESCENIO-AFRO.jpg\",\"contentUrl\":\"https:\\\/\\\/www.uartes.edu.ec\\\/sitio\\\/wp-content\\\/uploads\\\/2024\\\/06\\\/05-GENESIS-DELGADO-TALLERISTA-DESCENIO-AFRO.jpg\",\"width\":2000,\"height\":1333},{\"@type\":\"BreadcrumbList\",\"@id\":\"https:\\\/\\\/www.uartes.edu.ec\\\/sitio\\\/fr\\\/blog\\\/2024\\\/06\\\/11\\\/en-la-uartes-se-desarrolla-la-agenda-academica-casa-afuera-para-conmemorar-el-decenio-afrodescendiente\\\/#breadcrumb\",\"itemListElement\":[{\"@type\":\"ListItem\",\"position\":1,\"name\":\"Inicio\",\"item\":\"https:\\\/\\\/www.uartes.edu.ec\\\/sitio\\\/\"},{\"@type\":\"ListItem\",\"position\":2,\"name\":\"Agenda acad\u00e9mica \u201cCasa Afuera\u201d para conmemorar el Decenio Afrodescendiente\"}]},{\"@type\":\"WebSite\",\"@id\":\"https:\\\/\\\/www.uartes.edu.ec\\\/sitio\\\/fr\\\/#website\",\"url\":\"https:\\\/\\\/www.uartes.edu.ec\\\/sitio\\\/fr\\\/\",\"name\":\"Universidad de las Artes\",\"description\":\"Sitio oficial de la Universidad Nacional de las Artes del Ecuador\",\"publisher\":{\"@id\":\"https:\\\/\\\/www.uartes.edu.ec\\\/sitio\\\/fr\\\/#organization\"},\"potentialAction\":[{\"@type\":\"SearchAction\",\"target\":{\"@type\":\"EntryPoint\",\"urlTemplate\":\"https:\\\/\\\/www.uartes.edu.ec\\\/sitio\\\/fr\\\/?s={search_term_string}\"},\"query-input\":{\"@type\":\"PropertyValueSpecification\",\"valueRequired\":true,\"valueName\":\"search_term_string\"}}],\"inLanguage\":\"fr-FR\"},{\"@type\":\"Organization\",\"@id\":\"https:\\\/\\\/www.uartes.edu.ec\\\/sitio\\\/fr\\\/#organization\",\"name\":\"Universidad de las Artes\",\"url\":\"https:\\\/\\\/www.uartes.edu.ec\\\/sitio\\\/fr\\\/\",\"logo\":{\"@type\":\"ImageObject\",\"inLanguage\":\"fr-FR\",\"@id\":\"https:\\\/\\\/www.uartes.edu.ec\\\/sitio\\\/fr\\\/#\\\/schema\\\/logo\\\/image\\\/\",\"url\":\"https:\\\/\\\/www.uartes.edu.ec\\\/sitio\\\/wp-content\\\/uploads\\\/2022\\\/07\\\/logo-ua-horizontal.png\",\"contentUrl\":\"https:\\\/\\\/www.uartes.edu.ec\\\/sitio\\\/wp-content\\\/uploads\\\/2022\\\/07\\\/logo-ua-horizontal.png\",\"width\":800,\"height\":276,\"caption\":\"Universidad de las Artes\"},\"image\":{\"@id\":\"https:\\\/\\\/www.uartes.edu.ec\\\/sitio\\\/fr\\\/#\\\/schema\\\/logo\\\/image\\\/\"},\"sameAs\":[\"https:\\\/\\\/www.facebook.com\\\/uartesec\",\"https:\\\/\\\/x.com\\\/uartesec\",\"https:\\\/\\\/www.tiktok.com\\\/@uartesec\"]},{\"@type\":\"Person\",\"@id\":\"https:\\\/\\\/www.uartes.edu.ec\\\/sitio\\\/fr\\\/#\\\/schema\\\/person\\\/efa1b8275797664fd7f13a79ccc0b1f4\",\"name\":\"ccortez\",\"image\":{\"@type\":\"ImageObject\",\"inLanguage\":\"fr-FR\",\"@id\":\"https:\\\/\\\/secure.gravatar.com\\\/avatar\\\/b2a6f664a3ae8e074346ef91775736c5ec479e637ecced6842de9dc98b5da9cd?s=96&d=mm&r=g\",\"url\":\"https:\\\/\\\/secure.gravatar.com\\\/avatar\\\/b2a6f664a3ae8e074346ef91775736c5ec479e637ecced6842de9dc98b5da9cd?s=96&d=mm&r=g\",\"contentUrl\":\"https:\\\/\\\/secure.gravatar.com\\\/avatar\\\/b2a6f664a3ae8e074346ef91775736c5ec479e637ecced6842de9dc98b5da9cd?s=96&d=mm&r=g\",\"caption\":\"ccortez\"},\"url\":\"https:\\\/\\\/www.uartes.edu.ec\\\/sitio\\\/fr\\\/blog\\\/author\\\/ccortez\\\/\"}]}<\/script>\n<!-- \/ Yoast SEO plugin. -->","yoast_head_json":{"title":"Universidad de las Artes - Agenda acad\u00e9mica \u201cCasa Afuera\u201d para conmemorar el Decenio Afrodescendiente","description":"Universidad de las Artes - Agenda acad\u00e9mica \u201cCasa Afuera\u201d para conmemorar el Decenio Afrodescendiente","robots":{"index":"index","follow":"follow","max-snippet":"max-snippet:-1","max-image-preview":"max-image-preview:large","max-video-preview":"max-video-preview:-1"},"canonical":"https:\/\/www.uartes.edu.ec\/sitio\/fr\/blog\/2024\/06\/11\/en-la-uartes-se-desarrolla-la-agenda-academica-casa-afuera-para-conmemorar-el-decenio-afrodescendiente\/","og_locale":"fr_FR","og_type":"article","og_title":"Universidad de las Artes - Agenda acad\u00e9mica \u201cCasa Afuera\u201d para conmemorar el Decenio Afrodescendiente","og_description":"Universidad de las Artes - Agenda acad\u00e9mica \u201cCasa Afuera\u201d para conmemorar el Decenio Afrodescendiente","og_url":"https:\/\/www.uartes.edu.ec\/sitio\/fr\/blog\/2024\/06\/11\/en-la-uartes-se-desarrolla-la-agenda-academica-casa-afuera-para-conmemorar-el-decenio-afrodescendiente\/","og_site_name":"Universidad de las Artes","article_publisher":"https:\/\/www.facebook.com\/uartesec","article_published_time":"2024-06-11T15:08:00+00:00","article_modified_time":"2024-07-04T16:18:49+00:00","og_image":[{"width":2000,"height":1333,"url":"https:\/\/www.uartes.edu.ec\/sitio\/wp-content\/uploads\/2024\/06\/05-GENESIS-DELGADO-TALLERISTA-DESCENIO-AFRO.jpg","type":"image\/jpeg"}],"author":"ccortez","twitter_card":"summary_large_image","twitter_creator":"@uartesec","twitter_site":"@uartesec","twitter_misc":{"\u00c9crit par":"ccortez","Dur\u00e9e de lecture estim\u00e9e":"5 minutes"},"schema":{"@context":"https:\/\/schema.org","@graph":[{"@type":"Article","@id":"https:\/\/www.uartes.edu.ec\/sitio\/fr\/blog\/2024\/06\/11\/en-la-uartes-se-desarrolla-la-agenda-academica-casa-afuera-para-conmemorar-el-decenio-afrodescendiente\/#article","isPartOf":{"@id":"https:\/\/www.uartes.edu.ec\/sitio\/fr\/blog\/2024\/06\/11\/en-la-uartes-se-desarrolla-la-agenda-academica-casa-afuera-para-conmemorar-el-decenio-afrodescendiente\/"},"author":{"name":"ccortez","@id":"https:\/\/www.uartes.edu.ec\/sitio\/fr\/#\/schema\/person\/efa1b8275797664fd7f13a79ccc0b1f4"},"headline":"Agenda acad\u00e9mica \u201cCasa Afuera\u201d para conmemorar el Decenio Afrodescendiente","datePublished":"2024-06-11T15:08:00+00:00","dateModified":"2024-07-04T16:18:49+00:00","mainEntityOfPage":{"@id":"https:\/\/www.uartes.edu.ec\/sitio\/fr\/blog\/2024\/06\/11\/en-la-uartes-se-desarrolla-la-agenda-academica-casa-afuera-para-conmemorar-el-decenio-afrodescendiente\/"},"wordCount":952,"commentCount":0,"publisher":{"@id":"https:\/\/www.uartes.edu.ec\/sitio\/fr\/#organization"},"image":{"@id":"https:\/\/www.uartes.edu.ec\/sitio\/fr\/blog\/2024\/06\/11\/en-la-uartes-se-desarrolla-la-agenda-academica-casa-afuera-para-conmemorar-el-decenio-afrodescendiente\/#primaryimage"},"thumbnailUrl":"https:\/\/www.uartes.edu.ec\/sitio\/wp-content\/uploads\/2024\/06\/05-GENESIS-DELGADO-TALLERISTA-DESCENIO-AFRO.jpg","articleSection":["Acad\u00e9mico","Alumni","Artes Esc\u00e9nicas","Artes Sonoras","Artes Visuales","Cine","Docentes","Estudiantes","Gesti\u00f3n","Literatura"],"inLanguage":"fr-FR","potentialAction":[{"@type":"CommentAction","name":"Comment","target":["https:\/\/www.uartes.edu.ec\/sitio\/fr\/blog\/2024\/06\/11\/en-la-uartes-se-desarrolla-la-agenda-academica-casa-afuera-para-conmemorar-el-decenio-afrodescendiente\/#respond"]}]},{"@type":["WebPage","ItemPage"],"@id":"https:\/\/www.uartes.edu.ec\/sitio\/fr\/blog\/2024\/06\/11\/en-la-uartes-se-desarrolla-la-agenda-academica-casa-afuera-para-conmemorar-el-decenio-afrodescendiente\/","url":"https:\/\/www.uartes.edu.ec\/sitio\/fr\/blog\/2024\/06\/11\/en-la-uartes-se-desarrolla-la-agenda-academica-casa-afuera-para-conmemorar-el-decenio-afrodescendiente\/","name":"Universidad de las Artes - Agenda acad\u00e9mica \u201cCasa Afuera\u201d para conmemorar el Decenio Afrodescendiente","isPartOf":{"@id":"https:\/\/www.uartes.edu.ec\/sitio\/fr\/#website"},"primaryImageOfPage":{"@id":"https:\/\/www.uartes.edu.ec\/sitio\/fr\/blog\/2024\/06\/11\/en-la-uartes-se-desarrolla-la-agenda-academica-casa-afuera-para-conmemorar-el-decenio-afrodescendiente\/#primaryimage"},"image":{"@id":"https:\/\/www.uartes.edu.ec\/sitio\/fr\/blog\/2024\/06\/11\/en-la-uartes-se-desarrolla-la-agenda-academica-casa-afuera-para-conmemorar-el-decenio-afrodescendiente\/#primaryimage"},"thumbnailUrl":"https:\/\/www.uartes.edu.ec\/sitio\/wp-content\/uploads\/2024\/06\/05-GENESIS-DELGADO-TALLERISTA-DESCENIO-AFRO.jpg","datePublished":"2024-06-11T15:08:00+00:00","dateModified":"2024-07-04T16:18:49+00:00","description":"Universidad de las Artes - Agenda acad\u00e9mica \u201cCasa Afuera\u201d para conmemorar el Decenio Afrodescendiente","breadcrumb":{"@id":"https:\/\/www.uartes.edu.ec\/sitio\/fr\/blog\/2024\/06\/11\/en-la-uartes-se-desarrolla-la-agenda-academica-casa-afuera-para-conmemorar-el-decenio-afrodescendiente\/#breadcrumb"},"inLanguage":"fr-FR","potentialAction":[{"@type":"ReadAction","target":["https:\/\/www.uartes.edu.ec\/sitio\/fr\/blog\/2024\/06\/11\/en-la-uartes-se-desarrolla-la-agenda-academica-casa-afuera-para-conmemorar-el-decenio-afrodescendiente\/"]}]},{"@type":"ImageObject","inLanguage":"fr-FR","@id":"https:\/\/www.uartes.edu.ec\/sitio\/fr\/blog\/2024\/06\/11\/en-la-uartes-se-desarrolla-la-agenda-academica-casa-afuera-para-conmemorar-el-decenio-afrodescendiente\/#primaryimage","url":"https:\/\/www.uartes.edu.ec\/sitio\/wp-content\/uploads\/2024\/06\/05-GENESIS-DELGADO-TALLERISTA-DESCENIO-AFRO.jpg","contentUrl":"https:\/\/www.uartes.edu.ec\/sitio\/wp-content\/uploads\/2024\/06\/05-GENESIS-DELGADO-TALLERISTA-DESCENIO-AFRO.jpg","width":2000,"height":1333},{"@type":"BreadcrumbList","@id":"https:\/\/www.uartes.edu.ec\/sitio\/fr\/blog\/2024\/06\/11\/en-la-uartes-se-desarrolla-la-agenda-academica-casa-afuera-para-conmemorar-el-decenio-afrodescendiente\/#breadcrumb","itemListElement":[{"@type":"ListItem","position":1,"name":"Inicio","item":"https:\/\/www.uartes.edu.ec\/sitio\/"},{"@type":"ListItem","position":2,"name":"Agenda acad\u00e9mica \u201cCasa Afuera\u201d para conmemorar el Decenio Afrodescendiente"}]},{"@type":"WebSite","@id":"https:\/\/www.uartes.edu.ec\/sitio\/fr\/#website","url":"https:\/\/www.uartes.edu.ec\/sitio\/fr\/","name":"Universidad de las Artes","description":"Sitio oficial de la Universidad Nacional de las Artes del Ecuador","publisher":{"@id":"https:\/\/www.uartes.edu.ec\/sitio\/fr\/#organization"},"potentialAction":[{"@type":"SearchAction","target":{"@type":"EntryPoint","urlTemplate":"https:\/\/www.uartes.edu.ec\/sitio\/fr\/?s={search_term_string}"},"query-input":{"@type":"PropertyValueSpecification","valueRequired":true,"valueName":"search_term_string"}}],"inLanguage":"fr-FR"},{"@type":"Organization","@id":"https:\/\/www.uartes.edu.ec\/sitio\/fr\/#organization","name":"Universidad de las Artes","url":"https:\/\/www.uartes.edu.ec\/sitio\/fr\/","logo":{"@type":"ImageObject","inLanguage":"fr-FR","@id":"https:\/\/www.uartes.edu.ec\/sitio\/fr\/#\/schema\/logo\/image\/","url":"https:\/\/www.uartes.edu.ec\/sitio\/wp-content\/uploads\/2022\/07\/logo-ua-horizontal.png","contentUrl":"https:\/\/www.uartes.edu.ec\/sitio\/wp-content\/uploads\/2022\/07\/logo-ua-horizontal.png","width":800,"height":276,"caption":"Universidad de las Artes"},"image":{"@id":"https:\/\/www.uartes.edu.ec\/sitio\/fr\/#\/schema\/logo\/image\/"},"sameAs":["https:\/\/www.facebook.com\/uartesec","https:\/\/x.com\/uartesec","https:\/\/www.tiktok.com\/@uartesec"]},{"@type":"Person","@id":"https:\/\/www.uartes.edu.ec\/sitio\/fr\/#\/schema\/person\/efa1b8275797664fd7f13a79ccc0b1f4","name":"ccortez","image":{"@type":"ImageObject","inLanguage":"fr-FR","@id":"https:\/\/secure.gravatar.com\/avatar\/b2a6f664a3ae8e074346ef91775736c5ec479e637ecced6842de9dc98b5da9cd?s=96&d=mm&r=g","url":"https:\/\/secure.gravatar.com\/avatar\/b2a6f664a3ae8e074346ef91775736c5ec479e637ecced6842de9dc98b5da9cd?s=96&d=mm&r=g","contentUrl":"https:\/\/secure.gravatar.com\/avatar\/b2a6f664a3ae8e074346ef91775736c5ec479e637ecced6842de9dc98b5da9cd?s=96&d=mm&r=g","caption":"ccortez"},"url":"https:\/\/www.uartes.edu.ec\/sitio\/fr\/blog\/author\/ccortez\/"}]}},"uagb_featured_image_src":{"full":["https:\/\/www.uartes.edu.ec\/sitio\/wp-content\/uploads\/2024\/06\/05-GENESIS-DELGADO-TALLERISTA-DESCENIO-AFRO.jpg",2000,1333,false],"thumbnail":["https:\/\/www.uartes.edu.ec\/sitio\/wp-content\/uploads\/2024\/06\/05-GENESIS-DELGADO-TALLERISTA-DESCENIO-AFRO-150x150.jpg",150,150,true],"medium":["https:\/\/www.uartes.edu.ec\/sitio\/wp-content\/uploads\/2024\/06\/05-GENESIS-DELGADO-TALLERISTA-DESCENIO-AFRO-300x200.jpg",300,200,true],"medium_large":["https:\/\/www.uartes.edu.ec\/sitio\/wp-content\/uploads\/2024\/06\/05-GENESIS-DELGADO-TALLERISTA-DESCENIO-AFRO-768x512.jpg",768,512,true],"large":["https:\/\/www.uartes.edu.ec\/sitio\/wp-content\/uploads\/2024\/06\/05-GENESIS-DELGADO-TALLERISTA-DESCENIO-AFRO-644x429.jpg",644,429,true],"1536x1536":["https:\/\/www.uartes.edu.ec\/sitio\/wp-content\/uploads\/2024\/06\/05-GENESIS-DELGADO-TALLERISTA-DESCENIO-AFRO-1536x1024.jpg",1536,1024,true],"2048x2048":["https:\/\/www.uartes.edu.ec\/sitio\/wp-content\/uploads\/2024\/06\/05-GENESIS-DELGADO-TALLERISTA-DESCENIO-AFRO.jpg",2000,1333,false],"trp-custom-language-flag":["https:\/\/www.uartes.edu.ec\/sitio\/wp-content\/uploads\/2024\/06\/05-GENESIS-DELGADO-TALLERISTA-DESCENIO-AFRO-18x12.jpg",18,12,true],"htmega_size_585x295":["https:\/\/www.uartes.edu.ec\/sitio\/wp-content\/uploads\/2024\/06\/05-GENESIS-DELGADO-TALLERISTA-DESCENIO-AFRO-585x295.jpg",585,295,true],"htmega_size_1170x536":["https:\/\/www.uartes.edu.ec\/sitio\/wp-content\/uploads\/2024\/06\/05-GENESIS-DELGADO-TALLERISTA-DESCENIO-AFRO-1170x536.jpg",1170,536,true],"htmega_size_396x360":["https:\/\/www.uartes.edu.ec\/sitio\/wp-content\/uploads\/2024\/06\/05-GENESIS-DELGADO-TALLERISTA-DESCENIO-AFRO-396x360.jpg",396,360,true],"gb-block-post-grid-landscape":["https:\/\/www.uartes.edu.ec\/sitio\/wp-content\/uploads\/2024\/06\/05-GENESIS-DELGADO-TALLERISTA-DESCENIO-AFRO-600x400.jpg",600,400,true],"gb-block-post-grid-square":["https:\/\/www.uartes.edu.ec\/sitio\/wp-content\/uploads\/2024\/06\/05-GENESIS-DELGADO-TALLERISTA-DESCENIO-AFRO-600x600.jpg",600,600,true],"university-hub-thumb":["https:\/\/www.uartes.edu.ec\/sitio\/wp-content\/uploads\/2024\/06\/05-GENESIS-DELGADO-TALLERISTA-DESCENIO-AFRO-400x267.jpg",400,267,true]},"uagb_author_info":{"display_name":"ccortez","author_link":"https:\/\/www.uartes.edu.ec\/sitio\/fr\/blog\/author\/ccortez\/"},"uagb_comment_info":0,"uagb_excerpt":"En conmemoraci\u00f3n al Decenio Internacional para los Afrodescendientes, la Universidad de las Artes dio inicio el s\u00e1bado 8 de junio, en la Biblioteca Karibu (Cisne 2 entre la 17 y la L), al primero de seis talleres que componen la agenda acad\u00e9mica \u201cCasa Afuera\u201d, la cual hasta el 27 de este mes propone abordar la\u2026","featured_image_src":"https:\/\/www.uartes.edu.ec\/sitio\/wp-content\/uploads\/2024\/06\/05-GENESIS-DELGADO-TALLERISTA-DESCENIO-AFRO-600x400.jpg","featured_image_src_square":"https:\/\/www.uartes.edu.ec\/sitio\/wp-content\/uploads\/2024\/06\/05-GENESIS-DELGADO-TALLERISTA-DESCENIO-AFRO-600x600.jpg","author_info":{"display_name":"ccortez","author_link":"https:\/\/www.uartes.edu.ec\/sitio\/fr\/blog\/author\/ccortez\/"},"publishpress_future_workflow_manual_trigger":{"enabledWorkflows":[]},"distributor_meta":false,"distributor_terms":false,"distributor_media":false,"distributor_original_site_name":"Universidad de las Artes","distributor_original_site_url":"https:\/\/www.uartes.edu.ec\/sitio\/fr","push-errors":false,"_links":{"self":[{"href":"https:\/\/www.uartes.edu.ec\/sitio\/fr\/wp-json\/wp\/v2\/posts\/55389","targetHints":{"allow":["GET"]}}],"collection":[{"href":"https:\/\/www.uartes.edu.ec\/sitio\/fr\/wp-json\/wp\/v2\/posts"}],"about":[{"href":"https:\/\/www.uartes.edu.ec\/sitio\/fr\/wp-json\/wp\/v2\/types\/post"}],"author":[{"embeddable":true,"href":"https:\/\/www.uartes.edu.ec\/sitio\/fr\/wp-json\/wp\/v2\/users\/10"}],"replies":[{"embeddable":true,"href":"https:\/\/www.uartes.edu.ec\/sitio\/fr\/wp-json\/wp\/v2\/comments?post=55389"}],"version-history":[{"count":10,"href":"https:\/\/www.uartes.edu.ec\/sitio\/fr\/wp-json\/wp\/v2\/posts\/55389\/revisions"}],"predecessor-version":[{"id":55409,"href":"https:\/\/www.uartes.edu.ec\/sitio\/fr\/wp-json\/wp\/v2\/posts\/55389\/revisions\/55409"}],"wp:featuredmedia":[{"embeddable":true,"href":"https:\/\/www.uartes.edu.ec\/sitio\/fr\/wp-json\/wp\/v2\/media\/55390"}],"wp:attachment":[{"href":"https:\/\/www.uartes.edu.ec\/sitio\/fr\/wp-json\/wp\/v2\/media?parent=55389"}],"wp:term":[{"taxonomy":"category","embeddable":true,"href":"https:\/\/www.uartes.edu.ec\/sitio\/fr\/wp-json\/wp\/v2\/categories?post=55389"},{"taxonomy":"post_tag","embeddable":true,"href":"https:\/\/www.uartes.edu.ec\/sitio\/fr\/wp-json\/wp\/v2\/tags?post=55389"},{"taxonomy":"infouartes","embeddable":true,"href":"https:\/\/www.uartes.edu.ec\/sitio\/fr\/wp-json\/wp\/v2\/infouartes?post=55389"}],"curies":[{"name":"wp","href":"https:\/\/api.w.org\/{rel}","templated":true}]}}