{"id":55438,"date":"2024-06-05T19:25:00","date_gmt":"2024-06-06T00:25:00","guid":{"rendered":"https:\/\/www.uartes.edu.ec\/sitio\/?p=55438"},"modified":"2024-07-04T11:18:51","modified_gmt":"2024-07-04T16:18:51","slug":"uartes-firma-convenio-de-cooperacion-con-la-fundacion-teatro-experimental-guayaquil","status":"publish","type":"post","link":"https:\/\/www.uartes.edu.ec\/sitio\/fr\/blog\/2024\/06\/05\/uartes-firma-convenio-de-cooperacion-con-la-fundacion-teatro-experimental-guayaquil\/","title":{"rendered":"UArtes firma convenio de cooperaci\u00f3n con Fundaci\u00f3n Teatro Experimental Guayaquil"},"content":{"rendered":"<p>Un convenio de cooperaci\u00f3n interinstitucional firm\u00f3 la Universidad de las Artes con la Fundaci\u00f3n Teatro Experimental Guayaquil en la jornada inaugural de la V edici\u00f3n del Encuentro de Ni\u00f1os y Ni\u00f1as en las Artes realizada hoy, mi\u00e9rcoles 5 de junio, en la Sala R\u00eda de la Biblioteca de las Artes. Intervinieron en la suscripci\u00f3n nuestro rector, William Herrera, y la presidenta de la organizaci\u00f3n, Marina Salvarezza.<\/p>\n\n\n\n<p>La Fundaci\u00f3n Teatro Experimental Guayaquil tiene 40 a\u00f1os de actividad cultural, se\u00f1al\u00f3 en su intervenci\u00f3n Salvarezza, reconocida actriz italiana establecida en Guayaquil desde 1973. Se inici\u00f3 en una peque\u00f1a sala de lo que era un centro comercial, donde trabajaron dos a\u00f1os y medio, cont\u00f3. En la propuesta de ofrecer obras de t\u00edteres, talleres de pintura, m\u00fasica y expresi\u00f3n corporal para ni\u00f1as y ni\u00f1os de la ciudad la acompa\u00f1aron las artistas Alcira Mujica, Lul de Carvajal y Ana von Buchwald.<\/p>\n\n\n\n<p>Agreg\u00f3 Salvarezza que Ana von Buchwald empez\u00f3 a construir un peque\u00f1o teatril y como era artista pl\u00e1stica fue creando t\u00edteres. Tienen 400 \u201cy son instrumentos perfectos para llegar a los ni\u00f1os de 3 y 4 a\u00f1os, que es donde empieza la cultura art\u00edstica\u201d, dijo. Los t\u00edteres son parte ahora de una Casa Museo que tom\u00f3 el nombre de su creadora, quien fue tambi\u00e9n profesora del entonces colegio Guayaquil.<\/p>\n\n\n<div class=\"wp-block-image\">\n<figure class=\"aligncenter size-large\"><img fetchpriority=\"high\" decoding=\"async\" width=\"644\" height=\"429\" src=\"https:\/\/www.uartes.edu.ec\/sitio\/wp-content\/uploads\/2024\/06\/08-V-ENCUENTRO-NINOS-RIA-644x429.jpg\" alt=\"\" class=\"wp-image-55444\" srcset=\"https:\/\/www.uartes.edu.ec\/sitio\/wp-content\/uploads\/2024\/06\/08-V-ENCUENTRO-NINOS-RIA-644x429.jpg 644w, https:\/\/www.uartes.edu.ec\/sitio\/wp-content\/uploads\/2024\/06\/08-V-ENCUENTRO-NINOS-RIA-768x511.jpg 768w, https:\/\/www.uartes.edu.ec\/sitio\/wp-content\/uploads\/2024\/06\/08-V-ENCUENTRO-NINOS-RIA.jpg 2000w, https:\/\/www.uartes.edu.ec\/sitio\/wp-content\/uploads\/2024\/06\/08-V-ENCUENTRO-NINOS-RIA-18x12.jpg 18w, https:\/\/www.uartes.edu.ec\/sitio\/wp-content\/uploads\/2024\/06\/08-V-ENCUENTRO-NINOS-RIA-600x399.jpg 600w, https:\/\/www.uartes.edu.ec\/sitio\/wp-content\/uploads\/2024\/06\/08-V-ENCUENTRO-NINOS-RIA-272x182.jpg 272w\" sizes=\"(max-width: 644px) 100vw, 644px\" \/><\/figure>\n<\/div>\n\n\n<p>\u201cAlgunos est\u00e1n da\u00f1ados, pero los vamos arreglando. Est\u00e1n all\u00ed esperando a todos ustedes en la ciudadela Ferroviaria\u201d, expres\u00f3 Salvarezza, con en la fundaci\u00f3n participan como talleristas Adriana Loor, Xavier Blum, Alcira Mujica y Viviana Elizalde, quienes conforman, adem\u00e1s, la directiva como vicepresidenta, gestor cultural, tesorera y secretaria, respectivamente.<\/p>\n\n\n\n<p>Indicando de que nunca antes se hab\u00eda dado un evento \u201cdonde una peque\u00f1a fundaci\u00f3n como Teatro Experimental Guayaquil y una universidad tan grande como la UArtes se juntaran para firmar un convenio\u201d, Salvarezza explic\u00f3 a los ni\u00f1os, ni\u00f1as y j\u00f3venes presentes en el acto que la suscripci\u00f3n era posible porque \u201ctenemos una misma idea, sentimiento y coraz\u00f3n que late a favor de todos ustedes, que son el presente y el momento que tenemos para vivir\u201d.<\/p>\n\n\n\n<p>A\u00f1adi\u00f3 que nuestra instituci\u00f3n de educaci\u00f3n superior y la fundaci\u00f3n a su cargo tienen una sola arma: el arte y la cultura. \u201cCada camino empieza con un peque\u00f1o paso. Lo importante es caminar uno con otro. Creo mucho en la colectividad, la educaci\u00f3n tiene que ser prioritaria p\u00fablica y de calidad y tiene que llegar a cada rinc\u00f3n\u201d.&nbsp;<\/p>\n\n\n<div class=\"wp-block-image\">\n<figure class=\"aligncenter size-large\"><img decoding=\"async\" width=\"644\" height=\"429\" src=\"https:\/\/www.uartes.edu.ec\/sitio\/wp-content\/uploads\/2024\/06\/20-V-ENCUENTRO-NINOS-RIA-644x429.jpg\" alt=\"\" class=\"wp-image-55445\" srcset=\"https:\/\/www.uartes.edu.ec\/sitio\/wp-content\/uploads\/2024\/06\/20-V-ENCUENTRO-NINOS-RIA-644x429.jpg 644w, https:\/\/www.uartes.edu.ec\/sitio\/wp-content\/uploads\/2024\/06\/20-V-ENCUENTRO-NINOS-RIA-768x511.jpg 768w, https:\/\/www.uartes.edu.ec\/sitio\/wp-content\/uploads\/2024\/06\/20-V-ENCUENTRO-NINOS-RIA.jpg 2000w, https:\/\/www.uartes.edu.ec\/sitio\/wp-content\/uploads\/2024\/06\/20-V-ENCUENTRO-NINOS-RIA-18x12.jpg 18w, https:\/\/www.uartes.edu.ec\/sitio\/wp-content\/uploads\/2024\/06\/20-V-ENCUENTRO-NINOS-RIA-600x399.jpg 600w, https:\/\/www.uartes.edu.ec\/sitio\/wp-content\/uploads\/2024\/06\/20-V-ENCUENTRO-NINOS-RIA-272x182.jpg 272w\" sizes=\"(max-width: 644px) 100vw, 644px\" \/><\/figure>\n<\/div>\n\n\n<p>Que trabajan con la fuerza de la voluntad sin esperar que la ayuda llegue, sostuvo. \u201cUstedes son la representaci\u00f3n de ni\u00f1os y j\u00f3venes que se est\u00e1n formando gracias a educadores y sus padres y familiares que los est\u00e1n estimulando hacia la cultura art\u00edstica, ya sea la m\u00fasica, la lectura, la pintura, el teatro y la danza. En el campo hay ni\u00f1os y docentes que tienen que caminar horas para llegar a la escuela\u201d, manifest\u00f3 e invit\u00f3 a alimentar el esp\u00edritu, el alma, el coraz\u00f3n y no solo el cuerpo.<\/p>\n\n\n\n<p>\u201cLa Universidad de las Artes con nuestra peque\u00f1a fundaci\u00f3n est\u00e1 pensando en ello, en formar personas que no solo piensan en comer o en hacer ejercicio f\u00edsico, sino en educar la espiritualidad y cuando hay coraz\u00f3n y pasi\u00f3n, la violencia no existe\u201d, indic\u00f3 y agradeci\u00f3 a nuestras autoridades universitarias por caminar uno con otro.&nbsp;<\/p>\n\n\n\n<p>Hay proyectos que con el convenio se podr\u00e1n realizar, refiri\u00f3 Salvarezza. Justamente, entre los objetivos del convenio de cooperaci\u00f3n interinstitucional consta la coordinaci\u00f3n de acciones colaborativas desde la docencia, la investigaci\u00f3n, la vinculaci\u00f3n con la sociedad, la formaci\u00f3n continua y las pr\u00e1cticas preprofesionales que permitan el desarrollo de programas, proyectos y actividades que contribuyan al fomento de la cultura, la producci\u00f3n art\u00edstica, la formaci\u00f3n de nuevos p\u00fablicos, la creaci\u00f3n colectiva y la participaci\u00f3n comunitaria para beneficio de toda la ciudadan\u00eda.<\/p>","protected":false},"excerpt":{"rendered":"<p>Un convenio de cooperaci\u00f3n interinstitucional firm\u00f3 la UArtes con la Fundaci\u00f3n Teatro Experimental Guayaquil en la jornada inaugural de la V edici\u00f3n del Encuentro de Ni\u00f1os y Ni\u00f1as en las Artes realizada hoy en la Sala R\u00eda. Intervinieron en la suscripci\u00f3n el rector William Herrera y la presidenta de la organizaci\u00f3n, Marina Salvarezza, quien expres\u00f3 que el trabajo conjunto era posible porque \u201ctenemos una misma idea, sentimiento y coraz\u00f3n\u201d. <\/p>","protected":false},"author":10,"featured_media":55443,"comment_status":"open","ping_status":"open","sticky":false,"template":"","format":"standard","meta":{"_acf_changed":false,"_uag_custom_page_level_css":"","_monsterinsights_skip_tracking":false,"_monsterinsights_sitenote_active":false,"_monsterinsights_sitenote_note":"","_monsterinsights_sitenote_category":0,"cybocfi_hide_featured_image":"","footnotes":""},"categories":[80,490,82,75,76,77,84,79],"tags":[1224],"infouartes":[],"class_list":["post-55438","post","type-post","status-publish","format-standard","has-post-thumbnail","hentry","category-academico","category-alumni","category-artes","category-docentes","category-estudiantes","category-gestion","category-rectorado","category-vinculo","tag-acciones-conjuntas"],"acf":[],"yoast_head":"<!-- This site is optimized with the Yoast SEO plugin v27.4 - https:\/\/yoast.com\/product\/yoast-seo-wordpress\/ -->\n<title>Universidad de las Artes - UArtes firma convenio de cooperaci\u00f3n con Fundaci\u00f3n Teatro Experimental Guayaquil<\/title>\n<meta name=\"description\" content=\"Universidad de las Artes - UArtes firma convenio de cooperaci\u00f3n con Fundaci\u00f3n Teatro Experimental Guayaquil\" \/>\n<meta name=\"robots\" content=\"index, follow, max-snippet:-1, max-image-preview:large, max-video-preview:-1\" \/>\n<link rel=\"canonical\" href=\"https:\/\/www.uartes.edu.ec\/sitio\/fr\/blog\/2024\/06\/05\/uartes-firma-convenio-de-cooperacion-con-la-fundacion-teatro-experimental-guayaquil\/\" \/>\n<meta property=\"og:locale\" content=\"fr_FR\" \/>\n<meta property=\"og:type\" content=\"article\" \/>\n<meta property=\"og:title\" content=\"Universidad de las Artes - UArtes firma convenio de cooperaci\u00f3n con Fundaci\u00f3n Teatro Experimental Guayaquil\" \/>\n<meta property=\"og:description\" content=\"Universidad de las Artes - UArtes firma convenio de cooperaci\u00f3n con Fundaci\u00f3n Teatro Experimental Guayaquil\" \/>\n<meta property=\"og:url\" content=\"https:\/\/www.uartes.edu.ec\/sitio\/fr\/blog\/2024\/06\/05\/uartes-firma-convenio-de-cooperacion-con-la-fundacion-teatro-experimental-guayaquil\/\" \/>\n<meta property=\"og:site_name\" content=\"Universidad de las Artes\" \/>\n<meta property=\"article:publisher\" content=\"https:\/\/www.facebook.com\/uartesec\" \/>\n<meta property=\"article:published_time\" content=\"2024-06-06T00:25:00+00:00\" \/>\n<meta property=\"article:modified_time\" content=\"2024-07-04T16:18:51+00:00\" \/>\n<meta property=\"og:image\" content=\"https:\/\/www.uartes.edu.ec\/sitio\/wp-content\/uploads\/2024\/06\/06-V-ENCUENTRO-NINOS-RIA.jpg\" \/>\n\t<meta property=\"og:image:width\" content=\"2000\" \/>\n\t<meta property=\"og:image:height\" content=\"1333\" \/>\n\t<meta property=\"og:image:type\" content=\"image\/jpeg\" \/>\n<meta name=\"author\" content=\"ccortez\" \/>\n<meta name=\"twitter:card\" content=\"summary_large_image\" \/>\n<meta name=\"twitter:creator\" content=\"@uartesec\" \/>\n<meta name=\"twitter:site\" content=\"@uartesec\" \/>\n<meta name=\"twitter:label1\" content=\"\u00c9crit par\" \/>\n\t<meta name=\"twitter:data1\" content=\"ccortez\" \/>\n\t<meta name=\"twitter:label2\" content=\"Dur\u00e9e de lecture estim\u00e9e\" \/>\n\t<meta name=\"twitter:data2\" content=\"4 minutes\" \/>\n<script type=\"application\/ld+json\" class=\"yoast-schema-graph\">{\"@context\":\"https:\\\/\\\/schema.org\",\"@graph\":[{\"@type\":\"Article\",\"@id\":\"https:\\\/\\\/www.uartes.edu.ec\\\/sitio\\\/fr\\\/blog\\\/2024\\\/06\\\/05\\\/uartes-firma-convenio-de-cooperacion-con-la-fundacion-teatro-experimental-guayaquil\\\/#article\",\"isPartOf\":{\"@id\":\"https:\\\/\\\/www.uartes.edu.ec\\\/sitio\\\/fr\\\/blog\\\/2024\\\/06\\\/05\\\/uartes-firma-convenio-de-cooperacion-con-la-fundacion-teatro-experimental-guayaquil\\\/\"},\"author\":{\"name\":\"ccortez\",\"@id\":\"https:\\\/\\\/www.uartes.edu.ec\\\/sitio\\\/fr\\\/#\\\/schema\\\/person\\\/efa1b8275797664fd7f13a79ccc0b1f4\"},\"headline\":\"UArtes firma convenio de cooperaci\u00f3n con Fundaci\u00f3n Teatro Experimental Guayaquil\",\"datePublished\":\"2024-06-06T00:25:00+00:00\",\"dateModified\":\"2024-07-04T16:18:51+00:00\",\"mainEntityOfPage\":{\"@id\":\"https:\\\/\\\/www.uartes.edu.ec\\\/sitio\\\/fr\\\/blog\\\/2024\\\/06\\\/05\\\/uartes-firma-convenio-de-cooperacion-con-la-fundacion-teatro-experimental-guayaquil\\\/\"},\"wordCount\":704,\"commentCount\":0,\"publisher\":{\"@id\":\"https:\\\/\\\/www.uartes.edu.ec\\\/sitio\\\/fr\\\/#organization\"},\"image\":{\"@id\":\"https:\\\/\\\/www.uartes.edu.ec\\\/sitio\\\/fr\\\/blog\\\/2024\\\/06\\\/05\\\/uartes-firma-convenio-de-cooperacion-con-la-fundacion-teatro-experimental-guayaquil\\\/#primaryimage\"},\"thumbnailUrl\":\"https:\\\/\\\/www.uartes.edu.ec\\\/sitio\\\/wp-content\\\/uploads\\\/2024\\\/06\\\/06-V-ENCUENTRO-NINOS-RIA.jpg\",\"keywords\":[\"acciones conjuntas\"],\"articleSection\":[\"Acad\u00e9mico\",\"Alumni\",\"Artes\",\"Docentes\",\"Estudiantes\",\"Gesti\u00f3n\",\"Rectorado\",\"V\u00ednculo\"],\"inLanguage\":\"fr-FR\",\"potentialAction\":[{\"@type\":\"CommentAction\",\"name\":\"Comment\",\"target\":[\"https:\\\/\\\/www.uartes.edu.ec\\\/sitio\\\/fr\\\/blog\\\/2024\\\/06\\\/05\\\/uartes-firma-convenio-de-cooperacion-con-la-fundacion-teatro-experimental-guayaquil\\\/#respond\"]}]},{\"@type\":[\"WebPage\",\"ItemPage\"],\"@id\":\"https:\\\/\\\/www.uartes.edu.ec\\\/sitio\\\/fr\\\/blog\\\/2024\\\/06\\\/05\\\/uartes-firma-convenio-de-cooperacion-con-la-fundacion-teatro-experimental-guayaquil\\\/\",\"url\":\"https:\\\/\\\/www.uartes.edu.ec\\\/sitio\\\/fr\\\/blog\\\/2024\\\/06\\\/05\\\/uartes-firma-convenio-de-cooperacion-con-la-fundacion-teatro-experimental-guayaquil\\\/\",\"name\":\"Universidad de las Artes - UArtes firma convenio de cooperaci\u00f3n con Fundaci\u00f3n Teatro Experimental Guayaquil\",\"isPartOf\":{\"@id\":\"https:\\\/\\\/www.uartes.edu.ec\\\/sitio\\\/fr\\\/#website\"},\"primaryImageOfPage\":{\"@id\":\"https:\\\/\\\/www.uartes.edu.ec\\\/sitio\\\/fr\\\/blog\\\/2024\\\/06\\\/05\\\/uartes-firma-convenio-de-cooperacion-con-la-fundacion-teatro-experimental-guayaquil\\\/#primaryimage\"},\"image\":{\"@id\":\"https:\\\/\\\/www.uartes.edu.ec\\\/sitio\\\/fr\\\/blog\\\/2024\\\/06\\\/05\\\/uartes-firma-convenio-de-cooperacion-con-la-fundacion-teatro-experimental-guayaquil\\\/#primaryimage\"},\"thumbnailUrl\":\"https:\\\/\\\/www.uartes.edu.ec\\\/sitio\\\/wp-content\\\/uploads\\\/2024\\\/06\\\/06-V-ENCUENTRO-NINOS-RIA.jpg\",\"datePublished\":\"2024-06-06T00:25:00+00:00\",\"dateModified\":\"2024-07-04T16:18:51+00:00\",\"description\":\"Universidad de las Artes - UArtes firma convenio de cooperaci\u00f3n con Fundaci\u00f3n Teatro Experimental Guayaquil\",\"breadcrumb\":{\"@id\":\"https:\\\/\\\/www.uartes.edu.ec\\\/sitio\\\/fr\\\/blog\\\/2024\\\/06\\\/05\\\/uartes-firma-convenio-de-cooperacion-con-la-fundacion-teatro-experimental-guayaquil\\\/#breadcrumb\"},\"inLanguage\":\"fr-FR\",\"potentialAction\":[{\"@type\":\"ReadAction\",\"target\":[\"https:\\\/\\\/www.uartes.edu.ec\\\/sitio\\\/fr\\\/blog\\\/2024\\\/06\\\/05\\\/uartes-firma-convenio-de-cooperacion-con-la-fundacion-teatro-experimental-guayaquil\\\/\"]}]},{\"@type\":\"ImageObject\",\"inLanguage\":\"fr-FR\",\"@id\":\"https:\\\/\\\/www.uartes.edu.ec\\\/sitio\\\/fr\\\/blog\\\/2024\\\/06\\\/05\\\/uartes-firma-convenio-de-cooperacion-con-la-fundacion-teatro-experimental-guayaquil\\\/#primaryimage\",\"url\":\"https:\\\/\\\/www.uartes.edu.ec\\\/sitio\\\/wp-content\\\/uploads\\\/2024\\\/06\\\/06-V-ENCUENTRO-NINOS-RIA.jpg\",\"contentUrl\":\"https:\\\/\\\/www.uartes.edu.ec\\\/sitio\\\/wp-content\\\/uploads\\\/2024\\\/06\\\/06-V-ENCUENTRO-NINOS-RIA.jpg\",\"width\":2000,\"height\":1333},{\"@type\":\"BreadcrumbList\",\"@id\":\"https:\\\/\\\/www.uartes.edu.ec\\\/sitio\\\/fr\\\/blog\\\/2024\\\/06\\\/05\\\/uartes-firma-convenio-de-cooperacion-con-la-fundacion-teatro-experimental-guayaquil\\\/#breadcrumb\",\"itemListElement\":[{\"@type\":\"ListItem\",\"position\":1,\"name\":\"Inicio\",\"item\":\"https:\\\/\\\/www.uartes.edu.ec\\\/sitio\\\/\"},{\"@type\":\"ListItem\",\"position\":2,\"name\":\"UArtes firma convenio de cooperaci\u00f3n con Fundaci\u00f3n Teatro Experimental Guayaquil\"}]},{\"@type\":\"WebSite\",\"@id\":\"https:\\\/\\\/www.uartes.edu.ec\\\/sitio\\\/fr\\\/#website\",\"url\":\"https:\\\/\\\/www.uartes.edu.ec\\\/sitio\\\/fr\\\/\",\"name\":\"Universidad de las Artes\",\"description\":\"Sitio oficial de la Universidad Nacional de las Artes del Ecuador\",\"publisher\":{\"@id\":\"https:\\\/\\\/www.uartes.edu.ec\\\/sitio\\\/fr\\\/#organization\"},\"potentialAction\":[{\"@type\":\"SearchAction\",\"target\":{\"@type\":\"EntryPoint\",\"urlTemplate\":\"https:\\\/\\\/www.uartes.edu.ec\\\/sitio\\\/fr\\\/?s={search_term_string}\"},\"query-input\":{\"@type\":\"PropertyValueSpecification\",\"valueRequired\":true,\"valueName\":\"search_term_string\"}}],\"inLanguage\":\"fr-FR\"},{\"@type\":\"Organization\",\"@id\":\"https:\\\/\\\/www.uartes.edu.ec\\\/sitio\\\/fr\\\/#organization\",\"name\":\"Universidad de las Artes\",\"url\":\"https:\\\/\\\/www.uartes.edu.ec\\\/sitio\\\/fr\\\/\",\"logo\":{\"@type\":\"ImageObject\",\"inLanguage\":\"fr-FR\",\"@id\":\"https:\\\/\\\/www.uartes.edu.ec\\\/sitio\\\/fr\\\/#\\\/schema\\\/logo\\\/image\\\/\",\"url\":\"https:\\\/\\\/www.uartes.edu.ec\\\/sitio\\\/wp-content\\\/uploads\\\/2022\\\/07\\\/logo-ua-horizontal.png\",\"contentUrl\":\"https:\\\/\\\/www.uartes.edu.ec\\\/sitio\\\/wp-content\\\/uploads\\\/2022\\\/07\\\/logo-ua-horizontal.png\",\"width\":800,\"height\":276,\"caption\":\"Universidad de las Artes\"},\"image\":{\"@id\":\"https:\\\/\\\/www.uartes.edu.ec\\\/sitio\\\/fr\\\/#\\\/schema\\\/logo\\\/image\\\/\"},\"sameAs\":[\"https:\\\/\\\/www.facebook.com\\\/uartesec\",\"https:\\\/\\\/x.com\\\/uartesec\",\"https:\\\/\\\/www.tiktok.com\\\/@uartesec\"]},{\"@type\":\"Person\",\"@id\":\"https:\\\/\\\/www.uartes.edu.ec\\\/sitio\\\/fr\\\/#\\\/schema\\\/person\\\/efa1b8275797664fd7f13a79ccc0b1f4\",\"name\":\"ccortez\",\"image\":{\"@type\":\"ImageObject\",\"inLanguage\":\"fr-FR\",\"@id\":\"https:\\\/\\\/secure.gravatar.com\\\/avatar\\\/b2a6f664a3ae8e074346ef91775736c5ec479e637ecced6842de9dc98b5da9cd?s=96&d=mm&r=g\",\"url\":\"https:\\\/\\\/secure.gravatar.com\\\/avatar\\\/b2a6f664a3ae8e074346ef91775736c5ec479e637ecced6842de9dc98b5da9cd?s=96&d=mm&r=g\",\"contentUrl\":\"https:\\\/\\\/secure.gravatar.com\\\/avatar\\\/b2a6f664a3ae8e074346ef91775736c5ec479e637ecced6842de9dc98b5da9cd?s=96&d=mm&r=g\",\"caption\":\"ccortez\"},\"url\":\"https:\\\/\\\/www.uartes.edu.ec\\\/sitio\\\/fr\\\/blog\\\/author\\\/ccortez\\\/\"}]}<\/script>\n<!-- \/ Yoast SEO plugin. -->","yoast_head_json":{"title":"Universidad de las Artes - UArtes firma convenio de cooperaci\u00f3n con Fundaci\u00f3n Teatro Experimental Guayaquil","description":"Universidad de las Artes - UArtes firma convenio de cooperaci\u00f3n con Fundaci\u00f3n Teatro Experimental Guayaquil","robots":{"index":"index","follow":"follow","max-snippet":"max-snippet:-1","max-image-preview":"max-image-preview:large","max-video-preview":"max-video-preview:-1"},"canonical":"https:\/\/www.uartes.edu.ec\/sitio\/fr\/blog\/2024\/06\/05\/uartes-firma-convenio-de-cooperacion-con-la-fundacion-teatro-experimental-guayaquil\/","og_locale":"fr_FR","og_type":"article","og_title":"Universidad de las Artes - UArtes firma convenio de cooperaci\u00f3n con Fundaci\u00f3n Teatro Experimental Guayaquil","og_description":"Universidad de las Artes - UArtes firma convenio de cooperaci\u00f3n con Fundaci\u00f3n Teatro Experimental Guayaquil","og_url":"https:\/\/www.uartes.edu.ec\/sitio\/fr\/blog\/2024\/06\/05\/uartes-firma-convenio-de-cooperacion-con-la-fundacion-teatro-experimental-guayaquil\/","og_site_name":"Universidad de las Artes","article_publisher":"https:\/\/www.facebook.com\/uartesec","article_published_time":"2024-06-06T00:25:00+00:00","article_modified_time":"2024-07-04T16:18:51+00:00","og_image":[{"width":2000,"height":1333,"url":"https:\/\/www.uartes.edu.ec\/sitio\/wp-content\/uploads\/2024\/06\/06-V-ENCUENTRO-NINOS-RIA.jpg","type":"image\/jpeg"}],"author":"ccortez","twitter_card":"summary_large_image","twitter_creator":"@uartesec","twitter_site":"@uartesec","twitter_misc":{"\u00c9crit par":"ccortez","Dur\u00e9e de lecture estim\u00e9e":"4 minutes"},"schema":{"@context":"https:\/\/schema.org","@graph":[{"@type":"Article","@id":"https:\/\/www.uartes.edu.ec\/sitio\/fr\/blog\/2024\/06\/05\/uartes-firma-convenio-de-cooperacion-con-la-fundacion-teatro-experimental-guayaquil\/#article","isPartOf":{"@id":"https:\/\/www.uartes.edu.ec\/sitio\/fr\/blog\/2024\/06\/05\/uartes-firma-convenio-de-cooperacion-con-la-fundacion-teatro-experimental-guayaquil\/"},"author":{"name":"ccortez","@id":"https:\/\/www.uartes.edu.ec\/sitio\/fr\/#\/schema\/person\/efa1b8275797664fd7f13a79ccc0b1f4"},"headline":"UArtes firma convenio de cooperaci\u00f3n con Fundaci\u00f3n Teatro Experimental Guayaquil","datePublished":"2024-06-06T00:25:00+00:00","dateModified":"2024-07-04T16:18:51+00:00","mainEntityOfPage":{"@id":"https:\/\/www.uartes.edu.ec\/sitio\/fr\/blog\/2024\/06\/05\/uartes-firma-convenio-de-cooperacion-con-la-fundacion-teatro-experimental-guayaquil\/"},"wordCount":704,"commentCount":0,"publisher":{"@id":"https:\/\/www.uartes.edu.ec\/sitio\/fr\/#organization"},"image":{"@id":"https:\/\/www.uartes.edu.ec\/sitio\/fr\/blog\/2024\/06\/05\/uartes-firma-convenio-de-cooperacion-con-la-fundacion-teatro-experimental-guayaquil\/#primaryimage"},"thumbnailUrl":"https:\/\/www.uartes.edu.ec\/sitio\/wp-content\/uploads\/2024\/06\/06-V-ENCUENTRO-NINOS-RIA.jpg","keywords":["acciones conjuntas"],"articleSection":["Acad\u00e9mico","Alumni","Artes","Docentes","Estudiantes","Gesti\u00f3n","Rectorado","V\u00ednculo"],"inLanguage":"fr-FR","potentialAction":[{"@type":"CommentAction","name":"Comment","target":["https:\/\/www.uartes.edu.ec\/sitio\/fr\/blog\/2024\/06\/05\/uartes-firma-convenio-de-cooperacion-con-la-fundacion-teatro-experimental-guayaquil\/#respond"]}]},{"@type":["WebPage","ItemPage"],"@id":"https:\/\/www.uartes.edu.ec\/sitio\/fr\/blog\/2024\/06\/05\/uartes-firma-convenio-de-cooperacion-con-la-fundacion-teatro-experimental-guayaquil\/","url":"https:\/\/www.uartes.edu.ec\/sitio\/fr\/blog\/2024\/06\/05\/uartes-firma-convenio-de-cooperacion-con-la-fundacion-teatro-experimental-guayaquil\/","name":"Universidad de las Artes - UArtes firma convenio de cooperaci\u00f3n con Fundaci\u00f3n Teatro Experimental Guayaquil","isPartOf":{"@id":"https:\/\/www.uartes.edu.ec\/sitio\/fr\/#website"},"primaryImageOfPage":{"@id":"https:\/\/www.uartes.edu.ec\/sitio\/fr\/blog\/2024\/06\/05\/uartes-firma-convenio-de-cooperacion-con-la-fundacion-teatro-experimental-guayaquil\/#primaryimage"},"image":{"@id":"https:\/\/www.uartes.edu.ec\/sitio\/fr\/blog\/2024\/06\/05\/uartes-firma-convenio-de-cooperacion-con-la-fundacion-teatro-experimental-guayaquil\/#primaryimage"},"thumbnailUrl":"https:\/\/www.uartes.edu.ec\/sitio\/wp-content\/uploads\/2024\/06\/06-V-ENCUENTRO-NINOS-RIA.jpg","datePublished":"2024-06-06T00:25:00+00:00","dateModified":"2024-07-04T16:18:51+00:00","description":"Universidad de las Artes - UArtes firma convenio de cooperaci\u00f3n con Fundaci\u00f3n Teatro Experimental Guayaquil","breadcrumb":{"@id":"https:\/\/www.uartes.edu.ec\/sitio\/fr\/blog\/2024\/06\/05\/uartes-firma-convenio-de-cooperacion-con-la-fundacion-teatro-experimental-guayaquil\/#breadcrumb"},"inLanguage":"fr-FR","potentialAction":[{"@type":"ReadAction","target":["https:\/\/www.uartes.edu.ec\/sitio\/fr\/blog\/2024\/06\/05\/uartes-firma-convenio-de-cooperacion-con-la-fundacion-teatro-experimental-guayaquil\/"]}]},{"@type":"ImageObject","inLanguage":"fr-FR","@id":"https:\/\/www.uartes.edu.ec\/sitio\/fr\/blog\/2024\/06\/05\/uartes-firma-convenio-de-cooperacion-con-la-fundacion-teatro-experimental-guayaquil\/#primaryimage","url":"https:\/\/www.uartes.edu.ec\/sitio\/wp-content\/uploads\/2024\/06\/06-V-ENCUENTRO-NINOS-RIA.jpg","contentUrl":"https:\/\/www.uartes.edu.ec\/sitio\/wp-content\/uploads\/2024\/06\/06-V-ENCUENTRO-NINOS-RIA.jpg","width":2000,"height":1333},{"@type":"BreadcrumbList","@id":"https:\/\/www.uartes.edu.ec\/sitio\/fr\/blog\/2024\/06\/05\/uartes-firma-convenio-de-cooperacion-con-la-fundacion-teatro-experimental-guayaquil\/#breadcrumb","itemListElement":[{"@type":"ListItem","position":1,"name":"Inicio","item":"https:\/\/www.uartes.edu.ec\/sitio\/"},{"@type":"ListItem","position":2,"name":"UArtes firma convenio de cooperaci\u00f3n con Fundaci\u00f3n Teatro Experimental Guayaquil"}]},{"@type":"WebSite","@id":"https:\/\/www.uartes.edu.ec\/sitio\/fr\/#website","url":"https:\/\/www.uartes.edu.ec\/sitio\/fr\/","name":"Universidad de las Artes","description":"Sitio oficial de la Universidad Nacional de las Artes del Ecuador","publisher":{"@id":"https:\/\/www.uartes.edu.ec\/sitio\/fr\/#organization"},"potentialAction":[{"@type":"SearchAction","target":{"@type":"EntryPoint","urlTemplate":"https:\/\/www.uartes.edu.ec\/sitio\/fr\/?s={search_term_string}"},"query-input":{"@type":"PropertyValueSpecification","valueRequired":true,"valueName":"search_term_string"}}],"inLanguage":"fr-FR"},{"@type":"Organization","@id":"https:\/\/www.uartes.edu.ec\/sitio\/fr\/#organization","name":"Universidad de las Artes","url":"https:\/\/www.uartes.edu.ec\/sitio\/fr\/","logo":{"@type":"ImageObject","inLanguage":"fr-FR","@id":"https:\/\/www.uartes.edu.ec\/sitio\/fr\/#\/schema\/logo\/image\/","url":"https:\/\/www.uartes.edu.ec\/sitio\/wp-content\/uploads\/2022\/07\/logo-ua-horizontal.png","contentUrl":"https:\/\/www.uartes.edu.ec\/sitio\/wp-content\/uploads\/2022\/07\/logo-ua-horizontal.png","width":800,"height":276,"caption":"Universidad de las Artes"},"image":{"@id":"https:\/\/www.uartes.edu.ec\/sitio\/fr\/#\/schema\/logo\/image\/"},"sameAs":["https:\/\/www.facebook.com\/uartesec","https:\/\/x.com\/uartesec","https:\/\/www.tiktok.com\/@uartesec"]},{"@type":"Person","@id":"https:\/\/www.uartes.edu.ec\/sitio\/fr\/#\/schema\/person\/efa1b8275797664fd7f13a79ccc0b1f4","name":"ccortez","image":{"@type":"ImageObject","inLanguage":"fr-FR","@id":"https:\/\/secure.gravatar.com\/avatar\/b2a6f664a3ae8e074346ef91775736c5ec479e637ecced6842de9dc98b5da9cd?s=96&d=mm&r=g","url":"https:\/\/secure.gravatar.com\/avatar\/b2a6f664a3ae8e074346ef91775736c5ec479e637ecced6842de9dc98b5da9cd?s=96&d=mm&r=g","contentUrl":"https:\/\/secure.gravatar.com\/avatar\/b2a6f664a3ae8e074346ef91775736c5ec479e637ecced6842de9dc98b5da9cd?s=96&d=mm&r=g","caption":"ccortez"},"url":"https:\/\/www.uartes.edu.ec\/sitio\/fr\/blog\/author\/ccortez\/"}]}},"uagb_featured_image_src":{"full":["https:\/\/www.uartes.edu.ec\/sitio\/wp-content\/uploads\/2024\/06\/06-V-ENCUENTRO-NINOS-RIA.jpg",2000,1333,false],"thumbnail":["https:\/\/www.uartes.edu.ec\/sitio\/wp-content\/uploads\/2024\/06\/06-V-ENCUENTRO-NINOS-RIA-150x150.jpg",150,150,true],"medium":["https:\/\/www.uartes.edu.ec\/sitio\/wp-content\/uploads\/2024\/06\/06-V-ENCUENTRO-NINOS-RIA-300x200.jpg",300,200,true],"medium_large":["https:\/\/www.uartes.edu.ec\/sitio\/wp-content\/uploads\/2024\/06\/06-V-ENCUENTRO-NINOS-RIA-768x512.jpg",768,512,true],"large":["https:\/\/www.uartes.edu.ec\/sitio\/wp-content\/uploads\/2024\/06\/06-V-ENCUENTRO-NINOS-RIA-644x429.jpg",644,429,true],"1536x1536":["https:\/\/www.uartes.edu.ec\/sitio\/wp-content\/uploads\/2024\/06\/06-V-ENCUENTRO-NINOS-RIA-1536x1024.jpg",1536,1024,true],"2048x2048":["https:\/\/www.uartes.edu.ec\/sitio\/wp-content\/uploads\/2024\/06\/06-V-ENCUENTRO-NINOS-RIA.jpg",2000,1333,false],"trp-custom-language-flag":["https:\/\/www.uartes.edu.ec\/sitio\/wp-content\/uploads\/2024\/06\/06-V-ENCUENTRO-NINOS-RIA-18x12.jpg",18,12,true],"htmega_size_585x295":["https:\/\/www.uartes.edu.ec\/sitio\/wp-content\/uploads\/2024\/06\/06-V-ENCUENTRO-NINOS-RIA-585x295.jpg",585,295,true],"htmega_size_1170x536":["https:\/\/www.uartes.edu.ec\/sitio\/wp-content\/uploads\/2024\/06\/06-V-ENCUENTRO-NINOS-RIA-1170x536.jpg",1170,536,true],"htmega_size_396x360":["https:\/\/www.uartes.edu.ec\/sitio\/wp-content\/uploads\/2024\/06\/06-V-ENCUENTRO-NINOS-RIA-396x360.jpg",396,360,true],"gb-block-post-grid-landscape":["https:\/\/www.uartes.edu.ec\/sitio\/wp-content\/uploads\/2024\/06\/06-V-ENCUENTRO-NINOS-RIA-600x400.jpg",600,400,true],"gb-block-post-grid-square":["https:\/\/www.uartes.edu.ec\/sitio\/wp-content\/uploads\/2024\/06\/06-V-ENCUENTRO-NINOS-RIA-600x600.jpg",600,600,true],"university-hub-thumb":["https:\/\/www.uartes.edu.ec\/sitio\/wp-content\/uploads\/2024\/06\/06-V-ENCUENTRO-NINOS-RIA-400x267.jpg",400,267,true]},"uagb_author_info":{"display_name":"ccortez","author_link":"https:\/\/www.uartes.edu.ec\/sitio\/fr\/blog\/author\/ccortez\/"},"uagb_comment_info":0,"uagb_excerpt":"Un convenio de cooperaci\u00f3n interinstitucional firm\u00f3 la UArtes con la Fundaci\u00f3n Teatro Experimental Guayaquil en la jornada inaugural de la V edici\u00f3n del Encuentro de Ni\u00f1os y Ni\u00f1as en las Artes realizada hoy en la Sala R\u00eda. Intervinieron en la suscripci\u00f3n el rector William Herrera y la presidenta de la organizaci\u00f3n, Marina Salvarezza, quien expres\u00f3\u2026","featured_image_src":"https:\/\/www.uartes.edu.ec\/sitio\/wp-content\/uploads\/2024\/06\/06-V-ENCUENTRO-NINOS-RIA-600x400.jpg","featured_image_src_square":"https:\/\/www.uartes.edu.ec\/sitio\/wp-content\/uploads\/2024\/06\/06-V-ENCUENTRO-NINOS-RIA-600x600.jpg","author_info":{"display_name":"ccortez","author_link":"https:\/\/www.uartes.edu.ec\/sitio\/fr\/blog\/author\/ccortez\/"},"publishpress_future_workflow_manual_trigger":{"enabledWorkflows":[]},"distributor_meta":false,"distributor_terms":false,"distributor_media":false,"distributor_original_site_name":"Universidad de las Artes","distributor_original_site_url":"https:\/\/www.uartes.edu.ec\/sitio\/fr","push-errors":false,"_links":{"self":[{"href":"https:\/\/www.uartes.edu.ec\/sitio\/fr\/wp-json\/wp\/v2\/posts\/55438","targetHints":{"allow":["GET"]}}],"collection":[{"href":"https:\/\/www.uartes.edu.ec\/sitio\/fr\/wp-json\/wp\/v2\/posts"}],"about":[{"href":"https:\/\/www.uartes.edu.ec\/sitio\/fr\/wp-json\/wp\/v2\/types\/post"}],"author":[{"embeddable":true,"href":"https:\/\/www.uartes.edu.ec\/sitio\/fr\/wp-json\/wp\/v2\/users\/10"}],"replies":[{"embeddable":true,"href":"https:\/\/www.uartes.edu.ec\/sitio\/fr\/wp-json\/wp\/v2\/comments?post=55438"}],"version-history":[{"count":13,"href":"https:\/\/www.uartes.edu.ec\/sitio\/fr\/wp-json\/wp\/v2\/posts\/55438\/revisions"}],"predecessor-version":[{"id":55466,"href":"https:\/\/www.uartes.edu.ec\/sitio\/fr\/wp-json\/wp\/v2\/posts\/55438\/revisions\/55466"}],"wp:featuredmedia":[{"embeddable":true,"href":"https:\/\/www.uartes.edu.ec\/sitio\/fr\/wp-json\/wp\/v2\/media\/55443"}],"wp:attachment":[{"href":"https:\/\/www.uartes.edu.ec\/sitio\/fr\/wp-json\/wp\/v2\/media?parent=55438"}],"wp:term":[{"taxonomy":"category","embeddable":true,"href":"https:\/\/www.uartes.edu.ec\/sitio\/fr\/wp-json\/wp\/v2\/categories?post=55438"},{"taxonomy":"post_tag","embeddable":true,"href":"https:\/\/www.uartes.edu.ec\/sitio\/fr\/wp-json\/wp\/v2\/tags?post=55438"},{"taxonomy":"infouartes","embeddable":true,"href":"https:\/\/www.uartes.edu.ec\/sitio\/fr\/wp-json\/wp\/v2\/infouartes?post=55438"}],"curies":[{"name":"wp","href":"https:\/\/api.w.org\/{rel}","templated":true}]}}