{"id":55543,"date":"2024-06-07T19:38:00","date_gmt":"2024-06-08T00:38:00","guid":{"rendered":"https:\/\/www.uartes.edu.ec\/sitio\/?p=55543"},"modified":"2024-07-04T11:18:50","modified_gmt":"2024-07-04T16:18:50","slug":"tercera-jornada-de-un-encuentro-donde-todo-fue-posible","status":"publish","type":"post","link":"https:\/\/www.uartes.edu.ec\/sitio\/fr\/blog\/2024\/06\/07\/tercera-jornada-de-un-encuentro-donde-todo-fue-posible\/","title":{"rendered":"Un encuentro donde todo fue posible"},"content":{"rendered":"<p>Viernes 7 de junio. En la Sala R\u00eda de la Biblioteca de las Artes todo estuvo listo para la tercera jornada del V Encuentro de Ni\u00f1os y Ni\u00f1as en las Artes, iniciado el mi\u00e9rcoles 5. Constaron en la agenda el taller \u201c\u00a1Viva la biodiversidad!\u201d a cargo de Amazona Lilacina, la actividad guiada \u201cEstaciones de juegos did\u00e1cticos\u201d, con tretix, tangram, mosaicos y m\u00e1s, el concierto con la Banda de M\u00fasicos de la Comisi\u00f3n de Tr\u00e1nsito del Ecuador, una sesi\u00f3n de pintura en vivo con el artista Paco Pincay, la presentaci\u00f3n de \u201cEl rat\u00f3n de los cuentos\u201d y de Aspy Band, primera agrupaci\u00f3n en el mundo constituida \u00fanicamente por integrantes con diagn\u00f3stica de TEA (trastorno del espectro autista).<\/p>\n\n\n\n<p>De las actividades desarrolladas este d\u00eda, es la estudiante Romina Ram\u00edrez, de la Escuela de Literatura, quien comparte en una cr\u00f3nica lo que vivieron ella y los ni\u00f1os, ni\u00f1as y j\u00f3venes que acudieron a la Sala R\u00eda de la Biblioteca de las Artes con sus padres, familiares y\/o amigos.<\/p>\n\n\n\n<h3 class=\"wp-block-heading\">Talleres, juegos did\u00e1cticos y presentaciones<\/h3>\n\n\n\n<p>Cruc\u00e9 las puertas de la Sala R\u00eda de la Biblioteca de las Artes poco antes de las nueve de la ma\u00f1ana y el silencio en el lugar contrastaba ruidosamente con los colores tan vivos que pintaban las paredes, y los cientos de historias golpeaban las portadas de los libros en su intento de querer salir de su encierro de papel. M\u00e1s pronto que tarde, ni\u00f1os y ni\u00f1as fueron llegando al lugar del encuentro, donde docentes de Club Kids los esperaban listos con piezas de legos, figuras geom\u00e9tricas hechas de espuma y una canci\u00f3n de bienvenida. Algunos peque\u00f1os llegaban en los brazos de su padre, otros entraban de la mano de su madre, incluso un par de ellos ingresaron dando peque\u00f1os saltitos de alegr\u00eda; pero hab\u00eda algo que se repet\u00eda en cada ni\u00f1o y ni\u00f1a: su sonrisa.<\/p>\n\n\n<div class=\"wp-block-image\">\n<figure class=\"aligncenter size-large\"><img fetchpriority=\"high\" decoding=\"async\" width=\"644\" height=\"483\" src=\"https:\/\/www.uartes.edu.ec\/sitio\/wp-content\/uploads\/2024\/06\/aspy2-644x483.jpg\" alt=\"\" class=\"wp-image-55545\" srcset=\"https:\/\/www.uartes.edu.ec\/sitio\/wp-content\/uploads\/2024\/06\/aspy2-644x483.jpg 644w, https:\/\/www.uartes.edu.ec\/sitio\/wp-content\/uploads\/2024\/06\/aspy2-300x225.jpg 300w, https:\/\/www.uartes.edu.ec\/sitio\/wp-content\/uploads\/2024\/06\/aspy2-768x576.jpg 768w, https:\/\/www.uartes.edu.ec\/sitio\/wp-content\/uploads\/2024\/06\/aspy2-1536x1151.jpg 1536w, https:\/\/www.uartes.edu.ec\/sitio\/wp-content\/uploads\/2024\/06\/aspy2-16x12.jpg 16w, https:\/\/www.uartes.edu.ec\/sitio\/wp-content\/uploads\/2024\/06\/aspy2-400x300.jpg 400w, https:\/\/www.uartes.edu.ec\/sitio\/wp-content\/uploads\/2024\/06\/aspy2-600x450.jpg 600w, https:\/\/www.uartes.edu.ec\/sitio\/wp-content\/uploads\/2024\/06\/aspy2.jpg 2000w\" sizes=\"(max-width: 644px) 100vw, 644px\" \/><\/figure>\n<\/div>\n\n\n<p>Mientras ni\u00f1os y ni\u00f1as de entre 3 y 5 a\u00f1os se divert\u00edan interactuando con cuentos, cantando o atravesando una improvisada pista de obst\u00e1culos, la Sala R\u00eda poco a poco empez\u00f3 a llenarse de risas, gritos de \u201cyo quiero\u201d cuando se les ped\u00eda a los ni\u00f1os participar en alg\u00fan concurso y palabras de aliento de los padres para motivar a sus hijos e hijas.<\/p>\n\n\n\n<p>Los juegos did\u00e1cticos fueron dirigidos por Club Kids, un centro enfocado en la primera infancia, donde se realizan terapias de lenguaje, actividades que potencien el desarrollo motriz de los infantes y su participaci\u00f3n en actividades en grupo. Las docentes Ginger y Kristel, a quienes los ni\u00f1os llaman t\u00edas, confesaron su aprecio por el espacio que se les habilit\u00f3 y los materiales como t\u00edteres, rompecabezas, hojas y colores que se les facilit\u00f3 para las actividades con los infantes.<\/p>\n\n\n\n<p>\u201cAmamos lo que hacemos y tenemos vocaci\u00f3n. Nosotras queremos llegar a ellos de una forma enriquecedora y que ellos lo disfruten. Los ni\u00f1os llegan al centro siendo los m\u00e1s felices del mundo, a veces no nos quieren soltar cuando es hora de irse, porque les gusta\u201d, expresa la docente Kristel con una sonrisa de satisfacci\u00f3n al ser testigo de la felicidad de los ni\u00f1os.<\/p>\n\n\n\n<p>Pronto los estudiantes del colegio Camilo Gallegos Dom\u00ednguez se reunieron en el \u00e1gora de la Sala R\u00eda, donde la Fundaci\u00f3n Amazona Lilacina, una organizaci\u00f3n creada con el objetivo de preservar el medio ambiente, imparti\u00f3 el taller \u201c\u00a1Viva la biodiversidad!\u201d.<\/p>\n\n\n\n<p>A lo largo de la presentaci\u00f3n se defini\u00f3 el t\u00e9rmino \u201cbiodiversidad\u201d, la importancia de proteger los ecosistemas y a las diferentes especies de flora y fauna que habitan en ellos. Los estudiantes participaron en la alegre din\u00e1mica de decir su animal favorito de la regi\u00f3n Costa, contestar preguntas y, al final, todos recibieron un panfleto que mostraba la misi\u00f3n de Amazona Lilacina. Algo curioso de esta fundaci\u00f3n es que recibe su nombre de la peque\u00f1a y colorida ave amaz\u00f3nica, la cual est\u00e1 en peligro de extinci\u00f3n por la p\u00e9rdida de su h\u00e1bitat natural.<\/p>\n\n\n<div class=\"wp-block-image\">\n<figure class=\"aligncenter size-large\"><img decoding=\"async\" width=\"644\" height=\"483\" src=\"https:\/\/www.uartes.edu.ec\/sitio\/wp-content\/uploads\/2024\/06\/aspy3-644x483.jpg\" alt=\"\" class=\"wp-image-55546\" srcset=\"https:\/\/www.uartes.edu.ec\/sitio\/wp-content\/uploads\/2024\/06\/aspy3-644x483.jpg 644w, https:\/\/www.uartes.edu.ec\/sitio\/wp-content\/uploads\/2024\/06\/aspy3-300x225.jpg 300w, https:\/\/www.uartes.edu.ec\/sitio\/wp-content\/uploads\/2024\/06\/aspy3-768x576.jpg 768w, https:\/\/www.uartes.edu.ec\/sitio\/wp-content\/uploads\/2024\/06\/aspy3-1536x1151.jpg 1536w, https:\/\/www.uartes.edu.ec\/sitio\/wp-content\/uploads\/2024\/06\/aspy3-16x12.jpg 16w, https:\/\/www.uartes.edu.ec\/sitio\/wp-content\/uploads\/2024\/06\/aspy3-400x300.jpg 400w, https:\/\/www.uartes.edu.ec\/sitio\/wp-content\/uploads\/2024\/06\/aspy3-600x450.jpg 600w, https:\/\/www.uartes.edu.ec\/sitio\/wp-content\/uploads\/2024\/06\/aspy3.jpg 2000w\" sizes=\"(max-width: 644px) 100vw, 644px\" \/><\/figure>\n<\/div>\n\n\n<p>El reloj marc\u00f3 las 10:30, el tiempo se escurr\u00eda como la arena entre las manos y en ese momento la Banda de M\u00fasicos de la Comisi\u00f3n de Tr\u00e1nsito del Ecuador entraba a la Sala R\u00eda; sus integrantes, vestidos todos con camisas blancas y pantalones negros, con instrumentos bajo el brazo. A su alrededor de inmediato padres de familia, ni\u00f1os y ni\u00f1as, estudiantes y profesores se congregaron para disfrutar del espect\u00e1culo.<\/p>\n\n\n\n<p>Era hipnotizante ver c\u00f3mo lo que comenz\u00f3 siendo un concierto se convirti\u00f3 en una aut\u00e9ntica fiesta. Hab\u00eda m\u00fasica, sonido de palmas al comp\u00e1s de las canciones y aplausos que llenaban el aire al t\u00e9rmino de cada interpretaci\u00f3n; uno de los temas populares que se toc\u00f3 fue \u201cT\u00fa me dejaste caer\u201d, de Daddy Yankee. Algunos profesores y directivos de la UArtes incentivaron al p\u00fablico a bailar, muchos se levantaron de sus asientos y se abandonaron ante la armon\u00eda de trompetas, tambores, xil\u00f3fonos y dem\u00e1s. La peque\u00f1a multitud gritaba \u201cm\u00e1s\u201d conforme se acercaba el final y ped\u00edan una canci\u00f3n tras otra, pues no quer\u00edan que aquel momento terminara.<\/p>\n\n\n\n<p>Aquel evento despert\u00f3 el ni\u00f1o interior en cada uno de los participantes y espectadores, record\u00f3 al p\u00fablico que la llama de la ni\u00f1ez vive y respira en la esencia de cada ser humano y, de vez en cuando, hay que dejarla salir a jugar.<\/p>\n\n\n\n<p>A esta intervenci\u00f3n le sigui\u00f3, despu\u00e9s de la hora meridiana, el proceso creativo de un mural c\u00f3mic que prepar\u00f3 el artista e ilustrador Paco Pincay. Lo trabaj\u00f3 en vivo y seguido con atenci\u00f3n por un p\u00fablico visiblemente emocionado con cada uno de sus trazos. \u201cEl rat\u00f3n de los cuentos\u201d tuvo su aparici\u00f3n cautivando, asimismo, a la audiencia que corri\u00f3 presurosa al encuentro de Aspy Band, agrupaci\u00f3n que a su concierto titul\u00f3 \u201cTodo es posible\u201d.<\/p>\n\n\n\n<p>Texto: Romina Ram\u00edrez, estudiante de la Escuela de Literatura UArtes.<\/p>","protected":false},"excerpt":{"rendered":"<p>Viernes 7 de junio. En la Sala R\u00eda de la Biblioteca de las Artes todo estuvo listo para la tercera jornada del V Encuentro de Ni\u00f1os y Ni\u00f1as en las Artes. Constaron en la agenda el taller \u201c\u00a1Viva la biodiversidad!\u201d de Amazona Lilacina, la actividad guiada \u201cEstaciones de juegos did\u00e1cticos\u201d, el concierto con la Banda de M\u00fasicos de la Comisi\u00f3n de Tr\u00e1nsito del Ecuador, la presentaci\u00f3n de \u201cEl rat\u00f3n de los cuentos\u201d y de Aspy Band, primera en el mundo constituida por integrantes con TEA (trastorno del espectro autista).<\/p>","protected":false},"author":10,"featured_media":55544,"comment_status":"open","ping_status":"open","sticky":false,"template":"","format":"standard","meta":{"_acf_changed":false,"_uag_custom_page_level_css":"","_monsterinsights_skip_tracking":false,"_monsterinsights_sitenote_active":false,"_monsterinsights_sitenote_note":"","_monsterinsights_sitenote_category":0,"cybocfi_hide_featured_image":"","footnotes":""},"categories":[80,82,77,83],"tags":[780],"infouartes":[],"class_list":["post-55543","post","type-post","status-publish","format-standard","has-post-thumbnail","hentry","category-academico","category-artes","category-gestion","category-sedes","tag-biblioteca-de-las-artes"],"acf":[],"yoast_head":"<!-- This site is optimized with the Yoast SEO plugin v27.4 - https:\/\/yoast.com\/product\/yoast-seo-wordpress\/ -->\n<title>Universidad de las Artes - Un encuentro donde todo fue posible<\/title>\n<meta name=\"description\" content=\"Universidad de las Artes - Un encuentro donde todo fue posible\" \/>\n<meta name=\"robots\" content=\"index, follow, max-snippet:-1, max-image-preview:large, max-video-preview:-1\" \/>\n<link rel=\"canonical\" href=\"https:\/\/www.uartes.edu.ec\/sitio\/fr\/blog\/2024\/06\/07\/tercera-jornada-de-un-encuentro-donde-todo-fue-posible\/\" \/>\n<meta property=\"og:locale\" content=\"fr_FR\" \/>\n<meta property=\"og:type\" content=\"article\" \/>\n<meta property=\"og:title\" content=\"Universidad de las Artes - Un encuentro donde todo fue posible\" \/>\n<meta property=\"og:description\" content=\"Universidad de las Artes - Un encuentro donde todo fue posible\" \/>\n<meta property=\"og:url\" content=\"https:\/\/www.uartes.edu.ec\/sitio\/fr\/blog\/2024\/06\/07\/tercera-jornada-de-un-encuentro-donde-todo-fue-posible\/\" \/>\n<meta property=\"og:site_name\" content=\"Universidad de las Artes\" \/>\n<meta property=\"article:publisher\" content=\"https:\/\/www.facebook.com\/uartesec\" \/>\n<meta property=\"article:published_time\" content=\"2024-06-08T00:38:00+00:00\" \/>\n<meta property=\"article:modified_time\" content=\"2024-07-04T16:18:50+00:00\" \/>\n<meta property=\"og:image\" content=\"https:\/\/www.uartes.edu.ec\/sitio\/wp-content\/uploads\/2024\/06\/aspy1.jpg\" \/>\n\t<meta property=\"og:image:width\" content=\"2000\" \/>\n\t<meta property=\"og:image:height\" content=\"1499\" \/>\n\t<meta property=\"og:image:type\" content=\"image\/jpeg\" \/>\n<meta name=\"author\" content=\"ccortez\" \/>\n<meta name=\"twitter:card\" content=\"summary_large_image\" \/>\n<meta name=\"twitter:creator\" content=\"@uartesec\" \/>\n<meta name=\"twitter:site\" content=\"@uartesec\" \/>\n<meta name=\"twitter:label1\" content=\"\u00c9crit par\" \/>\n\t<meta name=\"twitter:data1\" content=\"ccortez\" \/>\n\t<meta name=\"twitter:label2\" content=\"Dur\u00e9e de lecture estim\u00e9e\" \/>\n\t<meta name=\"twitter:data2\" content=\"5 minutes\" \/>\n<script type=\"application\/ld+json\" class=\"yoast-schema-graph\">{\"@context\":\"https:\\\/\\\/schema.org\",\"@graph\":[{\"@type\":\"Article\",\"@id\":\"https:\\\/\\\/www.uartes.edu.ec\\\/sitio\\\/fr\\\/blog\\\/2024\\\/06\\\/07\\\/tercera-jornada-de-un-encuentro-donde-todo-fue-posible\\\/#article\",\"isPartOf\":{\"@id\":\"https:\\\/\\\/www.uartes.edu.ec\\\/sitio\\\/fr\\\/blog\\\/2024\\\/06\\\/07\\\/tercera-jornada-de-un-encuentro-donde-todo-fue-posible\\\/\"},\"author\":{\"name\":\"ccortez\",\"@id\":\"https:\\\/\\\/www.uartes.edu.ec\\\/sitio\\\/fr\\\/#\\\/schema\\\/person\\\/efa1b8275797664fd7f13a79ccc0b1f4\"},\"headline\":\"Un encuentro donde todo fue posible\",\"datePublished\":\"2024-06-08T00:38:00+00:00\",\"dateModified\":\"2024-07-04T16:18:50+00:00\",\"mainEntityOfPage\":{\"@id\":\"https:\\\/\\\/www.uartes.edu.ec\\\/sitio\\\/fr\\\/blog\\\/2024\\\/06\\\/07\\\/tercera-jornada-de-un-encuentro-donde-todo-fue-posible\\\/\"},\"wordCount\":1054,\"commentCount\":0,\"publisher\":{\"@id\":\"https:\\\/\\\/www.uartes.edu.ec\\\/sitio\\\/fr\\\/#organization\"},\"image\":{\"@id\":\"https:\\\/\\\/www.uartes.edu.ec\\\/sitio\\\/fr\\\/blog\\\/2024\\\/06\\\/07\\\/tercera-jornada-de-un-encuentro-donde-todo-fue-posible\\\/#primaryimage\"},\"thumbnailUrl\":\"https:\\\/\\\/www.uartes.edu.ec\\\/sitio\\\/wp-content\\\/uploads\\\/2024\\\/06\\\/aspy1.jpg\",\"keywords\":[\"biblioteca de las artes\"],\"articleSection\":[\"Acad\u00e9mico\",\"Artes\",\"Gesti\u00f3n\",\"Sedes\"],\"inLanguage\":\"fr-FR\",\"potentialAction\":[{\"@type\":\"CommentAction\",\"name\":\"Comment\",\"target\":[\"https:\\\/\\\/www.uartes.edu.ec\\\/sitio\\\/fr\\\/blog\\\/2024\\\/06\\\/07\\\/tercera-jornada-de-un-encuentro-donde-todo-fue-posible\\\/#respond\"]}]},{\"@type\":[\"WebPage\",\"ItemPage\"],\"@id\":\"https:\\\/\\\/www.uartes.edu.ec\\\/sitio\\\/fr\\\/blog\\\/2024\\\/06\\\/07\\\/tercera-jornada-de-un-encuentro-donde-todo-fue-posible\\\/\",\"url\":\"https:\\\/\\\/www.uartes.edu.ec\\\/sitio\\\/fr\\\/blog\\\/2024\\\/06\\\/07\\\/tercera-jornada-de-un-encuentro-donde-todo-fue-posible\\\/\",\"name\":\"Universidad de las Artes - Un encuentro donde todo fue posible\",\"isPartOf\":{\"@id\":\"https:\\\/\\\/www.uartes.edu.ec\\\/sitio\\\/fr\\\/#website\"},\"primaryImageOfPage\":{\"@id\":\"https:\\\/\\\/www.uartes.edu.ec\\\/sitio\\\/fr\\\/blog\\\/2024\\\/06\\\/07\\\/tercera-jornada-de-un-encuentro-donde-todo-fue-posible\\\/#primaryimage\"},\"image\":{\"@id\":\"https:\\\/\\\/www.uartes.edu.ec\\\/sitio\\\/fr\\\/blog\\\/2024\\\/06\\\/07\\\/tercera-jornada-de-un-encuentro-donde-todo-fue-posible\\\/#primaryimage\"},\"thumbnailUrl\":\"https:\\\/\\\/www.uartes.edu.ec\\\/sitio\\\/wp-content\\\/uploads\\\/2024\\\/06\\\/aspy1.jpg\",\"datePublished\":\"2024-06-08T00:38:00+00:00\",\"dateModified\":\"2024-07-04T16:18:50+00:00\",\"description\":\"Universidad de las Artes - Un encuentro donde todo fue posible\",\"breadcrumb\":{\"@id\":\"https:\\\/\\\/www.uartes.edu.ec\\\/sitio\\\/fr\\\/blog\\\/2024\\\/06\\\/07\\\/tercera-jornada-de-un-encuentro-donde-todo-fue-posible\\\/#breadcrumb\"},\"inLanguage\":\"fr-FR\",\"potentialAction\":[{\"@type\":\"ReadAction\",\"target\":[\"https:\\\/\\\/www.uartes.edu.ec\\\/sitio\\\/fr\\\/blog\\\/2024\\\/06\\\/07\\\/tercera-jornada-de-un-encuentro-donde-todo-fue-posible\\\/\"]}]},{\"@type\":\"ImageObject\",\"inLanguage\":\"fr-FR\",\"@id\":\"https:\\\/\\\/www.uartes.edu.ec\\\/sitio\\\/fr\\\/blog\\\/2024\\\/06\\\/07\\\/tercera-jornada-de-un-encuentro-donde-todo-fue-posible\\\/#primaryimage\",\"url\":\"https:\\\/\\\/www.uartes.edu.ec\\\/sitio\\\/wp-content\\\/uploads\\\/2024\\\/06\\\/aspy1.jpg\",\"contentUrl\":\"https:\\\/\\\/www.uartes.edu.ec\\\/sitio\\\/wp-content\\\/uploads\\\/2024\\\/06\\\/aspy1.jpg\",\"width\":2000,\"height\":1499},{\"@type\":\"BreadcrumbList\",\"@id\":\"https:\\\/\\\/www.uartes.edu.ec\\\/sitio\\\/fr\\\/blog\\\/2024\\\/06\\\/07\\\/tercera-jornada-de-un-encuentro-donde-todo-fue-posible\\\/#breadcrumb\",\"itemListElement\":[{\"@type\":\"ListItem\",\"position\":1,\"name\":\"Inicio\",\"item\":\"https:\\\/\\\/www.uartes.edu.ec\\\/sitio\\\/\"},{\"@type\":\"ListItem\",\"position\":2,\"name\":\"Un encuentro donde todo fue posible\"}]},{\"@type\":\"WebSite\",\"@id\":\"https:\\\/\\\/www.uartes.edu.ec\\\/sitio\\\/fr\\\/#website\",\"url\":\"https:\\\/\\\/www.uartes.edu.ec\\\/sitio\\\/fr\\\/\",\"name\":\"Universidad de las Artes\",\"description\":\"Sitio oficial de la Universidad Nacional de las Artes del Ecuador\",\"publisher\":{\"@id\":\"https:\\\/\\\/www.uartes.edu.ec\\\/sitio\\\/fr\\\/#organization\"},\"potentialAction\":[{\"@type\":\"SearchAction\",\"target\":{\"@type\":\"EntryPoint\",\"urlTemplate\":\"https:\\\/\\\/www.uartes.edu.ec\\\/sitio\\\/fr\\\/?s={search_term_string}\"},\"query-input\":{\"@type\":\"PropertyValueSpecification\",\"valueRequired\":true,\"valueName\":\"search_term_string\"}}],\"inLanguage\":\"fr-FR\"},{\"@type\":\"Organization\",\"@id\":\"https:\\\/\\\/www.uartes.edu.ec\\\/sitio\\\/fr\\\/#organization\",\"name\":\"Universidad de las Artes\",\"url\":\"https:\\\/\\\/www.uartes.edu.ec\\\/sitio\\\/fr\\\/\",\"logo\":{\"@type\":\"ImageObject\",\"inLanguage\":\"fr-FR\",\"@id\":\"https:\\\/\\\/www.uartes.edu.ec\\\/sitio\\\/fr\\\/#\\\/schema\\\/logo\\\/image\\\/\",\"url\":\"https:\\\/\\\/www.uartes.edu.ec\\\/sitio\\\/wp-content\\\/uploads\\\/2022\\\/07\\\/logo-ua-horizontal.png\",\"contentUrl\":\"https:\\\/\\\/www.uartes.edu.ec\\\/sitio\\\/wp-content\\\/uploads\\\/2022\\\/07\\\/logo-ua-horizontal.png\",\"width\":800,\"height\":276,\"caption\":\"Universidad de las Artes\"},\"image\":{\"@id\":\"https:\\\/\\\/www.uartes.edu.ec\\\/sitio\\\/fr\\\/#\\\/schema\\\/logo\\\/image\\\/\"},\"sameAs\":[\"https:\\\/\\\/www.facebook.com\\\/uartesec\",\"https:\\\/\\\/x.com\\\/uartesec\",\"https:\\\/\\\/www.tiktok.com\\\/@uartesec\"]},{\"@type\":\"Person\",\"@id\":\"https:\\\/\\\/www.uartes.edu.ec\\\/sitio\\\/fr\\\/#\\\/schema\\\/person\\\/efa1b8275797664fd7f13a79ccc0b1f4\",\"name\":\"ccortez\",\"image\":{\"@type\":\"ImageObject\",\"inLanguage\":\"fr-FR\",\"@id\":\"https:\\\/\\\/secure.gravatar.com\\\/avatar\\\/b2a6f664a3ae8e074346ef91775736c5ec479e637ecced6842de9dc98b5da9cd?s=96&d=mm&r=g\",\"url\":\"https:\\\/\\\/secure.gravatar.com\\\/avatar\\\/b2a6f664a3ae8e074346ef91775736c5ec479e637ecced6842de9dc98b5da9cd?s=96&d=mm&r=g\",\"contentUrl\":\"https:\\\/\\\/secure.gravatar.com\\\/avatar\\\/b2a6f664a3ae8e074346ef91775736c5ec479e637ecced6842de9dc98b5da9cd?s=96&d=mm&r=g\",\"caption\":\"ccortez\"},\"url\":\"https:\\\/\\\/www.uartes.edu.ec\\\/sitio\\\/fr\\\/blog\\\/author\\\/ccortez\\\/\"}]}<\/script>\n<!-- \/ Yoast SEO plugin. -->","yoast_head_json":{"title":"Universidad de las Artes - Un encuentro donde todo fue posible","description":"Universidad de las Artes - Un encuentro donde todo fue posible","robots":{"index":"index","follow":"follow","max-snippet":"max-snippet:-1","max-image-preview":"max-image-preview:large","max-video-preview":"max-video-preview:-1"},"canonical":"https:\/\/www.uartes.edu.ec\/sitio\/fr\/blog\/2024\/06\/07\/tercera-jornada-de-un-encuentro-donde-todo-fue-posible\/","og_locale":"fr_FR","og_type":"article","og_title":"Universidad de las Artes - Un encuentro donde todo fue posible","og_description":"Universidad de las Artes - Un encuentro donde todo fue posible","og_url":"https:\/\/www.uartes.edu.ec\/sitio\/fr\/blog\/2024\/06\/07\/tercera-jornada-de-un-encuentro-donde-todo-fue-posible\/","og_site_name":"Universidad de las Artes","article_publisher":"https:\/\/www.facebook.com\/uartesec","article_published_time":"2024-06-08T00:38:00+00:00","article_modified_time":"2024-07-04T16:18:50+00:00","og_image":[{"width":2000,"height":1499,"url":"https:\/\/www.uartes.edu.ec\/sitio\/wp-content\/uploads\/2024\/06\/aspy1.jpg","type":"image\/jpeg"}],"author":"ccortez","twitter_card":"summary_large_image","twitter_creator":"@uartesec","twitter_site":"@uartesec","twitter_misc":{"\u00c9crit par":"ccortez","Dur\u00e9e de lecture estim\u00e9e":"5 minutes"},"schema":{"@context":"https:\/\/schema.org","@graph":[{"@type":"Article","@id":"https:\/\/www.uartes.edu.ec\/sitio\/fr\/blog\/2024\/06\/07\/tercera-jornada-de-un-encuentro-donde-todo-fue-posible\/#article","isPartOf":{"@id":"https:\/\/www.uartes.edu.ec\/sitio\/fr\/blog\/2024\/06\/07\/tercera-jornada-de-un-encuentro-donde-todo-fue-posible\/"},"author":{"name":"ccortez","@id":"https:\/\/www.uartes.edu.ec\/sitio\/fr\/#\/schema\/person\/efa1b8275797664fd7f13a79ccc0b1f4"},"headline":"Un encuentro donde todo fue posible","datePublished":"2024-06-08T00:38:00+00:00","dateModified":"2024-07-04T16:18:50+00:00","mainEntityOfPage":{"@id":"https:\/\/www.uartes.edu.ec\/sitio\/fr\/blog\/2024\/06\/07\/tercera-jornada-de-un-encuentro-donde-todo-fue-posible\/"},"wordCount":1054,"commentCount":0,"publisher":{"@id":"https:\/\/www.uartes.edu.ec\/sitio\/fr\/#organization"},"image":{"@id":"https:\/\/www.uartes.edu.ec\/sitio\/fr\/blog\/2024\/06\/07\/tercera-jornada-de-un-encuentro-donde-todo-fue-posible\/#primaryimage"},"thumbnailUrl":"https:\/\/www.uartes.edu.ec\/sitio\/wp-content\/uploads\/2024\/06\/aspy1.jpg","keywords":["biblioteca de las artes"],"articleSection":["Acad\u00e9mico","Artes","Gesti\u00f3n","Sedes"],"inLanguage":"fr-FR","potentialAction":[{"@type":"CommentAction","name":"Comment","target":["https:\/\/www.uartes.edu.ec\/sitio\/fr\/blog\/2024\/06\/07\/tercera-jornada-de-un-encuentro-donde-todo-fue-posible\/#respond"]}]},{"@type":["WebPage","ItemPage"],"@id":"https:\/\/www.uartes.edu.ec\/sitio\/fr\/blog\/2024\/06\/07\/tercera-jornada-de-un-encuentro-donde-todo-fue-posible\/","url":"https:\/\/www.uartes.edu.ec\/sitio\/fr\/blog\/2024\/06\/07\/tercera-jornada-de-un-encuentro-donde-todo-fue-posible\/","name":"Universidad de las Artes - Un encuentro donde todo fue posible","isPartOf":{"@id":"https:\/\/www.uartes.edu.ec\/sitio\/fr\/#website"},"primaryImageOfPage":{"@id":"https:\/\/www.uartes.edu.ec\/sitio\/fr\/blog\/2024\/06\/07\/tercera-jornada-de-un-encuentro-donde-todo-fue-posible\/#primaryimage"},"image":{"@id":"https:\/\/www.uartes.edu.ec\/sitio\/fr\/blog\/2024\/06\/07\/tercera-jornada-de-un-encuentro-donde-todo-fue-posible\/#primaryimage"},"thumbnailUrl":"https:\/\/www.uartes.edu.ec\/sitio\/wp-content\/uploads\/2024\/06\/aspy1.jpg","datePublished":"2024-06-08T00:38:00+00:00","dateModified":"2024-07-04T16:18:50+00:00","description":"Universidad de las Artes - Un encuentro donde todo fue posible","breadcrumb":{"@id":"https:\/\/www.uartes.edu.ec\/sitio\/fr\/blog\/2024\/06\/07\/tercera-jornada-de-un-encuentro-donde-todo-fue-posible\/#breadcrumb"},"inLanguage":"fr-FR","potentialAction":[{"@type":"ReadAction","target":["https:\/\/www.uartes.edu.ec\/sitio\/fr\/blog\/2024\/06\/07\/tercera-jornada-de-un-encuentro-donde-todo-fue-posible\/"]}]},{"@type":"ImageObject","inLanguage":"fr-FR","@id":"https:\/\/www.uartes.edu.ec\/sitio\/fr\/blog\/2024\/06\/07\/tercera-jornada-de-un-encuentro-donde-todo-fue-posible\/#primaryimage","url":"https:\/\/www.uartes.edu.ec\/sitio\/wp-content\/uploads\/2024\/06\/aspy1.jpg","contentUrl":"https:\/\/www.uartes.edu.ec\/sitio\/wp-content\/uploads\/2024\/06\/aspy1.jpg","width":2000,"height":1499},{"@type":"BreadcrumbList","@id":"https:\/\/www.uartes.edu.ec\/sitio\/fr\/blog\/2024\/06\/07\/tercera-jornada-de-un-encuentro-donde-todo-fue-posible\/#breadcrumb","itemListElement":[{"@type":"ListItem","position":1,"name":"Inicio","item":"https:\/\/www.uartes.edu.ec\/sitio\/"},{"@type":"ListItem","position":2,"name":"Un encuentro donde todo fue posible"}]},{"@type":"WebSite","@id":"https:\/\/www.uartes.edu.ec\/sitio\/fr\/#website","url":"https:\/\/www.uartes.edu.ec\/sitio\/fr\/","name":"Universidad de las Artes","description":"Sitio oficial de la Universidad Nacional de las Artes del Ecuador","publisher":{"@id":"https:\/\/www.uartes.edu.ec\/sitio\/fr\/#organization"},"potentialAction":[{"@type":"SearchAction","target":{"@type":"EntryPoint","urlTemplate":"https:\/\/www.uartes.edu.ec\/sitio\/fr\/?s={search_term_string}"},"query-input":{"@type":"PropertyValueSpecification","valueRequired":true,"valueName":"search_term_string"}}],"inLanguage":"fr-FR"},{"@type":"Organization","@id":"https:\/\/www.uartes.edu.ec\/sitio\/fr\/#organization","name":"Universidad de las Artes","url":"https:\/\/www.uartes.edu.ec\/sitio\/fr\/","logo":{"@type":"ImageObject","inLanguage":"fr-FR","@id":"https:\/\/www.uartes.edu.ec\/sitio\/fr\/#\/schema\/logo\/image\/","url":"https:\/\/www.uartes.edu.ec\/sitio\/wp-content\/uploads\/2022\/07\/logo-ua-horizontal.png","contentUrl":"https:\/\/www.uartes.edu.ec\/sitio\/wp-content\/uploads\/2022\/07\/logo-ua-horizontal.png","width":800,"height":276,"caption":"Universidad de las Artes"},"image":{"@id":"https:\/\/www.uartes.edu.ec\/sitio\/fr\/#\/schema\/logo\/image\/"},"sameAs":["https:\/\/www.facebook.com\/uartesec","https:\/\/x.com\/uartesec","https:\/\/www.tiktok.com\/@uartesec"]},{"@type":"Person","@id":"https:\/\/www.uartes.edu.ec\/sitio\/fr\/#\/schema\/person\/efa1b8275797664fd7f13a79ccc0b1f4","name":"ccortez","image":{"@type":"ImageObject","inLanguage":"fr-FR","@id":"https:\/\/secure.gravatar.com\/avatar\/b2a6f664a3ae8e074346ef91775736c5ec479e637ecced6842de9dc98b5da9cd?s=96&d=mm&r=g","url":"https:\/\/secure.gravatar.com\/avatar\/b2a6f664a3ae8e074346ef91775736c5ec479e637ecced6842de9dc98b5da9cd?s=96&d=mm&r=g","contentUrl":"https:\/\/secure.gravatar.com\/avatar\/b2a6f664a3ae8e074346ef91775736c5ec479e637ecced6842de9dc98b5da9cd?s=96&d=mm&r=g","caption":"ccortez"},"url":"https:\/\/www.uartes.edu.ec\/sitio\/fr\/blog\/author\/ccortez\/"}]}},"uagb_featured_image_src":{"full":["https:\/\/www.uartes.edu.ec\/sitio\/wp-content\/uploads\/2024\/06\/aspy1.jpg",2000,1499,false],"thumbnail":["https:\/\/www.uartes.edu.ec\/sitio\/wp-content\/uploads\/2024\/06\/aspy1-150x150.jpg",150,150,true],"medium":["https:\/\/www.uartes.edu.ec\/sitio\/wp-content\/uploads\/2024\/06\/aspy1-300x225.jpg",300,225,true],"medium_large":["https:\/\/www.uartes.edu.ec\/sitio\/wp-content\/uploads\/2024\/06\/aspy1-768x576.jpg",768,576,true],"large":["https:\/\/www.uartes.edu.ec\/sitio\/wp-content\/uploads\/2024\/06\/aspy1-644x483.jpg",644,483,true],"1536x1536":["https:\/\/www.uartes.edu.ec\/sitio\/wp-content\/uploads\/2024\/06\/aspy1-1536x1151.jpg",1536,1151,true],"2048x2048":["https:\/\/www.uartes.edu.ec\/sitio\/wp-content\/uploads\/2024\/06\/aspy1.jpg",2000,1499,false],"trp-custom-language-flag":["https:\/\/www.uartes.edu.ec\/sitio\/wp-content\/uploads\/2024\/06\/aspy1-16x12.jpg",16,12,true],"htmega_size_585x295":["https:\/\/www.uartes.edu.ec\/sitio\/wp-content\/uploads\/2024\/06\/aspy1-585x295.jpg",585,295,true],"htmega_size_1170x536":["https:\/\/www.uartes.edu.ec\/sitio\/wp-content\/uploads\/2024\/06\/aspy1-1170x536.jpg",1170,536,true],"htmega_size_396x360":["https:\/\/www.uartes.edu.ec\/sitio\/wp-content\/uploads\/2024\/06\/aspy1-396x360.jpg",396,360,true],"gb-block-post-grid-landscape":["https:\/\/www.uartes.edu.ec\/sitio\/wp-content\/uploads\/2024\/06\/aspy1-600x400.jpg",600,400,true],"gb-block-post-grid-square":["https:\/\/www.uartes.edu.ec\/sitio\/wp-content\/uploads\/2024\/06\/aspy1-600x600.jpg",600,600,true],"university-hub-thumb":["https:\/\/www.uartes.edu.ec\/sitio\/wp-content\/uploads\/2024\/06\/aspy1-400x300.jpg",400,300,true]},"uagb_author_info":{"display_name":"ccortez","author_link":"https:\/\/www.uartes.edu.ec\/sitio\/fr\/blog\/author\/ccortez\/"},"uagb_comment_info":0,"uagb_excerpt":"Viernes 7 de junio. En la Sala R\u00eda de la Biblioteca de las Artes todo estuvo listo para la tercera jornada del V Encuentro de Ni\u00f1os y Ni\u00f1as en las Artes. Constaron en la agenda el taller \u201c\u00a1Viva la biodiversidad!\u201d de Amazona Lilacina, la actividad guiada \u201cEstaciones de juegos did\u00e1cticos\u201d, el concierto con la Banda\u2026","featured_image_src":"https:\/\/www.uartes.edu.ec\/sitio\/wp-content\/uploads\/2024\/06\/aspy1-600x400.jpg","featured_image_src_square":"https:\/\/www.uartes.edu.ec\/sitio\/wp-content\/uploads\/2024\/06\/aspy1-600x600.jpg","author_info":{"display_name":"ccortez","author_link":"https:\/\/www.uartes.edu.ec\/sitio\/fr\/blog\/author\/ccortez\/"},"publishpress_future_workflow_manual_trigger":{"enabledWorkflows":[]},"distributor_meta":false,"distributor_terms":false,"distributor_media":false,"distributor_original_site_name":"Universidad de las Artes","distributor_original_site_url":"https:\/\/www.uartes.edu.ec\/sitio\/fr","push-errors":false,"_links":{"self":[{"href":"https:\/\/www.uartes.edu.ec\/sitio\/fr\/wp-json\/wp\/v2\/posts\/55543","targetHints":{"allow":["GET"]}}],"collection":[{"href":"https:\/\/www.uartes.edu.ec\/sitio\/fr\/wp-json\/wp\/v2\/posts"}],"about":[{"href":"https:\/\/www.uartes.edu.ec\/sitio\/fr\/wp-json\/wp\/v2\/types\/post"}],"author":[{"embeddable":true,"href":"https:\/\/www.uartes.edu.ec\/sitio\/fr\/wp-json\/wp\/v2\/users\/10"}],"replies":[{"embeddable":true,"href":"https:\/\/www.uartes.edu.ec\/sitio\/fr\/wp-json\/wp\/v2\/comments?post=55543"}],"version-history":[{"count":11,"href":"https:\/\/www.uartes.edu.ec\/sitio\/fr\/wp-json\/wp\/v2\/posts\/55543\/revisions"}],"predecessor-version":[{"id":55561,"href":"https:\/\/www.uartes.edu.ec\/sitio\/fr\/wp-json\/wp\/v2\/posts\/55543\/revisions\/55561"}],"wp:featuredmedia":[{"embeddable":true,"href":"https:\/\/www.uartes.edu.ec\/sitio\/fr\/wp-json\/wp\/v2\/media\/55544"}],"wp:attachment":[{"href":"https:\/\/www.uartes.edu.ec\/sitio\/fr\/wp-json\/wp\/v2\/media?parent=55543"}],"wp:term":[{"taxonomy":"category","embeddable":true,"href":"https:\/\/www.uartes.edu.ec\/sitio\/fr\/wp-json\/wp\/v2\/categories?post=55543"},{"taxonomy":"post_tag","embeddable":true,"href":"https:\/\/www.uartes.edu.ec\/sitio\/fr\/wp-json\/wp\/v2\/tags?post=55543"},{"taxonomy":"infouartes","embeddable":true,"href":"https:\/\/www.uartes.edu.ec\/sitio\/fr\/wp-json\/wp\/v2\/infouartes?post=55543"}],"curies":[{"name":"wp","href":"https:\/\/api.w.org\/{rel}","templated":true}]}}